{"id":58232,"date":"2015-12-11T19:48:29","date_gmt":"2015-12-11T18:48:29","guid":{"rendered":"http:\/\/eldigitaldeasturias.com\/magazine365\/?p=58232"},"modified":"2015-12-11T19:48:29","modified_gmt":"2015-12-11T18:48:29","slug":"bruselas-saca-a-air-astana-de-su-lista-negra-e-incluye-a-iraqi-airways","status":"publish","type":"post","link":"https:\/\/eldigitaldeasturias.com\/magazine365\/bruselas-saca-a-air-astana-de-su-lista-negra-e-incluye-a-iraqi-airways\/","title":{"rendered":"Bruselas saca a Air Astana de su lista negra e incluye a Iraqi Airways"},"content":{"rendered":"<p><img fetchpriority=\"high\" decoding=\"async\" class=\"alignleft size-medium wp-image-58233\" src=\"https:\/\/eldigitaldeasturias.com\/magazine365\/wp-content\/uploads\/2015\/12\/fotonoticia_20151210193738_800-360x198.jpg\" alt=\"fotonoticia_20151210193738_800\" width=\"360\" height=\"198\" srcset=\"https:\/\/eldigitaldeasturias.com\/magazine365\/wp-content\/uploads\/2015\/12\/fotonoticia_20151210193738_800-360x198.jpg 360w, https:\/\/eldigitaldeasturias.com\/magazine365\/wp-content\/uploads\/2015\/12\/fotonoticia_20151210193738_800-650x358.jpg 650w, https:\/\/eldigitaldeasturias.com\/magazine365\/wp-content\/uploads\/2015\/12\/fotonoticia_20151210193738_800-768x422.jpg 768w, https:\/\/eldigitaldeasturias.com\/magazine365\/wp-content\/uploads\/2015\/12\/fotonoticia_20151210193738_800-150x83.jpg 150w, https:\/\/eldigitaldeasturias.com\/magazine365\/wp-content\/uploads\/2015\/12\/fotonoticia_20151210193738_800-450x248.jpg 450w, https:\/\/eldigitaldeasturias.com\/magazine365\/wp-content\/uploads\/2015\/12\/fotonoticia_20151210193738_800-696x385.jpg 696w, https:\/\/eldigitaldeasturias.com\/magazine365\/wp-content\/uploads\/2015\/12\/fotonoticia_20151210193738_800-764x420.jpg 764w, https:\/\/eldigitaldeasturias.com\/magazine365\/wp-content\/uploads\/2015\/12\/fotonoticia_20151210193738_800-655x360.jpg 655w, https:\/\/eldigitaldeasturias.com\/magazine365\/wp-content\/uploads\/2015\/12\/fotonoticia_20151210193738_800.jpg 800w\" sizes=\"(max-width: 360px) 100vw, 360px\" \/>La Comisi\u00f3n Europea ha decidido este jueves sacar a la aerol\u00ednea kazaja Air Astana de su lista negra, prohibida desde 2009, lo que le permitir\u00e1 operar de nuevo en el espacio a\u00e9reo europeo, e incluir a Iraqi Airways por considerar preocupaciones no resueltas acerca de su seguridad, seg\u00fan ha informado en un comunicado.<\/p>\n<p>La comisaria de Transporte, Violeta Bulc, ha destacado que ofrecer el m\u00e1ximo nivel de seguridad a\u00e9rea a los ciudadanos europeos es una prioridad para la Comisi\u00f3n Europea. \u00abEstoy satisfecha de haber sacado a Air Astana despu\u00e9s de seis a\u00f1os de trabajo. Para el inter\u00e9s de los ciudadanos europeos, nos hemos visto forzados sin embargo a mantener a otras aerol\u00edneas kazajas y a incluir a Iraqi Airways\u00bb, ha a\u00f1adido.<\/p>\n<p>Tras la \u00faltima actualizaci\u00f3n, la lista incluye un total de 228 compa\u00f1\u00edas a\u00e9reas de 20 pa\u00edses diferentes. Entre ellas se encuentran todas las de Afganist\u00e1n, Angola (excepto una que opera con restricciones), Ben\u00edn, Rep\u00fablica del Congo, Rep\u00fablica Democr\u00e1tica del Congo, Yibuti, Guinea Ecuatorial, Eritrea, Gab\u00f3n (excepto dos aerol\u00edneas), Indonesia (excepto cuatro aerol\u00edneas), Kazajst\u00e1n (excepto Air Astana), Kirguist\u00e1n, Liberia, Libia ,Mozambique, Nepal, Sierra Leona, Santo Tom\u00e9 y Pr\u00edncipe, Sud\u00e1n y Zambia, as\u00ed como Blue Wings de Surinam y Iraqu Airways.<\/p>\n<p>La lista tambi\u00e9n incluye a siete aerol\u00edneas que solo pueden volar a la UE con aviones determinados: Afrijet y SN2AG, de Gab\u00f3n; Air Koryo, de Corea del Norte; Air Service Comores de Comoros; Iran Air de Ir\u00e1n; TAAG Angolan Airlines de Angola y Air Madagascar de Madagascar.<\/p>\n","protected":false},"excerpt":{"rendered":"<p>La Comisi\u00f3n Europea ha decidido este jueves sacar a la aerol\u00ednea kazaja Air Astana de su lista negra, prohibida desde 2009, lo que le permitir\u00e1 operar de nuevo en el espacio a\u00e9reo europeo, e incluir a Iraqi Airways por considerar preocupaciones no resueltas acerca de su seguridad, seg\u00fan ha informado en un comunicado. La comisaria<\/p>\n","protected":false},"author":1,"featured_media":58233,"comment_status":"open","ping_status":"closed","sticky":false,"template":"","format":"standard","meta":{"footnotes":""},"categories":[224],"tags":[],"class_list":{"0":"post-58232","1":"post","2":"type-post","3":"status-publish","4":"format-standard","5":"has-post-thumbnail","7":"category-noticias-actualidad"},"aioseo_notices":[],"aioseo_head":"\n\t\t<!-- All in One SEO Pro 4.9.6.1 - aioseo.com -->\n\t<meta name=\"description\" content=\"La Comisi\u00f3n Europea ha decidido este jueves sacar a la aerol\u00ednea kazaja Air Astana de su lista negra, prohibida desde 2009, lo que le permitir\u00e1 operar de nuevo en el espacio a\u00e9reo europeo, e incluir a Iraqi Airways por considerar preocupaciones no resueltas acerca de su seguridad, seg\u00fan ha informado en un comunicado. La comisaria\" \/>\n\t<meta name=\"robots\" content=\"max-image-preview:large\" \/>\n\t<meta name=\"author\" content=\"admin\"\/>\n\t<meta name=\"google-site-verification\" content=\"UA-38556648-1\" \/>\n\t<meta name=\"keywords\" content=\"noticias y actualidad\" \/>\n\t<link rel=\"canonical\" href=\"https:\/\/eldigitaldeasturias.com\/magazine365\/bruselas-saca-a-air-astana-de-su-lista-negra-e-incluye-a-iraqi-airways\/\" \/>\n\t<meta name=\"generator\" content=\"All in One SEO Pro (AIOSEO) 4.9.6.1\" \/>\n\t\t<meta property=\"og:locale\" content=\"es_ES\" \/>\n\t\t<meta property=\"og:site_name\" content=\"El Digital de Asturias \u2013 Revista de ocio, turismo y estilo de vida\" \/>\n\t\t<meta property=\"og:type\" content=\"article\" \/>\n\t\t<meta property=\"og:title\" content=\"Bruselas saca a Air Astana de su lista negra e incluye a Iraqi Airways | El Digital de Asturias\" \/>\n\t\t<meta property=\"og:description\" content=\"La Comisi\u00f3n Europea ha decidido este jueves sacar a la aerol\u00ednea kazaja Air Astana de su lista negra, prohibida desde 2009, lo que le permitir\u00e1 operar de nuevo en el espacio a\u00e9reo europeo, e incluir a Iraqi Airways por considerar preocupaciones no resueltas acerca de su seguridad, seg\u00fan ha informado en un comunicado. La comisaria\" \/>\n\t\t<meta property=\"og:url\" content=\"https:\/\/eldigitaldeasturias.com\/magazine365\/bruselas-saca-a-air-astana-de-su-lista-negra-e-incluye-a-iraqi-airways\/\" \/>\n\t\t<meta property=\"og:image\" content=\"https:\/\/eldigitaldeasturias.com\/magazine365\/wp-content\/uploads\/2015\/12\/fotonoticia_20151210193738_800.jpg\" \/>\n\t\t<meta property=\"og:image:secure_url\" content=\"https:\/\/eldigitaldeasturias.com\/magazine365\/wp-content\/uploads\/2015\/12\/fotonoticia_20151210193738_800.jpg\" \/>\n\t\t<meta property=\"og:image:width\" content=\"800\" \/>\n\t\t<meta property=\"og:image:height\" content=\"440\" \/>\n\t\t<meta property=\"article:published_time\" content=\"2015-12-11T18:48:29+00:00\" \/>\n\t\t<meta property=\"article:modified_time\" content=\"2015-12-11T18:48:29+00:00\" \/>\n\t\t<meta name=\"twitter:card\" content=\"summary_large_image\" \/>\n\t\t<meta name=\"twitter:title\" content=\"Bruselas saca a Air Astana de su lista negra e incluye a Iraqi Airways | El Digital de Asturias\" \/>\n\t\t<meta name=\"twitter:description\" content=\"La Comisi\u00f3n Europea ha decidido este jueves sacar a la aerol\u00ednea kazaja Air Astana de su lista negra, prohibida desde 2009, lo que le permitir\u00e1 operar de nuevo en el espacio a\u00e9reo europeo, e incluir a Iraqi Airways por considerar preocupaciones no resueltas acerca de su seguridad, seg\u00fan ha informado en un comunicado. La comisaria\" \/>\n\t\t<meta name=\"twitter:image\" content=\"https:\/\/eldigitaldeasturias.com\/magazine365\/wp-content\/uploads\/2015\/12\/fotonoticia_20151210193738_800.jpg\" \/>\n\t\t<script type=\"application\/ld+json\" class=\"aioseo-schema\">\n\t\t\t{\"@context\":\"https:\\\/\\\/schema.org\",\"@graph\":[{\"@type\":\"Article\",\"@id\":\"https:\\\/\\\/eldigitaldeasturias.com\\\/magazine365\\\/bruselas-saca-a-air-astana-de-su-lista-negra-e-incluye-a-iraqi-airways\\\/#article\",\"name\":\"Bruselas saca a Air Astana de su lista negra e incluye a Iraqi Airways | El Digital de Asturias\",\"headline\":\"Bruselas saca a Air Astana de su lista negra e incluye a Iraqi Airways\",\"author\":{\"@id\":\"https:\\\/\\\/eldigitaldeasturias.com\\\/magazine365\\\/author\\\/admin\\\/#author\"},\"publisher\":{\"@id\":\"https:\\\/\\\/eldigitaldeasturias.com\\\/magazine365\\\/#organization\"},\"image\":{\"@type\":\"ImageObject\",\"url\":\"https:\\\/\\\/eldigitaldeasturias.com\\\/magazine365\\\/wp-content\\\/uploads\\\/2015\\\/12\\\/fotonoticia_20151210193738_800.jpg\",\"width\":800,\"height\":440},\"datePublished\":\"2015-12-11T19:48:29+01:00\",\"dateModified\":\"2015-12-11T19:48:29+01:00\",\"inLanguage\":\"es-ES\",\"mainEntityOfPage\":{\"@id\":\"https:\\\/\\\/eldigitaldeasturias.com\\\/magazine365\\\/bruselas-saca-a-air-astana-de-su-lista-negra-e-incluye-a-iraqi-airways\\\/#webpage\"},\"isPartOf\":{\"@id\":\"https:\\\/\\\/eldigitaldeasturias.com\\\/magazine365\\\/bruselas-saca-a-air-astana-de-su-lista-negra-e-incluye-a-iraqi-airways\\\/#webpage\"},\"articleSection\":\"Noticias y Actualidad\"},{\"@type\":\"BreadcrumbList\",\"@id\":\"https:\\\/\\\/eldigitaldeasturias.com\\\/magazine365\\\/bruselas-saca-a-air-astana-de-su-lista-negra-e-incluye-a-iraqi-airways\\\/#breadcrumblist\",\"itemListElement\":[{\"@type\":\"ListItem\",\"@id\":\"https:\\\/\\\/eldigitaldeasturias.com\\\/magazine365#listItem\",\"position\":1,\"name\":\"Home\",\"item\":\"https:\\\/\\\/eldigitaldeasturias.com\\\/magazine365\",\"nextItem\":{\"@type\":\"ListItem\",\"@id\":\"https:\\\/\\\/eldigitaldeasturias.com\\\/magazine365\\\/category\\\/noticias-actualidad\\\/#listItem\",\"name\":\"Noticias y Actualidad\"}},{\"@type\":\"ListItem\",\"@id\":\"https:\\\/\\\/eldigitaldeasturias.com\\\/magazine365\\\/category\\\/noticias-actualidad\\\/#listItem\",\"position\":2,\"name\":\"Noticias y Actualidad\",\"item\":\"https:\\\/\\\/eldigitaldeasturias.com\\\/magazine365\\\/category\\\/noticias-actualidad\\\/\",\"nextItem\":{\"@type\":\"ListItem\",\"@id\":\"https:\\\/\\\/eldigitaldeasturias.com\\\/magazine365\\\/bruselas-saca-a-air-astana-de-su-lista-negra-e-incluye-a-iraqi-airways\\\/#listItem\",\"name\":\"Bruselas saca a Air Astana de su lista negra e incluye a Iraqi Airways\"},\"previousItem\":{\"@type\":\"ListItem\",\"@id\":\"https:\\\/\\\/eldigitaldeasturias.com\\\/magazine365#listItem\",\"name\":\"Home\"}},{\"@type\":\"ListItem\",\"@id\":\"https:\\\/\\\/eldigitaldeasturias.com\\\/magazine365\\\/bruselas-saca-a-air-astana-de-su-lista-negra-e-incluye-a-iraqi-airways\\\/#listItem\",\"position\":3,\"name\":\"Bruselas saca a Air Astana de su lista negra e incluye a Iraqi Airways\",\"previousItem\":{\"@type\":\"ListItem\",\"@id\":\"https:\\\/\\\/eldigitaldeasturias.com\\\/magazine365\\\/category\\\/noticias-actualidad\\\/#listItem\",\"name\":\"Noticias y Actualidad\"}}]},{\"@type\":\"Organization\",\"@id\":\"https:\\\/\\\/eldigitaldeasturias.com\\\/magazine365\\\/#organization\",\"name\":\"El digital de Asturias\",\"description\":\"Revista de ocio, turismo y estilo de vida\",\"url\":\"https:\\\/\\\/eldigitaldeasturias.com\\\/magazine365\\\/\",\"logo\":{\"@type\":\"ImageObject\",\"url\":\"https:\\\/\\\/www.eldigitaldeasturias.com\\\/noticias\\\/wp-content\\\/uploads\\\/2020\\\/12\\\/EDA.jpg\",\"@id\":\"https:\\\/\\\/eldigitaldeasturias.com\\\/magazine365\\\/bruselas-saca-a-air-astana-de-su-lista-negra-e-incluye-a-iraqi-airways\\\/#organizationLogo\"},\"image\":{\"@id\":\"https:\\\/\\\/eldigitaldeasturias.com\\\/magazine365\\\/bruselas-saca-a-air-astana-de-su-lista-negra-e-incluye-a-iraqi-airways\\\/#organizationLogo\"}},{\"@type\":\"Person\",\"@id\":\"https:\\\/\\\/eldigitaldeasturias.com\\\/magazine365\\\/author\\\/admin\\\/#author\",\"url\":\"https:\\\/\\\/eldigitaldeasturias.com\\\/magazine365\\\/author\\\/admin\\\/\",\"name\":\"admin\",\"image\":{\"@type\":\"ImageObject\",\"@id\":\"https:\\\/\\\/eldigitaldeasturias.com\\\/magazine365\\\/bruselas-saca-a-air-astana-de-su-lista-negra-e-incluye-a-iraqi-airways\\\/#authorImage\",\"url\":\"https:\\\/\\\/eldigitaldeasturias.com\\\/magazine365\\\/wp-content\\\/litespeed\\\/avatar\\\/e571bcf59a0edd6fa6838245a470f2fe.jpg?ver=1777574230\",\"width\":96,\"height\":96,\"caption\":\"admin\"}},{\"@type\":\"WebPage\",\"@id\":\"https:\\\/\\\/eldigitaldeasturias.com\\\/magazine365\\\/bruselas-saca-a-air-astana-de-su-lista-negra-e-incluye-a-iraqi-airways\\\/#webpage\",\"url\":\"https:\\\/\\\/eldigitaldeasturias.com\\\/magazine365\\\/bruselas-saca-a-air-astana-de-su-lista-negra-e-incluye-a-iraqi-airways\\\/\",\"name\":\"Bruselas saca a Air Astana de su lista negra e incluye a Iraqi Airways | El Digital de Asturias\",\"description\":\"La Comisi\\u00f3n Europea ha decidido este jueves sacar a la aerol\\u00ednea kazaja Air Astana de su lista negra, prohibida desde 2009, lo que le permitir\\u00e1 operar de nuevo en el espacio a\\u00e9reo europeo, e incluir a Iraqi Airways por considerar preocupaciones no resueltas acerca de su seguridad, seg\\u00fan ha informado en un comunicado. La comisaria\",\"inLanguage\":\"es-ES\",\"isPartOf\":{\"@id\":\"https:\\\/\\\/eldigitaldeasturias.com\\\/magazine365\\\/#website\"},\"breadcrumb\":{\"@id\":\"https:\\\/\\\/eldigitaldeasturias.com\\\/magazine365\\\/bruselas-saca-a-air-astana-de-su-lista-negra-e-incluye-a-iraqi-airways\\\/#breadcrumblist\"},\"author\":{\"@id\":\"https:\\\/\\\/eldigitaldeasturias.com\\\/magazine365\\\/author\\\/admin\\\/#author\"},\"creator\":{\"@id\":\"https:\\\/\\\/eldigitaldeasturias.com\\\/magazine365\\\/author\\\/admin\\\/#author\"},\"image\":{\"@type\":\"ImageObject\",\"url\":\"https:\\\/\\\/eldigitaldeasturias.com\\\/magazine365\\\/wp-content\\\/uploads\\\/2015\\\/12\\\/fotonoticia_20151210193738_800.jpg\",\"@id\":\"https:\\\/\\\/eldigitaldeasturias.com\\\/magazine365\\\/bruselas-saca-a-air-astana-de-su-lista-negra-e-incluye-a-iraqi-airways\\\/#mainImage\",\"width\":800,\"height\":440},\"primaryImageOfPage\":{\"@id\":\"https:\\\/\\\/eldigitaldeasturias.com\\\/magazine365\\\/bruselas-saca-a-air-astana-de-su-lista-negra-e-incluye-a-iraqi-airways\\\/#mainImage\"},\"datePublished\":\"2015-12-11T19:48:29+01:00\",\"dateModified\":\"2015-12-11T19:48:29+01:00\"},{\"@type\":\"WebSite\",\"@id\":\"https:\\\/\\\/eldigitaldeasturias.com\\\/magazine365\\\/#website\",\"url\":\"https:\\\/\\\/eldigitaldeasturias.com\\\/magazine365\\\/\",\"name\":\"El Digital de Asturias\",\"description\":\"Revista de ocio, turismo y estilo de vida\",\"inLanguage\":\"es-ES\",\"publisher\":{\"@id\":\"https:\\\/\\\/eldigitaldeasturias.com\\\/magazine365\\\/#organization\"}}]}\n\t\t<\/script>\n\t\t<!-- All in One SEO Pro -->\r\n\t\t<title>Bruselas saca a Air Astana de su lista negra e incluye a Iraqi Airways | El Digital de Asturias<\/title>\n\n","aioseo_head_json":{"title":"Bruselas saca a Air Astana de su lista negra e incluye a Iraqi Airways | El Digital de Asturias","description":"La Comisi\u00f3n Europea ha decidido este jueves sacar a la aerol\u00ednea kazaja Air Astana de su lista negra, prohibida desde 2009, lo que le permitir\u00e1 operar de nuevo en el espacio a\u00e9reo europeo, e incluir a Iraqi Airways por considerar preocupaciones no resueltas acerca de su seguridad, seg\u00fan ha informado en un comunicado. La comisaria","canonical_url":"https:\/\/eldigitaldeasturias.com\/magazine365\/bruselas-saca-a-air-astana-de-su-lista-negra-e-incluye-a-iraqi-airways\/","robots":"max-image-preview:large","keywords":"noticias y actualidad","webmasterTools":{"google-site-verification":"UA-38556648-1","miscellaneous":""},"schema":{"@context":"https:\/\/schema.org","@graph":[{"@type":"Article","@id":"https:\/\/eldigitaldeasturias.com\/magazine365\/bruselas-saca-a-air-astana-de-su-lista-negra-e-incluye-a-iraqi-airways\/#article","name":"Bruselas saca a Air Astana de su lista negra e incluye a Iraqi Airways | El Digital de Asturias","headline":"Bruselas saca a Air Astana de su lista negra e incluye a Iraqi Airways","author":{"@id":"https:\/\/eldigitaldeasturias.com\/magazine365\/author\/admin\/#author"},"publisher":{"@id":"https:\/\/eldigitaldeasturias.com\/magazine365\/#organization"},"image":{"@type":"ImageObject","url":"https:\/\/eldigitaldeasturias.com\/magazine365\/wp-content\/uploads\/2015\/12\/fotonoticia_20151210193738_800.jpg","width":800,"height":440},"datePublished":"2015-12-11T19:48:29+01:00","dateModified":"2015-12-11T19:48:29+01:00","inLanguage":"es-ES","mainEntityOfPage":{"@id":"https:\/\/eldigitaldeasturias.com\/magazine365\/bruselas-saca-a-air-astana-de-su-lista-negra-e-incluye-a-iraqi-airways\/#webpage"},"isPartOf":{"@id":"https:\/\/eldigitaldeasturias.com\/magazine365\/bruselas-saca-a-air-astana-de-su-lista-negra-e-incluye-a-iraqi-airways\/#webpage"},"articleSection":"Noticias y Actualidad"},{"@type":"BreadcrumbList","@id":"https:\/\/eldigitaldeasturias.com\/magazine365\/bruselas-saca-a-air-astana-de-su-lista-negra-e-incluye-a-iraqi-airways\/#breadcrumblist","itemListElement":[{"@type":"ListItem","@id":"https:\/\/eldigitaldeasturias.com\/magazine365#listItem","position":1,"name":"Home","item":"https:\/\/eldigitaldeasturias.com\/magazine365","nextItem":{"@type":"ListItem","@id":"https:\/\/eldigitaldeasturias.com\/magazine365\/category\/noticias-actualidad\/#listItem","name":"Noticias y Actualidad"}},{"@type":"ListItem","@id":"https:\/\/eldigitaldeasturias.com\/magazine365\/category\/noticias-actualidad\/#listItem","position":2,"name":"Noticias y Actualidad","item":"https:\/\/eldigitaldeasturias.com\/magazine365\/category\/noticias-actualidad\/","nextItem":{"@type":"ListItem","@id":"https:\/\/eldigitaldeasturias.com\/magazine365\/bruselas-saca-a-air-astana-de-su-lista-negra-e-incluye-a-iraqi-airways\/#listItem","name":"Bruselas saca a Air Astana de su lista negra e incluye a Iraqi Airways"},"previousItem":{"@type":"ListItem","@id":"https:\/\/eldigitaldeasturias.com\/magazine365#listItem","name":"Home"}},{"@type":"ListItem","@id":"https:\/\/eldigitaldeasturias.com\/magazine365\/bruselas-saca-a-air-astana-de-su-lista-negra-e-incluye-a-iraqi-airways\/#listItem","position":3,"name":"Bruselas saca a Air Astana de su lista negra e incluye a Iraqi Airways","previousItem":{"@type":"ListItem","@id":"https:\/\/eldigitaldeasturias.com\/magazine365\/category\/noticias-actualidad\/#listItem","name":"Noticias y Actualidad"}}]},{"@type":"Organization","@id":"https:\/\/eldigitaldeasturias.com\/magazine365\/#organization","name":"El digital de Asturias","description":"Revista de ocio, turismo y estilo de vida","url":"https:\/\/eldigitaldeasturias.com\/magazine365\/","logo":{"@type":"ImageObject","url":"https:\/\/www.eldigitaldeasturias.com\/noticias\/wp-content\/uploads\/2020\/12\/EDA.jpg","@id":"https:\/\/eldigitaldeasturias.com\/magazine365\/bruselas-saca-a-air-astana-de-su-lista-negra-e-incluye-a-iraqi-airways\/#organizationLogo"},"image":{"@id":"https:\/\/eldigitaldeasturias.com\/magazine365\/bruselas-saca-a-air-astana-de-su-lista-negra-e-incluye-a-iraqi-airways\/#organizationLogo"}},{"@type":"Person","@id":"https:\/\/eldigitaldeasturias.com\/magazine365\/author\/admin\/#author","url":"https:\/\/eldigitaldeasturias.com\/magazine365\/author\/admin\/","name":"admin","image":{"@type":"ImageObject","@id":"https:\/\/eldigitaldeasturias.com\/magazine365\/bruselas-saca-a-air-astana-de-su-lista-negra-e-incluye-a-iraqi-airways\/#authorImage","url":"https:\/\/eldigitaldeasturias.com\/magazine365\/wp-content\/litespeed\/avatar\/e571bcf59a0edd6fa6838245a470f2fe.jpg?ver=1777574230","width":96,"height":96,"caption":"admin"}},{"@type":"WebPage","@id":"https:\/\/eldigitaldeasturias.com\/magazine365\/bruselas-saca-a-air-astana-de-su-lista-negra-e-incluye-a-iraqi-airways\/#webpage","url":"https:\/\/eldigitaldeasturias.com\/magazine365\/bruselas-saca-a-air-astana-de-su-lista-negra-e-incluye-a-iraqi-airways\/","name":"Bruselas saca a Air Astana de su lista negra e incluye a Iraqi Airways | El Digital de Asturias","description":"La Comisi\u00f3n Europea ha decidido este jueves sacar a la aerol\u00ednea kazaja Air Astana de su lista negra, prohibida desde 2009, lo que le permitir\u00e1 operar de nuevo en el espacio a\u00e9reo europeo, e incluir a Iraqi Airways por considerar preocupaciones no resueltas acerca de su seguridad, seg\u00fan ha informado en un comunicado. La comisaria","inLanguage":"es-ES","isPartOf":{"@id":"https:\/\/eldigitaldeasturias.com\/magazine365\/#website"},"breadcrumb":{"@id":"https:\/\/eldigitaldeasturias.com\/magazine365\/bruselas-saca-a-air-astana-de-su-lista-negra-e-incluye-a-iraqi-airways\/#breadcrumblist"},"author":{"@id":"https:\/\/eldigitaldeasturias.com\/magazine365\/author\/admin\/#author"},"creator":{"@id":"https:\/\/eldigitaldeasturias.com\/magazine365\/author\/admin\/#author"},"image":{"@type":"ImageObject","url":"https:\/\/eldigitaldeasturias.com\/magazine365\/wp-content\/uploads\/2015\/12\/fotonoticia_20151210193738_800.jpg","@id":"https:\/\/eldigitaldeasturias.com\/magazine365\/bruselas-saca-a-air-astana-de-su-lista-negra-e-incluye-a-iraqi-airways\/#mainImage","width":800,"height":440},"primaryImageOfPage":{"@id":"https:\/\/eldigitaldeasturias.com\/magazine365\/bruselas-saca-a-air-astana-de-su-lista-negra-e-incluye-a-iraqi-airways\/#mainImage"},"datePublished":"2015-12-11T19:48:29+01:00","dateModified":"2015-12-11T19:48:29+01:00"},{"@type":"WebSite","@id":"https:\/\/eldigitaldeasturias.com\/magazine365\/#website","url":"https:\/\/eldigitaldeasturias.com\/magazine365\/","name":"El Digital de Asturias","description":"Revista de ocio, turismo y estilo de vida","inLanguage":"es-ES","publisher":{"@id":"https:\/\/eldigitaldeasturias.com\/magazine365\/#organization"}}]},"og:locale":"es_ES","og:site_name":"El Digital de Asturias \u2013 Revista de ocio, turismo y estilo de vida","og:type":"article","og:title":"Bruselas saca a Air Astana de su lista negra e incluye a Iraqi Airways | El Digital de Asturias","og:description":"La Comisi\u00f3n Europea ha decidido este jueves sacar a la aerol\u00ednea kazaja Air Astana de su lista negra, prohibida desde 2009, lo que le permitir\u00e1 operar de nuevo en el espacio a\u00e9reo europeo, e incluir a Iraqi Airways por considerar preocupaciones no resueltas acerca de su seguridad, seg\u00fan ha informado en un comunicado. La comisaria","og:url":"https:\/\/eldigitaldeasturias.com\/magazine365\/bruselas-saca-a-air-astana-de-su-lista-negra-e-incluye-a-iraqi-airways\/","og:image":"https:\/\/eldigitaldeasturias.com\/magazine365\/wp-content\/uploads\/2015\/12\/fotonoticia_20151210193738_800.jpg","og:image:secure_url":"https:\/\/eldigitaldeasturias.com\/magazine365\/wp-content\/uploads\/2015\/12\/fotonoticia_20151210193738_800.jpg","og:image:width":800,"og:image:height":440,"article:published_time":"2015-12-11T18:48:29+00:00","article:modified_time":"2015-12-11T18:48:29+00:00","twitter:card":"summary_large_image","twitter:title":"Bruselas saca a Air Astana de su lista negra e incluye a Iraqi Airways | El Digital de Asturias","twitter:description":"La Comisi\u00f3n Europea ha decidido este jueves sacar a la aerol\u00ednea kazaja Air Astana de su lista negra, prohibida desde 2009, lo que le permitir\u00e1 operar de nuevo en el espacio a\u00e9reo europeo, e incluir a Iraqi Airways por considerar preocupaciones no resueltas acerca de su seguridad, seg\u00fan ha informado en un comunicado. La comisaria","twitter:image":"https:\/\/eldigitaldeasturias.com\/magazine365\/wp-content\/uploads\/2015\/12\/fotonoticia_20151210193738_800.jpg"},"aioseo_meta_data":{"post_id":"58232","title":null,"description":null,"keywords":null,"keyphrases":null,"primary_term":null,"canonical_url":null,"og_title":null,"og_description":null,"og_object_type":"default","og_image_type":"default","og_image_url":null,"og_image_width":null,"og_image_height":null,"og_image_custom_url":null,"og_image_custom_fields":null,"og_video":null,"og_custom_url":null,"og_article_section":null,"og_article_tags":null,"twitter_use_og":false,"twitter_card":"default","twitter_image_type":"default","twitter_image_url":null,"twitter_image_custom_url":null,"twitter_image_custom_fields":null,"twitter_title":null,"twitter_description":null,"schema":{"blockGraphs":[],"customGraphs":[],"default":{"data":{"Article":[],"Course":[],"Dataset":[],"FAQPage":[],"Movie":[],"Person":[],"Product":[],"ProductReview":[],"Car":[],"Recipe":[],"Service":[],"SoftwareApplication":[],"WebPage":[]},"graphName":"","isEnabled":true},"graphs":[],"defaultGraph":"","defaultPostTypeGraph":""},"schema_type":null,"schema_type_options":null,"pillar_content":false,"robots_default":true,"robots_noindex":false,"robots_noarchive":false,"robots_nosnippet":false,"robots_nofollow":false,"robots_noimageindex":false,"robots_noodp":false,"robots_notranslate":false,"robots_max_snippet":null,"robots_max_videopreview":null,"robots_max_imagepreview":"large","priority":null,"frequency":null,"location":null,"local_seo":null,"seo_analyzer_scan_date":"2025-09-25 02:36:00","breadcrumb_settings":null,"limit_modified_date":false,"open_ai":null,"ai":null,"created":"2021-03-08 22:32:34","updated":"2025-09-25 02:36:00"},"aioseo_breadcrumb":"<div class=\"aioseo-breadcrumbs\"><span class=\"aioseo-breadcrumb\">\n\t<a href=\"https:\/\/eldigitaldeasturias.com\/magazine365\" title=\"Home\">Home<\/a>\n<\/span><span class=\"aioseo-breadcrumb-separator\">\u2013<\/span><span class=\"aioseo-breadcrumb\">\n\t<a href=\"https:\/\/eldigitaldeasturias.com\/magazine365\/category\/noticias-actualidad\/\" title=\"Noticias y Actualidad\">Noticias y Actualidad<\/a>\n<\/span><span class=\"aioseo-breadcrumb-separator\">\u2013<\/span><span class=\"aioseo-breadcrumb\">\n\t<a href=\"https:\/\/eldigitaldeasturias.com\/magazine365\/bruselas-saca-a-air-astana-de-su-lista-negra-e-incluye-a-iraqi-airways\/\" title=\"Bruselas saca a Air Astana de su lista negra e incluye a Iraqi Airways\">Bruselas saca a Air Astana de su lista negra e incluye a Iraqi Airways<\/a>\n<\/span><\/div>","aioseo_breadcrumb_json":[{"label":"Home","link":"https:\/\/eldigitaldeasturias.com\/magazine365"},{"label":"Noticias y Actualidad","link":"https:\/\/eldigitaldeasturias.com\/magazine365\/category\/noticias-actualidad\/"},{"label":"Bruselas saca a Air Astana de su lista negra e incluye a Iraqi Airways","link":"https:\/\/eldigitaldeasturias.com\/magazine365\/bruselas-saca-a-air-astana-de-su-lista-negra-e-incluye-a-iraqi-airways\/"}],"_links":{"self":[{"href":"https:\/\/eldigitaldeasturias.com\/magazine365\/wp-json\/wp\/v2\/posts\/58232","targetHints":{"allow":["GET"]}}],"collection":[{"href":"https:\/\/eldigitaldeasturias.com\/magazine365\/wp-json\/wp\/v2\/posts"}],"about":[{"href":"https:\/\/eldigitaldeasturias.com\/magazine365\/wp-json\/wp\/v2\/types\/post"}],"author":[{"embeddable":true,"href":"https:\/\/eldigitaldeasturias.com\/magazine365\/wp-json\/wp\/v2\/users\/1"}],"replies":[{"embeddable":true,"href":"https:\/\/eldigitaldeasturias.com\/magazine365\/wp-json\/wp\/v2\/comments?post=58232"}],"version-history":[{"count":0,"href":"https:\/\/eldigitaldeasturias.com\/magazine365\/wp-json\/wp\/v2\/posts\/58232\/revisions"}],"wp:featuredmedia":[{"embeddable":true,"href":"https:\/\/eldigitaldeasturias.com\/magazine365\/wp-json\/wp\/v2\/media\/58233"}],"wp:attachment":[{"href":"https:\/\/eldigitaldeasturias.com\/magazine365\/wp-json\/wp\/v2\/media?parent=58232"}],"wp:term":[{"taxonomy":"category","embeddable":true,"href":"https:\/\/eldigitaldeasturias.com\/magazine365\/wp-json\/wp\/v2\/categories?post=58232"},{"taxonomy":"post_tag","embeddable":true,"href":"https:\/\/eldigitaldeasturias.com\/magazine365\/wp-json\/wp\/v2\/tags?post=58232"}],"curies":[{"name":"wp","href":"https:\/\/api.w.org\/{rel}","templated":true}]}}