{"id":58220,"date":"2015-12-11T19:43:41","date_gmt":"2015-12-11T18:43:41","guid":{"rendered":"http:\/\/eldigitaldeasturias.com\/magazine365\/?p=58220"},"modified":"2015-12-11T19:43:41","modified_gmt":"2015-12-11T18:43:41","slug":"la-comunidad-valenciana-dice-que-en-fitur-los-unicos-grandes-eventos-de-la-comunidad-seran-nuestras-fiestas","status":"publish","type":"post","link":"https:\/\/eldigitaldeasturias.com\/magazine365\/la-comunidad-valenciana-dice-que-en-fitur-los-unicos-grandes-eventos-de-la-comunidad-seran-nuestras-fiestas\/","title":{"rendered":"La Comunidad Valenciana dice que en Fitur los \u00ab\u00fanicos grandes eventos\u00bb de la Comunidad \u00abser\u00e1n nuestras fiestas\u00bb"},"content":{"rendered":"<p><img fetchpriority=\"high\" decoding=\"async\" class=\"alignleft size-medium wp-image-58221\" src=\"https:\/\/eldigitaldeasturias.com\/magazine365\/wp-content\/uploads\/2015\/12\/fotonoticia_20151210190007_800-360x237.jpg\" alt=\"fotonoticia_20151210190007_800\" width=\"360\" height=\"237\" srcset=\"https:\/\/eldigitaldeasturias.com\/magazine365\/wp-content\/uploads\/2015\/12\/fotonoticia_20151210190007_800-360x237.jpg 360w, https:\/\/eldigitaldeasturias.com\/magazine365\/wp-content\/uploads\/2015\/12\/fotonoticia_20151210190007_800-650x427.jpg 650w, https:\/\/eldigitaldeasturias.com\/magazine365\/wp-content\/uploads\/2015\/12\/fotonoticia_20151210190007_800-768x505.jpg 768w, https:\/\/eldigitaldeasturias.com\/magazine365\/wp-content\/uploads\/2015\/12\/fotonoticia_20151210190007_800-150x99.jpg 150w, https:\/\/eldigitaldeasturias.com\/magazine365\/wp-content\/uploads\/2015\/12\/fotonoticia_20151210190007_800-450x296.jpg 450w, https:\/\/eldigitaldeasturias.com\/magazine365\/wp-content\/uploads\/2015\/12\/fotonoticia_20151210190007_800-696x458.jpg 696w, https:\/\/eldigitaldeasturias.com\/magazine365\/wp-content\/uploads\/2015\/12\/fotonoticia_20151210190007_800-741x486.jpg 741w, https:\/\/eldigitaldeasturias.com\/magazine365\/wp-content\/uploads\/2015\/12\/fotonoticia_20151210190007_800-639x420.jpg 639w, https:\/\/eldigitaldeasturias.com\/magazine365\/wp-content\/uploads\/2015\/12\/fotonoticia_20151210190007_800-84x55.jpg 84w, https:\/\/eldigitaldeasturias.com\/magazine365\/wp-content\/uploads\/2015\/12\/fotonoticia_20151210190007_800.jpg 800w\" sizes=\"(max-width: 360px) 100vw, 360px\" \/>El secretario auton\u00f3mico de Turisme, Francesc Colomer, ha destacado que en la pr\u00f3xima edici\u00f3n de la Feria Internacional del Turismo de Madrid, Fitur 2016, \u00abnuestros \u00fanicos grandes eventos ser\u00e1n nuestras fiestas\u00bb. As\u00ed, ha apuntado que el objetivo de la Agencia Valenciana del Turisme ser\u00e1 recuperar y dar protagonismo a las fiestas y tradiciones de las tres provincias, as\u00ed como destacar su variedad y atractivo para los turistas y su capacidad de generar visitas durante todo el a\u00f1o, seg\u00fan ha informado la Generalitat en un comunicado.<\/p>\n<p>Para Colomer \u00ablas fiestas mezclan tradici\u00f3n, m\u00fasica, gastronom\u00eda y gran parte de todo aquello que nos caracteriza como valencianos, son nuestra esencia m\u00e1s mediterr\u00e1nea\u00bb, ha destacado. Se trata de tradiciones cargadas de arte, de convivencia, de creatividad, de m\u00fasica, de talento, que \u00abdeben transformase en nuestra oferta tur\u00edstica m\u00e1s diferenciada, m\u00e1s genuina y mas honesta\u00bb, ha a\u00f1adido.<\/p>\n<p>En esta l\u00ednea, ha explicado que \u00abdentro de la nueva concepci\u00f3n de Fitur y de la imagen de la Comunidad Valenciana, vamos a apostar por las fiestas y tradiciones como grandes eventos\u00bb. En este sentido, ha avanzado que las fiestas tendr\u00e1n presencia y visibilidad gr\u00e1fica en el stand de la Comunidad Valenciana en Fitur 2016, con especial incidencia en su vinculaci\u00f3n con la gastronom\u00eda.<\/p>\n<p>Muchos son los subsectores que se ven directamente beneficiados de las celebraciones y las fiestas, pero especialmente la gastronom\u00eda, seg\u00fan el comunicado. \u00abNo existe en la Comunidad ninguna fiesta que no est\u00e9 vinculada a una receta, un plato o una tradici\u00f3n gastron\u00f3mica\u00bb, ha afirmado Colomer.<\/p>\n<p>En este sentido, el Secretario Auton\u00f3mico ha informado que en el stand de esta edici\u00f3n habr\u00e1 un apartado especial dedicado a la Gastronom\u00eda vinculada a la Fiesta, en el que se ofrecer\u00e1 una exposici\u00f3n de productos y degustaciones a disposici\u00f3n del visitante, que ofrecer\u00e1 la Red de CdT de la Comunidad.<\/p>\n<p>Adem\u00e1s, seg\u00fan ha se\u00f1alado, se est\u00e1 estudiando la idea de crear productos en torno a las fiestas, es decir, paquetizar ofertas que las incluyan como reclamo, una idea que se llevar\u00e1 a la zona de trabajo de Fitur.<\/p>\n<p>Asimismo, la Ag\u00e8ncia Valenciana del Turisme har\u00e1 especial hincapi\u00e9 este Fitur por trasladar la riqueza de las fiestas y tradiciones valencianas a trav\u00e9s de la seda de los trajes de Falleras, Belleas y Magdaleneras. De este modo, habr\u00e1 presentaciones ante los medios de las Hogueras de San Juan y otras fiestas de inter\u00e9s tur\u00edstico, as\u00ed como de las reconocidas como Patrimonio Inmaterial de la Humanidad por UNESCO, celebradas en la Comunidad.<\/p>\n<p>LOS GRANDES EVENTOS \u00abARRUINARON\u00bb LA REPUTACI\u00d3N<\/p>\n<p>Por otro lado, Colomer ha se\u00f1alado que \u00abdurante a\u00f1os se han invertido demasiados recursos econ\u00f3micos buscando y potenciando los grandes eventos llegados de fuera que nos situaran en el centro de un modelo tur\u00edstico que no nos corresponde\u00bb, cuando la Comunidad Valenciana cuenta con un sinf\u00edn de fiestas singulares, propias y caracter\u00edsticas que definen a la perfecci\u00f3n \u00abnuestra esencia m\u00e1s mediterr\u00e1nea\u00bb, ha destacado.<\/p>\n<p>Para el responsable de la pol\u00edtica tur\u00edstica de la Generalitat \u00aben un pasado nos extraviamos buscando determinadas operaciones que terminaron arruinando la imagen y reputaci\u00f3n de nuestro territorio\u00bb. Por ello, ha insistido en que \u00abdebemos reinventar, rebuscar y reencontrar la esencia propia de lo que somos, la verdadera esencia del Mediterr\u00e1neo\u00bb.<\/p>\n","protected":false},"excerpt":{"rendered":"<p>El secretario auton\u00f3mico de Turisme, Francesc Colomer, ha destacado que en la pr\u00f3xima edici\u00f3n de la Feria Internacional del Turismo de Madrid, Fitur 2016, \u00abnuestros \u00fanicos grandes eventos ser\u00e1n nuestras fiestas\u00bb. As\u00ed, ha apuntado que el objetivo de la Agencia Valenciana del Turisme ser\u00e1 recuperar y dar protagonismo a las fiestas y tradiciones de las<\/p>\n","protected":false},"author":1,"featured_media":58221,"comment_status":"open","ping_status":"closed","sticky":false,"template":"","format":"standard","meta":{"footnotes":""},"categories":[224],"tags":[],"class_list":{"0":"post-58220","1":"post","2":"type-post","3":"status-publish","4":"format-standard","5":"has-post-thumbnail","7":"category-noticias-actualidad"},"aioseo_notices":[],"aioseo_head":"\n\t\t<!-- All in One SEO Pro 4.9.6.1 - aioseo.com -->\n\t<meta name=\"description\" content=\"El secretario auton\u00f3mico de Turisme, Francesc Colomer, ha destacado que en la pr\u00f3xima edici\u00f3n de la Feria Internacional del Turismo de Madrid, Fitur 2016, &quot;nuestros \u00fanicos grandes eventos ser\u00e1n nuestras fiestas&quot;. As\u00ed, ha apuntado que el objetivo de la Agencia Valenciana del Turisme ser\u00e1 recuperar y dar protagonismo a las fiestas y tradiciones de las\" \/>\n\t<meta name=\"robots\" content=\"max-image-preview:large\" \/>\n\t<meta name=\"author\" content=\"admin\"\/>\n\t<meta name=\"google-site-verification\" content=\"UA-38556648-1\" \/>\n\t<meta name=\"keywords\" content=\"noticias y actualidad\" \/>\n\t<link rel=\"canonical\" href=\"https:\/\/eldigitaldeasturias.com\/magazine365\/la-comunidad-valenciana-dice-que-en-fitur-los-unicos-grandes-eventos-de-la-comunidad-seran-nuestras-fiestas\/\" \/>\n\t<meta name=\"generator\" content=\"All in One SEO Pro (AIOSEO) 4.9.6.1\" \/>\n\t\t<meta property=\"og:locale\" content=\"es_ES\" \/>\n\t\t<meta property=\"og:site_name\" content=\"El Digital de Asturias \u2013 Revista de ocio, turismo y estilo de vida\" \/>\n\t\t<meta property=\"og:type\" content=\"article\" \/>\n\t\t<meta property=\"og:title\" content=\"La Comunidad Valenciana dice que en Fitur los \u00ab\u00fanicos grandes eventos\u00bb de la Comunidad \u00abser\u00e1n nuestras fiestas\u00bb | El Digital de Asturias\" \/>\n\t\t<meta property=\"og:description\" content=\"El secretario auton\u00f3mico de Turisme, Francesc Colomer, ha destacado que en la pr\u00f3xima edici\u00f3n de la Feria Internacional del Turismo de Madrid, Fitur 2016, &quot;nuestros \u00fanicos grandes eventos ser\u00e1n nuestras fiestas&quot;. As\u00ed, ha apuntado que el objetivo de la Agencia Valenciana del Turisme ser\u00e1 recuperar y dar protagonismo a las fiestas y tradiciones de las\" \/>\n\t\t<meta property=\"og:url\" content=\"https:\/\/eldigitaldeasturias.com\/magazine365\/la-comunidad-valenciana-dice-que-en-fitur-los-unicos-grandes-eventos-de-la-comunidad-seran-nuestras-fiestas\/\" \/>\n\t\t<meta property=\"og:image\" content=\"https:\/\/eldigitaldeasturias.com\/magazine365\/wp-content\/uploads\/2015\/12\/fotonoticia_20151210190007_800.jpg\" \/>\n\t\t<meta property=\"og:image:secure_url\" content=\"https:\/\/eldigitaldeasturias.com\/magazine365\/wp-content\/uploads\/2015\/12\/fotonoticia_20151210190007_800.jpg\" \/>\n\t\t<meta property=\"og:image:width\" content=\"800\" \/>\n\t\t<meta property=\"og:image:height\" content=\"526\" \/>\n\t\t<meta property=\"article:published_time\" content=\"2015-12-11T18:43:41+00:00\" \/>\n\t\t<meta property=\"article:modified_time\" content=\"2015-12-11T18:43:41+00:00\" \/>\n\t\t<meta name=\"twitter:card\" content=\"summary_large_image\" \/>\n\t\t<meta name=\"twitter:title\" content=\"La Comunidad Valenciana dice que en Fitur los \u00ab\u00fanicos grandes eventos\u00bb de la Comunidad \u00abser\u00e1n nuestras fiestas\u00bb | El Digital de Asturias\" \/>\n\t\t<meta name=\"twitter:description\" content=\"El secretario auton\u00f3mico de Turisme, Francesc Colomer, ha destacado que en la pr\u00f3xima edici\u00f3n de la Feria Internacional del Turismo de Madrid, Fitur 2016, &quot;nuestros \u00fanicos grandes eventos ser\u00e1n nuestras fiestas&quot;. As\u00ed, ha apuntado que el objetivo de la Agencia Valenciana del Turisme ser\u00e1 recuperar y dar protagonismo a las fiestas y tradiciones de las\" \/>\n\t\t<meta name=\"twitter:image\" content=\"https:\/\/eldigitaldeasturias.com\/magazine365\/wp-content\/uploads\/2015\/12\/fotonoticia_20151210190007_800.jpg\" \/>\n\t\t<script type=\"application\/ld+json\" class=\"aioseo-schema\">\n\t\t\t{\"@context\":\"https:\\\/\\\/schema.org\",\"@graph\":[{\"@type\":\"Article\",\"@id\":\"https:\\\/\\\/eldigitaldeasturias.com\\\/magazine365\\\/la-comunidad-valenciana-dice-que-en-fitur-los-unicos-grandes-eventos-de-la-comunidad-seran-nuestras-fiestas\\\/#article\",\"name\":\"La Comunidad Valenciana dice que en Fitur los \\u00ab\\u00fanicos grandes eventos\\u00bb de la Comunidad \\u00abser\\u00e1n nuestras fiestas\\u00bb | El Digital de Asturias\",\"headline\":\"La Comunidad Valenciana dice que en Fitur los \\u00ab\\u00fanicos grandes eventos\\u00bb de la Comunidad \\u00abser\\u00e1n nuestras fiestas\\u00bb\",\"author\":{\"@id\":\"https:\\\/\\\/eldigitaldeasturias.com\\\/magazine365\\\/author\\\/admin\\\/#author\"},\"publisher\":{\"@id\":\"https:\\\/\\\/eldigitaldeasturias.com\\\/magazine365\\\/#organization\"},\"image\":{\"@type\":\"ImageObject\",\"url\":\"https:\\\/\\\/eldigitaldeasturias.com\\\/magazine365\\\/wp-content\\\/uploads\\\/2015\\\/12\\\/fotonoticia_20151210190007_800.jpg\",\"width\":800,\"height\":526},\"datePublished\":\"2015-12-11T19:43:41+01:00\",\"dateModified\":\"2015-12-11T19:43:41+01:00\",\"inLanguage\":\"es-ES\",\"mainEntityOfPage\":{\"@id\":\"https:\\\/\\\/eldigitaldeasturias.com\\\/magazine365\\\/la-comunidad-valenciana-dice-que-en-fitur-los-unicos-grandes-eventos-de-la-comunidad-seran-nuestras-fiestas\\\/#webpage\"},\"isPartOf\":{\"@id\":\"https:\\\/\\\/eldigitaldeasturias.com\\\/magazine365\\\/la-comunidad-valenciana-dice-que-en-fitur-los-unicos-grandes-eventos-de-la-comunidad-seran-nuestras-fiestas\\\/#webpage\"},\"articleSection\":\"Noticias y Actualidad\"},{\"@type\":\"BreadcrumbList\",\"@id\":\"https:\\\/\\\/eldigitaldeasturias.com\\\/magazine365\\\/la-comunidad-valenciana-dice-que-en-fitur-los-unicos-grandes-eventos-de-la-comunidad-seran-nuestras-fiestas\\\/#breadcrumblist\",\"itemListElement\":[{\"@type\":\"ListItem\",\"@id\":\"https:\\\/\\\/eldigitaldeasturias.com\\\/magazine365#listItem\",\"position\":1,\"name\":\"Home\",\"item\":\"https:\\\/\\\/eldigitaldeasturias.com\\\/magazine365\",\"nextItem\":{\"@type\":\"ListItem\",\"@id\":\"https:\\\/\\\/eldigitaldeasturias.com\\\/magazine365\\\/category\\\/noticias-actualidad\\\/#listItem\",\"name\":\"Noticias y Actualidad\"}},{\"@type\":\"ListItem\",\"@id\":\"https:\\\/\\\/eldigitaldeasturias.com\\\/magazine365\\\/category\\\/noticias-actualidad\\\/#listItem\",\"position\":2,\"name\":\"Noticias y Actualidad\",\"item\":\"https:\\\/\\\/eldigitaldeasturias.com\\\/magazine365\\\/category\\\/noticias-actualidad\\\/\",\"nextItem\":{\"@type\":\"ListItem\",\"@id\":\"https:\\\/\\\/eldigitaldeasturias.com\\\/magazine365\\\/la-comunidad-valenciana-dice-que-en-fitur-los-unicos-grandes-eventos-de-la-comunidad-seran-nuestras-fiestas\\\/#listItem\",\"name\":\"La Comunidad Valenciana dice que en Fitur los \\u00ab\\u00fanicos grandes eventos\\u00bb de la Comunidad \\u00abser\\u00e1n nuestras fiestas\\u00bb\"},\"previousItem\":{\"@type\":\"ListItem\",\"@id\":\"https:\\\/\\\/eldigitaldeasturias.com\\\/magazine365#listItem\",\"name\":\"Home\"}},{\"@type\":\"ListItem\",\"@id\":\"https:\\\/\\\/eldigitaldeasturias.com\\\/magazine365\\\/la-comunidad-valenciana-dice-que-en-fitur-los-unicos-grandes-eventos-de-la-comunidad-seran-nuestras-fiestas\\\/#listItem\",\"position\":3,\"name\":\"La Comunidad Valenciana dice que en Fitur los \\u00ab\\u00fanicos grandes eventos\\u00bb de la Comunidad \\u00abser\\u00e1n nuestras fiestas\\u00bb\",\"previousItem\":{\"@type\":\"ListItem\",\"@id\":\"https:\\\/\\\/eldigitaldeasturias.com\\\/magazine365\\\/category\\\/noticias-actualidad\\\/#listItem\",\"name\":\"Noticias y Actualidad\"}}]},{\"@type\":\"Organization\",\"@id\":\"https:\\\/\\\/eldigitaldeasturias.com\\\/magazine365\\\/#organization\",\"name\":\"El digital de Asturias\",\"description\":\"Revista de ocio, turismo y estilo de vida\",\"url\":\"https:\\\/\\\/eldigitaldeasturias.com\\\/magazine365\\\/\",\"logo\":{\"@type\":\"ImageObject\",\"url\":\"https:\\\/\\\/www.eldigitaldeasturias.com\\\/noticias\\\/wp-content\\\/uploads\\\/2020\\\/12\\\/EDA.jpg\",\"@id\":\"https:\\\/\\\/eldigitaldeasturias.com\\\/magazine365\\\/la-comunidad-valenciana-dice-que-en-fitur-los-unicos-grandes-eventos-de-la-comunidad-seran-nuestras-fiestas\\\/#organizationLogo\"},\"image\":{\"@id\":\"https:\\\/\\\/eldigitaldeasturias.com\\\/magazine365\\\/la-comunidad-valenciana-dice-que-en-fitur-los-unicos-grandes-eventos-de-la-comunidad-seran-nuestras-fiestas\\\/#organizationLogo\"}},{\"@type\":\"Person\",\"@id\":\"https:\\\/\\\/eldigitaldeasturias.com\\\/magazine365\\\/author\\\/admin\\\/#author\",\"url\":\"https:\\\/\\\/eldigitaldeasturias.com\\\/magazine365\\\/author\\\/admin\\\/\",\"name\":\"admin\",\"image\":{\"@type\":\"ImageObject\",\"@id\":\"https:\\\/\\\/eldigitaldeasturias.com\\\/magazine365\\\/la-comunidad-valenciana-dice-que-en-fitur-los-unicos-grandes-eventos-de-la-comunidad-seran-nuestras-fiestas\\\/#authorImage\",\"url\":\"https:\\\/\\\/eldigitaldeasturias.com\\\/magazine365\\\/wp-content\\\/litespeed\\\/avatar\\\/e571bcf59a0edd6fa6838245a470f2fe.jpg?ver=1777574230\",\"width\":96,\"height\":96,\"caption\":\"admin\"}},{\"@type\":\"WebPage\",\"@id\":\"https:\\\/\\\/eldigitaldeasturias.com\\\/magazine365\\\/la-comunidad-valenciana-dice-que-en-fitur-los-unicos-grandes-eventos-de-la-comunidad-seran-nuestras-fiestas\\\/#webpage\",\"url\":\"https:\\\/\\\/eldigitaldeasturias.com\\\/magazine365\\\/la-comunidad-valenciana-dice-que-en-fitur-los-unicos-grandes-eventos-de-la-comunidad-seran-nuestras-fiestas\\\/\",\"name\":\"La Comunidad Valenciana dice que en Fitur los \\u00ab\\u00fanicos grandes eventos\\u00bb de la Comunidad \\u00abser\\u00e1n nuestras fiestas\\u00bb | El Digital de Asturias\",\"description\":\"El secretario auton\\u00f3mico de Turisme, Francesc Colomer, ha destacado que en la pr\\u00f3xima edici\\u00f3n de la Feria Internacional del Turismo de Madrid, Fitur 2016, \\\"nuestros \\u00fanicos grandes eventos ser\\u00e1n nuestras fiestas\\\". As\\u00ed, ha apuntado que el objetivo de la Agencia Valenciana del Turisme ser\\u00e1 recuperar y dar protagonismo a las fiestas y tradiciones de las\",\"inLanguage\":\"es-ES\",\"isPartOf\":{\"@id\":\"https:\\\/\\\/eldigitaldeasturias.com\\\/magazine365\\\/#website\"},\"breadcrumb\":{\"@id\":\"https:\\\/\\\/eldigitaldeasturias.com\\\/magazine365\\\/la-comunidad-valenciana-dice-que-en-fitur-los-unicos-grandes-eventos-de-la-comunidad-seran-nuestras-fiestas\\\/#breadcrumblist\"},\"author\":{\"@id\":\"https:\\\/\\\/eldigitaldeasturias.com\\\/magazine365\\\/author\\\/admin\\\/#author\"},\"creator\":{\"@id\":\"https:\\\/\\\/eldigitaldeasturias.com\\\/magazine365\\\/author\\\/admin\\\/#author\"},\"image\":{\"@type\":\"ImageObject\",\"url\":\"https:\\\/\\\/eldigitaldeasturias.com\\\/magazine365\\\/wp-content\\\/uploads\\\/2015\\\/12\\\/fotonoticia_20151210190007_800.jpg\",\"@id\":\"https:\\\/\\\/eldigitaldeasturias.com\\\/magazine365\\\/la-comunidad-valenciana-dice-que-en-fitur-los-unicos-grandes-eventos-de-la-comunidad-seran-nuestras-fiestas\\\/#mainImage\",\"width\":800,\"height\":526},\"primaryImageOfPage\":{\"@id\":\"https:\\\/\\\/eldigitaldeasturias.com\\\/magazine365\\\/la-comunidad-valenciana-dice-que-en-fitur-los-unicos-grandes-eventos-de-la-comunidad-seran-nuestras-fiestas\\\/#mainImage\"},\"datePublished\":\"2015-12-11T19:43:41+01:00\",\"dateModified\":\"2015-12-11T19:43:41+01:00\"},{\"@type\":\"WebSite\",\"@id\":\"https:\\\/\\\/eldigitaldeasturias.com\\\/magazine365\\\/#website\",\"url\":\"https:\\\/\\\/eldigitaldeasturias.com\\\/magazine365\\\/\",\"name\":\"El Digital de Asturias\",\"description\":\"Revista de ocio, turismo y estilo de vida\",\"inLanguage\":\"es-ES\",\"publisher\":{\"@id\":\"https:\\\/\\\/eldigitaldeasturias.com\\\/magazine365\\\/#organization\"}}]}\n\t\t<\/script>\n\t\t<!-- All in One SEO Pro -->\r\n\t\t<title>La Comunidad Valenciana dice que en Fitur los \u00ab\u00fanicos grandes eventos\u00bb de la Comunidad \u00abser\u00e1n nuestras fiestas\u00bb | El Digital de Asturias<\/title>\n\n","aioseo_head_json":{"title":"La Comunidad Valenciana dice que en Fitur los \u00ab\u00fanicos grandes eventos\u00bb de la Comunidad \u00abser\u00e1n nuestras fiestas\u00bb | El Digital de Asturias","description":"El secretario auton\u00f3mico de Turisme, Francesc Colomer, ha destacado que en la pr\u00f3xima edici\u00f3n de la Feria Internacional del Turismo de Madrid, Fitur 2016, \"nuestros \u00fanicos grandes eventos ser\u00e1n nuestras fiestas\". As\u00ed, ha apuntado que el objetivo de la Agencia Valenciana del Turisme ser\u00e1 recuperar y dar protagonismo a las fiestas y tradiciones de las","canonical_url":"https:\/\/eldigitaldeasturias.com\/magazine365\/la-comunidad-valenciana-dice-que-en-fitur-los-unicos-grandes-eventos-de-la-comunidad-seran-nuestras-fiestas\/","robots":"max-image-preview:large","keywords":"noticias y actualidad","webmasterTools":{"google-site-verification":"UA-38556648-1","miscellaneous":""},"schema":{"@context":"https:\/\/schema.org","@graph":[{"@type":"Article","@id":"https:\/\/eldigitaldeasturias.com\/magazine365\/la-comunidad-valenciana-dice-que-en-fitur-los-unicos-grandes-eventos-de-la-comunidad-seran-nuestras-fiestas\/#article","name":"La Comunidad Valenciana dice que en Fitur los \u00ab\u00fanicos grandes eventos\u00bb de la Comunidad \u00abser\u00e1n nuestras fiestas\u00bb | El Digital de Asturias","headline":"La Comunidad Valenciana dice que en Fitur los \u00ab\u00fanicos grandes eventos\u00bb de la Comunidad \u00abser\u00e1n nuestras fiestas\u00bb","author":{"@id":"https:\/\/eldigitaldeasturias.com\/magazine365\/author\/admin\/#author"},"publisher":{"@id":"https:\/\/eldigitaldeasturias.com\/magazine365\/#organization"},"image":{"@type":"ImageObject","url":"https:\/\/eldigitaldeasturias.com\/magazine365\/wp-content\/uploads\/2015\/12\/fotonoticia_20151210190007_800.jpg","width":800,"height":526},"datePublished":"2015-12-11T19:43:41+01:00","dateModified":"2015-12-11T19:43:41+01:00","inLanguage":"es-ES","mainEntityOfPage":{"@id":"https:\/\/eldigitaldeasturias.com\/magazine365\/la-comunidad-valenciana-dice-que-en-fitur-los-unicos-grandes-eventos-de-la-comunidad-seran-nuestras-fiestas\/#webpage"},"isPartOf":{"@id":"https:\/\/eldigitaldeasturias.com\/magazine365\/la-comunidad-valenciana-dice-que-en-fitur-los-unicos-grandes-eventos-de-la-comunidad-seran-nuestras-fiestas\/#webpage"},"articleSection":"Noticias y Actualidad"},{"@type":"BreadcrumbList","@id":"https:\/\/eldigitaldeasturias.com\/magazine365\/la-comunidad-valenciana-dice-que-en-fitur-los-unicos-grandes-eventos-de-la-comunidad-seran-nuestras-fiestas\/#breadcrumblist","itemListElement":[{"@type":"ListItem","@id":"https:\/\/eldigitaldeasturias.com\/magazine365#listItem","position":1,"name":"Home","item":"https:\/\/eldigitaldeasturias.com\/magazine365","nextItem":{"@type":"ListItem","@id":"https:\/\/eldigitaldeasturias.com\/magazine365\/category\/noticias-actualidad\/#listItem","name":"Noticias y Actualidad"}},{"@type":"ListItem","@id":"https:\/\/eldigitaldeasturias.com\/magazine365\/category\/noticias-actualidad\/#listItem","position":2,"name":"Noticias y Actualidad","item":"https:\/\/eldigitaldeasturias.com\/magazine365\/category\/noticias-actualidad\/","nextItem":{"@type":"ListItem","@id":"https:\/\/eldigitaldeasturias.com\/magazine365\/la-comunidad-valenciana-dice-que-en-fitur-los-unicos-grandes-eventos-de-la-comunidad-seran-nuestras-fiestas\/#listItem","name":"La Comunidad Valenciana dice que en Fitur los \u00ab\u00fanicos grandes eventos\u00bb de la Comunidad \u00abser\u00e1n nuestras fiestas\u00bb"},"previousItem":{"@type":"ListItem","@id":"https:\/\/eldigitaldeasturias.com\/magazine365#listItem","name":"Home"}},{"@type":"ListItem","@id":"https:\/\/eldigitaldeasturias.com\/magazine365\/la-comunidad-valenciana-dice-que-en-fitur-los-unicos-grandes-eventos-de-la-comunidad-seran-nuestras-fiestas\/#listItem","position":3,"name":"La Comunidad Valenciana dice que en Fitur los \u00ab\u00fanicos grandes eventos\u00bb de la Comunidad \u00abser\u00e1n nuestras fiestas\u00bb","previousItem":{"@type":"ListItem","@id":"https:\/\/eldigitaldeasturias.com\/magazine365\/category\/noticias-actualidad\/#listItem","name":"Noticias y Actualidad"}}]},{"@type":"Organization","@id":"https:\/\/eldigitaldeasturias.com\/magazine365\/#organization","name":"El digital de Asturias","description":"Revista de ocio, turismo y estilo de vida","url":"https:\/\/eldigitaldeasturias.com\/magazine365\/","logo":{"@type":"ImageObject","url":"https:\/\/www.eldigitaldeasturias.com\/noticias\/wp-content\/uploads\/2020\/12\/EDA.jpg","@id":"https:\/\/eldigitaldeasturias.com\/magazine365\/la-comunidad-valenciana-dice-que-en-fitur-los-unicos-grandes-eventos-de-la-comunidad-seran-nuestras-fiestas\/#organizationLogo"},"image":{"@id":"https:\/\/eldigitaldeasturias.com\/magazine365\/la-comunidad-valenciana-dice-que-en-fitur-los-unicos-grandes-eventos-de-la-comunidad-seran-nuestras-fiestas\/#organizationLogo"}},{"@type":"Person","@id":"https:\/\/eldigitaldeasturias.com\/magazine365\/author\/admin\/#author","url":"https:\/\/eldigitaldeasturias.com\/magazine365\/author\/admin\/","name":"admin","image":{"@type":"ImageObject","@id":"https:\/\/eldigitaldeasturias.com\/magazine365\/la-comunidad-valenciana-dice-que-en-fitur-los-unicos-grandes-eventos-de-la-comunidad-seran-nuestras-fiestas\/#authorImage","url":"https:\/\/eldigitaldeasturias.com\/magazine365\/wp-content\/litespeed\/avatar\/e571bcf59a0edd6fa6838245a470f2fe.jpg?ver=1777574230","width":96,"height":96,"caption":"admin"}},{"@type":"WebPage","@id":"https:\/\/eldigitaldeasturias.com\/magazine365\/la-comunidad-valenciana-dice-que-en-fitur-los-unicos-grandes-eventos-de-la-comunidad-seran-nuestras-fiestas\/#webpage","url":"https:\/\/eldigitaldeasturias.com\/magazine365\/la-comunidad-valenciana-dice-que-en-fitur-los-unicos-grandes-eventos-de-la-comunidad-seran-nuestras-fiestas\/","name":"La Comunidad Valenciana dice que en Fitur los \u00ab\u00fanicos grandes eventos\u00bb de la Comunidad \u00abser\u00e1n nuestras fiestas\u00bb | El Digital de Asturias","description":"El secretario auton\u00f3mico de Turisme, Francesc Colomer, ha destacado que en la pr\u00f3xima edici\u00f3n de la Feria Internacional del Turismo de Madrid, Fitur 2016, \"nuestros \u00fanicos grandes eventos ser\u00e1n nuestras fiestas\". As\u00ed, ha apuntado que el objetivo de la Agencia Valenciana del Turisme ser\u00e1 recuperar y dar protagonismo a las fiestas y tradiciones de las","inLanguage":"es-ES","isPartOf":{"@id":"https:\/\/eldigitaldeasturias.com\/magazine365\/#website"},"breadcrumb":{"@id":"https:\/\/eldigitaldeasturias.com\/magazine365\/la-comunidad-valenciana-dice-que-en-fitur-los-unicos-grandes-eventos-de-la-comunidad-seran-nuestras-fiestas\/#breadcrumblist"},"author":{"@id":"https:\/\/eldigitaldeasturias.com\/magazine365\/author\/admin\/#author"},"creator":{"@id":"https:\/\/eldigitaldeasturias.com\/magazine365\/author\/admin\/#author"},"image":{"@type":"ImageObject","url":"https:\/\/eldigitaldeasturias.com\/magazine365\/wp-content\/uploads\/2015\/12\/fotonoticia_20151210190007_800.jpg","@id":"https:\/\/eldigitaldeasturias.com\/magazine365\/la-comunidad-valenciana-dice-que-en-fitur-los-unicos-grandes-eventos-de-la-comunidad-seran-nuestras-fiestas\/#mainImage","width":800,"height":526},"primaryImageOfPage":{"@id":"https:\/\/eldigitaldeasturias.com\/magazine365\/la-comunidad-valenciana-dice-que-en-fitur-los-unicos-grandes-eventos-de-la-comunidad-seran-nuestras-fiestas\/#mainImage"},"datePublished":"2015-12-11T19:43:41+01:00","dateModified":"2015-12-11T19:43:41+01:00"},{"@type":"WebSite","@id":"https:\/\/eldigitaldeasturias.com\/magazine365\/#website","url":"https:\/\/eldigitaldeasturias.com\/magazine365\/","name":"El Digital de Asturias","description":"Revista de ocio, turismo y estilo de vida","inLanguage":"es-ES","publisher":{"@id":"https:\/\/eldigitaldeasturias.com\/magazine365\/#organization"}}]},"og:locale":"es_ES","og:site_name":"El Digital de Asturias \u2013 Revista de ocio, turismo y estilo de vida","og:type":"article","og:title":"La Comunidad Valenciana dice que en Fitur los \u00ab\u00fanicos grandes eventos\u00bb de la Comunidad \u00abser\u00e1n nuestras fiestas\u00bb | El Digital de Asturias","og:description":"El secretario auton\u00f3mico de Turisme, Francesc Colomer, ha destacado que en la pr\u00f3xima edici\u00f3n de la Feria Internacional del Turismo de Madrid, Fitur 2016, &quot;nuestros \u00fanicos grandes eventos ser\u00e1n nuestras fiestas&quot;. As\u00ed, ha apuntado que el objetivo de la Agencia Valenciana del Turisme ser\u00e1 recuperar y dar protagonismo a las fiestas y tradiciones de las","og:url":"https:\/\/eldigitaldeasturias.com\/magazine365\/la-comunidad-valenciana-dice-que-en-fitur-los-unicos-grandes-eventos-de-la-comunidad-seran-nuestras-fiestas\/","og:image":"https:\/\/eldigitaldeasturias.com\/magazine365\/wp-content\/uploads\/2015\/12\/fotonoticia_20151210190007_800.jpg","og:image:secure_url":"https:\/\/eldigitaldeasturias.com\/magazine365\/wp-content\/uploads\/2015\/12\/fotonoticia_20151210190007_800.jpg","og:image:width":800,"og:image:height":526,"article:published_time":"2015-12-11T18:43:41+00:00","article:modified_time":"2015-12-11T18:43:41+00:00","twitter:card":"summary_large_image","twitter:title":"La Comunidad Valenciana dice que en Fitur los \u00ab\u00fanicos grandes eventos\u00bb de la Comunidad \u00abser\u00e1n nuestras fiestas\u00bb | El Digital de Asturias","twitter:description":"El secretario auton\u00f3mico de Turisme, Francesc Colomer, ha destacado que en la pr\u00f3xima edici\u00f3n de la Feria Internacional del Turismo de Madrid, Fitur 2016, &quot;nuestros \u00fanicos grandes eventos ser\u00e1n nuestras fiestas&quot;. As\u00ed, ha apuntado que el objetivo de la Agencia Valenciana del Turisme ser\u00e1 recuperar y dar protagonismo a las fiestas y tradiciones de las","twitter:image":"https:\/\/eldigitaldeasturias.com\/magazine365\/wp-content\/uploads\/2015\/12\/fotonoticia_20151210190007_800.jpg"},"aioseo_meta_data":{"post_id":"58220","title":null,"description":null,"keywords":null,"keyphrases":null,"primary_term":null,"canonical_url":null,"og_title":null,"og_description":null,"og_object_type":"default","og_image_type":"default","og_image_url":null,"og_image_width":null,"og_image_height":null,"og_image_custom_url":null,"og_image_custom_fields":null,"og_video":null,"og_custom_url":null,"og_article_section":null,"og_article_tags":null,"twitter_use_og":false,"twitter_card":"default","twitter_image_type":"default","twitter_image_url":null,"twitter_image_custom_url":null,"twitter_image_custom_fields":null,"twitter_title":null,"twitter_description":null,"schema":{"blockGraphs":[],"customGraphs":[],"default":{"data":{"Article":[],"Course":[],"Dataset":[],"FAQPage":[],"Movie":[],"Person":[],"Product":[],"ProductReview":[],"Car":[],"Recipe":[],"Service":[],"SoftwareApplication":[],"WebPage":[]},"graphName":"","isEnabled":true},"graphs":[],"defaultGraph":"","defaultPostTypeGraph":""},"schema_type":null,"schema_type_options":null,"pillar_content":false,"robots_default":true,"robots_noindex":false,"robots_noarchive":false,"robots_nosnippet":false,"robots_nofollow":false,"robots_noimageindex":false,"robots_noodp":false,"robots_notranslate":false,"robots_max_snippet":null,"robots_max_videopreview":null,"robots_max_imagepreview":"large","priority":null,"frequency":null,"location":null,"local_seo":null,"seo_analyzer_scan_date":"2025-09-25 02:34:50","breadcrumb_settings":null,"limit_modified_date":false,"open_ai":null,"ai":null,"created":"2021-03-08 22:33:14","updated":"2025-09-25 02:34:50"},"aioseo_breadcrumb":"<div class=\"aioseo-breadcrumbs\"><span class=\"aioseo-breadcrumb\">\n\t<a href=\"https:\/\/eldigitaldeasturias.com\/magazine365\" title=\"Home\">Home<\/a>\n<\/span><span class=\"aioseo-breadcrumb-separator\">\u2013<\/span><span class=\"aioseo-breadcrumb\">\n\t<a href=\"https:\/\/eldigitaldeasturias.com\/magazine365\/category\/noticias-actualidad\/\" title=\"Noticias y Actualidad\">Noticias y Actualidad<\/a>\n<\/span><span class=\"aioseo-breadcrumb-separator\">\u2013<\/span><span class=\"aioseo-breadcrumb\">\n\t<a href=\"https:\/\/eldigitaldeasturias.com\/magazine365\/la-comunidad-valenciana-dice-que-en-fitur-los-unicos-grandes-eventos-de-la-comunidad-seran-nuestras-fiestas\/\" title=\"La Comunidad Valenciana dice que en Fitur los \u00ab\u00fanicos grandes eventos\u00bb de la Comunidad \u00abser\u00e1n nuestras fiestas\u00bb\">La Comunidad Valenciana dice que en Fitur los \u00ab\u00fanicos grandes eventos\u00bb de la Comunidad \u00abser\u00e1n nuestras fiestas\u00bb<\/a>\n<\/span><\/div>","aioseo_breadcrumb_json":[{"label":"Home","link":"https:\/\/eldigitaldeasturias.com\/magazine365"},{"label":"Noticias y Actualidad","link":"https:\/\/eldigitaldeasturias.com\/magazine365\/category\/noticias-actualidad\/"},{"label":"La Comunidad Valenciana dice que en Fitur los \u00ab\u00fanicos grandes eventos\u00bb de la Comunidad \u00abser\u00e1n nuestras fiestas\u00bb","link":"https:\/\/eldigitaldeasturias.com\/magazine365\/la-comunidad-valenciana-dice-que-en-fitur-los-unicos-grandes-eventos-de-la-comunidad-seran-nuestras-fiestas\/"}],"_links":{"self":[{"href":"https:\/\/eldigitaldeasturias.com\/magazine365\/wp-json\/wp\/v2\/posts\/58220","targetHints":{"allow":["GET"]}}],"collection":[{"href":"https:\/\/eldigitaldeasturias.com\/magazine365\/wp-json\/wp\/v2\/posts"}],"about":[{"href":"https:\/\/eldigitaldeasturias.com\/magazine365\/wp-json\/wp\/v2\/types\/post"}],"author":[{"embeddable":true,"href":"https:\/\/eldigitaldeasturias.com\/magazine365\/wp-json\/wp\/v2\/users\/1"}],"replies":[{"embeddable":true,"href":"https:\/\/eldigitaldeasturias.com\/magazine365\/wp-json\/wp\/v2\/comments?post=58220"}],"version-history":[{"count":0,"href":"https:\/\/eldigitaldeasturias.com\/magazine365\/wp-json\/wp\/v2\/posts\/58220\/revisions"}],"wp:featuredmedia":[{"embeddable":true,"href":"https:\/\/eldigitaldeasturias.com\/magazine365\/wp-json\/wp\/v2\/media\/58221"}],"wp:attachment":[{"href":"https:\/\/eldigitaldeasturias.com\/magazine365\/wp-json\/wp\/v2\/media?parent=58220"}],"wp:term":[{"taxonomy":"category","embeddable":true,"href":"https:\/\/eldigitaldeasturias.com\/magazine365\/wp-json\/wp\/v2\/categories?post=58220"},{"taxonomy":"post_tag","embeddable":true,"href":"https:\/\/eldigitaldeasturias.com\/magazine365\/wp-json\/wp\/v2\/tags?post=58220"}],"curies":[{"name":"wp","href":"https:\/\/api.w.org\/{rel}","templated":true}]}}