{"id":58217,"date":"2015-12-11T19:42:47","date_gmt":"2015-12-11T18:42:47","guid":{"rendered":"http:\/\/eldigitaldeasturias.com\/magazine365\/?p=58217"},"modified":"2015-12-11T19:42:47","modified_gmt":"2015-12-11T18:42:47","slug":"la-junta-de-extremadura-apuesta-por-un-cluster-de-turismo-sanitario-en-el-suroeste-de-la-peninsula","status":"publish","type":"post","link":"https:\/\/eldigitaldeasturias.com\/magazine365\/la-junta-de-extremadura-apuesta-por-un-cluster-de-turismo-sanitario-en-el-suroeste-de-la-peninsula\/","title":{"rendered":"La Junta de Extremadura apuesta por un cluster de turismo sanitario en el suroeste de la pen\u00ednsula"},"content":{"rendered":"<p><img fetchpriority=\"high\" decoding=\"async\" class=\"alignleft size-medium wp-image-58218\" src=\"https:\/\/eldigitaldeasturias.com\/magazine365\/wp-content\/uploads\/2015\/12\/fotonoticia_20151210185603_800-360x270.jpg\" alt=\"fotonoticia_20151210185603_800\" width=\"360\" height=\"270\" srcset=\"https:\/\/eldigitaldeasturias.com\/magazine365\/wp-content\/uploads\/2015\/12\/fotonoticia_20151210185603_800-360x270.jpg 360w, https:\/\/eldigitaldeasturias.com\/magazine365\/wp-content\/uploads\/2015\/12\/fotonoticia_20151210185603_800-650x488.jpg 650w, https:\/\/eldigitaldeasturias.com\/magazine365\/wp-content\/uploads\/2015\/12\/fotonoticia_20151210185603_800-768x576.jpg 768w, https:\/\/eldigitaldeasturias.com\/magazine365\/wp-content\/uploads\/2015\/12\/fotonoticia_20151210185603_800-150x113.jpg 150w, https:\/\/eldigitaldeasturias.com\/magazine365\/wp-content\/uploads\/2015\/12\/fotonoticia_20151210185603_800-450x338.jpg 450w, https:\/\/eldigitaldeasturias.com\/magazine365\/wp-content\/uploads\/2015\/12\/fotonoticia_20151210185603_800-80x60.jpg 80w, https:\/\/eldigitaldeasturias.com\/magazine365\/wp-content\/uploads\/2015\/12\/fotonoticia_20151210185603_800-265x198.jpg 265w, https:\/\/eldigitaldeasturias.com\/magazine365\/wp-content\/uploads\/2015\/12\/fotonoticia_20151210185603_800-696x522.jpg 696w, https:\/\/eldigitaldeasturias.com\/magazine365\/wp-content\/uploads\/2015\/12\/fotonoticia_20151210185603_800-560x420.jpg 560w, https:\/\/eldigitaldeasturias.com\/magazine365\/wp-content\/uploads\/2015\/12\/fotonoticia_20151210185603_800-90x67.jpg 90w, https:\/\/eldigitaldeasturias.com\/magazine365\/wp-content\/uploads\/2015\/12\/fotonoticia_20151210185603_800-100x75.jpg 100w, https:\/\/eldigitaldeasturias.com\/magazine365\/wp-content\/uploads\/2015\/12\/fotonoticia_20151210185603_800.jpg 800w\" sizes=\"(max-width: 360px) 100vw, 360px\" \/>El director general de Turismo de la Junta de Extremadura, Francisco Mart\u00edn Sim\u00f3n, ha apostado por un cluster de turismo sanitario en el suroeste de la pen\u00ednsula.<\/p>\n<p>Mart\u00edn ha realizado estas declaraciones en la inauguraci\u00f3n en Badajoz de las Jornadas de Turismo de Salud, organizadas por la Universidad de M\u00e1laga a trav\u00e9s de la C\u00e1tedra de Turismo, Salud y Bienestar y la Fundaci\u00f3n para el desarrollo de la Ciencia y la Tecnolog\u00eda (Fundecyt)<\/p>\n<p>De esta forma, el director general ha destacado que el turismo de salud es una \u00aboportunidad de negocio y desarrollo\u00bb que no se puede dejar pasar, adem\u00e1s de representar un fen\u00f3meno \u00ablleno de oportunidades\u00bb para el crecimiento de las empresas, para la innovaci\u00f3n y en el \u00faltimo t\u00e9rmino para la creaci\u00f3n de empleo y generaci\u00f3n de calidad de vida.<\/p>\n<p>Asimismo ha destacado durante su intervenci\u00f3n que este turismo de salud es un \u00abfabuloso catalizador de la investigaci\u00f3n\u00bb, ya que, en la medida en que se trata de un proceso econ\u00f3mico productivo, es \u00abcampo abonado\u00bb para el desarrollo m\u00e9dico-cient\u00edfico, donde precisamente las universidades juegan un \u00abpapel clave en investigaci\u00f3n y formaci\u00f3n.<\/p>\n<p>En esta l\u00ednea, Francisco Mart\u00edn ha invitado al sector a presentar, junto a la Direcci\u00f3n General de Turismo, unas jornadas espec\u00edficas sobre esta materia durante la pr\u00f3xima edici\u00f3n de Fitur 2016.<\/p>\n<p>Seg\u00fan ha informado la Junta de Extremadura en nota de prensa, el turismo de salud es un sector emergente estrat\u00e9gico que mueve al a\u00f1o m\u00e1s de 75.000 millones de euros, seg\u00fan los \u00faltimos datos de la OCDE, y en el que, seg\u00fan la Organizaci\u00f3n Mundial de Turismo, Espa\u00f1a ocupa ya el cuarto lugar dentro del ranking.<\/p>\n<p>Para el Ejecutivo regional estas propuestas constituyen una \u00aboportunidad \u00fanica\u00bb de trabajar de forma coordinada con un subsector \u00abestrat\u00e9gico\u00bb, aunque para el director general de Turismo el protagonismo debe ser el del \u00absector privado, el de los creadores de productos y generadores de negocio\u00bb.<\/p>\n<p>EVOLUCI\u00d3N INDICADORES TUR\u00cdSTICOS DE LA REGI\u00d3N<\/p>\n<p>Adem\u00e1s, Mart\u00edn Sim\u00f3n ha destacado el \u00abbuen camino\u00bb que el turismo est\u00e1 llevando en la regi\u00f3n con el que, en su opini\u00f3n, \u00abse prueba que la Junta de Extremadura est\u00e1 haciendo bien las cosas\u00bb.<\/p>\n<p>Seg\u00fan los datos de la Unidad Estad\u00edstica de Turismo, los viajeros alojados en Extremadura han crecido un 9,60 por ciento en el periodo de enero a octubre de este a\u00f1o.<\/p>\n<p>Durante el mes de octubre se obtiene un n\u00famero de 158.304 turistas alojados en Extremadura, un aumento de 21,85 por ciento con respecto a 2014, que duplica al alcanzado a nivel nacional del 10,24 por ciento<\/p>\n<p>De la misma forma, el segmento hotelero logra un aumento del 18,33 por ciento, mientras que alojamientos rurales y campings obtienen el 35,60 por ciento y el 25,58 por ciento respectivamente.<\/p>\n<p>Por otro lado, el extracto de apartamentos tur\u00edsticos experimenta una subida del 89,98 por ciento y en las pernoctaciones se han alcanzado un volumen de 288.695 plazas ocupadas. Un incremento del 19,88 por ciento superior al obtenido a nivel nacional (8,52%).<\/p>\n<p>Las jornadas han contado con mesas redondas y diferentes ponencias en las que se han buscado propuestas y mecanismos para impulsar un cl\u00faster de turismo de salud que favorezca la econom\u00eda en el suroeste de la pen\u00ednsula.<\/p>\n","protected":false},"excerpt":{"rendered":"<p>El director general de Turismo de la Junta de Extremadura, Francisco Mart\u00edn Sim\u00f3n, ha apostado por un cluster de turismo sanitario en el suroeste de la pen\u00ednsula. Mart\u00edn ha realizado estas declaraciones en la inauguraci\u00f3n en Badajoz de las Jornadas de Turismo de Salud, organizadas por la Universidad de M\u00e1laga a trav\u00e9s de la C\u00e1tedra<\/p>\n","protected":false},"author":1,"featured_media":58218,"comment_status":"open","ping_status":"closed","sticky":false,"template":"","format":"standard","meta":{"footnotes":""},"categories":[224],"tags":[],"class_list":{"0":"post-58217","1":"post","2":"type-post","3":"status-publish","4":"format-standard","5":"has-post-thumbnail","7":"category-noticias-actualidad"},"aioseo_notices":[],"aioseo_head":"\n\t\t<!-- All in One SEO Pro 4.9.6.1 - aioseo.com -->\n\t<meta name=\"description\" content=\"El director general de Turismo de la Junta de Extremadura, Francisco Mart\u00edn Sim\u00f3n, ha apostado por un cluster de turismo sanitario en el suroeste de la pen\u00ednsula. Mart\u00edn ha realizado estas declaraciones en la inauguraci\u00f3n en Badajoz de las Jornadas de Turismo de Salud, organizadas por la Universidad de M\u00e1laga a trav\u00e9s de la C\u00e1tedra\" \/>\n\t<meta name=\"robots\" content=\"max-image-preview:large\" \/>\n\t<meta name=\"author\" content=\"admin\"\/>\n\t<meta name=\"google-site-verification\" content=\"UA-38556648-1\" \/>\n\t<meta name=\"keywords\" content=\"noticias y actualidad\" \/>\n\t<link rel=\"canonical\" href=\"https:\/\/eldigitaldeasturias.com\/magazine365\/la-junta-de-extremadura-apuesta-por-un-cluster-de-turismo-sanitario-en-el-suroeste-de-la-peninsula\/\" \/>\n\t<meta name=\"generator\" content=\"All in One SEO Pro (AIOSEO) 4.9.6.1\" \/>\n\t\t<meta property=\"og:locale\" content=\"es_ES\" \/>\n\t\t<meta property=\"og:site_name\" content=\"El Digital de Asturias \u2013 Revista de ocio, turismo y estilo de vida\" \/>\n\t\t<meta property=\"og:type\" content=\"article\" \/>\n\t\t<meta property=\"og:title\" content=\"La Junta de Extremadura apuesta por un cluster de turismo sanitario en el suroeste de la pen\u00ednsula | El Digital de Asturias\" \/>\n\t\t<meta property=\"og:description\" content=\"El director general de Turismo de la Junta de Extremadura, Francisco Mart\u00edn Sim\u00f3n, ha apostado por un cluster de turismo sanitario en el suroeste de la pen\u00ednsula. Mart\u00edn ha realizado estas declaraciones en la inauguraci\u00f3n en Badajoz de las Jornadas de Turismo de Salud, organizadas por la Universidad de M\u00e1laga a trav\u00e9s de la C\u00e1tedra\" \/>\n\t\t<meta property=\"og:url\" content=\"https:\/\/eldigitaldeasturias.com\/magazine365\/la-junta-de-extremadura-apuesta-por-un-cluster-de-turismo-sanitario-en-el-suroeste-de-la-peninsula\/\" \/>\n\t\t<meta property=\"og:image\" content=\"https:\/\/eldigitaldeasturias.com\/magazine365\/wp-content\/uploads\/2015\/12\/fotonoticia_20151210185603_800.jpg\" \/>\n\t\t<meta property=\"og:image:secure_url\" content=\"https:\/\/eldigitaldeasturias.com\/magazine365\/wp-content\/uploads\/2015\/12\/fotonoticia_20151210185603_800.jpg\" \/>\n\t\t<meta property=\"og:image:width\" content=\"800\" \/>\n\t\t<meta property=\"og:image:height\" content=\"600\" \/>\n\t\t<meta property=\"article:published_time\" content=\"2015-12-11T18:42:47+00:00\" \/>\n\t\t<meta property=\"article:modified_time\" content=\"2015-12-11T18:42:47+00:00\" \/>\n\t\t<meta name=\"twitter:card\" content=\"summary_large_image\" \/>\n\t\t<meta name=\"twitter:title\" content=\"La Junta de Extremadura apuesta por un cluster de turismo sanitario en el suroeste de la pen\u00ednsula | El Digital de Asturias\" \/>\n\t\t<meta name=\"twitter:description\" content=\"El director general de Turismo de la Junta de Extremadura, Francisco Mart\u00edn Sim\u00f3n, ha apostado por un cluster de turismo sanitario en el suroeste de la pen\u00ednsula. Mart\u00edn ha realizado estas declaraciones en la inauguraci\u00f3n en Badajoz de las Jornadas de Turismo de Salud, organizadas por la Universidad de M\u00e1laga a trav\u00e9s de la C\u00e1tedra\" \/>\n\t\t<meta name=\"twitter:image\" content=\"https:\/\/eldigitaldeasturias.com\/magazine365\/wp-content\/uploads\/2015\/12\/fotonoticia_20151210185603_800.jpg\" \/>\n\t\t<script type=\"application\/ld+json\" class=\"aioseo-schema\">\n\t\t\t{\"@context\":\"https:\\\/\\\/schema.org\",\"@graph\":[{\"@type\":\"Article\",\"@id\":\"https:\\\/\\\/eldigitaldeasturias.com\\\/magazine365\\\/la-junta-de-extremadura-apuesta-por-un-cluster-de-turismo-sanitario-en-el-suroeste-de-la-peninsula\\\/#article\",\"name\":\"La Junta de Extremadura apuesta por un cluster de turismo sanitario en el suroeste de la pen\\u00ednsula | El Digital de Asturias\",\"headline\":\"La Junta de Extremadura apuesta por un cluster de turismo sanitario en el suroeste de la pen\\u00ednsula\",\"author\":{\"@id\":\"https:\\\/\\\/eldigitaldeasturias.com\\\/magazine365\\\/author\\\/admin\\\/#author\"},\"publisher\":{\"@id\":\"https:\\\/\\\/eldigitaldeasturias.com\\\/magazine365\\\/#organization\"},\"image\":{\"@type\":\"ImageObject\",\"url\":\"https:\\\/\\\/eldigitaldeasturias.com\\\/magazine365\\\/wp-content\\\/uploads\\\/2015\\\/12\\\/fotonoticia_20151210185603_800.jpg\",\"width\":800,\"height\":600},\"datePublished\":\"2015-12-11T19:42:47+01:00\",\"dateModified\":\"2015-12-11T19:42:47+01:00\",\"inLanguage\":\"es-ES\",\"mainEntityOfPage\":{\"@id\":\"https:\\\/\\\/eldigitaldeasturias.com\\\/magazine365\\\/la-junta-de-extremadura-apuesta-por-un-cluster-de-turismo-sanitario-en-el-suroeste-de-la-peninsula\\\/#webpage\"},\"isPartOf\":{\"@id\":\"https:\\\/\\\/eldigitaldeasturias.com\\\/magazine365\\\/la-junta-de-extremadura-apuesta-por-un-cluster-de-turismo-sanitario-en-el-suroeste-de-la-peninsula\\\/#webpage\"},\"articleSection\":\"Noticias y Actualidad\"},{\"@type\":\"BreadcrumbList\",\"@id\":\"https:\\\/\\\/eldigitaldeasturias.com\\\/magazine365\\\/la-junta-de-extremadura-apuesta-por-un-cluster-de-turismo-sanitario-en-el-suroeste-de-la-peninsula\\\/#breadcrumblist\",\"itemListElement\":[{\"@type\":\"ListItem\",\"@id\":\"https:\\\/\\\/eldigitaldeasturias.com\\\/magazine365#listItem\",\"position\":1,\"name\":\"Home\",\"item\":\"https:\\\/\\\/eldigitaldeasturias.com\\\/magazine365\",\"nextItem\":{\"@type\":\"ListItem\",\"@id\":\"https:\\\/\\\/eldigitaldeasturias.com\\\/magazine365\\\/category\\\/noticias-actualidad\\\/#listItem\",\"name\":\"Noticias y Actualidad\"}},{\"@type\":\"ListItem\",\"@id\":\"https:\\\/\\\/eldigitaldeasturias.com\\\/magazine365\\\/category\\\/noticias-actualidad\\\/#listItem\",\"position\":2,\"name\":\"Noticias y Actualidad\",\"item\":\"https:\\\/\\\/eldigitaldeasturias.com\\\/magazine365\\\/category\\\/noticias-actualidad\\\/\",\"nextItem\":{\"@type\":\"ListItem\",\"@id\":\"https:\\\/\\\/eldigitaldeasturias.com\\\/magazine365\\\/la-junta-de-extremadura-apuesta-por-un-cluster-de-turismo-sanitario-en-el-suroeste-de-la-peninsula\\\/#listItem\",\"name\":\"La Junta de Extremadura apuesta por un cluster de turismo sanitario en el suroeste de la pen\\u00ednsula\"},\"previousItem\":{\"@type\":\"ListItem\",\"@id\":\"https:\\\/\\\/eldigitaldeasturias.com\\\/magazine365#listItem\",\"name\":\"Home\"}},{\"@type\":\"ListItem\",\"@id\":\"https:\\\/\\\/eldigitaldeasturias.com\\\/magazine365\\\/la-junta-de-extremadura-apuesta-por-un-cluster-de-turismo-sanitario-en-el-suroeste-de-la-peninsula\\\/#listItem\",\"position\":3,\"name\":\"La Junta de Extremadura apuesta por un cluster de turismo sanitario en el suroeste de la pen\\u00ednsula\",\"previousItem\":{\"@type\":\"ListItem\",\"@id\":\"https:\\\/\\\/eldigitaldeasturias.com\\\/magazine365\\\/category\\\/noticias-actualidad\\\/#listItem\",\"name\":\"Noticias y Actualidad\"}}]},{\"@type\":\"Organization\",\"@id\":\"https:\\\/\\\/eldigitaldeasturias.com\\\/magazine365\\\/#organization\",\"name\":\"El digital de Asturias\",\"description\":\"Revista de ocio, turismo y estilo de vida\",\"url\":\"https:\\\/\\\/eldigitaldeasturias.com\\\/magazine365\\\/\",\"logo\":{\"@type\":\"ImageObject\",\"url\":\"https:\\\/\\\/www.eldigitaldeasturias.com\\\/noticias\\\/wp-content\\\/uploads\\\/2020\\\/12\\\/EDA.jpg\",\"@id\":\"https:\\\/\\\/eldigitaldeasturias.com\\\/magazine365\\\/la-junta-de-extremadura-apuesta-por-un-cluster-de-turismo-sanitario-en-el-suroeste-de-la-peninsula\\\/#organizationLogo\"},\"image\":{\"@id\":\"https:\\\/\\\/eldigitaldeasturias.com\\\/magazine365\\\/la-junta-de-extremadura-apuesta-por-un-cluster-de-turismo-sanitario-en-el-suroeste-de-la-peninsula\\\/#organizationLogo\"}},{\"@type\":\"Person\",\"@id\":\"https:\\\/\\\/eldigitaldeasturias.com\\\/magazine365\\\/author\\\/admin\\\/#author\",\"url\":\"https:\\\/\\\/eldigitaldeasturias.com\\\/magazine365\\\/author\\\/admin\\\/\",\"name\":\"admin\",\"image\":{\"@type\":\"ImageObject\",\"@id\":\"https:\\\/\\\/eldigitaldeasturias.com\\\/magazine365\\\/la-junta-de-extremadura-apuesta-por-un-cluster-de-turismo-sanitario-en-el-suroeste-de-la-peninsula\\\/#authorImage\",\"url\":\"https:\\\/\\\/eldigitaldeasturias.com\\\/magazine365\\\/wp-content\\\/litespeed\\\/avatar\\\/e571bcf59a0edd6fa6838245a470f2fe.jpg?ver=1777574230\",\"width\":96,\"height\":96,\"caption\":\"admin\"}},{\"@type\":\"WebPage\",\"@id\":\"https:\\\/\\\/eldigitaldeasturias.com\\\/magazine365\\\/la-junta-de-extremadura-apuesta-por-un-cluster-de-turismo-sanitario-en-el-suroeste-de-la-peninsula\\\/#webpage\",\"url\":\"https:\\\/\\\/eldigitaldeasturias.com\\\/magazine365\\\/la-junta-de-extremadura-apuesta-por-un-cluster-de-turismo-sanitario-en-el-suroeste-de-la-peninsula\\\/\",\"name\":\"La Junta de Extremadura apuesta por un cluster de turismo sanitario en el suroeste de la pen\\u00ednsula | El Digital de Asturias\",\"description\":\"El director general de Turismo de la Junta de Extremadura, Francisco Mart\\u00edn Sim\\u00f3n, ha apostado por un cluster de turismo sanitario en el suroeste de la pen\\u00ednsula. Mart\\u00edn ha realizado estas declaraciones en la inauguraci\\u00f3n en Badajoz de las Jornadas de Turismo de Salud, organizadas por la Universidad de M\\u00e1laga a trav\\u00e9s de la C\\u00e1tedra\",\"inLanguage\":\"es-ES\",\"isPartOf\":{\"@id\":\"https:\\\/\\\/eldigitaldeasturias.com\\\/magazine365\\\/#website\"},\"breadcrumb\":{\"@id\":\"https:\\\/\\\/eldigitaldeasturias.com\\\/magazine365\\\/la-junta-de-extremadura-apuesta-por-un-cluster-de-turismo-sanitario-en-el-suroeste-de-la-peninsula\\\/#breadcrumblist\"},\"author\":{\"@id\":\"https:\\\/\\\/eldigitaldeasturias.com\\\/magazine365\\\/author\\\/admin\\\/#author\"},\"creator\":{\"@id\":\"https:\\\/\\\/eldigitaldeasturias.com\\\/magazine365\\\/author\\\/admin\\\/#author\"},\"image\":{\"@type\":\"ImageObject\",\"url\":\"https:\\\/\\\/eldigitaldeasturias.com\\\/magazine365\\\/wp-content\\\/uploads\\\/2015\\\/12\\\/fotonoticia_20151210185603_800.jpg\",\"@id\":\"https:\\\/\\\/eldigitaldeasturias.com\\\/magazine365\\\/la-junta-de-extremadura-apuesta-por-un-cluster-de-turismo-sanitario-en-el-suroeste-de-la-peninsula\\\/#mainImage\",\"width\":800,\"height\":600},\"primaryImageOfPage\":{\"@id\":\"https:\\\/\\\/eldigitaldeasturias.com\\\/magazine365\\\/la-junta-de-extremadura-apuesta-por-un-cluster-de-turismo-sanitario-en-el-suroeste-de-la-peninsula\\\/#mainImage\"},\"datePublished\":\"2015-12-11T19:42:47+01:00\",\"dateModified\":\"2015-12-11T19:42:47+01:00\"},{\"@type\":\"WebSite\",\"@id\":\"https:\\\/\\\/eldigitaldeasturias.com\\\/magazine365\\\/#website\",\"url\":\"https:\\\/\\\/eldigitaldeasturias.com\\\/magazine365\\\/\",\"name\":\"El Digital de Asturias\",\"description\":\"Revista de ocio, turismo y estilo de vida\",\"inLanguage\":\"es-ES\",\"publisher\":{\"@id\":\"https:\\\/\\\/eldigitaldeasturias.com\\\/magazine365\\\/#organization\"}}]}\n\t\t<\/script>\n\t\t<!-- All in One SEO Pro -->\r\n\t\t<title>La Junta de Extremadura apuesta por un cluster de turismo sanitario en el suroeste de la pen\u00ednsula | El Digital de Asturias<\/title>\n\n","aioseo_head_json":{"title":"La Junta de Extremadura apuesta por un cluster de turismo sanitario en el suroeste de la pen\u00ednsula | El Digital de Asturias","description":"El director general de Turismo de la Junta de Extremadura, Francisco Mart\u00edn Sim\u00f3n, ha apostado por un cluster de turismo sanitario en el suroeste de la pen\u00ednsula. Mart\u00edn ha realizado estas declaraciones en la inauguraci\u00f3n en Badajoz de las Jornadas de Turismo de Salud, organizadas por la Universidad de M\u00e1laga a trav\u00e9s de la C\u00e1tedra","canonical_url":"https:\/\/eldigitaldeasturias.com\/magazine365\/la-junta-de-extremadura-apuesta-por-un-cluster-de-turismo-sanitario-en-el-suroeste-de-la-peninsula\/","robots":"max-image-preview:large","keywords":"noticias y actualidad","webmasterTools":{"google-site-verification":"UA-38556648-1","miscellaneous":""},"schema":{"@context":"https:\/\/schema.org","@graph":[{"@type":"Article","@id":"https:\/\/eldigitaldeasturias.com\/magazine365\/la-junta-de-extremadura-apuesta-por-un-cluster-de-turismo-sanitario-en-el-suroeste-de-la-peninsula\/#article","name":"La Junta de Extremadura apuesta por un cluster de turismo sanitario en el suroeste de la pen\u00ednsula | El Digital de Asturias","headline":"La Junta de Extremadura apuesta por un cluster de turismo sanitario en el suroeste de la pen\u00ednsula","author":{"@id":"https:\/\/eldigitaldeasturias.com\/magazine365\/author\/admin\/#author"},"publisher":{"@id":"https:\/\/eldigitaldeasturias.com\/magazine365\/#organization"},"image":{"@type":"ImageObject","url":"https:\/\/eldigitaldeasturias.com\/magazine365\/wp-content\/uploads\/2015\/12\/fotonoticia_20151210185603_800.jpg","width":800,"height":600},"datePublished":"2015-12-11T19:42:47+01:00","dateModified":"2015-12-11T19:42:47+01:00","inLanguage":"es-ES","mainEntityOfPage":{"@id":"https:\/\/eldigitaldeasturias.com\/magazine365\/la-junta-de-extremadura-apuesta-por-un-cluster-de-turismo-sanitario-en-el-suroeste-de-la-peninsula\/#webpage"},"isPartOf":{"@id":"https:\/\/eldigitaldeasturias.com\/magazine365\/la-junta-de-extremadura-apuesta-por-un-cluster-de-turismo-sanitario-en-el-suroeste-de-la-peninsula\/#webpage"},"articleSection":"Noticias y Actualidad"},{"@type":"BreadcrumbList","@id":"https:\/\/eldigitaldeasturias.com\/magazine365\/la-junta-de-extremadura-apuesta-por-un-cluster-de-turismo-sanitario-en-el-suroeste-de-la-peninsula\/#breadcrumblist","itemListElement":[{"@type":"ListItem","@id":"https:\/\/eldigitaldeasturias.com\/magazine365#listItem","position":1,"name":"Home","item":"https:\/\/eldigitaldeasturias.com\/magazine365","nextItem":{"@type":"ListItem","@id":"https:\/\/eldigitaldeasturias.com\/magazine365\/category\/noticias-actualidad\/#listItem","name":"Noticias y Actualidad"}},{"@type":"ListItem","@id":"https:\/\/eldigitaldeasturias.com\/magazine365\/category\/noticias-actualidad\/#listItem","position":2,"name":"Noticias y Actualidad","item":"https:\/\/eldigitaldeasturias.com\/magazine365\/category\/noticias-actualidad\/","nextItem":{"@type":"ListItem","@id":"https:\/\/eldigitaldeasturias.com\/magazine365\/la-junta-de-extremadura-apuesta-por-un-cluster-de-turismo-sanitario-en-el-suroeste-de-la-peninsula\/#listItem","name":"La Junta de Extremadura apuesta por un cluster de turismo sanitario en el suroeste de la pen\u00ednsula"},"previousItem":{"@type":"ListItem","@id":"https:\/\/eldigitaldeasturias.com\/magazine365#listItem","name":"Home"}},{"@type":"ListItem","@id":"https:\/\/eldigitaldeasturias.com\/magazine365\/la-junta-de-extremadura-apuesta-por-un-cluster-de-turismo-sanitario-en-el-suroeste-de-la-peninsula\/#listItem","position":3,"name":"La Junta de Extremadura apuesta por un cluster de turismo sanitario en el suroeste de la pen\u00ednsula","previousItem":{"@type":"ListItem","@id":"https:\/\/eldigitaldeasturias.com\/magazine365\/category\/noticias-actualidad\/#listItem","name":"Noticias y Actualidad"}}]},{"@type":"Organization","@id":"https:\/\/eldigitaldeasturias.com\/magazine365\/#organization","name":"El digital de Asturias","description":"Revista de ocio, turismo y estilo de vida","url":"https:\/\/eldigitaldeasturias.com\/magazine365\/","logo":{"@type":"ImageObject","url":"https:\/\/www.eldigitaldeasturias.com\/noticias\/wp-content\/uploads\/2020\/12\/EDA.jpg","@id":"https:\/\/eldigitaldeasturias.com\/magazine365\/la-junta-de-extremadura-apuesta-por-un-cluster-de-turismo-sanitario-en-el-suroeste-de-la-peninsula\/#organizationLogo"},"image":{"@id":"https:\/\/eldigitaldeasturias.com\/magazine365\/la-junta-de-extremadura-apuesta-por-un-cluster-de-turismo-sanitario-en-el-suroeste-de-la-peninsula\/#organizationLogo"}},{"@type":"Person","@id":"https:\/\/eldigitaldeasturias.com\/magazine365\/author\/admin\/#author","url":"https:\/\/eldigitaldeasturias.com\/magazine365\/author\/admin\/","name":"admin","image":{"@type":"ImageObject","@id":"https:\/\/eldigitaldeasturias.com\/magazine365\/la-junta-de-extremadura-apuesta-por-un-cluster-de-turismo-sanitario-en-el-suroeste-de-la-peninsula\/#authorImage","url":"https:\/\/eldigitaldeasturias.com\/magazine365\/wp-content\/litespeed\/avatar\/e571bcf59a0edd6fa6838245a470f2fe.jpg?ver=1777574230","width":96,"height":96,"caption":"admin"}},{"@type":"WebPage","@id":"https:\/\/eldigitaldeasturias.com\/magazine365\/la-junta-de-extremadura-apuesta-por-un-cluster-de-turismo-sanitario-en-el-suroeste-de-la-peninsula\/#webpage","url":"https:\/\/eldigitaldeasturias.com\/magazine365\/la-junta-de-extremadura-apuesta-por-un-cluster-de-turismo-sanitario-en-el-suroeste-de-la-peninsula\/","name":"La Junta de Extremadura apuesta por un cluster de turismo sanitario en el suroeste de la pen\u00ednsula | El Digital de Asturias","description":"El director general de Turismo de la Junta de Extremadura, Francisco Mart\u00edn Sim\u00f3n, ha apostado por un cluster de turismo sanitario en el suroeste de la pen\u00ednsula. Mart\u00edn ha realizado estas declaraciones en la inauguraci\u00f3n en Badajoz de las Jornadas de Turismo de Salud, organizadas por la Universidad de M\u00e1laga a trav\u00e9s de la C\u00e1tedra","inLanguage":"es-ES","isPartOf":{"@id":"https:\/\/eldigitaldeasturias.com\/magazine365\/#website"},"breadcrumb":{"@id":"https:\/\/eldigitaldeasturias.com\/magazine365\/la-junta-de-extremadura-apuesta-por-un-cluster-de-turismo-sanitario-en-el-suroeste-de-la-peninsula\/#breadcrumblist"},"author":{"@id":"https:\/\/eldigitaldeasturias.com\/magazine365\/author\/admin\/#author"},"creator":{"@id":"https:\/\/eldigitaldeasturias.com\/magazine365\/author\/admin\/#author"},"image":{"@type":"ImageObject","url":"https:\/\/eldigitaldeasturias.com\/magazine365\/wp-content\/uploads\/2015\/12\/fotonoticia_20151210185603_800.jpg","@id":"https:\/\/eldigitaldeasturias.com\/magazine365\/la-junta-de-extremadura-apuesta-por-un-cluster-de-turismo-sanitario-en-el-suroeste-de-la-peninsula\/#mainImage","width":800,"height":600},"primaryImageOfPage":{"@id":"https:\/\/eldigitaldeasturias.com\/magazine365\/la-junta-de-extremadura-apuesta-por-un-cluster-de-turismo-sanitario-en-el-suroeste-de-la-peninsula\/#mainImage"},"datePublished":"2015-12-11T19:42:47+01:00","dateModified":"2015-12-11T19:42:47+01:00"},{"@type":"WebSite","@id":"https:\/\/eldigitaldeasturias.com\/magazine365\/#website","url":"https:\/\/eldigitaldeasturias.com\/magazine365\/","name":"El Digital de Asturias","description":"Revista de ocio, turismo y estilo de vida","inLanguage":"es-ES","publisher":{"@id":"https:\/\/eldigitaldeasturias.com\/magazine365\/#organization"}}]},"og:locale":"es_ES","og:site_name":"El Digital de Asturias \u2013 Revista de ocio, turismo y estilo de vida","og:type":"article","og:title":"La Junta de Extremadura apuesta por un cluster de turismo sanitario en el suroeste de la pen\u00ednsula | El Digital de Asturias","og:description":"El director general de Turismo de la Junta de Extremadura, Francisco Mart\u00edn Sim\u00f3n, ha apostado por un cluster de turismo sanitario en el suroeste de la pen\u00ednsula. Mart\u00edn ha realizado estas declaraciones en la inauguraci\u00f3n en Badajoz de las Jornadas de Turismo de Salud, organizadas por la Universidad de M\u00e1laga a trav\u00e9s de la C\u00e1tedra","og:url":"https:\/\/eldigitaldeasturias.com\/magazine365\/la-junta-de-extremadura-apuesta-por-un-cluster-de-turismo-sanitario-en-el-suroeste-de-la-peninsula\/","og:image":"https:\/\/eldigitaldeasturias.com\/magazine365\/wp-content\/uploads\/2015\/12\/fotonoticia_20151210185603_800.jpg","og:image:secure_url":"https:\/\/eldigitaldeasturias.com\/magazine365\/wp-content\/uploads\/2015\/12\/fotonoticia_20151210185603_800.jpg","og:image:width":800,"og:image:height":600,"article:published_time":"2015-12-11T18:42:47+00:00","article:modified_time":"2015-12-11T18:42:47+00:00","twitter:card":"summary_large_image","twitter:title":"La Junta de Extremadura apuesta por un cluster de turismo sanitario en el suroeste de la pen\u00ednsula | El Digital de Asturias","twitter:description":"El director general de Turismo de la Junta de Extremadura, Francisco Mart\u00edn Sim\u00f3n, ha apostado por un cluster de turismo sanitario en el suroeste de la pen\u00ednsula. Mart\u00edn ha realizado estas declaraciones en la inauguraci\u00f3n en Badajoz de las Jornadas de Turismo de Salud, organizadas por la Universidad de M\u00e1laga a trav\u00e9s de la C\u00e1tedra","twitter:image":"https:\/\/eldigitaldeasturias.com\/magazine365\/wp-content\/uploads\/2015\/12\/fotonoticia_20151210185603_800.jpg"},"aioseo_meta_data":{"post_id":"58217","title":null,"description":null,"keywords":null,"keyphrases":null,"primary_term":null,"canonical_url":null,"og_title":null,"og_description":null,"og_object_type":"default","og_image_type":"default","og_image_url":null,"og_image_width":null,"og_image_height":null,"og_image_custom_url":null,"og_image_custom_fields":null,"og_video":null,"og_custom_url":null,"og_article_section":null,"og_article_tags":null,"twitter_use_og":false,"twitter_card":"default","twitter_image_type":"default","twitter_image_url":null,"twitter_image_custom_url":null,"twitter_image_custom_fields":null,"twitter_title":null,"twitter_description":null,"schema":{"blockGraphs":[],"customGraphs":[],"default":{"data":{"Article":[],"Course":[],"Dataset":[],"FAQPage":[],"Movie":[],"Person":[],"Product":[],"ProductReview":[],"Car":[],"Recipe":[],"Service":[],"SoftwareApplication":[],"WebPage":[]},"graphName":"","isEnabled":true},"graphs":[],"defaultGraph":"","defaultPostTypeGraph":""},"schema_type":null,"schema_type_options":null,"pillar_content":false,"robots_default":true,"robots_noindex":false,"robots_noarchive":false,"robots_nosnippet":false,"robots_nofollow":false,"robots_noimageindex":false,"robots_noodp":false,"robots_notranslate":false,"robots_max_snippet":null,"robots_max_videopreview":null,"robots_max_imagepreview":"large","priority":null,"frequency":null,"location":null,"local_seo":null,"seo_analyzer_scan_date":"2025-09-25 02:34:49","breadcrumb_settings":null,"limit_modified_date":false,"open_ai":null,"ai":null,"created":"2020-12-21 15:28:40","updated":"2025-09-25 02:34:49"},"aioseo_breadcrumb":"<div class=\"aioseo-breadcrumbs\"><span class=\"aioseo-breadcrumb\">\n\t<a href=\"https:\/\/eldigitaldeasturias.com\/magazine365\" title=\"Home\">Home<\/a>\n<\/span><span class=\"aioseo-breadcrumb-separator\">\u2013<\/span><span class=\"aioseo-breadcrumb\">\n\t<a href=\"https:\/\/eldigitaldeasturias.com\/magazine365\/category\/noticias-actualidad\/\" title=\"Noticias y Actualidad\">Noticias y Actualidad<\/a>\n<\/span><span class=\"aioseo-breadcrumb-separator\">\u2013<\/span><span class=\"aioseo-breadcrumb\">\n\t<a href=\"https:\/\/eldigitaldeasturias.com\/magazine365\/la-junta-de-extremadura-apuesta-por-un-cluster-de-turismo-sanitario-en-el-suroeste-de-la-peninsula\/\" title=\"La Junta de Extremadura apuesta por un cluster de turismo sanitario en el suroeste de la pen\u00ednsula\">La Junta de Extremadura apuesta por un cluster de turismo sanitario en el suroeste de la pen\u00ednsula<\/a>\n<\/span><\/div>","aioseo_breadcrumb_json":[{"label":"Home","link":"https:\/\/eldigitaldeasturias.com\/magazine365"},{"label":"Noticias y Actualidad","link":"https:\/\/eldigitaldeasturias.com\/magazine365\/category\/noticias-actualidad\/"},{"label":"La Junta de Extremadura apuesta por un cluster de turismo sanitario en el suroeste de la pen\u00ednsula","link":"https:\/\/eldigitaldeasturias.com\/magazine365\/la-junta-de-extremadura-apuesta-por-un-cluster-de-turismo-sanitario-en-el-suroeste-de-la-peninsula\/"}],"_links":{"self":[{"href":"https:\/\/eldigitaldeasturias.com\/magazine365\/wp-json\/wp\/v2\/posts\/58217","targetHints":{"allow":["GET"]}}],"collection":[{"href":"https:\/\/eldigitaldeasturias.com\/magazine365\/wp-json\/wp\/v2\/posts"}],"about":[{"href":"https:\/\/eldigitaldeasturias.com\/magazine365\/wp-json\/wp\/v2\/types\/post"}],"author":[{"embeddable":true,"href":"https:\/\/eldigitaldeasturias.com\/magazine365\/wp-json\/wp\/v2\/users\/1"}],"replies":[{"embeddable":true,"href":"https:\/\/eldigitaldeasturias.com\/magazine365\/wp-json\/wp\/v2\/comments?post=58217"}],"version-history":[{"count":0,"href":"https:\/\/eldigitaldeasturias.com\/magazine365\/wp-json\/wp\/v2\/posts\/58217\/revisions"}],"wp:featuredmedia":[{"embeddable":true,"href":"https:\/\/eldigitaldeasturias.com\/magazine365\/wp-json\/wp\/v2\/media\/58218"}],"wp:attachment":[{"href":"https:\/\/eldigitaldeasturias.com\/magazine365\/wp-json\/wp\/v2\/media?parent=58217"}],"wp:term":[{"taxonomy":"category","embeddable":true,"href":"https:\/\/eldigitaldeasturias.com\/magazine365\/wp-json\/wp\/v2\/categories?post=58217"},{"taxonomy":"post_tag","embeddable":true,"href":"https:\/\/eldigitaldeasturias.com\/magazine365\/wp-json\/wp\/v2\/tags?post=58217"}],"curies":[{"name":"wp","href":"https:\/\/api.w.org\/{rel}","templated":true}]}}