{"id":58211,"date":"2015-12-11T19:40:57","date_gmt":"2015-12-11T18:40:57","guid":{"rendered":"http:\/\/eldigitaldeasturias.com\/magazine365\/?p=58211"},"modified":"2015-12-11T19:40:57","modified_gmt":"2015-12-11T18:40:57","slug":"crece-mas-de-un-30-la-demanda-para-estancias-en-hoteles-en-la-capital-en-el-tercer-trimestre-segun-experia","status":"publish","type":"post","link":"https:\/\/eldigitaldeasturias.com\/magazine365\/crece-mas-de-un-30-la-demanda-para-estancias-en-hoteles-en-la-capital-en-el-tercer-trimestre-segun-experia\/","title":{"rendered":"Crece m\u00e1s de un 30% la demanda para estancias en hoteles en la capital en el tercer trimestre, seg\u00fan Experia"},"content":{"rendered":"<p><img fetchpriority=\"high\" decoding=\"async\" class=\"alignleft size-medium wp-image-58212\" src=\"https:\/\/eldigitaldeasturias.com\/magazine365\/wp-content\/uploads\/2015\/12\/fotonoticia_20151210183952_800-360x240.jpg\" alt=\"fotonoticia_20151210183952_800\" width=\"360\" height=\"240\" srcset=\"https:\/\/eldigitaldeasturias.com\/magazine365\/wp-content\/uploads\/2015\/12\/fotonoticia_20151210183952_800-360x240.jpg 360w, https:\/\/eldigitaldeasturias.com\/magazine365\/wp-content\/uploads\/2015\/12\/fotonoticia_20151210183952_800-650x433.jpg 650w, https:\/\/eldigitaldeasturias.com\/magazine365\/wp-content\/uploads\/2015\/12\/fotonoticia_20151210183952_800-768x512.jpg 768w, https:\/\/eldigitaldeasturias.com\/magazine365\/wp-content\/uploads\/2015\/12\/fotonoticia_20151210183952_800-150x100.jpg 150w, https:\/\/eldigitaldeasturias.com\/magazine365\/wp-content\/uploads\/2015\/12\/fotonoticia_20151210183952_800-450x300.jpg 450w, https:\/\/eldigitaldeasturias.com\/magazine365\/wp-content\/uploads\/2015\/12\/fotonoticia_20151210183952_800-696x464.jpg 696w, https:\/\/eldigitaldeasturias.com\/magazine365\/wp-content\/uploads\/2015\/12\/fotonoticia_20151210183952_800-630x420.jpg 630w, https:\/\/eldigitaldeasturias.com\/magazine365\/wp-content\/uploads\/2015\/12\/fotonoticia_20151210183952_800-84x55.jpg 84w, https:\/\/eldigitaldeasturias.com\/magazine365\/wp-content\/uploads\/2015\/12\/fotonoticia_20151210183952_800.jpg 800w\" sizes=\"(max-width: 360px) 100vw, 360px\" \/>La demanda para estancias en hoteles en la capital se ha incrementado durante el tercer trimestre en m\u00e1s de un 30 por ciento en comparaci\u00f3n con el mismo periodo del a\u00f1o anterior, seg\u00fan datos del Grupo Expelia.<\/p>\n<p>De este modo, la ocupaci\u00f3n hotelera en la Comunidad est\u00e1 teniendo un crecimiento \u00abmuy destacable\u00bb, lo que es s\u00edntoma de su \u00abnotable recuperaci\u00f3n\u00bb, seg\u00fan los datos globales extra\u00eddos de las reservas realizadas en los portales del Grupo.<\/p>\n<p>La mayor\u00eda de esas b\u00fasquedas realizadas provinieron de Estados Unidos, Reino Unido, Francia, Italia y Canad\u00e1 aunque el mayor incremento de reservas de noches de hoteles en la capital espa\u00f1ola proviene de Hong Kong y Jap\u00f3n.<\/p>\n<p>Reino Unido, Italia y Estados Unidos lideran tambi\u00e9n las reservas de paquetes vacacionales. A ellos le siguen Alemania y Francia y destaca el despunte del inter\u00e9s de Holanda con un aumento del 44 por ciento en las b\u00fasquedas.<\/p>\n","protected":false},"excerpt":{"rendered":"<p>La demanda para estancias en hoteles en la capital se ha incrementado durante el tercer trimestre en m\u00e1s de un 30 por ciento en comparaci\u00f3n con el mismo periodo del a\u00f1o anterior, seg\u00fan datos del Grupo Expelia. De este modo, la ocupaci\u00f3n hotelera en la Comunidad est\u00e1 teniendo un crecimiento \u00abmuy destacable\u00bb, lo que es<\/p>\n","protected":false},"author":1,"featured_media":58212,"comment_status":"open","ping_status":"closed","sticky":false,"template":"","format":"standard","meta":{"footnotes":""},"categories":[224],"tags":[],"class_list":{"0":"post-58211","1":"post","2":"type-post","3":"status-publish","4":"format-standard","5":"has-post-thumbnail","7":"category-noticias-actualidad"},"aioseo_notices":[],"aioseo_head":"\n\t\t<!-- All in One SEO Pro 4.9.6.1 - aioseo.com -->\n\t<meta name=\"description\" content=\"La demanda para estancias en hoteles en la capital se ha incrementado durante el tercer trimestre en m\u00e1s de un 30 por ciento en comparaci\u00f3n con el mismo periodo del a\u00f1o anterior, seg\u00fan datos del Grupo Expelia. De este modo, la ocupaci\u00f3n hotelera en la Comunidad est\u00e1 teniendo un crecimiento &quot;muy destacable&quot;, lo que es\" \/>\n\t<meta name=\"robots\" content=\"max-image-preview:large\" \/>\n\t<meta name=\"author\" content=\"admin\"\/>\n\t<meta name=\"google-site-verification\" content=\"UA-38556648-1\" \/>\n\t<meta name=\"keywords\" content=\"noticias y actualidad\" \/>\n\t<link rel=\"canonical\" href=\"https:\/\/eldigitaldeasturias.com\/magazine365\/crece-mas-de-un-30-la-demanda-para-estancias-en-hoteles-en-la-capital-en-el-tercer-trimestre-segun-experia\/\" \/>\n\t<meta name=\"generator\" content=\"All in One SEO Pro (AIOSEO) 4.9.6.1\" \/>\n\t\t<meta property=\"og:locale\" content=\"es_ES\" \/>\n\t\t<meta property=\"og:site_name\" content=\"El Digital de Asturias \u2013 Revista de ocio, turismo y estilo de vida\" \/>\n\t\t<meta property=\"og:type\" content=\"article\" \/>\n\t\t<meta property=\"og:title\" content=\"Crece m\u00e1s de un 30% la demanda para estancias en hoteles en la capital en el tercer trimestre, seg\u00fan Experia | El Digital de Asturias\" \/>\n\t\t<meta property=\"og:description\" content=\"La demanda para estancias en hoteles en la capital se ha incrementado durante el tercer trimestre en m\u00e1s de un 30 por ciento en comparaci\u00f3n con el mismo periodo del a\u00f1o anterior, seg\u00fan datos del Grupo Expelia. De este modo, la ocupaci\u00f3n hotelera en la Comunidad est\u00e1 teniendo un crecimiento &quot;muy destacable&quot;, lo que es\" \/>\n\t\t<meta property=\"og:url\" content=\"https:\/\/eldigitaldeasturias.com\/magazine365\/crece-mas-de-un-30-la-demanda-para-estancias-en-hoteles-en-la-capital-en-el-tercer-trimestre-segun-experia\/\" \/>\n\t\t<meta property=\"og:image\" content=\"https:\/\/eldigitaldeasturias.com\/magazine365\/wp-content\/uploads\/2015\/12\/fotonoticia_20151210183952_800.jpg\" \/>\n\t\t<meta property=\"og:image:secure_url\" content=\"https:\/\/eldigitaldeasturias.com\/magazine365\/wp-content\/uploads\/2015\/12\/fotonoticia_20151210183952_800.jpg\" \/>\n\t\t<meta property=\"og:image:width\" content=\"800\" \/>\n\t\t<meta property=\"og:image:height\" content=\"533\" \/>\n\t\t<meta property=\"article:published_time\" content=\"2015-12-11T18:40:57+00:00\" \/>\n\t\t<meta property=\"article:modified_time\" content=\"2015-12-11T18:40:57+00:00\" \/>\n\t\t<meta name=\"twitter:card\" content=\"summary_large_image\" \/>\n\t\t<meta name=\"twitter:title\" content=\"Crece m\u00e1s de un 30% la demanda para estancias en hoteles en la capital en el tercer trimestre, seg\u00fan Experia | El Digital de Asturias\" \/>\n\t\t<meta name=\"twitter:description\" content=\"La demanda para estancias en hoteles en la capital se ha incrementado durante el tercer trimestre en m\u00e1s de un 30 por ciento en comparaci\u00f3n con el mismo periodo del a\u00f1o anterior, seg\u00fan datos del Grupo Expelia. De este modo, la ocupaci\u00f3n hotelera en la Comunidad est\u00e1 teniendo un crecimiento &quot;muy destacable&quot;, lo que es\" \/>\n\t\t<meta name=\"twitter:image\" content=\"https:\/\/eldigitaldeasturias.com\/magazine365\/wp-content\/uploads\/2015\/12\/fotonoticia_20151210183952_800.jpg\" \/>\n\t\t<script type=\"application\/ld+json\" class=\"aioseo-schema\">\n\t\t\t{\"@context\":\"https:\\\/\\\/schema.org\",\"@graph\":[{\"@type\":\"Article\",\"@id\":\"https:\\\/\\\/eldigitaldeasturias.com\\\/magazine365\\\/crece-mas-de-un-30-la-demanda-para-estancias-en-hoteles-en-la-capital-en-el-tercer-trimestre-segun-experia\\\/#article\",\"name\":\"Crece m\\u00e1s de un 30% la demanda para estancias en hoteles en la capital en el tercer trimestre, seg\\u00fan Experia | El Digital de Asturias\",\"headline\":\"Crece m\\u00e1s de un 30% la demanda para estancias en hoteles en la capital en el tercer trimestre, seg\\u00fan Experia\",\"author\":{\"@id\":\"https:\\\/\\\/eldigitaldeasturias.com\\\/magazine365\\\/author\\\/admin\\\/#author\"},\"publisher\":{\"@id\":\"https:\\\/\\\/eldigitaldeasturias.com\\\/magazine365\\\/#organization\"},\"image\":{\"@type\":\"ImageObject\",\"url\":\"https:\\\/\\\/eldigitaldeasturias.com\\\/magazine365\\\/wp-content\\\/uploads\\\/2015\\\/12\\\/fotonoticia_20151210183952_800.jpg\",\"width\":800,\"height\":533},\"datePublished\":\"2015-12-11T19:40:57+01:00\",\"dateModified\":\"2015-12-11T19:40:57+01:00\",\"inLanguage\":\"es-ES\",\"mainEntityOfPage\":{\"@id\":\"https:\\\/\\\/eldigitaldeasturias.com\\\/magazine365\\\/crece-mas-de-un-30-la-demanda-para-estancias-en-hoteles-en-la-capital-en-el-tercer-trimestre-segun-experia\\\/#webpage\"},\"isPartOf\":{\"@id\":\"https:\\\/\\\/eldigitaldeasturias.com\\\/magazine365\\\/crece-mas-de-un-30-la-demanda-para-estancias-en-hoteles-en-la-capital-en-el-tercer-trimestre-segun-experia\\\/#webpage\"},\"articleSection\":\"Noticias y Actualidad\"},{\"@type\":\"BreadcrumbList\",\"@id\":\"https:\\\/\\\/eldigitaldeasturias.com\\\/magazine365\\\/crece-mas-de-un-30-la-demanda-para-estancias-en-hoteles-en-la-capital-en-el-tercer-trimestre-segun-experia\\\/#breadcrumblist\",\"itemListElement\":[{\"@type\":\"ListItem\",\"@id\":\"https:\\\/\\\/eldigitaldeasturias.com\\\/magazine365#listItem\",\"position\":1,\"name\":\"Home\",\"item\":\"https:\\\/\\\/eldigitaldeasturias.com\\\/magazine365\",\"nextItem\":{\"@type\":\"ListItem\",\"@id\":\"https:\\\/\\\/eldigitaldeasturias.com\\\/magazine365\\\/category\\\/noticias-actualidad\\\/#listItem\",\"name\":\"Noticias y Actualidad\"}},{\"@type\":\"ListItem\",\"@id\":\"https:\\\/\\\/eldigitaldeasturias.com\\\/magazine365\\\/category\\\/noticias-actualidad\\\/#listItem\",\"position\":2,\"name\":\"Noticias y Actualidad\",\"item\":\"https:\\\/\\\/eldigitaldeasturias.com\\\/magazine365\\\/category\\\/noticias-actualidad\\\/\",\"nextItem\":{\"@type\":\"ListItem\",\"@id\":\"https:\\\/\\\/eldigitaldeasturias.com\\\/magazine365\\\/crece-mas-de-un-30-la-demanda-para-estancias-en-hoteles-en-la-capital-en-el-tercer-trimestre-segun-experia\\\/#listItem\",\"name\":\"Crece m\\u00e1s de un 30% la demanda para estancias en hoteles en la capital en el tercer trimestre, seg\\u00fan Experia\"},\"previousItem\":{\"@type\":\"ListItem\",\"@id\":\"https:\\\/\\\/eldigitaldeasturias.com\\\/magazine365#listItem\",\"name\":\"Home\"}},{\"@type\":\"ListItem\",\"@id\":\"https:\\\/\\\/eldigitaldeasturias.com\\\/magazine365\\\/crece-mas-de-un-30-la-demanda-para-estancias-en-hoteles-en-la-capital-en-el-tercer-trimestre-segun-experia\\\/#listItem\",\"position\":3,\"name\":\"Crece m\\u00e1s de un 30% la demanda para estancias en hoteles en la capital en el tercer trimestre, seg\\u00fan Experia\",\"previousItem\":{\"@type\":\"ListItem\",\"@id\":\"https:\\\/\\\/eldigitaldeasturias.com\\\/magazine365\\\/category\\\/noticias-actualidad\\\/#listItem\",\"name\":\"Noticias y Actualidad\"}}]},{\"@type\":\"Organization\",\"@id\":\"https:\\\/\\\/eldigitaldeasturias.com\\\/magazine365\\\/#organization\",\"name\":\"El digital de Asturias\",\"description\":\"Revista de ocio, turismo y estilo de vida\",\"url\":\"https:\\\/\\\/eldigitaldeasturias.com\\\/magazine365\\\/\",\"logo\":{\"@type\":\"ImageObject\",\"url\":\"https:\\\/\\\/www.eldigitaldeasturias.com\\\/noticias\\\/wp-content\\\/uploads\\\/2020\\\/12\\\/EDA.jpg\",\"@id\":\"https:\\\/\\\/eldigitaldeasturias.com\\\/magazine365\\\/crece-mas-de-un-30-la-demanda-para-estancias-en-hoteles-en-la-capital-en-el-tercer-trimestre-segun-experia\\\/#organizationLogo\"},\"image\":{\"@id\":\"https:\\\/\\\/eldigitaldeasturias.com\\\/magazine365\\\/crece-mas-de-un-30-la-demanda-para-estancias-en-hoteles-en-la-capital-en-el-tercer-trimestre-segun-experia\\\/#organizationLogo\"}},{\"@type\":\"Person\",\"@id\":\"https:\\\/\\\/eldigitaldeasturias.com\\\/magazine365\\\/author\\\/admin\\\/#author\",\"url\":\"https:\\\/\\\/eldigitaldeasturias.com\\\/magazine365\\\/author\\\/admin\\\/\",\"name\":\"admin\",\"image\":{\"@type\":\"ImageObject\",\"@id\":\"https:\\\/\\\/eldigitaldeasturias.com\\\/magazine365\\\/crece-mas-de-un-30-la-demanda-para-estancias-en-hoteles-en-la-capital-en-el-tercer-trimestre-segun-experia\\\/#authorImage\",\"url\":\"https:\\\/\\\/eldigitaldeasturias.com\\\/magazine365\\\/wp-content\\\/litespeed\\\/avatar\\\/e571bcf59a0edd6fa6838245a470f2fe.jpg?ver=1777574230\",\"width\":96,\"height\":96,\"caption\":\"admin\"}},{\"@type\":\"WebPage\",\"@id\":\"https:\\\/\\\/eldigitaldeasturias.com\\\/magazine365\\\/crece-mas-de-un-30-la-demanda-para-estancias-en-hoteles-en-la-capital-en-el-tercer-trimestre-segun-experia\\\/#webpage\",\"url\":\"https:\\\/\\\/eldigitaldeasturias.com\\\/magazine365\\\/crece-mas-de-un-30-la-demanda-para-estancias-en-hoteles-en-la-capital-en-el-tercer-trimestre-segun-experia\\\/\",\"name\":\"Crece m\\u00e1s de un 30% la demanda para estancias en hoteles en la capital en el tercer trimestre, seg\\u00fan Experia | El Digital de Asturias\",\"description\":\"La demanda para estancias en hoteles en la capital se ha incrementado durante el tercer trimestre en m\\u00e1s de un 30 por ciento en comparaci\\u00f3n con el mismo periodo del a\\u00f1o anterior, seg\\u00fan datos del Grupo Expelia. De este modo, la ocupaci\\u00f3n hotelera en la Comunidad est\\u00e1 teniendo un crecimiento \\\"muy destacable\\\", lo que es\",\"inLanguage\":\"es-ES\",\"isPartOf\":{\"@id\":\"https:\\\/\\\/eldigitaldeasturias.com\\\/magazine365\\\/#website\"},\"breadcrumb\":{\"@id\":\"https:\\\/\\\/eldigitaldeasturias.com\\\/magazine365\\\/crece-mas-de-un-30-la-demanda-para-estancias-en-hoteles-en-la-capital-en-el-tercer-trimestre-segun-experia\\\/#breadcrumblist\"},\"author\":{\"@id\":\"https:\\\/\\\/eldigitaldeasturias.com\\\/magazine365\\\/author\\\/admin\\\/#author\"},\"creator\":{\"@id\":\"https:\\\/\\\/eldigitaldeasturias.com\\\/magazine365\\\/author\\\/admin\\\/#author\"},\"image\":{\"@type\":\"ImageObject\",\"url\":\"https:\\\/\\\/eldigitaldeasturias.com\\\/magazine365\\\/wp-content\\\/uploads\\\/2015\\\/12\\\/fotonoticia_20151210183952_800.jpg\",\"@id\":\"https:\\\/\\\/eldigitaldeasturias.com\\\/magazine365\\\/crece-mas-de-un-30-la-demanda-para-estancias-en-hoteles-en-la-capital-en-el-tercer-trimestre-segun-experia\\\/#mainImage\",\"width\":800,\"height\":533},\"primaryImageOfPage\":{\"@id\":\"https:\\\/\\\/eldigitaldeasturias.com\\\/magazine365\\\/crece-mas-de-un-30-la-demanda-para-estancias-en-hoteles-en-la-capital-en-el-tercer-trimestre-segun-experia\\\/#mainImage\"},\"datePublished\":\"2015-12-11T19:40:57+01:00\",\"dateModified\":\"2015-12-11T19:40:57+01:00\"},{\"@type\":\"WebSite\",\"@id\":\"https:\\\/\\\/eldigitaldeasturias.com\\\/magazine365\\\/#website\",\"url\":\"https:\\\/\\\/eldigitaldeasturias.com\\\/magazine365\\\/\",\"name\":\"El Digital de Asturias\",\"description\":\"Revista de ocio, turismo y estilo de vida\",\"inLanguage\":\"es-ES\",\"publisher\":{\"@id\":\"https:\\\/\\\/eldigitaldeasturias.com\\\/magazine365\\\/#organization\"}}]}\n\t\t<\/script>\n\t\t<!-- All in One SEO Pro -->\r\n\t\t<title>Crece m\u00e1s de un 30% la demanda para estancias en hoteles en la capital en el tercer trimestre, seg\u00fan Experia | El Digital de Asturias<\/title>\n\n","aioseo_head_json":{"title":"Crece m\u00e1s de un 30% la demanda para estancias en hoteles en la capital en el tercer trimestre, seg\u00fan Experia | El Digital de Asturias","description":"La demanda para estancias en hoteles en la capital se ha incrementado durante el tercer trimestre en m\u00e1s de un 30 por ciento en comparaci\u00f3n con el mismo periodo del a\u00f1o anterior, seg\u00fan datos del Grupo Expelia. De este modo, la ocupaci\u00f3n hotelera en la Comunidad est\u00e1 teniendo un crecimiento \"muy destacable\", lo que es","canonical_url":"https:\/\/eldigitaldeasturias.com\/magazine365\/crece-mas-de-un-30-la-demanda-para-estancias-en-hoteles-en-la-capital-en-el-tercer-trimestre-segun-experia\/","robots":"max-image-preview:large","keywords":"noticias y actualidad","webmasterTools":{"google-site-verification":"UA-38556648-1","miscellaneous":""},"schema":{"@context":"https:\/\/schema.org","@graph":[{"@type":"Article","@id":"https:\/\/eldigitaldeasturias.com\/magazine365\/crece-mas-de-un-30-la-demanda-para-estancias-en-hoteles-en-la-capital-en-el-tercer-trimestre-segun-experia\/#article","name":"Crece m\u00e1s de un 30% la demanda para estancias en hoteles en la capital en el tercer trimestre, seg\u00fan Experia | El Digital de Asturias","headline":"Crece m\u00e1s de un 30% la demanda para estancias en hoteles en la capital en el tercer trimestre, seg\u00fan Experia","author":{"@id":"https:\/\/eldigitaldeasturias.com\/magazine365\/author\/admin\/#author"},"publisher":{"@id":"https:\/\/eldigitaldeasturias.com\/magazine365\/#organization"},"image":{"@type":"ImageObject","url":"https:\/\/eldigitaldeasturias.com\/magazine365\/wp-content\/uploads\/2015\/12\/fotonoticia_20151210183952_800.jpg","width":800,"height":533},"datePublished":"2015-12-11T19:40:57+01:00","dateModified":"2015-12-11T19:40:57+01:00","inLanguage":"es-ES","mainEntityOfPage":{"@id":"https:\/\/eldigitaldeasturias.com\/magazine365\/crece-mas-de-un-30-la-demanda-para-estancias-en-hoteles-en-la-capital-en-el-tercer-trimestre-segun-experia\/#webpage"},"isPartOf":{"@id":"https:\/\/eldigitaldeasturias.com\/magazine365\/crece-mas-de-un-30-la-demanda-para-estancias-en-hoteles-en-la-capital-en-el-tercer-trimestre-segun-experia\/#webpage"},"articleSection":"Noticias y Actualidad"},{"@type":"BreadcrumbList","@id":"https:\/\/eldigitaldeasturias.com\/magazine365\/crece-mas-de-un-30-la-demanda-para-estancias-en-hoteles-en-la-capital-en-el-tercer-trimestre-segun-experia\/#breadcrumblist","itemListElement":[{"@type":"ListItem","@id":"https:\/\/eldigitaldeasturias.com\/magazine365#listItem","position":1,"name":"Home","item":"https:\/\/eldigitaldeasturias.com\/magazine365","nextItem":{"@type":"ListItem","@id":"https:\/\/eldigitaldeasturias.com\/magazine365\/category\/noticias-actualidad\/#listItem","name":"Noticias y Actualidad"}},{"@type":"ListItem","@id":"https:\/\/eldigitaldeasturias.com\/magazine365\/category\/noticias-actualidad\/#listItem","position":2,"name":"Noticias y Actualidad","item":"https:\/\/eldigitaldeasturias.com\/magazine365\/category\/noticias-actualidad\/","nextItem":{"@type":"ListItem","@id":"https:\/\/eldigitaldeasturias.com\/magazine365\/crece-mas-de-un-30-la-demanda-para-estancias-en-hoteles-en-la-capital-en-el-tercer-trimestre-segun-experia\/#listItem","name":"Crece m\u00e1s de un 30% la demanda para estancias en hoteles en la capital en el tercer trimestre, seg\u00fan Experia"},"previousItem":{"@type":"ListItem","@id":"https:\/\/eldigitaldeasturias.com\/magazine365#listItem","name":"Home"}},{"@type":"ListItem","@id":"https:\/\/eldigitaldeasturias.com\/magazine365\/crece-mas-de-un-30-la-demanda-para-estancias-en-hoteles-en-la-capital-en-el-tercer-trimestre-segun-experia\/#listItem","position":3,"name":"Crece m\u00e1s de un 30% la demanda para estancias en hoteles en la capital en el tercer trimestre, seg\u00fan Experia","previousItem":{"@type":"ListItem","@id":"https:\/\/eldigitaldeasturias.com\/magazine365\/category\/noticias-actualidad\/#listItem","name":"Noticias y Actualidad"}}]},{"@type":"Organization","@id":"https:\/\/eldigitaldeasturias.com\/magazine365\/#organization","name":"El digital de Asturias","description":"Revista de ocio, turismo y estilo de vida","url":"https:\/\/eldigitaldeasturias.com\/magazine365\/","logo":{"@type":"ImageObject","url":"https:\/\/www.eldigitaldeasturias.com\/noticias\/wp-content\/uploads\/2020\/12\/EDA.jpg","@id":"https:\/\/eldigitaldeasturias.com\/magazine365\/crece-mas-de-un-30-la-demanda-para-estancias-en-hoteles-en-la-capital-en-el-tercer-trimestre-segun-experia\/#organizationLogo"},"image":{"@id":"https:\/\/eldigitaldeasturias.com\/magazine365\/crece-mas-de-un-30-la-demanda-para-estancias-en-hoteles-en-la-capital-en-el-tercer-trimestre-segun-experia\/#organizationLogo"}},{"@type":"Person","@id":"https:\/\/eldigitaldeasturias.com\/magazine365\/author\/admin\/#author","url":"https:\/\/eldigitaldeasturias.com\/magazine365\/author\/admin\/","name":"admin","image":{"@type":"ImageObject","@id":"https:\/\/eldigitaldeasturias.com\/magazine365\/crece-mas-de-un-30-la-demanda-para-estancias-en-hoteles-en-la-capital-en-el-tercer-trimestre-segun-experia\/#authorImage","url":"https:\/\/eldigitaldeasturias.com\/magazine365\/wp-content\/litespeed\/avatar\/e571bcf59a0edd6fa6838245a470f2fe.jpg?ver=1777574230","width":96,"height":96,"caption":"admin"}},{"@type":"WebPage","@id":"https:\/\/eldigitaldeasturias.com\/magazine365\/crece-mas-de-un-30-la-demanda-para-estancias-en-hoteles-en-la-capital-en-el-tercer-trimestre-segun-experia\/#webpage","url":"https:\/\/eldigitaldeasturias.com\/magazine365\/crece-mas-de-un-30-la-demanda-para-estancias-en-hoteles-en-la-capital-en-el-tercer-trimestre-segun-experia\/","name":"Crece m\u00e1s de un 30% la demanda para estancias en hoteles en la capital en el tercer trimestre, seg\u00fan Experia | El Digital de Asturias","description":"La demanda para estancias en hoteles en la capital se ha incrementado durante el tercer trimestre en m\u00e1s de un 30 por ciento en comparaci\u00f3n con el mismo periodo del a\u00f1o anterior, seg\u00fan datos del Grupo Expelia. De este modo, la ocupaci\u00f3n hotelera en la Comunidad est\u00e1 teniendo un crecimiento \"muy destacable\", lo que es","inLanguage":"es-ES","isPartOf":{"@id":"https:\/\/eldigitaldeasturias.com\/magazine365\/#website"},"breadcrumb":{"@id":"https:\/\/eldigitaldeasturias.com\/magazine365\/crece-mas-de-un-30-la-demanda-para-estancias-en-hoteles-en-la-capital-en-el-tercer-trimestre-segun-experia\/#breadcrumblist"},"author":{"@id":"https:\/\/eldigitaldeasturias.com\/magazine365\/author\/admin\/#author"},"creator":{"@id":"https:\/\/eldigitaldeasturias.com\/magazine365\/author\/admin\/#author"},"image":{"@type":"ImageObject","url":"https:\/\/eldigitaldeasturias.com\/magazine365\/wp-content\/uploads\/2015\/12\/fotonoticia_20151210183952_800.jpg","@id":"https:\/\/eldigitaldeasturias.com\/magazine365\/crece-mas-de-un-30-la-demanda-para-estancias-en-hoteles-en-la-capital-en-el-tercer-trimestre-segun-experia\/#mainImage","width":800,"height":533},"primaryImageOfPage":{"@id":"https:\/\/eldigitaldeasturias.com\/magazine365\/crece-mas-de-un-30-la-demanda-para-estancias-en-hoteles-en-la-capital-en-el-tercer-trimestre-segun-experia\/#mainImage"},"datePublished":"2015-12-11T19:40:57+01:00","dateModified":"2015-12-11T19:40:57+01:00"},{"@type":"WebSite","@id":"https:\/\/eldigitaldeasturias.com\/magazine365\/#website","url":"https:\/\/eldigitaldeasturias.com\/magazine365\/","name":"El Digital de Asturias","description":"Revista de ocio, turismo y estilo de vida","inLanguage":"es-ES","publisher":{"@id":"https:\/\/eldigitaldeasturias.com\/magazine365\/#organization"}}]},"og:locale":"es_ES","og:site_name":"El Digital de Asturias \u2013 Revista de ocio, turismo y estilo de vida","og:type":"article","og:title":"Crece m\u00e1s de un 30% la demanda para estancias en hoteles en la capital en el tercer trimestre, seg\u00fan Experia | El Digital de Asturias","og:description":"La demanda para estancias en hoteles en la capital se ha incrementado durante el tercer trimestre en m\u00e1s de un 30 por ciento en comparaci\u00f3n con el mismo periodo del a\u00f1o anterior, seg\u00fan datos del Grupo Expelia. De este modo, la ocupaci\u00f3n hotelera en la Comunidad est\u00e1 teniendo un crecimiento &quot;muy destacable&quot;, lo que es","og:url":"https:\/\/eldigitaldeasturias.com\/magazine365\/crece-mas-de-un-30-la-demanda-para-estancias-en-hoteles-en-la-capital-en-el-tercer-trimestre-segun-experia\/","og:image":"https:\/\/eldigitaldeasturias.com\/magazine365\/wp-content\/uploads\/2015\/12\/fotonoticia_20151210183952_800.jpg","og:image:secure_url":"https:\/\/eldigitaldeasturias.com\/magazine365\/wp-content\/uploads\/2015\/12\/fotonoticia_20151210183952_800.jpg","og:image:width":800,"og:image:height":533,"article:published_time":"2015-12-11T18:40:57+00:00","article:modified_time":"2015-12-11T18:40:57+00:00","twitter:card":"summary_large_image","twitter:title":"Crece m\u00e1s de un 30% la demanda para estancias en hoteles en la capital en el tercer trimestre, seg\u00fan Experia | El Digital de Asturias","twitter:description":"La demanda para estancias en hoteles en la capital se ha incrementado durante el tercer trimestre en m\u00e1s de un 30 por ciento en comparaci\u00f3n con el mismo periodo del a\u00f1o anterior, seg\u00fan datos del Grupo Expelia. De este modo, la ocupaci\u00f3n hotelera en la Comunidad est\u00e1 teniendo un crecimiento &quot;muy destacable&quot;, lo que es","twitter:image":"https:\/\/eldigitaldeasturias.com\/magazine365\/wp-content\/uploads\/2015\/12\/fotonoticia_20151210183952_800.jpg"},"aioseo_meta_data":{"post_id":"58211","title":null,"description":null,"keywords":null,"keyphrases":null,"primary_term":null,"canonical_url":null,"og_title":null,"og_description":null,"og_object_type":"default","og_image_type":"default","og_image_url":null,"og_image_width":null,"og_image_height":null,"og_image_custom_url":null,"og_image_custom_fields":null,"og_video":null,"og_custom_url":null,"og_article_section":null,"og_article_tags":null,"twitter_use_og":false,"twitter_card":"default","twitter_image_type":"default","twitter_image_url":null,"twitter_image_custom_url":null,"twitter_image_custom_fields":null,"twitter_title":null,"twitter_description":null,"schema":{"blockGraphs":[],"customGraphs":[],"default":{"data":{"Article":[],"Course":[],"Dataset":[],"FAQPage":[],"Movie":[],"Person":[],"Product":[],"ProductReview":[],"Car":[],"Recipe":[],"Service":[],"SoftwareApplication":[],"WebPage":[]},"graphName":"","isEnabled":true},"graphs":[],"defaultGraph":"","defaultPostTypeGraph":""},"schema_type":null,"schema_type_options":null,"pillar_content":false,"robots_default":true,"robots_noindex":false,"robots_noarchive":false,"robots_nosnippet":false,"robots_nofollow":false,"robots_noimageindex":false,"robots_noodp":false,"robots_notranslate":false,"robots_max_snippet":null,"robots_max_videopreview":null,"robots_max_imagepreview":"large","priority":null,"frequency":null,"location":null,"local_seo":null,"seo_analyzer_scan_date":"2025-09-25 02:34:46","breadcrumb_settings":null,"limit_modified_date":false,"open_ai":null,"ai":null,"created":"2021-03-08 22:33:14","updated":"2025-09-25 02:34:46"},"aioseo_breadcrumb":"<div class=\"aioseo-breadcrumbs\"><span class=\"aioseo-breadcrumb\">\n\t<a href=\"https:\/\/eldigitaldeasturias.com\/magazine365\" title=\"Home\">Home<\/a>\n<\/span><span class=\"aioseo-breadcrumb-separator\">\u2013<\/span><span class=\"aioseo-breadcrumb\">\n\t<a href=\"https:\/\/eldigitaldeasturias.com\/magazine365\/category\/noticias-actualidad\/\" title=\"Noticias y Actualidad\">Noticias y Actualidad<\/a>\n<\/span><span class=\"aioseo-breadcrumb-separator\">\u2013<\/span><span class=\"aioseo-breadcrumb\">\n\t<a href=\"https:\/\/eldigitaldeasturias.com\/magazine365\/crece-mas-de-un-30-la-demanda-para-estancias-en-hoteles-en-la-capital-en-el-tercer-trimestre-segun-experia\/\" title=\"Crece m\u00e1s de un 30% la demanda para estancias en hoteles en la capital en el tercer trimestre, seg\u00fan Experia\">Crece m\u00e1s de un 30% la demanda para estancias en hoteles en la capital en el tercer trimestre, seg\u00fan Experia<\/a>\n<\/span><\/div>","aioseo_breadcrumb_json":[{"label":"Home","link":"https:\/\/eldigitaldeasturias.com\/magazine365"},{"label":"Noticias y Actualidad","link":"https:\/\/eldigitaldeasturias.com\/magazine365\/category\/noticias-actualidad\/"},{"label":"Crece m\u00e1s de un 30% la demanda para estancias en hoteles en la capital en el tercer trimestre, seg\u00fan Experia","link":"https:\/\/eldigitaldeasturias.com\/magazine365\/crece-mas-de-un-30-la-demanda-para-estancias-en-hoteles-en-la-capital-en-el-tercer-trimestre-segun-experia\/"}],"_links":{"self":[{"href":"https:\/\/eldigitaldeasturias.com\/magazine365\/wp-json\/wp\/v2\/posts\/58211","targetHints":{"allow":["GET"]}}],"collection":[{"href":"https:\/\/eldigitaldeasturias.com\/magazine365\/wp-json\/wp\/v2\/posts"}],"about":[{"href":"https:\/\/eldigitaldeasturias.com\/magazine365\/wp-json\/wp\/v2\/types\/post"}],"author":[{"embeddable":true,"href":"https:\/\/eldigitaldeasturias.com\/magazine365\/wp-json\/wp\/v2\/users\/1"}],"replies":[{"embeddable":true,"href":"https:\/\/eldigitaldeasturias.com\/magazine365\/wp-json\/wp\/v2\/comments?post=58211"}],"version-history":[{"count":0,"href":"https:\/\/eldigitaldeasturias.com\/magazine365\/wp-json\/wp\/v2\/posts\/58211\/revisions"}],"wp:featuredmedia":[{"embeddable":true,"href":"https:\/\/eldigitaldeasturias.com\/magazine365\/wp-json\/wp\/v2\/media\/58212"}],"wp:attachment":[{"href":"https:\/\/eldigitaldeasturias.com\/magazine365\/wp-json\/wp\/v2\/media?parent=58211"}],"wp:term":[{"taxonomy":"category","embeddable":true,"href":"https:\/\/eldigitaldeasturias.com\/magazine365\/wp-json\/wp\/v2\/categories?post=58211"},{"taxonomy":"post_tag","embeddable":true,"href":"https:\/\/eldigitaldeasturias.com\/magazine365\/wp-json\/wp\/v2\/tags?post=58211"}],"curies":[{"name":"wp","href":"https:\/\/api.w.org\/{rel}","templated":true}]}}