{"id":58186,"date":"2015-12-11T16:38:08","date_gmt":"2015-12-11T15:38:08","guid":{"rendered":"http:\/\/eldigitaldeasturias.com\/magazine365\/?p=58186"},"modified":"2015-12-11T16:38:08","modified_gmt":"2015-12-11T15:38:08","slug":"una-empresa-junto-con-el-chef-tony-garcia-reabrira-el-antiguo-hotel-mediterraneo-de-almeria","status":"publish","type":"post","link":"https:\/\/eldigitaldeasturias.com\/magazine365\/una-empresa-junto-con-el-chef-tony-garcia-reabrira-el-antiguo-hotel-mediterraneo-de-almeria\/","title":{"rendered":"Una empresa junto con el chef Tony Garc\u00eda reabrir\u00e1 el antiguo hotel Mediterr\u00e1neo de Almer\u00eda"},"content":{"rendered":"<p><img fetchpriority=\"high\" decoding=\"async\" class=\"alignleft size-medium wp-image-58187\" src=\"https:\/\/eldigitaldeasturias.com\/magazine365\/wp-content\/uploads\/2015\/12\/fotonoticia_20151210161642_800-360x239.jpg\" alt=\"fotonoticia_20151210161642_800\" width=\"360\" height=\"239\" srcset=\"https:\/\/eldigitaldeasturias.com\/magazine365\/wp-content\/uploads\/2015\/12\/fotonoticia_20151210161642_800-360x239.jpg 360w, https:\/\/eldigitaldeasturias.com\/magazine365\/wp-content\/uploads\/2015\/12\/fotonoticia_20151210161642_800-650x432.jpg 650w, https:\/\/eldigitaldeasturias.com\/magazine365\/wp-content\/uploads\/2015\/12\/fotonoticia_20151210161642_800-768x511.jpg 768w, https:\/\/eldigitaldeasturias.com\/magazine365\/wp-content\/uploads\/2015\/12\/fotonoticia_20151210161642_800-150x100.jpg 150w, https:\/\/eldigitaldeasturias.com\/magazine365\/wp-content\/uploads\/2015\/12\/fotonoticia_20151210161642_800-450x299.jpg 450w, https:\/\/eldigitaldeasturias.com\/magazine365\/wp-content\/uploads\/2015\/12\/fotonoticia_20151210161642_800-696x463.jpg 696w, https:\/\/eldigitaldeasturias.com\/magazine365\/wp-content\/uploads\/2015\/12\/fotonoticia_20151210161642_800-632x420.jpg 632w, https:\/\/eldigitaldeasturias.com\/magazine365\/wp-content\/uploads\/2015\/12\/fotonoticia_20151210161642_800-84x55.jpg 84w, https:\/\/eldigitaldeasturias.com\/magazine365\/wp-content\/uploads\/2015\/12\/fotonoticia_20151210161642_800.jpg 800w\" sizes=\"(max-width: 360px) 100vw, 360px\" \/>La empresa Gesti\u00f3n Hotelera Ambos Mundos SL, encabezada por el chef almeriense Tony Garc\u00eda, tiene previsto reabrir al p\u00fablico en el primer trimestre de 2016 el otrora hotel Mediterr\u00e1neo, gestionado por la cadena nacional Vincci hasta 2012, con un total de 25 trabajadores y la categor\u00eda de cuatro estrella.<\/p>\n<p>En un comunicado, el grupo, en el que participan tambi\u00e9n en el empresario tur\u00edstico Antonio Aguilar, con m\u00e1s de 20 a\u00f1os de trayectoria y como socio inversor, el m\u00e9dico Manuel Vida, ha indicado que el objetivo es que sea un establecimiento que se enmarque dentro del segmento urbano y de negocios al estar ubicado en una de las zonas comerciales m\u00e1s importantes.<\/p>\n<p>El acuerdo se alcanz\u00f3 el 27 de octubre con la firma de un acuerdo con la inmobiliaria Ma\u00f1as Cano SA. para arrendar, por un periodo de 10 a\u00f1os, el edificio ubicado en el n\u00famero 281 de la Avenida Mediterr\u00e1neo a Gesti\u00f3n Hotelera Ambos Mundos SL.<\/p>\n<p>El grupo ha anunciado que, en breve, comenzar\u00e1n los trabajos para \u00abactualizar\u00bb la imagen de dormitorios, ba\u00f1os, \u00e1reas comunes, instalaciones de restauraci\u00f3n y salas. Los 25 empleos que se van a crear se reparten, entre recepci\u00f3n, cocina, restauraci\u00f3n, limpieza o mantenimiento para dar servicio a sus 78 habitaciones, 6 de ellas suites, salones y restaurante.<\/p>\n<p>La nueva marca hotelera de la ciudad, seg\u00fan ha precisado la mercantil en el comunicado, ser\u00e1 &#8216;ah! Avenida Hotel, un nombre que define \u00abmuy bien esa sensaci\u00f3n de sorpresa y satisfacci\u00f3n que sentir\u00e1n todos sus clientes desde el momento en que accedan al hall y comiencen a disfrutar del trato y todos los servicios que tendr\u00e1n a su disposici\u00f3n\u00bb. \u00abEstamos ante un nuevo concepto m\u00e1s joven y din\u00e1mico, actual y fresco para que los hu\u00e9spedes disfruten de una intensa sensaci\u00f3n de libertad y felicidad\u00bb, han indicado.<\/p>\n<p>REFERENTE GASTRON\u00d3MICO<\/p>\n<p>El establecimiento persigue, asimismo, convertirse en un referente gastron\u00f3mico para la ciudad y \u00abvisita obligada para todos aquellos amantes del arte culinario\u00bb. El chef almeriense va a recoger la tradici\u00f3n de aquellos platos que aprendi\u00f3 a preparar de peque\u00f1o en la comarca de Los V\u00e9lez, \u00abtransform\u00e1ndolos en una cocina muy personal y de vanguardia\u00bb.<\/p>\n<p>As\u00ed, Avenida Hotel contar\u00e1 con un restaurante del m\u00e1ximo nivel dirigido por Tony Garc\u00eda, diferentes salones y una carpa para eventos a disposici\u00f3n de todos aquellos que decidan celebrar aqu\u00ed sus momentos m\u00e1s especiales.<\/p>\n","protected":false},"excerpt":{"rendered":"<p>La empresa Gesti\u00f3n Hotelera Ambos Mundos SL, encabezada por el chef almeriense Tony Garc\u00eda, tiene previsto reabrir al p\u00fablico en el primer trimestre de 2016 el otrora hotel Mediterr\u00e1neo, gestionado por la cadena nacional Vincci hasta 2012, con un total de 25 trabajadores y la categor\u00eda de cuatro estrella. En un comunicado, el grupo, en<\/p>\n","protected":false},"author":1,"featured_media":58187,"comment_status":"open","ping_status":"closed","sticky":false,"template":"","format":"standard","meta":{"footnotes":""},"categories":[224],"tags":[],"class_list":{"0":"post-58186","1":"post","2":"type-post","3":"status-publish","4":"format-standard","5":"has-post-thumbnail","7":"category-noticias-actualidad"},"aioseo_notices":[],"aioseo_head":"\n\t\t<!-- All in One SEO Pro 4.9.6.1 - aioseo.com -->\n\t<meta name=\"description\" content=\"La empresa Gesti\u00f3n Hotelera Ambos Mundos SL, encabezada por el chef almeriense Tony Garc\u00eda, tiene previsto reabrir al p\u00fablico en el primer trimestre de 2016 el otrora hotel Mediterr\u00e1neo, gestionado por la cadena nacional Vincci hasta 2012, con un total de 25 trabajadores y la categor\u00eda de cuatro estrella. En un comunicado, el grupo, en\" \/>\n\t<meta name=\"robots\" content=\"max-image-preview:large\" \/>\n\t<meta name=\"author\" content=\"admin\"\/>\n\t<meta name=\"google-site-verification\" content=\"UA-38556648-1\" \/>\n\t<meta name=\"keywords\" content=\"noticias y actualidad\" \/>\n\t<link rel=\"canonical\" href=\"https:\/\/eldigitaldeasturias.com\/magazine365\/una-empresa-junto-con-el-chef-tony-garcia-reabrira-el-antiguo-hotel-mediterraneo-de-almeria\/\" \/>\n\t<meta name=\"generator\" content=\"All in One SEO Pro (AIOSEO) 4.9.6.1\" \/>\n\t\t<meta property=\"og:locale\" content=\"es_ES\" \/>\n\t\t<meta property=\"og:site_name\" content=\"El Digital de Asturias \u2013 Revista de ocio, turismo y estilo de vida\" \/>\n\t\t<meta property=\"og:type\" content=\"article\" \/>\n\t\t<meta property=\"og:title\" content=\"Una empresa junto con el chef Tony Garc\u00eda reabrir\u00e1 el antiguo hotel Mediterr\u00e1neo de Almer\u00eda | El Digital de Asturias\" \/>\n\t\t<meta property=\"og:description\" content=\"La empresa Gesti\u00f3n Hotelera Ambos Mundos SL, encabezada por el chef almeriense Tony Garc\u00eda, tiene previsto reabrir al p\u00fablico en el primer trimestre de 2016 el otrora hotel Mediterr\u00e1neo, gestionado por la cadena nacional Vincci hasta 2012, con un total de 25 trabajadores y la categor\u00eda de cuatro estrella. En un comunicado, el grupo, en\" \/>\n\t\t<meta property=\"og:url\" content=\"https:\/\/eldigitaldeasturias.com\/magazine365\/una-empresa-junto-con-el-chef-tony-garcia-reabrira-el-antiguo-hotel-mediterraneo-de-almeria\/\" \/>\n\t\t<meta property=\"og:image\" content=\"https:\/\/eldigitaldeasturias.com\/magazine365\/wp-content\/uploads\/2015\/12\/fotonoticia_20151210161642_800.jpg\" \/>\n\t\t<meta property=\"og:image:secure_url\" content=\"https:\/\/eldigitaldeasturias.com\/magazine365\/wp-content\/uploads\/2015\/12\/fotonoticia_20151210161642_800.jpg\" \/>\n\t\t<meta property=\"og:image:width\" content=\"800\" \/>\n\t\t<meta property=\"og:image:height\" content=\"532\" \/>\n\t\t<meta property=\"article:published_time\" content=\"2015-12-11T15:38:08+00:00\" \/>\n\t\t<meta property=\"article:modified_time\" content=\"2015-12-11T15:38:08+00:00\" \/>\n\t\t<meta name=\"twitter:card\" content=\"summary_large_image\" \/>\n\t\t<meta name=\"twitter:title\" content=\"Una empresa junto con el chef Tony Garc\u00eda reabrir\u00e1 el antiguo hotel Mediterr\u00e1neo de Almer\u00eda | El Digital de Asturias\" \/>\n\t\t<meta name=\"twitter:description\" content=\"La empresa Gesti\u00f3n Hotelera Ambos Mundos SL, encabezada por el chef almeriense Tony Garc\u00eda, tiene previsto reabrir al p\u00fablico en el primer trimestre de 2016 el otrora hotel Mediterr\u00e1neo, gestionado por la cadena nacional Vincci hasta 2012, con un total de 25 trabajadores y la categor\u00eda de cuatro estrella. En un comunicado, el grupo, en\" \/>\n\t\t<meta name=\"twitter:image\" content=\"https:\/\/eldigitaldeasturias.com\/magazine365\/wp-content\/uploads\/2015\/12\/fotonoticia_20151210161642_800.jpg\" \/>\n\t\t<script type=\"application\/ld+json\" class=\"aioseo-schema\">\n\t\t\t{\"@context\":\"https:\\\/\\\/schema.org\",\"@graph\":[{\"@type\":\"Article\",\"@id\":\"https:\\\/\\\/eldigitaldeasturias.com\\\/magazine365\\\/una-empresa-junto-con-el-chef-tony-garcia-reabrira-el-antiguo-hotel-mediterraneo-de-almeria\\\/#article\",\"name\":\"Una empresa junto con el chef Tony Garc\\u00eda reabrir\\u00e1 el antiguo hotel Mediterr\\u00e1neo de Almer\\u00eda | El Digital de Asturias\",\"headline\":\"Una empresa junto con el chef Tony Garc\\u00eda reabrir\\u00e1 el antiguo hotel Mediterr\\u00e1neo de Almer\\u00eda\",\"author\":{\"@id\":\"https:\\\/\\\/eldigitaldeasturias.com\\\/magazine365\\\/author\\\/admin\\\/#author\"},\"publisher\":{\"@id\":\"https:\\\/\\\/eldigitaldeasturias.com\\\/magazine365\\\/#organization\"},\"image\":{\"@type\":\"ImageObject\",\"url\":\"https:\\\/\\\/eldigitaldeasturias.com\\\/magazine365\\\/wp-content\\\/uploads\\\/2015\\\/12\\\/fotonoticia_20151210161642_800.jpg\",\"width\":800,\"height\":532},\"datePublished\":\"2015-12-11T16:38:08+01:00\",\"dateModified\":\"2015-12-11T16:38:08+01:00\",\"inLanguage\":\"es-ES\",\"mainEntityOfPage\":{\"@id\":\"https:\\\/\\\/eldigitaldeasturias.com\\\/magazine365\\\/una-empresa-junto-con-el-chef-tony-garcia-reabrira-el-antiguo-hotel-mediterraneo-de-almeria\\\/#webpage\"},\"isPartOf\":{\"@id\":\"https:\\\/\\\/eldigitaldeasturias.com\\\/magazine365\\\/una-empresa-junto-con-el-chef-tony-garcia-reabrira-el-antiguo-hotel-mediterraneo-de-almeria\\\/#webpage\"},\"articleSection\":\"Noticias y Actualidad\"},{\"@type\":\"BreadcrumbList\",\"@id\":\"https:\\\/\\\/eldigitaldeasturias.com\\\/magazine365\\\/una-empresa-junto-con-el-chef-tony-garcia-reabrira-el-antiguo-hotel-mediterraneo-de-almeria\\\/#breadcrumblist\",\"itemListElement\":[{\"@type\":\"ListItem\",\"@id\":\"https:\\\/\\\/eldigitaldeasturias.com\\\/magazine365#listItem\",\"position\":1,\"name\":\"Home\",\"item\":\"https:\\\/\\\/eldigitaldeasturias.com\\\/magazine365\",\"nextItem\":{\"@type\":\"ListItem\",\"@id\":\"https:\\\/\\\/eldigitaldeasturias.com\\\/magazine365\\\/category\\\/noticias-actualidad\\\/#listItem\",\"name\":\"Noticias y Actualidad\"}},{\"@type\":\"ListItem\",\"@id\":\"https:\\\/\\\/eldigitaldeasturias.com\\\/magazine365\\\/category\\\/noticias-actualidad\\\/#listItem\",\"position\":2,\"name\":\"Noticias y Actualidad\",\"item\":\"https:\\\/\\\/eldigitaldeasturias.com\\\/magazine365\\\/category\\\/noticias-actualidad\\\/\",\"nextItem\":{\"@type\":\"ListItem\",\"@id\":\"https:\\\/\\\/eldigitaldeasturias.com\\\/magazine365\\\/una-empresa-junto-con-el-chef-tony-garcia-reabrira-el-antiguo-hotel-mediterraneo-de-almeria\\\/#listItem\",\"name\":\"Una empresa junto con el chef Tony Garc\\u00eda reabrir\\u00e1 el antiguo hotel Mediterr\\u00e1neo de Almer\\u00eda\"},\"previousItem\":{\"@type\":\"ListItem\",\"@id\":\"https:\\\/\\\/eldigitaldeasturias.com\\\/magazine365#listItem\",\"name\":\"Home\"}},{\"@type\":\"ListItem\",\"@id\":\"https:\\\/\\\/eldigitaldeasturias.com\\\/magazine365\\\/una-empresa-junto-con-el-chef-tony-garcia-reabrira-el-antiguo-hotel-mediterraneo-de-almeria\\\/#listItem\",\"position\":3,\"name\":\"Una empresa junto con el chef Tony Garc\\u00eda reabrir\\u00e1 el antiguo hotel Mediterr\\u00e1neo de Almer\\u00eda\",\"previousItem\":{\"@type\":\"ListItem\",\"@id\":\"https:\\\/\\\/eldigitaldeasturias.com\\\/magazine365\\\/category\\\/noticias-actualidad\\\/#listItem\",\"name\":\"Noticias y Actualidad\"}}]},{\"@type\":\"Organization\",\"@id\":\"https:\\\/\\\/eldigitaldeasturias.com\\\/magazine365\\\/#organization\",\"name\":\"El digital de Asturias\",\"description\":\"Revista de ocio, turismo y estilo de vida\",\"url\":\"https:\\\/\\\/eldigitaldeasturias.com\\\/magazine365\\\/\",\"logo\":{\"@type\":\"ImageObject\",\"url\":\"https:\\\/\\\/www.eldigitaldeasturias.com\\\/noticias\\\/wp-content\\\/uploads\\\/2020\\\/12\\\/EDA.jpg\",\"@id\":\"https:\\\/\\\/eldigitaldeasturias.com\\\/magazine365\\\/una-empresa-junto-con-el-chef-tony-garcia-reabrira-el-antiguo-hotel-mediterraneo-de-almeria\\\/#organizationLogo\"},\"image\":{\"@id\":\"https:\\\/\\\/eldigitaldeasturias.com\\\/magazine365\\\/una-empresa-junto-con-el-chef-tony-garcia-reabrira-el-antiguo-hotel-mediterraneo-de-almeria\\\/#organizationLogo\"}},{\"@type\":\"Person\",\"@id\":\"https:\\\/\\\/eldigitaldeasturias.com\\\/magazine365\\\/author\\\/admin\\\/#author\",\"url\":\"https:\\\/\\\/eldigitaldeasturias.com\\\/magazine365\\\/author\\\/admin\\\/\",\"name\":\"admin\",\"image\":{\"@type\":\"ImageObject\",\"@id\":\"https:\\\/\\\/eldigitaldeasturias.com\\\/magazine365\\\/una-empresa-junto-con-el-chef-tony-garcia-reabrira-el-antiguo-hotel-mediterraneo-de-almeria\\\/#authorImage\",\"url\":\"https:\\\/\\\/eldigitaldeasturias.com\\\/magazine365\\\/wp-content\\\/litespeed\\\/avatar\\\/e571bcf59a0edd6fa6838245a470f2fe.jpg?ver=1777574230\",\"width\":96,\"height\":96,\"caption\":\"admin\"}},{\"@type\":\"WebPage\",\"@id\":\"https:\\\/\\\/eldigitaldeasturias.com\\\/magazine365\\\/una-empresa-junto-con-el-chef-tony-garcia-reabrira-el-antiguo-hotel-mediterraneo-de-almeria\\\/#webpage\",\"url\":\"https:\\\/\\\/eldigitaldeasturias.com\\\/magazine365\\\/una-empresa-junto-con-el-chef-tony-garcia-reabrira-el-antiguo-hotel-mediterraneo-de-almeria\\\/\",\"name\":\"Una empresa junto con el chef Tony Garc\\u00eda reabrir\\u00e1 el antiguo hotel Mediterr\\u00e1neo de Almer\\u00eda | El Digital de Asturias\",\"description\":\"La empresa Gesti\\u00f3n Hotelera Ambos Mundos SL, encabezada por el chef almeriense Tony Garc\\u00eda, tiene previsto reabrir al p\\u00fablico en el primer trimestre de 2016 el otrora hotel Mediterr\\u00e1neo, gestionado por la cadena nacional Vincci hasta 2012, con un total de 25 trabajadores y la categor\\u00eda de cuatro estrella. En un comunicado, el grupo, en\",\"inLanguage\":\"es-ES\",\"isPartOf\":{\"@id\":\"https:\\\/\\\/eldigitaldeasturias.com\\\/magazine365\\\/#website\"},\"breadcrumb\":{\"@id\":\"https:\\\/\\\/eldigitaldeasturias.com\\\/magazine365\\\/una-empresa-junto-con-el-chef-tony-garcia-reabrira-el-antiguo-hotel-mediterraneo-de-almeria\\\/#breadcrumblist\"},\"author\":{\"@id\":\"https:\\\/\\\/eldigitaldeasturias.com\\\/magazine365\\\/author\\\/admin\\\/#author\"},\"creator\":{\"@id\":\"https:\\\/\\\/eldigitaldeasturias.com\\\/magazine365\\\/author\\\/admin\\\/#author\"},\"image\":{\"@type\":\"ImageObject\",\"url\":\"https:\\\/\\\/eldigitaldeasturias.com\\\/magazine365\\\/wp-content\\\/uploads\\\/2015\\\/12\\\/fotonoticia_20151210161642_800.jpg\",\"@id\":\"https:\\\/\\\/eldigitaldeasturias.com\\\/magazine365\\\/una-empresa-junto-con-el-chef-tony-garcia-reabrira-el-antiguo-hotel-mediterraneo-de-almeria\\\/#mainImage\",\"width\":800,\"height\":532},\"primaryImageOfPage\":{\"@id\":\"https:\\\/\\\/eldigitaldeasturias.com\\\/magazine365\\\/una-empresa-junto-con-el-chef-tony-garcia-reabrira-el-antiguo-hotel-mediterraneo-de-almeria\\\/#mainImage\"},\"datePublished\":\"2015-12-11T16:38:08+01:00\",\"dateModified\":\"2015-12-11T16:38:08+01:00\"},{\"@type\":\"WebSite\",\"@id\":\"https:\\\/\\\/eldigitaldeasturias.com\\\/magazine365\\\/#website\",\"url\":\"https:\\\/\\\/eldigitaldeasturias.com\\\/magazine365\\\/\",\"name\":\"El Digital de Asturias\",\"description\":\"Revista de ocio, turismo y estilo de vida\",\"inLanguage\":\"es-ES\",\"publisher\":{\"@id\":\"https:\\\/\\\/eldigitaldeasturias.com\\\/magazine365\\\/#organization\"}}]}\n\t\t<\/script>\n\t\t<!-- All in One SEO Pro -->\r\n\t\t<title>Una empresa junto con el chef Tony Garc\u00eda reabrir\u00e1 el antiguo hotel Mediterr\u00e1neo de Almer\u00eda | El Digital de Asturias<\/title>\n\n","aioseo_head_json":{"title":"Una empresa junto con el chef Tony Garc\u00eda reabrir\u00e1 el antiguo hotel Mediterr\u00e1neo de Almer\u00eda | El Digital de Asturias","description":"La empresa Gesti\u00f3n Hotelera Ambos Mundos SL, encabezada por el chef almeriense Tony Garc\u00eda, tiene previsto reabrir al p\u00fablico en el primer trimestre de 2016 el otrora hotel Mediterr\u00e1neo, gestionado por la cadena nacional Vincci hasta 2012, con un total de 25 trabajadores y la categor\u00eda de cuatro estrella. En un comunicado, el grupo, en","canonical_url":"https:\/\/eldigitaldeasturias.com\/magazine365\/una-empresa-junto-con-el-chef-tony-garcia-reabrira-el-antiguo-hotel-mediterraneo-de-almeria\/","robots":"max-image-preview:large","keywords":"noticias y actualidad","webmasterTools":{"google-site-verification":"UA-38556648-1","miscellaneous":""},"schema":{"@context":"https:\/\/schema.org","@graph":[{"@type":"Article","@id":"https:\/\/eldigitaldeasturias.com\/magazine365\/una-empresa-junto-con-el-chef-tony-garcia-reabrira-el-antiguo-hotel-mediterraneo-de-almeria\/#article","name":"Una empresa junto con el chef Tony Garc\u00eda reabrir\u00e1 el antiguo hotel Mediterr\u00e1neo de Almer\u00eda | El Digital de Asturias","headline":"Una empresa junto con el chef Tony Garc\u00eda reabrir\u00e1 el antiguo hotel Mediterr\u00e1neo de Almer\u00eda","author":{"@id":"https:\/\/eldigitaldeasturias.com\/magazine365\/author\/admin\/#author"},"publisher":{"@id":"https:\/\/eldigitaldeasturias.com\/magazine365\/#organization"},"image":{"@type":"ImageObject","url":"https:\/\/eldigitaldeasturias.com\/magazine365\/wp-content\/uploads\/2015\/12\/fotonoticia_20151210161642_800.jpg","width":800,"height":532},"datePublished":"2015-12-11T16:38:08+01:00","dateModified":"2015-12-11T16:38:08+01:00","inLanguage":"es-ES","mainEntityOfPage":{"@id":"https:\/\/eldigitaldeasturias.com\/magazine365\/una-empresa-junto-con-el-chef-tony-garcia-reabrira-el-antiguo-hotel-mediterraneo-de-almeria\/#webpage"},"isPartOf":{"@id":"https:\/\/eldigitaldeasturias.com\/magazine365\/una-empresa-junto-con-el-chef-tony-garcia-reabrira-el-antiguo-hotel-mediterraneo-de-almeria\/#webpage"},"articleSection":"Noticias y Actualidad"},{"@type":"BreadcrumbList","@id":"https:\/\/eldigitaldeasturias.com\/magazine365\/una-empresa-junto-con-el-chef-tony-garcia-reabrira-el-antiguo-hotel-mediterraneo-de-almeria\/#breadcrumblist","itemListElement":[{"@type":"ListItem","@id":"https:\/\/eldigitaldeasturias.com\/magazine365#listItem","position":1,"name":"Home","item":"https:\/\/eldigitaldeasturias.com\/magazine365","nextItem":{"@type":"ListItem","@id":"https:\/\/eldigitaldeasturias.com\/magazine365\/category\/noticias-actualidad\/#listItem","name":"Noticias y Actualidad"}},{"@type":"ListItem","@id":"https:\/\/eldigitaldeasturias.com\/magazine365\/category\/noticias-actualidad\/#listItem","position":2,"name":"Noticias y Actualidad","item":"https:\/\/eldigitaldeasturias.com\/magazine365\/category\/noticias-actualidad\/","nextItem":{"@type":"ListItem","@id":"https:\/\/eldigitaldeasturias.com\/magazine365\/una-empresa-junto-con-el-chef-tony-garcia-reabrira-el-antiguo-hotel-mediterraneo-de-almeria\/#listItem","name":"Una empresa junto con el chef Tony Garc\u00eda reabrir\u00e1 el antiguo hotel Mediterr\u00e1neo de Almer\u00eda"},"previousItem":{"@type":"ListItem","@id":"https:\/\/eldigitaldeasturias.com\/magazine365#listItem","name":"Home"}},{"@type":"ListItem","@id":"https:\/\/eldigitaldeasturias.com\/magazine365\/una-empresa-junto-con-el-chef-tony-garcia-reabrira-el-antiguo-hotel-mediterraneo-de-almeria\/#listItem","position":3,"name":"Una empresa junto con el chef Tony Garc\u00eda reabrir\u00e1 el antiguo hotel Mediterr\u00e1neo de Almer\u00eda","previousItem":{"@type":"ListItem","@id":"https:\/\/eldigitaldeasturias.com\/magazine365\/category\/noticias-actualidad\/#listItem","name":"Noticias y Actualidad"}}]},{"@type":"Organization","@id":"https:\/\/eldigitaldeasturias.com\/magazine365\/#organization","name":"El digital de Asturias","description":"Revista de ocio, turismo y estilo de vida","url":"https:\/\/eldigitaldeasturias.com\/magazine365\/","logo":{"@type":"ImageObject","url":"https:\/\/www.eldigitaldeasturias.com\/noticias\/wp-content\/uploads\/2020\/12\/EDA.jpg","@id":"https:\/\/eldigitaldeasturias.com\/magazine365\/una-empresa-junto-con-el-chef-tony-garcia-reabrira-el-antiguo-hotel-mediterraneo-de-almeria\/#organizationLogo"},"image":{"@id":"https:\/\/eldigitaldeasturias.com\/magazine365\/una-empresa-junto-con-el-chef-tony-garcia-reabrira-el-antiguo-hotel-mediterraneo-de-almeria\/#organizationLogo"}},{"@type":"Person","@id":"https:\/\/eldigitaldeasturias.com\/magazine365\/author\/admin\/#author","url":"https:\/\/eldigitaldeasturias.com\/magazine365\/author\/admin\/","name":"admin","image":{"@type":"ImageObject","@id":"https:\/\/eldigitaldeasturias.com\/magazine365\/una-empresa-junto-con-el-chef-tony-garcia-reabrira-el-antiguo-hotel-mediterraneo-de-almeria\/#authorImage","url":"https:\/\/eldigitaldeasturias.com\/magazine365\/wp-content\/litespeed\/avatar\/e571bcf59a0edd6fa6838245a470f2fe.jpg?ver=1777574230","width":96,"height":96,"caption":"admin"}},{"@type":"WebPage","@id":"https:\/\/eldigitaldeasturias.com\/magazine365\/una-empresa-junto-con-el-chef-tony-garcia-reabrira-el-antiguo-hotel-mediterraneo-de-almeria\/#webpage","url":"https:\/\/eldigitaldeasturias.com\/magazine365\/una-empresa-junto-con-el-chef-tony-garcia-reabrira-el-antiguo-hotel-mediterraneo-de-almeria\/","name":"Una empresa junto con el chef Tony Garc\u00eda reabrir\u00e1 el antiguo hotel Mediterr\u00e1neo de Almer\u00eda | El Digital de Asturias","description":"La empresa Gesti\u00f3n Hotelera Ambos Mundos SL, encabezada por el chef almeriense Tony Garc\u00eda, tiene previsto reabrir al p\u00fablico en el primer trimestre de 2016 el otrora hotel Mediterr\u00e1neo, gestionado por la cadena nacional Vincci hasta 2012, con un total de 25 trabajadores y la categor\u00eda de cuatro estrella. En un comunicado, el grupo, en","inLanguage":"es-ES","isPartOf":{"@id":"https:\/\/eldigitaldeasturias.com\/magazine365\/#website"},"breadcrumb":{"@id":"https:\/\/eldigitaldeasturias.com\/magazine365\/una-empresa-junto-con-el-chef-tony-garcia-reabrira-el-antiguo-hotel-mediterraneo-de-almeria\/#breadcrumblist"},"author":{"@id":"https:\/\/eldigitaldeasturias.com\/magazine365\/author\/admin\/#author"},"creator":{"@id":"https:\/\/eldigitaldeasturias.com\/magazine365\/author\/admin\/#author"},"image":{"@type":"ImageObject","url":"https:\/\/eldigitaldeasturias.com\/magazine365\/wp-content\/uploads\/2015\/12\/fotonoticia_20151210161642_800.jpg","@id":"https:\/\/eldigitaldeasturias.com\/magazine365\/una-empresa-junto-con-el-chef-tony-garcia-reabrira-el-antiguo-hotel-mediterraneo-de-almeria\/#mainImage","width":800,"height":532},"primaryImageOfPage":{"@id":"https:\/\/eldigitaldeasturias.com\/magazine365\/una-empresa-junto-con-el-chef-tony-garcia-reabrira-el-antiguo-hotel-mediterraneo-de-almeria\/#mainImage"},"datePublished":"2015-12-11T16:38:08+01:00","dateModified":"2015-12-11T16:38:08+01:00"},{"@type":"WebSite","@id":"https:\/\/eldigitaldeasturias.com\/magazine365\/#website","url":"https:\/\/eldigitaldeasturias.com\/magazine365\/","name":"El Digital de Asturias","description":"Revista de ocio, turismo y estilo de vida","inLanguage":"es-ES","publisher":{"@id":"https:\/\/eldigitaldeasturias.com\/magazine365\/#organization"}}]},"og:locale":"es_ES","og:site_name":"El Digital de Asturias \u2013 Revista de ocio, turismo y estilo de vida","og:type":"article","og:title":"Una empresa junto con el chef Tony Garc\u00eda reabrir\u00e1 el antiguo hotel Mediterr\u00e1neo de Almer\u00eda | El Digital de Asturias","og:description":"La empresa Gesti\u00f3n Hotelera Ambos Mundos SL, encabezada por el chef almeriense Tony Garc\u00eda, tiene previsto reabrir al p\u00fablico en el primer trimestre de 2016 el otrora hotel Mediterr\u00e1neo, gestionado por la cadena nacional Vincci hasta 2012, con un total de 25 trabajadores y la categor\u00eda de cuatro estrella. En un comunicado, el grupo, en","og:url":"https:\/\/eldigitaldeasturias.com\/magazine365\/una-empresa-junto-con-el-chef-tony-garcia-reabrira-el-antiguo-hotel-mediterraneo-de-almeria\/","og:image":"https:\/\/eldigitaldeasturias.com\/magazine365\/wp-content\/uploads\/2015\/12\/fotonoticia_20151210161642_800.jpg","og:image:secure_url":"https:\/\/eldigitaldeasturias.com\/magazine365\/wp-content\/uploads\/2015\/12\/fotonoticia_20151210161642_800.jpg","og:image:width":800,"og:image:height":532,"article:published_time":"2015-12-11T15:38:08+00:00","article:modified_time":"2015-12-11T15:38:08+00:00","twitter:card":"summary_large_image","twitter:title":"Una empresa junto con el chef Tony Garc\u00eda reabrir\u00e1 el antiguo hotel Mediterr\u00e1neo de Almer\u00eda | El Digital de Asturias","twitter:description":"La empresa Gesti\u00f3n Hotelera Ambos Mundos SL, encabezada por el chef almeriense Tony Garc\u00eda, tiene previsto reabrir al p\u00fablico en el primer trimestre de 2016 el otrora hotel Mediterr\u00e1neo, gestionado por la cadena nacional Vincci hasta 2012, con un total de 25 trabajadores y la categor\u00eda de cuatro estrella. En un comunicado, el grupo, en","twitter:image":"https:\/\/eldigitaldeasturias.com\/magazine365\/wp-content\/uploads\/2015\/12\/fotonoticia_20151210161642_800.jpg"},"aioseo_meta_data":{"post_id":"58186","title":null,"description":null,"keywords":null,"keyphrases":null,"primary_term":null,"canonical_url":null,"og_title":null,"og_description":null,"og_object_type":"default","og_image_type":"default","og_image_url":null,"og_image_width":null,"og_image_height":null,"og_image_custom_url":null,"og_image_custom_fields":null,"og_video":null,"og_custom_url":null,"og_article_section":null,"og_article_tags":null,"twitter_use_og":false,"twitter_card":"default","twitter_image_type":"default","twitter_image_url":null,"twitter_image_custom_url":null,"twitter_image_custom_fields":null,"twitter_title":null,"twitter_description":null,"schema":{"blockGraphs":[],"customGraphs":[],"default":{"data":{"Article":[],"Course":[],"Dataset":[],"FAQPage":[],"Movie":[],"Person":[],"Product":[],"ProductReview":[],"Car":[],"Recipe":[],"Service":[],"SoftwareApplication":[],"WebPage":[]},"graphName":"","isEnabled":true},"graphs":[],"defaultGraph":"","defaultPostTypeGraph":""},"schema_type":null,"schema_type_options":null,"pillar_content":false,"robots_default":true,"robots_noindex":false,"robots_noarchive":false,"robots_nosnippet":false,"robots_nofollow":false,"robots_noimageindex":false,"robots_noodp":false,"robots_notranslate":false,"robots_max_snippet":null,"robots_max_videopreview":null,"robots_max_imagepreview":"large","priority":null,"frequency":null,"location":null,"local_seo":null,"seo_analyzer_scan_date":"2025-09-25 02:30:58","breadcrumb_settings":null,"limit_modified_date":false,"open_ai":null,"ai":null,"created":"2021-03-08 22:33:14","updated":"2025-09-25 02:30:58"},"aioseo_breadcrumb":"<div class=\"aioseo-breadcrumbs\"><span class=\"aioseo-breadcrumb\">\n\t<a href=\"https:\/\/eldigitaldeasturias.com\/magazine365\" title=\"Home\">Home<\/a>\n<\/span><span class=\"aioseo-breadcrumb-separator\">\u2013<\/span><span class=\"aioseo-breadcrumb\">\n\t<a href=\"https:\/\/eldigitaldeasturias.com\/magazine365\/category\/noticias-actualidad\/\" title=\"Noticias y Actualidad\">Noticias y Actualidad<\/a>\n<\/span><span class=\"aioseo-breadcrumb-separator\">\u2013<\/span><span class=\"aioseo-breadcrumb\">\n\t<a href=\"https:\/\/eldigitaldeasturias.com\/magazine365\/una-empresa-junto-con-el-chef-tony-garcia-reabrira-el-antiguo-hotel-mediterraneo-de-almeria\/\" title=\"Una empresa junto con el chef Tony Garc\u00eda reabrir\u00e1 el antiguo hotel Mediterr\u00e1neo de Almer\u00eda\">Una empresa junto con el chef Tony Garc\u00eda reabrir\u00e1 el antiguo hotel Mediterr\u00e1neo de Almer\u00eda<\/a>\n<\/span><\/div>","aioseo_breadcrumb_json":[{"label":"Home","link":"https:\/\/eldigitaldeasturias.com\/magazine365"},{"label":"Noticias y Actualidad","link":"https:\/\/eldigitaldeasturias.com\/magazine365\/category\/noticias-actualidad\/"},{"label":"Una empresa junto con el chef Tony Garc\u00eda reabrir\u00e1 el antiguo hotel Mediterr\u00e1neo de Almer\u00eda","link":"https:\/\/eldigitaldeasturias.com\/magazine365\/una-empresa-junto-con-el-chef-tony-garcia-reabrira-el-antiguo-hotel-mediterraneo-de-almeria\/"}],"_links":{"self":[{"href":"https:\/\/eldigitaldeasturias.com\/magazine365\/wp-json\/wp\/v2\/posts\/58186","targetHints":{"allow":["GET"]}}],"collection":[{"href":"https:\/\/eldigitaldeasturias.com\/magazine365\/wp-json\/wp\/v2\/posts"}],"about":[{"href":"https:\/\/eldigitaldeasturias.com\/magazine365\/wp-json\/wp\/v2\/types\/post"}],"author":[{"embeddable":true,"href":"https:\/\/eldigitaldeasturias.com\/magazine365\/wp-json\/wp\/v2\/users\/1"}],"replies":[{"embeddable":true,"href":"https:\/\/eldigitaldeasturias.com\/magazine365\/wp-json\/wp\/v2\/comments?post=58186"}],"version-history":[{"count":0,"href":"https:\/\/eldigitaldeasturias.com\/magazine365\/wp-json\/wp\/v2\/posts\/58186\/revisions"}],"wp:featuredmedia":[{"embeddable":true,"href":"https:\/\/eldigitaldeasturias.com\/magazine365\/wp-json\/wp\/v2\/media\/58187"}],"wp:attachment":[{"href":"https:\/\/eldigitaldeasturias.com\/magazine365\/wp-json\/wp\/v2\/media?parent=58186"}],"wp:term":[{"taxonomy":"category","embeddable":true,"href":"https:\/\/eldigitaldeasturias.com\/magazine365\/wp-json\/wp\/v2\/categories?post=58186"},{"taxonomy":"post_tag","embeddable":true,"href":"https:\/\/eldigitaldeasturias.com\/magazine365\/wp-json\/wp\/v2\/tags?post=58186"}],"curies":[{"name":"wp","href":"https:\/\/api.w.org\/{rel}","templated":true}]}}