{"id":58182,"date":"2015-12-11T16:28:41","date_gmt":"2015-12-11T15:28:41","guid":{"rendered":"http:\/\/eldigitaldeasturias.com\/magazine365\/?p=58182"},"modified":"2015-12-11T16:28:41","modified_gmt":"2015-12-11T15:28:41","slug":"la-junta-de-andalucia-ensalza-el-potencial-de-la-iruela","status":"publish","type":"post","link":"https:\/\/eldigitaldeasturias.com\/magazine365\/la-junta-de-andalucia-ensalza-el-potencial-de-la-iruela\/","title":{"rendered":"La Junta de Andaluc\u00eda ensalza el potencial de La Iruela"},"content":{"rendered":"<p><img fetchpriority=\"high\" decoding=\"async\" class=\"alignleft size-medium wp-image-58184\" src=\"https:\/\/eldigitaldeasturias.com\/magazine365\/wp-content\/uploads\/2015\/12\/fotonoticia_20151210152404_800-360x270.jpg\" alt=\"fotonoticia_20151210152404_800\" width=\"360\" height=\"270\" srcset=\"https:\/\/eldigitaldeasturias.com\/magazine365\/wp-content\/uploads\/2015\/12\/fotonoticia_20151210152404_800-360x270.jpg 360w, https:\/\/eldigitaldeasturias.com\/magazine365\/wp-content\/uploads\/2015\/12\/fotonoticia_20151210152404_800-650x488.jpg 650w, https:\/\/eldigitaldeasturias.com\/magazine365\/wp-content\/uploads\/2015\/12\/fotonoticia_20151210152404_800-768x576.jpg 768w, https:\/\/eldigitaldeasturias.com\/magazine365\/wp-content\/uploads\/2015\/12\/fotonoticia_20151210152404_800-150x113.jpg 150w, https:\/\/eldigitaldeasturias.com\/magazine365\/wp-content\/uploads\/2015\/12\/fotonoticia_20151210152404_800-450x338.jpg 450w, https:\/\/eldigitaldeasturias.com\/magazine365\/wp-content\/uploads\/2015\/12\/fotonoticia_20151210152404_800-80x60.jpg 80w, https:\/\/eldigitaldeasturias.com\/magazine365\/wp-content\/uploads\/2015\/12\/fotonoticia_20151210152404_800-265x198.jpg 265w, https:\/\/eldigitaldeasturias.com\/magazine365\/wp-content\/uploads\/2015\/12\/fotonoticia_20151210152404_800-696x522.jpg 696w, https:\/\/eldigitaldeasturias.com\/magazine365\/wp-content\/uploads\/2015\/12\/fotonoticia_20151210152404_800-560x420.jpg 560w, https:\/\/eldigitaldeasturias.com\/magazine365\/wp-content\/uploads\/2015\/12\/fotonoticia_20151210152404_800-90x67.jpg 90w, https:\/\/eldigitaldeasturias.com\/magazine365\/wp-content\/uploads\/2015\/12\/fotonoticia_20151210152404_800-100x75.jpg 100w, https:\/\/eldigitaldeasturias.com\/magazine365\/wp-content\/uploads\/2015\/12\/fotonoticia_20151210152404_800.jpg 800w\" sizes=\"(max-width: 360px) 100vw, 360px\" \/>La delegada del Gobierno andaluz en Ja\u00e9n, Ana Cobo, ha puesto de relieve el potencial tur\u00edstico de La Iruela, cuya planta hotelera es la mayor de la provincia con m\u00e1s de 2.600 plazas, \u00abraz\u00f3n por la que necesita una atenci\u00f3n especial\u00bb.<\/p>\n<p>As\u00ed lo ha indicado antes de la reuni\u00f3n que ha mantenido este jueves con el alcalde irolense, Jos\u00e9 Antonio Olivares, y su equipo de gobierno en el transcurso de una visita institucional al municipio para abordar algunas de las iniciativas que la Junta ha desarrollado y tiene previsto realizar en la localidad, as\u00ed como las demandas planteadas por el municipio.<\/p>\n<p>\u00abLa Iruela cuenta con una actividad tur\u00edstica muy importante. En los puentes o las fiestas navide\u00f1as, su poblaci\u00f3n de 2.000 habitantes se multiplica por m\u00e1s de tres, por lo que requiere de una prestaci\u00f3n de servicios de la m\u00e1xima calidad, porque estamos dando la imagen de lo que es la provincia y el Parque Natural de Cazorla, Segura y Las Villas\u00bb, ha asegurado Cobo.<\/p>\n<p>El encuentro tambi\u00e9n ha servido para hacer un seguimiento de las actuaciones en las que ha intervenido el Gobierno andaluz en la localidad, \u00abcon inversiones muy fuertes\u00bb como la ejecutada en el Centro de Interpretaci\u00f3n del Castillo y la iglesia de Santo Domingo con m\u00e1s de 400.000 euros.<\/p>\n<p>\u00abQueremos saber qu\u00e9 repercusi\u00f3n est\u00e1 teniendo y c\u00f3mo est\u00e1 afectando a la actividad econ\u00f3mica del municipio\u00bb, ha explicado la delegada, quien ha a\u00f1adido que la finalidad es que sus habitantes \u00abtengan la oportunidad de tener un empleo aqu\u00ed, diversificar la econom\u00eda y ofrecer cada vez m\u00e1s calidad en la oferta tur\u00edstica, de modo que la gente que venga buscando algo, cumpla sus expectativas\u00bb.<\/p>\n<p>En este sentido, quienes se desplazan hasta este enclave \u00bb encuentren naturaleza, salud, actividades deportivas al aire libre, hospitalidad, buena gastronom\u00eda y servicios\u00bb. Por ello, ha hecho hincapi\u00e9 en la necesidad de \u00abestar a la altura\u00bb ante las expectativas \u00abmuy buenas\u00bb creadas en estos a\u00f1os y que hay que mantener.<\/p>\n<p>Por \u00faltimo, Cobo ha aprovechado su estancia en La Iruela para visitar los n\u00facleos donde pr\u00f3ximamente se van a realizar intervenciones. En este sentido, cabe destacar que la sede del Colegio P\u00fablico Rural (CPR) Atalaya de Burunchel ser\u00e1 objeto de obras de reforma y ampliaci\u00f3n con un presupuesto de 150.000 euros.<\/p>\n","protected":false},"excerpt":{"rendered":"<p>La delegada del Gobierno andaluz en Ja\u00e9n, Ana Cobo, ha puesto de relieve el potencial tur\u00edstico de La Iruela, cuya planta hotelera es la mayor de la provincia con m\u00e1s de 2.600 plazas, \u00abraz\u00f3n por la que necesita una atenci\u00f3n especial\u00bb. As\u00ed lo ha indicado antes de la reuni\u00f3n que ha mantenido este jueves con<\/p>\n","protected":false},"author":1,"featured_media":58184,"comment_status":"open","ping_status":"closed","sticky":false,"template":"","format":"standard","meta":{"footnotes":""},"categories":[224],"tags":[],"class_list":{"0":"post-58182","1":"post","2":"type-post","3":"status-publish","4":"format-standard","5":"has-post-thumbnail","7":"category-noticias-actualidad"},"aioseo_notices":[],"aioseo_head":"\n\t\t<!-- All in One SEO Pro 4.9.6.1 - aioseo.com -->\n\t<meta name=\"description\" content=\"La delegada del Gobierno andaluz en Ja\u00e9n, Ana Cobo, ha puesto de relieve el potencial tur\u00edstico de La Iruela, cuya planta hotelera es la mayor de la provincia con m\u00e1s de 2.600 plazas, &quot;raz\u00f3n por la que necesita una atenci\u00f3n especial&quot;. As\u00ed lo ha indicado antes de la reuni\u00f3n que ha mantenido este jueves con\" \/>\n\t<meta name=\"robots\" content=\"max-image-preview:large\" \/>\n\t<meta name=\"author\" content=\"admin\"\/>\n\t<meta name=\"google-site-verification\" content=\"UA-38556648-1\" \/>\n\t<meta name=\"keywords\" content=\"noticias y actualidad\" \/>\n\t<link rel=\"canonical\" href=\"https:\/\/eldigitaldeasturias.com\/magazine365\/la-junta-de-andalucia-ensalza-el-potencial-de-la-iruela\/\" \/>\n\t<meta name=\"generator\" content=\"All in One SEO Pro (AIOSEO) 4.9.6.1\" \/>\n\t\t<meta property=\"og:locale\" content=\"es_ES\" \/>\n\t\t<meta property=\"og:site_name\" content=\"El Digital de Asturias \u2013 Revista de ocio, turismo y estilo de vida\" \/>\n\t\t<meta property=\"og:type\" content=\"article\" \/>\n\t\t<meta property=\"og:title\" content=\"La Junta de Andaluc\u00eda ensalza el potencial de La Iruela | El Digital de Asturias\" \/>\n\t\t<meta property=\"og:description\" content=\"La delegada del Gobierno andaluz en Ja\u00e9n, Ana Cobo, ha puesto de relieve el potencial tur\u00edstico de La Iruela, cuya planta hotelera es la mayor de la provincia con m\u00e1s de 2.600 plazas, &quot;raz\u00f3n por la que necesita una atenci\u00f3n especial&quot;. As\u00ed lo ha indicado antes de la reuni\u00f3n que ha mantenido este jueves con\" \/>\n\t\t<meta property=\"og:url\" content=\"https:\/\/eldigitaldeasturias.com\/magazine365\/la-junta-de-andalucia-ensalza-el-potencial-de-la-iruela\/\" \/>\n\t\t<meta property=\"og:image\" content=\"https:\/\/eldigitaldeasturias.com\/magazine365\/wp-content\/uploads\/2015\/12\/fotonoticia_20151210152404_800.jpg\" \/>\n\t\t<meta property=\"og:image:secure_url\" content=\"https:\/\/eldigitaldeasturias.com\/magazine365\/wp-content\/uploads\/2015\/12\/fotonoticia_20151210152404_800.jpg\" \/>\n\t\t<meta property=\"og:image:width\" content=\"800\" \/>\n\t\t<meta property=\"og:image:height\" content=\"600\" \/>\n\t\t<meta property=\"article:published_time\" content=\"2015-12-11T15:28:41+00:00\" \/>\n\t\t<meta property=\"article:modified_time\" content=\"2015-12-11T15:28:41+00:00\" \/>\n\t\t<meta name=\"twitter:card\" content=\"summary_large_image\" \/>\n\t\t<meta name=\"twitter:title\" content=\"La Junta de Andaluc\u00eda ensalza el potencial de La Iruela | El Digital de Asturias\" \/>\n\t\t<meta name=\"twitter:description\" content=\"La delegada del Gobierno andaluz en Ja\u00e9n, Ana Cobo, ha puesto de relieve el potencial tur\u00edstico de La Iruela, cuya planta hotelera es la mayor de la provincia con m\u00e1s de 2.600 plazas, &quot;raz\u00f3n por la que necesita una atenci\u00f3n especial&quot;. As\u00ed lo ha indicado antes de la reuni\u00f3n que ha mantenido este jueves con\" \/>\n\t\t<meta name=\"twitter:image\" content=\"https:\/\/eldigitaldeasturias.com\/magazine365\/wp-content\/uploads\/2015\/12\/fotonoticia_20151210152404_800.jpg\" \/>\n\t\t<script type=\"application\/ld+json\" class=\"aioseo-schema\">\n\t\t\t{\"@context\":\"https:\\\/\\\/schema.org\",\"@graph\":[{\"@type\":\"Article\",\"@id\":\"https:\\\/\\\/eldigitaldeasturias.com\\\/magazine365\\\/la-junta-de-andalucia-ensalza-el-potencial-de-la-iruela\\\/#article\",\"name\":\"La Junta de Andaluc\\u00eda ensalza el potencial de La Iruela | El Digital de Asturias\",\"headline\":\"La Junta de Andaluc\\u00eda ensalza el potencial de La Iruela\",\"author\":{\"@id\":\"https:\\\/\\\/eldigitaldeasturias.com\\\/magazine365\\\/author\\\/admin\\\/#author\"},\"publisher\":{\"@id\":\"https:\\\/\\\/eldigitaldeasturias.com\\\/magazine365\\\/#organization\"},\"image\":{\"@type\":\"ImageObject\",\"url\":\"https:\\\/\\\/eldigitaldeasturias.com\\\/magazine365\\\/wp-content\\\/uploads\\\/2015\\\/12\\\/fotonoticia_20151210152404_800.jpg\",\"width\":800,\"height\":600},\"datePublished\":\"2015-12-11T16:28:41+01:00\",\"dateModified\":\"2015-12-11T16:28:41+01:00\",\"inLanguage\":\"es-ES\",\"mainEntityOfPage\":{\"@id\":\"https:\\\/\\\/eldigitaldeasturias.com\\\/magazine365\\\/la-junta-de-andalucia-ensalza-el-potencial-de-la-iruela\\\/#webpage\"},\"isPartOf\":{\"@id\":\"https:\\\/\\\/eldigitaldeasturias.com\\\/magazine365\\\/la-junta-de-andalucia-ensalza-el-potencial-de-la-iruela\\\/#webpage\"},\"articleSection\":\"Noticias y Actualidad\"},{\"@type\":\"BreadcrumbList\",\"@id\":\"https:\\\/\\\/eldigitaldeasturias.com\\\/magazine365\\\/la-junta-de-andalucia-ensalza-el-potencial-de-la-iruela\\\/#breadcrumblist\",\"itemListElement\":[{\"@type\":\"ListItem\",\"@id\":\"https:\\\/\\\/eldigitaldeasturias.com\\\/magazine365#listItem\",\"position\":1,\"name\":\"Home\",\"item\":\"https:\\\/\\\/eldigitaldeasturias.com\\\/magazine365\",\"nextItem\":{\"@type\":\"ListItem\",\"@id\":\"https:\\\/\\\/eldigitaldeasturias.com\\\/magazine365\\\/category\\\/noticias-actualidad\\\/#listItem\",\"name\":\"Noticias y Actualidad\"}},{\"@type\":\"ListItem\",\"@id\":\"https:\\\/\\\/eldigitaldeasturias.com\\\/magazine365\\\/category\\\/noticias-actualidad\\\/#listItem\",\"position\":2,\"name\":\"Noticias y Actualidad\",\"item\":\"https:\\\/\\\/eldigitaldeasturias.com\\\/magazine365\\\/category\\\/noticias-actualidad\\\/\",\"nextItem\":{\"@type\":\"ListItem\",\"@id\":\"https:\\\/\\\/eldigitaldeasturias.com\\\/magazine365\\\/la-junta-de-andalucia-ensalza-el-potencial-de-la-iruela\\\/#listItem\",\"name\":\"La Junta de Andaluc\\u00eda ensalza el potencial de La Iruela\"},\"previousItem\":{\"@type\":\"ListItem\",\"@id\":\"https:\\\/\\\/eldigitaldeasturias.com\\\/magazine365#listItem\",\"name\":\"Home\"}},{\"@type\":\"ListItem\",\"@id\":\"https:\\\/\\\/eldigitaldeasturias.com\\\/magazine365\\\/la-junta-de-andalucia-ensalza-el-potencial-de-la-iruela\\\/#listItem\",\"position\":3,\"name\":\"La Junta de Andaluc\\u00eda ensalza el potencial de La Iruela\",\"previousItem\":{\"@type\":\"ListItem\",\"@id\":\"https:\\\/\\\/eldigitaldeasturias.com\\\/magazine365\\\/category\\\/noticias-actualidad\\\/#listItem\",\"name\":\"Noticias y Actualidad\"}}]},{\"@type\":\"Organization\",\"@id\":\"https:\\\/\\\/eldigitaldeasturias.com\\\/magazine365\\\/#organization\",\"name\":\"El digital de Asturias\",\"description\":\"Revista de ocio, turismo y estilo de vida\",\"url\":\"https:\\\/\\\/eldigitaldeasturias.com\\\/magazine365\\\/\",\"logo\":{\"@type\":\"ImageObject\",\"url\":\"https:\\\/\\\/www.eldigitaldeasturias.com\\\/noticias\\\/wp-content\\\/uploads\\\/2020\\\/12\\\/EDA.jpg\",\"@id\":\"https:\\\/\\\/eldigitaldeasturias.com\\\/magazine365\\\/la-junta-de-andalucia-ensalza-el-potencial-de-la-iruela\\\/#organizationLogo\"},\"image\":{\"@id\":\"https:\\\/\\\/eldigitaldeasturias.com\\\/magazine365\\\/la-junta-de-andalucia-ensalza-el-potencial-de-la-iruela\\\/#organizationLogo\"}},{\"@type\":\"Person\",\"@id\":\"https:\\\/\\\/eldigitaldeasturias.com\\\/magazine365\\\/author\\\/admin\\\/#author\",\"url\":\"https:\\\/\\\/eldigitaldeasturias.com\\\/magazine365\\\/author\\\/admin\\\/\",\"name\":\"admin\",\"image\":{\"@type\":\"ImageObject\",\"@id\":\"https:\\\/\\\/eldigitaldeasturias.com\\\/magazine365\\\/la-junta-de-andalucia-ensalza-el-potencial-de-la-iruela\\\/#authorImage\",\"url\":\"https:\\\/\\\/eldigitaldeasturias.com\\\/magazine365\\\/wp-content\\\/litespeed\\\/avatar\\\/e571bcf59a0edd6fa6838245a470f2fe.jpg?ver=1777574230\",\"width\":96,\"height\":96,\"caption\":\"admin\"}},{\"@type\":\"WebPage\",\"@id\":\"https:\\\/\\\/eldigitaldeasturias.com\\\/magazine365\\\/la-junta-de-andalucia-ensalza-el-potencial-de-la-iruela\\\/#webpage\",\"url\":\"https:\\\/\\\/eldigitaldeasturias.com\\\/magazine365\\\/la-junta-de-andalucia-ensalza-el-potencial-de-la-iruela\\\/\",\"name\":\"La Junta de Andaluc\\u00eda ensalza el potencial de La Iruela | El Digital de Asturias\",\"description\":\"La delegada del Gobierno andaluz en Ja\\u00e9n, Ana Cobo, ha puesto de relieve el potencial tur\\u00edstico de La Iruela, cuya planta hotelera es la mayor de la provincia con m\\u00e1s de 2.600 plazas, \\\"raz\\u00f3n por la que necesita una atenci\\u00f3n especial\\\". As\\u00ed lo ha indicado antes de la reuni\\u00f3n que ha mantenido este jueves con\",\"inLanguage\":\"es-ES\",\"isPartOf\":{\"@id\":\"https:\\\/\\\/eldigitaldeasturias.com\\\/magazine365\\\/#website\"},\"breadcrumb\":{\"@id\":\"https:\\\/\\\/eldigitaldeasturias.com\\\/magazine365\\\/la-junta-de-andalucia-ensalza-el-potencial-de-la-iruela\\\/#breadcrumblist\"},\"author\":{\"@id\":\"https:\\\/\\\/eldigitaldeasturias.com\\\/magazine365\\\/author\\\/admin\\\/#author\"},\"creator\":{\"@id\":\"https:\\\/\\\/eldigitaldeasturias.com\\\/magazine365\\\/author\\\/admin\\\/#author\"},\"image\":{\"@type\":\"ImageObject\",\"url\":\"https:\\\/\\\/eldigitaldeasturias.com\\\/magazine365\\\/wp-content\\\/uploads\\\/2015\\\/12\\\/fotonoticia_20151210152404_800.jpg\",\"@id\":\"https:\\\/\\\/eldigitaldeasturias.com\\\/magazine365\\\/la-junta-de-andalucia-ensalza-el-potencial-de-la-iruela\\\/#mainImage\",\"width\":800,\"height\":600},\"primaryImageOfPage\":{\"@id\":\"https:\\\/\\\/eldigitaldeasturias.com\\\/magazine365\\\/la-junta-de-andalucia-ensalza-el-potencial-de-la-iruela\\\/#mainImage\"},\"datePublished\":\"2015-12-11T16:28:41+01:00\",\"dateModified\":\"2015-12-11T16:28:41+01:00\"},{\"@type\":\"WebSite\",\"@id\":\"https:\\\/\\\/eldigitaldeasturias.com\\\/magazine365\\\/#website\",\"url\":\"https:\\\/\\\/eldigitaldeasturias.com\\\/magazine365\\\/\",\"name\":\"El Digital de Asturias\",\"description\":\"Revista de ocio, turismo y estilo de vida\",\"inLanguage\":\"es-ES\",\"publisher\":{\"@id\":\"https:\\\/\\\/eldigitaldeasturias.com\\\/magazine365\\\/#organization\"}}]}\n\t\t<\/script>\n\t\t<!-- All in One SEO Pro -->\r\n\t\t<title>La Junta de Andaluc\u00eda ensalza el potencial de La Iruela | El Digital de Asturias<\/title>\n\n","aioseo_head_json":{"title":"La Junta de Andaluc\u00eda ensalza el potencial de La Iruela | El Digital de Asturias","description":"La delegada del Gobierno andaluz en Ja\u00e9n, Ana Cobo, ha puesto de relieve el potencial tur\u00edstico de La Iruela, cuya planta hotelera es la mayor de la provincia con m\u00e1s de 2.600 plazas, \"raz\u00f3n por la que necesita una atenci\u00f3n especial\". As\u00ed lo ha indicado antes de la reuni\u00f3n que ha mantenido este jueves con","canonical_url":"https:\/\/eldigitaldeasturias.com\/magazine365\/la-junta-de-andalucia-ensalza-el-potencial-de-la-iruela\/","robots":"max-image-preview:large","keywords":"noticias y actualidad","webmasterTools":{"google-site-verification":"UA-38556648-1","miscellaneous":""},"schema":{"@context":"https:\/\/schema.org","@graph":[{"@type":"Article","@id":"https:\/\/eldigitaldeasturias.com\/magazine365\/la-junta-de-andalucia-ensalza-el-potencial-de-la-iruela\/#article","name":"La Junta de Andaluc\u00eda ensalza el potencial de La Iruela | El Digital de Asturias","headline":"La Junta de Andaluc\u00eda ensalza el potencial de La Iruela","author":{"@id":"https:\/\/eldigitaldeasturias.com\/magazine365\/author\/admin\/#author"},"publisher":{"@id":"https:\/\/eldigitaldeasturias.com\/magazine365\/#organization"},"image":{"@type":"ImageObject","url":"https:\/\/eldigitaldeasturias.com\/magazine365\/wp-content\/uploads\/2015\/12\/fotonoticia_20151210152404_800.jpg","width":800,"height":600},"datePublished":"2015-12-11T16:28:41+01:00","dateModified":"2015-12-11T16:28:41+01:00","inLanguage":"es-ES","mainEntityOfPage":{"@id":"https:\/\/eldigitaldeasturias.com\/magazine365\/la-junta-de-andalucia-ensalza-el-potencial-de-la-iruela\/#webpage"},"isPartOf":{"@id":"https:\/\/eldigitaldeasturias.com\/magazine365\/la-junta-de-andalucia-ensalza-el-potencial-de-la-iruela\/#webpage"},"articleSection":"Noticias y Actualidad"},{"@type":"BreadcrumbList","@id":"https:\/\/eldigitaldeasturias.com\/magazine365\/la-junta-de-andalucia-ensalza-el-potencial-de-la-iruela\/#breadcrumblist","itemListElement":[{"@type":"ListItem","@id":"https:\/\/eldigitaldeasturias.com\/magazine365#listItem","position":1,"name":"Home","item":"https:\/\/eldigitaldeasturias.com\/magazine365","nextItem":{"@type":"ListItem","@id":"https:\/\/eldigitaldeasturias.com\/magazine365\/category\/noticias-actualidad\/#listItem","name":"Noticias y Actualidad"}},{"@type":"ListItem","@id":"https:\/\/eldigitaldeasturias.com\/magazine365\/category\/noticias-actualidad\/#listItem","position":2,"name":"Noticias y Actualidad","item":"https:\/\/eldigitaldeasturias.com\/magazine365\/category\/noticias-actualidad\/","nextItem":{"@type":"ListItem","@id":"https:\/\/eldigitaldeasturias.com\/magazine365\/la-junta-de-andalucia-ensalza-el-potencial-de-la-iruela\/#listItem","name":"La Junta de Andaluc\u00eda ensalza el potencial de La Iruela"},"previousItem":{"@type":"ListItem","@id":"https:\/\/eldigitaldeasturias.com\/magazine365#listItem","name":"Home"}},{"@type":"ListItem","@id":"https:\/\/eldigitaldeasturias.com\/magazine365\/la-junta-de-andalucia-ensalza-el-potencial-de-la-iruela\/#listItem","position":3,"name":"La Junta de Andaluc\u00eda ensalza el potencial de La Iruela","previousItem":{"@type":"ListItem","@id":"https:\/\/eldigitaldeasturias.com\/magazine365\/category\/noticias-actualidad\/#listItem","name":"Noticias y Actualidad"}}]},{"@type":"Organization","@id":"https:\/\/eldigitaldeasturias.com\/magazine365\/#organization","name":"El digital de Asturias","description":"Revista de ocio, turismo y estilo de vida","url":"https:\/\/eldigitaldeasturias.com\/magazine365\/","logo":{"@type":"ImageObject","url":"https:\/\/www.eldigitaldeasturias.com\/noticias\/wp-content\/uploads\/2020\/12\/EDA.jpg","@id":"https:\/\/eldigitaldeasturias.com\/magazine365\/la-junta-de-andalucia-ensalza-el-potencial-de-la-iruela\/#organizationLogo"},"image":{"@id":"https:\/\/eldigitaldeasturias.com\/magazine365\/la-junta-de-andalucia-ensalza-el-potencial-de-la-iruela\/#organizationLogo"}},{"@type":"Person","@id":"https:\/\/eldigitaldeasturias.com\/magazine365\/author\/admin\/#author","url":"https:\/\/eldigitaldeasturias.com\/magazine365\/author\/admin\/","name":"admin","image":{"@type":"ImageObject","@id":"https:\/\/eldigitaldeasturias.com\/magazine365\/la-junta-de-andalucia-ensalza-el-potencial-de-la-iruela\/#authorImage","url":"https:\/\/eldigitaldeasturias.com\/magazine365\/wp-content\/litespeed\/avatar\/e571bcf59a0edd6fa6838245a470f2fe.jpg?ver=1777574230","width":96,"height":96,"caption":"admin"}},{"@type":"WebPage","@id":"https:\/\/eldigitaldeasturias.com\/magazine365\/la-junta-de-andalucia-ensalza-el-potencial-de-la-iruela\/#webpage","url":"https:\/\/eldigitaldeasturias.com\/magazine365\/la-junta-de-andalucia-ensalza-el-potencial-de-la-iruela\/","name":"La Junta de Andaluc\u00eda ensalza el potencial de La Iruela | El Digital de Asturias","description":"La delegada del Gobierno andaluz en Ja\u00e9n, Ana Cobo, ha puesto de relieve el potencial tur\u00edstico de La Iruela, cuya planta hotelera es la mayor de la provincia con m\u00e1s de 2.600 plazas, \"raz\u00f3n por la que necesita una atenci\u00f3n especial\". As\u00ed lo ha indicado antes de la reuni\u00f3n que ha mantenido este jueves con","inLanguage":"es-ES","isPartOf":{"@id":"https:\/\/eldigitaldeasturias.com\/magazine365\/#website"},"breadcrumb":{"@id":"https:\/\/eldigitaldeasturias.com\/magazine365\/la-junta-de-andalucia-ensalza-el-potencial-de-la-iruela\/#breadcrumblist"},"author":{"@id":"https:\/\/eldigitaldeasturias.com\/magazine365\/author\/admin\/#author"},"creator":{"@id":"https:\/\/eldigitaldeasturias.com\/magazine365\/author\/admin\/#author"},"image":{"@type":"ImageObject","url":"https:\/\/eldigitaldeasturias.com\/magazine365\/wp-content\/uploads\/2015\/12\/fotonoticia_20151210152404_800.jpg","@id":"https:\/\/eldigitaldeasturias.com\/magazine365\/la-junta-de-andalucia-ensalza-el-potencial-de-la-iruela\/#mainImage","width":800,"height":600},"primaryImageOfPage":{"@id":"https:\/\/eldigitaldeasturias.com\/magazine365\/la-junta-de-andalucia-ensalza-el-potencial-de-la-iruela\/#mainImage"},"datePublished":"2015-12-11T16:28:41+01:00","dateModified":"2015-12-11T16:28:41+01:00"},{"@type":"WebSite","@id":"https:\/\/eldigitaldeasturias.com\/magazine365\/#website","url":"https:\/\/eldigitaldeasturias.com\/magazine365\/","name":"El Digital de Asturias","description":"Revista de ocio, turismo y estilo de vida","inLanguage":"es-ES","publisher":{"@id":"https:\/\/eldigitaldeasturias.com\/magazine365\/#organization"}}]},"og:locale":"es_ES","og:site_name":"El Digital de Asturias \u2013 Revista de ocio, turismo y estilo de vida","og:type":"article","og:title":"La Junta de Andaluc\u00eda ensalza el potencial de La Iruela | El Digital de Asturias","og:description":"La delegada del Gobierno andaluz en Ja\u00e9n, Ana Cobo, ha puesto de relieve el potencial tur\u00edstico de La Iruela, cuya planta hotelera es la mayor de la provincia con m\u00e1s de 2.600 plazas, &quot;raz\u00f3n por la que necesita una atenci\u00f3n especial&quot;. As\u00ed lo ha indicado antes de la reuni\u00f3n que ha mantenido este jueves con","og:url":"https:\/\/eldigitaldeasturias.com\/magazine365\/la-junta-de-andalucia-ensalza-el-potencial-de-la-iruela\/","og:image":"https:\/\/eldigitaldeasturias.com\/magazine365\/wp-content\/uploads\/2015\/12\/fotonoticia_20151210152404_800.jpg","og:image:secure_url":"https:\/\/eldigitaldeasturias.com\/magazine365\/wp-content\/uploads\/2015\/12\/fotonoticia_20151210152404_800.jpg","og:image:width":800,"og:image:height":600,"article:published_time":"2015-12-11T15:28:41+00:00","article:modified_time":"2015-12-11T15:28:41+00:00","twitter:card":"summary_large_image","twitter:title":"La Junta de Andaluc\u00eda ensalza el potencial de La Iruela | El Digital de Asturias","twitter:description":"La delegada del Gobierno andaluz en Ja\u00e9n, Ana Cobo, ha puesto de relieve el potencial tur\u00edstico de La Iruela, cuya planta hotelera es la mayor de la provincia con m\u00e1s de 2.600 plazas, &quot;raz\u00f3n por la que necesita una atenci\u00f3n especial&quot;. As\u00ed lo ha indicado antes de la reuni\u00f3n que ha mantenido este jueves con","twitter:image":"https:\/\/eldigitaldeasturias.com\/magazine365\/wp-content\/uploads\/2015\/12\/fotonoticia_20151210152404_800.jpg"},"aioseo_meta_data":{"post_id":"58182","title":null,"description":null,"keywords":null,"keyphrases":null,"primary_term":null,"canonical_url":null,"og_title":null,"og_description":null,"og_object_type":"default","og_image_type":"default","og_image_url":null,"og_image_width":null,"og_image_height":null,"og_image_custom_url":null,"og_image_custom_fields":null,"og_video":null,"og_custom_url":null,"og_article_section":null,"og_article_tags":null,"twitter_use_og":false,"twitter_card":"default","twitter_image_type":"default","twitter_image_url":null,"twitter_image_custom_url":null,"twitter_image_custom_fields":null,"twitter_title":null,"twitter_description":null,"schema":{"blockGraphs":[],"customGraphs":[],"default":{"data":{"Article":[],"Course":[],"Dataset":[],"FAQPage":[],"Movie":[],"Person":[],"Product":[],"ProductReview":[],"Car":[],"Recipe":[],"Service":[],"SoftwareApplication":[],"WebPage":[]},"graphName":"","isEnabled":true},"graphs":[]},"schema_type":null,"schema_type_options":null,"pillar_content":false,"robots_default":true,"robots_noindex":false,"robots_noarchive":false,"robots_nosnippet":false,"robots_nofollow":false,"robots_noimageindex":false,"robots_noodp":false,"robots_notranslate":false,"robots_max_snippet":null,"robots_max_videopreview":null,"robots_max_imagepreview":"large","priority":null,"frequency":null,"location":null,"local_seo":null,"seo_analyzer_scan_date":"2025-09-25 02:30:57","breadcrumb_settings":null,"limit_modified_date":false,"open_ai":null,"ai":null,"created":"2021-03-08 22:33:14","updated":"2025-09-25 02:30:57"},"aioseo_breadcrumb":"<div class=\"aioseo-breadcrumbs\"><span class=\"aioseo-breadcrumb\">\n\t<a href=\"https:\/\/eldigitaldeasturias.com\/magazine365\" title=\"Home\">Home<\/a>\n<\/span><span class=\"aioseo-breadcrumb-separator\">\u2013<\/span><span class=\"aioseo-breadcrumb\">\n\t<a href=\"https:\/\/eldigitaldeasturias.com\/magazine365\/category\/noticias-actualidad\/\" title=\"Noticias y Actualidad\">Noticias y Actualidad<\/a>\n<\/span><span class=\"aioseo-breadcrumb-separator\">\u2013<\/span><span class=\"aioseo-breadcrumb\">\n\t<a href=\"https:\/\/eldigitaldeasturias.com\/magazine365\/la-junta-de-andalucia-ensalza-el-potencial-de-la-iruela\/\" title=\"La Junta de Andaluc\u00eda ensalza el potencial de La Iruela\">La Junta de Andaluc\u00eda ensalza el potencial de La Iruela<\/a>\n<\/span><\/div>","aioseo_breadcrumb_json":[{"label":"Home","link":"https:\/\/eldigitaldeasturias.com\/magazine365"},{"label":"Noticias y Actualidad","link":"https:\/\/eldigitaldeasturias.com\/magazine365\/category\/noticias-actualidad\/"},{"label":"La Junta de Andaluc\u00eda ensalza el potencial de La Iruela","link":"https:\/\/eldigitaldeasturias.com\/magazine365\/la-junta-de-andalucia-ensalza-el-potencial-de-la-iruela\/"}],"_links":{"self":[{"href":"https:\/\/eldigitaldeasturias.com\/magazine365\/wp-json\/wp\/v2\/posts\/58182","targetHints":{"allow":["GET"]}}],"collection":[{"href":"https:\/\/eldigitaldeasturias.com\/magazine365\/wp-json\/wp\/v2\/posts"}],"about":[{"href":"https:\/\/eldigitaldeasturias.com\/magazine365\/wp-json\/wp\/v2\/types\/post"}],"author":[{"embeddable":true,"href":"https:\/\/eldigitaldeasturias.com\/magazine365\/wp-json\/wp\/v2\/users\/1"}],"replies":[{"embeddable":true,"href":"https:\/\/eldigitaldeasturias.com\/magazine365\/wp-json\/wp\/v2\/comments?post=58182"}],"version-history":[{"count":0,"href":"https:\/\/eldigitaldeasturias.com\/magazine365\/wp-json\/wp\/v2\/posts\/58182\/revisions"}],"wp:featuredmedia":[{"embeddable":true,"href":"https:\/\/eldigitaldeasturias.com\/magazine365\/wp-json\/wp\/v2\/media\/58184"}],"wp:attachment":[{"href":"https:\/\/eldigitaldeasturias.com\/magazine365\/wp-json\/wp\/v2\/media?parent=58182"}],"wp:term":[{"taxonomy":"category","embeddable":true,"href":"https:\/\/eldigitaldeasturias.com\/magazine365\/wp-json\/wp\/v2\/categories?post=58182"},{"taxonomy":"post_tag","embeddable":true,"href":"https:\/\/eldigitaldeasturias.com\/magazine365\/wp-json\/wp\/v2\/tags?post=58182"}],"curies":[{"name":"wp","href":"https:\/\/api.w.org\/{rel}","templated":true}]}}