{"id":58173,"date":"2015-12-11T16:12:39","date_gmt":"2015-12-11T15:12:39","guid":{"rendered":"http:\/\/eldigitaldeasturias.com\/magazine365\/?p=58173"},"modified":"2015-12-11T16:12:39","modified_gmt":"2015-12-11T15:12:39","slug":"oviedo-acoge-la-asamblea-de-la-confederacion-espanola-de-guias-de-turismo","status":"publish","type":"post","link":"https:\/\/eldigitaldeasturias.com\/magazine365\/oviedo-acoge-la-asamblea-de-la-confederacion-espanola-de-guias-de-turismo\/","title":{"rendered":"Oviedo acoge la asamblea de la Confederaci\u00f3n Espa\u00f1ola de Gu\u00edas de Turismo"},"content":{"rendered":"<p><img fetchpriority=\"high\" decoding=\"async\" class=\"alignleft size-medium wp-image-58174\" src=\"https:\/\/eldigitaldeasturias.com\/magazine365\/wp-content\/uploads\/2015\/12\/fotonoticia_20151210133037_800-360x270.jpg\" alt=\"fotonoticia_20151210133037_800\" width=\"360\" height=\"270\" srcset=\"https:\/\/eldigitaldeasturias.com\/magazine365\/wp-content\/uploads\/2015\/12\/fotonoticia_20151210133037_800-360x270.jpg 360w, https:\/\/eldigitaldeasturias.com\/magazine365\/wp-content\/uploads\/2015\/12\/fotonoticia_20151210133037_800-650x488.jpg 650w, https:\/\/eldigitaldeasturias.com\/magazine365\/wp-content\/uploads\/2015\/12\/fotonoticia_20151210133037_800-768x576.jpg 768w, https:\/\/eldigitaldeasturias.com\/magazine365\/wp-content\/uploads\/2015\/12\/fotonoticia_20151210133037_800-150x113.jpg 150w, https:\/\/eldigitaldeasturias.com\/magazine365\/wp-content\/uploads\/2015\/12\/fotonoticia_20151210133037_800-450x338.jpg 450w, https:\/\/eldigitaldeasturias.com\/magazine365\/wp-content\/uploads\/2015\/12\/fotonoticia_20151210133037_800-80x60.jpg 80w, https:\/\/eldigitaldeasturias.com\/magazine365\/wp-content\/uploads\/2015\/12\/fotonoticia_20151210133037_800-265x198.jpg 265w, https:\/\/eldigitaldeasturias.com\/magazine365\/wp-content\/uploads\/2015\/12\/fotonoticia_20151210133037_800-696x522.jpg 696w, https:\/\/eldigitaldeasturias.com\/magazine365\/wp-content\/uploads\/2015\/12\/fotonoticia_20151210133037_800-560x420.jpg 560w, https:\/\/eldigitaldeasturias.com\/magazine365\/wp-content\/uploads\/2015\/12\/fotonoticia_20151210133037_800-90x67.jpg 90w, https:\/\/eldigitaldeasturias.com\/magazine365\/wp-content\/uploads\/2015\/12\/fotonoticia_20151210133037_800-100x75.jpg 100w, https:\/\/eldigitaldeasturias.com\/magazine365\/wp-content\/uploads\/2015\/12\/fotonoticia_20151210133037_800.jpg 800w\" sizes=\"(max-width: 360px) 100vw, 360px\" \/>Oviedo acoger\u00e1 entre el 10 y 12 de diciembre la Asamblea General Ordinaria anual de la Confederaci\u00f3n Espa\u00f1ola de Federaciones y Asociaciones de Gu\u00edas de Turismo.<\/p>\n<p>Bajo el nombre de &#8216;AGO Oviedo 2015&#8217;, los delegados de las diferentes asociaciones de gu\u00edas de turismo nacionales, abordar\u00e1n asuntos relevantes para su sector y la actividad que desarrollan.<\/p>\n<p>Como novedad, Oviedo tambi\u00e9n acoger\u00e1 el primer encuentro nacional de Gu\u00edas Oficiales Federados, que, a trav\u00e9s de un programa l\u00fadico y cultural, podr\u00e1n conocer los rincones del Principado de Asturias.<\/p>\n<p>El acto de inauguraci\u00f3n ha tenido lugar este jueves en el sal\u00f3n de actos del Consejo de Asturias de Formaci\u00f3n Profesional, en el Palacio de los Condes de Toreno situado en la Plaza Porlier.<\/p>\n<p>Entre los asistentes al acto, figuran la subdirectora general de la Secretar\u00eda General de Cooperaci\u00f3n y Competitividad de la Secretar\u00eda General de Turismo, Fuencisla Tejedor; el director general de Turismo del Principado de Asturias, Julio Gonz\u00e1lez y el concejal de Turismo del Ayuntamiento de Oviedo, Rub\u00e9n Ros\u00f3n.<\/p>\n","protected":false},"excerpt":{"rendered":"<p>Oviedo acoger\u00e1 entre el 10 y 12 de diciembre la Asamblea General Ordinaria anual de la Confederaci\u00f3n Espa\u00f1ola de Federaciones y Asociaciones de Gu\u00edas de Turismo. Bajo el nombre de &#8216;AGO Oviedo 2015&#8217;, los delegados de las diferentes asociaciones de gu\u00edas de turismo nacionales, abordar\u00e1n asuntos relevantes para su sector y la actividad que desarrollan.<\/p>\n","protected":false},"author":1,"featured_media":58174,"comment_status":"open","ping_status":"closed","sticky":false,"template":"","format":"standard","meta":{"footnotes":""},"categories":[224],"tags":[],"class_list":{"0":"post-58173","1":"post","2":"type-post","3":"status-publish","4":"format-standard","5":"has-post-thumbnail","7":"category-noticias-actualidad"},"aioseo_notices":[],"aioseo_head":"\n\t\t<!-- All in One SEO Pro 4.9.6.1 - aioseo.com -->\n\t<meta name=\"description\" content=\"Oviedo acoger\u00e1 entre el 10 y 12 de diciembre la Asamblea General Ordinaria anual de la Confederaci\u00f3n Espa\u00f1ola de Federaciones y Asociaciones de Gu\u00edas de Turismo. Bajo el nombre de &#039;AGO Oviedo 2015&#039;, los delegados de las diferentes asociaciones de gu\u00edas de turismo nacionales, abordar\u00e1n asuntos relevantes para su sector y la actividad que desarrollan.\" \/>\n\t<meta name=\"robots\" content=\"max-image-preview:large\" \/>\n\t<meta name=\"author\" content=\"admin\"\/>\n\t<meta name=\"google-site-verification\" content=\"UA-38556648-1\" \/>\n\t<meta name=\"keywords\" content=\"noticias y actualidad\" \/>\n\t<link rel=\"canonical\" href=\"https:\/\/eldigitaldeasturias.com\/magazine365\/oviedo-acoge-la-asamblea-de-la-confederacion-espanola-de-guias-de-turismo\/\" \/>\n\t<meta name=\"generator\" content=\"All in One SEO Pro (AIOSEO) 4.9.6.1\" \/>\n\t\t<meta property=\"og:locale\" content=\"es_ES\" \/>\n\t\t<meta property=\"og:site_name\" content=\"El Digital de Asturias \u2013 Revista de ocio, turismo y estilo de vida\" \/>\n\t\t<meta property=\"og:type\" content=\"article\" \/>\n\t\t<meta property=\"og:title\" content=\"Oviedo acoge la asamblea de la Confederaci\u00f3n Espa\u00f1ola de Gu\u00edas de Turismo | El Digital de Asturias\" \/>\n\t\t<meta property=\"og:description\" content=\"Oviedo acoger\u00e1 entre el 10 y 12 de diciembre la Asamblea General Ordinaria anual de la Confederaci\u00f3n Espa\u00f1ola de Federaciones y Asociaciones de Gu\u00edas de Turismo. Bajo el nombre de &#039;AGO Oviedo 2015&#039;, los delegados de las diferentes asociaciones de gu\u00edas de turismo nacionales, abordar\u00e1n asuntos relevantes para su sector y la actividad que desarrollan.\" \/>\n\t\t<meta property=\"og:url\" content=\"https:\/\/eldigitaldeasturias.com\/magazine365\/oviedo-acoge-la-asamblea-de-la-confederacion-espanola-de-guias-de-turismo\/\" \/>\n\t\t<meta property=\"og:image\" content=\"https:\/\/eldigitaldeasturias.com\/magazine365\/wp-content\/uploads\/2015\/12\/fotonoticia_20151210133037_800.jpg\" \/>\n\t\t<meta property=\"og:image:secure_url\" content=\"https:\/\/eldigitaldeasturias.com\/magazine365\/wp-content\/uploads\/2015\/12\/fotonoticia_20151210133037_800.jpg\" \/>\n\t\t<meta property=\"og:image:width\" content=\"800\" \/>\n\t\t<meta property=\"og:image:height\" content=\"600\" \/>\n\t\t<meta property=\"article:published_time\" content=\"2015-12-11T15:12:39+00:00\" \/>\n\t\t<meta property=\"article:modified_time\" content=\"2015-12-11T15:12:39+00:00\" \/>\n\t\t<meta name=\"twitter:card\" content=\"summary_large_image\" \/>\n\t\t<meta name=\"twitter:title\" content=\"Oviedo acoge la asamblea de la Confederaci\u00f3n Espa\u00f1ola de Gu\u00edas de Turismo | El Digital de Asturias\" \/>\n\t\t<meta name=\"twitter:description\" content=\"Oviedo acoger\u00e1 entre el 10 y 12 de diciembre la Asamblea General Ordinaria anual de la Confederaci\u00f3n Espa\u00f1ola de Federaciones y Asociaciones de Gu\u00edas de Turismo. Bajo el nombre de &#039;AGO Oviedo 2015&#039;, los delegados de las diferentes asociaciones de gu\u00edas de turismo nacionales, abordar\u00e1n asuntos relevantes para su sector y la actividad que desarrollan.\" \/>\n\t\t<meta name=\"twitter:image\" content=\"https:\/\/eldigitaldeasturias.com\/magazine365\/wp-content\/uploads\/2015\/12\/fotonoticia_20151210133037_800.jpg\" \/>\n\t\t<script type=\"application\/ld+json\" class=\"aioseo-schema\">\n\t\t\t{\"@context\":\"https:\\\/\\\/schema.org\",\"@graph\":[{\"@type\":\"Article\",\"@id\":\"https:\\\/\\\/eldigitaldeasturias.com\\\/magazine365\\\/oviedo-acoge-la-asamblea-de-la-confederacion-espanola-de-guias-de-turismo\\\/#article\",\"name\":\"Oviedo acoge la asamblea de la Confederaci\\u00f3n Espa\\u00f1ola de Gu\\u00edas de Turismo | El Digital de Asturias\",\"headline\":\"Oviedo acoge la asamblea de la Confederaci\\u00f3n Espa\\u00f1ola de Gu\\u00edas de Turismo\",\"author\":{\"@id\":\"https:\\\/\\\/eldigitaldeasturias.com\\\/magazine365\\\/author\\\/admin\\\/#author\"},\"publisher\":{\"@id\":\"https:\\\/\\\/eldigitaldeasturias.com\\\/magazine365\\\/#organization\"},\"image\":{\"@type\":\"ImageObject\",\"url\":\"https:\\\/\\\/eldigitaldeasturias.com\\\/magazine365\\\/wp-content\\\/uploads\\\/2015\\\/12\\\/fotonoticia_20151210133037_800.jpg\",\"width\":800,\"height\":600},\"datePublished\":\"2015-12-11T16:12:39+01:00\",\"dateModified\":\"2015-12-11T16:12:39+01:00\",\"inLanguage\":\"es-ES\",\"mainEntityOfPage\":{\"@id\":\"https:\\\/\\\/eldigitaldeasturias.com\\\/magazine365\\\/oviedo-acoge-la-asamblea-de-la-confederacion-espanola-de-guias-de-turismo\\\/#webpage\"},\"isPartOf\":{\"@id\":\"https:\\\/\\\/eldigitaldeasturias.com\\\/magazine365\\\/oviedo-acoge-la-asamblea-de-la-confederacion-espanola-de-guias-de-turismo\\\/#webpage\"},\"articleSection\":\"Noticias y Actualidad\"},{\"@type\":\"BreadcrumbList\",\"@id\":\"https:\\\/\\\/eldigitaldeasturias.com\\\/magazine365\\\/oviedo-acoge-la-asamblea-de-la-confederacion-espanola-de-guias-de-turismo\\\/#breadcrumblist\",\"itemListElement\":[{\"@type\":\"ListItem\",\"@id\":\"https:\\\/\\\/eldigitaldeasturias.com\\\/magazine365#listItem\",\"position\":1,\"name\":\"Home\",\"item\":\"https:\\\/\\\/eldigitaldeasturias.com\\\/magazine365\",\"nextItem\":{\"@type\":\"ListItem\",\"@id\":\"https:\\\/\\\/eldigitaldeasturias.com\\\/magazine365\\\/category\\\/noticias-actualidad\\\/#listItem\",\"name\":\"Noticias y Actualidad\"}},{\"@type\":\"ListItem\",\"@id\":\"https:\\\/\\\/eldigitaldeasturias.com\\\/magazine365\\\/category\\\/noticias-actualidad\\\/#listItem\",\"position\":2,\"name\":\"Noticias y Actualidad\",\"item\":\"https:\\\/\\\/eldigitaldeasturias.com\\\/magazine365\\\/category\\\/noticias-actualidad\\\/\",\"nextItem\":{\"@type\":\"ListItem\",\"@id\":\"https:\\\/\\\/eldigitaldeasturias.com\\\/magazine365\\\/oviedo-acoge-la-asamblea-de-la-confederacion-espanola-de-guias-de-turismo\\\/#listItem\",\"name\":\"Oviedo acoge la asamblea de la Confederaci\\u00f3n Espa\\u00f1ola de Gu\\u00edas de Turismo\"},\"previousItem\":{\"@type\":\"ListItem\",\"@id\":\"https:\\\/\\\/eldigitaldeasturias.com\\\/magazine365#listItem\",\"name\":\"Home\"}},{\"@type\":\"ListItem\",\"@id\":\"https:\\\/\\\/eldigitaldeasturias.com\\\/magazine365\\\/oviedo-acoge-la-asamblea-de-la-confederacion-espanola-de-guias-de-turismo\\\/#listItem\",\"position\":3,\"name\":\"Oviedo acoge la asamblea de la Confederaci\\u00f3n Espa\\u00f1ola de Gu\\u00edas de Turismo\",\"previousItem\":{\"@type\":\"ListItem\",\"@id\":\"https:\\\/\\\/eldigitaldeasturias.com\\\/magazine365\\\/category\\\/noticias-actualidad\\\/#listItem\",\"name\":\"Noticias y Actualidad\"}}]},{\"@type\":\"Organization\",\"@id\":\"https:\\\/\\\/eldigitaldeasturias.com\\\/magazine365\\\/#organization\",\"name\":\"El digital de Asturias\",\"description\":\"Revista de ocio, turismo y estilo de vida\",\"url\":\"https:\\\/\\\/eldigitaldeasturias.com\\\/magazine365\\\/\",\"logo\":{\"@type\":\"ImageObject\",\"url\":\"https:\\\/\\\/www.eldigitaldeasturias.com\\\/noticias\\\/wp-content\\\/uploads\\\/2020\\\/12\\\/EDA.jpg\",\"@id\":\"https:\\\/\\\/eldigitaldeasturias.com\\\/magazine365\\\/oviedo-acoge-la-asamblea-de-la-confederacion-espanola-de-guias-de-turismo\\\/#organizationLogo\"},\"image\":{\"@id\":\"https:\\\/\\\/eldigitaldeasturias.com\\\/magazine365\\\/oviedo-acoge-la-asamblea-de-la-confederacion-espanola-de-guias-de-turismo\\\/#organizationLogo\"}},{\"@type\":\"Person\",\"@id\":\"https:\\\/\\\/eldigitaldeasturias.com\\\/magazine365\\\/author\\\/admin\\\/#author\",\"url\":\"https:\\\/\\\/eldigitaldeasturias.com\\\/magazine365\\\/author\\\/admin\\\/\",\"name\":\"admin\",\"image\":{\"@type\":\"ImageObject\",\"@id\":\"https:\\\/\\\/eldigitaldeasturias.com\\\/magazine365\\\/oviedo-acoge-la-asamblea-de-la-confederacion-espanola-de-guias-de-turismo\\\/#authorImage\",\"url\":\"https:\\\/\\\/eldigitaldeasturias.com\\\/magazine365\\\/wp-content\\\/litespeed\\\/avatar\\\/e571bcf59a0edd6fa6838245a470f2fe.jpg?ver=1777574230\",\"width\":96,\"height\":96,\"caption\":\"admin\"}},{\"@type\":\"WebPage\",\"@id\":\"https:\\\/\\\/eldigitaldeasturias.com\\\/magazine365\\\/oviedo-acoge-la-asamblea-de-la-confederacion-espanola-de-guias-de-turismo\\\/#webpage\",\"url\":\"https:\\\/\\\/eldigitaldeasturias.com\\\/magazine365\\\/oviedo-acoge-la-asamblea-de-la-confederacion-espanola-de-guias-de-turismo\\\/\",\"name\":\"Oviedo acoge la asamblea de la Confederaci\\u00f3n Espa\\u00f1ola de Gu\\u00edas de Turismo | El Digital de Asturias\",\"description\":\"Oviedo acoger\\u00e1 entre el 10 y 12 de diciembre la Asamblea General Ordinaria anual de la Confederaci\\u00f3n Espa\\u00f1ola de Federaciones y Asociaciones de Gu\\u00edas de Turismo. Bajo el nombre de 'AGO Oviedo 2015', los delegados de las diferentes asociaciones de gu\\u00edas de turismo nacionales, abordar\\u00e1n asuntos relevantes para su sector y la actividad que desarrollan.\",\"inLanguage\":\"es-ES\",\"isPartOf\":{\"@id\":\"https:\\\/\\\/eldigitaldeasturias.com\\\/magazine365\\\/#website\"},\"breadcrumb\":{\"@id\":\"https:\\\/\\\/eldigitaldeasturias.com\\\/magazine365\\\/oviedo-acoge-la-asamblea-de-la-confederacion-espanola-de-guias-de-turismo\\\/#breadcrumblist\"},\"author\":{\"@id\":\"https:\\\/\\\/eldigitaldeasturias.com\\\/magazine365\\\/author\\\/admin\\\/#author\"},\"creator\":{\"@id\":\"https:\\\/\\\/eldigitaldeasturias.com\\\/magazine365\\\/author\\\/admin\\\/#author\"},\"image\":{\"@type\":\"ImageObject\",\"url\":\"https:\\\/\\\/eldigitaldeasturias.com\\\/magazine365\\\/wp-content\\\/uploads\\\/2015\\\/12\\\/fotonoticia_20151210133037_800.jpg\",\"@id\":\"https:\\\/\\\/eldigitaldeasturias.com\\\/magazine365\\\/oviedo-acoge-la-asamblea-de-la-confederacion-espanola-de-guias-de-turismo\\\/#mainImage\",\"width\":800,\"height\":600},\"primaryImageOfPage\":{\"@id\":\"https:\\\/\\\/eldigitaldeasturias.com\\\/magazine365\\\/oviedo-acoge-la-asamblea-de-la-confederacion-espanola-de-guias-de-turismo\\\/#mainImage\"},\"datePublished\":\"2015-12-11T16:12:39+01:00\",\"dateModified\":\"2015-12-11T16:12:39+01:00\"},{\"@type\":\"WebSite\",\"@id\":\"https:\\\/\\\/eldigitaldeasturias.com\\\/magazine365\\\/#website\",\"url\":\"https:\\\/\\\/eldigitaldeasturias.com\\\/magazine365\\\/\",\"name\":\"El Digital de Asturias\",\"description\":\"Revista de ocio, turismo y estilo de vida\",\"inLanguage\":\"es-ES\",\"publisher\":{\"@id\":\"https:\\\/\\\/eldigitaldeasturias.com\\\/magazine365\\\/#organization\"}}]}\n\t\t<\/script>\n\t\t<!-- All in One SEO Pro -->\r\n\t\t<title>Oviedo acoge la asamblea de la Confederaci\u00f3n Espa\u00f1ola de Gu\u00edas de Turismo | El Digital de Asturias<\/title>\n\n","aioseo_head_json":{"title":"Oviedo acoge la asamblea de la Confederaci\u00f3n Espa\u00f1ola de Gu\u00edas de Turismo | El Digital de Asturias","description":"Oviedo acoger\u00e1 entre el 10 y 12 de diciembre la Asamblea General Ordinaria anual de la Confederaci\u00f3n Espa\u00f1ola de Federaciones y Asociaciones de Gu\u00edas de Turismo. Bajo el nombre de 'AGO Oviedo 2015', los delegados de las diferentes asociaciones de gu\u00edas de turismo nacionales, abordar\u00e1n asuntos relevantes para su sector y la actividad que desarrollan.","canonical_url":"https:\/\/eldigitaldeasturias.com\/magazine365\/oviedo-acoge-la-asamblea-de-la-confederacion-espanola-de-guias-de-turismo\/","robots":"max-image-preview:large","keywords":"noticias y actualidad","webmasterTools":{"google-site-verification":"UA-38556648-1","miscellaneous":""},"schema":{"@context":"https:\/\/schema.org","@graph":[{"@type":"Article","@id":"https:\/\/eldigitaldeasturias.com\/magazine365\/oviedo-acoge-la-asamblea-de-la-confederacion-espanola-de-guias-de-turismo\/#article","name":"Oviedo acoge la asamblea de la Confederaci\u00f3n Espa\u00f1ola de Gu\u00edas de Turismo | El Digital de Asturias","headline":"Oviedo acoge la asamblea de la Confederaci\u00f3n Espa\u00f1ola de Gu\u00edas de Turismo","author":{"@id":"https:\/\/eldigitaldeasturias.com\/magazine365\/author\/admin\/#author"},"publisher":{"@id":"https:\/\/eldigitaldeasturias.com\/magazine365\/#organization"},"image":{"@type":"ImageObject","url":"https:\/\/eldigitaldeasturias.com\/magazine365\/wp-content\/uploads\/2015\/12\/fotonoticia_20151210133037_800.jpg","width":800,"height":600},"datePublished":"2015-12-11T16:12:39+01:00","dateModified":"2015-12-11T16:12:39+01:00","inLanguage":"es-ES","mainEntityOfPage":{"@id":"https:\/\/eldigitaldeasturias.com\/magazine365\/oviedo-acoge-la-asamblea-de-la-confederacion-espanola-de-guias-de-turismo\/#webpage"},"isPartOf":{"@id":"https:\/\/eldigitaldeasturias.com\/magazine365\/oviedo-acoge-la-asamblea-de-la-confederacion-espanola-de-guias-de-turismo\/#webpage"},"articleSection":"Noticias y Actualidad"},{"@type":"BreadcrumbList","@id":"https:\/\/eldigitaldeasturias.com\/magazine365\/oviedo-acoge-la-asamblea-de-la-confederacion-espanola-de-guias-de-turismo\/#breadcrumblist","itemListElement":[{"@type":"ListItem","@id":"https:\/\/eldigitaldeasturias.com\/magazine365#listItem","position":1,"name":"Home","item":"https:\/\/eldigitaldeasturias.com\/magazine365","nextItem":{"@type":"ListItem","@id":"https:\/\/eldigitaldeasturias.com\/magazine365\/category\/noticias-actualidad\/#listItem","name":"Noticias y Actualidad"}},{"@type":"ListItem","@id":"https:\/\/eldigitaldeasturias.com\/magazine365\/category\/noticias-actualidad\/#listItem","position":2,"name":"Noticias y Actualidad","item":"https:\/\/eldigitaldeasturias.com\/magazine365\/category\/noticias-actualidad\/","nextItem":{"@type":"ListItem","@id":"https:\/\/eldigitaldeasturias.com\/magazine365\/oviedo-acoge-la-asamblea-de-la-confederacion-espanola-de-guias-de-turismo\/#listItem","name":"Oviedo acoge la asamblea de la Confederaci\u00f3n Espa\u00f1ola de Gu\u00edas de Turismo"},"previousItem":{"@type":"ListItem","@id":"https:\/\/eldigitaldeasturias.com\/magazine365#listItem","name":"Home"}},{"@type":"ListItem","@id":"https:\/\/eldigitaldeasturias.com\/magazine365\/oviedo-acoge-la-asamblea-de-la-confederacion-espanola-de-guias-de-turismo\/#listItem","position":3,"name":"Oviedo acoge la asamblea de la Confederaci\u00f3n Espa\u00f1ola de Gu\u00edas de Turismo","previousItem":{"@type":"ListItem","@id":"https:\/\/eldigitaldeasturias.com\/magazine365\/category\/noticias-actualidad\/#listItem","name":"Noticias y Actualidad"}}]},{"@type":"Organization","@id":"https:\/\/eldigitaldeasturias.com\/magazine365\/#organization","name":"El digital de Asturias","description":"Revista de ocio, turismo y estilo de vida","url":"https:\/\/eldigitaldeasturias.com\/magazine365\/","logo":{"@type":"ImageObject","url":"https:\/\/www.eldigitaldeasturias.com\/noticias\/wp-content\/uploads\/2020\/12\/EDA.jpg","@id":"https:\/\/eldigitaldeasturias.com\/magazine365\/oviedo-acoge-la-asamblea-de-la-confederacion-espanola-de-guias-de-turismo\/#organizationLogo"},"image":{"@id":"https:\/\/eldigitaldeasturias.com\/magazine365\/oviedo-acoge-la-asamblea-de-la-confederacion-espanola-de-guias-de-turismo\/#organizationLogo"}},{"@type":"Person","@id":"https:\/\/eldigitaldeasturias.com\/magazine365\/author\/admin\/#author","url":"https:\/\/eldigitaldeasturias.com\/magazine365\/author\/admin\/","name":"admin","image":{"@type":"ImageObject","@id":"https:\/\/eldigitaldeasturias.com\/magazine365\/oviedo-acoge-la-asamblea-de-la-confederacion-espanola-de-guias-de-turismo\/#authorImage","url":"https:\/\/eldigitaldeasturias.com\/magazine365\/wp-content\/litespeed\/avatar\/e571bcf59a0edd6fa6838245a470f2fe.jpg?ver=1777574230","width":96,"height":96,"caption":"admin"}},{"@type":"WebPage","@id":"https:\/\/eldigitaldeasturias.com\/magazine365\/oviedo-acoge-la-asamblea-de-la-confederacion-espanola-de-guias-de-turismo\/#webpage","url":"https:\/\/eldigitaldeasturias.com\/magazine365\/oviedo-acoge-la-asamblea-de-la-confederacion-espanola-de-guias-de-turismo\/","name":"Oviedo acoge la asamblea de la Confederaci\u00f3n Espa\u00f1ola de Gu\u00edas de Turismo | El Digital de Asturias","description":"Oviedo acoger\u00e1 entre el 10 y 12 de diciembre la Asamblea General Ordinaria anual de la Confederaci\u00f3n Espa\u00f1ola de Federaciones y Asociaciones de Gu\u00edas de Turismo. Bajo el nombre de 'AGO Oviedo 2015', los delegados de las diferentes asociaciones de gu\u00edas de turismo nacionales, abordar\u00e1n asuntos relevantes para su sector y la actividad que desarrollan.","inLanguage":"es-ES","isPartOf":{"@id":"https:\/\/eldigitaldeasturias.com\/magazine365\/#website"},"breadcrumb":{"@id":"https:\/\/eldigitaldeasturias.com\/magazine365\/oviedo-acoge-la-asamblea-de-la-confederacion-espanola-de-guias-de-turismo\/#breadcrumblist"},"author":{"@id":"https:\/\/eldigitaldeasturias.com\/magazine365\/author\/admin\/#author"},"creator":{"@id":"https:\/\/eldigitaldeasturias.com\/magazine365\/author\/admin\/#author"},"image":{"@type":"ImageObject","url":"https:\/\/eldigitaldeasturias.com\/magazine365\/wp-content\/uploads\/2015\/12\/fotonoticia_20151210133037_800.jpg","@id":"https:\/\/eldigitaldeasturias.com\/magazine365\/oviedo-acoge-la-asamblea-de-la-confederacion-espanola-de-guias-de-turismo\/#mainImage","width":800,"height":600},"primaryImageOfPage":{"@id":"https:\/\/eldigitaldeasturias.com\/magazine365\/oviedo-acoge-la-asamblea-de-la-confederacion-espanola-de-guias-de-turismo\/#mainImage"},"datePublished":"2015-12-11T16:12:39+01:00","dateModified":"2015-12-11T16:12:39+01:00"},{"@type":"WebSite","@id":"https:\/\/eldigitaldeasturias.com\/magazine365\/#website","url":"https:\/\/eldigitaldeasturias.com\/magazine365\/","name":"El Digital de Asturias","description":"Revista de ocio, turismo y estilo de vida","inLanguage":"es-ES","publisher":{"@id":"https:\/\/eldigitaldeasturias.com\/magazine365\/#organization"}}]},"og:locale":"es_ES","og:site_name":"El Digital de Asturias \u2013 Revista de ocio, turismo y estilo de vida","og:type":"article","og:title":"Oviedo acoge la asamblea de la Confederaci\u00f3n Espa\u00f1ola de Gu\u00edas de Turismo | El Digital de Asturias","og:description":"Oviedo acoger\u00e1 entre el 10 y 12 de diciembre la Asamblea General Ordinaria anual de la Confederaci\u00f3n Espa\u00f1ola de Federaciones y Asociaciones de Gu\u00edas de Turismo. Bajo el nombre de 'AGO Oviedo 2015', los delegados de las diferentes asociaciones de gu\u00edas de turismo nacionales, abordar\u00e1n asuntos relevantes para su sector y la actividad que desarrollan.","og:url":"https:\/\/eldigitaldeasturias.com\/magazine365\/oviedo-acoge-la-asamblea-de-la-confederacion-espanola-de-guias-de-turismo\/","og:image":"https:\/\/eldigitaldeasturias.com\/magazine365\/wp-content\/uploads\/2015\/12\/fotonoticia_20151210133037_800.jpg","og:image:secure_url":"https:\/\/eldigitaldeasturias.com\/magazine365\/wp-content\/uploads\/2015\/12\/fotonoticia_20151210133037_800.jpg","og:image:width":800,"og:image:height":600,"article:published_time":"2015-12-11T15:12:39+00:00","article:modified_time":"2015-12-11T15:12:39+00:00","twitter:card":"summary_large_image","twitter:title":"Oviedo acoge la asamblea de la Confederaci\u00f3n Espa\u00f1ola de Gu\u00edas de Turismo | El Digital de Asturias","twitter:description":"Oviedo acoger\u00e1 entre el 10 y 12 de diciembre la Asamblea General Ordinaria anual de la Confederaci\u00f3n Espa\u00f1ola de Federaciones y Asociaciones de Gu\u00edas de Turismo. Bajo el nombre de 'AGO Oviedo 2015', los delegados de las diferentes asociaciones de gu\u00edas de turismo nacionales, abordar\u00e1n asuntos relevantes para su sector y la actividad que desarrollan.","twitter:image":"https:\/\/eldigitaldeasturias.com\/magazine365\/wp-content\/uploads\/2015\/12\/fotonoticia_20151210133037_800.jpg"},"aioseo_meta_data":{"post_id":"58173","title":null,"description":null,"keywords":null,"keyphrases":null,"primary_term":null,"canonical_url":null,"og_title":null,"og_description":null,"og_object_type":"default","og_image_type":"default","og_image_url":null,"og_image_width":null,"og_image_height":null,"og_image_custom_url":null,"og_image_custom_fields":null,"og_video":null,"og_custom_url":null,"og_article_section":null,"og_article_tags":null,"twitter_use_og":false,"twitter_card":"default","twitter_image_type":"default","twitter_image_url":null,"twitter_image_custom_url":null,"twitter_image_custom_fields":null,"twitter_title":null,"twitter_description":null,"schema":{"blockGraphs":[],"customGraphs":[],"default":{"data":{"Article":[],"Course":[],"Dataset":[],"FAQPage":[],"Movie":[],"Person":[],"Product":[],"ProductReview":[],"Car":[],"Recipe":[],"Service":[],"SoftwareApplication":[],"WebPage":[]},"graphName":"","isEnabled":true},"graphs":[],"defaultGraph":"","defaultPostTypeGraph":""},"schema_type":null,"schema_type_options":null,"pillar_content":false,"robots_default":true,"robots_noindex":false,"robots_noarchive":false,"robots_nosnippet":false,"robots_nofollow":false,"robots_noimageindex":false,"robots_noodp":false,"robots_notranslate":false,"robots_max_snippet":null,"robots_max_videopreview":null,"robots_max_imagepreview":"large","priority":null,"frequency":null,"location":null,"local_seo":null,"seo_analyzer_scan_date":"2025-09-25 02:29:30","breadcrumb_settings":null,"limit_modified_date":false,"open_ai":null,"ai":null,"created":"2021-03-08 22:33:14","updated":"2025-09-25 02:29:30"},"aioseo_breadcrumb":"<div class=\"aioseo-breadcrumbs\"><span class=\"aioseo-breadcrumb\">\n\t<a href=\"https:\/\/eldigitaldeasturias.com\/magazine365\" title=\"Home\">Home<\/a>\n<\/span><span class=\"aioseo-breadcrumb-separator\">\u2013<\/span><span class=\"aioseo-breadcrumb\">\n\t<a href=\"https:\/\/eldigitaldeasturias.com\/magazine365\/category\/noticias-actualidad\/\" title=\"Noticias y Actualidad\">Noticias y Actualidad<\/a>\n<\/span><span class=\"aioseo-breadcrumb-separator\">\u2013<\/span><span class=\"aioseo-breadcrumb\">\n\t<a href=\"https:\/\/eldigitaldeasturias.com\/magazine365\/oviedo-acoge-la-asamblea-de-la-confederacion-espanola-de-guias-de-turismo\/\" title=\"Oviedo acoge la asamblea de la Confederaci\u00f3n Espa\u00f1ola de Gu\u00edas de Turismo\">Oviedo acoge la asamblea de la Confederaci\u00f3n Espa\u00f1ola de Gu\u00edas de Turismo<\/a>\n<\/span><\/div>","aioseo_breadcrumb_json":[{"label":"Home","link":"https:\/\/eldigitaldeasturias.com\/magazine365"},{"label":"Noticias y Actualidad","link":"https:\/\/eldigitaldeasturias.com\/magazine365\/category\/noticias-actualidad\/"},{"label":"Oviedo acoge la asamblea de la Confederaci\u00f3n Espa\u00f1ola de Gu\u00edas de Turismo","link":"https:\/\/eldigitaldeasturias.com\/magazine365\/oviedo-acoge-la-asamblea-de-la-confederacion-espanola-de-guias-de-turismo\/"}],"_links":{"self":[{"href":"https:\/\/eldigitaldeasturias.com\/magazine365\/wp-json\/wp\/v2\/posts\/58173","targetHints":{"allow":["GET"]}}],"collection":[{"href":"https:\/\/eldigitaldeasturias.com\/magazine365\/wp-json\/wp\/v2\/posts"}],"about":[{"href":"https:\/\/eldigitaldeasturias.com\/magazine365\/wp-json\/wp\/v2\/types\/post"}],"author":[{"embeddable":true,"href":"https:\/\/eldigitaldeasturias.com\/magazine365\/wp-json\/wp\/v2\/users\/1"}],"replies":[{"embeddable":true,"href":"https:\/\/eldigitaldeasturias.com\/magazine365\/wp-json\/wp\/v2\/comments?post=58173"}],"version-history":[{"count":0,"href":"https:\/\/eldigitaldeasturias.com\/magazine365\/wp-json\/wp\/v2\/posts\/58173\/revisions"}],"wp:featuredmedia":[{"embeddable":true,"href":"https:\/\/eldigitaldeasturias.com\/magazine365\/wp-json\/wp\/v2\/media\/58174"}],"wp:attachment":[{"href":"https:\/\/eldigitaldeasturias.com\/magazine365\/wp-json\/wp\/v2\/media?parent=58173"}],"wp:term":[{"taxonomy":"category","embeddable":true,"href":"https:\/\/eldigitaldeasturias.com\/magazine365\/wp-json\/wp\/v2\/categories?post=58173"},{"taxonomy":"post_tag","embeddable":true,"href":"https:\/\/eldigitaldeasturias.com\/magazine365\/wp-json\/wp\/v2\/tags?post=58173"}],"curies":[{"name":"wp","href":"https:\/\/api.w.org\/{rel}","templated":true}]}}