{"id":58145,"date":"2015-12-11T11:10:44","date_gmt":"2015-12-11T10:10:44","guid":{"rendered":"http:\/\/eldigitaldeasturias.com\/magazine365\/?p=58145"},"modified":"2015-12-11T11:10:44","modified_gmt":"2015-12-11T10:10:44","slug":"la-rioja-alta-culmina-su-125-aniversario-obteniendo-la-q-de-calidad-turistica","status":"publish","type":"post","link":"https:\/\/eldigitaldeasturias.com\/magazine365\/la-rioja-alta-culmina-su-125-aniversario-obteniendo-la-q-de-calidad-turistica\/","title":{"rendered":"La Rioja Alta culmina su 125 aniversario obteniendo la &#8216;Q&#8217; de calidad tur\u00edstica"},"content":{"rendered":"<p><img fetchpriority=\"high\" decoding=\"async\" class=\"alignleft size-medium wp-image-58146\" src=\"https:\/\/eldigitaldeasturias.com\/magazine365\/wp-content\/uploads\/2015\/12\/fotonoticia_20151210114936_800-360x241.jpg\" alt=\"fotonoticia_20151210114936_800\" width=\"360\" height=\"241\" srcset=\"https:\/\/eldigitaldeasturias.com\/magazine365\/wp-content\/uploads\/2015\/12\/fotonoticia_20151210114936_800-360x241.jpg 360w, https:\/\/eldigitaldeasturias.com\/magazine365\/wp-content\/uploads\/2015\/12\/fotonoticia_20151210114936_800-650x436.jpg 650w, https:\/\/eldigitaldeasturias.com\/magazine365\/wp-content\/uploads\/2015\/12\/fotonoticia_20151210114936_800-768x515.jpg 768w, https:\/\/eldigitaldeasturias.com\/magazine365\/wp-content\/uploads\/2015\/12\/fotonoticia_20151210114936_800-150x101.jpg 150w, https:\/\/eldigitaldeasturias.com\/magazine365\/wp-content\/uploads\/2015\/12\/fotonoticia_20151210114936_800-450x302.jpg 450w, https:\/\/eldigitaldeasturias.com\/magazine365\/wp-content\/uploads\/2015\/12\/fotonoticia_20151210114936_800-696x466.jpg 696w, https:\/\/eldigitaldeasturias.com\/magazine365\/wp-content\/uploads\/2015\/12\/fotonoticia_20151210114936_800-627x420.jpg 627w, https:\/\/eldigitaldeasturias.com\/magazine365\/wp-content\/uploads\/2015\/12\/fotonoticia_20151210114936_800-84x55.jpg 84w, https:\/\/eldigitaldeasturias.com\/magazine365\/wp-content\/uploads\/2015\/12\/fotonoticia_20151210114936_800.jpg 800w\" sizes=\"(max-width: 360px) 100vw, 360px\" \/>Las bodegas de Haro La Rioja Alta ha anunciado este jueves que pone el punto final al a\u00f1o de conmemoraci\u00f3n de sus 125 vendimias con la consecuci\u00f3n de la &#8216;Q&#8217; de calidad tur\u00edstica.<\/p>\n<p>La bodega de Haro acaba de lograr esta importante distinci\u00f3n tras superar con nota la exigente auditor\u00eda realizada por el ICTE (Instituto para la Calidad Tur\u00edstica Espa\u00f1ola), organismo dependiente del Ministerio de Industria, Turismo y Comercio, encargado de otorgar este sello de calidad.<\/p>\n<p>Durante varios meses, esta entidad ha evaluado tanto las instalaciones como la labor del personal dedicado al enoturismo en la bodega, constatando que su prestaci\u00f3n de servicio es una garant\u00eda total de calidad, seguridad y profesionalidad. Todo ello para asegurar a los visitantes la mejor experiencia tur\u00edstica posible.<\/p>\n<p>La consecuci\u00f3n de la prestigiosa &#8216;Q&#8217; de calidad avala la apuesta decidida de La Rioja Alta por el enoturismo de calidad que, en los \u00faltimos a\u00f1os, se ha concretado en la ejecuci\u00f3n de un ambicioso plan trienal (2012-2015).<\/p>\n<p>A \u00e9l se han destinado 800.000 euros para la creaci\u00f3n, reforma y adecuaci\u00f3n de espacios destinados al turismo vin\u00edcola, as\u00ed como la ampliaci\u00f3n de horarios y frecuencias de visitas guiadas o el desarrollo de un programa de visitas &#8216;Premium&#8217;.<\/p>\n<p>A la espera del balance definitivo, La Rioja Alta, S.A. superar\u00e1 ampliamente en 2015 el n\u00famero de visitantes recibidos en sus instalaciones durante el pasado a\u00f1o 2014, que ya alcanz\u00f3 los 10.000 enoturistas.<\/p>\n","protected":false},"excerpt":{"rendered":"<p>Las bodegas de Haro La Rioja Alta ha anunciado este jueves que pone el punto final al a\u00f1o de conmemoraci\u00f3n de sus 125 vendimias con la consecuci\u00f3n de la &#8216;Q&#8217; de calidad tur\u00edstica. La bodega de Haro acaba de lograr esta importante distinci\u00f3n tras superar con nota la exigente auditor\u00eda realizada por el ICTE (Instituto<\/p>\n","protected":false},"author":1,"featured_media":58146,"comment_status":"open","ping_status":"closed","sticky":false,"template":"","format":"standard","meta":{"footnotes":""},"categories":[224],"tags":[],"class_list":{"0":"post-58145","1":"post","2":"type-post","3":"status-publish","4":"format-standard","5":"has-post-thumbnail","7":"category-noticias-actualidad"},"aioseo_notices":[],"aioseo_head":"\n\t\t<!-- All in One SEO Pro 4.9.6.1 - aioseo.com -->\n\t<meta name=\"description\" content=\"Las bodegas de Haro La Rioja Alta ha anunciado este jueves que pone el punto final al a\u00f1o de conmemoraci\u00f3n de sus 125 vendimias con la consecuci\u00f3n de la &#039;Q&#039; de calidad tur\u00edstica. La bodega de Haro acaba de lograr esta importante distinci\u00f3n tras superar con nota la exigente auditor\u00eda realizada por el ICTE (Instituto\" \/>\n\t<meta name=\"robots\" content=\"max-image-preview:large\" \/>\n\t<meta name=\"author\" content=\"admin\"\/>\n\t<meta name=\"google-site-verification\" content=\"UA-38556648-1\" \/>\n\t<meta name=\"keywords\" content=\"noticias y actualidad\" \/>\n\t<link rel=\"canonical\" href=\"https:\/\/eldigitaldeasturias.com\/magazine365\/la-rioja-alta-culmina-su-125-aniversario-obteniendo-la-q-de-calidad-turistica\/\" \/>\n\t<meta name=\"generator\" content=\"All in One SEO Pro (AIOSEO) 4.9.6.1\" \/>\n\t\t<meta property=\"og:locale\" content=\"es_ES\" \/>\n\t\t<meta property=\"og:site_name\" content=\"El Digital de Asturias \u2013 Revista de ocio, turismo y estilo de vida\" \/>\n\t\t<meta property=\"og:type\" content=\"article\" \/>\n\t\t<meta property=\"og:title\" content=\"La Rioja Alta culmina su 125 aniversario obteniendo la \u2018Q\u2019 de calidad tur\u00edstica | El Digital de Asturias\" \/>\n\t\t<meta property=\"og:description\" content=\"Las bodegas de Haro La Rioja Alta ha anunciado este jueves que pone el punto final al a\u00f1o de conmemoraci\u00f3n de sus 125 vendimias con la consecuci\u00f3n de la &#039;Q&#039; de calidad tur\u00edstica. La bodega de Haro acaba de lograr esta importante distinci\u00f3n tras superar con nota la exigente auditor\u00eda realizada por el ICTE (Instituto\" \/>\n\t\t<meta property=\"og:url\" content=\"https:\/\/eldigitaldeasturias.com\/magazine365\/la-rioja-alta-culmina-su-125-aniversario-obteniendo-la-q-de-calidad-turistica\/\" \/>\n\t\t<meta property=\"og:image\" content=\"https:\/\/eldigitaldeasturias.com\/magazine365\/wp-content\/uploads\/2015\/12\/fotonoticia_20151210114936_800.jpg\" \/>\n\t\t<meta property=\"og:image:secure_url\" content=\"https:\/\/eldigitaldeasturias.com\/magazine365\/wp-content\/uploads\/2015\/12\/fotonoticia_20151210114936_800.jpg\" \/>\n\t\t<meta property=\"og:image:width\" content=\"800\" \/>\n\t\t<meta property=\"og:image:height\" content=\"536\" \/>\n\t\t<meta property=\"article:published_time\" content=\"2015-12-11T10:10:44+00:00\" \/>\n\t\t<meta property=\"article:modified_time\" content=\"2015-12-11T10:10:44+00:00\" \/>\n\t\t<meta name=\"twitter:card\" content=\"summary_large_image\" \/>\n\t\t<meta name=\"twitter:title\" content=\"La Rioja Alta culmina su 125 aniversario obteniendo la \u2018Q\u2019 de calidad tur\u00edstica | El Digital de Asturias\" \/>\n\t\t<meta name=\"twitter:description\" content=\"Las bodegas de Haro La Rioja Alta ha anunciado este jueves que pone el punto final al a\u00f1o de conmemoraci\u00f3n de sus 125 vendimias con la consecuci\u00f3n de la &#039;Q&#039; de calidad tur\u00edstica. La bodega de Haro acaba de lograr esta importante distinci\u00f3n tras superar con nota la exigente auditor\u00eda realizada por el ICTE (Instituto\" \/>\n\t\t<meta name=\"twitter:image\" content=\"https:\/\/eldigitaldeasturias.com\/magazine365\/wp-content\/uploads\/2015\/12\/fotonoticia_20151210114936_800.jpg\" \/>\n\t\t<script type=\"application\/ld+json\" class=\"aioseo-schema\">\n\t\t\t{\"@context\":\"https:\\\/\\\/schema.org\",\"@graph\":[{\"@type\":\"Article\",\"@id\":\"https:\\\/\\\/eldigitaldeasturias.com\\\/magazine365\\\/la-rioja-alta-culmina-su-125-aniversario-obteniendo-la-q-de-calidad-turistica\\\/#article\",\"name\":\"La Rioja Alta culmina su 125 aniversario obteniendo la \\u2018Q\\u2019 de calidad tur\\u00edstica | El Digital de Asturias\",\"headline\":\"La Rioja Alta culmina su 125 aniversario obteniendo la &#8216;Q&#8217; de calidad tur\\u00edstica\",\"author\":{\"@id\":\"https:\\\/\\\/eldigitaldeasturias.com\\\/magazine365\\\/author\\\/admin\\\/#author\"},\"publisher\":{\"@id\":\"https:\\\/\\\/eldigitaldeasturias.com\\\/magazine365\\\/#organization\"},\"image\":{\"@type\":\"ImageObject\",\"url\":\"https:\\\/\\\/eldigitaldeasturias.com\\\/magazine365\\\/wp-content\\\/uploads\\\/2015\\\/12\\\/fotonoticia_20151210114936_800.jpg\",\"width\":800,\"height\":536},\"datePublished\":\"2015-12-11T11:10:44+01:00\",\"dateModified\":\"2015-12-11T11:10:44+01:00\",\"inLanguage\":\"es-ES\",\"mainEntityOfPage\":{\"@id\":\"https:\\\/\\\/eldigitaldeasturias.com\\\/magazine365\\\/la-rioja-alta-culmina-su-125-aniversario-obteniendo-la-q-de-calidad-turistica\\\/#webpage\"},\"isPartOf\":{\"@id\":\"https:\\\/\\\/eldigitaldeasturias.com\\\/magazine365\\\/la-rioja-alta-culmina-su-125-aniversario-obteniendo-la-q-de-calidad-turistica\\\/#webpage\"},\"articleSection\":\"Noticias y Actualidad\"},{\"@type\":\"BreadcrumbList\",\"@id\":\"https:\\\/\\\/eldigitaldeasturias.com\\\/magazine365\\\/la-rioja-alta-culmina-su-125-aniversario-obteniendo-la-q-de-calidad-turistica\\\/#breadcrumblist\",\"itemListElement\":[{\"@type\":\"ListItem\",\"@id\":\"https:\\\/\\\/eldigitaldeasturias.com\\\/magazine365#listItem\",\"position\":1,\"name\":\"Home\",\"item\":\"https:\\\/\\\/eldigitaldeasturias.com\\\/magazine365\",\"nextItem\":{\"@type\":\"ListItem\",\"@id\":\"https:\\\/\\\/eldigitaldeasturias.com\\\/magazine365\\\/category\\\/noticias-actualidad\\\/#listItem\",\"name\":\"Noticias y Actualidad\"}},{\"@type\":\"ListItem\",\"@id\":\"https:\\\/\\\/eldigitaldeasturias.com\\\/magazine365\\\/category\\\/noticias-actualidad\\\/#listItem\",\"position\":2,\"name\":\"Noticias y Actualidad\",\"item\":\"https:\\\/\\\/eldigitaldeasturias.com\\\/magazine365\\\/category\\\/noticias-actualidad\\\/\",\"nextItem\":{\"@type\":\"ListItem\",\"@id\":\"https:\\\/\\\/eldigitaldeasturias.com\\\/magazine365\\\/la-rioja-alta-culmina-su-125-aniversario-obteniendo-la-q-de-calidad-turistica\\\/#listItem\",\"name\":\"La Rioja Alta culmina su 125 aniversario obteniendo la &#8216;Q&#8217; de calidad tur\\u00edstica\"},\"previousItem\":{\"@type\":\"ListItem\",\"@id\":\"https:\\\/\\\/eldigitaldeasturias.com\\\/magazine365#listItem\",\"name\":\"Home\"}},{\"@type\":\"ListItem\",\"@id\":\"https:\\\/\\\/eldigitaldeasturias.com\\\/magazine365\\\/la-rioja-alta-culmina-su-125-aniversario-obteniendo-la-q-de-calidad-turistica\\\/#listItem\",\"position\":3,\"name\":\"La Rioja Alta culmina su 125 aniversario obteniendo la &#8216;Q&#8217; de calidad tur\\u00edstica\",\"previousItem\":{\"@type\":\"ListItem\",\"@id\":\"https:\\\/\\\/eldigitaldeasturias.com\\\/magazine365\\\/category\\\/noticias-actualidad\\\/#listItem\",\"name\":\"Noticias y Actualidad\"}}]},{\"@type\":\"Organization\",\"@id\":\"https:\\\/\\\/eldigitaldeasturias.com\\\/magazine365\\\/#organization\",\"name\":\"El digital de Asturias\",\"description\":\"Revista de ocio, turismo y estilo de vida\",\"url\":\"https:\\\/\\\/eldigitaldeasturias.com\\\/magazine365\\\/\",\"logo\":{\"@type\":\"ImageObject\",\"url\":\"https:\\\/\\\/www.eldigitaldeasturias.com\\\/noticias\\\/wp-content\\\/uploads\\\/2020\\\/12\\\/EDA.jpg\",\"@id\":\"https:\\\/\\\/eldigitaldeasturias.com\\\/magazine365\\\/la-rioja-alta-culmina-su-125-aniversario-obteniendo-la-q-de-calidad-turistica\\\/#organizationLogo\"},\"image\":{\"@id\":\"https:\\\/\\\/eldigitaldeasturias.com\\\/magazine365\\\/la-rioja-alta-culmina-su-125-aniversario-obteniendo-la-q-de-calidad-turistica\\\/#organizationLogo\"}},{\"@type\":\"Person\",\"@id\":\"https:\\\/\\\/eldigitaldeasturias.com\\\/magazine365\\\/author\\\/admin\\\/#author\",\"url\":\"https:\\\/\\\/eldigitaldeasturias.com\\\/magazine365\\\/author\\\/admin\\\/\",\"name\":\"admin\",\"image\":{\"@type\":\"ImageObject\",\"@id\":\"https:\\\/\\\/eldigitaldeasturias.com\\\/magazine365\\\/la-rioja-alta-culmina-su-125-aniversario-obteniendo-la-q-de-calidad-turistica\\\/#authorImage\",\"url\":\"https:\\\/\\\/eldigitaldeasturias.com\\\/magazine365\\\/wp-content\\\/litespeed\\\/avatar\\\/e571bcf59a0edd6fa6838245a470f2fe.jpg?ver=1777574230\",\"width\":96,\"height\":96,\"caption\":\"admin\"}},{\"@type\":\"WebPage\",\"@id\":\"https:\\\/\\\/eldigitaldeasturias.com\\\/magazine365\\\/la-rioja-alta-culmina-su-125-aniversario-obteniendo-la-q-de-calidad-turistica\\\/#webpage\",\"url\":\"https:\\\/\\\/eldigitaldeasturias.com\\\/magazine365\\\/la-rioja-alta-culmina-su-125-aniversario-obteniendo-la-q-de-calidad-turistica\\\/\",\"name\":\"La Rioja Alta culmina su 125 aniversario obteniendo la \\u2018Q\\u2019 de calidad tur\\u00edstica | El Digital de Asturias\",\"description\":\"Las bodegas de Haro La Rioja Alta ha anunciado este jueves que pone el punto final al a\\u00f1o de conmemoraci\\u00f3n de sus 125 vendimias con la consecuci\\u00f3n de la 'Q' de calidad tur\\u00edstica. La bodega de Haro acaba de lograr esta importante distinci\\u00f3n tras superar con nota la exigente auditor\\u00eda realizada por el ICTE (Instituto\",\"inLanguage\":\"es-ES\",\"isPartOf\":{\"@id\":\"https:\\\/\\\/eldigitaldeasturias.com\\\/magazine365\\\/#website\"},\"breadcrumb\":{\"@id\":\"https:\\\/\\\/eldigitaldeasturias.com\\\/magazine365\\\/la-rioja-alta-culmina-su-125-aniversario-obteniendo-la-q-de-calidad-turistica\\\/#breadcrumblist\"},\"author\":{\"@id\":\"https:\\\/\\\/eldigitaldeasturias.com\\\/magazine365\\\/author\\\/admin\\\/#author\"},\"creator\":{\"@id\":\"https:\\\/\\\/eldigitaldeasturias.com\\\/magazine365\\\/author\\\/admin\\\/#author\"},\"image\":{\"@type\":\"ImageObject\",\"url\":\"https:\\\/\\\/eldigitaldeasturias.com\\\/magazine365\\\/wp-content\\\/uploads\\\/2015\\\/12\\\/fotonoticia_20151210114936_800.jpg\",\"@id\":\"https:\\\/\\\/eldigitaldeasturias.com\\\/magazine365\\\/la-rioja-alta-culmina-su-125-aniversario-obteniendo-la-q-de-calidad-turistica\\\/#mainImage\",\"width\":800,\"height\":536},\"primaryImageOfPage\":{\"@id\":\"https:\\\/\\\/eldigitaldeasturias.com\\\/magazine365\\\/la-rioja-alta-culmina-su-125-aniversario-obteniendo-la-q-de-calidad-turistica\\\/#mainImage\"},\"datePublished\":\"2015-12-11T11:10:44+01:00\",\"dateModified\":\"2015-12-11T11:10:44+01:00\"},{\"@type\":\"WebSite\",\"@id\":\"https:\\\/\\\/eldigitaldeasturias.com\\\/magazine365\\\/#website\",\"url\":\"https:\\\/\\\/eldigitaldeasturias.com\\\/magazine365\\\/\",\"name\":\"El Digital de Asturias\",\"description\":\"Revista de ocio, turismo y estilo de vida\",\"inLanguage\":\"es-ES\",\"publisher\":{\"@id\":\"https:\\\/\\\/eldigitaldeasturias.com\\\/magazine365\\\/#organization\"}}]}\n\t\t<\/script>\n\t\t<!-- All in One SEO Pro -->\r\n\t\t<title>La Rioja Alta culmina su 125 aniversario obteniendo la \u2018Q\u2019 de calidad tur\u00edstica | El Digital de Asturias<\/title>\n\n","aioseo_head_json":{"title":"La Rioja Alta culmina su 125 aniversario obteniendo la \u2018Q\u2019 de calidad tur\u00edstica | El Digital de Asturias","description":"Las bodegas de Haro La Rioja Alta ha anunciado este jueves que pone el punto final al a\u00f1o de conmemoraci\u00f3n de sus 125 vendimias con la consecuci\u00f3n de la 'Q' de calidad tur\u00edstica. La bodega de Haro acaba de lograr esta importante distinci\u00f3n tras superar con nota la exigente auditor\u00eda realizada por el ICTE (Instituto","canonical_url":"https:\/\/eldigitaldeasturias.com\/magazine365\/la-rioja-alta-culmina-su-125-aniversario-obteniendo-la-q-de-calidad-turistica\/","robots":"max-image-preview:large","keywords":"noticias y actualidad","webmasterTools":{"google-site-verification":"UA-38556648-1","miscellaneous":""},"schema":{"@context":"https:\/\/schema.org","@graph":[{"@type":"Article","@id":"https:\/\/eldigitaldeasturias.com\/magazine365\/la-rioja-alta-culmina-su-125-aniversario-obteniendo-la-q-de-calidad-turistica\/#article","name":"La Rioja Alta culmina su 125 aniversario obteniendo la \u2018Q\u2019 de calidad tur\u00edstica | El Digital de Asturias","headline":"La Rioja Alta culmina su 125 aniversario obteniendo la &#8216;Q&#8217; de calidad tur\u00edstica","author":{"@id":"https:\/\/eldigitaldeasturias.com\/magazine365\/author\/admin\/#author"},"publisher":{"@id":"https:\/\/eldigitaldeasturias.com\/magazine365\/#organization"},"image":{"@type":"ImageObject","url":"https:\/\/eldigitaldeasturias.com\/magazine365\/wp-content\/uploads\/2015\/12\/fotonoticia_20151210114936_800.jpg","width":800,"height":536},"datePublished":"2015-12-11T11:10:44+01:00","dateModified":"2015-12-11T11:10:44+01:00","inLanguage":"es-ES","mainEntityOfPage":{"@id":"https:\/\/eldigitaldeasturias.com\/magazine365\/la-rioja-alta-culmina-su-125-aniversario-obteniendo-la-q-de-calidad-turistica\/#webpage"},"isPartOf":{"@id":"https:\/\/eldigitaldeasturias.com\/magazine365\/la-rioja-alta-culmina-su-125-aniversario-obteniendo-la-q-de-calidad-turistica\/#webpage"},"articleSection":"Noticias y Actualidad"},{"@type":"BreadcrumbList","@id":"https:\/\/eldigitaldeasturias.com\/magazine365\/la-rioja-alta-culmina-su-125-aniversario-obteniendo-la-q-de-calidad-turistica\/#breadcrumblist","itemListElement":[{"@type":"ListItem","@id":"https:\/\/eldigitaldeasturias.com\/magazine365#listItem","position":1,"name":"Home","item":"https:\/\/eldigitaldeasturias.com\/magazine365","nextItem":{"@type":"ListItem","@id":"https:\/\/eldigitaldeasturias.com\/magazine365\/category\/noticias-actualidad\/#listItem","name":"Noticias y Actualidad"}},{"@type":"ListItem","@id":"https:\/\/eldigitaldeasturias.com\/magazine365\/category\/noticias-actualidad\/#listItem","position":2,"name":"Noticias y Actualidad","item":"https:\/\/eldigitaldeasturias.com\/magazine365\/category\/noticias-actualidad\/","nextItem":{"@type":"ListItem","@id":"https:\/\/eldigitaldeasturias.com\/magazine365\/la-rioja-alta-culmina-su-125-aniversario-obteniendo-la-q-de-calidad-turistica\/#listItem","name":"La Rioja Alta culmina su 125 aniversario obteniendo la &#8216;Q&#8217; de calidad tur\u00edstica"},"previousItem":{"@type":"ListItem","@id":"https:\/\/eldigitaldeasturias.com\/magazine365#listItem","name":"Home"}},{"@type":"ListItem","@id":"https:\/\/eldigitaldeasturias.com\/magazine365\/la-rioja-alta-culmina-su-125-aniversario-obteniendo-la-q-de-calidad-turistica\/#listItem","position":3,"name":"La Rioja Alta culmina su 125 aniversario obteniendo la &#8216;Q&#8217; de calidad tur\u00edstica","previousItem":{"@type":"ListItem","@id":"https:\/\/eldigitaldeasturias.com\/magazine365\/category\/noticias-actualidad\/#listItem","name":"Noticias y Actualidad"}}]},{"@type":"Organization","@id":"https:\/\/eldigitaldeasturias.com\/magazine365\/#organization","name":"El digital de Asturias","description":"Revista de ocio, turismo y estilo de vida","url":"https:\/\/eldigitaldeasturias.com\/magazine365\/","logo":{"@type":"ImageObject","url":"https:\/\/www.eldigitaldeasturias.com\/noticias\/wp-content\/uploads\/2020\/12\/EDA.jpg","@id":"https:\/\/eldigitaldeasturias.com\/magazine365\/la-rioja-alta-culmina-su-125-aniversario-obteniendo-la-q-de-calidad-turistica\/#organizationLogo"},"image":{"@id":"https:\/\/eldigitaldeasturias.com\/magazine365\/la-rioja-alta-culmina-su-125-aniversario-obteniendo-la-q-de-calidad-turistica\/#organizationLogo"}},{"@type":"Person","@id":"https:\/\/eldigitaldeasturias.com\/magazine365\/author\/admin\/#author","url":"https:\/\/eldigitaldeasturias.com\/magazine365\/author\/admin\/","name":"admin","image":{"@type":"ImageObject","@id":"https:\/\/eldigitaldeasturias.com\/magazine365\/la-rioja-alta-culmina-su-125-aniversario-obteniendo-la-q-de-calidad-turistica\/#authorImage","url":"https:\/\/eldigitaldeasturias.com\/magazine365\/wp-content\/litespeed\/avatar\/e571bcf59a0edd6fa6838245a470f2fe.jpg?ver=1777574230","width":96,"height":96,"caption":"admin"}},{"@type":"WebPage","@id":"https:\/\/eldigitaldeasturias.com\/magazine365\/la-rioja-alta-culmina-su-125-aniversario-obteniendo-la-q-de-calidad-turistica\/#webpage","url":"https:\/\/eldigitaldeasturias.com\/magazine365\/la-rioja-alta-culmina-su-125-aniversario-obteniendo-la-q-de-calidad-turistica\/","name":"La Rioja Alta culmina su 125 aniversario obteniendo la \u2018Q\u2019 de calidad tur\u00edstica | El Digital de Asturias","description":"Las bodegas de Haro La Rioja Alta ha anunciado este jueves que pone el punto final al a\u00f1o de conmemoraci\u00f3n de sus 125 vendimias con la consecuci\u00f3n de la 'Q' de calidad tur\u00edstica. La bodega de Haro acaba de lograr esta importante distinci\u00f3n tras superar con nota la exigente auditor\u00eda realizada por el ICTE (Instituto","inLanguage":"es-ES","isPartOf":{"@id":"https:\/\/eldigitaldeasturias.com\/magazine365\/#website"},"breadcrumb":{"@id":"https:\/\/eldigitaldeasturias.com\/magazine365\/la-rioja-alta-culmina-su-125-aniversario-obteniendo-la-q-de-calidad-turistica\/#breadcrumblist"},"author":{"@id":"https:\/\/eldigitaldeasturias.com\/magazine365\/author\/admin\/#author"},"creator":{"@id":"https:\/\/eldigitaldeasturias.com\/magazine365\/author\/admin\/#author"},"image":{"@type":"ImageObject","url":"https:\/\/eldigitaldeasturias.com\/magazine365\/wp-content\/uploads\/2015\/12\/fotonoticia_20151210114936_800.jpg","@id":"https:\/\/eldigitaldeasturias.com\/magazine365\/la-rioja-alta-culmina-su-125-aniversario-obteniendo-la-q-de-calidad-turistica\/#mainImage","width":800,"height":536},"primaryImageOfPage":{"@id":"https:\/\/eldigitaldeasturias.com\/magazine365\/la-rioja-alta-culmina-su-125-aniversario-obteniendo-la-q-de-calidad-turistica\/#mainImage"},"datePublished":"2015-12-11T11:10:44+01:00","dateModified":"2015-12-11T11:10:44+01:00"},{"@type":"WebSite","@id":"https:\/\/eldigitaldeasturias.com\/magazine365\/#website","url":"https:\/\/eldigitaldeasturias.com\/magazine365\/","name":"El Digital de Asturias","description":"Revista de ocio, turismo y estilo de vida","inLanguage":"es-ES","publisher":{"@id":"https:\/\/eldigitaldeasturias.com\/magazine365\/#organization"}}]},"og:locale":"es_ES","og:site_name":"El Digital de Asturias \u2013 Revista de ocio, turismo y estilo de vida","og:type":"article","og:title":"La Rioja Alta culmina su 125 aniversario obteniendo la \u2018Q\u2019 de calidad tur\u00edstica | El Digital de Asturias","og:description":"Las bodegas de Haro La Rioja Alta ha anunciado este jueves que pone el punto final al a\u00f1o de conmemoraci\u00f3n de sus 125 vendimias con la consecuci\u00f3n de la 'Q' de calidad tur\u00edstica. La bodega de Haro acaba de lograr esta importante distinci\u00f3n tras superar con nota la exigente auditor\u00eda realizada por el ICTE (Instituto","og:url":"https:\/\/eldigitaldeasturias.com\/magazine365\/la-rioja-alta-culmina-su-125-aniversario-obteniendo-la-q-de-calidad-turistica\/","og:image":"https:\/\/eldigitaldeasturias.com\/magazine365\/wp-content\/uploads\/2015\/12\/fotonoticia_20151210114936_800.jpg","og:image:secure_url":"https:\/\/eldigitaldeasturias.com\/magazine365\/wp-content\/uploads\/2015\/12\/fotonoticia_20151210114936_800.jpg","og:image:width":800,"og:image:height":536,"article:published_time":"2015-12-11T10:10:44+00:00","article:modified_time":"2015-12-11T10:10:44+00:00","twitter:card":"summary_large_image","twitter:title":"La Rioja Alta culmina su 125 aniversario obteniendo la \u2018Q\u2019 de calidad tur\u00edstica | El Digital de Asturias","twitter:description":"Las bodegas de Haro La Rioja Alta ha anunciado este jueves que pone el punto final al a\u00f1o de conmemoraci\u00f3n de sus 125 vendimias con la consecuci\u00f3n de la 'Q' de calidad tur\u00edstica. La bodega de Haro acaba de lograr esta importante distinci\u00f3n tras superar con nota la exigente auditor\u00eda realizada por el ICTE (Instituto","twitter:image":"https:\/\/eldigitaldeasturias.com\/magazine365\/wp-content\/uploads\/2015\/12\/fotonoticia_20151210114936_800.jpg"},"aioseo_meta_data":{"post_id":"58145","title":null,"description":null,"keywords":null,"keyphrases":null,"primary_term":null,"canonical_url":null,"og_title":null,"og_description":null,"og_object_type":"default","og_image_type":"default","og_image_url":null,"og_image_width":null,"og_image_height":null,"og_image_custom_url":null,"og_image_custom_fields":null,"og_video":null,"og_custom_url":null,"og_article_section":null,"og_article_tags":null,"twitter_use_og":false,"twitter_card":"default","twitter_image_type":"default","twitter_image_url":null,"twitter_image_custom_url":null,"twitter_image_custom_fields":null,"twitter_title":null,"twitter_description":null,"schema":{"blockGraphs":[],"customGraphs":[],"default":{"data":{"Article":[],"Course":[],"Dataset":[],"FAQPage":[],"Movie":[],"Person":[],"Product":[],"ProductReview":[],"Car":[],"Recipe":[],"Service":[],"SoftwareApplication":[],"WebPage":[]},"graphName":"","isEnabled":true},"graphs":[]},"schema_type":null,"schema_type_options":null,"pillar_content":false,"robots_default":true,"robots_noindex":false,"robots_noarchive":false,"robots_nosnippet":false,"robots_nofollow":false,"robots_noimageindex":false,"robots_noodp":false,"robots_notranslate":false,"robots_max_snippet":null,"robots_max_videopreview":null,"robots_max_imagepreview":"large","priority":null,"frequency":null,"location":null,"local_seo":null,"seo_analyzer_scan_date":"2025-09-25 02:26:59","breadcrumb_settings":null,"limit_modified_date":false,"open_ai":null,"ai":null,"created":"2021-03-08 22:34:40","updated":"2025-09-25 02:26:59"},"aioseo_breadcrumb":"<div class=\"aioseo-breadcrumbs\"><span class=\"aioseo-breadcrumb\">\n\t<a href=\"https:\/\/eldigitaldeasturias.com\/magazine365\" title=\"Home\">Home<\/a>\n<\/span><span class=\"aioseo-breadcrumb-separator\">\u2013<\/span><span class=\"aioseo-breadcrumb\">\n\t<a href=\"https:\/\/eldigitaldeasturias.com\/magazine365\/category\/noticias-actualidad\/\" title=\"Noticias y Actualidad\">Noticias y Actualidad<\/a>\n<\/span><span class=\"aioseo-breadcrumb-separator\">\u2013<\/span><span class=\"aioseo-breadcrumb\">\n\t<a href=\"https:\/\/eldigitaldeasturias.com\/magazine365\/la-rioja-alta-culmina-su-125-aniversario-obteniendo-la-q-de-calidad-turistica\/\" title=\"La Rioja Alta culmina su 125 aniversario obteniendo la \u2018Q\u2019 de calidad tur\u00edstica\">La Rioja Alta culmina su 125 aniversario obteniendo la \u2018Q\u2019 de calidad tur\u00edstica<\/a>\n<\/span><\/div>","aioseo_breadcrumb_json":[{"label":"Home","link":"https:\/\/eldigitaldeasturias.com\/magazine365"},{"label":"Noticias y Actualidad","link":"https:\/\/eldigitaldeasturias.com\/magazine365\/category\/noticias-actualidad\/"},{"label":"La Rioja Alta culmina su 125 aniversario obteniendo la &#8216;Q&#8217; de calidad tur\u00edstica","link":"https:\/\/eldigitaldeasturias.com\/magazine365\/la-rioja-alta-culmina-su-125-aniversario-obteniendo-la-q-de-calidad-turistica\/"}],"_links":{"self":[{"href":"https:\/\/eldigitaldeasturias.com\/magazine365\/wp-json\/wp\/v2\/posts\/58145","targetHints":{"allow":["GET"]}}],"collection":[{"href":"https:\/\/eldigitaldeasturias.com\/magazine365\/wp-json\/wp\/v2\/posts"}],"about":[{"href":"https:\/\/eldigitaldeasturias.com\/magazine365\/wp-json\/wp\/v2\/types\/post"}],"author":[{"embeddable":true,"href":"https:\/\/eldigitaldeasturias.com\/magazine365\/wp-json\/wp\/v2\/users\/1"}],"replies":[{"embeddable":true,"href":"https:\/\/eldigitaldeasturias.com\/magazine365\/wp-json\/wp\/v2\/comments?post=58145"}],"version-history":[{"count":0,"href":"https:\/\/eldigitaldeasturias.com\/magazine365\/wp-json\/wp\/v2\/posts\/58145\/revisions"}],"wp:featuredmedia":[{"embeddable":true,"href":"https:\/\/eldigitaldeasturias.com\/magazine365\/wp-json\/wp\/v2\/media\/58146"}],"wp:attachment":[{"href":"https:\/\/eldigitaldeasturias.com\/magazine365\/wp-json\/wp\/v2\/media?parent=58145"}],"wp:term":[{"taxonomy":"category","embeddable":true,"href":"https:\/\/eldigitaldeasturias.com\/magazine365\/wp-json\/wp\/v2\/categories?post=58145"},{"taxonomy":"post_tag","embeddable":true,"href":"https:\/\/eldigitaldeasturias.com\/magazine365\/wp-json\/wp\/v2\/tags?post=58145"}],"curies":[{"name":"wp","href":"https:\/\/api.w.org\/{rel}","templated":true}]}}