{"id":58133,"date":"2015-12-11T11:05:46","date_gmt":"2015-12-11T10:05:46","guid":{"rendered":"http:\/\/eldigitaldeasturias.com\/magazine365\/?p=58133"},"modified":"2015-12-11T11:05:46","modified_gmt":"2015-12-11T10:05:46","slug":"un-experto-anima-a-ourense-a-convertir-la-llegada-del-ave-en-un-milagro-economico","status":"publish","type":"post","link":"https:\/\/eldigitaldeasturias.com\/magazine365\/un-experto-anima-a-ourense-a-convertir-la-llegada-del-ave-en-un-milagro-economico\/","title":{"rendered":"Un experto anima a Ourense a convertir la llegada del AVE en un \u00abmilagro econ\u00f3mico\u00bb"},"content":{"rendered":"<p><img fetchpriority=\"high\" decoding=\"async\" class=\"alignleft size-medium wp-image-58134\" src=\"https:\/\/eldigitaldeasturias.com\/magazine365\/wp-content\/uploads\/2015\/12\/fotonoticia_20151210101555_800-360x240.jpg\" alt=\"fotonoticia_20151210101555_800\" width=\"360\" height=\"240\" srcset=\"https:\/\/eldigitaldeasturias.com\/magazine365\/wp-content\/uploads\/2015\/12\/fotonoticia_20151210101555_800-360x240.jpg 360w, https:\/\/eldigitaldeasturias.com\/magazine365\/wp-content\/uploads\/2015\/12\/fotonoticia_20151210101555_800-650x433.jpg 650w, https:\/\/eldigitaldeasturias.com\/magazine365\/wp-content\/uploads\/2015\/12\/fotonoticia_20151210101555_800-768x512.jpg 768w, https:\/\/eldigitaldeasturias.com\/magazine365\/wp-content\/uploads\/2015\/12\/fotonoticia_20151210101555_800-150x100.jpg 150w, https:\/\/eldigitaldeasturias.com\/magazine365\/wp-content\/uploads\/2015\/12\/fotonoticia_20151210101555_800-450x300.jpg 450w, https:\/\/eldigitaldeasturias.com\/magazine365\/wp-content\/uploads\/2015\/12\/fotonoticia_20151210101555_800-696x464.jpg 696w, https:\/\/eldigitaldeasturias.com\/magazine365\/wp-content\/uploads\/2015\/12\/fotonoticia_20151210101555_800-630x420.jpg 630w, https:\/\/eldigitaldeasturias.com\/magazine365\/wp-content\/uploads\/2015\/12\/fotonoticia_20151210101555_800-84x55.jpg 84w, https:\/\/eldigitaldeasturias.com\/magazine365\/wp-content\/uploads\/2015\/12\/fotonoticia_20151210101555_800.jpg 800w\" sizes=\"(max-width: 360px) 100vw, 360px\" \/>El profesor y experto en dinamizaci\u00f3n tur\u00edstica Dom\u00e9nec Biosca ha augurado que \u00abel AVE significar\u00e1 para Ourense lo que los ourensanos se propongan\u00bb, despu\u00e9s de recordar el \u00abmilagro\u00bb que supuso la llegada de la alta velocidad para M\u00e1laga.<\/p>\n<p>As\u00ed lo ha se\u00f1alado durante la jornada &#8216;Estrategias para un futuro con Ourense como destino tur\u00edstico. Aprovechamiento de la llegada del AVE&#8217;, organizada por la Confederaci\u00f3n de Empresarios (CEO) en colaboraci\u00f3n con la Diputaci\u00f3n.<\/p>\n<p>El encuentro cont\u00f3 con la presencia de los m\u00e1ximos representantes de ambas instituciones, Jos\u00e9 Manuel P\u00e9rez Canal, y Manuel Baltar, respectivamente.<\/p>\n<p>Dom\u00e9nec Biosca ha recordado las ventajas que ha supuesto la llegada del AVE para localidades como Valladolid, Girona, Barcelona, Sevilla y M\u00e1laga. Se detuvo especialmente en \u00e9ste \u00faltimo caso, donde ha dicho que la llegada de la alta velocidad \u00abha supuesto un espectacular despegue y convertirla en una nueva Barcelona\u00bb.<\/p>\n<p>En este sentido, ha animado a los empresarios e instituciones provinciales a aprovechar la puesta en marcha de esta nueva v\u00eda de comunicaci\u00f3n para convertirla en un nuevo motor econ\u00f3mico para la ciudad y la provincia.<\/p>\n<p>Para ello, ha considerado tan importante como el liderazgo institucional \u00abla actitud de los propios ourensanos a la hora de resaltar y rentabilizar los muchos valores de los que dispone la provincia\u00bb.<\/p>\n<p>Tambi\u00e9n ha abogado por una apuesta clara por la \u00abmarca Ourense\u00bb.<\/p>\n<p>Sin embargo, ha recordado que \u00ablos nuevos retos han de responder a las demandas de los visitantes, ofreciendo servicios coordinados\u00bb.<\/p>\n<p>Entre estos, ha propuesto disponer de &#8216;wifi&#8217; gratuito en las calles e informaci\u00f3n de todos los eventos en distintas zonas, as\u00ed como la necesidad de \u00abinstitucionalizar una estrategia destinada a fidelizar a los clientes que visitan\u00bb la ciudad.<\/p>\n<p>Otra de las iniciativas que dio a conocer ha sido la de la &#8216;propina digital&#8217;, que consiste en que los clientes se hagan una foto en cada negocio o en cada destino, delante de los productos a la venta con las marcas detr\u00e1s (una especie de &#8216;photocall&#8217;), para lograr un efecto multiplicador a trav\u00e9s de las redes sociales.<\/p>\n<p>\u00abCREO EN OURENSE\u00bb<\/p>\n<p>Por su parte, el presidente de la Diputaci\u00f3n, Manuel Baltar, ha vuelto a utilizar el acr\u00f3nimo de la Confederaci\u00f3n Empresarial de Ourense (CEO) para traducirlo como \u00abcreo en Ourense\u00bb.<\/p>\n<p>Baltar ha pedido a los empresarios ourensanos que crean en las posibilidades de la provincia y que se preparen ante la llegada de la alta velocidad ferroviaria.<\/p>\n<p>En su alocuci\u00f3n, ha destacado los valores que posee la provincia, as\u00ed como algunas de las acciones impulsadas desde la instituci\u00f3n que preside, como el &#8216;ICC Week&#8217; que tuvo lugar meses atr\u00e1s y que constituye \u00abuna apuesta por el futuro a trav\u00e9s de las nuevas tecnolog\u00edas\u00bb, y la pr\u00f3xima Vuelta Ciclista a Espa\u00f1a, \u00abque saldr\u00e1 de Ourense el 20 de agosto y tendr\u00e1 destacado protagonismo en otras dos etapas, con una llegada en Luintra y una salida en Maceda\u00bb.<\/p>\n<p>El presidente de la CEO, P\u00e9rez Canal, por su parte, ha resaltado que \u00abel destino\u00bb coloc\u00f3 a la ciudad \u00abcomo puerta de entrada a Galicia desde la meseta, circunstancia que tambi\u00e9n puede constituir un valor en el futuro\u00bb.<\/p>\n","protected":false},"excerpt":{"rendered":"<p>El profesor y experto en dinamizaci\u00f3n tur\u00edstica Dom\u00e9nec Biosca ha augurado que \u00abel AVE significar\u00e1 para Ourense lo que los ourensanos se propongan\u00bb, despu\u00e9s de recordar el \u00abmilagro\u00bb que supuso la llegada de la alta velocidad para M\u00e1laga. As\u00ed lo ha se\u00f1alado durante la jornada &#8216;Estrategias para un futuro con Ourense como destino tur\u00edstico. Aprovechamiento<\/p>\n","protected":false},"author":1,"featured_media":58134,"comment_status":"open","ping_status":"closed","sticky":false,"template":"","format":"standard","meta":{"footnotes":""},"categories":[224],"tags":[],"class_list":{"0":"post-58133","1":"post","2":"type-post","3":"status-publish","4":"format-standard","5":"has-post-thumbnail","7":"category-noticias-actualidad"},"aioseo_notices":[],"aioseo_head":"\n\t\t<!-- All in One SEO Pro 4.9.6.1 - aioseo.com -->\n\t<meta name=\"description\" content=\"El profesor y experto en dinamizaci\u00f3n tur\u00edstica Dom\u00e9nec Biosca ha augurado que &quot;el AVE significar\u00e1 para Ourense lo que los ourensanos se propongan&quot;, despu\u00e9s de recordar el &quot;milagro&quot; que supuso la llegada de la alta velocidad para M\u00e1laga. As\u00ed lo ha se\u00f1alado durante la jornada &#039;Estrategias para un futuro con Ourense como destino tur\u00edstico. Aprovechamiento\" \/>\n\t<meta name=\"robots\" content=\"max-image-preview:large\" \/>\n\t<meta name=\"author\" content=\"admin\"\/>\n\t<meta name=\"google-site-verification\" content=\"UA-38556648-1\" \/>\n\t<meta name=\"keywords\" content=\"noticias y actualidad\" \/>\n\t<link rel=\"canonical\" href=\"https:\/\/eldigitaldeasturias.com\/magazine365\/un-experto-anima-a-ourense-a-convertir-la-llegada-del-ave-en-un-milagro-economico\/\" \/>\n\t<meta name=\"generator\" content=\"All in One SEO Pro (AIOSEO) 4.9.6.1\" \/>\n\t\t<meta property=\"og:locale\" content=\"es_ES\" \/>\n\t\t<meta property=\"og:site_name\" content=\"El Digital de Asturias \u2013 Revista de ocio, turismo y estilo de vida\" \/>\n\t\t<meta property=\"og:type\" content=\"article\" \/>\n\t\t<meta property=\"og:title\" content=\"Un experto anima a Ourense a convertir la llegada del AVE en un \u00abmilagro econ\u00f3mico\u00bb | El Digital de Asturias\" \/>\n\t\t<meta property=\"og:description\" content=\"El profesor y experto en dinamizaci\u00f3n tur\u00edstica Dom\u00e9nec Biosca ha augurado que &quot;el AVE significar\u00e1 para Ourense lo que los ourensanos se propongan&quot;, despu\u00e9s de recordar el &quot;milagro&quot; que supuso la llegada de la alta velocidad para M\u00e1laga. As\u00ed lo ha se\u00f1alado durante la jornada &#039;Estrategias para un futuro con Ourense como destino tur\u00edstico. Aprovechamiento\" \/>\n\t\t<meta property=\"og:url\" content=\"https:\/\/eldigitaldeasturias.com\/magazine365\/un-experto-anima-a-ourense-a-convertir-la-llegada-del-ave-en-un-milagro-economico\/\" \/>\n\t\t<meta property=\"og:image\" content=\"https:\/\/eldigitaldeasturias.com\/magazine365\/wp-content\/uploads\/2015\/12\/fotonoticia_20151210101555_800.jpg\" \/>\n\t\t<meta property=\"og:image:secure_url\" content=\"https:\/\/eldigitaldeasturias.com\/magazine365\/wp-content\/uploads\/2015\/12\/fotonoticia_20151210101555_800.jpg\" \/>\n\t\t<meta property=\"og:image:width\" content=\"800\" \/>\n\t\t<meta property=\"og:image:height\" content=\"533\" \/>\n\t\t<meta property=\"article:published_time\" content=\"2015-12-11T10:05:46+00:00\" \/>\n\t\t<meta property=\"article:modified_time\" content=\"2015-12-11T10:05:46+00:00\" \/>\n\t\t<meta name=\"twitter:card\" content=\"summary_large_image\" \/>\n\t\t<meta name=\"twitter:title\" content=\"Un experto anima a Ourense a convertir la llegada del AVE en un \u00abmilagro econ\u00f3mico\u00bb | El Digital de Asturias\" \/>\n\t\t<meta name=\"twitter:description\" content=\"El profesor y experto en dinamizaci\u00f3n tur\u00edstica Dom\u00e9nec Biosca ha augurado que &quot;el AVE significar\u00e1 para Ourense lo que los ourensanos se propongan&quot;, despu\u00e9s de recordar el &quot;milagro&quot; que supuso la llegada de la alta velocidad para M\u00e1laga. As\u00ed lo ha se\u00f1alado durante la jornada &#039;Estrategias para un futuro con Ourense como destino tur\u00edstico. Aprovechamiento\" \/>\n\t\t<meta name=\"twitter:image\" content=\"https:\/\/eldigitaldeasturias.com\/magazine365\/wp-content\/uploads\/2015\/12\/fotonoticia_20151210101555_800.jpg\" \/>\n\t\t<script type=\"application\/ld+json\" class=\"aioseo-schema\">\n\t\t\t{\"@context\":\"https:\\\/\\\/schema.org\",\"@graph\":[{\"@type\":\"Article\",\"@id\":\"https:\\\/\\\/eldigitaldeasturias.com\\\/magazine365\\\/un-experto-anima-a-ourense-a-convertir-la-llegada-del-ave-en-un-milagro-economico\\\/#article\",\"name\":\"Un experto anima a Ourense a convertir la llegada del AVE en un \\u00abmilagro econ\\u00f3mico\\u00bb | El Digital de Asturias\",\"headline\":\"Un experto anima a Ourense a convertir la llegada del AVE en un \\u00abmilagro econ\\u00f3mico\\u00bb\",\"author\":{\"@id\":\"https:\\\/\\\/eldigitaldeasturias.com\\\/magazine365\\\/author\\\/admin\\\/#author\"},\"publisher\":{\"@id\":\"https:\\\/\\\/eldigitaldeasturias.com\\\/magazine365\\\/#organization\"},\"image\":{\"@type\":\"ImageObject\",\"url\":\"https:\\\/\\\/eldigitaldeasturias.com\\\/magazine365\\\/wp-content\\\/uploads\\\/2015\\\/12\\\/fotonoticia_20151210101555_800.jpg\",\"width\":800,\"height\":533},\"datePublished\":\"2015-12-11T11:05:46+01:00\",\"dateModified\":\"2015-12-11T11:05:46+01:00\",\"inLanguage\":\"es-ES\",\"mainEntityOfPage\":{\"@id\":\"https:\\\/\\\/eldigitaldeasturias.com\\\/magazine365\\\/un-experto-anima-a-ourense-a-convertir-la-llegada-del-ave-en-un-milagro-economico\\\/#webpage\"},\"isPartOf\":{\"@id\":\"https:\\\/\\\/eldigitaldeasturias.com\\\/magazine365\\\/un-experto-anima-a-ourense-a-convertir-la-llegada-del-ave-en-un-milagro-economico\\\/#webpage\"},\"articleSection\":\"Noticias y Actualidad\"},{\"@type\":\"BreadcrumbList\",\"@id\":\"https:\\\/\\\/eldigitaldeasturias.com\\\/magazine365\\\/un-experto-anima-a-ourense-a-convertir-la-llegada-del-ave-en-un-milagro-economico\\\/#breadcrumblist\",\"itemListElement\":[{\"@type\":\"ListItem\",\"@id\":\"https:\\\/\\\/eldigitaldeasturias.com\\\/magazine365#listItem\",\"position\":1,\"name\":\"Home\",\"item\":\"https:\\\/\\\/eldigitaldeasturias.com\\\/magazine365\",\"nextItem\":{\"@type\":\"ListItem\",\"@id\":\"https:\\\/\\\/eldigitaldeasturias.com\\\/magazine365\\\/category\\\/noticias-actualidad\\\/#listItem\",\"name\":\"Noticias y Actualidad\"}},{\"@type\":\"ListItem\",\"@id\":\"https:\\\/\\\/eldigitaldeasturias.com\\\/magazine365\\\/category\\\/noticias-actualidad\\\/#listItem\",\"position\":2,\"name\":\"Noticias y Actualidad\",\"item\":\"https:\\\/\\\/eldigitaldeasturias.com\\\/magazine365\\\/category\\\/noticias-actualidad\\\/\",\"nextItem\":{\"@type\":\"ListItem\",\"@id\":\"https:\\\/\\\/eldigitaldeasturias.com\\\/magazine365\\\/un-experto-anima-a-ourense-a-convertir-la-llegada-del-ave-en-un-milagro-economico\\\/#listItem\",\"name\":\"Un experto anima a Ourense a convertir la llegada del AVE en un \\u00abmilagro econ\\u00f3mico\\u00bb\"},\"previousItem\":{\"@type\":\"ListItem\",\"@id\":\"https:\\\/\\\/eldigitaldeasturias.com\\\/magazine365#listItem\",\"name\":\"Home\"}},{\"@type\":\"ListItem\",\"@id\":\"https:\\\/\\\/eldigitaldeasturias.com\\\/magazine365\\\/un-experto-anima-a-ourense-a-convertir-la-llegada-del-ave-en-un-milagro-economico\\\/#listItem\",\"position\":3,\"name\":\"Un experto anima a Ourense a convertir la llegada del AVE en un \\u00abmilagro econ\\u00f3mico\\u00bb\",\"previousItem\":{\"@type\":\"ListItem\",\"@id\":\"https:\\\/\\\/eldigitaldeasturias.com\\\/magazine365\\\/category\\\/noticias-actualidad\\\/#listItem\",\"name\":\"Noticias y Actualidad\"}}]},{\"@type\":\"Organization\",\"@id\":\"https:\\\/\\\/eldigitaldeasturias.com\\\/magazine365\\\/#organization\",\"name\":\"El digital de Asturias\",\"description\":\"Revista de ocio, turismo y estilo de vida\",\"url\":\"https:\\\/\\\/eldigitaldeasturias.com\\\/magazine365\\\/\",\"logo\":{\"@type\":\"ImageObject\",\"url\":\"https:\\\/\\\/www.eldigitaldeasturias.com\\\/noticias\\\/wp-content\\\/uploads\\\/2020\\\/12\\\/EDA.jpg\",\"@id\":\"https:\\\/\\\/eldigitaldeasturias.com\\\/magazine365\\\/un-experto-anima-a-ourense-a-convertir-la-llegada-del-ave-en-un-milagro-economico\\\/#organizationLogo\"},\"image\":{\"@id\":\"https:\\\/\\\/eldigitaldeasturias.com\\\/magazine365\\\/un-experto-anima-a-ourense-a-convertir-la-llegada-del-ave-en-un-milagro-economico\\\/#organizationLogo\"}},{\"@type\":\"Person\",\"@id\":\"https:\\\/\\\/eldigitaldeasturias.com\\\/magazine365\\\/author\\\/admin\\\/#author\",\"url\":\"https:\\\/\\\/eldigitaldeasturias.com\\\/magazine365\\\/author\\\/admin\\\/\",\"name\":\"admin\",\"image\":{\"@type\":\"ImageObject\",\"@id\":\"https:\\\/\\\/eldigitaldeasturias.com\\\/magazine365\\\/un-experto-anima-a-ourense-a-convertir-la-llegada-del-ave-en-un-milagro-economico\\\/#authorImage\",\"url\":\"https:\\\/\\\/eldigitaldeasturias.com\\\/magazine365\\\/wp-content\\\/litespeed\\\/avatar\\\/e571bcf59a0edd6fa6838245a470f2fe.jpg?ver=1777574230\",\"width\":96,\"height\":96,\"caption\":\"admin\"}},{\"@type\":\"WebPage\",\"@id\":\"https:\\\/\\\/eldigitaldeasturias.com\\\/magazine365\\\/un-experto-anima-a-ourense-a-convertir-la-llegada-del-ave-en-un-milagro-economico\\\/#webpage\",\"url\":\"https:\\\/\\\/eldigitaldeasturias.com\\\/magazine365\\\/un-experto-anima-a-ourense-a-convertir-la-llegada-del-ave-en-un-milagro-economico\\\/\",\"name\":\"Un experto anima a Ourense a convertir la llegada del AVE en un \\u00abmilagro econ\\u00f3mico\\u00bb | El Digital de Asturias\",\"description\":\"El profesor y experto en dinamizaci\\u00f3n tur\\u00edstica Dom\\u00e9nec Biosca ha augurado que \\\"el AVE significar\\u00e1 para Ourense lo que los ourensanos se propongan\\\", despu\\u00e9s de recordar el \\\"milagro\\\" que supuso la llegada de la alta velocidad para M\\u00e1laga. As\\u00ed lo ha se\\u00f1alado durante la jornada 'Estrategias para un futuro con Ourense como destino tur\\u00edstico. Aprovechamiento\",\"inLanguage\":\"es-ES\",\"isPartOf\":{\"@id\":\"https:\\\/\\\/eldigitaldeasturias.com\\\/magazine365\\\/#website\"},\"breadcrumb\":{\"@id\":\"https:\\\/\\\/eldigitaldeasturias.com\\\/magazine365\\\/un-experto-anima-a-ourense-a-convertir-la-llegada-del-ave-en-un-milagro-economico\\\/#breadcrumblist\"},\"author\":{\"@id\":\"https:\\\/\\\/eldigitaldeasturias.com\\\/magazine365\\\/author\\\/admin\\\/#author\"},\"creator\":{\"@id\":\"https:\\\/\\\/eldigitaldeasturias.com\\\/magazine365\\\/author\\\/admin\\\/#author\"},\"image\":{\"@type\":\"ImageObject\",\"url\":\"https:\\\/\\\/eldigitaldeasturias.com\\\/magazine365\\\/wp-content\\\/uploads\\\/2015\\\/12\\\/fotonoticia_20151210101555_800.jpg\",\"@id\":\"https:\\\/\\\/eldigitaldeasturias.com\\\/magazine365\\\/un-experto-anima-a-ourense-a-convertir-la-llegada-del-ave-en-un-milagro-economico\\\/#mainImage\",\"width\":800,\"height\":533},\"primaryImageOfPage\":{\"@id\":\"https:\\\/\\\/eldigitaldeasturias.com\\\/magazine365\\\/un-experto-anima-a-ourense-a-convertir-la-llegada-del-ave-en-un-milagro-economico\\\/#mainImage\"},\"datePublished\":\"2015-12-11T11:05:46+01:00\",\"dateModified\":\"2015-12-11T11:05:46+01:00\"},{\"@type\":\"WebSite\",\"@id\":\"https:\\\/\\\/eldigitaldeasturias.com\\\/magazine365\\\/#website\",\"url\":\"https:\\\/\\\/eldigitaldeasturias.com\\\/magazine365\\\/\",\"name\":\"El Digital de Asturias\",\"description\":\"Revista de ocio, turismo y estilo de vida\",\"inLanguage\":\"es-ES\",\"publisher\":{\"@id\":\"https:\\\/\\\/eldigitaldeasturias.com\\\/magazine365\\\/#organization\"}}]}\n\t\t<\/script>\n\t\t<!-- All in One SEO Pro -->\r\n\t\t<title>Un experto anima a Ourense a convertir la llegada del AVE en un \u00abmilagro econ\u00f3mico\u00bb | El Digital de Asturias<\/title>\n\n","aioseo_head_json":{"title":"Un experto anima a Ourense a convertir la llegada del AVE en un \u00abmilagro econ\u00f3mico\u00bb | El Digital de Asturias","description":"El profesor y experto en dinamizaci\u00f3n tur\u00edstica Dom\u00e9nec Biosca ha augurado que \"el AVE significar\u00e1 para Ourense lo que los ourensanos se propongan\", despu\u00e9s de recordar el \"milagro\" que supuso la llegada de la alta velocidad para M\u00e1laga. As\u00ed lo ha se\u00f1alado durante la jornada 'Estrategias para un futuro con Ourense como destino tur\u00edstico. Aprovechamiento","canonical_url":"https:\/\/eldigitaldeasturias.com\/magazine365\/un-experto-anima-a-ourense-a-convertir-la-llegada-del-ave-en-un-milagro-economico\/","robots":"max-image-preview:large","keywords":"noticias y actualidad","webmasterTools":{"google-site-verification":"UA-38556648-1","miscellaneous":""},"schema":{"@context":"https:\/\/schema.org","@graph":[{"@type":"Article","@id":"https:\/\/eldigitaldeasturias.com\/magazine365\/un-experto-anima-a-ourense-a-convertir-la-llegada-del-ave-en-un-milagro-economico\/#article","name":"Un experto anima a Ourense a convertir la llegada del AVE en un \u00abmilagro econ\u00f3mico\u00bb | El Digital de Asturias","headline":"Un experto anima a Ourense a convertir la llegada del AVE en un \u00abmilagro econ\u00f3mico\u00bb","author":{"@id":"https:\/\/eldigitaldeasturias.com\/magazine365\/author\/admin\/#author"},"publisher":{"@id":"https:\/\/eldigitaldeasturias.com\/magazine365\/#organization"},"image":{"@type":"ImageObject","url":"https:\/\/eldigitaldeasturias.com\/magazine365\/wp-content\/uploads\/2015\/12\/fotonoticia_20151210101555_800.jpg","width":800,"height":533},"datePublished":"2015-12-11T11:05:46+01:00","dateModified":"2015-12-11T11:05:46+01:00","inLanguage":"es-ES","mainEntityOfPage":{"@id":"https:\/\/eldigitaldeasturias.com\/magazine365\/un-experto-anima-a-ourense-a-convertir-la-llegada-del-ave-en-un-milagro-economico\/#webpage"},"isPartOf":{"@id":"https:\/\/eldigitaldeasturias.com\/magazine365\/un-experto-anima-a-ourense-a-convertir-la-llegada-del-ave-en-un-milagro-economico\/#webpage"},"articleSection":"Noticias y Actualidad"},{"@type":"BreadcrumbList","@id":"https:\/\/eldigitaldeasturias.com\/magazine365\/un-experto-anima-a-ourense-a-convertir-la-llegada-del-ave-en-un-milagro-economico\/#breadcrumblist","itemListElement":[{"@type":"ListItem","@id":"https:\/\/eldigitaldeasturias.com\/magazine365#listItem","position":1,"name":"Home","item":"https:\/\/eldigitaldeasturias.com\/magazine365","nextItem":{"@type":"ListItem","@id":"https:\/\/eldigitaldeasturias.com\/magazine365\/category\/noticias-actualidad\/#listItem","name":"Noticias y Actualidad"}},{"@type":"ListItem","@id":"https:\/\/eldigitaldeasturias.com\/magazine365\/category\/noticias-actualidad\/#listItem","position":2,"name":"Noticias y Actualidad","item":"https:\/\/eldigitaldeasturias.com\/magazine365\/category\/noticias-actualidad\/","nextItem":{"@type":"ListItem","@id":"https:\/\/eldigitaldeasturias.com\/magazine365\/un-experto-anima-a-ourense-a-convertir-la-llegada-del-ave-en-un-milagro-economico\/#listItem","name":"Un experto anima a Ourense a convertir la llegada del AVE en un \u00abmilagro econ\u00f3mico\u00bb"},"previousItem":{"@type":"ListItem","@id":"https:\/\/eldigitaldeasturias.com\/magazine365#listItem","name":"Home"}},{"@type":"ListItem","@id":"https:\/\/eldigitaldeasturias.com\/magazine365\/un-experto-anima-a-ourense-a-convertir-la-llegada-del-ave-en-un-milagro-economico\/#listItem","position":3,"name":"Un experto anima a Ourense a convertir la llegada del AVE en un \u00abmilagro econ\u00f3mico\u00bb","previousItem":{"@type":"ListItem","@id":"https:\/\/eldigitaldeasturias.com\/magazine365\/category\/noticias-actualidad\/#listItem","name":"Noticias y Actualidad"}}]},{"@type":"Organization","@id":"https:\/\/eldigitaldeasturias.com\/magazine365\/#organization","name":"El digital de Asturias","description":"Revista de ocio, turismo y estilo de vida","url":"https:\/\/eldigitaldeasturias.com\/magazine365\/","logo":{"@type":"ImageObject","url":"https:\/\/www.eldigitaldeasturias.com\/noticias\/wp-content\/uploads\/2020\/12\/EDA.jpg","@id":"https:\/\/eldigitaldeasturias.com\/magazine365\/un-experto-anima-a-ourense-a-convertir-la-llegada-del-ave-en-un-milagro-economico\/#organizationLogo"},"image":{"@id":"https:\/\/eldigitaldeasturias.com\/magazine365\/un-experto-anima-a-ourense-a-convertir-la-llegada-del-ave-en-un-milagro-economico\/#organizationLogo"}},{"@type":"Person","@id":"https:\/\/eldigitaldeasturias.com\/magazine365\/author\/admin\/#author","url":"https:\/\/eldigitaldeasturias.com\/magazine365\/author\/admin\/","name":"admin","image":{"@type":"ImageObject","@id":"https:\/\/eldigitaldeasturias.com\/magazine365\/un-experto-anima-a-ourense-a-convertir-la-llegada-del-ave-en-un-milagro-economico\/#authorImage","url":"https:\/\/eldigitaldeasturias.com\/magazine365\/wp-content\/litespeed\/avatar\/e571bcf59a0edd6fa6838245a470f2fe.jpg?ver=1777574230","width":96,"height":96,"caption":"admin"}},{"@type":"WebPage","@id":"https:\/\/eldigitaldeasturias.com\/magazine365\/un-experto-anima-a-ourense-a-convertir-la-llegada-del-ave-en-un-milagro-economico\/#webpage","url":"https:\/\/eldigitaldeasturias.com\/magazine365\/un-experto-anima-a-ourense-a-convertir-la-llegada-del-ave-en-un-milagro-economico\/","name":"Un experto anima a Ourense a convertir la llegada del AVE en un \u00abmilagro econ\u00f3mico\u00bb | El Digital de Asturias","description":"El profesor y experto en dinamizaci\u00f3n tur\u00edstica Dom\u00e9nec Biosca ha augurado que \"el AVE significar\u00e1 para Ourense lo que los ourensanos se propongan\", despu\u00e9s de recordar el \"milagro\" que supuso la llegada de la alta velocidad para M\u00e1laga. As\u00ed lo ha se\u00f1alado durante la jornada 'Estrategias para un futuro con Ourense como destino tur\u00edstico. Aprovechamiento","inLanguage":"es-ES","isPartOf":{"@id":"https:\/\/eldigitaldeasturias.com\/magazine365\/#website"},"breadcrumb":{"@id":"https:\/\/eldigitaldeasturias.com\/magazine365\/un-experto-anima-a-ourense-a-convertir-la-llegada-del-ave-en-un-milagro-economico\/#breadcrumblist"},"author":{"@id":"https:\/\/eldigitaldeasturias.com\/magazine365\/author\/admin\/#author"},"creator":{"@id":"https:\/\/eldigitaldeasturias.com\/magazine365\/author\/admin\/#author"},"image":{"@type":"ImageObject","url":"https:\/\/eldigitaldeasturias.com\/magazine365\/wp-content\/uploads\/2015\/12\/fotonoticia_20151210101555_800.jpg","@id":"https:\/\/eldigitaldeasturias.com\/magazine365\/un-experto-anima-a-ourense-a-convertir-la-llegada-del-ave-en-un-milagro-economico\/#mainImage","width":800,"height":533},"primaryImageOfPage":{"@id":"https:\/\/eldigitaldeasturias.com\/magazine365\/un-experto-anima-a-ourense-a-convertir-la-llegada-del-ave-en-un-milagro-economico\/#mainImage"},"datePublished":"2015-12-11T11:05:46+01:00","dateModified":"2015-12-11T11:05:46+01:00"},{"@type":"WebSite","@id":"https:\/\/eldigitaldeasturias.com\/magazine365\/#website","url":"https:\/\/eldigitaldeasturias.com\/magazine365\/","name":"El Digital de Asturias","description":"Revista de ocio, turismo y estilo de vida","inLanguage":"es-ES","publisher":{"@id":"https:\/\/eldigitaldeasturias.com\/magazine365\/#organization"}}]},"og:locale":"es_ES","og:site_name":"El Digital de Asturias \u2013 Revista de ocio, turismo y estilo de vida","og:type":"article","og:title":"Un experto anima a Ourense a convertir la llegada del AVE en un \u00abmilagro econ\u00f3mico\u00bb | El Digital de Asturias","og:description":"El profesor y experto en dinamizaci\u00f3n tur\u00edstica Dom\u00e9nec Biosca ha augurado que &quot;el AVE significar\u00e1 para Ourense lo que los ourensanos se propongan&quot;, despu\u00e9s de recordar el &quot;milagro&quot; que supuso la llegada de la alta velocidad para M\u00e1laga. As\u00ed lo ha se\u00f1alado durante la jornada 'Estrategias para un futuro con Ourense como destino tur\u00edstico. Aprovechamiento","og:url":"https:\/\/eldigitaldeasturias.com\/magazine365\/un-experto-anima-a-ourense-a-convertir-la-llegada-del-ave-en-un-milagro-economico\/","og:image":"https:\/\/eldigitaldeasturias.com\/magazine365\/wp-content\/uploads\/2015\/12\/fotonoticia_20151210101555_800.jpg","og:image:secure_url":"https:\/\/eldigitaldeasturias.com\/magazine365\/wp-content\/uploads\/2015\/12\/fotonoticia_20151210101555_800.jpg","og:image:width":800,"og:image:height":533,"article:published_time":"2015-12-11T10:05:46+00:00","article:modified_time":"2015-12-11T10:05:46+00:00","twitter:card":"summary_large_image","twitter:title":"Un experto anima a Ourense a convertir la llegada del AVE en un \u00abmilagro econ\u00f3mico\u00bb | El Digital de Asturias","twitter:description":"El profesor y experto en dinamizaci\u00f3n tur\u00edstica Dom\u00e9nec Biosca ha augurado que &quot;el AVE significar\u00e1 para Ourense lo que los ourensanos se propongan&quot;, despu\u00e9s de recordar el &quot;milagro&quot; que supuso la llegada de la alta velocidad para M\u00e1laga. As\u00ed lo ha se\u00f1alado durante la jornada 'Estrategias para un futuro con Ourense como destino tur\u00edstico. Aprovechamiento","twitter:image":"https:\/\/eldigitaldeasturias.com\/magazine365\/wp-content\/uploads\/2015\/12\/fotonoticia_20151210101555_800.jpg"},"aioseo_meta_data":{"post_id":"58133","title":null,"description":null,"keywords":null,"keyphrases":null,"primary_term":null,"canonical_url":null,"og_title":null,"og_description":null,"og_object_type":"default","og_image_type":"default","og_image_url":null,"og_image_width":null,"og_image_height":null,"og_image_custom_url":null,"og_image_custom_fields":null,"og_video":null,"og_custom_url":null,"og_article_section":null,"og_article_tags":null,"twitter_use_og":false,"twitter_card":"default","twitter_image_type":"default","twitter_image_url":null,"twitter_image_custom_url":null,"twitter_image_custom_fields":null,"twitter_title":null,"twitter_description":null,"schema":{"blockGraphs":[],"customGraphs":[],"default":{"data":{"Article":[],"Course":[],"Dataset":[],"FAQPage":[],"Movie":[],"Person":[],"Product":[],"ProductReview":[],"Car":[],"Recipe":[],"Service":[],"SoftwareApplication":[],"WebPage":[]},"graphName":"","isEnabled":true},"graphs":[],"defaultGraph":"","defaultPostTypeGraph":""},"schema_type":null,"schema_type_options":null,"pillar_content":false,"robots_default":true,"robots_noindex":false,"robots_noarchive":false,"robots_nosnippet":false,"robots_nofollow":false,"robots_noimageindex":false,"robots_noodp":false,"robots_notranslate":false,"robots_max_snippet":null,"robots_max_videopreview":null,"robots_max_imagepreview":"large","priority":null,"frequency":null,"location":null,"local_seo":null,"seo_analyzer_scan_date":"2025-09-25 02:26:55","breadcrumb_settings":null,"limit_modified_date":false,"open_ai":null,"ai":null,"created":"2021-03-08 22:34:40","updated":"2025-09-25 02:26:55"},"aioseo_breadcrumb":"<div class=\"aioseo-breadcrumbs\"><span class=\"aioseo-breadcrumb\">\n\t<a href=\"https:\/\/eldigitaldeasturias.com\/magazine365\" title=\"Home\">Home<\/a>\n<\/span><span class=\"aioseo-breadcrumb-separator\">\u2013<\/span><span class=\"aioseo-breadcrumb\">\n\t<a href=\"https:\/\/eldigitaldeasturias.com\/magazine365\/category\/noticias-actualidad\/\" title=\"Noticias y Actualidad\">Noticias y Actualidad<\/a>\n<\/span><span class=\"aioseo-breadcrumb-separator\">\u2013<\/span><span class=\"aioseo-breadcrumb\">\n\t<a href=\"https:\/\/eldigitaldeasturias.com\/magazine365\/un-experto-anima-a-ourense-a-convertir-la-llegada-del-ave-en-un-milagro-economico\/\" title=\"Un experto anima a Ourense a convertir la llegada del AVE en un \u00abmilagro econ\u00f3mico\u00bb\">Un experto anima a Ourense a convertir la llegada del AVE en un \u00abmilagro econ\u00f3mico\u00bb<\/a>\n<\/span><\/div>","aioseo_breadcrumb_json":[{"label":"Home","link":"https:\/\/eldigitaldeasturias.com\/magazine365"},{"label":"Noticias y Actualidad","link":"https:\/\/eldigitaldeasturias.com\/magazine365\/category\/noticias-actualidad\/"},{"label":"Un experto anima a Ourense a convertir la llegada del AVE en un \u00abmilagro econ\u00f3mico\u00bb","link":"https:\/\/eldigitaldeasturias.com\/magazine365\/un-experto-anima-a-ourense-a-convertir-la-llegada-del-ave-en-un-milagro-economico\/"}],"_links":{"self":[{"href":"https:\/\/eldigitaldeasturias.com\/magazine365\/wp-json\/wp\/v2\/posts\/58133","targetHints":{"allow":["GET"]}}],"collection":[{"href":"https:\/\/eldigitaldeasturias.com\/magazine365\/wp-json\/wp\/v2\/posts"}],"about":[{"href":"https:\/\/eldigitaldeasturias.com\/magazine365\/wp-json\/wp\/v2\/types\/post"}],"author":[{"embeddable":true,"href":"https:\/\/eldigitaldeasturias.com\/magazine365\/wp-json\/wp\/v2\/users\/1"}],"replies":[{"embeddable":true,"href":"https:\/\/eldigitaldeasturias.com\/magazine365\/wp-json\/wp\/v2\/comments?post=58133"}],"version-history":[{"count":0,"href":"https:\/\/eldigitaldeasturias.com\/magazine365\/wp-json\/wp\/v2\/posts\/58133\/revisions"}],"wp:featuredmedia":[{"embeddable":true,"href":"https:\/\/eldigitaldeasturias.com\/magazine365\/wp-json\/wp\/v2\/media\/58134"}],"wp:attachment":[{"href":"https:\/\/eldigitaldeasturias.com\/magazine365\/wp-json\/wp\/v2\/media?parent=58133"}],"wp:term":[{"taxonomy":"category","embeddable":true,"href":"https:\/\/eldigitaldeasturias.com\/magazine365\/wp-json\/wp\/v2\/categories?post=58133"},{"taxonomy":"post_tag","embeddable":true,"href":"https:\/\/eldigitaldeasturias.com\/magazine365\/wp-json\/wp\/v2\/tags?post=58133"}],"curies":[{"name":"wp","href":"https:\/\/api.w.org\/{rel}","templated":true}]}}