{"id":58115,"date":"2015-12-10T14:28:16","date_gmt":"2015-12-10T13:28:16","guid":{"rendered":"http:\/\/eldigitaldeasturias.com\/magazine365\/?p=58115"},"modified":"2015-12-10T14:28:16","modified_gmt":"2015-12-10T13:28:16","slug":"emirates-retirara-52-aviones-entre-2016-y-2018","status":"publish","type":"post","link":"https:\/\/eldigitaldeasturias.com\/magazine365\/emirates-retirara-52-aviones-entre-2016-y-2018\/","title":{"rendered":"Emirates retirar\u00e1 52 aviones entre 2016 y 2018"},"content":{"rendered":"<p><img fetchpriority=\"high\" decoding=\"async\" class=\"alignleft size-medium wp-image-58116\" src=\"https:\/\/eldigitaldeasturias.com\/magazine365\/wp-content\/uploads\/2015\/12\/fotonoticia_20151209180703_800-360x238.jpg\" alt=\"fotonoticia_20151209180703_800\" width=\"360\" height=\"238\" srcset=\"https:\/\/eldigitaldeasturias.com\/magazine365\/wp-content\/uploads\/2015\/12\/fotonoticia_20151209180703_800-360x238.jpg 360w, https:\/\/eldigitaldeasturias.com\/magazine365\/wp-content\/uploads\/2015\/12\/fotonoticia_20151209180703_800-650x429.jpg 650w, https:\/\/eldigitaldeasturias.com\/magazine365\/wp-content\/uploads\/2015\/12\/fotonoticia_20151209180703_800-768x507.jpg 768w, https:\/\/eldigitaldeasturias.com\/magazine365\/wp-content\/uploads\/2015\/12\/fotonoticia_20151209180703_800-150x99.jpg 150w, https:\/\/eldigitaldeasturias.com\/magazine365\/wp-content\/uploads\/2015\/12\/fotonoticia_20151209180703_800-450x297.jpg 450w, https:\/\/eldigitaldeasturias.com\/magazine365\/wp-content\/uploads\/2015\/12\/fotonoticia_20151209180703_800-696x459.jpg 696w, https:\/\/eldigitaldeasturias.com\/magazine365\/wp-content\/uploads\/2015\/12\/fotonoticia_20151209180703_800-636x420.jpg 636w, https:\/\/eldigitaldeasturias.com\/magazine365\/wp-content\/uploads\/2015\/12\/fotonoticia_20151209180703_800-84x55.jpg 84w, https:\/\/eldigitaldeasturias.com\/magazine365\/wp-content\/uploads\/2015\/12\/fotonoticia_20151209180703_800.jpg 800w\" sizes=\"(max-width: 360px) 100vw, 360px\" \/>Emirates retirar\u00e1 52 aviones entre 2016 y 2018 en un ambicioso plan de flota, que implicar\u00e1 ya el pr\u00f3ximo a\u00f1o la retirada de aviones con una edad media 15,7 a\u00f1os &#8211;por debajo del promedio de la industria que se sit\u00faa en 25 a\u00f1os&#8211;, que compensar\u00e1 con la recepci\u00f3n de 36 nuevos aviones el mismo a\u00f1o.<\/p>\n<p>El pr\u00f3ximo a\u00f1o la aerol\u00ednea tiene previsto retirar 26 aviones, entre los que se incluyen 12 aviones A330-300, cuatro A340-300, un A430-300, seis 777-200ER y un 777-300ER de Boeing. Adem\u00e1s, retirar\u00e1 13 aviones m\u00e1s en 2017 y otros trece en 2018, dentro de su plan de renovaci\u00f3n de flota, anunciado hoy.<\/p>\n<p>Para compensar la retirada de estas aeronaves y dotar a la flota de mayor eficiencia, Emirates recibir\u00e1 36 nuevos aviones el mismo a\u00f1o, incluyendo 20 aviones A380 y 16 aeronaves Boeing 777-300ER.<\/p>\n<p>Estos nuevos aviones est\u00e1n reconocidos como los m\u00e1s eficientes y silenciosos del mercado, pues emiten un 12% menos de Co2 que los aviones que Emirates dejar\u00e1 en tierra.<\/p>\n<p>A finales de 2016, entre las retiradas y las nuevas entregas, la edad media de la flota de Emirates ser\u00e1 de 5,6 a\u00f1os, destac\u00f3 la compa\u00f1\u00eda. Un reciente estudio cifra en 13,6 a\u00f1os la edad promedio de la flota de las cinco principales aerol\u00edneas de Am\u00e9rica del Norte, frente a los 10,7 a\u00f1os de media de las cinco aerol\u00edneas m\u00e1s importantes en Europa.<\/p>\n<p>Actualmente, la flota de Emirates asciende a 244 aviones. Este a\u00f1o la aerol\u00ednea recibi\u00f3 26 nuevos aviones, incluyendo 15 unidades del A380 &#8216;superjumbo&#8217;, 10 Boeing 777-300ER y un 777 Freigther.<\/p>\n<p>La compa\u00f1\u00eda tiene encargados 262 aviones adicionales, por valor de 120.000 millones de d\u00f3lares (109.259 millones de euros), seg\u00fan el precio de cat\u00e1logo. En la cartera de pedidos se incluyen 71 Airbus A380, 42 Boeing 777-300ER, 115 Boeing 777-9Xs y 35 Boeing 777-8Xs.<\/p>\n<p>ENTREGAS A PARTIR DE 2020.<\/p>\n<p>Cuando la entrega comience a partir de 2020, los nuevos Boeing 777Xs contar\u00e1n con un nuevo dise\u00f1o para reducir el consumo de combustible, que ser\u00e1n casi un 20% m\u00e1s eficientes que los modelos anteriores.<\/p>\n<p>Adem\u00e1s, incluir\u00e1n mejoras para los pasajeros como ventanas m\u00e1s grandes o techos m\u00e1s altos, m\u00e1s presi\u00f3n en la cabina y humedad y cabinas a\u00fan m\u00e1s anchas que los modelos previos.<\/p>\n<p>En paralelo a su plan de renovaci\u00f3n de flota, Emirates implementar\u00e1 otras medidas para reducir las emisiones de CO2, entre ellas la creaci\u00f3n de rutas de vuelo eficientes con su programa &#8216;Flextracks&#8217;, basadas en las condiciones meteorol\u00f3gicas clim\u00e1ticas, el uso de un solo motor en el rodaje de pista, minimizar el empuje invertido durante el aterrizaje y menos consumo en asistencia en tierra.<\/p>\n","protected":false},"excerpt":{"rendered":"<p>Emirates retirar\u00e1 52 aviones entre 2016 y 2018 en un ambicioso plan de flota, que implicar\u00e1 ya el pr\u00f3ximo a\u00f1o la retirada de aviones con una edad media 15,7 a\u00f1os &#8211;por debajo del promedio de la industria que se sit\u00faa en 25 a\u00f1os&#8211;, que compensar\u00e1 con la recepci\u00f3n de 36 nuevos aviones el mismo a\u00f1o.<\/p>\n","protected":false},"author":1,"featured_media":58116,"comment_status":"open","ping_status":"closed","sticky":false,"template":"","format":"standard","meta":{"footnotes":""},"categories":[224],"tags":[],"class_list":{"0":"post-58115","1":"post","2":"type-post","3":"status-publish","4":"format-standard","5":"has-post-thumbnail","7":"category-noticias-actualidad"},"aioseo_notices":[],"aioseo_head":"\n\t\t<!-- All in One SEO Pro 4.9.6.1 - aioseo.com -->\n\t<meta name=\"description\" content=\"Emirates retirar\u00e1 52 aviones entre 2016 y 2018 en un ambicioso plan de flota, que implicar\u00e1 ya el pr\u00f3ximo a\u00f1o la retirada de aviones con una edad media 15,7 a\u00f1os --por debajo del promedio de la industria que se sit\u00faa en 25 a\u00f1os--, que compensar\u00e1 con la recepci\u00f3n de 36 nuevos aviones el mismo a\u00f1o.\" \/>\n\t<meta name=\"robots\" content=\"max-image-preview:large\" \/>\n\t<meta name=\"author\" content=\"admin\"\/>\n\t<meta name=\"google-site-verification\" content=\"UA-38556648-1\" \/>\n\t<meta name=\"keywords\" content=\"noticias y actualidad\" \/>\n\t<link rel=\"canonical\" href=\"https:\/\/eldigitaldeasturias.com\/magazine365\/emirates-retirara-52-aviones-entre-2016-y-2018\/\" \/>\n\t<meta name=\"generator\" content=\"All in One SEO Pro (AIOSEO) 4.9.6.1\" \/>\n\t\t<meta property=\"og:locale\" content=\"es_ES\" \/>\n\t\t<meta property=\"og:site_name\" content=\"El Digital de Asturias \u2013 Revista de ocio, turismo y estilo de vida\" \/>\n\t\t<meta property=\"og:type\" content=\"article\" \/>\n\t\t<meta property=\"og:title\" content=\"Emirates retirar\u00e1 52 aviones entre 2016 y 2018 | El Digital de Asturias\" \/>\n\t\t<meta property=\"og:description\" content=\"Emirates retirar\u00e1 52 aviones entre 2016 y 2018 en un ambicioso plan de flota, que implicar\u00e1 ya el pr\u00f3ximo a\u00f1o la retirada de aviones con una edad media 15,7 a\u00f1os --por debajo del promedio de la industria que se sit\u00faa en 25 a\u00f1os--, que compensar\u00e1 con la recepci\u00f3n de 36 nuevos aviones el mismo a\u00f1o.\" \/>\n\t\t<meta property=\"og:url\" content=\"https:\/\/eldigitaldeasturias.com\/magazine365\/emirates-retirara-52-aviones-entre-2016-y-2018\/\" \/>\n\t\t<meta property=\"og:image\" content=\"https:\/\/eldigitaldeasturias.com\/magazine365\/wp-content\/uploads\/2015\/12\/fotonoticia_20151209180703_800.jpg\" \/>\n\t\t<meta property=\"og:image:secure_url\" content=\"https:\/\/eldigitaldeasturias.com\/magazine365\/wp-content\/uploads\/2015\/12\/fotonoticia_20151209180703_800.jpg\" \/>\n\t\t<meta property=\"og:image:width\" content=\"800\" \/>\n\t\t<meta property=\"og:image:height\" content=\"528\" \/>\n\t\t<meta property=\"article:published_time\" content=\"2015-12-10T13:28:16+00:00\" \/>\n\t\t<meta property=\"article:modified_time\" content=\"2015-12-10T13:28:16+00:00\" \/>\n\t\t<meta name=\"twitter:card\" content=\"summary_large_image\" \/>\n\t\t<meta name=\"twitter:title\" content=\"Emirates retirar\u00e1 52 aviones entre 2016 y 2018 | El Digital de Asturias\" \/>\n\t\t<meta name=\"twitter:description\" content=\"Emirates retirar\u00e1 52 aviones entre 2016 y 2018 en un ambicioso plan de flota, que implicar\u00e1 ya el pr\u00f3ximo a\u00f1o la retirada de aviones con una edad media 15,7 a\u00f1os --por debajo del promedio de la industria que se sit\u00faa en 25 a\u00f1os--, que compensar\u00e1 con la recepci\u00f3n de 36 nuevos aviones el mismo a\u00f1o.\" \/>\n\t\t<meta name=\"twitter:image\" content=\"https:\/\/eldigitaldeasturias.com\/magazine365\/wp-content\/uploads\/2015\/12\/fotonoticia_20151209180703_800.jpg\" \/>\n\t\t<script type=\"application\/ld+json\" class=\"aioseo-schema\">\n\t\t\t{\"@context\":\"https:\\\/\\\/schema.org\",\"@graph\":[{\"@type\":\"Article\",\"@id\":\"https:\\\/\\\/eldigitaldeasturias.com\\\/magazine365\\\/emirates-retirara-52-aviones-entre-2016-y-2018\\\/#article\",\"name\":\"Emirates retirar\\u00e1 52 aviones entre 2016 y 2018 | El Digital de Asturias\",\"headline\":\"Emirates retirar\\u00e1 52 aviones entre 2016 y 2018\",\"author\":{\"@id\":\"https:\\\/\\\/eldigitaldeasturias.com\\\/magazine365\\\/author\\\/admin\\\/#author\"},\"publisher\":{\"@id\":\"https:\\\/\\\/eldigitaldeasturias.com\\\/magazine365\\\/#organization\"},\"image\":{\"@type\":\"ImageObject\",\"url\":\"https:\\\/\\\/eldigitaldeasturias.com\\\/magazine365\\\/wp-content\\\/uploads\\\/2015\\\/12\\\/fotonoticia_20151209180703_800.jpg\",\"width\":800,\"height\":528},\"datePublished\":\"2015-12-10T14:28:16+01:00\",\"dateModified\":\"2015-12-10T14:28:16+01:00\",\"inLanguage\":\"es-ES\",\"mainEntityOfPage\":{\"@id\":\"https:\\\/\\\/eldigitaldeasturias.com\\\/magazine365\\\/emirates-retirara-52-aviones-entre-2016-y-2018\\\/#webpage\"},\"isPartOf\":{\"@id\":\"https:\\\/\\\/eldigitaldeasturias.com\\\/magazine365\\\/emirates-retirara-52-aviones-entre-2016-y-2018\\\/#webpage\"},\"articleSection\":\"Noticias y Actualidad\"},{\"@type\":\"BreadcrumbList\",\"@id\":\"https:\\\/\\\/eldigitaldeasturias.com\\\/magazine365\\\/emirates-retirara-52-aviones-entre-2016-y-2018\\\/#breadcrumblist\",\"itemListElement\":[{\"@type\":\"ListItem\",\"@id\":\"https:\\\/\\\/eldigitaldeasturias.com\\\/magazine365#listItem\",\"position\":1,\"name\":\"Home\",\"item\":\"https:\\\/\\\/eldigitaldeasturias.com\\\/magazine365\",\"nextItem\":{\"@type\":\"ListItem\",\"@id\":\"https:\\\/\\\/eldigitaldeasturias.com\\\/magazine365\\\/category\\\/noticias-actualidad\\\/#listItem\",\"name\":\"Noticias y Actualidad\"}},{\"@type\":\"ListItem\",\"@id\":\"https:\\\/\\\/eldigitaldeasturias.com\\\/magazine365\\\/category\\\/noticias-actualidad\\\/#listItem\",\"position\":2,\"name\":\"Noticias y Actualidad\",\"item\":\"https:\\\/\\\/eldigitaldeasturias.com\\\/magazine365\\\/category\\\/noticias-actualidad\\\/\",\"nextItem\":{\"@type\":\"ListItem\",\"@id\":\"https:\\\/\\\/eldigitaldeasturias.com\\\/magazine365\\\/emirates-retirara-52-aviones-entre-2016-y-2018\\\/#listItem\",\"name\":\"Emirates retirar\\u00e1 52 aviones entre 2016 y 2018\"},\"previousItem\":{\"@type\":\"ListItem\",\"@id\":\"https:\\\/\\\/eldigitaldeasturias.com\\\/magazine365#listItem\",\"name\":\"Home\"}},{\"@type\":\"ListItem\",\"@id\":\"https:\\\/\\\/eldigitaldeasturias.com\\\/magazine365\\\/emirates-retirara-52-aviones-entre-2016-y-2018\\\/#listItem\",\"position\":3,\"name\":\"Emirates retirar\\u00e1 52 aviones entre 2016 y 2018\",\"previousItem\":{\"@type\":\"ListItem\",\"@id\":\"https:\\\/\\\/eldigitaldeasturias.com\\\/magazine365\\\/category\\\/noticias-actualidad\\\/#listItem\",\"name\":\"Noticias y Actualidad\"}}]},{\"@type\":\"Organization\",\"@id\":\"https:\\\/\\\/eldigitaldeasturias.com\\\/magazine365\\\/#organization\",\"name\":\"El digital de Asturias\",\"description\":\"Revista de ocio, turismo y estilo de vida\",\"url\":\"https:\\\/\\\/eldigitaldeasturias.com\\\/magazine365\\\/\",\"logo\":{\"@type\":\"ImageObject\",\"url\":\"https:\\\/\\\/www.eldigitaldeasturias.com\\\/noticias\\\/wp-content\\\/uploads\\\/2020\\\/12\\\/EDA.jpg\",\"@id\":\"https:\\\/\\\/eldigitaldeasturias.com\\\/magazine365\\\/emirates-retirara-52-aviones-entre-2016-y-2018\\\/#organizationLogo\"},\"image\":{\"@id\":\"https:\\\/\\\/eldigitaldeasturias.com\\\/magazine365\\\/emirates-retirara-52-aviones-entre-2016-y-2018\\\/#organizationLogo\"}},{\"@type\":\"Person\",\"@id\":\"https:\\\/\\\/eldigitaldeasturias.com\\\/magazine365\\\/author\\\/admin\\\/#author\",\"url\":\"https:\\\/\\\/eldigitaldeasturias.com\\\/magazine365\\\/author\\\/admin\\\/\",\"name\":\"admin\",\"image\":{\"@type\":\"ImageObject\",\"@id\":\"https:\\\/\\\/eldigitaldeasturias.com\\\/magazine365\\\/emirates-retirara-52-aviones-entre-2016-y-2018\\\/#authorImage\",\"url\":\"https:\\\/\\\/eldigitaldeasturias.com\\\/magazine365\\\/wp-content\\\/litespeed\\\/avatar\\\/e571bcf59a0edd6fa6838245a470f2fe.jpg?ver=1777574230\",\"width\":96,\"height\":96,\"caption\":\"admin\"}},{\"@type\":\"WebPage\",\"@id\":\"https:\\\/\\\/eldigitaldeasturias.com\\\/magazine365\\\/emirates-retirara-52-aviones-entre-2016-y-2018\\\/#webpage\",\"url\":\"https:\\\/\\\/eldigitaldeasturias.com\\\/magazine365\\\/emirates-retirara-52-aviones-entre-2016-y-2018\\\/\",\"name\":\"Emirates retirar\\u00e1 52 aviones entre 2016 y 2018 | El Digital de Asturias\",\"description\":\"Emirates retirar\\u00e1 52 aviones entre 2016 y 2018 en un ambicioso plan de flota, que implicar\\u00e1 ya el pr\\u00f3ximo a\\u00f1o la retirada de aviones con una edad media 15,7 a\\u00f1os --por debajo del promedio de la industria que se sit\\u00faa en 25 a\\u00f1os--, que compensar\\u00e1 con la recepci\\u00f3n de 36 nuevos aviones el mismo a\\u00f1o.\",\"inLanguage\":\"es-ES\",\"isPartOf\":{\"@id\":\"https:\\\/\\\/eldigitaldeasturias.com\\\/magazine365\\\/#website\"},\"breadcrumb\":{\"@id\":\"https:\\\/\\\/eldigitaldeasturias.com\\\/magazine365\\\/emirates-retirara-52-aviones-entre-2016-y-2018\\\/#breadcrumblist\"},\"author\":{\"@id\":\"https:\\\/\\\/eldigitaldeasturias.com\\\/magazine365\\\/author\\\/admin\\\/#author\"},\"creator\":{\"@id\":\"https:\\\/\\\/eldigitaldeasturias.com\\\/magazine365\\\/author\\\/admin\\\/#author\"},\"image\":{\"@type\":\"ImageObject\",\"url\":\"https:\\\/\\\/eldigitaldeasturias.com\\\/magazine365\\\/wp-content\\\/uploads\\\/2015\\\/12\\\/fotonoticia_20151209180703_800.jpg\",\"@id\":\"https:\\\/\\\/eldigitaldeasturias.com\\\/magazine365\\\/emirates-retirara-52-aviones-entre-2016-y-2018\\\/#mainImage\",\"width\":800,\"height\":528},\"primaryImageOfPage\":{\"@id\":\"https:\\\/\\\/eldigitaldeasturias.com\\\/magazine365\\\/emirates-retirara-52-aviones-entre-2016-y-2018\\\/#mainImage\"},\"datePublished\":\"2015-12-10T14:28:16+01:00\",\"dateModified\":\"2015-12-10T14:28:16+01:00\"},{\"@type\":\"WebSite\",\"@id\":\"https:\\\/\\\/eldigitaldeasturias.com\\\/magazine365\\\/#website\",\"url\":\"https:\\\/\\\/eldigitaldeasturias.com\\\/magazine365\\\/\",\"name\":\"El Digital de Asturias\",\"description\":\"Revista de ocio, turismo y estilo de vida\",\"inLanguage\":\"es-ES\",\"publisher\":{\"@id\":\"https:\\\/\\\/eldigitaldeasturias.com\\\/magazine365\\\/#organization\"}}]}\n\t\t<\/script>\n\t\t<!-- All in One SEO Pro -->\r\n\t\t<title>Emirates retirar\u00e1 52 aviones entre 2016 y 2018 | El Digital de Asturias<\/title>\n\n","aioseo_head_json":{"title":"Emirates retirar\u00e1 52 aviones entre 2016 y 2018 | El Digital de Asturias","description":"Emirates retirar\u00e1 52 aviones entre 2016 y 2018 en un ambicioso plan de flota, que implicar\u00e1 ya el pr\u00f3ximo a\u00f1o la retirada de aviones con una edad media 15,7 a\u00f1os --por debajo del promedio de la industria que se sit\u00faa en 25 a\u00f1os--, que compensar\u00e1 con la recepci\u00f3n de 36 nuevos aviones el mismo a\u00f1o.","canonical_url":"https:\/\/eldigitaldeasturias.com\/magazine365\/emirates-retirara-52-aviones-entre-2016-y-2018\/","robots":"max-image-preview:large","keywords":"noticias y actualidad","webmasterTools":{"google-site-verification":"UA-38556648-1","miscellaneous":""},"schema":{"@context":"https:\/\/schema.org","@graph":[{"@type":"Article","@id":"https:\/\/eldigitaldeasturias.com\/magazine365\/emirates-retirara-52-aviones-entre-2016-y-2018\/#article","name":"Emirates retirar\u00e1 52 aviones entre 2016 y 2018 | El Digital de Asturias","headline":"Emirates retirar\u00e1 52 aviones entre 2016 y 2018","author":{"@id":"https:\/\/eldigitaldeasturias.com\/magazine365\/author\/admin\/#author"},"publisher":{"@id":"https:\/\/eldigitaldeasturias.com\/magazine365\/#organization"},"image":{"@type":"ImageObject","url":"https:\/\/eldigitaldeasturias.com\/magazine365\/wp-content\/uploads\/2015\/12\/fotonoticia_20151209180703_800.jpg","width":800,"height":528},"datePublished":"2015-12-10T14:28:16+01:00","dateModified":"2015-12-10T14:28:16+01:00","inLanguage":"es-ES","mainEntityOfPage":{"@id":"https:\/\/eldigitaldeasturias.com\/magazine365\/emirates-retirara-52-aviones-entre-2016-y-2018\/#webpage"},"isPartOf":{"@id":"https:\/\/eldigitaldeasturias.com\/magazine365\/emirates-retirara-52-aviones-entre-2016-y-2018\/#webpage"},"articleSection":"Noticias y Actualidad"},{"@type":"BreadcrumbList","@id":"https:\/\/eldigitaldeasturias.com\/magazine365\/emirates-retirara-52-aviones-entre-2016-y-2018\/#breadcrumblist","itemListElement":[{"@type":"ListItem","@id":"https:\/\/eldigitaldeasturias.com\/magazine365#listItem","position":1,"name":"Home","item":"https:\/\/eldigitaldeasturias.com\/magazine365","nextItem":{"@type":"ListItem","@id":"https:\/\/eldigitaldeasturias.com\/magazine365\/category\/noticias-actualidad\/#listItem","name":"Noticias y Actualidad"}},{"@type":"ListItem","@id":"https:\/\/eldigitaldeasturias.com\/magazine365\/category\/noticias-actualidad\/#listItem","position":2,"name":"Noticias y Actualidad","item":"https:\/\/eldigitaldeasturias.com\/magazine365\/category\/noticias-actualidad\/","nextItem":{"@type":"ListItem","@id":"https:\/\/eldigitaldeasturias.com\/magazine365\/emirates-retirara-52-aviones-entre-2016-y-2018\/#listItem","name":"Emirates retirar\u00e1 52 aviones entre 2016 y 2018"},"previousItem":{"@type":"ListItem","@id":"https:\/\/eldigitaldeasturias.com\/magazine365#listItem","name":"Home"}},{"@type":"ListItem","@id":"https:\/\/eldigitaldeasturias.com\/magazine365\/emirates-retirara-52-aviones-entre-2016-y-2018\/#listItem","position":3,"name":"Emirates retirar\u00e1 52 aviones entre 2016 y 2018","previousItem":{"@type":"ListItem","@id":"https:\/\/eldigitaldeasturias.com\/magazine365\/category\/noticias-actualidad\/#listItem","name":"Noticias y Actualidad"}}]},{"@type":"Organization","@id":"https:\/\/eldigitaldeasturias.com\/magazine365\/#organization","name":"El digital de Asturias","description":"Revista de ocio, turismo y estilo de vida","url":"https:\/\/eldigitaldeasturias.com\/magazine365\/","logo":{"@type":"ImageObject","url":"https:\/\/www.eldigitaldeasturias.com\/noticias\/wp-content\/uploads\/2020\/12\/EDA.jpg","@id":"https:\/\/eldigitaldeasturias.com\/magazine365\/emirates-retirara-52-aviones-entre-2016-y-2018\/#organizationLogo"},"image":{"@id":"https:\/\/eldigitaldeasturias.com\/magazine365\/emirates-retirara-52-aviones-entre-2016-y-2018\/#organizationLogo"}},{"@type":"Person","@id":"https:\/\/eldigitaldeasturias.com\/magazine365\/author\/admin\/#author","url":"https:\/\/eldigitaldeasturias.com\/magazine365\/author\/admin\/","name":"admin","image":{"@type":"ImageObject","@id":"https:\/\/eldigitaldeasturias.com\/magazine365\/emirates-retirara-52-aviones-entre-2016-y-2018\/#authorImage","url":"https:\/\/eldigitaldeasturias.com\/magazine365\/wp-content\/litespeed\/avatar\/e571bcf59a0edd6fa6838245a470f2fe.jpg?ver=1777574230","width":96,"height":96,"caption":"admin"}},{"@type":"WebPage","@id":"https:\/\/eldigitaldeasturias.com\/magazine365\/emirates-retirara-52-aviones-entre-2016-y-2018\/#webpage","url":"https:\/\/eldigitaldeasturias.com\/magazine365\/emirates-retirara-52-aviones-entre-2016-y-2018\/","name":"Emirates retirar\u00e1 52 aviones entre 2016 y 2018 | El Digital de Asturias","description":"Emirates retirar\u00e1 52 aviones entre 2016 y 2018 en un ambicioso plan de flota, que implicar\u00e1 ya el pr\u00f3ximo a\u00f1o la retirada de aviones con una edad media 15,7 a\u00f1os --por debajo del promedio de la industria que se sit\u00faa en 25 a\u00f1os--, que compensar\u00e1 con la recepci\u00f3n de 36 nuevos aviones el mismo a\u00f1o.","inLanguage":"es-ES","isPartOf":{"@id":"https:\/\/eldigitaldeasturias.com\/magazine365\/#website"},"breadcrumb":{"@id":"https:\/\/eldigitaldeasturias.com\/magazine365\/emirates-retirara-52-aviones-entre-2016-y-2018\/#breadcrumblist"},"author":{"@id":"https:\/\/eldigitaldeasturias.com\/magazine365\/author\/admin\/#author"},"creator":{"@id":"https:\/\/eldigitaldeasturias.com\/magazine365\/author\/admin\/#author"},"image":{"@type":"ImageObject","url":"https:\/\/eldigitaldeasturias.com\/magazine365\/wp-content\/uploads\/2015\/12\/fotonoticia_20151209180703_800.jpg","@id":"https:\/\/eldigitaldeasturias.com\/magazine365\/emirates-retirara-52-aviones-entre-2016-y-2018\/#mainImage","width":800,"height":528},"primaryImageOfPage":{"@id":"https:\/\/eldigitaldeasturias.com\/magazine365\/emirates-retirara-52-aviones-entre-2016-y-2018\/#mainImage"},"datePublished":"2015-12-10T14:28:16+01:00","dateModified":"2015-12-10T14:28:16+01:00"},{"@type":"WebSite","@id":"https:\/\/eldigitaldeasturias.com\/magazine365\/#website","url":"https:\/\/eldigitaldeasturias.com\/magazine365\/","name":"El Digital de Asturias","description":"Revista de ocio, turismo y estilo de vida","inLanguage":"es-ES","publisher":{"@id":"https:\/\/eldigitaldeasturias.com\/magazine365\/#organization"}}]},"og:locale":"es_ES","og:site_name":"El Digital de Asturias \u2013 Revista de ocio, turismo y estilo de vida","og:type":"article","og:title":"Emirates retirar\u00e1 52 aviones entre 2016 y 2018 | El Digital de Asturias","og:description":"Emirates retirar\u00e1 52 aviones entre 2016 y 2018 en un ambicioso plan de flota, que implicar\u00e1 ya el pr\u00f3ximo a\u00f1o la retirada de aviones con una edad media 15,7 a\u00f1os --por debajo del promedio de la industria que se sit\u00faa en 25 a\u00f1os--, que compensar\u00e1 con la recepci\u00f3n de 36 nuevos aviones el mismo a\u00f1o.","og:url":"https:\/\/eldigitaldeasturias.com\/magazine365\/emirates-retirara-52-aviones-entre-2016-y-2018\/","og:image":"https:\/\/eldigitaldeasturias.com\/magazine365\/wp-content\/uploads\/2015\/12\/fotonoticia_20151209180703_800.jpg","og:image:secure_url":"https:\/\/eldigitaldeasturias.com\/magazine365\/wp-content\/uploads\/2015\/12\/fotonoticia_20151209180703_800.jpg","og:image:width":800,"og:image:height":528,"article:published_time":"2015-12-10T13:28:16+00:00","article:modified_time":"2015-12-10T13:28:16+00:00","twitter:card":"summary_large_image","twitter:title":"Emirates retirar\u00e1 52 aviones entre 2016 y 2018 | El Digital de Asturias","twitter:description":"Emirates retirar\u00e1 52 aviones entre 2016 y 2018 en un ambicioso plan de flota, que implicar\u00e1 ya el pr\u00f3ximo a\u00f1o la retirada de aviones con una edad media 15,7 a\u00f1os --por debajo del promedio de la industria que se sit\u00faa en 25 a\u00f1os--, que compensar\u00e1 con la recepci\u00f3n de 36 nuevos aviones el mismo a\u00f1o.","twitter:image":"https:\/\/eldigitaldeasturias.com\/magazine365\/wp-content\/uploads\/2015\/12\/fotonoticia_20151209180703_800.jpg"},"aioseo_meta_data":{"post_id":"58115","title":null,"description":null,"keywords":null,"keyphrases":null,"primary_term":null,"canonical_url":null,"og_title":null,"og_description":null,"og_object_type":"default","og_image_type":"default","og_image_url":null,"og_image_width":null,"og_image_height":null,"og_image_custom_url":null,"og_image_custom_fields":null,"og_video":null,"og_custom_url":null,"og_article_section":null,"og_article_tags":null,"twitter_use_og":false,"twitter_card":"default","twitter_image_type":"default","twitter_image_url":null,"twitter_image_custom_url":null,"twitter_image_custom_fields":null,"twitter_title":null,"twitter_description":null,"schema":{"blockGraphs":[],"customGraphs":[],"default":{"data":{"Article":[],"Course":[],"Dataset":[],"FAQPage":[],"Movie":[],"Person":[],"Product":[],"ProductReview":[],"Car":[],"Recipe":[],"Service":[],"SoftwareApplication":[],"WebPage":[]},"graphName":"","isEnabled":true},"graphs":[],"defaultGraph":"","defaultPostTypeGraph":""},"schema_type":null,"schema_type_options":null,"pillar_content":false,"robots_default":true,"robots_noindex":false,"robots_noarchive":false,"robots_nosnippet":false,"robots_nofollow":false,"robots_noimageindex":false,"robots_noodp":false,"robots_notranslate":false,"robots_max_snippet":null,"robots_max_videopreview":null,"robots_max_imagepreview":"large","priority":null,"frequency":null,"location":null,"local_seo":null,"seo_analyzer_scan_date":"2025-09-25 02:24:13","breadcrumb_settings":null,"limit_modified_date":false,"open_ai":null,"ai":null,"created":"2021-03-08 22:34:40","updated":"2025-09-25 02:24:13"},"aioseo_breadcrumb":"<div class=\"aioseo-breadcrumbs\"><span class=\"aioseo-breadcrumb\">\n\t<a href=\"https:\/\/eldigitaldeasturias.com\/magazine365\" title=\"Home\">Home<\/a>\n<\/span><span class=\"aioseo-breadcrumb-separator\">\u2013<\/span><span class=\"aioseo-breadcrumb\">\n\t<a href=\"https:\/\/eldigitaldeasturias.com\/magazine365\/category\/noticias-actualidad\/\" title=\"Noticias y Actualidad\">Noticias y Actualidad<\/a>\n<\/span><span class=\"aioseo-breadcrumb-separator\">\u2013<\/span><span class=\"aioseo-breadcrumb\">\n\t<a href=\"https:\/\/eldigitaldeasturias.com\/magazine365\/emirates-retirara-52-aviones-entre-2016-y-2018\/\" title=\"Emirates retirar\u00e1 52 aviones entre 2016 y 2018\">Emirates retirar\u00e1 52 aviones entre 2016 y 2018<\/a>\n<\/span><\/div>","aioseo_breadcrumb_json":[{"label":"Home","link":"https:\/\/eldigitaldeasturias.com\/magazine365"},{"label":"Noticias y Actualidad","link":"https:\/\/eldigitaldeasturias.com\/magazine365\/category\/noticias-actualidad\/"},{"label":"Emirates retirar\u00e1 52 aviones entre 2016 y 2018","link":"https:\/\/eldigitaldeasturias.com\/magazine365\/emirates-retirara-52-aviones-entre-2016-y-2018\/"}],"_links":{"self":[{"href":"https:\/\/eldigitaldeasturias.com\/magazine365\/wp-json\/wp\/v2\/posts\/58115","targetHints":{"allow":["GET"]}}],"collection":[{"href":"https:\/\/eldigitaldeasturias.com\/magazine365\/wp-json\/wp\/v2\/posts"}],"about":[{"href":"https:\/\/eldigitaldeasturias.com\/magazine365\/wp-json\/wp\/v2\/types\/post"}],"author":[{"embeddable":true,"href":"https:\/\/eldigitaldeasturias.com\/magazine365\/wp-json\/wp\/v2\/users\/1"}],"replies":[{"embeddable":true,"href":"https:\/\/eldigitaldeasturias.com\/magazine365\/wp-json\/wp\/v2\/comments?post=58115"}],"version-history":[{"count":0,"href":"https:\/\/eldigitaldeasturias.com\/magazine365\/wp-json\/wp\/v2\/posts\/58115\/revisions"}],"wp:featuredmedia":[{"embeddable":true,"href":"https:\/\/eldigitaldeasturias.com\/magazine365\/wp-json\/wp\/v2\/media\/58116"}],"wp:attachment":[{"href":"https:\/\/eldigitaldeasturias.com\/magazine365\/wp-json\/wp\/v2\/media?parent=58115"}],"wp:term":[{"taxonomy":"category","embeddable":true,"href":"https:\/\/eldigitaldeasturias.com\/magazine365\/wp-json\/wp\/v2\/categories?post=58115"},{"taxonomy":"post_tag","embeddable":true,"href":"https:\/\/eldigitaldeasturias.com\/magazine365\/wp-json\/wp\/v2\/tags?post=58115"}],"curies":[{"name":"wp","href":"https:\/\/api.w.org\/{rel}","templated":true}]}}