{"id":58109,"date":"2015-12-10T14:21:59","date_gmt":"2015-12-10T13:21:59","guid":{"rendered":"http:\/\/eldigitaldeasturias.com\/magazine365\/?p=58109"},"modified":"2015-12-10T14:21:59","modified_gmt":"2015-12-10T13:21:59","slug":"el-ayuntamiento-de-cordoba-destaca-la-ocupacion-del-85-registrada-durante-el-puente","status":"publish","type":"post","link":"https:\/\/eldigitaldeasturias.com\/magazine365\/el-ayuntamiento-de-cordoba-destaca-la-ocupacion-del-85-registrada-durante-el-puente\/","title":{"rendered":"El Ayuntamiento de C\u00f3rdoba destaca la ocupaci\u00f3n del 85% registrada durante el puente"},"content":{"rendered":"<p><img fetchpriority=\"high\" decoding=\"async\" class=\"alignleft size-medium wp-image-58110\" src=\"https:\/\/eldigitaldeasturias.com\/magazine365\/wp-content\/uploads\/2015\/12\/fotonoticia_20151209172958_800-360x270.jpg\" alt=\"fotonoticia_20151209172958_800\" width=\"360\" height=\"270\" srcset=\"https:\/\/eldigitaldeasturias.com\/magazine365\/wp-content\/uploads\/2015\/12\/fotonoticia_20151209172958_800-360x270.jpg 360w, https:\/\/eldigitaldeasturias.com\/magazine365\/wp-content\/uploads\/2015\/12\/fotonoticia_20151209172958_800-650x488.jpg 650w, https:\/\/eldigitaldeasturias.com\/magazine365\/wp-content\/uploads\/2015\/12\/fotonoticia_20151209172958_800-768x576.jpg 768w, https:\/\/eldigitaldeasturias.com\/magazine365\/wp-content\/uploads\/2015\/12\/fotonoticia_20151209172958_800-150x113.jpg 150w, https:\/\/eldigitaldeasturias.com\/magazine365\/wp-content\/uploads\/2015\/12\/fotonoticia_20151209172958_800-450x338.jpg 450w, https:\/\/eldigitaldeasturias.com\/magazine365\/wp-content\/uploads\/2015\/12\/fotonoticia_20151209172958_800-80x60.jpg 80w, https:\/\/eldigitaldeasturias.com\/magazine365\/wp-content\/uploads\/2015\/12\/fotonoticia_20151209172958_800-265x198.jpg 265w, https:\/\/eldigitaldeasturias.com\/magazine365\/wp-content\/uploads\/2015\/12\/fotonoticia_20151209172958_800-696x522.jpg 696w, https:\/\/eldigitaldeasturias.com\/magazine365\/wp-content\/uploads\/2015\/12\/fotonoticia_20151209172958_800-560x420.jpg 560w, https:\/\/eldigitaldeasturias.com\/magazine365\/wp-content\/uploads\/2015\/12\/fotonoticia_20151209172958_800-90x67.jpg 90w, https:\/\/eldigitaldeasturias.com\/magazine365\/wp-content\/uploads\/2015\/12\/fotonoticia_20151209172958_800-100x75.jpg 100w, https:\/\/eldigitaldeasturias.com\/magazine365\/wp-content\/uploads\/2015\/12\/fotonoticia_20151209172958_800.jpg 800w\" sizes=\"(max-width: 360px) 100vw, 360px\" \/>El primer teniente de alcalde delegado de Turismo del Ayuntamiento de C\u00f3rdoba, Pedro Garc\u00eda (IU), ha destacado este mi\u00e9rcoles que la capital cordobesa, durante este pasado puente de la Constituci\u00f3n y de la Inmaculada, ha tenido \u00abpr\u00e1cticamente un 85% de ocupaci\u00f3n hotelera\u00bb.<\/p>\n<p>A este respecto y en declaraciones a los periodistas, Garc\u00eda ha destacado que \u00abnos han visitado much\u00edsimos miles de otras ciudades y de otros pa\u00edses\u00bb y hay que tener muy en cuenta, seg\u00fan ha subrayado, \u00abc\u00f3mo punt\u00faan y c\u00f3mo valoran la limpieza que tenemos en nuestra ciudad\u00bb.<\/p>\n<p>El que los turistas se est\u00e9n llevando esa buena impresi\u00f3n, en materia de limpieza de la ciudad, se debe, seg\u00fan ha resaltado el tambi\u00e9n presidente de la empresa municipal Saneamientos de C\u00f3rdoba (Sadeco), \u00aba los magn\u00edficos profesionales que tenemos\u00bb empleados en dicha empresa p\u00fablica, dedicados a la recogida de basura y a la limpieza de las calles, plazas y parques de la ciudad.<\/p>\n<p>Sin embargo, seg\u00fan ha se\u00f1alado Garc\u00eda, es preciso \u00abseguir ahondando en esta cuesti\u00f3n\u00bb, raz\u00f3n por la que Sadeco ha puesto en marcha una nueva campa\u00f1a de concienciaci\u00f3n ciudadana, bajo el lema de &#8216;No nos dejes el marr\u00f3n, piensa en verde&#8217;, para recordar a los due\u00f1os de perros y gatos la obligaci\u00f3n de recoger los excrementos que sus mascotas depositan en la v\u00eda p\u00fablica y en los jardines de C\u00f3rdoba.<\/p>\n<p>Precisamente, el Parque Madre Coraje ha sido el escenario en el que Garc\u00eda ha presentado dicha campa\u00f1a, con la que Sadeco \u00abintenta hacer m\u00e1s eficaz su trabajo\u00bb, con la colaboraci\u00f3n ciudadana, recordando que quienes no recojan los excrementos de sus mascotas pueden ser sancionados \u00abcon hasta 600 euros\u00bb, lo cual se puede evitar siguiendo la recomendaci\u00f3n de esta nueva campa\u00f1a, que se da a conocer mediante carteles colocados en parques y jardines, entre otros emplazamientos, adem\u00e1s de con su difusi\u00f3n en las redes sociales.<\/p>\n","protected":false},"excerpt":{"rendered":"<p>El primer teniente de alcalde delegado de Turismo del Ayuntamiento de C\u00f3rdoba, Pedro Garc\u00eda (IU), ha destacado este mi\u00e9rcoles que la capital cordobesa, durante este pasado puente de la Constituci\u00f3n y de la Inmaculada, ha tenido \u00abpr\u00e1cticamente un 85% de ocupaci\u00f3n hotelera\u00bb. A este respecto y en declaraciones a los periodistas, Garc\u00eda ha destacado que<\/p>\n","protected":false},"author":1,"featured_media":58110,"comment_status":"open","ping_status":"closed","sticky":false,"template":"","format":"standard","meta":{"footnotes":""},"categories":[224],"tags":[],"class_list":{"0":"post-58109","1":"post","2":"type-post","3":"status-publish","4":"format-standard","5":"has-post-thumbnail","7":"category-noticias-actualidad"},"aioseo_notices":[],"aioseo_head":"\n\t\t<!-- All in One SEO Pro 4.9.6.1 - aioseo.com -->\n\t<meta name=\"description\" content=\"El primer teniente de alcalde delegado de Turismo del Ayuntamiento de C\u00f3rdoba, Pedro Garc\u00eda (IU), ha destacado este mi\u00e9rcoles que la capital cordobesa, durante este pasado puente de la Constituci\u00f3n y de la Inmaculada, ha tenido &quot;pr\u00e1cticamente un 85% de ocupaci\u00f3n hotelera&quot;. A este respecto y en declaraciones a los periodistas, Garc\u00eda ha destacado que\" \/>\n\t<meta name=\"robots\" content=\"max-image-preview:large\" \/>\n\t<meta name=\"author\" content=\"admin\"\/>\n\t<meta name=\"google-site-verification\" content=\"UA-38556648-1\" \/>\n\t<meta name=\"keywords\" content=\"noticias y actualidad\" \/>\n\t<link rel=\"canonical\" href=\"https:\/\/eldigitaldeasturias.com\/magazine365\/el-ayuntamiento-de-cordoba-destaca-la-ocupacion-del-85-registrada-durante-el-puente\/\" \/>\n\t<meta name=\"generator\" content=\"All in One SEO Pro (AIOSEO) 4.9.6.1\" \/>\n\t\t<meta property=\"og:locale\" content=\"es_ES\" \/>\n\t\t<meta property=\"og:site_name\" content=\"El Digital de Asturias \u2013 Revista de ocio, turismo y estilo de vida\" \/>\n\t\t<meta property=\"og:type\" content=\"article\" \/>\n\t\t<meta property=\"og:title\" content=\"El Ayuntamiento de C\u00f3rdoba destaca la ocupaci\u00f3n del 85% registrada durante el puente | El Digital de Asturias\" \/>\n\t\t<meta property=\"og:description\" content=\"El primer teniente de alcalde delegado de Turismo del Ayuntamiento de C\u00f3rdoba, Pedro Garc\u00eda (IU), ha destacado este mi\u00e9rcoles que la capital cordobesa, durante este pasado puente de la Constituci\u00f3n y de la Inmaculada, ha tenido &quot;pr\u00e1cticamente un 85% de ocupaci\u00f3n hotelera&quot;. A este respecto y en declaraciones a los periodistas, Garc\u00eda ha destacado que\" \/>\n\t\t<meta property=\"og:url\" content=\"https:\/\/eldigitaldeasturias.com\/magazine365\/el-ayuntamiento-de-cordoba-destaca-la-ocupacion-del-85-registrada-durante-el-puente\/\" \/>\n\t\t<meta property=\"og:image\" content=\"https:\/\/eldigitaldeasturias.com\/magazine365\/wp-content\/uploads\/2015\/12\/fotonoticia_20151209172958_800.jpg\" \/>\n\t\t<meta property=\"og:image:secure_url\" content=\"https:\/\/eldigitaldeasturias.com\/magazine365\/wp-content\/uploads\/2015\/12\/fotonoticia_20151209172958_800.jpg\" \/>\n\t\t<meta property=\"og:image:width\" content=\"800\" \/>\n\t\t<meta property=\"og:image:height\" content=\"600\" \/>\n\t\t<meta property=\"article:published_time\" content=\"2015-12-10T13:21:59+00:00\" \/>\n\t\t<meta property=\"article:modified_time\" content=\"2015-12-10T13:21:59+00:00\" \/>\n\t\t<meta name=\"twitter:card\" content=\"summary_large_image\" \/>\n\t\t<meta name=\"twitter:title\" content=\"El Ayuntamiento de C\u00f3rdoba destaca la ocupaci\u00f3n del 85% registrada durante el puente | El Digital de Asturias\" \/>\n\t\t<meta name=\"twitter:description\" content=\"El primer teniente de alcalde delegado de Turismo del Ayuntamiento de C\u00f3rdoba, Pedro Garc\u00eda (IU), ha destacado este mi\u00e9rcoles que la capital cordobesa, durante este pasado puente de la Constituci\u00f3n y de la Inmaculada, ha tenido &quot;pr\u00e1cticamente un 85% de ocupaci\u00f3n hotelera&quot;. A este respecto y en declaraciones a los periodistas, Garc\u00eda ha destacado que\" \/>\n\t\t<meta name=\"twitter:image\" content=\"https:\/\/eldigitaldeasturias.com\/magazine365\/wp-content\/uploads\/2015\/12\/fotonoticia_20151209172958_800.jpg\" \/>\n\t\t<script type=\"application\/ld+json\" class=\"aioseo-schema\">\n\t\t\t{\"@context\":\"https:\\\/\\\/schema.org\",\"@graph\":[{\"@type\":\"Article\",\"@id\":\"https:\\\/\\\/eldigitaldeasturias.com\\\/magazine365\\\/el-ayuntamiento-de-cordoba-destaca-la-ocupacion-del-85-registrada-durante-el-puente\\\/#article\",\"name\":\"El Ayuntamiento de C\\u00f3rdoba destaca la ocupaci\\u00f3n del 85% registrada durante el puente | El Digital de Asturias\",\"headline\":\"El Ayuntamiento de C\\u00f3rdoba destaca la ocupaci\\u00f3n del 85% registrada durante el puente\",\"author\":{\"@id\":\"https:\\\/\\\/eldigitaldeasturias.com\\\/magazine365\\\/author\\\/admin\\\/#author\"},\"publisher\":{\"@id\":\"https:\\\/\\\/eldigitaldeasturias.com\\\/magazine365\\\/#organization\"},\"image\":{\"@type\":\"ImageObject\",\"url\":\"https:\\\/\\\/eldigitaldeasturias.com\\\/magazine365\\\/wp-content\\\/uploads\\\/2015\\\/12\\\/fotonoticia_20151209172958_800.jpg\",\"width\":800,\"height\":600},\"datePublished\":\"2015-12-10T14:21:59+01:00\",\"dateModified\":\"2015-12-10T14:21:59+01:00\",\"inLanguage\":\"es-ES\",\"mainEntityOfPage\":{\"@id\":\"https:\\\/\\\/eldigitaldeasturias.com\\\/magazine365\\\/el-ayuntamiento-de-cordoba-destaca-la-ocupacion-del-85-registrada-durante-el-puente\\\/#webpage\"},\"isPartOf\":{\"@id\":\"https:\\\/\\\/eldigitaldeasturias.com\\\/magazine365\\\/el-ayuntamiento-de-cordoba-destaca-la-ocupacion-del-85-registrada-durante-el-puente\\\/#webpage\"},\"articleSection\":\"Noticias y Actualidad\"},{\"@type\":\"BreadcrumbList\",\"@id\":\"https:\\\/\\\/eldigitaldeasturias.com\\\/magazine365\\\/el-ayuntamiento-de-cordoba-destaca-la-ocupacion-del-85-registrada-durante-el-puente\\\/#breadcrumblist\",\"itemListElement\":[{\"@type\":\"ListItem\",\"@id\":\"https:\\\/\\\/eldigitaldeasturias.com\\\/magazine365#listItem\",\"position\":1,\"name\":\"Home\",\"item\":\"https:\\\/\\\/eldigitaldeasturias.com\\\/magazine365\",\"nextItem\":{\"@type\":\"ListItem\",\"@id\":\"https:\\\/\\\/eldigitaldeasturias.com\\\/magazine365\\\/category\\\/noticias-actualidad\\\/#listItem\",\"name\":\"Noticias y Actualidad\"}},{\"@type\":\"ListItem\",\"@id\":\"https:\\\/\\\/eldigitaldeasturias.com\\\/magazine365\\\/category\\\/noticias-actualidad\\\/#listItem\",\"position\":2,\"name\":\"Noticias y Actualidad\",\"item\":\"https:\\\/\\\/eldigitaldeasturias.com\\\/magazine365\\\/category\\\/noticias-actualidad\\\/\",\"nextItem\":{\"@type\":\"ListItem\",\"@id\":\"https:\\\/\\\/eldigitaldeasturias.com\\\/magazine365\\\/el-ayuntamiento-de-cordoba-destaca-la-ocupacion-del-85-registrada-durante-el-puente\\\/#listItem\",\"name\":\"El Ayuntamiento de C\\u00f3rdoba destaca la ocupaci\\u00f3n del 85% registrada durante el puente\"},\"previousItem\":{\"@type\":\"ListItem\",\"@id\":\"https:\\\/\\\/eldigitaldeasturias.com\\\/magazine365#listItem\",\"name\":\"Home\"}},{\"@type\":\"ListItem\",\"@id\":\"https:\\\/\\\/eldigitaldeasturias.com\\\/magazine365\\\/el-ayuntamiento-de-cordoba-destaca-la-ocupacion-del-85-registrada-durante-el-puente\\\/#listItem\",\"position\":3,\"name\":\"El Ayuntamiento de C\\u00f3rdoba destaca la ocupaci\\u00f3n del 85% registrada durante el puente\",\"previousItem\":{\"@type\":\"ListItem\",\"@id\":\"https:\\\/\\\/eldigitaldeasturias.com\\\/magazine365\\\/category\\\/noticias-actualidad\\\/#listItem\",\"name\":\"Noticias y Actualidad\"}}]},{\"@type\":\"Organization\",\"@id\":\"https:\\\/\\\/eldigitaldeasturias.com\\\/magazine365\\\/#organization\",\"name\":\"El digital de Asturias\",\"description\":\"Revista de ocio, turismo y estilo de vida\",\"url\":\"https:\\\/\\\/eldigitaldeasturias.com\\\/magazine365\\\/\",\"logo\":{\"@type\":\"ImageObject\",\"url\":\"https:\\\/\\\/www.eldigitaldeasturias.com\\\/noticias\\\/wp-content\\\/uploads\\\/2020\\\/12\\\/EDA.jpg\",\"@id\":\"https:\\\/\\\/eldigitaldeasturias.com\\\/magazine365\\\/el-ayuntamiento-de-cordoba-destaca-la-ocupacion-del-85-registrada-durante-el-puente\\\/#organizationLogo\"},\"image\":{\"@id\":\"https:\\\/\\\/eldigitaldeasturias.com\\\/magazine365\\\/el-ayuntamiento-de-cordoba-destaca-la-ocupacion-del-85-registrada-durante-el-puente\\\/#organizationLogo\"}},{\"@type\":\"Person\",\"@id\":\"https:\\\/\\\/eldigitaldeasturias.com\\\/magazine365\\\/author\\\/admin\\\/#author\",\"url\":\"https:\\\/\\\/eldigitaldeasturias.com\\\/magazine365\\\/author\\\/admin\\\/\",\"name\":\"admin\",\"image\":{\"@type\":\"ImageObject\",\"@id\":\"https:\\\/\\\/eldigitaldeasturias.com\\\/magazine365\\\/el-ayuntamiento-de-cordoba-destaca-la-ocupacion-del-85-registrada-durante-el-puente\\\/#authorImage\",\"url\":\"https:\\\/\\\/eldigitaldeasturias.com\\\/magazine365\\\/wp-content\\\/litespeed\\\/avatar\\\/e571bcf59a0edd6fa6838245a470f2fe.jpg?ver=1777574230\",\"width\":96,\"height\":96,\"caption\":\"admin\"}},{\"@type\":\"WebPage\",\"@id\":\"https:\\\/\\\/eldigitaldeasturias.com\\\/magazine365\\\/el-ayuntamiento-de-cordoba-destaca-la-ocupacion-del-85-registrada-durante-el-puente\\\/#webpage\",\"url\":\"https:\\\/\\\/eldigitaldeasturias.com\\\/magazine365\\\/el-ayuntamiento-de-cordoba-destaca-la-ocupacion-del-85-registrada-durante-el-puente\\\/\",\"name\":\"El Ayuntamiento de C\\u00f3rdoba destaca la ocupaci\\u00f3n del 85% registrada durante el puente | El Digital de Asturias\",\"description\":\"El primer teniente de alcalde delegado de Turismo del Ayuntamiento de C\\u00f3rdoba, Pedro Garc\\u00eda (IU), ha destacado este mi\\u00e9rcoles que la capital cordobesa, durante este pasado puente de la Constituci\\u00f3n y de la Inmaculada, ha tenido \\\"pr\\u00e1cticamente un 85% de ocupaci\\u00f3n hotelera\\\". A este respecto y en declaraciones a los periodistas, Garc\\u00eda ha destacado que\",\"inLanguage\":\"es-ES\",\"isPartOf\":{\"@id\":\"https:\\\/\\\/eldigitaldeasturias.com\\\/magazine365\\\/#website\"},\"breadcrumb\":{\"@id\":\"https:\\\/\\\/eldigitaldeasturias.com\\\/magazine365\\\/el-ayuntamiento-de-cordoba-destaca-la-ocupacion-del-85-registrada-durante-el-puente\\\/#breadcrumblist\"},\"author\":{\"@id\":\"https:\\\/\\\/eldigitaldeasturias.com\\\/magazine365\\\/author\\\/admin\\\/#author\"},\"creator\":{\"@id\":\"https:\\\/\\\/eldigitaldeasturias.com\\\/magazine365\\\/author\\\/admin\\\/#author\"},\"image\":{\"@type\":\"ImageObject\",\"url\":\"https:\\\/\\\/eldigitaldeasturias.com\\\/magazine365\\\/wp-content\\\/uploads\\\/2015\\\/12\\\/fotonoticia_20151209172958_800.jpg\",\"@id\":\"https:\\\/\\\/eldigitaldeasturias.com\\\/magazine365\\\/el-ayuntamiento-de-cordoba-destaca-la-ocupacion-del-85-registrada-durante-el-puente\\\/#mainImage\",\"width\":800,\"height\":600},\"primaryImageOfPage\":{\"@id\":\"https:\\\/\\\/eldigitaldeasturias.com\\\/magazine365\\\/el-ayuntamiento-de-cordoba-destaca-la-ocupacion-del-85-registrada-durante-el-puente\\\/#mainImage\"},\"datePublished\":\"2015-12-10T14:21:59+01:00\",\"dateModified\":\"2015-12-10T14:21:59+01:00\"},{\"@type\":\"WebSite\",\"@id\":\"https:\\\/\\\/eldigitaldeasturias.com\\\/magazine365\\\/#website\",\"url\":\"https:\\\/\\\/eldigitaldeasturias.com\\\/magazine365\\\/\",\"name\":\"El Digital de Asturias\",\"description\":\"Revista de ocio, turismo y estilo de vida\",\"inLanguage\":\"es-ES\",\"publisher\":{\"@id\":\"https:\\\/\\\/eldigitaldeasturias.com\\\/magazine365\\\/#organization\"}}]}\n\t\t<\/script>\n\t\t<!-- All in One SEO Pro -->\r\n\t\t<title>El Ayuntamiento de C\u00f3rdoba destaca la ocupaci\u00f3n del 85% registrada durante el puente | El Digital de Asturias<\/title>\n\n","aioseo_head_json":{"title":"El Ayuntamiento de C\u00f3rdoba destaca la ocupaci\u00f3n del 85% registrada durante el puente | El Digital de Asturias","description":"El primer teniente de alcalde delegado de Turismo del Ayuntamiento de C\u00f3rdoba, Pedro Garc\u00eda (IU), ha destacado este mi\u00e9rcoles que la capital cordobesa, durante este pasado puente de la Constituci\u00f3n y de la Inmaculada, ha tenido \"pr\u00e1cticamente un 85% de ocupaci\u00f3n hotelera\". A este respecto y en declaraciones a los periodistas, Garc\u00eda ha destacado que","canonical_url":"https:\/\/eldigitaldeasturias.com\/magazine365\/el-ayuntamiento-de-cordoba-destaca-la-ocupacion-del-85-registrada-durante-el-puente\/","robots":"max-image-preview:large","keywords":"noticias y actualidad","webmasterTools":{"google-site-verification":"UA-38556648-1","miscellaneous":""},"schema":{"@context":"https:\/\/schema.org","@graph":[{"@type":"Article","@id":"https:\/\/eldigitaldeasturias.com\/magazine365\/el-ayuntamiento-de-cordoba-destaca-la-ocupacion-del-85-registrada-durante-el-puente\/#article","name":"El Ayuntamiento de C\u00f3rdoba destaca la ocupaci\u00f3n del 85% registrada durante el puente | El Digital de Asturias","headline":"El Ayuntamiento de C\u00f3rdoba destaca la ocupaci\u00f3n del 85% registrada durante el puente","author":{"@id":"https:\/\/eldigitaldeasturias.com\/magazine365\/author\/admin\/#author"},"publisher":{"@id":"https:\/\/eldigitaldeasturias.com\/magazine365\/#organization"},"image":{"@type":"ImageObject","url":"https:\/\/eldigitaldeasturias.com\/magazine365\/wp-content\/uploads\/2015\/12\/fotonoticia_20151209172958_800.jpg","width":800,"height":600},"datePublished":"2015-12-10T14:21:59+01:00","dateModified":"2015-12-10T14:21:59+01:00","inLanguage":"es-ES","mainEntityOfPage":{"@id":"https:\/\/eldigitaldeasturias.com\/magazine365\/el-ayuntamiento-de-cordoba-destaca-la-ocupacion-del-85-registrada-durante-el-puente\/#webpage"},"isPartOf":{"@id":"https:\/\/eldigitaldeasturias.com\/magazine365\/el-ayuntamiento-de-cordoba-destaca-la-ocupacion-del-85-registrada-durante-el-puente\/#webpage"},"articleSection":"Noticias y Actualidad"},{"@type":"BreadcrumbList","@id":"https:\/\/eldigitaldeasturias.com\/magazine365\/el-ayuntamiento-de-cordoba-destaca-la-ocupacion-del-85-registrada-durante-el-puente\/#breadcrumblist","itemListElement":[{"@type":"ListItem","@id":"https:\/\/eldigitaldeasturias.com\/magazine365#listItem","position":1,"name":"Home","item":"https:\/\/eldigitaldeasturias.com\/magazine365","nextItem":{"@type":"ListItem","@id":"https:\/\/eldigitaldeasturias.com\/magazine365\/category\/noticias-actualidad\/#listItem","name":"Noticias y Actualidad"}},{"@type":"ListItem","@id":"https:\/\/eldigitaldeasturias.com\/magazine365\/category\/noticias-actualidad\/#listItem","position":2,"name":"Noticias y Actualidad","item":"https:\/\/eldigitaldeasturias.com\/magazine365\/category\/noticias-actualidad\/","nextItem":{"@type":"ListItem","@id":"https:\/\/eldigitaldeasturias.com\/magazine365\/el-ayuntamiento-de-cordoba-destaca-la-ocupacion-del-85-registrada-durante-el-puente\/#listItem","name":"El Ayuntamiento de C\u00f3rdoba destaca la ocupaci\u00f3n del 85% registrada durante el puente"},"previousItem":{"@type":"ListItem","@id":"https:\/\/eldigitaldeasturias.com\/magazine365#listItem","name":"Home"}},{"@type":"ListItem","@id":"https:\/\/eldigitaldeasturias.com\/magazine365\/el-ayuntamiento-de-cordoba-destaca-la-ocupacion-del-85-registrada-durante-el-puente\/#listItem","position":3,"name":"El Ayuntamiento de C\u00f3rdoba destaca la ocupaci\u00f3n del 85% registrada durante el puente","previousItem":{"@type":"ListItem","@id":"https:\/\/eldigitaldeasturias.com\/magazine365\/category\/noticias-actualidad\/#listItem","name":"Noticias y Actualidad"}}]},{"@type":"Organization","@id":"https:\/\/eldigitaldeasturias.com\/magazine365\/#organization","name":"El digital de Asturias","description":"Revista de ocio, turismo y estilo de vida","url":"https:\/\/eldigitaldeasturias.com\/magazine365\/","logo":{"@type":"ImageObject","url":"https:\/\/www.eldigitaldeasturias.com\/noticias\/wp-content\/uploads\/2020\/12\/EDA.jpg","@id":"https:\/\/eldigitaldeasturias.com\/magazine365\/el-ayuntamiento-de-cordoba-destaca-la-ocupacion-del-85-registrada-durante-el-puente\/#organizationLogo"},"image":{"@id":"https:\/\/eldigitaldeasturias.com\/magazine365\/el-ayuntamiento-de-cordoba-destaca-la-ocupacion-del-85-registrada-durante-el-puente\/#organizationLogo"}},{"@type":"Person","@id":"https:\/\/eldigitaldeasturias.com\/magazine365\/author\/admin\/#author","url":"https:\/\/eldigitaldeasturias.com\/magazine365\/author\/admin\/","name":"admin","image":{"@type":"ImageObject","@id":"https:\/\/eldigitaldeasturias.com\/magazine365\/el-ayuntamiento-de-cordoba-destaca-la-ocupacion-del-85-registrada-durante-el-puente\/#authorImage","url":"https:\/\/eldigitaldeasturias.com\/magazine365\/wp-content\/litespeed\/avatar\/e571bcf59a0edd6fa6838245a470f2fe.jpg?ver=1777574230","width":96,"height":96,"caption":"admin"}},{"@type":"WebPage","@id":"https:\/\/eldigitaldeasturias.com\/magazine365\/el-ayuntamiento-de-cordoba-destaca-la-ocupacion-del-85-registrada-durante-el-puente\/#webpage","url":"https:\/\/eldigitaldeasturias.com\/magazine365\/el-ayuntamiento-de-cordoba-destaca-la-ocupacion-del-85-registrada-durante-el-puente\/","name":"El Ayuntamiento de C\u00f3rdoba destaca la ocupaci\u00f3n del 85% registrada durante el puente | El Digital de Asturias","description":"El primer teniente de alcalde delegado de Turismo del Ayuntamiento de C\u00f3rdoba, Pedro Garc\u00eda (IU), ha destacado este mi\u00e9rcoles que la capital cordobesa, durante este pasado puente de la Constituci\u00f3n y de la Inmaculada, ha tenido \"pr\u00e1cticamente un 85% de ocupaci\u00f3n hotelera\". A este respecto y en declaraciones a los periodistas, Garc\u00eda ha destacado que","inLanguage":"es-ES","isPartOf":{"@id":"https:\/\/eldigitaldeasturias.com\/magazine365\/#website"},"breadcrumb":{"@id":"https:\/\/eldigitaldeasturias.com\/magazine365\/el-ayuntamiento-de-cordoba-destaca-la-ocupacion-del-85-registrada-durante-el-puente\/#breadcrumblist"},"author":{"@id":"https:\/\/eldigitaldeasturias.com\/magazine365\/author\/admin\/#author"},"creator":{"@id":"https:\/\/eldigitaldeasturias.com\/magazine365\/author\/admin\/#author"},"image":{"@type":"ImageObject","url":"https:\/\/eldigitaldeasturias.com\/magazine365\/wp-content\/uploads\/2015\/12\/fotonoticia_20151209172958_800.jpg","@id":"https:\/\/eldigitaldeasturias.com\/magazine365\/el-ayuntamiento-de-cordoba-destaca-la-ocupacion-del-85-registrada-durante-el-puente\/#mainImage","width":800,"height":600},"primaryImageOfPage":{"@id":"https:\/\/eldigitaldeasturias.com\/magazine365\/el-ayuntamiento-de-cordoba-destaca-la-ocupacion-del-85-registrada-durante-el-puente\/#mainImage"},"datePublished":"2015-12-10T14:21:59+01:00","dateModified":"2015-12-10T14:21:59+01:00"},{"@type":"WebSite","@id":"https:\/\/eldigitaldeasturias.com\/magazine365\/#website","url":"https:\/\/eldigitaldeasturias.com\/magazine365\/","name":"El Digital de Asturias","description":"Revista de ocio, turismo y estilo de vida","inLanguage":"es-ES","publisher":{"@id":"https:\/\/eldigitaldeasturias.com\/magazine365\/#organization"}}]},"og:locale":"es_ES","og:site_name":"El Digital de Asturias \u2013 Revista de ocio, turismo y estilo de vida","og:type":"article","og:title":"El Ayuntamiento de C\u00f3rdoba destaca la ocupaci\u00f3n del 85% registrada durante el puente | El Digital de Asturias","og:description":"El primer teniente de alcalde delegado de Turismo del Ayuntamiento de C\u00f3rdoba, Pedro Garc\u00eda (IU), ha destacado este mi\u00e9rcoles que la capital cordobesa, durante este pasado puente de la Constituci\u00f3n y de la Inmaculada, ha tenido &quot;pr\u00e1cticamente un 85% de ocupaci\u00f3n hotelera&quot;. A este respecto y en declaraciones a los periodistas, Garc\u00eda ha destacado que","og:url":"https:\/\/eldigitaldeasturias.com\/magazine365\/el-ayuntamiento-de-cordoba-destaca-la-ocupacion-del-85-registrada-durante-el-puente\/","og:image":"https:\/\/eldigitaldeasturias.com\/magazine365\/wp-content\/uploads\/2015\/12\/fotonoticia_20151209172958_800.jpg","og:image:secure_url":"https:\/\/eldigitaldeasturias.com\/magazine365\/wp-content\/uploads\/2015\/12\/fotonoticia_20151209172958_800.jpg","og:image:width":800,"og:image:height":600,"article:published_time":"2015-12-10T13:21:59+00:00","article:modified_time":"2015-12-10T13:21:59+00:00","twitter:card":"summary_large_image","twitter:title":"El Ayuntamiento de C\u00f3rdoba destaca la ocupaci\u00f3n del 85% registrada durante el puente | El Digital de Asturias","twitter:description":"El primer teniente de alcalde delegado de Turismo del Ayuntamiento de C\u00f3rdoba, Pedro Garc\u00eda (IU), ha destacado este mi\u00e9rcoles que la capital cordobesa, durante este pasado puente de la Constituci\u00f3n y de la Inmaculada, ha tenido &quot;pr\u00e1cticamente un 85% de ocupaci\u00f3n hotelera&quot;. A este respecto y en declaraciones a los periodistas, Garc\u00eda ha destacado que","twitter:image":"https:\/\/eldigitaldeasturias.com\/magazine365\/wp-content\/uploads\/2015\/12\/fotonoticia_20151209172958_800.jpg"},"aioseo_meta_data":{"post_id":"58109","title":null,"description":null,"keywords":null,"keyphrases":null,"primary_term":null,"canonical_url":null,"og_title":null,"og_description":null,"og_object_type":"default","og_image_type":"default","og_image_url":null,"og_image_width":null,"og_image_height":null,"og_image_custom_url":null,"og_image_custom_fields":null,"og_video":null,"og_custom_url":null,"og_article_section":null,"og_article_tags":null,"twitter_use_og":false,"twitter_card":"default","twitter_image_type":"default","twitter_image_url":null,"twitter_image_custom_url":null,"twitter_image_custom_fields":null,"twitter_title":null,"twitter_description":null,"schema":{"blockGraphs":[],"customGraphs":[],"default":{"data":{"Article":[],"Course":[],"Dataset":[],"FAQPage":[],"Movie":[],"Person":[],"Product":[],"ProductReview":[],"Car":[],"Recipe":[],"Service":[],"SoftwareApplication":[],"WebPage":[]},"graphName":"","isEnabled":true},"graphs":[],"defaultGraph":"","defaultPostTypeGraph":""},"schema_type":null,"schema_type_options":null,"pillar_content":false,"robots_default":true,"robots_noindex":false,"robots_noarchive":false,"robots_nosnippet":false,"robots_nofollow":false,"robots_noimageindex":false,"robots_noodp":false,"robots_notranslate":false,"robots_max_snippet":null,"robots_max_videopreview":null,"robots_max_imagepreview":"large","priority":null,"frequency":null,"location":null,"local_seo":null,"seo_analyzer_scan_date":"2025-09-25 02:24:11","breadcrumb_settings":null,"limit_modified_date":false,"open_ai":null,"ai":null,"created":"2021-03-08 22:34:40","updated":"2025-09-25 02:24:11"},"aioseo_breadcrumb":"<div class=\"aioseo-breadcrumbs\"><span class=\"aioseo-breadcrumb\">\n\t<a href=\"https:\/\/eldigitaldeasturias.com\/magazine365\" title=\"Home\">Home<\/a>\n<\/span><span class=\"aioseo-breadcrumb-separator\">\u2013<\/span><span class=\"aioseo-breadcrumb\">\n\t<a href=\"https:\/\/eldigitaldeasturias.com\/magazine365\/category\/noticias-actualidad\/\" title=\"Noticias y Actualidad\">Noticias y Actualidad<\/a>\n<\/span><span class=\"aioseo-breadcrumb-separator\">\u2013<\/span><span class=\"aioseo-breadcrumb\">\n\t<a href=\"https:\/\/eldigitaldeasturias.com\/magazine365\/el-ayuntamiento-de-cordoba-destaca-la-ocupacion-del-85-registrada-durante-el-puente\/\" title=\"El Ayuntamiento de C\u00f3rdoba destaca la ocupaci\u00f3n del 85% registrada durante el puente\">El Ayuntamiento de C\u00f3rdoba destaca la ocupaci\u00f3n del 85% registrada durante el puente<\/a>\n<\/span><\/div>","aioseo_breadcrumb_json":[{"label":"Home","link":"https:\/\/eldigitaldeasturias.com\/magazine365"},{"label":"Noticias y Actualidad","link":"https:\/\/eldigitaldeasturias.com\/magazine365\/category\/noticias-actualidad\/"},{"label":"El Ayuntamiento de C\u00f3rdoba destaca la ocupaci\u00f3n del 85% registrada durante el puente","link":"https:\/\/eldigitaldeasturias.com\/magazine365\/el-ayuntamiento-de-cordoba-destaca-la-ocupacion-del-85-registrada-durante-el-puente\/"}],"_links":{"self":[{"href":"https:\/\/eldigitaldeasturias.com\/magazine365\/wp-json\/wp\/v2\/posts\/58109","targetHints":{"allow":["GET"]}}],"collection":[{"href":"https:\/\/eldigitaldeasturias.com\/magazine365\/wp-json\/wp\/v2\/posts"}],"about":[{"href":"https:\/\/eldigitaldeasturias.com\/magazine365\/wp-json\/wp\/v2\/types\/post"}],"author":[{"embeddable":true,"href":"https:\/\/eldigitaldeasturias.com\/magazine365\/wp-json\/wp\/v2\/users\/1"}],"replies":[{"embeddable":true,"href":"https:\/\/eldigitaldeasturias.com\/magazine365\/wp-json\/wp\/v2\/comments?post=58109"}],"version-history":[{"count":0,"href":"https:\/\/eldigitaldeasturias.com\/magazine365\/wp-json\/wp\/v2\/posts\/58109\/revisions"}],"wp:featuredmedia":[{"embeddable":true,"href":"https:\/\/eldigitaldeasturias.com\/magazine365\/wp-json\/wp\/v2\/media\/58110"}],"wp:attachment":[{"href":"https:\/\/eldigitaldeasturias.com\/magazine365\/wp-json\/wp\/v2\/media?parent=58109"}],"wp:term":[{"taxonomy":"category","embeddable":true,"href":"https:\/\/eldigitaldeasturias.com\/magazine365\/wp-json\/wp\/v2\/categories?post=58109"},{"taxonomy":"post_tag","embeddable":true,"href":"https:\/\/eldigitaldeasturias.com\/magazine365\/wp-json\/wp\/v2\/tags?post=58109"}],"curies":[{"name":"wp","href":"https:\/\/api.w.org\/{rel}","templated":true}]}}