{"id":58103,"date":"2015-12-10T14:18:15","date_gmt":"2015-12-10T13:18:15","guid":{"rendered":"http:\/\/eldigitaldeasturias.com\/magazine365\/?p=58103"},"modified":"2015-12-10T14:18:15","modified_gmt":"2015-12-10T13:18:15","slug":"gobierno-vasco-confia-en-que-2015-sea-el-mejor-ano-de-la-historia-para-el-turismo-vasco","status":"publish","type":"post","link":"https:\/\/eldigitaldeasturias.com\/magazine365\/gobierno-vasco-confia-en-que-2015-sea-el-mejor-ano-de-la-historia-para-el-turismo-vasco\/","title":{"rendered":"Gobierno vasco conf\u00eda en que 2015 sea \u00abel mejor a\u00f1o de la historia\u00bb para el turismo vasco"},"content":{"rendered":"<p><img fetchpriority=\"high\" decoding=\"async\" class=\"alignleft size-medium wp-image-58104\" src=\"https:\/\/eldigitaldeasturias.com\/magazine365\/wp-content\/uploads\/2015\/12\/fotonoticia_20151209172517_800-360x195.jpg\" alt=\"fotonoticia_20151209172517_800\" width=\"360\" height=\"195\" srcset=\"https:\/\/eldigitaldeasturias.com\/magazine365\/wp-content\/uploads\/2015\/12\/fotonoticia_20151209172517_800-360x195.jpg 360w, https:\/\/eldigitaldeasturias.com\/magazine365\/wp-content\/uploads\/2015\/12\/fotonoticia_20151209172517_800-650x353.jpg 650w, https:\/\/eldigitaldeasturias.com\/magazine365\/wp-content\/uploads\/2015\/12\/fotonoticia_20151209172517_800-768x417.jpg 768w, https:\/\/eldigitaldeasturias.com\/magazine365\/wp-content\/uploads\/2015\/12\/fotonoticia_20151209172517_800-150x81.jpg 150w, https:\/\/eldigitaldeasturias.com\/magazine365\/wp-content\/uploads\/2015\/12\/fotonoticia_20151209172517_800-450x244.jpg 450w, https:\/\/eldigitaldeasturias.com\/magazine365\/wp-content\/uploads\/2015\/12\/fotonoticia_20151209172517_800-696x378.jpg 696w, https:\/\/eldigitaldeasturias.com\/magazine365\/wp-content\/uploads\/2015\/12\/fotonoticia_20151209172517_800-774x420.jpg 774w, https:\/\/eldigitaldeasturias.com\/magazine365\/wp-content\/uploads\/2015\/12\/fotonoticia_20151209172517_800.jpg 800w\" sizes=\"(max-width: 360px) 100vw, 360px\" \/>El portavoz del Gobierno vasco, Josu Erkoreka, ha anunciado que 2015 puede ser \u00abel mejor a\u00f1o de la historia\u00bb para el sector del turismo en Euskadi.<\/p>\n<p>Erkoreka, en la rueda de prensa posterior al Consejo de Gobierno semanal, ha destacado que los datos de visitas de viajeros en este pasado Puente de la Constituci\u00f3n han sido \u00abfrancamente positivos\u00bb.<\/p>\n<p>Seg\u00fan ha explicado, lo ocurrido en los \u00faltimos d\u00edas \u00abafirma la tendencia\u00bb iniciada hace varios meses, que apunta a que \u00abseguramente, 201 ser\u00e1 el mejor a\u00f1o tur\u00edstico en la historia de Euskadi\u00bb.<\/p>\n<p>El portavoz del Ejecutivo auton\u00f3mico ha expresado su \u00absatisfacci\u00f3n\u00bb por el comportamiento de este sector, y ha explicado que el Gobierno analizar\u00e1 cu\u00e1les son los factores que han incidido en esta mejor\u00eda para profundizar en ellos.<\/p>\n","protected":false},"excerpt":{"rendered":"<p>El portavoz del Gobierno vasco, Josu Erkoreka, ha anunciado que 2015 puede ser \u00abel mejor a\u00f1o de la historia\u00bb para el sector del turismo en Euskadi. Erkoreka, en la rueda de prensa posterior al Consejo de Gobierno semanal, ha destacado que los datos de visitas de viajeros en este pasado Puente de la Constituci\u00f3n han<\/p>\n","protected":false},"author":1,"featured_media":58104,"comment_status":"open","ping_status":"closed","sticky":false,"template":"","format":"standard","meta":{"footnotes":""},"categories":[224],"tags":[],"class_list":{"0":"post-58103","1":"post","2":"type-post","3":"status-publish","4":"format-standard","5":"has-post-thumbnail","7":"category-noticias-actualidad"},"aioseo_notices":[],"aioseo_head":"\n\t\t<!-- All in One SEO Pro 4.9.6.1 - aioseo.com -->\n\t<meta name=\"description\" content=\"El portavoz del Gobierno vasco, Josu Erkoreka, ha anunciado que 2015 puede ser &quot;el mejor a\u00f1o de la historia&quot; para el sector del turismo en Euskadi. Erkoreka, en la rueda de prensa posterior al Consejo de Gobierno semanal, ha destacado que los datos de visitas de viajeros en este pasado Puente de la Constituci\u00f3n han\" \/>\n\t<meta name=\"robots\" content=\"max-image-preview:large\" \/>\n\t<meta name=\"author\" content=\"admin\"\/>\n\t<meta name=\"google-site-verification\" content=\"UA-38556648-1\" \/>\n\t<meta name=\"keywords\" content=\"noticias y actualidad\" \/>\n\t<link rel=\"canonical\" href=\"https:\/\/eldigitaldeasturias.com\/magazine365\/gobierno-vasco-confia-en-que-2015-sea-el-mejor-ano-de-la-historia-para-el-turismo-vasco\/\" \/>\n\t<meta name=\"generator\" content=\"All in One SEO Pro (AIOSEO) 4.9.6.1\" \/>\n\t\t<meta property=\"og:locale\" content=\"es_ES\" \/>\n\t\t<meta property=\"og:site_name\" content=\"El Digital de Asturias \u2013 Revista de ocio, turismo y estilo de vida\" \/>\n\t\t<meta property=\"og:type\" content=\"article\" \/>\n\t\t<meta property=\"og:title\" content=\"Gobierno vasco conf\u00eda en que 2015 sea \u00abel mejor a\u00f1o de la historia\u00bb para el turismo vasco | El Digital de Asturias\" \/>\n\t\t<meta property=\"og:description\" content=\"El portavoz del Gobierno vasco, Josu Erkoreka, ha anunciado que 2015 puede ser &quot;el mejor a\u00f1o de la historia&quot; para el sector del turismo en Euskadi. Erkoreka, en la rueda de prensa posterior al Consejo de Gobierno semanal, ha destacado que los datos de visitas de viajeros en este pasado Puente de la Constituci\u00f3n han\" \/>\n\t\t<meta property=\"og:url\" content=\"https:\/\/eldigitaldeasturias.com\/magazine365\/gobierno-vasco-confia-en-que-2015-sea-el-mejor-ano-de-la-historia-para-el-turismo-vasco\/\" \/>\n\t\t<meta property=\"og:image\" content=\"https:\/\/eldigitaldeasturias.com\/magazine365\/wp-content\/uploads\/2015\/12\/fotonoticia_20151209172517_800.jpg\" \/>\n\t\t<meta property=\"og:image:secure_url\" content=\"https:\/\/eldigitaldeasturias.com\/magazine365\/wp-content\/uploads\/2015\/12\/fotonoticia_20151209172517_800.jpg\" \/>\n\t\t<meta property=\"og:image:width\" content=\"800\" \/>\n\t\t<meta property=\"og:image:height\" content=\"434\" \/>\n\t\t<meta property=\"article:published_time\" content=\"2015-12-10T13:18:15+00:00\" \/>\n\t\t<meta property=\"article:modified_time\" content=\"2015-12-10T13:18:15+00:00\" \/>\n\t\t<meta name=\"twitter:card\" content=\"summary_large_image\" \/>\n\t\t<meta name=\"twitter:title\" content=\"Gobierno vasco conf\u00eda en que 2015 sea \u00abel mejor a\u00f1o de la historia\u00bb para el turismo vasco | El Digital de Asturias\" \/>\n\t\t<meta name=\"twitter:description\" content=\"El portavoz del Gobierno vasco, Josu Erkoreka, ha anunciado que 2015 puede ser &quot;el mejor a\u00f1o de la historia&quot; para el sector del turismo en Euskadi. Erkoreka, en la rueda de prensa posterior al Consejo de Gobierno semanal, ha destacado que los datos de visitas de viajeros en este pasado Puente de la Constituci\u00f3n han\" \/>\n\t\t<meta name=\"twitter:image\" content=\"https:\/\/eldigitaldeasturias.com\/magazine365\/wp-content\/uploads\/2015\/12\/fotonoticia_20151209172517_800.jpg\" \/>\n\t\t<script type=\"application\/ld+json\" class=\"aioseo-schema\">\n\t\t\t{\"@context\":\"https:\\\/\\\/schema.org\",\"@graph\":[{\"@type\":\"Article\",\"@id\":\"https:\\\/\\\/eldigitaldeasturias.com\\\/magazine365\\\/gobierno-vasco-confia-en-que-2015-sea-el-mejor-ano-de-la-historia-para-el-turismo-vasco\\\/#article\",\"name\":\"Gobierno vasco conf\\u00eda en que 2015 sea \\u00abel mejor a\\u00f1o de la historia\\u00bb para el turismo vasco | El Digital de Asturias\",\"headline\":\"Gobierno vasco conf\\u00eda en que 2015 sea \\u00abel mejor a\\u00f1o de la historia\\u00bb para el turismo vasco\",\"author\":{\"@id\":\"https:\\\/\\\/eldigitaldeasturias.com\\\/magazine365\\\/author\\\/admin\\\/#author\"},\"publisher\":{\"@id\":\"https:\\\/\\\/eldigitaldeasturias.com\\\/magazine365\\\/#organization\"},\"image\":{\"@type\":\"ImageObject\",\"url\":\"https:\\\/\\\/eldigitaldeasturias.com\\\/magazine365\\\/wp-content\\\/uploads\\\/2015\\\/12\\\/fotonoticia_20151209172517_800.jpg\",\"width\":800,\"height\":434},\"datePublished\":\"2015-12-10T14:18:15+01:00\",\"dateModified\":\"2015-12-10T14:18:15+01:00\",\"inLanguage\":\"es-ES\",\"mainEntityOfPage\":{\"@id\":\"https:\\\/\\\/eldigitaldeasturias.com\\\/magazine365\\\/gobierno-vasco-confia-en-que-2015-sea-el-mejor-ano-de-la-historia-para-el-turismo-vasco\\\/#webpage\"},\"isPartOf\":{\"@id\":\"https:\\\/\\\/eldigitaldeasturias.com\\\/magazine365\\\/gobierno-vasco-confia-en-que-2015-sea-el-mejor-ano-de-la-historia-para-el-turismo-vasco\\\/#webpage\"},\"articleSection\":\"Noticias y Actualidad\"},{\"@type\":\"BreadcrumbList\",\"@id\":\"https:\\\/\\\/eldigitaldeasturias.com\\\/magazine365\\\/gobierno-vasco-confia-en-que-2015-sea-el-mejor-ano-de-la-historia-para-el-turismo-vasco\\\/#breadcrumblist\",\"itemListElement\":[{\"@type\":\"ListItem\",\"@id\":\"https:\\\/\\\/eldigitaldeasturias.com\\\/magazine365#listItem\",\"position\":1,\"name\":\"Home\",\"item\":\"https:\\\/\\\/eldigitaldeasturias.com\\\/magazine365\",\"nextItem\":{\"@type\":\"ListItem\",\"@id\":\"https:\\\/\\\/eldigitaldeasturias.com\\\/magazine365\\\/category\\\/noticias-actualidad\\\/#listItem\",\"name\":\"Noticias y Actualidad\"}},{\"@type\":\"ListItem\",\"@id\":\"https:\\\/\\\/eldigitaldeasturias.com\\\/magazine365\\\/category\\\/noticias-actualidad\\\/#listItem\",\"position\":2,\"name\":\"Noticias y Actualidad\",\"item\":\"https:\\\/\\\/eldigitaldeasturias.com\\\/magazine365\\\/category\\\/noticias-actualidad\\\/\",\"nextItem\":{\"@type\":\"ListItem\",\"@id\":\"https:\\\/\\\/eldigitaldeasturias.com\\\/magazine365\\\/gobierno-vasco-confia-en-que-2015-sea-el-mejor-ano-de-la-historia-para-el-turismo-vasco\\\/#listItem\",\"name\":\"Gobierno vasco conf\\u00eda en que 2015 sea \\u00abel mejor a\\u00f1o de la historia\\u00bb para el turismo vasco\"},\"previousItem\":{\"@type\":\"ListItem\",\"@id\":\"https:\\\/\\\/eldigitaldeasturias.com\\\/magazine365#listItem\",\"name\":\"Home\"}},{\"@type\":\"ListItem\",\"@id\":\"https:\\\/\\\/eldigitaldeasturias.com\\\/magazine365\\\/gobierno-vasco-confia-en-que-2015-sea-el-mejor-ano-de-la-historia-para-el-turismo-vasco\\\/#listItem\",\"position\":3,\"name\":\"Gobierno vasco conf\\u00eda en que 2015 sea \\u00abel mejor a\\u00f1o de la historia\\u00bb para el turismo vasco\",\"previousItem\":{\"@type\":\"ListItem\",\"@id\":\"https:\\\/\\\/eldigitaldeasturias.com\\\/magazine365\\\/category\\\/noticias-actualidad\\\/#listItem\",\"name\":\"Noticias y Actualidad\"}}]},{\"@type\":\"Organization\",\"@id\":\"https:\\\/\\\/eldigitaldeasturias.com\\\/magazine365\\\/#organization\",\"name\":\"El digital de Asturias\",\"description\":\"Revista de ocio, turismo y estilo de vida\",\"url\":\"https:\\\/\\\/eldigitaldeasturias.com\\\/magazine365\\\/\",\"logo\":{\"@type\":\"ImageObject\",\"url\":\"https:\\\/\\\/www.eldigitaldeasturias.com\\\/noticias\\\/wp-content\\\/uploads\\\/2020\\\/12\\\/EDA.jpg\",\"@id\":\"https:\\\/\\\/eldigitaldeasturias.com\\\/magazine365\\\/gobierno-vasco-confia-en-que-2015-sea-el-mejor-ano-de-la-historia-para-el-turismo-vasco\\\/#organizationLogo\"},\"image\":{\"@id\":\"https:\\\/\\\/eldigitaldeasturias.com\\\/magazine365\\\/gobierno-vasco-confia-en-que-2015-sea-el-mejor-ano-de-la-historia-para-el-turismo-vasco\\\/#organizationLogo\"}},{\"@type\":\"Person\",\"@id\":\"https:\\\/\\\/eldigitaldeasturias.com\\\/magazine365\\\/author\\\/admin\\\/#author\",\"url\":\"https:\\\/\\\/eldigitaldeasturias.com\\\/magazine365\\\/author\\\/admin\\\/\",\"name\":\"admin\",\"image\":{\"@type\":\"ImageObject\",\"@id\":\"https:\\\/\\\/eldigitaldeasturias.com\\\/magazine365\\\/gobierno-vasco-confia-en-que-2015-sea-el-mejor-ano-de-la-historia-para-el-turismo-vasco\\\/#authorImage\",\"url\":\"https:\\\/\\\/eldigitaldeasturias.com\\\/magazine365\\\/wp-content\\\/litespeed\\\/avatar\\\/e571bcf59a0edd6fa6838245a470f2fe.jpg?ver=1777574230\",\"width\":96,\"height\":96,\"caption\":\"admin\"}},{\"@type\":\"WebPage\",\"@id\":\"https:\\\/\\\/eldigitaldeasturias.com\\\/magazine365\\\/gobierno-vasco-confia-en-que-2015-sea-el-mejor-ano-de-la-historia-para-el-turismo-vasco\\\/#webpage\",\"url\":\"https:\\\/\\\/eldigitaldeasturias.com\\\/magazine365\\\/gobierno-vasco-confia-en-que-2015-sea-el-mejor-ano-de-la-historia-para-el-turismo-vasco\\\/\",\"name\":\"Gobierno vasco conf\\u00eda en que 2015 sea \\u00abel mejor a\\u00f1o de la historia\\u00bb para el turismo vasco | El Digital de Asturias\",\"description\":\"El portavoz del Gobierno vasco, Josu Erkoreka, ha anunciado que 2015 puede ser \\\"el mejor a\\u00f1o de la historia\\\" para el sector del turismo en Euskadi. Erkoreka, en la rueda de prensa posterior al Consejo de Gobierno semanal, ha destacado que los datos de visitas de viajeros en este pasado Puente de la Constituci\\u00f3n han\",\"inLanguage\":\"es-ES\",\"isPartOf\":{\"@id\":\"https:\\\/\\\/eldigitaldeasturias.com\\\/magazine365\\\/#website\"},\"breadcrumb\":{\"@id\":\"https:\\\/\\\/eldigitaldeasturias.com\\\/magazine365\\\/gobierno-vasco-confia-en-que-2015-sea-el-mejor-ano-de-la-historia-para-el-turismo-vasco\\\/#breadcrumblist\"},\"author\":{\"@id\":\"https:\\\/\\\/eldigitaldeasturias.com\\\/magazine365\\\/author\\\/admin\\\/#author\"},\"creator\":{\"@id\":\"https:\\\/\\\/eldigitaldeasturias.com\\\/magazine365\\\/author\\\/admin\\\/#author\"},\"image\":{\"@type\":\"ImageObject\",\"url\":\"https:\\\/\\\/eldigitaldeasturias.com\\\/magazine365\\\/wp-content\\\/uploads\\\/2015\\\/12\\\/fotonoticia_20151209172517_800.jpg\",\"@id\":\"https:\\\/\\\/eldigitaldeasturias.com\\\/magazine365\\\/gobierno-vasco-confia-en-que-2015-sea-el-mejor-ano-de-la-historia-para-el-turismo-vasco\\\/#mainImage\",\"width\":800,\"height\":434},\"primaryImageOfPage\":{\"@id\":\"https:\\\/\\\/eldigitaldeasturias.com\\\/magazine365\\\/gobierno-vasco-confia-en-que-2015-sea-el-mejor-ano-de-la-historia-para-el-turismo-vasco\\\/#mainImage\"},\"datePublished\":\"2015-12-10T14:18:15+01:00\",\"dateModified\":\"2015-12-10T14:18:15+01:00\"},{\"@type\":\"WebSite\",\"@id\":\"https:\\\/\\\/eldigitaldeasturias.com\\\/magazine365\\\/#website\",\"url\":\"https:\\\/\\\/eldigitaldeasturias.com\\\/magazine365\\\/\",\"name\":\"El Digital de Asturias\",\"description\":\"Revista de ocio, turismo y estilo de vida\",\"inLanguage\":\"es-ES\",\"publisher\":{\"@id\":\"https:\\\/\\\/eldigitaldeasturias.com\\\/magazine365\\\/#organization\"}}]}\n\t\t<\/script>\n\t\t<!-- All in One SEO Pro -->\r\n\t\t<title>Gobierno vasco conf\u00eda en que 2015 sea \u00abel mejor a\u00f1o de la historia\u00bb para el turismo vasco | El Digital de Asturias<\/title>\n\n","aioseo_head_json":{"title":"Gobierno vasco conf\u00eda en que 2015 sea \u00abel mejor a\u00f1o de la historia\u00bb para el turismo vasco | El Digital de Asturias","description":"El portavoz del Gobierno vasco, Josu Erkoreka, ha anunciado que 2015 puede ser \"el mejor a\u00f1o de la historia\" para el sector del turismo en Euskadi. Erkoreka, en la rueda de prensa posterior al Consejo de Gobierno semanal, ha destacado que los datos de visitas de viajeros en este pasado Puente de la Constituci\u00f3n han","canonical_url":"https:\/\/eldigitaldeasturias.com\/magazine365\/gobierno-vasco-confia-en-que-2015-sea-el-mejor-ano-de-la-historia-para-el-turismo-vasco\/","robots":"max-image-preview:large","keywords":"noticias y actualidad","webmasterTools":{"google-site-verification":"UA-38556648-1","miscellaneous":""},"schema":{"@context":"https:\/\/schema.org","@graph":[{"@type":"Article","@id":"https:\/\/eldigitaldeasturias.com\/magazine365\/gobierno-vasco-confia-en-que-2015-sea-el-mejor-ano-de-la-historia-para-el-turismo-vasco\/#article","name":"Gobierno vasco conf\u00eda en que 2015 sea \u00abel mejor a\u00f1o de la historia\u00bb para el turismo vasco | El Digital de Asturias","headline":"Gobierno vasco conf\u00eda en que 2015 sea \u00abel mejor a\u00f1o de la historia\u00bb para el turismo vasco","author":{"@id":"https:\/\/eldigitaldeasturias.com\/magazine365\/author\/admin\/#author"},"publisher":{"@id":"https:\/\/eldigitaldeasturias.com\/magazine365\/#organization"},"image":{"@type":"ImageObject","url":"https:\/\/eldigitaldeasturias.com\/magazine365\/wp-content\/uploads\/2015\/12\/fotonoticia_20151209172517_800.jpg","width":800,"height":434},"datePublished":"2015-12-10T14:18:15+01:00","dateModified":"2015-12-10T14:18:15+01:00","inLanguage":"es-ES","mainEntityOfPage":{"@id":"https:\/\/eldigitaldeasturias.com\/magazine365\/gobierno-vasco-confia-en-que-2015-sea-el-mejor-ano-de-la-historia-para-el-turismo-vasco\/#webpage"},"isPartOf":{"@id":"https:\/\/eldigitaldeasturias.com\/magazine365\/gobierno-vasco-confia-en-que-2015-sea-el-mejor-ano-de-la-historia-para-el-turismo-vasco\/#webpage"},"articleSection":"Noticias y Actualidad"},{"@type":"BreadcrumbList","@id":"https:\/\/eldigitaldeasturias.com\/magazine365\/gobierno-vasco-confia-en-que-2015-sea-el-mejor-ano-de-la-historia-para-el-turismo-vasco\/#breadcrumblist","itemListElement":[{"@type":"ListItem","@id":"https:\/\/eldigitaldeasturias.com\/magazine365#listItem","position":1,"name":"Home","item":"https:\/\/eldigitaldeasturias.com\/magazine365","nextItem":{"@type":"ListItem","@id":"https:\/\/eldigitaldeasturias.com\/magazine365\/category\/noticias-actualidad\/#listItem","name":"Noticias y Actualidad"}},{"@type":"ListItem","@id":"https:\/\/eldigitaldeasturias.com\/magazine365\/category\/noticias-actualidad\/#listItem","position":2,"name":"Noticias y Actualidad","item":"https:\/\/eldigitaldeasturias.com\/magazine365\/category\/noticias-actualidad\/","nextItem":{"@type":"ListItem","@id":"https:\/\/eldigitaldeasturias.com\/magazine365\/gobierno-vasco-confia-en-que-2015-sea-el-mejor-ano-de-la-historia-para-el-turismo-vasco\/#listItem","name":"Gobierno vasco conf\u00eda en que 2015 sea \u00abel mejor a\u00f1o de la historia\u00bb para el turismo vasco"},"previousItem":{"@type":"ListItem","@id":"https:\/\/eldigitaldeasturias.com\/magazine365#listItem","name":"Home"}},{"@type":"ListItem","@id":"https:\/\/eldigitaldeasturias.com\/magazine365\/gobierno-vasco-confia-en-que-2015-sea-el-mejor-ano-de-la-historia-para-el-turismo-vasco\/#listItem","position":3,"name":"Gobierno vasco conf\u00eda en que 2015 sea \u00abel mejor a\u00f1o de la historia\u00bb para el turismo vasco","previousItem":{"@type":"ListItem","@id":"https:\/\/eldigitaldeasturias.com\/magazine365\/category\/noticias-actualidad\/#listItem","name":"Noticias y Actualidad"}}]},{"@type":"Organization","@id":"https:\/\/eldigitaldeasturias.com\/magazine365\/#organization","name":"El digital de Asturias","description":"Revista de ocio, turismo y estilo de vida","url":"https:\/\/eldigitaldeasturias.com\/magazine365\/","logo":{"@type":"ImageObject","url":"https:\/\/www.eldigitaldeasturias.com\/noticias\/wp-content\/uploads\/2020\/12\/EDA.jpg","@id":"https:\/\/eldigitaldeasturias.com\/magazine365\/gobierno-vasco-confia-en-que-2015-sea-el-mejor-ano-de-la-historia-para-el-turismo-vasco\/#organizationLogo"},"image":{"@id":"https:\/\/eldigitaldeasturias.com\/magazine365\/gobierno-vasco-confia-en-que-2015-sea-el-mejor-ano-de-la-historia-para-el-turismo-vasco\/#organizationLogo"}},{"@type":"Person","@id":"https:\/\/eldigitaldeasturias.com\/magazine365\/author\/admin\/#author","url":"https:\/\/eldigitaldeasturias.com\/magazine365\/author\/admin\/","name":"admin","image":{"@type":"ImageObject","@id":"https:\/\/eldigitaldeasturias.com\/magazine365\/gobierno-vasco-confia-en-que-2015-sea-el-mejor-ano-de-la-historia-para-el-turismo-vasco\/#authorImage","url":"https:\/\/eldigitaldeasturias.com\/magazine365\/wp-content\/litespeed\/avatar\/e571bcf59a0edd6fa6838245a470f2fe.jpg?ver=1777574230","width":96,"height":96,"caption":"admin"}},{"@type":"WebPage","@id":"https:\/\/eldigitaldeasturias.com\/magazine365\/gobierno-vasco-confia-en-que-2015-sea-el-mejor-ano-de-la-historia-para-el-turismo-vasco\/#webpage","url":"https:\/\/eldigitaldeasturias.com\/magazine365\/gobierno-vasco-confia-en-que-2015-sea-el-mejor-ano-de-la-historia-para-el-turismo-vasco\/","name":"Gobierno vasco conf\u00eda en que 2015 sea \u00abel mejor a\u00f1o de la historia\u00bb para el turismo vasco | El Digital de Asturias","description":"El portavoz del Gobierno vasco, Josu Erkoreka, ha anunciado que 2015 puede ser \"el mejor a\u00f1o de la historia\" para el sector del turismo en Euskadi. Erkoreka, en la rueda de prensa posterior al Consejo de Gobierno semanal, ha destacado que los datos de visitas de viajeros en este pasado Puente de la Constituci\u00f3n han","inLanguage":"es-ES","isPartOf":{"@id":"https:\/\/eldigitaldeasturias.com\/magazine365\/#website"},"breadcrumb":{"@id":"https:\/\/eldigitaldeasturias.com\/magazine365\/gobierno-vasco-confia-en-que-2015-sea-el-mejor-ano-de-la-historia-para-el-turismo-vasco\/#breadcrumblist"},"author":{"@id":"https:\/\/eldigitaldeasturias.com\/magazine365\/author\/admin\/#author"},"creator":{"@id":"https:\/\/eldigitaldeasturias.com\/magazine365\/author\/admin\/#author"},"image":{"@type":"ImageObject","url":"https:\/\/eldigitaldeasturias.com\/magazine365\/wp-content\/uploads\/2015\/12\/fotonoticia_20151209172517_800.jpg","@id":"https:\/\/eldigitaldeasturias.com\/magazine365\/gobierno-vasco-confia-en-que-2015-sea-el-mejor-ano-de-la-historia-para-el-turismo-vasco\/#mainImage","width":800,"height":434},"primaryImageOfPage":{"@id":"https:\/\/eldigitaldeasturias.com\/magazine365\/gobierno-vasco-confia-en-que-2015-sea-el-mejor-ano-de-la-historia-para-el-turismo-vasco\/#mainImage"},"datePublished":"2015-12-10T14:18:15+01:00","dateModified":"2015-12-10T14:18:15+01:00"},{"@type":"WebSite","@id":"https:\/\/eldigitaldeasturias.com\/magazine365\/#website","url":"https:\/\/eldigitaldeasturias.com\/magazine365\/","name":"El Digital de Asturias","description":"Revista de ocio, turismo y estilo de vida","inLanguage":"es-ES","publisher":{"@id":"https:\/\/eldigitaldeasturias.com\/magazine365\/#organization"}}]},"og:locale":"es_ES","og:site_name":"El Digital de Asturias \u2013 Revista de ocio, turismo y estilo de vida","og:type":"article","og:title":"Gobierno vasco conf\u00eda en que 2015 sea \u00abel mejor a\u00f1o de la historia\u00bb para el turismo vasco | El Digital de Asturias","og:description":"El portavoz del Gobierno vasco, Josu Erkoreka, ha anunciado que 2015 puede ser &quot;el mejor a\u00f1o de la historia&quot; para el sector del turismo en Euskadi. Erkoreka, en la rueda de prensa posterior al Consejo de Gobierno semanal, ha destacado que los datos de visitas de viajeros en este pasado Puente de la Constituci\u00f3n han","og:url":"https:\/\/eldigitaldeasturias.com\/magazine365\/gobierno-vasco-confia-en-que-2015-sea-el-mejor-ano-de-la-historia-para-el-turismo-vasco\/","og:image":"https:\/\/eldigitaldeasturias.com\/magazine365\/wp-content\/uploads\/2015\/12\/fotonoticia_20151209172517_800.jpg","og:image:secure_url":"https:\/\/eldigitaldeasturias.com\/magazine365\/wp-content\/uploads\/2015\/12\/fotonoticia_20151209172517_800.jpg","og:image:width":800,"og:image:height":434,"article:published_time":"2015-12-10T13:18:15+00:00","article:modified_time":"2015-12-10T13:18:15+00:00","twitter:card":"summary_large_image","twitter:title":"Gobierno vasco conf\u00eda en que 2015 sea \u00abel mejor a\u00f1o de la historia\u00bb para el turismo vasco | El Digital de Asturias","twitter:description":"El portavoz del Gobierno vasco, Josu Erkoreka, ha anunciado que 2015 puede ser &quot;el mejor a\u00f1o de la historia&quot; para el sector del turismo en Euskadi. Erkoreka, en la rueda de prensa posterior al Consejo de Gobierno semanal, ha destacado que los datos de visitas de viajeros en este pasado Puente de la Constituci\u00f3n han","twitter:image":"https:\/\/eldigitaldeasturias.com\/magazine365\/wp-content\/uploads\/2015\/12\/fotonoticia_20151209172517_800.jpg"},"aioseo_meta_data":{"post_id":"58103","title":null,"description":null,"keywords":null,"keyphrases":null,"primary_term":null,"canonical_url":null,"og_title":null,"og_description":null,"og_object_type":"default","og_image_type":"default","og_image_url":null,"og_image_width":null,"og_image_height":null,"og_image_custom_url":null,"og_image_custom_fields":null,"og_video":null,"og_custom_url":null,"og_article_section":null,"og_article_tags":null,"twitter_use_og":false,"twitter_card":"default","twitter_image_type":"default","twitter_image_url":null,"twitter_image_custom_url":null,"twitter_image_custom_fields":null,"twitter_title":null,"twitter_description":null,"schema":{"blockGraphs":[],"customGraphs":[],"default":{"data":{"Article":[],"Course":[],"Dataset":[],"FAQPage":[],"Movie":[],"Person":[],"Product":[],"ProductReview":[],"Car":[],"Recipe":[],"Service":[],"SoftwareApplication":[],"WebPage":[]},"graphName":"","isEnabled":true},"graphs":[],"defaultGraph":"","defaultPostTypeGraph":""},"schema_type":null,"schema_type_options":null,"pillar_content":false,"robots_default":true,"robots_noindex":false,"robots_noarchive":false,"robots_nosnippet":false,"robots_nofollow":false,"robots_noimageindex":false,"robots_noodp":false,"robots_notranslate":false,"robots_max_snippet":null,"robots_max_videopreview":null,"robots_max_imagepreview":"large","priority":null,"frequency":null,"location":null,"local_seo":null,"seo_analyzer_scan_date":"2025-09-25 02:24:07","breadcrumb_settings":null,"limit_modified_date":false,"open_ai":null,"ai":null,"created":"2021-03-08 22:34:40","updated":"2025-09-25 02:24:07"},"aioseo_breadcrumb":"<div class=\"aioseo-breadcrumbs\"><span class=\"aioseo-breadcrumb\">\n\t<a href=\"https:\/\/eldigitaldeasturias.com\/magazine365\" title=\"Home\">Home<\/a>\n<\/span><span class=\"aioseo-breadcrumb-separator\">\u2013<\/span><span class=\"aioseo-breadcrumb\">\n\t<a href=\"https:\/\/eldigitaldeasturias.com\/magazine365\/category\/noticias-actualidad\/\" title=\"Noticias y Actualidad\">Noticias y Actualidad<\/a>\n<\/span><span class=\"aioseo-breadcrumb-separator\">\u2013<\/span><span class=\"aioseo-breadcrumb\">\n\t<a href=\"https:\/\/eldigitaldeasturias.com\/magazine365\/gobierno-vasco-confia-en-que-2015-sea-el-mejor-ano-de-la-historia-para-el-turismo-vasco\/\" title=\"Gobierno vasco conf\u00eda en que 2015 sea \u00abel mejor a\u00f1o de la historia\u00bb para el turismo vasco\">Gobierno vasco conf\u00eda en que 2015 sea \u00abel mejor a\u00f1o de la historia\u00bb para el turismo vasco<\/a>\n<\/span><\/div>","aioseo_breadcrumb_json":[{"label":"Home","link":"https:\/\/eldigitaldeasturias.com\/magazine365"},{"label":"Noticias y Actualidad","link":"https:\/\/eldigitaldeasturias.com\/magazine365\/category\/noticias-actualidad\/"},{"label":"Gobierno vasco conf\u00eda en que 2015 sea \u00abel mejor a\u00f1o de la historia\u00bb para el turismo vasco","link":"https:\/\/eldigitaldeasturias.com\/magazine365\/gobierno-vasco-confia-en-que-2015-sea-el-mejor-ano-de-la-historia-para-el-turismo-vasco\/"}],"_links":{"self":[{"href":"https:\/\/eldigitaldeasturias.com\/magazine365\/wp-json\/wp\/v2\/posts\/58103","targetHints":{"allow":["GET"]}}],"collection":[{"href":"https:\/\/eldigitaldeasturias.com\/magazine365\/wp-json\/wp\/v2\/posts"}],"about":[{"href":"https:\/\/eldigitaldeasturias.com\/magazine365\/wp-json\/wp\/v2\/types\/post"}],"author":[{"embeddable":true,"href":"https:\/\/eldigitaldeasturias.com\/magazine365\/wp-json\/wp\/v2\/users\/1"}],"replies":[{"embeddable":true,"href":"https:\/\/eldigitaldeasturias.com\/magazine365\/wp-json\/wp\/v2\/comments?post=58103"}],"version-history":[{"count":0,"href":"https:\/\/eldigitaldeasturias.com\/magazine365\/wp-json\/wp\/v2\/posts\/58103\/revisions"}],"wp:featuredmedia":[{"embeddable":true,"href":"https:\/\/eldigitaldeasturias.com\/magazine365\/wp-json\/wp\/v2\/media\/58104"}],"wp:attachment":[{"href":"https:\/\/eldigitaldeasturias.com\/magazine365\/wp-json\/wp\/v2\/media?parent=58103"}],"wp:term":[{"taxonomy":"category","embeddable":true,"href":"https:\/\/eldigitaldeasturias.com\/magazine365\/wp-json\/wp\/v2\/categories?post=58103"},{"taxonomy":"post_tag","embeddable":true,"href":"https:\/\/eldigitaldeasturias.com\/magazine365\/wp-json\/wp\/v2\/tags?post=58103"}],"curies":[{"name":"wp","href":"https:\/\/api.w.org\/{rel}","templated":true}]}}