{"id":58100,"date":"2015-12-10T14:16:52","date_gmt":"2015-12-10T13:16:52","guid":{"rendered":"http:\/\/eldigitaldeasturias.com\/magazine365\/?p=58100"},"modified":"2015-12-10T14:16:52","modified_gmt":"2015-12-10T13:16:52","slug":"sevilla-obtuvo-una-ocupacion-de-mas-del-90-durante-el-puente-de-la-constitucion","status":"publish","type":"post","link":"https:\/\/eldigitaldeasturias.com\/magazine365\/sevilla-obtuvo-una-ocupacion-de-mas-del-90-durante-el-puente-de-la-constitucion\/","title":{"rendered":"Sevilla obtuvo una ocupaci\u00f3n de m\u00e1s del 90% durante el puente de la Constituci\u00f3n"},"content":{"rendered":"<p><img fetchpriority=\"high\" decoding=\"async\" class=\"alignleft size-medium wp-image-58101\" src=\"https:\/\/eldigitaldeasturias.com\/magazine365\/wp-content\/uploads\/2015\/12\/fotonoticia_20151209172010_800-201x300.jpg\" alt=\"fotonoticia_20151209172010_800\" width=\"201\" height=\"300\" srcset=\"https:\/\/eldigitaldeasturias.com\/magazine365\/wp-content\/uploads\/2015\/12\/fotonoticia_20151209172010_800-201x300.jpg 201w, https:\/\/eldigitaldeasturias.com\/magazine365\/wp-content\/uploads\/2015\/12\/fotonoticia_20151209172010_800-428x640.jpg 428w, https:\/\/eldigitaldeasturias.com\/magazine365\/wp-content\/uploads\/2015\/12\/fotonoticia_20151209172010_800-768x1148.jpg 768w, https:\/\/eldigitaldeasturias.com\/magazine365\/wp-content\/uploads\/2015\/12\/fotonoticia_20151209172010_800-150x224.jpg 150w, https:\/\/eldigitaldeasturias.com\/magazine365\/wp-content\/uploads\/2015\/12\/fotonoticia_20151209172010_800-450x673.jpg 450w, https:\/\/eldigitaldeasturias.com\/magazine365\/wp-content\/uploads\/2015\/12\/fotonoticia_20151209172010_800-696x1041.jpg 696w, https:\/\/eldigitaldeasturias.com\/magazine365\/wp-content\/uploads\/2015\/12\/fotonoticia_20151209172010_800-281x420.jpg 281w, https:\/\/eldigitaldeasturias.com\/magazine365\/wp-content\/uploads\/2015\/12\/fotonoticia_20151209172010_800.jpg 800w\" sizes=\"(max-width: 201px) 100vw, 201px\" \/>El alcalde de Sevilla, el socialista Juan Espadas, se ha mostrado \u00abmuy satisfecho\u00bb con los datos de ocupaci\u00f3n de la ciudad durante el puente de la Constituci\u00f3n y de la Inmaculada, donde los hoteles superaron el 90 por ciento\u00bb.<\/p>\n<p>A preguntas de los periodistas, Espadas, que ha participado este mi\u00e9rcoles en la campa\u00f1a &#8216;100.000 kilos de ilusi\u00f3n&#8217; de la fundaci\u00f3n M\u00e1s y M\u00e1s, ha se\u00f1alado que la ciudad ha \u00abconsolidado un producto prenavide\u00f1o y navide\u00f1o muy potente que hace que el puente sea una visita obligada a la ciudad por parte de muchos turistas\u00bb.<\/p>\n<p>\u00abEl puente habla por s\u00ed solo, ya que \u00fanicamente hab\u00eda que salir a la calle para ver como estaba Sevilla. Se han cumplido las expectativas y los objetivos que se marcaba el sector para fijar una oferta navide\u00f1a que desestacionalice la oferta de la ciudad\u00bb, recalca.<\/p>\n<p>En este marco, ha destacado la programaci\u00f3n de Navidad, con 150 espect\u00e1culos y con el papel protagonista de las iniciativas audiovisuales de las Setas, que comienza el 19 de diciembre, y de la Alameda de H\u00e9rcules y el palacio de San Telmo, que arrancan el 21 de diciembre. \u00abLa temporada del 19 de diciembre al 6 de enero es larga como para que no se quede nadie sin verlo. Est\u00e1 suficientemente bien dotada y nadie se puede quejar de que la programaci\u00f3n no es amplia y extensa\u00bb, concluye.<\/p>\n","protected":false},"excerpt":{"rendered":"<p>El alcalde de Sevilla, el socialista Juan Espadas, se ha mostrado \u00abmuy satisfecho\u00bb con los datos de ocupaci\u00f3n de la ciudad durante el puente de la Constituci\u00f3n y de la Inmaculada, donde los hoteles superaron el 90 por ciento\u00bb. A preguntas de los periodistas, Espadas, que ha participado este mi\u00e9rcoles en la campa\u00f1a &#8216;100.000 kilos<\/p>\n","protected":false},"author":1,"featured_media":58101,"comment_status":"open","ping_status":"closed","sticky":false,"template":"","format":"standard","meta":{"footnotes":""},"categories":[224],"tags":[],"class_list":{"0":"post-58100","1":"post","2":"type-post","3":"status-publish","4":"format-standard","5":"has-post-thumbnail","7":"category-noticias-actualidad"},"aioseo_notices":[],"aioseo_head":"\n\t\t<!-- All in One SEO Pro 4.9.6.1 - aioseo.com -->\n\t<meta name=\"description\" content=\"El alcalde de Sevilla, el socialista Juan Espadas, se ha mostrado &quot;muy satisfecho&quot; con los datos de ocupaci\u00f3n de la ciudad durante el puente de la Constituci\u00f3n y de la Inmaculada, donde los hoteles superaron el 90 por ciento&quot;. A preguntas de los periodistas, Espadas, que ha participado este mi\u00e9rcoles en la campa\u00f1a &#039;100.000 kilos\" \/>\n\t<meta name=\"robots\" content=\"max-image-preview:large\" \/>\n\t<meta name=\"author\" content=\"admin\"\/>\n\t<meta name=\"google-site-verification\" content=\"UA-38556648-1\" \/>\n\t<meta name=\"keywords\" content=\"noticias y actualidad\" \/>\n\t<link rel=\"canonical\" href=\"https:\/\/eldigitaldeasturias.com\/magazine365\/sevilla-obtuvo-una-ocupacion-de-mas-del-90-durante-el-puente-de-la-constitucion\/\" \/>\n\t<meta name=\"generator\" content=\"All in One SEO Pro (AIOSEO) 4.9.6.1\" \/>\n\t\t<meta property=\"og:locale\" content=\"es_ES\" \/>\n\t\t<meta property=\"og:site_name\" content=\"El Digital de Asturias \u2013 Revista de ocio, turismo y estilo de vida\" \/>\n\t\t<meta property=\"og:type\" content=\"article\" \/>\n\t\t<meta property=\"og:title\" content=\"Sevilla obtuvo una ocupaci\u00f3n de m\u00e1s del 90% durante el puente de la Constituci\u00f3n | El Digital de Asturias\" \/>\n\t\t<meta property=\"og:description\" content=\"El alcalde de Sevilla, el socialista Juan Espadas, se ha mostrado &quot;muy satisfecho&quot; con los datos de ocupaci\u00f3n de la ciudad durante el puente de la Constituci\u00f3n y de la Inmaculada, donde los hoteles superaron el 90 por ciento&quot;. A preguntas de los periodistas, Espadas, que ha participado este mi\u00e9rcoles en la campa\u00f1a &#039;100.000 kilos\" \/>\n\t\t<meta property=\"og:url\" content=\"https:\/\/eldigitaldeasturias.com\/magazine365\/sevilla-obtuvo-una-ocupacion-de-mas-del-90-durante-el-puente-de-la-constitucion\/\" \/>\n\t\t<meta property=\"og:image\" content=\"https:\/\/eldigitaldeasturias.com\/magazine365\/wp-content\/uploads\/2015\/12\/fotonoticia_20151209172010_800.jpg\" \/>\n\t\t<meta property=\"og:image:secure_url\" content=\"https:\/\/eldigitaldeasturias.com\/magazine365\/wp-content\/uploads\/2015\/12\/fotonoticia_20151209172010_800.jpg\" \/>\n\t\t<meta property=\"og:image:width\" content=\"800\" \/>\n\t\t<meta property=\"og:image:height\" content=\"1196\" \/>\n\t\t<meta property=\"article:published_time\" content=\"2015-12-10T13:16:52+00:00\" \/>\n\t\t<meta property=\"article:modified_time\" content=\"2015-12-10T13:16:52+00:00\" \/>\n\t\t<meta name=\"twitter:card\" content=\"summary_large_image\" \/>\n\t\t<meta name=\"twitter:title\" content=\"Sevilla obtuvo una ocupaci\u00f3n de m\u00e1s del 90% durante el puente de la Constituci\u00f3n | El Digital de Asturias\" \/>\n\t\t<meta name=\"twitter:description\" content=\"El alcalde de Sevilla, el socialista Juan Espadas, se ha mostrado &quot;muy satisfecho&quot; con los datos de ocupaci\u00f3n de la ciudad durante el puente de la Constituci\u00f3n y de la Inmaculada, donde los hoteles superaron el 90 por ciento&quot;. A preguntas de los periodistas, Espadas, que ha participado este mi\u00e9rcoles en la campa\u00f1a &#039;100.000 kilos\" \/>\n\t\t<meta name=\"twitter:image\" content=\"https:\/\/eldigitaldeasturias.com\/magazine365\/wp-content\/uploads\/2015\/12\/fotonoticia_20151209172010_800.jpg\" \/>\n\t\t<script type=\"application\/ld+json\" class=\"aioseo-schema\">\n\t\t\t{\"@context\":\"https:\\\/\\\/schema.org\",\"@graph\":[{\"@type\":\"Article\",\"@id\":\"https:\\\/\\\/eldigitaldeasturias.com\\\/magazine365\\\/sevilla-obtuvo-una-ocupacion-de-mas-del-90-durante-el-puente-de-la-constitucion\\\/#article\",\"name\":\"Sevilla obtuvo una ocupaci\\u00f3n de m\\u00e1s del 90% durante el puente de la Constituci\\u00f3n | El Digital de Asturias\",\"headline\":\"Sevilla obtuvo una ocupaci\\u00f3n de m\\u00e1s del 90% durante el puente de la Constituci\\u00f3n\",\"author\":{\"@id\":\"https:\\\/\\\/eldigitaldeasturias.com\\\/magazine365\\\/author\\\/admin\\\/#author\"},\"publisher\":{\"@id\":\"https:\\\/\\\/eldigitaldeasturias.com\\\/magazine365\\\/#organization\"},\"image\":{\"@type\":\"ImageObject\",\"url\":\"https:\\\/\\\/eldigitaldeasturias.com\\\/magazine365\\\/wp-content\\\/uploads\\\/2015\\\/12\\\/fotonoticia_20151209172010_800.jpg\",\"width\":800,\"height\":1196},\"datePublished\":\"2015-12-10T14:16:52+01:00\",\"dateModified\":\"2015-12-10T14:16:52+01:00\",\"inLanguage\":\"es-ES\",\"mainEntityOfPage\":{\"@id\":\"https:\\\/\\\/eldigitaldeasturias.com\\\/magazine365\\\/sevilla-obtuvo-una-ocupacion-de-mas-del-90-durante-el-puente-de-la-constitucion\\\/#webpage\"},\"isPartOf\":{\"@id\":\"https:\\\/\\\/eldigitaldeasturias.com\\\/magazine365\\\/sevilla-obtuvo-una-ocupacion-de-mas-del-90-durante-el-puente-de-la-constitucion\\\/#webpage\"},\"articleSection\":\"Noticias y Actualidad\"},{\"@type\":\"BreadcrumbList\",\"@id\":\"https:\\\/\\\/eldigitaldeasturias.com\\\/magazine365\\\/sevilla-obtuvo-una-ocupacion-de-mas-del-90-durante-el-puente-de-la-constitucion\\\/#breadcrumblist\",\"itemListElement\":[{\"@type\":\"ListItem\",\"@id\":\"https:\\\/\\\/eldigitaldeasturias.com\\\/magazine365#listItem\",\"position\":1,\"name\":\"Home\",\"item\":\"https:\\\/\\\/eldigitaldeasturias.com\\\/magazine365\",\"nextItem\":{\"@type\":\"ListItem\",\"@id\":\"https:\\\/\\\/eldigitaldeasturias.com\\\/magazine365\\\/category\\\/noticias-actualidad\\\/#listItem\",\"name\":\"Noticias y Actualidad\"}},{\"@type\":\"ListItem\",\"@id\":\"https:\\\/\\\/eldigitaldeasturias.com\\\/magazine365\\\/category\\\/noticias-actualidad\\\/#listItem\",\"position\":2,\"name\":\"Noticias y Actualidad\",\"item\":\"https:\\\/\\\/eldigitaldeasturias.com\\\/magazine365\\\/category\\\/noticias-actualidad\\\/\",\"nextItem\":{\"@type\":\"ListItem\",\"@id\":\"https:\\\/\\\/eldigitaldeasturias.com\\\/magazine365\\\/sevilla-obtuvo-una-ocupacion-de-mas-del-90-durante-el-puente-de-la-constitucion\\\/#listItem\",\"name\":\"Sevilla obtuvo una ocupaci\\u00f3n de m\\u00e1s del 90% durante el puente de la Constituci\\u00f3n\"},\"previousItem\":{\"@type\":\"ListItem\",\"@id\":\"https:\\\/\\\/eldigitaldeasturias.com\\\/magazine365#listItem\",\"name\":\"Home\"}},{\"@type\":\"ListItem\",\"@id\":\"https:\\\/\\\/eldigitaldeasturias.com\\\/magazine365\\\/sevilla-obtuvo-una-ocupacion-de-mas-del-90-durante-el-puente-de-la-constitucion\\\/#listItem\",\"position\":3,\"name\":\"Sevilla obtuvo una ocupaci\\u00f3n de m\\u00e1s del 90% durante el puente de la Constituci\\u00f3n\",\"previousItem\":{\"@type\":\"ListItem\",\"@id\":\"https:\\\/\\\/eldigitaldeasturias.com\\\/magazine365\\\/category\\\/noticias-actualidad\\\/#listItem\",\"name\":\"Noticias y Actualidad\"}}]},{\"@type\":\"Organization\",\"@id\":\"https:\\\/\\\/eldigitaldeasturias.com\\\/magazine365\\\/#organization\",\"name\":\"El digital de Asturias\",\"description\":\"Revista de ocio, turismo y estilo de vida\",\"url\":\"https:\\\/\\\/eldigitaldeasturias.com\\\/magazine365\\\/\",\"logo\":{\"@type\":\"ImageObject\",\"url\":\"https:\\\/\\\/www.eldigitaldeasturias.com\\\/noticias\\\/wp-content\\\/uploads\\\/2020\\\/12\\\/EDA.jpg\",\"@id\":\"https:\\\/\\\/eldigitaldeasturias.com\\\/magazine365\\\/sevilla-obtuvo-una-ocupacion-de-mas-del-90-durante-el-puente-de-la-constitucion\\\/#organizationLogo\"},\"image\":{\"@id\":\"https:\\\/\\\/eldigitaldeasturias.com\\\/magazine365\\\/sevilla-obtuvo-una-ocupacion-de-mas-del-90-durante-el-puente-de-la-constitucion\\\/#organizationLogo\"}},{\"@type\":\"Person\",\"@id\":\"https:\\\/\\\/eldigitaldeasturias.com\\\/magazine365\\\/author\\\/admin\\\/#author\",\"url\":\"https:\\\/\\\/eldigitaldeasturias.com\\\/magazine365\\\/author\\\/admin\\\/\",\"name\":\"admin\",\"image\":{\"@type\":\"ImageObject\",\"@id\":\"https:\\\/\\\/eldigitaldeasturias.com\\\/magazine365\\\/sevilla-obtuvo-una-ocupacion-de-mas-del-90-durante-el-puente-de-la-constitucion\\\/#authorImage\",\"url\":\"https:\\\/\\\/eldigitaldeasturias.com\\\/magazine365\\\/wp-content\\\/litespeed\\\/avatar\\\/e571bcf59a0edd6fa6838245a470f2fe.jpg?ver=1777574230\",\"width\":96,\"height\":96,\"caption\":\"admin\"}},{\"@type\":\"WebPage\",\"@id\":\"https:\\\/\\\/eldigitaldeasturias.com\\\/magazine365\\\/sevilla-obtuvo-una-ocupacion-de-mas-del-90-durante-el-puente-de-la-constitucion\\\/#webpage\",\"url\":\"https:\\\/\\\/eldigitaldeasturias.com\\\/magazine365\\\/sevilla-obtuvo-una-ocupacion-de-mas-del-90-durante-el-puente-de-la-constitucion\\\/\",\"name\":\"Sevilla obtuvo una ocupaci\\u00f3n de m\\u00e1s del 90% durante el puente de la Constituci\\u00f3n | El Digital de Asturias\",\"description\":\"El alcalde de Sevilla, el socialista Juan Espadas, se ha mostrado \\\"muy satisfecho\\\" con los datos de ocupaci\\u00f3n de la ciudad durante el puente de la Constituci\\u00f3n y de la Inmaculada, donde los hoteles superaron el 90 por ciento\\\". A preguntas de los periodistas, Espadas, que ha participado este mi\\u00e9rcoles en la campa\\u00f1a '100.000 kilos\",\"inLanguage\":\"es-ES\",\"isPartOf\":{\"@id\":\"https:\\\/\\\/eldigitaldeasturias.com\\\/magazine365\\\/#website\"},\"breadcrumb\":{\"@id\":\"https:\\\/\\\/eldigitaldeasturias.com\\\/magazine365\\\/sevilla-obtuvo-una-ocupacion-de-mas-del-90-durante-el-puente-de-la-constitucion\\\/#breadcrumblist\"},\"author\":{\"@id\":\"https:\\\/\\\/eldigitaldeasturias.com\\\/magazine365\\\/author\\\/admin\\\/#author\"},\"creator\":{\"@id\":\"https:\\\/\\\/eldigitaldeasturias.com\\\/magazine365\\\/author\\\/admin\\\/#author\"},\"image\":{\"@type\":\"ImageObject\",\"url\":\"https:\\\/\\\/eldigitaldeasturias.com\\\/magazine365\\\/wp-content\\\/uploads\\\/2015\\\/12\\\/fotonoticia_20151209172010_800.jpg\",\"@id\":\"https:\\\/\\\/eldigitaldeasturias.com\\\/magazine365\\\/sevilla-obtuvo-una-ocupacion-de-mas-del-90-durante-el-puente-de-la-constitucion\\\/#mainImage\",\"width\":800,\"height\":1196},\"primaryImageOfPage\":{\"@id\":\"https:\\\/\\\/eldigitaldeasturias.com\\\/magazine365\\\/sevilla-obtuvo-una-ocupacion-de-mas-del-90-durante-el-puente-de-la-constitucion\\\/#mainImage\"},\"datePublished\":\"2015-12-10T14:16:52+01:00\",\"dateModified\":\"2015-12-10T14:16:52+01:00\"},{\"@type\":\"WebSite\",\"@id\":\"https:\\\/\\\/eldigitaldeasturias.com\\\/magazine365\\\/#website\",\"url\":\"https:\\\/\\\/eldigitaldeasturias.com\\\/magazine365\\\/\",\"name\":\"El Digital de Asturias\",\"description\":\"Revista de ocio, turismo y estilo de vida\",\"inLanguage\":\"es-ES\",\"publisher\":{\"@id\":\"https:\\\/\\\/eldigitaldeasturias.com\\\/magazine365\\\/#organization\"}}]}\n\t\t<\/script>\n\t\t<!-- All in One SEO Pro -->\r\n\t\t<title>Sevilla obtuvo una ocupaci\u00f3n de m\u00e1s del 90% durante el puente de la Constituci\u00f3n | El Digital de Asturias<\/title>\n\n","aioseo_head_json":{"title":"Sevilla obtuvo una ocupaci\u00f3n de m\u00e1s del 90% durante el puente de la Constituci\u00f3n | El Digital de Asturias","description":"El alcalde de Sevilla, el socialista Juan Espadas, se ha mostrado \"muy satisfecho\" con los datos de ocupaci\u00f3n de la ciudad durante el puente de la Constituci\u00f3n y de la Inmaculada, donde los hoteles superaron el 90 por ciento\". A preguntas de los periodistas, Espadas, que ha participado este mi\u00e9rcoles en la campa\u00f1a '100.000 kilos","canonical_url":"https:\/\/eldigitaldeasturias.com\/magazine365\/sevilla-obtuvo-una-ocupacion-de-mas-del-90-durante-el-puente-de-la-constitucion\/","robots":"max-image-preview:large","keywords":"noticias y actualidad","webmasterTools":{"google-site-verification":"UA-38556648-1","miscellaneous":""},"schema":{"@context":"https:\/\/schema.org","@graph":[{"@type":"Article","@id":"https:\/\/eldigitaldeasturias.com\/magazine365\/sevilla-obtuvo-una-ocupacion-de-mas-del-90-durante-el-puente-de-la-constitucion\/#article","name":"Sevilla obtuvo una ocupaci\u00f3n de m\u00e1s del 90% durante el puente de la Constituci\u00f3n | El Digital de Asturias","headline":"Sevilla obtuvo una ocupaci\u00f3n de m\u00e1s del 90% durante el puente de la Constituci\u00f3n","author":{"@id":"https:\/\/eldigitaldeasturias.com\/magazine365\/author\/admin\/#author"},"publisher":{"@id":"https:\/\/eldigitaldeasturias.com\/magazine365\/#organization"},"image":{"@type":"ImageObject","url":"https:\/\/eldigitaldeasturias.com\/magazine365\/wp-content\/uploads\/2015\/12\/fotonoticia_20151209172010_800.jpg","width":800,"height":1196},"datePublished":"2015-12-10T14:16:52+01:00","dateModified":"2015-12-10T14:16:52+01:00","inLanguage":"es-ES","mainEntityOfPage":{"@id":"https:\/\/eldigitaldeasturias.com\/magazine365\/sevilla-obtuvo-una-ocupacion-de-mas-del-90-durante-el-puente-de-la-constitucion\/#webpage"},"isPartOf":{"@id":"https:\/\/eldigitaldeasturias.com\/magazine365\/sevilla-obtuvo-una-ocupacion-de-mas-del-90-durante-el-puente-de-la-constitucion\/#webpage"},"articleSection":"Noticias y Actualidad"},{"@type":"BreadcrumbList","@id":"https:\/\/eldigitaldeasturias.com\/magazine365\/sevilla-obtuvo-una-ocupacion-de-mas-del-90-durante-el-puente-de-la-constitucion\/#breadcrumblist","itemListElement":[{"@type":"ListItem","@id":"https:\/\/eldigitaldeasturias.com\/magazine365#listItem","position":1,"name":"Home","item":"https:\/\/eldigitaldeasturias.com\/magazine365","nextItem":{"@type":"ListItem","@id":"https:\/\/eldigitaldeasturias.com\/magazine365\/category\/noticias-actualidad\/#listItem","name":"Noticias y Actualidad"}},{"@type":"ListItem","@id":"https:\/\/eldigitaldeasturias.com\/magazine365\/category\/noticias-actualidad\/#listItem","position":2,"name":"Noticias y Actualidad","item":"https:\/\/eldigitaldeasturias.com\/magazine365\/category\/noticias-actualidad\/","nextItem":{"@type":"ListItem","@id":"https:\/\/eldigitaldeasturias.com\/magazine365\/sevilla-obtuvo-una-ocupacion-de-mas-del-90-durante-el-puente-de-la-constitucion\/#listItem","name":"Sevilla obtuvo una ocupaci\u00f3n de m\u00e1s del 90% durante el puente de la Constituci\u00f3n"},"previousItem":{"@type":"ListItem","@id":"https:\/\/eldigitaldeasturias.com\/magazine365#listItem","name":"Home"}},{"@type":"ListItem","@id":"https:\/\/eldigitaldeasturias.com\/magazine365\/sevilla-obtuvo-una-ocupacion-de-mas-del-90-durante-el-puente-de-la-constitucion\/#listItem","position":3,"name":"Sevilla obtuvo una ocupaci\u00f3n de m\u00e1s del 90% durante el puente de la Constituci\u00f3n","previousItem":{"@type":"ListItem","@id":"https:\/\/eldigitaldeasturias.com\/magazine365\/category\/noticias-actualidad\/#listItem","name":"Noticias y Actualidad"}}]},{"@type":"Organization","@id":"https:\/\/eldigitaldeasturias.com\/magazine365\/#organization","name":"El digital de Asturias","description":"Revista de ocio, turismo y estilo de vida","url":"https:\/\/eldigitaldeasturias.com\/magazine365\/","logo":{"@type":"ImageObject","url":"https:\/\/www.eldigitaldeasturias.com\/noticias\/wp-content\/uploads\/2020\/12\/EDA.jpg","@id":"https:\/\/eldigitaldeasturias.com\/magazine365\/sevilla-obtuvo-una-ocupacion-de-mas-del-90-durante-el-puente-de-la-constitucion\/#organizationLogo"},"image":{"@id":"https:\/\/eldigitaldeasturias.com\/magazine365\/sevilla-obtuvo-una-ocupacion-de-mas-del-90-durante-el-puente-de-la-constitucion\/#organizationLogo"}},{"@type":"Person","@id":"https:\/\/eldigitaldeasturias.com\/magazine365\/author\/admin\/#author","url":"https:\/\/eldigitaldeasturias.com\/magazine365\/author\/admin\/","name":"admin","image":{"@type":"ImageObject","@id":"https:\/\/eldigitaldeasturias.com\/magazine365\/sevilla-obtuvo-una-ocupacion-de-mas-del-90-durante-el-puente-de-la-constitucion\/#authorImage","url":"https:\/\/eldigitaldeasturias.com\/magazine365\/wp-content\/litespeed\/avatar\/e571bcf59a0edd6fa6838245a470f2fe.jpg?ver=1777574230","width":96,"height":96,"caption":"admin"}},{"@type":"WebPage","@id":"https:\/\/eldigitaldeasturias.com\/magazine365\/sevilla-obtuvo-una-ocupacion-de-mas-del-90-durante-el-puente-de-la-constitucion\/#webpage","url":"https:\/\/eldigitaldeasturias.com\/magazine365\/sevilla-obtuvo-una-ocupacion-de-mas-del-90-durante-el-puente-de-la-constitucion\/","name":"Sevilla obtuvo una ocupaci\u00f3n de m\u00e1s del 90% durante el puente de la Constituci\u00f3n | El Digital de Asturias","description":"El alcalde de Sevilla, el socialista Juan Espadas, se ha mostrado \"muy satisfecho\" con los datos de ocupaci\u00f3n de la ciudad durante el puente de la Constituci\u00f3n y de la Inmaculada, donde los hoteles superaron el 90 por ciento\". A preguntas de los periodistas, Espadas, que ha participado este mi\u00e9rcoles en la campa\u00f1a '100.000 kilos","inLanguage":"es-ES","isPartOf":{"@id":"https:\/\/eldigitaldeasturias.com\/magazine365\/#website"},"breadcrumb":{"@id":"https:\/\/eldigitaldeasturias.com\/magazine365\/sevilla-obtuvo-una-ocupacion-de-mas-del-90-durante-el-puente-de-la-constitucion\/#breadcrumblist"},"author":{"@id":"https:\/\/eldigitaldeasturias.com\/magazine365\/author\/admin\/#author"},"creator":{"@id":"https:\/\/eldigitaldeasturias.com\/magazine365\/author\/admin\/#author"},"image":{"@type":"ImageObject","url":"https:\/\/eldigitaldeasturias.com\/magazine365\/wp-content\/uploads\/2015\/12\/fotonoticia_20151209172010_800.jpg","@id":"https:\/\/eldigitaldeasturias.com\/magazine365\/sevilla-obtuvo-una-ocupacion-de-mas-del-90-durante-el-puente-de-la-constitucion\/#mainImage","width":800,"height":1196},"primaryImageOfPage":{"@id":"https:\/\/eldigitaldeasturias.com\/magazine365\/sevilla-obtuvo-una-ocupacion-de-mas-del-90-durante-el-puente-de-la-constitucion\/#mainImage"},"datePublished":"2015-12-10T14:16:52+01:00","dateModified":"2015-12-10T14:16:52+01:00"},{"@type":"WebSite","@id":"https:\/\/eldigitaldeasturias.com\/magazine365\/#website","url":"https:\/\/eldigitaldeasturias.com\/magazine365\/","name":"El Digital de Asturias","description":"Revista de ocio, turismo y estilo de vida","inLanguage":"es-ES","publisher":{"@id":"https:\/\/eldigitaldeasturias.com\/magazine365\/#organization"}}]},"og:locale":"es_ES","og:site_name":"El Digital de Asturias \u2013 Revista de ocio, turismo y estilo de vida","og:type":"article","og:title":"Sevilla obtuvo una ocupaci\u00f3n de m\u00e1s del 90% durante el puente de la Constituci\u00f3n | El Digital de Asturias","og:description":"El alcalde de Sevilla, el socialista Juan Espadas, se ha mostrado &quot;muy satisfecho&quot; con los datos de ocupaci\u00f3n de la ciudad durante el puente de la Constituci\u00f3n y de la Inmaculada, donde los hoteles superaron el 90 por ciento&quot;. A preguntas de los periodistas, Espadas, que ha participado este mi\u00e9rcoles en la campa\u00f1a '100.000 kilos","og:url":"https:\/\/eldigitaldeasturias.com\/magazine365\/sevilla-obtuvo-una-ocupacion-de-mas-del-90-durante-el-puente-de-la-constitucion\/","og:image":"https:\/\/eldigitaldeasturias.com\/magazine365\/wp-content\/uploads\/2015\/12\/fotonoticia_20151209172010_800.jpg","og:image:secure_url":"https:\/\/eldigitaldeasturias.com\/magazine365\/wp-content\/uploads\/2015\/12\/fotonoticia_20151209172010_800.jpg","og:image:width":800,"og:image:height":1196,"article:published_time":"2015-12-10T13:16:52+00:00","article:modified_time":"2015-12-10T13:16:52+00:00","twitter:card":"summary_large_image","twitter:title":"Sevilla obtuvo una ocupaci\u00f3n de m\u00e1s del 90% durante el puente de la Constituci\u00f3n | El Digital de Asturias","twitter:description":"El alcalde de Sevilla, el socialista Juan Espadas, se ha mostrado &quot;muy satisfecho&quot; con los datos de ocupaci\u00f3n de la ciudad durante el puente de la Constituci\u00f3n y de la Inmaculada, donde los hoteles superaron el 90 por ciento&quot;. A preguntas de los periodistas, Espadas, que ha participado este mi\u00e9rcoles en la campa\u00f1a '100.000 kilos","twitter:image":"https:\/\/eldigitaldeasturias.com\/magazine365\/wp-content\/uploads\/2015\/12\/fotonoticia_20151209172010_800.jpg"},"aioseo_meta_data":{"post_id":"58100","title":null,"description":null,"keywords":null,"keyphrases":null,"primary_term":null,"canonical_url":null,"og_title":null,"og_description":null,"og_object_type":"default","og_image_type":"default","og_image_url":null,"og_image_width":null,"og_image_height":null,"og_image_custom_url":null,"og_image_custom_fields":null,"og_video":null,"og_custom_url":null,"og_article_section":null,"og_article_tags":null,"twitter_use_og":false,"twitter_card":"default","twitter_image_type":"default","twitter_image_url":null,"twitter_image_custom_url":null,"twitter_image_custom_fields":null,"twitter_title":null,"twitter_description":null,"schema":{"blockGraphs":[],"customGraphs":[],"default":{"data":{"Article":[],"Course":[],"Dataset":[],"FAQPage":[],"Movie":[],"Person":[],"Product":[],"ProductReview":[],"Car":[],"Recipe":[],"Service":[],"SoftwareApplication":[],"WebPage":[]},"graphName":"","isEnabled":true},"graphs":[],"defaultGraph":"","defaultPostTypeGraph":""},"schema_type":null,"schema_type_options":null,"pillar_content":false,"robots_default":true,"robots_noindex":false,"robots_noarchive":false,"robots_nosnippet":false,"robots_nofollow":false,"robots_noimageindex":false,"robots_noodp":false,"robots_notranslate":false,"robots_max_snippet":null,"robots_max_videopreview":null,"robots_max_imagepreview":"large","priority":null,"frequency":null,"location":null,"local_seo":null,"seo_analyzer_scan_date":"2025-09-25 02:22:25","breadcrumb_settings":null,"limit_modified_date":false,"open_ai":null,"ai":null,"created":"2021-03-08 22:34:40","updated":"2025-09-25 02:22:25"},"aioseo_breadcrumb":"<div class=\"aioseo-breadcrumbs\"><span class=\"aioseo-breadcrumb\">\n\t<a href=\"https:\/\/eldigitaldeasturias.com\/magazine365\" title=\"Home\">Home<\/a>\n<\/span><span class=\"aioseo-breadcrumb-separator\">\u2013<\/span><span class=\"aioseo-breadcrumb\">\n\t<a href=\"https:\/\/eldigitaldeasturias.com\/magazine365\/category\/noticias-actualidad\/\" title=\"Noticias y Actualidad\">Noticias y Actualidad<\/a>\n<\/span><span class=\"aioseo-breadcrumb-separator\">\u2013<\/span><span class=\"aioseo-breadcrumb\">\n\t<a href=\"https:\/\/eldigitaldeasturias.com\/magazine365\/sevilla-obtuvo-una-ocupacion-de-mas-del-90-durante-el-puente-de-la-constitucion\/\" title=\"Sevilla obtuvo una ocupaci\u00f3n de m\u00e1s del 90% durante el puente de la Constituci\u00f3n\">Sevilla obtuvo una ocupaci\u00f3n de m\u00e1s del 90% durante el puente de la Constituci\u00f3n<\/a>\n<\/span><\/div>","aioseo_breadcrumb_json":[{"label":"Home","link":"https:\/\/eldigitaldeasturias.com\/magazine365"},{"label":"Noticias y Actualidad","link":"https:\/\/eldigitaldeasturias.com\/magazine365\/category\/noticias-actualidad\/"},{"label":"Sevilla obtuvo una ocupaci\u00f3n de m\u00e1s del 90% durante el puente de la Constituci\u00f3n","link":"https:\/\/eldigitaldeasturias.com\/magazine365\/sevilla-obtuvo-una-ocupacion-de-mas-del-90-durante-el-puente-de-la-constitucion\/"}],"_links":{"self":[{"href":"https:\/\/eldigitaldeasturias.com\/magazine365\/wp-json\/wp\/v2\/posts\/58100","targetHints":{"allow":["GET"]}}],"collection":[{"href":"https:\/\/eldigitaldeasturias.com\/magazine365\/wp-json\/wp\/v2\/posts"}],"about":[{"href":"https:\/\/eldigitaldeasturias.com\/magazine365\/wp-json\/wp\/v2\/types\/post"}],"author":[{"embeddable":true,"href":"https:\/\/eldigitaldeasturias.com\/magazine365\/wp-json\/wp\/v2\/users\/1"}],"replies":[{"embeddable":true,"href":"https:\/\/eldigitaldeasturias.com\/magazine365\/wp-json\/wp\/v2\/comments?post=58100"}],"version-history":[{"count":0,"href":"https:\/\/eldigitaldeasturias.com\/magazine365\/wp-json\/wp\/v2\/posts\/58100\/revisions"}],"wp:featuredmedia":[{"embeddable":true,"href":"https:\/\/eldigitaldeasturias.com\/magazine365\/wp-json\/wp\/v2\/media\/58101"}],"wp:attachment":[{"href":"https:\/\/eldigitaldeasturias.com\/magazine365\/wp-json\/wp\/v2\/media?parent=58100"}],"wp:term":[{"taxonomy":"category","embeddable":true,"href":"https:\/\/eldigitaldeasturias.com\/magazine365\/wp-json\/wp\/v2\/categories?post=58100"},{"taxonomy":"post_tag","embeddable":true,"href":"https:\/\/eldigitaldeasturias.com\/magazine365\/wp-json\/wp\/v2\/tags?post=58100"}],"curies":[{"name":"wp","href":"https:\/\/api.w.org\/{rel}","templated":true}]}}