{"id":58070,"date":"2015-12-10T13:33:04","date_gmt":"2015-12-10T12:33:04","guid":{"rendered":"http:\/\/eldigitaldeasturias.com\/magazine365\/?p=58070"},"modified":"2015-12-10T13:33:04","modified_gmt":"2015-12-10T12:33:04","slug":"el-primer-737-max-8-de-boeing-realizara-sus-primer-vuelo-de-prueba-a-principios-de-2016","status":"publish","type":"post","link":"https:\/\/eldigitaldeasturias.com\/magazine365\/el-primer-737-max-8-de-boeing-realizara-sus-primer-vuelo-de-prueba-a-principios-de-2016\/","title":{"rendered":"El primer 737 MAX 8 de Boeing realizar\u00e1 sus primer vuelo de prueba a principios de 2016"},"content":{"rendered":"<p><img fetchpriority=\"high\" decoding=\"async\" class=\"alignleft size-medium wp-image-58071\" src=\"https:\/\/eldigitaldeasturias.com\/magazine365\/wp-content\/uploads\/2015\/12\/fotonoticia_20151209145742_800-360x270.jpg\" alt=\"fotonoticia_20151209145742_800\" width=\"360\" height=\"270\" srcset=\"https:\/\/eldigitaldeasturias.com\/magazine365\/wp-content\/uploads\/2015\/12\/fotonoticia_20151209145742_800-360x270.jpg 360w, https:\/\/eldigitaldeasturias.com\/magazine365\/wp-content\/uploads\/2015\/12\/fotonoticia_20151209145742_800-650x488.jpg 650w, https:\/\/eldigitaldeasturias.com\/magazine365\/wp-content\/uploads\/2015\/12\/fotonoticia_20151209145742_800-768x576.jpg 768w, https:\/\/eldigitaldeasturias.com\/magazine365\/wp-content\/uploads\/2015\/12\/fotonoticia_20151209145742_800-150x113.jpg 150w, https:\/\/eldigitaldeasturias.com\/magazine365\/wp-content\/uploads\/2015\/12\/fotonoticia_20151209145742_800-450x338.jpg 450w, https:\/\/eldigitaldeasturias.com\/magazine365\/wp-content\/uploads\/2015\/12\/fotonoticia_20151209145742_800-80x60.jpg 80w, https:\/\/eldigitaldeasturias.com\/magazine365\/wp-content\/uploads\/2015\/12\/fotonoticia_20151209145742_800-265x198.jpg 265w, https:\/\/eldigitaldeasturias.com\/magazine365\/wp-content\/uploads\/2015\/12\/fotonoticia_20151209145742_800-696x522.jpg 696w, https:\/\/eldigitaldeasturias.com\/magazine365\/wp-content\/uploads\/2015\/12\/fotonoticia_20151209145742_800-560x420.jpg 560w, https:\/\/eldigitaldeasturias.com\/magazine365\/wp-content\/uploads\/2015\/12\/fotonoticia_20151209145742_800-90x67.jpg 90w, https:\/\/eldigitaldeasturias.com\/magazine365\/wp-content\/uploads\/2015\/12\/fotonoticia_20151209145742_800-100x75.jpg 100w, https:\/\/eldigitaldeasturias.com\/magazine365\/wp-content\/uploads\/2015\/12\/fotonoticia_20151209145742_800.jpg 800w\" sizes=\"(max-width: 360px) 100vw, 360px\" \/>Boeing ha celebrado el montaje final del primer 737 MAX 8, el nuevo avi\u00f3n de pasillo \u00fanico del fabricante que sali\u00f3 de taller, y del que comenzar\u00e1n los preparativos para realizar las pruebas de vuelo a principios de 2016.<\/p>\n<p>Con otros dos aviones 737 MAX 8 para pruebas de vuelo actualmente en fase de montaje y un cuarto, el \u00faltimo, en proceso de mintaje, Boeing prev\u00e9 realizar su primera entrega al cliente de lanzamiento, Southwest Airlines, en el tercer trimestre de 2017.<\/p>\n<p>Completado el proceso de fabricaci\u00f3n, el avi\u00f3n sali\u00f3 de la planta de Boeing en Renton con destino al taller de pintura en la fecha fijada hace m\u00e1s de cuatro a\u00f1os en el calendario de desarrollo del programa MAX.<\/p>\n<p>Con el lanzamiento del nuevo 737 MAX, el primer avi\u00f3n nuevo del segundo siglo de vida de Boeing, el fabricante ofrecer\u00e1 una versi\u00f3n que permitir\u00e1 una reducci\u00f3n del 20% en consumo de combustible con respecto al primer 737 Next-Generation.<\/p>\n<p>Seg\u00fan el constructor estadounidense, los costes operativos son un 8% m\u00e1s bajos por asiento que los de su rival el A320neo de Airbus.<\/p>\n<p>El 737 MAX 8 es el primer modelo de la nueva familia de aviones de pasillo \u00fanico de Boeing que se ha empezado a fabricar, tras el 737 MAX 7, MAX 8, MAX 200 y MAX ). En total, la familia 737 MAX cuenta con casi 3.000 pedidos de 60 clientes en todo el mundo.<\/p>\n","protected":false},"excerpt":{"rendered":"<p>Boeing ha celebrado el montaje final del primer 737 MAX 8, el nuevo avi\u00f3n de pasillo \u00fanico del fabricante que sali\u00f3 de taller, y del que comenzar\u00e1n los preparativos para realizar las pruebas de vuelo a principios de 2016. Con otros dos aviones 737 MAX 8 para pruebas de vuelo actualmente en fase de montaje<\/p>\n","protected":false},"author":1,"featured_media":58071,"comment_status":"open","ping_status":"closed","sticky":false,"template":"","format":"standard","meta":{"footnotes":""},"categories":[224],"tags":[],"class_list":{"0":"post-58070","1":"post","2":"type-post","3":"status-publish","4":"format-standard","5":"has-post-thumbnail","7":"category-noticias-actualidad"},"aioseo_notices":[],"aioseo_head":"\n\t\t<!-- All in One SEO Pro 4.9.6.1 - aioseo.com -->\n\t<meta name=\"description\" content=\"Boeing ha celebrado el montaje final del primer 737 MAX 8, el nuevo avi\u00f3n de pasillo \u00fanico del fabricante que sali\u00f3 de taller, y del que comenzar\u00e1n los preparativos para realizar las pruebas de vuelo a principios de 2016. Con otros dos aviones 737 MAX 8 para pruebas de vuelo actualmente en fase de montaje\" \/>\n\t<meta name=\"robots\" content=\"max-image-preview:large\" \/>\n\t<meta name=\"author\" content=\"admin\"\/>\n\t<meta name=\"google-site-verification\" content=\"UA-38556648-1\" \/>\n\t<meta name=\"keywords\" content=\"noticias y actualidad\" \/>\n\t<link rel=\"canonical\" href=\"https:\/\/eldigitaldeasturias.com\/magazine365\/el-primer-737-max-8-de-boeing-realizara-sus-primer-vuelo-de-prueba-a-principios-de-2016\/\" \/>\n\t<meta name=\"generator\" content=\"All in One SEO Pro (AIOSEO) 4.9.6.1\" \/>\n\t\t<meta property=\"og:locale\" content=\"es_ES\" \/>\n\t\t<meta property=\"og:site_name\" content=\"El Digital de Asturias \u2013 Revista de ocio, turismo y estilo de vida\" \/>\n\t\t<meta property=\"og:type\" content=\"article\" \/>\n\t\t<meta property=\"og:title\" content=\"El primer 737 MAX 8 de Boeing realizar\u00e1 sus primer vuelo de prueba a principios de 2016 | El Digital de Asturias\" \/>\n\t\t<meta property=\"og:description\" content=\"Boeing ha celebrado el montaje final del primer 737 MAX 8, el nuevo avi\u00f3n de pasillo \u00fanico del fabricante que sali\u00f3 de taller, y del que comenzar\u00e1n los preparativos para realizar las pruebas de vuelo a principios de 2016. Con otros dos aviones 737 MAX 8 para pruebas de vuelo actualmente en fase de montaje\" \/>\n\t\t<meta property=\"og:url\" content=\"https:\/\/eldigitaldeasturias.com\/magazine365\/el-primer-737-max-8-de-boeing-realizara-sus-primer-vuelo-de-prueba-a-principios-de-2016\/\" \/>\n\t\t<meta property=\"og:image\" content=\"https:\/\/eldigitaldeasturias.com\/magazine365\/wp-content\/uploads\/2015\/12\/fotonoticia_20151209145742_800.jpg\" \/>\n\t\t<meta property=\"og:image:secure_url\" content=\"https:\/\/eldigitaldeasturias.com\/magazine365\/wp-content\/uploads\/2015\/12\/fotonoticia_20151209145742_800.jpg\" \/>\n\t\t<meta property=\"og:image:width\" content=\"800\" \/>\n\t\t<meta property=\"og:image:height\" content=\"600\" \/>\n\t\t<meta property=\"article:published_time\" content=\"2015-12-10T12:33:04+00:00\" \/>\n\t\t<meta property=\"article:modified_time\" content=\"2015-12-10T12:33:04+00:00\" \/>\n\t\t<meta name=\"twitter:card\" content=\"summary_large_image\" \/>\n\t\t<meta name=\"twitter:title\" content=\"El primer 737 MAX 8 de Boeing realizar\u00e1 sus primer vuelo de prueba a principios de 2016 | El Digital de Asturias\" \/>\n\t\t<meta name=\"twitter:description\" content=\"Boeing ha celebrado el montaje final del primer 737 MAX 8, el nuevo avi\u00f3n de pasillo \u00fanico del fabricante que sali\u00f3 de taller, y del que comenzar\u00e1n los preparativos para realizar las pruebas de vuelo a principios de 2016. Con otros dos aviones 737 MAX 8 para pruebas de vuelo actualmente en fase de montaje\" \/>\n\t\t<meta name=\"twitter:image\" content=\"https:\/\/eldigitaldeasturias.com\/magazine365\/wp-content\/uploads\/2015\/12\/fotonoticia_20151209145742_800.jpg\" \/>\n\t\t<script type=\"application\/ld+json\" class=\"aioseo-schema\">\n\t\t\t{\"@context\":\"https:\\\/\\\/schema.org\",\"@graph\":[{\"@type\":\"Article\",\"@id\":\"https:\\\/\\\/eldigitaldeasturias.com\\\/magazine365\\\/el-primer-737-max-8-de-boeing-realizara-sus-primer-vuelo-de-prueba-a-principios-de-2016\\\/#article\",\"name\":\"El primer 737 MAX 8 de Boeing realizar\\u00e1 sus primer vuelo de prueba a principios de 2016 | El Digital de Asturias\",\"headline\":\"El primer 737 MAX 8 de Boeing realizar\\u00e1 sus primer vuelo de prueba a principios de 2016\",\"author\":{\"@id\":\"https:\\\/\\\/eldigitaldeasturias.com\\\/magazine365\\\/author\\\/admin\\\/#author\"},\"publisher\":{\"@id\":\"https:\\\/\\\/eldigitaldeasturias.com\\\/magazine365\\\/#organization\"},\"image\":{\"@type\":\"ImageObject\",\"url\":\"https:\\\/\\\/eldigitaldeasturias.com\\\/magazine365\\\/wp-content\\\/uploads\\\/2015\\\/12\\\/fotonoticia_20151209145742_800.jpg\",\"width\":800,\"height\":600},\"datePublished\":\"2015-12-10T13:33:04+01:00\",\"dateModified\":\"2015-12-10T13:33:04+01:00\",\"inLanguage\":\"es-ES\",\"mainEntityOfPage\":{\"@id\":\"https:\\\/\\\/eldigitaldeasturias.com\\\/magazine365\\\/el-primer-737-max-8-de-boeing-realizara-sus-primer-vuelo-de-prueba-a-principios-de-2016\\\/#webpage\"},\"isPartOf\":{\"@id\":\"https:\\\/\\\/eldigitaldeasturias.com\\\/magazine365\\\/el-primer-737-max-8-de-boeing-realizara-sus-primer-vuelo-de-prueba-a-principios-de-2016\\\/#webpage\"},\"articleSection\":\"Noticias y Actualidad\"},{\"@type\":\"BreadcrumbList\",\"@id\":\"https:\\\/\\\/eldigitaldeasturias.com\\\/magazine365\\\/el-primer-737-max-8-de-boeing-realizara-sus-primer-vuelo-de-prueba-a-principios-de-2016\\\/#breadcrumblist\",\"itemListElement\":[{\"@type\":\"ListItem\",\"@id\":\"https:\\\/\\\/eldigitaldeasturias.com\\\/magazine365#listItem\",\"position\":1,\"name\":\"Home\",\"item\":\"https:\\\/\\\/eldigitaldeasturias.com\\\/magazine365\",\"nextItem\":{\"@type\":\"ListItem\",\"@id\":\"https:\\\/\\\/eldigitaldeasturias.com\\\/magazine365\\\/category\\\/noticias-actualidad\\\/#listItem\",\"name\":\"Noticias y Actualidad\"}},{\"@type\":\"ListItem\",\"@id\":\"https:\\\/\\\/eldigitaldeasturias.com\\\/magazine365\\\/category\\\/noticias-actualidad\\\/#listItem\",\"position\":2,\"name\":\"Noticias y Actualidad\",\"item\":\"https:\\\/\\\/eldigitaldeasturias.com\\\/magazine365\\\/category\\\/noticias-actualidad\\\/\",\"nextItem\":{\"@type\":\"ListItem\",\"@id\":\"https:\\\/\\\/eldigitaldeasturias.com\\\/magazine365\\\/el-primer-737-max-8-de-boeing-realizara-sus-primer-vuelo-de-prueba-a-principios-de-2016\\\/#listItem\",\"name\":\"El primer 737 MAX 8 de Boeing realizar\\u00e1 sus primer vuelo de prueba a principios de 2016\"},\"previousItem\":{\"@type\":\"ListItem\",\"@id\":\"https:\\\/\\\/eldigitaldeasturias.com\\\/magazine365#listItem\",\"name\":\"Home\"}},{\"@type\":\"ListItem\",\"@id\":\"https:\\\/\\\/eldigitaldeasturias.com\\\/magazine365\\\/el-primer-737-max-8-de-boeing-realizara-sus-primer-vuelo-de-prueba-a-principios-de-2016\\\/#listItem\",\"position\":3,\"name\":\"El primer 737 MAX 8 de Boeing realizar\\u00e1 sus primer vuelo de prueba a principios de 2016\",\"previousItem\":{\"@type\":\"ListItem\",\"@id\":\"https:\\\/\\\/eldigitaldeasturias.com\\\/magazine365\\\/category\\\/noticias-actualidad\\\/#listItem\",\"name\":\"Noticias y Actualidad\"}}]},{\"@type\":\"Organization\",\"@id\":\"https:\\\/\\\/eldigitaldeasturias.com\\\/magazine365\\\/#organization\",\"name\":\"El digital de Asturias\",\"description\":\"Revista de ocio, turismo y estilo de vida\",\"url\":\"https:\\\/\\\/eldigitaldeasturias.com\\\/magazine365\\\/\",\"logo\":{\"@type\":\"ImageObject\",\"url\":\"https:\\\/\\\/www.eldigitaldeasturias.com\\\/noticias\\\/wp-content\\\/uploads\\\/2020\\\/12\\\/EDA.jpg\",\"@id\":\"https:\\\/\\\/eldigitaldeasturias.com\\\/magazine365\\\/el-primer-737-max-8-de-boeing-realizara-sus-primer-vuelo-de-prueba-a-principios-de-2016\\\/#organizationLogo\"},\"image\":{\"@id\":\"https:\\\/\\\/eldigitaldeasturias.com\\\/magazine365\\\/el-primer-737-max-8-de-boeing-realizara-sus-primer-vuelo-de-prueba-a-principios-de-2016\\\/#organizationLogo\"}},{\"@type\":\"Person\",\"@id\":\"https:\\\/\\\/eldigitaldeasturias.com\\\/magazine365\\\/author\\\/admin\\\/#author\",\"url\":\"https:\\\/\\\/eldigitaldeasturias.com\\\/magazine365\\\/author\\\/admin\\\/\",\"name\":\"admin\",\"image\":{\"@type\":\"ImageObject\",\"@id\":\"https:\\\/\\\/eldigitaldeasturias.com\\\/magazine365\\\/el-primer-737-max-8-de-boeing-realizara-sus-primer-vuelo-de-prueba-a-principios-de-2016\\\/#authorImage\",\"url\":\"https:\\\/\\\/eldigitaldeasturias.com\\\/magazine365\\\/wp-content\\\/litespeed\\\/avatar\\\/e571bcf59a0edd6fa6838245a470f2fe.jpg?ver=1777574230\",\"width\":96,\"height\":96,\"caption\":\"admin\"}},{\"@type\":\"WebPage\",\"@id\":\"https:\\\/\\\/eldigitaldeasturias.com\\\/magazine365\\\/el-primer-737-max-8-de-boeing-realizara-sus-primer-vuelo-de-prueba-a-principios-de-2016\\\/#webpage\",\"url\":\"https:\\\/\\\/eldigitaldeasturias.com\\\/magazine365\\\/el-primer-737-max-8-de-boeing-realizara-sus-primer-vuelo-de-prueba-a-principios-de-2016\\\/\",\"name\":\"El primer 737 MAX 8 de Boeing realizar\\u00e1 sus primer vuelo de prueba a principios de 2016 | El Digital de Asturias\",\"description\":\"Boeing ha celebrado el montaje final del primer 737 MAX 8, el nuevo avi\\u00f3n de pasillo \\u00fanico del fabricante que sali\\u00f3 de taller, y del que comenzar\\u00e1n los preparativos para realizar las pruebas de vuelo a principios de 2016. Con otros dos aviones 737 MAX 8 para pruebas de vuelo actualmente en fase de montaje\",\"inLanguage\":\"es-ES\",\"isPartOf\":{\"@id\":\"https:\\\/\\\/eldigitaldeasturias.com\\\/magazine365\\\/#website\"},\"breadcrumb\":{\"@id\":\"https:\\\/\\\/eldigitaldeasturias.com\\\/magazine365\\\/el-primer-737-max-8-de-boeing-realizara-sus-primer-vuelo-de-prueba-a-principios-de-2016\\\/#breadcrumblist\"},\"author\":{\"@id\":\"https:\\\/\\\/eldigitaldeasturias.com\\\/magazine365\\\/author\\\/admin\\\/#author\"},\"creator\":{\"@id\":\"https:\\\/\\\/eldigitaldeasturias.com\\\/magazine365\\\/author\\\/admin\\\/#author\"},\"image\":{\"@type\":\"ImageObject\",\"url\":\"https:\\\/\\\/eldigitaldeasturias.com\\\/magazine365\\\/wp-content\\\/uploads\\\/2015\\\/12\\\/fotonoticia_20151209145742_800.jpg\",\"@id\":\"https:\\\/\\\/eldigitaldeasturias.com\\\/magazine365\\\/el-primer-737-max-8-de-boeing-realizara-sus-primer-vuelo-de-prueba-a-principios-de-2016\\\/#mainImage\",\"width\":800,\"height\":600},\"primaryImageOfPage\":{\"@id\":\"https:\\\/\\\/eldigitaldeasturias.com\\\/magazine365\\\/el-primer-737-max-8-de-boeing-realizara-sus-primer-vuelo-de-prueba-a-principios-de-2016\\\/#mainImage\"},\"datePublished\":\"2015-12-10T13:33:04+01:00\",\"dateModified\":\"2015-12-10T13:33:04+01:00\"},{\"@type\":\"WebSite\",\"@id\":\"https:\\\/\\\/eldigitaldeasturias.com\\\/magazine365\\\/#website\",\"url\":\"https:\\\/\\\/eldigitaldeasturias.com\\\/magazine365\\\/\",\"name\":\"El Digital de Asturias\",\"description\":\"Revista de ocio, turismo y estilo de vida\",\"inLanguage\":\"es-ES\",\"publisher\":{\"@id\":\"https:\\\/\\\/eldigitaldeasturias.com\\\/magazine365\\\/#organization\"}}]}\n\t\t<\/script>\n\t\t<!-- All in One SEO Pro -->\r\n\t\t<title>El primer 737 MAX 8 de Boeing realizar\u00e1 sus primer vuelo de prueba a principios de 2016 | El Digital de Asturias<\/title>\n\n","aioseo_head_json":{"title":"El primer 737 MAX 8 de Boeing realizar\u00e1 sus primer vuelo de prueba a principios de 2016 | El Digital de Asturias","description":"Boeing ha celebrado el montaje final del primer 737 MAX 8, el nuevo avi\u00f3n de pasillo \u00fanico del fabricante que sali\u00f3 de taller, y del que comenzar\u00e1n los preparativos para realizar las pruebas de vuelo a principios de 2016. Con otros dos aviones 737 MAX 8 para pruebas de vuelo actualmente en fase de montaje","canonical_url":"https:\/\/eldigitaldeasturias.com\/magazine365\/el-primer-737-max-8-de-boeing-realizara-sus-primer-vuelo-de-prueba-a-principios-de-2016\/","robots":"max-image-preview:large","keywords":"noticias y actualidad","webmasterTools":{"google-site-verification":"UA-38556648-1","miscellaneous":""},"schema":{"@context":"https:\/\/schema.org","@graph":[{"@type":"Article","@id":"https:\/\/eldigitaldeasturias.com\/magazine365\/el-primer-737-max-8-de-boeing-realizara-sus-primer-vuelo-de-prueba-a-principios-de-2016\/#article","name":"El primer 737 MAX 8 de Boeing realizar\u00e1 sus primer vuelo de prueba a principios de 2016 | El Digital de Asturias","headline":"El primer 737 MAX 8 de Boeing realizar\u00e1 sus primer vuelo de prueba a principios de 2016","author":{"@id":"https:\/\/eldigitaldeasturias.com\/magazine365\/author\/admin\/#author"},"publisher":{"@id":"https:\/\/eldigitaldeasturias.com\/magazine365\/#organization"},"image":{"@type":"ImageObject","url":"https:\/\/eldigitaldeasturias.com\/magazine365\/wp-content\/uploads\/2015\/12\/fotonoticia_20151209145742_800.jpg","width":800,"height":600},"datePublished":"2015-12-10T13:33:04+01:00","dateModified":"2015-12-10T13:33:04+01:00","inLanguage":"es-ES","mainEntityOfPage":{"@id":"https:\/\/eldigitaldeasturias.com\/magazine365\/el-primer-737-max-8-de-boeing-realizara-sus-primer-vuelo-de-prueba-a-principios-de-2016\/#webpage"},"isPartOf":{"@id":"https:\/\/eldigitaldeasturias.com\/magazine365\/el-primer-737-max-8-de-boeing-realizara-sus-primer-vuelo-de-prueba-a-principios-de-2016\/#webpage"},"articleSection":"Noticias y Actualidad"},{"@type":"BreadcrumbList","@id":"https:\/\/eldigitaldeasturias.com\/magazine365\/el-primer-737-max-8-de-boeing-realizara-sus-primer-vuelo-de-prueba-a-principios-de-2016\/#breadcrumblist","itemListElement":[{"@type":"ListItem","@id":"https:\/\/eldigitaldeasturias.com\/magazine365#listItem","position":1,"name":"Home","item":"https:\/\/eldigitaldeasturias.com\/magazine365","nextItem":{"@type":"ListItem","@id":"https:\/\/eldigitaldeasturias.com\/magazine365\/category\/noticias-actualidad\/#listItem","name":"Noticias y Actualidad"}},{"@type":"ListItem","@id":"https:\/\/eldigitaldeasturias.com\/magazine365\/category\/noticias-actualidad\/#listItem","position":2,"name":"Noticias y Actualidad","item":"https:\/\/eldigitaldeasturias.com\/magazine365\/category\/noticias-actualidad\/","nextItem":{"@type":"ListItem","@id":"https:\/\/eldigitaldeasturias.com\/magazine365\/el-primer-737-max-8-de-boeing-realizara-sus-primer-vuelo-de-prueba-a-principios-de-2016\/#listItem","name":"El primer 737 MAX 8 de Boeing realizar\u00e1 sus primer vuelo de prueba a principios de 2016"},"previousItem":{"@type":"ListItem","@id":"https:\/\/eldigitaldeasturias.com\/magazine365#listItem","name":"Home"}},{"@type":"ListItem","@id":"https:\/\/eldigitaldeasturias.com\/magazine365\/el-primer-737-max-8-de-boeing-realizara-sus-primer-vuelo-de-prueba-a-principios-de-2016\/#listItem","position":3,"name":"El primer 737 MAX 8 de Boeing realizar\u00e1 sus primer vuelo de prueba a principios de 2016","previousItem":{"@type":"ListItem","@id":"https:\/\/eldigitaldeasturias.com\/magazine365\/category\/noticias-actualidad\/#listItem","name":"Noticias y Actualidad"}}]},{"@type":"Organization","@id":"https:\/\/eldigitaldeasturias.com\/magazine365\/#organization","name":"El digital de Asturias","description":"Revista de ocio, turismo y estilo de vida","url":"https:\/\/eldigitaldeasturias.com\/magazine365\/","logo":{"@type":"ImageObject","url":"https:\/\/www.eldigitaldeasturias.com\/noticias\/wp-content\/uploads\/2020\/12\/EDA.jpg","@id":"https:\/\/eldigitaldeasturias.com\/magazine365\/el-primer-737-max-8-de-boeing-realizara-sus-primer-vuelo-de-prueba-a-principios-de-2016\/#organizationLogo"},"image":{"@id":"https:\/\/eldigitaldeasturias.com\/magazine365\/el-primer-737-max-8-de-boeing-realizara-sus-primer-vuelo-de-prueba-a-principios-de-2016\/#organizationLogo"}},{"@type":"Person","@id":"https:\/\/eldigitaldeasturias.com\/magazine365\/author\/admin\/#author","url":"https:\/\/eldigitaldeasturias.com\/magazine365\/author\/admin\/","name":"admin","image":{"@type":"ImageObject","@id":"https:\/\/eldigitaldeasturias.com\/magazine365\/el-primer-737-max-8-de-boeing-realizara-sus-primer-vuelo-de-prueba-a-principios-de-2016\/#authorImage","url":"https:\/\/eldigitaldeasturias.com\/magazine365\/wp-content\/litespeed\/avatar\/e571bcf59a0edd6fa6838245a470f2fe.jpg?ver=1777574230","width":96,"height":96,"caption":"admin"}},{"@type":"WebPage","@id":"https:\/\/eldigitaldeasturias.com\/magazine365\/el-primer-737-max-8-de-boeing-realizara-sus-primer-vuelo-de-prueba-a-principios-de-2016\/#webpage","url":"https:\/\/eldigitaldeasturias.com\/magazine365\/el-primer-737-max-8-de-boeing-realizara-sus-primer-vuelo-de-prueba-a-principios-de-2016\/","name":"El primer 737 MAX 8 de Boeing realizar\u00e1 sus primer vuelo de prueba a principios de 2016 | El Digital de Asturias","description":"Boeing ha celebrado el montaje final del primer 737 MAX 8, el nuevo avi\u00f3n de pasillo \u00fanico del fabricante que sali\u00f3 de taller, y del que comenzar\u00e1n los preparativos para realizar las pruebas de vuelo a principios de 2016. Con otros dos aviones 737 MAX 8 para pruebas de vuelo actualmente en fase de montaje","inLanguage":"es-ES","isPartOf":{"@id":"https:\/\/eldigitaldeasturias.com\/magazine365\/#website"},"breadcrumb":{"@id":"https:\/\/eldigitaldeasturias.com\/magazine365\/el-primer-737-max-8-de-boeing-realizara-sus-primer-vuelo-de-prueba-a-principios-de-2016\/#breadcrumblist"},"author":{"@id":"https:\/\/eldigitaldeasturias.com\/magazine365\/author\/admin\/#author"},"creator":{"@id":"https:\/\/eldigitaldeasturias.com\/magazine365\/author\/admin\/#author"},"image":{"@type":"ImageObject","url":"https:\/\/eldigitaldeasturias.com\/magazine365\/wp-content\/uploads\/2015\/12\/fotonoticia_20151209145742_800.jpg","@id":"https:\/\/eldigitaldeasturias.com\/magazine365\/el-primer-737-max-8-de-boeing-realizara-sus-primer-vuelo-de-prueba-a-principios-de-2016\/#mainImage","width":800,"height":600},"primaryImageOfPage":{"@id":"https:\/\/eldigitaldeasturias.com\/magazine365\/el-primer-737-max-8-de-boeing-realizara-sus-primer-vuelo-de-prueba-a-principios-de-2016\/#mainImage"},"datePublished":"2015-12-10T13:33:04+01:00","dateModified":"2015-12-10T13:33:04+01:00"},{"@type":"WebSite","@id":"https:\/\/eldigitaldeasturias.com\/magazine365\/#website","url":"https:\/\/eldigitaldeasturias.com\/magazine365\/","name":"El Digital de Asturias","description":"Revista de ocio, turismo y estilo de vida","inLanguage":"es-ES","publisher":{"@id":"https:\/\/eldigitaldeasturias.com\/magazine365\/#organization"}}]},"og:locale":"es_ES","og:site_name":"El Digital de Asturias \u2013 Revista de ocio, turismo y estilo de vida","og:type":"article","og:title":"El primer 737 MAX 8 de Boeing realizar\u00e1 sus primer vuelo de prueba a principios de 2016 | El Digital de Asturias","og:description":"Boeing ha celebrado el montaje final del primer 737 MAX 8, el nuevo avi\u00f3n de pasillo \u00fanico del fabricante que sali\u00f3 de taller, y del que comenzar\u00e1n los preparativos para realizar las pruebas de vuelo a principios de 2016. Con otros dos aviones 737 MAX 8 para pruebas de vuelo actualmente en fase de montaje","og:url":"https:\/\/eldigitaldeasturias.com\/magazine365\/el-primer-737-max-8-de-boeing-realizara-sus-primer-vuelo-de-prueba-a-principios-de-2016\/","og:image":"https:\/\/eldigitaldeasturias.com\/magazine365\/wp-content\/uploads\/2015\/12\/fotonoticia_20151209145742_800.jpg","og:image:secure_url":"https:\/\/eldigitaldeasturias.com\/magazine365\/wp-content\/uploads\/2015\/12\/fotonoticia_20151209145742_800.jpg","og:image:width":800,"og:image:height":600,"article:published_time":"2015-12-10T12:33:04+00:00","article:modified_time":"2015-12-10T12:33:04+00:00","twitter:card":"summary_large_image","twitter:title":"El primer 737 MAX 8 de Boeing realizar\u00e1 sus primer vuelo de prueba a principios de 2016 | El Digital de Asturias","twitter:description":"Boeing ha celebrado el montaje final del primer 737 MAX 8, el nuevo avi\u00f3n de pasillo \u00fanico del fabricante que sali\u00f3 de taller, y del que comenzar\u00e1n los preparativos para realizar las pruebas de vuelo a principios de 2016. Con otros dos aviones 737 MAX 8 para pruebas de vuelo actualmente en fase de montaje","twitter:image":"https:\/\/eldigitaldeasturias.com\/magazine365\/wp-content\/uploads\/2015\/12\/fotonoticia_20151209145742_800.jpg"},"aioseo_meta_data":{"post_id":"58070","title":null,"description":null,"keywords":null,"keyphrases":null,"primary_term":null,"canonical_url":null,"og_title":null,"og_description":null,"og_object_type":"default","og_image_type":"default","og_image_url":null,"og_image_width":null,"og_image_height":null,"og_image_custom_url":null,"og_image_custom_fields":null,"og_video":null,"og_custom_url":null,"og_article_section":null,"og_article_tags":null,"twitter_use_og":false,"twitter_card":"default","twitter_image_type":"default","twitter_image_url":null,"twitter_image_custom_url":null,"twitter_image_custom_fields":null,"twitter_title":null,"twitter_description":null,"schema":{"blockGraphs":[],"customGraphs":[],"default":{"data":{"Article":[],"Course":[],"Dataset":[],"FAQPage":[],"Movie":[],"Person":[],"Product":[],"ProductReview":[],"Car":[],"Recipe":[],"Service":[],"SoftwareApplication":[],"WebPage":[]},"graphName":"","isEnabled":true},"graphs":[],"defaultGraph":"","defaultPostTypeGraph":""},"schema_type":null,"schema_type_options":null,"pillar_content":false,"robots_default":true,"robots_noindex":false,"robots_noarchive":false,"robots_nosnippet":false,"robots_nofollow":false,"robots_noimageindex":false,"robots_noodp":false,"robots_notranslate":false,"robots_max_snippet":null,"robots_max_videopreview":null,"robots_max_imagepreview":"large","priority":null,"frequency":null,"location":null,"local_seo":null,"seo_analyzer_scan_date":"2025-09-25 02:18:03","breadcrumb_settings":null,"limit_modified_date":false,"open_ai":null,"ai":null,"created":"2021-03-08 22:35:56","updated":"2025-09-25 02:18:03"},"aioseo_breadcrumb":"<div class=\"aioseo-breadcrumbs\"><span class=\"aioseo-breadcrumb\">\n\t<a href=\"https:\/\/eldigitaldeasturias.com\/magazine365\" title=\"Home\">Home<\/a>\n<\/span><span class=\"aioseo-breadcrumb-separator\">\u2013<\/span><span class=\"aioseo-breadcrumb\">\n\t<a href=\"https:\/\/eldigitaldeasturias.com\/magazine365\/category\/noticias-actualidad\/\" title=\"Noticias y Actualidad\">Noticias y Actualidad<\/a>\n<\/span><span class=\"aioseo-breadcrumb-separator\">\u2013<\/span><span class=\"aioseo-breadcrumb\">\n\t<a href=\"https:\/\/eldigitaldeasturias.com\/magazine365\/el-primer-737-max-8-de-boeing-realizara-sus-primer-vuelo-de-prueba-a-principios-de-2016\/\" title=\"El primer 737 MAX 8 de Boeing realizar\u00e1 sus primer vuelo de prueba a principios de 2016\">El primer 737 MAX 8 de Boeing realizar\u00e1 sus primer vuelo de prueba a principios de 2016<\/a>\n<\/span><\/div>","aioseo_breadcrumb_json":[{"label":"Home","link":"https:\/\/eldigitaldeasturias.com\/magazine365"},{"label":"Noticias y Actualidad","link":"https:\/\/eldigitaldeasturias.com\/magazine365\/category\/noticias-actualidad\/"},{"label":"El primer 737 MAX 8 de Boeing realizar\u00e1 sus primer vuelo de prueba a principios de 2016","link":"https:\/\/eldigitaldeasturias.com\/magazine365\/el-primer-737-max-8-de-boeing-realizara-sus-primer-vuelo-de-prueba-a-principios-de-2016\/"}],"_links":{"self":[{"href":"https:\/\/eldigitaldeasturias.com\/magazine365\/wp-json\/wp\/v2\/posts\/58070","targetHints":{"allow":["GET"]}}],"collection":[{"href":"https:\/\/eldigitaldeasturias.com\/magazine365\/wp-json\/wp\/v2\/posts"}],"about":[{"href":"https:\/\/eldigitaldeasturias.com\/magazine365\/wp-json\/wp\/v2\/types\/post"}],"author":[{"embeddable":true,"href":"https:\/\/eldigitaldeasturias.com\/magazine365\/wp-json\/wp\/v2\/users\/1"}],"replies":[{"embeddable":true,"href":"https:\/\/eldigitaldeasturias.com\/magazine365\/wp-json\/wp\/v2\/comments?post=58070"}],"version-history":[{"count":0,"href":"https:\/\/eldigitaldeasturias.com\/magazine365\/wp-json\/wp\/v2\/posts\/58070\/revisions"}],"wp:featuredmedia":[{"embeddable":true,"href":"https:\/\/eldigitaldeasturias.com\/magazine365\/wp-json\/wp\/v2\/media\/58071"}],"wp:attachment":[{"href":"https:\/\/eldigitaldeasturias.com\/magazine365\/wp-json\/wp\/v2\/media?parent=58070"}],"wp:term":[{"taxonomy":"category","embeddable":true,"href":"https:\/\/eldigitaldeasturias.com\/magazine365\/wp-json\/wp\/v2\/categories?post=58070"},{"taxonomy":"post_tag","embeddable":true,"href":"https:\/\/eldigitaldeasturias.com\/magazine365\/wp-json\/wp\/v2\/tags?post=58070"}],"curies":[{"name":"wp","href":"https:\/\/api.w.org\/{rel}","templated":true}]}}