{"id":57862,"date":"2015-12-05T13:29:45","date_gmt":"2015-12-05T12:29:45","guid":{"rendered":"http:\/\/eldigitaldeasturias.com\/magazine365\/?p=57862"},"modified":"2015-12-05T13:29:45","modified_gmt":"2015-12-05T12:29:45","slug":"cordoba-ofrece-productos-cordobeses-en-la-feria-del-regalo-artesania-y-alimentacion","status":"publish","type":"post","link":"https:\/\/eldigitaldeasturias.com\/magazine365\/cordoba-ofrece-productos-cordobeses-en-la-feria-del-regalo-artesania-y-alimentacion\/","title":{"rendered":"C\u00f3rdoba ofrece productos cordobeses en la Feria del Regalo, Artesan\u00eda y Alimentaci\u00f3n"},"content":{"rendered":"<p><img fetchpriority=\"high\" decoding=\"async\" class=\"alignleft size-medium wp-image-57863\" src=\"https:\/\/eldigitaldeasturias.com\/magazine365\/wp-content\/uploads\/2015\/12\/fotonoticia_20151204163622_800-360x244.jpg\" alt=\"fotonoticia_20151204163622_800\" width=\"360\" height=\"244\" srcset=\"https:\/\/eldigitaldeasturias.com\/magazine365\/wp-content\/uploads\/2015\/12\/fotonoticia_20151204163622_800-360x244.jpg 360w, https:\/\/eldigitaldeasturias.com\/magazine365\/wp-content\/uploads\/2015\/12\/fotonoticia_20151204163622_800-650x441.jpg 650w, https:\/\/eldigitaldeasturias.com\/magazine365\/wp-content\/uploads\/2015\/12\/fotonoticia_20151204163622_800-768x521.jpg 768w, https:\/\/eldigitaldeasturias.com\/magazine365\/wp-content\/uploads\/2015\/12\/fotonoticia_20151204163622_800-150x102.jpg 150w, https:\/\/eldigitaldeasturias.com\/magazine365\/wp-content\/uploads\/2015\/12\/fotonoticia_20151204163622_800-450x305.jpg 450w, https:\/\/eldigitaldeasturias.com\/magazine365\/wp-content\/uploads\/2015\/12\/fotonoticia_20151204163622_800-696x472.jpg 696w, https:\/\/eldigitaldeasturias.com\/magazine365\/wp-content\/uploads\/2015\/12\/fotonoticia_20151204163622_800-619x420.jpg 619w, https:\/\/eldigitaldeasturias.com\/magazine365\/wp-content\/uploads\/2015\/12\/fotonoticia_20151204163622_800.jpg 800w\" sizes=\"(max-width: 360px) 100vw, 360px\" \/>La Diputaci\u00f3n de C\u00f3rdoba acoge en la explanada del Palacio de la Merced, desde este viernes hasta el d\u00eda 8 de diciembre, la Feria del Regalo, Artesan\u00eda y Alimentaci\u00f3n que cuenta con una treintena de expositores que ofrecen una ampl\u00eda gama de productos procedentes de toda la provincia de C\u00f3rdoba, con \u00ablo que se pretende es fomentar el dinamismo y la actividad comercial, que es fundamental para el desarrollo econ\u00f3mico en sectores como la artesan\u00eda y alimentaci\u00f3n\u00bb.<\/p>\n<p>As\u00ed lo ha expresado la presidenta del Consorcio Provincial de Desarrollo Econ\u00f3mico, Ana Carrillo, acompa\u00f1ada por la presidenta del Instituto Municipal de Desarrollo Econ\u00f3mico y Empleo (Imdeec) y delegada de Fomento del Desarrollo Econ\u00f3mico y Promoci\u00f3n de la Ciudad del Ayuntamiento de C\u00f3rdoba, Carmen Gonz\u00e1lez, durante el acto de inauguraci\u00f3n de la feria, que organiza el Instituto Municipal de Desarrollo Econ\u00f3mico y Empleo de C\u00f3rdoba, &#8216;Bumm Eventos&#8217;, Grupo AC y &#8216;C\u00f3rdoba APTC&#8217; con la colaboraci\u00f3n del Consorcio Provincial de Desarrollo Econ\u00f3mico.<\/p>\n<p>Carrillo ha destacado \u00abla labor que realizan todos los empresarios de la provincia que se van a trasladar durante estos d\u00edas\u00bb a esta cita, y ha a\u00f1adido que \u00abtodas las instituciones deben estar con ellos, apoyarlos y darle ese impulso que necesita el sector\u00bb.<\/p>\n<p>En este sentido, la tambi\u00e9n vicepresidenta segunda de la instituci\u00f3n provincial ha comentado que \u00abgracias a los empresarios se mueve la econom\u00eda de la provincia y con eso se generan puestos de trabajo\u00bb.<\/p>\n<p>Por su parte, la presidenta del Imdeec y delegada de Fomento del Desarrollo Econ\u00f3mico y Promoci\u00f3n de la Ciudad del Ayuntamiento ha destacado que \u00abesta es una cita que invita a disfrutar y que va en pro del desarrollo econ\u00f3mico\u00bb y ha apuntado que \u00abel mejor regalo para estas fechas es que proceda de la provincia\u00bb.<\/p>\n<p>Los productos que se podr\u00e1n adquirir en esta feria son del sector agroalimentario &#8211;ib\u00e9ricos, vinos y licores, aceites, mantecados y turrones, frutos secos, productos delicatessen&#8211; y relacionados con la artesan\u00eda, decoraci\u00f3n navide\u00f1a, textil y menaje, entre otros. Adem\u00e1s, se ha habilitado un espacio para los m\u00e1s peque\u00f1os.<\/p>\n<p>El horario para visitar la carpa ser\u00e1 el viernes desde la inauguraci\u00f3n hasta las 21,00 horas, mientras que los d\u00edas 5, 6 y 7 el horario de apertura ser\u00e1 de las 11,00 a 21,00 horas ininterrumpidamente. Para finalizar, el d\u00eda 8 de diciembre abrir\u00e1 desde las 11,00 a 18,00 horas.<\/p>\n","protected":false},"excerpt":{"rendered":"<p>La Diputaci\u00f3n de C\u00f3rdoba acoge en la explanada del Palacio de la Merced, desde este viernes hasta el d\u00eda 8 de diciembre, la Feria del Regalo, Artesan\u00eda y Alimentaci\u00f3n que cuenta con una treintena de expositores que ofrecen una ampl\u00eda gama de productos procedentes de toda la provincia de C\u00f3rdoba, con \u00ablo que se pretende<\/p>\n","protected":false},"author":1,"featured_media":57863,"comment_status":"open","ping_status":"closed","sticky":false,"template":"","format":"standard","meta":{"footnotes":""},"categories":[224],"tags":[],"class_list":{"0":"post-57862","1":"post","2":"type-post","3":"status-publish","4":"format-standard","5":"has-post-thumbnail","7":"category-noticias-actualidad"},"aioseo_notices":[],"aioseo_head":"\n\t\t<!-- All in One SEO Pro 4.9.6.1 - aioseo.com -->\n\t<meta name=\"description\" content=\"La Diputaci\u00f3n de C\u00f3rdoba acoge en la explanada del Palacio de la Merced, desde este viernes hasta el d\u00eda 8 de diciembre, la Feria del Regalo, Artesan\u00eda y Alimentaci\u00f3n que cuenta con una treintena de expositores que ofrecen una ampl\u00eda gama de productos procedentes de toda la provincia de C\u00f3rdoba, con &quot;lo que se pretende\" \/>\n\t<meta name=\"robots\" content=\"max-image-preview:large\" \/>\n\t<meta name=\"author\" content=\"admin\"\/>\n\t<meta name=\"google-site-verification\" content=\"UA-38556648-1\" \/>\n\t<meta name=\"keywords\" content=\"noticias y actualidad\" \/>\n\t<link rel=\"canonical\" href=\"https:\/\/eldigitaldeasturias.com\/magazine365\/cordoba-ofrece-productos-cordobeses-en-la-feria-del-regalo-artesania-y-alimentacion\/\" \/>\n\t<meta name=\"generator\" content=\"All in One SEO Pro (AIOSEO) 4.9.6.1\" \/>\n\t\t<meta property=\"og:locale\" content=\"es_ES\" \/>\n\t\t<meta property=\"og:site_name\" content=\"El Digital de Asturias \u2013 Revista de ocio, turismo y estilo de vida\" \/>\n\t\t<meta property=\"og:type\" content=\"article\" \/>\n\t\t<meta property=\"og:title\" content=\"C\u00f3rdoba ofrece productos cordobeses en la Feria del Regalo, Artesan\u00eda y Alimentaci\u00f3n | El Digital de Asturias\" \/>\n\t\t<meta property=\"og:description\" content=\"La Diputaci\u00f3n de C\u00f3rdoba acoge en la explanada del Palacio de la Merced, desde este viernes hasta el d\u00eda 8 de diciembre, la Feria del Regalo, Artesan\u00eda y Alimentaci\u00f3n que cuenta con una treintena de expositores que ofrecen una ampl\u00eda gama de productos procedentes de toda la provincia de C\u00f3rdoba, con &quot;lo que se pretende\" \/>\n\t\t<meta property=\"og:url\" content=\"https:\/\/eldigitaldeasturias.com\/magazine365\/cordoba-ofrece-productos-cordobeses-en-la-feria-del-regalo-artesania-y-alimentacion\/\" \/>\n\t\t<meta property=\"og:image\" content=\"https:\/\/eldigitaldeasturias.com\/magazine365\/wp-content\/uploads\/2015\/12\/fotonoticia_20151204163622_800.jpg\" \/>\n\t\t<meta property=\"og:image:secure_url\" content=\"https:\/\/eldigitaldeasturias.com\/magazine365\/wp-content\/uploads\/2015\/12\/fotonoticia_20151204163622_800.jpg\" \/>\n\t\t<meta property=\"og:image:width\" content=\"800\" \/>\n\t\t<meta property=\"og:image:height\" content=\"543\" \/>\n\t\t<meta property=\"article:published_time\" content=\"2015-12-05T12:29:45+00:00\" \/>\n\t\t<meta property=\"article:modified_time\" content=\"2015-12-05T12:29:45+00:00\" \/>\n\t\t<meta name=\"twitter:card\" content=\"summary_large_image\" \/>\n\t\t<meta name=\"twitter:title\" content=\"C\u00f3rdoba ofrece productos cordobeses en la Feria del Regalo, Artesan\u00eda y Alimentaci\u00f3n | El Digital de Asturias\" \/>\n\t\t<meta name=\"twitter:description\" content=\"La Diputaci\u00f3n de C\u00f3rdoba acoge en la explanada del Palacio de la Merced, desde este viernes hasta el d\u00eda 8 de diciembre, la Feria del Regalo, Artesan\u00eda y Alimentaci\u00f3n que cuenta con una treintena de expositores que ofrecen una ampl\u00eda gama de productos procedentes de toda la provincia de C\u00f3rdoba, con &quot;lo que se pretende\" \/>\n\t\t<meta name=\"twitter:image\" content=\"https:\/\/eldigitaldeasturias.com\/magazine365\/wp-content\/uploads\/2015\/12\/fotonoticia_20151204163622_800.jpg\" \/>\n\t\t<script type=\"application\/ld+json\" class=\"aioseo-schema\">\n\t\t\t{\"@context\":\"https:\\\/\\\/schema.org\",\"@graph\":[{\"@type\":\"Article\",\"@id\":\"https:\\\/\\\/eldigitaldeasturias.com\\\/magazine365\\\/cordoba-ofrece-productos-cordobeses-en-la-feria-del-regalo-artesania-y-alimentacion\\\/#article\",\"name\":\"C\\u00f3rdoba ofrece productos cordobeses en la Feria del Regalo, Artesan\\u00eda y Alimentaci\\u00f3n | El Digital de Asturias\",\"headline\":\"C\\u00f3rdoba ofrece productos cordobeses en la Feria del Regalo, Artesan\\u00eda y Alimentaci\\u00f3n\",\"author\":{\"@id\":\"https:\\\/\\\/eldigitaldeasturias.com\\\/magazine365\\\/author\\\/admin\\\/#author\"},\"publisher\":{\"@id\":\"https:\\\/\\\/eldigitaldeasturias.com\\\/magazine365\\\/#organization\"},\"image\":{\"@type\":\"ImageObject\",\"url\":\"https:\\\/\\\/eldigitaldeasturias.com\\\/magazine365\\\/wp-content\\\/uploads\\\/2015\\\/12\\\/fotonoticia_20151204163622_800.jpg\",\"width\":800,\"height\":543},\"datePublished\":\"2015-12-05T13:29:45+01:00\",\"dateModified\":\"2015-12-05T13:29:45+01:00\",\"inLanguage\":\"es-ES\",\"mainEntityOfPage\":{\"@id\":\"https:\\\/\\\/eldigitaldeasturias.com\\\/magazine365\\\/cordoba-ofrece-productos-cordobeses-en-la-feria-del-regalo-artesania-y-alimentacion\\\/#webpage\"},\"isPartOf\":{\"@id\":\"https:\\\/\\\/eldigitaldeasturias.com\\\/magazine365\\\/cordoba-ofrece-productos-cordobeses-en-la-feria-del-regalo-artesania-y-alimentacion\\\/#webpage\"},\"articleSection\":\"Noticias y Actualidad\"},{\"@type\":\"BreadcrumbList\",\"@id\":\"https:\\\/\\\/eldigitaldeasturias.com\\\/magazine365\\\/cordoba-ofrece-productos-cordobeses-en-la-feria-del-regalo-artesania-y-alimentacion\\\/#breadcrumblist\",\"itemListElement\":[{\"@type\":\"ListItem\",\"@id\":\"https:\\\/\\\/eldigitaldeasturias.com\\\/magazine365#listItem\",\"position\":1,\"name\":\"Home\",\"item\":\"https:\\\/\\\/eldigitaldeasturias.com\\\/magazine365\",\"nextItem\":{\"@type\":\"ListItem\",\"@id\":\"https:\\\/\\\/eldigitaldeasturias.com\\\/magazine365\\\/category\\\/noticias-actualidad\\\/#listItem\",\"name\":\"Noticias y Actualidad\"}},{\"@type\":\"ListItem\",\"@id\":\"https:\\\/\\\/eldigitaldeasturias.com\\\/magazine365\\\/category\\\/noticias-actualidad\\\/#listItem\",\"position\":2,\"name\":\"Noticias y Actualidad\",\"item\":\"https:\\\/\\\/eldigitaldeasturias.com\\\/magazine365\\\/category\\\/noticias-actualidad\\\/\",\"nextItem\":{\"@type\":\"ListItem\",\"@id\":\"https:\\\/\\\/eldigitaldeasturias.com\\\/magazine365\\\/cordoba-ofrece-productos-cordobeses-en-la-feria-del-regalo-artesania-y-alimentacion\\\/#listItem\",\"name\":\"C\\u00f3rdoba ofrece productos cordobeses en la Feria del Regalo, Artesan\\u00eda y Alimentaci\\u00f3n\"},\"previousItem\":{\"@type\":\"ListItem\",\"@id\":\"https:\\\/\\\/eldigitaldeasturias.com\\\/magazine365#listItem\",\"name\":\"Home\"}},{\"@type\":\"ListItem\",\"@id\":\"https:\\\/\\\/eldigitaldeasturias.com\\\/magazine365\\\/cordoba-ofrece-productos-cordobeses-en-la-feria-del-regalo-artesania-y-alimentacion\\\/#listItem\",\"position\":3,\"name\":\"C\\u00f3rdoba ofrece productos cordobeses en la Feria del Regalo, Artesan\\u00eda y Alimentaci\\u00f3n\",\"previousItem\":{\"@type\":\"ListItem\",\"@id\":\"https:\\\/\\\/eldigitaldeasturias.com\\\/magazine365\\\/category\\\/noticias-actualidad\\\/#listItem\",\"name\":\"Noticias y Actualidad\"}}]},{\"@type\":\"Organization\",\"@id\":\"https:\\\/\\\/eldigitaldeasturias.com\\\/magazine365\\\/#organization\",\"name\":\"El digital de Asturias\",\"description\":\"Revista de ocio, turismo y estilo de vida\",\"url\":\"https:\\\/\\\/eldigitaldeasturias.com\\\/magazine365\\\/\",\"logo\":{\"@type\":\"ImageObject\",\"url\":\"https:\\\/\\\/www.eldigitaldeasturias.com\\\/noticias\\\/wp-content\\\/uploads\\\/2020\\\/12\\\/EDA.jpg\",\"@id\":\"https:\\\/\\\/eldigitaldeasturias.com\\\/magazine365\\\/cordoba-ofrece-productos-cordobeses-en-la-feria-del-regalo-artesania-y-alimentacion\\\/#organizationLogo\"},\"image\":{\"@id\":\"https:\\\/\\\/eldigitaldeasturias.com\\\/magazine365\\\/cordoba-ofrece-productos-cordobeses-en-la-feria-del-regalo-artesania-y-alimentacion\\\/#organizationLogo\"}},{\"@type\":\"Person\",\"@id\":\"https:\\\/\\\/eldigitaldeasturias.com\\\/magazine365\\\/author\\\/admin\\\/#author\",\"url\":\"https:\\\/\\\/eldigitaldeasturias.com\\\/magazine365\\\/author\\\/admin\\\/\",\"name\":\"admin\",\"image\":{\"@type\":\"ImageObject\",\"@id\":\"https:\\\/\\\/eldigitaldeasturias.com\\\/magazine365\\\/cordoba-ofrece-productos-cordobeses-en-la-feria-del-regalo-artesania-y-alimentacion\\\/#authorImage\",\"url\":\"https:\\\/\\\/eldigitaldeasturias.com\\\/magazine365\\\/wp-content\\\/litespeed\\\/avatar\\\/e571bcf59a0edd6fa6838245a470f2fe.jpg?ver=1777574230\",\"width\":96,\"height\":96,\"caption\":\"admin\"}},{\"@type\":\"WebPage\",\"@id\":\"https:\\\/\\\/eldigitaldeasturias.com\\\/magazine365\\\/cordoba-ofrece-productos-cordobeses-en-la-feria-del-regalo-artesania-y-alimentacion\\\/#webpage\",\"url\":\"https:\\\/\\\/eldigitaldeasturias.com\\\/magazine365\\\/cordoba-ofrece-productos-cordobeses-en-la-feria-del-regalo-artesania-y-alimentacion\\\/\",\"name\":\"C\\u00f3rdoba ofrece productos cordobeses en la Feria del Regalo, Artesan\\u00eda y Alimentaci\\u00f3n | El Digital de Asturias\",\"description\":\"La Diputaci\\u00f3n de C\\u00f3rdoba acoge en la explanada del Palacio de la Merced, desde este viernes hasta el d\\u00eda 8 de diciembre, la Feria del Regalo, Artesan\\u00eda y Alimentaci\\u00f3n que cuenta con una treintena de expositores que ofrecen una ampl\\u00eda gama de productos procedentes de toda la provincia de C\\u00f3rdoba, con \\\"lo que se pretende\",\"inLanguage\":\"es-ES\",\"isPartOf\":{\"@id\":\"https:\\\/\\\/eldigitaldeasturias.com\\\/magazine365\\\/#website\"},\"breadcrumb\":{\"@id\":\"https:\\\/\\\/eldigitaldeasturias.com\\\/magazine365\\\/cordoba-ofrece-productos-cordobeses-en-la-feria-del-regalo-artesania-y-alimentacion\\\/#breadcrumblist\"},\"author\":{\"@id\":\"https:\\\/\\\/eldigitaldeasturias.com\\\/magazine365\\\/author\\\/admin\\\/#author\"},\"creator\":{\"@id\":\"https:\\\/\\\/eldigitaldeasturias.com\\\/magazine365\\\/author\\\/admin\\\/#author\"},\"image\":{\"@type\":\"ImageObject\",\"url\":\"https:\\\/\\\/eldigitaldeasturias.com\\\/magazine365\\\/wp-content\\\/uploads\\\/2015\\\/12\\\/fotonoticia_20151204163622_800.jpg\",\"@id\":\"https:\\\/\\\/eldigitaldeasturias.com\\\/magazine365\\\/cordoba-ofrece-productos-cordobeses-en-la-feria-del-regalo-artesania-y-alimentacion\\\/#mainImage\",\"width\":800,\"height\":543},\"primaryImageOfPage\":{\"@id\":\"https:\\\/\\\/eldigitaldeasturias.com\\\/magazine365\\\/cordoba-ofrece-productos-cordobeses-en-la-feria-del-regalo-artesania-y-alimentacion\\\/#mainImage\"},\"datePublished\":\"2015-12-05T13:29:45+01:00\",\"dateModified\":\"2015-12-05T13:29:45+01:00\"},{\"@type\":\"WebSite\",\"@id\":\"https:\\\/\\\/eldigitaldeasturias.com\\\/magazine365\\\/#website\",\"url\":\"https:\\\/\\\/eldigitaldeasturias.com\\\/magazine365\\\/\",\"name\":\"El Digital de Asturias\",\"description\":\"Revista de ocio, turismo y estilo de vida\",\"inLanguage\":\"es-ES\",\"publisher\":{\"@id\":\"https:\\\/\\\/eldigitaldeasturias.com\\\/magazine365\\\/#organization\"}}]}\n\t\t<\/script>\n\t\t<!-- All in One SEO Pro -->\r\n\t\t<title>C\u00f3rdoba ofrece productos cordobeses en la Feria del Regalo, Artesan\u00eda y Alimentaci\u00f3n | El Digital de Asturias<\/title>\n\n","aioseo_head_json":{"title":"C\u00f3rdoba ofrece productos cordobeses en la Feria del Regalo, Artesan\u00eda y Alimentaci\u00f3n | El Digital de Asturias","description":"La Diputaci\u00f3n de C\u00f3rdoba acoge en la explanada del Palacio de la Merced, desde este viernes hasta el d\u00eda 8 de diciembre, la Feria del Regalo, Artesan\u00eda y Alimentaci\u00f3n que cuenta con una treintena de expositores que ofrecen una ampl\u00eda gama de productos procedentes de toda la provincia de C\u00f3rdoba, con \"lo que se pretende","canonical_url":"https:\/\/eldigitaldeasturias.com\/magazine365\/cordoba-ofrece-productos-cordobeses-en-la-feria-del-regalo-artesania-y-alimentacion\/","robots":"max-image-preview:large","keywords":"noticias y actualidad","webmasterTools":{"google-site-verification":"UA-38556648-1","miscellaneous":""},"schema":{"@context":"https:\/\/schema.org","@graph":[{"@type":"Article","@id":"https:\/\/eldigitaldeasturias.com\/magazine365\/cordoba-ofrece-productos-cordobeses-en-la-feria-del-regalo-artesania-y-alimentacion\/#article","name":"C\u00f3rdoba ofrece productos cordobeses en la Feria del Regalo, Artesan\u00eda y Alimentaci\u00f3n | El Digital de Asturias","headline":"C\u00f3rdoba ofrece productos cordobeses en la Feria del Regalo, Artesan\u00eda y Alimentaci\u00f3n","author":{"@id":"https:\/\/eldigitaldeasturias.com\/magazine365\/author\/admin\/#author"},"publisher":{"@id":"https:\/\/eldigitaldeasturias.com\/magazine365\/#organization"},"image":{"@type":"ImageObject","url":"https:\/\/eldigitaldeasturias.com\/magazine365\/wp-content\/uploads\/2015\/12\/fotonoticia_20151204163622_800.jpg","width":800,"height":543},"datePublished":"2015-12-05T13:29:45+01:00","dateModified":"2015-12-05T13:29:45+01:00","inLanguage":"es-ES","mainEntityOfPage":{"@id":"https:\/\/eldigitaldeasturias.com\/magazine365\/cordoba-ofrece-productos-cordobeses-en-la-feria-del-regalo-artesania-y-alimentacion\/#webpage"},"isPartOf":{"@id":"https:\/\/eldigitaldeasturias.com\/magazine365\/cordoba-ofrece-productos-cordobeses-en-la-feria-del-regalo-artesania-y-alimentacion\/#webpage"},"articleSection":"Noticias y Actualidad"},{"@type":"BreadcrumbList","@id":"https:\/\/eldigitaldeasturias.com\/magazine365\/cordoba-ofrece-productos-cordobeses-en-la-feria-del-regalo-artesania-y-alimentacion\/#breadcrumblist","itemListElement":[{"@type":"ListItem","@id":"https:\/\/eldigitaldeasturias.com\/magazine365#listItem","position":1,"name":"Home","item":"https:\/\/eldigitaldeasturias.com\/magazine365","nextItem":{"@type":"ListItem","@id":"https:\/\/eldigitaldeasturias.com\/magazine365\/category\/noticias-actualidad\/#listItem","name":"Noticias y Actualidad"}},{"@type":"ListItem","@id":"https:\/\/eldigitaldeasturias.com\/magazine365\/category\/noticias-actualidad\/#listItem","position":2,"name":"Noticias y Actualidad","item":"https:\/\/eldigitaldeasturias.com\/magazine365\/category\/noticias-actualidad\/","nextItem":{"@type":"ListItem","@id":"https:\/\/eldigitaldeasturias.com\/magazine365\/cordoba-ofrece-productos-cordobeses-en-la-feria-del-regalo-artesania-y-alimentacion\/#listItem","name":"C\u00f3rdoba ofrece productos cordobeses en la Feria del Regalo, Artesan\u00eda y Alimentaci\u00f3n"},"previousItem":{"@type":"ListItem","@id":"https:\/\/eldigitaldeasturias.com\/magazine365#listItem","name":"Home"}},{"@type":"ListItem","@id":"https:\/\/eldigitaldeasturias.com\/magazine365\/cordoba-ofrece-productos-cordobeses-en-la-feria-del-regalo-artesania-y-alimentacion\/#listItem","position":3,"name":"C\u00f3rdoba ofrece productos cordobeses en la Feria del Regalo, Artesan\u00eda y Alimentaci\u00f3n","previousItem":{"@type":"ListItem","@id":"https:\/\/eldigitaldeasturias.com\/magazine365\/category\/noticias-actualidad\/#listItem","name":"Noticias y Actualidad"}}]},{"@type":"Organization","@id":"https:\/\/eldigitaldeasturias.com\/magazine365\/#organization","name":"El digital de Asturias","description":"Revista de ocio, turismo y estilo de vida","url":"https:\/\/eldigitaldeasturias.com\/magazine365\/","logo":{"@type":"ImageObject","url":"https:\/\/www.eldigitaldeasturias.com\/noticias\/wp-content\/uploads\/2020\/12\/EDA.jpg","@id":"https:\/\/eldigitaldeasturias.com\/magazine365\/cordoba-ofrece-productos-cordobeses-en-la-feria-del-regalo-artesania-y-alimentacion\/#organizationLogo"},"image":{"@id":"https:\/\/eldigitaldeasturias.com\/magazine365\/cordoba-ofrece-productos-cordobeses-en-la-feria-del-regalo-artesania-y-alimentacion\/#organizationLogo"}},{"@type":"Person","@id":"https:\/\/eldigitaldeasturias.com\/magazine365\/author\/admin\/#author","url":"https:\/\/eldigitaldeasturias.com\/magazine365\/author\/admin\/","name":"admin","image":{"@type":"ImageObject","@id":"https:\/\/eldigitaldeasturias.com\/magazine365\/cordoba-ofrece-productos-cordobeses-en-la-feria-del-regalo-artesania-y-alimentacion\/#authorImage","url":"https:\/\/eldigitaldeasturias.com\/magazine365\/wp-content\/litespeed\/avatar\/e571bcf59a0edd6fa6838245a470f2fe.jpg?ver=1777574230","width":96,"height":96,"caption":"admin"}},{"@type":"WebPage","@id":"https:\/\/eldigitaldeasturias.com\/magazine365\/cordoba-ofrece-productos-cordobeses-en-la-feria-del-regalo-artesania-y-alimentacion\/#webpage","url":"https:\/\/eldigitaldeasturias.com\/magazine365\/cordoba-ofrece-productos-cordobeses-en-la-feria-del-regalo-artesania-y-alimentacion\/","name":"C\u00f3rdoba ofrece productos cordobeses en la Feria del Regalo, Artesan\u00eda y Alimentaci\u00f3n | El Digital de Asturias","description":"La Diputaci\u00f3n de C\u00f3rdoba acoge en la explanada del Palacio de la Merced, desde este viernes hasta el d\u00eda 8 de diciembre, la Feria del Regalo, Artesan\u00eda y Alimentaci\u00f3n que cuenta con una treintena de expositores que ofrecen una ampl\u00eda gama de productos procedentes de toda la provincia de C\u00f3rdoba, con \"lo que se pretende","inLanguage":"es-ES","isPartOf":{"@id":"https:\/\/eldigitaldeasturias.com\/magazine365\/#website"},"breadcrumb":{"@id":"https:\/\/eldigitaldeasturias.com\/magazine365\/cordoba-ofrece-productos-cordobeses-en-la-feria-del-regalo-artesania-y-alimentacion\/#breadcrumblist"},"author":{"@id":"https:\/\/eldigitaldeasturias.com\/magazine365\/author\/admin\/#author"},"creator":{"@id":"https:\/\/eldigitaldeasturias.com\/magazine365\/author\/admin\/#author"},"image":{"@type":"ImageObject","url":"https:\/\/eldigitaldeasturias.com\/magazine365\/wp-content\/uploads\/2015\/12\/fotonoticia_20151204163622_800.jpg","@id":"https:\/\/eldigitaldeasturias.com\/magazine365\/cordoba-ofrece-productos-cordobeses-en-la-feria-del-regalo-artesania-y-alimentacion\/#mainImage","width":800,"height":543},"primaryImageOfPage":{"@id":"https:\/\/eldigitaldeasturias.com\/magazine365\/cordoba-ofrece-productos-cordobeses-en-la-feria-del-regalo-artesania-y-alimentacion\/#mainImage"},"datePublished":"2015-12-05T13:29:45+01:00","dateModified":"2015-12-05T13:29:45+01:00"},{"@type":"WebSite","@id":"https:\/\/eldigitaldeasturias.com\/magazine365\/#website","url":"https:\/\/eldigitaldeasturias.com\/magazine365\/","name":"El Digital de Asturias","description":"Revista de ocio, turismo y estilo de vida","inLanguage":"es-ES","publisher":{"@id":"https:\/\/eldigitaldeasturias.com\/magazine365\/#organization"}}]},"og:locale":"es_ES","og:site_name":"El Digital de Asturias \u2013 Revista de ocio, turismo y estilo de vida","og:type":"article","og:title":"C\u00f3rdoba ofrece productos cordobeses en la Feria del Regalo, Artesan\u00eda y Alimentaci\u00f3n | El Digital de Asturias","og:description":"La Diputaci\u00f3n de C\u00f3rdoba acoge en la explanada del Palacio de la Merced, desde este viernes hasta el d\u00eda 8 de diciembre, la Feria del Regalo, Artesan\u00eda y Alimentaci\u00f3n que cuenta con una treintena de expositores que ofrecen una ampl\u00eda gama de productos procedentes de toda la provincia de C\u00f3rdoba, con &quot;lo que se pretende","og:url":"https:\/\/eldigitaldeasturias.com\/magazine365\/cordoba-ofrece-productos-cordobeses-en-la-feria-del-regalo-artesania-y-alimentacion\/","og:image":"https:\/\/eldigitaldeasturias.com\/magazine365\/wp-content\/uploads\/2015\/12\/fotonoticia_20151204163622_800.jpg","og:image:secure_url":"https:\/\/eldigitaldeasturias.com\/magazine365\/wp-content\/uploads\/2015\/12\/fotonoticia_20151204163622_800.jpg","og:image:width":800,"og:image:height":543,"article:published_time":"2015-12-05T12:29:45+00:00","article:modified_time":"2015-12-05T12:29:45+00:00","twitter:card":"summary_large_image","twitter:title":"C\u00f3rdoba ofrece productos cordobeses en la Feria del Regalo, Artesan\u00eda y Alimentaci\u00f3n | El Digital de Asturias","twitter:description":"La Diputaci\u00f3n de C\u00f3rdoba acoge en la explanada del Palacio de la Merced, desde este viernes hasta el d\u00eda 8 de diciembre, la Feria del Regalo, Artesan\u00eda y Alimentaci\u00f3n que cuenta con una treintena de expositores que ofrecen una ampl\u00eda gama de productos procedentes de toda la provincia de C\u00f3rdoba, con &quot;lo que se pretende","twitter:image":"https:\/\/eldigitaldeasturias.com\/magazine365\/wp-content\/uploads\/2015\/12\/fotonoticia_20151204163622_800.jpg"},"aioseo_meta_data":{"post_id":"57862","title":null,"description":null,"keywords":null,"keyphrases":null,"primary_term":null,"canonical_url":null,"og_title":null,"og_description":null,"og_object_type":"default","og_image_type":"default","og_image_url":null,"og_image_width":null,"og_image_height":null,"og_image_custom_url":null,"og_image_custom_fields":null,"og_video":null,"og_custom_url":null,"og_article_section":null,"og_article_tags":null,"twitter_use_og":false,"twitter_card":"default","twitter_image_type":"default","twitter_image_url":null,"twitter_image_custom_url":null,"twitter_image_custom_fields":null,"twitter_title":null,"twitter_description":null,"schema":{"blockGraphs":[],"customGraphs":[],"default":{"data":{"Article":[],"Course":[],"Dataset":[],"FAQPage":[],"Movie":[],"Person":[],"Product":[],"ProductReview":[],"Car":[],"Recipe":[],"Service":[],"SoftwareApplication":[],"WebPage":[]},"graphName":"","isEnabled":true},"graphs":[],"defaultGraph":"","defaultPostTypeGraph":""},"schema_type":null,"schema_type_options":null,"pillar_content":false,"robots_default":true,"robots_noindex":false,"robots_noarchive":false,"robots_nosnippet":false,"robots_nofollow":false,"robots_noimageindex":false,"robots_noodp":false,"robots_notranslate":false,"robots_max_snippet":null,"robots_max_videopreview":null,"robots_max_imagepreview":"large","priority":null,"frequency":null,"location":null,"local_seo":null,"seo_analyzer_scan_date":"2025-09-25 01:51:22","breadcrumb_settings":null,"limit_modified_date":false,"open_ai":null,"ai":null,"created":"2021-03-08 22:37:39","updated":"2025-09-25 01:51:22"},"aioseo_breadcrumb":"<div class=\"aioseo-breadcrumbs\"><span class=\"aioseo-breadcrumb\">\n\t<a href=\"https:\/\/eldigitaldeasturias.com\/magazine365\" title=\"Home\">Home<\/a>\n<\/span><span class=\"aioseo-breadcrumb-separator\">\u2013<\/span><span class=\"aioseo-breadcrumb\">\n\t<a href=\"https:\/\/eldigitaldeasturias.com\/magazine365\/category\/noticias-actualidad\/\" title=\"Noticias y Actualidad\">Noticias y Actualidad<\/a>\n<\/span><span class=\"aioseo-breadcrumb-separator\">\u2013<\/span><span class=\"aioseo-breadcrumb\">\n\t<a href=\"https:\/\/eldigitaldeasturias.com\/magazine365\/cordoba-ofrece-productos-cordobeses-en-la-feria-del-regalo-artesania-y-alimentacion\/\" title=\"C\u00f3rdoba ofrece productos cordobeses en la Feria del Regalo, Artesan\u00eda y Alimentaci\u00f3n\">C\u00f3rdoba ofrece productos cordobeses en la Feria del Regalo, Artesan\u00eda y Alimentaci\u00f3n<\/a>\n<\/span><\/div>","aioseo_breadcrumb_json":[{"label":"Home","link":"https:\/\/eldigitaldeasturias.com\/magazine365"},{"label":"Noticias y Actualidad","link":"https:\/\/eldigitaldeasturias.com\/magazine365\/category\/noticias-actualidad\/"},{"label":"C\u00f3rdoba ofrece productos cordobeses en la Feria del Regalo, Artesan\u00eda y Alimentaci\u00f3n","link":"https:\/\/eldigitaldeasturias.com\/magazine365\/cordoba-ofrece-productos-cordobeses-en-la-feria-del-regalo-artesania-y-alimentacion\/"}],"_links":{"self":[{"href":"https:\/\/eldigitaldeasturias.com\/magazine365\/wp-json\/wp\/v2\/posts\/57862","targetHints":{"allow":["GET"]}}],"collection":[{"href":"https:\/\/eldigitaldeasturias.com\/magazine365\/wp-json\/wp\/v2\/posts"}],"about":[{"href":"https:\/\/eldigitaldeasturias.com\/magazine365\/wp-json\/wp\/v2\/types\/post"}],"author":[{"embeddable":true,"href":"https:\/\/eldigitaldeasturias.com\/magazine365\/wp-json\/wp\/v2\/users\/1"}],"replies":[{"embeddable":true,"href":"https:\/\/eldigitaldeasturias.com\/magazine365\/wp-json\/wp\/v2\/comments?post=57862"}],"version-history":[{"count":0,"href":"https:\/\/eldigitaldeasturias.com\/magazine365\/wp-json\/wp\/v2\/posts\/57862\/revisions"}],"wp:featuredmedia":[{"embeddable":true,"href":"https:\/\/eldigitaldeasturias.com\/magazine365\/wp-json\/wp\/v2\/media\/57863"}],"wp:attachment":[{"href":"https:\/\/eldigitaldeasturias.com\/magazine365\/wp-json\/wp\/v2\/media?parent=57862"}],"wp:term":[{"taxonomy":"category","embeddable":true,"href":"https:\/\/eldigitaldeasturias.com\/magazine365\/wp-json\/wp\/v2\/categories?post=57862"},{"taxonomy":"post_tag","embeddable":true,"href":"https:\/\/eldigitaldeasturias.com\/magazine365\/wp-json\/wp\/v2\/tags?post=57862"}],"curies":[{"name":"wp","href":"https:\/\/api.w.org\/{rel}","templated":true}]}}