{"id":57763,"date":"2015-12-05T11:49:54","date_gmt":"2015-12-05T10:49:54","guid":{"rendered":"http:\/\/eldigitaldeasturias.com\/magazine365\/?p=57763"},"modified":"2015-12-05T11:49:54","modified_gmt":"2015-12-05T10:49:54","slug":"turismo-senaliza-los-banos-de-los-lodos-del-mar-menor-ante-el-aumento-de-visitantes-extranjeros-en-la-zona","status":"publish","type":"post","link":"https:\/\/eldigitaldeasturias.com\/magazine365\/turismo-senaliza-los-banos-de-los-lodos-del-mar-menor-ante-el-aumento-de-visitantes-extranjeros-en-la-zona\/","title":{"rendered":"Turismo se\u00f1aliza los Ba\u00f1os de los Lodos del Mar Menor ante el aumento de visitantes extranjeros en la zona"},"content":{"rendered":"<p><img fetchpriority=\"high\" decoding=\"async\" class=\"alignleft size-medium wp-image-57764\" src=\"https:\/\/eldigitaldeasturias.com\/magazine365\/wp-content\/uploads\/2015\/12\/fotonoticia_20151203144326_800-360x240.jpg\" alt=\"fotonoticia_20151203144326_800\" width=\"360\" height=\"240\" srcset=\"https:\/\/eldigitaldeasturias.com\/magazine365\/wp-content\/uploads\/2015\/12\/fotonoticia_20151203144326_800-360x240.jpg 360w, https:\/\/eldigitaldeasturias.com\/magazine365\/wp-content\/uploads\/2015\/12\/fotonoticia_20151203144326_800-650x433.jpg 650w, https:\/\/eldigitaldeasturias.com\/magazine365\/wp-content\/uploads\/2015\/12\/fotonoticia_20151203144326_800-768x512.jpg 768w, https:\/\/eldigitaldeasturias.com\/magazine365\/wp-content\/uploads\/2015\/12\/fotonoticia_20151203144326_800-150x100.jpg 150w, https:\/\/eldigitaldeasturias.com\/magazine365\/wp-content\/uploads\/2015\/12\/fotonoticia_20151203144326_800-450x300.jpg 450w, https:\/\/eldigitaldeasturias.com\/magazine365\/wp-content\/uploads\/2015\/12\/fotonoticia_20151203144326_800-696x464.jpg 696w, https:\/\/eldigitaldeasturias.com\/magazine365\/wp-content\/uploads\/2015\/12\/fotonoticia_20151203144326_800-630x420.jpg 630w, https:\/\/eldigitaldeasturias.com\/magazine365\/wp-content\/uploads\/2015\/12\/fotonoticia_20151203144326_800-84x55.jpg 84w, https:\/\/eldigitaldeasturias.com\/magazine365\/wp-content\/uploads\/2015\/12\/fotonoticia_20151203144326_800.jpg 800w\" sizes=\"(max-width: 360px) 100vw, 360px\" \/>La Consejer\u00eda de Desarrollo Econ\u00f3mico, Turismo y Empleo ha se\u00f1alizado con un nuevo cartel los Ba\u00f1os de los Lodos del Mar Menor como espacio de especial inter\u00e9s tur\u00edstico y como la mayor zona de lodoterapia al aire libre de Europa.<\/p>\n<p>En concreto, el cartel se ha instalado a la entrada del camino de la Mota, en el Parque Regional de las Salinas y Arenales de San Pedro del Pinatar, y contiene informaci\u00f3n en espa\u00f1ol e ingl\u00e9s sobre las caracter\u00edsticas de los lodos, sus indicaciones, modo de aplicaci\u00f3n y los lugares cercanos que se pueden visitar. Asimismo, tambi\u00e9n incluye recomendaciones para compatibilizar los ba\u00f1os de lodos con el disfrute del parque regional y del Mar Menor.<\/p>\n<p>La actuaci\u00f3n, que va a permitir ofrecer una idea inmediata al turista del entorno en el que se encuentra, se incluye en el Plan de Calidad y Mejora de Infraestructuras Tur\u00edsticas Regionales de la Consejer\u00eda de Desarrollo Econ\u00f3mico, Turismo y Empleo.<\/p>\n<p>El director general del Instituto de Turismo, Manuel Fern\u00e1ndez-Delgado ha explicado que, de este modo, se \u00abresponde a las demandas de informaci\u00f3n que realizan en su mayor\u00eda los viajeros provenientes de las operativas internacionales que organiza el Instituto de Turismo\u00bb.<\/p>\n<p>Fern\u00e1ndez-Delgado ha indicado que los lodos mineromedicinales del Mar Menor se han convertido en uno de los \u00abreclamos estrella\u00bb de la Regi\u00f3n para el turismo europeo, en especial para el turismo senior. \u00abEn este sentido, operativas como la checa, que entre 2015 y 2016 traer\u00e1 a 11.000 turistas a la Regi\u00f3n en temporada baja, programan excursiones hasta cuatro veces por semana a esta zona por la gran demanda que est\u00e1n teniendo los lodos\u00bb.<\/p>\n<p>El cartel cuenta con dimensiones limitadas para impactar lo menos posible en el paisaje, y ha sido fabricado con materiales sostenibles, como postes de madera tratada y tablero fen\u00f3lico marino, teniendo en cuenta su ubicaci\u00f3n en un espacio protegido.<\/p>\n","protected":false},"excerpt":{"rendered":"<p>La Consejer\u00eda de Desarrollo Econ\u00f3mico, Turismo y Empleo ha se\u00f1alizado con un nuevo cartel los Ba\u00f1os de los Lodos del Mar Menor como espacio de especial inter\u00e9s tur\u00edstico y como la mayor zona de lodoterapia al aire libre de Europa. En concreto, el cartel se ha instalado a la entrada del camino de la Mota,<\/p>\n","protected":false},"author":1,"featured_media":57764,"comment_status":"open","ping_status":"closed","sticky":false,"template":"","format":"standard","meta":{"footnotes":""},"categories":[224],"tags":[],"class_list":{"0":"post-57763","1":"post","2":"type-post","3":"status-publish","4":"format-standard","5":"has-post-thumbnail","7":"category-noticias-actualidad"},"aioseo_notices":[],"aioseo_head":"\n\t\t<!-- All in One SEO Pro 4.9.6.1 - aioseo.com -->\n\t<meta name=\"description\" content=\"La Consejer\u00eda de Desarrollo Econ\u00f3mico, Turismo y Empleo ha se\u00f1alizado con un nuevo cartel los Ba\u00f1os de los Lodos del Mar Menor como espacio de especial inter\u00e9s tur\u00edstico y como la mayor zona de lodoterapia al aire libre de Europa. En concreto, el cartel se ha instalado a la entrada del camino de la Mota,\" \/>\n\t<meta name=\"robots\" content=\"max-image-preview:large\" \/>\n\t<meta name=\"author\" content=\"admin\"\/>\n\t<meta name=\"google-site-verification\" content=\"UA-38556648-1\" \/>\n\t<meta name=\"keywords\" content=\"noticias y actualidad\" \/>\n\t<link rel=\"canonical\" href=\"https:\/\/eldigitaldeasturias.com\/magazine365\/turismo-senaliza-los-banos-de-los-lodos-del-mar-menor-ante-el-aumento-de-visitantes-extranjeros-en-la-zona\/\" \/>\n\t<meta name=\"generator\" content=\"All in One SEO Pro (AIOSEO) 4.9.6.1\" \/>\n\t\t<meta property=\"og:locale\" content=\"es_ES\" \/>\n\t\t<meta property=\"og:site_name\" content=\"El Digital de Asturias \u2013 Revista de ocio, turismo y estilo de vida\" \/>\n\t\t<meta property=\"og:type\" content=\"article\" \/>\n\t\t<meta property=\"og:title\" content=\"Turismo se\u00f1aliza los Ba\u00f1os de los Lodos del Mar Menor ante el aumento de visitantes extranjeros en la zona | El Digital de Asturias\" \/>\n\t\t<meta property=\"og:description\" content=\"La Consejer\u00eda de Desarrollo Econ\u00f3mico, Turismo y Empleo ha se\u00f1alizado con un nuevo cartel los Ba\u00f1os de los Lodos del Mar Menor como espacio de especial inter\u00e9s tur\u00edstico y como la mayor zona de lodoterapia al aire libre de Europa. En concreto, el cartel se ha instalado a la entrada del camino de la Mota,\" \/>\n\t\t<meta property=\"og:url\" content=\"https:\/\/eldigitaldeasturias.com\/magazine365\/turismo-senaliza-los-banos-de-los-lodos-del-mar-menor-ante-el-aumento-de-visitantes-extranjeros-en-la-zona\/\" \/>\n\t\t<meta property=\"og:image\" content=\"https:\/\/eldigitaldeasturias.com\/magazine365\/wp-content\/uploads\/2015\/12\/fotonoticia_20151203144326_800.jpg\" \/>\n\t\t<meta property=\"og:image:secure_url\" content=\"https:\/\/eldigitaldeasturias.com\/magazine365\/wp-content\/uploads\/2015\/12\/fotonoticia_20151203144326_800.jpg\" \/>\n\t\t<meta property=\"og:image:width\" content=\"800\" \/>\n\t\t<meta property=\"og:image:height\" content=\"533\" \/>\n\t\t<meta property=\"article:published_time\" content=\"2015-12-05T10:49:54+00:00\" \/>\n\t\t<meta property=\"article:modified_time\" content=\"2015-12-05T10:49:54+00:00\" \/>\n\t\t<meta name=\"twitter:card\" content=\"summary_large_image\" \/>\n\t\t<meta name=\"twitter:title\" content=\"Turismo se\u00f1aliza los Ba\u00f1os de los Lodos del Mar Menor ante el aumento de visitantes extranjeros en la zona | El Digital de Asturias\" \/>\n\t\t<meta name=\"twitter:description\" content=\"La Consejer\u00eda de Desarrollo Econ\u00f3mico, Turismo y Empleo ha se\u00f1alizado con un nuevo cartel los Ba\u00f1os de los Lodos del Mar Menor como espacio de especial inter\u00e9s tur\u00edstico y como la mayor zona de lodoterapia al aire libre de Europa. En concreto, el cartel se ha instalado a la entrada del camino de la Mota,\" \/>\n\t\t<meta name=\"twitter:image\" content=\"https:\/\/eldigitaldeasturias.com\/magazine365\/wp-content\/uploads\/2015\/12\/fotonoticia_20151203144326_800.jpg\" \/>\n\t\t<script type=\"application\/ld+json\" class=\"aioseo-schema\">\n\t\t\t{\"@context\":\"https:\\\/\\\/schema.org\",\"@graph\":[{\"@type\":\"Article\",\"@id\":\"https:\\\/\\\/eldigitaldeasturias.com\\\/magazine365\\\/turismo-senaliza-los-banos-de-los-lodos-del-mar-menor-ante-el-aumento-de-visitantes-extranjeros-en-la-zona\\\/#article\",\"name\":\"Turismo se\\u00f1aliza los Ba\\u00f1os de los Lodos del Mar Menor ante el aumento de visitantes extranjeros en la zona | El Digital de Asturias\",\"headline\":\"Turismo se\\u00f1aliza los Ba\\u00f1os de los Lodos del Mar Menor ante el aumento de visitantes extranjeros en la zona\",\"author\":{\"@id\":\"https:\\\/\\\/eldigitaldeasturias.com\\\/magazine365\\\/author\\\/admin\\\/#author\"},\"publisher\":{\"@id\":\"https:\\\/\\\/eldigitaldeasturias.com\\\/magazine365\\\/#organization\"},\"image\":{\"@type\":\"ImageObject\",\"url\":\"https:\\\/\\\/eldigitaldeasturias.com\\\/magazine365\\\/wp-content\\\/uploads\\\/2015\\\/12\\\/fotonoticia_20151203144326_800.jpg\",\"width\":800,\"height\":533},\"datePublished\":\"2015-12-05T11:49:54+01:00\",\"dateModified\":\"2015-12-05T11:49:54+01:00\",\"inLanguage\":\"es-ES\",\"mainEntityOfPage\":{\"@id\":\"https:\\\/\\\/eldigitaldeasturias.com\\\/magazine365\\\/turismo-senaliza-los-banos-de-los-lodos-del-mar-menor-ante-el-aumento-de-visitantes-extranjeros-en-la-zona\\\/#webpage\"},\"isPartOf\":{\"@id\":\"https:\\\/\\\/eldigitaldeasturias.com\\\/magazine365\\\/turismo-senaliza-los-banos-de-los-lodos-del-mar-menor-ante-el-aumento-de-visitantes-extranjeros-en-la-zona\\\/#webpage\"},\"articleSection\":\"Noticias y Actualidad\"},{\"@type\":\"BreadcrumbList\",\"@id\":\"https:\\\/\\\/eldigitaldeasturias.com\\\/magazine365\\\/turismo-senaliza-los-banos-de-los-lodos-del-mar-menor-ante-el-aumento-de-visitantes-extranjeros-en-la-zona\\\/#breadcrumblist\",\"itemListElement\":[{\"@type\":\"ListItem\",\"@id\":\"https:\\\/\\\/eldigitaldeasturias.com\\\/magazine365#listItem\",\"position\":1,\"name\":\"Home\",\"item\":\"https:\\\/\\\/eldigitaldeasturias.com\\\/magazine365\",\"nextItem\":{\"@type\":\"ListItem\",\"@id\":\"https:\\\/\\\/eldigitaldeasturias.com\\\/magazine365\\\/category\\\/noticias-actualidad\\\/#listItem\",\"name\":\"Noticias y Actualidad\"}},{\"@type\":\"ListItem\",\"@id\":\"https:\\\/\\\/eldigitaldeasturias.com\\\/magazine365\\\/category\\\/noticias-actualidad\\\/#listItem\",\"position\":2,\"name\":\"Noticias y Actualidad\",\"item\":\"https:\\\/\\\/eldigitaldeasturias.com\\\/magazine365\\\/category\\\/noticias-actualidad\\\/\",\"nextItem\":{\"@type\":\"ListItem\",\"@id\":\"https:\\\/\\\/eldigitaldeasturias.com\\\/magazine365\\\/turismo-senaliza-los-banos-de-los-lodos-del-mar-menor-ante-el-aumento-de-visitantes-extranjeros-en-la-zona\\\/#listItem\",\"name\":\"Turismo se\\u00f1aliza los Ba\\u00f1os de los Lodos del Mar Menor ante el aumento de visitantes extranjeros en la zona\"},\"previousItem\":{\"@type\":\"ListItem\",\"@id\":\"https:\\\/\\\/eldigitaldeasturias.com\\\/magazine365#listItem\",\"name\":\"Home\"}},{\"@type\":\"ListItem\",\"@id\":\"https:\\\/\\\/eldigitaldeasturias.com\\\/magazine365\\\/turismo-senaliza-los-banos-de-los-lodos-del-mar-menor-ante-el-aumento-de-visitantes-extranjeros-en-la-zona\\\/#listItem\",\"position\":3,\"name\":\"Turismo se\\u00f1aliza los Ba\\u00f1os de los Lodos del Mar Menor ante el aumento de visitantes extranjeros en la zona\",\"previousItem\":{\"@type\":\"ListItem\",\"@id\":\"https:\\\/\\\/eldigitaldeasturias.com\\\/magazine365\\\/category\\\/noticias-actualidad\\\/#listItem\",\"name\":\"Noticias y Actualidad\"}}]},{\"@type\":\"Organization\",\"@id\":\"https:\\\/\\\/eldigitaldeasturias.com\\\/magazine365\\\/#organization\",\"name\":\"El digital de Asturias\",\"description\":\"Revista de ocio, turismo y estilo de vida\",\"url\":\"https:\\\/\\\/eldigitaldeasturias.com\\\/magazine365\\\/\",\"logo\":{\"@type\":\"ImageObject\",\"url\":\"https:\\\/\\\/www.eldigitaldeasturias.com\\\/noticias\\\/wp-content\\\/uploads\\\/2020\\\/12\\\/EDA.jpg\",\"@id\":\"https:\\\/\\\/eldigitaldeasturias.com\\\/magazine365\\\/turismo-senaliza-los-banos-de-los-lodos-del-mar-menor-ante-el-aumento-de-visitantes-extranjeros-en-la-zona\\\/#organizationLogo\"},\"image\":{\"@id\":\"https:\\\/\\\/eldigitaldeasturias.com\\\/magazine365\\\/turismo-senaliza-los-banos-de-los-lodos-del-mar-menor-ante-el-aumento-de-visitantes-extranjeros-en-la-zona\\\/#organizationLogo\"}},{\"@type\":\"Person\",\"@id\":\"https:\\\/\\\/eldigitaldeasturias.com\\\/magazine365\\\/author\\\/admin\\\/#author\",\"url\":\"https:\\\/\\\/eldigitaldeasturias.com\\\/magazine365\\\/author\\\/admin\\\/\",\"name\":\"admin\",\"image\":{\"@type\":\"ImageObject\",\"@id\":\"https:\\\/\\\/eldigitaldeasturias.com\\\/magazine365\\\/turismo-senaliza-los-banos-de-los-lodos-del-mar-menor-ante-el-aumento-de-visitantes-extranjeros-en-la-zona\\\/#authorImage\",\"url\":\"https:\\\/\\\/eldigitaldeasturias.com\\\/magazine365\\\/wp-content\\\/litespeed\\\/avatar\\\/e571bcf59a0edd6fa6838245a470f2fe.jpg?ver=1777574230\",\"width\":96,\"height\":96,\"caption\":\"admin\"}},{\"@type\":\"WebPage\",\"@id\":\"https:\\\/\\\/eldigitaldeasturias.com\\\/magazine365\\\/turismo-senaliza-los-banos-de-los-lodos-del-mar-menor-ante-el-aumento-de-visitantes-extranjeros-en-la-zona\\\/#webpage\",\"url\":\"https:\\\/\\\/eldigitaldeasturias.com\\\/magazine365\\\/turismo-senaliza-los-banos-de-los-lodos-del-mar-menor-ante-el-aumento-de-visitantes-extranjeros-en-la-zona\\\/\",\"name\":\"Turismo se\\u00f1aliza los Ba\\u00f1os de los Lodos del Mar Menor ante el aumento de visitantes extranjeros en la zona | El Digital de Asturias\",\"description\":\"La Consejer\\u00eda de Desarrollo Econ\\u00f3mico, Turismo y Empleo ha se\\u00f1alizado con un nuevo cartel los Ba\\u00f1os de los Lodos del Mar Menor como espacio de especial inter\\u00e9s tur\\u00edstico y como la mayor zona de lodoterapia al aire libre de Europa. En concreto, el cartel se ha instalado a la entrada del camino de la Mota,\",\"inLanguage\":\"es-ES\",\"isPartOf\":{\"@id\":\"https:\\\/\\\/eldigitaldeasturias.com\\\/magazine365\\\/#website\"},\"breadcrumb\":{\"@id\":\"https:\\\/\\\/eldigitaldeasturias.com\\\/magazine365\\\/turismo-senaliza-los-banos-de-los-lodos-del-mar-menor-ante-el-aumento-de-visitantes-extranjeros-en-la-zona\\\/#breadcrumblist\"},\"author\":{\"@id\":\"https:\\\/\\\/eldigitaldeasturias.com\\\/magazine365\\\/author\\\/admin\\\/#author\"},\"creator\":{\"@id\":\"https:\\\/\\\/eldigitaldeasturias.com\\\/magazine365\\\/author\\\/admin\\\/#author\"},\"image\":{\"@type\":\"ImageObject\",\"url\":\"https:\\\/\\\/eldigitaldeasturias.com\\\/magazine365\\\/wp-content\\\/uploads\\\/2015\\\/12\\\/fotonoticia_20151203144326_800.jpg\",\"@id\":\"https:\\\/\\\/eldigitaldeasturias.com\\\/magazine365\\\/turismo-senaliza-los-banos-de-los-lodos-del-mar-menor-ante-el-aumento-de-visitantes-extranjeros-en-la-zona\\\/#mainImage\",\"width\":800,\"height\":533},\"primaryImageOfPage\":{\"@id\":\"https:\\\/\\\/eldigitaldeasturias.com\\\/magazine365\\\/turismo-senaliza-los-banos-de-los-lodos-del-mar-menor-ante-el-aumento-de-visitantes-extranjeros-en-la-zona\\\/#mainImage\"},\"datePublished\":\"2015-12-05T11:49:54+01:00\",\"dateModified\":\"2015-12-05T11:49:54+01:00\"},{\"@type\":\"WebSite\",\"@id\":\"https:\\\/\\\/eldigitaldeasturias.com\\\/magazine365\\\/#website\",\"url\":\"https:\\\/\\\/eldigitaldeasturias.com\\\/magazine365\\\/\",\"name\":\"El Digital de Asturias\",\"description\":\"Revista de ocio, turismo y estilo de vida\",\"inLanguage\":\"es-ES\",\"publisher\":{\"@id\":\"https:\\\/\\\/eldigitaldeasturias.com\\\/magazine365\\\/#organization\"}}]}\n\t\t<\/script>\n\t\t<!-- All in One SEO Pro -->\r\n\t\t<title>Turismo se\u00f1aliza los Ba\u00f1os de los Lodos del Mar Menor ante el aumento de visitantes extranjeros en la zona | El Digital de Asturias<\/title>\n\n","aioseo_head_json":{"title":"Turismo se\u00f1aliza los Ba\u00f1os de los Lodos del Mar Menor ante el aumento de visitantes extranjeros en la zona | El Digital de Asturias","description":"La Consejer\u00eda de Desarrollo Econ\u00f3mico, Turismo y Empleo ha se\u00f1alizado con un nuevo cartel los Ba\u00f1os de los Lodos del Mar Menor como espacio de especial inter\u00e9s tur\u00edstico y como la mayor zona de lodoterapia al aire libre de Europa. En concreto, el cartel se ha instalado a la entrada del camino de la Mota,","canonical_url":"https:\/\/eldigitaldeasturias.com\/magazine365\/turismo-senaliza-los-banos-de-los-lodos-del-mar-menor-ante-el-aumento-de-visitantes-extranjeros-en-la-zona\/","robots":"max-image-preview:large","keywords":"noticias y actualidad","webmasterTools":{"google-site-verification":"UA-38556648-1","miscellaneous":""},"schema":{"@context":"https:\/\/schema.org","@graph":[{"@type":"Article","@id":"https:\/\/eldigitaldeasturias.com\/magazine365\/turismo-senaliza-los-banos-de-los-lodos-del-mar-menor-ante-el-aumento-de-visitantes-extranjeros-en-la-zona\/#article","name":"Turismo se\u00f1aliza los Ba\u00f1os de los Lodos del Mar Menor ante el aumento de visitantes extranjeros en la zona | El Digital de Asturias","headline":"Turismo se\u00f1aliza los Ba\u00f1os de los Lodos del Mar Menor ante el aumento de visitantes extranjeros en la zona","author":{"@id":"https:\/\/eldigitaldeasturias.com\/magazine365\/author\/admin\/#author"},"publisher":{"@id":"https:\/\/eldigitaldeasturias.com\/magazine365\/#organization"},"image":{"@type":"ImageObject","url":"https:\/\/eldigitaldeasturias.com\/magazine365\/wp-content\/uploads\/2015\/12\/fotonoticia_20151203144326_800.jpg","width":800,"height":533},"datePublished":"2015-12-05T11:49:54+01:00","dateModified":"2015-12-05T11:49:54+01:00","inLanguage":"es-ES","mainEntityOfPage":{"@id":"https:\/\/eldigitaldeasturias.com\/magazine365\/turismo-senaliza-los-banos-de-los-lodos-del-mar-menor-ante-el-aumento-de-visitantes-extranjeros-en-la-zona\/#webpage"},"isPartOf":{"@id":"https:\/\/eldigitaldeasturias.com\/magazine365\/turismo-senaliza-los-banos-de-los-lodos-del-mar-menor-ante-el-aumento-de-visitantes-extranjeros-en-la-zona\/#webpage"},"articleSection":"Noticias y Actualidad"},{"@type":"BreadcrumbList","@id":"https:\/\/eldigitaldeasturias.com\/magazine365\/turismo-senaliza-los-banos-de-los-lodos-del-mar-menor-ante-el-aumento-de-visitantes-extranjeros-en-la-zona\/#breadcrumblist","itemListElement":[{"@type":"ListItem","@id":"https:\/\/eldigitaldeasturias.com\/magazine365#listItem","position":1,"name":"Home","item":"https:\/\/eldigitaldeasturias.com\/magazine365","nextItem":{"@type":"ListItem","@id":"https:\/\/eldigitaldeasturias.com\/magazine365\/category\/noticias-actualidad\/#listItem","name":"Noticias y Actualidad"}},{"@type":"ListItem","@id":"https:\/\/eldigitaldeasturias.com\/magazine365\/category\/noticias-actualidad\/#listItem","position":2,"name":"Noticias y Actualidad","item":"https:\/\/eldigitaldeasturias.com\/magazine365\/category\/noticias-actualidad\/","nextItem":{"@type":"ListItem","@id":"https:\/\/eldigitaldeasturias.com\/magazine365\/turismo-senaliza-los-banos-de-los-lodos-del-mar-menor-ante-el-aumento-de-visitantes-extranjeros-en-la-zona\/#listItem","name":"Turismo se\u00f1aliza los Ba\u00f1os de los Lodos del Mar Menor ante el aumento de visitantes extranjeros en la zona"},"previousItem":{"@type":"ListItem","@id":"https:\/\/eldigitaldeasturias.com\/magazine365#listItem","name":"Home"}},{"@type":"ListItem","@id":"https:\/\/eldigitaldeasturias.com\/magazine365\/turismo-senaliza-los-banos-de-los-lodos-del-mar-menor-ante-el-aumento-de-visitantes-extranjeros-en-la-zona\/#listItem","position":3,"name":"Turismo se\u00f1aliza los Ba\u00f1os de los Lodos del Mar Menor ante el aumento de visitantes extranjeros en la zona","previousItem":{"@type":"ListItem","@id":"https:\/\/eldigitaldeasturias.com\/magazine365\/category\/noticias-actualidad\/#listItem","name":"Noticias y Actualidad"}}]},{"@type":"Organization","@id":"https:\/\/eldigitaldeasturias.com\/magazine365\/#organization","name":"El digital de Asturias","description":"Revista de ocio, turismo y estilo de vida","url":"https:\/\/eldigitaldeasturias.com\/magazine365\/","logo":{"@type":"ImageObject","url":"https:\/\/www.eldigitaldeasturias.com\/noticias\/wp-content\/uploads\/2020\/12\/EDA.jpg","@id":"https:\/\/eldigitaldeasturias.com\/magazine365\/turismo-senaliza-los-banos-de-los-lodos-del-mar-menor-ante-el-aumento-de-visitantes-extranjeros-en-la-zona\/#organizationLogo"},"image":{"@id":"https:\/\/eldigitaldeasturias.com\/magazine365\/turismo-senaliza-los-banos-de-los-lodos-del-mar-menor-ante-el-aumento-de-visitantes-extranjeros-en-la-zona\/#organizationLogo"}},{"@type":"Person","@id":"https:\/\/eldigitaldeasturias.com\/magazine365\/author\/admin\/#author","url":"https:\/\/eldigitaldeasturias.com\/magazine365\/author\/admin\/","name":"admin","image":{"@type":"ImageObject","@id":"https:\/\/eldigitaldeasturias.com\/magazine365\/turismo-senaliza-los-banos-de-los-lodos-del-mar-menor-ante-el-aumento-de-visitantes-extranjeros-en-la-zona\/#authorImage","url":"https:\/\/eldigitaldeasturias.com\/magazine365\/wp-content\/litespeed\/avatar\/e571bcf59a0edd6fa6838245a470f2fe.jpg?ver=1777574230","width":96,"height":96,"caption":"admin"}},{"@type":"WebPage","@id":"https:\/\/eldigitaldeasturias.com\/magazine365\/turismo-senaliza-los-banos-de-los-lodos-del-mar-menor-ante-el-aumento-de-visitantes-extranjeros-en-la-zona\/#webpage","url":"https:\/\/eldigitaldeasturias.com\/magazine365\/turismo-senaliza-los-banos-de-los-lodos-del-mar-menor-ante-el-aumento-de-visitantes-extranjeros-en-la-zona\/","name":"Turismo se\u00f1aliza los Ba\u00f1os de los Lodos del Mar Menor ante el aumento de visitantes extranjeros en la zona | El Digital de Asturias","description":"La Consejer\u00eda de Desarrollo Econ\u00f3mico, Turismo y Empleo ha se\u00f1alizado con un nuevo cartel los Ba\u00f1os de los Lodos del Mar Menor como espacio de especial inter\u00e9s tur\u00edstico y como la mayor zona de lodoterapia al aire libre de Europa. En concreto, el cartel se ha instalado a la entrada del camino de la Mota,","inLanguage":"es-ES","isPartOf":{"@id":"https:\/\/eldigitaldeasturias.com\/magazine365\/#website"},"breadcrumb":{"@id":"https:\/\/eldigitaldeasturias.com\/magazine365\/turismo-senaliza-los-banos-de-los-lodos-del-mar-menor-ante-el-aumento-de-visitantes-extranjeros-en-la-zona\/#breadcrumblist"},"author":{"@id":"https:\/\/eldigitaldeasturias.com\/magazine365\/author\/admin\/#author"},"creator":{"@id":"https:\/\/eldigitaldeasturias.com\/magazine365\/author\/admin\/#author"},"image":{"@type":"ImageObject","url":"https:\/\/eldigitaldeasturias.com\/magazine365\/wp-content\/uploads\/2015\/12\/fotonoticia_20151203144326_800.jpg","@id":"https:\/\/eldigitaldeasturias.com\/magazine365\/turismo-senaliza-los-banos-de-los-lodos-del-mar-menor-ante-el-aumento-de-visitantes-extranjeros-en-la-zona\/#mainImage","width":800,"height":533},"primaryImageOfPage":{"@id":"https:\/\/eldigitaldeasturias.com\/magazine365\/turismo-senaliza-los-banos-de-los-lodos-del-mar-menor-ante-el-aumento-de-visitantes-extranjeros-en-la-zona\/#mainImage"},"datePublished":"2015-12-05T11:49:54+01:00","dateModified":"2015-12-05T11:49:54+01:00"},{"@type":"WebSite","@id":"https:\/\/eldigitaldeasturias.com\/magazine365\/#website","url":"https:\/\/eldigitaldeasturias.com\/magazine365\/","name":"El Digital de Asturias","description":"Revista de ocio, turismo y estilo de vida","inLanguage":"es-ES","publisher":{"@id":"https:\/\/eldigitaldeasturias.com\/magazine365\/#organization"}}]},"og:locale":"es_ES","og:site_name":"El Digital de Asturias \u2013 Revista de ocio, turismo y estilo de vida","og:type":"article","og:title":"Turismo se\u00f1aliza los Ba\u00f1os de los Lodos del Mar Menor ante el aumento de visitantes extranjeros en la zona | El Digital de Asturias","og:description":"La Consejer\u00eda de Desarrollo Econ\u00f3mico, Turismo y Empleo ha se\u00f1alizado con un nuevo cartel los Ba\u00f1os de los Lodos del Mar Menor como espacio de especial inter\u00e9s tur\u00edstico y como la mayor zona de lodoterapia al aire libre de Europa. En concreto, el cartel se ha instalado a la entrada del camino de la Mota,","og:url":"https:\/\/eldigitaldeasturias.com\/magazine365\/turismo-senaliza-los-banos-de-los-lodos-del-mar-menor-ante-el-aumento-de-visitantes-extranjeros-en-la-zona\/","og:image":"https:\/\/eldigitaldeasturias.com\/magazine365\/wp-content\/uploads\/2015\/12\/fotonoticia_20151203144326_800.jpg","og:image:secure_url":"https:\/\/eldigitaldeasturias.com\/magazine365\/wp-content\/uploads\/2015\/12\/fotonoticia_20151203144326_800.jpg","og:image:width":800,"og:image:height":533,"article:published_time":"2015-12-05T10:49:54+00:00","article:modified_time":"2015-12-05T10:49:54+00:00","twitter:card":"summary_large_image","twitter:title":"Turismo se\u00f1aliza los Ba\u00f1os de los Lodos del Mar Menor ante el aumento de visitantes extranjeros en la zona | El Digital de Asturias","twitter:description":"La Consejer\u00eda de Desarrollo Econ\u00f3mico, Turismo y Empleo ha se\u00f1alizado con un nuevo cartel los Ba\u00f1os de los Lodos del Mar Menor como espacio de especial inter\u00e9s tur\u00edstico y como la mayor zona de lodoterapia al aire libre de Europa. En concreto, el cartel se ha instalado a la entrada del camino de la Mota,","twitter:image":"https:\/\/eldigitaldeasturias.com\/magazine365\/wp-content\/uploads\/2015\/12\/fotonoticia_20151203144326_800.jpg"},"aioseo_meta_data":{"post_id":"57763","title":null,"description":null,"keywords":null,"keyphrases":null,"primary_term":null,"canonical_url":null,"og_title":null,"og_description":null,"og_object_type":"default","og_image_type":"default","og_image_url":null,"og_image_width":null,"og_image_height":null,"og_image_custom_url":null,"og_image_custom_fields":null,"og_video":null,"og_custom_url":null,"og_article_section":null,"og_article_tags":null,"twitter_use_og":false,"twitter_card":"default","twitter_image_type":"default","twitter_image_url":null,"twitter_image_custom_url":null,"twitter_image_custom_fields":null,"twitter_title":null,"twitter_description":null,"schema":{"blockGraphs":[],"customGraphs":[],"default":{"data":{"Article":[],"Course":[],"Dataset":[],"FAQPage":[],"Movie":[],"Person":[],"Product":[],"ProductReview":[],"Car":[],"Recipe":[],"Service":[],"SoftwareApplication":[],"WebPage":[]},"graphName":"","isEnabled":true},"graphs":[],"defaultGraph":"","defaultPostTypeGraph":""},"schema_type":null,"schema_type_options":null,"pillar_content":false,"robots_default":true,"robots_noindex":false,"robots_noarchive":false,"robots_nosnippet":false,"robots_nofollow":false,"robots_noimageindex":false,"robots_noodp":false,"robots_notranslate":false,"robots_max_snippet":null,"robots_max_videopreview":null,"robots_max_imagepreview":"large","priority":null,"frequency":null,"location":null,"local_seo":null,"seo_analyzer_scan_date":"2025-09-25 01:37:13","breadcrumb_settings":null,"limit_modified_date":false,"open_ai":null,"ai":null,"created":"2021-03-08 22:39:42","updated":"2025-09-25 01:37:13"},"aioseo_breadcrumb":"<div class=\"aioseo-breadcrumbs\"><span class=\"aioseo-breadcrumb\">\n\t<a href=\"https:\/\/eldigitaldeasturias.com\/magazine365\" title=\"Home\">Home<\/a>\n<\/span><span class=\"aioseo-breadcrumb-separator\">\u2013<\/span><span class=\"aioseo-breadcrumb\">\n\t<a href=\"https:\/\/eldigitaldeasturias.com\/magazine365\/category\/noticias-actualidad\/\" title=\"Noticias y Actualidad\">Noticias y Actualidad<\/a>\n<\/span><span class=\"aioseo-breadcrumb-separator\">\u2013<\/span><span class=\"aioseo-breadcrumb\">\n\t<a href=\"https:\/\/eldigitaldeasturias.com\/magazine365\/turismo-senaliza-los-banos-de-los-lodos-del-mar-menor-ante-el-aumento-de-visitantes-extranjeros-en-la-zona\/\" title=\"Turismo se\u00f1aliza los Ba\u00f1os de los Lodos del Mar Menor ante el aumento de visitantes extranjeros en la zona\">Turismo se\u00f1aliza los Ba\u00f1os de los Lodos del Mar Menor ante el aumento de visitantes extranjeros en la zona<\/a>\n<\/span><\/div>","aioseo_breadcrumb_json":[{"label":"Home","link":"https:\/\/eldigitaldeasturias.com\/magazine365"},{"label":"Noticias y Actualidad","link":"https:\/\/eldigitaldeasturias.com\/magazine365\/category\/noticias-actualidad\/"},{"label":"Turismo se\u00f1aliza los Ba\u00f1os de los Lodos del Mar Menor ante el aumento de visitantes extranjeros en la zona","link":"https:\/\/eldigitaldeasturias.com\/magazine365\/turismo-senaliza-los-banos-de-los-lodos-del-mar-menor-ante-el-aumento-de-visitantes-extranjeros-en-la-zona\/"}],"_links":{"self":[{"href":"https:\/\/eldigitaldeasturias.com\/magazine365\/wp-json\/wp\/v2\/posts\/57763","targetHints":{"allow":["GET"]}}],"collection":[{"href":"https:\/\/eldigitaldeasturias.com\/magazine365\/wp-json\/wp\/v2\/posts"}],"about":[{"href":"https:\/\/eldigitaldeasturias.com\/magazine365\/wp-json\/wp\/v2\/types\/post"}],"author":[{"embeddable":true,"href":"https:\/\/eldigitaldeasturias.com\/magazine365\/wp-json\/wp\/v2\/users\/1"}],"replies":[{"embeddable":true,"href":"https:\/\/eldigitaldeasturias.com\/magazine365\/wp-json\/wp\/v2\/comments?post=57763"}],"version-history":[{"count":0,"href":"https:\/\/eldigitaldeasturias.com\/magazine365\/wp-json\/wp\/v2\/posts\/57763\/revisions"}],"wp:featuredmedia":[{"embeddable":true,"href":"https:\/\/eldigitaldeasturias.com\/magazine365\/wp-json\/wp\/v2\/media\/57764"}],"wp:attachment":[{"href":"https:\/\/eldigitaldeasturias.com\/magazine365\/wp-json\/wp\/v2\/media?parent=57763"}],"wp:term":[{"taxonomy":"category","embeddable":true,"href":"https:\/\/eldigitaldeasturias.com\/magazine365\/wp-json\/wp\/v2\/categories?post=57763"},{"taxonomy":"post_tag","embeddable":true,"href":"https:\/\/eldigitaldeasturias.com\/magazine365\/wp-json\/wp\/v2\/tags?post=57763"}],"curies":[{"name":"wp","href":"https:\/\/api.w.org\/{rel}","templated":true}]}}