{"id":57620,"date":"2015-12-05T02:41:05","date_gmt":"2015-12-05T01:41:05","guid":{"rendered":"http:\/\/eldigitaldeasturias.com\/magazine365\/?p=57620"},"modified":"2015-12-05T02:41:05","modified_gmt":"2015-12-05T01:41:05","slug":"el-presidente-de-aragon-exigira-al-estado-que-financie-y-pague-los-servicios-de-renfe-en-la-comunidad","status":"publish","type":"post","link":"https:\/\/eldigitaldeasturias.com\/magazine365\/el-presidente-de-aragon-exigira-al-estado-que-financie-y-pague-los-servicios-de-renfe-en-la-comunidad\/","title":{"rendered":"El presidente de Arag\u00f3n exigir\u00e1 al Estado que \u00abfinancie y pague\u00bb los servicios de Renfe en la comunidad"},"content":{"rendered":"<p><img fetchpriority=\"high\" decoding=\"async\" class=\"alignleft size-medium wp-image-57621\" src=\"https:\/\/eldigitaldeasturias.com\/magazine365\/wp-content\/uploads\/2015\/12\/fotonoticia_20151202133649_800-243x300.jpg\" alt=\"fotonoticia_20151202133649_800\" width=\"243\" height=\"300\" srcset=\"https:\/\/eldigitaldeasturias.com\/magazine365\/wp-content\/uploads\/2015\/12\/fotonoticia_20151202133649_800-243x300.jpg 243w, https:\/\/eldigitaldeasturias.com\/magazine365\/wp-content\/uploads\/2015\/12\/fotonoticia_20151202133649_800-519x640.jpg 519w, https:\/\/eldigitaldeasturias.com\/magazine365\/wp-content\/uploads\/2015\/12\/fotonoticia_20151202133649_800-768x947.jpg 768w, https:\/\/eldigitaldeasturias.com\/magazine365\/wp-content\/uploads\/2015\/12\/fotonoticia_20151202133649_800-150x185.jpg 150w, https:\/\/eldigitaldeasturias.com\/magazine365\/wp-content\/uploads\/2015\/12\/fotonoticia_20151202133649_800-450x555.jpg 450w, https:\/\/eldigitaldeasturias.com\/magazine365\/wp-content\/uploads\/2015\/12\/fotonoticia_20151202133649_800-324x400.jpg 324w, https:\/\/eldigitaldeasturias.com\/magazine365\/wp-content\/uploads\/2015\/12\/fotonoticia_20151202133649_800-696x858.jpg 696w, https:\/\/eldigitaldeasturias.com\/magazine365\/wp-content\/uploads\/2015\/12\/fotonoticia_20151202133649_800-341x420.jpg 341w, https:\/\/eldigitaldeasturias.com\/magazine365\/wp-content\/uploads\/2015\/12\/fotonoticia_20151202133649_800.jpg 800w\" sizes=\"(max-width: 243px) 100vw, 243px\" \/>El presidente del Gobierno de Arag\u00f3n, el socialista Javier Lamb\u00e1n, ha manifestado que \u00abvamos exigir al Estado que financie y pague\u00bb los servicios de Renfe en la Comunidad aut\u00f3noma y \u00abvamos a ser inmisericordes\u00bb tanto con el actual jefe del Ejecutivo central, el &#8216;popular&#8217; Mariano Rajoy, como con \u00abel pr\u00f3ximo presidente del Gobierno\u00bb que salga tras las elecciones generales del pr\u00f3ximo 20 de diciembre.<\/p>\n<p>En declaraciones a los medios de comunicaci\u00f3n, en los pasillos del Parlamento auton\u00f3mico, donde se celebra sesi\u00f3n plenaria, Lamb\u00e1n ha animado a la opini\u00f3n p\u00fablica a ser \u00abc\u00f3mplice activo\u00bb del Ejecutivo auton\u00f3mico \u00aba la hora de exigir al Estado que cumpla con sus obligaciones\u00bb.<\/p>\n<p>En este sentido, ha argumentado que \u00abno puede ser que estemos sometidos a restricciones absolutamente insoportables a trav\u00e9s del establecimiento de techos de gasto, del cumplimiento estricto de la ley de estabilidad, que no tengamos recursos suficientes para cumplir con nuestras competencias y que, adem\u00e1s de maltratados, el Estado cargue sobre las espaldas de las Comunidades el cumplimiento de las obligaciones que le son propias\u00bb.<\/p>\n<p>Por eso, ha remarcado que \u00abvamos a tratar de cumplir con nuestra obligaci\u00f3n, somos una entidad prestacional de servicios\u00bb para ofrecerlos \u00abbien\u00bb y ha advertido de que si esta postura y haber suprimido de los Presupuestos de la Comunidad para 2016 la partida destinada al convenio con Renfe pone en peligro alguna l\u00ednea ferroviaria \u00abnos plantaremos en la Moncloa o donde haga falta para exigir al Gobierno de Espa\u00f1a que cumpla con su obligaci\u00f3n\u00bb.<\/p>\n<p>Lamb\u00e1n ha incidido que \u00ablos aragoneses deber\u00edan ser exigentes con sus pol\u00edticos y con el nivel de responsabilidad que cada cual tiene\u00bb y ha apuntado que hay muchas cuestiones que dependen de la Uni\u00f3n Europea y del Ejecutivo central y al de Arag\u00f3n \u00abse nos tiene que pedir cuentas por el cumplimiento de nuestro cometido y no de otros\u00bb.<\/p>\n","protected":false},"excerpt":{"rendered":"<p>El presidente del Gobierno de Arag\u00f3n, el socialista Javier Lamb\u00e1n, ha manifestado que \u00abvamos exigir al Estado que financie y pague\u00bb los servicios de Renfe en la Comunidad aut\u00f3noma y \u00abvamos a ser inmisericordes\u00bb tanto con el actual jefe del Ejecutivo central, el &#8216;popular&#8217; Mariano Rajoy, como con \u00abel pr\u00f3ximo presidente del Gobierno\u00bb que salga<\/p>\n","protected":false},"author":1,"featured_media":57621,"comment_status":"open","ping_status":"closed","sticky":false,"template":"","format":"standard","meta":{"footnotes":""},"categories":[224],"tags":[],"class_list":{"0":"post-57620","1":"post","2":"type-post","3":"status-publish","4":"format-standard","5":"has-post-thumbnail","7":"category-noticias-actualidad"},"aioseo_notices":[],"aioseo_head":"\n\t\t<!-- All in One SEO Pro 4.9.6.1 - aioseo.com -->\n\t<meta name=\"description\" content=\"El presidente del Gobierno de Arag\u00f3n, el socialista Javier Lamb\u00e1n, ha manifestado que &quot;vamos exigir al Estado que financie y pague&quot; los servicios de Renfe en la Comunidad aut\u00f3noma y &quot;vamos a ser inmisericordes&quot; tanto con el actual jefe del Ejecutivo central, el &#039;popular&#039; Mariano Rajoy, como con &quot;el pr\u00f3ximo presidente del Gobierno&quot; que salga\" \/>\n\t<meta name=\"robots\" content=\"max-image-preview:large\" \/>\n\t<meta name=\"author\" content=\"admin\"\/>\n\t<meta name=\"google-site-verification\" content=\"UA-38556648-1\" \/>\n\t<meta name=\"keywords\" content=\"noticias y actualidad\" \/>\n\t<link rel=\"canonical\" href=\"https:\/\/eldigitaldeasturias.com\/magazine365\/el-presidente-de-aragon-exigira-al-estado-que-financie-y-pague-los-servicios-de-renfe-en-la-comunidad\/\" \/>\n\t<meta name=\"generator\" content=\"All in One SEO Pro (AIOSEO) 4.9.6.1\" \/>\n\t\t<meta property=\"og:locale\" content=\"es_ES\" \/>\n\t\t<meta property=\"og:site_name\" content=\"El Digital de Asturias \u2013 Revista de ocio, turismo y estilo de vida\" \/>\n\t\t<meta property=\"og:type\" content=\"article\" \/>\n\t\t<meta property=\"og:title\" content=\"El presidente de Arag\u00f3n exigir\u00e1 al Estado que \u00abfinancie y pague\u00bb los servicios de Renfe en la comunidad | El Digital de Asturias\" \/>\n\t\t<meta property=\"og:description\" content=\"El presidente del Gobierno de Arag\u00f3n, el socialista Javier Lamb\u00e1n, ha manifestado que &quot;vamos exigir al Estado que financie y pague&quot; los servicios de Renfe en la Comunidad aut\u00f3noma y &quot;vamos a ser inmisericordes&quot; tanto con el actual jefe del Ejecutivo central, el &#039;popular&#039; Mariano Rajoy, como con &quot;el pr\u00f3ximo presidente del Gobierno&quot; que salga\" \/>\n\t\t<meta property=\"og:url\" content=\"https:\/\/eldigitaldeasturias.com\/magazine365\/el-presidente-de-aragon-exigira-al-estado-que-financie-y-pague-los-servicios-de-renfe-en-la-comunidad\/\" \/>\n\t\t<meta property=\"og:image\" content=\"https:\/\/eldigitaldeasturias.com\/magazine365\/wp-content\/uploads\/2015\/12\/fotonoticia_20151202133649_800.jpg\" \/>\n\t\t<meta property=\"og:image:secure_url\" content=\"https:\/\/eldigitaldeasturias.com\/magazine365\/wp-content\/uploads\/2015\/12\/fotonoticia_20151202133649_800.jpg\" \/>\n\t\t<meta property=\"og:image:width\" content=\"800\" \/>\n\t\t<meta property=\"og:image:height\" content=\"986\" \/>\n\t\t<meta property=\"article:published_time\" content=\"2015-12-05T01:41:05+00:00\" \/>\n\t\t<meta property=\"article:modified_time\" content=\"2015-12-05T01:41:05+00:00\" \/>\n\t\t<meta name=\"twitter:card\" content=\"summary_large_image\" \/>\n\t\t<meta name=\"twitter:title\" content=\"El presidente de Arag\u00f3n exigir\u00e1 al Estado que \u00abfinancie y pague\u00bb los servicios de Renfe en la comunidad | El Digital de Asturias\" \/>\n\t\t<meta name=\"twitter:description\" content=\"El presidente del Gobierno de Arag\u00f3n, el socialista Javier Lamb\u00e1n, ha manifestado que &quot;vamos exigir al Estado que financie y pague&quot; los servicios de Renfe en la Comunidad aut\u00f3noma y &quot;vamos a ser inmisericordes&quot; tanto con el actual jefe del Ejecutivo central, el &#039;popular&#039; Mariano Rajoy, como con &quot;el pr\u00f3ximo presidente del Gobierno&quot; que salga\" \/>\n\t\t<meta name=\"twitter:image\" content=\"https:\/\/eldigitaldeasturias.com\/magazine365\/wp-content\/uploads\/2015\/12\/fotonoticia_20151202133649_800.jpg\" \/>\n\t\t<script type=\"application\/ld+json\" class=\"aioseo-schema\">\n\t\t\t{\"@context\":\"https:\\\/\\\/schema.org\",\"@graph\":[{\"@type\":\"Article\",\"@id\":\"https:\\\/\\\/eldigitaldeasturias.com\\\/magazine365\\\/el-presidente-de-aragon-exigira-al-estado-que-financie-y-pague-los-servicios-de-renfe-en-la-comunidad\\\/#article\",\"name\":\"El presidente de Arag\\u00f3n exigir\\u00e1 al Estado que \\u00abfinancie y pague\\u00bb los servicios de Renfe en la comunidad | El Digital de Asturias\",\"headline\":\"El presidente de Arag\\u00f3n exigir\\u00e1 al Estado que \\u00abfinancie y pague\\u00bb los servicios de Renfe en la comunidad\",\"author\":{\"@id\":\"https:\\\/\\\/eldigitaldeasturias.com\\\/magazine365\\\/author\\\/admin\\\/#author\"},\"publisher\":{\"@id\":\"https:\\\/\\\/eldigitaldeasturias.com\\\/magazine365\\\/#organization\"},\"image\":{\"@type\":\"ImageObject\",\"url\":\"https:\\\/\\\/eldigitaldeasturias.com\\\/magazine365\\\/wp-content\\\/uploads\\\/2015\\\/12\\\/fotonoticia_20151202133649_800.jpg\",\"width\":800,\"height\":986},\"datePublished\":\"2015-12-05T02:41:05+01:00\",\"dateModified\":\"2015-12-05T02:41:05+01:00\",\"inLanguage\":\"es-ES\",\"mainEntityOfPage\":{\"@id\":\"https:\\\/\\\/eldigitaldeasturias.com\\\/magazine365\\\/el-presidente-de-aragon-exigira-al-estado-que-financie-y-pague-los-servicios-de-renfe-en-la-comunidad\\\/#webpage\"},\"isPartOf\":{\"@id\":\"https:\\\/\\\/eldigitaldeasturias.com\\\/magazine365\\\/el-presidente-de-aragon-exigira-al-estado-que-financie-y-pague-los-servicios-de-renfe-en-la-comunidad\\\/#webpage\"},\"articleSection\":\"Noticias y Actualidad\"},{\"@type\":\"BreadcrumbList\",\"@id\":\"https:\\\/\\\/eldigitaldeasturias.com\\\/magazine365\\\/el-presidente-de-aragon-exigira-al-estado-que-financie-y-pague-los-servicios-de-renfe-en-la-comunidad\\\/#breadcrumblist\",\"itemListElement\":[{\"@type\":\"ListItem\",\"@id\":\"https:\\\/\\\/eldigitaldeasturias.com\\\/magazine365#listItem\",\"position\":1,\"name\":\"Home\",\"item\":\"https:\\\/\\\/eldigitaldeasturias.com\\\/magazine365\",\"nextItem\":{\"@type\":\"ListItem\",\"@id\":\"https:\\\/\\\/eldigitaldeasturias.com\\\/magazine365\\\/category\\\/noticias-actualidad\\\/#listItem\",\"name\":\"Noticias y Actualidad\"}},{\"@type\":\"ListItem\",\"@id\":\"https:\\\/\\\/eldigitaldeasturias.com\\\/magazine365\\\/category\\\/noticias-actualidad\\\/#listItem\",\"position\":2,\"name\":\"Noticias y Actualidad\",\"item\":\"https:\\\/\\\/eldigitaldeasturias.com\\\/magazine365\\\/category\\\/noticias-actualidad\\\/\",\"nextItem\":{\"@type\":\"ListItem\",\"@id\":\"https:\\\/\\\/eldigitaldeasturias.com\\\/magazine365\\\/el-presidente-de-aragon-exigira-al-estado-que-financie-y-pague-los-servicios-de-renfe-en-la-comunidad\\\/#listItem\",\"name\":\"El presidente de Arag\\u00f3n exigir\\u00e1 al Estado que \\u00abfinancie y pague\\u00bb los servicios de Renfe en la comunidad\"},\"previousItem\":{\"@type\":\"ListItem\",\"@id\":\"https:\\\/\\\/eldigitaldeasturias.com\\\/magazine365#listItem\",\"name\":\"Home\"}},{\"@type\":\"ListItem\",\"@id\":\"https:\\\/\\\/eldigitaldeasturias.com\\\/magazine365\\\/el-presidente-de-aragon-exigira-al-estado-que-financie-y-pague-los-servicios-de-renfe-en-la-comunidad\\\/#listItem\",\"position\":3,\"name\":\"El presidente de Arag\\u00f3n exigir\\u00e1 al Estado que \\u00abfinancie y pague\\u00bb los servicios de Renfe en la comunidad\",\"previousItem\":{\"@type\":\"ListItem\",\"@id\":\"https:\\\/\\\/eldigitaldeasturias.com\\\/magazine365\\\/category\\\/noticias-actualidad\\\/#listItem\",\"name\":\"Noticias y Actualidad\"}}]},{\"@type\":\"Organization\",\"@id\":\"https:\\\/\\\/eldigitaldeasturias.com\\\/magazine365\\\/#organization\",\"name\":\"El digital de Asturias\",\"description\":\"Revista de ocio, turismo y estilo de vida\",\"url\":\"https:\\\/\\\/eldigitaldeasturias.com\\\/magazine365\\\/\",\"logo\":{\"@type\":\"ImageObject\",\"url\":\"https:\\\/\\\/www.eldigitaldeasturias.com\\\/noticias\\\/wp-content\\\/uploads\\\/2020\\\/12\\\/EDA.jpg\",\"@id\":\"https:\\\/\\\/eldigitaldeasturias.com\\\/magazine365\\\/el-presidente-de-aragon-exigira-al-estado-que-financie-y-pague-los-servicios-de-renfe-en-la-comunidad\\\/#organizationLogo\"},\"image\":{\"@id\":\"https:\\\/\\\/eldigitaldeasturias.com\\\/magazine365\\\/el-presidente-de-aragon-exigira-al-estado-que-financie-y-pague-los-servicios-de-renfe-en-la-comunidad\\\/#organizationLogo\"}},{\"@type\":\"Person\",\"@id\":\"https:\\\/\\\/eldigitaldeasturias.com\\\/magazine365\\\/author\\\/admin\\\/#author\",\"url\":\"https:\\\/\\\/eldigitaldeasturias.com\\\/magazine365\\\/author\\\/admin\\\/\",\"name\":\"admin\",\"image\":{\"@type\":\"ImageObject\",\"@id\":\"https:\\\/\\\/eldigitaldeasturias.com\\\/magazine365\\\/el-presidente-de-aragon-exigira-al-estado-que-financie-y-pague-los-servicios-de-renfe-en-la-comunidad\\\/#authorImage\",\"url\":\"https:\\\/\\\/eldigitaldeasturias.com\\\/magazine365\\\/wp-content\\\/litespeed\\\/avatar\\\/e571bcf59a0edd6fa6838245a470f2fe.jpg?ver=1777574230\",\"width\":96,\"height\":96,\"caption\":\"admin\"}},{\"@type\":\"WebPage\",\"@id\":\"https:\\\/\\\/eldigitaldeasturias.com\\\/magazine365\\\/el-presidente-de-aragon-exigira-al-estado-que-financie-y-pague-los-servicios-de-renfe-en-la-comunidad\\\/#webpage\",\"url\":\"https:\\\/\\\/eldigitaldeasturias.com\\\/magazine365\\\/el-presidente-de-aragon-exigira-al-estado-que-financie-y-pague-los-servicios-de-renfe-en-la-comunidad\\\/\",\"name\":\"El presidente de Arag\\u00f3n exigir\\u00e1 al Estado que \\u00abfinancie y pague\\u00bb los servicios de Renfe en la comunidad | El Digital de Asturias\",\"description\":\"El presidente del Gobierno de Arag\\u00f3n, el socialista Javier Lamb\\u00e1n, ha manifestado que \\\"vamos exigir al Estado que financie y pague\\\" los servicios de Renfe en la Comunidad aut\\u00f3noma y \\\"vamos a ser inmisericordes\\\" tanto con el actual jefe del Ejecutivo central, el 'popular' Mariano Rajoy, como con \\\"el pr\\u00f3ximo presidente del Gobierno\\\" que salga\",\"inLanguage\":\"es-ES\",\"isPartOf\":{\"@id\":\"https:\\\/\\\/eldigitaldeasturias.com\\\/magazine365\\\/#website\"},\"breadcrumb\":{\"@id\":\"https:\\\/\\\/eldigitaldeasturias.com\\\/magazine365\\\/el-presidente-de-aragon-exigira-al-estado-que-financie-y-pague-los-servicios-de-renfe-en-la-comunidad\\\/#breadcrumblist\"},\"author\":{\"@id\":\"https:\\\/\\\/eldigitaldeasturias.com\\\/magazine365\\\/author\\\/admin\\\/#author\"},\"creator\":{\"@id\":\"https:\\\/\\\/eldigitaldeasturias.com\\\/magazine365\\\/author\\\/admin\\\/#author\"},\"image\":{\"@type\":\"ImageObject\",\"url\":\"https:\\\/\\\/eldigitaldeasturias.com\\\/magazine365\\\/wp-content\\\/uploads\\\/2015\\\/12\\\/fotonoticia_20151202133649_800.jpg\",\"@id\":\"https:\\\/\\\/eldigitaldeasturias.com\\\/magazine365\\\/el-presidente-de-aragon-exigira-al-estado-que-financie-y-pague-los-servicios-de-renfe-en-la-comunidad\\\/#mainImage\",\"width\":800,\"height\":986},\"primaryImageOfPage\":{\"@id\":\"https:\\\/\\\/eldigitaldeasturias.com\\\/magazine365\\\/el-presidente-de-aragon-exigira-al-estado-que-financie-y-pague-los-servicios-de-renfe-en-la-comunidad\\\/#mainImage\"},\"datePublished\":\"2015-12-05T02:41:05+01:00\",\"dateModified\":\"2015-12-05T02:41:05+01:00\"},{\"@type\":\"WebSite\",\"@id\":\"https:\\\/\\\/eldigitaldeasturias.com\\\/magazine365\\\/#website\",\"url\":\"https:\\\/\\\/eldigitaldeasturias.com\\\/magazine365\\\/\",\"name\":\"El Digital de Asturias\",\"description\":\"Revista de ocio, turismo y estilo de vida\",\"inLanguage\":\"es-ES\",\"publisher\":{\"@id\":\"https:\\\/\\\/eldigitaldeasturias.com\\\/magazine365\\\/#organization\"}}]}\n\t\t<\/script>\n\t\t<!-- All in One SEO Pro -->\r\n\t\t<title>El presidente de Arag\u00f3n exigir\u00e1 al Estado que \u00abfinancie y pague\u00bb los servicios de Renfe en la comunidad | El Digital de Asturias<\/title>\n\n","aioseo_head_json":{"title":"El presidente de Arag\u00f3n exigir\u00e1 al Estado que \u00abfinancie y pague\u00bb los servicios de Renfe en la comunidad | El Digital de Asturias","description":"El presidente del Gobierno de Arag\u00f3n, el socialista Javier Lamb\u00e1n, ha manifestado que \"vamos exigir al Estado que financie y pague\" los servicios de Renfe en la Comunidad aut\u00f3noma y \"vamos a ser inmisericordes\" tanto con el actual jefe del Ejecutivo central, el 'popular' Mariano Rajoy, como con \"el pr\u00f3ximo presidente del Gobierno\" que salga","canonical_url":"https:\/\/eldigitaldeasturias.com\/magazine365\/el-presidente-de-aragon-exigira-al-estado-que-financie-y-pague-los-servicios-de-renfe-en-la-comunidad\/","robots":"max-image-preview:large","keywords":"noticias y actualidad","webmasterTools":{"google-site-verification":"UA-38556648-1","miscellaneous":""},"schema":{"@context":"https:\/\/schema.org","@graph":[{"@type":"Article","@id":"https:\/\/eldigitaldeasturias.com\/magazine365\/el-presidente-de-aragon-exigira-al-estado-que-financie-y-pague-los-servicios-de-renfe-en-la-comunidad\/#article","name":"El presidente de Arag\u00f3n exigir\u00e1 al Estado que \u00abfinancie y pague\u00bb los servicios de Renfe en la comunidad | El Digital de Asturias","headline":"El presidente de Arag\u00f3n exigir\u00e1 al Estado que \u00abfinancie y pague\u00bb los servicios de Renfe en la comunidad","author":{"@id":"https:\/\/eldigitaldeasturias.com\/magazine365\/author\/admin\/#author"},"publisher":{"@id":"https:\/\/eldigitaldeasturias.com\/magazine365\/#organization"},"image":{"@type":"ImageObject","url":"https:\/\/eldigitaldeasturias.com\/magazine365\/wp-content\/uploads\/2015\/12\/fotonoticia_20151202133649_800.jpg","width":800,"height":986},"datePublished":"2015-12-05T02:41:05+01:00","dateModified":"2015-12-05T02:41:05+01:00","inLanguage":"es-ES","mainEntityOfPage":{"@id":"https:\/\/eldigitaldeasturias.com\/magazine365\/el-presidente-de-aragon-exigira-al-estado-que-financie-y-pague-los-servicios-de-renfe-en-la-comunidad\/#webpage"},"isPartOf":{"@id":"https:\/\/eldigitaldeasturias.com\/magazine365\/el-presidente-de-aragon-exigira-al-estado-que-financie-y-pague-los-servicios-de-renfe-en-la-comunidad\/#webpage"},"articleSection":"Noticias y Actualidad"},{"@type":"BreadcrumbList","@id":"https:\/\/eldigitaldeasturias.com\/magazine365\/el-presidente-de-aragon-exigira-al-estado-que-financie-y-pague-los-servicios-de-renfe-en-la-comunidad\/#breadcrumblist","itemListElement":[{"@type":"ListItem","@id":"https:\/\/eldigitaldeasturias.com\/magazine365#listItem","position":1,"name":"Home","item":"https:\/\/eldigitaldeasturias.com\/magazine365","nextItem":{"@type":"ListItem","@id":"https:\/\/eldigitaldeasturias.com\/magazine365\/category\/noticias-actualidad\/#listItem","name":"Noticias y Actualidad"}},{"@type":"ListItem","@id":"https:\/\/eldigitaldeasturias.com\/magazine365\/category\/noticias-actualidad\/#listItem","position":2,"name":"Noticias y Actualidad","item":"https:\/\/eldigitaldeasturias.com\/magazine365\/category\/noticias-actualidad\/","nextItem":{"@type":"ListItem","@id":"https:\/\/eldigitaldeasturias.com\/magazine365\/el-presidente-de-aragon-exigira-al-estado-que-financie-y-pague-los-servicios-de-renfe-en-la-comunidad\/#listItem","name":"El presidente de Arag\u00f3n exigir\u00e1 al Estado que \u00abfinancie y pague\u00bb los servicios de Renfe en la comunidad"},"previousItem":{"@type":"ListItem","@id":"https:\/\/eldigitaldeasturias.com\/magazine365#listItem","name":"Home"}},{"@type":"ListItem","@id":"https:\/\/eldigitaldeasturias.com\/magazine365\/el-presidente-de-aragon-exigira-al-estado-que-financie-y-pague-los-servicios-de-renfe-en-la-comunidad\/#listItem","position":3,"name":"El presidente de Arag\u00f3n exigir\u00e1 al Estado que \u00abfinancie y pague\u00bb los servicios de Renfe en la comunidad","previousItem":{"@type":"ListItem","@id":"https:\/\/eldigitaldeasturias.com\/magazine365\/category\/noticias-actualidad\/#listItem","name":"Noticias y Actualidad"}}]},{"@type":"Organization","@id":"https:\/\/eldigitaldeasturias.com\/magazine365\/#organization","name":"El digital de Asturias","description":"Revista de ocio, turismo y estilo de vida","url":"https:\/\/eldigitaldeasturias.com\/magazine365\/","logo":{"@type":"ImageObject","url":"https:\/\/www.eldigitaldeasturias.com\/noticias\/wp-content\/uploads\/2020\/12\/EDA.jpg","@id":"https:\/\/eldigitaldeasturias.com\/magazine365\/el-presidente-de-aragon-exigira-al-estado-que-financie-y-pague-los-servicios-de-renfe-en-la-comunidad\/#organizationLogo"},"image":{"@id":"https:\/\/eldigitaldeasturias.com\/magazine365\/el-presidente-de-aragon-exigira-al-estado-que-financie-y-pague-los-servicios-de-renfe-en-la-comunidad\/#organizationLogo"}},{"@type":"Person","@id":"https:\/\/eldigitaldeasturias.com\/magazine365\/author\/admin\/#author","url":"https:\/\/eldigitaldeasturias.com\/magazine365\/author\/admin\/","name":"admin","image":{"@type":"ImageObject","@id":"https:\/\/eldigitaldeasturias.com\/magazine365\/el-presidente-de-aragon-exigira-al-estado-que-financie-y-pague-los-servicios-de-renfe-en-la-comunidad\/#authorImage","url":"https:\/\/eldigitaldeasturias.com\/magazine365\/wp-content\/litespeed\/avatar\/e571bcf59a0edd6fa6838245a470f2fe.jpg?ver=1777574230","width":96,"height":96,"caption":"admin"}},{"@type":"WebPage","@id":"https:\/\/eldigitaldeasturias.com\/magazine365\/el-presidente-de-aragon-exigira-al-estado-que-financie-y-pague-los-servicios-de-renfe-en-la-comunidad\/#webpage","url":"https:\/\/eldigitaldeasturias.com\/magazine365\/el-presidente-de-aragon-exigira-al-estado-que-financie-y-pague-los-servicios-de-renfe-en-la-comunidad\/","name":"El presidente de Arag\u00f3n exigir\u00e1 al Estado que \u00abfinancie y pague\u00bb los servicios de Renfe en la comunidad | El Digital de Asturias","description":"El presidente del Gobierno de Arag\u00f3n, el socialista Javier Lamb\u00e1n, ha manifestado que \"vamos exigir al Estado que financie y pague\" los servicios de Renfe en la Comunidad aut\u00f3noma y \"vamos a ser inmisericordes\" tanto con el actual jefe del Ejecutivo central, el 'popular' Mariano Rajoy, como con \"el pr\u00f3ximo presidente del Gobierno\" que salga","inLanguage":"es-ES","isPartOf":{"@id":"https:\/\/eldigitaldeasturias.com\/magazine365\/#website"},"breadcrumb":{"@id":"https:\/\/eldigitaldeasturias.com\/magazine365\/el-presidente-de-aragon-exigira-al-estado-que-financie-y-pague-los-servicios-de-renfe-en-la-comunidad\/#breadcrumblist"},"author":{"@id":"https:\/\/eldigitaldeasturias.com\/magazine365\/author\/admin\/#author"},"creator":{"@id":"https:\/\/eldigitaldeasturias.com\/magazine365\/author\/admin\/#author"},"image":{"@type":"ImageObject","url":"https:\/\/eldigitaldeasturias.com\/magazine365\/wp-content\/uploads\/2015\/12\/fotonoticia_20151202133649_800.jpg","@id":"https:\/\/eldigitaldeasturias.com\/magazine365\/el-presidente-de-aragon-exigira-al-estado-que-financie-y-pague-los-servicios-de-renfe-en-la-comunidad\/#mainImage","width":800,"height":986},"primaryImageOfPage":{"@id":"https:\/\/eldigitaldeasturias.com\/magazine365\/el-presidente-de-aragon-exigira-al-estado-que-financie-y-pague-los-servicios-de-renfe-en-la-comunidad\/#mainImage"},"datePublished":"2015-12-05T02:41:05+01:00","dateModified":"2015-12-05T02:41:05+01:00"},{"@type":"WebSite","@id":"https:\/\/eldigitaldeasturias.com\/magazine365\/#website","url":"https:\/\/eldigitaldeasturias.com\/magazine365\/","name":"El Digital de Asturias","description":"Revista de ocio, turismo y estilo de vida","inLanguage":"es-ES","publisher":{"@id":"https:\/\/eldigitaldeasturias.com\/magazine365\/#organization"}}]},"og:locale":"es_ES","og:site_name":"El Digital de Asturias \u2013 Revista de ocio, turismo y estilo de vida","og:type":"article","og:title":"El presidente de Arag\u00f3n exigir\u00e1 al Estado que \u00abfinancie y pague\u00bb los servicios de Renfe en la comunidad | El Digital de Asturias","og:description":"El presidente del Gobierno de Arag\u00f3n, el socialista Javier Lamb\u00e1n, ha manifestado que &quot;vamos exigir al Estado que financie y pague&quot; los servicios de Renfe en la Comunidad aut\u00f3noma y &quot;vamos a ser inmisericordes&quot; tanto con el actual jefe del Ejecutivo central, el 'popular' Mariano Rajoy, como con &quot;el pr\u00f3ximo presidente del Gobierno&quot; que salga","og:url":"https:\/\/eldigitaldeasturias.com\/magazine365\/el-presidente-de-aragon-exigira-al-estado-que-financie-y-pague-los-servicios-de-renfe-en-la-comunidad\/","og:image":"https:\/\/eldigitaldeasturias.com\/magazine365\/wp-content\/uploads\/2015\/12\/fotonoticia_20151202133649_800.jpg","og:image:secure_url":"https:\/\/eldigitaldeasturias.com\/magazine365\/wp-content\/uploads\/2015\/12\/fotonoticia_20151202133649_800.jpg","og:image:width":800,"og:image:height":986,"article:published_time":"2015-12-05T01:41:05+00:00","article:modified_time":"2015-12-05T01:41:05+00:00","twitter:card":"summary_large_image","twitter:title":"El presidente de Arag\u00f3n exigir\u00e1 al Estado que \u00abfinancie y pague\u00bb los servicios de Renfe en la comunidad | El Digital de Asturias","twitter:description":"El presidente del Gobierno de Arag\u00f3n, el socialista Javier Lamb\u00e1n, ha manifestado que &quot;vamos exigir al Estado que financie y pague&quot; los servicios de Renfe en la Comunidad aut\u00f3noma y &quot;vamos a ser inmisericordes&quot; tanto con el actual jefe del Ejecutivo central, el 'popular' Mariano Rajoy, como con &quot;el pr\u00f3ximo presidente del Gobierno&quot; que salga","twitter:image":"https:\/\/eldigitaldeasturias.com\/magazine365\/wp-content\/uploads\/2015\/12\/fotonoticia_20151202133649_800.jpg"},"aioseo_meta_data":{"post_id":"57620","title":null,"description":null,"keywords":null,"keyphrases":null,"primary_term":null,"canonical_url":null,"og_title":null,"og_description":null,"og_object_type":"default","og_image_type":"default","og_image_url":null,"og_image_width":null,"og_image_height":null,"og_image_custom_url":null,"og_image_custom_fields":null,"og_video":null,"og_custom_url":null,"og_article_section":null,"og_article_tags":null,"twitter_use_og":false,"twitter_card":"default","twitter_image_type":"default","twitter_image_url":null,"twitter_image_custom_url":null,"twitter_image_custom_fields":null,"twitter_title":null,"twitter_description":null,"schema":{"blockGraphs":[],"customGraphs":[],"default":{"data":{"Article":[],"Course":[],"Dataset":[],"FAQPage":[],"Movie":[],"Person":[],"Product":[],"ProductReview":[],"Car":[],"Recipe":[],"Service":[],"SoftwareApplication":[],"WebPage":[]},"graphName":"","isEnabled":true},"graphs":[],"defaultGraph":"","defaultPostTypeGraph":""},"schema_type":null,"schema_type_options":null,"pillar_content":false,"robots_default":true,"robots_noindex":false,"robots_noarchive":false,"robots_nosnippet":false,"robots_nofollow":false,"robots_noimageindex":false,"robots_noodp":false,"robots_notranslate":false,"robots_max_snippet":null,"robots_max_videopreview":null,"robots_max_imagepreview":"large","priority":null,"frequency":null,"location":null,"local_seo":null,"seo_analyzer_scan_date":"2025-09-25 01:15:14","breadcrumb_settings":null,"limit_modified_date":false,"open_ai":null,"ai":null,"created":"2021-03-08 22:40:49","updated":"2025-09-25 01:15:14"},"aioseo_breadcrumb":"<div class=\"aioseo-breadcrumbs\"><span class=\"aioseo-breadcrumb\">\n\t<a href=\"https:\/\/eldigitaldeasturias.com\/magazine365\" title=\"Home\">Home<\/a>\n<\/span><span class=\"aioseo-breadcrumb-separator\">\u2013<\/span><span class=\"aioseo-breadcrumb\">\n\t<a href=\"https:\/\/eldigitaldeasturias.com\/magazine365\/category\/noticias-actualidad\/\" title=\"Noticias y Actualidad\">Noticias y Actualidad<\/a>\n<\/span><span class=\"aioseo-breadcrumb-separator\">\u2013<\/span><span class=\"aioseo-breadcrumb\">\n\t<a href=\"https:\/\/eldigitaldeasturias.com\/magazine365\/el-presidente-de-aragon-exigira-al-estado-que-financie-y-pague-los-servicios-de-renfe-en-la-comunidad\/\" title=\"El presidente de Arag\u00f3n exigir\u00e1 al Estado que \u00abfinancie y pague\u00bb los servicios de Renfe en la comunidad\">El presidente de Arag\u00f3n exigir\u00e1 al Estado que \u00abfinancie y pague\u00bb los servicios de Renfe en la comunidad<\/a>\n<\/span><\/div>","aioseo_breadcrumb_json":[{"label":"Home","link":"https:\/\/eldigitaldeasturias.com\/magazine365"},{"label":"Noticias y Actualidad","link":"https:\/\/eldigitaldeasturias.com\/magazine365\/category\/noticias-actualidad\/"},{"label":"El presidente de Arag\u00f3n exigir\u00e1 al Estado que \u00abfinancie y pague\u00bb los servicios de Renfe en la comunidad","link":"https:\/\/eldigitaldeasturias.com\/magazine365\/el-presidente-de-aragon-exigira-al-estado-que-financie-y-pague-los-servicios-de-renfe-en-la-comunidad\/"}],"_links":{"self":[{"href":"https:\/\/eldigitaldeasturias.com\/magazine365\/wp-json\/wp\/v2\/posts\/57620","targetHints":{"allow":["GET"]}}],"collection":[{"href":"https:\/\/eldigitaldeasturias.com\/magazine365\/wp-json\/wp\/v2\/posts"}],"about":[{"href":"https:\/\/eldigitaldeasturias.com\/magazine365\/wp-json\/wp\/v2\/types\/post"}],"author":[{"embeddable":true,"href":"https:\/\/eldigitaldeasturias.com\/magazine365\/wp-json\/wp\/v2\/users\/1"}],"replies":[{"embeddable":true,"href":"https:\/\/eldigitaldeasturias.com\/magazine365\/wp-json\/wp\/v2\/comments?post=57620"}],"version-history":[{"count":0,"href":"https:\/\/eldigitaldeasturias.com\/magazine365\/wp-json\/wp\/v2\/posts\/57620\/revisions"}],"wp:featuredmedia":[{"embeddable":true,"href":"https:\/\/eldigitaldeasturias.com\/magazine365\/wp-json\/wp\/v2\/media\/57621"}],"wp:attachment":[{"href":"https:\/\/eldigitaldeasturias.com\/magazine365\/wp-json\/wp\/v2\/media?parent=57620"}],"wp:term":[{"taxonomy":"category","embeddable":true,"href":"https:\/\/eldigitaldeasturias.com\/magazine365\/wp-json\/wp\/v2\/categories?post=57620"},{"taxonomy":"post_tag","embeddable":true,"href":"https:\/\/eldigitaldeasturias.com\/magazine365\/wp-json\/wp\/v2\/tags?post=57620"}],"curies":[{"name":"wp","href":"https:\/\/api.w.org\/{rel}","templated":true}]}}