{"id":57608,"date":"2015-12-05T02:35:10","date_gmt":"2015-12-05T01:35:10","guid":{"rendered":"http:\/\/eldigitaldeasturias.com\/magazine365\/?p=57608"},"modified":"2015-12-05T02:35:10","modified_gmt":"2015-12-05T01:35:10","slug":"mas-de-la-mitad-de-las-estaciones-de-esqui-y-montana-espanolas-abren-este-puente","status":"publish","type":"post","link":"https:\/\/eldigitaldeasturias.com\/magazine365\/mas-de-la-mitad-de-las-estaciones-de-esqui-y-montana-espanolas-abren-este-puente\/","title":{"rendered":"M\u00e1s de la mitad de las estaciones de esqu\u00ed y monta\u00f1a espa\u00f1olas abren este puente"},"content":{"rendered":"<p><img fetchpriority=\"high\" decoding=\"async\" class=\"alignleft size-medium wp-image-57609\" src=\"https:\/\/eldigitaldeasturias.com\/magazine365\/wp-content\/uploads\/2015\/12\/fotonoticia_20151202132208_800-360x240.jpg\" alt=\"fotonoticia_20151202132208_800\" width=\"360\" height=\"240\" srcset=\"https:\/\/eldigitaldeasturias.com\/magazine365\/wp-content\/uploads\/2015\/12\/fotonoticia_20151202132208_800-360x240.jpg 360w, https:\/\/eldigitaldeasturias.com\/magazine365\/wp-content\/uploads\/2015\/12\/fotonoticia_20151202132208_800-650x433.jpg 650w, https:\/\/eldigitaldeasturias.com\/magazine365\/wp-content\/uploads\/2015\/12\/fotonoticia_20151202132208_800-768x512.jpg 768w, https:\/\/eldigitaldeasturias.com\/magazine365\/wp-content\/uploads\/2015\/12\/fotonoticia_20151202132208_800-150x100.jpg 150w, https:\/\/eldigitaldeasturias.com\/magazine365\/wp-content\/uploads\/2015\/12\/fotonoticia_20151202132208_800-450x300.jpg 450w, https:\/\/eldigitaldeasturias.com\/magazine365\/wp-content\/uploads\/2015\/12\/fotonoticia_20151202132208_800-696x464.jpg 696w, https:\/\/eldigitaldeasturias.com\/magazine365\/wp-content\/uploads\/2015\/12\/fotonoticia_20151202132208_800-630x420.jpg 630w, https:\/\/eldigitaldeasturias.com\/magazine365\/wp-content\/uploads\/2015\/12\/fotonoticia_20151202132208_800-84x55.jpg 84w, https:\/\/eldigitaldeasturias.com\/magazine365\/wp-content\/uploads\/2015\/12\/fotonoticia_20151202132208_800.jpg 800w\" sizes=\"(max-width: 360px) 100vw, 360px\" \/>M\u00e1s de la mitad de las estaciones de esqu\u00ed y monta\u00f1a espa\u00f1olas abrir\u00e1n sus instalaciones durante este puente de la Inmaculada, que ser\u00e1 el primer fin de semana de gran afluencia de esquiadores, seg\u00fan inform\u00f3 la Asociaci\u00f3n Tur\u00edstica de Estaciones de Esqu\u00ed y Monta\u00f1a (ATUDEM), que engloba a 32 estaciones.<\/p>\n<p>En algunas zonas la nieve m\u00e1s tempranera que en la pasada campa\u00f1a ha permitido contar con un mayor volumen de estaciones abiertas, con lo que se afronta un puente con \u00abmucho optimismo\u00bb.<\/p>\n<p>Las previsiones son que la temporada se mantenga en niveles similares a la anterior, que cerr\u00f3 con 5,5 millones de esquiadores. En su conjunto, el sector ha invertido 21,5 millones de euros de cara a este nueva temporada.<\/p>\n<p>La mayor parte de las inversiones se han destinado a mejoras en los servicios de las diferentes estaciones, con ello las previsiones son que este a\u00f1o las cifras de ocupaci\u00f3n y ventas se mantengan o incrementen.<\/p>\n<p>M\u00c1S NIEVE EN PIRINEO CATAL\u00c1N Y ARAGON\u00c9S<\/p>\n<p>Las estaciones del Pirineo catal\u00e1n y aragon\u00e9s son las que llegan en el puente de la Pur\u00edsima con m\u00e1s cantidad de nieve. Algunas de ellas ya abrieron la temporada el pasado fin de semana, pero otras, como las estaciones de Ferrocarrils de la Generalitat de Catalu\u00f1a, a excepci\u00f3n, de La Molina, iniciar\u00e1n la temporada de esqu\u00ed este fin de semana.<\/p>\n<p>La Molina, Vallter 2000, Vall de N\u00faria, Port Ain\u00e9 y Espot figuran entre las que abrir\u00e1n el fin de semana, a las que se sumar\u00e1n las del Grupo Aram\u00f3n: Cerler, Formigal-Panticosa, Javalambre y Valdelinares.<\/p>\n<p>Tambi\u00e9n se estrenar\u00e1n este fin de semana Sierra Nevada, Ast\u00fan y las catalanas Baquiera Beret, Bo\u00ed Ta\u00fcll Resort, Tavasc\u00e1n y Masella.<\/p>\n<p>Los amantes del esqu\u00ed n\u00f3rdico tambi\u00e9n contar\u00e1n con algunas de las estaciones totalmente operativas, como es el caso de Llanos de Hospital o de Lles, que ofrecer\u00e1n un buen n\u00famero de kil\u00f3metros balizados para la pr\u00e1ctica de esta modalidad.<\/p>\n<p>Espa\u00f1a recibe una media anual de 5 millones de esquiadores, mientras que los principales pa\u00edses promotores de los deportes de invierno (Austria, Francia, Suiza e Italia) recibieron juntos cerca de 159 millones de visitas.<\/p>\n<p>Pese a ello, la media de ingresos recibidos en Espa\u00f1a y Europa por la pr\u00e1ctica del esqu\u00ed est\u00e1 muy a la par, con cerca de 23 y 24 millones, respectivamente, durante la temporada 2014-2015.<\/p>\n<p>En 2014, la regi\u00f3n en Espa\u00f1a con m\u00e1s d\u00edas de esqu\u00ed fue el Sistema Penib\u00e9tico con 156 d\u00edas, mientras que la Cordillera Cant\u00e1brica tuvo 97 d\u00edas de media.<\/p>\n","protected":false},"excerpt":{"rendered":"<p>M\u00e1s de la mitad de las estaciones de esqu\u00ed y monta\u00f1a espa\u00f1olas abrir\u00e1n sus instalaciones durante este puente de la Inmaculada, que ser\u00e1 el primer fin de semana de gran afluencia de esquiadores, seg\u00fan inform\u00f3 la Asociaci\u00f3n Tur\u00edstica de Estaciones de Esqu\u00ed y Monta\u00f1a (ATUDEM), que engloba a 32 estaciones. En algunas zonas la nieve<\/p>\n","protected":false},"author":1,"featured_media":57609,"comment_status":"open","ping_status":"closed","sticky":false,"template":"","format":"standard","meta":{"footnotes":""},"categories":[224],"tags":[],"class_list":{"0":"post-57608","1":"post","2":"type-post","3":"status-publish","4":"format-standard","5":"has-post-thumbnail","7":"category-noticias-actualidad"},"aioseo_notices":[],"aioseo_head":"\n\t\t<!-- All in One SEO Pro 4.9.6.1 - aioseo.com -->\n\t<meta name=\"description\" content=\"M\u00e1s de la mitad de las estaciones de esqu\u00ed y monta\u00f1a espa\u00f1olas abrir\u00e1n sus instalaciones durante este puente de la Inmaculada, que ser\u00e1 el primer fin de semana de gran afluencia de esquiadores, seg\u00fan inform\u00f3 la Asociaci\u00f3n Tur\u00edstica de Estaciones de Esqu\u00ed y Monta\u00f1a (ATUDEM), que engloba a 32 estaciones. En algunas zonas la nieve\" \/>\n\t<meta name=\"robots\" content=\"max-image-preview:large\" \/>\n\t<meta name=\"author\" content=\"admin\"\/>\n\t<meta name=\"google-site-verification\" content=\"UA-38556648-1\" \/>\n\t<meta name=\"keywords\" content=\"noticias y actualidad\" \/>\n\t<link rel=\"canonical\" href=\"https:\/\/eldigitaldeasturias.com\/magazine365\/mas-de-la-mitad-de-las-estaciones-de-esqui-y-montana-espanolas-abren-este-puente\/\" \/>\n\t<meta name=\"generator\" content=\"All in One SEO Pro (AIOSEO) 4.9.6.1\" \/>\n\t\t<meta property=\"og:locale\" content=\"es_ES\" \/>\n\t\t<meta property=\"og:site_name\" content=\"El Digital de Asturias \u2013 Revista de ocio, turismo y estilo de vida\" \/>\n\t\t<meta property=\"og:type\" content=\"article\" \/>\n\t\t<meta property=\"og:title\" content=\"M\u00e1s de la mitad de las estaciones de esqu\u00ed y monta\u00f1a espa\u00f1olas abren este puente | El Digital de Asturias\" \/>\n\t\t<meta property=\"og:description\" content=\"M\u00e1s de la mitad de las estaciones de esqu\u00ed y monta\u00f1a espa\u00f1olas abrir\u00e1n sus instalaciones durante este puente de la Inmaculada, que ser\u00e1 el primer fin de semana de gran afluencia de esquiadores, seg\u00fan inform\u00f3 la Asociaci\u00f3n Tur\u00edstica de Estaciones de Esqu\u00ed y Monta\u00f1a (ATUDEM), que engloba a 32 estaciones. En algunas zonas la nieve\" \/>\n\t\t<meta property=\"og:url\" content=\"https:\/\/eldigitaldeasturias.com\/magazine365\/mas-de-la-mitad-de-las-estaciones-de-esqui-y-montana-espanolas-abren-este-puente\/\" \/>\n\t\t<meta property=\"og:image\" content=\"https:\/\/eldigitaldeasturias.com\/magazine365\/wp-content\/uploads\/2015\/12\/fotonoticia_20151202132208_800.jpg\" \/>\n\t\t<meta property=\"og:image:secure_url\" content=\"https:\/\/eldigitaldeasturias.com\/magazine365\/wp-content\/uploads\/2015\/12\/fotonoticia_20151202132208_800.jpg\" \/>\n\t\t<meta property=\"og:image:width\" content=\"800\" \/>\n\t\t<meta property=\"og:image:height\" content=\"533\" \/>\n\t\t<meta property=\"article:published_time\" content=\"2015-12-05T01:35:10+00:00\" \/>\n\t\t<meta property=\"article:modified_time\" content=\"2015-12-05T01:35:10+00:00\" \/>\n\t\t<meta name=\"twitter:card\" content=\"summary_large_image\" \/>\n\t\t<meta name=\"twitter:title\" content=\"M\u00e1s de la mitad de las estaciones de esqu\u00ed y monta\u00f1a espa\u00f1olas abren este puente | El Digital de Asturias\" \/>\n\t\t<meta name=\"twitter:description\" content=\"M\u00e1s de la mitad de las estaciones de esqu\u00ed y monta\u00f1a espa\u00f1olas abrir\u00e1n sus instalaciones durante este puente de la Inmaculada, que ser\u00e1 el primer fin de semana de gran afluencia de esquiadores, seg\u00fan inform\u00f3 la Asociaci\u00f3n Tur\u00edstica de Estaciones de Esqu\u00ed y Monta\u00f1a (ATUDEM), que engloba a 32 estaciones. En algunas zonas la nieve\" \/>\n\t\t<meta name=\"twitter:image\" content=\"https:\/\/eldigitaldeasturias.com\/magazine365\/wp-content\/uploads\/2015\/12\/fotonoticia_20151202132208_800.jpg\" \/>\n\t\t<script type=\"application\/ld+json\" class=\"aioseo-schema\">\n\t\t\t{\"@context\":\"https:\\\/\\\/schema.org\",\"@graph\":[{\"@type\":\"Article\",\"@id\":\"https:\\\/\\\/eldigitaldeasturias.com\\\/magazine365\\\/mas-de-la-mitad-de-las-estaciones-de-esqui-y-montana-espanolas-abren-este-puente\\\/#article\",\"name\":\"M\\u00e1s de la mitad de las estaciones de esqu\\u00ed y monta\\u00f1a espa\\u00f1olas abren este puente | El Digital de Asturias\",\"headline\":\"M\\u00e1s de la mitad de las estaciones de esqu\\u00ed y monta\\u00f1a espa\\u00f1olas abren este puente\",\"author\":{\"@id\":\"https:\\\/\\\/eldigitaldeasturias.com\\\/magazine365\\\/author\\\/admin\\\/#author\"},\"publisher\":{\"@id\":\"https:\\\/\\\/eldigitaldeasturias.com\\\/magazine365\\\/#organization\"},\"image\":{\"@type\":\"ImageObject\",\"url\":\"https:\\\/\\\/eldigitaldeasturias.com\\\/magazine365\\\/wp-content\\\/uploads\\\/2015\\\/12\\\/fotonoticia_20151202132208_800.jpg\",\"width\":800,\"height\":533},\"datePublished\":\"2015-12-05T02:35:10+01:00\",\"dateModified\":\"2015-12-05T02:35:10+01:00\",\"inLanguage\":\"es-ES\",\"mainEntityOfPage\":{\"@id\":\"https:\\\/\\\/eldigitaldeasturias.com\\\/magazine365\\\/mas-de-la-mitad-de-las-estaciones-de-esqui-y-montana-espanolas-abren-este-puente\\\/#webpage\"},\"isPartOf\":{\"@id\":\"https:\\\/\\\/eldigitaldeasturias.com\\\/magazine365\\\/mas-de-la-mitad-de-las-estaciones-de-esqui-y-montana-espanolas-abren-este-puente\\\/#webpage\"},\"articleSection\":\"Noticias y Actualidad\"},{\"@type\":\"BreadcrumbList\",\"@id\":\"https:\\\/\\\/eldigitaldeasturias.com\\\/magazine365\\\/mas-de-la-mitad-de-las-estaciones-de-esqui-y-montana-espanolas-abren-este-puente\\\/#breadcrumblist\",\"itemListElement\":[{\"@type\":\"ListItem\",\"@id\":\"https:\\\/\\\/eldigitaldeasturias.com\\\/magazine365#listItem\",\"position\":1,\"name\":\"Home\",\"item\":\"https:\\\/\\\/eldigitaldeasturias.com\\\/magazine365\",\"nextItem\":{\"@type\":\"ListItem\",\"@id\":\"https:\\\/\\\/eldigitaldeasturias.com\\\/magazine365\\\/category\\\/noticias-actualidad\\\/#listItem\",\"name\":\"Noticias y Actualidad\"}},{\"@type\":\"ListItem\",\"@id\":\"https:\\\/\\\/eldigitaldeasturias.com\\\/magazine365\\\/category\\\/noticias-actualidad\\\/#listItem\",\"position\":2,\"name\":\"Noticias y Actualidad\",\"item\":\"https:\\\/\\\/eldigitaldeasturias.com\\\/magazine365\\\/category\\\/noticias-actualidad\\\/\",\"nextItem\":{\"@type\":\"ListItem\",\"@id\":\"https:\\\/\\\/eldigitaldeasturias.com\\\/magazine365\\\/mas-de-la-mitad-de-las-estaciones-de-esqui-y-montana-espanolas-abren-este-puente\\\/#listItem\",\"name\":\"M\\u00e1s de la mitad de las estaciones de esqu\\u00ed y monta\\u00f1a espa\\u00f1olas abren este puente\"},\"previousItem\":{\"@type\":\"ListItem\",\"@id\":\"https:\\\/\\\/eldigitaldeasturias.com\\\/magazine365#listItem\",\"name\":\"Home\"}},{\"@type\":\"ListItem\",\"@id\":\"https:\\\/\\\/eldigitaldeasturias.com\\\/magazine365\\\/mas-de-la-mitad-de-las-estaciones-de-esqui-y-montana-espanolas-abren-este-puente\\\/#listItem\",\"position\":3,\"name\":\"M\\u00e1s de la mitad de las estaciones de esqu\\u00ed y monta\\u00f1a espa\\u00f1olas abren este puente\",\"previousItem\":{\"@type\":\"ListItem\",\"@id\":\"https:\\\/\\\/eldigitaldeasturias.com\\\/magazine365\\\/category\\\/noticias-actualidad\\\/#listItem\",\"name\":\"Noticias y Actualidad\"}}]},{\"@type\":\"Organization\",\"@id\":\"https:\\\/\\\/eldigitaldeasturias.com\\\/magazine365\\\/#organization\",\"name\":\"El digital de Asturias\",\"description\":\"Revista de ocio, turismo y estilo de vida\",\"url\":\"https:\\\/\\\/eldigitaldeasturias.com\\\/magazine365\\\/\",\"logo\":{\"@type\":\"ImageObject\",\"url\":\"https:\\\/\\\/www.eldigitaldeasturias.com\\\/noticias\\\/wp-content\\\/uploads\\\/2020\\\/12\\\/EDA.jpg\",\"@id\":\"https:\\\/\\\/eldigitaldeasturias.com\\\/magazine365\\\/mas-de-la-mitad-de-las-estaciones-de-esqui-y-montana-espanolas-abren-este-puente\\\/#organizationLogo\"},\"image\":{\"@id\":\"https:\\\/\\\/eldigitaldeasturias.com\\\/magazine365\\\/mas-de-la-mitad-de-las-estaciones-de-esqui-y-montana-espanolas-abren-este-puente\\\/#organizationLogo\"}},{\"@type\":\"Person\",\"@id\":\"https:\\\/\\\/eldigitaldeasturias.com\\\/magazine365\\\/author\\\/admin\\\/#author\",\"url\":\"https:\\\/\\\/eldigitaldeasturias.com\\\/magazine365\\\/author\\\/admin\\\/\",\"name\":\"admin\",\"image\":{\"@type\":\"ImageObject\",\"@id\":\"https:\\\/\\\/eldigitaldeasturias.com\\\/magazine365\\\/mas-de-la-mitad-de-las-estaciones-de-esqui-y-montana-espanolas-abren-este-puente\\\/#authorImage\",\"url\":\"https:\\\/\\\/eldigitaldeasturias.com\\\/magazine365\\\/wp-content\\\/litespeed\\\/avatar\\\/e571bcf59a0edd6fa6838245a470f2fe.jpg?ver=1777574230\",\"width\":96,\"height\":96,\"caption\":\"admin\"}},{\"@type\":\"WebPage\",\"@id\":\"https:\\\/\\\/eldigitaldeasturias.com\\\/magazine365\\\/mas-de-la-mitad-de-las-estaciones-de-esqui-y-montana-espanolas-abren-este-puente\\\/#webpage\",\"url\":\"https:\\\/\\\/eldigitaldeasturias.com\\\/magazine365\\\/mas-de-la-mitad-de-las-estaciones-de-esqui-y-montana-espanolas-abren-este-puente\\\/\",\"name\":\"M\\u00e1s de la mitad de las estaciones de esqu\\u00ed y monta\\u00f1a espa\\u00f1olas abren este puente | El Digital de Asturias\",\"description\":\"M\\u00e1s de la mitad de las estaciones de esqu\\u00ed y monta\\u00f1a espa\\u00f1olas abrir\\u00e1n sus instalaciones durante este puente de la Inmaculada, que ser\\u00e1 el primer fin de semana de gran afluencia de esquiadores, seg\\u00fan inform\\u00f3 la Asociaci\\u00f3n Tur\\u00edstica de Estaciones de Esqu\\u00ed y Monta\\u00f1a (ATUDEM), que engloba a 32 estaciones. En algunas zonas la nieve\",\"inLanguage\":\"es-ES\",\"isPartOf\":{\"@id\":\"https:\\\/\\\/eldigitaldeasturias.com\\\/magazine365\\\/#website\"},\"breadcrumb\":{\"@id\":\"https:\\\/\\\/eldigitaldeasturias.com\\\/magazine365\\\/mas-de-la-mitad-de-las-estaciones-de-esqui-y-montana-espanolas-abren-este-puente\\\/#breadcrumblist\"},\"author\":{\"@id\":\"https:\\\/\\\/eldigitaldeasturias.com\\\/magazine365\\\/author\\\/admin\\\/#author\"},\"creator\":{\"@id\":\"https:\\\/\\\/eldigitaldeasturias.com\\\/magazine365\\\/author\\\/admin\\\/#author\"},\"image\":{\"@type\":\"ImageObject\",\"url\":\"https:\\\/\\\/eldigitaldeasturias.com\\\/magazine365\\\/wp-content\\\/uploads\\\/2015\\\/12\\\/fotonoticia_20151202132208_800.jpg\",\"@id\":\"https:\\\/\\\/eldigitaldeasturias.com\\\/magazine365\\\/mas-de-la-mitad-de-las-estaciones-de-esqui-y-montana-espanolas-abren-este-puente\\\/#mainImage\",\"width\":800,\"height\":533},\"primaryImageOfPage\":{\"@id\":\"https:\\\/\\\/eldigitaldeasturias.com\\\/magazine365\\\/mas-de-la-mitad-de-las-estaciones-de-esqui-y-montana-espanolas-abren-este-puente\\\/#mainImage\"},\"datePublished\":\"2015-12-05T02:35:10+01:00\",\"dateModified\":\"2015-12-05T02:35:10+01:00\"},{\"@type\":\"WebSite\",\"@id\":\"https:\\\/\\\/eldigitaldeasturias.com\\\/magazine365\\\/#website\",\"url\":\"https:\\\/\\\/eldigitaldeasturias.com\\\/magazine365\\\/\",\"name\":\"El Digital de Asturias\",\"description\":\"Revista de ocio, turismo y estilo de vida\",\"inLanguage\":\"es-ES\",\"publisher\":{\"@id\":\"https:\\\/\\\/eldigitaldeasturias.com\\\/magazine365\\\/#organization\"}}]}\n\t\t<\/script>\n\t\t<!-- All in One SEO Pro -->\r\n\t\t<title>M\u00e1s de la mitad de las estaciones de esqu\u00ed y monta\u00f1a espa\u00f1olas abren este puente | El Digital de Asturias<\/title>\n\n","aioseo_head_json":{"title":"M\u00e1s de la mitad de las estaciones de esqu\u00ed y monta\u00f1a espa\u00f1olas abren este puente | El Digital de Asturias","description":"M\u00e1s de la mitad de las estaciones de esqu\u00ed y monta\u00f1a espa\u00f1olas abrir\u00e1n sus instalaciones durante este puente de la Inmaculada, que ser\u00e1 el primer fin de semana de gran afluencia de esquiadores, seg\u00fan inform\u00f3 la Asociaci\u00f3n Tur\u00edstica de Estaciones de Esqu\u00ed y Monta\u00f1a (ATUDEM), que engloba a 32 estaciones. En algunas zonas la nieve","canonical_url":"https:\/\/eldigitaldeasturias.com\/magazine365\/mas-de-la-mitad-de-las-estaciones-de-esqui-y-montana-espanolas-abren-este-puente\/","robots":"max-image-preview:large","keywords":"noticias y actualidad","webmasterTools":{"google-site-verification":"UA-38556648-1","miscellaneous":""},"schema":{"@context":"https:\/\/schema.org","@graph":[{"@type":"Article","@id":"https:\/\/eldigitaldeasturias.com\/magazine365\/mas-de-la-mitad-de-las-estaciones-de-esqui-y-montana-espanolas-abren-este-puente\/#article","name":"M\u00e1s de la mitad de las estaciones de esqu\u00ed y monta\u00f1a espa\u00f1olas abren este puente | El Digital de Asturias","headline":"M\u00e1s de la mitad de las estaciones de esqu\u00ed y monta\u00f1a espa\u00f1olas abren este puente","author":{"@id":"https:\/\/eldigitaldeasturias.com\/magazine365\/author\/admin\/#author"},"publisher":{"@id":"https:\/\/eldigitaldeasturias.com\/magazine365\/#organization"},"image":{"@type":"ImageObject","url":"https:\/\/eldigitaldeasturias.com\/magazine365\/wp-content\/uploads\/2015\/12\/fotonoticia_20151202132208_800.jpg","width":800,"height":533},"datePublished":"2015-12-05T02:35:10+01:00","dateModified":"2015-12-05T02:35:10+01:00","inLanguage":"es-ES","mainEntityOfPage":{"@id":"https:\/\/eldigitaldeasturias.com\/magazine365\/mas-de-la-mitad-de-las-estaciones-de-esqui-y-montana-espanolas-abren-este-puente\/#webpage"},"isPartOf":{"@id":"https:\/\/eldigitaldeasturias.com\/magazine365\/mas-de-la-mitad-de-las-estaciones-de-esqui-y-montana-espanolas-abren-este-puente\/#webpage"},"articleSection":"Noticias y Actualidad"},{"@type":"BreadcrumbList","@id":"https:\/\/eldigitaldeasturias.com\/magazine365\/mas-de-la-mitad-de-las-estaciones-de-esqui-y-montana-espanolas-abren-este-puente\/#breadcrumblist","itemListElement":[{"@type":"ListItem","@id":"https:\/\/eldigitaldeasturias.com\/magazine365#listItem","position":1,"name":"Home","item":"https:\/\/eldigitaldeasturias.com\/magazine365","nextItem":{"@type":"ListItem","@id":"https:\/\/eldigitaldeasturias.com\/magazine365\/category\/noticias-actualidad\/#listItem","name":"Noticias y Actualidad"}},{"@type":"ListItem","@id":"https:\/\/eldigitaldeasturias.com\/magazine365\/category\/noticias-actualidad\/#listItem","position":2,"name":"Noticias y Actualidad","item":"https:\/\/eldigitaldeasturias.com\/magazine365\/category\/noticias-actualidad\/","nextItem":{"@type":"ListItem","@id":"https:\/\/eldigitaldeasturias.com\/magazine365\/mas-de-la-mitad-de-las-estaciones-de-esqui-y-montana-espanolas-abren-este-puente\/#listItem","name":"M\u00e1s de la mitad de las estaciones de esqu\u00ed y monta\u00f1a espa\u00f1olas abren este puente"},"previousItem":{"@type":"ListItem","@id":"https:\/\/eldigitaldeasturias.com\/magazine365#listItem","name":"Home"}},{"@type":"ListItem","@id":"https:\/\/eldigitaldeasturias.com\/magazine365\/mas-de-la-mitad-de-las-estaciones-de-esqui-y-montana-espanolas-abren-este-puente\/#listItem","position":3,"name":"M\u00e1s de la mitad de las estaciones de esqu\u00ed y monta\u00f1a espa\u00f1olas abren este puente","previousItem":{"@type":"ListItem","@id":"https:\/\/eldigitaldeasturias.com\/magazine365\/category\/noticias-actualidad\/#listItem","name":"Noticias y Actualidad"}}]},{"@type":"Organization","@id":"https:\/\/eldigitaldeasturias.com\/magazine365\/#organization","name":"El digital de Asturias","description":"Revista de ocio, turismo y estilo de vida","url":"https:\/\/eldigitaldeasturias.com\/magazine365\/","logo":{"@type":"ImageObject","url":"https:\/\/www.eldigitaldeasturias.com\/noticias\/wp-content\/uploads\/2020\/12\/EDA.jpg","@id":"https:\/\/eldigitaldeasturias.com\/magazine365\/mas-de-la-mitad-de-las-estaciones-de-esqui-y-montana-espanolas-abren-este-puente\/#organizationLogo"},"image":{"@id":"https:\/\/eldigitaldeasturias.com\/magazine365\/mas-de-la-mitad-de-las-estaciones-de-esqui-y-montana-espanolas-abren-este-puente\/#organizationLogo"}},{"@type":"Person","@id":"https:\/\/eldigitaldeasturias.com\/magazine365\/author\/admin\/#author","url":"https:\/\/eldigitaldeasturias.com\/magazine365\/author\/admin\/","name":"admin","image":{"@type":"ImageObject","@id":"https:\/\/eldigitaldeasturias.com\/magazine365\/mas-de-la-mitad-de-las-estaciones-de-esqui-y-montana-espanolas-abren-este-puente\/#authorImage","url":"https:\/\/eldigitaldeasturias.com\/magazine365\/wp-content\/litespeed\/avatar\/e571bcf59a0edd6fa6838245a470f2fe.jpg?ver=1777574230","width":96,"height":96,"caption":"admin"}},{"@type":"WebPage","@id":"https:\/\/eldigitaldeasturias.com\/magazine365\/mas-de-la-mitad-de-las-estaciones-de-esqui-y-montana-espanolas-abren-este-puente\/#webpage","url":"https:\/\/eldigitaldeasturias.com\/magazine365\/mas-de-la-mitad-de-las-estaciones-de-esqui-y-montana-espanolas-abren-este-puente\/","name":"M\u00e1s de la mitad de las estaciones de esqu\u00ed y monta\u00f1a espa\u00f1olas abren este puente | El Digital de Asturias","description":"M\u00e1s de la mitad de las estaciones de esqu\u00ed y monta\u00f1a espa\u00f1olas abrir\u00e1n sus instalaciones durante este puente de la Inmaculada, que ser\u00e1 el primer fin de semana de gran afluencia de esquiadores, seg\u00fan inform\u00f3 la Asociaci\u00f3n Tur\u00edstica de Estaciones de Esqu\u00ed y Monta\u00f1a (ATUDEM), que engloba a 32 estaciones. En algunas zonas la nieve","inLanguage":"es-ES","isPartOf":{"@id":"https:\/\/eldigitaldeasturias.com\/magazine365\/#website"},"breadcrumb":{"@id":"https:\/\/eldigitaldeasturias.com\/magazine365\/mas-de-la-mitad-de-las-estaciones-de-esqui-y-montana-espanolas-abren-este-puente\/#breadcrumblist"},"author":{"@id":"https:\/\/eldigitaldeasturias.com\/magazine365\/author\/admin\/#author"},"creator":{"@id":"https:\/\/eldigitaldeasturias.com\/magazine365\/author\/admin\/#author"},"image":{"@type":"ImageObject","url":"https:\/\/eldigitaldeasturias.com\/magazine365\/wp-content\/uploads\/2015\/12\/fotonoticia_20151202132208_800.jpg","@id":"https:\/\/eldigitaldeasturias.com\/magazine365\/mas-de-la-mitad-de-las-estaciones-de-esqui-y-montana-espanolas-abren-este-puente\/#mainImage","width":800,"height":533},"primaryImageOfPage":{"@id":"https:\/\/eldigitaldeasturias.com\/magazine365\/mas-de-la-mitad-de-las-estaciones-de-esqui-y-montana-espanolas-abren-este-puente\/#mainImage"},"datePublished":"2015-12-05T02:35:10+01:00","dateModified":"2015-12-05T02:35:10+01:00"},{"@type":"WebSite","@id":"https:\/\/eldigitaldeasturias.com\/magazine365\/#website","url":"https:\/\/eldigitaldeasturias.com\/magazine365\/","name":"El Digital de Asturias","description":"Revista de ocio, turismo y estilo de vida","inLanguage":"es-ES","publisher":{"@id":"https:\/\/eldigitaldeasturias.com\/magazine365\/#organization"}}]},"og:locale":"es_ES","og:site_name":"El Digital de Asturias \u2013 Revista de ocio, turismo y estilo de vida","og:type":"article","og:title":"M\u00e1s de la mitad de las estaciones de esqu\u00ed y monta\u00f1a espa\u00f1olas abren este puente | El Digital de Asturias","og:description":"M\u00e1s de la mitad de las estaciones de esqu\u00ed y monta\u00f1a espa\u00f1olas abrir\u00e1n sus instalaciones durante este puente de la Inmaculada, que ser\u00e1 el primer fin de semana de gran afluencia de esquiadores, seg\u00fan inform\u00f3 la Asociaci\u00f3n Tur\u00edstica de Estaciones de Esqu\u00ed y Monta\u00f1a (ATUDEM), que engloba a 32 estaciones. En algunas zonas la nieve","og:url":"https:\/\/eldigitaldeasturias.com\/magazine365\/mas-de-la-mitad-de-las-estaciones-de-esqui-y-montana-espanolas-abren-este-puente\/","og:image":"https:\/\/eldigitaldeasturias.com\/magazine365\/wp-content\/uploads\/2015\/12\/fotonoticia_20151202132208_800.jpg","og:image:secure_url":"https:\/\/eldigitaldeasturias.com\/magazine365\/wp-content\/uploads\/2015\/12\/fotonoticia_20151202132208_800.jpg","og:image:width":800,"og:image:height":533,"article:published_time":"2015-12-05T01:35:10+00:00","article:modified_time":"2015-12-05T01:35:10+00:00","twitter:card":"summary_large_image","twitter:title":"M\u00e1s de la mitad de las estaciones de esqu\u00ed y monta\u00f1a espa\u00f1olas abren este puente | El Digital de Asturias","twitter:description":"M\u00e1s de la mitad de las estaciones de esqu\u00ed y monta\u00f1a espa\u00f1olas abrir\u00e1n sus instalaciones durante este puente de la Inmaculada, que ser\u00e1 el primer fin de semana de gran afluencia de esquiadores, seg\u00fan inform\u00f3 la Asociaci\u00f3n Tur\u00edstica de Estaciones de Esqu\u00ed y Monta\u00f1a (ATUDEM), que engloba a 32 estaciones. En algunas zonas la nieve","twitter:image":"https:\/\/eldigitaldeasturias.com\/magazine365\/wp-content\/uploads\/2015\/12\/fotonoticia_20151202132208_800.jpg"},"aioseo_meta_data":{"post_id":"57608","title":null,"description":null,"keywords":null,"keyphrases":null,"primary_term":null,"canonical_url":null,"og_title":null,"og_description":null,"og_object_type":"default","og_image_type":"default","og_image_url":null,"og_image_width":null,"og_image_height":null,"og_image_custom_url":null,"og_image_custom_fields":null,"og_video":null,"og_custom_url":null,"og_article_section":null,"og_article_tags":null,"twitter_use_og":false,"twitter_card":"default","twitter_image_type":"default","twitter_image_url":null,"twitter_image_custom_url":null,"twitter_image_custom_fields":null,"twitter_title":null,"twitter_description":null,"schema":{"blockGraphs":[],"customGraphs":[],"default":{"data":{"Article":[],"Course":[],"Dataset":[],"FAQPage":[],"Movie":[],"Person":[],"Product":[],"ProductReview":[],"Car":[],"Recipe":[],"Service":[],"SoftwareApplication":[],"WebPage":[]},"graphName":"","isEnabled":true},"graphs":[],"defaultGraph":"","defaultPostTypeGraph":""},"schema_type":null,"schema_type_options":null,"pillar_content":false,"robots_default":true,"robots_noindex":false,"robots_noarchive":false,"robots_nosnippet":false,"robots_nofollow":false,"robots_noimageindex":false,"robots_noodp":false,"robots_notranslate":false,"robots_max_snippet":null,"robots_max_videopreview":null,"robots_max_imagepreview":"large","priority":null,"frequency":null,"location":null,"local_seo":null,"seo_analyzer_scan_date":"2025-09-25 01:14:00","breadcrumb_settings":null,"limit_modified_date":false,"open_ai":null,"ai":null,"created":"2021-03-08 22:41:55","updated":"2025-09-25 01:14:00"},"aioseo_breadcrumb":"<div class=\"aioseo-breadcrumbs\"><span class=\"aioseo-breadcrumb\">\n\t<a href=\"https:\/\/eldigitaldeasturias.com\/magazine365\" title=\"Home\">Home<\/a>\n<\/span><span class=\"aioseo-breadcrumb-separator\">\u2013<\/span><span class=\"aioseo-breadcrumb\">\n\t<a href=\"https:\/\/eldigitaldeasturias.com\/magazine365\/category\/noticias-actualidad\/\" title=\"Noticias y Actualidad\">Noticias y Actualidad<\/a>\n<\/span><span class=\"aioseo-breadcrumb-separator\">\u2013<\/span><span class=\"aioseo-breadcrumb\">\n\t<a href=\"https:\/\/eldigitaldeasturias.com\/magazine365\/mas-de-la-mitad-de-las-estaciones-de-esqui-y-montana-espanolas-abren-este-puente\/\" title=\"M\u00e1s de la mitad de las estaciones de esqu\u00ed y monta\u00f1a espa\u00f1olas abren este puente\">M\u00e1s de la mitad de las estaciones de esqu\u00ed y monta\u00f1a espa\u00f1olas abren este puente<\/a>\n<\/span><\/div>","aioseo_breadcrumb_json":[{"label":"Home","link":"https:\/\/eldigitaldeasturias.com\/magazine365"},{"label":"Noticias y Actualidad","link":"https:\/\/eldigitaldeasturias.com\/magazine365\/category\/noticias-actualidad\/"},{"label":"M\u00e1s de la mitad de las estaciones de esqu\u00ed y monta\u00f1a espa\u00f1olas abren este puente","link":"https:\/\/eldigitaldeasturias.com\/magazine365\/mas-de-la-mitad-de-las-estaciones-de-esqui-y-montana-espanolas-abren-este-puente\/"}],"_links":{"self":[{"href":"https:\/\/eldigitaldeasturias.com\/magazine365\/wp-json\/wp\/v2\/posts\/57608","targetHints":{"allow":["GET"]}}],"collection":[{"href":"https:\/\/eldigitaldeasturias.com\/magazine365\/wp-json\/wp\/v2\/posts"}],"about":[{"href":"https:\/\/eldigitaldeasturias.com\/magazine365\/wp-json\/wp\/v2\/types\/post"}],"author":[{"embeddable":true,"href":"https:\/\/eldigitaldeasturias.com\/magazine365\/wp-json\/wp\/v2\/users\/1"}],"replies":[{"embeddable":true,"href":"https:\/\/eldigitaldeasturias.com\/magazine365\/wp-json\/wp\/v2\/comments?post=57608"}],"version-history":[{"count":0,"href":"https:\/\/eldigitaldeasturias.com\/magazine365\/wp-json\/wp\/v2\/posts\/57608\/revisions"}],"wp:featuredmedia":[{"embeddable":true,"href":"https:\/\/eldigitaldeasturias.com\/magazine365\/wp-json\/wp\/v2\/media\/57609"}],"wp:attachment":[{"href":"https:\/\/eldigitaldeasturias.com\/magazine365\/wp-json\/wp\/v2\/media?parent=57608"}],"wp:term":[{"taxonomy":"category","embeddable":true,"href":"https:\/\/eldigitaldeasturias.com\/magazine365\/wp-json\/wp\/v2\/categories?post=57608"},{"taxonomy":"post_tag","embeddable":true,"href":"https:\/\/eldigitaldeasturias.com\/magazine365\/wp-json\/wp\/v2\/tags?post=57608"}],"curies":[{"name":"wp","href":"https:\/\/api.w.org\/{rel}","templated":true}]}}