{"id":57505,"date":"2015-12-03T17:12:05","date_gmt":"2015-12-03T16:12:05","guid":{"rendered":"http:\/\/eldigitaldeasturias.com\/magazine365\/?p=57505"},"modified":"2015-12-03T17:12:05","modified_gmt":"2015-12-03T16:12:05","slug":"up-iu-por-malaga-apuesta-por-la-apertura-de-la-segunda-pista-del-aeropuerto","status":"publish","type":"post","link":"https:\/\/eldigitaldeasturias.com\/magazine365\/up-iu-por-malaga-apuesta-por-la-apertura-de-la-segunda-pista-del-aeropuerto\/","title":{"rendered":"UP-IU por M\u00e1laga apuesta por la apertura de la segunda pista del aeropuerto"},"content":{"rendered":"<p><img fetchpriority=\"high\" decoding=\"async\" class=\"alignleft size-medium wp-image-57506\" src=\"https:\/\/eldigitaldeasturias.com\/magazine365\/wp-content\/uploads\/2015\/12\/fotonoticia_20151201172433_800-360x215.jpg\" alt=\"fotonoticia_20151201172433_800\" width=\"360\" height=\"215\" srcset=\"https:\/\/eldigitaldeasturias.com\/magazine365\/wp-content\/uploads\/2015\/12\/fotonoticia_20151201172433_800-360x215.jpg 360w, https:\/\/eldigitaldeasturias.com\/magazine365\/wp-content\/uploads\/2015\/12\/fotonoticia_20151201172433_800-650x388.jpg 650w, https:\/\/eldigitaldeasturias.com\/magazine365\/wp-content\/uploads\/2015\/12\/fotonoticia_20151201172433_800-768x459.jpg 768w, https:\/\/eldigitaldeasturias.com\/magazine365\/wp-content\/uploads\/2015\/12\/fotonoticia_20151201172433_800-150x90.jpg 150w, https:\/\/eldigitaldeasturias.com\/magazine365\/wp-content\/uploads\/2015\/12\/fotonoticia_20151201172433_800-450x269.jpg 450w, https:\/\/eldigitaldeasturias.com\/magazine365\/wp-content\/uploads\/2015\/12\/fotonoticia_20151201172433_800-696x416.jpg 696w, https:\/\/eldigitaldeasturias.com\/magazine365\/wp-content\/uploads\/2015\/12\/fotonoticia_20151201172433_800-703x420.jpg 703w, https:\/\/eldigitaldeasturias.com\/magazine365\/wp-content\/uploads\/2015\/12\/fotonoticia_20151201172433_800.jpg 800w\" sizes=\"(max-width: 360px) 100vw, 360px\" \/>El candidato de Unidad Popular-Izquierda Unida (UP-IU) por M\u00e1laga al Congreso de los Diputados, Francisco Guzm\u00e1n, ha mostrado su apoyo a la apertura de la segunda pista del aeropuerto \u00abpor necesidades de seguridad, mayor servicio y extensi\u00f3n\u00bb. Adem\u00e1s, ha lamentado que \u00ablo que supuso un desembolso de 600 millones de euros, ahora se use como aparcamiento\u00bb.<\/p>\n<p>En una reuni\u00f3n con representantes de CCOO en Aena y de empresas subcontratadas celebrada este martes, el cabeza de lista de la formaci\u00f3n de izquierdas ha criticado la pol\u00edtica de privatizaciones del PSOE y el PP, que, seg\u00fan ha se\u00f1alado, \u00abha llevado a un aumento de servicios y n\u00famero de pasajeros al mismo tiempo que un descenso en la cifra de personal\u00bb.<\/p>\n<p>Guzm\u00e1n ha respaldado la puesta en funcionamiento de la comisi\u00f3n del aeropuerto, una petici\u00f3n impulsada por Comisiones Obreras que ya ha sido aprobada en dos ocasiones, aunque a\u00fan no se ha logrado poner en marcha.<\/p>\n<p>En el encuentro han intervenido tambi\u00e9n Juan Carlos Leiva, coordinador andaluz de Servicios A\u00e9reos y Tur\u00edsticos de CCOO, que ha incidido en la necesidad de una mayor seguridad para usuarios y trabajadores y una mejora en la calidad del empleo y contrataciones de estos \u00faltimos, y la concejala de M\u00e1laga para la Gente Remedios Ramos.<\/p>\n","protected":false},"excerpt":{"rendered":"<p>El candidato de Unidad Popular-Izquierda Unida (UP-IU) por M\u00e1laga al Congreso de los Diputados, Francisco Guzm\u00e1n, ha mostrado su apoyo a la apertura de la segunda pista del aeropuerto \u00abpor necesidades de seguridad, mayor servicio y extensi\u00f3n\u00bb. Adem\u00e1s, ha lamentado que \u00ablo que supuso un desembolso de 600 millones de euros, ahora se use como<\/p>\n","protected":false},"author":1,"featured_media":57506,"comment_status":"open","ping_status":"closed","sticky":false,"template":"","format":"standard","meta":{"footnotes":""},"categories":[224],"tags":[],"class_list":{"0":"post-57505","1":"post","2":"type-post","3":"status-publish","4":"format-standard","5":"has-post-thumbnail","7":"category-noticias-actualidad"},"aioseo_notices":[],"aioseo_head":"\n\t\t<!-- All in One SEO Pro 4.9.6.1 - aioseo.com -->\n\t<meta name=\"description\" content=\"El candidato de Unidad Popular-Izquierda Unida (UP-IU) por M\u00e1laga al Congreso de los Diputados, Francisco Guzm\u00e1n, ha mostrado su apoyo a la apertura de la segunda pista del aeropuerto &quot;por necesidades de seguridad, mayor servicio y extensi\u00f3n&quot;. Adem\u00e1s, ha lamentado que &quot;lo que supuso un desembolso de 600 millones de euros, ahora se use como\" \/>\n\t<meta name=\"robots\" content=\"max-image-preview:large\" \/>\n\t<meta name=\"author\" content=\"admin\"\/>\n\t<meta name=\"google-site-verification\" content=\"UA-38556648-1\" \/>\n\t<meta name=\"keywords\" content=\"noticias y actualidad\" \/>\n\t<link rel=\"canonical\" href=\"https:\/\/eldigitaldeasturias.com\/magazine365\/up-iu-por-malaga-apuesta-por-la-apertura-de-la-segunda-pista-del-aeropuerto\/\" \/>\n\t<meta name=\"generator\" content=\"All in One SEO Pro (AIOSEO) 4.9.6.1\" \/>\n\t\t<meta property=\"og:locale\" content=\"es_ES\" \/>\n\t\t<meta property=\"og:site_name\" content=\"El Digital de Asturias \u2013 Revista de ocio, turismo y estilo de vida\" \/>\n\t\t<meta property=\"og:type\" content=\"article\" \/>\n\t\t<meta property=\"og:title\" content=\"UP-IU por M\u00e1laga apuesta por la apertura de la segunda pista del aeropuerto | El Digital de Asturias\" \/>\n\t\t<meta property=\"og:description\" content=\"El candidato de Unidad Popular-Izquierda Unida (UP-IU) por M\u00e1laga al Congreso de los Diputados, Francisco Guzm\u00e1n, ha mostrado su apoyo a la apertura de la segunda pista del aeropuerto &quot;por necesidades de seguridad, mayor servicio y extensi\u00f3n&quot;. Adem\u00e1s, ha lamentado que &quot;lo que supuso un desembolso de 600 millones de euros, ahora se use como\" \/>\n\t\t<meta property=\"og:url\" content=\"https:\/\/eldigitaldeasturias.com\/magazine365\/up-iu-por-malaga-apuesta-por-la-apertura-de-la-segunda-pista-del-aeropuerto\/\" \/>\n\t\t<meta property=\"og:image\" content=\"https:\/\/eldigitaldeasturias.com\/magazine365\/wp-content\/uploads\/2015\/12\/fotonoticia_20151201172433_800.jpg\" \/>\n\t\t<meta property=\"og:image:secure_url\" content=\"https:\/\/eldigitaldeasturias.com\/magazine365\/wp-content\/uploads\/2015\/12\/fotonoticia_20151201172433_800.jpg\" \/>\n\t\t<meta property=\"og:image:width\" content=\"800\" \/>\n\t\t<meta property=\"og:image:height\" content=\"478\" \/>\n\t\t<meta property=\"article:published_time\" content=\"2015-12-03T16:12:05+00:00\" \/>\n\t\t<meta property=\"article:modified_time\" content=\"2015-12-03T16:12:05+00:00\" \/>\n\t\t<meta name=\"twitter:card\" content=\"summary_large_image\" \/>\n\t\t<meta name=\"twitter:title\" content=\"UP-IU por M\u00e1laga apuesta por la apertura de la segunda pista del aeropuerto | El Digital de Asturias\" \/>\n\t\t<meta name=\"twitter:description\" content=\"El candidato de Unidad Popular-Izquierda Unida (UP-IU) por M\u00e1laga al Congreso de los Diputados, Francisco Guzm\u00e1n, ha mostrado su apoyo a la apertura de la segunda pista del aeropuerto &quot;por necesidades de seguridad, mayor servicio y extensi\u00f3n&quot;. Adem\u00e1s, ha lamentado que &quot;lo que supuso un desembolso de 600 millones de euros, ahora se use como\" \/>\n\t\t<meta name=\"twitter:image\" content=\"https:\/\/eldigitaldeasturias.com\/magazine365\/wp-content\/uploads\/2015\/12\/fotonoticia_20151201172433_800.jpg\" \/>\n\t\t<script type=\"application\/ld+json\" class=\"aioseo-schema\">\n\t\t\t{\"@context\":\"https:\\\/\\\/schema.org\",\"@graph\":[{\"@type\":\"Article\",\"@id\":\"https:\\\/\\\/eldigitaldeasturias.com\\\/magazine365\\\/up-iu-por-malaga-apuesta-por-la-apertura-de-la-segunda-pista-del-aeropuerto\\\/#article\",\"name\":\"UP-IU por M\\u00e1laga apuesta por la apertura de la segunda pista del aeropuerto | El Digital de Asturias\",\"headline\":\"UP-IU por M\\u00e1laga apuesta por la apertura de la segunda pista del aeropuerto\",\"author\":{\"@id\":\"https:\\\/\\\/eldigitaldeasturias.com\\\/magazine365\\\/author\\\/admin\\\/#author\"},\"publisher\":{\"@id\":\"https:\\\/\\\/eldigitaldeasturias.com\\\/magazine365\\\/#organization\"},\"image\":{\"@type\":\"ImageObject\",\"url\":\"https:\\\/\\\/eldigitaldeasturias.com\\\/magazine365\\\/wp-content\\\/uploads\\\/2015\\\/12\\\/fotonoticia_20151201172433_800.jpg\",\"width\":800,\"height\":478},\"datePublished\":\"2015-12-03T17:12:05+01:00\",\"dateModified\":\"2015-12-03T17:12:05+01:00\",\"inLanguage\":\"es-ES\",\"mainEntityOfPage\":{\"@id\":\"https:\\\/\\\/eldigitaldeasturias.com\\\/magazine365\\\/up-iu-por-malaga-apuesta-por-la-apertura-de-la-segunda-pista-del-aeropuerto\\\/#webpage\"},\"isPartOf\":{\"@id\":\"https:\\\/\\\/eldigitaldeasturias.com\\\/magazine365\\\/up-iu-por-malaga-apuesta-por-la-apertura-de-la-segunda-pista-del-aeropuerto\\\/#webpage\"},\"articleSection\":\"Noticias y Actualidad\"},{\"@type\":\"BreadcrumbList\",\"@id\":\"https:\\\/\\\/eldigitaldeasturias.com\\\/magazine365\\\/up-iu-por-malaga-apuesta-por-la-apertura-de-la-segunda-pista-del-aeropuerto\\\/#breadcrumblist\",\"itemListElement\":[{\"@type\":\"ListItem\",\"@id\":\"https:\\\/\\\/eldigitaldeasturias.com\\\/magazine365#listItem\",\"position\":1,\"name\":\"Home\",\"item\":\"https:\\\/\\\/eldigitaldeasturias.com\\\/magazine365\",\"nextItem\":{\"@type\":\"ListItem\",\"@id\":\"https:\\\/\\\/eldigitaldeasturias.com\\\/magazine365\\\/category\\\/noticias-actualidad\\\/#listItem\",\"name\":\"Noticias y Actualidad\"}},{\"@type\":\"ListItem\",\"@id\":\"https:\\\/\\\/eldigitaldeasturias.com\\\/magazine365\\\/category\\\/noticias-actualidad\\\/#listItem\",\"position\":2,\"name\":\"Noticias y Actualidad\",\"item\":\"https:\\\/\\\/eldigitaldeasturias.com\\\/magazine365\\\/category\\\/noticias-actualidad\\\/\",\"nextItem\":{\"@type\":\"ListItem\",\"@id\":\"https:\\\/\\\/eldigitaldeasturias.com\\\/magazine365\\\/up-iu-por-malaga-apuesta-por-la-apertura-de-la-segunda-pista-del-aeropuerto\\\/#listItem\",\"name\":\"UP-IU por M\\u00e1laga apuesta por la apertura de la segunda pista del aeropuerto\"},\"previousItem\":{\"@type\":\"ListItem\",\"@id\":\"https:\\\/\\\/eldigitaldeasturias.com\\\/magazine365#listItem\",\"name\":\"Home\"}},{\"@type\":\"ListItem\",\"@id\":\"https:\\\/\\\/eldigitaldeasturias.com\\\/magazine365\\\/up-iu-por-malaga-apuesta-por-la-apertura-de-la-segunda-pista-del-aeropuerto\\\/#listItem\",\"position\":3,\"name\":\"UP-IU por M\\u00e1laga apuesta por la apertura de la segunda pista del aeropuerto\",\"previousItem\":{\"@type\":\"ListItem\",\"@id\":\"https:\\\/\\\/eldigitaldeasturias.com\\\/magazine365\\\/category\\\/noticias-actualidad\\\/#listItem\",\"name\":\"Noticias y Actualidad\"}}]},{\"@type\":\"Organization\",\"@id\":\"https:\\\/\\\/eldigitaldeasturias.com\\\/magazine365\\\/#organization\",\"name\":\"El digital de Asturias\",\"description\":\"Revista de ocio, turismo y estilo de vida\",\"url\":\"https:\\\/\\\/eldigitaldeasturias.com\\\/magazine365\\\/\",\"logo\":{\"@type\":\"ImageObject\",\"url\":\"https:\\\/\\\/www.eldigitaldeasturias.com\\\/noticias\\\/wp-content\\\/uploads\\\/2020\\\/12\\\/EDA.jpg\",\"@id\":\"https:\\\/\\\/eldigitaldeasturias.com\\\/magazine365\\\/up-iu-por-malaga-apuesta-por-la-apertura-de-la-segunda-pista-del-aeropuerto\\\/#organizationLogo\"},\"image\":{\"@id\":\"https:\\\/\\\/eldigitaldeasturias.com\\\/magazine365\\\/up-iu-por-malaga-apuesta-por-la-apertura-de-la-segunda-pista-del-aeropuerto\\\/#organizationLogo\"}},{\"@type\":\"Person\",\"@id\":\"https:\\\/\\\/eldigitaldeasturias.com\\\/magazine365\\\/author\\\/admin\\\/#author\",\"url\":\"https:\\\/\\\/eldigitaldeasturias.com\\\/magazine365\\\/author\\\/admin\\\/\",\"name\":\"admin\",\"image\":{\"@type\":\"ImageObject\",\"@id\":\"https:\\\/\\\/eldigitaldeasturias.com\\\/magazine365\\\/up-iu-por-malaga-apuesta-por-la-apertura-de-la-segunda-pista-del-aeropuerto\\\/#authorImage\",\"url\":\"https:\\\/\\\/eldigitaldeasturias.com\\\/magazine365\\\/wp-content\\\/litespeed\\\/avatar\\\/e571bcf59a0edd6fa6838245a470f2fe.jpg?ver=1777574230\",\"width\":96,\"height\":96,\"caption\":\"admin\"}},{\"@type\":\"WebPage\",\"@id\":\"https:\\\/\\\/eldigitaldeasturias.com\\\/magazine365\\\/up-iu-por-malaga-apuesta-por-la-apertura-de-la-segunda-pista-del-aeropuerto\\\/#webpage\",\"url\":\"https:\\\/\\\/eldigitaldeasturias.com\\\/magazine365\\\/up-iu-por-malaga-apuesta-por-la-apertura-de-la-segunda-pista-del-aeropuerto\\\/\",\"name\":\"UP-IU por M\\u00e1laga apuesta por la apertura de la segunda pista del aeropuerto | El Digital de Asturias\",\"description\":\"El candidato de Unidad Popular-Izquierda Unida (UP-IU) por M\\u00e1laga al Congreso de los Diputados, Francisco Guzm\\u00e1n, ha mostrado su apoyo a la apertura de la segunda pista del aeropuerto \\\"por necesidades de seguridad, mayor servicio y extensi\\u00f3n\\\". Adem\\u00e1s, ha lamentado que \\\"lo que supuso un desembolso de 600 millones de euros, ahora se use como\",\"inLanguage\":\"es-ES\",\"isPartOf\":{\"@id\":\"https:\\\/\\\/eldigitaldeasturias.com\\\/magazine365\\\/#website\"},\"breadcrumb\":{\"@id\":\"https:\\\/\\\/eldigitaldeasturias.com\\\/magazine365\\\/up-iu-por-malaga-apuesta-por-la-apertura-de-la-segunda-pista-del-aeropuerto\\\/#breadcrumblist\"},\"author\":{\"@id\":\"https:\\\/\\\/eldigitaldeasturias.com\\\/magazine365\\\/author\\\/admin\\\/#author\"},\"creator\":{\"@id\":\"https:\\\/\\\/eldigitaldeasturias.com\\\/magazine365\\\/author\\\/admin\\\/#author\"},\"image\":{\"@type\":\"ImageObject\",\"url\":\"https:\\\/\\\/eldigitaldeasturias.com\\\/magazine365\\\/wp-content\\\/uploads\\\/2015\\\/12\\\/fotonoticia_20151201172433_800.jpg\",\"@id\":\"https:\\\/\\\/eldigitaldeasturias.com\\\/magazine365\\\/up-iu-por-malaga-apuesta-por-la-apertura-de-la-segunda-pista-del-aeropuerto\\\/#mainImage\",\"width\":800,\"height\":478},\"primaryImageOfPage\":{\"@id\":\"https:\\\/\\\/eldigitaldeasturias.com\\\/magazine365\\\/up-iu-por-malaga-apuesta-por-la-apertura-de-la-segunda-pista-del-aeropuerto\\\/#mainImage\"},\"datePublished\":\"2015-12-03T17:12:05+01:00\",\"dateModified\":\"2015-12-03T17:12:05+01:00\"},{\"@type\":\"WebSite\",\"@id\":\"https:\\\/\\\/eldigitaldeasturias.com\\\/magazine365\\\/#website\",\"url\":\"https:\\\/\\\/eldigitaldeasturias.com\\\/magazine365\\\/\",\"name\":\"El Digital de Asturias\",\"description\":\"Revista de ocio, turismo y estilo de vida\",\"inLanguage\":\"es-ES\",\"publisher\":{\"@id\":\"https:\\\/\\\/eldigitaldeasturias.com\\\/magazine365\\\/#organization\"}}]}\n\t\t<\/script>\n\t\t<!-- All in One SEO Pro -->\r\n\t\t<title>UP-IU por M\u00e1laga apuesta por la apertura de la segunda pista del aeropuerto | El Digital de Asturias<\/title>\n\n","aioseo_head_json":{"title":"UP-IU por M\u00e1laga apuesta por la apertura de la segunda pista del aeropuerto | El Digital de Asturias","description":"El candidato de Unidad Popular-Izquierda Unida (UP-IU) por M\u00e1laga al Congreso de los Diputados, Francisco Guzm\u00e1n, ha mostrado su apoyo a la apertura de la segunda pista del aeropuerto \"por necesidades de seguridad, mayor servicio y extensi\u00f3n\". Adem\u00e1s, ha lamentado que \"lo que supuso un desembolso de 600 millones de euros, ahora se use como","canonical_url":"https:\/\/eldigitaldeasturias.com\/magazine365\/up-iu-por-malaga-apuesta-por-la-apertura-de-la-segunda-pista-del-aeropuerto\/","robots":"max-image-preview:large","keywords":"noticias y actualidad","webmasterTools":{"google-site-verification":"UA-38556648-1","miscellaneous":""},"schema":{"@context":"https:\/\/schema.org","@graph":[{"@type":"Article","@id":"https:\/\/eldigitaldeasturias.com\/magazine365\/up-iu-por-malaga-apuesta-por-la-apertura-de-la-segunda-pista-del-aeropuerto\/#article","name":"UP-IU por M\u00e1laga apuesta por la apertura de la segunda pista del aeropuerto | El Digital de Asturias","headline":"UP-IU por M\u00e1laga apuesta por la apertura de la segunda pista del aeropuerto","author":{"@id":"https:\/\/eldigitaldeasturias.com\/magazine365\/author\/admin\/#author"},"publisher":{"@id":"https:\/\/eldigitaldeasturias.com\/magazine365\/#organization"},"image":{"@type":"ImageObject","url":"https:\/\/eldigitaldeasturias.com\/magazine365\/wp-content\/uploads\/2015\/12\/fotonoticia_20151201172433_800.jpg","width":800,"height":478},"datePublished":"2015-12-03T17:12:05+01:00","dateModified":"2015-12-03T17:12:05+01:00","inLanguage":"es-ES","mainEntityOfPage":{"@id":"https:\/\/eldigitaldeasturias.com\/magazine365\/up-iu-por-malaga-apuesta-por-la-apertura-de-la-segunda-pista-del-aeropuerto\/#webpage"},"isPartOf":{"@id":"https:\/\/eldigitaldeasturias.com\/magazine365\/up-iu-por-malaga-apuesta-por-la-apertura-de-la-segunda-pista-del-aeropuerto\/#webpage"},"articleSection":"Noticias y Actualidad"},{"@type":"BreadcrumbList","@id":"https:\/\/eldigitaldeasturias.com\/magazine365\/up-iu-por-malaga-apuesta-por-la-apertura-de-la-segunda-pista-del-aeropuerto\/#breadcrumblist","itemListElement":[{"@type":"ListItem","@id":"https:\/\/eldigitaldeasturias.com\/magazine365#listItem","position":1,"name":"Home","item":"https:\/\/eldigitaldeasturias.com\/magazine365","nextItem":{"@type":"ListItem","@id":"https:\/\/eldigitaldeasturias.com\/magazine365\/category\/noticias-actualidad\/#listItem","name":"Noticias y Actualidad"}},{"@type":"ListItem","@id":"https:\/\/eldigitaldeasturias.com\/magazine365\/category\/noticias-actualidad\/#listItem","position":2,"name":"Noticias y Actualidad","item":"https:\/\/eldigitaldeasturias.com\/magazine365\/category\/noticias-actualidad\/","nextItem":{"@type":"ListItem","@id":"https:\/\/eldigitaldeasturias.com\/magazine365\/up-iu-por-malaga-apuesta-por-la-apertura-de-la-segunda-pista-del-aeropuerto\/#listItem","name":"UP-IU por M\u00e1laga apuesta por la apertura de la segunda pista del aeropuerto"},"previousItem":{"@type":"ListItem","@id":"https:\/\/eldigitaldeasturias.com\/magazine365#listItem","name":"Home"}},{"@type":"ListItem","@id":"https:\/\/eldigitaldeasturias.com\/magazine365\/up-iu-por-malaga-apuesta-por-la-apertura-de-la-segunda-pista-del-aeropuerto\/#listItem","position":3,"name":"UP-IU por M\u00e1laga apuesta por la apertura de la segunda pista del aeropuerto","previousItem":{"@type":"ListItem","@id":"https:\/\/eldigitaldeasturias.com\/magazine365\/category\/noticias-actualidad\/#listItem","name":"Noticias y Actualidad"}}]},{"@type":"Organization","@id":"https:\/\/eldigitaldeasturias.com\/magazine365\/#organization","name":"El digital de Asturias","description":"Revista de ocio, turismo y estilo de vida","url":"https:\/\/eldigitaldeasturias.com\/magazine365\/","logo":{"@type":"ImageObject","url":"https:\/\/www.eldigitaldeasturias.com\/noticias\/wp-content\/uploads\/2020\/12\/EDA.jpg","@id":"https:\/\/eldigitaldeasturias.com\/magazine365\/up-iu-por-malaga-apuesta-por-la-apertura-de-la-segunda-pista-del-aeropuerto\/#organizationLogo"},"image":{"@id":"https:\/\/eldigitaldeasturias.com\/magazine365\/up-iu-por-malaga-apuesta-por-la-apertura-de-la-segunda-pista-del-aeropuerto\/#organizationLogo"}},{"@type":"Person","@id":"https:\/\/eldigitaldeasturias.com\/magazine365\/author\/admin\/#author","url":"https:\/\/eldigitaldeasturias.com\/magazine365\/author\/admin\/","name":"admin","image":{"@type":"ImageObject","@id":"https:\/\/eldigitaldeasturias.com\/magazine365\/up-iu-por-malaga-apuesta-por-la-apertura-de-la-segunda-pista-del-aeropuerto\/#authorImage","url":"https:\/\/eldigitaldeasturias.com\/magazine365\/wp-content\/litespeed\/avatar\/e571bcf59a0edd6fa6838245a470f2fe.jpg?ver=1777574230","width":96,"height":96,"caption":"admin"}},{"@type":"WebPage","@id":"https:\/\/eldigitaldeasturias.com\/magazine365\/up-iu-por-malaga-apuesta-por-la-apertura-de-la-segunda-pista-del-aeropuerto\/#webpage","url":"https:\/\/eldigitaldeasturias.com\/magazine365\/up-iu-por-malaga-apuesta-por-la-apertura-de-la-segunda-pista-del-aeropuerto\/","name":"UP-IU por M\u00e1laga apuesta por la apertura de la segunda pista del aeropuerto | El Digital de Asturias","description":"El candidato de Unidad Popular-Izquierda Unida (UP-IU) por M\u00e1laga al Congreso de los Diputados, Francisco Guzm\u00e1n, ha mostrado su apoyo a la apertura de la segunda pista del aeropuerto \"por necesidades de seguridad, mayor servicio y extensi\u00f3n\". Adem\u00e1s, ha lamentado que \"lo que supuso un desembolso de 600 millones de euros, ahora se use como","inLanguage":"es-ES","isPartOf":{"@id":"https:\/\/eldigitaldeasturias.com\/magazine365\/#website"},"breadcrumb":{"@id":"https:\/\/eldigitaldeasturias.com\/magazine365\/up-iu-por-malaga-apuesta-por-la-apertura-de-la-segunda-pista-del-aeropuerto\/#breadcrumblist"},"author":{"@id":"https:\/\/eldigitaldeasturias.com\/magazine365\/author\/admin\/#author"},"creator":{"@id":"https:\/\/eldigitaldeasturias.com\/magazine365\/author\/admin\/#author"},"image":{"@type":"ImageObject","url":"https:\/\/eldigitaldeasturias.com\/magazine365\/wp-content\/uploads\/2015\/12\/fotonoticia_20151201172433_800.jpg","@id":"https:\/\/eldigitaldeasturias.com\/magazine365\/up-iu-por-malaga-apuesta-por-la-apertura-de-la-segunda-pista-del-aeropuerto\/#mainImage","width":800,"height":478},"primaryImageOfPage":{"@id":"https:\/\/eldigitaldeasturias.com\/magazine365\/up-iu-por-malaga-apuesta-por-la-apertura-de-la-segunda-pista-del-aeropuerto\/#mainImage"},"datePublished":"2015-12-03T17:12:05+01:00","dateModified":"2015-12-03T17:12:05+01:00"},{"@type":"WebSite","@id":"https:\/\/eldigitaldeasturias.com\/magazine365\/#website","url":"https:\/\/eldigitaldeasturias.com\/magazine365\/","name":"El Digital de Asturias","description":"Revista de ocio, turismo y estilo de vida","inLanguage":"es-ES","publisher":{"@id":"https:\/\/eldigitaldeasturias.com\/magazine365\/#organization"}}]},"og:locale":"es_ES","og:site_name":"El Digital de Asturias \u2013 Revista de ocio, turismo y estilo de vida","og:type":"article","og:title":"UP-IU por M\u00e1laga apuesta por la apertura de la segunda pista del aeropuerto | El Digital de Asturias","og:description":"El candidato de Unidad Popular-Izquierda Unida (UP-IU) por M\u00e1laga al Congreso de los Diputados, Francisco Guzm\u00e1n, ha mostrado su apoyo a la apertura de la segunda pista del aeropuerto &quot;por necesidades de seguridad, mayor servicio y extensi\u00f3n&quot;. Adem\u00e1s, ha lamentado que &quot;lo que supuso un desembolso de 600 millones de euros, ahora se use como","og:url":"https:\/\/eldigitaldeasturias.com\/magazine365\/up-iu-por-malaga-apuesta-por-la-apertura-de-la-segunda-pista-del-aeropuerto\/","og:image":"https:\/\/eldigitaldeasturias.com\/magazine365\/wp-content\/uploads\/2015\/12\/fotonoticia_20151201172433_800.jpg","og:image:secure_url":"https:\/\/eldigitaldeasturias.com\/magazine365\/wp-content\/uploads\/2015\/12\/fotonoticia_20151201172433_800.jpg","og:image:width":800,"og:image:height":478,"article:published_time":"2015-12-03T16:12:05+00:00","article:modified_time":"2015-12-03T16:12:05+00:00","twitter:card":"summary_large_image","twitter:title":"UP-IU por M\u00e1laga apuesta por la apertura de la segunda pista del aeropuerto | El Digital de Asturias","twitter:description":"El candidato de Unidad Popular-Izquierda Unida (UP-IU) por M\u00e1laga al Congreso de los Diputados, Francisco Guzm\u00e1n, ha mostrado su apoyo a la apertura de la segunda pista del aeropuerto &quot;por necesidades de seguridad, mayor servicio y extensi\u00f3n&quot;. Adem\u00e1s, ha lamentado que &quot;lo que supuso un desembolso de 600 millones de euros, ahora se use como","twitter:image":"https:\/\/eldigitaldeasturias.com\/magazine365\/wp-content\/uploads\/2015\/12\/fotonoticia_20151201172433_800.jpg"},"aioseo_meta_data":{"post_id":"57505","title":null,"description":null,"keywords":null,"keyphrases":null,"primary_term":null,"canonical_url":null,"og_title":null,"og_description":null,"og_object_type":"default","og_image_type":"default","og_image_url":null,"og_image_width":null,"og_image_height":null,"og_image_custom_url":null,"og_image_custom_fields":null,"og_video":null,"og_custom_url":null,"og_article_section":null,"og_article_tags":null,"twitter_use_og":false,"twitter_card":"default","twitter_image_type":"default","twitter_image_url":null,"twitter_image_custom_url":null,"twitter_image_custom_fields":null,"twitter_title":null,"twitter_description":null,"schema":{"blockGraphs":[],"customGraphs":[],"default":{"data":{"Article":[],"Course":[],"Dataset":[],"FAQPage":[],"Movie":[],"Person":[],"Product":[],"ProductReview":[],"Car":[],"Recipe":[],"Service":[],"SoftwareApplication":[],"WebPage":[]},"graphName":"","isEnabled":true},"graphs":[],"defaultGraph":"","defaultPostTypeGraph":""},"schema_type":null,"schema_type_options":null,"pillar_content":false,"robots_default":true,"robots_noindex":false,"robots_noarchive":false,"robots_nosnippet":false,"robots_nofollow":false,"robots_noimageindex":false,"robots_noodp":false,"robots_notranslate":false,"robots_max_snippet":null,"robots_max_videopreview":null,"robots_max_imagepreview":"large","priority":null,"frequency":null,"location":null,"local_seo":null,"seo_analyzer_scan_date":"2025-09-25 01:01:46","breadcrumb_settings":null,"limit_modified_date":false,"open_ai":null,"ai":null,"created":"2021-03-08 22:42:39","updated":"2025-09-25 01:01:46"},"aioseo_breadcrumb":"<div class=\"aioseo-breadcrumbs\"><span class=\"aioseo-breadcrumb\">\n\t<a href=\"https:\/\/eldigitaldeasturias.com\/magazine365\" title=\"Home\">Home<\/a>\n<\/span><span class=\"aioseo-breadcrumb-separator\">\u2013<\/span><span class=\"aioseo-breadcrumb\">\n\t<a href=\"https:\/\/eldigitaldeasturias.com\/magazine365\/category\/noticias-actualidad\/\" title=\"Noticias y Actualidad\">Noticias y Actualidad<\/a>\n<\/span><span class=\"aioseo-breadcrumb-separator\">\u2013<\/span><span class=\"aioseo-breadcrumb\">\n\t<a href=\"https:\/\/eldigitaldeasturias.com\/magazine365\/up-iu-por-malaga-apuesta-por-la-apertura-de-la-segunda-pista-del-aeropuerto\/\" title=\"UP-IU por M\u00e1laga apuesta por la apertura de la segunda pista del aeropuerto\">UP-IU por M\u00e1laga apuesta por la apertura de la segunda pista del aeropuerto<\/a>\n<\/span><\/div>","aioseo_breadcrumb_json":[{"label":"Home","link":"https:\/\/eldigitaldeasturias.com\/magazine365"},{"label":"Noticias y Actualidad","link":"https:\/\/eldigitaldeasturias.com\/magazine365\/category\/noticias-actualidad\/"},{"label":"UP-IU por M\u00e1laga apuesta por la apertura de la segunda pista del aeropuerto","link":"https:\/\/eldigitaldeasturias.com\/magazine365\/up-iu-por-malaga-apuesta-por-la-apertura-de-la-segunda-pista-del-aeropuerto\/"}],"_links":{"self":[{"href":"https:\/\/eldigitaldeasturias.com\/magazine365\/wp-json\/wp\/v2\/posts\/57505","targetHints":{"allow":["GET"]}}],"collection":[{"href":"https:\/\/eldigitaldeasturias.com\/magazine365\/wp-json\/wp\/v2\/posts"}],"about":[{"href":"https:\/\/eldigitaldeasturias.com\/magazine365\/wp-json\/wp\/v2\/types\/post"}],"author":[{"embeddable":true,"href":"https:\/\/eldigitaldeasturias.com\/magazine365\/wp-json\/wp\/v2\/users\/1"}],"replies":[{"embeddable":true,"href":"https:\/\/eldigitaldeasturias.com\/magazine365\/wp-json\/wp\/v2\/comments?post=57505"}],"version-history":[{"count":0,"href":"https:\/\/eldigitaldeasturias.com\/magazine365\/wp-json\/wp\/v2\/posts\/57505\/revisions"}],"wp:featuredmedia":[{"embeddable":true,"href":"https:\/\/eldigitaldeasturias.com\/magazine365\/wp-json\/wp\/v2\/media\/57506"}],"wp:attachment":[{"href":"https:\/\/eldigitaldeasturias.com\/magazine365\/wp-json\/wp\/v2\/media?parent=57505"}],"wp:term":[{"taxonomy":"category","embeddable":true,"href":"https:\/\/eldigitaldeasturias.com\/magazine365\/wp-json\/wp\/v2\/categories?post=57505"},{"taxonomy":"post_tag","embeddable":true,"href":"https:\/\/eldigitaldeasturias.com\/magazine365\/wp-json\/wp\/v2\/tags?post=57505"}],"curies":[{"name":"wp","href":"https:\/\/api.w.org\/{rel}","templated":true}]}}