{"id":575,"date":"2014-01-10T06:54:00","date_gmt":"2014-01-10T07:54:00","guid":{"rendered":"http:\/\/eldigitaldeasturias.com\/magazine365\/?p=575"},"modified":"2014-01-10T06:54:00","modified_gmt":"2014-01-10T07:54:00","slug":"miley-cyrus-sera-la-nueva-cara-de-la-firma-marc-jacobs","status":"publish","type":"post","link":"https:\/\/eldigitaldeasturias.com\/magazine365\/miley-cyrus-sera-la-nueva-cara-de-la-firma-marc-jacobs\/","title":{"rendered":"Miley Cyrus ser\u00e1 la nueva cara de la firma Marc Jacobs"},"content":{"rendered":"<p><img fetchpriority=\"high\" decoding=\"async\" class=\"alignleft size-medium wp-image-576\" alt=\"5839303w\" src=\"https:\/\/eldigitaldeasturias.com\/magazine365\/wp-content\/uploads\/2014\/01\/5839303w-360x250.jpg\" width=\"360\" height=\"250\" \/>Nueva York, 9 ene (EFE).- La cantante Miley Cyrus, una de las celebridades con m\u00e1s impacto medi\u00e1tico en el \u00faltimo a\u00f1o, ser\u00e1 la nueva imagen de la firma americana Marc Jacobs en la campa\u00f1a publicitaria primavera\/verano de este a\u00f1o.<\/p>\n<p>El dise\u00f1ador Marc Jacobs hizo p\u00fablico en su cuenta de Twitter que la cantante protagonizar\u00eda la campa\u00f1a y que ser\u00eda fotografiada por el fot\u00f3grafo brit\u00e1nico David Sims, a pesar de que la firma desde 1998 siempre hab\u00eda contratado a Juerguen Teller como fot\u00f3grafo.<\/p>\n<p>Marc Jacobs tambi\u00e9n public\u00f3, junto con la informaci\u00f3n de la nueva campa\u00f1a, una fotograf\u00eda de Cyrus en la que la cantante luce la ropa del dise\u00f1ador en un ambiente tenebroso y con cara seria, sentada en unas dunas con el mar de fondo.<\/p>\n<p>As\u00ed, con una chaqueta azul marino con brocados negros y unos pantalones estampados anchos y cortos color burdeos, la cantante de \u00abWrecking Ball\u00bb y exestrella infantil Disney da a conocer el comienzo de la campa\u00f1a publicitaria.<\/p>\n<p>La anteriormente conocida como Hannah Montana tambi\u00e9n inform\u00f3 desde su cuenta de Twitter subi\u00f3 otra fotograf\u00eda en la que lleva unas gafas grandes rojas.<\/p>\n<p>Miley Cyrus, que el a\u00f1o pasado escandaliz\u00f3 al mundo en su actuaci\u00f3n de alto voltaje er\u00f3tico en los MTV Video Music Awards, ya hab\u00eda colaborado con Marc Jacobs en la campa\u00f1a \u00abProtege tu piel\u00bb, donde pos\u00f3 frente a las c\u00e1maras llevando s\u00f3lo una camiseta para apoyar el Instituto del C\u00e1ncer de la Universidad de Nueva York.<\/p>\n<p>Otros famosos como Dakota Fanning, Victoria Beckham, Sofia Coppola o MIA han sido imagen en otras campa\u00f1as para el dise\u00f1ador.<\/p>\n","protected":false},"excerpt":{"rendered":"<p>Nueva York, 9 ene (EFE).- La cantante Miley Cyrus, una de las celebridades con m\u00e1s impacto medi\u00e1tico en el \u00faltimo a\u00f1o, ser\u00e1 la nueva imagen de la firma americana Marc Jacobs en la campa\u00f1a publicitaria primavera\/verano de este a\u00f1o. El dise\u00f1ador Marc Jacobs hizo p\u00fablico en su cuenta de Twitter que la cantante protagonizar\u00eda la<\/p>\n","protected":false},"author":1,"featured_media":576,"comment_status":"open","ping_status":"open","sticky":false,"template":"","format":"standard","meta":{"footnotes":""},"categories":[224],"tags":[],"class_list":{"0":"post-575","1":"post","2":"type-post","3":"status-publish","4":"format-standard","5":"has-post-thumbnail","7":"category-noticias-actualidad"},"aioseo_notices":[],"aioseo_head":"\n\t\t<!-- All in One SEO Pro 4.9.6.1 - aioseo.com -->\n\t<meta name=\"description\" content=\"Nueva York, 9 ene (EFE).- La cantante Miley Cyrus, una de las celebridades con m\u00e1s impacto medi\u00e1tico en el \u00faltimo a\u00f1o, ser\u00e1 la nueva imagen de la firma americana Marc Jacobs en la campa\u00f1a publicitaria primavera\/verano de este a\u00f1o. El dise\u00f1ador Marc Jacobs hizo p\u00fablico en su cuenta de Twitter que la cantante protagonizar\u00eda la\" \/>\n\t<meta name=\"robots\" content=\"max-image-preview:large\" \/>\n\t<meta name=\"author\" content=\"admin\"\/>\n\t<meta name=\"google-site-verification\" content=\"UA-38556648-1\" \/>\n\t<meta name=\"keywords\" content=\"noticias y actualidad\" \/>\n\t<link rel=\"canonical\" href=\"https:\/\/eldigitaldeasturias.com\/magazine365\/miley-cyrus-sera-la-nueva-cara-de-la-firma-marc-jacobs\/\" \/>\n\t<meta name=\"generator\" content=\"All in One SEO Pro (AIOSEO) 4.9.6.1\" \/>\n\t\t<meta property=\"og:locale\" content=\"es_ES\" \/>\n\t\t<meta property=\"og:site_name\" content=\"El Digital de Asturias \u2013 Revista de ocio, turismo y estilo de vida\" \/>\n\t\t<meta property=\"og:type\" content=\"article\" \/>\n\t\t<meta property=\"og:title\" content=\"Miley Cyrus ser\u00e1 la nueva cara de la firma Marc Jacobs | El Digital de Asturias\" \/>\n\t\t<meta property=\"og:description\" content=\"Nueva York, 9 ene (EFE).- La cantante Miley Cyrus, una de las celebridades con m\u00e1s impacto medi\u00e1tico en el \u00faltimo a\u00f1o, ser\u00e1 la nueva imagen de la firma americana Marc Jacobs en la campa\u00f1a publicitaria primavera\/verano de este a\u00f1o. El dise\u00f1ador Marc Jacobs hizo p\u00fablico en su cuenta de Twitter que la cantante protagonizar\u00eda la\" \/>\n\t\t<meta property=\"og:url\" content=\"https:\/\/eldigitaldeasturias.com\/magazine365\/miley-cyrus-sera-la-nueva-cara-de-la-firma-marc-jacobs\/\" \/>\n\t\t<meta property=\"og:image\" content=\"https:\/\/eldigitaldeasturias.com\/magazine365\/wp-content\/uploads\/2014\/01\/5839303w.jpg\" \/>\n\t\t<meta property=\"og:image:secure_url\" content=\"https:\/\/eldigitaldeasturias.com\/magazine365\/wp-content\/uploads\/2014\/01\/5839303w.jpg\" \/>\n\t\t<meta property=\"og:image:width\" content=\"800\" \/>\n\t\t<meta property=\"og:image:height\" content=\"557\" \/>\n\t\t<meta property=\"article:published_time\" content=\"2014-01-10T07:54:00+00:00\" \/>\n\t\t<meta property=\"article:modified_time\" content=\"2014-01-10T07:54:00+00:00\" \/>\n\t\t<meta name=\"twitter:card\" content=\"summary_large_image\" \/>\n\t\t<meta name=\"twitter:title\" content=\"Miley Cyrus ser\u00e1 la nueva cara de la firma Marc Jacobs | El Digital de Asturias\" \/>\n\t\t<meta name=\"twitter:description\" content=\"Nueva York, 9 ene (EFE).- La cantante Miley Cyrus, una de las celebridades con m\u00e1s impacto medi\u00e1tico en el \u00faltimo a\u00f1o, ser\u00e1 la nueva imagen de la firma americana Marc Jacobs en la campa\u00f1a publicitaria primavera\/verano de este a\u00f1o. El dise\u00f1ador Marc Jacobs hizo p\u00fablico en su cuenta de Twitter que la cantante protagonizar\u00eda la\" \/>\n\t\t<meta name=\"twitter:image\" content=\"https:\/\/eldigitaldeasturias.com\/magazine365\/wp-content\/uploads\/2014\/01\/5839303w.jpg\" \/>\n\t\t<script type=\"application\/ld+json\" class=\"aioseo-schema\">\n\t\t\t{\"@context\":\"https:\\\/\\\/schema.org\",\"@graph\":[{\"@type\":\"Article\",\"@id\":\"https:\\\/\\\/eldigitaldeasturias.com\\\/magazine365\\\/miley-cyrus-sera-la-nueva-cara-de-la-firma-marc-jacobs\\\/#article\",\"name\":\"Miley Cyrus ser\\u00e1 la nueva cara de la firma Marc Jacobs | El Digital de Asturias\",\"headline\":\"Miley Cyrus ser\\u00e1 la nueva cara de la firma Marc Jacobs\",\"author\":{\"@id\":\"https:\\\/\\\/eldigitaldeasturias.com\\\/magazine365\\\/author\\\/admin\\\/#author\"},\"publisher\":{\"@id\":\"https:\\\/\\\/eldigitaldeasturias.com\\\/magazine365\\\/#organization\"},\"image\":{\"@type\":\"ImageObject\",\"url\":\"https:\\\/\\\/eldigitaldeasturias.com\\\/magazine365\\\/wp-content\\\/uploads\\\/2014\\\/01\\\/5839303w.jpg\",\"width\":800,\"height\":557},\"datePublished\":\"2014-01-10T06:54:00+01:00\",\"dateModified\":\"2014-01-10T06:54:00+01:00\",\"inLanguage\":\"es-ES\",\"mainEntityOfPage\":{\"@id\":\"https:\\\/\\\/eldigitaldeasturias.com\\\/magazine365\\\/miley-cyrus-sera-la-nueva-cara-de-la-firma-marc-jacobs\\\/#webpage\"},\"isPartOf\":{\"@id\":\"https:\\\/\\\/eldigitaldeasturias.com\\\/magazine365\\\/miley-cyrus-sera-la-nueva-cara-de-la-firma-marc-jacobs\\\/#webpage\"},\"articleSection\":\"Noticias y Actualidad\"},{\"@type\":\"BreadcrumbList\",\"@id\":\"https:\\\/\\\/eldigitaldeasturias.com\\\/magazine365\\\/miley-cyrus-sera-la-nueva-cara-de-la-firma-marc-jacobs\\\/#breadcrumblist\",\"itemListElement\":[{\"@type\":\"ListItem\",\"@id\":\"https:\\\/\\\/eldigitaldeasturias.com\\\/magazine365#listItem\",\"position\":1,\"name\":\"Home\",\"item\":\"https:\\\/\\\/eldigitaldeasturias.com\\\/magazine365\",\"nextItem\":{\"@type\":\"ListItem\",\"@id\":\"https:\\\/\\\/eldigitaldeasturias.com\\\/magazine365\\\/category\\\/noticias-actualidad\\\/#listItem\",\"name\":\"Noticias y Actualidad\"}},{\"@type\":\"ListItem\",\"@id\":\"https:\\\/\\\/eldigitaldeasturias.com\\\/magazine365\\\/category\\\/noticias-actualidad\\\/#listItem\",\"position\":2,\"name\":\"Noticias y Actualidad\",\"item\":\"https:\\\/\\\/eldigitaldeasturias.com\\\/magazine365\\\/category\\\/noticias-actualidad\\\/\",\"nextItem\":{\"@type\":\"ListItem\",\"@id\":\"https:\\\/\\\/eldigitaldeasturias.com\\\/magazine365\\\/miley-cyrus-sera-la-nueva-cara-de-la-firma-marc-jacobs\\\/#listItem\",\"name\":\"Miley Cyrus ser\\u00e1 la nueva cara de la firma Marc Jacobs\"},\"previousItem\":{\"@type\":\"ListItem\",\"@id\":\"https:\\\/\\\/eldigitaldeasturias.com\\\/magazine365#listItem\",\"name\":\"Home\"}},{\"@type\":\"ListItem\",\"@id\":\"https:\\\/\\\/eldigitaldeasturias.com\\\/magazine365\\\/miley-cyrus-sera-la-nueva-cara-de-la-firma-marc-jacobs\\\/#listItem\",\"position\":3,\"name\":\"Miley Cyrus ser\\u00e1 la nueva cara de la firma Marc Jacobs\",\"previousItem\":{\"@type\":\"ListItem\",\"@id\":\"https:\\\/\\\/eldigitaldeasturias.com\\\/magazine365\\\/category\\\/noticias-actualidad\\\/#listItem\",\"name\":\"Noticias y Actualidad\"}}]},{\"@type\":\"Organization\",\"@id\":\"https:\\\/\\\/eldigitaldeasturias.com\\\/magazine365\\\/#organization\",\"name\":\"El digital de Asturias\",\"description\":\"Revista de ocio, turismo y estilo de vida\",\"url\":\"https:\\\/\\\/eldigitaldeasturias.com\\\/magazine365\\\/\",\"logo\":{\"@type\":\"ImageObject\",\"url\":\"https:\\\/\\\/www.eldigitaldeasturias.com\\\/noticias\\\/wp-content\\\/uploads\\\/2020\\\/12\\\/EDA.jpg\",\"@id\":\"https:\\\/\\\/eldigitaldeasturias.com\\\/magazine365\\\/miley-cyrus-sera-la-nueva-cara-de-la-firma-marc-jacobs\\\/#organizationLogo\"},\"image\":{\"@id\":\"https:\\\/\\\/eldigitaldeasturias.com\\\/magazine365\\\/miley-cyrus-sera-la-nueva-cara-de-la-firma-marc-jacobs\\\/#organizationLogo\"}},{\"@type\":\"Person\",\"@id\":\"https:\\\/\\\/eldigitaldeasturias.com\\\/magazine365\\\/author\\\/admin\\\/#author\",\"url\":\"https:\\\/\\\/eldigitaldeasturias.com\\\/magazine365\\\/author\\\/admin\\\/\",\"name\":\"admin\",\"image\":{\"@type\":\"ImageObject\",\"@id\":\"https:\\\/\\\/eldigitaldeasturias.com\\\/magazine365\\\/miley-cyrus-sera-la-nueva-cara-de-la-firma-marc-jacobs\\\/#authorImage\",\"url\":\"https:\\\/\\\/eldigitaldeasturias.com\\\/magazine365\\\/wp-content\\\/litespeed\\\/avatar\\\/e571bcf59a0edd6fa6838245a470f2fe.jpg?ver=1776969259\",\"width\":96,\"height\":96,\"caption\":\"admin\"}},{\"@type\":\"WebPage\",\"@id\":\"https:\\\/\\\/eldigitaldeasturias.com\\\/magazine365\\\/miley-cyrus-sera-la-nueva-cara-de-la-firma-marc-jacobs\\\/#webpage\",\"url\":\"https:\\\/\\\/eldigitaldeasturias.com\\\/magazine365\\\/miley-cyrus-sera-la-nueva-cara-de-la-firma-marc-jacobs\\\/\",\"name\":\"Miley Cyrus ser\\u00e1 la nueva cara de la firma Marc Jacobs | El Digital de Asturias\",\"description\":\"Nueva York, 9 ene (EFE).- La cantante Miley Cyrus, una de las celebridades con m\\u00e1s impacto medi\\u00e1tico en el \\u00faltimo a\\u00f1o, ser\\u00e1 la nueva imagen de la firma americana Marc Jacobs en la campa\\u00f1a publicitaria primavera\\\/verano de este a\\u00f1o. El dise\\u00f1ador Marc Jacobs hizo p\\u00fablico en su cuenta de Twitter que la cantante protagonizar\\u00eda la\",\"inLanguage\":\"es-ES\",\"isPartOf\":{\"@id\":\"https:\\\/\\\/eldigitaldeasturias.com\\\/magazine365\\\/#website\"},\"breadcrumb\":{\"@id\":\"https:\\\/\\\/eldigitaldeasturias.com\\\/magazine365\\\/miley-cyrus-sera-la-nueva-cara-de-la-firma-marc-jacobs\\\/#breadcrumblist\"},\"author\":{\"@id\":\"https:\\\/\\\/eldigitaldeasturias.com\\\/magazine365\\\/author\\\/admin\\\/#author\"},\"creator\":{\"@id\":\"https:\\\/\\\/eldigitaldeasturias.com\\\/magazine365\\\/author\\\/admin\\\/#author\"},\"image\":{\"@type\":\"ImageObject\",\"url\":\"https:\\\/\\\/eldigitaldeasturias.com\\\/magazine365\\\/wp-content\\\/uploads\\\/2014\\\/01\\\/5839303w.jpg\",\"@id\":\"https:\\\/\\\/eldigitaldeasturias.com\\\/magazine365\\\/miley-cyrus-sera-la-nueva-cara-de-la-firma-marc-jacobs\\\/#mainImage\",\"width\":800,\"height\":557},\"primaryImageOfPage\":{\"@id\":\"https:\\\/\\\/eldigitaldeasturias.com\\\/magazine365\\\/miley-cyrus-sera-la-nueva-cara-de-la-firma-marc-jacobs\\\/#mainImage\"},\"datePublished\":\"2014-01-10T06:54:00+01:00\",\"dateModified\":\"2014-01-10T06:54:00+01:00\"},{\"@type\":\"WebSite\",\"@id\":\"https:\\\/\\\/eldigitaldeasturias.com\\\/magazine365\\\/#website\",\"url\":\"https:\\\/\\\/eldigitaldeasturias.com\\\/magazine365\\\/\",\"name\":\"El Digital de Asturias\",\"description\":\"Revista de ocio, turismo y estilo de vida\",\"inLanguage\":\"es-ES\",\"publisher\":{\"@id\":\"https:\\\/\\\/eldigitaldeasturias.com\\\/magazine365\\\/#organization\"}}]}\n\t\t<\/script>\n\t\t<!-- All in One SEO Pro -->\r\n\t\t<title>Miley Cyrus ser\u00e1 la nueva cara de la firma Marc Jacobs | El Digital de Asturias<\/title>\n\n","aioseo_head_json":{"title":"Miley Cyrus ser\u00e1 la nueva cara de la firma Marc Jacobs | El Digital de Asturias","description":"Nueva York, 9 ene (EFE).- La cantante Miley Cyrus, una de las celebridades con m\u00e1s impacto medi\u00e1tico en el \u00faltimo a\u00f1o, ser\u00e1 la nueva imagen de la firma americana Marc Jacobs en la campa\u00f1a publicitaria primavera\/verano de este a\u00f1o. El dise\u00f1ador Marc Jacobs hizo p\u00fablico en su cuenta de Twitter que la cantante protagonizar\u00eda la","canonical_url":"https:\/\/eldigitaldeasturias.com\/magazine365\/miley-cyrus-sera-la-nueva-cara-de-la-firma-marc-jacobs\/","robots":"max-image-preview:large","keywords":"noticias y actualidad","webmasterTools":{"google-site-verification":"UA-38556648-1","miscellaneous":""},"schema":{"@context":"https:\/\/schema.org","@graph":[{"@type":"Article","@id":"https:\/\/eldigitaldeasturias.com\/magazine365\/miley-cyrus-sera-la-nueva-cara-de-la-firma-marc-jacobs\/#article","name":"Miley Cyrus ser\u00e1 la nueva cara de la firma Marc Jacobs | El Digital de Asturias","headline":"Miley Cyrus ser\u00e1 la nueva cara de la firma Marc Jacobs","author":{"@id":"https:\/\/eldigitaldeasturias.com\/magazine365\/author\/admin\/#author"},"publisher":{"@id":"https:\/\/eldigitaldeasturias.com\/magazine365\/#organization"},"image":{"@type":"ImageObject","url":"https:\/\/eldigitaldeasturias.com\/magazine365\/wp-content\/uploads\/2014\/01\/5839303w.jpg","width":800,"height":557},"datePublished":"2014-01-10T06:54:00+01:00","dateModified":"2014-01-10T06:54:00+01:00","inLanguage":"es-ES","mainEntityOfPage":{"@id":"https:\/\/eldigitaldeasturias.com\/magazine365\/miley-cyrus-sera-la-nueva-cara-de-la-firma-marc-jacobs\/#webpage"},"isPartOf":{"@id":"https:\/\/eldigitaldeasturias.com\/magazine365\/miley-cyrus-sera-la-nueva-cara-de-la-firma-marc-jacobs\/#webpage"},"articleSection":"Noticias y Actualidad"},{"@type":"BreadcrumbList","@id":"https:\/\/eldigitaldeasturias.com\/magazine365\/miley-cyrus-sera-la-nueva-cara-de-la-firma-marc-jacobs\/#breadcrumblist","itemListElement":[{"@type":"ListItem","@id":"https:\/\/eldigitaldeasturias.com\/magazine365#listItem","position":1,"name":"Home","item":"https:\/\/eldigitaldeasturias.com\/magazine365","nextItem":{"@type":"ListItem","@id":"https:\/\/eldigitaldeasturias.com\/magazine365\/category\/noticias-actualidad\/#listItem","name":"Noticias y Actualidad"}},{"@type":"ListItem","@id":"https:\/\/eldigitaldeasturias.com\/magazine365\/category\/noticias-actualidad\/#listItem","position":2,"name":"Noticias y Actualidad","item":"https:\/\/eldigitaldeasturias.com\/magazine365\/category\/noticias-actualidad\/","nextItem":{"@type":"ListItem","@id":"https:\/\/eldigitaldeasturias.com\/magazine365\/miley-cyrus-sera-la-nueva-cara-de-la-firma-marc-jacobs\/#listItem","name":"Miley Cyrus ser\u00e1 la nueva cara de la firma Marc Jacobs"},"previousItem":{"@type":"ListItem","@id":"https:\/\/eldigitaldeasturias.com\/magazine365#listItem","name":"Home"}},{"@type":"ListItem","@id":"https:\/\/eldigitaldeasturias.com\/magazine365\/miley-cyrus-sera-la-nueva-cara-de-la-firma-marc-jacobs\/#listItem","position":3,"name":"Miley Cyrus ser\u00e1 la nueva cara de la firma Marc Jacobs","previousItem":{"@type":"ListItem","@id":"https:\/\/eldigitaldeasturias.com\/magazine365\/category\/noticias-actualidad\/#listItem","name":"Noticias y Actualidad"}}]},{"@type":"Organization","@id":"https:\/\/eldigitaldeasturias.com\/magazine365\/#organization","name":"El digital de Asturias","description":"Revista de ocio, turismo y estilo de vida","url":"https:\/\/eldigitaldeasturias.com\/magazine365\/","logo":{"@type":"ImageObject","url":"https:\/\/www.eldigitaldeasturias.com\/noticias\/wp-content\/uploads\/2020\/12\/EDA.jpg","@id":"https:\/\/eldigitaldeasturias.com\/magazine365\/miley-cyrus-sera-la-nueva-cara-de-la-firma-marc-jacobs\/#organizationLogo"},"image":{"@id":"https:\/\/eldigitaldeasturias.com\/magazine365\/miley-cyrus-sera-la-nueva-cara-de-la-firma-marc-jacobs\/#organizationLogo"}},{"@type":"Person","@id":"https:\/\/eldigitaldeasturias.com\/magazine365\/author\/admin\/#author","url":"https:\/\/eldigitaldeasturias.com\/magazine365\/author\/admin\/","name":"admin","image":{"@type":"ImageObject","@id":"https:\/\/eldigitaldeasturias.com\/magazine365\/miley-cyrus-sera-la-nueva-cara-de-la-firma-marc-jacobs\/#authorImage","url":"https:\/\/eldigitaldeasturias.com\/magazine365\/wp-content\/litespeed\/avatar\/e571bcf59a0edd6fa6838245a470f2fe.jpg?ver=1776969259","width":96,"height":96,"caption":"admin"}},{"@type":"WebPage","@id":"https:\/\/eldigitaldeasturias.com\/magazine365\/miley-cyrus-sera-la-nueva-cara-de-la-firma-marc-jacobs\/#webpage","url":"https:\/\/eldigitaldeasturias.com\/magazine365\/miley-cyrus-sera-la-nueva-cara-de-la-firma-marc-jacobs\/","name":"Miley Cyrus ser\u00e1 la nueva cara de la firma Marc Jacobs | El Digital de Asturias","description":"Nueva York, 9 ene (EFE).- La cantante Miley Cyrus, una de las celebridades con m\u00e1s impacto medi\u00e1tico en el \u00faltimo a\u00f1o, ser\u00e1 la nueva imagen de la firma americana Marc Jacobs en la campa\u00f1a publicitaria primavera\/verano de este a\u00f1o. El dise\u00f1ador Marc Jacobs hizo p\u00fablico en su cuenta de Twitter que la cantante protagonizar\u00eda la","inLanguage":"es-ES","isPartOf":{"@id":"https:\/\/eldigitaldeasturias.com\/magazine365\/#website"},"breadcrumb":{"@id":"https:\/\/eldigitaldeasturias.com\/magazine365\/miley-cyrus-sera-la-nueva-cara-de-la-firma-marc-jacobs\/#breadcrumblist"},"author":{"@id":"https:\/\/eldigitaldeasturias.com\/magazine365\/author\/admin\/#author"},"creator":{"@id":"https:\/\/eldigitaldeasturias.com\/magazine365\/author\/admin\/#author"},"image":{"@type":"ImageObject","url":"https:\/\/eldigitaldeasturias.com\/magazine365\/wp-content\/uploads\/2014\/01\/5839303w.jpg","@id":"https:\/\/eldigitaldeasturias.com\/magazine365\/miley-cyrus-sera-la-nueva-cara-de-la-firma-marc-jacobs\/#mainImage","width":800,"height":557},"primaryImageOfPage":{"@id":"https:\/\/eldigitaldeasturias.com\/magazine365\/miley-cyrus-sera-la-nueva-cara-de-la-firma-marc-jacobs\/#mainImage"},"datePublished":"2014-01-10T06:54:00+01:00","dateModified":"2014-01-10T06:54:00+01:00"},{"@type":"WebSite","@id":"https:\/\/eldigitaldeasturias.com\/magazine365\/#website","url":"https:\/\/eldigitaldeasturias.com\/magazine365\/","name":"El Digital de Asturias","description":"Revista de ocio, turismo y estilo de vida","inLanguage":"es-ES","publisher":{"@id":"https:\/\/eldigitaldeasturias.com\/magazine365\/#organization"}}]},"og:locale":"es_ES","og:site_name":"El Digital de Asturias \u2013 Revista de ocio, turismo y estilo de vida","og:type":"article","og:title":"Miley Cyrus ser\u00e1 la nueva cara de la firma Marc Jacobs | El Digital de Asturias","og:description":"Nueva York, 9 ene (EFE).- La cantante Miley Cyrus, una de las celebridades con m\u00e1s impacto medi\u00e1tico en el \u00faltimo a\u00f1o, ser\u00e1 la nueva imagen de la firma americana Marc Jacobs en la campa\u00f1a publicitaria primavera\/verano de este a\u00f1o. El dise\u00f1ador Marc Jacobs hizo p\u00fablico en su cuenta de Twitter que la cantante protagonizar\u00eda la","og:url":"https:\/\/eldigitaldeasturias.com\/magazine365\/miley-cyrus-sera-la-nueva-cara-de-la-firma-marc-jacobs\/","og:image":"https:\/\/eldigitaldeasturias.com\/magazine365\/wp-content\/uploads\/2014\/01\/5839303w.jpg","og:image:secure_url":"https:\/\/eldigitaldeasturias.com\/magazine365\/wp-content\/uploads\/2014\/01\/5839303w.jpg","og:image:width":800,"og:image:height":557,"article:published_time":"2014-01-10T07:54:00+00:00","article:modified_time":"2014-01-10T07:54:00+00:00","twitter:card":"summary_large_image","twitter:title":"Miley Cyrus ser\u00e1 la nueva cara de la firma Marc Jacobs | El Digital de Asturias","twitter:description":"Nueva York, 9 ene (EFE).- La cantante Miley Cyrus, una de las celebridades con m\u00e1s impacto medi\u00e1tico en el \u00faltimo a\u00f1o, ser\u00e1 la nueva imagen de la firma americana Marc Jacobs en la campa\u00f1a publicitaria primavera\/verano de este a\u00f1o. El dise\u00f1ador Marc Jacobs hizo p\u00fablico en su cuenta de Twitter que la cantante protagonizar\u00eda la","twitter:image":"https:\/\/eldigitaldeasturias.com\/magazine365\/wp-content\/uploads\/2014\/01\/5839303w.jpg"},"aioseo_meta_data":{"post_id":"575","title":null,"description":null,"keywords":null,"keyphrases":null,"primary_term":null,"canonical_url":null,"og_title":null,"og_description":null,"og_object_type":"default","og_image_type":"default","og_image_url":null,"og_image_width":null,"og_image_height":null,"og_image_custom_url":null,"og_image_custom_fields":null,"og_video":null,"og_custom_url":null,"og_article_section":null,"og_article_tags":null,"twitter_use_og":false,"twitter_card":"default","twitter_image_type":"default","twitter_image_url":null,"twitter_image_custom_url":null,"twitter_image_custom_fields":null,"twitter_title":null,"twitter_description":null,"schema":{"blockGraphs":[],"customGraphs":[],"default":{"data":{"Article":[],"Course":[],"Dataset":[],"FAQPage":[],"Movie":[],"Person":[],"Product":[],"ProductReview":[],"Car":[],"Recipe":[],"Service":[],"SoftwareApplication":[],"WebPage":[]},"graphName":"","isEnabled":true},"graphs":[],"defaultGraph":"","defaultPostTypeGraph":""},"schema_type":null,"schema_type_options":null,"pillar_content":false,"robots_default":true,"robots_noindex":false,"robots_noarchive":false,"robots_nosnippet":false,"robots_nofollow":false,"robots_noimageindex":false,"robots_noodp":false,"robots_notranslate":false,"robots_max_snippet":null,"robots_max_videopreview":null,"robots_max_imagepreview":"large","priority":null,"frequency":null,"location":null,"local_seo":null,"seo_analyzer_scan_date":"2025-09-16 07:49:30","breadcrumb_settings":null,"limit_modified_date":false,"open_ai":null,"ai":null,"created":"2020-12-21 13:33:30","updated":"2025-09-16 07:49:30"},"aioseo_breadcrumb":"<div class=\"aioseo-breadcrumbs\"><span class=\"aioseo-breadcrumb\">\n\t<a href=\"https:\/\/eldigitaldeasturias.com\/magazine365\" title=\"Home\">Home<\/a>\n<\/span><span class=\"aioseo-breadcrumb-separator\">\u2013<\/span><span class=\"aioseo-breadcrumb\">\n\t<a href=\"https:\/\/eldigitaldeasturias.com\/magazine365\/category\/noticias-actualidad\/\" title=\"Noticias y Actualidad\">Noticias y Actualidad<\/a>\n<\/span><span class=\"aioseo-breadcrumb-separator\">\u2013<\/span><span class=\"aioseo-breadcrumb\">\n\t<a href=\"https:\/\/eldigitaldeasturias.com\/magazine365\/miley-cyrus-sera-la-nueva-cara-de-la-firma-marc-jacobs\/\" title=\"Miley Cyrus ser\u00e1 la nueva cara de la firma Marc Jacobs\">Miley Cyrus ser\u00e1 la nueva cara de la firma Marc Jacobs<\/a>\n<\/span><\/div>","aioseo_breadcrumb_json":[{"label":"Home","link":"https:\/\/eldigitaldeasturias.com\/magazine365"},{"label":"Noticias y Actualidad","link":"https:\/\/eldigitaldeasturias.com\/magazine365\/category\/noticias-actualidad\/"},{"label":"Miley Cyrus ser\u00e1 la nueva cara de la firma Marc Jacobs","link":"https:\/\/eldigitaldeasturias.com\/magazine365\/miley-cyrus-sera-la-nueva-cara-de-la-firma-marc-jacobs\/"}],"_links":{"self":[{"href":"https:\/\/eldigitaldeasturias.com\/magazine365\/wp-json\/wp\/v2\/posts\/575","targetHints":{"allow":["GET"]}}],"collection":[{"href":"https:\/\/eldigitaldeasturias.com\/magazine365\/wp-json\/wp\/v2\/posts"}],"about":[{"href":"https:\/\/eldigitaldeasturias.com\/magazine365\/wp-json\/wp\/v2\/types\/post"}],"author":[{"embeddable":true,"href":"https:\/\/eldigitaldeasturias.com\/magazine365\/wp-json\/wp\/v2\/users\/1"}],"replies":[{"embeddable":true,"href":"https:\/\/eldigitaldeasturias.com\/magazine365\/wp-json\/wp\/v2\/comments?post=575"}],"version-history":[{"count":0,"href":"https:\/\/eldigitaldeasturias.com\/magazine365\/wp-json\/wp\/v2\/posts\/575\/revisions"}],"wp:featuredmedia":[{"embeddable":true,"href":"https:\/\/eldigitaldeasturias.com\/magazine365\/wp-json\/wp\/v2\/media\/576"}],"wp:attachment":[{"href":"https:\/\/eldigitaldeasturias.com\/magazine365\/wp-json\/wp\/v2\/media?parent=575"}],"wp:term":[{"taxonomy":"category","embeddable":true,"href":"https:\/\/eldigitaldeasturias.com\/magazine365\/wp-json\/wp\/v2\/categories?post=575"},{"taxonomy":"post_tag","embeddable":true,"href":"https:\/\/eldigitaldeasturias.com\/magazine365\/wp-json\/wp\/v2\/tags?post=575"}],"curies":[{"name":"wp","href":"https:\/\/api.w.org\/{rel}","templated":true}]}}