{"id":57441,"date":"2015-12-03T14:51:41","date_gmt":"2015-12-03T13:51:41","guid":{"rendered":"http:\/\/eldigitaldeasturias.com\/magazine365\/?p=57441"},"modified":"2015-12-03T14:51:41","modified_gmt":"2015-12-03T13:51:41","slug":"los-aeropuertos-espanoles-cerraran-el-ano-con-200-millones-de-pasajeros","status":"publish","type":"post","link":"https:\/\/eldigitaldeasturias.com\/magazine365\/los-aeropuertos-espanoles-cerraran-el-ano-con-200-millones-de-pasajeros\/","title":{"rendered":"Los aeropuertos espa\u00f1oles cerrar\u00e1n el a\u00f1o con 200 millones de pasajeros"},"content":{"rendered":"<p><img fetchpriority=\"high\" decoding=\"async\" class=\"alignleft size-medium wp-image-57442\" src=\"https:\/\/eldigitaldeasturias.com\/magazine365\/wp-content\/uploads\/2015\/12\/fotonoticia_20151201125356_800-360x240.jpg\" alt=\"fotonoticia_20151201125356_800\" width=\"360\" height=\"240\" srcset=\"https:\/\/eldigitaldeasturias.com\/magazine365\/wp-content\/uploads\/2015\/12\/fotonoticia_20151201125356_800-360x240.jpg 360w, https:\/\/eldigitaldeasturias.com\/magazine365\/wp-content\/uploads\/2015\/12\/fotonoticia_20151201125356_800-650x434.jpg 650w, https:\/\/eldigitaldeasturias.com\/magazine365\/wp-content\/uploads\/2015\/12\/fotonoticia_20151201125356_800-768x513.jpg 768w, https:\/\/eldigitaldeasturias.com\/magazine365\/wp-content\/uploads\/2015\/12\/fotonoticia_20151201125356_800-150x100.jpg 150w, https:\/\/eldigitaldeasturias.com\/magazine365\/wp-content\/uploads\/2015\/12\/fotonoticia_20151201125356_800-450x300.jpg 450w, https:\/\/eldigitaldeasturias.com\/magazine365\/wp-content\/uploads\/2015\/12\/fotonoticia_20151201125356_800-696x465.jpg 696w, https:\/\/eldigitaldeasturias.com\/magazine365\/wp-content\/uploads\/2015\/12\/fotonoticia_20151201125356_800-629x420.jpg 629w, https:\/\/eldigitaldeasturias.com\/magazine365\/wp-content\/uploads\/2015\/12\/fotonoticia_20151201125356_800-84x55.jpg 84w, https:\/\/eldigitaldeasturias.com\/magazine365\/wp-content\/uploads\/2015\/12\/fotonoticia_20151201125356_800.jpg 800w\" sizes=\"(max-width: 360px) 100vw, 360px\" \/>Los aeropuertos espa\u00f1oles cerrar\u00e1n 2015 superando los 200 millones de pasajeros, despu\u00e9s de registrar 13 millones de viajeros en la red durante el pasado mes de noviembre que fue \u00abmagn\u00edfico\u00bb, seg\u00fan ha adelantado este martes la ministra de Fomento, Ana Pastor.<\/p>\n<p>El aeropuerto Adolfo Su\u00e1rez Madrid-Barajas logr\u00f3 3,5 millones de pasajeros en noviembre, lo que supone un 12,5% m\u00e1s respecto al mismo mes de 2014, mientras que el aeropuerto Barcelona-El Prat sum\u00f3 2,5 millones de viajeros, con un incremento del 10% frente al mismo mes del a\u00f1o anterior.<\/p>\n<p>Pastor, que avanz\u00f3 estos datos durante la inauguraci\u00f3n de la jornada &#8216;Transporte A\u00e9reo en Espa\u00f1a 2015&#8217;, organizada por la Asociaci\u00f3n Internacional del Transporte A\u00e9reo (IATA), destac\u00f3 que estas cifras supone 24 meses de crecimiento continuado del tr\u00e1fico a\u00e9reo en Aena.<\/p>\n<p>La titular de Fomento record\u00f3 que las compa\u00f1\u00edas a\u00e9reas han programado en la red de Aena, integrada por 46 aeropuertos y dos helipuertos, m\u00e1s de 90,7 millones de asientos para la temporada de invierno, un 11,7% m\u00e1s, con un 9,4% m\u00e1s de operaciones programadas (560.000 vuelos).<\/p>\n<p>Pastor apunt\u00f3 las buenas previsiones en el factor de ocupaci\u00f3n medio de pasajeros en la red, hasta el 79%, cinco puntos porcentuales m\u00e1s que la temporada pasada, en la que operan 158 compa\u00f1\u00edas de 65 pa\u00edses diferentes que vuelan a m\u00e1s de 70 pa\u00edses.<\/p>\n<p>Asimismo, hizo referencia al descenso del 1,9% previsto en las tarifas aeroportuarias, que se aplicar\u00e1 a partir de marzo del pr\u00f3ximo a\u00f1o, despu\u00e9s de haberlas congelado durante la crisis.<\/p>\n<p>La ministra de Fomento ha se\u00f1alado en distintas ocasiones la labor de reestructuraci\u00f3n de Aena y su salida a Bolsa, que ha calificado como \u00abun ejemplo de buen hacer\u00bb.<\/p>\n<p>INTERMODALIDAD Y TERMINAL 0 PARA BARAJAS.<\/p>\n<p>Pastor ha afirmado que Fomento trabaja para la apertura de las compa\u00f1\u00edas a\u00e9reas espa\u00f1olas a nuevos mercados como el asi\u00e1tico y el africano, debido a la \u00abposici\u00f3n estrat\u00e9gica\u00bb del pa\u00eds.<\/p>\n<p>La titular de Fomento tambi\u00e9n hizo hincapi\u00e9 en la apuesta por \u00abintermodalidad\u00bb de los transportes donde destaca el desarrollo de las carreteras espa\u00f1olas, el sistema ferroviario y la red portuaria y aeroportuaria, donde las islas y Ceuta y Melilla \u00abno pueden quedar aisladas\u00bb.<\/p>\n<p>En l\u00ednea con la apuesta por la intermodalidad, Pastor reiter\u00f3 la idea de convertir Chamart\u00edn en la &#8216;terminal cero&#8217; del aeropuerto de Madrid-Barajas con un servicio de conexi\u00f3n sin paradas y de una duraci\u00f3n del recorrido de diez minutos aproximadamente. Todo ello incluido en el billete combinado.<\/p>\n<p>LA SEGURIDAD, UNA PRIORIDAD.<\/p>\n<p>En materia de seguridad a\u00e9rea, Pastor reiter\u00f3 que es la seguridad es prioritaria y record\u00f3 la puesta en marcha del Programa Estatal de Seguridad Operacional (PESO o en ingl\u00e9s SSP), un \u00abinstrumento decisivo\u00bb para seguir fomentando los servicios aeroportuarios, alcanzar \u00abla excelencia\u00bb y satisfacer las expectativas de todos los operadores.<\/p>\n<p>\u00abEspa\u00f1a est\u00e1 comprometida con el desarrollo del proyecto &#8216;Cielo \u00danico Europeo&#8217; y su programa tecnol\u00f3gico para aumentar la capacidad de nuestro espacio a\u00e9reo, mejorar la eficiencia de la gesti\u00f3n del tr\u00e1fico, reducir el impacto medioambiental e incrementar los elevados niveles de seguridad\u00bb, concluy\u00f3 Pastor.<\/p>\n","protected":false},"excerpt":{"rendered":"<p>Los aeropuertos espa\u00f1oles cerrar\u00e1n 2015 superando los 200 millones de pasajeros, despu\u00e9s de registrar 13 millones de viajeros en la red durante el pasado mes de noviembre que fue \u00abmagn\u00edfico\u00bb, seg\u00fan ha adelantado este martes la ministra de Fomento, Ana Pastor. El aeropuerto Adolfo Su\u00e1rez Madrid-Barajas logr\u00f3 3,5 millones de pasajeros en noviembre, lo que<\/p>\n","protected":false},"author":1,"featured_media":57442,"comment_status":"open","ping_status":"closed","sticky":false,"template":"","format":"standard","meta":{"footnotes":""},"categories":[224],"tags":[],"class_list":{"0":"post-57441","1":"post","2":"type-post","3":"status-publish","4":"format-standard","5":"has-post-thumbnail","7":"category-noticias-actualidad"},"aioseo_notices":[],"aioseo_head":"\n\t\t<!-- All in One SEO Pro 4.9.6.1 - aioseo.com -->\n\t<meta name=\"description\" content=\"Los aeropuertos espa\u00f1oles cerrar\u00e1n 2015 superando los 200 millones de pasajeros, despu\u00e9s de registrar 13 millones de viajeros en la red durante el pasado mes de noviembre que fue &quot;magn\u00edfico&quot;, seg\u00fan ha adelantado este martes la ministra de Fomento, Ana Pastor. El aeropuerto Adolfo Su\u00e1rez Madrid-Barajas logr\u00f3 3,5 millones de pasajeros en noviembre, lo que\" \/>\n\t<meta name=\"robots\" content=\"max-image-preview:large\" \/>\n\t<meta name=\"author\" content=\"admin\"\/>\n\t<meta name=\"google-site-verification\" content=\"UA-38556648-1\" \/>\n\t<meta name=\"keywords\" content=\"noticias y actualidad\" \/>\n\t<link rel=\"canonical\" href=\"https:\/\/eldigitaldeasturias.com\/magazine365\/los-aeropuertos-espanoles-cerraran-el-ano-con-200-millones-de-pasajeros\/\" \/>\n\t<meta name=\"generator\" content=\"All in One SEO Pro (AIOSEO) 4.9.6.1\" \/>\n\t\t<meta property=\"og:locale\" content=\"es_ES\" \/>\n\t\t<meta property=\"og:site_name\" content=\"El Digital de Asturias \u2013 Revista de ocio, turismo y estilo de vida\" \/>\n\t\t<meta property=\"og:type\" content=\"article\" \/>\n\t\t<meta property=\"og:title\" content=\"Los aeropuertos espa\u00f1oles cerrar\u00e1n el a\u00f1o con 200 millones de pasajeros | El Digital de Asturias\" \/>\n\t\t<meta property=\"og:description\" content=\"Los aeropuertos espa\u00f1oles cerrar\u00e1n 2015 superando los 200 millones de pasajeros, despu\u00e9s de registrar 13 millones de viajeros en la red durante el pasado mes de noviembre que fue &quot;magn\u00edfico&quot;, seg\u00fan ha adelantado este martes la ministra de Fomento, Ana Pastor. El aeropuerto Adolfo Su\u00e1rez Madrid-Barajas logr\u00f3 3,5 millones de pasajeros en noviembre, lo que\" \/>\n\t\t<meta property=\"og:url\" content=\"https:\/\/eldigitaldeasturias.com\/magazine365\/los-aeropuertos-espanoles-cerraran-el-ano-con-200-millones-de-pasajeros\/\" \/>\n\t\t<meta property=\"og:image\" content=\"https:\/\/eldigitaldeasturias.com\/magazine365\/wp-content\/uploads\/2015\/12\/fotonoticia_20151201125356_800.jpg\" \/>\n\t\t<meta property=\"og:image:secure_url\" content=\"https:\/\/eldigitaldeasturias.com\/magazine365\/wp-content\/uploads\/2015\/12\/fotonoticia_20151201125356_800.jpg\" \/>\n\t\t<meta property=\"og:image:width\" content=\"800\" \/>\n\t\t<meta property=\"og:image:height\" content=\"534\" \/>\n\t\t<meta property=\"article:published_time\" content=\"2015-12-03T13:51:41+00:00\" \/>\n\t\t<meta property=\"article:modified_time\" content=\"2015-12-03T13:51:41+00:00\" \/>\n\t\t<meta name=\"twitter:card\" content=\"summary_large_image\" \/>\n\t\t<meta name=\"twitter:title\" content=\"Los aeropuertos espa\u00f1oles cerrar\u00e1n el a\u00f1o con 200 millones de pasajeros | El Digital de Asturias\" \/>\n\t\t<meta name=\"twitter:description\" content=\"Los aeropuertos espa\u00f1oles cerrar\u00e1n 2015 superando los 200 millones de pasajeros, despu\u00e9s de registrar 13 millones de viajeros en la red durante el pasado mes de noviembre que fue &quot;magn\u00edfico&quot;, seg\u00fan ha adelantado este martes la ministra de Fomento, Ana Pastor. El aeropuerto Adolfo Su\u00e1rez Madrid-Barajas logr\u00f3 3,5 millones de pasajeros en noviembre, lo que\" \/>\n\t\t<meta name=\"twitter:image\" content=\"https:\/\/eldigitaldeasturias.com\/magazine365\/wp-content\/uploads\/2015\/12\/fotonoticia_20151201125356_800.jpg\" \/>\n\t\t<script type=\"application\/ld+json\" class=\"aioseo-schema\">\n\t\t\t{\"@context\":\"https:\\\/\\\/schema.org\",\"@graph\":[{\"@type\":\"Article\",\"@id\":\"https:\\\/\\\/eldigitaldeasturias.com\\\/magazine365\\\/los-aeropuertos-espanoles-cerraran-el-ano-con-200-millones-de-pasajeros\\\/#article\",\"name\":\"Los aeropuertos espa\\u00f1oles cerrar\\u00e1n el a\\u00f1o con 200 millones de pasajeros | El Digital de Asturias\",\"headline\":\"Los aeropuertos espa\\u00f1oles cerrar\\u00e1n el a\\u00f1o con 200 millones de pasajeros\",\"author\":{\"@id\":\"https:\\\/\\\/eldigitaldeasturias.com\\\/magazine365\\\/author\\\/admin\\\/#author\"},\"publisher\":{\"@id\":\"https:\\\/\\\/eldigitaldeasturias.com\\\/magazine365\\\/#organization\"},\"image\":{\"@type\":\"ImageObject\",\"url\":\"https:\\\/\\\/eldigitaldeasturias.com\\\/magazine365\\\/wp-content\\\/uploads\\\/2015\\\/12\\\/fotonoticia_20151201125356_800.jpg\",\"width\":800,\"height\":534},\"datePublished\":\"2015-12-03T14:51:41+01:00\",\"dateModified\":\"2015-12-03T14:51:41+01:00\",\"inLanguage\":\"es-ES\",\"mainEntityOfPage\":{\"@id\":\"https:\\\/\\\/eldigitaldeasturias.com\\\/magazine365\\\/los-aeropuertos-espanoles-cerraran-el-ano-con-200-millones-de-pasajeros\\\/#webpage\"},\"isPartOf\":{\"@id\":\"https:\\\/\\\/eldigitaldeasturias.com\\\/magazine365\\\/los-aeropuertos-espanoles-cerraran-el-ano-con-200-millones-de-pasajeros\\\/#webpage\"},\"articleSection\":\"Noticias y Actualidad\"},{\"@type\":\"BreadcrumbList\",\"@id\":\"https:\\\/\\\/eldigitaldeasturias.com\\\/magazine365\\\/los-aeropuertos-espanoles-cerraran-el-ano-con-200-millones-de-pasajeros\\\/#breadcrumblist\",\"itemListElement\":[{\"@type\":\"ListItem\",\"@id\":\"https:\\\/\\\/eldigitaldeasturias.com\\\/magazine365#listItem\",\"position\":1,\"name\":\"Home\",\"item\":\"https:\\\/\\\/eldigitaldeasturias.com\\\/magazine365\",\"nextItem\":{\"@type\":\"ListItem\",\"@id\":\"https:\\\/\\\/eldigitaldeasturias.com\\\/magazine365\\\/category\\\/noticias-actualidad\\\/#listItem\",\"name\":\"Noticias y Actualidad\"}},{\"@type\":\"ListItem\",\"@id\":\"https:\\\/\\\/eldigitaldeasturias.com\\\/magazine365\\\/category\\\/noticias-actualidad\\\/#listItem\",\"position\":2,\"name\":\"Noticias y Actualidad\",\"item\":\"https:\\\/\\\/eldigitaldeasturias.com\\\/magazine365\\\/category\\\/noticias-actualidad\\\/\",\"nextItem\":{\"@type\":\"ListItem\",\"@id\":\"https:\\\/\\\/eldigitaldeasturias.com\\\/magazine365\\\/los-aeropuertos-espanoles-cerraran-el-ano-con-200-millones-de-pasajeros\\\/#listItem\",\"name\":\"Los aeropuertos espa\\u00f1oles cerrar\\u00e1n el a\\u00f1o con 200 millones de pasajeros\"},\"previousItem\":{\"@type\":\"ListItem\",\"@id\":\"https:\\\/\\\/eldigitaldeasturias.com\\\/magazine365#listItem\",\"name\":\"Home\"}},{\"@type\":\"ListItem\",\"@id\":\"https:\\\/\\\/eldigitaldeasturias.com\\\/magazine365\\\/los-aeropuertos-espanoles-cerraran-el-ano-con-200-millones-de-pasajeros\\\/#listItem\",\"position\":3,\"name\":\"Los aeropuertos espa\\u00f1oles cerrar\\u00e1n el a\\u00f1o con 200 millones de pasajeros\",\"previousItem\":{\"@type\":\"ListItem\",\"@id\":\"https:\\\/\\\/eldigitaldeasturias.com\\\/magazine365\\\/category\\\/noticias-actualidad\\\/#listItem\",\"name\":\"Noticias y Actualidad\"}}]},{\"@type\":\"Organization\",\"@id\":\"https:\\\/\\\/eldigitaldeasturias.com\\\/magazine365\\\/#organization\",\"name\":\"El digital de Asturias\",\"description\":\"Revista de ocio, turismo y estilo de vida\",\"url\":\"https:\\\/\\\/eldigitaldeasturias.com\\\/magazine365\\\/\",\"logo\":{\"@type\":\"ImageObject\",\"url\":\"https:\\\/\\\/www.eldigitaldeasturias.com\\\/noticias\\\/wp-content\\\/uploads\\\/2020\\\/12\\\/EDA.jpg\",\"@id\":\"https:\\\/\\\/eldigitaldeasturias.com\\\/magazine365\\\/los-aeropuertos-espanoles-cerraran-el-ano-con-200-millones-de-pasajeros\\\/#organizationLogo\"},\"image\":{\"@id\":\"https:\\\/\\\/eldigitaldeasturias.com\\\/magazine365\\\/los-aeropuertos-espanoles-cerraran-el-ano-con-200-millones-de-pasajeros\\\/#organizationLogo\"}},{\"@type\":\"Person\",\"@id\":\"https:\\\/\\\/eldigitaldeasturias.com\\\/magazine365\\\/author\\\/admin\\\/#author\",\"url\":\"https:\\\/\\\/eldigitaldeasturias.com\\\/magazine365\\\/author\\\/admin\\\/\",\"name\":\"admin\",\"image\":{\"@type\":\"ImageObject\",\"@id\":\"https:\\\/\\\/eldigitaldeasturias.com\\\/magazine365\\\/los-aeropuertos-espanoles-cerraran-el-ano-con-200-millones-de-pasajeros\\\/#authorImage\",\"url\":\"https:\\\/\\\/eldigitaldeasturias.com\\\/magazine365\\\/wp-content\\\/litespeed\\\/avatar\\\/e571bcf59a0edd6fa6838245a470f2fe.jpg?ver=1777574230\",\"width\":96,\"height\":96,\"caption\":\"admin\"}},{\"@type\":\"WebPage\",\"@id\":\"https:\\\/\\\/eldigitaldeasturias.com\\\/magazine365\\\/los-aeropuertos-espanoles-cerraran-el-ano-con-200-millones-de-pasajeros\\\/#webpage\",\"url\":\"https:\\\/\\\/eldigitaldeasturias.com\\\/magazine365\\\/los-aeropuertos-espanoles-cerraran-el-ano-con-200-millones-de-pasajeros\\\/\",\"name\":\"Los aeropuertos espa\\u00f1oles cerrar\\u00e1n el a\\u00f1o con 200 millones de pasajeros | El Digital de Asturias\",\"description\":\"Los aeropuertos espa\\u00f1oles cerrar\\u00e1n 2015 superando los 200 millones de pasajeros, despu\\u00e9s de registrar 13 millones de viajeros en la red durante el pasado mes de noviembre que fue \\\"magn\\u00edfico\\\", seg\\u00fan ha adelantado este martes la ministra de Fomento, Ana Pastor. El aeropuerto Adolfo Su\\u00e1rez Madrid-Barajas logr\\u00f3 3,5 millones de pasajeros en noviembre, lo que\",\"inLanguage\":\"es-ES\",\"isPartOf\":{\"@id\":\"https:\\\/\\\/eldigitaldeasturias.com\\\/magazine365\\\/#website\"},\"breadcrumb\":{\"@id\":\"https:\\\/\\\/eldigitaldeasturias.com\\\/magazine365\\\/los-aeropuertos-espanoles-cerraran-el-ano-con-200-millones-de-pasajeros\\\/#breadcrumblist\"},\"author\":{\"@id\":\"https:\\\/\\\/eldigitaldeasturias.com\\\/magazine365\\\/author\\\/admin\\\/#author\"},\"creator\":{\"@id\":\"https:\\\/\\\/eldigitaldeasturias.com\\\/magazine365\\\/author\\\/admin\\\/#author\"},\"image\":{\"@type\":\"ImageObject\",\"url\":\"https:\\\/\\\/eldigitaldeasturias.com\\\/magazine365\\\/wp-content\\\/uploads\\\/2015\\\/12\\\/fotonoticia_20151201125356_800.jpg\",\"@id\":\"https:\\\/\\\/eldigitaldeasturias.com\\\/magazine365\\\/los-aeropuertos-espanoles-cerraran-el-ano-con-200-millones-de-pasajeros\\\/#mainImage\",\"width\":800,\"height\":534},\"primaryImageOfPage\":{\"@id\":\"https:\\\/\\\/eldigitaldeasturias.com\\\/magazine365\\\/los-aeropuertos-espanoles-cerraran-el-ano-con-200-millones-de-pasajeros\\\/#mainImage\"},\"datePublished\":\"2015-12-03T14:51:41+01:00\",\"dateModified\":\"2015-12-03T14:51:41+01:00\"},{\"@type\":\"WebSite\",\"@id\":\"https:\\\/\\\/eldigitaldeasturias.com\\\/magazine365\\\/#website\",\"url\":\"https:\\\/\\\/eldigitaldeasturias.com\\\/magazine365\\\/\",\"name\":\"El Digital de Asturias\",\"description\":\"Revista de ocio, turismo y estilo de vida\",\"inLanguage\":\"es-ES\",\"publisher\":{\"@id\":\"https:\\\/\\\/eldigitaldeasturias.com\\\/magazine365\\\/#organization\"}}]}\n\t\t<\/script>\n\t\t<!-- All in One SEO Pro -->\r\n\t\t<title>Los aeropuertos espa\u00f1oles cerrar\u00e1n el a\u00f1o con 200 millones de pasajeros | El Digital de Asturias<\/title>\n\n","aioseo_head_json":{"title":"Los aeropuertos espa\u00f1oles cerrar\u00e1n el a\u00f1o con 200 millones de pasajeros | El Digital de Asturias","description":"Los aeropuertos espa\u00f1oles cerrar\u00e1n 2015 superando los 200 millones de pasajeros, despu\u00e9s de registrar 13 millones de viajeros en la red durante el pasado mes de noviembre que fue \"magn\u00edfico\", seg\u00fan ha adelantado este martes la ministra de Fomento, Ana Pastor. El aeropuerto Adolfo Su\u00e1rez Madrid-Barajas logr\u00f3 3,5 millones de pasajeros en noviembre, lo que","canonical_url":"https:\/\/eldigitaldeasturias.com\/magazine365\/los-aeropuertos-espanoles-cerraran-el-ano-con-200-millones-de-pasajeros\/","robots":"max-image-preview:large","keywords":"noticias y actualidad","webmasterTools":{"google-site-verification":"UA-38556648-1","miscellaneous":""},"schema":{"@context":"https:\/\/schema.org","@graph":[{"@type":"Article","@id":"https:\/\/eldigitaldeasturias.com\/magazine365\/los-aeropuertos-espanoles-cerraran-el-ano-con-200-millones-de-pasajeros\/#article","name":"Los aeropuertos espa\u00f1oles cerrar\u00e1n el a\u00f1o con 200 millones de pasajeros | El Digital de Asturias","headline":"Los aeropuertos espa\u00f1oles cerrar\u00e1n el a\u00f1o con 200 millones de pasajeros","author":{"@id":"https:\/\/eldigitaldeasturias.com\/magazine365\/author\/admin\/#author"},"publisher":{"@id":"https:\/\/eldigitaldeasturias.com\/magazine365\/#organization"},"image":{"@type":"ImageObject","url":"https:\/\/eldigitaldeasturias.com\/magazine365\/wp-content\/uploads\/2015\/12\/fotonoticia_20151201125356_800.jpg","width":800,"height":534},"datePublished":"2015-12-03T14:51:41+01:00","dateModified":"2015-12-03T14:51:41+01:00","inLanguage":"es-ES","mainEntityOfPage":{"@id":"https:\/\/eldigitaldeasturias.com\/magazine365\/los-aeropuertos-espanoles-cerraran-el-ano-con-200-millones-de-pasajeros\/#webpage"},"isPartOf":{"@id":"https:\/\/eldigitaldeasturias.com\/magazine365\/los-aeropuertos-espanoles-cerraran-el-ano-con-200-millones-de-pasajeros\/#webpage"},"articleSection":"Noticias y Actualidad"},{"@type":"BreadcrumbList","@id":"https:\/\/eldigitaldeasturias.com\/magazine365\/los-aeropuertos-espanoles-cerraran-el-ano-con-200-millones-de-pasajeros\/#breadcrumblist","itemListElement":[{"@type":"ListItem","@id":"https:\/\/eldigitaldeasturias.com\/magazine365#listItem","position":1,"name":"Home","item":"https:\/\/eldigitaldeasturias.com\/magazine365","nextItem":{"@type":"ListItem","@id":"https:\/\/eldigitaldeasturias.com\/magazine365\/category\/noticias-actualidad\/#listItem","name":"Noticias y Actualidad"}},{"@type":"ListItem","@id":"https:\/\/eldigitaldeasturias.com\/magazine365\/category\/noticias-actualidad\/#listItem","position":2,"name":"Noticias y Actualidad","item":"https:\/\/eldigitaldeasturias.com\/magazine365\/category\/noticias-actualidad\/","nextItem":{"@type":"ListItem","@id":"https:\/\/eldigitaldeasturias.com\/magazine365\/los-aeropuertos-espanoles-cerraran-el-ano-con-200-millones-de-pasajeros\/#listItem","name":"Los aeropuertos espa\u00f1oles cerrar\u00e1n el a\u00f1o con 200 millones de pasajeros"},"previousItem":{"@type":"ListItem","@id":"https:\/\/eldigitaldeasturias.com\/magazine365#listItem","name":"Home"}},{"@type":"ListItem","@id":"https:\/\/eldigitaldeasturias.com\/magazine365\/los-aeropuertos-espanoles-cerraran-el-ano-con-200-millones-de-pasajeros\/#listItem","position":3,"name":"Los aeropuertos espa\u00f1oles cerrar\u00e1n el a\u00f1o con 200 millones de pasajeros","previousItem":{"@type":"ListItem","@id":"https:\/\/eldigitaldeasturias.com\/magazine365\/category\/noticias-actualidad\/#listItem","name":"Noticias y Actualidad"}}]},{"@type":"Organization","@id":"https:\/\/eldigitaldeasturias.com\/magazine365\/#organization","name":"El digital de Asturias","description":"Revista de ocio, turismo y estilo de vida","url":"https:\/\/eldigitaldeasturias.com\/magazine365\/","logo":{"@type":"ImageObject","url":"https:\/\/www.eldigitaldeasturias.com\/noticias\/wp-content\/uploads\/2020\/12\/EDA.jpg","@id":"https:\/\/eldigitaldeasturias.com\/magazine365\/los-aeropuertos-espanoles-cerraran-el-ano-con-200-millones-de-pasajeros\/#organizationLogo"},"image":{"@id":"https:\/\/eldigitaldeasturias.com\/magazine365\/los-aeropuertos-espanoles-cerraran-el-ano-con-200-millones-de-pasajeros\/#organizationLogo"}},{"@type":"Person","@id":"https:\/\/eldigitaldeasturias.com\/magazine365\/author\/admin\/#author","url":"https:\/\/eldigitaldeasturias.com\/magazine365\/author\/admin\/","name":"admin","image":{"@type":"ImageObject","@id":"https:\/\/eldigitaldeasturias.com\/magazine365\/los-aeropuertos-espanoles-cerraran-el-ano-con-200-millones-de-pasajeros\/#authorImage","url":"https:\/\/eldigitaldeasturias.com\/magazine365\/wp-content\/litespeed\/avatar\/e571bcf59a0edd6fa6838245a470f2fe.jpg?ver=1777574230","width":96,"height":96,"caption":"admin"}},{"@type":"WebPage","@id":"https:\/\/eldigitaldeasturias.com\/magazine365\/los-aeropuertos-espanoles-cerraran-el-ano-con-200-millones-de-pasajeros\/#webpage","url":"https:\/\/eldigitaldeasturias.com\/magazine365\/los-aeropuertos-espanoles-cerraran-el-ano-con-200-millones-de-pasajeros\/","name":"Los aeropuertos espa\u00f1oles cerrar\u00e1n el a\u00f1o con 200 millones de pasajeros | El Digital de Asturias","description":"Los aeropuertos espa\u00f1oles cerrar\u00e1n 2015 superando los 200 millones de pasajeros, despu\u00e9s de registrar 13 millones de viajeros en la red durante el pasado mes de noviembre que fue \"magn\u00edfico\", seg\u00fan ha adelantado este martes la ministra de Fomento, Ana Pastor. El aeropuerto Adolfo Su\u00e1rez Madrid-Barajas logr\u00f3 3,5 millones de pasajeros en noviembre, lo que","inLanguage":"es-ES","isPartOf":{"@id":"https:\/\/eldigitaldeasturias.com\/magazine365\/#website"},"breadcrumb":{"@id":"https:\/\/eldigitaldeasturias.com\/magazine365\/los-aeropuertos-espanoles-cerraran-el-ano-con-200-millones-de-pasajeros\/#breadcrumblist"},"author":{"@id":"https:\/\/eldigitaldeasturias.com\/magazine365\/author\/admin\/#author"},"creator":{"@id":"https:\/\/eldigitaldeasturias.com\/magazine365\/author\/admin\/#author"},"image":{"@type":"ImageObject","url":"https:\/\/eldigitaldeasturias.com\/magazine365\/wp-content\/uploads\/2015\/12\/fotonoticia_20151201125356_800.jpg","@id":"https:\/\/eldigitaldeasturias.com\/magazine365\/los-aeropuertos-espanoles-cerraran-el-ano-con-200-millones-de-pasajeros\/#mainImage","width":800,"height":534},"primaryImageOfPage":{"@id":"https:\/\/eldigitaldeasturias.com\/magazine365\/los-aeropuertos-espanoles-cerraran-el-ano-con-200-millones-de-pasajeros\/#mainImage"},"datePublished":"2015-12-03T14:51:41+01:00","dateModified":"2015-12-03T14:51:41+01:00"},{"@type":"WebSite","@id":"https:\/\/eldigitaldeasturias.com\/magazine365\/#website","url":"https:\/\/eldigitaldeasturias.com\/magazine365\/","name":"El Digital de Asturias","description":"Revista de ocio, turismo y estilo de vida","inLanguage":"es-ES","publisher":{"@id":"https:\/\/eldigitaldeasturias.com\/magazine365\/#organization"}}]},"og:locale":"es_ES","og:site_name":"El Digital de Asturias \u2013 Revista de ocio, turismo y estilo de vida","og:type":"article","og:title":"Los aeropuertos espa\u00f1oles cerrar\u00e1n el a\u00f1o con 200 millones de pasajeros | El Digital de Asturias","og:description":"Los aeropuertos espa\u00f1oles cerrar\u00e1n 2015 superando los 200 millones de pasajeros, despu\u00e9s de registrar 13 millones de viajeros en la red durante el pasado mes de noviembre que fue &quot;magn\u00edfico&quot;, seg\u00fan ha adelantado este martes la ministra de Fomento, Ana Pastor. El aeropuerto Adolfo Su\u00e1rez Madrid-Barajas logr\u00f3 3,5 millones de pasajeros en noviembre, lo que","og:url":"https:\/\/eldigitaldeasturias.com\/magazine365\/los-aeropuertos-espanoles-cerraran-el-ano-con-200-millones-de-pasajeros\/","og:image":"https:\/\/eldigitaldeasturias.com\/magazine365\/wp-content\/uploads\/2015\/12\/fotonoticia_20151201125356_800.jpg","og:image:secure_url":"https:\/\/eldigitaldeasturias.com\/magazine365\/wp-content\/uploads\/2015\/12\/fotonoticia_20151201125356_800.jpg","og:image:width":800,"og:image:height":534,"article:published_time":"2015-12-03T13:51:41+00:00","article:modified_time":"2015-12-03T13:51:41+00:00","twitter:card":"summary_large_image","twitter:title":"Los aeropuertos espa\u00f1oles cerrar\u00e1n el a\u00f1o con 200 millones de pasajeros | El Digital de Asturias","twitter:description":"Los aeropuertos espa\u00f1oles cerrar\u00e1n 2015 superando los 200 millones de pasajeros, despu\u00e9s de registrar 13 millones de viajeros en la red durante el pasado mes de noviembre que fue &quot;magn\u00edfico&quot;, seg\u00fan ha adelantado este martes la ministra de Fomento, Ana Pastor. El aeropuerto Adolfo Su\u00e1rez Madrid-Barajas logr\u00f3 3,5 millones de pasajeros en noviembre, lo que","twitter:image":"https:\/\/eldigitaldeasturias.com\/magazine365\/wp-content\/uploads\/2015\/12\/fotonoticia_20151201125356_800.jpg"},"aioseo_meta_data":{"post_id":"57441","title":null,"description":null,"keywords":null,"keyphrases":null,"primary_term":null,"canonical_url":null,"og_title":null,"og_description":null,"og_object_type":"default","og_image_type":"default","og_image_url":null,"og_image_width":null,"og_image_height":null,"og_image_custom_url":null,"og_image_custom_fields":null,"og_video":null,"og_custom_url":null,"og_article_section":null,"og_article_tags":null,"twitter_use_og":false,"twitter_card":"default","twitter_image_type":"default","twitter_image_url":null,"twitter_image_custom_url":null,"twitter_image_custom_fields":null,"twitter_title":null,"twitter_description":null,"schema":{"blockGraphs":[],"customGraphs":[],"default":{"data":{"Article":[],"Course":[],"Dataset":[],"FAQPage":[],"Movie":[],"Person":[],"Product":[],"ProductReview":[],"Car":[],"Recipe":[],"Service":[],"SoftwareApplication":[],"WebPage":[]},"graphName":"","isEnabled":true},"graphs":[],"defaultGraph":"","defaultPostTypeGraph":""},"schema_type":null,"schema_type_options":null,"pillar_content":false,"robots_default":true,"robots_noindex":false,"robots_noarchive":false,"robots_nosnippet":false,"robots_nofollow":false,"robots_noimageindex":false,"robots_noodp":false,"robots_notranslate":false,"robots_max_snippet":null,"robots_max_videopreview":null,"robots_max_imagepreview":"large","priority":null,"frequency":null,"location":null,"local_seo":null,"seo_analyzer_scan_date":"2025-09-25 00:53:49","breadcrumb_settings":null,"limit_modified_date":false,"open_ai":null,"ai":null,"created":"2021-03-08 22:43:58","updated":"2025-09-25 00:53:49"},"aioseo_breadcrumb":"<div class=\"aioseo-breadcrumbs\"><span class=\"aioseo-breadcrumb\">\n\t<a href=\"https:\/\/eldigitaldeasturias.com\/magazine365\" title=\"Home\">Home<\/a>\n<\/span><span class=\"aioseo-breadcrumb-separator\">\u2013<\/span><span class=\"aioseo-breadcrumb\">\n\t<a href=\"https:\/\/eldigitaldeasturias.com\/magazine365\/category\/noticias-actualidad\/\" title=\"Noticias y Actualidad\">Noticias y Actualidad<\/a>\n<\/span><span class=\"aioseo-breadcrumb-separator\">\u2013<\/span><span class=\"aioseo-breadcrumb\">\n\t<a href=\"https:\/\/eldigitaldeasturias.com\/magazine365\/los-aeropuertos-espanoles-cerraran-el-ano-con-200-millones-de-pasajeros\/\" title=\"Los aeropuertos espa\u00f1oles cerrar\u00e1n el a\u00f1o con 200 millones de pasajeros\">Los aeropuertos espa\u00f1oles cerrar\u00e1n el a\u00f1o con 200 millones de pasajeros<\/a>\n<\/span><\/div>","aioseo_breadcrumb_json":[{"label":"Home","link":"https:\/\/eldigitaldeasturias.com\/magazine365"},{"label":"Noticias y Actualidad","link":"https:\/\/eldigitaldeasturias.com\/magazine365\/category\/noticias-actualidad\/"},{"label":"Los aeropuertos espa\u00f1oles cerrar\u00e1n el a\u00f1o con 200 millones de pasajeros","link":"https:\/\/eldigitaldeasturias.com\/magazine365\/los-aeropuertos-espanoles-cerraran-el-ano-con-200-millones-de-pasajeros\/"}],"_links":{"self":[{"href":"https:\/\/eldigitaldeasturias.com\/magazine365\/wp-json\/wp\/v2\/posts\/57441","targetHints":{"allow":["GET"]}}],"collection":[{"href":"https:\/\/eldigitaldeasturias.com\/magazine365\/wp-json\/wp\/v2\/posts"}],"about":[{"href":"https:\/\/eldigitaldeasturias.com\/magazine365\/wp-json\/wp\/v2\/types\/post"}],"author":[{"embeddable":true,"href":"https:\/\/eldigitaldeasturias.com\/magazine365\/wp-json\/wp\/v2\/users\/1"}],"replies":[{"embeddable":true,"href":"https:\/\/eldigitaldeasturias.com\/magazine365\/wp-json\/wp\/v2\/comments?post=57441"}],"version-history":[{"count":0,"href":"https:\/\/eldigitaldeasturias.com\/magazine365\/wp-json\/wp\/v2\/posts\/57441\/revisions"}],"wp:featuredmedia":[{"embeddable":true,"href":"https:\/\/eldigitaldeasturias.com\/magazine365\/wp-json\/wp\/v2\/media\/57442"}],"wp:attachment":[{"href":"https:\/\/eldigitaldeasturias.com\/magazine365\/wp-json\/wp\/v2\/media?parent=57441"}],"wp:term":[{"taxonomy":"category","embeddable":true,"href":"https:\/\/eldigitaldeasturias.com\/magazine365\/wp-json\/wp\/v2\/categories?post=57441"},{"taxonomy":"post_tag","embeddable":true,"href":"https:\/\/eldigitaldeasturias.com\/magazine365\/wp-json\/wp\/v2\/tags?post=57441"}],"curies":[{"name":"wp","href":"https:\/\/api.w.org\/{rel}","templated":true}]}}