{"id":57403,"date":"2015-12-03T02:04:21","date_gmt":"2015-12-03T01:04:21","guid":{"rendered":"http:\/\/eldigitaldeasturias.com\/magazine365\/?p=57403"},"modified":"2015-12-03T02:04:21","modified_gmt":"2015-12-03T01:04:21","slug":"el-aeropuerto-seve-ballesteros-santander-inaugura-su-nueva-multitienda","status":"publish","type":"post","link":"https:\/\/eldigitaldeasturias.com\/magazine365\/el-aeropuerto-seve-ballesteros-santander-inaugura-su-nueva-multitienda\/","title":{"rendered":"El Aeropuerto Seve Ballesteros-Santander inaugura su nueva multitienda"},"content":{"rendered":"<p><img fetchpriority=\"high\" decoding=\"async\" class=\"alignleft size-medium wp-image-57404\" src=\"https:\/\/eldigitaldeasturias.com\/magazine365\/wp-content\/uploads\/2015\/12\/fotonoticia_20151201100901_800-360x255.jpg\" alt=\"fotonoticia_20151201100901_800\" width=\"360\" height=\"255\" srcset=\"https:\/\/eldigitaldeasturias.com\/magazine365\/wp-content\/uploads\/2015\/12\/fotonoticia_20151201100901_800-360x255.jpg 360w, https:\/\/eldigitaldeasturias.com\/magazine365\/wp-content\/uploads\/2015\/12\/fotonoticia_20151201100901_800-650x460.jpg 650w, https:\/\/eldigitaldeasturias.com\/magazine365\/wp-content\/uploads\/2015\/12\/fotonoticia_20151201100901_800-768x543.jpg 768w, https:\/\/eldigitaldeasturias.com\/magazine365\/wp-content\/uploads\/2015\/12\/fotonoticia_20151201100901_800-150x106.jpg 150w, https:\/\/eldigitaldeasturias.com\/magazine365\/wp-content\/uploads\/2015\/12\/fotonoticia_20151201100901_800-450x318.jpg 450w, https:\/\/eldigitaldeasturias.com\/magazine365\/wp-content\/uploads\/2015\/12\/fotonoticia_20151201100901_800-100x70.jpg 100w, https:\/\/eldigitaldeasturias.com\/magazine365\/wp-content\/uploads\/2015\/12\/fotonoticia_20151201100901_800-696x492.jpg 696w, https:\/\/eldigitaldeasturias.com\/magazine365\/wp-content\/uploads\/2015\/12\/fotonoticia_20151201100901_800-594x420.jpg 594w, https:\/\/eldigitaldeasturias.com\/magazine365\/wp-content\/uploads\/2015\/12\/fotonoticia_20151201100901_800.jpg 800w\" sizes=\"(max-width: 360px) 100vw, 360px\" \/>El Aeropuerto Seve Ballesteros-Santander ha inaugurado este martes su nueva multitienda de servicio al pasajero a su paso por la terminal, ha informado Aena en un comunicado.<\/p>\n<p>El local, de 95 metros cuadrados, est\u00e1 situado en una zona de gran paso del aeropuerto, en el hall de salidas, frente a la cafeter\u00eda y al lado del filtro de seguridad que da acceso a la zona de embarque.<\/p>\n<p>El espacio est\u00e1 dise\u00f1ado para ser un local con diversidad de art\u00edculos que den servicio a los pasajeros y acompa\u00f1antes que a diario pasan por las instalaciones aeroportuarias de Cantabria.<\/p>\n<p>En dicho local se puede encontrar desde prensa y revistas, a complementos, art\u00edculos de viaje, juegos, regalos, souvenirs, roductos gastron\u00f3micos t\u00edpicos de Cantabria y parafarmacia, entre otros.<\/p>\n","protected":false},"excerpt":{"rendered":"<p>El Aeropuerto Seve Ballesteros-Santander ha inaugurado este martes su nueva multitienda de servicio al pasajero a su paso por la terminal, ha informado Aena en un comunicado. El local, de 95 metros cuadrados, est\u00e1 situado en una zona de gran paso del aeropuerto, en el hall de salidas, frente a la cafeter\u00eda y al lado<\/p>\n","protected":false},"author":1,"featured_media":57404,"comment_status":"open","ping_status":"closed","sticky":false,"template":"","format":"standard","meta":{"footnotes":""},"categories":[224],"tags":[],"class_list":{"0":"post-57403","1":"post","2":"type-post","3":"status-publish","4":"format-standard","5":"has-post-thumbnail","7":"category-noticias-actualidad"},"aioseo_notices":[],"aioseo_head":"\n\t\t<!-- All in One SEO Pro 4.9.6.1 - aioseo.com -->\n\t<meta name=\"description\" content=\"El Aeropuerto Seve Ballesteros-Santander ha inaugurado este martes su nueva multitienda de servicio al pasajero a su paso por la terminal, ha informado Aena en un comunicado. El local, de 95 metros cuadrados, est\u00e1 situado en una zona de gran paso del aeropuerto, en el hall de salidas, frente a la cafeter\u00eda y al lado\" \/>\n\t<meta name=\"robots\" content=\"max-image-preview:large\" \/>\n\t<meta name=\"author\" content=\"admin\"\/>\n\t<meta name=\"google-site-verification\" content=\"UA-38556648-1\" \/>\n\t<meta name=\"keywords\" content=\"noticias y actualidad\" \/>\n\t<link rel=\"canonical\" href=\"https:\/\/eldigitaldeasturias.com\/magazine365\/el-aeropuerto-seve-ballesteros-santander-inaugura-su-nueva-multitienda\/\" \/>\n\t<meta name=\"generator\" content=\"All in One SEO Pro (AIOSEO) 4.9.6.1\" \/>\n\t\t<meta property=\"og:locale\" content=\"es_ES\" \/>\n\t\t<meta property=\"og:site_name\" content=\"El Digital de Asturias \u2013 Revista de ocio, turismo y estilo de vida\" \/>\n\t\t<meta property=\"og:type\" content=\"article\" \/>\n\t\t<meta property=\"og:title\" content=\"El Aeropuerto Seve Ballesteros-Santander inaugura su nueva multitienda | El Digital de Asturias\" \/>\n\t\t<meta property=\"og:description\" content=\"El Aeropuerto Seve Ballesteros-Santander ha inaugurado este martes su nueva multitienda de servicio al pasajero a su paso por la terminal, ha informado Aena en un comunicado. El local, de 95 metros cuadrados, est\u00e1 situado en una zona de gran paso del aeropuerto, en el hall de salidas, frente a la cafeter\u00eda y al lado\" \/>\n\t\t<meta property=\"og:url\" content=\"https:\/\/eldigitaldeasturias.com\/magazine365\/el-aeropuerto-seve-ballesteros-santander-inaugura-su-nueva-multitienda\/\" \/>\n\t\t<meta property=\"og:image\" content=\"https:\/\/eldigitaldeasturias.com\/magazine365\/wp-content\/uploads\/2015\/12\/fotonoticia_20151201100901_800.jpg\" \/>\n\t\t<meta property=\"og:image:secure_url\" content=\"https:\/\/eldigitaldeasturias.com\/magazine365\/wp-content\/uploads\/2015\/12\/fotonoticia_20151201100901_800.jpg\" \/>\n\t\t<meta property=\"og:image:width\" content=\"800\" \/>\n\t\t<meta property=\"og:image:height\" content=\"566\" \/>\n\t\t<meta property=\"article:published_time\" content=\"2015-12-03T01:04:21+00:00\" \/>\n\t\t<meta property=\"article:modified_time\" content=\"2015-12-03T01:04:21+00:00\" \/>\n\t\t<meta name=\"twitter:card\" content=\"summary_large_image\" \/>\n\t\t<meta name=\"twitter:title\" content=\"El Aeropuerto Seve Ballesteros-Santander inaugura su nueva multitienda | El Digital de Asturias\" \/>\n\t\t<meta name=\"twitter:description\" content=\"El Aeropuerto Seve Ballesteros-Santander ha inaugurado este martes su nueva multitienda de servicio al pasajero a su paso por la terminal, ha informado Aena en un comunicado. El local, de 95 metros cuadrados, est\u00e1 situado en una zona de gran paso del aeropuerto, en el hall de salidas, frente a la cafeter\u00eda y al lado\" \/>\n\t\t<meta name=\"twitter:image\" content=\"https:\/\/eldigitaldeasturias.com\/magazine365\/wp-content\/uploads\/2015\/12\/fotonoticia_20151201100901_800.jpg\" \/>\n\t\t<script type=\"application\/ld+json\" class=\"aioseo-schema\">\n\t\t\t{\"@context\":\"https:\\\/\\\/schema.org\",\"@graph\":[{\"@type\":\"Article\",\"@id\":\"https:\\\/\\\/eldigitaldeasturias.com\\\/magazine365\\\/el-aeropuerto-seve-ballesteros-santander-inaugura-su-nueva-multitienda\\\/#article\",\"name\":\"El Aeropuerto Seve Ballesteros-Santander inaugura su nueva multitienda | El Digital de Asturias\",\"headline\":\"El Aeropuerto Seve Ballesteros-Santander inaugura su nueva multitienda\",\"author\":{\"@id\":\"https:\\\/\\\/eldigitaldeasturias.com\\\/magazine365\\\/author\\\/admin\\\/#author\"},\"publisher\":{\"@id\":\"https:\\\/\\\/eldigitaldeasturias.com\\\/magazine365\\\/#organization\"},\"image\":{\"@type\":\"ImageObject\",\"url\":\"https:\\\/\\\/eldigitaldeasturias.com\\\/magazine365\\\/wp-content\\\/uploads\\\/2015\\\/12\\\/fotonoticia_20151201100901_800.jpg\",\"width\":800,\"height\":566},\"datePublished\":\"2015-12-03T02:04:21+01:00\",\"dateModified\":\"2015-12-03T02:04:21+01:00\",\"inLanguage\":\"es-ES\",\"mainEntityOfPage\":{\"@id\":\"https:\\\/\\\/eldigitaldeasturias.com\\\/magazine365\\\/el-aeropuerto-seve-ballesteros-santander-inaugura-su-nueva-multitienda\\\/#webpage\"},\"isPartOf\":{\"@id\":\"https:\\\/\\\/eldigitaldeasturias.com\\\/magazine365\\\/el-aeropuerto-seve-ballesteros-santander-inaugura-su-nueva-multitienda\\\/#webpage\"},\"articleSection\":\"Noticias y Actualidad\"},{\"@type\":\"BreadcrumbList\",\"@id\":\"https:\\\/\\\/eldigitaldeasturias.com\\\/magazine365\\\/el-aeropuerto-seve-ballesteros-santander-inaugura-su-nueva-multitienda\\\/#breadcrumblist\",\"itemListElement\":[{\"@type\":\"ListItem\",\"@id\":\"https:\\\/\\\/eldigitaldeasturias.com\\\/magazine365#listItem\",\"position\":1,\"name\":\"Home\",\"item\":\"https:\\\/\\\/eldigitaldeasturias.com\\\/magazine365\",\"nextItem\":{\"@type\":\"ListItem\",\"@id\":\"https:\\\/\\\/eldigitaldeasturias.com\\\/magazine365\\\/category\\\/noticias-actualidad\\\/#listItem\",\"name\":\"Noticias y Actualidad\"}},{\"@type\":\"ListItem\",\"@id\":\"https:\\\/\\\/eldigitaldeasturias.com\\\/magazine365\\\/category\\\/noticias-actualidad\\\/#listItem\",\"position\":2,\"name\":\"Noticias y Actualidad\",\"item\":\"https:\\\/\\\/eldigitaldeasturias.com\\\/magazine365\\\/category\\\/noticias-actualidad\\\/\",\"nextItem\":{\"@type\":\"ListItem\",\"@id\":\"https:\\\/\\\/eldigitaldeasturias.com\\\/magazine365\\\/el-aeropuerto-seve-ballesteros-santander-inaugura-su-nueva-multitienda\\\/#listItem\",\"name\":\"El Aeropuerto Seve Ballesteros-Santander inaugura su nueva multitienda\"},\"previousItem\":{\"@type\":\"ListItem\",\"@id\":\"https:\\\/\\\/eldigitaldeasturias.com\\\/magazine365#listItem\",\"name\":\"Home\"}},{\"@type\":\"ListItem\",\"@id\":\"https:\\\/\\\/eldigitaldeasturias.com\\\/magazine365\\\/el-aeropuerto-seve-ballesteros-santander-inaugura-su-nueva-multitienda\\\/#listItem\",\"position\":3,\"name\":\"El Aeropuerto Seve Ballesteros-Santander inaugura su nueva multitienda\",\"previousItem\":{\"@type\":\"ListItem\",\"@id\":\"https:\\\/\\\/eldigitaldeasturias.com\\\/magazine365\\\/category\\\/noticias-actualidad\\\/#listItem\",\"name\":\"Noticias y Actualidad\"}}]},{\"@type\":\"Organization\",\"@id\":\"https:\\\/\\\/eldigitaldeasturias.com\\\/magazine365\\\/#organization\",\"name\":\"El digital de Asturias\",\"description\":\"Revista de ocio, turismo y estilo de vida\",\"url\":\"https:\\\/\\\/eldigitaldeasturias.com\\\/magazine365\\\/\",\"logo\":{\"@type\":\"ImageObject\",\"url\":\"https:\\\/\\\/www.eldigitaldeasturias.com\\\/noticias\\\/wp-content\\\/uploads\\\/2020\\\/12\\\/EDA.jpg\",\"@id\":\"https:\\\/\\\/eldigitaldeasturias.com\\\/magazine365\\\/el-aeropuerto-seve-ballesteros-santander-inaugura-su-nueva-multitienda\\\/#organizationLogo\"},\"image\":{\"@id\":\"https:\\\/\\\/eldigitaldeasturias.com\\\/magazine365\\\/el-aeropuerto-seve-ballesteros-santander-inaugura-su-nueva-multitienda\\\/#organizationLogo\"}},{\"@type\":\"Person\",\"@id\":\"https:\\\/\\\/eldigitaldeasturias.com\\\/magazine365\\\/author\\\/admin\\\/#author\",\"url\":\"https:\\\/\\\/eldigitaldeasturias.com\\\/magazine365\\\/author\\\/admin\\\/\",\"name\":\"admin\",\"image\":{\"@type\":\"ImageObject\",\"@id\":\"https:\\\/\\\/eldigitaldeasturias.com\\\/magazine365\\\/el-aeropuerto-seve-ballesteros-santander-inaugura-su-nueva-multitienda\\\/#authorImage\",\"url\":\"https:\\\/\\\/eldigitaldeasturias.com\\\/magazine365\\\/wp-content\\\/litespeed\\\/avatar\\\/e571bcf59a0edd6fa6838245a470f2fe.jpg?ver=1777574230\",\"width\":96,\"height\":96,\"caption\":\"admin\"}},{\"@type\":\"WebPage\",\"@id\":\"https:\\\/\\\/eldigitaldeasturias.com\\\/magazine365\\\/el-aeropuerto-seve-ballesteros-santander-inaugura-su-nueva-multitienda\\\/#webpage\",\"url\":\"https:\\\/\\\/eldigitaldeasturias.com\\\/magazine365\\\/el-aeropuerto-seve-ballesteros-santander-inaugura-su-nueva-multitienda\\\/\",\"name\":\"El Aeropuerto Seve Ballesteros-Santander inaugura su nueva multitienda | El Digital de Asturias\",\"description\":\"El Aeropuerto Seve Ballesteros-Santander ha inaugurado este martes su nueva multitienda de servicio al pasajero a su paso por la terminal, ha informado Aena en un comunicado. El local, de 95 metros cuadrados, est\\u00e1 situado en una zona de gran paso del aeropuerto, en el hall de salidas, frente a la cafeter\\u00eda y al lado\",\"inLanguage\":\"es-ES\",\"isPartOf\":{\"@id\":\"https:\\\/\\\/eldigitaldeasturias.com\\\/magazine365\\\/#website\"},\"breadcrumb\":{\"@id\":\"https:\\\/\\\/eldigitaldeasturias.com\\\/magazine365\\\/el-aeropuerto-seve-ballesteros-santander-inaugura-su-nueva-multitienda\\\/#breadcrumblist\"},\"author\":{\"@id\":\"https:\\\/\\\/eldigitaldeasturias.com\\\/magazine365\\\/author\\\/admin\\\/#author\"},\"creator\":{\"@id\":\"https:\\\/\\\/eldigitaldeasturias.com\\\/magazine365\\\/author\\\/admin\\\/#author\"},\"image\":{\"@type\":\"ImageObject\",\"url\":\"https:\\\/\\\/eldigitaldeasturias.com\\\/magazine365\\\/wp-content\\\/uploads\\\/2015\\\/12\\\/fotonoticia_20151201100901_800.jpg\",\"@id\":\"https:\\\/\\\/eldigitaldeasturias.com\\\/magazine365\\\/el-aeropuerto-seve-ballesteros-santander-inaugura-su-nueva-multitienda\\\/#mainImage\",\"width\":800,\"height\":566},\"primaryImageOfPage\":{\"@id\":\"https:\\\/\\\/eldigitaldeasturias.com\\\/magazine365\\\/el-aeropuerto-seve-ballesteros-santander-inaugura-su-nueva-multitienda\\\/#mainImage\"},\"datePublished\":\"2015-12-03T02:04:21+01:00\",\"dateModified\":\"2015-12-03T02:04:21+01:00\"},{\"@type\":\"WebSite\",\"@id\":\"https:\\\/\\\/eldigitaldeasturias.com\\\/magazine365\\\/#website\",\"url\":\"https:\\\/\\\/eldigitaldeasturias.com\\\/magazine365\\\/\",\"name\":\"El Digital de Asturias\",\"description\":\"Revista de ocio, turismo y estilo de vida\",\"inLanguage\":\"es-ES\",\"publisher\":{\"@id\":\"https:\\\/\\\/eldigitaldeasturias.com\\\/magazine365\\\/#organization\"}}]}\n\t\t<\/script>\n\t\t<!-- All in One SEO Pro -->\r\n\t\t<title>El Aeropuerto Seve Ballesteros-Santander inaugura su nueva multitienda | El Digital de Asturias<\/title>\n\n","aioseo_head_json":{"title":"El Aeropuerto Seve Ballesteros-Santander inaugura su nueva multitienda | El Digital de Asturias","description":"El Aeropuerto Seve Ballesteros-Santander ha inaugurado este martes su nueva multitienda de servicio al pasajero a su paso por la terminal, ha informado Aena en un comunicado. El local, de 95 metros cuadrados, est\u00e1 situado en una zona de gran paso del aeropuerto, en el hall de salidas, frente a la cafeter\u00eda y al lado","canonical_url":"https:\/\/eldigitaldeasturias.com\/magazine365\/el-aeropuerto-seve-ballesteros-santander-inaugura-su-nueva-multitienda\/","robots":"max-image-preview:large","keywords":"noticias y actualidad","webmasterTools":{"google-site-verification":"UA-38556648-1","miscellaneous":""},"schema":{"@context":"https:\/\/schema.org","@graph":[{"@type":"Article","@id":"https:\/\/eldigitaldeasturias.com\/magazine365\/el-aeropuerto-seve-ballesteros-santander-inaugura-su-nueva-multitienda\/#article","name":"El Aeropuerto Seve Ballesteros-Santander inaugura su nueva multitienda | El Digital de Asturias","headline":"El Aeropuerto Seve Ballesteros-Santander inaugura su nueva multitienda","author":{"@id":"https:\/\/eldigitaldeasturias.com\/magazine365\/author\/admin\/#author"},"publisher":{"@id":"https:\/\/eldigitaldeasturias.com\/magazine365\/#organization"},"image":{"@type":"ImageObject","url":"https:\/\/eldigitaldeasturias.com\/magazine365\/wp-content\/uploads\/2015\/12\/fotonoticia_20151201100901_800.jpg","width":800,"height":566},"datePublished":"2015-12-03T02:04:21+01:00","dateModified":"2015-12-03T02:04:21+01:00","inLanguage":"es-ES","mainEntityOfPage":{"@id":"https:\/\/eldigitaldeasturias.com\/magazine365\/el-aeropuerto-seve-ballesteros-santander-inaugura-su-nueva-multitienda\/#webpage"},"isPartOf":{"@id":"https:\/\/eldigitaldeasturias.com\/magazine365\/el-aeropuerto-seve-ballesteros-santander-inaugura-su-nueva-multitienda\/#webpage"},"articleSection":"Noticias y Actualidad"},{"@type":"BreadcrumbList","@id":"https:\/\/eldigitaldeasturias.com\/magazine365\/el-aeropuerto-seve-ballesteros-santander-inaugura-su-nueva-multitienda\/#breadcrumblist","itemListElement":[{"@type":"ListItem","@id":"https:\/\/eldigitaldeasturias.com\/magazine365#listItem","position":1,"name":"Home","item":"https:\/\/eldigitaldeasturias.com\/magazine365","nextItem":{"@type":"ListItem","@id":"https:\/\/eldigitaldeasturias.com\/magazine365\/category\/noticias-actualidad\/#listItem","name":"Noticias y Actualidad"}},{"@type":"ListItem","@id":"https:\/\/eldigitaldeasturias.com\/magazine365\/category\/noticias-actualidad\/#listItem","position":2,"name":"Noticias y Actualidad","item":"https:\/\/eldigitaldeasturias.com\/magazine365\/category\/noticias-actualidad\/","nextItem":{"@type":"ListItem","@id":"https:\/\/eldigitaldeasturias.com\/magazine365\/el-aeropuerto-seve-ballesteros-santander-inaugura-su-nueva-multitienda\/#listItem","name":"El Aeropuerto Seve Ballesteros-Santander inaugura su nueva multitienda"},"previousItem":{"@type":"ListItem","@id":"https:\/\/eldigitaldeasturias.com\/magazine365#listItem","name":"Home"}},{"@type":"ListItem","@id":"https:\/\/eldigitaldeasturias.com\/magazine365\/el-aeropuerto-seve-ballesteros-santander-inaugura-su-nueva-multitienda\/#listItem","position":3,"name":"El Aeropuerto Seve Ballesteros-Santander inaugura su nueva multitienda","previousItem":{"@type":"ListItem","@id":"https:\/\/eldigitaldeasturias.com\/magazine365\/category\/noticias-actualidad\/#listItem","name":"Noticias y Actualidad"}}]},{"@type":"Organization","@id":"https:\/\/eldigitaldeasturias.com\/magazine365\/#organization","name":"El digital de Asturias","description":"Revista de ocio, turismo y estilo de vida","url":"https:\/\/eldigitaldeasturias.com\/magazine365\/","logo":{"@type":"ImageObject","url":"https:\/\/www.eldigitaldeasturias.com\/noticias\/wp-content\/uploads\/2020\/12\/EDA.jpg","@id":"https:\/\/eldigitaldeasturias.com\/magazine365\/el-aeropuerto-seve-ballesteros-santander-inaugura-su-nueva-multitienda\/#organizationLogo"},"image":{"@id":"https:\/\/eldigitaldeasturias.com\/magazine365\/el-aeropuerto-seve-ballesteros-santander-inaugura-su-nueva-multitienda\/#organizationLogo"}},{"@type":"Person","@id":"https:\/\/eldigitaldeasturias.com\/magazine365\/author\/admin\/#author","url":"https:\/\/eldigitaldeasturias.com\/magazine365\/author\/admin\/","name":"admin","image":{"@type":"ImageObject","@id":"https:\/\/eldigitaldeasturias.com\/magazine365\/el-aeropuerto-seve-ballesteros-santander-inaugura-su-nueva-multitienda\/#authorImage","url":"https:\/\/eldigitaldeasturias.com\/magazine365\/wp-content\/litespeed\/avatar\/e571bcf59a0edd6fa6838245a470f2fe.jpg?ver=1777574230","width":96,"height":96,"caption":"admin"}},{"@type":"WebPage","@id":"https:\/\/eldigitaldeasturias.com\/magazine365\/el-aeropuerto-seve-ballesteros-santander-inaugura-su-nueva-multitienda\/#webpage","url":"https:\/\/eldigitaldeasturias.com\/magazine365\/el-aeropuerto-seve-ballesteros-santander-inaugura-su-nueva-multitienda\/","name":"El Aeropuerto Seve Ballesteros-Santander inaugura su nueva multitienda | El Digital de Asturias","description":"El Aeropuerto Seve Ballesteros-Santander ha inaugurado este martes su nueva multitienda de servicio al pasajero a su paso por la terminal, ha informado Aena en un comunicado. El local, de 95 metros cuadrados, est\u00e1 situado en una zona de gran paso del aeropuerto, en el hall de salidas, frente a la cafeter\u00eda y al lado","inLanguage":"es-ES","isPartOf":{"@id":"https:\/\/eldigitaldeasturias.com\/magazine365\/#website"},"breadcrumb":{"@id":"https:\/\/eldigitaldeasturias.com\/magazine365\/el-aeropuerto-seve-ballesteros-santander-inaugura-su-nueva-multitienda\/#breadcrumblist"},"author":{"@id":"https:\/\/eldigitaldeasturias.com\/magazine365\/author\/admin\/#author"},"creator":{"@id":"https:\/\/eldigitaldeasturias.com\/magazine365\/author\/admin\/#author"},"image":{"@type":"ImageObject","url":"https:\/\/eldigitaldeasturias.com\/magazine365\/wp-content\/uploads\/2015\/12\/fotonoticia_20151201100901_800.jpg","@id":"https:\/\/eldigitaldeasturias.com\/magazine365\/el-aeropuerto-seve-ballesteros-santander-inaugura-su-nueva-multitienda\/#mainImage","width":800,"height":566},"primaryImageOfPage":{"@id":"https:\/\/eldigitaldeasturias.com\/magazine365\/el-aeropuerto-seve-ballesteros-santander-inaugura-su-nueva-multitienda\/#mainImage"},"datePublished":"2015-12-03T02:04:21+01:00","dateModified":"2015-12-03T02:04:21+01:00"},{"@type":"WebSite","@id":"https:\/\/eldigitaldeasturias.com\/magazine365\/#website","url":"https:\/\/eldigitaldeasturias.com\/magazine365\/","name":"El Digital de Asturias","description":"Revista de ocio, turismo y estilo de vida","inLanguage":"es-ES","publisher":{"@id":"https:\/\/eldigitaldeasturias.com\/magazine365\/#organization"}}]},"og:locale":"es_ES","og:site_name":"El Digital de Asturias \u2013 Revista de ocio, turismo y estilo de vida","og:type":"article","og:title":"El Aeropuerto Seve Ballesteros-Santander inaugura su nueva multitienda | El Digital de Asturias","og:description":"El Aeropuerto Seve Ballesteros-Santander ha inaugurado este martes su nueva multitienda de servicio al pasajero a su paso por la terminal, ha informado Aena en un comunicado. El local, de 95 metros cuadrados, est\u00e1 situado en una zona de gran paso del aeropuerto, en el hall de salidas, frente a la cafeter\u00eda y al lado","og:url":"https:\/\/eldigitaldeasturias.com\/magazine365\/el-aeropuerto-seve-ballesteros-santander-inaugura-su-nueva-multitienda\/","og:image":"https:\/\/eldigitaldeasturias.com\/magazine365\/wp-content\/uploads\/2015\/12\/fotonoticia_20151201100901_800.jpg","og:image:secure_url":"https:\/\/eldigitaldeasturias.com\/magazine365\/wp-content\/uploads\/2015\/12\/fotonoticia_20151201100901_800.jpg","og:image:width":800,"og:image:height":566,"article:published_time":"2015-12-03T01:04:21+00:00","article:modified_time":"2015-12-03T01:04:21+00:00","twitter:card":"summary_large_image","twitter:title":"El Aeropuerto Seve Ballesteros-Santander inaugura su nueva multitienda | El Digital de Asturias","twitter:description":"El Aeropuerto Seve Ballesteros-Santander ha inaugurado este martes su nueva multitienda de servicio al pasajero a su paso por la terminal, ha informado Aena en un comunicado. El local, de 95 metros cuadrados, est\u00e1 situado en una zona de gran paso del aeropuerto, en el hall de salidas, frente a la cafeter\u00eda y al lado","twitter:image":"https:\/\/eldigitaldeasturias.com\/magazine365\/wp-content\/uploads\/2015\/12\/fotonoticia_20151201100901_800.jpg"},"aioseo_meta_data":{"post_id":"57403","title":null,"description":null,"keywords":null,"keyphrases":null,"primary_term":null,"canonical_url":null,"og_title":null,"og_description":null,"og_object_type":"default","og_image_type":"default","og_image_url":null,"og_image_width":null,"og_image_height":null,"og_image_custom_url":null,"og_image_custom_fields":null,"og_video":null,"og_custom_url":null,"og_article_section":null,"og_article_tags":null,"twitter_use_og":false,"twitter_card":"default","twitter_image_type":"default","twitter_image_url":null,"twitter_image_custom_url":null,"twitter_image_custom_fields":null,"twitter_title":null,"twitter_description":null,"schema":{"blockGraphs":[],"customGraphs":[],"default":{"data":{"Article":[],"Course":[],"Dataset":[],"FAQPage":[],"Movie":[],"Person":[],"Product":[],"ProductReview":[],"Car":[],"Recipe":[],"Service":[],"SoftwareApplication":[],"WebPage":[]},"graphName":"","isEnabled":true},"graphs":[],"defaultGraph":"","defaultPostTypeGraph":""},"schema_type":null,"schema_type_options":null,"pillar_content":false,"robots_default":true,"robots_noindex":false,"robots_noarchive":false,"robots_nosnippet":false,"robots_nofollow":false,"robots_noimageindex":false,"robots_noodp":false,"robots_notranslate":false,"robots_max_snippet":null,"robots_max_videopreview":null,"robots_max_imagepreview":"large","priority":null,"frequency":null,"location":null,"local_seo":null,"seo_analyzer_scan_date":"2025-09-25 00:46:12","breadcrumb_settings":null,"limit_modified_date":false,"open_ai":null,"ai":null,"created":"2021-03-08 22:43:58","updated":"2025-09-25 00:46:12"},"aioseo_breadcrumb":"<div class=\"aioseo-breadcrumbs\"><span class=\"aioseo-breadcrumb\">\n\t<a href=\"https:\/\/eldigitaldeasturias.com\/magazine365\" title=\"Home\">Home<\/a>\n<\/span><span class=\"aioseo-breadcrumb-separator\">\u2013<\/span><span class=\"aioseo-breadcrumb\">\n\t<a href=\"https:\/\/eldigitaldeasturias.com\/magazine365\/category\/noticias-actualidad\/\" title=\"Noticias y Actualidad\">Noticias y Actualidad<\/a>\n<\/span><span class=\"aioseo-breadcrumb-separator\">\u2013<\/span><span class=\"aioseo-breadcrumb\">\n\t<a href=\"https:\/\/eldigitaldeasturias.com\/magazine365\/el-aeropuerto-seve-ballesteros-santander-inaugura-su-nueva-multitienda\/\" title=\"El Aeropuerto Seve Ballesteros-Santander inaugura su nueva multitienda\">El Aeropuerto Seve Ballesteros-Santander inaugura su nueva multitienda<\/a>\n<\/span><\/div>","aioseo_breadcrumb_json":[{"label":"Home","link":"https:\/\/eldigitaldeasturias.com\/magazine365"},{"label":"Noticias y Actualidad","link":"https:\/\/eldigitaldeasturias.com\/magazine365\/category\/noticias-actualidad\/"},{"label":"El Aeropuerto Seve Ballesteros-Santander inaugura su nueva multitienda","link":"https:\/\/eldigitaldeasturias.com\/magazine365\/el-aeropuerto-seve-ballesteros-santander-inaugura-su-nueva-multitienda\/"}],"_links":{"self":[{"href":"https:\/\/eldigitaldeasturias.com\/magazine365\/wp-json\/wp\/v2\/posts\/57403","targetHints":{"allow":["GET"]}}],"collection":[{"href":"https:\/\/eldigitaldeasturias.com\/magazine365\/wp-json\/wp\/v2\/posts"}],"about":[{"href":"https:\/\/eldigitaldeasturias.com\/magazine365\/wp-json\/wp\/v2\/types\/post"}],"author":[{"embeddable":true,"href":"https:\/\/eldigitaldeasturias.com\/magazine365\/wp-json\/wp\/v2\/users\/1"}],"replies":[{"embeddable":true,"href":"https:\/\/eldigitaldeasturias.com\/magazine365\/wp-json\/wp\/v2\/comments?post=57403"}],"version-history":[{"count":0,"href":"https:\/\/eldigitaldeasturias.com\/magazine365\/wp-json\/wp\/v2\/posts\/57403\/revisions"}],"wp:featuredmedia":[{"embeddable":true,"href":"https:\/\/eldigitaldeasturias.com\/magazine365\/wp-json\/wp\/v2\/media\/57404"}],"wp:attachment":[{"href":"https:\/\/eldigitaldeasturias.com\/magazine365\/wp-json\/wp\/v2\/media?parent=57403"}],"wp:term":[{"taxonomy":"category","embeddable":true,"href":"https:\/\/eldigitaldeasturias.com\/magazine365\/wp-json\/wp\/v2\/categories?post=57403"},{"taxonomy":"post_tag","embeddable":true,"href":"https:\/\/eldigitaldeasturias.com\/magazine365\/wp-json\/wp\/v2\/tags?post=57403"}],"curies":[{"name":"wp","href":"https:\/\/api.w.org\/{rel}","templated":true}]}}