{"id":57320,"date":"2015-12-03T01:20:45","date_gmt":"2015-12-03T00:20:45","guid":{"rendered":"http:\/\/eldigitaldeasturias.com\/magazine365\/?p=57320"},"modified":"2015-12-03T01:20:45","modified_gmt":"2015-12-03T00:20:45","slug":"la-junta-de-andalucia-ve-asumible-la-peticion-de-prorrogar-el-plan-de-grandes-ciudades","status":"publish","type":"post","link":"https:\/\/eldigitaldeasturias.com\/magazine365\/la-junta-de-andalucia-ve-asumible-la-peticion-de-prorrogar-el-plan-de-grandes-ciudades\/","title":{"rendered":"La Junta de Andaluc\u00eda ve \u00abasumible\u00bb la petici\u00f3n de prorrogar el Plan de Grandes Ciudades"},"content":{"rendered":"<p><img fetchpriority=\"high\" decoding=\"async\" class=\"alignleft size-medium wp-image-57321\" src=\"https:\/\/eldigitaldeasturias.com\/magazine365\/wp-content\/uploads\/2015\/12\/fotonoticia_20151130165151_800-360x270.jpg\" alt=\"fotonoticia_20151130165151_800\" width=\"360\" height=\"270\" srcset=\"https:\/\/eldigitaldeasturias.com\/magazine365\/wp-content\/uploads\/2015\/12\/fotonoticia_20151130165151_800-360x270.jpg 360w, https:\/\/eldigitaldeasturias.com\/magazine365\/wp-content\/uploads\/2015\/12\/fotonoticia_20151130165151_800-650x488.jpg 650w, https:\/\/eldigitaldeasturias.com\/magazine365\/wp-content\/uploads\/2015\/12\/fotonoticia_20151130165151_800-768x576.jpg 768w, https:\/\/eldigitaldeasturias.com\/magazine365\/wp-content\/uploads\/2015\/12\/fotonoticia_20151130165151_800-150x113.jpg 150w, https:\/\/eldigitaldeasturias.com\/magazine365\/wp-content\/uploads\/2015\/12\/fotonoticia_20151130165151_800-450x338.jpg 450w, https:\/\/eldigitaldeasturias.com\/magazine365\/wp-content\/uploads\/2015\/12\/fotonoticia_20151130165151_800-80x60.jpg 80w, https:\/\/eldigitaldeasturias.com\/magazine365\/wp-content\/uploads\/2015\/12\/fotonoticia_20151130165151_800-265x198.jpg 265w, https:\/\/eldigitaldeasturias.com\/magazine365\/wp-content\/uploads\/2015\/12\/fotonoticia_20151130165151_800-696x522.jpg 696w, https:\/\/eldigitaldeasturias.com\/magazine365\/wp-content\/uploads\/2015\/12\/fotonoticia_20151130165151_800-560x420.jpg 560w, https:\/\/eldigitaldeasturias.com\/magazine365\/wp-content\/uploads\/2015\/12\/fotonoticia_20151130165151_800-90x67.jpg 90w, https:\/\/eldigitaldeasturias.com\/magazine365\/wp-content\/uploads\/2015\/12\/fotonoticia_20151130165151_800-100x75.jpg 100w, https:\/\/eldigitaldeasturias.com\/magazine365\/wp-content\/uploads\/2015\/12\/fotonoticia_20151130165151_800.jpg 800w\" sizes=\"(max-width: 360px) 100vw, 360px\" \/>El consejero de Turismo y Deporte de la Junta de Andaluc\u00eda, Francisco Javier Fern\u00e1ndez, ha dicho este lunes que ve \u00abasumible\u00bb la petici\u00f3n del Ayuntamiento de C\u00f3rdoba de prorrogar el plazo de ejecuci\u00f3n del Plan Tur\u00edstico de Grandes Ciudades, hasta junio de 2017, puesto que en junio de 2016 tendr\u00eda que estar terminado, pero, seg\u00fan el gobierno municipal de PSOE e IU, ser\u00e1 imposible culminarlo en dicho plazo, debido a la mala gesti\u00f3n del anterior gobierno municipal del PP.<\/p>\n<p>En declaraciones a los periodistas con motivo de su asistencia en C\u00f3rdoba a la reuni\u00f3n del patronato de la Fundaci\u00f3n Andaluc\u00eda Ol\u00edmpica, Fern\u00e1ndez ha detallado que \u00abla comisi\u00f3n de seguimiento\u00bb del convenio entre la Junta y el Ayuntamiento que dio lugar a la puesta en marcha del Plan \u00abse celebr\u00f3 y se hizo la propuesta de pr\u00f3rroga\u00bb, la cual entiende el consejero que es \u00abasumible y que ten\u00eda su sentido, porque hab\u00eda que ajustar algunas cosas\u00bb.<\/p>\n<p>De modo que, seg\u00fan ha avanzado el consejero de Turismo, \u00aben pr\u00f3ximas fechas conoceremos cu\u00e1l ser\u00e1 la resoluci\u00f3n\u00bb sobre la concesi\u00f3n de dicha pr\u00f3rroga, siendo \u00abconscientes de algunos desajustes que ha habido\u00bb y de que, \u00abtanto la voluntad del Ayuntamiento, como de la Junta de Andaluc\u00eda, era solucionarlos y hacer posible esa pr\u00f3rroga, para que pudi\u00e9ramos tener todo completo el Plan de Grandes Ciudades en C\u00f3rdoba\u00bb.<\/p>\n<p>Por otro lado, Fern\u00e1ndez ha anunciado que, una vez reabierto el Palacio de Congresos de C\u00f3rdoba, cuya explotaci\u00f3n ser\u00e1 nuevamente adjudicada y que est\u00e1 siendo sometido a un proceso de remodelaci\u00f3n, la Consejer\u00eda de Turismo, tal y como ya se comprometi\u00f3 con la alcaldesa de C\u00f3rdoba, Isabel Ambrosio, pondr\u00e1 en marcha \u00abun programa espec\u00edfico de promoci\u00f3n\u00bb del Palacio de Congresos de la ciudad, para la \u00abcaptaci\u00f3n de congresos\u00bb a celebrar en la capital cordobesa.<\/p>\n<p>La idea es, seg\u00fan ha se\u00f1alado, \u00abrecuperar ese tiempo que no hemos tenido abierto el Palacio de Congresos\u00bb, para que as\u00ed C\u00f3rdoba aproveche su \u00abpotencial\u00bb en dicho sector tur\u00edstico, buscando captar para ello congresos cient\u00edficos y aquellos que tiene a especialistas universitarios como protagonistas.<\/p>\n","protected":false},"excerpt":{"rendered":"<p>El consejero de Turismo y Deporte de la Junta de Andaluc\u00eda, Francisco Javier Fern\u00e1ndez, ha dicho este lunes que ve \u00abasumible\u00bb la petici\u00f3n del Ayuntamiento de C\u00f3rdoba de prorrogar el plazo de ejecuci\u00f3n del Plan Tur\u00edstico de Grandes Ciudades, hasta junio de 2017, puesto que en junio de 2016 tendr\u00eda que estar terminado, pero, seg\u00fan<\/p>\n","protected":false},"author":1,"featured_media":57321,"comment_status":"open","ping_status":"closed","sticky":false,"template":"","format":"standard","meta":{"footnotes":""},"categories":[224],"tags":[],"class_list":{"0":"post-57320","1":"post","2":"type-post","3":"status-publish","4":"format-standard","5":"has-post-thumbnail","7":"category-noticias-actualidad"},"aioseo_notices":[],"aioseo_head":"\n\t\t<!-- All in One SEO Pro 4.9.6.1 - aioseo.com -->\n\t<meta name=\"description\" content=\"El consejero de Turismo y Deporte de la Junta de Andaluc\u00eda, Francisco Javier Fern\u00e1ndez, ha dicho este lunes que ve &quot;asumible&quot; la petici\u00f3n del Ayuntamiento de C\u00f3rdoba de prorrogar el plazo de ejecuci\u00f3n del Plan Tur\u00edstico de Grandes Ciudades, hasta junio de 2017, puesto que en junio de 2016 tendr\u00eda que estar terminado, pero, seg\u00fan\" \/>\n\t<meta name=\"robots\" content=\"max-image-preview:large\" \/>\n\t<meta name=\"author\" content=\"admin\"\/>\n\t<meta name=\"google-site-verification\" content=\"UA-38556648-1\" \/>\n\t<meta name=\"keywords\" content=\"noticias y actualidad\" \/>\n\t<link rel=\"canonical\" href=\"https:\/\/eldigitaldeasturias.com\/magazine365\/la-junta-de-andalucia-ve-asumible-la-peticion-de-prorrogar-el-plan-de-grandes-ciudades\/\" \/>\n\t<meta name=\"generator\" content=\"All in One SEO Pro (AIOSEO) 4.9.6.1\" \/>\n\t\t<meta property=\"og:locale\" content=\"es_ES\" \/>\n\t\t<meta property=\"og:site_name\" content=\"El Digital de Asturias \u2013 Revista de ocio, turismo y estilo de vida\" \/>\n\t\t<meta property=\"og:type\" content=\"article\" \/>\n\t\t<meta property=\"og:title\" content=\"La Junta de Andaluc\u00eda ve \u00abasumible\u00bb la petici\u00f3n de prorrogar el Plan de Grandes Ciudades | El Digital de Asturias\" \/>\n\t\t<meta property=\"og:description\" content=\"El consejero de Turismo y Deporte de la Junta de Andaluc\u00eda, Francisco Javier Fern\u00e1ndez, ha dicho este lunes que ve &quot;asumible&quot; la petici\u00f3n del Ayuntamiento de C\u00f3rdoba de prorrogar el plazo de ejecuci\u00f3n del Plan Tur\u00edstico de Grandes Ciudades, hasta junio de 2017, puesto que en junio de 2016 tendr\u00eda que estar terminado, pero, seg\u00fan\" \/>\n\t\t<meta property=\"og:url\" content=\"https:\/\/eldigitaldeasturias.com\/magazine365\/la-junta-de-andalucia-ve-asumible-la-peticion-de-prorrogar-el-plan-de-grandes-ciudades\/\" \/>\n\t\t<meta property=\"og:image\" content=\"https:\/\/eldigitaldeasturias.com\/magazine365\/wp-content\/uploads\/2015\/12\/fotonoticia_20151130165151_800.jpg\" \/>\n\t\t<meta property=\"og:image:secure_url\" content=\"https:\/\/eldigitaldeasturias.com\/magazine365\/wp-content\/uploads\/2015\/12\/fotonoticia_20151130165151_800.jpg\" \/>\n\t\t<meta property=\"og:image:width\" content=\"800\" \/>\n\t\t<meta property=\"og:image:height\" content=\"600\" \/>\n\t\t<meta property=\"article:published_time\" content=\"2015-12-03T00:20:45+00:00\" \/>\n\t\t<meta property=\"article:modified_time\" content=\"2015-12-03T00:20:45+00:00\" \/>\n\t\t<meta name=\"twitter:card\" content=\"summary_large_image\" \/>\n\t\t<meta name=\"twitter:title\" content=\"La Junta de Andaluc\u00eda ve \u00abasumible\u00bb la petici\u00f3n de prorrogar el Plan de Grandes Ciudades | El Digital de Asturias\" \/>\n\t\t<meta name=\"twitter:description\" content=\"El consejero de Turismo y Deporte de la Junta de Andaluc\u00eda, Francisco Javier Fern\u00e1ndez, ha dicho este lunes que ve &quot;asumible&quot; la petici\u00f3n del Ayuntamiento de C\u00f3rdoba de prorrogar el plazo de ejecuci\u00f3n del Plan Tur\u00edstico de Grandes Ciudades, hasta junio de 2017, puesto que en junio de 2016 tendr\u00eda que estar terminado, pero, seg\u00fan\" \/>\n\t\t<meta name=\"twitter:image\" content=\"https:\/\/eldigitaldeasturias.com\/magazine365\/wp-content\/uploads\/2015\/12\/fotonoticia_20151130165151_800.jpg\" \/>\n\t\t<script type=\"application\/ld+json\" class=\"aioseo-schema\">\n\t\t\t{\"@context\":\"https:\\\/\\\/schema.org\",\"@graph\":[{\"@type\":\"Article\",\"@id\":\"https:\\\/\\\/eldigitaldeasturias.com\\\/magazine365\\\/la-junta-de-andalucia-ve-asumible-la-peticion-de-prorrogar-el-plan-de-grandes-ciudades\\\/#article\",\"name\":\"La Junta de Andaluc\\u00eda ve \\u00abasumible\\u00bb la petici\\u00f3n de prorrogar el Plan de Grandes Ciudades | El Digital de Asturias\",\"headline\":\"La Junta de Andaluc\\u00eda ve \\u00abasumible\\u00bb la petici\\u00f3n de prorrogar el Plan de Grandes Ciudades\",\"author\":{\"@id\":\"https:\\\/\\\/eldigitaldeasturias.com\\\/magazine365\\\/author\\\/admin\\\/#author\"},\"publisher\":{\"@id\":\"https:\\\/\\\/eldigitaldeasturias.com\\\/magazine365\\\/#organization\"},\"image\":{\"@type\":\"ImageObject\",\"url\":\"https:\\\/\\\/eldigitaldeasturias.com\\\/magazine365\\\/wp-content\\\/uploads\\\/2015\\\/12\\\/fotonoticia_20151130165151_800.jpg\",\"width\":800,\"height\":600},\"datePublished\":\"2015-12-03T01:20:45+01:00\",\"dateModified\":\"2015-12-03T01:20:45+01:00\",\"inLanguage\":\"es-ES\",\"mainEntityOfPage\":{\"@id\":\"https:\\\/\\\/eldigitaldeasturias.com\\\/magazine365\\\/la-junta-de-andalucia-ve-asumible-la-peticion-de-prorrogar-el-plan-de-grandes-ciudades\\\/#webpage\"},\"isPartOf\":{\"@id\":\"https:\\\/\\\/eldigitaldeasturias.com\\\/magazine365\\\/la-junta-de-andalucia-ve-asumible-la-peticion-de-prorrogar-el-plan-de-grandes-ciudades\\\/#webpage\"},\"articleSection\":\"Noticias y Actualidad\"},{\"@type\":\"BreadcrumbList\",\"@id\":\"https:\\\/\\\/eldigitaldeasturias.com\\\/magazine365\\\/la-junta-de-andalucia-ve-asumible-la-peticion-de-prorrogar-el-plan-de-grandes-ciudades\\\/#breadcrumblist\",\"itemListElement\":[{\"@type\":\"ListItem\",\"@id\":\"https:\\\/\\\/eldigitaldeasturias.com\\\/magazine365#listItem\",\"position\":1,\"name\":\"Home\",\"item\":\"https:\\\/\\\/eldigitaldeasturias.com\\\/magazine365\",\"nextItem\":{\"@type\":\"ListItem\",\"@id\":\"https:\\\/\\\/eldigitaldeasturias.com\\\/magazine365\\\/category\\\/noticias-actualidad\\\/#listItem\",\"name\":\"Noticias y Actualidad\"}},{\"@type\":\"ListItem\",\"@id\":\"https:\\\/\\\/eldigitaldeasturias.com\\\/magazine365\\\/category\\\/noticias-actualidad\\\/#listItem\",\"position\":2,\"name\":\"Noticias y Actualidad\",\"item\":\"https:\\\/\\\/eldigitaldeasturias.com\\\/magazine365\\\/category\\\/noticias-actualidad\\\/\",\"nextItem\":{\"@type\":\"ListItem\",\"@id\":\"https:\\\/\\\/eldigitaldeasturias.com\\\/magazine365\\\/la-junta-de-andalucia-ve-asumible-la-peticion-de-prorrogar-el-plan-de-grandes-ciudades\\\/#listItem\",\"name\":\"La Junta de Andaluc\\u00eda ve \\u00abasumible\\u00bb la petici\\u00f3n de prorrogar el Plan de Grandes Ciudades\"},\"previousItem\":{\"@type\":\"ListItem\",\"@id\":\"https:\\\/\\\/eldigitaldeasturias.com\\\/magazine365#listItem\",\"name\":\"Home\"}},{\"@type\":\"ListItem\",\"@id\":\"https:\\\/\\\/eldigitaldeasturias.com\\\/magazine365\\\/la-junta-de-andalucia-ve-asumible-la-peticion-de-prorrogar-el-plan-de-grandes-ciudades\\\/#listItem\",\"position\":3,\"name\":\"La Junta de Andaluc\\u00eda ve \\u00abasumible\\u00bb la petici\\u00f3n de prorrogar el Plan de Grandes Ciudades\",\"previousItem\":{\"@type\":\"ListItem\",\"@id\":\"https:\\\/\\\/eldigitaldeasturias.com\\\/magazine365\\\/category\\\/noticias-actualidad\\\/#listItem\",\"name\":\"Noticias y Actualidad\"}}]},{\"@type\":\"Organization\",\"@id\":\"https:\\\/\\\/eldigitaldeasturias.com\\\/magazine365\\\/#organization\",\"name\":\"El digital de Asturias\",\"description\":\"Revista de ocio, turismo y estilo de vida\",\"url\":\"https:\\\/\\\/eldigitaldeasturias.com\\\/magazine365\\\/\",\"logo\":{\"@type\":\"ImageObject\",\"url\":\"https:\\\/\\\/www.eldigitaldeasturias.com\\\/noticias\\\/wp-content\\\/uploads\\\/2020\\\/12\\\/EDA.jpg\",\"@id\":\"https:\\\/\\\/eldigitaldeasturias.com\\\/magazine365\\\/la-junta-de-andalucia-ve-asumible-la-peticion-de-prorrogar-el-plan-de-grandes-ciudades\\\/#organizationLogo\"},\"image\":{\"@id\":\"https:\\\/\\\/eldigitaldeasturias.com\\\/magazine365\\\/la-junta-de-andalucia-ve-asumible-la-peticion-de-prorrogar-el-plan-de-grandes-ciudades\\\/#organizationLogo\"}},{\"@type\":\"Person\",\"@id\":\"https:\\\/\\\/eldigitaldeasturias.com\\\/magazine365\\\/author\\\/admin\\\/#author\",\"url\":\"https:\\\/\\\/eldigitaldeasturias.com\\\/magazine365\\\/author\\\/admin\\\/\",\"name\":\"admin\",\"image\":{\"@type\":\"ImageObject\",\"@id\":\"https:\\\/\\\/eldigitaldeasturias.com\\\/magazine365\\\/la-junta-de-andalucia-ve-asumible-la-peticion-de-prorrogar-el-plan-de-grandes-ciudades\\\/#authorImage\",\"url\":\"https:\\\/\\\/eldigitaldeasturias.com\\\/magazine365\\\/wp-content\\\/litespeed\\\/avatar\\\/e571bcf59a0edd6fa6838245a470f2fe.jpg?ver=1777574230\",\"width\":96,\"height\":96,\"caption\":\"admin\"}},{\"@type\":\"WebPage\",\"@id\":\"https:\\\/\\\/eldigitaldeasturias.com\\\/magazine365\\\/la-junta-de-andalucia-ve-asumible-la-peticion-de-prorrogar-el-plan-de-grandes-ciudades\\\/#webpage\",\"url\":\"https:\\\/\\\/eldigitaldeasturias.com\\\/magazine365\\\/la-junta-de-andalucia-ve-asumible-la-peticion-de-prorrogar-el-plan-de-grandes-ciudades\\\/\",\"name\":\"La Junta de Andaluc\\u00eda ve \\u00abasumible\\u00bb la petici\\u00f3n de prorrogar el Plan de Grandes Ciudades | El Digital de Asturias\",\"description\":\"El consejero de Turismo y Deporte de la Junta de Andaluc\\u00eda, Francisco Javier Fern\\u00e1ndez, ha dicho este lunes que ve \\\"asumible\\\" la petici\\u00f3n del Ayuntamiento de C\\u00f3rdoba de prorrogar el plazo de ejecuci\\u00f3n del Plan Tur\\u00edstico de Grandes Ciudades, hasta junio de 2017, puesto que en junio de 2016 tendr\\u00eda que estar terminado, pero, seg\\u00fan\",\"inLanguage\":\"es-ES\",\"isPartOf\":{\"@id\":\"https:\\\/\\\/eldigitaldeasturias.com\\\/magazine365\\\/#website\"},\"breadcrumb\":{\"@id\":\"https:\\\/\\\/eldigitaldeasturias.com\\\/magazine365\\\/la-junta-de-andalucia-ve-asumible-la-peticion-de-prorrogar-el-plan-de-grandes-ciudades\\\/#breadcrumblist\"},\"author\":{\"@id\":\"https:\\\/\\\/eldigitaldeasturias.com\\\/magazine365\\\/author\\\/admin\\\/#author\"},\"creator\":{\"@id\":\"https:\\\/\\\/eldigitaldeasturias.com\\\/magazine365\\\/author\\\/admin\\\/#author\"},\"image\":{\"@type\":\"ImageObject\",\"url\":\"https:\\\/\\\/eldigitaldeasturias.com\\\/magazine365\\\/wp-content\\\/uploads\\\/2015\\\/12\\\/fotonoticia_20151130165151_800.jpg\",\"@id\":\"https:\\\/\\\/eldigitaldeasturias.com\\\/magazine365\\\/la-junta-de-andalucia-ve-asumible-la-peticion-de-prorrogar-el-plan-de-grandes-ciudades\\\/#mainImage\",\"width\":800,\"height\":600},\"primaryImageOfPage\":{\"@id\":\"https:\\\/\\\/eldigitaldeasturias.com\\\/magazine365\\\/la-junta-de-andalucia-ve-asumible-la-peticion-de-prorrogar-el-plan-de-grandes-ciudades\\\/#mainImage\"},\"datePublished\":\"2015-12-03T01:20:45+01:00\",\"dateModified\":\"2015-12-03T01:20:45+01:00\"},{\"@type\":\"WebSite\",\"@id\":\"https:\\\/\\\/eldigitaldeasturias.com\\\/magazine365\\\/#website\",\"url\":\"https:\\\/\\\/eldigitaldeasturias.com\\\/magazine365\\\/\",\"name\":\"El Digital de Asturias\",\"description\":\"Revista de ocio, turismo y estilo de vida\",\"inLanguage\":\"es-ES\",\"publisher\":{\"@id\":\"https:\\\/\\\/eldigitaldeasturias.com\\\/magazine365\\\/#organization\"}}]}\n\t\t<\/script>\n\t\t<!-- All in One SEO Pro -->\r\n\t\t<title>La Junta de Andaluc\u00eda ve \u00abasumible\u00bb la petici\u00f3n de prorrogar el Plan de Grandes Ciudades | El Digital de Asturias<\/title>\n\n","aioseo_head_json":{"title":"La Junta de Andaluc\u00eda ve \u00abasumible\u00bb la petici\u00f3n de prorrogar el Plan de Grandes Ciudades | El Digital de Asturias","description":"El consejero de Turismo y Deporte de la Junta de Andaluc\u00eda, Francisco Javier Fern\u00e1ndez, ha dicho este lunes que ve \"asumible\" la petici\u00f3n del Ayuntamiento de C\u00f3rdoba de prorrogar el plazo de ejecuci\u00f3n del Plan Tur\u00edstico de Grandes Ciudades, hasta junio de 2017, puesto que en junio de 2016 tendr\u00eda que estar terminado, pero, seg\u00fan","canonical_url":"https:\/\/eldigitaldeasturias.com\/magazine365\/la-junta-de-andalucia-ve-asumible-la-peticion-de-prorrogar-el-plan-de-grandes-ciudades\/","robots":"max-image-preview:large","keywords":"noticias y actualidad","webmasterTools":{"google-site-verification":"UA-38556648-1","miscellaneous":""},"schema":{"@context":"https:\/\/schema.org","@graph":[{"@type":"Article","@id":"https:\/\/eldigitaldeasturias.com\/magazine365\/la-junta-de-andalucia-ve-asumible-la-peticion-de-prorrogar-el-plan-de-grandes-ciudades\/#article","name":"La Junta de Andaluc\u00eda ve \u00abasumible\u00bb la petici\u00f3n de prorrogar el Plan de Grandes Ciudades | El Digital de Asturias","headline":"La Junta de Andaluc\u00eda ve \u00abasumible\u00bb la petici\u00f3n de prorrogar el Plan de Grandes Ciudades","author":{"@id":"https:\/\/eldigitaldeasturias.com\/magazine365\/author\/admin\/#author"},"publisher":{"@id":"https:\/\/eldigitaldeasturias.com\/magazine365\/#organization"},"image":{"@type":"ImageObject","url":"https:\/\/eldigitaldeasturias.com\/magazine365\/wp-content\/uploads\/2015\/12\/fotonoticia_20151130165151_800.jpg","width":800,"height":600},"datePublished":"2015-12-03T01:20:45+01:00","dateModified":"2015-12-03T01:20:45+01:00","inLanguage":"es-ES","mainEntityOfPage":{"@id":"https:\/\/eldigitaldeasturias.com\/magazine365\/la-junta-de-andalucia-ve-asumible-la-peticion-de-prorrogar-el-plan-de-grandes-ciudades\/#webpage"},"isPartOf":{"@id":"https:\/\/eldigitaldeasturias.com\/magazine365\/la-junta-de-andalucia-ve-asumible-la-peticion-de-prorrogar-el-plan-de-grandes-ciudades\/#webpage"},"articleSection":"Noticias y Actualidad"},{"@type":"BreadcrumbList","@id":"https:\/\/eldigitaldeasturias.com\/magazine365\/la-junta-de-andalucia-ve-asumible-la-peticion-de-prorrogar-el-plan-de-grandes-ciudades\/#breadcrumblist","itemListElement":[{"@type":"ListItem","@id":"https:\/\/eldigitaldeasturias.com\/magazine365#listItem","position":1,"name":"Home","item":"https:\/\/eldigitaldeasturias.com\/magazine365","nextItem":{"@type":"ListItem","@id":"https:\/\/eldigitaldeasturias.com\/magazine365\/category\/noticias-actualidad\/#listItem","name":"Noticias y Actualidad"}},{"@type":"ListItem","@id":"https:\/\/eldigitaldeasturias.com\/magazine365\/category\/noticias-actualidad\/#listItem","position":2,"name":"Noticias y Actualidad","item":"https:\/\/eldigitaldeasturias.com\/magazine365\/category\/noticias-actualidad\/","nextItem":{"@type":"ListItem","@id":"https:\/\/eldigitaldeasturias.com\/magazine365\/la-junta-de-andalucia-ve-asumible-la-peticion-de-prorrogar-el-plan-de-grandes-ciudades\/#listItem","name":"La Junta de Andaluc\u00eda ve \u00abasumible\u00bb la petici\u00f3n de prorrogar el Plan de Grandes Ciudades"},"previousItem":{"@type":"ListItem","@id":"https:\/\/eldigitaldeasturias.com\/magazine365#listItem","name":"Home"}},{"@type":"ListItem","@id":"https:\/\/eldigitaldeasturias.com\/magazine365\/la-junta-de-andalucia-ve-asumible-la-peticion-de-prorrogar-el-plan-de-grandes-ciudades\/#listItem","position":3,"name":"La Junta de Andaluc\u00eda ve \u00abasumible\u00bb la petici\u00f3n de prorrogar el Plan de Grandes Ciudades","previousItem":{"@type":"ListItem","@id":"https:\/\/eldigitaldeasturias.com\/magazine365\/category\/noticias-actualidad\/#listItem","name":"Noticias y Actualidad"}}]},{"@type":"Organization","@id":"https:\/\/eldigitaldeasturias.com\/magazine365\/#organization","name":"El digital de Asturias","description":"Revista de ocio, turismo y estilo de vida","url":"https:\/\/eldigitaldeasturias.com\/magazine365\/","logo":{"@type":"ImageObject","url":"https:\/\/www.eldigitaldeasturias.com\/noticias\/wp-content\/uploads\/2020\/12\/EDA.jpg","@id":"https:\/\/eldigitaldeasturias.com\/magazine365\/la-junta-de-andalucia-ve-asumible-la-peticion-de-prorrogar-el-plan-de-grandes-ciudades\/#organizationLogo"},"image":{"@id":"https:\/\/eldigitaldeasturias.com\/magazine365\/la-junta-de-andalucia-ve-asumible-la-peticion-de-prorrogar-el-plan-de-grandes-ciudades\/#organizationLogo"}},{"@type":"Person","@id":"https:\/\/eldigitaldeasturias.com\/magazine365\/author\/admin\/#author","url":"https:\/\/eldigitaldeasturias.com\/magazine365\/author\/admin\/","name":"admin","image":{"@type":"ImageObject","@id":"https:\/\/eldigitaldeasturias.com\/magazine365\/la-junta-de-andalucia-ve-asumible-la-peticion-de-prorrogar-el-plan-de-grandes-ciudades\/#authorImage","url":"https:\/\/eldigitaldeasturias.com\/magazine365\/wp-content\/litespeed\/avatar\/e571bcf59a0edd6fa6838245a470f2fe.jpg?ver=1777574230","width":96,"height":96,"caption":"admin"}},{"@type":"WebPage","@id":"https:\/\/eldigitaldeasturias.com\/magazine365\/la-junta-de-andalucia-ve-asumible-la-peticion-de-prorrogar-el-plan-de-grandes-ciudades\/#webpage","url":"https:\/\/eldigitaldeasturias.com\/magazine365\/la-junta-de-andalucia-ve-asumible-la-peticion-de-prorrogar-el-plan-de-grandes-ciudades\/","name":"La Junta de Andaluc\u00eda ve \u00abasumible\u00bb la petici\u00f3n de prorrogar el Plan de Grandes Ciudades | El Digital de Asturias","description":"El consejero de Turismo y Deporte de la Junta de Andaluc\u00eda, Francisco Javier Fern\u00e1ndez, ha dicho este lunes que ve \"asumible\" la petici\u00f3n del Ayuntamiento de C\u00f3rdoba de prorrogar el plazo de ejecuci\u00f3n del Plan Tur\u00edstico de Grandes Ciudades, hasta junio de 2017, puesto que en junio de 2016 tendr\u00eda que estar terminado, pero, seg\u00fan","inLanguage":"es-ES","isPartOf":{"@id":"https:\/\/eldigitaldeasturias.com\/magazine365\/#website"},"breadcrumb":{"@id":"https:\/\/eldigitaldeasturias.com\/magazine365\/la-junta-de-andalucia-ve-asumible-la-peticion-de-prorrogar-el-plan-de-grandes-ciudades\/#breadcrumblist"},"author":{"@id":"https:\/\/eldigitaldeasturias.com\/magazine365\/author\/admin\/#author"},"creator":{"@id":"https:\/\/eldigitaldeasturias.com\/magazine365\/author\/admin\/#author"},"image":{"@type":"ImageObject","url":"https:\/\/eldigitaldeasturias.com\/magazine365\/wp-content\/uploads\/2015\/12\/fotonoticia_20151130165151_800.jpg","@id":"https:\/\/eldigitaldeasturias.com\/magazine365\/la-junta-de-andalucia-ve-asumible-la-peticion-de-prorrogar-el-plan-de-grandes-ciudades\/#mainImage","width":800,"height":600},"primaryImageOfPage":{"@id":"https:\/\/eldigitaldeasturias.com\/magazine365\/la-junta-de-andalucia-ve-asumible-la-peticion-de-prorrogar-el-plan-de-grandes-ciudades\/#mainImage"},"datePublished":"2015-12-03T01:20:45+01:00","dateModified":"2015-12-03T01:20:45+01:00"},{"@type":"WebSite","@id":"https:\/\/eldigitaldeasturias.com\/magazine365\/#website","url":"https:\/\/eldigitaldeasturias.com\/magazine365\/","name":"El Digital de Asturias","description":"Revista de ocio, turismo y estilo de vida","inLanguage":"es-ES","publisher":{"@id":"https:\/\/eldigitaldeasturias.com\/magazine365\/#organization"}}]},"og:locale":"es_ES","og:site_name":"El Digital de Asturias \u2013 Revista de ocio, turismo y estilo de vida","og:type":"article","og:title":"La Junta de Andaluc\u00eda ve \u00abasumible\u00bb la petici\u00f3n de prorrogar el Plan de Grandes Ciudades | El Digital de Asturias","og:description":"El consejero de Turismo y Deporte de la Junta de Andaluc\u00eda, Francisco Javier Fern\u00e1ndez, ha dicho este lunes que ve &quot;asumible&quot; la petici\u00f3n del Ayuntamiento de C\u00f3rdoba de prorrogar el plazo de ejecuci\u00f3n del Plan Tur\u00edstico de Grandes Ciudades, hasta junio de 2017, puesto que en junio de 2016 tendr\u00eda que estar terminado, pero, seg\u00fan","og:url":"https:\/\/eldigitaldeasturias.com\/magazine365\/la-junta-de-andalucia-ve-asumible-la-peticion-de-prorrogar-el-plan-de-grandes-ciudades\/","og:image":"https:\/\/eldigitaldeasturias.com\/magazine365\/wp-content\/uploads\/2015\/12\/fotonoticia_20151130165151_800.jpg","og:image:secure_url":"https:\/\/eldigitaldeasturias.com\/magazine365\/wp-content\/uploads\/2015\/12\/fotonoticia_20151130165151_800.jpg","og:image:width":800,"og:image:height":600,"article:published_time":"2015-12-03T00:20:45+00:00","article:modified_time":"2015-12-03T00:20:45+00:00","twitter:card":"summary_large_image","twitter:title":"La Junta de Andaluc\u00eda ve \u00abasumible\u00bb la petici\u00f3n de prorrogar el Plan de Grandes Ciudades | El Digital de Asturias","twitter:description":"El consejero de Turismo y Deporte de la Junta de Andaluc\u00eda, Francisco Javier Fern\u00e1ndez, ha dicho este lunes que ve &quot;asumible&quot; la petici\u00f3n del Ayuntamiento de C\u00f3rdoba de prorrogar el plazo de ejecuci\u00f3n del Plan Tur\u00edstico de Grandes Ciudades, hasta junio de 2017, puesto que en junio de 2016 tendr\u00eda que estar terminado, pero, seg\u00fan","twitter:image":"https:\/\/eldigitaldeasturias.com\/magazine365\/wp-content\/uploads\/2015\/12\/fotonoticia_20151130165151_800.jpg"},"aioseo_meta_data":{"post_id":"57320","title":null,"description":null,"keywords":null,"keyphrases":null,"primary_term":null,"canonical_url":null,"og_title":null,"og_description":null,"og_object_type":"default","og_image_type":"default","og_image_url":null,"og_image_width":null,"og_image_height":null,"og_image_custom_url":null,"og_image_custom_fields":null,"og_video":null,"og_custom_url":null,"og_article_section":null,"og_article_tags":null,"twitter_use_og":false,"twitter_card":"default","twitter_image_type":"default","twitter_image_url":null,"twitter_image_custom_url":null,"twitter_image_custom_fields":null,"twitter_title":null,"twitter_description":null,"schema":{"blockGraphs":[],"customGraphs":[],"default":{"data":{"Article":[],"Course":[],"Dataset":[],"FAQPage":[],"Movie":[],"Person":[],"Product":[],"ProductReview":[],"Car":[],"Recipe":[],"Service":[],"SoftwareApplication":[],"WebPage":[]},"graphName":"","isEnabled":true},"graphs":[]},"schema_type":null,"schema_type_options":null,"pillar_content":false,"robots_default":true,"robots_noindex":false,"robots_noarchive":false,"robots_nosnippet":false,"robots_nofollow":false,"robots_noimageindex":false,"robots_noodp":false,"robots_notranslate":false,"robots_max_snippet":null,"robots_max_videopreview":null,"robots_max_imagepreview":"large","priority":null,"frequency":null,"location":null,"local_seo":null,"seo_analyzer_scan_date":"2025-09-25 00:37:49","breadcrumb_settings":null,"limit_modified_date":false,"open_ai":null,"ai":null,"created":"2021-03-08 22:45:04","updated":"2025-09-25 00:37:49"},"aioseo_breadcrumb":"<div class=\"aioseo-breadcrumbs\"><span class=\"aioseo-breadcrumb\">\n\t<a href=\"https:\/\/eldigitaldeasturias.com\/magazine365\" title=\"Home\">Home<\/a>\n<\/span><span class=\"aioseo-breadcrumb-separator\">\u2013<\/span><span class=\"aioseo-breadcrumb\">\n\t<a href=\"https:\/\/eldigitaldeasturias.com\/magazine365\/category\/noticias-actualidad\/\" title=\"Noticias y Actualidad\">Noticias y Actualidad<\/a>\n<\/span><span class=\"aioseo-breadcrumb-separator\">\u2013<\/span><span class=\"aioseo-breadcrumb\">\n\t<a href=\"https:\/\/eldigitaldeasturias.com\/magazine365\/la-junta-de-andalucia-ve-asumible-la-peticion-de-prorrogar-el-plan-de-grandes-ciudades\/\" title=\"La Junta de Andaluc\u00eda ve \u00abasumible\u00bb la petici\u00f3n de prorrogar el Plan de Grandes Ciudades\">La Junta de Andaluc\u00eda ve \u00abasumible\u00bb la petici\u00f3n de prorrogar el Plan de Grandes Ciudades<\/a>\n<\/span><\/div>","aioseo_breadcrumb_json":[{"label":"Home","link":"https:\/\/eldigitaldeasturias.com\/magazine365"},{"label":"Noticias y Actualidad","link":"https:\/\/eldigitaldeasturias.com\/magazine365\/category\/noticias-actualidad\/"},{"label":"La Junta de Andaluc\u00eda ve \u00abasumible\u00bb la petici\u00f3n de prorrogar el Plan de Grandes Ciudades","link":"https:\/\/eldigitaldeasturias.com\/magazine365\/la-junta-de-andalucia-ve-asumible-la-peticion-de-prorrogar-el-plan-de-grandes-ciudades\/"}],"_links":{"self":[{"href":"https:\/\/eldigitaldeasturias.com\/magazine365\/wp-json\/wp\/v2\/posts\/57320","targetHints":{"allow":["GET"]}}],"collection":[{"href":"https:\/\/eldigitaldeasturias.com\/magazine365\/wp-json\/wp\/v2\/posts"}],"about":[{"href":"https:\/\/eldigitaldeasturias.com\/magazine365\/wp-json\/wp\/v2\/types\/post"}],"author":[{"embeddable":true,"href":"https:\/\/eldigitaldeasturias.com\/magazine365\/wp-json\/wp\/v2\/users\/1"}],"replies":[{"embeddable":true,"href":"https:\/\/eldigitaldeasturias.com\/magazine365\/wp-json\/wp\/v2\/comments?post=57320"}],"version-history":[{"count":0,"href":"https:\/\/eldigitaldeasturias.com\/magazine365\/wp-json\/wp\/v2\/posts\/57320\/revisions"}],"wp:featuredmedia":[{"embeddable":true,"href":"https:\/\/eldigitaldeasturias.com\/magazine365\/wp-json\/wp\/v2\/media\/57321"}],"wp:attachment":[{"href":"https:\/\/eldigitaldeasturias.com\/magazine365\/wp-json\/wp\/v2\/media?parent=57320"}],"wp:term":[{"taxonomy":"category","embeddable":true,"href":"https:\/\/eldigitaldeasturias.com\/magazine365\/wp-json\/wp\/v2\/categories?post=57320"},{"taxonomy":"post_tag","embeddable":true,"href":"https:\/\/eldigitaldeasturias.com\/magazine365\/wp-json\/wp\/v2\/tags?post=57320"}],"curies":[{"name":"wp","href":"https:\/\/api.w.org\/{rel}","templated":true}]}}