{"id":57212,"date":"2015-12-02T13:03:14","date_gmt":"2015-12-02T12:03:14","guid":{"rendered":"http:\/\/eldigitaldeasturias.com\/magazine365\/?p=57212"},"modified":"2015-12-02T13:03:14","modified_gmt":"2015-12-02T12:03:14","slug":"castilla-y-leon-ve-cumplidas-sus-expectativas-con-el-incremento-de-contactos-durante-intur","status":"publish","type":"post","link":"https:\/\/eldigitaldeasturias.com\/magazine365\/castilla-y-leon-ve-cumplidas-sus-expectativas-con-el-incremento-de-contactos-durante-intur\/","title":{"rendered":"Castilla y Le\u00f3n ve cumplidas sus expectativas con el incremento de contactos durante Intur"},"content":{"rendered":"<p><img fetchpriority=\"high\" decoding=\"async\" class=\"alignleft size-medium wp-image-57213\" src=\"https:\/\/eldigitaldeasturias.com\/magazine365\/wp-content\/uploads\/2015\/12\/fotonoticia_20151130084810_800-355x300.jpg\" alt=\"fotonoticia_20151130084810_800\" width=\"355\" height=\"300\" srcset=\"https:\/\/eldigitaldeasturias.com\/magazine365\/wp-content\/uploads\/2015\/12\/fotonoticia_20151130084810_800-355x300.jpg 355w, https:\/\/eldigitaldeasturias.com\/magazine365\/wp-content\/uploads\/2015\/12\/fotonoticia_20151130084810_800-650x550.jpg 650w, https:\/\/eldigitaldeasturias.com\/magazine365\/wp-content\/uploads\/2015\/12\/fotonoticia_20151130084810_800-768x650.jpg 768w, https:\/\/eldigitaldeasturias.com\/magazine365\/wp-content\/uploads\/2015\/12\/fotonoticia_20151130084810_800-150x127.jpg 150w, https:\/\/eldigitaldeasturias.com\/magazine365\/wp-content\/uploads\/2015\/12\/fotonoticia_20151130084810_800-450x381.jpg 450w, https:\/\/eldigitaldeasturias.com\/magazine365\/wp-content\/uploads\/2015\/12\/fotonoticia_20151130084810_800-696x589.jpg 696w, https:\/\/eldigitaldeasturias.com\/magazine365\/wp-content\/uploads\/2015\/12\/fotonoticia_20151130084810_800-496x420.jpg 496w, https:\/\/eldigitaldeasturias.com\/magazine365\/wp-content\/uploads\/2015\/12\/fotonoticia_20151130084810_800.jpg 800w\" sizes=\"(max-width: 355px) 100vw, 355px\" \/>La consejera de Cultura y Turismo de la Junta de Castilla y Le\u00f3n, Mar\u00eda Josefa Garc\u00eda Cirac, ha dado por cumplidas las expectativas del Gobierno regional en la Feria Internacional de Turismo de Interior de Valladolid (Intur) con el incremento de los contactos comerciales, el impulso a la competitividad del sector y una mayor proyecci\u00f3n de la imagen de la Comunidad.<\/p>\n<p>As\u00ed lo ha defendido Garc\u00eda Cirac, la cual ha realizado un balance \u00abmuy positivo\u00bb de la presencia de Castilla y Le\u00f3n en la feria, que concluy\u00f3 este domingo.<\/p>\n<p>La consejera ha recordado la colaboraci\u00f3n de la Consejer\u00eda en el I Foro Empresarial de Innovaci\u00f3n y Tecnolog\u00edas Tur\u00edsticas, que abri\u00f3 la feria el pasado jueves, en el que se inscribieron 726 profesionales del sector. Adem\u00e1s, por primera vez se ha desarrollado un \u00e1rea de Innovaci\u00f3n dentro del espacio expositivo de la feria, en el que han participado 24 entidades empresariales nacionales del \u00e1mbito de la innovaci\u00f3n y la tecnolog\u00eda.<\/p>\n<p>Garc\u00eda Cirac tambi\u00e9n ha destacado la importante presencia de &#8216;bloggers&#8217; tur\u00edsticos que han participado en el Foro y a los que se ha realizado una presentaci\u00f3n del &#8216;Destino Castilla y Le\u00f3n&#8217;. Adem\u00e1s, en el marco de Intur en el expositor de Castilla y Le\u00f3n se ha presentado la Asociaci\u00f3n de Bloggers de Castilla y Le\u00f3n.<\/p>\n<p>Con el objetivo de apostar por el turismo como sector productivo \u00abclave\u00bb generador de actividad econ\u00f3mica, la consejera ha dado a conocer los datos de algunas de las iniciativas como Intur Negocios, donde se han logrado cerca de 20.000 contactos empresariales, fruto de las reuniones mantenidas entre las 404 empresas inscritas y los 98 compradores.<\/p>\n<p>Este dato supone un importante incremento de 2.688 contactos con respecto a la edici\u00f3n anterior, un 15,71 por ciento m\u00e1s. En cuanto a Intur Idiom\u00e1tico, se han registrado 144 encuentros entre doce entidades de Castilla y Le\u00f3n y 12 agencias internacionales interesadas por el espa\u00f1ol.<\/p>\n<p>Tambi\u00e9n ha tenido lugar la presentaci\u00f3n de la Central de Reservas de Turismo Rural de Castilla y Le\u00f3n, fomentando la labor informativa y promocional de esta herramienta online del turismo rural de Castilla y Le\u00f3n. Adem\u00e1s, se ha desarrollado una zona de captaci\u00f3n de empresariado en el expositor y se han presentado las novedades de la Central de Reservas en el Foro de empresarios organizado por Acaltur, que ya cuenta con m\u00e1s de 600 empresarios inscritos en la plataforma online.<\/p>\n<p>En el marco de la comercializaci\u00f3n, la consejera ha destacado la celebraci\u00f3n de Foros Empresariales, como el que ha tenido lugar en colaboraci\u00f3n con el Foro Profesional de Turismo Activo (Aneta), que se ha reunido por primera vez aprovechando el marco profesional de Intur y ha reunido a 50 empresarios de turismo activo de 14 comunidades del pa\u00eds; la promoci\u00f3n de la marca de calidad Posadas Reales, a trav\u00e9s de un encuentro con operadores internacionales y un espacio comercial en Intur Rural; la colaboraci\u00f3n con la asociaci\u00f3n Acaltur en diferentes foros asociados al turismo rural regional, o la colaboraci\u00f3n con administraciones y empresarios a trav\u00e9s de las 26 presentaciones que se han llevado a cabo.<\/p>\n<p>Junto a la apuesta de la Junta por la innovaci\u00f3n y la conectividad, Garc\u00eda Cirac ha hecho repaso por las distintas iniciativas llevadas a cabo en el marco de la Feria para impulsar la imagen tur\u00edstica de Castilla y Le\u00f3n. A trav\u00e9s de la idea de \u00abconectividad\u00bb, se ha presentado la regi\u00f3n como &#8216;Destino AVE&#8217; dentro del dise\u00f1o del expositor y con acuerdos como el firmado en la feria con el presidente de RENFE-Viajeros, con el objetivo de posicionar a Castilla y Le\u00f3n como destino tur\u00edstico.<\/p>\n<p>Adem\u00e1s, la &#8216;enogastronom\u00eda&#8217; ha tenido un gran protagonismo como producto tur\u00edstico especializado de gran inter\u00e9s, con una presencia destacada en el expositor regional por primera vez y una presentaci\u00f3n a p\u00fablico final, con el objetivo de potenciar la promoci\u00f3n y comercializaci\u00f3n de la cinco rutas certificadas del Vino: Arlanza, Bierzo, Cigales, Ribera del Duero y Rueda.<\/p>\n<p>Dentro de este contexto de apoyo a la enogastronom\u00eda, la consejera clausur\u00f3 el s\u00e1bado el Campeonato Nacional &#8216;Bocuse D&#8217;Or&#8217;, que se ha convertido en un gran evento de promoci\u00f3n de la gastronom\u00eda y del sector empresarial hostelero de Castilla y Le\u00f3n, con m\u00e1s de 2.000 personas que han pasado por el Centro Cultural Miguel Delibes en los dos d\u00edas de celebraci\u00f3n, 20 medios de comunicaci\u00f3n nacionales especializados acreditados, la participaci\u00f3n de doce cocineros estrellas Michel\u00edn entre jurados y participantes.<\/p>\n<p>Por \u00faltimo, la consejera ha destacado el \u00abfuerte impulso\u00bb de la imagen de Castilla y Le\u00f3n a trav\u00e9s de las \u00absinergias\u00bb entre productos tur\u00edsticos como el Turismo de Naturaleza-Turismo Rural y el Turismo Cultural-Patrimonio, con una especial promoci\u00f3n de los ocho Bienes Patrimonio Mundial, asociados a otros recursos tur\u00edsticos y rutas regionales, adem\u00e1s de la presentaci\u00f3n de conmemoraciones culturales regionales, entre las que destaca la pr\u00f3xima edici\u00f3n de Las Edades del Hombre-Toro 2016 o la firma de acuerdos fruto de la coordinaci\u00f3n institucional, como la integraci\u00f3n de la Oficina de Informaci\u00f3n Tur\u00edstica de Le\u00f3n.<\/p>\n","protected":false},"excerpt":{"rendered":"<p>La consejera de Cultura y Turismo de la Junta de Castilla y Le\u00f3n, Mar\u00eda Josefa Garc\u00eda Cirac, ha dado por cumplidas las expectativas del Gobierno regional en la Feria Internacional de Turismo de Interior de Valladolid (Intur) con el incremento de los contactos comerciales, el impulso a la competitividad del sector y una mayor proyecci\u00f3n<\/p>\n","protected":false},"author":1,"featured_media":57213,"comment_status":"open","ping_status":"closed","sticky":false,"template":"","format":"standard","meta":{"footnotes":""},"categories":[224],"tags":[],"class_list":{"0":"post-57212","1":"post","2":"type-post","3":"status-publish","4":"format-standard","5":"has-post-thumbnail","7":"category-noticias-actualidad"},"aioseo_notices":[],"aioseo_head":"\n\t\t<!-- All in One SEO Pro 4.9.6.1 - aioseo.com -->\n\t<meta name=\"description\" content=\"La consejera de Cultura y Turismo de la Junta de Castilla y Le\u00f3n, Mar\u00eda Josefa Garc\u00eda Cirac, ha dado por cumplidas las expectativas del Gobierno regional en la Feria Internacional de Turismo de Interior de Valladolid (Intur) con el incremento de los contactos comerciales, el impulso a la competitividad del sector y una mayor proyecci\u00f3n\" \/>\n\t<meta name=\"robots\" content=\"max-image-preview:large\" \/>\n\t<meta name=\"author\" content=\"admin\"\/>\n\t<meta name=\"google-site-verification\" content=\"UA-38556648-1\" \/>\n\t<meta name=\"keywords\" content=\"noticias y actualidad\" \/>\n\t<link rel=\"canonical\" href=\"https:\/\/eldigitaldeasturias.com\/magazine365\/castilla-y-leon-ve-cumplidas-sus-expectativas-con-el-incremento-de-contactos-durante-intur\/\" \/>\n\t<meta name=\"generator\" content=\"All in One SEO Pro (AIOSEO) 4.9.6.1\" \/>\n\t\t<meta property=\"og:locale\" content=\"es_ES\" \/>\n\t\t<meta property=\"og:site_name\" content=\"El Digital de Asturias \u2013 Revista de ocio, turismo y estilo de vida\" \/>\n\t\t<meta property=\"og:type\" content=\"article\" \/>\n\t\t<meta property=\"og:title\" content=\"Castilla y Le\u00f3n ve cumplidas sus expectativas con el incremento de contactos durante Intur | El Digital de Asturias\" \/>\n\t\t<meta property=\"og:description\" content=\"La consejera de Cultura y Turismo de la Junta de Castilla y Le\u00f3n, Mar\u00eda Josefa Garc\u00eda Cirac, ha dado por cumplidas las expectativas del Gobierno regional en la Feria Internacional de Turismo de Interior de Valladolid (Intur) con el incremento de los contactos comerciales, el impulso a la competitividad del sector y una mayor proyecci\u00f3n\" \/>\n\t\t<meta property=\"og:url\" content=\"https:\/\/eldigitaldeasturias.com\/magazine365\/castilla-y-leon-ve-cumplidas-sus-expectativas-con-el-incremento-de-contactos-durante-intur\/\" \/>\n\t\t<meta property=\"og:image\" content=\"https:\/\/eldigitaldeasturias.com\/magazine365\/wp-content\/uploads\/2015\/12\/fotonoticia_20151130084810_800.jpg\" \/>\n\t\t<meta property=\"og:image:secure_url\" content=\"https:\/\/eldigitaldeasturias.com\/magazine365\/wp-content\/uploads\/2015\/12\/fotonoticia_20151130084810_800.jpg\" \/>\n\t\t<meta property=\"og:image:width\" content=\"800\" \/>\n\t\t<meta property=\"og:image:height\" content=\"677\" \/>\n\t\t<meta property=\"article:published_time\" content=\"2015-12-02T12:03:14+00:00\" \/>\n\t\t<meta property=\"article:modified_time\" content=\"2015-12-02T12:03:14+00:00\" \/>\n\t\t<meta name=\"twitter:card\" content=\"summary_large_image\" \/>\n\t\t<meta name=\"twitter:title\" content=\"Castilla y Le\u00f3n ve cumplidas sus expectativas con el incremento de contactos durante Intur | El Digital de Asturias\" \/>\n\t\t<meta name=\"twitter:description\" content=\"La consejera de Cultura y Turismo de la Junta de Castilla y Le\u00f3n, Mar\u00eda Josefa Garc\u00eda Cirac, ha dado por cumplidas las expectativas del Gobierno regional en la Feria Internacional de Turismo de Interior de Valladolid (Intur) con el incremento de los contactos comerciales, el impulso a la competitividad del sector y una mayor proyecci\u00f3n\" \/>\n\t\t<meta name=\"twitter:image\" content=\"https:\/\/eldigitaldeasturias.com\/magazine365\/wp-content\/uploads\/2015\/12\/fotonoticia_20151130084810_800.jpg\" \/>\n\t\t<script type=\"application\/ld+json\" class=\"aioseo-schema\">\n\t\t\t{\"@context\":\"https:\\\/\\\/schema.org\",\"@graph\":[{\"@type\":\"Article\",\"@id\":\"https:\\\/\\\/eldigitaldeasturias.com\\\/magazine365\\\/castilla-y-leon-ve-cumplidas-sus-expectativas-con-el-incremento-de-contactos-durante-intur\\\/#article\",\"name\":\"Castilla y Le\\u00f3n ve cumplidas sus expectativas con el incremento de contactos durante Intur | El Digital de Asturias\",\"headline\":\"Castilla y Le\\u00f3n ve cumplidas sus expectativas con el incremento de contactos durante Intur\",\"author\":{\"@id\":\"https:\\\/\\\/eldigitaldeasturias.com\\\/magazine365\\\/author\\\/admin\\\/#author\"},\"publisher\":{\"@id\":\"https:\\\/\\\/eldigitaldeasturias.com\\\/magazine365\\\/#organization\"},\"image\":{\"@type\":\"ImageObject\",\"url\":\"https:\\\/\\\/eldigitaldeasturias.com\\\/magazine365\\\/wp-content\\\/uploads\\\/2015\\\/12\\\/fotonoticia_20151130084810_800.jpg\",\"width\":800,\"height\":677},\"datePublished\":\"2015-12-02T13:03:14+01:00\",\"dateModified\":\"2015-12-02T13:03:14+01:00\",\"inLanguage\":\"es-ES\",\"mainEntityOfPage\":{\"@id\":\"https:\\\/\\\/eldigitaldeasturias.com\\\/magazine365\\\/castilla-y-leon-ve-cumplidas-sus-expectativas-con-el-incremento-de-contactos-durante-intur\\\/#webpage\"},\"isPartOf\":{\"@id\":\"https:\\\/\\\/eldigitaldeasturias.com\\\/magazine365\\\/castilla-y-leon-ve-cumplidas-sus-expectativas-con-el-incremento-de-contactos-durante-intur\\\/#webpage\"},\"articleSection\":\"Noticias y Actualidad\"},{\"@type\":\"BreadcrumbList\",\"@id\":\"https:\\\/\\\/eldigitaldeasturias.com\\\/magazine365\\\/castilla-y-leon-ve-cumplidas-sus-expectativas-con-el-incremento-de-contactos-durante-intur\\\/#breadcrumblist\",\"itemListElement\":[{\"@type\":\"ListItem\",\"@id\":\"https:\\\/\\\/eldigitaldeasturias.com\\\/magazine365#listItem\",\"position\":1,\"name\":\"Home\",\"item\":\"https:\\\/\\\/eldigitaldeasturias.com\\\/magazine365\",\"nextItem\":{\"@type\":\"ListItem\",\"@id\":\"https:\\\/\\\/eldigitaldeasturias.com\\\/magazine365\\\/category\\\/noticias-actualidad\\\/#listItem\",\"name\":\"Noticias y Actualidad\"}},{\"@type\":\"ListItem\",\"@id\":\"https:\\\/\\\/eldigitaldeasturias.com\\\/magazine365\\\/category\\\/noticias-actualidad\\\/#listItem\",\"position\":2,\"name\":\"Noticias y Actualidad\",\"item\":\"https:\\\/\\\/eldigitaldeasturias.com\\\/magazine365\\\/category\\\/noticias-actualidad\\\/\",\"nextItem\":{\"@type\":\"ListItem\",\"@id\":\"https:\\\/\\\/eldigitaldeasturias.com\\\/magazine365\\\/castilla-y-leon-ve-cumplidas-sus-expectativas-con-el-incremento-de-contactos-durante-intur\\\/#listItem\",\"name\":\"Castilla y Le\\u00f3n ve cumplidas sus expectativas con el incremento de contactos durante Intur\"},\"previousItem\":{\"@type\":\"ListItem\",\"@id\":\"https:\\\/\\\/eldigitaldeasturias.com\\\/magazine365#listItem\",\"name\":\"Home\"}},{\"@type\":\"ListItem\",\"@id\":\"https:\\\/\\\/eldigitaldeasturias.com\\\/magazine365\\\/castilla-y-leon-ve-cumplidas-sus-expectativas-con-el-incremento-de-contactos-durante-intur\\\/#listItem\",\"position\":3,\"name\":\"Castilla y Le\\u00f3n ve cumplidas sus expectativas con el incremento de contactos durante Intur\",\"previousItem\":{\"@type\":\"ListItem\",\"@id\":\"https:\\\/\\\/eldigitaldeasturias.com\\\/magazine365\\\/category\\\/noticias-actualidad\\\/#listItem\",\"name\":\"Noticias y Actualidad\"}}]},{\"@type\":\"Organization\",\"@id\":\"https:\\\/\\\/eldigitaldeasturias.com\\\/magazine365\\\/#organization\",\"name\":\"El digital de Asturias\",\"description\":\"Revista de ocio, turismo y estilo de vida\",\"url\":\"https:\\\/\\\/eldigitaldeasturias.com\\\/magazine365\\\/\",\"logo\":{\"@type\":\"ImageObject\",\"url\":\"https:\\\/\\\/www.eldigitaldeasturias.com\\\/noticias\\\/wp-content\\\/uploads\\\/2020\\\/12\\\/EDA.jpg\",\"@id\":\"https:\\\/\\\/eldigitaldeasturias.com\\\/magazine365\\\/castilla-y-leon-ve-cumplidas-sus-expectativas-con-el-incremento-de-contactos-durante-intur\\\/#organizationLogo\"},\"image\":{\"@id\":\"https:\\\/\\\/eldigitaldeasturias.com\\\/magazine365\\\/castilla-y-leon-ve-cumplidas-sus-expectativas-con-el-incremento-de-contactos-durante-intur\\\/#organizationLogo\"}},{\"@type\":\"Person\",\"@id\":\"https:\\\/\\\/eldigitaldeasturias.com\\\/magazine365\\\/author\\\/admin\\\/#author\",\"url\":\"https:\\\/\\\/eldigitaldeasturias.com\\\/magazine365\\\/author\\\/admin\\\/\",\"name\":\"admin\",\"image\":{\"@type\":\"ImageObject\",\"@id\":\"https:\\\/\\\/eldigitaldeasturias.com\\\/magazine365\\\/castilla-y-leon-ve-cumplidas-sus-expectativas-con-el-incremento-de-contactos-durante-intur\\\/#authorImage\",\"url\":\"https:\\\/\\\/eldigitaldeasturias.com\\\/magazine365\\\/wp-content\\\/litespeed\\\/avatar\\\/e571bcf59a0edd6fa6838245a470f2fe.jpg?ver=1777574230\",\"width\":96,\"height\":96,\"caption\":\"admin\"}},{\"@type\":\"WebPage\",\"@id\":\"https:\\\/\\\/eldigitaldeasturias.com\\\/magazine365\\\/castilla-y-leon-ve-cumplidas-sus-expectativas-con-el-incremento-de-contactos-durante-intur\\\/#webpage\",\"url\":\"https:\\\/\\\/eldigitaldeasturias.com\\\/magazine365\\\/castilla-y-leon-ve-cumplidas-sus-expectativas-con-el-incremento-de-contactos-durante-intur\\\/\",\"name\":\"Castilla y Le\\u00f3n ve cumplidas sus expectativas con el incremento de contactos durante Intur | El Digital de Asturias\",\"description\":\"La consejera de Cultura y Turismo de la Junta de Castilla y Le\\u00f3n, Mar\\u00eda Josefa Garc\\u00eda Cirac, ha dado por cumplidas las expectativas del Gobierno regional en la Feria Internacional de Turismo de Interior de Valladolid (Intur) con el incremento de los contactos comerciales, el impulso a la competitividad del sector y una mayor proyecci\\u00f3n\",\"inLanguage\":\"es-ES\",\"isPartOf\":{\"@id\":\"https:\\\/\\\/eldigitaldeasturias.com\\\/magazine365\\\/#website\"},\"breadcrumb\":{\"@id\":\"https:\\\/\\\/eldigitaldeasturias.com\\\/magazine365\\\/castilla-y-leon-ve-cumplidas-sus-expectativas-con-el-incremento-de-contactos-durante-intur\\\/#breadcrumblist\"},\"author\":{\"@id\":\"https:\\\/\\\/eldigitaldeasturias.com\\\/magazine365\\\/author\\\/admin\\\/#author\"},\"creator\":{\"@id\":\"https:\\\/\\\/eldigitaldeasturias.com\\\/magazine365\\\/author\\\/admin\\\/#author\"},\"image\":{\"@type\":\"ImageObject\",\"url\":\"https:\\\/\\\/eldigitaldeasturias.com\\\/magazine365\\\/wp-content\\\/uploads\\\/2015\\\/12\\\/fotonoticia_20151130084810_800.jpg\",\"@id\":\"https:\\\/\\\/eldigitaldeasturias.com\\\/magazine365\\\/castilla-y-leon-ve-cumplidas-sus-expectativas-con-el-incremento-de-contactos-durante-intur\\\/#mainImage\",\"width\":800,\"height\":677},\"primaryImageOfPage\":{\"@id\":\"https:\\\/\\\/eldigitaldeasturias.com\\\/magazine365\\\/castilla-y-leon-ve-cumplidas-sus-expectativas-con-el-incremento-de-contactos-durante-intur\\\/#mainImage\"},\"datePublished\":\"2015-12-02T13:03:14+01:00\",\"dateModified\":\"2015-12-02T13:03:14+01:00\"},{\"@type\":\"WebSite\",\"@id\":\"https:\\\/\\\/eldigitaldeasturias.com\\\/magazine365\\\/#website\",\"url\":\"https:\\\/\\\/eldigitaldeasturias.com\\\/magazine365\\\/\",\"name\":\"El Digital de Asturias\",\"description\":\"Revista de ocio, turismo y estilo de vida\",\"inLanguage\":\"es-ES\",\"publisher\":{\"@id\":\"https:\\\/\\\/eldigitaldeasturias.com\\\/magazine365\\\/#organization\"}}]}\n\t\t<\/script>\n\t\t<!-- All in One SEO Pro -->\r\n\t\t<title>Castilla y Le\u00f3n ve cumplidas sus expectativas con el incremento de contactos durante Intur | El Digital de Asturias<\/title>\n\n","aioseo_head_json":{"title":"Castilla y Le\u00f3n ve cumplidas sus expectativas con el incremento de contactos durante Intur | El Digital de Asturias","description":"La consejera de Cultura y Turismo de la Junta de Castilla y Le\u00f3n, Mar\u00eda Josefa Garc\u00eda Cirac, ha dado por cumplidas las expectativas del Gobierno regional en la Feria Internacional de Turismo de Interior de Valladolid (Intur) con el incremento de los contactos comerciales, el impulso a la competitividad del sector y una mayor proyecci\u00f3n","canonical_url":"https:\/\/eldigitaldeasturias.com\/magazine365\/castilla-y-leon-ve-cumplidas-sus-expectativas-con-el-incremento-de-contactos-durante-intur\/","robots":"max-image-preview:large","keywords":"noticias y actualidad","webmasterTools":{"google-site-verification":"UA-38556648-1","miscellaneous":""},"schema":{"@context":"https:\/\/schema.org","@graph":[{"@type":"Article","@id":"https:\/\/eldigitaldeasturias.com\/magazine365\/castilla-y-leon-ve-cumplidas-sus-expectativas-con-el-incremento-de-contactos-durante-intur\/#article","name":"Castilla y Le\u00f3n ve cumplidas sus expectativas con el incremento de contactos durante Intur | El Digital de Asturias","headline":"Castilla y Le\u00f3n ve cumplidas sus expectativas con el incremento de contactos durante Intur","author":{"@id":"https:\/\/eldigitaldeasturias.com\/magazine365\/author\/admin\/#author"},"publisher":{"@id":"https:\/\/eldigitaldeasturias.com\/magazine365\/#organization"},"image":{"@type":"ImageObject","url":"https:\/\/eldigitaldeasturias.com\/magazine365\/wp-content\/uploads\/2015\/12\/fotonoticia_20151130084810_800.jpg","width":800,"height":677},"datePublished":"2015-12-02T13:03:14+01:00","dateModified":"2015-12-02T13:03:14+01:00","inLanguage":"es-ES","mainEntityOfPage":{"@id":"https:\/\/eldigitaldeasturias.com\/magazine365\/castilla-y-leon-ve-cumplidas-sus-expectativas-con-el-incremento-de-contactos-durante-intur\/#webpage"},"isPartOf":{"@id":"https:\/\/eldigitaldeasturias.com\/magazine365\/castilla-y-leon-ve-cumplidas-sus-expectativas-con-el-incremento-de-contactos-durante-intur\/#webpage"},"articleSection":"Noticias y Actualidad"},{"@type":"BreadcrumbList","@id":"https:\/\/eldigitaldeasturias.com\/magazine365\/castilla-y-leon-ve-cumplidas-sus-expectativas-con-el-incremento-de-contactos-durante-intur\/#breadcrumblist","itemListElement":[{"@type":"ListItem","@id":"https:\/\/eldigitaldeasturias.com\/magazine365#listItem","position":1,"name":"Home","item":"https:\/\/eldigitaldeasturias.com\/magazine365","nextItem":{"@type":"ListItem","@id":"https:\/\/eldigitaldeasturias.com\/magazine365\/category\/noticias-actualidad\/#listItem","name":"Noticias y Actualidad"}},{"@type":"ListItem","@id":"https:\/\/eldigitaldeasturias.com\/magazine365\/category\/noticias-actualidad\/#listItem","position":2,"name":"Noticias y Actualidad","item":"https:\/\/eldigitaldeasturias.com\/magazine365\/category\/noticias-actualidad\/","nextItem":{"@type":"ListItem","@id":"https:\/\/eldigitaldeasturias.com\/magazine365\/castilla-y-leon-ve-cumplidas-sus-expectativas-con-el-incremento-de-contactos-durante-intur\/#listItem","name":"Castilla y Le\u00f3n ve cumplidas sus expectativas con el incremento de contactos durante Intur"},"previousItem":{"@type":"ListItem","@id":"https:\/\/eldigitaldeasturias.com\/magazine365#listItem","name":"Home"}},{"@type":"ListItem","@id":"https:\/\/eldigitaldeasturias.com\/magazine365\/castilla-y-leon-ve-cumplidas-sus-expectativas-con-el-incremento-de-contactos-durante-intur\/#listItem","position":3,"name":"Castilla y Le\u00f3n ve cumplidas sus expectativas con el incremento de contactos durante Intur","previousItem":{"@type":"ListItem","@id":"https:\/\/eldigitaldeasturias.com\/magazine365\/category\/noticias-actualidad\/#listItem","name":"Noticias y Actualidad"}}]},{"@type":"Organization","@id":"https:\/\/eldigitaldeasturias.com\/magazine365\/#organization","name":"El digital de Asturias","description":"Revista de ocio, turismo y estilo de vida","url":"https:\/\/eldigitaldeasturias.com\/magazine365\/","logo":{"@type":"ImageObject","url":"https:\/\/www.eldigitaldeasturias.com\/noticias\/wp-content\/uploads\/2020\/12\/EDA.jpg","@id":"https:\/\/eldigitaldeasturias.com\/magazine365\/castilla-y-leon-ve-cumplidas-sus-expectativas-con-el-incremento-de-contactos-durante-intur\/#organizationLogo"},"image":{"@id":"https:\/\/eldigitaldeasturias.com\/magazine365\/castilla-y-leon-ve-cumplidas-sus-expectativas-con-el-incremento-de-contactos-durante-intur\/#organizationLogo"}},{"@type":"Person","@id":"https:\/\/eldigitaldeasturias.com\/magazine365\/author\/admin\/#author","url":"https:\/\/eldigitaldeasturias.com\/magazine365\/author\/admin\/","name":"admin","image":{"@type":"ImageObject","@id":"https:\/\/eldigitaldeasturias.com\/magazine365\/castilla-y-leon-ve-cumplidas-sus-expectativas-con-el-incremento-de-contactos-durante-intur\/#authorImage","url":"https:\/\/eldigitaldeasturias.com\/magazine365\/wp-content\/litespeed\/avatar\/e571bcf59a0edd6fa6838245a470f2fe.jpg?ver=1777574230","width":96,"height":96,"caption":"admin"}},{"@type":"WebPage","@id":"https:\/\/eldigitaldeasturias.com\/magazine365\/castilla-y-leon-ve-cumplidas-sus-expectativas-con-el-incremento-de-contactos-durante-intur\/#webpage","url":"https:\/\/eldigitaldeasturias.com\/magazine365\/castilla-y-leon-ve-cumplidas-sus-expectativas-con-el-incremento-de-contactos-durante-intur\/","name":"Castilla y Le\u00f3n ve cumplidas sus expectativas con el incremento de contactos durante Intur | El Digital de Asturias","description":"La consejera de Cultura y Turismo de la Junta de Castilla y Le\u00f3n, Mar\u00eda Josefa Garc\u00eda Cirac, ha dado por cumplidas las expectativas del Gobierno regional en la Feria Internacional de Turismo de Interior de Valladolid (Intur) con el incremento de los contactos comerciales, el impulso a la competitividad del sector y una mayor proyecci\u00f3n","inLanguage":"es-ES","isPartOf":{"@id":"https:\/\/eldigitaldeasturias.com\/magazine365\/#website"},"breadcrumb":{"@id":"https:\/\/eldigitaldeasturias.com\/magazine365\/castilla-y-leon-ve-cumplidas-sus-expectativas-con-el-incremento-de-contactos-durante-intur\/#breadcrumblist"},"author":{"@id":"https:\/\/eldigitaldeasturias.com\/magazine365\/author\/admin\/#author"},"creator":{"@id":"https:\/\/eldigitaldeasturias.com\/magazine365\/author\/admin\/#author"},"image":{"@type":"ImageObject","url":"https:\/\/eldigitaldeasturias.com\/magazine365\/wp-content\/uploads\/2015\/12\/fotonoticia_20151130084810_800.jpg","@id":"https:\/\/eldigitaldeasturias.com\/magazine365\/castilla-y-leon-ve-cumplidas-sus-expectativas-con-el-incremento-de-contactos-durante-intur\/#mainImage","width":800,"height":677},"primaryImageOfPage":{"@id":"https:\/\/eldigitaldeasturias.com\/magazine365\/castilla-y-leon-ve-cumplidas-sus-expectativas-con-el-incremento-de-contactos-durante-intur\/#mainImage"},"datePublished":"2015-12-02T13:03:14+01:00","dateModified":"2015-12-02T13:03:14+01:00"},{"@type":"WebSite","@id":"https:\/\/eldigitaldeasturias.com\/magazine365\/#website","url":"https:\/\/eldigitaldeasturias.com\/magazine365\/","name":"El Digital de Asturias","description":"Revista de ocio, turismo y estilo de vida","inLanguage":"es-ES","publisher":{"@id":"https:\/\/eldigitaldeasturias.com\/magazine365\/#organization"}}]},"og:locale":"es_ES","og:site_name":"El Digital de Asturias \u2013 Revista de ocio, turismo y estilo de vida","og:type":"article","og:title":"Castilla y Le\u00f3n ve cumplidas sus expectativas con el incremento de contactos durante Intur | El Digital de Asturias","og:description":"La consejera de Cultura y Turismo de la Junta de Castilla y Le\u00f3n, Mar\u00eda Josefa Garc\u00eda Cirac, ha dado por cumplidas las expectativas del Gobierno regional en la Feria Internacional de Turismo de Interior de Valladolid (Intur) con el incremento de los contactos comerciales, el impulso a la competitividad del sector y una mayor proyecci\u00f3n","og:url":"https:\/\/eldigitaldeasturias.com\/magazine365\/castilla-y-leon-ve-cumplidas-sus-expectativas-con-el-incremento-de-contactos-durante-intur\/","og:image":"https:\/\/eldigitaldeasturias.com\/magazine365\/wp-content\/uploads\/2015\/12\/fotonoticia_20151130084810_800.jpg","og:image:secure_url":"https:\/\/eldigitaldeasturias.com\/magazine365\/wp-content\/uploads\/2015\/12\/fotonoticia_20151130084810_800.jpg","og:image:width":800,"og:image:height":677,"article:published_time":"2015-12-02T12:03:14+00:00","article:modified_time":"2015-12-02T12:03:14+00:00","twitter:card":"summary_large_image","twitter:title":"Castilla y Le\u00f3n ve cumplidas sus expectativas con el incremento de contactos durante Intur | El Digital de Asturias","twitter:description":"La consejera de Cultura y Turismo de la Junta de Castilla y Le\u00f3n, Mar\u00eda Josefa Garc\u00eda Cirac, ha dado por cumplidas las expectativas del Gobierno regional en la Feria Internacional de Turismo de Interior de Valladolid (Intur) con el incremento de los contactos comerciales, el impulso a la competitividad del sector y una mayor proyecci\u00f3n","twitter:image":"https:\/\/eldigitaldeasturias.com\/magazine365\/wp-content\/uploads\/2015\/12\/fotonoticia_20151130084810_800.jpg"},"aioseo_meta_data":{"post_id":"57212","title":null,"description":null,"keywords":null,"keyphrases":null,"primary_term":null,"canonical_url":null,"og_title":null,"og_description":null,"og_object_type":"default","og_image_type":"default","og_image_url":null,"og_image_width":null,"og_image_height":null,"og_image_custom_url":null,"og_image_custom_fields":null,"og_video":null,"og_custom_url":null,"og_article_section":null,"og_article_tags":null,"twitter_use_og":false,"twitter_card":"default","twitter_image_type":"default","twitter_image_url":null,"twitter_image_custom_url":null,"twitter_image_custom_fields":null,"twitter_title":null,"twitter_description":null,"schema":{"blockGraphs":[],"customGraphs":[],"default":{"data":{"Article":[],"Course":[],"Dataset":[],"FAQPage":[],"Movie":[],"Person":[],"Product":[],"ProductReview":[],"Car":[],"Recipe":[],"Service":[],"SoftwareApplication":[],"WebPage":[]},"graphName":"","isEnabled":true},"graphs":[],"defaultGraph":"","defaultPostTypeGraph":""},"schema_type":null,"schema_type_options":null,"pillar_content":false,"robots_default":true,"robots_noindex":false,"robots_noarchive":false,"robots_nosnippet":false,"robots_nofollow":false,"robots_noimageindex":false,"robots_noodp":false,"robots_notranslate":false,"robots_max_snippet":null,"robots_max_videopreview":null,"robots_max_imagepreview":"large","priority":null,"frequency":null,"location":null,"local_seo":null,"seo_analyzer_scan_date":"2025-09-25 00:24:59","breadcrumb_settings":null,"limit_modified_date":false,"open_ai":null,"ai":null,"created":"2021-03-08 22:46:41","updated":"2025-09-25 00:24:59"},"aioseo_breadcrumb":"<div class=\"aioseo-breadcrumbs\"><span class=\"aioseo-breadcrumb\">\n\t<a href=\"https:\/\/eldigitaldeasturias.com\/magazine365\" title=\"Home\">Home<\/a>\n<\/span><span class=\"aioseo-breadcrumb-separator\">\u2013<\/span><span class=\"aioseo-breadcrumb\">\n\t<a href=\"https:\/\/eldigitaldeasturias.com\/magazine365\/category\/noticias-actualidad\/\" title=\"Noticias y Actualidad\">Noticias y Actualidad<\/a>\n<\/span><span class=\"aioseo-breadcrumb-separator\">\u2013<\/span><span class=\"aioseo-breadcrumb\">\n\t<a href=\"https:\/\/eldigitaldeasturias.com\/magazine365\/castilla-y-leon-ve-cumplidas-sus-expectativas-con-el-incremento-de-contactos-durante-intur\/\" title=\"Castilla y Le\u00f3n ve cumplidas sus expectativas con el incremento de contactos durante Intur\">Castilla y Le\u00f3n ve cumplidas sus expectativas con el incremento de contactos durante Intur<\/a>\n<\/span><\/div>","aioseo_breadcrumb_json":[{"label":"Home","link":"https:\/\/eldigitaldeasturias.com\/magazine365"},{"label":"Noticias y Actualidad","link":"https:\/\/eldigitaldeasturias.com\/magazine365\/category\/noticias-actualidad\/"},{"label":"Castilla y Le\u00f3n ve cumplidas sus expectativas con el incremento de contactos durante Intur","link":"https:\/\/eldigitaldeasturias.com\/magazine365\/castilla-y-leon-ve-cumplidas-sus-expectativas-con-el-incremento-de-contactos-durante-intur\/"}],"_links":{"self":[{"href":"https:\/\/eldigitaldeasturias.com\/magazine365\/wp-json\/wp\/v2\/posts\/57212","targetHints":{"allow":["GET"]}}],"collection":[{"href":"https:\/\/eldigitaldeasturias.com\/magazine365\/wp-json\/wp\/v2\/posts"}],"about":[{"href":"https:\/\/eldigitaldeasturias.com\/magazine365\/wp-json\/wp\/v2\/types\/post"}],"author":[{"embeddable":true,"href":"https:\/\/eldigitaldeasturias.com\/magazine365\/wp-json\/wp\/v2\/users\/1"}],"replies":[{"embeddable":true,"href":"https:\/\/eldigitaldeasturias.com\/magazine365\/wp-json\/wp\/v2\/comments?post=57212"}],"version-history":[{"count":0,"href":"https:\/\/eldigitaldeasturias.com\/magazine365\/wp-json\/wp\/v2\/posts\/57212\/revisions"}],"wp:featuredmedia":[{"embeddable":true,"href":"https:\/\/eldigitaldeasturias.com\/magazine365\/wp-json\/wp\/v2\/media\/57213"}],"wp:attachment":[{"href":"https:\/\/eldigitaldeasturias.com\/magazine365\/wp-json\/wp\/v2\/media?parent=57212"}],"wp:term":[{"taxonomy":"category","embeddable":true,"href":"https:\/\/eldigitaldeasturias.com\/magazine365\/wp-json\/wp\/v2\/categories?post=57212"},{"taxonomy":"post_tag","embeddable":true,"href":"https:\/\/eldigitaldeasturias.com\/magazine365\/wp-json\/wp\/v2\/tags?post=57212"}],"curies":[{"name":"wp","href":"https:\/\/api.w.org\/{rel}","templated":true}]}}