{"id":572,"date":"2014-01-10T06:43:33","date_gmt":"2014-01-10T07:43:33","guid":{"rendered":"http:\/\/eldigitaldeasturias.com\/magazine365\/?p=572"},"modified":"2014-01-10T06:43:33","modified_gmt":"2014-01-10T07:43:33","slug":"el-nuevo-legado-de-mario-benedetti-las-anotaciones-manuscritas-de-sus-libros","status":"publish","type":"post","link":"https:\/\/eldigitaldeasturias.com\/magazine365\/el-nuevo-legado-de-mario-benedetti-las-anotaciones-manuscritas-de-sus-libros\/","title":{"rendered":"El nuevo legado de Mario Benedetti: las anotaciones manuscritas de sus libros"},"content":{"rendered":"<p><img fetchpriority=\"high\" decoding=\"async\" class=\"alignleft size-medium wp-image-573\" alt=\"5838408w\" src=\"https:\/\/eldigitaldeasturias.com\/magazine365\/wp-content\/uploads\/2014\/01\/5838408w-360x235.jpg\" width=\"360\" height=\"235\" \/>Alicante, 9 ene (EFE).- La biblioteca personal madrile\u00f1a de Mario Benedetti, de quien se cumple este a\u00f1o el quinto aniversario de su muerte, alberga un importante legado objeto de estudio: las anotaciones que escribi\u00f3 en los m\u00e1rgenes de sus libros, que revelan a un poeta comprometido con su tiempo y perfeccionista con su obra.<\/p>\n<p>Esos apuntes reflejan que muchas veces somet\u00eda a correcciones sus propios ejemplares despu\u00e9s de haber sido editados, como si fuera un corrector de pruebas de s\u00ed mismo, ha resaltado, en una entrevista a Efe, la directora del Centro de Estudios Iberoamericanos de Mario Benedetti (CeMaB), ubicado en la Universidad de Alicante, Eva Valero.<\/p>\n<p>El autor de \u00abLa tregua\u00bb, quien vivi\u00f3 parte de su exilio en la capital de Espa\u00f1a, don\u00f3 en 2006 a la Universidad de Alicante, con la que manten\u00eda una estrecha relaci\u00f3n, esta biblioteca personal madrile\u00f1a, integrada por m\u00e1s de 6.000 ejemplares que se pueden consultar en las nuevas instalaciones del CeMaB inauguradas en septiembre pasado.<\/p>\n<p>Sus fondos contienen al \u00abliterato comprometido con su obra, al escritor del compromiso social, al escritor amigo de los autores contempor\u00e1neos y al estudioso\u00bb, ha resumido Valero.<\/p>\n<p>El abundante material de esta biblioteca est\u00e1 dividido en tres secciones: literatura (que cuenta con ediciones con la dedicatoria a Benedetti de sus autores y libros comprados por el propio literato), revistas (sobre todo, de temas latinoamericanos) y un apartado denominado general (antropolog\u00eda, cine, sociolog\u00eda, econom\u00eda e, incluso, f\u00fatbol, entre otros \u00e1mbitos del conocimiento).<\/p>\n<p>Esta \u00faltima secci\u00f3n tambi\u00e9n es \u00abmuy interesante\u00bb, seg\u00fan Valero, porque consta de ejemplares con subrayados con rotulador de color amarillo y anotaciones del poeta, que \u00abdan la medida y la dimensi\u00f3n de su preocupaci\u00f3n social, hist\u00f3rica y pol\u00edtica\u00bb.<\/p>\n<p>\u00abLa derrota es una acci\u00f3n. El exilio es una acci\u00f3n. Sue\u00f1os de acci\u00f3n (&#8230;) la literatura es un producto social\u00bb, reflexiona Mario Benedetti en uno de sus apuntes.<\/p>\n<p>Curioso estudioso y preocupado por todo lo que suced\u00eda a su alrededor, ten\u00eda asimismo en su biblioteca de Madrid, del exilio, obras de escritores coet\u00e1neos, muchos de ellos amigos suyos: Juan Gelman, Roberto Fern\u00e1ndez Retamar, \u00c1ngel Gonz\u00e1lez, Jos\u00e9 Luis Sampedro, Maruja Torres, Juan Madrid, Luis Garc\u00eda Montero, Gabriel Garc\u00eda M\u00e1rquez, Mario Vargas Llosa o Julio Cort\u00e1zar, entre otros.<\/p>\n<p>De la lectura de esos y otros autores extra\u00eda frases e ideas que le hab\u00edan llamado la atenci\u00f3n y las escrib\u00eda como tesoros en folios que los dejaba entre las p\u00e1ginas de los ejemplares una vez le\u00eddos.<\/p>\n<p>Como dato curioso, se han hallado dentro de sus libros \u00abpeque\u00f1os papeles donde anotaba algunos poemas suyos que iba a leer en un recital, lo que delata qu\u00e9 era lo que le gustaba a \u00e9l de su propia obra\u00bb, as\u00ed como much\u00edsimos recortes de prensa, ha se\u00f1alado Valero.<\/p>\n<p>Adem\u00e1s de promover actividades literarias y culturales en relaci\u00f3n con Am\u00e9rica Latina, uno de los objetivos del CeMaB, seg\u00fan ha resaltado su directora, es la reconstrucci\u00f3n de la figura del escritor uruguayo, de su vida y de su obra a partir de su biblioteca personal, en colaboraci\u00f3n con la Fundaci\u00f3n Mario Benedetti de Montevideo.<\/p>\n<p>Por Guzm\u00e1n Robador.<\/p>\n","protected":false},"excerpt":{"rendered":"<p>Alicante, 9 ene (EFE).- La biblioteca personal madrile\u00f1a de Mario Benedetti, de quien se cumple este a\u00f1o el quinto aniversario de su muerte, alberga un importante legado objeto de estudio: las anotaciones que escribi\u00f3 en los m\u00e1rgenes de sus libros, que revelan a un poeta comprometido con su tiempo y perfeccionista con su obra. Esos<\/p>\n","protected":false},"author":1,"featured_media":573,"comment_status":"open","ping_status":"open","sticky":false,"template":"","format":"standard","meta":{"footnotes":""},"categories":[224],"tags":[],"class_list":{"0":"post-572","1":"post","2":"type-post","3":"status-publish","4":"format-standard","5":"has-post-thumbnail","7":"category-noticias-actualidad"},"aioseo_notices":[],"aioseo_head":"\n\t\t<!-- All in One SEO Pro 4.9.6.1 - aioseo.com -->\n\t<meta name=\"description\" content=\"Alicante, 9 ene (EFE).- La biblioteca personal madrile\u00f1a de Mario Benedetti, de quien se cumple este a\u00f1o el quinto aniversario de su muerte, alberga un importante legado objeto de estudio: las anotaciones que escribi\u00f3 en los m\u00e1rgenes de sus libros, que revelan a un poeta comprometido con su tiempo y perfeccionista con su obra. Esos\" \/>\n\t<meta name=\"robots\" content=\"max-image-preview:large\" \/>\n\t<meta name=\"author\" content=\"admin\"\/>\n\t<meta name=\"google-site-verification\" content=\"UA-38556648-1\" \/>\n\t<meta name=\"keywords\" content=\"noticias y actualidad\" \/>\n\t<link rel=\"canonical\" href=\"https:\/\/eldigitaldeasturias.com\/magazine365\/el-nuevo-legado-de-mario-benedetti-las-anotaciones-manuscritas-de-sus-libros\/\" \/>\n\t<meta name=\"generator\" content=\"All in One SEO Pro (AIOSEO) 4.9.6.1\" \/>\n\t\t<meta property=\"og:locale\" content=\"es_ES\" \/>\n\t\t<meta property=\"og:site_name\" content=\"El Digital de Asturias \u2013 Revista de ocio, turismo y estilo de vida\" \/>\n\t\t<meta property=\"og:type\" content=\"article\" \/>\n\t\t<meta property=\"og:title\" content=\"El nuevo legado de Mario Benedetti: las anotaciones manuscritas de sus libros | El Digital de Asturias\" \/>\n\t\t<meta property=\"og:description\" content=\"Alicante, 9 ene (EFE).- La biblioteca personal madrile\u00f1a de Mario Benedetti, de quien se cumple este a\u00f1o el quinto aniversario de su muerte, alberga un importante legado objeto de estudio: las anotaciones que escribi\u00f3 en los m\u00e1rgenes de sus libros, que revelan a un poeta comprometido con su tiempo y perfeccionista con su obra. Esos\" \/>\n\t\t<meta property=\"og:url\" content=\"https:\/\/eldigitaldeasturias.com\/magazine365\/el-nuevo-legado-de-mario-benedetti-las-anotaciones-manuscritas-de-sus-libros\/\" \/>\n\t\t<meta property=\"og:image\" content=\"https:\/\/eldigitaldeasturias.com\/magazine365\/wp-content\/uploads\/2014\/01\/5838408w.jpg\" \/>\n\t\t<meta property=\"og:image:secure_url\" content=\"https:\/\/eldigitaldeasturias.com\/magazine365\/wp-content\/uploads\/2014\/01\/5838408w.jpg\" \/>\n\t\t<meta property=\"og:image:width\" content=\"800\" \/>\n\t\t<meta property=\"og:image:height\" content=\"524\" \/>\n\t\t<meta property=\"article:published_time\" content=\"2014-01-10T07:43:33+00:00\" \/>\n\t\t<meta property=\"article:modified_time\" content=\"2014-01-10T07:43:33+00:00\" \/>\n\t\t<meta name=\"twitter:card\" content=\"summary_large_image\" \/>\n\t\t<meta name=\"twitter:title\" content=\"El nuevo legado de Mario Benedetti: las anotaciones manuscritas de sus libros | El Digital de Asturias\" \/>\n\t\t<meta name=\"twitter:description\" content=\"Alicante, 9 ene (EFE).- La biblioteca personal madrile\u00f1a de Mario Benedetti, de quien se cumple este a\u00f1o el quinto aniversario de su muerte, alberga un importante legado objeto de estudio: las anotaciones que escribi\u00f3 en los m\u00e1rgenes de sus libros, que revelan a un poeta comprometido con su tiempo y perfeccionista con su obra. Esos\" \/>\n\t\t<meta name=\"twitter:image\" content=\"https:\/\/eldigitaldeasturias.com\/magazine365\/wp-content\/uploads\/2014\/01\/5838408w.jpg\" \/>\n\t\t<script type=\"application\/ld+json\" class=\"aioseo-schema\">\n\t\t\t{\"@context\":\"https:\\\/\\\/schema.org\",\"@graph\":[{\"@type\":\"Article\",\"@id\":\"https:\\\/\\\/eldigitaldeasturias.com\\\/magazine365\\\/el-nuevo-legado-de-mario-benedetti-las-anotaciones-manuscritas-de-sus-libros\\\/#article\",\"name\":\"El nuevo legado de Mario Benedetti: las anotaciones manuscritas de sus libros | El Digital de Asturias\",\"headline\":\"El nuevo legado de Mario Benedetti: las anotaciones manuscritas de sus libros\",\"author\":{\"@id\":\"https:\\\/\\\/eldigitaldeasturias.com\\\/magazine365\\\/author\\\/admin\\\/#author\"},\"publisher\":{\"@id\":\"https:\\\/\\\/eldigitaldeasturias.com\\\/magazine365\\\/#organization\"},\"image\":{\"@type\":\"ImageObject\",\"url\":\"https:\\\/\\\/eldigitaldeasturias.com\\\/magazine365\\\/wp-content\\\/uploads\\\/2014\\\/01\\\/5838408w.jpg\",\"width\":800,\"height\":524},\"datePublished\":\"2014-01-10T06:43:33+01:00\",\"dateModified\":\"2014-01-10T06:43:33+01:00\",\"inLanguage\":\"es-ES\",\"mainEntityOfPage\":{\"@id\":\"https:\\\/\\\/eldigitaldeasturias.com\\\/magazine365\\\/el-nuevo-legado-de-mario-benedetti-las-anotaciones-manuscritas-de-sus-libros\\\/#webpage\"},\"isPartOf\":{\"@id\":\"https:\\\/\\\/eldigitaldeasturias.com\\\/magazine365\\\/el-nuevo-legado-de-mario-benedetti-las-anotaciones-manuscritas-de-sus-libros\\\/#webpage\"},\"articleSection\":\"Noticias y Actualidad\"},{\"@type\":\"BreadcrumbList\",\"@id\":\"https:\\\/\\\/eldigitaldeasturias.com\\\/magazine365\\\/el-nuevo-legado-de-mario-benedetti-las-anotaciones-manuscritas-de-sus-libros\\\/#breadcrumblist\",\"itemListElement\":[{\"@type\":\"ListItem\",\"@id\":\"https:\\\/\\\/eldigitaldeasturias.com\\\/magazine365#listItem\",\"position\":1,\"name\":\"Home\",\"item\":\"https:\\\/\\\/eldigitaldeasturias.com\\\/magazine365\",\"nextItem\":{\"@type\":\"ListItem\",\"@id\":\"https:\\\/\\\/eldigitaldeasturias.com\\\/magazine365\\\/category\\\/noticias-actualidad\\\/#listItem\",\"name\":\"Noticias y Actualidad\"}},{\"@type\":\"ListItem\",\"@id\":\"https:\\\/\\\/eldigitaldeasturias.com\\\/magazine365\\\/category\\\/noticias-actualidad\\\/#listItem\",\"position\":2,\"name\":\"Noticias y Actualidad\",\"item\":\"https:\\\/\\\/eldigitaldeasturias.com\\\/magazine365\\\/category\\\/noticias-actualidad\\\/\",\"nextItem\":{\"@type\":\"ListItem\",\"@id\":\"https:\\\/\\\/eldigitaldeasturias.com\\\/magazine365\\\/el-nuevo-legado-de-mario-benedetti-las-anotaciones-manuscritas-de-sus-libros\\\/#listItem\",\"name\":\"El nuevo legado de Mario Benedetti: las anotaciones manuscritas de sus libros\"},\"previousItem\":{\"@type\":\"ListItem\",\"@id\":\"https:\\\/\\\/eldigitaldeasturias.com\\\/magazine365#listItem\",\"name\":\"Home\"}},{\"@type\":\"ListItem\",\"@id\":\"https:\\\/\\\/eldigitaldeasturias.com\\\/magazine365\\\/el-nuevo-legado-de-mario-benedetti-las-anotaciones-manuscritas-de-sus-libros\\\/#listItem\",\"position\":3,\"name\":\"El nuevo legado de Mario Benedetti: las anotaciones manuscritas de sus libros\",\"previousItem\":{\"@type\":\"ListItem\",\"@id\":\"https:\\\/\\\/eldigitaldeasturias.com\\\/magazine365\\\/category\\\/noticias-actualidad\\\/#listItem\",\"name\":\"Noticias y Actualidad\"}}]},{\"@type\":\"Organization\",\"@id\":\"https:\\\/\\\/eldigitaldeasturias.com\\\/magazine365\\\/#organization\",\"name\":\"El digital de Asturias\",\"description\":\"Revista de ocio, turismo y estilo de vida\",\"url\":\"https:\\\/\\\/eldigitaldeasturias.com\\\/magazine365\\\/\",\"logo\":{\"@type\":\"ImageObject\",\"url\":\"https:\\\/\\\/www.eldigitaldeasturias.com\\\/noticias\\\/wp-content\\\/uploads\\\/2020\\\/12\\\/EDA.jpg\",\"@id\":\"https:\\\/\\\/eldigitaldeasturias.com\\\/magazine365\\\/el-nuevo-legado-de-mario-benedetti-las-anotaciones-manuscritas-de-sus-libros\\\/#organizationLogo\"},\"image\":{\"@id\":\"https:\\\/\\\/eldigitaldeasturias.com\\\/magazine365\\\/el-nuevo-legado-de-mario-benedetti-las-anotaciones-manuscritas-de-sus-libros\\\/#organizationLogo\"}},{\"@type\":\"Person\",\"@id\":\"https:\\\/\\\/eldigitaldeasturias.com\\\/magazine365\\\/author\\\/admin\\\/#author\",\"url\":\"https:\\\/\\\/eldigitaldeasturias.com\\\/magazine365\\\/author\\\/admin\\\/\",\"name\":\"admin\",\"image\":{\"@type\":\"ImageObject\",\"@id\":\"https:\\\/\\\/eldigitaldeasturias.com\\\/magazine365\\\/el-nuevo-legado-de-mario-benedetti-las-anotaciones-manuscritas-de-sus-libros\\\/#authorImage\",\"url\":\"https:\\\/\\\/eldigitaldeasturias.com\\\/magazine365\\\/wp-content\\\/litespeed\\\/avatar\\\/e571bcf59a0edd6fa6838245a470f2fe.jpg?ver=1776969259\",\"width\":96,\"height\":96,\"caption\":\"admin\"}},{\"@type\":\"WebPage\",\"@id\":\"https:\\\/\\\/eldigitaldeasturias.com\\\/magazine365\\\/el-nuevo-legado-de-mario-benedetti-las-anotaciones-manuscritas-de-sus-libros\\\/#webpage\",\"url\":\"https:\\\/\\\/eldigitaldeasturias.com\\\/magazine365\\\/el-nuevo-legado-de-mario-benedetti-las-anotaciones-manuscritas-de-sus-libros\\\/\",\"name\":\"El nuevo legado de Mario Benedetti: las anotaciones manuscritas de sus libros | El Digital de Asturias\",\"description\":\"Alicante, 9 ene (EFE).- La biblioteca personal madrile\\u00f1a de Mario Benedetti, de quien se cumple este a\\u00f1o el quinto aniversario de su muerte, alberga un importante legado objeto de estudio: las anotaciones que escribi\\u00f3 en los m\\u00e1rgenes de sus libros, que revelan a un poeta comprometido con su tiempo y perfeccionista con su obra. Esos\",\"inLanguage\":\"es-ES\",\"isPartOf\":{\"@id\":\"https:\\\/\\\/eldigitaldeasturias.com\\\/magazine365\\\/#website\"},\"breadcrumb\":{\"@id\":\"https:\\\/\\\/eldigitaldeasturias.com\\\/magazine365\\\/el-nuevo-legado-de-mario-benedetti-las-anotaciones-manuscritas-de-sus-libros\\\/#breadcrumblist\"},\"author\":{\"@id\":\"https:\\\/\\\/eldigitaldeasturias.com\\\/magazine365\\\/author\\\/admin\\\/#author\"},\"creator\":{\"@id\":\"https:\\\/\\\/eldigitaldeasturias.com\\\/magazine365\\\/author\\\/admin\\\/#author\"},\"image\":{\"@type\":\"ImageObject\",\"url\":\"https:\\\/\\\/eldigitaldeasturias.com\\\/magazine365\\\/wp-content\\\/uploads\\\/2014\\\/01\\\/5838408w.jpg\",\"@id\":\"https:\\\/\\\/eldigitaldeasturias.com\\\/magazine365\\\/el-nuevo-legado-de-mario-benedetti-las-anotaciones-manuscritas-de-sus-libros\\\/#mainImage\",\"width\":800,\"height\":524},\"primaryImageOfPage\":{\"@id\":\"https:\\\/\\\/eldigitaldeasturias.com\\\/magazine365\\\/el-nuevo-legado-de-mario-benedetti-las-anotaciones-manuscritas-de-sus-libros\\\/#mainImage\"},\"datePublished\":\"2014-01-10T06:43:33+01:00\",\"dateModified\":\"2014-01-10T06:43:33+01:00\"},{\"@type\":\"WebSite\",\"@id\":\"https:\\\/\\\/eldigitaldeasturias.com\\\/magazine365\\\/#website\",\"url\":\"https:\\\/\\\/eldigitaldeasturias.com\\\/magazine365\\\/\",\"name\":\"El Digital de Asturias\",\"description\":\"Revista de ocio, turismo y estilo de vida\",\"inLanguage\":\"es-ES\",\"publisher\":{\"@id\":\"https:\\\/\\\/eldigitaldeasturias.com\\\/magazine365\\\/#organization\"}}]}\n\t\t<\/script>\n\t\t<!-- All in One SEO Pro -->\r\n\t\t<title>El nuevo legado de Mario Benedetti: las anotaciones manuscritas de sus libros | El Digital de Asturias<\/title>\n\n","aioseo_head_json":{"title":"El nuevo legado de Mario Benedetti: las anotaciones manuscritas de sus libros | El Digital de Asturias","description":"Alicante, 9 ene (EFE).- La biblioteca personal madrile\u00f1a de Mario Benedetti, de quien se cumple este a\u00f1o el quinto aniversario de su muerte, alberga un importante legado objeto de estudio: las anotaciones que escribi\u00f3 en los m\u00e1rgenes de sus libros, que revelan a un poeta comprometido con su tiempo y perfeccionista con su obra. Esos","canonical_url":"https:\/\/eldigitaldeasturias.com\/magazine365\/el-nuevo-legado-de-mario-benedetti-las-anotaciones-manuscritas-de-sus-libros\/","robots":"max-image-preview:large","keywords":"noticias y actualidad","webmasterTools":{"google-site-verification":"UA-38556648-1","miscellaneous":""},"schema":{"@context":"https:\/\/schema.org","@graph":[{"@type":"Article","@id":"https:\/\/eldigitaldeasturias.com\/magazine365\/el-nuevo-legado-de-mario-benedetti-las-anotaciones-manuscritas-de-sus-libros\/#article","name":"El nuevo legado de Mario Benedetti: las anotaciones manuscritas de sus libros | El Digital de Asturias","headline":"El nuevo legado de Mario Benedetti: las anotaciones manuscritas de sus libros","author":{"@id":"https:\/\/eldigitaldeasturias.com\/magazine365\/author\/admin\/#author"},"publisher":{"@id":"https:\/\/eldigitaldeasturias.com\/magazine365\/#organization"},"image":{"@type":"ImageObject","url":"https:\/\/eldigitaldeasturias.com\/magazine365\/wp-content\/uploads\/2014\/01\/5838408w.jpg","width":800,"height":524},"datePublished":"2014-01-10T06:43:33+01:00","dateModified":"2014-01-10T06:43:33+01:00","inLanguage":"es-ES","mainEntityOfPage":{"@id":"https:\/\/eldigitaldeasturias.com\/magazine365\/el-nuevo-legado-de-mario-benedetti-las-anotaciones-manuscritas-de-sus-libros\/#webpage"},"isPartOf":{"@id":"https:\/\/eldigitaldeasturias.com\/magazine365\/el-nuevo-legado-de-mario-benedetti-las-anotaciones-manuscritas-de-sus-libros\/#webpage"},"articleSection":"Noticias y Actualidad"},{"@type":"BreadcrumbList","@id":"https:\/\/eldigitaldeasturias.com\/magazine365\/el-nuevo-legado-de-mario-benedetti-las-anotaciones-manuscritas-de-sus-libros\/#breadcrumblist","itemListElement":[{"@type":"ListItem","@id":"https:\/\/eldigitaldeasturias.com\/magazine365#listItem","position":1,"name":"Home","item":"https:\/\/eldigitaldeasturias.com\/magazine365","nextItem":{"@type":"ListItem","@id":"https:\/\/eldigitaldeasturias.com\/magazine365\/category\/noticias-actualidad\/#listItem","name":"Noticias y Actualidad"}},{"@type":"ListItem","@id":"https:\/\/eldigitaldeasturias.com\/magazine365\/category\/noticias-actualidad\/#listItem","position":2,"name":"Noticias y Actualidad","item":"https:\/\/eldigitaldeasturias.com\/magazine365\/category\/noticias-actualidad\/","nextItem":{"@type":"ListItem","@id":"https:\/\/eldigitaldeasturias.com\/magazine365\/el-nuevo-legado-de-mario-benedetti-las-anotaciones-manuscritas-de-sus-libros\/#listItem","name":"El nuevo legado de Mario Benedetti: las anotaciones manuscritas de sus libros"},"previousItem":{"@type":"ListItem","@id":"https:\/\/eldigitaldeasturias.com\/magazine365#listItem","name":"Home"}},{"@type":"ListItem","@id":"https:\/\/eldigitaldeasturias.com\/magazine365\/el-nuevo-legado-de-mario-benedetti-las-anotaciones-manuscritas-de-sus-libros\/#listItem","position":3,"name":"El nuevo legado de Mario Benedetti: las anotaciones manuscritas de sus libros","previousItem":{"@type":"ListItem","@id":"https:\/\/eldigitaldeasturias.com\/magazine365\/category\/noticias-actualidad\/#listItem","name":"Noticias y Actualidad"}}]},{"@type":"Organization","@id":"https:\/\/eldigitaldeasturias.com\/magazine365\/#organization","name":"El digital de Asturias","description":"Revista de ocio, turismo y estilo de vida","url":"https:\/\/eldigitaldeasturias.com\/magazine365\/","logo":{"@type":"ImageObject","url":"https:\/\/www.eldigitaldeasturias.com\/noticias\/wp-content\/uploads\/2020\/12\/EDA.jpg","@id":"https:\/\/eldigitaldeasturias.com\/magazine365\/el-nuevo-legado-de-mario-benedetti-las-anotaciones-manuscritas-de-sus-libros\/#organizationLogo"},"image":{"@id":"https:\/\/eldigitaldeasturias.com\/magazine365\/el-nuevo-legado-de-mario-benedetti-las-anotaciones-manuscritas-de-sus-libros\/#organizationLogo"}},{"@type":"Person","@id":"https:\/\/eldigitaldeasturias.com\/magazine365\/author\/admin\/#author","url":"https:\/\/eldigitaldeasturias.com\/magazine365\/author\/admin\/","name":"admin","image":{"@type":"ImageObject","@id":"https:\/\/eldigitaldeasturias.com\/magazine365\/el-nuevo-legado-de-mario-benedetti-las-anotaciones-manuscritas-de-sus-libros\/#authorImage","url":"https:\/\/eldigitaldeasturias.com\/magazine365\/wp-content\/litespeed\/avatar\/e571bcf59a0edd6fa6838245a470f2fe.jpg?ver=1776969259","width":96,"height":96,"caption":"admin"}},{"@type":"WebPage","@id":"https:\/\/eldigitaldeasturias.com\/magazine365\/el-nuevo-legado-de-mario-benedetti-las-anotaciones-manuscritas-de-sus-libros\/#webpage","url":"https:\/\/eldigitaldeasturias.com\/magazine365\/el-nuevo-legado-de-mario-benedetti-las-anotaciones-manuscritas-de-sus-libros\/","name":"El nuevo legado de Mario Benedetti: las anotaciones manuscritas de sus libros | El Digital de Asturias","description":"Alicante, 9 ene (EFE).- La biblioteca personal madrile\u00f1a de Mario Benedetti, de quien se cumple este a\u00f1o el quinto aniversario de su muerte, alberga un importante legado objeto de estudio: las anotaciones que escribi\u00f3 en los m\u00e1rgenes de sus libros, que revelan a un poeta comprometido con su tiempo y perfeccionista con su obra. Esos","inLanguage":"es-ES","isPartOf":{"@id":"https:\/\/eldigitaldeasturias.com\/magazine365\/#website"},"breadcrumb":{"@id":"https:\/\/eldigitaldeasturias.com\/magazine365\/el-nuevo-legado-de-mario-benedetti-las-anotaciones-manuscritas-de-sus-libros\/#breadcrumblist"},"author":{"@id":"https:\/\/eldigitaldeasturias.com\/magazine365\/author\/admin\/#author"},"creator":{"@id":"https:\/\/eldigitaldeasturias.com\/magazine365\/author\/admin\/#author"},"image":{"@type":"ImageObject","url":"https:\/\/eldigitaldeasturias.com\/magazine365\/wp-content\/uploads\/2014\/01\/5838408w.jpg","@id":"https:\/\/eldigitaldeasturias.com\/magazine365\/el-nuevo-legado-de-mario-benedetti-las-anotaciones-manuscritas-de-sus-libros\/#mainImage","width":800,"height":524},"primaryImageOfPage":{"@id":"https:\/\/eldigitaldeasturias.com\/magazine365\/el-nuevo-legado-de-mario-benedetti-las-anotaciones-manuscritas-de-sus-libros\/#mainImage"},"datePublished":"2014-01-10T06:43:33+01:00","dateModified":"2014-01-10T06:43:33+01:00"},{"@type":"WebSite","@id":"https:\/\/eldigitaldeasturias.com\/magazine365\/#website","url":"https:\/\/eldigitaldeasturias.com\/magazine365\/","name":"El Digital de Asturias","description":"Revista de ocio, turismo y estilo de vida","inLanguage":"es-ES","publisher":{"@id":"https:\/\/eldigitaldeasturias.com\/magazine365\/#organization"}}]},"og:locale":"es_ES","og:site_name":"El Digital de Asturias \u2013 Revista de ocio, turismo y estilo de vida","og:type":"article","og:title":"El nuevo legado de Mario Benedetti: las anotaciones manuscritas de sus libros | El Digital de Asturias","og:description":"Alicante, 9 ene (EFE).- La biblioteca personal madrile\u00f1a de Mario Benedetti, de quien se cumple este a\u00f1o el quinto aniversario de su muerte, alberga un importante legado objeto de estudio: las anotaciones que escribi\u00f3 en los m\u00e1rgenes de sus libros, que revelan a un poeta comprometido con su tiempo y perfeccionista con su obra. Esos","og:url":"https:\/\/eldigitaldeasturias.com\/magazine365\/el-nuevo-legado-de-mario-benedetti-las-anotaciones-manuscritas-de-sus-libros\/","og:image":"https:\/\/eldigitaldeasturias.com\/magazine365\/wp-content\/uploads\/2014\/01\/5838408w.jpg","og:image:secure_url":"https:\/\/eldigitaldeasturias.com\/magazine365\/wp-content\/uploads\/2014\/01\/5838408w.jpg","og:image:width":800,"og:image:height":524,"article:published_time":"2014-01-10T07:43:33+00:00","article:modified_time":"2014-01-10T07:43:33+00:00","twitter:card":"summary_large_image","twitter:title":"El nuevo legado de Mario Benedetti: las anotaciones manuscritas de sus libros | El Digital de Asturias","twitter:description":"Alicante, 9 ene (EFE).- La biblioteca personal madrile\u00f1a de Mario Benedetti, de quien se cumple este a\u00f1o el quinto aniversario de su muerte, alberga un importante legado objeto de estudio: las anotaciones que escribi\u00f3 en los m\u00e1rgenes de sus libros, que revelan a un poeta comprometido con su tiempo y perfeccionista con su obra. Esos","twitter:image":"https:\/\/eldigitaldeasturias.com\/magazine365\/wp-content\/uploads\/2014\/01\/5838408w.jpg"},"aioseo_meta_data":{"post_id":"572","title":null,"description":null,"keywords":null,"keyphrases":null,"primary_term":null,"canonical_url":null,"og_title":null,"og_description":null,"og_object_type":"default","og_image_type":"default","og_image_url":null,"og_image_width":null,"og_image_height":null,"og_image_custom_url":null,"og_image_custom_fields":null,"og_video":null,"og_custom_url":null,"og_article_section":null,"og_article_tags":null,"twitter_use_og":false,"twitter_card":"default","twitter_image_type":"default","twitter_image_url":null,"twitter_image_custom_url":null,"twitter_image_custom_fields":null,"twitter_title":null,"twitter_description":null,"schema":{"blockGraphs":[],"customGraphs":[],"default":{"data":{"Article":[],"Course":[],"Dataset":[],"FAQPage":[],"Movie":[],"Person":[],"Product":[],"ProductReview":[],"Car":[],"Recipe":[],"Service":[],"SoftwareApplication":[],"WebPage":[]},"graphName":"","isEnabled":true},"graphs":[]},"schema_type":null,"schema_type_options":null,"pillar_content":false,"robots_default":true,"robots_noindex":false,"robots_noarchive":false,"robots_nosnippet":false,"robots_nofollow":false,"robots_noimageindex":false,"robots_noodp":false,"robots_notranslate":false,"robots_max_snippet":null,"robots_max_videopreview":null,"robots_max_imagepreview":"large","priority":null,"frequency":null,"location":null,"local_seo":null,"seo_analyzer_scan_date":"2025-09-16 07:47:58","breadcrumb_settings":null,"limit_modified_date":false,"open_ai":null,"ai":null,"created":"2020-12-21 13:33:30","updated":"2025-09-16 07:47:58"},"aioseo_breadcrumb":"<div class=\"aioseo-breadcrumbs\"><span class=\"aioseo-breadcrumb\">\n\t<a href=\"https:\/\/eldigitaldeasturias.com\/magazine365\" title=\"Home\">Home<\/a>\n<\/span><span class=\"aioseo-breadcrumb-separator\">\u2013<\/span><span class=\"aioseo-breadcrumb\">\n\t<a href=\"https:\/\/eldigitaldeasturias.com\/magazine365\/category\/noticias-actualidad\/\" title=\"Noticias y Actualidad\">Noticias y Actualidad<\/a>\n<\/span><span class=\"aioseo-breadcrumb-separator\">\u2013<\/span><span class=\"aioseo-breadcrumb\">\n\t<a href=\"https:\/\/eldigitaldeasturias.com\/magazine365\/el-nuevo-legado-de-mario-benedetti-las-anotaciones-manuscritas-de-sus-libros\/\" title=\"El nuevo legado de Mario Benedetti: las anotaciones manuscritas de sus libros\">El nuevo legado de Mario Benedetti: las anotaciones manuscritas de sus libros<\/a>\n<\/span><\/div>","aioseo_breadcrumb_json":[{"label":"Home","link":"https:\/\/eldigitaldeasturias.com\/magazine365"},{"label":"Noticias y Actualidad","link":"https:\/\/eldigitaldeasturias.com\/magazine365\/category\/noticias-actualidad\/"},{"label":"El nuevo legado de Mario Benedetti: las anotaciones manuscritas de sus libros","link":"https:\/\/eldigitaldeasturias.com\/magazine365\/el-nuevo-legado-de-mario-benedetti-las-anotaciones-manuscritas-de-sus-libros\/"}],"_links":{"self":[{"href":"https:\/\/eldigitaldeasturias.com\/magazine365\/wp-json\/wp\/v2\/posts\/572","targetHints":{"allow":["GET"]}}],"collection":[{"href":"https:\/\/eldigitaldeasturias.com\/magazine365\/wp-json\/wp\/v2\/posts"}],"about":[{"href":"https:\/\/eldigitaldeasturias.com\/magazine365\/wp-json\/wp\/v2\/types\/post"}],"author":[{"embeddable":true,"href":"https:\/\/eldigitaldeasturias.com\/magazine365\/wp-json\/wp\/v2\/users\/1"}],"replies":[{"embeddable":true,"href":"https:\/\/eldigitaldeasturias.com\/magazine365\/wp-json\/wp\/v2\/comments?post=572"}],"version-history":[{"count":0,"href":"https:\/\/eldigitaldeasturias.com\/magazine365\/wp-json\/wp\/v2\/posts\/572\/revisions"}],"wp:featuredmedia":[{"embeddable":true,"href":"https:\/\/eldigitaldeasturias.com\/magazine365\/wp-json\/wp\/v2\/media\/573"}],"wp:attachment":[{"href":"https:\/\/eldigitaldeasturias.com\/magazine365\/wp-json\/wp\/v2\/media?parent=572"}],"wp:term":[{"taxonomy":"category","embeddable":true,"href":"https:\/\/eldigitaldeasturias.com\/magazine365\/wp-json\/wp\/v2\/categories?post=572"},{"taxonomy":"post_tag","embeddable":true,"href":"https:\/\/eldigitaldeasturias.com\/magazine365\/wp-json\/wp\/v2\/tags?post=572"}],"curies":[{"name":"wp","href":"https:\/\/api.w.org\/{rel}","templated":true}]}}