{"id":57173,"date":"2015-12-02T12:34:46","date_gmt":"2015-12-02T11:34:46","guid":{"rendered":"http:\/\/eldigitaldeasturias.com\/magazine365\/?p=57173"},"modified":"2015-12-02T12:34:46","modified_gmt":"2015-12-02T11:34:46","slug":"la-localidad-vallisoletana-de-nava-del-rey-suma-270-anos-de-tradicion-al-calor-de-las-hogueras","status":"publish","type":"post","link":"https:\/\/eldigitaldeasturias.com\/magazine365\/la-localidad-vallisoletana-de-nava-del-rey-suma-270-anos-de-tradicion-al-calor-de-las-hogueras\/","title":{"rendered":"La localidad vallisoletana de Nava del Rey suma 270 a\u00f1os de tradici\u00f3n al calor de las hogueras"},"content":{"rendered":"<p><img fetchpriority=\"high\" decoding=\"async\" class=\"alignleft size-medium wp-image-57174\" src=\"https:\/\/eldigitaldeasturias.com\/magazine365\/wp-content\/uploads\/2015\/12\/fotonoticia_20151128105937-844209_800-325x300.jpg\" alt=\"fotonoticia_20151128105937-844209_800\" width=\"325\" height=\"300\" srcset=\"https:\/\/eldigitaldeasturias.com\/magazine365\/wp-content\/uploads\/2015\/12\/fotonoticia_20151128105937-844209_800-325x300.jpg 325w, https:\/\/eldigitaldeasturias.com\/magazine365\/wp-content\/uploads\/2015\/12\/fotonoticia_20151128105937-844209_800-650x600.jpg 650w, https:\/\/eldigitaldeasturias.com\/magazine365\/wp-content\/uploads\/2015\/12\/fotonoticia_20151128105937-844209_800-768x708.jpg 768w, https:\/\/eldigitaldeasturias.com\/magazine365\/wp-content\/uploads\/2015\/12\/fotonoticia_20151128105937-844209_800-150x138.jpg 150w, https:\/\/eldigitaldeasturias.com\/magazine365\/wp-content\/uploads\/2015\/12\/fotonoticia_20151128105937-844209_800-450x415.jpg 450w, https:\/\/eldigitaldeasturias.com\/magazine365\/wp-content\/uploads\/2015\/12\/fotonoticia_20151128105937-844209_800-696x642.jpg 696w, https:\/\/eldigitaldeasturias.com\/magazine365\/wp-content\/uploads\/2015\/12\/fotonoticia_20151128105937-844209_800-455x420.jpg 455w, https:\/\/eldigitaldeasturias.com\/magazine365\/wp-content\/uploads\/2015\/12\/fotonoticia_20151128105937-844209_800.jpg 800w\" sizes=\"(max-width: 325px) 100vw, 325px\" \/>La localidad vallisoletana de Nava del Rey sumar\u00e1 estos d\u00edas 270 a\u00f1os, casi tres siglos, cumpliendo ininterrumpidamente con una tradici\u00f3n que en 2008 fue reconocida como Fiesta de Inter\u00e9s Tur\u00edstico Regional y que actualmente aspira a merecer tambi\u00e9n el t\u00edtulo de Inter\u00e9s Tur\u00edstico Nacional.<\/p>\n<p>Se trata del ritual de la Bajada y la Subida de la imagen de su patrona desde la ermita en la que permanece durante todo el a\u00f1o, situada en un altozano a aproximadamente un kil\u00f3metro de la ciudad, hasta la iglesia parroquial, a trav\u00e9s de un recorrido jalonado de hogueras.<\/p>\n<p>La procesi\u00f3n de La Bajada tiene lugar el 30 de noviembre de cada a\u00f1o y La Subida, todos los 8 de diciembre, y ambas citas congregan siempre a varios miles de personas entre los ciudadanos de la localidad y visitantes que acuden a conocer y compartir la Fiesta.<\/p>\n<p>El elemento distintivo que convierte en \u00fanica a esta Fiesta es el ambiente en el que tiene lugar, fruto del esfuerzo de la localidad por que el ritual se desarrolle de igual forma y manteniendo todos y cada uno de los detalles con que se llev\u00f3 a cabo por vez primera a finales del siglo XVIII.<\/p>\n<p>As\u00ed, lo m\u00e1s llamativo y original de la celebraci\u00f3n es el hecho de que conserve la tradici\u00f3n de colocar a ambos lados del recorrido de la comitiva una hilera de hogueras prendidas, formadas con la madera recogida en los pinares de esta zona de Castilla.<\/p>\n<p>ORIGEN<\/p>\n<p>La Fiesta y su tradici\u00f3n tienen origen en 1745. En ese a\u00f1o, el Ayuntamiento de la Ciudad acord\u00f3 nombrar patrona a la Inmaculada Concepci\u00f3n y celebrar todos los a\u00f1os y \u00aba perpetuidad\u00bb un novenario en su honor del 30 de noviembre al 8 de diciembre, y dict\u00f3 que, para ello, su imagen se &#8216;bajar\u00eda&#8217; desde la ermita en la que se venera hasta la parroquia.<\/p>\n<p>No obstante, ese primer a\u00f1o se dio la circunstancia de que en el momento en que Nava del Rey se dispon\u00eda a trasladar a su patrona hasta la iglesia parroquial, una gran tormenta alcanz\u00f3 la Ciudad y oblig\u00f3 a los vecinos a colocar hogueras por las calles para iluminar el camino de la comitiva. Muchos vecinos optaron adem\u00e1s por se\u00f1alar el recorrido con los denominados &#8216;pegotes&#8217; (antorchas realizadas a partir de esparto y pez).<\/p>\n<p>La procesi\u00f3n result\u00f3 tan llamativa y vistosa que, desde entonces, los navarreses mantienen la tradici\u00f3n de colocar hogueras a lo largo del recorrido y de portar &#8216;pegotes&#8217; al igual que hicieron en aquella originaria noche tormentosa de 1745. De hecho, ello ha derivado en que la Fiesta se conozca tambi\u00e9n con el apelativo de &#8216;Virgen de los Pegotes&#8217;.<\/p>\n<p>Adem\u00e1s de las hogueras y los &#8216;pegotes&#8217;, otro de los elementos caracter\u00edsticos de la celebraci\u00f3n es el coche en el que Nava del Rey traslada la imagen de su patrona.<\/p>\n<p>Se trata de un veh\u00edculo que data de 1893, a\u00f1o en el que fue construido expresamente para este ritual, gracias a la aportaci\u00f3n que entonces realiz\u00f3 una familia de la localidad, y que a\u00fan se conserva y se utiliza. Hasta esa fecha, los navarreses portaban a la imagen en andas o en carruajes que ced\u00edan los vecinos.<\/p>\n<p>La localidad vallisoletana mantiene as\u00ed el rito de trasladar a su patrona en el centenario coche, que es tirado por cuatro mulas que varios vecinos se encargan de guiar por el recorrido de forma voluntaria y desinteresada y que, a su vez, siguen cumpliendo con el ritual de ataviarse con el mismo tipo de ropa de abrigo y de cubrirse la cabeza con un pa\u00f1uelo que les protege de las chispas que saltan de las hogueras.<\/p>\n<p>El Ayuntamiento cumple asimismo con la costumbre de obsequiar a los muleros con un puro que fuman durante la procesi\u00f3n y los vecinos de la calle por donde discurre la comitiva con la de salirles al paso para ofrecerles un vaso del t\u00edpico vino rancio de la Ciudad, con el que pretenden ayudarles a combatir las bajas temperaturas que los term\u00f3metros marcan en esas fechas del a\u00f1o por la zona.<\/p>\n<p>El tercer elemento que se suma al fuego y al hist\u00f3rico carruaje para imprimir el car\u00e1cter \u00fanico de esta Fiesta son los v\u00edtores y piropos que los vecinos lanzan a voz en grito a su patrona al paso de la comitiva. La Ciudad atesora un amplio repertorio de estos v\u00edtores que ha pasado y sigue pasando de generaci\u00f3n en generaci\u00f3n.<\/p>\n<p>AMBIENTE \u00daNICO<\/p>\n<p>La suma de todos estos elementos conforman un ambiente \u00fanico, que a\u00fana la Fiesta y el recogimiento. Los ciudadanos y visitantes se ven envueltos por el calor, el humo y el olor de las hogueras de pino, por el sonido del crepitar del fuego, del repicar las campanas y de los v\u00edtores de los vecinos, por la imagen de una comitiva que conserva todos los detalles de siglos atr\u00e1s, y por el sabor de las casta\u00f1as asadas y el vino rancio.<\/p>\n<p>Todo ello confluye a un tiempo para generar un marco extraordinario de calor, luz, sonidos y sentimiento, que adem\u00e1s contrasta con la oscuridad y el fr\u00edo de las noches de invierno de la meseta castellana en las que se celebra el ritual.<\/p>\n","protected":false},"excerpt":{"rendered":"<p>La localidad vallisoletana de Nava del Rey sumar\u00e1 estos d\u00edas 270 a\u00f1os, casi tres siglos, cumpliendo ininterrumpidamente con una tradici\u00f3n que en 2008 fue reconocida como Fiesta de Inter\u00e9s Tur\u00edstico Regional y que actualmente aspira a merecer tambi\u00e9n el t\u00edtulo de Inter\u00e9s Tur\u00edstico Nacional. Se trata del ritual de la Bajada y la Subida de<\/p>\n","protected":false},"author":1,"featured_media":57174,"comment_status":"open","ping_status":"closed","sticky":false,"template":"","format":"standard","meta":{"footnotes":""},"categories":[224],"tags":[],"class_list":{"0":"post-57173","1":"post","2":"type-post","3":"status-publish","4":"format-standard","5":"has-post-thumbnail","7":"category-noticias-actualidad"},"aioseo_notices":[],"aioseo_head":"\n\t\t<!-- All in One SEO Pro 4.9.6.1 - aioseo.com -->\n\t<meta name=\"description\" content=\"La localidad vallisoletana de Nava del Rey sumar\u00e1 estos d\u00edas 270 a\u00f1os, casi tres siglos, cumpliendo ininterrumpidamente con una tradici\u00f3n que en 2008 fue reconocida como Fiesta de Inter\u00e9s Tur\u00edstico Regional y que actualmente aspira a merecer tambi\u00e9n el t\u00edtulo de Inter\u00e9s Tur\u00edstico Nacional. Se trata del ritual de la Bajada y la Subida de\" \/>\n\t<meta name=\"robots\" content=\"max-image-preview:large\" \/>\n\t<meta name=\"author\" content=\"admin\"\/>\n\t<meta name=\"google-site-verification\" content=\"UA-38556648-1\" \/>\n\t<meta name=\"keywords\" content=\"noticias y actualidad\" \/>\n\t<link rel=\"canonical\" href=\"https:\/\/eldigitaldeasturias.com\/magazine365\/la-localidad-vallisoletana-de-nava-del-rey-suma-270-anos-de-tradicion-al-calor-de-las-hogueras\/\" \/>\n\t<meta name=\"generator\" content=\"All in One SEO Pro (AIOSEO) 4.9.6.1\" \/>\n\t\t<meta property=\"og:locale\" content=\"es_ES\" \/>\n\t\t<meta property=\"og:site_name\" content=\"El Digital de Asturias \u2013 Revista de ocio, turismo y estilo de vida\" \/>\n\t\t<meta property=\"og:type\" content=\"article\" \/>\n\t\t<meta property=\"og:title\" content=\"La localidad vallisoletana de Nava del Rey suma 270 a\u00f1os de tradici\u00f3n al calor de las hogueras | El Digital de Asturias\" \/>\n\t\t<meta property=\"og:description\" content=\"La localidad vallisoletana de Nava del Rey sumar\u00e1 estos d\u00edas 270 a\u00f1os, casi tres siglos, cumpliendo ininterrumpidamente con una tradici\u00f3n que en 2008 fue reconocida como Fiesta de Inter\u00e9s Tur\u00edstico Regional y que actualmente aspira a merecer tambi\u00e9n el t\u00edtulo de Inter\u00e9s Tur\u00edstico Nacional. Se trata del ritual de la Bajada y la Subida de\" \/>\n\t\t<meta property=\"og:url\" content=\"https:\/\/eldigitaldeasturias.com\/magazine365\/la-localidad-vallisoletana-de-nava-del-rey-suma-270-anos-de-tradicion-al-calor-de-las-hogueras\/\" \/>\n\t\t<meta property=\"og:image\" content=\"https:\/\/eldigitaldeasturias.com\/magazine365\/wp-content\/uploads\/2015\/12\/fotonoticia_20151128105937-844209_800.jpg\" \/>\n\t\t<meta property=\"og:image:secure_url\" content=\"https:\/\/eldigitaldeasturias.com\/magazine365\/wp-content\/uploads\/2015\/12\/fotonoticia_20151128105937-844209_800.jpg\" \/>\n\t\t<meta property=\"og:image:width\" content=\"800\" \/>\n\t\t<meta property=\"og:image:height\" content=\"738\" \/>\n\t\t<meta property=\"article:published_time\" content=\"2015-12-02T11:34:46+00:00\" \/>\n\t\t<meta property=\"article:modified_time\" content=\"2015-12-02T11:34:46+00:00\" \/>\n\t\t<meta name=\"twitter:card\" content=\"summary_large_image\" \/>\n\t\t<meta name=\"twitter:title\" content=\"La localidad vallisoletana de Nava del Rey suma 270 a\u00f1os de tradici\u00f3n al calor de las hogueras | El Digital de Asturias\" \/>\n\t\t<meta name=\"twitter:description\" content=\"La localidad vallisoletana de Nava del Rey sumar\u00e1 estos d\u00edas 270 a\u00f1os, casi tres siglos, cumpliendo ininterrumpidamente con una tradici\u00f3n que en 2008 fue reconocida como Fiesta de Inter\u00e9s Tur\u00edstico Regional y que actualmente aspira a merecer tambi\u00e9n el t\u00edtulo de Inter\u00e9s Tur\u00edstico Nacional. Se trata del ritual de la Bajada y la Subida de\" \/>\n\t\t<meta name=\"twitter:image\" content=\"https:\/\/eldigitaldeasturias.com\/magazine365\/wp-content\/uploads\/2015\/12\/fotonoticia_20151128105937-844209_800.jpg\" \/>\n\t\t<script type=\"application\/ld+json\" class=\"aioseo-schema\">\n\t\t\t{\"@context\":\"https:\\\/\\\/schema.org\",\"@graph\":[{\"@type\":\"Article\",\"@id\":\"https:\\\/\\\/eldigitaldeasturias.com\\\/magazine365\\\/la-localidad-vallisoletana-de-nava-del-rey-suma-270-anos-de-tradicion-al-calor-de-las-hogueras\\\/#article\",\"name\":\"La localidad vallisoletana de Nava del Rey suma 270 a\\u00f1os de tradici\\u00f3n al calor de las hogueras | El Digital de Asturias\",\"headline\":\"La localidad vallisoletana de Nava del Rey suma 270 a\\u00f1os de tradici\\u00f3n al calor de las hogueras\",\"author\":{\"@id\":\"https:\\\/\\\/eldigitaldeasturias.com\\\/magazine365\\\/author\\\/admin\\\/#author\"},\"publisher\":{\"@id\":\"https:\\\/\\\/eldigitaldeasturias.com\\\/magazine365\\\/#organization\"},\"image\":{\"@type\":\"ImageObject\",\"url\":\"https:\\\/\\\/eldigitaldeasturias.com\\\/magazine365\\\/wp-content\\\/uploads\\\/2015\\\/12\\\/fotonoticia_20151128105937-844209_800.jpg\",\"width\":800,\"height\":738},\"datePublished\":\"2015-12-02T12:34:46+01:00\",\"dateModified\":\"2015-12-02T12:34:46+01:00\",\"inLanguage\":\"es-ES\",\"mainEntityOfPage\":{\"@id\":\"https:\\\/\\\/eldigitaldeasturias.com\\\/magazine365\\\/la-localidad-vallisoletana-de-nava-del-rey-suma-270-anos-de-tradicion-al-calor-de-las-hogueras\\\/#webpage\"},\"isPartOf\":{\"@id\":\"https:\\\/\\\/eldigitaldeasturias.com\\\/magazine365\\\/la-localidad-vallisoletana-de-nava-del-rey-suma-270-anos-de-tradicion-al-calor-de-las-hogueras\\\/#webpage\"},\"articleSection\":\"Noticias y Actualidad\"},{\"@type\":\"BreadcrumbList\",\"@id\":\"https:\\\/\\\/eldigitaldeasturias.com\\\/magazine365\\\/la-localidad-vallisoletana-de-nava-del-rey-suma-270-anos-de-tradicion-al-calor-de-las-hogueras\\\/#breadcrumblist\",\"itemListElement\":[{\"@type\":\"ListItem\",\"@id\":\"https:\\\/\\\/eldigitaldeasturias.com\\\/magazine365#listItem\",\"position\":1,\"name\":\"Home\",\"item\":\"https:\\\/\\\/eldigitaldeasturias.com\\\/magazine365\",\"nextItem\":{\"@type\":\"ListItem\",\"@id\":\"https:\\\/\\\/eldigitaldeasturias.com\\\/magazine365\\\/category\\\/noticias-actualidad\\\/#listItem\",\"name\":\"Noticias y Actualidad\"}},{\"@type\":\"ListItem\",\"@id\":\"https:\\\/\\\/eldigitaldeasturias.com\\\/magazine365\\\/category\\\/noticias-actualidad\\\/#listItem\",\"position\":2,\"name\":\"Noticias y Actualidad\",\"item\":\"https:\\\/\\\/eldigitaldeasturias.com\\\/magazine365\\\/category\\\/noticias-actualidad\\\/\",\"nextItem\":{\"@type\":\"ListItem\",\"@id\":\"https:\\\/\\\/eldigitaldeasturias.com\\\/magazine365\\\/la-localidad-vallisoletana-de-nava-del-rey-suma-270-anos-de-tradicion-al-calor-de-las-hogueras\\\/#listItem\",\"name\":\"La localidad vallisoletana de Nava del Rey suma 270 a\\u00f1os de tradici\\u00f3n al calor de las hogueras\"},\"previousItem\":{\"@type\":\"ListItem\",\"@id\":\"https:\\\/\\\/eldigitaldeasturias.com\\\/magazine365#listItem\",\"name\":\"Home\"}},{\"@type\":\"ListItem\",\"@id\":\"https:\\\/\\\/eldigitaldeasturias.com\\\/magazine365\\\/la-localidad-vallisoletana-de-nava-del-rey-suma-270-anos-de-tradicion-al-calor-de-las-hogueras\\\/#listItem\",\"position\":3,\"name\":\"La localidad vallisoletana de Nava del Rey suma 270 a\\u00f1os de tradici\\u00f3n al calor de las hogueras\",\"previousItem\":{\"@type\":\"ListItem\",\"@id\":\"https:\\\/\\\/eldigitaldeasturias.com\\\/magazine365\\\/category\\\/noticias-actualidad\\\/#listItem\",\"name\":\"Noticias y Actualidad\"}}]},{\"@type\":\"Organization\",\"@id\":\"https:\\\/\\\/eldigitaldeasturias.com\\\/magazine365\\\/#organization\",\"name\":\"El digital de Asturias\",\"description\":\"Revista de ocio, turismo y estilo de vida\",\"url\":\"https:\\\/\\\/eldigitaldeasturias.com\\\/magazine365\\\/\",\"logo\":{\"@type\":\"ImageObject\",\"url\":\"https:\\\/\\\/www.eldigitaldeasturias.com\\\/noticias\\\/wp-content\\\/uploads\\\/2020\\\/12\\\/EDA.jpg\",\"@id\":\"https:\\\/\\\/eldigitaldeasturias.com\\\/magazine365\\\/la-localidad-vallisoletana-de-nava-del-rey-suma-270-anos-de-tradicion-al-calor-de-las-hogueras\\\/#organizationLogo\"},\"image\":{\"@id\":\"https:\\\/\\\/eldigitaldeasturias.com\\\/magazine365\\\/la-localidad-vallisoletana-de-nava-del-rey-suma-270-anos-de-tradicion-al-calor-de-las-hogueras\\\/#organizationLogo\"}},{\"@type\":\"Person\",\"@id\":\"https:\\\/\\\/eldigitaldeasturias.com\\\/magazine365\\\/author\\\/admin\\\/#author\",\"url\":\"https:\\\/\\\/eldigitaldeasturias.com\\\/magazine365\\\/author\\\/admin\\\/\",\"name\":\"admin\",\"image\":{\"@type\":\"ImageObject\",\"@id\":\"https:\\\/\\\/eldigitaldeasturias.com\\\/magazine365\\\/la-localidad-vallisoletana-de-nava-del-rey-suma-270-anos-de-tradicion-al-calor-de-las-hogueras\\\/#authorImage\",\"url\":\"https:\\\/\\\/eldigitaldeasturias.com\\\/magazine365\\\/wp-content\\\/litespeed\\\/avatar\\\/e571bcf59a0edd6fa6838245a470f2fe.jpg?ver=1777574230\",\"width\":96,\"height\":96,\"caption\":\"admin\"}},{\"@type\":\"WebPage\",\"@id\":\"https:\\\/\\\/eldigitaldeasturias.com\\\/magazine365\\\/la-localidad-vallisoletana-de-nava-del-rey-suma-270-anos-de-tradicion-al-calor-de-las-hogueras\\\/#webpage\",\"url\":\"https:\\\/\\\/eldigitaldeasturias.com\\\/magazine365\\\/la-localidad-vallisoletana-de-nava-del-rey-suma-270-anos-de-tradicion-al-calor-de-las-hogueras\\\/\",\"name\":\"La localidad vallisoletana de Nava del Rey suma 270 a\\u00f1os de tradici\\u00f3n al calor de las hogueras | El Digital de Asturias\",\"description\":\"La localidad vallisoletana de Nava del Rey sumar\\u00e1 estos d\\u00edas 270 a\\u00f1os, casi tres siglos, cumpliendo ininterrumpidamente con una tradici\\u00f3n que en 2008 fue reconocida como Fiesta de Inter\\u00e9s Tur\\u00edstico Regional y que actualmente aspira a merecer tambi\\u00e9n el t\\u00edtulo de Inter\\u00e9s Tur\\u00edstico Nacional. Se trata del ritual de la Bajada y la Subida de\",\"inLanguage\":\"es-ES\",\"isPartOf\":{\"@id\":\"https:\\\/\\\/eldigitaldeasturias.com\\\/magazine365\\\/#website\"},\"breadcrumb\":{\"@id\":\"https:\\\/\\\/eldigitaldeasturias.com\\\/magazine365\\\/la-localidad-vallisoletana-de-nava-del-rey-suma-270-anos-de-tradicion-al-calor-de-las-hogueras\\\/#breadcrumblist\"},\"author\":{\"@id\":\"https:\\\/\\\/eldigitaldeasturias.com\\\/magazine365\\\/author\\\/admin\\\/#author\"},\"creator\":{\"@id\":\"https:\\\/\\\/eldigitaldeasturias.com\\\/magazine365\\\/author\\\/admin\\\/#author\"},\"image\":{\"@type\":\"ImageObject\",\"url\":\"https:\\\/\\\/eldigitaldeasturias.com\\\/magazine365\\\/wp-content\\\/uploads\\\/2015\\\/12\\\/fotonoticia_20151128105937-844209_800.jpg\",\"@id\":\"https:\\\/\\\/eldigitaldeasturias.com\\\/magazine365\\\/la-localidad-vallisoletana-de-nava-del-rey-suma-270-anos-de-tradicion-al-calor-de-las-hogueras\\\/#mainImage\",\"width\":800,\"height\":738},\"primaryImageOfPage\":{\"@id\":\"https:\\\/\\\/eldigitaldeasturias.com\\\/magazine365\\\/la-localidad-vallisoletana-de-nava-del-rey-suma-270-anos-de-tradicion-al-calor-de-las-hogueras\\\/#mainImage\"},\"datePublished\":\"2015-12-02T12:34:46+01:00\",\"dateModified\":\"2015-12-02T12:34:46+01:00\"},{\"@type\":\"WebSite\",\"@id\":\"https:\\\/\\\/eldigitaldeasturias.com\\\/magazine365\\\/#website\",\"url\":\"https:\\\/\\\/eldigitaldeasturias.com\\\/magazine365\\\/\",\"name\":\"El Digital de Asturias\",\"description\":\"Revista de ocio, turismo y estilo de vida\",\"inLanguage\":\"es-ES\",\"publisher\":{\"@id\":\"https:\\\/\\\/eldigitaldeasturias.com\\\/magazine365\\\/#organization\"}}]}\n\t\t<\/script>\n\t\t<!-- All in One SEO Pro -->\r\n\t\t<title>La localidad vallisoletana de Nava del Rey suma 270 a\u00f1os de tradici\u00f3n al calor de las hogueras | El Digital de Asturias<\/title>\n\n","aioseo_head_json":{"title":"La localidad vallisoletana de Nava del Rey suma 270 a\u00f1os de tradici\u00f3n al calor de las hogueras | El Digital de Asturias","description":"La localidad vallisoletana de Nava del Rey sumar\u00e1 estos d\u00edas 270 a\u00f1os, casi tres siglos, cumpliendo ininterrumpidamente con una tradici\u00f3n que en 2008 fue reconocida como Fiesta de Inter\u00e9s Tur\u00edstico Regional y que actualmente aspira a merecer tambi\u00e9n el t\u00edtulo de Inter\u00e9s Tur\u00edstico Nacional. Se trata del ritual de la Bajada y la Subida de","canonical_url":"https:\/\/eldigitaldeasturias.com\/magazine365\/la-localidad-vallisoletana-de-nava-del-rey-suma-270-anos-de-tradicion-al-calor-de-las-hogueras\/","robots":"max-image-preview:large","keywords":"noticias y actualidad","webmasterTools":{"google-site-verification":"UA-38556648-1","miscellaneous":""},"schema":{"@context":"https:\/\/schema.org","@graph":[{"@type":"Article","@id":"https:\/\/eldigitaldeasturias.com\/magazine365\/la-localidad-vallisoletana-de-nava-del-rey-suma-270-anos-de-tradicion-al-calor-de-las-hogueras\/#article","name":"La localidad vallisoletana de Nava del Rey suma 270 a\u00f1os de tradici\u00f3n al calor de las hogueras | El Digital de Asturias","headline":"La localidad vallisoletana de Nava del Rey suma 270 a\u00f1os de tradici\u00f3n al calor de las hogueras","author":{"@id":"https:\/\/eldigitaldeasturias.com\/magazine365\/author\/admin\/#author"},"publisher":{"@id":"https:\/\/eldigitaldeasturias.com\/magazine365\/#organization"},"image":{"@type":"ImageObject","url":"https:\/\/eldigitaldeasturias.com\/magazine365\/wp-content\/uploads\/2015\/12\/fotonoticia_20151128105937-844209_800.jpg","width":800,"height":738},"datePublished":"2015-12-02T12:34:46+01:00","dateModified":"2015-12-02T12:34:46+01:00","inLanguage":"es-ES","mainEntityOfPage":{"@id":"https:\/\/eldigitaldeasturias.com\/magazine365\/la-localidad-vallisoletana-de-nava-del-rey-suma-270-anos-de-tradicion-al-calor-de-las-hogueras\/#webpage"},"isPartOf":{"@id":"https:\/\/eldigitaldeasturias.com\/magazine365\/la-localidad-vallisoletana-de-nava-del-rey-suma-270-anos-de-tradicion-al-calor-de-las-hogueras\/#webpage"},"articleSection":"Noticias y Actualidad"},{"@type":"BreadcrumbList","@id":"https:\/\/eldigitaldeasturias.com\/magazine365\/la-localidad-vallisoletana-de-nava-del-rey-suma-270-anos-de-tradicion-al-calor-de-las-hogueras\/#breadcrumblist","itemListElement":[{"@type":"ListItem","@id":"https:\/\/eldigitaldeasturias.com\/magazine365#listItem","position":1,"name":"Home","item":"https:\/\/eldigitaldeasturias.com\/magazine365","nextItem":{"@type":"ListItem","@id":"https:\/\/eldigitaldeasturias.com\/magazine365\/category\/noticias-actualidad\/#listItem","name":"Noticias y Actualidad"}},{"@type":"ListItem","@id":"https:\/\/eldigitaldeasturias.com\/magazine365\/category\/noticias-actualidad\/#listItem","position":2,"name":"Noticias y Actualidad","item":"https:\/\/eldigitaldeasturias.com\/magazine365\/category\/noticias-actualidad\/","nextItem":{"@type":"ListItem","@id":"https:\/\/eldigitaldeasturias.com\/magazine365\/la-localidad-vallisoletana-de-nava-del-rey-suma-270-anos-de-tradicion-al-calor-de-las-hogueras\/#listItem","name":"La localidad vallisoletana de Nava del Rey suma 270 a\u00f1os de tradici\u00f3n al calor de las hogueras"},"previousItem":{"@type":"ListItem","@id":"https:\/\/eldigitaldeasturias.com\/magazine365#listItem","name":"Home"}},{"@type":"ListItem","@id":"https:\/\/eldigitaldeasturias.com\/magazine365\/la-localidad-vallisoletana-de-nava-del-rey-suma-270-anos-de-tradicion-al-calor-de-las-hogueras\/#listItem","position":3,"name":"La localidad vallisoletana de Nava del Rey suma 270 a\u00f1os de tradici\u00f3n al calor de las hogueras","previousItem":{"@type":"ListItem","@id":"https:\/\/eldigitaldeasturias.com\/magazine365\/category\/noticias-actualidad\/#listItem","name":"Noticias y Actualidad"}}]},{"@type":"Organization","@id":"https:\/\/eldigitaldeasturias.com\/magazine365\/#organization","name":"El digital de Asturias","description":"Revista de ocio, turismo y estilo de vida","url":"https:\/\/eldigitaldeasturias.com\/magazine365\/","logo":{"@type":"ImageObject","url":"https:\/\/www.eldigitaldeasturias.com\/noticias\/wp-content\/uploads\/2020\/12\/EDA.jpg","@id":"https:\/\/eldigitaldeasturias.com\/magazine365\/la-localidad-vallisoletana-de-nava-del-rey-suma-270-anos-de-tradicion-al-calor-de-las-hogueras\/#organizationLogo"},"image":{"@id":"https:\/\/eldigitaldeasturias.com\/magazine365\/la-localidad-vallisoletana-de-nava-del-rey-suma-270-anos-de-tradicion-al-calor-de-las-hogueras\/#organizationLogo"}},{"@type":"Person","@id":"https:\/\/eldigitaldeasturias.com\/magazine365\/author\/admin\/#author","url":"https:\/\/eldigitaldeasturias.com\/magazine365\/author\/admin\/","name":"admin","image":{"@type":"ImageObject","@id":"https:\/\/eldigitaldeasturias.com\/magazine365\/la-localidad-vallisoletana-de-nava-del-rey-suma-270-anos-de-tradicion-al-calor-de-las-hogueras\/#authorImage","url":"https:\/\/eldigitaldeasturias.com\/magazine365\/wp-content\/litespeed\/avatar\/e571bcf59a0edd6fa6838245a470f2fe.jpg?ver=1777574230","width":96,"height":96,"caption":"admin"}},{"@type":"WebPage","@id":"https:\/\/eldigitaldeasturias.com\/magazine365\/la-localidad-vallisoletana-de-nava-del-rey-suma-270-anos-de-tradicion-al-calor-de-las-hogueras\/#webpage","url":"https:\/\/eldigitaldeasturias.com\/magazine365\/la-localidad-vallisoletana-de-nava-del-rey-suma-270-anos-de-tradicion-al-calor-de-las-hogueras\/","name":"La localidad vallisoletana de Nava del Rey suma 270 a\u00f1os de tradici\u00f3n al calor de las hogueras | El Digital de Asturias","description":"La localidad vallisoletana de Nava del Rey sumar\u00e1 estos d\u00edas 270 a\u00f1os, casi tres siglos, cumpliendo ininterrumpidamente con una tradici\u00f3n que en 2008 fue reconocida como Fiesta de Inter\u00e9s Tur\u00edstico Regional y que actualmente aspira a merecer tambi\u00e9n el t\u00edtulo de Inter\u00e9s Tur\u00edstico Nacional. Se trata del ritual de la Bajada y la Subida de","inLanguage":"es-ES","isPartOf":{"@id":"https:\/\/eldigitaldeasturias.com\/magazine365\/#website"},"breadcrumb":{"@id":"https:\/\/eldigitaldeasturias.com\/magazine365\/la-localidad-vallisoletana-de-nava-del-rey-suma-270-anos-de-tradicion-al-calor-de-las-hogueras\/#breadcrumblist"},"author":{"@id":"https:\/\/eldigitaldeasturias.com\/magazine365\/author\/admin\/#author"},"creator":{"@id":"https:\/\/eldigitaldeasturias.com\/magazine365\/author\/admin\/#author"},"image":{"@type":"ImageObject","url":"https:\/\/eldigitaldeasturias.com\/magazine365\/wp-content\/uploads\/2015\/12\/fotonoticia_20151128105937-844209_800.jpg","@id":"https:\/\/eldigitaldeasturias.com\/magazine365\/la-localidad-vallisoletana-de-nava-del-rey-suma-270-anos-de-tradicion-al-calor-de-las-hogueras\/#mainImage","width":800,"height":738},"primaryImageOfPage":{"@id":"https:\/\/eldigitaldeasturias.com\/magazine365\/la-localidad-vallisoletana-de-nava-del-rey-suma-270-anos-de-tradicion-al-calor-de-las-hogueras\/#mainImage"},"datePublished":"2015-12-02T12:34:46+01:00","dateModified":"2015-12-02T12:34:46+01:00"},{"@type":"WebSite","@id":"https:\/\/eldigitaldeasturias.com\/magazine365\/#website","url":"https:\/\/eldigitaldeasturias.com\/magazine365\/","name":"El Digital de Asturias","description":"Revista de ocio, turismo y estilo de vida","inLanguage":"es-ES","publisher":{"@id":"https:\/\/eldigitaldeasturias.com\/magazine365\/#organization"}}]},"og:locale":"es_ES","og:site_name":"El Digital de Asturias \u2013 Revista de ocio, turismo y estilo de vida","og:type":"article","og:title":"La localidad vallisoletana de Nava del Rey suma 270 a\u00f1os de tradici\u00f3n al calor de las hogueras | El Digital de Asturias","og:description":"La localidad vallisoletana de Nava del Rey sumar\u00e1 estos d\u00edas 270 a\u00f1os, casi tres siglos, cumpliendo ininterrumpidamente con una tradici\u00f3n que en 2008 fue reconocida como Fiesta de Inter\u00e9s Tur\u00edstico Regional y que actualmente aspira a merecer tambi\u00e9n el t\u00edtulo de Inter\u00e9s Tur\u00edstico Nacional. Se trata del ritual de la Bajada y la Subida de","og:url":"https:\/\/eldigitaldeasturias.com\/magazine365\/la-localidad-vallisoletana-de-nava-del-rey-suma-270-anos-de-tradicion-al-calor-de-las-hogueras\/","og:image":"https:\/\/eldigitaldeasturias.com\/magazine365\/wp-content\/uploads\/2015\/12\/fotonoticia_20151128105937-844209_800.jpg","og:image:secure_url":"https:\/\/eldigitaldeasturias.com\/magazine365\/wp-content\/uploads\/2015\/12\/fotonoticia_20151128105937-844209_800.jpg","og:image:width":800,"og:image:height":738,"article:published_time":"2015-12-02T11:34:46+00:00","article:modified_time":"2015-12-02T11:34:46+00:00","twitter:card":"summary_large_image","twitter:title":"La localidad vallisoletana de Nava del Rey suma 270 a\u00f1os de tradici\u00f3n al calor de las hogueras | El Digital de Asturias","twitter:description":"La localidad vallisoletana de Nava del Rey sumar\u00e1 estos d\u00edas 270 a\u00f1os, casi tres siglos, cumpliendo ininterrumpidamente con una tradici\u00f3n que en 2008 fue reconocida como Fiesta de Inter\u00e9s Tur\u00edstico Regional y que actualmente aspira a merecer tambi\u00e9n el t\u00edtulo de Inter\u00e9s Tur\u00edstico Nacional. Se trata del ritual de la Bajada y la Subida de","twitter:image":"https:\/\/eldigitaldeasturias.com\/magazine365\/wp-content\/uploads\/2015\/12\/fotonoticia_20151128105937-844209_800.jpg"},"aioseo_meta_data":{"post_id":"57173","title":null,"description":null,"keywords":null,"keyphrases":null,"primary_term":null,"canonical_url":null,"og_title":null,"og_description":null,"og_object_type":"default","og_image_type":"default","og_image_url":null,"og_image_width":null,"og_image_height":null,"og_image_custom_url":null,"og_image_custom_fields":null,"og_video":null,"og_custom_url":null,"og_article_section":null,"og_article_tags":null,"twitter_use_og":false,"twitter_card":"default","twitter_image_type":"default","twitter_image_url":null,"twitter_image_custom_url":null,"twitter_image_custom_fields":null,"twitter_title":null,"twitter_description":null,"schema":{"blockGraphs":[],"customGraphs":[],"default":{"data":{"Article":[],"Course":[],"Dataset":[],"FAQPage":[],"Movie":[],"Person":[],"Product":[],"ProductReview":[],"Car":[],"Recipe":[],"Service":[],"SoftwareApplication":[],"WebPage":[]},"graphName":"","isEnabled":true},"graphs":[],"defaultGraph":"","defaultPostTypeGraph":""},"schema_type":null,"schema_type_options":null,"pillar_content":false,"robots_default":true,"robots_noindex":false,"robots_noarchive":false,"robots_nosnippet":false,"robots_nofollow":false,"robots_noimageindex":false,"robots_noodp":false,"robots_notranslate":false,"robots_max_snippet":null,"robots_max_videopreview":null,"robots_max_imagepreview":"large","priority":null,"frequency":null,"location":null,"local_seo":null,"seo_analyzer_scan_date":"2025-09-25 00:20:25","breadcrumb_settings":null,"limit_modified_date":false,"open_ai":null,"ai":null,"created":"2021-03-08 22:46:41","updated":"2025-09-25 00:20:25"},"aioseo_breadcrumb":"<div class=\"aioseo-breadcrumbs\"><span class=\"aioseo-breadcrumb\">\n\t<a href=\"https:\/\/eldigitaldeasturias.com\/magazine365\" title=\"Home\">Home<\/a>\n<\/span><span class=\"aioseo-breadcrumb-separator\">\u2013<\/span><span class=\"aioseo-breadcrumb\">\n\t<a href=\"https:\/\/eldigitaldeasturias.com\/magazine365\/category\/noticias-actualidad\/\" title=\"Noticias y Actualidad\">Noticias y Actualidad<\/a>\n<\/span><span class=\"aioseo-breadcrumb-separator\">\u2013<\/span><span class=\"aioseo-breadcrumb\">\n\t<a href=\"https:\/\/eldigitaldeasturias.com\/magazine365\/la-localidad-vallisoletana-de-nava-del-rey-suma-270-anos-de-tradicion-al-calor-de-las-hogueras\/\" title=\"La localidad vallisoletana de Nava del Rey suma 270 a\u00f1os de tradici\u00f3n al calor de las hogueras\">La localidad vallisoletana de Nava del Rey suma 270 a\u00f1os de tradici\u00f3n al calor de las hogueras<\/a>\n<\/span><\/div>","aioseo_breadcrumb_json":[{"label":"Home","link":"https:\/\/eldigitaldeasturias.com\/magazine365"},{"label":"Noticias y Actualidad","link":"https:\/\/eldigitaldeasturias.com\/magazine365\/category\/noticias-actualidad\/"},{"label":"La localidad vallisoletana de Nava del Rey suma 270 a\u00f1os de tradici\u00f3n al calor de las hogueras","link":"https:\/\/eldigitaldeasturias.com\/magazine365\/la-localidad-vallisoletana-de-nava-del-rey-suma-270-anos-de-tradicion-al-calor-de-las-hogueras\/"}],"_links":{"self":[{"href":"https:\/\/eldigitaldeasturias.com\/magazine365\/wp-json\/wp\/v2\/posts\/57173","targetHints":{"allow":["GET"]}}],"collection":[{"href":"https:\/\/eldigitaldeasturias.com\/magazine365\/wp-json\/wp\/v2\/posts"}],"about":[{"href":"https:\/\/eldigitaldeasturias.com\/magazine365\/wp-json\/wp\/v2\/types\/post"}],"author":[{"embeddable":true,"href":"https:\/\/eldigitaldeasturias.com\/magazine365\/wp-json\/wp\/v2\/users\/1"}],"replies":[{"embeddable":true,"href":"https:\/\/eldigitaldeasturias.com\/magazine365\/wp-json\/wp\/v2\/comments?post=57173"}],"version-history":[{"count":0,"href":"https:\/\/eldigitaldeasturias.com\/magazine365\/wp-json\/wp\/v2\/posts\/57173\/revisions"}],"wp:featuredmedia":[{"embeddable":true,"href":"https:\/\/eldigitaldeasturias.com\/magazine365\/wp-json\/wp\/v2\/media\/57174"}],"wp:attachment":[{"href":"https:\/\/eldigitaldeasturias.com\/magazine365\/wp-json\/wp\/v2\/media?parent=57173"}],"wp:term":[{"taxonomy":"category","embeddable":true,"href":"https:\/\/eldigitaldeasturias.com\/magazine365\/wp-json\/wp\/v2\/categories?post=57173"},{"taxonomy":"post_tag","embeddable":true,"href":"https:\/\/eldigitaldeasturias.com\/magazine365\/wp-json\/wp\/v2\/tags?post=57173"}],"curies":[{"name":"wp","href":"https:\/\/api.w.org\/{rel}","templated":true}]}}