{"id":57164,"date":"2015-12-02T11:58:52","date_gmt":"2015-12-02T10:58:52","guid":{"rendered":"http:\/\/eldigitaldeasturias.com\/magazine365\/?p=57164"},"modified":"2015-12-02T11:58:52","modified_gmt":"2015-12-02T10:58:52","slug":"turismo-de-aragon-comienza-su-dispositivo-de-informacion-sobre-la-nieve","status":"publish","type":"post","link":"https:\/\/eldigitaldeasturias.com\/magazine365\/turismo-de-aragon-comienza-su-dispositivo-de-informacion-sobre-la-nieve\/","title":{"rendered":"Turismo de Arag\u00f3n comienza su dispositivo de informaci\u00f3n sobre la nieve"},"content":{"rendered":"<p><img fetchpriority=\"high\" decoding=\"async\" class=\"alignleft size-medium wp-image-57165\" src=\"https:\/\/eldigitaldeasturias.com\/magazine365\/wp-content\/uploads\/2015\/12\/fotonoticia_20151127191359_800-360x270.jpg\" alt=\"fotonoticia_20151127191359_800\" width=\"360\" height=\"270\" srcset=\"https:\/\/eldigitaldeasturias.com\/magazine365\/wp-content\/uploads\/2015\/12\/fotonoticia_20151127191359_800-360x270.jpg 360w, https:\/\/eldigitaldeasturias.com\/magazine365\/wp-content\/uploads\/2015\/12\/fotonoticia_20151127191359_800-650x488.jpg 650w, https:\/\/eldigitaldeasturias.com\/magazine365\/wp-content\/uploads\/2015\/12\/fotonoticia_20151127191359_800-768x576.jpg 768w, https:\/\/eldigitaldeasturias.com\/magazine365\/wp-content\/uploads\/2015\/12\/fotonoticia_20151127191359_800-150x113.jpg 150w, https:\/\/eldigitaldeasturias.com\/magazine365\/wp-content\/uploads\/2015\/12\/fotonoticia_20151127191359_800-450x338.jpg 450w, https:\/\/eldigitaldeasturias.com\/magazine365\/wp-content\/uploads\/2015\/12\/fotonoticia_20151127191359_800-80x60.jpg 80w, https:\/\/eldigitaldeasturias.com\/magazine365\/wp-content\/uploads\/2015\/12\/fotonoticia_20151127191359_800-265x198.jpg 265w, https:\/\/eldigitaldeasturias.com\/magazine365\/wp-content\/uploads\/2015\/12\/fotonoticia_20151127191359_800-696x522.jpg 696w, https:\/\/eldigitaldeasturias.com\/magazine365\/wp-content\/uploads\/2015\/12\/fotonoticia_20151127191359_800-560x420.jpg 560w, https:\/\/eldigitaldeasturias.com\/magazine365\/wp-content\/uploads\/2015\/12\/fotonoticia_20151127191359_800-90x67.jpg 90w, https:\/\/eldigitaldeasturias.com\/magazine365\/wp-content\/uploads\/2015\/12\/fotonoticia_20151127191359_800-100x75.jpg 100w, https:\/\/eldigitaldeasturias.com\/magazine365\/wp-content\/uploads\/2015\/12\/fotonoticia_20151127191359_800.jpg 800w\" sizes=\"(max-width: 360px) 100vw, 360px\" \/>Turismo de Arag\u00f3n ha puesto en marcha el dispositivo de informaci\u00f3n diaria sobre el estado de la nieve en los centros de esqu\u00ed aragoneses, las siete estaciones de esqu\u00ed alpino y los nueve circuitos de fondo.<\/p>\n<p>Se emite diariamente y se actualiza en el momento en el que se producen cambios en las estaciones referidos a las condiciones de nieve, cambios derivados de meteorolog\u00eda, carreteras y accesos.<\/p>\n<p>Adem\u00e1s, los mi\u00e9rcoles y los jueves se emite un parte de previsi\u00f3n para el fin de semana con el objetivo de orientar a los aficionados al deporte blanco. Esta informaci\u00f3n se elabora a trav\u00e9s de los datos proporcionados por las estaciones de esqu\u00ed y las asociaciones tur\u00edsticas de la zona.<\/p>\n<p>Como informaci\u00f3n adicional, se dar\u00e1n a conocer las actividades previstas en las estaciones de esqu\u00ed, en los valles o en las localidades cercanas con el objetivo de ampliar la oferta tur\u00edstica. Dentro de los datos que se proporcionan se incluyen kil\u00f3metros esquiables, remontes abiertos, n\u00famero de pistas, espesores de nieve m\u00ednimos y m\u00e1ximos y tipo de nieve.<\/p>\n<p>La previsi\u00f3n se puede seguir a trav\u00e9s de twitter @esquiaenaragon @aragonturismo Facebook\/EsquiaenAragon Facebook\/TurismodeAragon Adem\u00e1s, en la web de Turismo de Arag\u00f3n, se crear\u00e1 un acceso espec\u00edfico para consultar esta informaci\u00f3n de forma m\u00e1s intuitiva que hasta la fecha.<\/p>\n<p>Los datos sobre las condiciones de la nieve se env\u00edan a m\u00e1s de un centenar de direcciones de medios de comunicaci\u00f3n, agencias de viaje, hoteles y entidades interesadas que han pedido recibir esta informaci\u00f3n espec\u00edfica. Para ponerse en contacto, tanto para remitir informaci\u00f3n como para recibirla, puede hacerse a trav\u00e9s del correo &#8216;partenieve@aragon.es&#8217;.<\/p>\n","protected":false},"excerpt":{"rendered":"<p>Turismo de Arag\u00f3n ha puesto en marcha el dispositivo de informaci\u00f3n diaria sobre el estado de la nieve en los centros de esqu\u00ed aragoneses, las siete estaciones de esqu\u00ed alpino y los nueve circuitos de fondo. Se emite diariamente y se actualiza en el momento en el que se producen cambios en las estaciones referidos<\/p>\n","protected":false},"author":1,"featured_media":57165,"comment_status":"open","ping_status":"closed","sticky":false,"template":"","format":"standard","meta":{"footnotes":""},"categories":[224],"tags":[],"class_list":{"0":"post-57164","1":"post","2":"type-post","3":"status-publish","4":"format-standard","5":"has-post-thumbnail","7":"category-noticias-actualidad"},"aioseo_notices":[],"aioseo_head":"\n\t\t<!-- All in One SEO Pro 4.9.6.1 - aioseo.com -->\n\t<meta name=\"description\" content=\"Turismo de Arag\u00f3n ha puesto en marcha el dispositivo de informaci\u00f3n diaria sobre el estado de la nieve en los centros de esqu\u00ed aragoneses, las siete estaciones de esqu\u00ed alpino y los nueve circuitos de fondo. Se emite diariamente y se actualiza en el momento en el que se producen cambios en las estaciones referidos\" \/>\n\t<meta name=\"robots\" content=\"max-image-preview:large\" \/>\n\t<meta name=\"author\" content=\"admin\"\/>\n\t<meta name=\"google-site-verification\" content=\"UA-38556648-1\" \/>\n\t<meta name=\"keywords\" content=\"noticias y actualidad\" \/>\n\t<link rel=\"canonical\" href=\"https:\/\/eldigitaldeasturias.com\/magazine365\/turismo-de-aragon-comienza-su-dispositivo-de-informacion-sobre-la-nieve\/\" \/>\n\t<meta name=\"generator\" content=\"All in One SEO Pro (AIOSEO) 4.9.6.1\" \/>\n\t\t<meta property=\"og:locale\" content=\"es_ES\" \/>\n\t\t<meta property=\"og:site_name\" content=\"El Digital de Asturias \u2013 Revista de ocio, turismo y estilo de vida\" \/>\n\t\t<meta property=\"og:type\" content=\"article\" \/>\n\t\t<meta property=\"og:title\" content=\"Turismo de Arag\u00f3n comienza su dispositivo de informaci\u00f3n sobre la nieve | El Digital de Asturias\" \/>\n\t\t<meta property=\"og:description\" content=\"Turismo de Arag\u00f3n ha puesto en marcha el dispositivo de informaci\u00f3n diaria sobre el estado de la nieve en los centros de esqu\u00ed aragoneses, las siete estaciones de esqu\u00ed alpino y los nueve circuitos de fondo. Se emite diariamente y se actualiza en el momento en el que se producen cambios en las estaciones referidos\" \/>\n\t\t<meta property=\"og:url\" content=\"https:\/\/eldigitaldeasturias.com\/magazine365\/turismo-de-aragon-comienza-su-dispositivo-de-informacion-sobre-la-nieve\/\" \/>\n\t\t<meta property=\"og:image\" content=\"https:\/\/eldigitaldeasturias.com\/magazine365\/wp-content\/uploads\/2015\/12\/fotonoticia_20151127191359_800.jpg\" \/>\n\t\t<meta property=\"og:image:secure_url\" content=\"https:\/\/eldigitaldeasturias.com\/magazine365\/wp-content\/uploads\/2015\/12\/fotonoticia_20151127191359_800.jpg\" \/>\n\t\t<meta property=\"og:image:width\" content=\"800\" \/>\n\t\t<meta property=\"og:image:height\" content=\"600\" \/>\n\t\t<meta property=\"article:published_time\" content=\"2015-12-02T10:58:52+00:00\" \/>\n\t\t<meta property=\"article:modified_time\" content=\"2015-12-02T10:58:52+00:00\" \/>\n\t\t<meta name=\"twitter:card\" content=\"summary_large_image\" \/>\n\t\t<meta name=\"twitter:title\" content=\"Turismo de Arag\u00f3n comienza su dispositivo de informaci\u00f3n sobre la nieve | El Digital de Asturias\" \/>\n\t\t<meta name=\"twitter:description\" content=\"Turismo de Arag\u00f3n ha puesto en marcha el dispositivo de informaci\u00f3n diaria sobre el estado de la nieve en los centros de esqu\u00ed aragoneses, las siete estaciones de esqu\u00ed alpino y los nueve circuitos de fondo. Se emite diariamente y se actualiza en el momento en el que se producen cambios en las estaciones referidos\" \/>\n\t\t<meta name=\"twitter:image\" content=\"https:\/\/eldigitaldeasturias.com\/magazine365\/wp-content\/uploads\/2015\/12\/fotonoticia_20151127191359_800.jpg\" \/>\n\t\t<script type=\"application\/ld+json\" class=\"aioseo-schema\">\n\t\t\t{\"@context\":\"https:\\\/\\\/schema.org\",\"@graph\":[{\"@type\":\"Article\",\"@id\":\"https:\\\/\\\/eldigitaldeasturias.com\\\/magazine365\\\/turismo-de-aragon-comienza-su-dispositivo-de-informacion-sobre-la-nieve\\\/#article\",\"name\":\"Turismo de Arag\\u00f3n comienza su dispositivo de informaci\\u00f3n sobre la nieve | El Digital de Asturias\",\"headline\":\"Turismo de Arag\\u00f3n comienza su dispositivo de informaci\\u00f3n sobre la nieve\",\"author\":{\"@id\":\"https:\\\/\\\/eldigitaldeasturias.com\\\/magazine365\\\/author\\\/admin\\\/#author\"},\"publisher\":{\"@id\":\"https:\\\/\\\/eldigitaldeasturias.com\\\/magazine365\\\/#organization\"},\"image\":{\"@type\":\"ImageObject\",\"url\":\"https:\\\/\\\/eldigitaldeasturias.com\\\/magazine365\\\/wp-content\\\/uploads\\\/2015\\\/12\\\/fotonoticia_20151127191359_800.jpg\",\"width\":800,\"height\":600},\"datePublished\":\"2015-12-02T11:58:52+01:00\",\"dateModified\":\"2015-12-02T11:58:52+01:00\",\"inLanguage\":\"es-ES\",\"mainEntityOfPage\":{\"@id\":\"https:\\\/\\\/eldigitaldeasturias.com\\\/magazine365\\\/turismo-de-aragon-comienza-su-dispositivo-de-informacion-sobre-la-nieve\\\/#webpage\"},\"isPartOf\":{\"@id\":\"https:\\\/\\\/eldigitaldeasturias.com\\\/magazine365\\\/turismo-de-aragon-comienza-su-dispositivo-de-informacion-sobre-la-nieve\\\/#webpage\"},\"articleSection\":\"Noticias y Actualidad\"},{\"@type\":\"BreadcrumbList\",\"@id\":\"https:\\\/\\\/eldigitaldeasturias.com\\\/magazine365\\\/turismo-de-aragon-comienza-su-dispositivo-de-informacion-sobre-la-nieve\\\/#breadcrumblist\",\"itemListElement\":[{\"@type\":\"ListItem\",\"@id\":\"https:\\\/\\\/eldigitaldeasturias.com\\\/magazine365#listItem\",\"position\":1,\"name\":\"Home\",\"item\":\"https:\\\/\\\/eldigitaldeasturias.com\\\/magazine365\",\"nextItem\":{\"@type\":\"ListItem\",\"@id\":\"https:\\\/\\\/eldigitaldeasturias.com\\\/magazine365\\\/category\\\/noticias-actualidad\\\/#listItem\",\"name\":\"Noticias y Actualidad\"}},{\"@type\":\"ListItem\",\"@id\":\"https:\\\/\\\/eldigitaldeasturias.com\\\/magazine365\\\/category\\\/noticias-actualidad\\\/#listItem\",\"position\":2,\"name\":\"Noticias y Actualidad\",\"item\":\"https:\\\/\\\/eldigitaldeasturias.com\\\/magazine365\\\/category\\\/noticias-actualidad\\\/\",\"nextItem\":{\"@type\":\"ListItem\",\"@id\":\"https:\\\/\\\/eldigitaldeasturias.com\\\/magazine365\\\/turismo-de-aragon-comienza-su-dispositivo-de-informacion-sobre-la-nieve\\\/#listItem\",\"name\":\"Turismo de Arag\\u00f3n comienza su dispositivo de informaci\\u00f3n sobre la nieve\"},\"previousItem\":{\"@type\":\"ListItem\",\"@id\":\"https:\\\/\\\/eldigitaldeasturias.com\\\/magazine365#listItem\",\"name\":\"Home\"}},{\"@type\":\"ListItem\",\"@id\":\"https:\\\/\\\/eldigitaldeasturias.com\\\/magazine365\\\/turismo-de-aragon-comienza-su-dispositivo-de-informacion-sobre-la-nieve\\\/#listItem\",\"position\":3,\"name\":\"Turismo de Arag\\u00f3n comienza su dispositivo de informaci\\u00f3n sobre la nieve\",\"previousItem\":{\"@type\":\"ListItem\",\"@id\":\"https:\\\/\\\/eldigitaldeasturias.com\\\/magazine365\\\/category\\\/noticias-actualidad\\\/#listItem\",\"name\":\"Noticias y Actualidad\"}}]},{\"@type\":\"Organization\",\"@id\":\"https:\\\/\\\/eldigitaldeasturias.com\\\/magazine365\\\/#organization\",\"name\":\"El digital de Asturias\",\"description\":\"Revista de ocio, turismo y estilo de vida\",\"url\":\"https:\\\/\\\/eldigitaldeasturias.com\\\/magazine365\\\/\",\"logo\":{\"@type\":\"ImageObject\",\"url\":\"https:\\\/\\\/www.eldigitaldeasturias.com\\\/noticias\\\/wp-content\\\/uploads\\\/2020\\\/12\\\/EDA.jpg\",\"@id\":\"https:\\\/\\\/eldigitaldeasturias.com\\\/magazine365\\\/turismo-de-aragon-comienza-su-dispositivo-de-informacion-sobre-la-nieve\\\/#organizationLogo\"},\"image\":{\"@id\":\"https:\\\/\\\/eldigitaldeasturias.com\\\/magazine365\\\/turismo-de-aragon-comienza-su-dispositivo-de-informacion-sobre-la-nieve\\\/#organizationLogo\"}},{\"@type\":\"Person\",\"@id\":\"https:\\\/\\\/eldigitaldeasturias.com\\\/magazine365\\\/author\\\/admin\\\/#author\",\"url\":\"https:\\\/\\\/eldigitaldeasturias.com\\\/magazine365\\\/author\\\/admin\\\/\",\"name\":\"admin\",\"image\":{\"@type\":\"ImageObject\",\"@id\":\"https:\\\/\\\/eldigitaldeasturias.com\\\/magazine365\\\/turismo-de-aragon-comienza-su-dispositivo-de-informacion-sobre-la-nieve\\\/#authorImage\",\"url\":\"https:\\\/\\\/eldigitaldeasturias.com\\\/magazine365\\\/wp-content\\\/litespeed\\\/avatar\\\/e571bcf59a0edd6fa6838245a470f2fe.jpg?ver=1777574230\",\"width\":96,\"height\":96,\"caption\":\"admin\"}},{\"@type\":\"WebPage\",\"@id\":\"https:\\\/\\\/eldigitaldeasturias.com\\\/magazine365\\\/turismo-de-aragon-comienza-su-dispositivo-de-informacion-sobre-la-nieve\\\/#webpage\",\"url\":\"https:\\\/\\\/eldigitaldeasturias.com\\\/magazine365\\\/turismo-de-aragon-comienza-su-dispositivo-de-informacion-sobre-la-nieve\\\/\",\"name\":\"Turismo de Arag\\u00f3n comienza su dispositivo de informaci\\u00f3n sobre la nieve | El Digital de Asturias\",\"description\":\"Turismo de Arag\\u00f3n ha puesto en marcha el dispositivo de informaci\\u00f3n diaria sobre el estado de la nieve en los centros de esqu\\u00ed aragoneses, las siete estaciones de esqu\\u00ed alpino y los nueve circuitos de fondo. Se emite diariamente y se actualiza en el momento en el que se producen cambios en las estaciones referidos\",\"inLanguage\":\"es-ES\",\"isPartOf\":{\"@id\":\"https:\\\/\\\/eldigitaldeasturias.com\\\/magazine365\\\/#website\"},\"breadcrumb\":{\"@id\":\"https:\\\/\\\/eldigitaldeasturias.com\\\/magazine365\\\/turismo-de-aragon-comienza-su-dispositivo-de-informacion-sobre-la-nieve\\\/#breadcrumblist\"},\"author\":{\"@id\":\"https:\\\/\\\/eldigitaldeasturias.com\\\/magazine365\\\/author\\\/admin\\\/#author\"},\"creator\":{\"@id\":\"https:\\\/\\\/eldigitaldeasturias.com\\\/magazine365\\\/author\\\/admin\\\/#author\"},\"image\":{\"@type\":\"ImageObject\",\"url\":\"https:\\\/\\\/eldigitaldeasturias.com\\\/magazine365\\\/wp-content\\\/uploads\\\/2015\\\/12\\\/fotonoticia_20151127191359_800.jpg\",\"@id\":\"https:\\\/\\\/eldigitaldeasturias.com\\\/magazine365\\\/turismo-de-aragon-comienza-su-dispositivo-de-informacion-sobre-la-nieve\\\/#mainImage\",\"width\":800,\"height\":600},\"primaryImageOfPage\":{\"@id\":\"https:\\\/\\\/eldigitaldeasturias.com\\\/magazine365\\\/turismo-de-aragon-comienza-su-dispositivo-de-informacion-sobre-la-nieve\\\/#mainImage\"},\"datePublished\":\"2015-12-02T11:58:52+01:00\",\"dateModified\":\"2015-12-02T11:58:52+01:00\"},{\"@type\":\"WebSite\",\"@id\":\"https:\\\/\\\/eldigitaldeasturias.com\\\/magazine365\\\/#website\",\"url\":\"https:\\\/\\\/eldigitaldeasturias.com\\\/magazine365\\\/\",\"name\":\"El Digital de Asturias\",\"description\":\"Revista de ocio, turismo y estilo de vida\",\"inLanguage\":\"es-ES\",\"publisher\":{\"@id\":\"https:\\\/\\\/eldigitaldeasturias.com\\\/magazine365\\\/#organization\"}}]}\n\t\t<\/script>\n\t\t<!-- All in One SEO Pro -->\r\n\t\t<title>Turismo de Arag\u00f3n comienza su dispositivo de informaci\u00f3n sobre la nieve | El Digital de Asturias<\/title>\n\n","aioseo_head_json":{"title":"Turismo de Arag\u00f3n comienza su dispositivo de informaci\u00f3n sobre la nieve | El Digital de Asturias","description":"Turismo de Arag\u00f3n ha puesto en marcha el dispositivo de informaci\u00f3n diaria sobre el estado de la nieve en los centros de esqu\u00ed aragoneses, las siete estaciones de esqu\u00ed alpino y los nueve circuitos de fondo. Se emite diariamente y se actualiza en el momento en el que se producen cambios en las estaciones referidos","canonical_url":"https:\/\/eldigitaldeasturias.com\/magazine365\/turismo-de-aragon-comienza-su-dispositivo-de-informacion-sobre-la-nieve\/","robots":"max-image-preview:large","keywords":"noticias y actualidad","webmasterTools":{"google-site-verification":"UA-38556648-1","miscellaneous":""},"schema":{"@context":"https:\/\/schema.org","@graph":[{"@type":"Article","@id":"https:\/\/eldigitaldeasturias.com\/magazine365\/turismo-de-aragon-comienza-su-dispositivo-de-informacion-sobre-la-nieve\/#article","name":"Turismo de Arag\u00f3n comienza su dispositivo de informaci\u00f3n sobre la nieve | El Digital de Asturias","headline":"Turismo de Arag\u00f3n comienza su dispositivo de informaci\u00f3n sobre la nieve","author":{"@id":"https:\/\/eldigitaldeasturias.com\/magazine365\/author\/admin\/#author"},"publisher":{"@id":"https:\/\/eldigitaldeasturias.com\/magazine365\/#organization"},"image":{"@type":"ImageObject","url":"https:\/\/eldigitaldeasturias.com\/magazine365\/wp-content\/uploads\/2015\/12\/fotonoticia_20151127191359_800.jpg","width":800,"height":600},"datePublished":"2015-12-02T11:58:52+01:00","dateModified":"2015-12-02T11:58:52+01:00","inLanguage":"es-ES","mainEntityOfPage":{"@id":"https:\/\/eldigitaldeasturias.com\/magazine365\/turismo-de-aragon-comienza-su-dispositivo-de-informacion-sobre-la-nieve\/#webpage"},"isPartOf":{"@id":"https:\/\/eldigitaldeasturias.com\/magazine365\/turismo-de-aragon-comienza-su-dispositivo-de-informacion-sobre-la-nieve\/#webpage"},"articleSection":"Noticias y Actualidad"},{"@type":"BreadcrumbList","@id":"https:\/\/eldigitaldeasturias.com\/magazine365\/turismo-de-aragon-comienza-su-dispositivo-de-informacion-sobre-la-nieve\/#breadcrumblist","itemListElement":[{"@type":"ListItem","@id":"https:\/\/eldigitaldeasturias.com\/magazine365#listItem","position":1,"name":"Home","item":"https:\/\/eldigitaldeasturias.com\/magazine365","nextItem":{"@type":"ListItem","@id":"https:\/\/eldigitaldeasturias.com\/magazine365\/category\/noticias-actualidad\/#listItem","name":"Noticias y Actualidad"}},{"@type":"ListItem","@id":"https:\/\/eldigitaldeasturias.com\/magazine365\/category\/noticias-actualidad\/#listItem","position":2,"name":"Noticias y Actualidad","item":"https:\/\/eldigitaldeasturias.com\/magazine365\/category\/noticias-actualidad\/","nextItem":{"@type":"ListItem","@id":"https:\/\/eldigitaldeasturias.com\/magazine365\/turismo-de-aragon-comienza-su-dispositivo-de-informacion-sobre-la-nieve\/#listItem","name":"Turismo de Arag\u00f3n comienza su dispositivo de informaci\u00f3n sobre la nieve"},"previousItem":{"@type":"ListItem","@id":"https:\/\/eldigitaldeasturias.com\/magazine365#listItem","name":"Home"}},{"@type":"ListItem","@id":"https:\/\/eldigitaldeasturias.com\/magazine365\/turismo-de-aragon-comienza-su-dispositivo-de-informacion-sobre-la-nieve\/#listItem","position":3,"name":"Turismo de Arag\u00f3n comienza su dispositivo de informaci\u00f3n sobre la nieve","previousItem":{"@type":"ListItem","@id":"https:\/\/eldigitaldeasturias.com\/magazine365\/category\/noticias-actualidad\/#listItem","name":"Noticias y Actualidad"}}]},{"@type":"Organization","@id":"https:\/\/eldigitaldeasturias.com\/magazine365\/#organization","name":"El digital de Asturias","description":"Revista de ocio, turismo y estilo de vida","url":"https:\/\/eldigitaldeasturias.com\/magazine365\/","logo":{"@type":"ImageObject","url":"https:\/\/www.eldigitaldeasturias.com\/noticias\/wp-content\/uploads\/2020\/12\/EDA.jpg","@id":"https:\/\/eldigitaldeasturias.com\/magazine365\/turismo-de-aragon-comienza-su-dispositivo-de-informacion-sobre-la-nieve\/#organizationLogo"},"image":{"@id":"https:\/\/eldigitaldeasturias.com\/magazine365\/turismo-de-aragon-comienza-su-dispositivo-de-informacion-sobre-la-nieve\/#organizationLogo"}},{"@type":"Person","@id":"https:\/\/eldigitaldeasturias.com\/magazine365\/author\/admin\/#author","url":"https:\/\/eldigitaldeasturias.com\/magazine365\/author\/admin\/","name":"admin","image":{"@type":"ImageObject","@id":"https:\/\/eldigitaldeasturias.com\/magazine365\/turismo-de-aragon-comienza-su-dispositivo-de-informacion-sobre-la-nieve\/#authorImage","url":"https:\/\/eldigitaldeasturias.com\/magazine365\/wp-content\/litespeed\/avatar\/e571bcf59a0edd6fa6838245a470f2fe.jpg?ver=1777574230","width":96,"height":96,"caption":"admin"}},{"@type":"WebPage","@id":"https:\/\/eldigitaldeasturias.com\/magazine365\/turismo-de-aragon-comienza-su-dispositivo-de-informacion-sobre-la-nieve\/#webpage","url":"https:\/\/eldigitaldeasturias.com\/magazine365\/turismo-de-aragon-comienza-su-dispositivo-de-informacion-sobre-la-nieve\/","name":"Turismo de Arag\u00f3n comienza su dispositivo de informaci\u00f3n sobre la nieve | El Digital de Asturias","description":"Turismo de Arag\u00f3n ha puesto en marcha el dispositivo de informaci\u00f3n diaria sobre el estado de la nieve en los centros de esqu\u00ed aragoneses, las siete estaciones de esqu\u00ed alpino y los nueve circuitos de fondo. Se emite diariamente y se actualiza en el momento en el que se producen cambios en las estaciones referidos","inLanguage":"es-ES","isPartOf":{"@id":"https:\/\/eldigitaldeasturias.com\/magazine365\/#website"},"breadcrumb":{"@id":"https:\/\/eldigitaldeasturias.com\/magazine365\/turismo-de-aragon-comienza-su-dispositivo-de-informacion-sobre-la-nieve\/#breadcrumblist"},"author":{"@id":"https:\/\/eldigitaldeasturias.com\/magazine365\/author\/admin\/#author"},"creator":{"@id":"https:\/\/eldigitaldeasturias.com\/magazine365\/author\/admin\/#author"},"image":{"@type":"ImageObject","url":"https:\/\/eldigitaldeasturias.com\/magazine365\/wp-content\/uploads\/2015\/12\/fotonoticia_20151127191359_800.jpg","@id":"https:\/\/eldigitaldeasturias.com\/magazine365\/turismo-de-aragon-comienza-su-dispositivo-de-informacion-sobre-la-nieve\/#mainImage","width":800,"height":600},"primaryImageOfPage":{"@id":"https:\/\/eldigitaldeasturias.com\/magazine365\/turismo-de-aragon-comienza-su-dispositivo-de-informacion-sobre-la-nieve\/#mainImage"},"datePublished":"2015-12-02T11:58:52+01:00","dateModified":"2015-12-02T11:58:52+01:00"},{"@type":"WebSite","@id":"https:\/\/eldigitaldeasturias.com\/magazine365\/#website","url":"https:\/\/eldigitaldeasturias.com\/magazine365\/","name":"El Digital de Asturias","description":"Revista de ocio, turismo y estilo de vida","inLanguage":"es-ES","publisher":{"@id":"https:\/\/eldigitaldeasturias.com\/magazine365\/#organization"}}]},"og:locale":"es_ES","og:site_name":"El Digital de Asturias \u2013 Revista de ocio, turismo y estilo de vida","og:type":"article","og:title":"Turismo de Arag\u00f3n comienza su dispositivo de informaci\u00f3n sobre la nieve | El Digital de Asturias","og:description":"Turismo de Arag\u00f3n ha puesto en marcha el dispositivo de informaci\u00f3n diaria sobre el estado de la nieve en los centros de esqu\u00ed aragoneses, las siete estaciones de esqu\u00ed alpino y los nueve circuitos de fondo. Se emite diariamente y se actualiza en el momento en el que se producen cambios en las estaciones referidos","og:url":"https:\/\/eldigitaldeasturias.com\/magazine365\/turismo-de-aragon-comienza-su-dispositivo-de-informacion-sobre-la-nieve\/","og:image":"https:\/\/eldigitaldeasturias.com\/magazine365\/wp-content\/uploads\/2015\/12\/fotonoticia_20151127191359_800.jpg","og:image:secure_url":"https:\/\/eldigitaldeasturias.com\/magazine365\/wp-content\/uploads\/2015\/12\/fotonoticia_20151127191359_800.jpg","og:image:width":800,"og:image:height":600,"article:published_time":"2015-12-02T10:58:52+00:00","article:modified_time":"2015-12-02T10:58:52+00:00","twitter:card":"summary_large_image","twitter:title":"Turismo de Arag\u00f3n comienza su dispositivo de informaci\u00f3n sobre la nieve | El Digital de Asturias","twitter:description":"Turismo de Arag\u00f3n ha puesto en marcha el dispositivo de informaci\u00f3n diaria sobre el estado de la nieve en los centros de esqu\u00ed aragoneses, las siete estaciones de esqu\u00ed alpino y los nueve circuitos de fondo. Se emite diariamente y se actualiza en el momento en el que se producen cambios en las estaciones referidos","twitter:image":"https:\/\/eldigitaldeasturias.com\/magazine365\/wp-content\/uploads\/2015\/12\/fotonoticia_20151127191359_800.jpg"},"aioseo_meta_data":{"post_id":"57164","title":null,"description":null,"keywords":null,"keyphrases":null,"primary_term":null,"canonical_url":null,"og_title":null,"og_description":null,"og_object_type":"default","og_image_type":"default","og_image_url":null,"og_image_width":null,"og_image_height":null,"og_image_custom_url":null,"og_image_custom_fields":null,"og_video":null,"og_custom_url":null,"og_article_section":null,"og_article_tags":null,"twitter_use_og":false,"twitter_card":"default","twitter_image_type":"default","twitter_image_url":null,"twitter_image_custom_url":null,"twitter_image_custom_fields":null,"twitter_title":null,"twitter_description":null,"schema":{"blockGraphs":[],"customGraphs":[],"default":{"data":{"Article":[],"Course":[],"Dataset":[],"FAQPage":[],"Movie":[],"Person":[],"Product":[],"ProductReview":[],"Car":[],"Recipe":[],"Service":[],"SoftwareApplication":[],"WebPage":[]},"graphName":"","isEnabled":true},"graphs":[],"defaultGraph":"","defaultPostTypeGraph":""},"schema_type":null,"schema_type_options":null,"pillar_content":false,"robots_default":true,"robots_noindex":false,"robots_noarchive":false,"robots_nosnippet":false,"robots_nofollow":false,"robots_noimageindex":false,"robots_noodp":false,"robots_notranslate":false,"robots_max_snippet":null,"robots_max_videopreview":null,"robots_max_imagepreview":"large","priority":null,"frequency":null,"location":null,"local_seo":null,"seo_analyzer_scan_date":"2025-09-25 00:18:03","breadcrumb_settings":null,"limit_modified_date":false,"open_ai":null,"ai":null,"created":"2021-03-08 22:46:41","updated":"2025-09-25 00:18:03"},"aioseo_breadcrumb":"<div class=\"aioseo-breadcrumbs\"><span class=\"aioseo-breadcrumb\">\n\t<a href=\"https:\/\/eldigitaldeasturias.com\/magazine365\" title=\"Home\">Home<\/a>\n<\/span><span class=\"aioseo-breadcrumb-separator\">\u2013<\/span><span class=\"aioseo-breadcrumb\">\n\t<a href=\"https:\/\/eldigitaldeasturias.com\/magazine365\/category\/noticias-actualidad\/\" title=\"Noticias y Actualidad\">Noticias y Actualidad<\/a>\n<\/span><span class=\"aioseo-breadcrumb-separator\">\u2013<\/span><span class=\"aioseo-breadcrumb\">\n\t<a href=\"https:\/\/eldigitaldeasturias.com\/magazine365\/turismo-de-aragon-comienza-su-dispositivo-de-informacion-sobre-la-nieve\/\" title=\"Turismo de Arag\u00f3n comienza su dispositivo de informaci\u00f3n sobre la nieve\">Turismo de Arag\u00f3n comienza su dispositivo de informaci\u00f3n sobre la nieve<\/a>\n<\/span><\/div>","aioseo_breadcrumb_json":[{"label":"Home","link":"https:\/\/eldigitaldeasturias.com\/magazine365"},{"label":"Noticias y Actualidad","link":"https:\/\/eldigitaldeasturias.com\/magazine365\/category\/noticias-actualidad\/"},{"label":"Turismo de Arag\u00f3n comienza su dispositivo de informaci\u00f3n sobre la nieve","link":"https:\/\/eldigitaldeasturias.com\/magazine365\/turismo-de-aragon-comienza-su-dispositivo-de-informacion-sobre-la-nieve\/"}],"_links":{"self":[{"href":"https:\/\/eldigitaldeasturias.com\/magazine365\/wp-json\/wp\/v2\/posts\/57164","targetHints":{"allow":["GET"]}}],"collection":[{"href":"https:\/\/eldigitaldeasturias.com\/magazine365\/wp-json\/wp\/v2\/posts"}],"about":[{"href":"https:\/\/eldigitaldeasturias.com\/magazine365\/wp-json\/wp\/v2\/types\/post"}],"author":[{"embeddable":true,"href":"https:\/\/eldigitaldeasturias.com\/magazine365\/wp-json\/wp\/v2\/users\/1"}],"replies":[{"embeddable":true,"href":"https:\/\/eldigitaldeasturias.com\/magazine365\/wp-json\/wp\/v2\/comments?post=57164"}],"version-history":[{"count":0,"href":"https:\/\/eldigitaldeasturias.com\/magazine365\/wp-json\/wp\/v2\/posts\/57164\/revisions"}],"wp:featuredmedia":[{"embeddable":true,"href":"https:\/\/eldigitaldeasturias.com\/magazine365\/wp-json\/wp\/v2\/media\/57165"}],"wp:attachment":[{"href":"https:\/\/eldigitaldeasturias.com\/magazine365\/wp-json\/wp\/v2\/media?parent=57164"}],"wp:term":[{"taxonomy":"category","embeddable":true,"href":"https:\/\/eldigitaldeasturias.com\/magazine365\/wp-json\/wp\/v2\/categories?post=57164"},{"taxonomy":"post_tag","embeddable":true,"href":"https:\/\/eldigitaldeasturias.com\/magazine365\/wp-json\/wp\/v2\/tags?post=57164"}],"curies":[{"name":"wp","href":"https:\/\/api.w.org\/{rel}","templated":true}]}}