{"id":57111,"date":"2015-12-02T11:35:40","date_gmt":"2015-12-02T10:35:40","guid":{"rendered":"http:\/\/eldigitaldeasturias.com\/magazine365\/?p=57111"},"modified":"2015-12-02T11:35:40","modified_gmt":"2015-12-02T10:35:40","slug":"el-psoe-exigira-en-el-parlamento-la-construccion-de-la-segunda-pista-del-aeropuerto-tenerife-sur","status":"publish","type":"post","link":"https:\/\/eldigitaldeasturias.com\/magazine365\/el-psoe-exigira-en-el-parlamento-la-construccion-de-la-segunda-pista-del-aeropuerto-tenerife-sur\/","title":{"rendered":"El PSOE exigir\u00e1 en el Parlamento la construcci\u00f3n de la segunda pista del Aeropuerto Tenerife Sur"},"content":{"rendered":"<p><img fetchpriority=\"high\" decoding=\"async\" class=\"alignleft size-medium wp-image-57112\" src=\"https:\/\/eldigitaldeasturias.com\/magazine365\/wp-content\/uploads\/2015\/12\/fotonoticia_20151127154401_800-200x300.jpg\" alt=\"fotonoticia_20151127154401_800\" width=\"200\" height=\"300\" srcset=\"https:\/\/eldigitaldeasturias.com\/magazine365\/wp-content\/uploads\/2015\/12\/fotonoticia_20151127154401_800-200x300.jpg 200w, https:\/\/eldigitaldeasturias.com\/magazine365\/wp-content\/uploads\/2015\/12\/fotonoticia_20151127154401_800-427x640.jpg 427w, https:\/\/eldigitaldeasturias.com\/magazine365\/wp-content\/uploads\/2015\/12\/fotonoticia_20151127154401_800-768x1152.jpg 768w, https:\/\/eldigitaldeasturias.com\/magazine365\/wp-content\/uploads\/2015\/12\/fotonoticia_20151127154401_800-150x225.jpg 150w, https:\/\/eldigitaldeasturias.com\/magazine365\/wp-content\/uploads\/2015\/12\/fotonoticia_20151127154401_800-450x675.jpg 450w, https:\/\/eldigitaldeasturias.com\/magazine365\/wp-content\/uploads\/2015\/12\/fotonoticia_20151127154401_800-696x1044.jpg 696w, https:\/\/eldigitaldeasturias.com\/magazine365\/wp-content\/uploads\/2015\/12\/fotonoticia_20151127154401_800-280x420.jpg 280w, https:\/\/eldigitaldeasturias.com\/magazine365\/wp-content\/uploads\/2015\/12\/fotonoticia_20151127154401_800.jpg 800w\" sizes=\"(max-width: 200px) 100vw, 200px\" \/>El Grupo Parlamentario Socialista ha presentado una proposici\u00f3n no de ley con la que busca que la C\u00e1mara acuerde solicitar al Gobierno de Espa\u00f1a que ejecute, cuanto antes y a trav\u00e9s del Ministerio de Fomento y AENA, los trabajos de construcci\u00f3n de la segunda pista del aeropuerto Tenerife Sur.<\/p>\n<p>El diputado Gustavo Matos recuerda en una nota que hace apenas unos d\u00edas, el recinto se vio obligado a cerrar sus operaciones a\u00e9reas durante m\u00e1s de cinco horas debido a un problema t\u00e9cnico en una aeronave en la maniobra de despegue, que origin\u00f3 el bloqueo de la pista. Como consecuencia, m\u00e1s de 28 vuelos fueron desviados a otros aeropuertos de Canarias hasta que se recuper\u00f3 la normalidad en Tenerife Sur.<\/p>\n<p>\u00abEste incidente ha puesto de manifiesto la vulnerabilidad de una de las principales infraestructuras aeroportuarias de Canarias y las negativas consecuencias que acarrea para el sector tur\u00edstico de las islas\u00bb, se\u00f1ala.<\/p>\n<p>Matos explica que ante la evidencia de que es el turismo el motor que en estos momentos \u00abest\u00e1 tirando con m\u00e1s fuerza\u00bb de la econom\u00eda del archipi\u00e9lago, con un peso important\u00edsimo en el PIB y en datos de empleo, se hace \u00abimprescindible\u00bb ejecutar medidas que refuercen una infraestructura estrat\u00e9gica como el aeropuerto Tenerife Sur.<\/p>\n<p>En este sentido, insiste en que la construcci\u00f3n de la segunda pista \u00abes ya una necesidad inaplazable que se ha puesto de manifiesto con el incidente sucedido el d\u00eda 23 de noviembre\u00bb, y hace hincapi\u00e9 en que por este motivo, debe exigirse a AENA y al Ministerio de Fomento que tomen las medidas precisas acometer la segunda pista.<\/p>\n","protected":false},"excerpt":{"rendered":"<p>El Grupo Parlamentario Socialista ha presentado una proposici\u00f3n no de ley con la que busca que la C\u00e1mara acuerde solicitar al Gobierno de Espa\u00f1a que ejecute, cuanto antes y a trav\u00e9s del Ministerio de Fomento y AENA, los trabajos de construcci\u00f3n de la segunda pista del aeropuerto Tenerife Sur. El diputado Gustavo Matos recuerda en<\/p>\n","protected":false},"author":1,"featured_media":57112,"comment_status":"open","ping_status":"closed","sticky":false,"template":"","format":"standard","meta":{"footnotes":""},"categories":[224],"tags":[],"class_list":{"0":"post-57111","1":"post","2":"type-post","3":"status-publish","4":"format-standard","5":"has-post-thumbnail","7":"category-noticias-actualidad"},"aioseo_notices":[],"aioseo_head":"\n\t\t<!-- All in One SEO Pro 4.9.6.1 - aioseo.com -->\n\t<meta name=\"description\" content=\"El Grupo Parlamentario Socialista ha presentado una proposici\u00f3n no de ley con la que busca que la C\u00e1mara acuerde solicitar al Gobierno de Espa\u00f1a que ejecute, cuanto antes y a trav\u00e9s del Ministerio de Fomento y AENA, los trabajos de construcci\u00f3n de la segunda pista del aeropuerto Tenerife Sur. El diputado Gustavo Matos recuerda en\" \/>\n\t<meta name=\"robots\" content=\"max-image-preview:large\" \/>\n\t<meta name=\"author\" content=\"admin\"\/>\n\t<meta name=\"google-site-verification\" content=\"UA-38556648-1\" \/>\n\t<meta name=\"keywords\" content=\"noticias y actualidad\" \/>\n\t<link rel=\"canonical\" href=\"https:\/\/eldigitaldeasturias.com\/magazine365\/el-psoe-exigira-en-el-parlamento-la-construccion-de-la-segunda-pista-del-aeropuerto-tenerife-sur\/\" \/>\n\t<meta name=\"generator\" content=\"All in One SEO Pro (AIOSEO) 4.9.6.1\" \/>\n\t\t<meta property=\"og:locale\" content=\"es_ES\" \/>\n\t\t<meta property=\"og:site_name\" content=\"El Digital de Asturias \u2013 Revista de ocio, turismo y estilo de vida\" \/>\n\t\t<meta property=\"og:type\" content=\"article\" \/>\n\t\t<meta property=\"og:title\" content=\"El PSOE exigir\u00e1 en el Parlamento la construcci\u00f3n de la segunda pista del Aeropuerto Tenerife Sur | El Digital de Asturias\" \/>\n\t\t<meta property=\"og:description\" content=\"El Grupo Parlamentario Socialista ha presentado una proposici\u00f3n no de ley con la que busca que la C\u00e1mara acuerde solicitar al Gobierno de Espa\u00f1a que ejecute, cuanto antes y a trav\u00e9s del Ministerio de Fomento y AENA, los trabajos de construcci\u00f3n de la segunda pista del aeropuerto Tenerife Sur. El diputado Gustavo Matos recuerda en\" \/>\n\t\t<meta property=\"og:url\" content=\"https:\/\/eldigitaldeasturias.com\/magazine365\/el-psoe-exigira-en-el-parlamento-la-construccion-de-la-segunda-pista-del-aeropuerto-tenerife-sur\/\" \/>\n\t\t<meta property=\"og:image\" content=\"https:\/\/eldigitaldeasturias.com\/magazine365\/wp-content\/uploads\/2015\/12\/fotonoticia_20151127154401_800.jpg\" \/>\n\t\t<meta property=\"og:image:secure_url\" content=\"https:\/\/eldigitaldeasturias.com\/magazine365\/wp-content\/uploads\/2015\/12\/fotonoticia_20151127154401_800.jpg\" \/>\n\t\t<meta property=\"og:image:width\" content=\"800\" \/>\n\t\t<meta property=\"og:image:height\" content=\"1200\" \/>\n\t\t<meta property=\"article:published_time\" content=\"2015-12-02T10:35:40+00:00\" \/>\n\t\t<meta property=\"article:modified_time\" content=\"2015-12-02T10:35:40+00:00\" \/>\n\t\t<meta name=\"twitter:card\" content=\"summary_large_image\" \/>\n\t\t<meta name=\"twitter:title\" content=\"El PSOE exigir\u00e1 en el Parlamento la construcci\u00f3n de la segunda pista del Aeropuerto Tenerife Sur | El Digital de Asturias\" \/>\n\t\t<meta name=\"twitter:description\" content=\"El Grupo Parlamentario Socialista ha presentado una proposici\u00f3n no de ley con la que busca que la C\u00e1mara acuerde solicitar al Gobierno de Espa\u00f1a que ejecute, cuanto antes y a trav\u00e9s del Ministerio de Fomento y AENA, los trabajos de construcci\u00f3n de la segunda pista del aeropuerto Tenerife Sur. El diputado Gustavo Matos recuerda en\" \/>\n\t\t<meta name=\"twitter:image\" content=\"https:\/\/eldigitaldeasturias.com\/magazine365\/wp-content\/uploads\/2015\/12\/fotonoticia_20151127154401_800.jpg\" \/>\n\t\t<script type=\"application\/ld+json\" class=\"aioseo-schema\">\n\t\t\t{\"@context\":\"https:\\\/\\\/schema.org\",\"@graph\":[{\"@type\":\"Article\",\"@id\":\"https:\\\/\\\/eldigitaldeasturias.com\\\/magazine365\\\/el-psoe-exigira-en-el-parlamento-la-construccion-de-la-segunda-pista-del-aeropuerto-tenerife-sur\\\/#article\",\"name\":\"El PSOE exigir\\u00e1 en el Parlamento la construcci\\u00f3n de la segunda pista del Aeropuerto Tenerife Sur | El Digital de Asturias\",\"headline\":\"El PSOE exigir\\u00e1 en el Parlamento la construcci\\u00f3n de la segunda pista del Aeropuerto Tenerife Sur\",\"author\":{\"@id\":\"https:\\\/\\\/eldigitaldeasturias.com\\\/magazine365\\\/author\\\/admin\\\/#author\"},\"publisher\":{\"@id\":\"https:\\\/\\\/eldigitaldeasturias.com\\\/magazine365\\\/#organization\"},\"image\":{\"@type\":\"ImageObject\",\"url\":\"https:\\\/\\\/eldigitaldeasturias.com\\\/magazine365\\\/wp-content\\\/uploads\\\/2015\\\/12\\\/fotonoticia_20151127154401_800.jpg\",\"width\":800,\"height\":1200},\"datePublished\":\"2015-12-02T11:35:40+01:00\",\"dateModified\":\"2015-12-02T11:35:40+01:00\",\"inLanguage\":\"es-ES\",\"mainEntityOfPage\":{\"@id\":\"https:\\\/\\\/eldigitaldeasturias.com\\\/magazine365\\\/el-psoe-exigira-en-el-parlamento-la-construccion-de-la-segunda-pista-del-aeropuerto-tenerife-sur\\\/#webpage\"},\"isPartOf\":{\"@id\":\"https:\\\/\\\/eldigitaldeasturias.com\\\/magazine365\\\/el-psoe-exigira-en-el-parlamento-la-construccion-de-la-segunda-pista-del-aeropuerto-tenerife-sur\\\/#webpage\"},\"articleSection\":\"Noticias y Actualidad\"},{\"@type\":\"BreadcrumbList\",\"@id\":\"https:\\\/\\\/eldigitaldeasturias.com\\\/magazine365\\\/el-psoe-exigira-en-el-parlamento-la-construccion-de-la-segunda-pista-del-aeropuerto-tenerife-sur\\\/#breadcrumblist\",\"itemListElement\":[{\"@type\":\"ListItem\",\"@id\":\"https:\\\/\\\/eldigitaldeasturias.com\\\/magazine365#listItem\",\"position\":1,\"name\":\"Home\",\"item\":\"https:\\\/\\\/eldigitaldeasturias.com\\\/magazine365\",\"nextItem\":{\"@type\":\"ListItem\",\"@id\":\"https:\\\/\\\/eldigitaldeasturias.com\\\/magazine365\\\/category\\\/noticias-actualidad\\\/#listItem\",\"name\":\"Noticias y Actualidad\"}},{\"@type\":\"ListItem\",\"@id\":\"https:\\\/\\\/eldigitaldeasturias.com\\\/magazine365\\\/category\\\/noticias-actualidad\\\/#listItem\",\"position\":2,\"name\":\"Noticias y Actualidad\",\"item\":\"https:\\\/\\\/eldigitaldeasturias.com\\\/magazine365\\\/category\\\/noticias-actualidad\\\/\",\"nextItem\":{\"@type\":\"ListItem\",\"@id\":\"https:\\\/\\\/eldigitaldeasturias.com\\\/magazine365\\\/el-psoe-exigira-en-el-parlamento-la-construccion-de-la-segunda-pista-del-aeropuerto-tenerife-sur\\\/#listItem\",\"name\":\"El PSOE exigir\\u00e1 en el Parlamento la construcci\\u00f3n de la segunda pista del Aeropuerto Tenerife Sur\"},\"previousItem\":{\"@type\":\"ListItem\",\"@id\":\"https:\\\/\\\/eldigitaldeasturias.com\\\/magazine365#listItem\",\"name\":\"Home\"}},{\"@type\":\"ListItem\",\"@id\":\"https:\\\/\\\/eldigitaldeasturias.com\\\/magazine365\\\/el-psoe-exigira-en-el-parlamento-la-construccion-de-la-segunda-pista-del-aeropuerto-tenerife-sur\\\/#listItem\",\"position\":3,\"name\":\"El PSOE exigir\\u00e1 en el Parlamento la construcci\\u00f3n de la segunda pista del Aeropuerto Tenerife Sur\",\"previousItem\":{\"@type\":\"ListItem\",\"@id\":\"https:\\\/\\\/eldigitaldeasturias.com\\\/magazine365\\\/category\\\/noticias-actualidad\\\/#listItem\",\"name\":\"Noticias y Actualidad\"}}]},{\"@type\":\"Organization\",\"@id\":\"https:\\\/\\\/eldigitaldeasturias.com\\\/magazine365\\\/#organization\",\"name\":\"El digital de Asturias\",\"description\":\"Revista de ocio, turismo y estilo de vida\",\"url\":\"https:\\\/\\\/eldigitaldeasturias.com\\\/magazine365\\\/\",\"logo\":{\"@type\":\"ImageObject\",\"url\":\"https:\\\/\\\/www.eldigitaldeasturias.com\\\/noticias\\\/wp-content\\\/uploads\\\/2020\\\/12\\\/EDA.jpg\",\"@id\":\"https:\\\/\\\/eldigitaldeasturias.com\\\/magazine365\\\/el-psoe-exigira-en-el-parlamento-la-construccion-de-la-segunda-pista-del-aeropuerto-tenerife-sur\\\/#organizationLogo\"},\"image\":{\"@id\":\"https:\\\/\\\/eldigitaldeasturias.com\\\/magazine365\\\/el-psoe-exigira-en-el-parlamento-la-construccion-de-la-segunda-pista-del-aeropuerto-tenerife-sur\\\/#organizationLogo\"}},{\"@type\":\"Person\",\"@id\":\"https:\\\/\\\/eldigitaldeasturias.com\\\/magazine365\\\/author\\\/admin\\\/#author\",\"url\":\"https:\\\/\\\/eldigitaldeasturias.com\\\/magazine365\\\/author\\\/admin\\\/\",\"name\":\"admin\",\"image\":{\"@type\":\"ImageObject\",\"@id\":\"https:\\\/\\\/eldigitaldeasturias.com\\\/magazine365\\\/el-psoe-exigira-en-el-parlamento-la-construccion-de-la-segunda-pista-del-aeropuerto-tenerife-sur\\\/#authorImage\",\"url\":\"https:\\\/\\\/eldigitaldeasturias.com\\\/magazine365\\\/wp-content\\\/litespeed\\\/avatar\\\/e571bcf59a0edd6fa6838245a470f2fe.jpg?ver=1777574230\",\"width\":96,\"height\":96,\"caption\":\"admin\"}},{\"@type\":\"WebPage\",\"@id\":\"https:\\\/\\\/eldigitaldeasturias.com\\\/magazine365\\\/el-psoe-exigira-en-el-parlamento-la-construccion-de-la-segunda-pista-del-aeropuerto-tenerife-sur\\\/#webpage\",\"url\":\"https:\\\/\\\/eldigitaldeasturias.com\\\/magazine365\\\/el-psoe-exigira-en-el-parlamento-la-construccion-de-la-segunda-pista-del-aeropuerto-tenerife-sur\\\/\",\"name\":\"El PSOE exigir\\u00e1 en el Parlamento la construcci\\u00f3n de la segunda pista del Aeropuerto Tenerife Sur | El Digital de Asturias\",\"description\":\"El Grupo Parlamentario Socialista ha presentado una proposici\\u00f3n no de ley con la que busca que la C\\u00e1mara acuerde solicitar al Gobierno de Espa\\u00f1a que ejecute, cuanto antes y a trav\\u00e9s del Ministerio de Fomento y AENA, los trabajos de construcci\\u00f3n de la segunda pista del aeropuerto Tenerife Sur. El diputado Gustavo Matos recuerda en\",\"inLanguage\":\"es-ES\",\"isPartOf\":{\"@id\":\"https:\\\/\\\/eldigitaldeasturias.com\\\/magazine365\\\/#website\"},\"breadcrumb\":{\"@id\":\"https:\\\/\\\/eldigitaldeasturias.com\\\/magazine365\\\/el-psoe-exigira-en-el-parlamento-la-construccion-de-la-segunda-pista-del-aeropuerto-tenerife-sur\\\/#breadcrumblist\"},\"author\":{\"@id\":\"https:\\\/\\\/eldigitaldeasturias.com\\\/magazine365\\\/author\\\/admin\\\/#author\"},\"creator\":{\"@id\":\"https:\\\/\\\/eldigitaldeasturias.com\\\/magazine365\\\/author\\\/admin\\\/#author\"},\"image\":{\"@type\":\"ImageObject\",\"url\":\"https:\\\/\\\/eldigitaldeasturias.com\\\/magazine365\\\/wp-content\\\/uploads\\\/2015\\\/12\\\/fotonoticia_20151127154401_800.jpg\",\"@id\":\"https:\\\/\\\/eldigitaldeasturias.com\\\/magazine365\\\/el-psoe-exigira-en-el-parlamento-la-construccion-de-la-segunda-pista-del-aeropuerto-tenerife-sur\\\/#mainImage\",\"width\":800,\"height\":1200},\"primaryImageOfPage\":{\"@id\":\"https:\\\/\\\/eldigitaldeasturias.com\\\/magazine365\\\/el-psoe-exigira-en-el-parlamento-la-construccion-de-la-segunda-pista-del-aeropuerto-tenerife-sur\\\/#mainImage\"},\"datePublished\":\"2015-12-02T11:35:40+01:00\",\"dateModified\":\"2015-12-02T11:35:40+01:00\"},{\"@type\":\"WebSite\",\"@id\":\"https:\\\/\\\/eldigitaldeasturias.com\\\/magazine365\\\/#website\",\"url\":\"https:\\\/\\\/eldigitaldeasturias.com\\\/magazine365\\\/\",\"name\":\"El Digital de Asturias\",\"description\":\"Revista de ocio, turismo y estilo de vida\",\"inLanguage\":\"es-ES\",\"publisher\":{\"@id\":\"https:\\\/\\\/eldigitaldeasturias.com\\\/magazine365\\\/#organization\"}}]}\n\t\t<\/script>\n\t\t<!-- All in One SEO Pro -->\r\n\t\t<title>El PSOE exigir\u00e1 en el Parlamento la construcci\u00f3n de la segunda pista del Aeropuerto Tenerife Sur | El Digital de Asturias<\/title>\n\n","aioseo_head_json":{"title":"El PSOE exigir\u00e1 en el Parlamento la construcci\u00f3n de la segunda pista del Aeropuerto Tenerife Sur | El Digital de Asturias","description":"El Grupo Parlamentario Socialista ha presentado una proposici\u00f3n no de ley con la que busca que la C\u00e1mara acuerde solicitar al Gobierno de Espa\u00f1a que ejecute, cuanto antes y a trav\u00e9s del Ministerio de Fomento y AENA, los trabajos de construcci\u00f3n de la segunda pista del aeropuerto Tenerife Sur. El diputado Gustavo Matos recuerda en","canonical_url":"https:\/\/eldigitaldeasturias.com\/magazine365\/el-psoe-exigira-en-el-parlamento-la-construccion-de-la-segunda-pista-del-aeropuerto-tenerife-sur\/","robots":"max-image-preview:large","keywords":"noticias y actualidad","webmasterTools":{"google-site-verification":"UA-38556648-1","miscellaneous":""},"schema":{"@context":"https:\/\/schema.org","@graph":[{"@type":"Article","@id":"https:\/\/eldigitaldeasturias.com\/magazine365\/el-psoe-exigira-en-el-parlamento-la-construccion-de-la-segunda-pista-del-aeropuerto-tenerife-sur\/#article","name":"El PSOE exigir\u00e1 en el Parlamento la construcci\u00f3n de la segunda pista del Aeropuerto Tenerife Sur | El Digital de Asturias","headline":"El PSOE exigir\u00e1 en el Parlamento la construcci\u00f3n de la segunda pista del Aeropuerto Tenerife Sur","author":{"@id":"https:\/\/eldigitaldeasturias.com\/magazine365\/author\/admin\/#author"},"publisher":{"@id":"https:\/\/eldigitaldeasturias.com\/magazine365\/#organization"},"image":{"@type":"ImageObject","url":"https:\/\/eldigitaldeasturias.com\/magazine365\/wp-content\/uploads\/2015\/12\/fotonoticia_20151127154401_800.jpg","width":800,"height":1200},"datePublished":"2015-12-02T11:35:40+01:00","dateModified":"2015-12-02T11:35:40+01:00","inLanguage":"es-ES","mainEntityOfPage":{"@id":"https:\/\/eldigitaldeasturias.com\/magazine365\/el-psoe-exigira-en-el-parlamento-la-construccion-de-la-segunda-pista-del-aeropuerto-tenerife-sur\/#webpage"},"isPartOf":{"@id":"https:\/\/eldigitaldeasturias.com\/magazine365\/el-psoe-exigira-en-el-parlamento-la-construccion-de-la-segunda-pista-del-aeropuerto-tenerife-sur\/#webpage"},"articleSection":"Noticias y Actualidad"},{"@type":"BreadcrumbList","@id":"https:\/\/eldigitaldeasturias.com\/magazine365\/el-psoe-exigira-en-el-parlamento-la-construccion-de-la-segunda-pista-del-aeropuerto-tenerife-sur\/#breadcrumblist","itemListElement":[{"@type":"ListItem","@id":"https:\/\/eldigitaldeasturias.com\/magazine365#listItem","position":1,"name":"Home","item":"https:\/\/eldigitaldeasturias.com\/magazine365","nextItem":{"@type":"ListItem","@id":"https:\/\/eldigitaldeasturias.com\/magazine365\/category\/noticias-actualidad\/#listItem","name":"Noticias y Actualidad"}},{"@type":"ListItem","@id":"https:\/\/eldigitaldeasturias.com\/magazine365\/category\/noticias-actualidad\/#listItem","position":2,"name":"Noticias y Actualidad","item":"https:\/\/eldigitaldeasturias.com\/magazine365\/category\/noticias-actualidad\/","nextItem":{"@type":"ListItem","@id":"https:\/\/eldigitaldeasturias.com\/magazine365\/el-psoe-exigira-en-el-parlamento-la-construccion-de-la-segunda-pista-del-aeropuerto-tenerife-sur\/#listItem","name":"El PSOE exigir\u00e1 en el Parlamento la construcci\u00f3n de la segunda pista del Aeropuerto Tenerife Sur"},"previousItem":{"@type":"ListItem","@id":"https:\/\/eldigitaldeasturias.com\/magazine365#listItem","name":"Home"}},{"@type":"ListItem","@id":"https:\/\/eldigitaldeasturias.com\/magazine365\/el-psoe-exigira-en-el-parlamento-la-construccion-de-la-segunda-pista-del-aeropuerto-tenerife-sur\/#listItem","position":3,"name":"El PSOE exigir\u00e1 en el Parlamento la construcci\u00f3n de la segunda pista del Aeropuerto Tenerife Sur","previousItem":{"@type":"ListItem","@id":"https:\/\/eldigitaldeasturias.com\/magazine365\/category\/noticias-actualidad\/#listItem","name":"Noticias y Actualidad"}}]},{"@type":"Organization","@id":"https:\/\/eldigitaldeasturias.com\/magazine365\/#organization","name":"El digital de Asturias","description":"Revista de ocio, turismo y estilo de vida","url":"https:\/\/eldigitaldeasturias.com\/magazine365\/","logo":{"@type":"ImageObject","url":"https:\/\/www.eldigitaldeasturias.com\/noticias\/wp-content\/uploads\/2020\/12\/EDA.jpg","@id":"https:\/\/eldigitaldeasturias.com\/magazine365\/el-psoe-exigira-en-el-parlamento-la-construccion-de-la-segunda-pista-del-aeropuerto-tenerife-sur\/#organizationLogo"},"image":{"@id":"https:\/\/eldigitaldeasturias.com\/magazine365\/el-psoe-exigira-en-el-parlamento-la-construccion-de-la-segunda-pista-del-aeropuerto-tenerife-sur\/#organizationLogo"}},{"@type":"Person","@id":"https:\/\/eldigitaldeasturias.com\/magazine365\/author\/admin\/#author","url":"https:\/\/eldigitaldeasturias.com\/magazine365\/author\/admin\/","name":"admin","image":{"@type":"ImageObject","@id":"https:\/\/eldigitaldeasturias.com\/magazine365\/el-psoe-exigira-en-el-parlamento-la-construccion-de-la-segunda-pista-del-aeropuerto-tenerife-sur\/#authorImage","url":"https:\/\/eldigitaldeasturias.com\/magazine365\/wp-content\/litespeed\/avatar\/e571bcf59a0edd6fa6838245a470f2fe.jpg?ver=1777574230","width":96,"height":96,"caption":"admin"}},{"@type":"WebPage","@id":"https:\/\/eldigitaldeasturias.com\/magazine365\/el-psoe-exigira-en-el-parlamento-la-construccion-de-la-segunda-pista-del-aeropuerto-tenerife-sur\/#webpage","url":"https:\/\/eldigitaldeasturias.com\/magazine365\/el-psoe-exigira-en-el-parlamento-la-construccion-de-la-segunda-pista-del-aeropuerto-tenerife-sur\/","name":"El PSOE exigir\u00e1 en el Parlamento la construcci\u00f3n de la segunda pista del Aeropuerto Tenerife Sur | El Digital de Asturias","description":"El Grupo Parlamentario Socialista ha presentado una proposici\u00f3n no de ley con la que busca que la C\u00e1mara acuerde solicitar al Gobierno de Espa\u00f1a que ejecute, cuanto antes y a trav\u00e9s del Ministerio de Fomento y AENA, los trabajos de construcci\u00f3n de la segunda pista del aeropuerto Tenerife Sur. El diputado Gustavo Matos recuerda en","inLanguage":"es-ES","isPartOf":{"@id":"https:\/\/eldigitaldeasturias.com\/magazine365\/#website"},"breadcrumb":{"@id":"https:\/\/eldigitaldeasturias.com\/magazine365\/el-psoe-exigira-en-el-parlamento-la-construccion-de-la-segunda-pista-del-aeropuerto-tenerife-sur\/#breadcrumblist"},"author":{"@id":"https:\/\/eldigitaldeasturias.com\/magazine365\/author\/admin\/#author"},"creator":{"@id":"https:\/\/eldigitaldeasturias.com\/magazine365\/author\/admin\/#author"},"image":{"@type":"ImageObject","url":"https:\/\/eldigitaldeasturias.com\/magazine365\/wp-content\/uploads\/2015\/12\/fotonoticia_20151127154401_800.jpg","@id":"https:\/\/eldigitaldeasturias.com\/magazine365\/el-psoe-exigira-en-el-parlamento-la-construccion-de-la-segunda-pista-del-aeropuerto-tenerife-sur\/#mainImage","width":800,"height":1200},"primaryImageOfPage":{"@id":"https:\/\/eldigitaldeasturias.com\/magazine365\/el-psoe-exigira-en-el-parlamento-la-construccion-de-la-segunda-pista-del-aeropuerto-tenerife-sur\/#mainImage"},"datePublished":"2015-12-02T11:35:40+01:00","dateModified":"2015-12-02T11:35:40+01:00"},{"@type":"WebSite","@id":"https:\/\/eldigitaldeasturias.com\/magazine365\/#website","url":"https:\/\/eldigitaldeasturias.com\/magazine365\/","name":"El Digital de Asturias","description":"Revista de ocio, turismo y estilo de vida","inLanguage":"es-ES","publisher":{"@id":"https:\/\/eldigitaldeasturias.com\/magazine365\/#organization"}}]},"og:locale":"es_ES","og:site_name":"El Digital de Asturias \u2013 Revista de ocio, turismo y estilo de vida","og:type":"article","og:title":"El PSOE exigir\u00e1 en el Parlamento la construcci\u00f3n de la segunda pista del Aeropuerto Tenerife Sur | El Digital de Asturias","og:description":"El Grupo Parlamentario Socialista ha presentado una proposici\u00f3n no de ley con la que busca que la C\u00e1mara acuerde solicitar al Gobierno de Espa\u00f1a que ejecute, cuanto antes y a trav\u00e9s del Ministerio de Fomento y AENA, los trabajos de construcci\u00f3n de la segunda pista del aeropuerto Tenerife Sur. El diputado Gustavo Matos recuerda en","og:url":"https:\/\/eldigitaldeasturias.com\/magazine365\/el-psoe-exigira-en-el-parlamento-la-construccion-de-la-segunda-pista-del-aeropuerto-tenerife-sur\/","og:image":"https:\/\/eldigitaldeasturias.com\/magazine365\/wp-content\/uploads\/2015\/12\/fotonoticia_20151127154401_800.jpg","og:image:secure_url":"https:\/\/eldigitaldeasturias.com\/magazine365\/wp-content\/uploads\/2015\/12\/fotonoticia_20151127154401_800.jpg","og:image:width":800,"og:image:height":1200,"article:published_time":"2015-12-02T10:35:40+00:00","article:modified_time":"2015-12-02T10:35:40+00:00","twitter:card":"summary_large_image","twitter:title":"El PSOE exigir\u00e1 en el Parlamento la construcci\u00f3n de la segunda pista del Aeropuerto Tenerife Sur | El Digital de Asturias","twitter:description":"El Grupo Parlamentario Socialista ha presentado una proposici\u00f3n no de ley con la que busca que la C\u00e1mara acuerde solicitar al Gobierno de Espa\u00f1a que ejecute, cuanto antes y a trav\u00e9s del Ministerio de Fomento y AENA, los trabajos de construcci\u00f3n de la segunda pista del aeropuerto Tenerife Sur. El diputado Gustavo Matos recuerda en","twitter:image":"https:\/\/eldigitaldeasturias.com\/magazine365\/wp-content\/uploads\/2015\/12\/fotonoticia_20151127154401_800.jpg"},"aioseo_meta_data":{"post_id":"57111","title":null,"description":null,"keywords":null,"keyphrases":null,"primary_term":null,"canonical_url":null,"og_title":null,"og_description":null,"og_object_type":"default","og_image_type":"default","og_image_url":null,"og_image_width":null,"og_image_height":null,"og_image_custom_url":null,"og_image_custom_fields":null,"og_video":null,"og_custom_url":null,"og_article_section":null,"og_article_tags":null,"twitter_use_og":false,"twitter_card":"default","twitter_image_type":"default","twitter_image_url":null,"twitter_image_custom_url":null,"twitter_image_custom_fields":null,"twitter_title":null,"twitter_description":null,"schema":{"blockGraphs":[],"customGraphs":[],"default":{"data":{"Article":[],"Course":[],"Dataset":[],"FAQPage":[],"Movie":[],"Person":[],"Product":[],"ProductReview":[],"Car":[],"Recipe":[],"Service":[],"SoftwareApplication":[],"WebPage":[]},"graphName":"","isEnabled":true},"graphs":[]},"schema_type":null,"schema_type_options":null,"pillar_content":false,"robots_default":true,"robots_noindex":false,"robots_noarchive":false,"robots_nosnippet":false,"robots_nofollow":false,"robots_noimageindex":false,"robots_noodp":false,"robots_notranslate":false,"robots_max_snippet":null,"robots_max_videopreview":null,"robots_max_imagepreview":"large","priority":null,"frequency":null,"location":null,"local_seo":null,"seo_analyzer_scan_date":"2025-09-25 00:11:40","breadcrumb_settings":null,"limit_modified_date":false,"open_ai":null,"ai":null,"created":"2021-03-08 22:47:48","updated":"2025-09-25 00:11:40"},"aioseo_breadcrumb":"<div class=\"aioseo-breadcrumbs\"><span class=\"aioseo-breadcrumb\">\n\t<a href=\"https:\/\/eldigitaldeasturias.com\/magazine365\" title=\"Home\">Home<\/a>\n<\/span><span class=\"aioseo-breadcrumb-separator\">\u2013<\/span><span class=\"aioseo-breadcrumb\">\n\t<a href=\"https:\/\/eldigitaldeasturias.com\/magazine365\/category\/noticias-actualidad\/\" title=\"Noticias y Actualidad\">Noticias y Actualidad<\/a>\n<\/span><span class=\"aioseo-breadcrumb-separator\">\u2013<\/span><span class=\"aioseo-breadcrumb\">\n\t<a href=\"https:\/\/eldigitaldeasturias.com\/magazine365\/el-psoe-exigira-en-el-parlamento-la-construccion-de-la-segunda-pista-del-aeropuerto-tenerife-sur\/\" title=\"El PSOE exigir\u00e1 en el Parlamento la construcci\u00f3n de la segunda pista del Aeropuerto Tenerife Sur\">El PSOE exigir\u00e1 en el Parlamento la construcci\u00f3n de la segunda pista del Aeropuerto Tenerife Sur<\/a>\n<\/span><\/div>","aioseo_breadcrumb_json":[{"label":"Home","link":"https:\/\/eldigitaldeasturias.com\/magazine365"},{"label":"Noticias y Actualidad","link":"https:\/\/eldigitaldeasturias.com\/magazine365\/category\/noticias-actualidad\/"},{"label":"El PSOE exigir\u00e1 en el Parlamento la construcci\u00f3n de la segunda pista del Aeropuerto Tenerife Sur","link":"https:\/\/eldigitaldeasturias.com\/magazine365\/el-psoe-exigira-en-el-parlamento-la-construccion-de-la-segunda-pista-del-aeropuerto-tenerife-sur\/"}],"_links":{"self":[{"href":"https:\/\/eldigitaldeasturias.com\/magazine365\/wp-json\/wp\/v2\/posts\/57111","targetHints":{"allow":["GET"]}}],"collection":[{"href":"https:\/\/eldigitaldeasturias.com\/magazine365\/wp-json\/wp\/v2\/posts"}],"about":[{"href":"https:\/\/eldigitaldeasturias.com\/magazine365\/wp-json\/wp\/v2\/types\/post"}],"author":[{"embeddable":true,"href":"https:\/\/eldigitaldeasturias.com\/magazine365\/wp-json\/wp\/v2\/users\/1"}],"replies":[{"embeddable":true,"href":"https:\/\/eldigitaldeasturias.com\/magazine365\/wp-json\/wp\/v2\/comments?post=57111"}],"version-history":[{"count":0,"href":"https:\/\/eldigitaldeasturias.com\/magazine365\/wp-json\/wp\/v2\/posts\/57111\/revisions"}],"wp:featuredmedia":[{"embeddable":true,"href":"https:\/\/eldigitaldeasturias.com\/magazine365\/wp-json\/wp\/v2\/media\/57112"}],"wp:attachment":[{"href":"https:\/\/eldigitaldeasturias.com\/magazine365\/wp-json\/wp\/v2\/media?parent=57111"}],"wp:term":[{"taxonomy":"category","embeddable":true,"href":"https:\/\/eldigitaldeasturias.com\/magazine365\/wp-json\/wp\/v2\/categories?post=57111"},{"taxonomy":"post_tag","embeddable":true,"href":"https:\/\/eldigitaldeasturias.com\/magazine365\/wp-json\/wp\/v2\/tags?post=57111"}],"curies":[{"name":"wp","href":"https:\/\/api.w.org\/{rel}","templated":true}]}}