{"id":56918,"date":"2015-11-30T12:27:28","date_gmt":"2015-11-30T11:27:28","guid":{"rendered":"http:\/\/eldigitaldeasturias.com\/magazine365\/?p=56918"},"modified":"2015-11-30T12:27:28","modified_gmt":"2015-11-30T11:27:28","slug":"el-aeropuerto-de-barcelona-cambia-la-designacion-de-las-puertas-de-embarque-de-la-t2","status":"publish","type":"post","link":"https:\/\/eldigitaldeasturias.com\/magazine365\/el-aeropuerto-de-barcelona-cambia-la-designacion-de-las-puertas-de-embarque-de-la-t2\/","title":{"rendered":"El Aeropuerto de Barcelona cambia la designaci\u00f3n de las puertas de embarque de la T2"},"content":{"rendered":"<p><img fetchpriority=\"high\" decoding=\"async\" class=\"alignleft size-medium wp-image-56919\" src=\"https:\/\/eldigitaldeasturias.com\/magazine365\/wp-content\/uploads\/2015\/11\/fotonoticia_20151126144404_800-360x239.jpg\" alt=\"fotonoticia_20151126144404_800\" width=\"360\" height=\"239\" srcset=\"https:\/\/eldigitaldeasturias.com\/magazine365\/wp-content\/uploads\/2015\/11\/fotonoticia_20151126144404_800-360x239.jpg 360w, https:\/\/eldigitaldeasturias.com\/magazine365\/wp-content\/uploads\/2015\/11\/fotonoticia_20151126144404_800-650x431.jpg 650w, https:\/\/eldigitaldeasturias.com\/magazine365\/wp-content\/uploads\/2015\/11\/fotonoticia_20151126144404_800-768x510.jpg 768w, https:\/\/eldigitaldeasturias.com\/magazine365\/wp-content\/uploads\/2015\/11\/fotonoticia_20151126144404_800-150x100.jpg 150w, https:\/\/eldigitaldeasturias.com\/magazine365\/wp-content\/uploads\/2015\/11\/fotonoticia_20151126144404_800-450x299.jpg 450w, https:\/\/eldigitaldeasturias.com\/magazine365\/wp-content\/uploads\/2015\/11\/fotonoticia_20151126144404_800-696x462.jpg 696w, https:\/\/eldigitaldeasturias.com\/magazine365\/wp-content\/uploads\/2015\/11\/fotonoticia_20151126144404_800-633x420.jpg 633w, https:\/\/eldigitaldeasturias.com\/magazine365\/wp-content\/uploads\/2015\/11\/fotonoticia_20151126144404_800-84x55.jpg 84w, https:\/\/eldigitaldeasturias.com\/magazine365\/wp-content\/uploads\/2015\/11\/fotonoticia_20151126144404_800.jpg 800w\" sizes=\"(max-width: 360px) 100vw, 360px\" \/>Las zonas y puertas de embarque de la terminal T2 del Aeropuerto de Barcelona-El Prat tienen una nueva designaci\u00f3n desde este jueves para facilitar al pasajero un movimiento m\u00e1s intuitivo por la zona de embarque, adem\u00e1s de homogeneizar la denominaci\u00f3n con la T1, ha informado Aena.<\/p>\n<p>Hasta el momento, la zona de embarque de la T2 se divid\u00eda en m\u00f3dulos del 1 al 5 y las puertas ten\u00edan una numeraci\u00f3n correlativa, si bien ahora cada zona de embarque se denomina con una letra y un color espec\u00edfico y, a su vez, cada puerta con una letra y un n\u00famero correlativo.<\/p>\n<p>La medida, que ha supuesto una inversi\u00f3n de 250.000 euros y la actualizaci\u00f3n de 600 se\u00f1ales, facilitar\u00e1 al pasajero el movimiento por la terminal, y este cambio se encuentra dentro del plan de calidad del Aeropuerto.<\/p>\n","protected":false},"excerpt":{"rendered":"<p>Las zonas y puertas de embarque de la terminal T2 del Aeropuerto de Barcelona-El Prat tienen una nueva designaci\u00f3n desde este jueves para facilitar al pasajero un movimiento m\u00e1s intuitivo por la zona de embarque, adem\u00e1s de homogeneizar la denominaci\u00f3n con la T1, ha informado Aena. Hasta el momento, la zona de embarque de la<\/p>\n","protected":false},"author":1,"featured_media":56919,"comment_status":"open","ping_status":"closed","sticky":false,"template":"","format":"standard","meta":{"footnotes":""},"categories":[224],"tags":[],"class_list":{"0":"post-56918","1":"post","2":"type-post","3":"status-publish","4":"format-standard","5":"has-post-thumbnail","7":"category-noticias-actualidad"},"aioseo_notices":[],"aioseo_head":"\n\t\t<!-- All in One SEO Pro 4.9.6.1 - aioseo.com -->\n\t<meta name=\"description\" content=\"Las zonas y puertas de embarque de la terminal T2 del Aeropuerto de Barcelona-El Prat tienen una nueva designaci\u00f3n desde este jueves para facilitar al pasajero un movimiento m\u00e1s intuitivo por la zona de embarque, adem\u00e1s de homogeneizar la denominaci\u00f3n con la T1, ha informado Aena. Hasta el momento, la zona de embarque de la\" \/>\n\t<meta name=\"robots\" content=\"max-image-preview:large\" \/>\n\t<meta name=\"author\" content=\"admin\"\/>\n\t<meta name=\"google-site-verification\" content=\"UA-38556648-1\" \/>\n\t<meta name=\"keywords\" content=\"noticias y actualidad\" \/>\n\t<link rel=\"canonical\" href=\"https:\/\/eldigitaldeasturias.com\/magazine365\/el-aeropuerto-de-barcelona-cambia-la-designacion-de-las-puertas-de-embarque-de-la-t2\/\" \/>\n\t<meta name=\"generator\" content=\"All in One SEO Pro (AIOSEO) 4.9.6.1\" \/>\n\t\t<meta property=\"og:locale\" content=\"es_ES\" \/>\n\t\t<meta property=\"og:site_name\" content=\"El Digital de Asturias \u2013 Revista de ocio, turismo y estilo de vida\" \/>\n\t\t<meta property=\"og:type\" content=\"article\" \/>\n\t\t<meta property=\"og:title\" content=\"El Aeropuerto de Barcelona cambia la designaci\u00f3n de las puertas de embarque de la T2 | El Digital de Asturias\" \/>\n\t\t<meta property=\"og:description\" content=\"Las zonas y puertas de embarque de la terminal T2 del Aeropuerto de Barcelona-El Prat tienen una nueva designaci\u00f3n desde este jueves para facilitar al pasajero un movimiento m\u00e1s intuitivo por la zona de embarque, adem\u00e1s de homogeneizar la denominaci\u00f3n con la T1, ha informado Aena. Hasta el momento, la zona de embarque de la\" \/>\n\t\t<meta property=\"og:url\" content=\"https:\/\/eldigitaldeasturias.com\/magazine365\/el-aeropuerto-de-barcelona-cambia-la-designacion-de-las-puertas-de-embarque-de-la-t2\/\" \/>\n\t\t<meta property=\"og:image\" content=\"https:\/\/eldigitaldeasturias.com\/magazine365\/wp-content\/uploads\/2015\/11\/fotonoticia_20151126144404_800.jpg\" \/>\n\t\t<meta property=\"og:image:secure_url\" content=\"https:\/\/eldigitaldeasturias.com\/magazine365\/wp-content\/uploads\/2015\/11\/fotonoticia_20151126144404_800.jpg\" \/>\n\t\t<meta property=\"og:image:width\" content=\"800\" \/>\n\t\t<meta property=\"og:image:height\" content=\"531\" \/>\n\t\t<meta property=\"article:published_time\" content=\"2015-11-30T11:27:28+00:00\" \/>\n\t\t<meta property=\"article:modified_time\" content=\"2015-11-30T11:27:28+00:00\" \/>\n\t\t<meta name=\"twitter:card\" content=\"summary_large_image\" \/>\n\t\t<meta name=\"twitter:title\" content=\"El Aeropuerto de Barcelona cambia la designaci\u00f3n de las puertas de embarque de la T2 | El Digital de Asturias\" \/>\n\t\t<meta name=\"twitter:description\" content=\"Las zonas y puertas de embarque de la terminal T2 del Aeropuerto de Barcelona-El Prat tienen una nueva designaci\u00f3n desde este jueves para facilitar al pasajero un movimiento m\u00e1s intuitivo por la zona de embarque, adem\u00e1s de homogeneizar la denominaci\u00f3n con la T1, ha informado Aena. Hasta el momento, la zona de embarque de la\" \/>\n\t\t<meta name=\"twitter:image\" content=\"https:\/\/eldigitaldeasturias.com\/magazine365\/wp-content\/uploads\/2015\/11\/fotonoticia_20151126144404_800.jpg\" \/>\n\t\t<script type=\"application\/ld+json\" class=\"aioseo-schema\">\n\t\t\t{\"@context\":\"https:\\\/\\\/schema.org\",\"@graph\":[{\"@type\":\"Article\",\"@id\":\"https:\\\/\\\/eldigitaldeasturias.com\\\/magazine365\\\/el-aeropuerto-de-barcelona-cambia-la-designacion-de-las-puertas-de-embarque-de-la-t2\\\/#article\",\"name\":\"El Aeropuerto de Barcelona cambia la designaci\\u00f3n de las puertas de embarque de la T2 | El Digital de Asturias\",\"headline\":\"El Aeropuerto de Barcelona cambia la designaci\\u00f3n de las puertas de embarque de la T2\",\"author\":{\"@id\":\"https:\\\/\\\/eldigitaldeasturias.com\\\/magazine365\\\/author\\\/admin\\\/#author\"},\"publisher\":{\"@id\":\"https:\\\/\\\/eldigitaldeasturias.com\\\/magazine365\\\/#organization\"},\"image\":{\"@type\":\"ImageObject\",\"url\":\"https:\\\/\\\/eldigitaldeasturias.com\\\/magazine365\\\/wp-content\\\/uploads\\\/2015\\\/11\\\/fotonoticia_20151126144404_800.jpg\",\"width\":800,\"height\":531},\"datePublished\":\"2015-11-30T12:27:28+01:00\",\"dateModified\":\"2015-11-30T12:27:28+01:00\",\"inLanguage\":\"es-ES\",\"mainEntityOfPage\":{\"@id\":\"https:\\\/\\\/eldigitaldeasturias.com\\\/magazine365\\\/el-aeropuerto-de-barcelona-cambia-la-designacion-de-las-puertas-de-embarque-de-la-t2\\\/#webpage\"},\"isPartOf\":{\"@id\":\"https:\\\/\\\/eldigitaldeasturias.com\\\/magazine365\\\/el-aeropuerto-de-barcelona-cambia-la-designacion-de-las-puertas-de-embarque-de-la-t2\\\/#webpage\"},\"articleSection\":\"Noticias y Actualidad\"},{\"@type\":\"BreadcrumbList\",\"@id\":\"https:\\\/\\\/eldigitaldeasturias.com\\\/magazine365\\\/el-aeropuerto-de-barcelona-cambia-la-designacion-de-las-puertas-de-embarque-de-la-t2\\\/#breadcrumblist\",\"itemListElement\":[{\"@type\":\"ListItem\",\"@id\":\"https:\\\/\\\/eldigitaldeasturias.com\\\/magazine365#listItem\",\"position\":1,\"name\":\"Home\",\"item\":\"https:\\\/\\\/eldigitaldeasturias.com\\\/magazine365\",\"nextItem\":{\"@type\":\"ListItem\",\"@id\":\"https:\\\/\\\/eldigitaldeasturias.com\\\/magazine365\\\/category\\\/noticias-actualidad\\\/#listItem\",\"name\":\"Noticias y Actualidad\"}},{\"@type\":\"ListItem\",\"@id\":\"https:\\\/\\\/eldigitaldeasturias.com\\\/magazine365\\\/category\\\/noticias-actualidad\\\/#listItem\",\"position\":2,\"name\":\"Noticias y Actualidad\",\"item\":\"https:\\\/\\\/eldigitaldeasturias.com\\\/magazine365\\\/category\\\/noticias-actualidad\\\/\",\"nextItem\":{\"@type\":\"ListItem\",\"@id\":\"https:\\\/\\\/eldigitaldeasturias.com\\\/magazine365\\\/el-aeropuerto-de-barcelona-cambia-la-designacion-de-las-puertas-de-embarque-de-la-t2\\\/#listItem\",\"name\":\"El Aeropuerto de Barcelona cambia la designaci\\u00f3n de las puertas de embarque de la T2\"},\"previousItem\":{\"@type\":\"ListItem\",\"@id\":\"https:\\\/\\\/eldigitaldeasturias.com\\\/magazine365#listItem\",\"name\":\"Home\"}},{\"@type\":\"ListItem\",\"@id\":\"https:\\\/\\\/eldigitaldeasturias.com\\\/magazine365\\\/el-aeropuerto-de-barcelona-cambia-la-designacion-de-las-puertas-de-embarque-de-la-t2\\\/#listItem\",\"position\":3,\"name\":\"El Aeropuerto de Barcelona cambia la designaci\\u00f3n de las puertas de embarque de la T2\",\"previousItem\":{\"@type\":\"ListItem\",\"@id\":\"https:\\\/\\\/eldigitaldeasturias.com\\\/magazine365\\\/category\\\/noticias-actualidad\\\/#listItem\",\"name\":\"Noticias y Actualidad\"}}]},{\"@type\":\"Organization\",\"@id\":\"https:\\\/\\\/eldigitaldeasturias.com\\\/magazine365\\\/#organization\",\"name\":\"El digital de Asturias\",\"description\":\"Revista de ocio, turismo y estilo de vida\",\"url\":\"https:\\\/\\\/eldigitaldeasturias.com\\\/magazine365\\\/\",\"logo\":{\"@type\":\"ImageObject\",\"url\":\"https:\\\/\\\/www.eldigitaldeasturias.com\\\/noticias\\\/wp-content\\\/uploads\\\/2020\\\/12\\\/EDA.jpg\",\"@id\":\"https:\\\/\\\/eldigitaldeasturias.com\\\/magazine365\\\/el-aeropuerto-de-barcelona-cambia-la-designacion-de-las-puertas-de-embarque-de-la-t2\\\/#organizationLogo\"},\"image\":{\"@id\":\"https:\\\/\\\/eldigitaldeasturias.com\\\/magazine365\\\/el-aeropuerto-de-barcelona-cambia-la-designacion-de-las-puertas-de-embarque-de-la-t2\\\/#organizationLogo\"}},{\"@type\":\"Person\",\"@id\":\"https:\\\/\\\/eldigitaldeasturias.com\\\/magazine365\\\/author\\\/admin\\\/#author\",\"url\":\"https:\\\/\\\/eldigitaldeasturias.com\\\/magazine365\\\/author\\\/admin\\\/\",\"name\":\"admin\",\"image\":{\"@type\":\"ImageObject\",\"@id\":\"https:\\\/\\\/eldigitaldeasturias.com\\\/magazine365\\\/el-aeropuerto-de-barcelona-cambia-la-designacion-de-las-puertas-de-embarque-de-la-t2\\\/#authorImage\",\"url\":\"https:\\\/\\\/eldigitaldeasturias.com\\\/magazine365\\\/wp-content\\\/litespeed\\\/avatar\\\/e571bcf59a0edd6fa6838245a470f2fe.jpg?ver=1777574230\",\"width\":96,\"height\":96,\"caption\":\"admin\"}},{\"@type\":\"WebPage\",\"@id\":\"https:\\\/\\\/eldigitaldeasturias.com\\\/magazine365\\\/el-aeropuerto-de-barcelona-cambia-la-designacion-de-las-puertas-de-embarque-de-la-t2\\\/#webpage\",\"url\":\"https:\\\/\\\/eldigitaldeasturias.com\\\/magazine365\\\/el-aeropuerto-de-barcelona-cambia-la-designacion-de-las-puertas-de-embarque-de-la-t2\\\/\",\"name\":\"El Aeropuerto de Barcelona cambia la designaci\\u00f3n de las puertas de embarque de la T2 | El Digital de Asturias\",\"description\":\"Las zonas y puertas de embarque de la terminal T2 del Aeropuerto de Barcelona-El Prat tienen una nueva designaci\\u00f3n desde este jueves para facilitar al pasajero un movimiento m\\u00e1s intuitivo por la zona de embarque, adem\\u00e1s de homogeneizar la denominaci\\u00f3n con la T1, ha informado Aena. Hasta el momento, la zona de embarque de la\",\"inLanguage\":\"es-ES\",\"isPartOf\":{\"@id\":\"https:\\\/\\\/eldigitaldeasturias.com\\\/magazine365\\\/#website\"},\"breadcrumb\":{\"@id\":\"https:\\\/\\\/eldigitaldeasturias.com\\\/magazine365\\\/el-aeropuerto-de-barcelona-cambia-la-designacion-de-las-puertas-de-embarque-de-la-t2\\\/#breadcrumblist\"},\"author\":{\"@id\":\"https:\\\/\\\/eldigitaldeasturias.com\\\/magazine365\\\/author\\\/admin\\\/#author\"},\"creator\":{\"@id\":\"https:\\\/\\\/eldigitaldeasturias.com\\\/magazine365\\\/author\\\/admin\\\/#author\"},\"image\":{\"@type\":\"ImageObject\",\"url\":\"https:\\\/\\\/eldigitaldeasturias.com\\\/magazine365\\\/wp-content\\\/uploads\\\/2015\\\/11\\\/fotonoticia_20151126144404_800.jpg\",\"@id\":\"https:\\\/\\\/eldigitaldeasturias.com\\\/magazine365\\\/el-aeropuerto-de-barcelona-cambia-la-designacion-de-las-puertas-de-embarque-de-la-t2\\\/#mainImage\",\"width\":800,\"height\":531},\"primaryImageOfPage\":{\"@id\":\"https:\\\/\\\/eldigitaldeasturias.com\\\/magazine365\\\/el-aeropuerto-de-barcelona-cambia-la-designacion-de-las-puertas-de-embarque-de-la-t2\\\/#mainImage\"},\"datePublished\":\"2015-11-30T12:27:28+01:00\",\"dateModified\":\"2015-11-30T12:27:28+01:00\"},{\"@type\":\"WebSite\",\"@id\":\"https:\\\/\\\/eldigitaldeasturias.com\\\/magazine365\\\/#website\",\"url\":\"https:\\\/\\\/eldigitaldeasturias.com\\\/magazine365\\\/\",\"name\":\"El Digital de Asturias\",\"description\":\"Revista de ocio, turismo y estilo de vida\",\"inLanguage\":\"es-ES\",\"publisher\":{\"@id\":\"https:\\\/\\\/eldigitaldeasturias.com\\\/magazine365\\\/#organization\"}}]}\n\t\t<\/script>\n\t\t<!-- All in One SEO Pro -->\r\n\t\t<title>El Aeropuerto de Barcelona cambia la designaci\u00f3n de las puertas de embarque de la T2 | El Digital de Asturias<\/title>\n\n","aioseo_head_json":{"title":"El Aeropuerto de Barcelona cambia la designaci\u00f3n de las puertas de embarque de la T2 | El Digital de Asturias","description":"Las zonas y puertas de embarque de la terminal T2 del Aeropuerto de Barcelona-El Prat tienen una nueva designaci\u00f3n desde este jueves para facilitar al pasajero un movimiento m\u00e1s intuitivo por la zona de embarque, adem\u00e1s de homogeneizar la denominaci\u00f3n con la T1, ha informado Aena. Hasta el momento, la zona de embarque de la","canonical_url":"https:\/\/eldigitaldeasturias.com\/magazine365\/el-aeropuerto-de-barcelona-cambia-la-designacion-de-las-puertas-de-embarque-de-la-t2\/","robots":"max-image-preview:large","keywords":"noticias y actualidad","webmasterTools":{"google-site-verification":"UA-38556648-1","miscellaneous":""},"schema":{"@context":"https:\/\/schema.org","@graph":[{"@type":"Article","@id":"https:\/\/eldigitaldeasturias.com\/magazine365\/el-aeropuerto-de-barcelona-cambia-la-designacion-de-las-puertas-de-embarque-de-la-t2\/#article","name":"El Aeropuerto de Barcelona cambia la designaci\u00f3n de las puertas de embarque de la T2 | El Digital de Asturias","headline":"El Aeropuerto de Barcelona cambia la designaci\u00f3n de las puertas de embarque de la T2","author":{"@id":"https:\/\/eldigitaldeasturias.com\/magazine365\/author\/admin\/#author"},"publisher":{"@id":"https:\/\/eldigitaldeasturias.com\/magazine365\/#organization"},"image":{"@type":"ImageObject","url":"https:\/\/eldigitaldeasturias.com\/magazine365\/wp-content\/uploads\/2015\/11\/fotonoticia_20151126144404_800.jpg","width":800,"height":531},"datePublished":"2015-11-30T12:27:28+01:00","dateModified":"2015-11-30T12:27:28+01:00","inLanguage":"es-ES","mainEntityOfPage":{"@id":"https:\/\/eldigitaldeasturias.com\/magazine365\/el-aeropuerto-de-barcelona-cambia-la-designacion-de-las-puertas-de-embarque-de-la-t2\/#webpage"},"isPartOf":{"@id":"https:\/\/eldigitaldeasturias.com\/magazine365\/el-aeropuerto-de-barcelona-cambia-la-designacion-de-las-puertas-de-embarque-de-la-t2\/#webpage"},"articleSection":"Noticias y Actualidad"},{"@type":"BreadcrumbList","@id":"https:\/\/eldigitaldeasturias.com\/magazine365\/el-aeropuerto-de-barcelona-cambia-la-designacion-de-las-puertas-de-embarque-de-la-t2\/#breadcrumblist","itemListElement":[{"@type":"ListItem","@id":"https:\/\/eldigitaldeasturias.com\/magazine365#listItem","position":1,"name":"Home","item":"https:\/\/eldigitaldeasturias.com\/magazine365","nextItem":{"@type":"ListItem","@id":"https:\/\/eldigitaldeasturias.com\/magazine365\/category\/noticias-actualidad\/#listItem","name":"Noticias y Actualidad"}},{"@type":"ListItem","@id":"https:\/\/eldigitaldeasturias.com\/magazine365\/category\/noticias-actualidad\/#listItem","position":2,"name":"Noticias y Actualidad","item":"https:\/\/eldigitaldeasturias.com\/magazine365\/category\/noticias-actualidad\/","nextItem":{"@type":"ListItem","@id":"https:\/\/eldigitaldeasturias.com\/magazine365\/el-aeropuerto-de-barcelona-cambia-la-designacion-de-las-puertas-de-embarque-de-la-t2\/#listItem","name":"El Aeropuerto de Barcelona cambia la designaci\u00f3n de las puertas de embarque de la T2"},"previousItem":{"@type":"ListItem","@id":"https:\/\/eldigitaldeasturias.com\/magazine365#listItem","name":"Home"}},{"@type":"ListItem","@id":"https:\/\/eldigitaldeasturias.com\/magazine365\/el-aeropuerto-de-barcelona-cambia-la-designacion-de-las-puertas-de-embarque-de-la-t2\/#listItem","position":3,"name":"El Aeropuerto de Barcelona cambia la designaci\u00f3n de las puertas de embarque de la T2","previousItem":{"@type":"ListItem","@id":"https:\/\/eldigitaldeasturias.com\/magazine365\/category\/noticias-actualidad\/#listItem","name":"Noticias y Actualidad"}}]},{"@type":"Organization","@id":"https:\/\/eldigitaldeasturias.com\/magazine365\/#organization","name":"El digital de Asturias","description":"Revista de ocio, turismo y estilo de vida","url":"https:\/\/eldigitaldeasturias.com\/magazine365\/","logo":{"@type":"ImageObject","url":"https:\/\/www.eldigitaldeasturias.com\/noticias\/wp-content\/uploads\/2020\/12\/EDA.jpg","@id":"https:\/\/eldigitaldeasturias.com\/magazine365\/el-aeropuerto-de-barcelona-cambia-la-designacion-de-las-puertas-de-embarque-de-la-t2\/#organizationLogo"},"image":{"@id":"https:\/\/eldigitaldeasturias.com\/magazine365\/el-aeropuerto-de-barcelona-cambia-la-designacion-de-las-puertas-de-embarque-de-la-t2\/#organizationLogo"}},{"@type":"Person","@id":"https:\/\/eldigitaldeasturias.com\/magazine365\/author\/admin\/#author","url":"https:\/\/eldigitaldeasturias.com\/magazine365\/author\/admin\/","name":"admin","image":{"@type":"ImageObject","@id":"https:\/\/eldigitaldeasturias.com\/magazine365\/el-aeropuerto-de-barcelona-cambia-la-designacion-de-las-puertas-de-embarque-de-la-t2\/#authorImage","url":"https:\/\/eldigitaldeasturias.com\/magazine365\/wp-content\/litespeed\/avatar\/e571bcf59a0edd6fa6838245a470f2fe.jpg?ver=1777574230","width":96,"height":96,"caption":"admin"}},{"@type":"WebPage","@id":"https:\/\/eldigitaldeasturias.com\/magazine365\/el-aeropuerto-de-barcelona-cambia-la-designacion-de-las-puertas-de-embarque-de-la-t2\/#webpage","url":"https:\/\/eldigitaldeasturias.com\/magazine365\/el-aeropuerto-de-barcelona-cambia-la-designacion-de-las-puertas-de-embarque-de-la-t2\/","name":"El Aeropuerto de Barcelona cambia la designaci\u00f3n de las puertas de embarque de la T2 | El Digital de Asturias","description":"Las zonas y puertas de embarque de la terminal T2 del Aeropuerto de Barcelona-El Prat tienen una nueva designaci\u00f3n desde este jueves para facilitar al pasajero un movimiento m\u00e1s intuitivo por la zona de embarque, adem\u00e1s de homogeneizar la denominaci\u00f3n con la T1, ha informado Aena. Hasta el momento, la zona de embarque de la","inLanguage":"es-ES","isPartOf":{"@id":"https:\/\/eldigitaldeasturias.com\/magazine365\/#website"},"breadcrumb":{"@id":"https:\/\/eldigitaldeasturias.com\/magazine365\/el-aeropuerto-de-barcelona-cambia-la-designacion-de-las-puertas-de-embarque-de-la-t2\/#breadcrumblist"},"author":{"@id":"https:\/\/eldigitaldeasturias.com\/magazine365\/author\/admin\/#author"},"creator":{"@id":"https:\/\/eldigitaldeasturias.com\/magazine365\/author\/admin\/#author"},"image":{"@type":"ImageObject","url":"https:\/\/eldigitaldeasturias.com\/magazine365\/wp-content\/uploads\/2015\/11\/fotonoticia_20151126144404_800.jpg","@id":"https:\/\/eldigitaldeasturias.com\/magazine365\/el-aeropuerto-de-barcelona-cambia-la-designacion-de-las-puertas-de-embarque-de-la-t2\/#mainImage","width":800,"height":531},"primaryImageOfPage":{"@id":"https:\/\/eldigitaldeasturias.com\/magazine365\/el-aeropuerto-de-barcelona-cambia-la-designacion-de-las-puertas-de-embarque-de-la-t2\/#mainImage"},"datePublished":"2015-11-30T12:27:28+01:00","dateModified":"2015-11-30T12:27:28+01:00"},{"@type":"WebSite","@id":"https:\/\/eldigitaldeasturias.com\/magazine365\/#website","url":"https:\/\/eldigitaldeasturias.com\/magazine365\/","name":"El Digital de Asturias","description":"Revista de ocio, turismo y estilo de vida","inLanguage":"es-ES","publisher":{"@id":"https:\/\/eldigitaldeasturias.com\/magazine365\/#organization"}}]},"og:locale":"es_ES","og:site_name":"El Digital de Asturias \u2013 Revista de ocio, turismo y estilo de vida","og:type":"article","og:title":"El Aeropuerto de Barcelona cambia la designaci\u00f3n de las puertas de embarque de la T2 | El Digital de Asturias","og:description":"Las zonas y puertas de embarque de la terminal T2 del Aeropuerto de Barcelona-El Prat tienen una nueva designaci\u00f3n desde este jueves para facilitar al pasajero un movimiento m\u00e1s intuitivo por la zona de embarque, adem\u00e1s de homogeneizar la denominaci\u00f3n con la T1, ha informado Aena. Hasta el momento, la zona de embarque de la","og:url":"https:\/\/eldigitaldeasturias.com\/magazine365\/el-aeropuerto-de-barcelona-cambia-la-designacion-de-las-puertas-de-embarque-de-la-t2\/","og:image":"https:\/\/eldigitaldeasturias.com\/magazine365\/wp-content\/uploads\/2015\/11\/fotonoticia_20151126144404_800.jpg","og:image:secure_url":"https:\/\/eldigitaldeasturias.com\/magazine365\/wp-content\/uploads\/2015\/11\/fotonoticia_20151126144404_800.jpg","og:image:width":800,"og:image:height":531,"article:published_time":"2015-11-30T11:27:28+00:00","article:modified_time":"2015-11-30T11:27:28+00:00","twitter:card":"summary_large_image","twitter:title":"El Aeropuerto de Barcelona cambia la designaci\u00f3n de las puertas de embarque de la T2 | El Digital de Asturias","twitter:description":"Las zonas y puertas de embarque de la terminal T2 del Aeropuerto de Barcelona-El Prat tienen una nueva designaci\u00f3n desde este jueves para facilitar al pasajero un movimiento m\u00e1s intuitivo por la zona de embarque, adem\u00e1s de homogeneizar la denominaci\u00f3n con la T1, ha informado Aena. Hasta el momento, la zona de embarque de la","twitter:image":"https:\/\/eldigitaldeasturias.com\/magazine365\/wp-content\/uploads\/2015\/11\/fotonoticia_20151126144404_800.jpg"},"aioseo_meta_data":{"post_id":"56918","title":null,"description":null,"keywords":null,"keyphrases":null,"primary_term":null,"canonical_url":null,"og_title":null,"og_description":null,"og_object_type":"default","og_image_type":"default","og_image_url":null,"og_image_width":null,"og_image_height":null,"og_image_custom_url":null,"og_image_custom_fields":null,"og_video":null,"og_custom_url":null,"og_article_section":null,"og_article_tags":null,"twitter_use_og":false,"twitter_card":"default","twitter_image_type":"default","twitter_image_url":null,"twitter_image_custom_url":null,"twitter_image_custom_fields":null,"twitter_title":null,"twitter_description":null,"schema":{"blockGraphs":[],"customGraphs":[],"default":{"data":{"Article":[],"Course":[],"Dataset":[],"FAQPage":[],"Movie":[],"Person":[],"Product":[],"ProductReview":[],"Car":[],"Recipe":[],"Service":[],"SoftwareApplication":[],"WebPage":[]},"graphName":"","isEnabled":true},"graphs":[],"defaultGraph":"","defaultPostTypeGraph":""},"schema_type":null,"schema_type_options":null,"pillar_content":false,"robots_default":true,"robots_noindex":false,"robots_noarchive":false,"robots_nosnippet":false,"robots_nofollow":false,"robots_noimageindex":false,"robots_noodp":false,"robots_notranslate":false,"robots_max_snippet":null,"robots_max_videopreview":null,"robots_max_imagepreview":"large","priority":null,"frequency":null,"location":null,"local_seo":null,"seo_analyzer_scan_date":"2025-09-24 23:49:31","breadcrumb_settings":null,"limit_modified_date":false,"open_ai":null,"ai":null,"created":"2021-03-08 22:51:12","updated":"2025-09-24 23:49:31"},"aioseo_breadcrumb":"<div class=\"aioseo-breadcrumbs\"><span class=\"aioseo-breadcrumb\">\n\t<a href=\"https:\/\/eldigitaldeasturias.com\/magazine365\" title=\"Home\">Home<\/a>\n<\/span><span class=\"aioseo-breadcrumb-separator\">\u2013<\/span><span class=\"aioseo-breadcrumb\">\n\t<a href=\"https:\/\/eldigitaldeasturias.com\/magazine365\/category\/noticias-actualidad\/\" title=\"Noticias y Actualidad\">Noticias y Actualidad<\/a>\n<\/span><span class=\"aioseo-breadcrumb-separator\">\u2013<\/span><span class=\"aioseo-breadcrumb\">\n\t<a href=\"https:\/\/eldigitaldeasturias.com\/magazine365\/el-aeropuerto-de-barcelona-cambia-la-designacion-de-las-puertas-de-embarque-de-la-t2\/\" title=\"El Aeropuerto de Barcelona cambia la designaci\u00f3n de las puertas de embarque de la T2\">El Aeropuerto de Barcelona cambia la designaci\u00f3n de las puertas de embarque de la T2<\/a>\n<\/span><\/div>","aioseo_breadcrumb_json":[{"label":"Home","link":"https:\/\/eldigitaldeasturias.com\/magazine365"},{"label":"Noticias y Actualidad","link":"https:\/\/eldigitaldeasturias.com\/magazine365\/category\/noticias-actualidad\/"},{"label":"El Aeropuerto de Barcelona cambia la designaci\u00f3n de las puertas de embarque de la T2","link":"https:\/\/eldigitaldeasturias.com\/magazine365\/el-aeropuerto-de-barcelona-cambia-la-designacion-de-las-puertas-de-embarque-de-la-t2\/"}],"_links":{"self":[{"href":"https:\/\/eldigitaldeasturias.com\/magazine365\/wp-json\/wp\/v2\/posts\/56918","targetHints":{"allow":["GET"]}}],"collection":[{"href":"https:\/\/eldigitaldeasturias.com\/magazine365\/wp-json\/wp\/v2\/posts"}],"about":[{"href":"https:\/\/eldigitaldeasturias.com\/magazine365\/wp-json\/wp\/v2\/types\/post"}],"author":[{"embeddable":true,"href":"https:\/\/eldigitaldeasturias.com\/magazine365\/wp-json\/wp\/v2\/users\/1"}],"replies":[{"embeddable":true,"href":"https:\/\/eldigitaldeasturias.com\/magazine365\/wp-json\/wp\/v2\/comments?post=56918"}],"version-history":[{"count":0,"href":"https:\/\/eldigitaldeasturias.com\/magazine365\/wp-json\/wp\/v2\/posts\/56918\/revisions"}],"wp:featuredmedia":[{"embeddable":true,"href":"https:\/\/eldigitaldeasturias.com\/magazine365\/wp-json\/wp\/v2\/media\/56919"}],"wp:attachment":[{"href":"https:\/\/eldigitaldeasturias.com\/magazine365\/wp-json\/wp\/v2\/media?parent=56918"}],"wp:term":[{"taxonomy":"category","embeddable":true,"href":"https:\/\/eldigitaldeasturias.com\/magazine365\/wp-json\/wp\/v2\/categories?post=56918"},{"taxonomy":"post_tag","embeddable":true,"href":"https:\/\/eldigitaldeasturias.com\/magazine365\/wp-json\/wp\/v2\/tags?post=56918"}],"curies":[{"name":"wp","href":"https:\/\/api.w.org\/{rel}","templated":true}]}}