{"id":56895,"date":"2015-11-30T12:12:45","date_gmt":"2015-11-30T11:12:45","guid":{"rendered":"http:\/\/eldigitaldeasturias.com\/magazine365\/?p=56895"},"modified":"2015-11-30T12:12:45","modified_gmt":"2015-11-30T11:12:45","slug":"la-feria-del-vino-y-la-aceituna-de-almendralejo-organiza-catas-conferencias-y-talleres","status":"publish","type":"post","link":"https:\/\/eldigitaldeasturias.com\/magazine365\/la-feria-del-vino-y-la-aceituna-de-almendralejo-organiza-catas-conferencias-y-talleres\/","title":{"rendered":"La Feria del Vino y la Aceituna de Almendralejo organiza catas, conferencias y talleres"},"content":{"rendered":"<p><img fetchpriority=\"high\" decoding=\"async\" class=\"alignleft size-medium wp-image-56896\" src=\"https:\/\/eldigitaldeasturias.com\/magazine365\/wp-content\/uploads\/2015\/11\/fotonoticia_20151126142008_800-360x240.jpg\" alt=\"fotonoticia_20151126142008_800\" width=\"360\" height=\"240\" srcset=\"https:\/\/eldigitaldeasturias.com\/magazine365\/wp-content\/uploads\/2015\/11\/fotonoticia_20151126142008_800-360x240.jpg 360w, https:\/\/eldigitaldeasturias.com\/magazine365\/wp-content\/uploads\/2015\/11\/fotonoticia_20151126142008_800-650x433.jpg 650w, https:\/\/eldigitaldeasturias.com\/magazine365\/wp-content\/uploads\/2015\/11\/fotonoticia_20151126142008_800-768x512.jpg 768w, https:\/\/eldigitaldeasturias.com\/magazine365\/wp-content\/uploads\/2015\/11\/fotonoticia_20151126142008_800-150x100.jpg 150w, https:\/\/eldigitaldeasturias.com\/magazine365\/wp-content\/uploads\/2015\/11\/fotonoticia_20151126142008_800-450x300.jpg 450w, https:\/\/eldigitaldeasturias.com\/magazine365\/wp-content\/uploads\/2015\/11\/fotonoticia_20151126142008_800-696x464.jpg 696w, https:\/\/eldigitaldeasturias.com\/magazine365\/wp-content\/uploads\/2015\/11\/fotonoticia_20151126142008_800-630x420.jpg 630w, https:\/\/eldigitaldeasturias.com\/magazine365\/wp-content\/uploads\/2015\/11\/fotonoticia_20151126142008_800-84x55.jpg 84w, https:\/\/eldigitaldeasturias.com\/magazine365\/wp-content\/uploads\/2015\/11\/fotonoticia_20151126142008_800.jpg 800w\" sizes=\"(max-width: 360px) 100vw, 360px\" \/>La Feria del Vino y la Aceituna de Extremadura que se celebra en la localidad pacense de Almendralejo ha organizado actividades para profesionales, catas, maridajes, conferencias, talleres y actividades de showcooking en vivo, as\u00ed como visitas a bodegas de la localidad.<\/p>\n<p>En su decimosexta edici\u00f3n, esta feria, que abre sus puertas este viernes, d\u00eda 27, hasta el pr\u00f3ximo domingo, d\u00eda 29, comenzar\u00e1 con un taller sobre las 18,30 horas que abordar\u00e1 las &#8216;Tendencias en enoturismo&#8217; a cargo del socio director de Dinamiza Asesores y \u00abexperto\u00bb en la materia, Manuel Romero.<\/p>\n<p>De esta forma, el sal\u00f3n \u00abde referencia\u00bb en vinos ib\u00e9ricos, Iberovinac, introduce \u00abcomo novedad en su decimosexta edici\u00f3n una decidida apuesta por el enoturismo\u00bb, seg\u00fan ha informado el Ayuntamiento de Almendralejo en nota de prensa.<\/p>\n<p>El p\u00fablico general puede acceder a la feria almendralejense con una entrada cuyo precio es de tres euros, que incluye una copa de vino para las degustaciones de los vinos expuestos.<\/p>\n<p>Al terminar el taller impartido por Manuel Romero, los asistentes podr\u00e1n disfrutar de un vino y una tapa pero, ante todo, se generar\u00e1 en el p\u00fablico el \u00abinter\u00e9s por visitar las bodegas extreme\u00f1as\u00bb, las cuales vienen desarrollando una importante evoluci\u00f3n en los \u00faltimos a\u00f1os.<\/p>\n<p>Adem\u00e1s, otras de las propuestas dirigidas al p\u00fablico con las que se pretende atraer el inter\u00e9s hacia la cultura del vino son la cata &#8216;Algunos de mis vinos&#8217;, dirigida por Ignacio de Miguel Poch; un showcooking de recetas extreme\u00f1as, a cargo del chef del Restaurante Las Barandas, Manuel Gil; y la conferencia &#8216;El cava en Espa\u00f1a, elaboraci\u00f3n y caracter\u00edsticas&#8217; por Mar Galv\u00e1n Romero.<\/p>\n<p>El pr\u00f3ximo s\u00e1bado, d\u00eda 28, los visitantes podr\u00e1n participar en la &#8216;Cata de Vinos Ib\u00e9ricos&#8217; dirigida por Mario Louro; un showcooking sobre la Cocina de Set\u00fabal por la chef Fernanda Amaro; o las catas de &#8216;Vinos de Beja&#8217;, con Anibal Coutinho y &#8216;Moscateles de Set\u00fabal&#8217;, con Rui Assis Lobo.<\/p>\n<p>Por \u00faltimo, el domingo se celebrar\u00e1n maridajes de cavas de Almendralejo y jam\u00f3n ib\u00e9rico Denominaci\u00f3n de Origen Dehesa de Extremadura y las actividades &#8216;Cata D.O. Valdeorras, presente y futuro de las variedades aut\u00f3ctonas&#8217; por Jorge Mazaira; y el showcooking Valdeorras &#8216;Pulpo a feira&#8217;.<\/p>\n","protected":false},"excerpt":{"rendered":"<p>La Feria del Vino y la Aceituna de Extremadura que se celebra en la localidad pacense de Almendralejo ha organizado actividades para profesionales, catas, maridajes, conferencias, talleres y actividades de showcooking en vivo, as\u00ed como visitas a bodegas de la localidad. En su decimosexta edici\u00f3n, esta feria, que abre sus puertas este viernes, d\u00eda 27,<\/p>\n","protected":false},"author":1,"featured_media":56896,"comment_status":"open","ping_status":"closed","sticky":false,"template":"","format":"standard","meta":{"footnotes":""},"categories":[224],"tags":[],"class_list":{"0":"post-56895","1":"post","2":"type-post","3":"status-publish","4":"format-standard","5":"has-post-thumbnail","7":"category-noticias-actualidad"},"aioseo_notices":[],"aioseo_head":"\n\t\t<!-- All in One SEO Pro 4.9.6.1 - aioseo.com -->\n\t<meta name=\"description\" content=\"La Feria del Vino y la Aceituna de Extremadura que se celebra en la localidad pacense de Almendralejo ha organizado actividades para profesionales, catas, maridajes, conferencias, talleres y actividades de showcooking en vivo, as\u00ed como visitas a bodegas de la localidad. En su decimosexta edici\u00f3n, esta feria, que abre sus puertas este viernes, d\u00eda 27,\" \/>\n\t<meta name=\"robots\" content=\"max-image-preview:large\" \/>\n\t<meta name=\"author\" content=\"admin\"\/>\n\t<meta name=\"google-site-verification\" content=\"UA-38556648-1\" \/>\n\t<meta name=\"keywords\" content=\"noticias y actualidad\" \/>\n\t<link rel=\"canonical\" href=\"https:\/\/eldigitaldeasturias.com\/magazine365\/la-feria-del-vino-y-la-aceituna-de-almendralejo-organiza-catas-conferencias-y-talleres\/\" \/>\n\t<meta name=\"generator\" content=\"All in One SEO Pro (AIOSEO) 4.9.6.1\" \/>\n\t\t<meta property=\"og:locale\" content=\"es_ES\" \/>\n\t\t<meta property=\"og:site_name\" content=\"El Digital de Asturias \u2013 Revista de ocio, turismo y estilo de vida\" \/>\n\t\t<meta property=\"og:type\" content=\"article\" \/>\n\t\t<meta property=\"og:title\" content=\"La Feria del Vino y la Aceituna de Almendralejo organiza catas, conferencias y talleres | El Digital de Asturias\" \/>\n\t\t<meta property=\"og:description\" content=\"La Feria del Vino y la Aceituna de Extremadura que se celebra en la localidad pacense de Almendralejo ha organizado actividades para profesionales, catas, maridajes, conferencias, talleres y actividades de showcooking en vivo, as\u00ed como visitas a bodegas de la localidad. En su decimosexta edici\u00f3n, esta feria, que abre sus puertas este viernes, d\u00eda 27,\" \/>\n\t\t<meta property=\"og:url\" content=\"https:\/\/eldigitaldeasturias.com\/magazine365\/la-feria-del-vino-y-la-aceituna-de-almendralejo-organiza-catas-conferencias-y-talleres\/\" \/>\n\t\t<meta property=\"og:image\" content=\"https:\/\/eldigitaldeasturias.com\/magazine365\/wp-content\/uploads\/2015\/11\/fotonoticia_20151126142008_800.jpg\" \/>\n\t\t<meta property=\"og:image:secure_url\" content=\"https:\/\/eldigitaldeasturias.com\/magazine365\/wp-content\/uploads\/2015\/11\/fotonoticia_20151126142008_800.jpg\" \/>\n\t\t<meta property=\"og:image:width\" content=\"800\" \/>\n\t\t<meta property=\"og:image:height\" content=\"533\" \/>\n\t\t<meta property=\"article:published_time\" content=\"2015-11-30T11:12:45+00:00\" \/>\n\t\t<meta property=\"article:modified_time\" content=\"2015-11-30T11:12:45+00:00\" \/>\n\t\t<meta name=\"twitter:card\" content=\"summary_large_image\" \/>\n\t\t<meta name=\"twitter:title\" content=\"La Feria del Vino y la Aceituna de Almendralejo organiza catas, conferencias y talleres | El Digital de Asturias\" \/>\n\t\t<meta name=\"twitter:description\" content=\"La Feria del Vino y la Aceituna de Extremadura que se celebra en la localidad pacense de Almendralejo ha organizado actividades para profesionales, catas, maridajes, conferencias, talleres y actividades de showcooking en vivo, as\u00ed como visitas a bodegas de la localidad. En su decimosexta edici\u00f3n, esta feria, que abre sus puertas este viernes, d\u00eda 27,\" \/>\n\t\t<meta name=\"twitter:image\" content=\"https:\/\/eldigitaldeasturias.com\/magazine365\/wp-content\/uploads\/2015\/11\/fotonoticia_20151126142008_800.jpg\" \/>\n\t\t<script type=\"application\/ld+json\" class=\"aioseo-schema\">\n\t\t\t{\"@context\":\"https:\\\/\\\/schema.org\",\"@graph\":[{\"@type\":\"Article\",\"@id\":\"https:\\\/\\\/eldigitaldeasturias.com\\\/magazine365\\\/la-feria-del-vino-y-la-aceituna-de-almendralejo-organiza-catas-conferencias-y-talleres\\\/#article\",\"name\":\"La Feria del Vino y la Aceituna de Almendralejo organiza catas, conferencias y talleres | El Digital de Asturias\",\"headline\":\"La Feria del Vino y la Aceituna de Almendralejo organiza catas, conferencias y talleres\",\"author\":{\"@id\":\"https:\\\/\\\/eldigitaldeasturias.com\\\/magazine365\\\/author\\\/admin\\\/#author\"},\"publisher\":{\"@id\":\"https:\\\/\\\/eldigitaldeasturias.com\\\/magazine365\\\/#organization\"},\"image\":{\"@type\":\"ImageObject\",\"url\":\"https:\\\/\\\/eldigitaldeasturias.com\\\/magazine365\\\/wp-content\\\/uploads\\\/2015\\\/11\\\/fotonoticia_20151126142008_800.jpg\",\"width\":800,\"height\":533},\"datePublished\":\"2015-11-30T12:12:45+01:00\",\"dateModified\":\"2015-11-30T12:12:45+01:00\",\"inLanguage\":\"es-ES\",\"mainEntityOfPage\":{\"@id\":\"https:\\\/\\\/eldigitaldeasturias.com\\\/magazine365\\\/la-feria-del-vino-y-la-aceituna-de-almendralejo-organiza-catas-conferencias-y-talleres\\\/#webpage\"},\"isPartOf\":{\"@id\":\"https:\\\/\\\/eldigitaldeasturias.com\\\/magazine365\\\/la-feria-del-vino-y-la-aceituna-de-almendralejo-organiza-catas-conferencias-y-talleres\\\/#webpage\"},\"articleSection\":\"Noticias y Actualidad\"},{\"@type\":\"BreadcrumbList\",\"@id\":\"https:\\\/\\\/eldigitaldeasturias.com\\\/magazine365\\\/la-feria-del-vino-y-la-aceituna-de-almendralejo-organiza-catas-conferencias-y-talleres\\\/#breadcrumblist\",\"itemListElement\":[{\"@type\":\"ListItem\",\"@id\":\"https:\\\/\\\/eldigitaldeasturias.com\\\/magazine365#listItem\",\"position\":1,\"name\":\"Home\",\"item\":\"https:\\\/\\\/eldigitaldeasturias.com\\\/magazine365\",\"nextItem\":{\"@type\":\"ListItem\",\"@id\":\"https:\\\/\\\/eldigitaldeasturias.com\\\/magazine365\\\/category\\\/noticias-actualidad\\\/#listItem\",\"name\":\"Noticias y Actualidad\"}},{\"@type\":\"ListItem\",\"@id\":\"https:\\\/\\\/eldigitaldeasturias.com\\\/magazine365\\\/category\\\/noticias-actualidad\\\/#listItem\",\"position\":2,\"name\":\"Noticias y Actualidad\",\"item\":\"https:\\\/\\\/eldigitaldeasturias.com\\\/magazine365\\\/category\\\/noticias-actualidad\\\/\",\"nextItem\":{\"@type\":\"ListItem\",\"@id\":\"https:\\\/\\\/eldigitaldeasturias.com\\\/magazine365\\\/la-feria-del-vino-y-la-aceituna-de-almendralejo-organiza-catas-conferencias-y-talleres\\\/#listItem\",\"name\":\"La Feria del Vino y la Aceituna de Almendralejo organiza catas, conferencias y talleres\"},\"previousItem\":{\"@type\":\"ListItem\",\"@id\":\"https:\\\/\\\/eldigitaldeasturias.com\\\/magazine365#listItem\",\"name\":\"Home\"}},{\"@type\":\"ListItem\",\"@id\":\"https:\\\/\\\/eldigitaldeasturias.com\\\/magazine365\\\/la-feria-del-vino-y-la-aceituna-de-almendralejo-organiza-catas-conferencias-y-talleres\\\/#listItem\",\"position\":3,\"name\":\"La Feria del Vino y la Aceituna de Almendralejo organiza catas, conferencias y talleres\",\"previousItem\":{\"@type\":\"ListItem\",\"@id\":\"https:\\\/\\\/eldigitaldeasturias.com\\\/magazine365\\\/category\\\/noticias-actualidad\\\/#listItem\",\"name\":\"Noticias y Actualidad\"}}]},{\"@type\":\"Organization\",\"@id\":\"https:\\\/\\\/eldigitaldeasturias.com\\\/magazine365\\\/#organization\",\"name\":\"El digital de Asturias\",\"description\":\"Revista de ocio, turismo y estilo de vida\",\"url\":\"https:\\\/\\\/eldigitaldeasturias.com\\\/magazine365\\\/\",\"logo\":{\"@type\":\"ImageObject\",\"url\":\"https:\\\/\\\/www.eldigitaldeasturias.com\\\/noticias\\\/wp-content\\\/uploads\\\/2020\\\/12\\\/EDA.jpg\",\"@id\":\"https:\\\/\\\/eldigitaldeasturias.com\\\/magazine365\\\/la-feria-del-vino-y-la-aceituna-de-almendralejo-organiza-catas-conferencias-y-talleres\\\/#organizationLogo\"},\"image\":{\"@id\":\"https:\\\/\\\/eldigitaldeasturias.com\\\/magazine365\\\/la-feria-del-vino-y-la-aceituna-de-almendralejo-organiza-catas-conferencias-y-talleres\\\/#organizationLogo\"}},{\"@type\":\"Person\",\"@id\":\"https:\\\/\\\/eldigitaldeasturias.com\\\/magazine365\\\/author\\\/admin\\\/#author\",\"url\":\"https:\\\/\\\/eldigitaldeasturias.com\\\/magazine365\\\/author\\\/admin\\\/\",\"name\":\"admin\",\"image\":{\"@type\":\"ImageObject\",\"@id\":\"https:\\\/\\\/eldigitaldeasturias.com\\\/magazine365\\\/la-feria-del-vino-y-la-aceituna-de-almendralejo-organiza-catas-conferencias-y-talleres\\\/#authorImage\",\"url\":\"https:\\\/\\\/eldigitaldeasturias.com\\\/magazine365\\\/wp-content\\\/litespeed\\\/avatar\\\/e571bcf59a0edd6fa6838245a470f2fe.jpg?ver=1777574230\",\"width\":96,\"height\":96,\"caption\":\"admin\"}},{\"@type\":\"WebPage\",\"@id\":\"https:\\\/\\\/eldigitaldeasturias.com\\\/magazine365\\\/la-feria-del-vino-y-la-aceituna-de-almendralejo-organiza-catas-conferencias-y-talleres\\\/#webpage\",\"url\":\"https:\\\/\\\/eldigitaldeasturias.com\\\/magazine365\\\/la-feria-del-vino-y-la-aceituna-de-almendralejo-organiza-catas-conferencias-y-talleres\\\/\",\"name\":\"La Feria del Vino y la Aceituna de Almendralejo organiza catas, conferencias y talleres | El Digital de Asturias\",\"description\":\"La Feria del Vino y la Aceituna de Extremadura que se celebra en la localidad pacense de Almendralejo ha organizado actividades para profesionales, catas, maridajes, conferencias, talleres y actividades de showcooking en vivo, as\\u00ed como visitas a bodegas de la localidad. En su decimosexta edici\\u00f3n, esta feria, que abre sus puertas este viernes, d\\u00eda 27,\",\"inLanguage\":\"es-ES\",\"isPartOf\":{\"@id\":\"https:\\\/\\\/eldigitaldeasturias.com\\\/magazine365\\\/#website\"},\"breadcrumb\":{\"@id\":\"https:\\\/\\\/eldigitaldeasturias.com\\\/magazine365\\\/la-feria-del-vino-y-la-aceituna-de-almendralejo-organiza-catas-conferencias-y-talleres\\\/#breadcrumblist\"},\"author\":{\"@id\":\"https:\\\/\\\/eldigitaldeasturias.com\\\/magazine365\\\/author\\\/admin\\\/#author\"},\"creator\":{\"@id\":\"https:\\\/\\\/eldigitaldeasturias.com\\\/magazine365\\\/author\\\/admin\\\/#author\"},\"image\":{\"@type\":\"ImageObject\",\"url\":\"https:\\\/\\\/eldigitaldeasturias.com\\\/magazine365\\\/wp-content\\\/uploads\\\/2015\\\/11\\\/fotonoticia_20151126142008_800.jpg\",\"@id\":\"https:\\\/\\\/eldigitaldeasturias.com\\\/magazine365\\\/la-feria-del-vino-y-la-aceituna-de-almendralejo-organiza-catas-conferencias-y-talleres\\\/#mainImage\",\"width\":800,\"height\":533},\"primaryImageOfPage\":{\"@id\":\"https:\\\/\\\/eldigitaldeasturias.com\\\/magazine365\\\/la-feria-del-vino-y-la-aceituna-de-almendralejo-organiza-catas-conferencias-y-talleres\\\/#mainImage\"},\"datePublished\":\"2015-11-30T12:12:45+01:00\",\"dateModified\":\"2015-11-30T12:12:45+01:00\"},{\"@type\":\"WebSite\",\"@id\":\"https:\\\/\\\/eldigitaldeasturias.com\\\/magazine365\\\/#website\",\"url\":\"https:\\\/\\\/eldigitaldeasturias.com\\\/magazine365\\\/\",\"name\":\"El Digital de Asturias\",\"description\":\"Revista de ocio, turismo y estilo de vida\",\"inLanguage\":\"es-ES\",\"publisher\":{\"@id\":\"https:\\\/\\\/eldigitaldeasturias.com\\\/magazine365\\\/#organization\"}}]}\n\t\t<\/script>\n\t\t<!-- All in One SEO Pro -->\r\n\t\t<title>La Feria del Vino y la Aceituna de Almendralejo organiza catas, conferencias y talleres | El Digital de Asturias<\/title>\n\n","aioseo_head_json":{"title":"La Feria del Vino y la Aceituna de Almendralejo organiza catas, conferencias y talleres | El Digital de Asturias","description":"La Feria del Vino y la Aceituna de Extremadura que se celebra en la localidad pacense de Almendralejo ha organizado actividades para profesionales, catas, maridajes, conferencias, talleres y actividades de showcooking en vivo, as\u00ed como visitas a bodegas de la localidad. En su decimosexta edici\u00f3n, esta feria, que abre sus puertas este viernes, d\u00eda 27,","canonical_url":"https:\/\/eldigitaldeasturias.com\/magazine365\/la-feria-del-vino-y-la-aceituna-de-almendralejo-organiza-catas-conferencias-y-talleres\/","robots":"max-image-preview:large","keywords":"noticias y actualidad","webmasterTools":{"google-site-verification":"UA-38556648-1","miscellaneous":""},"schema":{"@context":"https:\/\/schema.org","@graph":[{"@type":"Article","@id":"https:\/\/eldigitaldeasturias.com\/magazine365\/la-feria-del-vino-y-la-aceituna-de-almendralejo-organiza-catas-conferencias-y-talleres\/#article","name":"La Feria del Vino y la Aceituna de Almendralejo organiza catas, conferencias y talleres | El Digital de Asturias","headline":"La Feria del Vino y la Aceituna de Almendralejo organiza catas, conferencias y talleres","author":{"@id":"https:\/\/eldigitaldeasturias.com\/magazine365\/author\/admin\/#author"},"publisher":{"@id":"https:\/\/eldigitaldeasturias.com\/magazine365\/#organization"},"image":{"@type":"ImageObject","url":"https:\/\/eldigitaldeasturias.com\/magazine365\/wp-content\/uploads\/2015\/11\/fotonoticia_20151126142008_800.jpg","width":800,"height":533},"datePublished":"2015-11-30T12:12:45+01:00","dateModified":"2015-11-30T12:12:45+01:00","inLanguage":"es-ES","mainEntityOfPage":{"@id":"https:\/\/eldigitaldeasturias.com\/magazine365\/la-feria-del-vino-y-la-aceituna-de-almendralejo-organiza-catas-conferencias-y-talleres\/#webpage"},"isPartOf":{"@id":"https:\/\/eldigitaldeasturias.com\/magazine365\/la-feria-del-vino-y-la-aceituna-de-almendralejo-organiza-catas-conferencias-y-talleres\/#webpage"},"articleSection":"Noticias y Actualidad"},{"@type":"BreadcrumbList","@id":"https:\/\/eldigitaldeasturias.com\/magazine365\/la-feria-del-vino-y-la-aceituna-de-almendralejo-organiza-catas-conferencias-y-talleres\/#breadcrumblist","itemListElement":[{"@type":"ListItem","@id":"https:\/\/eldigitaldeasturias.com\/magazine365#listItem","position":1,"name":"Home","item":"https:\/\/eldigitaldeasturias.com\/magazine365","nextItem":{"@type":"ListItem","@id":"https:\/\/eldigitaldeasturias.com\/magazine365\/category\/noticias-actualidad\/#listItem","name":"Noticias y Actualidad"}},{"@type":"ListItem","@id":"https:\/\/eldigitaldeasturias.com\/magazine365\/category\/noticias-actualidad\/#listItem","position":2,"name":"Noticias y Actualidad","item":"https:\/\/eldigitaldeasturias.com\/magazine365\/category\/noticias-actualidad\/","nextItem":{"@type":"ListItem","@id":"https:\/\/eldigitaldeasturias.com\/magazine365\/la-feria-del-vino-y-la-aceituna-de-almendralejo-organiza-catas-conferencias-y-talleres\/#listItem","name":"La Feria del Vino y la Aceituna de Almendralejo organiza catas, conferencias y talleres"},"previousItem":{"@type":"ListItem","@id":"https:\/\/eldigitaldeasturias.com\/magazine365#listItem","name":"Home"}},{"@type":"ListItem","@id":"https:\/\/eldigitaldeasturias.com\/magazine365\/la-feria-del-vino-y-la-aceituna-de-almendralejo-organiza-catas-conferencias-y-talleres\/#listItem","position":3,"name":"La Feria del Vino y la Aceituna de Almendralejo organiza catas, conferencias y talleres","previousItem":{"@type":"ListItem","@id":"https:\/\/eldigitaldeasturias.com\/magazine365\/category\/noticias-actualidad\/#listItem","name":"Noticias y Actualidad"}}]},{"@type":"Organization","@id":"https:\/\/eldigitaldeasturias.com\/magazine365\/#organization","name":"El digital de Asturias","description":"Revista de ocio, turismo y estilo de vida","url":"https:\/\/eldigitaldeasturias.com\/magazine365\/","logo":{"@type":"ImageObject","url":"https:\/\/www.eldigitaldeasturias.com\/noticias\/wp-content\/uploads\/2020\/12\/EDA.jpg","@id":"https:\/\/eldigitaldeasturias.com\/magazine365\/la-feria-del-vino-y-la-aceituna-de-almendralejo-organiza-catas-conferencias-y-talleres\/#organizationLogo"},"image":{"@id":"https:\/\/eldigitaldeasturias.com\/magazine365\/la-feria-del-vino-y-la-aceituna-de-almendralejo-organiza-catas-conferencias-y-talleres\/#organizationLogo"}},{"@type":"Person","@id":"https:\/\/eldigitaldeasturias.com\/magazine365\/author\/admin\/#author","url":"https:\/\/eldigitaldeasturias.com\/magazine365\/author\/admin\/","name":"admin","image":{"@type":"ImageObject","@id":"https:\/\/eldigitaldeasturias.com\/magazine365\/la-feria-del-vino-y-la-aceituna-de-almendralejo-organiza-catas-conferencias-y-talleres\/#authorImage","url":"https:\/\/eldigitaldeasturias.com\/magazine365\/wp-content\/litespeed\/avatar\/e571bcf59a0edd6fa6838245a470f2fe.jpg?ver=1777574230","width":96,"height":96,"caption":"admin"}},{"@type":"WebPage","@id":"https:\/\/eldigitaldeasturias.com\/magazine365\/la-feria-del-vino-y-la-aceituna-de-almendralejo-organiza-catas-conferencias-y-talleres\/#webpage","url":"https:\/\/eldigitaldeasturias.com\/magazine365\/la-feria-del-vino-y-la-aceituna-de-almendralejo-organiza-catas-conferencias-y-talleres\/","name":"La Feria del Vino y la Aceituna de Almendralejo organiza catas, conferencias y talleres | El Digital de Asturias","description":"La Feria del Vino y la Aceituna de Extremadura que se celebra en la localidad pacense de Almendralejo ha organizado actividades para profesionales, catas, maridajes, conferencias, talleres y actividades de showcooking en vivo, as\u00ed como visitas a bodegas de la localidad. En su decimosexta edici\u00f3n, esta feria, que abre sus puertas este viernes, d\u00eda 27,","inLanguage":"es-ES","isPartOf":{"@id":"https:\/\/eldigitaldeasturias.com\/magazine365\/#website"},"breadcrumb":{"@id":"https:\/\/eldigitaldeasturias.com\/magazine365\/la-feria-del-vino-y-la-aceituna-de-almendralejo-organiza-catas-conferencias-y-talleres\/#breadcrumblist"},"author":{"@id":"https:\/\/eldigitaldeasturias.com\/magazine365\/author\/admin\/#author"},"creator":{"@id":"https:\/\/eldigitaldeasturias.com\/magazine365\/author\/admin\/#author"},"image":{"@type":"ImageObject","url":"https:\/\/eldigitaldeasturias.com\/magazine365\/wp-content\/uploads\/2015\/11\/fotonoticia_20151126142008_800.jpg","@id":"https:\/\/eldigitaldeasturias.com\/magazine365\/la-feria-del-vino-y-la-aceituna-de-almendralejo-organiza-catas-conferencias-y-talleres\/#mainImage","width":800,"height":533},"primaryImageOfPage":{"@id":"https:\/\/eldigitaldeasturias.com\/magazine365\/la-feria-del-vino-y-la-aceituna-de-almendralejo-organiza-catas-conferencias-y-talleres\/#mainImage"},"datePublished":"2015-11-30T12:12:45+01:00","dateModified":"2015-11-30T12:12:45+01:00"},{"@type":"WebSite","@id":"https:\/\/eldigitaldeasturias.com\/magazine365\/#website","url":"https:\/\/eldigitaldeasturias.com\/magazine365\/","name":"El Digital de Asturias","description":"Revista de ocio, turismo y estilo de vida","inLanguage":"es-ES","publisher":{"@id":"https:\/\/eldigitaldeasturias.com\/magazine365\/#organization"}}]},"og:locale":"es_ES","og:site_name":"El Digital de Asturias \u2013 Revista de ocio, turismo y estilo de vida","og:type":"article","og:title":"La Feria del Vino y la Aceituna de Almendralejo organiza catas, conferencias y talleres | El Digital de Asturias","og:description":"La Feria del Vino y la Aceituna de Extremadura que se celebra en la localidad pacense de Almendralejo ha organizado actividades para profesionales, catas, maridajes, conferencias, talleres y actividades de showcooking en vivo, as\u00ed como visitas a bodegas de la localidad. En su decimosexta edici\u00f3n, esta feria, que abre sus puertas este viernes, d\u00eda 27,","og:url":"https:\/\/eldigitaldeasturias.com\/magazine365\/la-feria-del-vino-y-la-aceituna-de-almendralejo-organiza-catas-conferencias-y-talleres\/","og:image":"https:\/\/eldigitaldeasturias.com\/magazine365\/wp-content\/uploads\/2015\/11\/fotonoticia_20151126142008_800.jpg","og:image:secure_url":"https:\/\/eldigitaldeasturias.com\/magazine365\/wp-content\/uploads\/2015\/11\/fotonoticia_20151126142008_800.jpg","og:image:width":800,"og:image:height":533,"article:published_time":"2015-11-30T11:12:45+00:00","article:modified_time":"2015-11-30T11:12:45+00:00","twitter:card":"summary_large_image","twitter:title":"La Feria del Vino y la Aceituna de Almendralejo organiza catas, conferencias y talleres | El Digital de Asturias","twitter:description":"La Feria del Vino y la Aceituna de Extremadura que se celebra en la localidad pacense de Almendralejo ha organizado actividades para profesionales, catas, maridajes, conferencias, talleres y actividades de showcooking en vivo, as\u00ed como visitas a bodegas de la localidad. En su decimosexta edici\u00f3n, esta feria, que abre sus puertas este viernes, d\u00eda 27,","twitter:image":"https:\/\/eldigitaldeasturias.com\/magazine365\/wp-content\/uploads\/2015\/11\/fotonoticia_20151126142008_800.jpg"},"aioseo_meta_data":{"post_id":"56895","title":null,"description":null,"keywords":null,"keyphrases":null,"primary_term":null,"canonical_url":null,"og_title":null,"og_description":null,"og_object_type":"default","og_image_type":"default","og_image_url":null,"og_image_width":null,"og_image_height":null,"og_image_custom_url":null,"og_image_custom_fields":null,"og_video":null,"og_custom_url":null,"og_article_section":null,"og_article_tags":null,"twitter_use_og":false,"twitter_card":"default","twitter_image_type":"default","twitter_image_url":null,"twitter_image_custom_url":null,"twitter_image_custom_fields":null,"twitter_title":null,"twitter_description":null,"schema":{"blockGraphs":[],"customGraphs":[],"default":{"data":{"Article":[],"Course":[],"Dataset":[],"FAQPage":[],"Movie":[],"Person":[],"Product":[],"ProductReview":[],"Car":[],"Recipe":[],"Service":[],"SoftwareApplication":[],"WebPage":[]},"graphName":"","isEnabled":true},"graphs":[],"defaultGraph":"","defaultPostTypeGraph":""},"schema_type":null,"schema_type_options":null,"pillar_content":false,"robots_default":true,"robots_noindex":false,"robots_noarchive":false,"robots_nosnippet":false,"robots_nofollow":false,"robots_noimageindex":false,"robots_noodp":false,"robots_notranslate":false,"robots_max_snippet":null,"robots_max_videopreview":null,"robots_max_imagepreview":"large","priority":null,"frequency":null,"location":null,"local_seo":null,"seo_analyzer_scan_date":"2025-09-24 23:45:10","breadcrumb_settings":null,"limit_modified_date":false,"open_ai":null,"ai":null,"created":"2021-03-08 22:51:12","updated":"2025-09-24 23:45:10"},"aioseo_breadcrumb":"<div class=\"aioseo-breadcrumbs\"><span class=\"aioseo-breadcrumb\">\n\t<a href=\"https:\/\/eldigitaldeasturias.com\/magazine365\" title=\"Home\">Home<\/a>\n<\/span><span class=\"aioseo-breadcrumb-separator\">\u2013<\/span><span class=\"aioseo-breadcrumb\">\n\t<a href=\"https:\/\/eldigitaldeasturias.com\/magazine365\/category\/noticias-actualidad\/\" title=\"Noticias y Actualidad\">Noticias y Actualidad<\/a>\n<\/span><span class=\"aioseo-breadcrumb-separator\">\u2013<\/span><span class=\"aioseo-breadcrumb\">\n\t<a href=\"https:\/\/eldigitaldeasturias.com\/magazine365\/la-feria-del-vino-y-la-aceituna-de-almendralejo-organiza-catas-conferencias-y-talleres\/\" title=\"La Feria del Vino y la Aceituna de Almendralejo organiza catas, conferencias y talleres\">La Feria del Vino y la Aceituna de Almendralejo organiza catas, conferencias y talleres<\/a>\n<\/span><\/div>","aioseo_breadcrumb_json":[{"label":"Home","link":"https:\/\/eldigitaldeasturias.com\/magazine365"},{"label":"Noticias y Actualidad","link":"https:\/\/eldigitaldeasturias.com\/magazine365\/category\/noticias-actualidad\/"},{"label":"La Feria del Vino y la Aceituna de Almendralejo organiza catas, conferencias y talleres","link":"https:\/\/eldigitaldeasturias.com\/magazine365\/la-feria-del-vino-y-la-aceituna-de-almendralejo-organiza-catas-conferencias-y-talleres\/"}],"_links":{"self":[{"href":"https:\/\/eldigitaldeasturias.com\/magazine365\/wp-json\/wp\/v2\/posts\/56895","targetHints":{"allow":["GET"]}}],"collection":[{"href":"https:\/\/eldigitaldeasturias.com\/magazine365\/wp-json\/wp\/v2\/posts"}],"about":[{"href":"https:\/\/eldigitaldeasturias.com\/magazine365\/wp-json\/wp\/v2\/types\/post"}],"author":[{"embeddable":true,"href":"https:\/\/eldigitaldeasturias.com\/magazine365\/wp-json\/wp\/v2\/users\/1"}],"replies":[{"embeddable":true,"href":"https:\/\/eldigitaldeasturias.com\/magazine365\/wp-json\/wp\/v2\/comments?post=56895"}],"version-history":[{"count":0,"href":"https:\/\/eldigitaldeasturias.com\/magazine365\/wp-json\/wp\/v2\/posts\/56895\/revisions"}],"wp:featuredmedia":[{"embeddable":true,"href":"https:\/\/eldigitaldeasturias.com\/magazine365\/wp-json\/wp\/v2\/media\/56896"}],"wp:attachment":[{"href":"https:\/\/eldigitaldeasturias.com\/magazine365\/wp-json\/wp\/v2\/media?parent=56895"}],"wp:term":[{"taxonomy":"category","embeddable":true,"href":"https:\/\/eldigitaldeasturias.com\/magazine365\/wp-json\/wp\/v2\/categories?post=56895"},{"taxonomy":"post_tag","embeddable":true,"href":"https:\/\/eldigitaldeasturias.com\/magazine365\/wp-json\/wp\/v2\/tags?post=56895"}],"curies":[{"name":"wp","href":"https:\/\/api.w.org\/{rel}","templated":true}]}}