{"id":56873,"date":"2015-11-30T08:13:57","date_gmt":"2015-11-30T07:13:57","guid":{"rendered":"http:\/\/eldigitaldeasturias.com\/magazine365\/?p=56873"},"modified":"2015-11-30T08:13:57","modified_gmt":"2015-11-30T07:13:57","slug":"la-generalitat-de-cataluna-niega-fuga-empresarial-y-senala-que-se-van-mas-companias-de-madrid","status":"publish","type":"post","link":"https:\/\/eldigitaldeasturias.com\/magazine365\/la-generalitat-de-cataluna-niega-fuga-empresarial-y-senala-que-se-van-mas-companias-de-madrid\/","title":{"rendered":"La Generalitat de Catalu\u00f1a niega fuga empresarial y se\u00f1ala que se van m\u00e1s compa\u00f1\u00edas de Madrid"},"content":{"rendered":"<p><img fetchpriority=\"high\" decoding=\"async\" class=\"alignleft size-medium wp-image-56874\" src=\"https:\/\/eldigitaldeasturias.com\/magazine365\/wp-content\/uploads\/2015\/11\/fotonoticia_20151126132236_800-360x270.jpg\" alt=\"fotonoticia_20151126132236_800\" width=\"360\" height=\"270\" srcset=\"https:\/\/eldigitaldeasturias.com\/magazine365\/wp-content\/uploads\/2015\/11\/fotonoticia_20151126132236_800-360x270.jpg 360w, https:\/\/eldigitaldeasturias.com\/magazine365\/wp-content\/uploads\/2015\/11\/fotonoticia_20151126132236_800-650x488.jpg 650w, https:\/\/eldigitaldeasturias.com\/magazine365\/wp-content\/uploads\/2015\/11\/fotonoticia_20151126132236_800-768x576.jpg 768w, https:\/\/eldigitaldeasturias.com\/magazine365\/wp-content\/uploads\/2015\/11\/fotonoticia_20151126132236_800-150x113.jpg 150w, https:\/\/eldigitaldeasturias.com\/magazine365\/wp-content\/uploads\/2015\/11\/fotonoticia_20151126132236_800-450x338.jpg 450w, https:\/\/eldigitaldeasturias.com\/magazine365\/wp-content\/uploads\/2015\/11\/fotonoticia_20151126132236_800-80x60.jpg 80w, https:\/\/eldigitaldeasturias.com\/magazine365\/wp-content\/uploads\/2015\/11\/fotonoticia_20151126132236_800-265x198.jpg 265w, https:\/\/eldigitaldeasturias.com\/magazine365\/wp-content\/uploads\/2015\/11\/fotonoticia_20151126132236_800-696x522.jpg 696w, https:\/\/eldigitaldeasturias.com\/magazine365\/wp-content\/uploads\/2015\/11\/fotonoticia_20151126132236_800-560x420.jpg 560w, https:\/\/eldigitaldeasturias.com\/magazine365\/wp-content\/uploads\/2015\/11\/fotonoticia_20151126132236_800-90x67.jpg 90w, https:\/\/eldigitaldeasturias.com\/magazine365\/wp-content\/uploads\/2015\/11\/fotonoticia_20151126132236_800-100x75.jpg 100w, https:\/\/eldigitaldeasturias.com\/magazine365\/wp-content\/uploads\/2015\/11\/fotonoticia_20151126132236_800.jpg 800w\" sizes=\"(max-width: 360px) 100vw, 360px\" \/>El conseller de Empresa y Empleo de la Generalitat, Felip Puig, ha calificado este jueves de \u00abfalso\u00bb que se est\u00e9 produciendo fuga de empresas de Catalunya por el proceso soberanista y ha indicado que la Comunidad de Madrid pierde m\u00e1s sedes, seg\u00fan las mismas fuentes estad\u00edsticas.<\/p>\n<p>En su discurso de clausura del 20 Mercado Financiapyme impulsado por Pimec para facilitar el acceso al cr\u00e9dito por parte de las peque\u00f1as y medianas empresas, y en declaraciones posteriores a la prensa, ha hablado de \u00abcampa\u00f1a orquestada para atemorizar a las empresas y ciudadanos de Catalu\u00f1a\u00bb.<\/p>\n<p>Puig ha incidido en que algunas empresas catalanas est\u00e1n cambiando su sede por motivos mayoritariamente fiscales, pero no se est\u00e1n llevando sus negocios o plantas de producci\u00f3n, y las cifras son similares a las de los \u00faltimos a\u00f1os, mientras que en la Comunidad de Madrid los n\u00fameros son m\u00e1s elevados \u00absin proceso soberanista ni presi\u00f3n del Estado\u00bb.<\/p>\n<p>Ha reconocido que Catalu\u00f1a tiene un problema de pol\u00edtica fiscal poco atractiva para las empresas que es mejorable pero cuyo cambio se ve obstaculizado por la organizaci\u00f3n actual con el Estado.<\/p>\n<p>INFORMACIONES \u00abDISTORSIONADAS\u00bb<\/p>\n<p>Ha criticado la difusi\u00f3n de informaciones \u00ababsolutamente distorsionadas\u00bb porque s\u00ed es cierto que en los tres \u00faltimos a\u00f1os 2.650 empresas han cambiado su sede fiscal fuera de Catalu\u00f1a, pero en el mismo periodo ha habido 4.000 traslados fuera de la Comunidad de Madrid.<\/p>\n<p>Solo en 2014, los cambios de sede desde Catalu\u00f1a fueron 987 (el 0,38% del total de empresas productivas en la comunidad), mientras que en Madrid fueron 1.422 (el 0,68% del total), ha recalcado.<\/p>\n<p>Ha agregado que la media de traslados en Catalu\u00f1a fue superior en el periodo 2008-2010 que en 2011-2014, y que deslocalizaciones hay \u00abaqu\u00ed y en todas partes\u00bb, con ejemplos como easyJet &#8211;que cerr\u00f3 su base en Madrid y abrir\u00e1 una en Barcelona&#8211; y Pfizer &#8211;con traslado de su sede de EE.UU. a Irlanda por razones fiscales&#8211;.<\/p>\n<p>Tambi\u00e9n ha indicado que actualmente hay saldo positivo de creaci\u00f3n de empresas en Catalu\u00f1a, el PIB catal\u00e1n crecer\u00e1 cerca del 3,5% en 2016, y la inversi\u00f3n extranjera aument\u00f3 el primer semestre.<\/p>\n<p>\u00abREFLEXI\u00d3N\u00bb SOBRE LA REPRESENTATIVIDAD HOTELERA.<\/p>\n<p>Preguntado por el presidente del Gremio de Hoteles de Barcelona, Jordi Clos, que ha sido uno de los empresarios que ha trasladado la sede de su compa\u00f1\u00eda a Madrid, Puig ha indicado que se trata de una decisi\u00f3n personal leg\u00edtima, aunque el sector hotelero, por motivos de representatividad, \u00abes posible que deba hacer una reflexi\u00f3n\u00bb.<\/p>\n<p>Tambi\u00e9n en declaraciones a la prensa, el presidente de Pimec, Josep Gonz\u00e1lez, ha considerado que siempre hay unas empresas \u00abque se van y otras que vienen\u00bb, y que el problema principal es que hay condiciones m\u00e1s favorables para las empresas en otras comunidades, desde la fiscalidad a ayudas para conseguir terrenos o contrataci\u00f3n de personal.<\/p>\n<p>Ha descartado que las cifras de traslados de sedes fuera de Catalu\u00f1a respondan en su mayor\u00eda al proceso soberanista, aunque s\u00ed debe haber casos: \u00abSer\u00eda extra\u00f1o que no hubiese ninguna\u00bb.<\/p>\n","protected":false},"excerpt":{"rendered":"<p>El conseller de Empresa y Empleo de la Generalitat, Felip Puig, ha calificado este jueves de \u00abfalso\u00bb que se est\u00e9 produciendo fuga de empresas de Catalunya por el proceso soberanista y ha indicado que la Comunidad de Madrid pierde m\u00e1s sedes, seg\u00fan las mismas fuentes estad\u00edsticas. En su discurso de clausura del 20 Mercado Financiapyme<\/p>\n","protected":false},"author":1,"featured_media":56874,"comment_status":"open","ping_status":"closed","sticky":false,"template":"","format":"standard","meta":{"footnotes":""},"categories":[224],"tags":[],"class_list":{"0":"post-56873","1":"post","2":"type-post","3":"status-publish","4":"format-standard","5":"has-post-thumbnail","7":"category-noticias-actualidad"},"aioseo_notices":[],"aioseo_head":"\n\t\t<!-- All in One SEO Pro 4.9.6.1 - aioseo.com -->\n\t<meta name=\"description\" content=\"El conseller de Empresa y Empleo de la Generalitat, Felip Puig, ha calificado este jueves de &quot;falso&quot; que se est\u00e9 produciendo fuga de empresas de Catalunya por el proceso soberanista y ha indicado que la Comunidad de Madrid pierde m\u00e1s sedes, seg\u00fan las mismas fuentes estad\u00edsticas. En su discurso de clausura del 20 Mercado Financiapyme\" \/>\n\t<meta name=\"robots\" content=\"max-image-preview:large\" \/>\n\t<meta name=\"author\" content=\"admin\"\/>\n\t<meta name=\"google-site-verification\" content=\"UA-38556648-1\" \/>\n\t<meta name=\"keywords\" content=\"noticias y actualidad\" \/>\n\t<link rel=\"canonical\" href=\"https:\/\/eldigitaldeasturias.com\/magazine365\/la-generalitat-de-cataluna-niega-fuga-empresarial-y-senala-que-se-van-mas-companias-de-madrid\/\" \/>\n\t<meta name=\"generator\" content=\"All in One SEO Pro (AIOSEO) 4.9.6.1\" \/>\n\t\t<meta property=\"og:locale\" content=\"es_ES\" \/>\n\t\t<meta property=\"og:site_name\" content=\"El Digital de Asturias \u2013 Revista de ocio, turismo y estilo de vida\" \/>\n\t\t<meta property=\"og:type\" content=\"article\" \/>\n\t\t<meta property=\"og:title\" content=\"La Generalitat de Catalu\u00f1a niega fuga empresarial y se\u00f1ala que se van m\u00e1s compa\u00f1\u00edas de Madrid | El Digital de Asturias\" \/>\n\t\t<meta property=\"og:description\" content=\"El conseller de Empresa y Empleo de la Generalitat, Felip Puig, ha calificado este jueves de &quot;falso&quot; que se est\u00e9 produciendo fuga de empresas de Catalunya por el proceso soberanista y ha indicado que la Comunidad de Madrid pierde m\u00e1s sedes, seg\u00fan las mismas fuentes estad\u00edsticas. En su discurso de clausura del 20 Mercado Financiapyme\" \/>\n\t\t<meta property=\"og:url\" content=\"https:\/\/eldigitaldeasturias.com\/magazine365\/la-generalitat-de-cataluna-niega-fuga-empresarial-y-senala-que-se-van-mas-companias-de-madrid\/\" \/>\n\t\t<meta property=\"og:image\" content=\"https:\/\/eldigitaldeasturias.com\/magazine365\/wp-content\/uploads\/2015\/11\/fotonoticia_20151126132236_800.jpg\" \/>\n\t\t<meta property=\"og:image:secure_url\" content=\"https:\/\/eldigitaldeasturias.com\/magazine365\/wp-content\/uploads\/2015\/11\/fotonoticia_20151126132236_800.jpg\" \/>\n\t\t<meta property=\"og:image:width\" content=\"800\" \/>\n\t\t<meta property=\"og:image:height\" content=\"600\" \/>\n\t\t<meta property=\"article:published_time\" content=\"2015-11-30T07:13:57+00:00\" \/>\n\t\t<meta property=\"article:modified_time\" content=\"2015-11-30T07:13:57+00:00\" \/>\n\t\t<meta name=\"twitter:card\" content=\"summary_large_image\" \/>\n\t\t<meta name=\"twitter:title\" content=\"La Generalitat de Catalu\u00f1a niega fuga empresarial y se\u00f1ala que se van m\u00e1s compa\u00f1\u00edas de Madrid | El Digital de Asturias\" \/>\n\t\t<meta name=\"twitter:description\" content=\"El conseller de Empresa y Empleo de la Generalitat, Felip Puig, ha calificado este jueves de &quot;falso&quot; que se est\u00e9 produciendo fuga de empresas de Catalunya por el proceso soberanista y ha indicado que la Comunidad de Madrid pierde m\u00e1s sedes, seg\u00fan las mismas fuentes estad\u00edsticas. En su discurso de clausura del 20 Mercado Financiapyme\" \/>\n\t\t<meta name=\"twitter:image\" content=\"https:\/\/eldigitaldeasturias.com\/magazine365\/wp-content\/uploads\/2015\/11\/fotonoticia_20151126132236_800.jpg\" \/>\n\t\t<script type=\"application\/ld+json\" class=\"aioseo-schema\">\n\t\t\t{\"@context\":\"https:\\\/\\\/schema.org\",\"@graph\":[{\"@type\":\"Article\",\"@id\":\"https:\\\/\\\/eldigitaldeasturias.com\\\/magazine365\\\/la-generalitat-de-cataluna-niega-fuga-empresarial-y-senala-que-se-van-mas-companias-de-madrid\\\/#article\",\"name\":\"La Generalitat de Catalu\\u00f1a niega fuga empresarial y se\\u00f1ala que se van m\\u00e1s compa\\u00f1\\u00edas de Madrid | El Digital de Asturias\",\"headline\":\"La Generalitat de Catalu\\u00f1a niega fuga empresarial y se\\u00f1ala que se van m\\u00e1s compa\\u00f1\\u00edas de Madrid\",\"author\":{\"@id\":\"https:\\\/\\\/eldigitaldeasturias.com\\\/magazine365\\\/author\\\/admin\\\/#author\"},\"publisher\":{\"@id\":\"https:\\\/\\\/eldigitaldeasturias.com\\\/magazine365\\\/#organization\"},\"image\":{\"@type\":\"ImageObject\",\"url\":\"https:\\\/\\\/eldigitaldeasturias.com\\\/magazine365\\\/wp-content\\\/uploads\\\/2015\\\/11\\\/fotonoticia_20151126132236_800.jpg\",\"width\":800,\"height\":600},\"datePublished\":\"2015-11-30T08:13:57+01:00\",\"dateModified\":\"2015-11-30T08:13:57+01:00\",\"inLanguage\":\"es-ES\",\"mainEntityOfPage\":{\"@id\":\"https:\\\/\\\/eldigitaldeasturias.com\\\/magazine365\\\/la-generalitat-de-cataluna-niega-fuga-empresarial-y-senala-que-se-van-mas-companias-de-madrid\\\/#webpage\"},\"isPartOf\":{\"@id\":\"https:\\\/\\\/eldigitaldeasturias.com\\\/magazine365\\\/la-generalitat-de-cataluna-niega-fuga-empresarial-y-senala-que-se-van-mas-companias-de-madrid\\\/#webpage\"},\"articleSection\":\"Noticias y Actualidad\"},{\"@type\":\"BreadcrumbList\",\"@id\":\"https:\\\/\\\/eldigitaldeasturias.com\\\/magazine365\\\/la-generalitat-de-cataluna-niega-fuga-empresarial-y-senala-que-se-van-mas-companias-de-madrid\\\/#breadcrumblist\",\"itemListElement\":[{\"@type\":\"ListItem\",\"@id\":\"https:\\\/\\\/eldigitaldeasturias.com\\\/magazine365#listItem\",\"position\":1,\"name\":\"Home\",\"item\":\"https:\\\/\\\/eldigitaldeasturias.com\\\/magazine365\",\"nextItem\":{\"@type\":\"ListItem\",\"@id\":\"https:\\\/\\\/eldigitaldeasturias.com\\\/magazine365\\\/category\\\/noticias-actualidad\\\/#listItem\",\"name\":\"Noticias y Actualidad\"}},{\"@type\":\"ListItem\",\"@id\":\"https:\\\/\\\/eldigitaldeasturias.com\\\/magazine365\\\/category\\\/noticias-actualidad\\\/#listItem\",\"position\":2,\"name\":\"Noticias y Actualidad\",\"item\":\"https:\\\/\\\/eldigitaldeasturias.com\\\/magazine365\\\/category\\\/noticias-actualidad\\\/\",\"nextItem\":{\"@type\":\"ListItem\",\"@id\":\"https:\\\/\\\/eldigitaldeasturias.com\\\/magazine365\\\/la-generalitat-de-cataluna-niega-fuga-empresarial-y-senala-que-se-van-mas-companias-de-madrid\\\/#listItem\",\"name\":\"La Generalitat de Catalu\\u00f1a niega fuga empresarial y se\\u00f1ala que se van m\\u00e1s compa\\u00f1\\u00edas de Madrid\"},\"previousItem\":{\"@type\":\"ListItem\",\"@id\":\"https:\\\/\\\/eldigitaldeasturias.com\\\/magazine365#listItem\",\"name\":\"Home\"}},{\"@type\":\"ListItem\",\"@id\":\"https:\\\/\\\/eldigitaldeasturias.com\\\/magazine365\\\/la-generalitat-de-cataluna-niega-fuga-empresarial-y-senala-que-se-van-mas-companias-de-madrid\\\/#listItem\",\"position\":3,\"name\":\"La Generalitat de Catalu\\u00f1a niega fuga empresarial y se\\u00f1ala que se van m\\u00e1s compa\\u00f1\\u00edas de Madrid\",\"previousItem\":{\"@type\":\"ListItem\",\"@id\":\"https:\\\/\\\/eldigitaldeasturias.com\\\/magazine365\\\/category\\\/noticias-actualidad\\\/#listItem\",\"name\":\"Noticias y Actualidad\"}}]},{\"@type\":\"Organization\",\"@id\":\"https:\\\/\\\/eldigitaldeasturias.com\\\/magazine365\\\/#organization\",\"name\":\"El digital de Asturias\",\"description\":\"Revista de ocio, turismo y estilo de vida\",\"url\":\"https:\\\/\\\/eldigitaldeasturias.com\\\/magazine365\\\/\",\"logo\":{\"@type\":\"ImageObject\",\"url\":\"https:\\\/\\\/www.eldigitaldeasturias.com\\\/noticias\\\/wp-content\\\/uploads\\\/2020\\\/12\\\/EDA.jpg\",\"@id\":\"https:\\\/\\\/eldigitaldeasturias.com\\\/magazine365\\\/la-generalitat-de-cataluna-niega-fuga-empresarial-y-senala-que-se-van-mas-companias-de-madrid\\\/#organizationLogo\"},\"image\":{\"@id\":\"https:\\\/\\\/eldigitaldeasturias.com\\\/magazine365\\\/la-generalitat-de-cataluna-niega-fuga-empresarial-y-senala-que-se-van-mas-companias-de-madrid\\\/#organizationLogo\"}},{\"@type\":\"Person\",\"@id\":\"https:\\\/\\\/eldigitaldeasturias.com\\\/magazine365\\\/author\\\/admin\\\/#author\",\"url\":\"https:\\\/\\\/eldigitaldeasturias.com\\\/magazine365\\\/author\\\/admin\\\/\",\"name\":\"admin\",\"image\":{\"@type\":\"ImageObject\",\"@id\":\"https:\\\/\\\/eldigitaldeasturias.com\\\/magazine365\\\/la-generalitat-de-cataluna-niega-fuga-empresarial-y-senala-que-se-van-mas-companias-de-madrid\\\/#authorImage\",\"url\":\"https:\\\/\\\/eldigitaldeasturias.com\\\/magazine365\\\/wp-content\\\/litespeed\\\/avatar\\\/e571bcf59a0edd6fa6838245a470f2fe.jpg?ver=1777574230\",\"width\":96,\"height\":96,\"caption\":\"admin\"}},{\"@type\":\"WebPage\",\"@id\":\"https:\\\/\\\/eldigitaldeasturias.com\\\/magazine365\\\/la-generalitat-de-cataluna-niega-fuga-empresarial-y-senala-que-se-van-mas-companias-de-madrid\\\/#webpage\",\"url\":\"https:\\\/\\\/eldigitaldeasturias.com\\\/magazine365\\\/la-generalitat-de-cataluna-niega-fuga-empresarial-y-senala-que-se-van-mas-companias-de-madrid\\\/\",\"name\":\"La Generalitat de Catalu\\u00f1a niega fuga empresarial y se\\u00f1ala que se van m\\u00e1s compa\\u00f1\\u00edas de Madrid | El Digital de Asturias\",\"description\":\"El conseller de Empresa y Empleo de la Generalitat, Felip Puig, ha calificado este jueves de \\\"falso\\\" que se est\\u00e9 produciendo fuga de empresas de Catalunya por el proceso soberanista y ha indicado que la Comunidad de Madrid pierde m\\u00e1s sedes, seg\\u00fan las mismas fuentes estad\\u00edsticas. En su discurso de clausura del 20 Mercado Financiapyme\",\"inLanguage\":\"es-ES\",\"isPartOf\":{\"@id\":\"https:\\\/\\\/eldigitaldeasturias.com\\\/magazine365\\\/#website\"},\"breadcrumb\":{\"@id\":\"https:\\\/\\\/eldigitaldeasturias.com\\\/magazine365\\\/la-generalitat-de-cataluna-niega-fuga-empresarial-y-senala-que-se-van-mas-companias-de-madrid\\\/#breadcrumblist\"},\"author\":{\"@id\":\"https:\\\/\\\/eldigitaldeasturias.com\\\/magazine365\\\/author\\\/admin\\\/#author\"},\"creator\":{\"@id\":\"https:\\\/\\\/eldigitaldeasturias.com\\\/magazine365\\\/author\\\/admin\\\/#author\"},\"image\":{\"@type\":\"ImageObject\",\"url\":\"https:\\\/\\\/eldigitaldeasturias.com\\\/magazine365\\\/wp-content\\\/uploads\\\/2015\\\/11\\\/fotonoticia_20151126132236_800.jpg\",\"@id\":\"https:\\\/\\\/eldigitaldeasturias.com\\\/magazine365\\\/la-generalitat-de-cataluna-niega-fuga-empresarial-y-senala-que-se-van-mas-companias-de-madrid\\\/#mainImage\",\"width\":800,\"height\":600},\"primaryImageOfPage\":{\"@id\":\"https:\\\/\\\/eldigitaldeasturias.com\\\/magazine365\\\/la-generalitat-de-cataluna-niega-fuga-empresarial-y-senala-que-se-van-mas-companias-de-madrid\\\/#mainImage\"},\"datePublished\":\"2015-11-30T08:13:57+01:00\",\"dateModified\":\"2015-11-30T08:13:57+01:00\"},{\"@type\":\"WebSite\",\"@id\":\"https:\\\/\\\/eldigitaldeasturias.com\\\/magazine365\\\/#website\",\"url\":\"https:\\\/\\\/eldigitaldeasturias.com\\\/magazine365\\\/\",\"name\":\"El Digital de Asturias\",\"description\":\"Revista de ocio, turismo y estilo de vida\",\"inLanguage\":\"es-ES\",\"publisher\":{\"@id\":\"https:\\\/\\\/eldigitaldeasturias.com\\\/magazine365\\\/#organization\"}}]}\n\t\t<\/script>\n\t\t<!-- All in One SEO Pro -->\r\n\t\t<title>La Generalitat de Catalu\u00f1a niega fuga empresarial y se\u00f1ala que se van m\u00e1s compa\u00f1\u00edas de Madrid | El Digital de Asturias<\/title>\n\n","aioseo_head_json":{"title":"La Generalitat de Catalu\u00f1a niega fuga empresarial y se\u00f1ala que se van m\u00e1s compa\u00f1\u00edas de Madrid | El Digital de Asturias","description":"El conseller de Empresa y Empleo de la Generalitat, Felip Puig, ha calificado este jueves de \"falso\" que se est\u00e9 produciendo fuga de empresas de Catalunya por el proceso soberanista y ha indicado que la Comunidad de Madrid pierde m\u00e1s sedes, seg\u00fan las mismas fuentes estad\u00edsticas. En su discurso de clausura del 20 Mercado Financiapyme","canonical_url":"https:\/\/eldigitaldeasturias.com\/magazine365\/la-generalitat-de-cataluna-niega-fuga-empresarial-y-senala-que-se-van-mas-companias-de-madrid\/","robots":"max-image-preview:large","keywords":"noticias y actualidad","webmasterTools":{"google-site-verification":"UA-38556648-1","miscellaneous":""},"schema":{"@context":"https:\/\/schema.org","@graph":[{"@type":"Article","@id":"https:\/\/eldigitaldeasturias.com\/magazine365\/la-generalitat-de-cataluna-niega-fuga-empresarial-y-senala-que-se-van-mas-companias-de-madrid\/#article","name":"La Generalitat de Catalu\u00f1a niega fuga empresarial y se\u00f1ala que se van m\u00e1s compa\u00f1\u00edas de Madrid | El Digital de Asturias","headline":"La Generalitat de Catalu\u00f1a niega fuga empresarial y se\u00f1ala que se van m\u00e1s compa\u00f1\u00edas de Madrid","author":{"@id":"https:\/\/eldigitaldeasturias.com\/magazine365\/author\/admin\/#author"},"publisher":{"@id":"https:\/\/eldigitaldeasturias.com\/magazine365\/#organization"},"image":{"@type":"ImageObject","url":"https:\/\/eldigitaldeasturias.com\/magazine365\/wp-content\/uploads\/2015\/11\/fotonoticia_20151126132236_800.jpg","width":800,"height":600},"datePublished":"2015-11-30T08:13:57+01:00","dateModified":"2015-11-30T08:13:57+01:00","inLanguage":"es-ES","mainEntityOfPage":{"@id":"https:\/\/eldigitaldeasturias.com\/magazine365\/la-generalitat-de-cataluna-niega-fuga-empresarial-y-senala-que-se-van-mas-companias-de-madrid\/#webpage"},"isPartOf":{"@id":"https:\/\/eldigitaldeasturias.com\/magazine365\/la-generalitat-de-cataluna-niega-fuga-empresarial-y-senala-que-se-van-mas-companias-de-madrid\/#webpage"},"articleSection":"Noticias y Actualidad"},{"@type":"BreadcrumbList","@id":"https:\/\/eldigitaldeasturias.com\/magazine365\/la-generalitat-de-cataluna-niega-fuga-empresarial-y-senala-que-se-van-mas-companias-de-madrid\/#breadcrumblist","itemListElement":[{"@type":"ListItem","@id":"https:\/\/eldigitaldeasturias.com\/magazine365#listItem","position":1,"name":"Home","item":"https:\/\/eldigitaldeasturias.com\/magazine365","nextItem":{"@type":"ListItem","@id":"https:\/\/eldigitaldeasturias.com\/magazine365\/category\/noticias-actualidad\/#listItem","name":"Noticias y Actualidad"}},{"@type":"ListItem","@id":"https:\/\/eldigitaldeasturias.com\/magazine365\/category\/noticias-actualidad\/#listItem","position":2,"name":"Noticias y Actualidad","item":"https:\/\/eldigitaldeasturias.com\/magazine365\/category\/noticias-actualidad\/","nextItem":{"@type":"ListItem","@id":"https:\/\/eldigitaldeasturias.com\/magazine365\/la-generalitat-de-cataluna-niega-fuga-empresarial-y-senala-que-se-van-mas-companias-de-madrid\/#listItem","name":"La Generalitat de Catalu\u00f1a niega fuga empresarial y se\u00f1ala que se van m\u00e1s compa\u00f1\u00edas de Madrid"},"previousItem":{"@type":"ListItem","@id":"https:\/\/eldigitaldeasturias.com\/magazine365#listItem","name":"Home"}},{"@type":"ListItem","@id":"https:\/\/eldigitaldeasturias.com\/magazine365\/la-generalitat-de-cataluna-niega-fuga-empresarial-y-senala-que-se-van-mas-companias-de-madrid\/#listItem","position":3,"name":"La Generalitat de Catalu\u00f1a niega fuga empresarial y se\u00f1ala que se van m\u00e1s compa\u00f1\u00edas de Madrid","previousItem":{"@type":"ListItem","@id":"https:\/\/eldigitaldeasturias.com\/magazine365\/category\/noticias-actualidad\/#listItem","name":"Noticias y Actualidad"}}]},{"@type":"Organization","@id":"https:\/\/eldigitaldeasturias.com\/magazine365\/#organization","name":"El digital de Asturias","description":"Revista de ocio, turismo y estilo de vida","url":"https:\/\/eldigitaldeasturias.com\/magazine365\/","logo":{"@type":"ImageObject","url":"https:\/\/www.eldigitaldeasturias.com\/noticias\/wp-content\/uploads\/2020\/12\/EDA.jpg","@id":"https:\/\/eldigitaldeasturias.com\/magazine365\/la-generalitat-de-cataluna-niega-fuga-empresarial-y-senala-que-se-van-mas-companias-de-madrid\/#organizationLogo"},"image":{"@id":"https:\/\/eldigitaldeasturias.com\/magazine365\/la-generalitat-de-cataluna-niega-fuga-empresarial-y-senala-que-se-van-mas-companias-de-madrid\/#organizationLogo"}},{"@type":"Person","@id":"https:\/\/eldigitaldeasturias.com\/magazine365\/author\/admin\/#author","url":"https:\/\/eldigitaldeasturias.com\/magazine365\/author\/admin\/","name":"admin","image":{"@type":"ImageObject","@id":"https:\/\/eldigitaldeasturias.com\/magazine365\/la-generalitat-de-cataluna-niega-fuga-empresarial-y-senala-que-se-van-mas-companias-de-madrid\/#authorImage","url":"https:\/\/eldigitaldeasturias.com\/magazine365\/wp-content\/litespeed\/avatar\/e571bcf59a0edd6fa6838245a470f2fe.jpg?ver=1777574230","width":96,"height":96,"caption":"admin"}},{"@type":"WebPage","@id":"https:\/\/eldigitaldeasturias.com\/magazine365\/la-generalitat-de-cataluna-niega-fuga-empresarial-y-senala-que-se-van-mas-companias-de-madrid\/#webpage","url":"https:\/\/eldigitaldeasturias.com\/magazine365\/la-generalitat-de-cataluna-niega-fuga-empresarial-y-senala-que-se-van-mas-companias-de-madrid\/","name":"La Generalitat de Catalu\u00f1a niega fuga empresarial y se\u00f1ala que se van m\u00e1s compa\u00f1\u00edas de Madrid | El Digital de Asturias","description":"El conseller de Empresa y Empleo de la Generalitat, Felip Puig, ha calificado este jueves de \"falso\" que se est\u00e9 produciendo fuga de empresas de Catalunya por el proceso soberanista y ha indicado que la Comunidad de Madrid pierde m\u00e1s sedes, seg\u00fan las mismas fuentes estad\u00edsticas. En su discurso de clausura del 20 Mercado Financiapyme","inLanguage":"es-ES","isPartOf":{"@id":"https:\/\/eldigitaldeasturias.com\/magazine365\/#website"},"breadcrumb":{"@id":"https:\/\/eldigitaldeasturias.com\/magazine365\/la-generalitat-de-cataluna-niega-fuga-empresarial-y-senala-que-se-van-mas-companias-de-madrid\/#breadcrumblist"},"author":{"@id":"https:\/\/eldigitaldeasturias.com\/magazine365\/author\/admin\/#author"},"creator":{"@id":"https:\/\/eldigitaldeasturias.com\/magazine365\/author\/admin\/#author"},"image":{"@type":"ImageObject","url":"https:\/\/eldigitaldeasturias.com\/magazine365\/wp-content\/uploads\/2015\/11\/fotonoticia_20151126132236_800.jpg","@id":"https:\/\/eldigitaldeasturias.com\/magazine365\/la-generalitat-de-cataluna-niega-fuga-empresarial-y-senala-que-se-van-mas-companias-de-madrid\/#mainImage","width":800,"height":600},"primaryImageOfPage":{"@id":"https:\/\/eldigitaldeasturias.com\/magazine365\/la-generalitat-de-cataluna-niega-fuga-empresarial-y-senala-que-se-van-mas-companias-de-madrid\/#mainImage"},"datePublished":"2015-11-30T08:13:57+01:00","dateModified":"2015-11-30T08:13:57+01:00"},{"@type":"WebSite","@id":"https:\/\/eldigitaldeasturias.com\/magazine365\/#website","url":"https:\/\/eldigitaldeasturias.com\/magazine365\/","name":"El Digital de Asturias","description":"Revista de ocio, turismo y estilo de vida","inLanguage":"es-ES","publisher":{"@id":"https:\/\/eldigitaldeasturias.com\/magazine365\/#organization"}}]},"og:locale":"es_ES","og:site_name":"El Digital de Asturias \u2013 Revista de ocio, turismo y estilo de vida","og:type":"article","og:title":"La Generalitat de Catalu\u00f1a niega fuga empresarial y se\u00f1ala que se van m\u00e1s compa\u00f1\u00edas de Madrid | El Digital de Asturias","og:description":"El conseller de Empresa y Empleo de la Generalitat, Felip Puig, ha calificado este jueves de &quot;falso&quot; que se est\u00e9 produciendo fuga de empresas de Catalunya por el proceso soberanista y ha indicado que la Comunidad de Madrid pierde m\u00e1s sedes, seg\u00fan las mismas fuentes estad\u00edsticas. En su discurso de clausura del 20 Mercado Financiapyme","og:url":"https:\/\/eldigitaldeasturias.com\/magazine365\/la-generalitat-de-cataluna-niega-fuga-empresarial-y-senala-que-se-van-mas-companias-de-madrid\/","og:image":"https:\/\/eldigitaldeasturias.com\/magazine365\/wp-content\/uploads\/2015\/11\/fotonoticia_20151126132236_800.jpg","og:image:secure_url":"https:\/\/eldigitaldeasturias.com\/magazine365\/wp-content\/uploads\/2015\/11\/fotonoticia_20151126132236_800.jpg","og:image:width":800,"og:image:height":600,"article:published_time":"2015-11-30T07:13:57+00:00","article:modified_time":"2015-11-30T07:13:57+00:00","twitter:card":"summary_large_image","twitter:title":"La Generalitat de Catalu\u00f1a niega fuga empresarial y se\u00f1ala que se van m\u00e1s compa\u00f1\u00edas de Madrid | El Digital de Asturias","twitter:description":"El conseller de Empresa y Empleo de la Generalitat, Felip Puig, ha calificado este jueves de &quot;falso&quot; que se est\u00e9 produciendo fuga de empresas de Catalunya por el proceso soberanista y ha indicado que la Comunidad de Madrid pierde m\u00e1s sedes, seg\u00fan las mismas fuentes estad\u00edsticas. En su discurso de clausura del 20 Mercado Financiapyme","twitter:image":"https:\/\/eldigitaldeasturias.com\/magazine365\/wp-content\/uploads\/2015\/11\/fotonoticia_20151126132236_800.jpg"},"aioseo_meta_data":{"post_id":"56873","title":null,"description":null,"keywords":null,"keyphrases":null,"primary_term":null,"canonical_url":null,"og_title":null,"og_description":null,"og_object_type":"default","og_image_type":"default","og_image_url":null,"og_image_width":null,"og_image_height":null,"og_image_custom_url":null,"og_image_custom_fields":null,"og_video":null,"og_custom_url":null,"og_article_section":null,"og_article_tags":null,"twitter_use_og":false,"twitter_card":"default","twitter_image_type":"default","twitter_image_url":null,"twitter_image_custom_url":null,"twitter_image_custom_fields":null,"twitter_title":null,"twitter_description":null,"schema":{"blockGraphs":[],"customGraphs":[],"default":{"data":{"Article":[],"Course":[],"Dataset":[],"FAQPage":[],"Movie":[],"Person":[],"Product":[],"ProductReview":[],"Car":[],"Recipe":[],"Service":[],"SoftwareApplication":[],"WebPage":[]},"graphName":"","isEnabled":true},"graphs":[]},"schema_type":null,"schema_type_options":null,"pillar_content":false,"robots_default":true,"robots_noindex":false,"robots_noarchive":false,"robots_nosnippet":false,"robots_nofollow":false,"robots_noimageindex":false,"robots_noodp":false,"robots_notranslate":false,"robots_max_snippet":null,"robots_max_videopreview":null,"robots_max_imagepreview":"large","priority":null,"frequency":null,"location":null,"local_seo":null,"seo_analyzer_scan_date":"2025-09-24 23:42:53","breadcrumb_settings":null,"limit_modified_date":false,"open_ai":null,"ai":null,"created":"2021-03-08 22:51:12","updated":"2025-09-24 23:42:53"},"aioseo_breadcrumb":"<div class=\"aioseo-breadcrumbs\"><span class=\"aioseo-breadcrumb\">\n\t<a href=\"https:\/\/eldigitaldeasturias.com\/magazine365\" title=\"Home\">Home<\/a>\n<\/span><span class=\"aioseo-breadcrumb-separator\">\u2013<\/span><span class=\"aioseo-breadcrumb\">\n\t<a href=\"https:\/\/eldigitaldeasturias.com\/magazine365\/category\/noticias-actualidad\/\" title=\"Noticias y Actualidad\">Noticias y Actualidad<\/a>\n<\/span><span class=\"aioseo-breadcrumb-separator\">\u2013<\/span><span class=\"aioseo-breadcrumb\">\n\t<a href=\"https:\/\/eldigitaldeasturias.com\/magazine365\/la-generalitat-de-cataluna-niega-fuga-empresarial-y-senala-que-se-van-mas-companias-de-madrid\/\" title=\"La Generalitat de Catalu\u00f1a niega fuga empresarial y se\u00f1ala que se van m\u00e1s compa\u00f1\u00edas de Madrid\">La Generalitat de Catalu\u00f1a niega fuga empresarial y se\u00f1ala que se van m\u00e1s compa\u00f1\u00edas de Madrid<\/a>\n<\/span><\/div>","aioseo_breadcrumb_json":[{"label":"Home","link":"https:\/\/eldigitaldeasturias.com\/magazine365"},{"label":"Noticias y Actualidad","link":"https:\/\/eldigitaldeasturias.com\/magazine365\/category\/noticias-actualidad\/"},{"label":"La Generalitat de Catalu\u00f1a niega fuga empresarial y se\u00f1ala que se van m\u00e1s compa\u00f1\u00edas de Madrid","link":"https:\/\/eldigitaldeasturias.com\/magazine365\/la-generalitat-de-cataluna-niega-fuga-empresarial-y-senala-que-se-van-mas-companias-de-madrid\/"}],"_links":{"self":[{"href":"https:\/\/eldigitaldeasturias.com\/magazine365\/wp-json\/wp\/v2\/posts\/56873","targetHints":{"allow":["GET"]}}],"collection":[{"href":"https:\/\/eldigitaldeasturias.com\/magazine365\/wp-json\/wp\/v2\/posts"}],"about":[{"href":"https:\/\/eldigitaldeasturias.com\/magazine365\/wp-json\/wp\/v2\/types\/post"}],"author":[{"embeddable":true,"href":"https:\/\/eldigitaldeasturias.com\/magazine365\/wp-json\/wp\/v2\/users\/1"}],"replies":[{"embeddable":true,"href":"https:\/\/eldigitaldeasturias.com\/magazine365\/wp-json\/wp\/v2\/comments?post=56873"}],"version-history":[{"count":0,"href":"https:\/\/eldigitaldeasturias.com\/magazine365\/wp-json\/wp\/v2\/posts\/56873\/revisions"}],"wp:featuredmedia":[{"embeddable":true,"href":"https:\/\/eldigitaldeasturias.com\/magazine365\/wp-json\/wp\/v2\/media\/56874"}],"wp:attachment":[{"href":"https:\/\/eldigitaldeasturias.com\/magazine365\/wp-json\/wp\/v2\/media?parent=56873"}],"wp:term":[{"taxonomy":"category","embeddable":true,"href":"https:\/\/eldigitaldeasturias.com\/magazine365\/wp-json\/wp\/v2\/categories?post=56873"},{"taxonomy":"post_tag","embeddable":true,"href":"https:\/\/eldigitaldeasturias.com\/magazine365\/wp-json\/wp\/v2\/tags?post=56873"}],"curies":[{"name":"wp","href":"https:\/\/api.w.org\/{rel}","templated":true}]}}