{"id":56825,"date":"2015-11-28T02:01:00","date_gmt":"2015-11-28T01:01:00","guid":{"rendered":"http:\/\/eldigitaldeasturias.com\/magazine365\/?p=56825"},"modified":"2015-11-28T02:01:00","modified_gmt":"2015-11-28T01:01:00","slug":"hoteles-y-restaurantes-celebran-el-dia-de-accion-de-gracias-con-sus-menus-mas-tradicionales","status":"publish","type":"post","link":"https:\/\/eldigitaldeasturias.com\/magazine365\/hoteles-y-restaurantes-celebran-el-dia-de-accion-de-gracias-con-sus-menus-mas-tradicionales\/","title":{"rendered":"Hoteles y restaurantes celebran el d\u00eda de Acci\u00f3n de Gracias con sus men\u00fas m\u00e1s tradicionales"},"content":{"rendered":"<p><img fetchpriority=\"high\" decoding=\"async\" class=\"alignleft size-medium wp-image-56826\" src=\"https:\/\/eldigitaldeasturias.com\/magazine365\/wp-content\/uploads\/2015\/11\/fotonoticia_20151126095934_800-360x246.jpg\" alt=\"fotonoticia_20151126095934_800\" width=\"360\" height=\"246\" srcset=\"https:\/\/eldigitaldeasturias.com\/magazine365\/wp-content\/uploads\/2015\/11\/fotonoticia_20151126095934_800-360x246.jpg 360w, https:\/\/eldigitaldeasturias.com\/magazine365\/wp-content\/uploads\/2015\/11\/fotonoticia_20151126095934_800-650x444.jpg 650w, https:\/\/eldigitaldeasturias.com\/magazine365\/wp-content\/uploads\/2015\/11\/fotonoticia_20151126095934_800-768x525.jpg 768w, https:\/\/eldigitaldeasturias.com\/magazine365\/wp-content\/uploads\/2015\/11\/fotonoticia_20151126095934_800-150x103.jpg 150w, https:\/\/eldigitaldeasturias.com\/magazine365\/wp-content\/uploads\/2015\/11\/fotonoticia_20151126095934_800-450x308.jpg 450w, https:\/\/eldigitaldeasturias.com\/magazine365\/wp-content\/uploads\/2015\/11\/fotonoticia_20151126095934_800-218x150.jpg 218w, https:\/\/eldigitaldeasturias.com\/magazine365\/wp-content\/uploads\/2015\/11\/fotonoticia_20151126095934_800-696x476.jpg 696w, https:\/\/eldigitaldeasturias.com\/magazine365\/wp-content\/uploads\/2015\/11\/fotonoticia_20151126095934_800-614x420.jpg 614w, https:\/\/eldigitaldeasturias.com\/magazine365\/wp-content\/uploads\/2015\/11\/fotonoticia_20151126095934_800.jpg 800w\" sizes=\"(max-width: 360px) 100vw, 360px\" \/>El D\u00eda de Acci\u00f3n de Gracias, fiesta tradicional de Estados Unidos y Canad\u00e1 que se celebra el \u00faltimo jueves del mes de noviembre, llega con fuerza a Espa\u00f1a, y hoteles y restaurantes de la capital se ponen sus mejores galas ofreciendo sus cocineros a disposici\u00f3n de los comensales para recrear una de las cenas m\u00e1s populares de todo el mundo.<\/p>\n<p>El origen de esta fiesta se remonta a la \u00e9poca del descubrimiento de Am\u00e9rica y nace de una costumbre que compart\u00eda tanto la poblaci\u00f3n ind\u00edgena como los conquistadores europeos: las fiestas que celebraban las buenas cosechas.<\/p>\n<p>Este a\u00f1o las familias estadounidenses deber\u00e1n &#8216;rascarse&#8217; este el bolsillo un poco m\u00e1s para celebrar la tradicional cena ya que el precio medio del men\u00fa habitual en esta festividad registrar\u00e1 una subida del 1,4% con respecto al a\u00f1o pasado, elevando el coste por encima de los 50 d\u00f3lares (47,1 euros) por primera vez, seg\u00fan datos de la Federaci\u00f3n de Granjeros de Am\u00e9rica.<\/p>\n<p>El incremento registrado se explica en gran medida por el alza del 6,4% en el precio del pavo, el gran protagonista del men\u00fa, que alcanza un precio medio de 23,04 d\u00f3lares (21,7 euros).<\/p>\n<p>En Espa\u00f1a no est\u00e1 a\u00fan muy arraigada esta tradici\u00f3n, como es el caso de Halloween, pero algunos hoteles de la capital han preparado men\u00fas especiales para que los clientes disfruten de lo m\u00e1s tradicional de Am\u00e9rica sin salir de la capital de Espa\u00f1a.<\/p>\n<p>Este es el caso del hotel &#8216;Ritz&#8217; en Madrid donde ya son veteranos en esta celebraci\u00f3n. Este a\u00f1o ofrecer\u00e1 de nuevo un men\u00fa especial por 75 euros con langostinos crujientes, bomb\u00f3n de foie, crema de queso, sopa de calabaza y el famoso pavo relleno con pur\u00e9 de boniato asado entre otras delicias.<\/p>\n<p>Otra alternativa para los paladares m\u00e1s exigentes es &#8216;The Westin Palace Madrid&#8217;. Bajo la c\u00fapula de La Rotonda se servir\u00e1 crema de ma\u00edz, salteado de bac\u00f3n y nueces de pecan, pavo relleno a la manera tradicional con pur\u00e9 de patata y boniato y una tarta de calabaza y canela. Todo ello al precio de 45 euros por persona.<\/p>\n<p>Por su parte el restaurante &#8216;Nice to Meet You Restaurant &amp; Lounge&#8217; situado en el espacio panor\u00e1mico de la planta 14 del &#8216;Dear Hotel&#8217; ofrecer\u00e1 un men\u00fa de Acci\u00f3n de Gracias \u00abconcebido para deleitar los sentidos\u00bb.<\/p>\n<p>Entre sus platos se encuentran una crema de almendra, el tradicional pavo asado relleno al estilo de Nueva Inglaterra, y todas las guarniciones tan caracter\u00edsticas de esta se\u00f1alada noche (ensalada de col, pures, cremas cebolla glaseada). Todo ello acompa\u00f1ado de la t\u00edpica salsa de ar\u00e1ndanos.<\/p>\n<p>Y para finalizar &#8216;Al Trapo&#8217;, el restaurante del hotel Iberostar Las Letras Gran V\u00eda que por primera vez se suma a la fiebre de esta fiesta americana. Lo hace con una aut\u00e9ntica cena de &#8216;Thanksgiving&#8217; al estilo de la alta cocina informal que les caracteriza, donde el chef Paco Morales preparar\u00e1 un c\u00f3ctel, pavo, guarniciones y postre de calabaza por 45 euros<\/p>\n<p>OFERTA GASTRON\u00d3MICA TRADICIONAL.<\/p>\n<p>Algunos restaurantes de la capital tambi\u00e9n han preparado men\u00fas especiales para que los clientes que lo deseen puedan disfrutar de su cena de Acci\u00f3n de Gracias bien en el restaurante o en casa con la calidad y garant\u00eda de ser un men\u00fa de cocineros profesionales.<\/p>\n<p>El men\u00fa tradicional de esta celebraci\u00f3n est\u00e1 compuesto por el pavo asado, pur\u00e9 de patatas, batatas caramelizadas, mazorcas de ma\u00edz y pastel de pan de ma\u00edz con nueces, salsa de ar\u00e1ndanos y de manzana, as\u00ed como la famosa tarta de queso o de calabaza y canela.<\/p>\n<p>El restaurante &#8216;Beker6&#8217; ofrece una selecci\u00f3n de platos para celebrar junto a familia y amigos una de las fechas m\u00e1s significativas del calendario norteamericano.<\/p>\n<p>La cocina del restaurante madrile\u00f1o se vestir\u00e1 de gala para crear un men\u00fa por 45 euros donde el producto oto\u00f1al da rienda suelta a elaboraciones cl\u00e1sicas y tradicionales de esta festividad junto con recetas propias del acervo gastron\u00f3mico armenio.<\/p>\n<p>Otra propuesta es el restaurante &#8216;Desencaja&#8217; con un men\u00fa especial para esa noche por 32 euros compuesto por crema de calabaza con setas, queso fresco, jud\u00edas verdes en salsa con jam\u00f3n, as\u00ed como pavo relleno con todas sus guarniciones. Para finalizar tarta de mora y queso con helado de miel.<\/p>\n<p>&#8216;Pecado Carnal&#8217; lo celebra en su local de las calle Covarrubias con el men\u00fa &#8216;Thanksgiving&#8217;. Un buffet libre que incluye tambi\u00e9n barra libre de bebidas, y platos tan conmemorativos como: ensalada de col con pasas, cacahuetes y salsa de miel con yogur, pavo org\u00e1nico de granja con foie; y como guarniciones, br\u00f3coli, ar\u00e1ndanos, pur\u00e9 de patata o salsa de menudillos.<\/p>\n<p>El precio de este buffet es de 39,95 euros por persona y podr\u00e1 disfrutarse el 26 de noviembre por la noche, durante dos horas en el turno elegido (20:30 horas o 22:30 horas). Otra opci\u00f3n es encargar un pavo entero y disfrutarlo en casa por 59,90 euros.<\/p>\n<p>Y para finalizar otra opci\u00f3n es el restaurante &#8216;Rooster&#8217; donde se prepara un pavo muy especial que puede degustarse en casa o en el restaurante por un precio de 40 euros por persona. El men\u00fa est\u00e1 compuesto por aperitivos, un pavo asado relleno de puerro, bac\u00f3n, pacanas y pan de ma\u00edz, as\u00ed como numerosas guarniciones y vino Rivera Fos as\u00ed como pastas artesanales.<\/p>\n<p>El mismo pavo, con sus guarniciones, puede encargarse para llevar y tiene un precio de 150 euros. En ambos casos habr\u00e1 que hacer la reserva, bien de la mesa o del pavo, el d\u00eda 23 como tarde.<\/p>\n","protected":false},"excerpt":{"rendered":"<p>El D\u00eda de Acci\u00f3n de Gracias, fiesta tradicional de Estados Unidos y Canad\u00e1 que se celebra el \u00faltimo jueves del mes de noviembre, llega con fuerza a Espa\u00f1a, y hoteles y restaurantes de la capital se ponen sus mejores galas ofreciendo sus cocineros a disposici\u00f3n de los comensales para recrear una de las cenas m\u00e1s<\/p>\n","protected":false},"author":1,"featured_media":56826,"comment_status":"open","ping_status":"closed","sticky":false,"template":"","format":"standard","meta":{"footnotes":""},"categories":[224],"tags":[],"class_list":{"0":"post-56825","1":"post","2":"type-post","3":"status-publish","4":"format-standard","5":"has-post-thumbnail","7":"category-noticias-actualidad"},"aioseo_notices":[],"aioseo_head":"\n\t\t<!-- All in One SEO Pro 4.9.6.1 - aioseo.com -->\n\t<meta name=\"description\" content=\"El D\u00eda de Acci\u00f3n de Gracias, fiesta tradicional de Estados Unidos y Canad\u00e1 que se celebra el \u00faltimo jueves del mes de noviembre, llega con fuerza a Espa\u00f1a, y hoteles y restaurantes de la capital se ponen sus mejores galas ofreciendo sus cocineros a disposici\u00f3n de los comensales para recrear una de las cenas m\u00e1s\" \/>\n\t<meta name=\"robots\" content=\"max-image-preview:large\" \/>\n\t<meta name=\"author\" content=\"admin\"\/>\n\t<meta name=\"google-site-verification\" content=\"UA-38556648-1\" \/>\n\t<meta name=\"keywords\" content=\"noticias y actualidad\" \/>\n\t<link rel=\"canonical\" href=\"https:\/\/eldigitaldeasturias.com\/magazine365\/hoteles-y-restaurantes-celebran-el-dia-de-accion-de-gracias-con-sus-menus-mas-tradicionales\/\" \/>\n\t<meta name=\"generator\" content=\"All in One SEO Pro (AIOSEO) 4.9.6.1\" \/>\n\t\t<meta property=\"og:locale\" content=\"es_ES\" \/>\n\t\t<meta property=\"og:site_name\" content=\"El Digital de Asturias \u2013 Revista de ocio, turismo y estilo de vida\" \/>\n\t\t<meta property=\"og:type\" content=\"article\" \/>\n\t\t<meta property=\"og:title\" content=\"Hoteles y restaurantes celebran el d\u00eda de Acci\u00f3n de Gracias con sus men\u00fas m\u00e1s tradicionales | El Digital de Asturias\" \/>\n\t\t<meta property=\"og:description\" content=\"El D\u00eda de Acci\u00f3n de Gracias, fiesta tradicional de Estados Unidos y Canad\u00e1 que se celebra el \u00faltimo jueves del mes de noviembre, llega con fuerza a Espa\u00f1a, y hoteles y restaurantes de la capital se ponen sus mejores galas ofreciendo sus cocineros a disposici\u00f3n de los comensales para recrear una de las cenas m\u00e1s\" \/>\n\t\t<meta property=\"og:url\" content=\"https:\/\/eldigitaldeasturias.com\/magazine365\/hoteles-y-restaurantes-celebran-el-dia-de-accion-de-gracias-con-sus-menus-mas-tradicionales\/\" \/>\n\t\t<meta property=\"og:image\" content=\"https:\/\/eldigitaldeasturias.com\/magazine365\/wp-content\/uploads\/2015\/11\/fotonoticia_20151126095934_800.jpg\" \/>\n\t\t<meta property=\"og:image:secure_url\" content=\"https:\/\/eldigitaldeasturias.com\/magazine365\/wp-content\/uploads\/2015\/11\/fotonoticia_20151126095934_800.jpg\" \/>\n\t\t<meta property=\"og:image:width\" content=\"800\" \/>\n\t\t<meta property=\"og:image:height\" content=\"547\" \/>\n\t\t<meta property=\"article:published_time\" content=\"2015-11-28T01:01:00+00:00\" \/>\n\t\t<meta property=\"article:modified_time\" content=\"2015-11-28T01:01:00+00:00\" \/>\n\t\t<meta name=\"twitter:card\" content=\"summary_large_image\" \/>\n\t\t<meta name=\"twitter:title\" content=\"Hoteles y restaurantes celebran el d\u00eda de Acci\u00f3n de Gracias con sus men\u00fas m\u00e1s tradicionales | El Digital de Asturias\" \/>\n\t\t<meta name=\"twitter:description\" content=\"El D\u00eda de Acci\u00f3n de Gracias, fiesta tradicional de Estados Unidos y Canad\u00e1 que se celebra el \u00faltimo jueves del mes de noviembre, llega con fuerza a Espa\u00f1a, y hoteles y restaurantes de la capital se ponen sus mejores galas ofreciendo sus cocineros a disposici\u00f3n de los comensales para recrear una de las cenas m\u00e1s\" \/>\n\t\t<meta name=\"twitter:image\" content=\"https:\/\/eldigitaldeasturias.com\/magazine365\/wp-content\/uploads\/2015\/11\/fotonoticia_20151126095934_800.jpg\" \/>\n\t\t<script type=\"application\/ld+json\" class=\"aioseo-schema\">\n\t\t\t{\"@context\":\"https:\\\/\\\/schema.org\",\"@graph\":[{\"@type\":\"Article\",\"@id\":\"https:\\\/\\\/eldigitaldeasturias.com\\\/magazine365\\\/hoteles-y-restaurantes-celebran-el-dia-de-accion-de-gracias-con-sus-menus-mas-tradicionales\\\/#article\",\"name\":\"Hoteles y restaurantes celebran el d\\u00eda de Acci\\u00f3n de Gracias con sus men\\u00fas m\\u00e1s tradicionales | El Digital de Asturias\",\"headline\":\"Hoteles y restaurantes celebran el d\\u00eda de Acci\\u00f3n de Gracias con sus men\\u00fas m\\u00e1s tradicionales\",\"author\":{\"@id\":\"https:\\\/\\\/eldigitaldeasturias.com\\\/magazine365\\\/author\\\/admin\\\/#author\"},\"publisher\":{\"@id\":\"https:\\\/\\\/eldigitaldeasturias.com\\\/magazine365\\\/#organization\"},\"image\":{\"@type\":\"ImageObject\",\"url\":\"https:\\\/\\\/eldigitaldeasturias.com\\\/magazine365\\\/wp-content\\\/uploads\\\/2015\\\/11\\\/fotonoticia_20151126095934_800.jpg\",\"width\":800,\"height\":547},\"datePublished\":\"2015-11-28T02:01:00+01:00\",\"dateModified\":\"2015-11-28T02:01:00+01:00\",\"inLanguage\":\"es-ES\",\"mainEntityOfPage\":{\"@id\":\"https:\\\/\\\/eldigitaldeasturias.com\\\/magazine365\\\/hoteles-y-restaurantes-celebran-el-dia-de-accion-de-gracias-con-sus-menus-mas-tradicionales\\\/#webpage\"},\"isPartOf\":{\"@id\":\"https:\\\/\\\/eldigitaldeasturias.com\\\/magazine365\\\/hoteles-y-restaurantes-celebran-el-dia-de-accion-de-gracias-con-sus-menus-mas-tradicionales\\\/#webpage\"},\"articleSection\":\"Noticias y Actualidad\"},{\"@type\":\"BreadcrumbList\",\"@id\":\"https:\\\/\\\/eldigitaldeasturias.com\\\/magazine365\\\/hoteles-y-restaurantes-celebran-el-dia-de-accion-de-gracias-con-sus-menus-mas-tradicionales\\\/#breadcrumblist\",\"itemListElement\":[{\"@type\":\"ListItem\",\"@id\":\"https:\\\/\\\/eldigitaldeasturias.com\\\/magazine365#listItem\",\"position\":1,\"name\":\"Home\",\"item\":\"https:\\\/\\\/eldigitaldeasturias.com\\\/magazine365\",\"nextItem\":{\"@type\":\"ListItem\",\"@id\":\"https:\\\/\\\/eldigitaldeasturias.com\\\/magazine365\\\/category\\\/noticias-actualidad\\\/#listItem\",\"name\":\"Noticias y Actualidad\"}},{\"@type\":\"ListItem\",\"@id\":\"https:\\\/\\\/eldigitaldeasturias.com\\\/magazine365\\\/category\\\/noticias-actualidad\\\/#listItem\",\"position\":2,\"name\":\"Noticias y Actualidad\",\"item\":\"https:\\\/\\\/eldigitaldeasturias.com\\\/magazine365\\\/category\\\/noticias-actualidad\\\/\",\"nextItem\":{\"@type\":\"ListItem\",\"@id\":\"https:\\\/\\\/eldigitaldeasturias.com\\\/magazine365\\\/hoteles-y-restaurantes-celebran-el-dia-de-accion-de-gracias-con-sus-menus-mas-tradicionales\\\/#listItem\",\"name\":\"Hoteles y restaurantes celebran el d\\u00eda de Acci\\u00f3n de Gracias con sus men\\u00fas m\\u00e1s tradicionales\"},\"previousItem\":{\"@type\":\"ListItem\",\"@id\":\"https:\\\/\\\/eldigitaldeasturias.com\\\/magazine365#listItem\",\"name\":\"Home\"}},{\"@type\":\"ListItem\",\"@id\":\"https:\\\/\\\/eldigitaldeasturias.com\\\/magazine365\\\/hoteles-y-restaurantes-celebran-el-dia-de-accion-de-gracias-con-sus-menus-mas-tradicionales\\\/#listItem\",\"position\":3,\"name\":\"Hoteles y restaurantes celebran el d\\u00eda de Acci\\u00f3n de Gracias con sus men\\u00fas m\\u00e1s tradicionales\",\"previousItem\":{\"@type\":\"ListItem\",\"@id\":\"https:\\\/\\\/eldigitaldeasturias.com\\\/magazine365\\\/category\\\/noticias-actualidad\\\/#listItem\",\"name\":\"Noticias y Actualidad\"}}]},{\"@type\":\"Organization\",\"@id\":\"https:\\\/\\\/eldigitaldeasturias.com\\\/magazine365\\\/#organization\",\"name\":\"El digital de Asturias\",\"description\":\"Revista de ocio, turismo y estilo de vida\",\"url\":\"https:\\\/\\\/eldigitaldeasturias.com\\\/magazine365\\\/\",\"logo\":{\"@type\":\"ImageObject\",\"url\":\"https:\\\/\\\/www.eldigitaldeasturias.com\\\/noticias\\\/wp-content\\\/uploads\\\/2020\\\/12\\\/EDA.jpg\",\"@id\":\"https:\\\/\\\/eldigitaldeasturias.com\\\/magazine365\\\/hoteles-y-restaurantes-celebran-el-dia-de-accion-de-gracias-con-sus-menus-mas-tradicionales\\\/#organizationLogo\"},\"image\":{\"@id\":\"https:\\\/\\\/eldigitaldeasturias.com\\\/magazine365\\\/hoteles-y-restaurantes-celebran-el-dia-de-accion-de-gracias-con-sus-menus-mas-tradicionales\\\/#organizationLogo\"}},{\"@type\":\"Person\",\"@id\":\"https:\\\/\\\/eldigitaldeasturias.com\\\/magazine365\\\/author\\\/admin\\\/#author\",\"url\":\"https:\\\/\\\/eldigitaldeasturias.com\\\/magazine365\\\/author\\\/admin\\\/\",\"name\":\"admin\",\"image\":{\"@type\":\"ImageObject\",\"@id\":\"https:\\\/\\\/eldigitaldeasturias.com\\\/magazine365\\\/hoteles-y-restaurantes-celebran-el-dia-de-accion-de-gracias-con-sus-menus-mas-tradicionales\\\/#authorImage\",\"url\":\"https:\\\/\\\/eldigitaldeasturias.com\\\/magazine365\\\/wp-content\\\/litespeed\\\/avatar\\\/e571bcf59a0edd6fa6838245a470f2fe.jpg?ver=1777574230\",\"width\":96,\"height\":96,\"caption\":\"admin\"}},{\"@type\":\"WebPage\",\"@id\":\"https:\\\/\\\/eldigitaldeasturias.com\\\/magazine365\\\/hoteles-y-restaurantes-celebran-el-dia-de-accion-de-gracias-con-sus-menus-mas-tradicionales\\\/#webpage\",\"url\":\"https:\\\/\\\/eldigitaldeasturias.com\\\/magazine365\\\/hoteles-y-restaurantes-celebran-el-dia-de-accion-de-gracias-con-sus-menus-mas-tradicionales\\\/\",\"name\":\"Hoteles y restaurantes celebran el d\\u00eda de Acci\\u00f3n de Gracias con sus men\\u00fas m\\u00e1s tradicionales | El Digital de Asturias\",\"description\":\"El D\\u00eda de Acci\\u00f3n de Gracias, fiesta tradicional de Estados Unidos y Canad\\u00e1 que se celebra el \\u00faltimo jueves del mes de noviembre, llega con fuerza a Espa\\u00f1a, y hoteles y restaurantes de la capital se ponen sus mejores galas ofreciendo sus cocineros a disposici\\u00f3n de los comensales para recrear una de las cenas m\\u00e1s\",\"inLanguage\":\"es-ES\",\"isPartOf\":{\"@id\":\"https:\\\/\\\/eldigitaldeasturias.com\\\/magazine365\\\/#website\"},\"breadcrumb\":{\"@id\":\"https:\\\/\\\/eldigitaldeasturias.com\\\/magazine365\\\/hoteles-y-restaurantes-celebran-el-dia-de-accion-de-gracias-con-sus-menus-mas-tradicionales\\\/#breadcrumblist\"},\"author\":{\"@id\":\"https:\\\/\\\/eldigitaldeasturias.com\\\/magazine365\\\/author\\\/admin\\\/#author\"},\"creator\":{\"@id\":\"https:\\\/\\\/eldigitaldeasturias.com\\\/magazine365\\\/author\\\/admin\\\/#author\"},\"image\":{\"@type\":\"ImageObject\",\"url\":\"https:\\\/\\\/eldigitaldeasturias.com\\\/magazine365\\\/wp-content\\\/uploads\\\/2015\\\/11\\\/fotonoticia_20151126095934_800.jpg\",\"@id\":\"https:\\\/\\\/eldigitaldeasturias.com\\\/magazine365\\\/hoteles-y-restaurantes-celebran-el-dia-de-accion-de-gracias-con-sus-menus-mas-tradicionales\\\/#mainImage\",\"width\":800,\"height\":547},\"primaryImageOfPage\":{\"@id\":\"https:\\\/\\\/eldigitaldeasturias.com\\\/magazine365\\\/hoteles-y-restaurantes-celebran-el-dia-de-accion-de-gracias-con-sus-menus-mas-tradicionales\\\/#mainImage\"},\"datePublished\":\"2015-11-28T02:01:00+01:00\",\"dateModified\":\"2015-11-28T02:01:00+01:00\"},{\"@type\":\"WebSite\",\"@id\":\"https:\\\/\\\/eldigitaldeasturias.com\\\/magazine365\\\/#website\",\"url\":\"https:\\\/\\\/eldigitaldeasturias.com\\\/magazine365\\\/\",\"name\":\"El Digital de Asturias\",\"description\":\"Revista de ocio, turismo y estilo de vida\",\"inLanguage\":\"es-ES\",\"publisher\":{\"@id\":\"https:\\\/\\\/eldigitaldeasturias.com\\\/magazine365\\\/#organization\"}}]}\n\t\t<\/script>\n\t\t<!-- All in One SEO Pro -->\r\n\t\t<title>Hoteles y restaurantes celebran el d\u00eda de Acci\u00f3n de Gracias con sus men\u00fas m\u00e1s tradicionales | El Digital de Asturias<\/title>\n\n","aioseo_head_json":{"title":"Hoteles y restaurantes celebran el d\u00eda de Acci\u00f3n de Gracias con sus men\u00fas m\u00e1s tradicionales | El Digital de Asturias","description":"El D\u00eda de Acci\u00f3n de Gracias, fiesta tradicional de Estados Unidos y Canad\u00e1 que se celebra el \u00faltimo jueves del mes de noviembre, llega con fuerza a Espa\u00f1a, y hoteles y restaurantes de la capital se ponen sus mejores galas ofreciendo sus cocineros a disposici\u00f3n de los comensales para recrear una de las cenas m\u00e1s","canonical_url":"https:\/\/eldigitaldeasturias.com\/magazine365\/hoteles-y-restaurantes-celebran-el-dia-de-accion-de-gracias-con-sus-menus-mas-tradicionales\/","robots":"max-image-preview:large","keywords":"noticias y actualidad","webmasterTools":{"google-site-verification":"UA-38556648-1","miscellaneous":""},"schema":{"@context":"https:\/\/schema.org","@graph":[{"@type":"Article","@id":"https:\/\/eldigitaldeasturias.com\/magazine365\/hoteles-y-restaurantes-celebran-el-dia-de-accion-de-gracias-con-sus-menus-mas-tradicionales\/#article","name":"Hoteles y restaurantes celebran el d\u00eda de Acci\u00f3n de Gracias con sus men\u00fas m\u00e1s tradicionales | El Digital de Asturias","headline":"Hoteles y restaurantes celebran el d\u00eda de Acci\u00f3n de Gracias con sus men\u00fas m\u00e1s tradicionales","author":{"@id":"https:\/\/eldigitaldeasturias.com\/magazine365\/author\/admin\/#author"},"publisher":{"@id":"https:\/\/eldigitaldeasturias.com\/magazine365\/#organization"},"image":{"@type":"ImageObject","url":"https:\/\/eldigitaldeasturias.com\/magazine365\/wp-content\/uploads\/2015\/11\/fotonoticia_20151126095934_800.jpg","width":800,"height":547},"datePublished":"2015-11-28T02:01:00+01:00","dateModified":"2015-11-28T02:01:00+01:00","inLanguage":"es-ES","mainEntityOfPage":{"@id":"https:\/\/eldigitaldeasturias.com\/magazine365\/hoteles-y-restaurantes-celebran-el-dia-de-accion-de-gracias-con-sus-menus-mas-tradicionales\/#webpage"},"isPartOf":{"@id":"https:\/\/eldigitaldeasturias.com\/magazine365\/hoteles-y-restaurantes-celebran-el-dia-de-accion-de-gracias-con-sus-menus-mas-tradicionales\/#webpage"},"articleSection":"Noticias y Actualidad"},{"@type":"BreadcrumbList","@id":"https:\/\/eldigitaldeasturias.com\/magazine365\/hoteles-y-restaurantes-celebran-el-dia-de-accion-de-gracias-con-sus-menus-mas-tradicionales\/#breadcrumblist","itemListElement":[{"@type":"ListItem","@id":"https:\/\/eldigitaldeasturias.com\/magazine365#listItem","position":1,"name":"Home","item":"https:\/\/eldigitaldeasturias.com\/magazine365","nextItem":{"@type":"ListItem","@id":"https:\/\/eldigitaldeasturias.com\/magazine365\/category\/noticias-actualidad\/#listItem","name":"Noticias y Actualidad"}},{"@type":"ListItem","@id":"https:\/\/eldigitaldeasturias.com\/magazine365\/category\/noticias-actualidad\/#listItem","position":2,"name":"Noticias y Actualidad","item":"https:\/\/eldigitaldeasturias.com\/magazine365\/category\/noticias-actualidad\/","nextItem":{"@type":"ListItem","@id":"https:\/\/eldigitaldeasturias.com\/magazine365\/hoteles-y-restaurantes-celebran-el-dia-de-accion-de-gracias-con-sus-menus-mas-tradicionales\/#listItem","name":"Hoteles y restaurantes celebran el d\u00eda de Acci\u00f3n de Gracias con sus men\u00fas m\u00e1s tradicionales"},"previousItem":{"@type":"ListItem","@id":"https:\/\/eldigitaldeasturias.com\/magazine365#listItem","name":"Home"}},{"@type":"ListItem","@id":"https:\/\/eldigitaldeasturias.com\/magazine365\/hoteles-y-restaurantes-celebran-el-dia-de-accion-de-gracias-con-sus-menus-mas-tradicionales\/#listItem","position":3,"name":"Hoteles y restaurantes celebran el d\u00eda de Acci\u00f3n de Gracias con sus men\u00fas m\u00e1s tradicionales","previousItem":{"@type":"ListItem","@id":"https:\/\/eldigitaldeasturias.com\/magazine365\/category\/noticias-actualidad\/#listItem","name":"Noticias y Actualidad"}}]},{"@type":"Organization","@id":"https:\/\/eldigitaldeasturias.com\/magazine365\/#organization","name":"El digital de Asturias","description":"Revista de ocio, turismo y estilo de vida","url":"https:\/\/eldigitaldeasturias.com\/magazine365\/","logo":{"@type":"ImageObject","url":"https:\/\/www.eldigitaldeasturias.com\/noticias\/wp-content\/uploads\/2020\/12\/EDA.jpg","@id":"https:\/\/eldigitaldeasturias.com\/magazine365\/hoteles-y-restaurantes-celebran-el-dia-de-accion-de-gracias-con-sus-menus-mas-tradicionales\/#organizationLogo"},"image":{"@id":"https:\/\/eldigitaldeasturias.com\/magazine365\/hoteles-y-restaurantes-celebran-el-dia-de-accion-de-gracias-con-sus-menus-mas-tradicionales\/#organizationLogo"}},{"@type":"Person","@id":"https:\/\/eldigitaldeasturias.com\/magazine365\/author\/admin\/#author","url":"https:\/\/eldigitaldeasturias.com\/magazine365\/author\/admin\/","name":"admin","image":{"@type":"ImageObject","@id":"https:\/\/eldigitaldeasturias.com\/magazine365\/hoteles-y-restaurantes-celebran-el-dia-de-accion-de-gracias-con-sus-menus-mas-tradicionales\/#authorImage","url":"https:\/\/eldigitaldeasturias.com\/magazine365\/wp-content\/litespeed\/avatar\/e571bcf59a0edd6fa6838245a470f2fe.jpg?ver=1777574230","width":96,"height":96,"caption":"admin"}},{"@type":"WebPage","@id":"https:\/\/eldigitaldeasturias.com\/magazine365\/hoteles-y-restaurantes-celebran-el-dia-de-accion-de-gracias-con-sus-menus-mas-tradicionales\/#webpage","url":"https:\/\/eldigitaldeasturias.com\/magazine365\/hoteles-y-restaurantes-celebran-el-dia-de-accion-de-gracias-con-sus-menus-mas-tradicionales\/","name":"Hoteles y restaurantes celebran el d\u00eda de Acci\u00f3n de Gracias con sus men\u00fas m\u00e1s tradicionales | El Digital de Asturias","description":"El D\u00eda de Acci\u00f3n de Gracias, fiesta tradicional de Estados Unidos y Canad\u00e1 que se celebra el \u00faltimo jueves del mes de noviembre, llega con fuerza a Espa\u00f1a, y hoteles y restaurantes de la capital se ponen sus mejores galas ofreciendo sus cocineros a disposici\u00f3n de los comensales para recrear una de las cenas m\u00e1s","inLanguage":"es-ES","isPartOf":{"@id":"https:\/\/eldigitaldeasturias.com\/magazine365\/#website"},"breadcrumb":{"@id":"https:\/\/eldigitaldeasturias.com\/magazine365\/hoteles-y-restaurantes-celebran-el-dia-de-accion-de-gracias-con-sus-menus-mas-tradicionales\/#breadcrumblist"},"author":{"@id":"https:\/\/eldigitaldeasturias.com\/magazine365\/author\/admin\/#author"},"creator":{"@id":"https:\/\/eldigitaldeasturias.com\/magazine365\/author\/admin\/#author"},"image":{"@type":"ImageObject","url":"https:\/\/eldigitaldeasturias.com\/magazine365\/wp-content\/uploads\/2015\/11\/fotonoticia_20151126095934_800.jpg","@id":"https:\/\/eldigitaldeasturias.com\/magazine365\/hoteles-y-restaurantes-celebran-el-dia-de-accion-de-gracias-con-sus-menus-mas-tradicionales\/#mainImage","width":800,"height":547},"primaryImageOfPage":{"@id":"https:\/\/eldigitaldeasturias.com\/magazine365\/hoteles-y-restaurantes-celebran-el-dia-de-accion-de-gracias-con-sus-menus-mas-tradicionales\/#mainImage"},"datePublished":"2015-11-28T02:01:00+01:00","dateModified":"2015-11-28T02:01:00+01:00"},{"@type":"WebSite","@id":"https:\/\/eldigitaldeasturias.com\/magazine365\/#website","url":"https:\/\/eldigitaldeasturias.com\/magazine365\/","name":"El Digital de Asturias","description":"Revista de ocio, turismo y estilo de vida","inLanguage":"es-ES","publisher":{"@id":"https:\/\/eldigitaldeasturias.com\/magazine365\/#organization"}}]},"og:locale":"es_ES","og:site_name":"El Digital de Asturias \u2013 Revista de ocio, turismo y estilo de vida","og:type":"article","og:title":"Hoteles y restaurantes celebran el d\u00eda de Acci\u00f3n de Gracias con sus men\u00fas m\u00e1s tradicionales | El Digital de Asturias","og:description":"El D\u00eda de Acci\u00f3n de Gracias, fiesta tradicional de Estados Unidos y Canad\u00e1 que se celebra el \u00faltimo jueves del mes de noviembre, llega con fuerza a Espa\u00f1a, y hoteles y restaurantes de la capital se ponen sus mejores galas ofreciendo sus cocineros a disposici\u00f3n de los comensales para recrear una de las cenas m\u00e1s","og:url":"https:\/\/eldigitaldeasturias.com\/magazine365\/hoteles-y-restaurantes-celebran-el-dia-de-accion-de-gracias-con-sus-menus-mas-tradicionales\/","og:image":"https:\/\/eldigitaldeasturias.com\/magazine365\/wp-content\/uploads\/2015\/11\/fotonoticia_20151126095934_800.jpg","og:image:secure_url":"https:\/\/eldigitaldeasturias.com\/magazine365\/wp-content\/uploads\/2015\/11\/fotonoticia_20151126095934_800.jpg","og:image:width":800,"og:image:height":547,"article:published_time":"2015-11-28T01:01:00+00:00","article:modified_time":"2015-11-28T01:01:00+00:00","twitter:card":"summary_large_image","twitter:title":"Hoteles y restaurantes celebran el d\u00eda de Acci\u00f3n de Gracias con sus men\u00fas m\u00e1s tradicionales | El Digital de Asturias","twitter:description":"El D\u00eda de Acci\u00f3n de Gracias, fiesta tradicional de Estados Unidos y Canad\u00e1 que se celebra el \u00faltimo jueves del mes de noviembre, llega con fuerza a Espa\u00f1a, y hoteles y restaurantes de la capital se ponen sus mejores galas ofreciendo sus cocineros a disposici\u00f3n de los comensales para recrear una de las cenas m\u00e1s","twitter:image":"https:\/\/eldigitaldeasturias.com\/magazine365\/wp-content\/uploads\/2015\/11\/fotonoticia_20151126095934_800.jpg"},"aioseo_meta_data":{"post_id":"56825","title":null,"description":null,"keywords":null,"keyphrases":null,"primary_term":null,"canonical_url":null,"og_title":null,"og_description":null,"og_object_type":"default","og_image_type":"default","og_image_url":null,"og_image_width":null,"og_image_height":null,"og_image_custom_url":null,"og_image_custom_fields":null,"og_video":null,"og_custom_url":null,"og_article_section":null,"og_article_tags":null,"twitter_use_og":false,"twitter_card":"default","twitter_image_type":"default","twitter_image_url":null,"twitter_image_custom_url":null,"twitter_image_custom_fields":null,"twitter_title":null,"twitter_description":null,"schema":{"blockGraphs":[],"customGraphs":[],"default":{"data":{"Article":[],"Course":[],"Dataset":[],"FAQPage":[],"Movie":[],"Person":[],"Product":[],"ProductReview":[],"Car":[],"Recipe":[],"Service":[],"SoftwareApplication":[],"WebPage":[]},"graphName":"","isEnabled":true},"graphs":[],"defaultGraph":"","defaultPostTypeGraph":""},"schema_type":null,"schema_type_options":null,"pillar_content":false,"robots_default":true,"robots_noindex":false,"robots_noarchive":false,"robots_nosnippet":false,"robots_nofollow":false,"robots_noimageindex":false,"robots_noodp":false,"robots_notranslate":false,"robots_max_snippet":null,"robots_max_videopreview":null,"robots_max_imagepreview":"large","priority":null,"frequency":null,"location":null,"local_seo":null,"seo_analyzer_scan_date":"2025-09-24 23:35:11","breadcrumb_settings":null,"limit_modified_date":false,"open_ai":null,"ai":null,"created":"2021-03-08 22:51:57","updated":"2025-09-24 23:35:11"},"aioseo_breadcrumb":"<div class=\"aioseo-breadcrumbs\"><span class=\"aioseo-breadcrumb\">\n\t<a href=\"https:\/\/eldigitaldeasturias.com\/magazine365\" title=\"Home\">Home<\/a>\n<\/span><span class=\"aioseo-breadcrumb-separator\">\u2013<\/span><span class=\"aioseo-breadcrumb\">\n\t<a href=\"https:\/\/eldigitaldeasturias.com\/magazine365\/category\/noticias-actualidad\/\" title=\"Noticias y Actualidad\">Noticias y Actualidad<\/a>\n<\/span><span class=\"aioseo-breadcrumb-separator\">\u2013<\/span><span class=\"aioseo-breadcrumb\">\n\t<a href=\"https:\/\/eldigitaldeasturias.com\/magazine365\/hoteles-y-restaurantes-celebran-el-dia-de-accion-de-gracias-con-sus-menus-mas-tradicionales\/\" title=\"Hoteles y restaurantes celebran el d\u00eda de Acci\u00f3n de Gracias con sus men\u00fas m\u00e1s tradicionales\">Hoteles y restaurantes celebran el d\u00eda de Acci\u00f3n de Gracias con sus men\u00fas m\u00e1s tradicionales<\/a>\n<\/span><\/div>","aioseo_breadcrumb_json":[{"label":"Home","link":"https:\/\/eldigitaldeasturias.com\/magazine365"},{"label":"Noticias y Actualidad","link":"https:\/\/eldigitaldeasturias.com\/magazine365\/category\/noticias-actualidad\/"},{"label":"Hoteles y restaurantes celebran el d\u00eda de Acci\u00f3n de Gracias con sus men\u00fas m\u00e1s tradicionales","link":"https:\/\/eldigitaldeasturias.com\/magazine365\/hoteles-y-restaurantes-celebran-el-dia-de-accion-de-gracias-con-sus-menus-mas-tradicionales\/"}],"_links":{"self":[{"href":"https:\/\/eldigitaldeasturias.com\/magazine365\/wp-json\/wp\/v2\/posts\/56825","targetHints":{"allow":["GET"]}}],"collection":[{"href":"https:\/\/eldigitaldeasturias.com\/magazine365\/wp-json\/wp\/v2\/posts"}],"about":[{"href":"https:\/\/eldigitaldeasturias.com\/magazine365\/wp-json\/wp\/v2\/types\/post"}],"author":[{"embeddable":true,"href":"https:\/\/eldigitaldeasturias.com\/magazine365\/wp-json\/wp\/v2\/users\/1"}],"replies":[{"embeddable":true,"href":"https:\/\/eldigitaldeasturias.com\/magazine365\/wp-json\/wp\/v2\/comments?post=56825"}],"version-history":[{"count":0,"href":"https:\/\/eldigitaldeasturias.com\/magazine365\/wp-json\/wp\/v2\/posts\/56825\/revisions"}],"wp:featuredmedia":[{"embeddable":true,"href":"https:\/\/eldigitaldeasturias.com\/magazine365\/wp-json\/wp\/v2\/media\/56826"}],"wp:attachment":[{"href":"https:\/\/eldigitaldeasturias.com\/magazine365\/wp-json\/wp\/v2\/media?parent=56825"}],"wp:term":[{"taxonomy":"category","embeddable":true,"href":"https:\/\/eldigitaldeasturias.com\/magazine365\/wp-json\/wp\/v2\/categories?post=56825"},{"taxonomy":"post_tag","embeddable":true,"href":"https:\/\/eldigitaldeasturias.com\/magazine365\/wp-json\/wp\/v2\/tags?post=56825"}],"curies":[{"name":"wp","href":"https:\/\/api.w.org\/{rel}","templated":true}]}}