{"id":56722,"date":"2015-11-27T05:39:36","date_gmt":"2015-11-27T04:39:36","guid":{"rendered":"http:\/\/eldigitaldeasturias.com\/magazine365\/?p=56722"},"modified":"2015-11-27T05:39:36","modified_gmt":"2015-11-27T04:39:36","slug":"aena-adjudica-a-globalia-una-parcela-del-aeropuerto-adolfo-suarez-madrid-barajas-para-un-hangar","status":"publish","type":"post","link":"https:\/\/eldigitaldeasturias.com\/magazine365\/aena-adjudica-a-globalia-una-parcela-del-aeropuerto-adolfo-suarez-madrid-barajas-para-un-hangar\/","title":{"rendered":"Aena adjudica a Globalia una parcela del aeropuerto Adolfo Su\u00e1rez Madrid-Barajas para un hangar"},"content":{"rendered":"<p><img fetchpriority=\"high\" decoding=\"async\" class=\"alignleft size-medium wp-image-56723\" src=\"https:\/\/eldigitaldeasturias.com\/magazine365\/wp-content\/uploads\/2015\/11\/fotonoticia_20151125135428_800-360x241.jpg\" alt=\"fotonoticia_20151125135428_800\" width=\"360\" height=\"241\" srcset=\"https:\/\/eldigitaldeasturias.com\/magazine365\/wp-content\/uploads\/2015\/11\/fotonoticia_20151125135428_800-360x241.jpg 360w, https:\/\/eldigitaldeasturias.com\/magazine365\/wp-content\/uploads\/2015\/11\/fotonoticia_20151125135428_800-650x435.jpg 650w, https:\/\/eldigitaldeasturias.com\/magazine365\/wp-content\/uploads\/2015\/11\/fotonoticia_20151125135428_800-768x514.jpg 768w, https:\/\/eldigitaldeasturias.com\/magazine365\/wp-content\/uploads\/2015\/11\/fotonoticia_20151125135428_800-150x100.jpg 150w, https:\/\/eldigitaldeasturias.com\/magazine365\/wp-content\/uploads\/2015\/11\/fotonoticia_20151125135428_800-450x301.jpg 450w, https:\/\/eldigitaldeasturias.com\/magazine365\/wp-content\/uploads\/2015\/11\/fotonoticia_20151125135428_800-696x465.jpg 696w, https:\/\/eldigitaldeasturias.com\/magazine365\/wp-content\/uploads\/2015\/11\/fotonoticia_20151125135428_800-628x420.jpg 628w, https:\/\/eldigitaldeasturias.com\/magazine365\/wp-content\/uploads\/2015\/11\/fotonoticia_20151125135428_800-84x55.jpg 84w, https:\/\/eldigitaldeasturias.com\/magazine365\/wp-content\/uploads\/2015\/11\/fotonoticia_20151125135428_800.jpg 800w\" sizes=\"(max-width: 360px) 100vw, 360px\" \/>Aena ha adjudicado a la empresa Globalia Mantenimiento una parcela de 22.422 metros cuadrados, situada en el aeropuerto Adolfo Su\u00e1rez Madrid-Barajas con el objetivo de construir un hangar destinado al mantenimiento de aeronaves.<\/p>\n<p>Globalia estima una inversi\u00f3n para la construcci\u00f3n del nuevo hangar de unos 30 millones de euros y la creaci\u00f3n de unos 400 puestos de trabajo.<\/p>\n<p>La instalaci\u00f3n, cuya construcci\u00f3n se iniciar\u00e1 en 2016 con el fin de que pueda entrar en explotaci\u00f3n en 2017, tendr\u00e1 una superficie de m\u00e1s de 10.640 metros cuadrados de hangar y 4.830 metros cuadrados de talleres, almacenes y oficinas.<\/p>\n<p>De este modo, el hangar que tendr\u00e1 unas dimensiones de 165 metros de largo por 96 metros de ancho, podr\u00e1 albergar simult\u00e1neamente hasta tres aeronaves de fuselaje ancho.<\/p>\n<p>La parcela donde se construir\u00e1 el hangar se encuentra situada en el extremo sur del aeropuerto, en la zona denominada Rampa 7, donde Aena est\u00e1 ejecutando en la actualidad las obras de urbanizaci\u00f3n de este \u00e1rea, que comprende unas 12,7 hect\u00e1reas.<\/p>\n<p>De hecho, la parcela adjudicada a Globalia es la primera que se va a desarrollar en primera l\u00ednea de la nueva zona de Rampa 7. El contrato, que se formalizar\u00e1 como un Derecho Real de Superficie, tendr\u00e1 una duraci\u00f3n de 35 a\u00f1os.<\/p>\n<p>Aena conf\u00eda en que la dotaci\u00f3n de esta infraestructura atraiga m\u00e1s rutas al aeropuerto, permita que se basen m\u00e1s aeronaves en el mismo y, por tanto, suponga un aumento de las conexiones desde Madrid al resto del mundo, lo que a su vez redundar\u00e1 en un aumento del tr\u00e1fico de pasajeros.<\/p>\n<p>MODERNA TECNOLOG\u00cdA.<\/p>\n<p>La compa\u00f1\u00eda tiene previsto dotar al nuevo hangar de la m\u00e1s moderna tecnolog\u00eda con el fin de permitir su crecimiento y convertir a Globalia Mantenimiento Aeron\u00e1utico en un centro de referencia para el mantenimiento de la nueva flota B787 que Air Europa incorporar\u00e1 en 2016.<\/p>\n<p>Globalia Mantenimiento Aeron\u00e1utico, empresa propiedad de Globalia Corporaci\u00f3n Empresarial, dispone de otro hangar en el aeropuerto de Palma de Mallorca construido en una parcela arrendada a Aena, y forma parte de la divisi\u00f3n a\u00e9rea de la compa\u00f1\u00eda, cuya cabeza es Air Europa.<\/p>\n<p>Con la construcci\u00f3n del nuevo hangar, Globalia Mantenimiento dispondr\u00e1 de un centro en Madrid-Barajas orientado al mantenimiento de aeronaves dedicadas a larga distancia, como el B787 y el A330, y en el hangar de Palma de Mallorca se centrar\u00e1 en las aeronaves de medio radio (Boeing 737, Airbus 320 y Embraer 190), pudiendo ofrecer tambi\u00e9n servicios de mantenimiento a terceros.<\/p>\n<p>En la actualidad Globalia Mantenimiento Aeron\u00e1utico, con una plantilla de 220 empleados, est\u00e1 habilitada para realizar mantenimiento en l\u00ednea y mantenimiento en base a aeronaves A330 y A320, B737 CL, B737 NG y Embraer 190. En esta ocupaci\u00f3n realiza revisiones mensuales y anuales a las aeronaves de Air Europa, as\u00ed como a otros operadores del aeropuerto de Palma de Mallorca.<\/p>\n","protected":false},"excerpt":{"rendered":"<p>Aena ha adjudicado a la empresa Globalia Mantenimiento una parcela de 22.422 metros cuadrados, situada en el aeropuerto Adolfo Su\u00e1rez Madrid-Barajas con el objetivo de construir un hangar destinado al mantenimiento de aeronaves. Globalia estima una inversi\u00f3n para la construcci\u00f3n del nuevo hangar de unos 30 millones de euros y la creaci\u00f3n de unos 400<\/p>\n","protected":false},"author":1,"featured_media":56723,"comment_status":"open","ping_status":"closed","sticky":false,"template":"","format":"standard","meta":{"footnotes":""},"categories":[224],"tags":[],"class_list":{"0":"post-56722","1":"post","2":"type-post","3":"status-publish","4":"format-standard","5":"has-post-thumbnail","7":"category-noticias-actualidad"},"aioseo_notices":[],"aioseo_head":"\n\t\t<!-- All in One SEO Pro 4.9.6.1 - aioseo.com -->\n\t<meta name=\"description\" content=\"Aena ha adjudicado a la empresa Globalia Mantenimiento una parcela de 22.422 metros cuadrados, situada en el aeropuerto Adolfo Su\u00e1rez Madrid-Barajas con el objetivo de construir un hangar destinado al mantenimiento de aeronaves. Globalia estima una inversi\u00f3n para la construcci\u00f3n del nuevo hangar de unos 30 millones de euros y la creaci\u00f3n de unos 400\" \/>\n\t<meta name=\"robots\" content=\"max-image-preview:large\" \/>\n\t<meta name=\"author\" content=\"admin\"\/>\n\t<meta name=\"google-site-verification\" content=\"UA-38556648-1\" \/>\n\t<meta name=\"keywords\" content=\"noticias y actualidad\" \/>\n\t<link rel=\"canonical\" href=\"https:\/\/eldigitaldeasturias.com\/magazine365\/aena-adjudica-a-globalia-una-parcela-del-aeropuerto-adolfo-suarez-madrid-barajas-para-un-hangar\/\" \/>\n\t<meta name=\"generator\" content=\"All in One SEO Pro (AIOSEO) 4.9.6.1\" \/>\n\t\t<meta property=\"og:locale\" content=\"es_ES\" \/>\n\t\t<meta property=\"og:site_name\" content=\"El Digital de Asturias \u2013 Revista de ocio, turismo y estilo de vida\" \/>\n\t\t<meta property=\"og:type\" content=\"article\" \/>\n\t\t<meta property=\"og:title\" content=\"Aena adjudica a Globalia una parcela del aeropuerto Adolfo Su\u00e1rez Madrid-Barajas para un hangar | El Digital de Asturias\" \/>\n\t\t<meta property=\"og:description\" content=\"Aena ha adjudicado a la empresa Globalia Mantenimiento una parcela de 22.422 metros cuadrados, situada en el aeropuerto Adolfo Su\u00e1rez Madrid-Barajas con el objetivo de construir un hangar destinado al mantenimiento de aeronaves. Globalia estima una inversi\u00f3n para la construcci\u00f3n del nuevo hangar de unos 30 millones de euros y la creaci\u00f3n de unos 400\" \/>\n\t\t<meta property=\"og:url\" content=\"https:\/\/eldigitaldeasturias.com\/magazine365\/aena-adjudica-a-globalia-una-parcela-del-aeropuerto-adolfo-suarez-madrid-barajas-para-un-hangar\/\" \/>\n\t\t<meta property=\"og:image\" content=\"https:\/\/eldigitaldeasturias.com\/magazine365\/wp-content\/uploads\/2015\/11\/fotonoticia_20151125135428_800.jpg\" \/>\n\t\t<meta property=\"og:image:secure_url\" content=\"https:\/\/eldigitaldeasturias.com\/magazine365\/wp-content\/uploads\/2015\/11\/fotonoticia_20151125135428_800.jpg\" \/>\n\t\t<meta property=\"og:image:width\" content=\"800\" \/>\n\t\t<meta property=\"og:image:height\" content=\"535\" \/>\n\t\t<meta property=\"article:published_time\" content=\"2015-11-27T04:39:36+00:00\" \/>\n\t\t<meta property=\"article:modified_time\" content=\"2015-11-27T04:39:36+00:00\" \/>\n\t\t<meta name=\"twitter:card\" content=\"summary_large_image\" \/>\n\t\t<meta name=\"twitter:title\" content=\"Aena adjudica a Globalia una parcela del aeropuerto Adolfo Su\u00e1rez Madrid-Barajas para un hangar | El Digital de Asturias\" \/>\n\t\t<meta name=\"twitter:description\" content=\"Aena ha adjudicado a la empresa Globalia Mantenimiento una parcela de 22.422 metros cuadrados, situada en el aeropuerto Adolfo Su\u00e1rez Madrid-Barajas con el objetivo de construir un hangar destinado al mantenimiento de aeronaves. Globalia estima una inversi\u00f3n para la construcci\u00f3n del nuevo hangar de unos 30 millones de euros y la creaci\u00f3n de unos 400\" \/>\n\t\t<meta name=\"twitter:image\" content=\"https:\/\/eldigitaldeasturias.com\/magazine365\/wp-content\/uploads\/2015\/11\/fotonoticia_20151125135428_800.jpg\" \/>\n\t\t<script type=\"application\/ld+json\" class=\"aioseo-schema\">\n\t\t\t{\"@context\":\"https:\\\/\\\/schema.org\",\"@graph\":[{\"@type\":\"Article\",\"@id\":\"https:\\\/\\\/eldigitaldeasturias.com\\\/magazine365\\\/aena-adjudica-a-globalia-una-parcela-del-aeropuerto-adolfo-suarez-madrid-barajas-para-un-hangar\\\/#article\",\"name\":\"Aena adjudica a Globalia una parcela del aeropuerto Adolfo Su\\u00e1rez Madrid-Barajas para un hangar | El Digital de Asturias\",\"headline\":\"Aena adjudica a Globalia una parcela del aeropuerto Adolfo Su\\u00e1rez Madrid-Barajas para un hangar\",\"author\":{\"@id\":\"https:\\\/\\\/eldigitaldeasturias.com\\\/magazine365\\\/author\\\/admin\\\/#author\"},\"publisher\":{\"@id\":\"https:\\\/\\\/eldigitaldeasturias.com\\\/magazine365\\\/#organization\"},\"image\":{\"@type\":\"ImageObject\",\"url\":\"https:\\\/\\\/eldigitaldeasturias.com\\\/magazine365\\\/wp-content\\\/uploads\\\/2015\\\/11\\\/fotonoticia_20151125135428_800.jpg\",\"width\":800,\"height\":535},\"datePublished\":\"2015-11-27T05:39:36+01:00\",\"dateModified\":\"2015-11-27T05:39:36+01:00\",\"inLanguage\":\"es-ES\",\"mainEntityOfPage\":{\"@id\":\"https:\\\/\\\/eldigitaldeasturias.com\\\/magazine365\\\/aena-adjudica-a-globalia-una-parcela-del-aeropuerto-adolfo-suarez-madrid-barajas-para-un-hangar\\\/#webpage\"},\"isPartOf\":{\"@id\":\"https:\\\/\\\/eldigitaldeasturias.com\\\/magazine365\\\/aena-adjudica-a-globalia-una-parcela-del-aeropuerto-adolfo-suarez-madrid-barajas-para-un-hangar\\\/#webpage\"},\"articleSection\":\"Noticias y Actualidad\"},{\"@type\":\"BreadcrumbList\",\"@id\":\"https:\\\/\\\/eldigitaldeasturias.com\\\/magazine365\\\/aena-adjudica-a-globalia-una-parcela-del-aeropuerto-adolfo-suarez-madrid-barajas-para-un-hangar\\\/#breadcrumblist\",\"itemListElement\":[{\"@type\":\"ListItem\",\"@id\":\"https:\\\/\\\/eldigitaldeasturias.com\\\/magazine365#listItem\",\"position\":1,\"name\":\"Home\",\"item\":\"https:\\\/\\\/eldigitaldeasturias.com\\\/magazine365\",\"nextItem\":{\"@type\":\"ListItem\",\"@id\":\"https:\\\/\\\/eldigitaldeasturias.com\\\/magazine365\\\/category\\\/noticias-actualidad\\\/#listItem\",\"name\":\"Noticias y Actualidad\"}},{\"@type\":\"ListItem\",\"@id\":\"https:\\\/\\\/eldigitaldeasturias.com\\\/magazine365\\\/category\\\/noticias-actualidad\\\/#listItem\",\"position\":2,\"name\":\"Noticias y Actualidad\",\"item\":\"https:\\\/\\\/eldigitaldeasturias.com\\\/magazine365\\\/category\\\/noticias-actualidad\\\/\",\"nextItem\":{\"@type\":\"ListItem\",\"@id\":\"https:\\\/\\\/eldigitaldeasturias.com\\\/magazine365\\\/aena-adjudica-a-globalia-una-parcela-del-aeropuerto-adolfo-suarez-madrid-barajas-para-un-hangar\\\/#listItem\",\"name\":\"Aena adjudica a Globalia una parcela del aeropuerto Adolfo Su\\u00e1rez Madrid-Barajas para un hangar\"},\"previousItem\":{\"@type\":\"ListItem\",\"@id\":\"https:\\\/\\\/eldigitaldeasturias.com\\\/magazine365#listItem\",\"name\":\"Home\"}},{\"@type\":\"ListItem\",\"@id\":\"https:\\\/\\\/eldigitaldeasturias.com\\\/magazine365\\\/aena-adjudica-a-globalia-una-parcela-del-aeropuerto-adolfo-suarez-madrid-barajas-para-un-hangar\\\/#listItem\",\"position\":3,\"name\":\"Aena adjudica a Globalia una parcela del aeropuerto Adolfo Su\\u00e1rez Madrid-Barajas para un hangar\",\"previousItem\":{\"@type\":\"ListItem\",\"@id\":\"https:\\\/\\\/eldigitaldeasturias.com\\\/magazine365\\\/category\\\/noticias-actualidad\\\/#listItem\",\"name\":\"Noticias y Actualidad\"}}]},{\"@type\":\"Organization\",\"@id\":\"https:\\\/\\\/eldigitaldeasturias.com\\\/magazine365\\\/#organization\",\"name\":\"El digital de Asturias\",\"description\":\"Revista de ocio, turismo y estilo de vida\",\"url\":\"https:\\\/\\\/eldigitaldeasturias.com\\\/magazine365\\\/\",\"logo\":{\"@type\":\"ImageObject\",\"url\":\"https:\\\/\\\/www.eldigitaldeasturias.com\\\/noticias\\\/wp-content\\\/uploads\\\/2020\\\/12\\\/EDA.jpg\",\"@id\":\"https:\\\/\\\/eldigitaldeasturias.com\\\/magazine365\\\/aena-adjudica-a-globalia-una-parcela-del-aeropuerto-adolfo-suarez-madrid-barajas-para-un-hangar\\\/#organizationLogo\"},\"image\":{\"@id\":\"https:\\\/\\\/eldigitaldeasturias.com\\\/magazine365\\\/aena-adjudica-a-globalia-una-parcela-del-aeropuerto-adolfo-suarez-madrid-barajas-para-un-hangar\\\/#organizationLogo\"}},{\"@type\":\"Person\",\"@id\":\"https:\\\/\\\/eldigitaldeasturias.com\\\/magazine365\\\/author\\\/admin\\\/#author\",\"url\":\"https:\\\/\\\/eldigitaldeasturias.com\\\/magazine365\\\/author\\\/admin\\\/\",\"name\":\"admin\",\"image\":{\"@type\":\"ImageObject\",\"@id\":\"https:\\\/\\\/eldigitaldeasturias.com\\\/magazine365\\\/aena-adjudica-a-globalia-una-parcela-del-aeropuerto-adolfo-suarez-madrid-barajas-para-un-hangar\\\/#authorImage\",\"url\":\"https:\\\/\\\/eldigitaldeasturias.com\\\/magazine365\\\/wp-content\\\/litespeed\\\/avatar\\\/e571bcf59a0edd6fa6838245a470f2fe.jpg?ver=1777574230\",\"width\":96,\"height\":96,\"caption\":\"admin\"}},{\"@type\":\"WebPage\",\"@id\":\"https:\\\/\\\/eldigitaldeasturias.com\\\/magazine365\\\/aena-adjudica-a-globalia-una-parcela-del-aeropuerto-adolfo-suarez-madrid-barajas-para-un-hangar\\\/#webpage\",\"url\":\"https:\\\/\\\/eldigitaldeasturias.com\\\/magazine365\\\/aena-adjudica-a-globalia-una-parcela-del-aeropuerto-adolfo-suarez-madrid-barajas-para-un-hangar\\\/\",\"name\":\"Aena adjudica a Globalia una parcela del aeropuerto Adolfo Su\\u00e1rez Madrid-Barajas para un hangar | El Digital de Asturias\",\"description\":\"Aena ha adjudicado a la empresa Globalia Mantenimiento una parcela de 22.422 metros cuadrados, situada en el aeropuerto Adolfo Su\\u00e1rez Madrid-Barajas con el objetivo de construir un hangar destinado al mantenimiento de aeronaves. Globalia estima una inversi\\u00f3n para la construcci\\u00f3n del nuevo hangar de unos 30 millones de euros y la creaci\\u00f3n de unos 400\",\"inLanguage\":\"es-ES\",\"isPartOf\":{\"@id\":\"https:\\\/\\\/eldigitaldeasturias.com\\\/magazine365\\\/#website\"},\"breadcrumb\":{\"@id\":\"https:\\\/\\\/eldigitaldeasturias.com\\\/magazine365\\\/aena-adjudica-a-globalia-una-parcela-del-aeropuerto-adolfo-suarez-madrid-barajas-para-un-hangar\\\/#breadcrumblist\"},\"author\":{\"@id\":\"https:\\\/\\\/eldigitaldeasturias.com\\\/magazine365\\\/author\\\/admin\\\/#author\"},\"creator\":{\"@id\":\"https:\\\/\\\/eldigitaldeasturias.com\\\/magazine365\\\/author\\\/admin\\\/#author\"},\"image\":{\"@type\":\"ImageObject\",\"url\":\"https:\\\/\\\/eldigitaldeasturias.com\\\/magazine365\\\/wp-content\\\/uploads\\\/2015\\\/11\\\/fotonoticia_20151125135428_800.jpg\",\"@id\":\"https:\\\/\\\/eldigitaldeasturias.com\\\/magazine365\\\/aena-adjudica-a-globalia-una-parcela-del-aeropuerto-adolfo-suarez-madrid-barajas-para-un-hangar\\\/#mainImage\",\"width\":800,\"height\":535},\"primaryImageOfPage\":{\"@id\":\"https:\\\/\\\/eldigitaldeasturias.com\\\/magazine365\\\/aena-adjudica-a-globalia-una-parcela-del-aeropuerto-adolfo-suarez-madrid-barajas-para-un-hangar\\\/#mainImage\"},\"datePublished\":\"2015-11-27T05:39:36+01:00\",\"dateModified\":\"2015-11-27T05:39:36+01:00\"},{\"@type\":\"WebSite\",\"@id\":\"https:\\\/\\\/eldigitaldeasturias.com\\\/magazine365\\\/#website\",\"url\":\"https:\\\/\\\/eldigitaldeasturias.com\\\/magazine365\\\/\",\"name\":\"El Digital de Asturias\",\"description\":\"Revista de ocio, turismo y estilo de vida\",\"inLanguage\":\"es-ES\",\"publisher\":{\"@id\":\"https:\\\/\\\/eldigitaldeasturias.com\\\/magazine365\\\/#organization\"}}]}\n\t\t<\/script>\n\t\t<!-- All in One SEO Pro -->\r\n\t\t<title>Aena adjudica a Globalia una parcela del aeropuerto Adolfo Su\u00e1rez Madrid-Barajas para un hangar | El Digital de Asturias<\/title>\n\n","aioseo_head_json":{"title":"Aena adjudica a Globalia una parcela del aeropuerto Adolfo Su\u00e1rez Madrid-Barajas para un hangar | El Digital de Asturias","description":"Aena ha adjudicado a la empresa Globalia Mantenimiento una parcela de 22.422 metros cuadrados, situada en el aeropuerto Adolfo Su\u00e1rez Madrid-Barajas con el objetivo de construir un hangar destinado al mantenimiento de aeronaves. Globalia estima una inversi\u00f3n para la construcci\u00f3n del nuevo hangar de unos 30 millones de euros y la creaci\u00f3n de unos 400","canonical_url":"https:\/\/eldigitaldeasturias.com\/magazine365\/aena-adjudica-a-globalia-una-parcela-del-aeropuerto-adolfo-suarez-madrid-barajas-para-un-hangar\/","robots":"max-image-preview:large","keywords":"noticias y actualidad","webmasterTools":{"google-site-verification":"UA-38556648-1","miscellaneous":""},"schema":{"@context":"https:\/\/schema.org","@graph":[{"@type":"Article","@id":"https:\/\/eldigitaldeasturias.com\/magazine365\/aena-adjudica-a-globalia-una-parcela-del-aeropuerto-adolfo-suarez-madrid-barajas-para-un-hangar\/#article","name":"Aena adjudica a Globalia una parcela del aeropuerto Adolfo Su\u00e1rez Madrid-Barajas para un hangar | El Digital de Asturias","headline":"Aena adjudica a Globalia una parcela del aeropuerto Adolfo Su\u00e1rez Madrid-Barajas para un hangar","author":{"@id":"https:\/\/eldigitaldeasturias.com\/magazine365\/author\/admin\/#author"},"publisher":{"@id":"https:\/\/eldigitaldeasturias.com\/magazine365\/#organization"},"image":{"@type":"ImageObject","url":"https:\/\/eldigitaldeasturias.com\/magazine365\/wp-content\/uploads\/2015\/11\/fotonoticia_20151125135428_800.jpg","width":800,"height":535},"datePublished":"2015-11-27T05:39:36+01:00","dateModified":"2015-11-27T05:39:36+01:00","inLanguage":"es-ES","mainEntityOfPage":{"@id":"https:\/\/eldigitaldeasturias.com\/magazine365\/aena-adjudica-a-globalia-una-parcela-del-aeropuerto-adolfo-suarez-madrid-barajas-para-un-hangar\/#webpage"},"isPartOf":{"@id":"https:\/\/eldigitaldeasturias.com\/magazine365\/aena-adjudica-a-globalia-una-parcela-del-aeropuerto-adolfo-suarez-madrid-barajas-para-un-hangar\/#webpage"},"articleSection":"Noticias y Actualidad"},{"@type":"BreadcrumbList","@id":"https:\/\/eldigitaldeasturias.com\/magazine365\/aena-adjudica-a-globalia-una-parcela-del-aeropuerto-adolfo-suarez-madrid-barajas-para-un-hangar\/#breadcrumblist","itemListElement":[{"@type":"ListItem","@id":"https:\/\/eldigitaldeasturias.com\/magazine365#listItem","position":1,"name":"Home","item":"https:\/\/eldigitaldeasturias.com\/magazine365","nextItem":{"@type":"ListItem","@id":"https:\/\/eldigitaldeasturias.com\/magazine365\/category\/noticias-actualidad\/#listItem","name":"Noticias y Actualidad"}},{"@type":"ListItem","@id":"https:\/\/eldigitaldeasturias.com\/magazine365\/category\/noticias-actualidad\/#listItem","position":2,"name":"Noticias y Actualidad","item":"https:\/\/eldigitaldeasturias.com\/magazine365\/category\/noticias-actualidad\/","nextItem":{"@type":"ListItem","@id":"https:\/\/eldigitaldeasturias.com\/magazine365\/aena-adjudica-a-globalia-una-parcela-del-aeropuerto-adolfo-suarez-madrid-barajas-para-un-hangar\/#listItem","name":"Aena adjudica a Globalia una parcela del aeropuerto Adolfo Su\u00e1rez Madrid-Barajas para un hangar"},"previousItem":{"@type":"ListItem","@id":"https:\/\/eldigitaldeasturias.com\/magazine365#listItem","name":"Home"}},{"@type":"ListItem","@id":"https:\/\/eldigitaldeasturias.com\/magazine365\/aena-adjudica-a-globalia-una-parcela-del-aeropuerto-adolfo-suarez-madrid-barajas-para-un-hangar\/#listItem","position":3,"name":"Aena adjudica a Globalia una parcela del aeropuerto Adolfo Su\u00e1rez Madrid-Barajas para un hangar","previousItem":{"@type":"ListItem","@id":"https:\/\/eldigitaldeasturias.com\/magazine365\/category\/noticias-actualidad\/#listItem","name":"Noticias y Actualidad"}}]},{"@type":"Organization","@id":"https:\/\/eldigitaldeasturias.com\/magazine365\/#organization","name":"El digital de Asturias","description":"Revista de ocio, turismo y estilo de vida","url":"https:\/\/eldigitaldeasturias.com\/magazine365\/","logo":{"@type":"ImageObject","url":"https:\/\/www.eldigitaldeasturias.com\/noticias\/wp-content\/uploads\/2020\/12\/EDA.jpg","@id":"https:\/\/eldigitaldeasturias.com\/magazine365\/aena-adjudica-a-globalia-una-parcela-del-aeropuerto-adolfo-suarez-madrid-barajas-para-un-hangar\/#organizationLogo"},"image":{"@id":"https:\/\/eldigitaldeasturias.com\/magazine365\/aena-adjudica-a-globalia-una-parcela-del-aeropuerto-adolfo-suarez-madrid-barajas-para-un-hangar\/#organizationLogo"}},{"@type":"Person","@id":"https:\/\/eldigitaldeasturias.com\/magazine365\/author\/admin\/#author","url":"https:\/\/eldigitaldeasturias.com\/magazine365\/author\/admin\/","name":"admin","image":{"@type":"ImageObject","@id":"https:\/\/eldigitaldeasturias.com\/magazine365\/aena-adjudica-a-globalia-una-parcela-del-aeropuerto-adolfo-suarez-madrid-barajas-para-un-hangar\/#authorImage","url":"https:\/\/eldigitaldeasturias.com\/magazine365\/wp-content\/litespeed\/avatar\/e571bcf59a0edd6fa6838245a470f2fe.jpg?ver=1777574230","width":96,"height":96,"caption":"admin"}},{"@type":"WebPage","@id":"https:\/\/eldigitaldeasturias.com\/magazine365\/aena-adjudica-a-globalia-una-parcela-del-aeropuerto-adolfo-suarez-madrid-barajas-para-un-hangar\/#webpage","url":"https:\/\/eldigitaldeasturias.com\/magazine365\/aena-adjudica-a-globalia-una-parcela-del-aeropuerto-adolfo-suarez-madrid-barajas-para-un-hangar\/","name":"Aena adjudica a Globalia una parcela del aeropuerto Adolfo Su\u00e1rez Madrid-Barajas para un hangar | El Digital de Asturias","description":"Aena ha adjudicado a la empresa Globalia Mantenimiento una parcela de 22.422 metros cuadrados, situada en el aeropuerto Adolfo Su\u00e1rez Madrid-Barajas con el objetivo de construir un hangar destinado al mantenimiento de aeronaves. Globalia estima una inversi\u00f3n para la construcci\u00f3n del nuevo hangar de unos 30 millones de euros y la creaci\u00f3n de unos 400","inLanguage":"es-ES","isPartOf":{"@id":"https:\/\/eldigitaldeasturias.com\/magazine365\/#website"},"breadcrumb":{"@id":"https:\/\/eldigitaldeasturias.com\/magazine365\/aena-adjudica-a-globalia-una-parcela-del-aeropuerto-adolfo-suarez-madrid-barajas-para-un-hangar\/#breadcrumblist"},"author":{"@id":"https:\/\/eldigitaldeasturias.com\/magazine365\/author\/admin\/#author"},"creator":{"@id":"https:\/\/eldigitaldeasturias.com\/magazine365\/author\/admin\/#author"},"image":{"@type":"ImageObject","url":"https:\/\/eldigitaldeasturias.com\/magazine365\/wp-content\/uploads\/2015\/11\/fotonoticia_20151125135428_800.jpg","@id":"https:\/\/eldigitaldeasturias.com\/magazine365\/aena-adjudica-a-globalia-una-parcela-del-aeropuerto-adolfo-suarez-madrid-barajas-para-un-hangar\/#mainImage","width":800,"height":535},"primaryImageOfPage":{"@id":"https:\/\/eldigitaldeasturias.com\/magazine365\/aena-adjudica-a-globalia-una-parcela-del-aeropuerto-adolfo-suarez-madrid-barajas-para-un-hangar\/#mainImage"},"datePublished":"2015-11-27T05:39:36+01:00","dateModified":"2015-11-27T05:39:36+01:00"},{"@type":"WebSite","@id":"https:\/\/eldigitaldeasturias.com\/magazine365\/#website","url":"https:\/\/eldigitaldeasturias.com\/magazine365\/","name":"El Digital de Asturias","description":"Revista de ocio, turismo y estilo de vida","inLanguage":"es-ES","publisher":{"@id":"https:\/\/eldigitaldeasturias.com\/magazine365\/#organization"}}]},"og:locale":"es_ES","og:site_name":"El Digital de Asturias \u2013 Revista de ocio, turismo y estilo de vida","og:type":"article","og:title":"Aena adjudica a Globalia una parcela del aeropuerto Adolfo Su\u00e1rez Madrid-Barajas para un hangar | El Digital de Asturias","og:description":"Aena ha adjudicado a la empresa Globalia Mantenimiento una parcela de 22.422 metros cuadrados, situada en el aeropuerto Adolfo Su\u00e1rez Madrid-Barajas con el objetivo de construir un hangar destinado al mantenimiento de aeronaves. Globalia estima una inversi\u00f3n para la construcci\u00f3n del nuevo hangar de unos 30 millones de euros y la creaci\u00f3n de unos 400","og:url":"https:\/\/eldigitaldeasturias.com\/magazine365\/aena-adjudica-a-globalia-una-parcela-del-aeropuerto-adolfo-suarez-madrid-barajas-para-un-hangar\/","og:image":"https:\/\/eldigitaldeasturias.com\/magazine365\/wp-content\/uploads\/2015\/11\/fotonoticia_20151125135428_800.jpg","og:image:secure_url":"https:\/\/eldigitaldeasturias.com\/magazine365\/wp-content\/uploads\/2015\/11\/fotonoticia_20151125135428_800.jpg","og:image:width":800,"og:image:height":535,"article:published_time":"2015-11-27T04:39:36+00:00","article:modified_time":"2015-11-27T04:39:36+00:00","twitter:card":"summary_large_image","twitter:title":"Aena adjudica a Globalia una parcela del aeropuerto Adolfo Su\u00e1rez Madrid-Barajas para un hangar | El Digital de Asturias","twitter:description":"Aena ha adjudicado a la empresa Globalia Mantenimiento una parcela de 22.422 metros cuadrados, situada en el aeropuerto Adolfo Su\u00e1rez Madrid-Barajas con el objetivo de construir un hangar destinado al mantenimiento de aeronaves. Globalia estima una inversi\u00f3n para la construcci\u00f3n del nuevo hangar de unos 30 millones de euros y la creaci\u00f3n de unos 400","twitter:image":"https:\/\/eldigitaldeasturias.com\/magazine365\/wp-content\/uploads\/2015\/11\/fotonoticia_20151125135428_800.jpg"},"aioseo_meta_data":{"post_id":"56722","title":null,"description":null,"keywords":null,"keyphrases":null,"primary_term":null,"canonical_url":null,"og_title":null,"og_description":null,"og_object_type":"default","og_image_type":"default","og_image_url":null,"og_image_width":null,"og_image_height":null,"og_image_custom_url":null,"og_image_custom_fields":null,"og_video":null,"og_custom_url":null,"og_article_section":null,"og_article_tags":null,"twitter_use_og":false,"twitter_card":"default","twitter_image_type":"default","twitter_image_url":null,"twitter_image_custom_url":null,"twitter_image_custom_fields":null,"twitter_title":null,"twitter_description":null,"schema":{"blockGraphs":[],"customGraphs":[],"default":{"data":{"Article":[],"Course":[],"Dataset":[],"FAQPage":[],"Movie":[],"Person":[],"Product":[],"ProductReview":[],"Car":[],"Recipe":[],"Service":[],"SoftwareApplication":[],"WebPage":[]},"graphName":"","isEnabled":true},"graphs":[],"defaultGraph":"","defaultPostTypeGraph":""},"schema_type":null,"schema_type_options":null,"pillar_content":false,"robots_default":true,"robots_noindex":false,"robots_noarchive":false,"robots_nosnippet":false,"robots_nofollow":false,"robots_noimageindex":false,"robots_noodp":false,"robots_notranslate":false,"robots_max_snippet":null,"robots_max_videopreview":null,"robots_max_imagepreview":"large","priority":null,"frequency":null,"location":null,"local_seo":null,"seo_analyzer_scan_date":"2025-09-24 23:23:12","breadcrumb_settings":null,"limit_modified_date":false,"open_ai":null,"ai":null,"created":"2021-03-08 22:53:19","updated":"2025-09-24 23:23:12"},"aioseo_breadcrumb":"<div class=\"aioseo-breadcrumbs\"><span class=\"aioseo-breadcrumb\">\n\t<a href=\"https:\/\/eldigitaldeasturias.com\/magazine365\" title=\"Home\">Home<\/a>\n<\/span><span class=\"aioseo-breadcrumb-separator\">\u2013<\/span><span class=\"aioseo-breadcrumb\">\n\t<a href=\"https:\/\/eldigitaldeasturias.com\/magazine365\/category\/noticias-actualidad\/\" title=\"Noticias y Actualidad\">Noticias y Actualidad<\/a>\n<\/span><span class=\"aioseo-breadcrumb-separator\">\u2013<\/span><span class=\"aioseo-breadcrumb\">\n\t<a href=\"https:\/\/eldigitaldeasturias.com\/magazine365\/aena-adjudica-a-globalia-una-parcela-del-aeropuerto-adolfo-suarez-madrid-barajas-para-un-hangar\/\" title=\"Aena adjudica a Globalia una parcela del aeropuerto Adolfo Su\u00e1rez Madrid-Barajas para un hangar\">Aena adjudica a Globalia una parcela del aeropuerto Adolfo Su\u00e1rez Madrid-Barajas para un hangar<\/a>\n<\/span><\/div>","aioseo_breadcrumb_json":[{"label":"Home","link":"https:\/\/eldigitaldeasturias.com\/magazine365"},{"label":"Noticias y Actualidad","link":"https:\/\/eldigitaldeasturias.com\/magazine365\/category\/noticias-actualidad\/"},{"label":"Aena adjudica a Globalia una parcela del aeropuerto Adolfo Su\u00e1rez Madrid-Barajas para un hangar","link":"https:\/\/eldigitaldeasturias.com\/magazine365\/aena-adjudica-a-globalia-una-parcela-del-aeropuerto-adolfo-suarez-madrid-barajas-para-un-hangar\/"}],"_links":{"self":[{"href":"https:\/\/eldigitaldeasturias.com\/magazine365\/wp-json\/wp\/v2\/posts\/56722","targetHints":{"allow":["GET"]}}],"collection":[{"href":"https:\/\/eldigitaldeasturias.com\/magazine365\/wp-json\/wp\/v2\/posts"}],"about":[{"href":"https:\/\/eldigitaldeasturias.com\/magazine365\/wp-json\/wp\/v2\/types\/post"}],"author":[{"embeddable":true,"href":"https:\/\/eldigitaldeasturias.com\/magazine365\/wp-json\/wp\/v2\/users\/1"}],"replies":[{"embeddable":true,"href":"https:\/\/eldigitaldeasturias.com\/magazine365\/wp-json\/wp\/v2\/comments?post=56722"}],"version-history":[{"count":0,"href":"https:\/\/eldigitaldeasturias.com\/magazine365\/wp-json\/wp\/v2\/posts\/56722\/revisions"}],"wp:featuredmedia":[{"embeddable":true,"href":"https:\/\/eldigitaldeasturias.com\/magazine365\/wp-json\/wp\/v2\/media\/56723"}],"wp:attachment":[{"href":"https:\/\/eldigitaldeasturias.com\/magazine365\/wp-json\/wp\/v2\/media?parent=56722"}],"wp:term":[{"taxonomy":"category","embeddable":true,"href":"https:\/\/eldigitaldeasturias.com\/magazine365\/wp-json\/wp\/v2\/categories?post=56722"},{"taxonomy":"post_tag","embeddable":true,"href":"https:\/\/eldigitaldeasturias.com\/magazine365\/wp-json\/wp\/v2\/tags?post=56722"}],"curies":[{"name":"wp","href":"https:\/\/api.w.org\/{rel}","templated":true}]}}