{"id":56702,"date":"2015-11-27T05:29:34","date_gmt":"2015-11-27T04:29:34","guid":{"rendered":"http:\/\/eldigitaldeasturias.com\/magazine365\/?p=56702"},"modified":"2015-11-27T05:29:34","modified_gmt":"2015-11-27T04:29:34","slug":"aena-fija-la-alianza-de-los-aeropuertos-y-el-ave-como-uno-de-los-principales-retos-de-futuro","status":"publish","type":"post","link":"https:\/\/eldigitaldeasturias.com\/magazine365\/aena-fija-la-alianza-de-los-aeropuertos-y-el-ave-como-uno-de-los-principales-retos-de-futuro\/","title":{"rendered":"Aena fija la alianza de los aeropuertos y el AVE como uno de los principales retos de futuro"},"content":{"rendered":"<p><img fetchpriority=\"high\" decoding=\"async\" class=\"alignleft size-medium wp-image-56703\" src=\"https:\/\/eldigitaldeasturias.com\/magazine365\/wp-content\/uploads\/2015\/11\/fotonoticia_20151125122257_800-360x240.jpg\" alt=\"fotonoticia_20151125122257_800\" width=\"360\" height=\"240\" srcset=\"https:\/\/eldigitaldeasturias.com\/magazine365\/wp-content\/uploads\/2015\/11\/fotonoticia_20151125122257_800-360x240.jpg 360w, https:\/\/eldigitaldeasturias.com\/magazine365\/wp-content\/uploads\/2015\/11\/fotonoticia_20151125122257_800-650x433.jpg 650w, https:\/\/eldigitaldeasturias.com\/magazine365\/wp-content\/uploads\/2015\/11\/fotonoticia_20151125122257_800-768x512.jpg 768w, https:\/\/eldigitaldeasturias.com\/magazine365\/wp-content\/uploads\/2015\/11\/fotonoticia_20151125122257_800-150x100.jpg 150w, https:\/\/eldigitaldeasturias.com\/magazine365\/wp-content\/uploads\/2015\/11\/fotonoticia_20151125122257_800-450x300.jpg 450w, https:\/\/eldigitaldeasturias.com\/magazine365\/wp-content\/uploads\/2015\/11\/fotonoticia_20151125122257_800-696x464.jpg 696w, https:\/\/eldigitaldeasturias.com\/magazine365\/wp-content\/uploads\/2015\/11\/fotonoticia_20151125122257_800-630x420.jpg 630w, https:\/\/eldigitaldeasturias.com\/magazine365\/wp-content\/uploads\/2015\/11\/fotonoticia_20151125122257_800-84x55.jpg 84w, https:\/\/eldigitaldeasturias.com\/magazine365\/wp-content\/uploads\/2015\/11\/fotonoticia_20151125122257_800.jpg 800w\" sizes=\"(max-width: 360px) 100vw, 360px\" \/>Aena considera que uno de los principales objetivos de futuro que actualmente afronta la red de aeropuertos espa\u00f1oles es lograr su plena interoperabilidad con el AVE, seg\u00fan indic\u00f3 el presidente del operador aeroportuario, Jos\u00e9 Manuel Vargas.<\/p>\n<p>\u00abUno de los grandes objetivos de futuro es lograr la plena complementariedad entre la red de aeropuertos espa\u00f1ola, que figura entre las mejores del mundo, y la red ferroviaria de Alta Velocidad, tambi\u00e9n puntera\u00bb, se\u00f1al\u00f3 Vargas.<\/p>\n<p>El presidente de Aena considera que una plena alianza entre el AVE y el avi\u00f3n contribuir\u00eda a \u00abponer en valor\u00bb las inversiones que el pa\u00eds ha realizado en los \u00faltimos a\u00f1os en dotarse de estas infraestructuras, estimadas en unos 15.000 millones de euros en el caso de los aer\u00f3dromos y en unos 40.000 millones de euros en el del AVE.<\/p>\n<p>Adem\u00e1s, estima que una mayor interoperabilidad entre aeropuertos y Alta Velocidad supondr\u00eda un potencial para el tr\u00e1fico del turismo, \u00abuna de las principales industrias del pa\u00eds\u00bb, record\u00f3 durante su intervenci\u00f3n en foro sobre reindustrializaci\u00f3n organizado por &#8216;El Economista&#8217;, KPMG y Ferrovial.<\/p>\n<p>CHAMART\u00cdN, &#8216;TERMINAL CERO&#8217; DE BARAJAS.<\/p>\n<p>En este sentido, el presidente de Aena apunt\u00f3 al proyecto recientemente desvelado por la ministra de Fomento, Ana Pastor, y que el Ministerio pretende desarrollar en la pr\u00f3xima Legislatura, que pasa por convertir la estaci\u00f3n de tren de Madrid-Chamart\u00edn en la &#8216;terminal cero&#8217; del aeropuerto de Barajas mediante la articulaci\u00f3n de una conexi\u00f3n directa permanente entre ambas instalaciones.<\/p>\n<p>\u00abLa articulaci\u00f3n de un gran &#8216;hub&#8217; ferroaeroportuario en Chamart\u00edn tendr\u00eda un alt\u00edsimo inter\u00e9s por la integraci\u00f3n que permitir\u00eda entre la red AVE y el gran &#8216;hub&#8217; que es Barajas, y por la puesta en valor de todas las inversiones\u00bb, destac\u00f3 Vargas.<\/p>\n<p>El presidente de Aena centr\u00f3 as\u00ed en la gesti\u00f3n y en la internacionalizaci\u00f3n el desarrollo futuro de la compa\u00f1\u00eda, al descartar inversiones en aumento de capacidad, dado que los aer\u00f3dromos ya cuentan con la suficiente tras las inversiones realizadas en los \u00faltimos a\u00f1os.<\/p>\n<p>\u00abNo tenemos grandes necesidades de capacidad tras el esfuerzo hecho en los \u00faltimos a\u00f1os. El gran reto ahora es aprovechar esa capacidad y aprovechar globalmente el &#8216;know how&#8217; que hemos acumulado en su construcci\u00f3n y gesti\u00f3n, esto es, para ponerla en valor internacionalmente\u00bb, indic\u00f3. \u00abNo se debe olvidar que el mercado de las infraestructuras es un mercado global\u00bb, a\u00f1adi\u00f3.<\/p>\n","protected":false},"excerpt":{"rendered":"<p>Aena considera que uno de los principales objetivos de futuro que actualmente afronta la red de aeropuertos espa\u00f1oles es lograr su plena interoperabilidad con el AVE, seg\u00fan indic\u00f3 el presidente del operador aeroportuario, Jos\u00e9 Manuel Vargas. \u00abUno de los grandes objetivos de futuro es lograr la plena complementariedad entre la red de aeropuertos espa\u00f1ola, que<\/p>\n","protected":false},"author":1,"featured_media":56703,"comment_status":"open","ping_status":"closed","sticky":false,"template":"","format":"standard","meta":{"footnotes":""},"categories":[224],"tags":[],"class_list":{"0":"post-56702","1":"post","2":"type-post","3":"status-publish","4":"format-standard","5":"has-post-thumbnail","7":"category-noticias-actualidad"},"aioseo_notices":[],"aioseo_head":"\n\t\t<!-- All in One SEO Pro 4.9.6.1 - aioseo.com -->\n\t<meta name=\"description\" content=\"Aena considera que uno de los principales objetivos de futuro que actualmente afronta la red de aeropuertos espa\u00f1oles es lograr su plena interoperabilidad con el AVE, seg\u00fan indic\u00f3 el presidente del operador aeroportuario, Jos\u00e9 Manuel Vargas. &quot;Uno de los grandes objetivos de futuro es lograr la plena complementariedad entre la red de aeropuertos espa\u00f1ola, que\" \/>\n\t<meta name=\"robots\" content=\"max-image-preview:large\" \/>\n\t<meta name=\"author\" content=\"admin\"\/>\n\t<meta name=\"google-site-verification\" content=\"UA-38556648-1\" \/>\n\t<meta name=\"keywords\" content=\"noticias y actualidad\" \/>\n\t<link rel=\"canonical\" href=\"https:\/\/eldigitaldeasturias.com\/magazine365\/aena-fija-la-alianza-de-los-aeropuertos-y-el-ave-como-uno-de-los-principales-retos-de-futuro\/\" \/>\n\t<meta name=\"generator\" content=\"All in One SEO Pro (AIOSEO) 4.9.6.1\" \/>\n\t\t<meta property=\"og:locale\" content=\"es_ES\" \/>\n\t\t<meta property=\"og:site_name\" content=\"El Digital de Asturias \u2013 Revista de ocio, turismo y estilo de vida\" \/>\n\t\t<meta property=\"og:type\" content=\"article\" \/>\n\t\t<meta property=\"og:title\" content=\"Aena fija la alianza de los aeropuertos y el AVE como uno de los principales retos de futuro | El Digital de Asturias\" \/>\n\t\t<meta property=\"og:description\" content=\"Aena considera que uno de los principales objetivos de futuro que actualmente afronta la red de aeropuertos espa\u00f1oles es lograr su plena interoperabilidad con el AVE, seg\u00fan indic\u00f3 el presidente del operador aeroportuario, Jos\u00e9 Manuel Vargas. &quot;Uno de los grandes objetivos de futuro es lograr la plena complementariedad entre la red de aeropuertos espa\u00f1ola, que\" \/>\n\t\t<meta property=\"og:url\" content=\"https:\/\/eldigitaldeasturias.com\/magazine365\/aena-fija-la-alianza-de-los-aeropuertos-y-el-ave-como-uno-de-los-principales-retos-de-futuro\/\" \/>\n\t\t<meta property=\"og:image\" content=\"https:\/\/eldigitaldeasturias.com\/magazine365\/wp-content\/uploads\/2015\/11\/fotonoticia_20151125122257_800.jpg\" \/>\n\t\t<meta property=\"og:image:secure_url\" content=\"https:\/\/eldigitaldeasturias.com\/magazine365\/wp-content\/uploads\/2015\/11\/fotonoticia_20151125122257_800.jpg\" \/>\n\t\t<meta property=\"og:image:width\" content=\"800\" \/>\n\t\t<meta property=\"og:image:height\" content=\"533\" \/>\n\t\t<meta property=\"article:published_time\" content=\"2015-11-27T04:29:34+00:00\" \/>\n\t\t<meta property=\"article:modified_time\" content=\"2015-11-27T04:29:34+00:00\" \/>\n\t\t<meta name=\"twitter:card\" content=\"summary_large_image\" \/>\n\t\t<meta name=\"twitter:title\" content=\"Aena fija la alianza de los aeropuertos y el AVE como uno de los principales retos de futuro | El Digital de Asturias\" \/>\n\t\t<meta name=\"twitter:description\" content=\"Aena considera que uno de los principales objetivos de futuro que actualmente afronta la red de aeropuertos espa\u00f1oles es lograr su plena interoperabilidad con el AVE, seg\u00fan indic\u00f3 el presidente del operador aeroportuario, Jos\u00e9 Manuel Vargas. &quot;Uno de los grandes objetivos de futuro es lograr la plena complementariedad entre la red de aeropuertos espa\u00f1ola, que\" \/>\n\t\t<meta name=\"twitter:image\" content=\"https:\/\/eldigitaldeasturias.com\/magazine365\/wp-content\/uploads\/2015\/11\/fotonoticia_20151125122257_800.jpg\" \/>\n\t\t<script type=\"application\/ld+json\" class=\"aioseo-schema\">\n\t\t\t{\"@context\":\"https:\\\/\\\/schema.org\",\"@graph\":[{\"@type\":\"Article\",\"@id\":\"https:\\\/\\\/eldigitaldeasturias.com\\\/magazine365\\\/aena-fija-la-alianza-de-los-aeropuertos-y-el-ave-como-uno-de-los-principales-retos-de-futuro\\\/#article\",\"name\":\"Aena fija la alianza de los aeropuertos y el AVE como uno de los principales retos de futuro | El Digital de Asturias\",\"headline\":\"Aena fija la alianza de los aeropuertos y el AVE como uno de los principales retos de futuro\",\"author\":{\"@id\":\"https:\\\/\\\/eldigitaldeasturias.com\\\/magazine365\\\/author\\\/admin\\\/#author\"},\"publisher\":{\"@id\":\"https:\\\/\\\/eldigitaldeasturias.com\\\/magazine365\\\/#organization\"},\"image\":{\"@type\":\"ImageObject\",\"url\":\"https:\\\/\\\/eldigitaldeasturias.com\\\/magazine365\\\/wp-content\\\/uploads\\\/2015\\\/11\\\/fotonoticia_20151125122257_800.jpg\",\"width\":800,\"height\":533},\"datePublished\":\"2015-11-27T05:29:34+01:00\",\"dateModified\":\"2015-11-27T05:29:34+01:00\",\"inLanguage\":\"es-ES\",\"mainEntityOfPage\":{\"@id\":\"https:\\\/\\\/eldigitaldeasturias.com\\\/magazine365\\\/aena-fija-la-alianza-de-los-aeropuertos-y-el-ave-como-uno-de-los-principales-retos-de-futuro\\\/#webpage\"},\"isPartOf\":{\"@id\":\"https:\\\/\\\/eldigitaldeasturias.com\\\/magazine365\\\/aena-fija-la-alianza-de-los-aeropuertos-y-el-ave-como-uno-de-los-principales-retos-de-futuro\\\/#webpage\"},\"articleSection\":\"Noticias y Actualidad\"},{\"@type\":\"BreadcrumbList\",\"@id\":\"https:\\\/\\\/eldigitaldeasturias.com\\\/magazine365\\\/aena-fija-la-alianza-de-los-aeropuertos-y-el-ave-como-uno-de-los-principales-retos-de-futuro\\\/#breadcrumblist\",\"itemListElement\":[{\"@type\":\"ListItem\",\"@id\":\"https:\\\/\\\/eldigitaldeasturias.com\\\/magazine365#listItem\",\"position\":1,\"name\":\"Home\",\"item\":\"https:\\\/\\\/eldigitaldeasturias.com\\\/magazine365\",\"nextItem\":{\"@type\":\"ListItem\",\"@id\":\"https:\\\/\\\/eldigitaldeasturias.com\\\/magazine365\\\/category\\\/noticias-actualidad\\\/#listItem\",\"name\":\"Noticias y Actualidad\"}},{\"@type\":\"ListItem\",\"@id\":\"https:\\\/\\\/eldigitaldeasturias.com\\\/magazine365\\\/category\\\/noticias-actualidad\\\/#listItem\",\"position\":2,\"name\":\"Noticias y Actualidad\",\"item\":\"https:\\\/\\\/eldigitaldeasturias.com\\\/magazine365\\\/category\\\/noticias-actualidad\\\/\",\"nextItem\":{\"@type\":\"ListItem\",\"@id\":\"https:\\\/\\\/eldigitaldeasturias.com\\\/magazine365\\\/aena-fija-la-alianza-de-los-aeropuertos-y-el-ave-como-uno-de-los-principales-retos-de-futuro\\\/#listItem\",\"name\":\"Aena fija la alianza de los aeropuertos y el AVE como uno de los principales retos de futuro\"},\"previousItem\":{\"@type\":\"ListItem\",\"@id\":\"https:\\\/\\\/eldigitaldeasturias.com\\\/magazine365#listItem\",\"name\":\"Home\"}},{\"@type\":\"ListItem\",\"@id\":\"https:\\\/\\\/eldigitaldeasturias.com\\\/magazine365\\\/aena-fija-la-alianza-de-los-aeropuertos-y-el-ave-como-uno-de-los-principales-retos-de-futuro\\\/#listItem\",\"position\":3,\"name\":\"Aena fija la alianza de los aeropuertos y el AVE como uno de los principales retos de futuro\",\"previousItem\":{\"@type\":\"ListItem\",\"@id\":\"https:\\\/\\\/eldigitaldeasturias.com\\\/magazine365\\\/category\\\/noticias-actualidad\\\/#listItem\",\"name\":\"Noticias y Actualidad\"}}]},{\"@type\":\"Organization\",\"@id\":\"https:\\\/\\\/eldigitaldeasturias.com\\\/magazine365\\\/#organization\",\"name\":\"El digital de Asturias\",\"description\":\"Revista de ocio, turismo y estilo de vida\",\"url\":\"https:\\\/\\\/eldigitaldeasturias.com\\\/magazine365\\\/\",\"logo\":{\"@type\":\"ImageObject\",\"url\":\"https:\\\/\\\/www.eldigitaldeasturias.com\\\/noticias\\\/wp-content\\\/uploads\\\/2020\\\/12\\\/EDA.jpg\",\"@id\":\"https:\\\/\\\/eldigitaldeasturias.com\\\/magazine365\\\/aena-fija-la-alianza-de-los-aeropuertos-y-el-ave-como-uno-de-los-principales-retos-de-futuro\\\/#organizationLogo\"},\"image\":{\"@id\":\"https:\\\/\\\/eldigitaldeasturias.com\\\/magazine365\\\/aena-fija-la-alianza-de-los-aeropuertos-y-el-ave-como-uno-de-los-principales-retos-de-futuro\\\/#organizationLogo\"}},{\"@type\":\"Person\",\"@id\":\"https:\\\/\\\/eldigitaldeasturias.com\\\/magazine365\\\/author\\\/admin\\\/#author\",\"url\":\"https:\\\/\\\/eldigitaldeasturias.com\\\/magazine365\\\/author\\\/admin\\\/\",\"name\":\"admin\",\"image\":{\"@type\":\"ImageObject\",\"@id\":\"https:\\\/\\\/eldigitaldeasturias.com\\\/magazine365\\\/aena-fija-la-alianza-de-los-aeropuertos-y-el-ave-como-uno-de-los-principales-retos-de-futuro\\\/#authorImage\",\"url\":\"https:\\\/\\\/eldigitaldeasturias.com\\\/magazine365\\\/wp-content\\\/litespeed\\\/avatar\\\/e571bcf59a0edd6fa6838245a470f2fe.jpg?ver=1777574230\",\"width\":96,\"height\":96,\"caption\":\"admin\"}},{\"@type\":\"WebPage\",\"@id\":\"https:\\\/\\\/eldigitaldeasturias.com\\\/magazine365\\\/aena-fija-la-alianza-de-los-aeropuertos-y-el-ave-como-uno-de-los-principales-retos-de-futuro\\\/#webpage\",\"url\":\"https:\\\/\\\/eldigitaldeasturias.com\\\/magazine365\\\/aena-fija-la-alianza-de-los-aeropuertos-y-el-ave-como-uno-de-los-principales-retos-de-futuro\\\/\",\"name\":\"Aena fija la alianza de los aeropuertos y el AVE como uno de los principales retos de futuro | El Digital de Asturias\",\"description\":\"Aena considera que uno de los principales objetivos de futuro que actualmente afronta la red de aeropuertos espa\\u00f1oles es lograr su plena interoperabilidad con el AVE, seg\\u00fan indic\\u00f3 el presidente del operador aeroportuario, Jos\\u00e9 Manuel Vargas. \\\"Uno de los grandes objetivos de futuro es lograr la plena complementariedad entre la red de aeropuertos espa\\u00f1ola, que\",\"inLanguage\":\"es-ES\",\"isPartOf\":{\"@id\":\"https:\\\/\\\/eldigitaldeasturias.com\\\/magazine365\\\/#website\"},\"breadcrumb\":{\"@id\":\"https:\\\/\\\/eldigitaldeasturias.com\\\/magazine365\\\/aena-fija-la-alianza-de-los-aeropuertos-y-el-ave-como-uno-de-los-principales-retos-de-futuro\\\/#breadcrumblist\"},\"author\":{\"@id\":\"https:\\\/\\\/eldigitaldeasturias.com\\\/magazine365\\\/author\\\/admin\\\/#author\"},\"creator\":{\"@id\":\"https:\\\/\\\/eldigitaldeasturias.com\\\/magazine365\\\/author\\\/admin\\\/#author\"},\"image\":{\"@type\":\"ImageObject\",\"url\":\"https:\\\/\\\/eldigitaldeasturias.com\\\/magazine365\\\/wp-content\\\/uploads\\\/2015\\\/11\\\/fotonoticia_20151125122257_800.jpg\",\"@id\":\"https:\\\/\\\/eldigitaldeasturias.com\\\/magazine365\\\/aena-fija-la-alianza-de-los-aeropuertos-y-el-ave-como-uno-de-los-principales-retos-de-futuro\\\/#mainImage\",\"width\":800,\"height\":533},\"primaryImageOfPage\":{\"@id\":\"https:\\\/\\\/eldigitaldeasturias.com\\\/magazine365\\\/aena-fija-la-alianza-de-los-aeropuertos-y-el-ave-como-uno-de-los-principales-retos-de-futuro\\\/#mainImage\"},\"datePublished\":\"2015-11-27T05:29:34+01:00\",\"dateModified\":\"2015-11-27T05:29:34+01:00\"},{\"@type\":\"WebSite\",\"@id\":\"https:\\\/\\\/eldigitaldeasturias.com\\\/magazine365\\\/#website\",\"url\":\"https:\\\/\\\/eldigitaldeasturias.com\\\/magazine365\\\/\",\"name\":\"El Digital de Asturias\",\"description\":\"Revista de ocio, turismo y estilo de vida\",\"inLanguage\":\"es-ES\",\"publisher\":{\"@id\":\"https:\\\/\\\/eldigitaldeasturias.com\\\/magazine365\\\/#organization\"}}]}\n\t\t<\/script>\n\t\t<!-- All in One SEO Pro -->\r\n\t\t<title>Aena fija la alianza de los aeropuertos y el AVE como uno de los principales retos de futuro | El Digital de Asturias<\/title>\n\n","aioseo_head_json":{"title":"Aena fija la alianza de los aeropuertos y el AVE como uno de los principales retos de futuro | El Digital de Asturias","description":"Aena considera que uno de los principales objetivos de futuro que actualmente afronta la red de aeropuertos espa\u00f1oles es lograr su plena interoperabilidad con el AVE, seg\u00fan indic\u00f3 el presidente del operador aeroportuario, Jos\u00e9 Manuel Vargas. \"Uno de los grandes objetivos de futuro es lograr la plena complementariedad entre la red de aeropuertos espa\u00f1ola, que","canonical_url":"https:\/\/eldigitaldeasturias.com\/magazine365\/aena-fija-la-alianza-de-los-aeropuertos-y-el-ave-como-uno-de-los-principales-retos-de-futuro\/","robots":"max-image-preview:large","keywords":"noticias y actualidad","webmasterTools":{"google-site-verification":"UA-38556648-1","miscellaneous":""},"schema":{"@context":"https:\/\/schema.org","@graph":[{"@type":"Article","@id":"https:\/\/eldigitaldeasturias.com\/magazine365\/aena-fija-la-alianza-de-los-aeropuertos-y-el-ave-como-uno-de-los-principales-retos-de-futuro\/#article","name":"Aena fija la alianza de los aeropuertos y el AVE como uno de los principales retos de futuro | El Digital de Asturias","headline":"Aena fija la alianza de los aeropuertos y el AVE como uno de los principales retos de futuro","author":{"@id":"https:\/\/eldigitaldeasturias.com\/magazine365\/author\/admin\/#author"},"publisher":{"@id":"https:\/\/eldigitaldeasturias.com\/magazine365\/#organization"},"image":{"@type":"ImageObject","url":"https:\/\/eldigitaldeasturias.com\/magazine365\/wp-content\/uploads\/2015\/11\/fotonoticia_20151125122257_800.jpg","width":800,"height":533},"datePublished":"2015-11-27T05:29:34+01:00","dateModified":"2015-11-27T05:29:34+01:00","inLanguage":"es-ES","mainEntityOfPage":{"@id":"https:\/\/eldigitaldeasturias.com\/magazine365\/aena-fija-la-alianza-de-los-aeropuertos-y-el-ave-como-uno-de-los-principales-retos-de-futuro\/#webpage"},"isPartOf":{"@id":"https:\/\/eldigitaldeasturias.com\/magazine365\/aena-fija-la-alianza-de-los-aeropuertos-y-el-ave-como-uno-de-los-principales-retos-de-futuro\/#webpage"},"articleSection":"Noticias y Actualidad"},{"@type":"BreadcrumbList","@id":"https:\/\/eldigitaldeasturias.com\/magazine365\/aena-fija-la-alianza-de-los-aeropuertos-y-el-ave-como-uno-de-los-principales-retos-de-futuro\/#breadcrumblist","itemListElement":[{"@type":"ListItem","@id":"https:\/\/eldigitaldeasturias.com\/magazine365#listItem","position":1,"name":"Home","item":"https:\/\/eldigitaldeasturias.com\/magazine365","nextItem":{"@type":"ListItem","@id":"https:\/\/eldigitaldeasturias.com\/magazine365\/category\/noticias-actualidad\/#listItem","name":"Noticias y Actualidad"}},{"@type":"ListItem","@id":"https:\/\/eldigitaldeasturias.com\/magazine365\/category\/noticias-actualidad\/#listItem","position":2,"name":"Noticias y Actualidad","item":"https:\/\/eldigitaldeasturias.com\/magazine365\/category\/noticias-actualidad\/","nextItem":{"@type":"ListItem","@id":"https:\/\/eldigitaldeasturias.com\/magazine365\/aena-fija-la-alianza-de-los-aeropuertos-y-el-ave-como-uno-de-los-principales-retos-de-futuro\/#listItem","name":"Aena fija la alianza de los aeropuertos y el AVE como uno de los principales retos de futuro"},"previousItem":{"@type":"ListItem","@id":"https:\/\/eldigitaldeasturias.com\/magazine365#listItem","name":"Home"}},{"@type":"ListItem","@id":"https:\/\/eldigitaldeasturias.com\/magazine365\/aena-fija-la-alianza-de-los-aeropuertos-y-el-ave-como-uno-de-los-principales-retos-de-futuro\/#listItem","position":3,"name":"Aena fija la alianza de los aeropuertos y el AVE como uno de los principales retos de futuro","previousItem":{"@type":"ListItem","@id":"https:\/\/eldigitaldeasturias.com\/magazine365\/category\/noticias-actualidad\/#listItem","name":"Noticias y Actualidad"}}]},{"@type":"Organization","@id":"https:\/\/eldigitaldeasturias.com\/magazine365\/#organization","name":"El digital de Asturias","description":"Revista de ocio, turismo y estilo de vida","url":"https:\/\/eldigitaldeasturias.com\/magazine365\/","logo":{"@type":"ImageObject","url":"https:\/\/www.eldigitaldeasturias.com\/noticias\/wp-content\/uploads\/2020\/12\/EDA.jpg","@id":"https:\/\/eldigitaldeasturias.com\/magazine365\/aena-fija-la-alianza-de-los-aeropuertos-y-el-ave-como-uno-de-los-principales-retos-de-futuro\/#organizationLogo"},"image":{"@id":"https:\/\/eldigitaldeasturias.com\/magazine365\/aena-fija-la-alianza-de-los-aeropuertos-y-el-ave-como-uno-de-los-principales-retos-de-futuro\/#organizationLogo"}},{"@type":"Person","@id":"https:\/\/eldigitaldeasturias.com\/magazine365\/author\/admin\/#author","url":"https:\/\/eldigitaldeasturias.com\/magazine365\/author\/admin\/","name":"admin","image":{"@type":"ImageObject","@id":"https:\/\/eldigitaldeasturias.com\/magazine365\/aena-fija-la-alianza-de-los-aeropuertos-y-el-ave-como-uno-de-los-principales-retos-de-futuro\/#authorImage","url":"https:\/\/eldigitaldeasturias.com\/magazine365\/wp-content\/litespeed\/avatar\/e571bcf59a0edd6fa6838245a470f2fe.jpg?ver=1777574230","width":96,"height":96,"caption":"admin"}},{"@type":"WebPage","@id":"https:\/\/eldigitaldeasturias.com\/magazine365\/aena-fija-la-alianza-de-los-aeropuertos-y-el-ave-como-uno-de-los-principales-retos-de-futuro\/#webpage","url":"https:\/\/eldigitaldeasturias.com\/magazine365\/aena-fija-la-alianza-de-los-aeropuertos-y-el-ave-como-uno-de-los-principales-retos-de-futuro\/","name":"Aena fija la alianza de los aeropuertos y el AVE como uno de los principales retos de futuro | El Digital de Asturias","description":"Aena considera que uno de los principales objetivos de futuro que actualmente afronta la red de aeropuertos espa\u00f1oles es lograr su plena interoperabilidad con el AVE, seg\u00fan indic\u00f3 el presidente del operador aeroportuario, Jos\u00e9 Manuel Vargas. \"Uno de los grandes objetivos de futuro es lograr la plena complementariedad entre la red de aeropuertos espa\u00f1ola, que","inLanguage":"es-ES","isPartOf":{"@id":"https:\/\/eldigitaldeasturias.com\/magazine365\/#website"},"breadcrumb":{"@id":"https:\/\/eldigitaldeasturias.com\/magazine365\/aena-fija-la-alianza-de-los-aeropuertos-y-el-ave-como-uno-de-los-principales-retos-de-futuro\/#breadcrumblist"},"author":{"@id":"https:\/\/eldigitaldeasturias.com\/magazine365\/author\/admin\/#author"},"creator":{"@id":"https:\/\/eldigitaldeasturias.com\/magazine365\/author\/admin\/#author"},"image":{"@type":"ImageObject","url":"https:\/\/eldigitaldeasturias.com\/magazine365\/wp-content\/uploads\/2015\/11\/fotonoticia_20151125122257_800.jpg","@id":"https:\/\/eldigitaldeasturias.com\/magazine365\/aena-fija-la-alianza-de-los-aeropuertos-y-el-ave-como-uno-de-los-principales-retos-de-futuro\/#mainImage","width":800,"height":533},"primaryImageOfPage":{"@id":"https:\/\/eldigitaldeasturias.com\/magazine365\/aena-fija-la-alianza-de-los-aeropuertos-y-el-ave-como-uno-de-los-principales-retos-de-futuro\/#mainImage"},"datePublished":"2015-11-27T05:29:34+01:00","dateModified":"2015-11-27T05:29:34+01:00"},{"@type":"WebSite","@id":"https:\/\/eldigitaldeasturias.com\/magazine365\/#website","url":"https:\/\/eldigitaldeasturias.com\/magazine365\/","name":"El Digital de Asturias","description":"Revista de ocio, turismo y estilo de vida","inLanguage":"es-ES","publisher":{"@id":"https:\/\/eldigitaldeasturias.com\/magazine365\/#organization"}}]},"og:locale":"es_ES","og:site_name":"El Digital de Asturias \u2013 Revista de ocio, turismo y estilo de vida","og:type":"article","og:title":"Aena fija la alianza de los aeropuertos y el AVE como uno de los principales retos de futuro | El Digital de Asturias","og:description":"Aena considera que uno de los principales objetivos de futuro que actualmente afronta la red de aeropuertos espa\u00f1oles es lograr su plena interoperabilidad con el AVE, seg\u00fan indic\u00f3 el presidente del operador aeroportuario, Jos\u00e9 Manuel Vargas. &quot;Uno de los grandes objetivos de futuro es lograr la plena complementariedad entre la red de aeropuertos espa\u00f1ola, que","og:url":"https:\/\/eldigitaldeasturias.com\/magazine365\/aena-fija-la-alianza-de-los-aeropuertos-y-el-ave-como-uno-de-los-principales-retos-de-futuro\/","og:image":"https:\/\/eldigitaldeasturias.com\/magazine365\/wp-content\/uploads\/2015\/11\/fotonoticia_20151125122257_800.jpg","og:image:secure_url":"https:\/\/eldigitaldeasturias.com\/magazine365\/wp-content\/uploads\/2015\/11\/fotonoticia_20151125122257_800.jpg","og:image:width":800,"og:image:height":533,"article:published_time":"2015-11-27T04:29:34+00:00","article:modified_time":"2015-11-27T04:29:34+00:00","twitter:card":"summary_large_image","twitter:title":"Aena fija la alianza de los aeropuertos y el AVE como uno de los principales retos de futuro | El Digital de Asturias","twitter:description":"Aena considera que uno de los principales objetivos de futuro que actualmente afronta la red de aeropuertos espa\u00f1oles es lograr su plena interoperabilidad con el AVE, seg\u00fan indic\u00f3 el presidente del operador aeroportuario, Jos\u00e9 Manuel Vargas. &quot;Uno de los grandes objetivos de futuro es lograr la plena complementariedad entre la red de aeropuertos espa\u00f1ola, que","twitter:image":"https:\/\/eldigitaldeasturias.com\/magazine365\/wp-content\/uploads\/2015\/11\/fotonoticia_20151125122257_800.jpg"},"aioseo_meta_data":{"post_id":"56702","title":null,"description":null,"keywords":null,"keyphrases":null,"primary_term":null,"canonical_url":null,"og_title":null,"og_description":null,"og_object_type":"default","og_image_type":"default","og_image_url":null,"og_image_width":null,"og_image_height":null,"og_image_custom_url":null,"og_image_custom_fields":null,"og_video":null,"og_custom_url":null,"og_article_section":null,"og_article_tags":null,"twitter_use_og":false,"twitter_card":"default","twitter_image_type":"default","twitter_image_url":null,"twitter_image_custom_url":null,"twitter_image_custom_fields":null,"twitter_title":null,"twitter_description":null,"schema":{"blockGraphs":[],"customGraphs":[],"default":{"data":{"Article":[],"Course":[],"Dataset":[],"FAQPage":[],"Movie":[],"Person":[],"Product":[],"ProductReview":[],"Car":[],"Recipe":[],"Service":[],"SoftwareApplication":[],"WebPage":[]},"graphName":"","isEnabled":true},"graphs":[],"defaultGraph":"","defaultPostTypeGraph":""},"schema_type":null,"schema_type_options":null,"pillar_content":false,"robots_default":true,"robots_noindex":false,"robots_noarchive":false,"robots_nosnippet":false,"robots_nofollow":false,"robots_noimageindex":false,"robots_noodp":false,"robots_notranslate":false,"robots_max_snippet":null,"robots_max_videopreview":null,"robots_max_imagepreview":"large","priority":null,"frequency":null,"location":null,"local_seo":null,"seo_analyzer_scan_date":"2025-09-24 23:20:59","breadcrumb_settings":null,"limit_modified_date":false,"open_ai":null,"ai":null,"created":"2021-03-08 22:53:19","updated":"2025-09-24 23:20:59"},"aioseo_breadcrumb":"<div class=\"aioseo-breadcrumbs\"><span class=\"aioseo-breadcrumb\">\n\t<a href=\"https:\/\/eldigitaldeasturias.com\/magazine365\" title=\"Home\">Home<\/a>\n<\/span><span class=\"aioseo-breadcrumb-separator\">\u2013<\/span><span class=\"aioseo-breadcrumb\">\n\t<a href=\"https:\/\/eldigitaldeasturias.com\/magazine365\/category\/noticias-actualidad\/\" title=\"Noticias y Actualidad\">Noticias y Actualidad<\/a>\n<\/span><span class=\"aioseo-breadcrumb-separator\">\u2013<\/span><span class=\"aioseo-breadcrumb\">\n\t<a href=\"https:\/\/eldigitaldeasturias.com\/magazine365\/aena-fija-la-alianza-de-los-aeropuertos-y-el-ave-como-uno-de-los-principales-retos-de-futuro\/\" title=\"Aena fija la alianza de los aeropuertos y el AVE como uno de los principales retos de futuro\">Aena fija la alianza de los aeropuertos y el AVE como uno de los principales retos de futuro<\/a>\n<\/span><\/div>","aioseo_breadcrumb_json":[{"label":"Home","link":"https:\/\/eldigitaldeasturias.com\/magazine365"},{"label":"Noticias y Actualidad","link":"https:\/\/eldigitaldeasturias.com\/magazine365\/category\/noticias-actualidad\/"},{"label":"Aena fija la alianza de los aeropuertos y el AVE como uno de los principales retos de futuro","link":"https:\/\/eldigitaldeasturias.com\/magazine365\/aena-fija-la-alianza-de-los-aeropuertos-y-el-ave-como-uno-de-los-principales-retos-de-futuro\/"}],"_links":{"self":[{"href":"https:\/\/eldigitaldeasturias.com\/magazine365\/wp-json\/wp\/v2\/posts\/56702","targetHints":{"allow":["GET"]}}],"collection":[{"href":"https:\/\/eldigitaldeasturias.com\/magazine365\/wp-json\/wp\/v2\/posts"}],"about":[{"href":"https:\/\/eldigitaldeasturias.com\/magazine365\/wp-json\/wp\/v2\/types\/post"}],"author":[{"embeddable":true,"href":"https:\/\/eldigitaldeasturias.com\/magazine365\/wp-json\/wp\/v2\/users\/1"}],"replies":[{"embeddable":true,"href":"https:\/\/eldigitaldeasturias.com\/magazine365\/wp-json\/wp\/v2\/comments?post=56702"}],"version-history":[{"count":0,"href":"https:\/\/eldigitaldeasturias.com\/magazine365\/wp-json\/wp\/v2\/posts\/56702\/revisions"}],"wp:featuredmedia":[{"embeddable":true,"href":"https:\/\/eldigitaldeasturias.com\/magazine365\/wp-json\/wp\/v2\/media\/56703"}],"wp:attachment":[{"href":"https:\/\/eldigitaldeasturias.com\/magazine365\/wp-json\/wp\/v2\/media?parent=56702"}],"wp:term":[{"taxonomy":"category","embeddable":true,"href":"https:\/\/eldigitaldeasturias.com\/magazine365\/wp-json\/wp\/v2\/categories?post=56702"},{"taxonomy":"post_tag","embeddable":true,"href":"https:\/\/eldigitaldeasturias.com\/magazine365\/wp-json\/wp\/v2\/tags?post=56702"}],"curies":[{"name":"wp","href":"https:\/\/api.w.org\/{rel}","templated":true}]}}