{"id":567,"date":"2014-01-10T05:38:08","date_gmt":"2014-01-10T06:38:08","guid":{"rendered":"http:\/\/eldigitaldeasturias.com\/magazine365\/?p=567"},"modified":"2014-01-10T05:38:08","modified_gmt":"2014-01-10T06:38:08","slug":"la-segunda-edicion-de-masterchef-comienza-a-cocinarse","status":"publish","type":"post","link":"https:\/\/eldigitaldeasturias.com\/magazine365\/la-segunda-edicion-de-masterchef-comienza-a-cocinarse\/","title":{"rendered":"La segunda edici\u00f3n de \u00abMasterChef\u00bb comienza a cocinarse"},"content":{"rendered":"<p><img fetchpriority=\"high\" decoding=\"async\" class=\"alignleft size-medium wp-image-568\" alt=\"5838290w\" src=\"https:\/\/eldigitaldeasturias.com\/magazine365\/wp-content\/uploads\/2014\/01\/5838290w-360x272.jpg\" width=\"360\" height=\"272\" srcset=\"https:\/\/eldigitaldeasturias.com\/magazine365\/wp-content\/uploads\/2014\/01\/5838290w-360x272.jpg 360w, https:\/\/eldigitaldeasturias.com\/magazine365\/wp-content\/uploads\/2014\/01\/5838290w-650x492.jpg 650w, https:\/\/eldigitaldeasturias.com\/magazine365\/wp-content\/uploads\/2014\/01\/5838290w-768x581.jpg 768w, https:\/\/eldigitaldeasturias.com\/magazine365\/wp-content\/uploads\/2014\/01\/5838290w-150x113.jpg 150w, https:\/\/eldigitaldeasturias.com\/magazine365\/wp-content\/uploads\/2014\/01\/5838290w-450x340.jpg 450w, https:\/\/eldigitaldeasturias.com\/magazine365\/wp-content\/uploads\/2014\/01\/5838290w.jpg 800w\" sizes=\"(max-width: 360px) 100vw, 360px\" \/>Bilbao, 9 ene (EFE).- El \u00abcasting\u00bb para la segunda temporada del concurso de cocina televisivo \u00abMasterChef\u00bb ha comenzado hoy en el Palacio Euskalduna de Bilbao, al que se han presentado los primeros cien aspirantes para ser el mejor cocinero aficionado de Espa\u00f1a.<\/p>\n<p>El proceso de selecci\u00f3n para participar en el programa de TVE, al que ya se han inscrito 8.000 personas, se va a hacer en varias ciudades espa\u00f1olas.<\/p>\n<p>Despu\u00e9s de Bilbao, seguir\u00e1 ma\u00f1ana y el s\u00e1bado Barcelona, y la pr\u00f3xima semana Valencia y Sevilla -d\u00edas 13 y 14- y Madrid -d\u00edas 16 y 17-, ha explicado la coordinadora del \u00abcasting\u00bb, Ana Ayala.<\/p>\n<p>Los 500 finalistas que salgan elegidos en las diferentes ciudades se someter\u00e1n a nuevas pruebas hasta determinar los quince cocineros que participar\u00e1n en la segunda edici\u00f3n de \u00abMasterChef\u00bb, cuya fecha de emisi\u00f3n a\u00fan no se conoce.<\/p>\n<p>A la cita inaugural de hoy en Bilbao, los primeros cien aspirantes han tra\u00eddo ya preparados sus propuestas gastron\u00f3micas, que han tenido que emplatar de la forma m\u00e1s sorprendente en veinte minutos.<\/p>\n<p>Los candidatos han formado cola desde las 10.30 horas ante el Euskalduna, junto amigos o familiares con sus t\u00e1per en la mano y con los nervios t\u00edpicos de un examen.<\/p>\n<p>Procedentes de Euskadi y de regiones vecinas como Cantabria, La Rioja o Navarra, hab\u00eda personas de todas las edades, mayores de 18, y de diferentes oficios, sin nada que ver con la cocina.<\/p>\n<p>Es el caso de Ra\u00fal, dise\u00f1ador de interiores, que ha llegado desde Logro\u00f1o para presentar un plato compuesto por un producto t\u00edpico de su tierra como son las pochas, preparado con almejas, y con el que desea impactar al jurado para conseguir su pase a la siguiente fase.<\/p>\n<p>Detr\u00e1s de \u00e9l, estaban dos navarros, Mar\u00eda Jes\u00fas Manzanero, de Estella, y Julio Etxebarria, de Tafalla, que ven\u00edan con la intenci\u00f3n de ganar \u00abMasterChef\u00bb y poder vivir la experiencia del concurso, que tanto les ha gustado en su primera edici\u00f3n.<\/p>\n<p>En declaraciones a EFE, Manzanero se ha definido como una \u00abamante\u00bb de la cocina y ha preparado unos \u00abcanutillos rellenos de &#8216;goxua'\u00bb, porque considera que es un plato \u00abinnovador y resultaba sencillo para traerlo\u00bb.<\/p>\n<p>Etxebarria se ha arriesgado con un plato \u00abmuy elaborado\u00bb en el que ha intentado hacer \u00abuna mezcla de tierra y mar\u00bb con pimientos de piquillo \u00abt\u00edpicos de Navarra\u00bb, rellenos de chipir\u00f3n, con una fritura tambi\u00e9n de chipir\u00f3n, y una infusi\u00f3n de nata y azafr\u00e1n.<\/p>\n<p>Ana Ayala ha comentado que el perfil de los concursantes del \u00abcasting\u00bb es muy variado y, aunque hoy es el \u00abprimer contacto presencial\u00bb que tienen con los aspirantes, ha asegurado que hay muchos datos \u00abcuriosos\u00bb que saben de ellos.<\/p>\n<p>\u00abPor ejemplo, hay una se\u00f1ora que ha sido abogada y enfermera, de 70 a\u00f1os y con nueve hijos. Hay otra persona que es profesor de yoga, reside en Dubai y ha venido expresamente para concursar. Tenemos un rockero de la vieja guardia, un arque\u00f3logo, una empresaria vin\u00edcola&#8230;\u00bb, ha a\u00f1adido.<\/p>\n<p>La coordinadora del \u00abcasting\u00bb ha dicho que la \u00abdiferencia\u00bb entre el proceso de selecci\u00f3n de la anterior edici\u00f3n y de \u00e9sta es que al principio \u00abla gente ven\u00eda a ciegas, no sab\u00eda qu\u00e9 era el concurso y cre\u00edan que, igual, no hac\u00eda falta tener nivel de cocina para presentarse\u00bb.<\/p>\n<p>\u00abPero este a\u00f1o ya han visto el programa y saben que tienen que tener verdadera pasi\u00f3n por la cocina\u00bb, ha afirmado.<\/p>\n<p>MasterChef, producido por Shine Iberia para TVE, se estren\u00f3 el pasado abril en Espa\u00f1a y cont\u00f3 en su primera edici\u00f3n con casi 30 millones de espectadores, de los que 5,5 millones siguieron la final en julio.<\/p>\n<p>El programa est\u00e1 conducido por la ex Miss Espa\u00f1a Eva Gonz\u00e1lez y tiene a Jordi Cruz, Samantha Vallejo-N\u00e1gera y Pepe Rodr\u00edguez como encargados de juzgar los platos de los aspirantes.<\/p>\n<p>Jone Fern\u00e1ndez Jambrina.<\/p>\n","protected":false},"excerpt":{"rendered":"<p>Bilbao, 9 ene (EFE).- El \u00abcasting\u00bb para la segunda temporada del concurso de cocina televisivo \u00abMasterChef\u00bb ha comenzado hoy en el Palacio Euskalduna de Bilbao, al que se han presentado los primeros cien aspirantes para ser el mejor cocinero aficionado de Espa\u00f1a. El proceso de selecci\u00f3n para participar en el programa de TVE, al que<\/p>\n","protected":false},"author":1,"featured_media":568,"comment_status":"open","ping_status":"open","sticky":false,"template":"","format":"standard","meta":{"footnotes":""},"categories":[224],"tags":[],"class_list":{"0":"post-567","1":"post","2":"type-post","3":"status-publish","4":"format-standard","5":"has-post-thumbnail","7":"category-noticias-actualidad"},"aioseo_notices":[],"aioseo_head":"\n\t\t<!-- All in One SEO Pro 4.9.6.1 - aioseo.com -->\n\t<meta name=\"description\" content=\"Bilbao, 9 ene (EFE).- El &quot;casting&quot; para la segunda temporada del concurso de cocina televisivo &quot;MasterChef&quot; ha comenzado hoy en el Palacio Euskalduna de Bilbao, al que se han presentado los primeros cien aspirantes para ser el mejor cocinero aficionado de Espa\u00f1a. El proceso de selecci\u00f3n para participar en el programa de TVE, al que\" \/>\n\t<meta name=\"robots\" content=\"max-image-preview:large\" \/>\n\t<meta name=\"author\" content=\"admin\"\/>\n\t<meta name=\"google-site-verification\" content=\"UA-38556648-1\" \/>\n\t<meta name=\"keywords\" content=\"noticias y actualidad\" \/>\n\t<link rel=\"canonical\" href=\"https:\/\/eldigitaldeasturias.com\/magazine365\/la-segunda-edicion-de-masterchef-comienza-a-cocinarse\/\" \/>\n\t<meta name=\"generator\" content=\"All in One SEO Pro (AIOSEO) 4.9.6.1\" \/>\n\t\t<meta property=\"og:locale\" content=\"es_ES\" \/>\n\t\t<meta property=\"og:site_name\" content=\"El Digital de Asturias \u2013 Revista de ocio, turismo y estilo de vida\" \/>\n\t\t<meta property=\"og:type\" content=\"article\" \/>\n\t\t<meta property=\"og:title\" content=\"La segunda edici\u00f3n de \u00abMasterChef\u00bb comienza a cocinarse | El Digital de Asturias\" \/>\n\t\t<meta property=\"og:description\" content=\"Bilbao, 9 ene (EFE).- El &quot;casting&quot; para la segunda temporada del concurso de cocina televisivo &quot;MasterChef&quot; ha comenzado hoy en el Palacio Euskalduna de Bilbao, al que se han presentado los primeros cien aspirantes para ser el mejor cocinero aficionado de Espa\u00f1a. El proceso de selecci\u00f3n para participar en el programa de TVE, al que\" \/>\n\t\t<meta property=\"og:url\" content=\"https:\/\/eldigitaldeasturias.com\/magazine365\/la-segunda-edicion-de-masterchef-comienza-a-cocinarse\/\" \/>\n\t\t<meta property=\"og:image\" content=\"https:\/\/eldigitaldeasturias.com\/magazine365\/wp-content\/uploads\/2014\/01\/5838290w.jpg\" \/>\n\t\t<meta property=\"og:image:secure_url\" content=\"https:\/\/eldigitaldeasturias.com\/magazine365\/wp-content\/uploads\/2014\/01\/5838290w.jpg\" \/>\n\t\t<meta property=\"og:image:width\" content=\"800\" \/>\n\t\t<meta property=\"og:image:height\" content=\"605\" \/>\n\t\t<meta property=\"article:published_time\" content=\"2014-01-10T06:38:08+00:00\" \/>\n\t\t<meta property=\"article:modified_time\" content=\"2014-01-10T06:38:08+00:00\" \/>\n\t\t<meta name=\"twitter:card\" content=\"summary_large_image\" \/>\n\t\t<meta name=\"twitter:title\" content=\"La segunda edici\u00f3n de \u00abMasterChef\u00bb comienza a cocinarse | El Digital de Asturias\" \/>\n\t\t<meta name=\"twitter:description\" content=\"Bilbao, 9 ene (EFE).- El &quot;casting&quot; para la segunda temporada del concurso de cocina televisivo &quot;MasterChef&quot; ha comenzado hoy en el Palacio Euskalduna de Bilbao, al que se han presentado los primeros cien aspirantes para ser el mejor cocinero aficionado de Espa\u00f1a. El proceso de selecci\u00f3n para participar en el programa de TVE, al que\" \/>\n\t\t<meta name=\"twitter:image\" content=\"https:\/\/eldigitaldeasturias.com\/magazine365\/wp-content\/uploads\/2014\/01\/5838290w.jpg\" \/>\n\t\t<script type=\"application\/ld+json\" class=\"aioseo-schema\">\n\t\t\t{\"@context\":\"https:\\\/\\\/schema.org\",\"@graph\":[{\"@type\":\"Article\",\"@id\":\"https:\\\/\\\/eldigitaldeasturias.com\\\/magazine365\\\/la-segunda-edicion-de-masterchef-comienza-a-cocinarse\\\/#article\",\"name\":\"La segunda edici\\u00f3n de \\u00abMasterChef\\u00bb comienza a cocinarse | El Digital de Asturias\",\"headline\":\"La segunda edici\\u00f3n de \\u00abMasterChef\\u00bb comienza a cocinarse\",\"author\":{\"@id\":\"https:\\\/\\\/eldigitaldeasturias.com\\\/magazine365\\\/author\\\/admin\\\/#author\"},\"publisher\":{\"@id\":\"https:\\\/\\\/eldigitaldeasturias.com\\\/magazine365\\\/#organization\"},\"image\":{\"@type\":\"ImageObject\",\"url\":\"https:\\\/\\\/eldigitaldeasturias.com\\\/magazine365\\\/wp-content\\\/uploads\\\/2014\\\/01\\\/5838290w.jpg\",\"width\":800,\"height\":605},\"datePublished\":\"2014-01-10T05:38:08+01:00\",\"dateModified\":\"2014-01-10T05:38:08+01:00\",\"inLanguage\":\"es-ES\",\"mainEntityOfPage\":{\"@id\":\"https:\\\/\\\/eldigitaldeasturias.com\\\/magazine365\\\/la-segunda-edicion-de-masterchef-comienza-a-cocinarse\\\/#webpage\"},\"isPartOf\":{\"@id\":\"https:\\\/\\\/eldigitaldeasturias.com\\\/magazine365\\\/la-segunda-edicion-de-masterchef-comienza-a-cocinarse\\\/#webpage\"},\"articleSection\":\"Noticias y Actualidad\"},{\"@type\":\"BreadcrumbList\",\"@id\":\"https:\\\/\\\/eldigitaldeasturias.com\\\/magazine365\\\/la-segunda-edicion-de-masterchef-comienza-a-cocinarse\\\/#breadcrumblist\",\"itemListElement\":[{\"@type\":\"ListItem\",\"@id\":\"https:\\\/\\\/eldigitaldeasturias.com\\\/magazine365#listItem\",\"position\":1,\"name\":\"Home\",\"item\":\"https:\\\/\\\/eldigitaldeasturias.com\\\/magazine365\",\"nextItem\":{\"@type\":\"ListItem\",\"@id\":\"https:\\\/\\\/eldigitaldeasturias.com\\\/magazine365\\\/category\\\/noticias-actualidad\\\/#listItem\",\"name\":\"Noticias y Actualidad\"}},{\"@type\":\"ListItem\",\"@id\":\"https:\\\/\\\/eldigitaldeasturias.com\\\/magazine365\\\/category\\\/noticias-actualidad\\\/#listItem\",\"position\":2,\"name\":\"Noticias y Actualidad\",\"item\":\"https:\\\/\\\/eldigitaldeasturias.com\\\/magazine365\\\/category\\\/noticias-actualidad\\\/\",\"nextItem\":{\"@type\":\"ListItem\",\"@id\":\"https:\\\/\\\/eldigitaldeasturias.com\\\/magazine365\\\/la-segunda-edicion-de-masterchef-comienza-a-cocinarse\\\/#listItem\",\"name\":\"La segunda edici\\u00f3n de \\u00abMasterChef\\u00bb comienza a cocinarse\"},\"previousItem\":{\"@type\":\"ListItem\",\"@id\":\"https:\\\/\\\/eldigitaldeasturias.com\\\/magazine365#listItem\",\"name\":\"Home\"}},{\"@type\":\"ListItem\",\"@id\":\"https:\\\/\\\/eldigitaldeasturias.com\\\/magazine365\\\/la-segunda-edicion-de-masterchef-comienza-a-cocinarse\\\/#listItem\",\"position\":3,\"name\":\"La segunda edici\\u00f3n de \\u00abMasterChef\\u00bb comienza a cocinarse\",\"previousItem\":{\"@type\":\"ListItem\",\"@id\":\"https:\\\/\\\/eldigitaldeasturias.com\\\/magazine365\\\/category\\\/noticias-actualidad\\\/#listItem\",\"name\":\"Noticias y Actualidad\"}}]},{\"@type\":\"Organization\",\"@id\":\"https:\\\/\\\/eldigitaldeasturias.com\\\/magazine365\\\/#organization\",\"name\":\"El digital de Asturias\",\"description\":\"Revista de ocio, turismo y estilo de vida\",\"url\":\"https:\\\/\\\/eldigitaldeasturias.com\\\/magazine365\\\/\",\"logo\":{\"@type\":\"ImageObject\",\"url\":\"https:\\\/\\\/www.eldigitaldeasturias.com\\\/noticias\\\/wp-content\\\/uploads\\\/2020\\\/12\\\/EDA.jpg\",\"@id\":\"https:\\\/\\\/eldigitaldeasturias.com\\\/magazine365\\\/la-segunda-edicion-de-masterchef-comienza-a-cocinarse\\\/#organizationLogo\"},\"image\":{\"@id\":\"https:\\\/\\\/eldigitaldeasturias.com\\\/magazine365\\\/la-segunda-edicion-de-masterchef-comienza-a-cocinarse\\\/#organizationLogo\"}},{\"@type\":\"Person\",\"@id\":\"https:\\\/\\\/eldigitaldeasturias.com\\\/magazine365\\\/author\\\/admin\\\/#author\",\"url\":\"https:\\\/\\\/eldigitaldeasturias.com\\\/magazine365\\\/author\\\/admin\\\/\",\"name\":\"admin\",\"image\":{\"@type\":\"ImageObject\",\"@id\":\"https:\\\/\\\/eldigitaldeasturias.com\\\/magazine365\\\/la-segunda-edicion-de-masterchef-comienza-a-cocinarse\\\/#authorImage\",\"url\":\"https:\\\/\\\/eldigitaldeasturias.com\\\/magazine365\\\/wp-content\\\/litespeed\\\/avatar\\\/e571bcf59a0edd6fa6838245a470f2fe.jpg?ver=1776969259\",\"width\":96,\"height\":96,\"caption\":\"admin\"}},{\"@type\":\"WebPage\",\"@id\":\"https:\\\/\\\/eldigitaldeasturias.com\\\/magazine365\\\/la-segunda-edicion-de-masterchef-comienza-a-cocinarse\\\/#webpage\",\"url\":\"https:\\\/\\\/eldigitaldeasturias.com\\\/magazine365\\\/la-segunda-edicion-de-masterchef-comienza-a-cocinarse\\\/\",\"name\":\"La segunda edici\\u00f3n de \\u00abMasterChef\\u00bb comienza a cocinarse | El Digital de Asturias\",\"description\":\"Bilbao, 9 ene (EFE).- El \\\"casting\\\" para la segunda temporada del concurso de cocina televisivo \\\"MasterChef\\\" ha comenzado hoy en el Palacio Euskalduna de Bilbao, al que se han presentado los primeros cien aspirantes para ser el mejor cocinero aficionado de Espa\\u00f1a. El proceso de selecci\\u00f3n para participar en el programa de TVE, al que\",\"inLanguage\":\"es-ES\",\"isPartOf\":{\"@id\":\"https:\\\/\\\/eldigitaldeasturias.com\\\/magazine365\\\/#website\"},\"breadcrumb\":{\"@id\":\"https:\\\/\\\/eldigitaldeasturias.com\\\/magazine365\\\/la-segunda-edicion-de-masterchef-comienza-a-cocinarse\\\/#breadcrumblist\"},\"author\":{\"@id\":\"https:\\\/\\\/eldigitaldeasturias.com\\\/magazine365\\\/author\\\/admin\\\/#author\"},\"creator\":{\"@id\":\"https:\\\/\\\/eldigitaldeasturias.com\\\/magazine365\\\/author\\\/admin\\\/#author\"},\"image\":{\"@type\":\"ImageObject\",\"url\":\"https:\\\/\\\/eldigitaldeasturias.com\\\/magazine365\\\/wp-content\\\/uploads\\\/2014\\\/01\\\/5838290w.jpg\",\"@id\":\"https:\\\/\\\/eldigitaldeasturias.com\\\/magazine365\\\/la-segunda-edicion-de-masterchef-comienza-a-cocinarse\\\/#mainImage\",\"width\":800,\"height\":605},\"primaryImageOfPage\":{\"@id\":\"https:\\\/\\\/eldigitaldeasturias.com\\\/magazine365\\\/la-segunda-edicion-de-masterchef-comienza-a-cocinarse\\\/#mainImage\"},\"datePublished\":\"2014-01-10T05:38:08+01:00\",\"dateModified\":\"2014-01-10T05:38:08+01:00\"},{\"@type\":\"WebSite\",\"@id\":\"https:\\\/\\\/eldigitaldeasturias.com\\\/magazine365\\\/#website\",\"url\":\"https:\\\/\\\/eldigitaldeasturias.com\\\/magazine365\\\/\",\"name\":\"El Digital de Asturias\",\"description\":\"Revista de ocio, turismo y estilo de vida\",\"inLanguage\":\"es-ES\",\"publisher\":{\"@id\":\"https:\\\/\\\/eldigitaldeasturias.com\\\/magazine365\\\/#organization\"}}]}\n\t\t<\/script>\n\t\t<!-- All in One SEO Pro -->\r\n\t\t<title>La segunda edici\u00f3n de \u00abMasterChef\u00bb comienza a cocinarse | El Digital de Asturias<\/title>\n\n","aioseo_head_json":{"title":"La segunda edici\u00f3n de \u00abMasterChef\u00bb comienza a cocinarse | El Digital de Asturias","description":"Bilbao, 9 ene (EFE).- El \"casting\" para la segunda temporada del concurso de cocina televisivo \"MasterChef\" ha comenzado hoy en el Palacio Euskalduna de Bilbao, al que se han presentado los primeros cien aspirantes para ser el mejor cocinero aficionado de Espa\u00f1a. El proceso de selecci\u00f3n para participar en el programa de TVE, al que","canonical_url":"https:\/\/eldigitaldeasturias.com\/magazine365\/la-segunda-edicion-de-masterchef-comienza-a-cocinarse\/","robots":"max-image-preview:large","keywords":"noticias y actualidad","webmasterTools":{"google-site-verification":"UA-38556648-1","miscellaneous":""},"schema":{"@context":"https:\/\/schema.org","@graph":[{"@type":"Article","@id":"https:\/\/eldigitaldeasturias.com\/magazine365\/la-segunda-edicion-de-masterchef-comienza-a-cocinarse\/#article","name":"La segunda edici\u00f3n de \u00abMasterChef\u00bb comienza a cocinarse | El Digital de Asturias","headline":"La segunda edici\u00f3n de \u00abMasterChef\u00bb comienza a cocinarse","author":{"@id":"https:\/\/eldigitaldeasturias.com\/magazine365\/author\/admin\/#author"},"publisher":{"@id":"https:\/\/eldigitaldeasturias.com\/magazine365\/#organization"},"image":{"@type":"ImageObject","url":"https:\/\/eldigitaldeasturias.com\/magazine365\/wp-content\/uploads\/2014\/01\/5838290w.jpg","width":800,"height":605},"datePublished":"2014-01-10T05:38:08+01:00","dateModified":"2014-01-10T05:38:08+01:00","inLanguage":"es-ES","mainEntityOfPage":{"@id":"https:\/\/eldigitaldeasturias.com\/magazine365\/la-segunda-edicion-de-masterchef-comienza-a-cocinarse\/#webpage"},"isPartOf":{"@id":"https:\/\/eldigitaldeasturias.com\/magazine365\/la-segunda-edicion-de-masterchef-comienza-a-cocinarse\/#webpage"},"articleSection":"Noticias y Actualidad"},{"@type":"BreadcrumbList","@id":"https:\/\/eldigitaldeasturias.com\/magazine365\/la-segunda-edicion-de-masterchef-comienza-a-cocinarse\/#breadcrumblist","itemListElement":[{"@type":"ListItem","@id":"https:\/\/eldigitaldeasturias.com\/magazine365#listItem","position":1,"name":"Home","item":"https:\/\/eldigitaldeasturias.com\/magazine365","nextItem":{"@type":"ListItem","@id":"https:\/\/eldigitaldeasturias.com\/magazine365\/category\/noticias-actualidad\/#listItem","name":"Noticias y Actualidad"}},{"@type":"ListItem","@id":"https:\/\/eldigitaldeasturias.com\/magazine365\/category\/noticias-actualidad\/#listItem","position":2,"name":"Noticias y Actualidad","item":"https:\/\/eldigitaldeasturias.com\/magazine365\/category\/noticias-actualidad\/","nextItem":{"@type":"ListItem","@id":"https:\/\/eldigitaldeasturias.com\/magazine365\/la-segunda-edicion-de-masterchef-comienza-a-cocinarse\/#listItem","name":"La segunda edici\u00f3n de \u00abMasterChef\u00bb comienza a cocinarse"},"previousItem":{"@type":"ListItem","@id":"https:\/\/eldigitaldeasturias.com\/magazine365#listItem","name":"Home"}},{"@type":"ListItem","@id":"https:\/\/eldigitaldeasturias.com\/magazine365\/la-segunda-edicion-de-masterchef-comienza-a-cocinarse\/#listItem","position":3,"name":"La segunda edici\u00f3n de \u00abMasterChef\u00bb comienza a cocinarse","previousItem":{"@type":"ListItem","@id":"https:\/\/eldigitaldeasturias.com\/magazine365\/category\/noticias-actualidad\/#listItem","name":"Noticias y Actualidad"}}]},{"@type":"Organization","@id":"https:\/\/eldigitaldeasturias.com\/magazine365\/#organization","name":"El digital de Asturias","description":"Revista de ocio, turismo y estilo de vida","url":"https:\/\/eldigitaldeasturias.com\/magazine365\/","logo":{"@type":"ImageObject","url":"https:\/\/www.eldigitaldeasturias.com\/noticias\/wp-content\/uploads\/2020\/12\/EDA.jpg","@id":"https:\/\/eldigitaldeasturias.com\/magazine365\/la-segunda-edicion-de-masterchef-comienza-a-cocinarse\/#organizationLogo"},"image":{"@id":"https:\/\/eldigitaldeasturias.com\/magazine365\/la-segunda-edicion-de-masterchef-comienza-a-cocinarse\/#organizationLogo"}},{"@type":"Person","@id":"https:\/\/eldigitaldeasturias.com\/magazine365\/author\/admin\/#author","url":"https:\/\/eldigitaldeasturias.com\/magazine365\/author\/admin\/","name":"admin","image":{"@type":"ImageObject","@id":"https:\/\/eldigitaldeasturias.com\/magazine365\/la-segunda-edicion-de-masterchef-comienza-a-cocinarse\/#authorImage","url":"https:\/\/eldigitaldeasturias.com\/magazine365\/wp-content\/litespeed\/avatar\/e571bcf59a0edd6fa6838245a470f2fe.jpg?ver=1776969259","width":96,"height":96,"caption":"admin"}},{"@type":"WebPage","@id":"https:\/\/eldigitaldeasturias.com\/magazine365\/la-segunda-edicion-de-masterchef-comienza-a-cocinarse\/#webpage","url":"https:\/\/eldigitaldeasturias.com\/magazine365\/la-segunda-edicion-de-masterchef-comienza-a-cocinarse\/","name":"La segunda edici\u00f3n de \u00abMasterChef\u00bb comienza a cocinarse | El Digital de Asturias","description":"Bilbao, 9 ene (EFE).- El \"casting\" para la segunda temporada del concurso de cocina televisivo \"MasterChef\" ha comenzado hoy en el Palacio Euskalduna de Bilbao, al que se han presentado los primeros cien aspirantes para ser el mejor cocinero aficionado de Espa\u00f1a. El proceso de selecci\u00f3n para participar en el programa de TVE, al que","inLanguage":"es-ES","isPartOf":{"@id":"https:\/\/eldigitaldeasturias.com\/magazine365\/#website"},"breadcrumb":{"@id":"https:\/\/eldigitaldeasturias.com\/magazine365\/la-segunda-edicion-de-masterchef-comienza-a-cocinarse\/#breadcrumblist"},"author":{"@id":"https:\/\/eldigitaldeasturias.com\/magazine365\/author\/admin\/#author"},"creator":{"@id":"https:\/\/eldigitaldeasturias.com\/magazine365\/author\/admin\/#author"},"image":{"@type":"ImageObject","url":"https:\/\/eldigitaldeasturias.com\/magazine365\/wp-content\/uploads\/2014\/01\/5838290w.jpg","@id":"https:\/\/eldigitaldeasturias.com\/magazine365\/la-segunda-edicion-de-masterchef-comienza-a-cocinarse\/#mainImage","width":800,"height":605},"primaryImageOfPage":{"@id":"https:\/\/eldigitaldeasturias.com\/magazine365\/la-segunda-edicion-de-masterchef-comienza-a-cocinarse\/#mainImage"},"datePublished":"2014-01-10T05:38:08+01:00","dateModified":"2014-01-10T05:38:08+01:00"},{"@type":"WebSite","@id":"https:\/\/eldigitaldeasturias.com\/magazine365\/#website","url":"https:\/\/eldigitaldeasturias.com\/magazine365\/","name":"El Digital de Asturias","description":"Revista de ocio, turismo y estilo de vida","inLanguage":"es-ES","publisher":{"@id":"https:\/\/eldigitaldeasturias.com\/magazine365\/#organization"}}]},"og:locale":"es_ES","og:site_name":"El Digital de Asturias \u2013 Revista de ocio, turismo y estilo de vida","og:type":"article","og:title":"La segunda edici\u00f3n de \u00abMasterChef\u00bb comienza a cocinarse | El Digital de Asturias","og:description":"Bilbao, 9 ene (EFE).- El &quot;casting&quot; para la segunda temporada del concurso de cocina televisivo &quot;MasterChef&quot; ha comenzado hoy en el Palacio Euskalduna de Bilbao, al que se han presentado los primeros cien aspirantes para ser el mejor cocinero aficionado de Espa\u00f1a. El proceso de selecci\u00f3n para participar en el programa de TVE, al que","og:url":"https:\/\/eldigitaldeasturias.com\/magazine365\/la-segunda-edicion-de-masterchef-comienza-a-cocinarse\/","og:image":"https:\/\/eldigitaldeasturias.com\/magazine365\/wp-content\/uploads\/2014\/01\/5838290w.jpg","og:image:secure_url":"https:\/\/eldigitaldeasturias.com\/magazine365\/wp-content\/uploads\/2014\/01\/5838290w.jpg","og:image:width":800,"og:image:height":605,"article:published_time":"2014-01-10T06:38:08+00:00","article:modified_time":"2014-01-10T06:38:08+00:00","twitter:card":"summary_large_image","twitter:title":"La segunda edici\u00f3n de \u00abMasterChef\u00bb comienza a cocinarse | El Digital de Asturias","twitter:description":"Bilbao, 9 ene (EFE).- El &quot;casting&quot; para la segunda temporada del concurso de cocina televisivo &quot;MasterChef&quot; ha comenzado hoy en el Palacio Euskalduna de Bilbao, al que se han presentado los primeros cien aspirantes para ser el mejor cocinero aficionado de Espa\u00f1a. El proceso de selecci\u00f3n para participar en el programa de TVE, al que","twitter:image":"https:\/\/eldigitaldeasturias.com\/magazine365\/wp-content\/uploads\/2014\/01\/5838290w.jpg"},"aioseo_meta_data":{"post_id":"567","title":null,"description":null,"keywords":null,"keyphrases":null,"primary_term":null,"canonical_url":null,"og_title":null,"og_description":null,"og_object_type":"default","og_image_type":"default","og_image_url":null,"og_image_width":null,"og_image_height":null,"og_image_custom_url":null,"og_image_custom_fields":null,"og_video":null,"og_custom_url":null,"og_article_section":null,"og_article_tags":null,"twitter_use_og":false,"twitter_card":"default","twitter_image_type":"default","twitter_image_url":null,"twitter_image_custom_url":null,"twitter_image_custom_fields":null,"twitter_title":null,"twitter_description":null,"schema":{"blockGraphs":[],"customGraphs":[],"default":{"data":{"Article":[],"Course":[],"Dataset":[],"FAQPage":[],"Movie":[],"Person":[],"Product":[],"ProductReview":[],"Car":[],"Recipe":[],"Service":[],"SoftwareApplication":[],"WebPage":[]},"graphName":"","isEnabled":true},"graphs":[],"defaultGraph":"","defaultPostTypeGraph":""},"schema_type":null,"schema_type_options":null,"pillar_content":false,"robots_default":true,"robots_noindex":false,"robots_noarchive":false,"robots_nosnippet":false,"robots_nofollow":false,"robots_noimageindex":false,"robots_noodp":false,"robots_notranslate":false,"robots_max_snippet":null,"robots_max_videopreview":null,"robots_max_imagepreview":"large","priority":null,"frequency":null,"location":null,"local_seo":null,"seo_analyzer_scan_date":"2025-09-16 07:47:57","breadcrumb_settings":null,"limit_modified_date":false,"open_ai":null,"ai":null,"created":"2020-12-21 13:33:30","updated":"2025-09-16 07:47:57"},"aioseo_breadcrumb":"<div class=\"aioseo-breadcrumbs\"><span class=\"aioseo-breadcrumb\">\n\t<a href=\"https:\/\/eldigitaldeasturias.com\/magazine365\" title=\"Home\">Home<\/a>\n<\/span><span class=\"aioseo-breadcrumb-separator\">\u2013<\/span><span class=\"aioseo-breadcrumb\">\n\t<a href=\"https:\/\/eldigitaldeasturias.com\/magazine365\/category\/noticias-actualidad\/\" title=\"Noticias y Actualidad\">Noticias y Actualidad<\/a>\n<\/span><span class=\"aioseo-breadcrumb-separator\">\u2013<\/span><span class=\"aioseo-breadcrumb\">\n\t<a href=\"https:\/\/eldigitaldeasturias.com\/magazine365\/la-segunda-edicion-de-masterchef-comienza-a-cocinarse\/\" title=\"La segunda edici\u00f3n de \u00abMasterChef\u00bb comienza a cocinarse\">La segunda edici\u00f3n de \u00abMasterChef\u00bb comienza a cocinarse<\/a>\n<\/span><\/div>","aioseo_breadcrumb_json":[{"label":"Home","link":"https:\/\/eldigitaldeasturias.com\/magazine365"},{"label":"Noticias y Actualidad","link":"https:\/\/eldigitaldeasturias.com\/magazine365\/category\/noticias-actualidad\/"},{"label":"La segunda edici\u00f3n de \u00abMasterChef\u00bb comienza a cocinarse","link":"https:\/\/eldigitaldeasturias.com\/magazine365\/la-segunda-edicion-de-masterchef-comienza-a-cocinarse\/"}],"_links":{"self":[{"href":"https:\/\/eldigitaldeasturias.com\/magazine365\/wp-json\/wp\/v2\/posts\/567","targetHints":{"allow":["GET"]}}],"collection":[{"href":"https:\/\/eldigitaldeasturias.com\/magazine365\/wp-json\/wp\/v2\/posts"}],"about":[{"href":"https:\/\/eldigitaldeasturias.com\/magazine365\/wp-json\/wp\/v2\/types\/post"}],"author":[{"embeddable":true,"href":"https:\/\/eldigitaldeasturias.com\/magazine365\/wp-json\/wp\/v2\/users\/1"}],"replies":[{"embeddable":true,"href":"https:\/\/eldigitaldeasturias.com\/magazine365\/wp-json\/wp\/v2\/comments?post=567"}],"version-history":[{"count":0,"href":"https:\/\/eldigitaldeasturias.com\/magazine365\/wp-json\/wp\/v2\/posts\/567\/revisions"}],"wp:featuredmedia":[{"embeddable":true,"href":"https:\/\/eldigitaldeasturias.com\/magazine365\/wp-json\/wp\/v2\/media\/568"}],"wp:attachment":[{"href":"https:\/\/eldigitaldeasturias.com\/magazine365\/wp-json\/wp\/v2\/media?parent=567"}],"wp:term":[{"taxonomy":"category","embeddable":true,"href":"https:\/\/eldigitaldeasturias.com\/magazine365\/wp-json\/wp\/v2\/categories?post=567"},{"taxonomy":"post_tag","embeddable":true,"href":"https:\/\/eldigitaldeasturias.com\/magazine365\/wp-json\/wp\/v2\/tags?post=567"}],"curies":[{"name":"wp","href":"https:\/\/api.w.org\/{rel}","templated":true}]}}