{"id":56651,"date":"2015-11-26T08:32:11","date_gmt":"2015-11-26T07:32:11","guid":{"rendered":"http:\/\/eldigitaldeasturias.com\/magazine365\/?p=56651"},"modified":"2015-11-26T08:32:11","modified_gmt":"2015-11-26T07:32:11","slug":"hoteleras-y-aerolineas-cierran-en-numeros-rojos-ante-el-posible-frenazo-del-turismo-por-la-alerta-terrorista","status":"publish","type":"post","link":"https:\/\/eldigitaldeasturias.com\/magazine365\/hoteleras-y-aerolineas-cierran-en-numeros-rojos-ante-el-posible-frenazo-del-turismo-por-la-alerta-terrorista\/","title":{"rendered":"Hoteleras y aerol\u00edneas cierran en &#8216;n\u00fameros rojos&#8217; ante el posible frenazo del turismo por la alerta terrorista"},"content":{"rendered":"<p><img fetchpriority=\"high\" decoding=\"async\" class=\"alignleft size-medium wp-image-56652\" src=\"https:\/\/eldigitaldeasturias.com\/magazine365\/wp-content\/uploads\/2015\/11\/fotonoticia_20151124183740_800-360x240.jpg\" alt=\"fotonoticia_20151124183740_800\" width=\"360\" height=\"240\" srcset=\"https:\/\/eldigitaldeasturias.com\/magazine365\/wp-content\/uploads\/2015\/11\/fotonoticia_20151124183740_800-360x240.jpg 360w, https:\/\/eldigitaldeasturias.com\/magazine365\/wp-content\/uploads\/2015\/11\/fotonoticia_20151124183740_800-650x434.jpg 650w, https:\/\/eldigitaldeasturias.com\/magazine365\/wp-content\/uploads\/2015\/11\/fotonoticia_20151124183740_800-768x513.jpg 768w, https:\/\/eldigitaldeasturias.com\/magazine365\/wp-content\/uploads\/2015\/11\/fotonoticia_20151124183740_800-150x100.jpg 150w, https:\/\/eldigitaldeasturias.com\/magazine365\/wp-content\/uploads\/2015\/11\/fotonoticia_20151124183740_800-450x300.jpg 450w, https:\/\/eldigitaldeasturias.com\/magazine365\/wp-content\/uploads\/2015\/11\/fotonoticia_20151124183740_800-696x465.jpg 696w, https:\/\/eldigitaldeasturias.com\/magazine365\/wp-content\/uploads\/2015\/11\/fotonoticia_20151124183740_800-629x420.jpg 629w, https:\/\/eldigitaldeasturias.com\/magazine365\/wp-content\/uploads\/2015\/11\/fotonoticia_20151124183740_800-84x55.jpg 84w, https:\/\/eldigitaldeasturias.com\/magazine365\/wp-content\/uploads\/2015\/11\/fotonoticia_20151124183740_800.jpg 800w\" sizes=\"(max-width: 360px) 100vw, 360px\" \/>Las aerol\u00edneas y compa\u00f1\u00edas hoteleras que cotizan en la Bolsa espa\u00f1ola han cerrado la sesi\u00f3n de este martes con importantes ca\u00eddas debido al temor de que la actividad tur\u00edstica se ralentice ante la alerta terrorista y el aumento de los riesgos geopol\u00edticos de las \u00faltimas horas.<\/p>\n<p>IAG, por su parte, se ha convertido en el &#8216;farolillo rojo&#8217; del Ibex con un recorte del 3,6%, hasta los 7,803%, cuando el selectivo se ha dejado un 0,68%. Aena ha perdido un 3,05% y Amadeus un 2,33%.<\/p>\n<p>En el Mercado Continuo, NH Hotel Group y Meli\u00e1 han sido los valores m\u00e1s afectados, con descensos del 4,038% y del 3,02%, respectivamente. Tambi\u00e9n se ha visto lastrada dentro del Mercado Continuo Airbus Group, que ha cedido un 1,95%, hasta los 65,3 euros.<\/p>\n<p>A partir de las 10.00 horas, las principales bolsas europeas han comenzado a caer tras conocerse el derribo de un caza ruso por parte de Turqu\u00eda, un recorte que se ha ampliado horas despu\u00e9s tras la reacci\u00f3n del presidente ruso, Vladimir Putin, que ha visto en la acci\u00f3n turca una \u00abpu\u00f1alada por la espalda\u00bb de \u00abc\u00f3mplices\u00bb de terroristas.<\/p>\n<p>Al mismo tiempo, se han ampliado las alertas en Nueva York y Bruselas, mientras Par\u00eds ha cerrado varias estaciones de metro por seguridad. Todo esto ha provocado el cierre a la baja de las principales compa\u00f1\u00edas relacionadas con el sector tur\u00edstico ante el temor de un frenazo en la actividad en plena campa\u00f1a de navidad.<\/p>\n<p>REPUNTES DEL P\u00c1NICO \u00abEF\u00cdMEROS\u00bb.<\/p>\n<p>\u00abLa alerta terrorista sigue siendo elevada a ambos lados del Atl\u00e1ntico, hecho que se ha vuelto m\u00e1s visible con los dispositivos desplegados en Nueva York y Bruselas\u00bb, ha se\u00f1alado el estratega de mercados de IG Daniel Pingarr\u00f3n, quien ha recordado que, en general, \u00ablos repuntes del p\u00e1nico est\u00e1n teniendo un car\u00e1cter muy ef\u00edmero\u00bb.<\/p>\n<p>\u00abHemos vuelto a tener el patr\u00f3n de comportamiento de este tipo de d\u00edas: los sectores relacionados con el turismo han sido los m\u00e1s bajistas, el petr\u00f3leo est\u00e1 subiendo con claridad desde ayer, favoreciendo a las empresas relacionadas, y activos con valor refugio, como el Oro, repuntan levemente\u00bb, ha a\u00f1adido.<\/p>\n<p>Por su parte, el analista de Self Bank Felipe L\u00f3pez G\u00e1lvez ha insistido en que el aumento de la tensi\u00f3n geopol\u00edtica ha afectado especialmente al sector tur\u00edstico: hoteleras, touroperadores y gestores aeroportuarios y ha subrayado que en el caso de las aerol\u00edneas, a esta incertidumbre se le ha unido el rebote de los precios del crudo.<\/p>\n","protected":false},"excerpt":{"rendered":"<p>Las aerol\u00edneas y compa\u00f1\u00edas hoteleras que cotizan en la Bolsa espa\u00f1ola han cerrado la sesi\u00f3n de este martes con importantes ca\u00eddas debido al temor de que la actividad tur\u00edstica se ralentice ante la alerta terrorista y el aumento de los riesgos geopol\u00edticos de las \u00faltimas horas. IAG, por su parte, se ha convertido en el<\/p>\n","protected":false},"author":1,"featured_media":56652,"comment_status":"open","ping_status":"closed","sticky":false,"template":"","format":"standard","meta":{"footnotes":""},"categories":[224],"tags":[],"class_list":{"0":"post-56651","1":"post","2":"type-post","3":"status-publish","4":"format-standard","5":"has-post-thumbnail","7":"category-noticias-actualidad"},"aioseo_notices":[],"aioseo_head":"\n\t\t<!-- All in One SEO Pro 4.9.6.1 - aioseo.com -->\n\t<meta name=\"description\" content=\"Las aerol\u00edneas y compa\u00f1\u00edas hoteleras que cotizan en la Bolsa espa\u00f1ola han cerrado la sesi\u00f3n de este martes con importantes ca\u00eddas debido al temor de que la actividad tur\u00edstica se ralentice ante la alerta terrorista y el aumento de los riesgos geopol\u00edticos de las \u00faltimas horas. IAG, por su parte, se ha convertido en el\" \/>\n\t<meta name=\"robots\" content=\"max-image-preview:large\" \/>\n\t<meta name=\"author\" content=\"admin\"\/>\n\t<meta name=\"google-site-verification\" content=\"UA-38556648-1\" \/>\n\t<meta name=\"keywords\" content=\"noticias y actualidad\" \/>\n\t<link rel=\"canonical\" href=\"https:\/\/eldigitaldeasturias.com\/magazine365\/hoteleras-y-aerolineas-cierran-en-numeros-rojos-ante-el-posible-frenazo-del-turismo-por-la-alerta-terrorista\/\" \/>\n\t<meta name=\"generator\" content=\"All in One SEO Pro (AIOSEO) 4.9.6.1\" \/>\n\t\t<meta property=\"og:locale\" content=\"es_ES\" \/>\n\t\t<meta property=\"og:site_name\" content=\"El Digital de Asturias \u2013 Revista de ocio, turismo y estilo de vida\" \/>\n\t\t<meta property=\"og:type\" content=\"article\" \/>\n\t\t<meta property=\"og:title\" content=\"Hoteleras y aerol\u00edneas cierran en \u2018n\u00fameros rojos\u2019 ante el posible frenazo del turismo por la alerta terrorista | El Digital de Asturias\" \/>\n\t\t<meta property=\"og:description\" content=\"Las aerol\u00edneas y compa\u00f1\u00edas hoteleras que cotizan en la Bolsa espa\u00f1ola han cerrado la sesi\u00f3n de este martes con importantes ca\u00eddas debido al temor de que la actividad tur\u00edstica se ralentice ante la alerta terrorista y el aumento de los riesgos geopol\u00edticos de las \u00faltimas horas. IAG, por su parte, se ha convertido en el\" \/>\n\t\t<meta property=\"og:url\" content=\"https:\/\/eldigitaldeasturias.com\/magazine365\/hoteleras-y-aerolineas-cierran-en-numeros-rojos-ante-el-posible-frenazo-del-turismo-por-la-alerta-terrorista\/\" \/>\n\t\t<meta property=\"og:image\" content=\"https:\/\/eldigitaldeasturias.com\/magazine365\/wp-content\/uploads\/2015\/11\/fotonoticia_20151124183740_800.jpg\" \/>\n\t\t<meta property=\"og:image:secure_url\" content=\"https:\/\/eldigitaldeasturias.com\/magazine365\/wp-content\/uploads\/2015\/11\/fotonoticia_20151124183740_800.jpg\" \/>\n\t\t<meta property=\"og:image:width\" content=\"800\" \/>\n\t\t<meta property=\"og:image:height\" content=\"534\" \/>\n\t\t<meta property=\"article:published_time\" content=\"2015-11-26T07:32:11+00:00\" \/>\n\t\t<meta property=\"article:modified_time\" content=\"2015-11-26T07:32:11+00:00\" \/>\n\t\t<meta name=\"twitter:card\" content=\"summary_large_image\" \/>\n\t\t<meta name=\"twitter:title\" content=\"Hoteleras y aerol\u00edneas cierran en \u2018n\u00fameros rojos\u2019 ante el posible frenazo del turismo por la alerta terrorista | El Digital de Asturias\" \/>\n\t\t<meta name=\"twitter:description\" content=\"Las aerol\u00edneas y compa\u00f1\u00edas hoteleras que cotizan en la Bolsa espa\u00f1ola han cerrado la sesi\u00f3n de este martes con importantes ca\u00eddas debido al temor de que la actividad tur\u00edstica se ralentice ante la alerta terrorista y el aumento de los riesgos geopol\u00edticos de las \u00faltimas horas. IAG, por su parte, se ha convertido en el\" \/>\n\t\t<meta name=\"twitter:image\" content=\"https:\/\/eldigitaldeasturias.com\/magazine365\/wp-content\/uploads\/2015\/11\/fotonoticia_20151124183740_800.jpg\" \/>\n\t\t<script type=\"application\/ld+json\" class=\"aioseo-schema\">\n\t\t\t{\"@context\":\"https:\\\/\\\/schema.org\",\"@graph\":[{\"@type\":\"Article\",\"@id\":\"https:\\\/\\\/eldigitaldeasturias.com\\\/magazine365\\\/hoteleras-y-aerolineas-cierran-en-numeros-rojos-ante-el-posible-frenazo-del-turismo-por-la-alerta-terrorista\\\/#article\",\"name\":\"Hoteleras y aerol\\u00edneas cierran en \\u2018n\\u00fameros rojos\\u2019 ante el posible frenazo del turismo por la alerta terrorista | El Digital de Asturias\",\"headline\":\"Hoteleras y aerol\\u00edneas cierran en &#8216;n\\u00fameros rojos&#8217; ante el posible frenazo del turismo por la alerta terrorista\",\"author\":{\"@id\":\"https:\\\/\\\/eldigitaldeasturias.com\\\/magazine365\\\/author\\\/admin\\\/#author\"},\"publisher\":{\"@id\":\"https:\\\/\\\/eldigitaldeasturias.com\\\/magazine365\\\/#organization\"},\"image\":{\"@type\":\"ImageObject\",\"url\":\"https:\\\/\\\/eldigitaldeasturias.com\\\/magazine365\\\/wp-content\\\/uploads\\\/2015\\\/11\\\/fotonoticia_20151124183740_800.jpg\",\"width\":800,\"height\":534},\"datePublished\":\"2015-11-26T08:32:11+01:00\",\"dateModified\":\"2015-11-26T08:32:11+01:00\",\"inLanguage\":\"es-ES\",\"mainEntityOfPage\":{\"@id\":\"https:\\\/\\\/eldigitaldeasturias.com\\\/magazine365\\\/hoteleras-y-aerolineas-cierran-en-numeros-rojos-ante-el-posible-frenazo-del-turismo-por-la-alerta-terrorista\\\/#webpage\"},\"isPartOf\":{\"@id\":\"https:\\\/\\\/eldigitaldeasturias.com\\\/magazine365\\\/hoteleras-y-aerolineas-cierran-en-numeros-rojos-ante-el-posible-frenazo-del-turismo-por-la-alerta-terrorista\\\/#webpage\"},\"articleSection\":\"Noticias y Actualidad\"},{\"@type\":\"BreadcrumbList\",\"@id\":\"https:\\\/\\\/eldigitaldeasturias.com\\\/magazine365\\\/hoteleras-y-aerolineas-cierran-en-numeros-rojos-ante-el-posible-frenazo-del-turismo-por-la-alerta-terrorista\\\/#breadcrumblist\",\"itemListElement\":[{\"@type\":\"ListItem\",\"@id\":\"https:\\\/\\\/eldigitaldeasturias.com\\\/magazine365#listItem\",\"position\":1,\"name\":\"Home\",\"item\":\"https:\\\/\\\/eldigitaldeasturias.com\\\/magazine365\",\"nextItem\":{\"@type\":\"ListItem\",\"@id\":\"https:\\\/\\\/eldigitaldeasturias.com\\\/magazine365\\\/category\\\/noticias-actualidad\\\/#listItem\",\"name\":\"Noticias y Actualidad\"}},{\"@type\":\"ListItem\",\"@id\":\"https:\\\/\\\/eldigitaldeasturias.com\\\/magazine365\\\/category\\\/noticias-actualidad\\\/#listItem\",\"position\":2,\"name\":\"Noticias y Actualidad\",\"item\":\"https:\\\/\\\/eldigitaldeasturias.com\\\/magazine365\\\/category\\\/noticias-actualidad\\\/\",\"nextItem\":{\"@type\":\"ListItem\",\"@id\":\"https:\\\/\\\/eldigitaldeasturias.com\\\/magazine365\\\/hoteleras-y-aerolineas-cierran-en-numeros-rojos-ante-el-posible-frenazo-del-turismo-por-la-alerta-terrorista\\\/#listItem\",\"name\":\"Hoteleras y aerol\\u00edneas cierran en &#8216;n\\u00fameros rojos&#8217; ante el posible frenazo del turismo por la alerta terrorista\"},\"previousItem\":{\"@type\":\"ListItem\",\"@id\":\"https:\\\/\\\/eldigitaldeasturias.com\\\/magazine365#listItem\",\"name\":\"Home\"}},{\"@type\":\"ListItem\",\"@id\":\"https:\\\/\\\/eldigitaldeasturias.com\\\/magazine365\\\/hoteleras-y-aerolineas-cierran-en-numeros-rojos-ante-el-posible-frenazo-del-turismo-por-la-alerta-terrorista\\\/#listItem\",\"position\":3,\"name\":\"Hoteleras y aerol\\u00edneas cierran en &#8216;n\\u00fameros rojos&#8217; ante el posible frenazo del turismo por la alerta terrorista\",\"previousItem\":{\"@type\":\"ListItem\",\"@id\":\"https:\\\/\\\/eldigitaldeasturias.com\\\/magazine365\\\/category\\\/noticias-actualidad\\\/#listItem\",\"name\":\"Noticias y Actualidad\"}}]},{\"@type\":\"Organization\",\"@id\":\"https:\\\/\\\/eldigitaldeasturias.com\\\/magazine365\\\/#organization\",\"name\":\"El digital de Asturias\",\"description\":\"Revista de ocio, turismo y estilo de vida\",\"url\":\"https:\\\/\\\/eldigitaldeasturias.com\\\/magazine365\\\/\",\"logo\":{\"@type\":\"ImageObject\",\"url\":\"https:\\\/\\\/www.eldigitaldeasturias.com\\\/noticias\\\/wp-content\\\/uploads\\\/2020\\\/12\\\/EDA.jpg\",\"@id\":\"https:\\\/\\\/eldigitaldeasturias.com\\\/magazine365\\\/hoteleras-y-aerolineas-cierran-en-numeros-rojos-ante-el-posible-frenazo-del-turismo-por-la-alerta-terrorista\\\/#organizationLogo\"},\"image\":{\"@id\":\"https:\\\/\\\/eldigitaldeasturias.com\\\/magazine365\\\/hoteleras-y-aerolineas-cierran-en-numeros-rojos-ante-el-posible-frenazo-del-turismo-por-la-alerta-terrorista\\\/#organizationLogo\"}},{\"@type\":\"Person\",\"@id\":\"https:\\\/\\\/eldigitaldeasturias.com\\\/magazine365\\\/author\\\/admin\\\/#author\",\"url\":\"https:\\\/\\\/eldigitaldeasturias.com\\\/magazine365\\\/author\\\/admin\\\/\",\"name\":\"admin\",\"image\":{\"@type\":\"ImageObject\",\"@id\":\"https:\\\/\\\/eldigitaldeasturias.com\\\/magazine365\\\/hoteleras-y-aerolineas-cierran-en-numeros-rojos-ante-el-posible-frenazo-del-turismo-por-la-alerta-terrorista\\\/#authorImage\",\"url\":\"https:\\\/\\\/eldigitaldeasturias.com\\\/magazine365\\\/wp-content\\\/litespeed\\\/avatar\\\/e571bcf59a0edd6fa6838245a470f2fe.jpg?ver=1777574230\",\"width\":96,\"height\":96,\"caption\":\"admin\"}},{\"@type\":\"WebPage\",\"@id\":\"https:\\\/\\\/eldigitaldeasturias.com\\\/magazine365\\\/hoteleras-y-aerolineas-cierran-en-numeros-rojos-ante-el-posible-frenazo-del-turismo-por-la-alerta-terrorista\\\/#webpage\",\"url\":\"https:\\\/\\\/eldigitaldeasturias.com\\\/magazine365\\\/hoteleras-y-aerolineas-cierran-en-numeros-rojos-ante-el-posible-frenazo-del-turismo-por-la-alerta-terrorista\\\/\",\"name\":\"Hoteleras y aerol\\u00edneas cierran en \\u2018n\\u00fameros rojos\\u2019 ante el posible frenazo del turismo por la alerta terrorista | El Digital de Asturias\",\"description\":\"Las aerol\\u00edneas y compa\\u00f1\\u00edas hoteleras que cotizan en la Bolsa espa\\u00f1ola han cerrado la sesi\\u00f3n de este martes con importantes ca\\u00eddas debido al temor de que la actividad tur\\u00edstica se ralentice ante la alerta terrorista y el aumento de los riesgos geopol\\u00edticos de las \\u00faltimas horas. IAG, por su parte, se ha convertido en el\",\"inLanguage\":\"es-ES\",\"isPartOf\":{\"@id\":\"https:\\\/\\\/eldigitaldeasturias.com\\\/magazine365\\\/#website\"},\"breadcrumb\":{\"@id\":\"https:\\\/\\\/eldigitaldeasturias.com\\\/magazine365\\\/hoteleras-y-aerolineas-cierran-en-numeros-rojos-ante-el-posible-frenazo-del-turismo-por-la-alerta-terrorista\\\/#breadcrumblist\"},\"author\":{\"@id\":\"https:\\\/\\\/eldigitaldeasturias.com\\\/magazine365\\\/author\\\/admin\\\/#author\"},\"creator\":{\"@id\":\"https:\\\/\\\/eldigitaldeasturias.com\\\/magazine365\\\/author\\\/admin\\\/#author\"},\"image\":{\"@type\":\"ImageObject\",\"url\":\"https:\\\/\\\/eldigitaldeasturias.com\\\/magazine365\\\/wp-content\\\/uploads\\\/2015\\\/11\\\/fotonoticia_20151124183740_800.jpg\",\"@id\":\"https:\\\/\\\/eldigitaldeasturias.com\\\/magazine365\\\/hoteleras-y-aerolineas-cierran-en-numeros-rojos-ante-el-posible-frenazo-del-turismo-por-la-alerta-terrorista\\\/#mainImage\",\"width\":800,\"height\":534},\"primaryImageOfPage\":{\"@id\":\"https:\\\/\\\/eldigitaldeasturias.com\\\/magazine365\\\/hoteleras-y-aerolineas-cierran-en-numeros-rojos-ante-el-posible-frenazo-del-turismo-por-la-alerta-terrorista\\\/#mainImage\"},\"datePublished\":\"2015-11-26T08:32:11+01:00\",\"dateModified\":\"2015-11-26T08:32:11+01:00\"},{\"@type\":\"WebSite\",\"@id\":\"https:\\\/\\\/eldigitaldeasturias.com\\\/magazine365\\\/#website\",\"url\":\"https:\\\/\\\/eldigitaldeasturias.com\\\/magazine365\\\/\",\"name\":\"El Digital de Asturias\",\"description\":\"Revista de ocio, turismo y estilo de vida\",\"inLanguage\":\"es-ES\",\"publisher\":{\"@id\":\"https:\\\/\\\/eldigitaldeasturias.com\\\/magazine365\\\/#organization\"}}]}\n\t\t<\/script>\n\t\t<!-- All in One SEO Pro -->\r\n\t\t<title>Hoteleras y aerol\u00edneas cierran en \u2018n\u00fameros rojos\u2019 ante el posible frenazo del turismo por la alerta terrorista | El Digital de Asturias<\/title>\n\n","aioseo_head_json":{"title":"Hoteleras y aerol\u00edneas cierran en \u2018n\u00fameros rojos\u2019 ante el posible frenazo del turismo por la alerta terrorista | El Digital de Asturias","description":"Las aerol\u00edneas y compa\u00f1\u00edas hoteleras que cotizan en la Bolsa espa\u00f1ola han cerrado la sesi\u00f3n de este martes con importantes ca\u00eddas debido al temor de que la actividad tur\u00edstica se ralentice ante la alerta terrorista y el aumento de los riesgos geopol\u00edticos de las \u00faltimas horas. IAG, por su parte, se ha convertido en el","canonical_url":"https:\/\/eldigitaldeasturias.com\/magazine365\/hoteleras-y-aerolineas-cierran-en-numeros-rojos-ante-el-posible-frenazo-del-turismo-por-la-alerta-terrorista\/","robots":"max-image-preview:large","keywords":"noticias y actualidad","webmasterTools":{"google-site-verification":"UA-38556648-1","miscellaneous":""},"schema":{"@context":"https:\/\/schema.org","@graph":[{"@type":"Article","@id":"https:\/\/eldigitaldeasturias.com\/magazine365\/hoteleras-y-aerolineas-cierran-en-numeros-rojos-ante-el-posible-frenazo-del-turismo-por-la-alerta-terrorista\/#article","name":"Hoteleras y aerol\u00edneas cierran en \u2018n\u00fameros rojos\u2019 ante el posible frenazo del turismo por la alerta terrorista | El Digital de Asturias","headline":"Hoteleras y aerol\u00edneas cierran en &#8216;n\u00fameros rojos&#8217; ante el posible frenazo del turismo por la alerta terrorista","author":{"@id":"https:\/\/eldigitaldeasturias.com\/magazine365\/author\/admin\/#author"},"publisher":{"@id":"https:\/\/eldigitaldeasturias.com\/magazine365\/#organization"},"image":{"@type":"ImageObject","url":"https:\/\/eldigitaldeasturias.com\/magazine365\/wp-content\/uploads\/2015\/11\/fotonoticia_20151124183740_800.jpg","width":800,"height":534},"datePublished":"2015-11-26T08:32:11+01:00","dateModified":"2015-11-26T08:32:11+01:00","inLanguage":"es-ES","mainEntityOfPage":{"@id":"https:\/\/eldigitaldeasturias.com\/magazine365\/hoteleras-y-aerolineas-cierran-en-numeros-rojos-ante-el-posible-frenazo-del-turismo-por-la-alerta-terrorista\/#webpage"},"isPartOf":{"@id":"https:\/\/eldigitaldeasturias.com\/magazine365\/hoteleras-y-aerolineas-cierran-en-numeros-rojos-ante-el-posible-frenazo-del-turismo-por-la-alerta-terrorista\/#webpage"},"articleSection":"Noticias y Actualidad"},{"@type":"BreadcrumbList","@id":"https:\/\/eldigitaldeasturias.com\/magazine365\/hoteleras-y-aerolineas-cierran-en-numeros-rojos-ante-el-posible-frenazo-del-turismo-por-la-alerta-terrorista\/#breadcrumblist","itemListElement":[{"@type":"ListItem","@id":"https:\/\/eldigitaldeasturias.com\/magazine365#listItem","position":1,"name":"Home","item":"https:\/\/eldigitaldeasturias.com\/magazine365","nextItem":{"@type":"ListItem","@id":"https:\/\/eldigitaldeasturias.com\/magazine365\/category\/noticias-actualidad\/#listItem","name":"Noticias y Actualidad"}},{"@type":"ListItem","@id":"https:\/\/eldigitaldeasturias.com\/magazine365\/category\/noticias-actualidad\/#listItem","position":2,"name":"Noticias y Actualidad","item":"https:\/\/eldigitaldeasturias.com\/magazine365\/category\/noticias-actualidad\/","nextItem":{"@type":"ListItem","@id":"https:\/\/eldigitaldeasturias.com\/magazine365\/hoteleras-y-aerolineas-cierran-en-numeros-rojos-ante-el-posible-frenazo-del-turismo-por-la-alerta-terrorista\/#listItem","name":"Hoteleras y aerol\u00edneas cierran en &#8216;n\u00fameros rojos&#8217; ante el posible frenazo del turismo por la alerta terrorista"},"previousItem":{"@type":"ListItem","@id":"https:\/\/eldigitaldeasturias.com\/magazine365#listItem","name":"Home"}},{"@type":"ListItem","@id":"https:\/\/eldigitaldeasturias.com\/magazine365\/hoteleras-y-aerolineas-cierran-en-numeros-rojos-ante-el-posible-frenazo-del-turismo-por-la-alerta-terrorista\/#listItem","position":3,"name":"Hoteleras y aerol\u00edneas cierran en &#8216;n\u00fameros rojos&#8217; ante el posible frenazo del turismo por la alerta terrorista","previousItem":{"@type":"ListItem","@id":"https:\/\/eldigitaldeasturias.com\/magazine365\/category\/noticias-actualidad\/#listItem","name":"Noticias y Actualidad"}}]},{"@type":"Organization","@id":"https:\/\/eldigitaldeasturias.com\/magazine365\/#organization","name":"El digital de Asturias","description":"Revista de ocio, turismo y estilo de vida","url":"https:\/\/eldigitaldeasturias.com\/magazine365\/","logo":{"@type":"ImageObject","url":"https:\/\/www.eldigitaldeasturias.com\/noticias\/wp-content\/uploads\/2020\/12\/EDA.jpg","@id":"https:\/\/eldigitaldeasturias.com\/magazine365\/hoteleras-y-aerolineas-cierran-en-numeros-rojos-ante-el-posible-frenazo-del-turismo-por-la-alerta-terrorista\/#organizationLogo"},"image":{"@id":"https:\/\/eldigitaldeasturias.com\/magazine365\/hoteleras-y-aerolineas-cierran-en-numeros-rojos-ante-el-posible-frenazo-del-turismo-por-la-alerta-terrorista\/#organizationLogo"}},{"@type":"Person","@id":"https:\/\/eldigitaldeasturias.com\/magazine365\/author\/admin\/#author","url":"https:\/\/eldigitaldeasturias.com\/magazine365\/author\/admin\/","name":"admin","image":{"@type":"ImageObject","@id":"https:\/\/eldigitaldeasturias.com\/magazine365\/hoteleras-y-aerolineas-cierran-en-numeros-rojos-ante-el-posible-frenazo-del-turismo-por-la-alerta-terrorista\/#authorImage","url":"https:\/\/eldigitaldeasturias.com\/magazine365\/wp-content\/litespeed\/avatar\/e571bcf59a0edd6fa6838245a470f2fe.jpg?ver=1777574230","width":96,"height":96,"caption":"admin"}},{"@type":"WebPage","@id":"https:\/\/eldigitaldeasturias.com\/magazine365\/hoteleras-y-aerolineas-cierran-en-numeros-rojos-ante-el-posible-frenazo-del-turismo-por-la-alerta-terrorista\/#webpage","url":"https:\/\/eldigitaldeasturias.com\/magazine365\/hoteleras-y-aerolineas-cierran-en-numeros-rojos-ante-el-posible-frenazo-del-turismo-por-la-alerta-terrorista\/","name":"Hoteleras y aerol\u00edneas cierran en \u2018n\u00fameros rojos\u2019 ante el posible frenazo del turismo por la alerta terrorista | El Digital de Asturias","description":"Las aerol\u00edneas y compa\u00f1\u00edas hoteleras que cotizan en la Bolsa espa\u00f1ola han cerrado la sesi\u00f3n de este martes con importantes ca\u00eddas debido al temor de que la actividad tur\u00edstica se ralentice ante la alerta terrorista y el aumento de los riesgos geopol\u00edticos de las \u00faltimas horas. IAG, por su parte, se ha convertido en el","inLanguage":"es-ES","isPartOf":{"@id":"https:\/\/eldigitaldeasturias.com\/magazine365\/#website"},"breadcrumb":{"@id":"https:\/\/eldigitaldeasturias.com\/magazine365\/hoteleras-y-aerolineas-cierran-en-numeros-rojos-ante-el-posible-frenazo-del-turismo-por-la-alerta-terrorista\/#breadcrumblist"},"author":{"@id":"https:\/\/eldigitaldeasturias.com\/magazine365\/author\/admin\/#author"},"creator":{"@id":"https:\/\/eldigitaldeasturias.com\/magazine365\/author\/admin\/#author"},"image":{"@type":"ImageObject","url":"https:\/\/eldigitaldeasturias.com\/magazine365\/wp-content\/uploads\/2015\/11\/fotonoticia_20151124183740_800.jpg","@id":"https:\/\/eldigitaldeasturias.com\/magazine365\/hoteleras-y-aerolineas-cierran-en-numeros-rojos-ante-el-posible-frenazo-del-turismo-por-la-alerta-terrorista\/#mainImage","width":800,"height":534},"primaryImageOfPage":{"@id":"https:\/\/eldigitaldeasturias.com\/magazine365\/hoteleras-y-aerolineas-cierran-en-numeros-rojos-ante-el-posible-frenazo-del-turismo-por-la-alerta-terrorista\/#mainImage"},"datePublished":"2015-11-26T08:32:11+01:00","dateModified":"2015-11-26T08:32:11+01:00"},{"@type":"WebSite","@id":"https:\/\/eldigitaldeasturias.com\/magazine365\/#website","url":"https:\/\/eldigitaldeasturias.com\/magazine365\/","name":"El Digital de Asturias","description":"Revista de ocio, turismo y estilo de vida","inLanguage":"es-ES","publisher":{"@id":"https:\/\/eldigitaldeasturias.com\/magazine365\/#organization"}}]},"og:locale":"es_ES","og:site_name":"El Digital de Asturias \u2013 Revista de ocio, turismo y estilo de vida","og:type":"article","og:title":"Hoteleras y aerol\u00edneas cierran en \u2018n\u00fameros rojos\u2019 ante el posible frenazo del turismo por la alerta terrorista | El Digital de Asturias","og:description":"Las aerol\u00edneas y compa\u00f1\u00edas hoteleras que cotizan en la Bolsa espa\u00f1ola han cerrado la sesi\u00f3n de este martes con importantes ca\u00eddas debido al temor de que la actividad tur\u00edstica se ralentice ante la alerta terrorista y el aumento de los riesgos geopol\u00edticos de las \u00faltimas horas. IAG, por su parte, se ha convertido en el","og:url":"https:\/\/eldigitaldeasturias.com\/magazine365\/hoteleras-y-aerolineas-cierran-en-numeros-rojos-ante-el-posible-frenazo-del-turismo-por-la-alerta-terrorista\/","og:image":"https:\/\/eldigitaldeasturias.com\/magazine365\/wp-content\/uploads\/2015\/11\/fotonoticia_20151124183740_800.jpg","og:image:secure_url":"https:\/\/eldigitaldeasturias.com\/magazine365\/wp-content\/uploads\/2015\/11\/fotonoticia_20151124183740_800.jpg","og:image:width":800,"og:image:height":534,"article:published_time":"2015-11-26T07:32:11+00:00","article:modified_time":"2015-11-26T07:32:11+00:00","twitter:card":"summary_large_image","twitter:title":"Hoteleras y aerol\u00edneas cierran en \u2018n\u00fameros rojos\u2019 ante el posible frenazo del turismo por la alerta terrorista | El Digital de Asturias","twitter:description":"Las aerol\u00edneas y compa\u00f1\u00edas hoteleras que cotizan en la Bolsa espa\u00f1ola han cerrado la sesi\u00f3n de este martes con importantes ca\u00eddas debido al temor de que la actividad tur\u00edstica se ralentice ante la alerta terrorista y el aumento de los riesgos geopol\u00edticos de las \u00faltimas horas. IAG, por su parte, se ha convertido en el","twitter:image":"https:\/\/eldigitaldeasturias.com\/magazine365\/wp-content\/uploads\/2015\/11\/fotonoticia_20151124183740_800.jpg"},"aioseo_meta_data":{"post_id":"56651","title":null,"description":null,"keywords":null,"keyphrases":null,"primary_term":null,"canonical_url":null,"og_title":null,"og_description":null,"og_object_type":"default","og_image_type":"default","og_image_url":null,"og_image_width":null,"og_image_height":null,"og_image_custom_url":null,"og_image_custom_fields":null,"og_video":null,"og_custom_url":null,"og_article_section":null,"og_article_tags":null,"twitter_use_og":false,"twitter_card":"default","twitter_image_type":"default","twitter_image_url":null,"twitter_image_custom_url":null,"twitter_image_custom_fields":null,"twitter_title":null,"twitter_description":null,"schema":{"blockGraphs":[],"customGraphs":[],"default":{"data":{"Article":[],"Course":[],"Dataset":[],"FAQPage":[],"Movie":[],"Person":[],"Product":[],"ProductReview":[],"Car":[],"Recipe":[],"Service":[],"SoftwareApplication":[],"WebPage":[]},"graphName":"","isEnabled":true},"graphs":[],"defaultGraph":"","defaultPostTypeGraph":""},"schema_type":null,"schema_type_options":null,"pillar_content":false,"robots_default":true,"robots_noindex":false,"robots_noarchive":false,"robots_nosnippet":false,"robots_nofollow":false,"robots_noimageindex":false,"robots_noodp":false,"robots_notranslate":false,"robots_max_snippet":null,"robots_max_videopreview":null,"robots_max_imagepreview":"large","priority":null,"frequency":null,"location":null,"local_seo":null,"seo_analyzer_scan_date":"2025-09-24 23:14:02","breadcrumb_settings":null,"limit_modified_date":false,"open_ai":null,"ai":null,"created":"2021-03-08 22:54:15","updated":"2025-09-24 23:14:02"},"aioseo_breadcrumb":"<div class=\"aioseo-breadcrumbs\"><span class=\"aioseo-breadcrumb\">\n\t<a href=\"https:\/\/eldigitaldeasturias.com\/magazine365\" title=\"Home\">Home<\/a>\n<\/span><span class=\"aioseo-breadcrumb-separator\">\u2013<\/span><span class=\"aioseo-breadcrumb\">\n\t<a href=\"https:\/\/eldigitaldeasturias.com\/magazine365\/category\/noticias-actualidad\/\" title=\"Noticias y Actualidad\">Noticias y Actualidad<\/a>\n<\/span><span class=\"aioseo-breadcrumb-separator\">\u2013<\/span><span class=\"aioseo-breadcrumb\">\n\t<a href=\"https:\/\/eldigitaldeasturias.com\/magazine365\/hoteleras-y-aerolineas-cierran-en-numeros-rojos-ante-el-posible-frenazo-del-turismo-por-la-alerta-terrorista\/\" title=\"Hoteleras y aerol\u00edneas cierran en \u2018n\u00fameros rojos\u2019 ante el posible frenazo del turismo por la alerta terrorista\">Hoteleras y aerol\u00edneas cierran en \u2018n\u00fameros rojos\u2019 ante el posible frenazo del turismo por la alerta terrorista<\/a>\n<\/span><\/div>","aioseo_breadcrumb_json":[{"label":"Home","link":"https:\/\/eldigitaldeasturias.com\/magazine365"},{"label":"Noticias y Actualidad","link":"https:\/\/eldigitaldeasturias.com\/magazine365\/category\/noticias-actualidad\/"},{"label":"Hoteleras y aerol\u00edneas cierran en &#8216;n\u00fameros rojos&#8217; ante el posible frenazo del turismo por la alerta terrorista","link":"https:\/\/eldigitaldeasturias.com\/magazine365\/hoteleras-y-aerolineas-cierran-en-numeros-rojos-ante-el-posible-frenazo-del-turismo-por-la-alerta-terrorista\/"}],"_links":{"self":[{"href":"https:\/\/eldigitaldeasturias.com\/magazine365\/wp-json\/wp\/v2\/posts\/56651","targetHints":{"allow":["GET"]}}],"collection":[{"href":"https:\/\/eldigitaldeasturias.com\/magazine365\/wp-json\/wp\/v2\/posts"}],"about":[{"href":"https:\/\/eldigitaldeasturias.com\/magazine365\/wp-json\/wp\/v2\/types\/post"}],"author":[{"embeddable":true,"href":"https:\/\/eldigitaldeasturias.com\/magazine365\/wp-json\/wp\/v2\/users\/1"}],"replies":[{"embeddable":true,"href":"https:\/\/eldigitaldeasturias.com\/magazine365\/wp-json\/wp\/v2\/comments?post=56651"}],"version-history":[{"count":0,"href":"https:\/\/eldigitaldeasturias.com\/magazine365\/wp-json\/wp\/v2\/posts\/56651\/revisions"}],"wp:featuredmedia":[{"embeddable":true,"href":"https:\/\/eldigitaldeasturias.com\/magazine365\/wp-json\/wp\/v2\/media\/56652"}],"wp:attachment":[{"href":"https:\/\/eldigitaldeasturias.com\/magazine365\/wp-json\/wp\/v2\/media?parent=56651"}],"wp:term":[{"taxonomy":"category","embeddable":true,"href":"https:\/\/eldigitaldeasturias.com\/magazine365\/wp-json\/wp\/v2\/categories?post=56651"},{"taxonomy":"post_tag","embeddable":true,"href":"https:\/\/eldigitaldeasturias.com\/magazine365\/wp-json\/wp\/v2\/tags?post=56651"}],"curies":[{"name":"wp","href":"https:\/\/api.w.org\/{rel}","templated":true}]}}