{"id":56600,"date":"2015-11-26T04:24:58","date_gmt":"2015-11-26T03:24:58","guid":{"rendered":"http:\/\/eldigitaldeasturias.com\/magazine365\/?p=56600"},"modified":"2015-11-26T04:24:58","modified_gmt":"2015-11-26T03:24:58","slug":"la-red-de-centros-de-turismo-de-la-comunidad-valenciana-logra-el-reconocimiento-nacional-de-hosteleria-2015","status":"publish","type":"post","link":"https:\/\/eldigitaldeasturias.com\/magazine365\/la-red-de-centros-de-turismo-de-la-comunidad-valenciana-logra-el-reconocimiento-nacional-de-hosteleria-2015\/","title":{"rendered":"La Red de Centros de Turismo de la Comunidad Valenciana logra el reconocimiento nacional de Hosteler\u00eda 2015"},"content":{"rendered":"<p><img fetchpriority=\"high\" decoding=\"async\" class=\"alignleft size-medium wp-image-56601\" src=\"https:\/\/eldigitaldeasturias.com\/magazine365\/wp-content\/uploads\/2015\/11\/fotonoticia_20151124153034_800-360x240.jpg\" alt=\"fotonoticia_20151124153034_800\" width=\"360\" height=\"240\" srcset=\"https:\/\/eldigitaldeasturias.com\/magazine365\/wp-content\/uploads\/2015\/11\/fotonoticia_20151124153034_800-360x240.jpg 360w, https:\/\/eldigitaldeasturias.com\/magazine365\/wp-content\/uploads\/2015\/11\/fotonoticia_20151124153034_800-650x433.jpg 650w, https:\/\/eldigitaldeasturias.com\/magazine365\/wp-content\/uploads\/2015\/11\/fotonoticia_20151124153034_800-768x512.jpg 768w, https:\/\/eldigitaldeasturias.com\/magazine365\/wp-content\/uploads\/2015\/11\/fotonoticia_20151124153034_800-150x100.jpg 150w, https:\/\/eldigitaldeasturias.com\/magazine365\/wp-content\/uploads\/2015\/11\/fotonoticia_20151124153034_800-450x300.jpg 450w, https:\/\/eldigitaldeasturias.com\/magazine365\/wp-content\/uploads\/2015\/11\/fotonoticia_20151124153034_800-696x464.jpg 696w, https:\/\/eldigitaldeasturias.com\/magazine365\/wp-content\/uploads\/2015\/11\/fotonoticia_20151124153034_800-630x420.jpg 630w, https:\/\/eldigitaldeasturias.com\/magazine365\/wp-content\/uploads\/2015\/11\/fotonoticia_20151124153034_800-84x55.jpg 84w, https:\/\/eldigitaldeasturias.com\/magazine365\/wp-content\/uploads\/2015\/11\/fotonoticia_20151124153034_800.jpg 800w\" sizes=\"(max-width: 360px) 100vw, 360px\" \/>La Red de Centros de Turismo (CdT) de la Comunidad Valenciana, gestionada por la Ag\u00e8ncia Valenciana del Turisme, ha obtenido el reconocimiento nacional de Hosteler\u00eda 2015 que reconoce la labor de entidades, empresarios y empresas hosteleras, as\u00ed como su contribuci\u00f3n a \u00abengrandecer la hosteler\u00eda y aportar buenos modelos a seguir\u00bb.<\/p>\n<p>El galard\u00f3n ha sido otorgado por la Federaci\u00f3n Espa\u00f1ola de Hosteler\u00eda (FERH), en colaboraci\u00f3n con la Federaci\u00f3n de Empresarios de Hosteler\u00eda de Valencia (FEHV), seg\u00fan ha indicado la Generalitat en un comunicado. Asimismo, entre los dieciocho premiados de esta edici\u00f3n, se encuentran la empresa Brisamar Grup Betx\u00ed de Castell\u00f3, la empresa Sequer Lo Blanch de Valencia y como entidad, el Ayuntamiento de Valencia.<\/p>\n<p>Al respecto, el secretario auton\u00f3mico de Turisme, Francesc Colomer, que recoger\u00e1 este martes por la tarde el galard\u00f3n en el Palacio de Congresos de Valencia, ha agradecido a la Federaci\u00f3n Nacional de Hosteler\u00eda este reconocimiento, y ha indicado que \u00abes un orgullo para la Generalitat disponer de una Red de formaci\u00f3n tur\u00edstica que tiene como objetivo fundamental la profesionalizaci\u00f3n, capacitaci\u00f3n y reciclaje continuo del sector tur\u00edstico valenciano, ofreciendo una formaci\u00f3n adecuada en par\u00e1metros de calidad y excelencia\u00bb.<\/p>\n<p>A su juicio, con este reconocimiento se reconoce el trabajo diario de la Red de CdT, que imparte al a\u00f1o m\u00e1s de 1.100 cursos con m\u00e1s de 24.500 alumnos y adem\u00e1s \u00abprestigia un subsector, el hotelero, que contribuye a enriquecer nuestro atractivo tur\u00edstico dentro y fuera de Espa\u00f1a\u00bb, ha a\u00f1adido Colomer.<\/p>\n<p>Colomer ha destacado que el objetivo es que \u00abla excelencia\u00bb del modelo tur\u00edstico est\u00e9 \u00abestrechamente ligada al talento y buen hacer de los profesionales que prestan servicios a los millones de turistas que visitan la Comunidad\u00bb por lo que ha remarcado que la formaci\u00f3n y cualificaci\u00f3n de nuestros recursos humanos es clave para mantener la competitividad del destino tur\u00edstico. \u00abNo podemos competir en precios, sino en calidad y la inversi\u00f3n en capital humano es una ventaja competitiva\u00bb, ha agregado.<\/p>\n<p>Adem\u00e1s, el presidente de la Ag\u00e8ncia Valenciana del Turisme ha afirmado que la Red de CdT ofrece actuaciones cada vez \u00abm\u00e1s singulares, especializadas y adaptadas a las demandas formativas, con contenidos m\u00e1s sectoriales y adaptados a los perfiles y puestos de trabajo y abiertos a las demandas y necesidades del sector\u00bb.<\/p>\n","protected":false},"excerpt":{"rendered":"<p>La Red de Centros de Turismo (CdT) de la Comunidad Valenciana, gestionada por la Ag\u00e8ncia Valenciana del Turisme, ha obtenido el reconocimiento nacional de Hosteler\u00eda 2015 que reconoce la labor de entidades, empresarios y empresas hosteleras, as\u00ed como su contribuci\u00f3n a \u00abengrandecer la hosteler\u00eda y aportar buenos modelos a seguir\u00bb. El galard\u00f3n ha sido otorgado<\/p>\n","protected":false},"author":1,"featured_media":56601,"comment_status":"open","ping_status":"closed","sticky":false,"template":"","format":"standard","meta":{"footnotes":""},"categories":[224],"tags":[],"class_list":{"0":"post-56600","1":"post","2":"type-post","3":"status-publish","4":"format-standard","5":"has-post-thumbnail","7":"category-noticias-actualidad"},"aioseo_notices":[],"aioseo_head":"\n\t\t<!-- All in One SEO Pro 4.9.6.1 - aioseo.com -->\n\t<meta name=\"description\" content=\"La Red de Centros de Turismo (CdT) de la Comunidad Valenciana, gestionada por la Ag\u00e8ncia Valenciana del Turisme, ha obtenido el reconocimiento nacional de Hosteler\u00eda 2015 que reconoce la labor de entidades, empresarios y empresas hosteleras, as\u00ed como su contribuci\u00f3n a &quot;engrandecer la hosteler\u00eda y aportar buenos modelos a seguir&quot;. El galard\u00f3n ha sido otorgado\" \/>\n\t<meta name=\"robots\" content=\"max-image-preview:large\" \/>\n\t<meta name=\"author\" content=\"admin\"\/>\n\t<meta name=\"google-site-verification\" content=\"UA-38556648-1\" \/>\n\t<meta name=\"keywords\" content=\"noticias y actualidad\" \/>\n\t<link rel=\"canonical\" href=\"https:\/\/eldigitaldeasturias.com\/magazine365\/la-red-de-centros-de-turismo-de-la-comunidad-valenciana-logra-el-reconocimiento-nacional-de-hosteleria-2015\/\" \/>\n\t<meta name=\"generator\" content=\"All in One SEO Pro (AIOSEO) 4.9.6.1\" \/>\n\t\t<meta property=\"og:locale\" content=\"es_ES\" \/>\n\t\t<meta property=\"og:site_name\" content=\"El Digital de Asturias \u2013 Revista de ocio, turismo y estilo de vida\" \/>\n\t\t<meta property=\"og:type\" content=\"article\" \/>\n\t\t<meta property=\"og:title\" content=\"La Red de Centros de Turismo de la Comunidad Valenciana logra el reconocimiento nacional de Hosteler\u00eda 2015 | El Digital de Asturias\" \/>\n\t\t<meta property=\"og:description\" content=\"La Red de Centros de Turismo (CdT) de la Comunidad Valenciana, gestionada por la Ag\u00e8ncia Valenciana del Turisme, ha obtenido el reconocimiento nacional de Hosteler\u00eda 2015 que reconoce la labor de entidades, empresarios y empresas hosteleras, as\u00ed como su contribuci\u00f3n a &quot;engrandecer la hosteler\u00eda y aportar buenos modelos a seguir&quot;. El galard\u00f3n ha sido otorgado\" \/>\n\t\t<meta property=\"og:url\" content=\"https:\/\/eldigitaldeasturias.com\/magazine365\/la-red-de-centros-de-turismo-de-la-comunidad-valenciana-logra-el-reconocimiento-nacional-de-hosteleria-2015\/\" \/>\n\t\t<meta property=\"og:image\" content=\"https:\/\/eldigitaldeasturias.com\/magazine365\/wp-content\/uploads\/2015\/11\/fotonoticia_20151124153034_800.jpg\" \/>\n\t\t<meta property=\"og:image:secure_url\" content=\"https:\/\/eldigitaldeasturias.com\/magazine365\/wp-content\/uploads\/2015\/11\/fotonoticia_20151124153034_800.jpg\" \/>\n\t\t<meta property=\"og:image:width\" content=\"800\" \/>\n\t\t<meta property=\"og:image:height\" content=\"533\" \/>\n\t\t<meta property=\"article:published_time\" content=\"2015-11-26T03:24:58+00:00\" \/>\n\t\t<meta property=\"article:modified_time\" content=\"2015-11-26T03:24:58+00:00\" \/>\n\t\t<meta name=\"twitter:card\" content=\"summary_large_image\" \/>\n\t\t<meta name=\"twitter:title\" content=\"La Red de Centros de Turismo de la Comunidad Valenciana logra el reconocimiento nacional de Hosteler\u00eda 2015 | El Digital de Asturias\" \/>\n\t\t<meta name=\"twitter:description\" content=\"La Red de Centros de Turismo (CdT) de la Comunidad Valenciana, gestionada por la Ag\u00e8ncia Valenciana del Turisme, ha obtenido el reconocimiento nacional de Hosteler\u00eda 2015 que reconoce la labor de entidades, empresarios y empresas hosteleras, as\u00ed como su contribuci\u00f3n a &quot;engrandecer la hosteler\u00eda y aportar buenos modelos a seguir&quot;. El galard\u00f3n ha sido otorgado\" \/>\n\t\t<meta name=\"twitter:image\" content=\"https:\/\/eldigitaldeasturias.com\/magazine365\/wp-content\/uploads\/2015\/11\/fotonoticia_20151124153034_800.jpg\" \/>\n\t\t<script type=\"application\/ld+json\" class=\"aioseo-schema\">\n\t\t\t{\"@context\":\"https:\\\/\\\/schema.org\",\"@graph\":[{\"@type\":\"Article\",\"@id\":\"https:\\\/\\\/eldigitaldeasturias.com\\\/magazine365\\\/la-red-de-centros-de-turismo-de-la-comunidad-valenciana-logra-el-reconocimiento-nacional-de-hosteleria-2015\\\/#article\",\"name\":\"La Red de Centros de Turismo de la Comunidad Valenciana logra el reconocimiento nacional de Hosteler\\u00eda 2015 | El Digital de Asturias\",\"headline\":\"La Red de Centros de Turismo de la Comunidad Valenciana logra el reconocimiento nacional de Hosteler\\u00eda 2015\",\"author\":{\"@id\":\"https:\\\/\\\/eldigitaldeasturias.com\\\/magazine365\\\/author\\\/admin\\\/#author\"},\"publisher\":{\"@id\":\"https:\\\/\\\/eldigitaldeasturias.com\\\/magazine365\\\/#organization\"},\"image\":{\"@type\":\"ImageObject\",\"url\":\"https:\\\/\\\/eldigitaldeasturias.com\\\/magazine365\\\/wp-content\\\/uploads\\\/2015\\\/11\\\/fotonoticia_20151124153034_800.jpg\",\"width\":800,\"height\":533},\"datePublished\":\"2015-11-26T04:24:58+01:00\",\"dateModified\":\"2015-11-26T04:24:58+01:00\",\"inLanguage\":\"es-ES\",\"mainEntityOfPage\":{\"@id\":\"https:\\\/\\\/eldigitaldeasturias.com\\\/magazine365\\\/la-red-de-centros-de-turismo-de-la-comunidad-valenciana-logra-el-reconocimiento-nacional-de-hosteleria-2015\\\/#webpage\"},\"isPartOf\":{\"@id\":\"https:\\\/\\\/eldigitaldeasturias.com\\\/magazine365\\\/la-red-de-centros-de-turismo-de-la-comunidad-valenciana-logra-el-reconocimiento-nacional-de-hosteleria-2015\\\/#webpage\"},\"articleSection\":\"Noticias y Actualidad\"},{\"@type\":\"BreadcrumbList\",\"@id\":\"https:\\\/\\\/eldigitaldeasturias.com\\\/magazine365\\\/la-red-de-centros-de-turismo-de-la-comunidad-valenciana-logra-el-reconocimiento-nacional-de-hosteleria-2015\\\/#breadcrumblist\",\"itemListElement\":[{\"@type\":\"ListItem\",\"@id\":\"https:\\\/\\\/eldigitaldeasturias.com\\\/magazine365#listItem\",\"position\":1,\"name\":\"Home\",\"item\":\"https:\\\/\\\/eldigitaldeasturias.com\\\/magazine365\",\"nextItem\":{\"@type\":\"ListItem\",\"@id\":\"https:\\\/\\\/eldigitaldeasturias.com\\\/magazine365\\\/category\\\/noticias-actualidad\\\/#listItem\",\"name\":\"Noticias y Actualidad\"}},{\"@type\":\"ListItem\",\"@id\":\"https:\\\/\\\/eldigitaldeasturias.com\\\/magazine365\\\/category\\\/noticias-actualidad\\\/#listItem\",\"position\":2,\"name\":\"Noticias y Actualidad\",\"item\":\"https:\\\/\\\/eldigitaldeasturias.com\\\/magazine365\\\/category\\\/noticias-actualidad\\\/\",\"nextItem\":{\"@type\":\"ListItem\",\"@id\":\"https:\\\/\\\/eldigitaldeasturias.com\\\/magazine365\\\/la-red-de-centros-de-turismo-de-la-comunidad-valenciana-logra-el-reconocimiento-nacional-de-hosteleria-2015\\\/#listItem\",\"name\":\"La Red de Centros de Turismo de la Comunidad Valenciana logra el reconocimiento nacional de Hosteler\\u00eda 2015\"},\"previousItem\":{\"@type\":\"ListItem\",\"@id\":\"https:\\\/\\\/eldigitaldeasturias.com\\\/magazine365#listItem\",\"name\":\"Home\"}},{\"@type\":\"ListItem\",\"@id\":\"https:\\\/\\\/eldigitaldeasturias.com\\\/magazine365\\\/la-red-de-centros-de-turismo-de-la-comunidad-valenciana-logra-el-reconocimiento-nacional-de-hosteleria-2015\\\/#listItem\",\"position\":3,\"name\":\"La Red de Centros de Turismo de la Comunidad Valenciana logra el reconocimiento nacional de Hosteler\\u00eda 2015\",\"previousItem\":{\"@type\":\"ListItem\",\"@id\":\"https:\\\/\\\/eldigitaldeasturias.com\\\/magazine365\\\/category\\\/noticias-actualidad\\\/#listItem\",\"name\":\"Noticias y Actualidad\"}}]},{\"@type\":\"Organization\",\"@id\":\"https:\\\/\\\/eldigitaldeasturias.com\\\/magazine365\\\/#organization\",\"name\":\"El digital de Asturias\",\"description\":\"Revista de ocio, turismo y estilo de vida\",\"url\":\"https:\\\/\\\/eldigitaldeasturias.com\\\/magazine365\\\/\",\"logo\":{\"@type\":\"ImageObject\",\"url\":\"https:\\\/\\\/www.eldigitaldeasturias.com\\\/noticias\\\/wp-content\\\/uploads\\\/2020\\\/12\\\/EDA.jpg\",\"@id\":\"https:\\\/\\\/eldigitaldeasturias.com\\\/magazine365\\\/la-red-de-centros-de-turismo-de-la-comunidad-valenciana-logra-el-reconocimiento-nacional-de-hosteleria-2015\\\/#organizationLogo\"},\"image\":{\"@id\":\"https:\\\/\\\/eldigitaldeasturias.com\\\/magazine365\\\/la-red-de-centros-de-turismo-de-la-comunidad-valenciana-logra-el-reconocimiento-nacional-de-hosteleria-2015\\\/#organizationLogo\"}},{\"@type\":\"Person\",\"@id\":\"https:\\\/\\\/eldigitaldeasturias.com\\\/magazine365\\\/author\\\/admin\\\/#author\",\"url\":\"https:\\\/\\\/eldigitaldeasturias.com\\\/magazine365\\\/author\\\/admin\\\/\",\"name\":\"admin\",\"image\":{\"@type\":\"ImageObject\",\"@id\":\"https:\\\/\\\/eldigitaldeasturias.com\\\/magazine365\\\/la-red-de-centros-de-turismo-de-la-comunidad-valenciana-logra-el-reconocimiento-nacional-de-hosteleria-2015\\\/#authorImage\",\"url\":\"https:\\\/\\\/eldigitaldeasturias.com\\\/magazine365\\\/wp-content\\\/litespeed\\\/avatar\\\/e571bcf59a0edd6fa6838245a470f2fe.jpg?ver=1777574230\",\"width\":96,\"height\":96,\"caption\":\"admin\"}},{\"@type\":\"WebPage\",\"@id\":\"https:\\\/\\\/eldigitaldeasturias.com\\\/magazine365\\\/la-red-de-centros-de-turismo-de-la-comunidad-valenciana-logra-el-reconocimiento-nacional-de-hosteleria-2015\\\/#webpage\",\"url\":\"https:\\\/\\\/eldigitaldeasturias.com\\\/magazine365\\\/la-red-de-centros-de-turismo-de-la-comunidad-valenciana-logra-el-reconocimiento-nacional-de-hosteleria-2015\\\/\",\"name\":\"La Red de Centros de Turismo de la Comunidad Valenciana logra el reconocimiento nacional de Hosteler\\u00eda 2015 | El Digital de Asturias\",\"description\":\"La Red de Centros de Turismo (CdT) de la Comunidad Valenciana, gestionada por la Ag\\u00e8ncia Valenciana del Turisme, ha obtenido el reconocimiento nacional de Hosteler\\u00eda 2015 que reconoce la labor de entidades, empresarios y empresas hosteleras, as\\u00ed como su contribuci\\u00f3n a \\\"engrandecer la hosteler\\u00eda y aportar buenos modelos a seguir\\\". El galard\\u00f3n ha sido otorgado\",\"inLanguage\":\"es-ES\",\"isPartOf\":{\"@id\":\"https:\\\/\\\/eldigitaldeasturias.com\\\/magazine365\\\/#website\"},\"breadcrumb\":{\"@id\":\"https:\\\/\\\/eldigitaldeasturias.com\\\/magazine365\\\/la-red-de-centros-de-turismo-de-la-comunidad-valenciana-logra-el-reconocimiento-nacional-de-hosteleria-2015\\\/#breadcrumblist\"},\"author\":{\"@id\":\"https:\\\/\\\/eldigitaldeasturias.com\\\/magazine365\\\/author\\\/admin\\\/#author\"},\"creator\":{\"@id\":\"https:\\\/\\\/eldigitaldeasturias.com\\\/magazine365\\\/author\\\/admin\\\/#author\"},\"image\":{\"@type\":\"ImageObject\",\"url\":\"https:\\\/\\\/eldigitaldeasturias.com\\\/magazine365\\\/wp-content\\\/uploads\\\/2015\\\/11\\\/fotonoticia_20151124153034_800.jpg\",\"@id\":\"https:\\\/\\\/eldigitaldeasturias.com\\\/magazine365\\\/la-red-de-centros-de-turismo-de-la-comunidad-valenciana-logra-el-reconocimiento-nacional-de-hosteleria-2015\\\/#mainImage\",\"width\":800,\"height\":533},\"primaryImageOfPage\":{\"@id\":\"https:\\\/\\\/eldigitaldeasturias.com\\\/magazine365\\\/la-red-de-centros-de-turismo-de-la-comunidad-valenciana-logra-el-reconocimiento-nacional-de-hosteleria-2015\\\/#mainImage\"},\"datePublished\":\"2015-11-26T04:24:58+01:00\",\"dateModified\":\"2015-11-26T04:24:58+01:00\"},{\"@type\":\"WebSite\",\"@id\":\"https:\\\/\\\/eldigitaldeasturias.com\\\/magazine365\\\/#website\",\"url\":\"https:\\\/\\\/eldigitaldeasturias.com\\\/magazine365\\\/\",\"name\":\"El Digital de Asturias\",\"description\":\"Revista de ocio, turismo y estilo de vida\",\"inLanguage\":\"es-ES\",\"publisher\":{\"@id\":\"https:\\\/\\\/eldigitaldeasturias.com\\\/magazine365\\\/#organization\"}}]}\n\t\t<\/script>\n\t\t<!-- All in One SEO Pro -->\r\n\t\t<title>La Red de Centros de Turismo de la Comunidad Valenciana logra el reconocimiento nacional de Hosteler\u00eda 2015 | El Digital de Asturias<\/title>\n\n","aioseo_head_json":{"title":"La Red de Centros de Turismo de la Comunidad Valenciana logra el reconocimiento nacional de Hosteler\u00eda 2015 | El Digital de Asturias","description":"La Red de Centros de Turismo (CdT) de la Comunidad Valenciana, gestionada por la Ag\u00e8ncia Valenciana del Turisme, ha obtenido el reconocimiento nacional de Hosteler\u00eda 2015 que reconoce la labor de entidades, empresarios y empresas hosteleras, as\u00ed como su contribuci\u00f3n a \"engrandecer la hosteler\u00eda y aportar buenos modelos a seguir\". El galard\u00f3n ha sido otorgado","canonical_url":"https:\/\/eldigitaldeasturias.com\/magazine365\/la-red-de-centros-de-turismo-de-la-comunidad-valenciana-logra-el-reconocimiento-nacional-de-hosteleria-2015\/","robots":"max-image-preview:large","keywords":"noticias y actualidad","webmasterTools":{"google-site-verification":"UA-38556648-1","miscellaneous":""},"schema":{"@context":"https:\/\/schema.org","@graph":[{"@type":"Article","@id":"https:\/\/eldigitaldeasturias.com\/magazine365\/la-red-de-centros-de-turismo-de-la-comunidad-valenciana-logra-el-reconocimiento-nacional-de-hosteleria-2015\/#article","name":"La Red de Centros de Turismo de la Comunidad Valenciana logra el reconocimiento nacional de Hosteler\u00eda 2015 | El Digital de Asturias","headline":"La Red de Centros de Turismo de la Comunidad Valenciana logra el reconocimiento nacional de Hosteler\u00eda 2015","author":{"@id":"https:\/\/eldigitaldeasturias.com\/magazine365\/author\/admin\/#author"},"publisher":{"@id":"https:\/\/eldigitaldeasturias.com\/magazine365\/#organization"},"image":{"@type":"ImageObject","url":"https:\/\/eldigitaldeasturias.com\/magazine365\/wp-content\/uploads\/2015\/11\/fotonoticia_20151124153034_800.jpg","width":800,"height":533},"datePublished":"2015-11-26T04:24:58+01:00","dateModified":"2015-11-26T04:24:58+01:00","inLanguage":"es-ES","mainEntityOfPage":{"@id":"https:\/\/eldigitaldeasturias.com\/magazine365\/la-red-de-centros-de-turismo-de-la-comunidad-valenciana-logra-el-reconocimiento-nacional-de-hosteleria-2015\/#webpage"},"isPartOf":{"@id":"https:\/\/eldigitaldeasturias.com\/magazine365\/la-red-de-centros-de-turismo-de-la-comunidad-valenciana-logra-el-reconocimiento-nacional-de-hosteleria-2015\/#webpage"},"articleSection":"Noticias y Actualidad"},{"@type":"BreadcrumbList","@id":"https:\/\/eldigitaldeasturias.com\/magazine365\/la-red-de-centros-de-turismo-de-la-comunidad-valenciana-logra-el-reconocimiento-nacional-de-hosteleria-2015\/#breadcrumblist","itemListElement":[{"@type":"ListItem","@id":"https:\/\/eldigitaldeasturias.com\/magazine365#listItem","position":1,"name":"Home","item":"https:\/\/eldigitaldeasturias.com\/magazine365","nextItem":{"@type":"ListItem","@id":"https:\/\/eldigitaldeasturias.com\/magazine365\/category\/noticias-actualidad\/#listItem","name":"Noticias y Actualidad"}},{"@type":"ListItem","@id":"https:\/\/eldigitaldeasturias.com\/magazine365\/category\/noticias-actualidad\/#listItem","position":2,"name":"Noticias y Actualidad","item":"https:\/\/eldigitaldeasturias.com\/magazine365\/category\/noticias-actualidad\/","nextItem":{"@type":"ListItem","@id":"https:\/\/eldigitaldeasturias.com\/magazine365\/la-red-de-centros-de-turismo-de-la-comunidad-valenciana-logra-el-reconocimiento-nacional-de-hosteleria-2015\/#listItem","name":"La Red de Centros de Turismo de la Comunidad Valenciana logra el reconocimiento nacional de Hosteler\u00eda 2015"},"previousItem":{"@type":"ListItem","@id":"https:\/\/eldigitaldeasturias.com\/magazine365#listItem","name":"Home"}},{"@type":"ListItem","@id":"https:\/\/eldigitaldeasturias.com\/magazine365\/la-red-de-centros-de-turismo-de-la-comunidad-valenciana-logra-el-reconocimiento-nacional-de-hosteleria-2015\/#listItem","position":3,"name":"La Red de Centros de Turismo de la Comunidad Valenciana logra el reconocimiento nacional de Hosteler\u00eda 2015","previousItem":{"@type":"ListItem","@id":"https:\/\/eldigitaldeasturias.com\/magazine365\/category\/noticias-actualidad\/#listItem","name":"Noticias y Actualidad"}}]},{"@type":"Organization","@id":"https:\/\/eldigitaldeasturias.com\/magazine365\/#organization","name":"El digital de Asturias","description":"Revista de ocio, turismo y estilo de vida","url":"https:\/\/eldigitaldeasturias.com\/magazine365\/","logo":{"@type":"ImageObject","url":"https:\/\/www.eldigitaldeasturias.com\/noticias\/wp-content\/uploads\/2020\/12\/EDA.jpg","@id":"https:\/\/eldigitaldeasturias.com\/magazine365\/la-red-de-centros-de-turismo-de-la-comunidad-valenciana-logra-el-reconocimiento-nacional-de-hosteleria-2015\/#organizationLogo"},"image":{"@id":"https:\/\/eldigitaldeasturias.com\/magazine365\/la-red-de-centros-de-turismo-de-la-comunidad-valenciana-logra-el-reconocimiento-nacional-de-hosteleria-2015\/#organizationLogo"}},{"@type":"Person","@id":"https:\/\/eldigitaldeasturias.com\/magazine365\/author\/admin\/#author","url":"https:\/\/eldigitaldeasturias.com\/magazine365\/author\/admin\/","name":"admin","image":{"@type":"ImageObject","@id":"https:\/\/eldigitaldeasturias.com\/magazine365\/la-red-de-centros-de-turismo-de-la-comunidad-valenciana-logra-el-reconocimiento-nacional-de-hosteleria-2015\/#authorImage","url":"https:\/\/eldigitaldeasturias.com\/magazine365\/wp-content\/litespeed\/avatar\/e571bcf59a0edd6fa6838245a470f2fe.jpg?ver=1777574230","width":96,"height":96,"caption":"admin"}},{"@type":"WebPage","@id":"https:\/\/eldigitaldeasturias.com\/magazine365\/la-red-de-centros-de-turismo-de-la-comunidad-valenciana-logra-el-reconocimiento-nacional-de-hosteleria-2015\/#webpage","url":"https:\/\/eldigitaldeasturias.com\/magazine365\/la-red-de-centros-de-turismo-de-la-comunidad-valenciana-logra-el-reconocimiento-nacional-de-hosteleria-2015\/","name":"La Red de Centros de Turismo de la Comunidad Valenciana logra el reconocimiento nacional de Hosteler\u00eda 2015 | El Digital de Asturias","description":"La Red de Centros de Turismo (CdT) de la Comunidad Valenciana, gestionada por la Ag\u00e8ncia Valenciana del Turisme, ha obtenido el reconocimiento nacional de Hosteler\u00eda 2015 que reconoce la labor de entidades, empresarios y empresas hosteleras, as\u00ed como su contribuci\u00f3n a \"engrandecer la hosteler\u00eda y aportar buenos modelos a seguir\". El galard\u00f3n ha sido otorgado","inLanguage":"es-ES","isPartOf":{"@id":"https:\/\/eldigitaldeasturias.com\/magazine365\/#website"},"breadcrumb":{"@id":"https:\/\/eldigitaldeasturias.com\/magazine365\/la-red-de-centros-de-turismo-de-la-comunidad-valenciana-logra-el-reconocimiento-nacional-de-hosteleria-2015\/#breadcrumblist"},"author":{"@id":"https:\/\/eldigitaldeasturias.com\/magazine365\/author\/admin\/#author"},"creator":{"@id":"https:\/\/eldigitaldeasturias.com\/magazine365\/author\/admin\/#author"},"image":{"@type":"ImageObject","url":"https:\/\/eldigitaldeasturias.com\/magazine365\/wp-content\/uploads\/2015\/11\/fotonoticia_20151124153034_800.jpg","@id":"https:\/\/eldigitaldeasturias.com\/magazine365\/la-red-de-centros-de-turismo-de-la-comunidad-valenciana-logra-el-reconocimiento-nacional-de-hosteleria-2015\/#mainImage","width":800,"height":533},"primaryImageOfPage":{"@id":"https:\/\/eldigitaldeasturias.com\/magazine365\/la-red-de-centros-de-turismo-de-la-comunidad-valenciana-logra-el-reconocimiento-nacional-de-hosteleria-2015\/#mainImage"},"datePublished":"2015-11-26T04:24:58+01:00","dateModified":"2015-11-26T04:24:58+01:00"},{"@type":"WebSite","@id":"https:\/\/eldigitaldeasturias.com\/magazine365\/#website","url":"https:\/\/eldigitaldeasturias.com\/magazine365\/","name":"El Digital de Asturias","description":"Revista de ocio, turismo y estilo de vida","inLanguage":"es-ES","publisher":{"@id":"https:\/\/eldigitaldeasturias.com\/magazine365\/#organization"}}]},"og:locale":"es_ES","og:site_name":"El Digital de Asturias \u2013 Revista de ocio, turismo y estilo de vida","og:type":"article","og:title":"La Red de Centros de Turismo de la Comunidad Valenciana logra el reconocimiento nacional de Hosteler\u00eda 2015 | El Digital de Asturias","og:description":"La Red de Centros de Turismo (CdT) de la Comunidad Valenciana, gestionada por la Ag\u00e8ncia Valenciana del Turisme, ha obtenido el reconocimiento nacional de Hosteler\u00eda 2015 que reconoce la labor de entidades, empresarios y empresas hosteleras, as\u00ed como su contribuci\u00f3n a &quot;engrandecer la hosteler\u00eda y aportar buenos modelos a seguir&quot;. El galard\u00f3n ha sido otorgado","og:url":"https:\/\/eldigitaldeasturias.com\/magazine365\/la-red-de-centros-de-turismo-de-la-comunidad-valenciana-logra-el-reconocimiento-nacional-de-hosteleria-2015\/","og:image":"https:\/\/eldigitaldeasturias.com\/magazine365\/wp-content\/uploads\/2015\/11\/fotonoticia_20151124153034_800.jpg","og:image:secure_url":"https:\/\/eldigitaldeasturias.com\/magazine365\/wp-content\/uploads\/2015\/11\/fotonoticia_20151124153034_800.jpg","og:image:width":800,"og:image:height":533,"article:published_time":"2015-11-26T03:24:58+00:00","article:modified_time":"2015-11-26T03:24:58+00:00","twitter:card":"summary_large_image","twitter:title":"La Red de Centros de Turismo de la Comunidad Valenciana logra el reconocimiento nacional de Hosteler\u00eda 2015 | El Digital de Asturias","twitter:description":"La Red de Centros de Turismo (CdT) de la Comunidad Valenciana, gestionada por la Ag\u00e8ncia Valenciana del Turisme, ha obtenido el reconocimiento nacional de Hosteler\u00eda 2015 que reconoce la labor de entidades, empresarios y empresas hosteleras, as\u00ed como su contribuci\u00f3n a &quot;engrandecer la hosteler\u00eda y aportar buenos modelos a seguir&quot;. El galard\u00f3n ha sido otorgado","twitter:image":"https:\/\/eldigitaldeasturias.com\/magazine365\/wp-content\/uploads\/2015\/11\/fotonoticia_20151124153034_800.jpg"},"aioseo_meta_data":{"post_id":"56600","title":null,"description":null,"keywords":null,"keyphrases":null,"primary_term":null,"canonical_url":null,"og_title":null,"og_description":null,"og_object_type":"default","og_image_type":"default","og_image_url":null,"og_image_width":null,"og_image_height":null,"og_image_custom_url":null,"og_image_custom_fields":null,"og_video":null,"og_custom_url":null,"og_article_section":null,"og_article_tags":null,"twitter_use_og":false,"twitter_card":"default","twitter_image_type":"default","twitter_image_url":null,"twitter_image_custom_url":null,"twitter_image_custom_fields":null,"twitter_title":null,"twitter_description":null,"schema":{"blockGraphs":[],"customGraphs":[],"default":{"data":{"Article":[],"Course":[],"Dataset":[],"FAQPage":[],"Movie":[],"Person":[],"Product":[],"ProductReview":[],"Car":[],"Recipe":[],"Service":[],"SoftwareApplication":[],"WebPage":[]},"graphName":"","isEnabled":true},"graphs":[],"defaultGraph":"","defaultPostTypeGraph":""},"schema_type":null,"schema_type_options":null,"pillar_content":false,"robots_default":true,"robots_noindex":false,"robots_noarchive":false,"robots_nosnippet":false,"robots_nofollow":false,"robots_noimageindex":false,"robots_noodp":false,"robots_notranslate":false,"robots_max_snippet":null,"robots_max_videopreview":null,"robots_max_imagepreview":"large","priority":null,"frequency":null,"location":null,"local_seo":null,"seo_analyzer_scan_date":"2025-09-24 23:08:15","breadcrumb_settings":null,"limit_modified_date":false,"open_ai":null,"ai":null,"created":"2021-03-08 22:55:01","updated":"2025-09-24 23:08:15"},"aioseo_breadcrumb":"<div class=\"aioseo-breadcrumbs\"><span class=\"aioseo-breadcrumb\">\n\t<a href=\"https:\/\/eldigitaldeasturias.com\/magazine365\" title=\"Home\">Home<\/a>\n<\/span><span class=\"aioseo-breadcrumb-separator\">\u2013<\/span><span class=\"aioseo-breadcrumb\">\n\t<a href=\"https:\/\/eldigitaldeasturias.com\/magazine365\/category\/noticias-actualidad\/\" title=\"Noticias y Actualidad\">Noticias y Actualidad<\/a>\n<\/span><span class=\"aioseo-breadcrumb-separator\">\u2013<\/span><span class=\"aioseo-breadcrumb\">\n\t<a href=\"https:\/\/eldigitaldeasturias.com\/magazine365\/la-red-de-centros-de-turismo-de-la-comunidad-valenciana-logra-el-reconocimiento-nacional-de-hosteleria-2015\/\" title=\"La Red de Centros de Turismo de la Comunidad Valenciana logra el reconocimiento nacional de Hosteler\u00eda 2015\">La Red de Centros de Turismo de la Comunidad Valenciana logra el reconocimiento nacional de Hosteler\u00eda 2015<\/a>\n<\/span><\/div>","aioseo_breadcrumb_json":[{"label":"Home","link":"https:\/\/eldigitaldeasturias.com\/magazine365"},{"label":"Noticias y Actualidad","link":"https:\/\/eldigitaldeasturias.com\/magazine365\/category\/noticias-actualidad\/"},{"label":"La Red de Centros de Turismo de la Comunidad Valenciana logra el reconocimiento nacional de Hosteler\u00eda 2015","link":"https:\/\/eldigitaldeasturias.com\/magazine365\/la-red-de-centros-de-turismo-de-la-comunidad-valenciana-logra-el-reconocimiento-nacional-de-hosteleria-2015\/"}],"_links":{"self":[{"href":"https:\/\/eldigitaldeasturias.com\/magazine365\/wp-json\/wp\/v2\/posts\/56600","targetHints":{"allow":["GET"]}}],"collection":[{"href":"https:\/\/eldigitaldeasturias.com\/magazine365\/wp-json\/wp\/v2\/posts"}],"about":[{"href":"https:\/\/eldigitaldeasturias.com\/magazine365\/wp-json\/wp\/v2\/types\/post"}],"author":[{"embeddable":true,"href":"https:\/\/eldigitaldeasturias.com\/magazine365\/wp-json\/wp\/v2\/users\/1"}],"replies":[{"embeddable":true,"href":"https:\/\/eldigitaldeasturias.com\/magazine365\/wp-json\/wp\/v2\/comments?post=56600"}],"version-history":[{"count":0,"href":"https:\/\/eldigitaldeasturias.com\/magazine365\/wp-json\/wp\/v2\/posts\/56600\/revisions"}],"wp:featuredmedia":[{"embeddable":true,"href":"https:\/\/eldigitaldeasturias.com\/magazine365\/wp-json\/wp\/v2\/media\/56601"}],"wp:attachment":[{"href":"https:\/\/eldigitaldeasturias.com\/magazine365\/wp-json\/wp\/v2\/media?parent=56600"}],"wp:term":[{"taxonomy":"category","embeddable":true,"href":"https:\/\/eldigitaldeasturias.com\/magazine365\/wp-json\/wp\/v2\/categories?post=56600"},{"taxonomy":"post_tag","embeddable":true,"href":"https:\/\/eldigitaldeasturias.com\/magazine365\/wp-json\/wp\/v2\/tags?post=56600"}],"curies":[{"name":"wp","href":"https:\/\/api.w.org\/{rel}","templated":true}]}}