{"id":56592,"date":"2015-11-26T04:18:18","date_gmt":"2015-11-26T03:18:18","guid":{"rendered":"http:\/\/eldigitaldeasturias.com\/magazine365\/?p=56592"},"modified":"2015-11-26T04:18:18","modified_gmt":"2015-11-26T03:18:18","slug":"el-precio-del-taxi-de-barcelona-subira-tres-centimos-por-kilometro-en-horario-diurno","status":"publish","type":"post","link":"https:\/\/eldigitaldeasturias.com\/magazine365\/el-precio-del-taxi-de-barcelona-subira-tres-centimos-por-kilometro-en-horario-diurno\/","title":{"rendered":"El precio del taxi de Barcelona subir\u00e1 tres c\u00e9ntimos por kil\u00f3metro en horario diurno"},"content":{"rendered":"<p><img fetchpriority=\"high\" decoding=\"async\" class=\"alignleft size-medium wp-image-56593\" src=\"https:\/\/eldigitaldeasturias.com\/magazine365\/wp-content\/uploads\/2015\/11\/fotonoticia_20151124145610_800-300x300.jpg\" alt=\"fotonoticia_20151124145610_800\" width=\"300\" height=\"300\" srcset=\"https:\/\/eldigitaldeasturias.com\/magazine365\/wp-content\/uploads\/2015\/11\/fotonoticia_20151124145610_800-300x300.jpg 300w, https:\/\/eldigitaldeasturias.com\/magazine365\/wp-content\/uploads\/2015\/11\/fotonoticia_20151124145610_800-640x640.jpg 640w, https:\/\/eldigitaldeasturias.com\/magazine365\/wp-content\/uploads\/2015\/11\/fotonoticia_20151124145610_800-768x768.jpg 768w, https:\/\/eldigitaldeasturias.com\/magazine365\/wp-content\/uploads\/2015\/11\/fotonoticia_20151124145610_800-150x150.jpg 150w, https:\/\/eldigitaldeasturias.com\/magazine365\/wp-content\/uploads\/2015\/11\/fotonoticia_20151124145610_800-450x450.jpg 450w, https:\/\/eldigitaldeasturias.com\/magazine365\/wp-content\/uploads\/2015\/11\/fotonoticia_20151124145610_800-696x696.jpg 696w, https:\/\/eldigitaldeasturias.com\/magazine365\/wp-content\/uploads\/2015\/11\/fotonoticia_20151124145610_800-420x420.jpg 420w, https:\/\/eldigitaldeasturias.com\/magazine365\/wp-content\/uploads\/2015\/11\/fotonoticia_20151124145610_800-50x50.jpg 50w, https:\/\/eldigitaldeasturias.com\/magazine365\/wp-content\/uploads\/2015\/11\/fotonoticia_20151124145610_800.jpg 800w\" sizes=\"(max-width: 300px) 100vw, 300px\" \/>El \u00c1rea Metropolitana de Barcelona (AMB) ha aprobado las tarifas del taxi para el a\u00f1o 2016 que prev\u00e9n un incremento de la tarifa diurna en los d\u00edas laborables, que pasar\u00e1 de 1,07 euros por kil\u00f3metro a 1,10 euros, mientras que el resto de tarifas se congelan.<\/p>\n<p>En un comunicado, el AMB ha calificado de \u00abcontinuistas\u00bb las tarifas del taxi para el pr\u00f3ximo a\u00f1o, que registran un incremento ponderado del 0,5% en respuesta al incremento de la inflaci\u00f3n sectorial.<\/p>\n<p>Sin embargo, el incremento tarifario \u00fanicamente afecta a la tarifa 1 &#8211;que es de aplicaci\u00f3n los d\u00edas laborables de 8 a 20 horas&#8211;, de forma que el precio por kil\u00f3metro se incrementa en tres c\u00e9ntimos, pasando de 1,07 a 1,10 euros, y la hora de espera pasa de 21,23 a 21,27 euros.<\/p>\n<p>La bajada de bandera en la tarifa 1 y el resto de tarifas (nocturnas, fines de semana, festivos, suplementos y recorridos entre el puerto y el aeropuerto) mantienen los precios que tienen actualmente.<\/p>\n<p>El Consejo Metropolitano ha aprobado este martes las nuevas tarifas del taxi, que deber\u00e1n ser ratificadas por la Comisi\u00f3n de Precios de la Generalitat para que entren en vigor el 19 de diciembre.<\/p>\n","protected":false},"excerpt":{"rendered":"<p>El \u00c1rea Metropolitana de Barcelona (AMB) ha aprobado las tarifas del taxi para el a\u00f1o 2016 que prev\u00e9n un incremento de la tarifa diurna en los d\u00edas laborables, que pasar\u00e1 de 1,07 euros por kil\u00f3metro a 1,10 euros, mientras que el resto de tarifas se congelan. En un comunicado, el AMB ha calificado de \u00abcontinuistas\u00bb<\/p>\n","protected":false},"author":1,"featured_media":56593,"comment_status":"open","ping_status":"closed","sticky":false,"template":"","format":"standard","meta":{"footnotes":""},"categories":[224],"tags":[],"class_list":{"0":"post-56592","1":"post","2":"type-post","3":"status-publish","4":"format-standard","5":"has-post-thumbnail","7":"category-noticias-actualidad"},"aioseo_notices":[],"aioseo_head":"\n\t\t<!-- All in One SEO Pro 4.9.6.1 - aioseo.com -->\n\t<meta name=\"description\" content=\"El \u00c1rea Metropolitana de Barcelona (AMB) ha aprobado las tarifas del taxi para el a\u00f1o 2016 que prev\u00e9n un incremento de la tarifa diurna en los d\u00edas laborables, que pasar\u00e1 de 1,07 euros por kil\u00f3metro a 1,10 euros, mientras que el resto de tarifas se congelan. En un comunicado, el AMB ha calificado de &quot;continuistas&quot;\" \/>\n\t<meta name=\"robots\" content=\"max-image-preview:large\" \/>\n\t<meta name=\"author\" content=\"admin\"\/>\n\t<meta name=\"google-site-verification\" content=\"UA-38556648-1\" \/>\n\t<meta name=\"keywords\" content=\"noticias y actualidad\" \/>\n\t<link rel=\"canonical\" href=\"https:\/\/eldigitaldeasturias.com\/magazine365\/el-precio-del-taxi-de-barcelona-subira-tres-centimos-por-kilometro-en-horario-diurno\/\" \/>\n\t<meta name=\"generator\" content=\"All in One SEO Pro (AIOSEO) 4.9.6.1\" \/>\n\t\t<meta property=\"og:locale\" content=\"es_ES\" \/>\n\t\t<meta property=\"og:site_name\" content=\"El Digital de Asturias \u2013 Revista de ocio, turismo y estilo de vida\" \/>\n\t\t<meta property=\"og:type\" content=\"article\" \/>\n\t\t<meta property=\"og:title\" content=\"El precio del taxi de Barcelona subir\u00e1 tres c\u00e9ntimos por kil\u00f3metro en horario diurno | El Digital de Asturias\" \/>\n\t\t<meta property=\"og:description\" content=\"El \u00c1rea Metropolitana de Barcelona (AMB) ha aprobado las tarifas del taxi para el a\u00f1o 2016 que prev\u00e9n un incremento de la tarifa diurna en los d\u00edas laborables, que pasar\u00e1 de 1,07 euros por kil\u00f3metro a 1,10 euros, mientras que el resto de tarifas se congelan. En un comunicado, el AMB ha calificado de &quot;continuistas&quot;\" \/>\n\t\t<meta property=\"og:url\" content=\"https:\/\/eldigitaldeasturias.com\/magazine365\/el-precio-del-taxi-de-barcelona-subira-tres-centimos-por-kilometro-en-horario-diurno\/\" \/>\n\t\t<meta property=\"og:image\" content=\"https:\/\/eldigitaldeasturias.com\/magazine365\/wp-content\/uploads\/2015\/11\/fotonoticia_20151124145610_800.jpg\" \/>\n\t\t<meta property=\"og:image:secure_url\" content=\"https:\/\/eldigitaldeasturias.com\/magazine365\/wp-content\/uploads\/2015\/11\/fotonoticia_20151124145610_800.jpg\" \/>\n\t\t<meta property=\"og:image:width\" content=\"800\" \/>\n\t\t<meta property=\"og:image:height\" content=\"800\" \/>\n\t\t<meta property=\"article:published_time\" content=\"2015-11-26T03:18:18+00:00\" \/>\n\t\t<meta property=\"article:modified_time\" content=\"2015-11-26T03:18:18+00:00\" \/>\n\t\t<meta name=\"twitter:card\" content=\"summary_large_image\" \/>\n\t\t<meta name=\"twitter:title\" content=\"El precio del taxi de Barcelona subir\u00e1 tres c\u00e9ntimos por kil\u00f3metro en horario diurno | El Digital de Asturias\" \/>\n\t\t<meta name=\"twitter:description\" content=\"El \u00c1rea Metropolitana de Barcelona (AMB) ha aprobado las tarifas del taxi para el a\u00f1o 2016 que prev\u00e9n un incremento de la tarifa diurna en los d\u00edas laborables, que pasar\u00e1 de 1,07 euros por kil\u00f3metro a 1,10 euros, mientras que el resto de tarifas se congelan. En un comunicado, el AMB ha calificado de &quot;continuistas&quot;\" \/>\n\t\t<meta name=\"twitter:image\" content=\"https:\/\/eldigitaldeasturias.com\/magazine365\/wp-content\/uploads\/2015\/11\/fotonoticia_20151124145610_800.jpg\" \/>\n\t\t<script type=\"application\/ld+json\" class=\"aioseo-schema\">\n\t\t\t{\"@context\":\"https:\\\/\\\/schema.org\",\"@graph\":[{\"@type\":\"Article\",\"@id\":\"https:\\\/\\\/eldigitaldeasturias.com\\\/magazine365\\\/el-precio-del-taxi-de-barcelona-subira-tres-centimos-por-kilometro-en-horario-diurno\\\/#article\",\"name\":\"El precio del taxi de Barcelona subir\\u00e1 tres c\\u00e9ntimos por kil\\u00f3metro en horario diurno | El Digital de Asturias\",\"headline\":\"El precio del taxi de Barcelona subir\\u00e1 tres c\\u00e9ntimos por kil\\u00f3metro en horario diurno\",\"author\":{\"@id\":\"https:\\\/\\\/eldigitaldeasturias.com\\\/magazine365\\\/author\\\/admin\\\/#author\"},\"publisher\":{\"@id\":\"https:\\\/\\\/eldigitaldeasturias.com\\\/magazine365\\\/#organization\"},\"image\":{\"@type\":\"ImageObject\",\"url\":\"https:\\\/\\\/eldigitaldeasturias.com\\\/magazine365\\\/wp-content\\\/uploads\\\/2015\\\/11\\\/fotonoticia_20151124145610_800.jpg\",\"width\":800,\"height\":800},\"datePublished\":\"2015-11-26T04:18:18+01:00\",\"dateModified\":\"2015-11-26T04:18:18+01:00\",\"inLanguage\":\"es-ES\",\"mainEntityOfPage\":{\"@id\":\"https:\\\/\\\/eldigitaldeasturias.com\\\/magazine365\\\/el-precio-del-taxi-de-barcelona-subira-tres-centimos-por-kilometro-en-horario-diurno\\\/#webpage\"},\"isPartOf\":{\"@id\":\"https:\\\/\\\/eldigitaldeasturias.com\\\/magazine365\\\/el-precio-del-taxi-de-barcelona-subira-tres-centimos-por-kilometro-en-horario-diurno\\\/#webpage\"},\"articleSection\":\"Noticias y Actualidad\"},{\"@type\":\"BreadcrumbList\",\"@id\":\"https:\\\/\\\/eldigitaldeasturias.com\\\/magazine365\\\/el-precio-del-taxi-de-barcelona-subira-tres-centimos-por-kilometro-en-horario-diurno\\\/#breadcrumblist\",\"itemListElement\":[{\"@type\":\"ListItem\",\"@id\":\"https:\\\/\\\/eldigitaldeasturias.com\\\/magazine365#listItem\",\"position\":1,\"name\":\"Home\",\"item\":\"https:\\\/\\\/eldigitaldeasturias.com\\\/magazine365\",\"nextItem\":{\"@type\":\"ListItem\",\"@id\":\"https:\\\/\\\/eldigitaldeasturias.com\\\/magazine365\\\/category\\\/noticias-actualidad\\\/#listItem\",\"name\":\"Noticias y Actualidad\"}},{\"@type\":\"ListItem\",\"@id\":\"https:\\\/\\\/eldigitaldeasturias.com\\\/magazine365\\\/category\\\/noticias-actualidad\\\/#listItem\",\"position\":2,\"name\":\"Noticias y Actualidad\",\"item\":\"https:\\\/\\\/eldigitaldeasturias.com\\\/magazine365\\\/category\\\/noticias-actualidad\\\/\",\"nextItem\":{\"@type\":\"ListItem\",\"@id\":\"https:\\\/\\\/eldigitaldeasturias.com\\\/magazine365\\\/el-precio-del-taxi-de-barcelona-subira-tres-centimos-por-kilometro-en-horario-diurno\\\/#listItem\",\"name\":\"El precio del taxi de Barcelona subir\\u00e1 tres c\\u00e9ntimos por kil\\u00f3metro en horario diurno\"},\"previousItem\":{\"@type\":\"ListItem\",\"@id\":\"https:\\\/\\\/eldigitaldeasturias.com\\\/magazine365#listItem\",\"name\":\"Home\"}},{\"@type\":\"ListItem\",\"@id\":\"https:\\\/\\\/eldigitaldeasturias.com\\\/magazine365\\\/el-precio-del-taxi-de-barcelona-subira-tres-centimos-por-kilometro-en-horario-diurno\\\/#listItem\",\"position\":3,\"name\":\"El precio del taxi de Barcelona subir\\u00e1 tres c\\u00e9ntimos por kil\\u00f3metro en horario diurno\",\"previousItem\":{\"@type\":\"ListItem\",\"@id\":\"https:\\\/\\\/eldigitaldeasturias.com\\\/magazine365\\\/category\\\/noticias-actualidad\\\/#listItem\",\"name\":\"Noticias y Actualidad\"}}]},{\"@type\":\"Organization\",\"@id\":\"https:\\\/\\\/eldigitaldeasturias.com\\\/magazine365\\\/#organization\",\"name\":\"El digital de Asturias\",\"description\":\"Revista de ocio, turismo y estilo de vida\",\"url\":\"https:\\\/\\\/eldigitaldeasturias.com\\\/magazine365\\\/\",\"logo\":{\"@type\":\"ImageObject\",\"url\":\"https:\\\/\\\/www.eldigitaldeasturias.com\\\/noticias\\\/wp-content\\\/uploads\\\/2020\\\/12\\\/EDA.jpg\",\"@id\":\"https:\\\/\\\/eldigitaldeasturias.com\\\/magazine365\\\/el-precio-del-taxi-de-barcelona-subira-tres-centimos-por-kilometro-en-horario-diurno\\\/#organizationLogo\"},\"image\":{\"@id\":\"https:\\\/\\\/eldigitaldeasturias.com\\\/magazine365\\\/el-precio-del-taxi-de-barcelona-subira-tres-centimos-por-kilometro-en-horario-diurno\\\/#organizationLogo\"}},{\"@type\":\"Person\",\"@id\":\"https:\\\/\\\/eldigitaldeasturias.com\\\/magazine365\\\/author\\\/admin\\\/#author\",\"url\":\"https:\\\/\\\/eldigitaldeasturias.com\\\/magazine365\\\/author\\\/admin\\\/\",\"name\":\"admin\",\"image\":{\"@type\":\"ImageObject\",\"@id\":\"https:\\\/\\\/eldigitaldeasturias.com\\\/magazine365\\\/el-precio-del-taxi-de-barcelona-subira-tres-centimos-por-kilometro-en-horario-diurno\\\/#authorImage\",\"url\":\"https:\\\/\\\/eldigitaldeasturias.com\\\/magazine365\\\/wp-content\\\/litespeed\\\/avatar\\\/e571bcf59a0edd6fa6838245a470f2fe.jpg?ver=1777574230\",\"width\":96,\"height\":96,\"caption\":\"admin\"}},{\"@type\":\"WebPage\",\"@id\":\"https:\\\/\\\/eldigitaldeasturias.com\\\/magazine365\\\/el-precio-del-taxi-de-barcelona-subira-tres-centimos-por-kilometro-en-horario-diurno\\\/#webpage\",\"url\":\"https:\\\/\\\/eldigitaldeasturias.com\\\/magazine365\\\/el-precio-del-taxi-de-barcelona-subira-tres-centimos-por-kilometro-en-horario-diurno\\\/\",\"name\":\"El precio del taxi de Barcelona subir\\u00e1 tres c\\u00e9ntimos por kil\\u00f3metro en horario diurno | El Digital de Asturias\",\"description\":\"El \\u00c1rea Metropolitana de Barcelona (AMB) ha aprobado las tarifas del taxi para el a\\u00f1o 2016 que prev\\u00e9n un incremento de la tarifa diurna en los d\\u00edas laborables, que pasar\\u00e1 de 1,07 euros por kil\\u00f3metro a 1,10 euros, mientras que el resto de tarifas se congelan. En un comunicado, el AMB ha calificado de \\\"continuistas\\\"\",\"inLanguage\":\"es-ES\",\"isPartOf\":{\"@id\":\"https:\\\/\\\/eldigitaldeasturias.com\\\/magazine365\\\/#website\"},\"breadcrumb\":{\"@id\":\"https:\\\/\\\/eldigitaldeasturias.com\\\/magazine365\\\/el-precio-del-taxi-de-barcelona-subira-tres-centimos-por-kilometro-en-horario-diurno\\\/#breadcrumblist\"},\"author\":{\"@id\":\"https:\\\/\\\/eldigitaldeasturias.com\\\/magazine365\\\/author\\\/admin\\\/#author\"},\"creator\":{\"@id\":\"https:\\\/\\\/eldigitaldeasturias.com\\\/magazine365\\\/author\\\/admin\\\/#author\"},\"image\":{\"@type\":\"ImageObject\",\"url\":\"https:\\\/\\\/eldigitaldeasturias.com\\\/magazine365\\\/wp-content\\\/uploads\\\/2015\\\/11\\\/fotonoticia_20151124145610_800.jpg\",\"@id\":\"https:\\\/\\\/eldigitaldeasturias.com\\\/magazine365\\\/el-precio-del-taxi-de-barcelona-subira-tres-centimos-por-kilometro-en-horario-diurno\\\/#mainImage\",\"width\":800,\"height\":800},\"primaryImageOfPage\":{\"@id\":\"https:\\\/\\\/eldigitaldeasturias.com\\\/magazine365\\\/el-precio-del-taxi-de-barcelona-subira-tres-centimos-por-kilometro-en-horario-diurno\\\/#mainImage\"},\"datePublished\":\"2015-11-26T04:18:18+01:00\",\"dateModified\":\"2015-11-26T04:18:18+01:00\"},{\"@type\":\"WebSite\",\"@id\":\"https:\\\/\\\/eldigitaldeasturias.com\\\/magazine365\\\/#website\",\"url\":\"https:\\\/\\\/eldigitaldeasturias.com\\\/magazine365\\\/\",\"name\":\"El Digital de Asturias\",\"description\":\"Revista de ocio, turismo y estilo de vida\",\"inLanguage\":\"es-ES\",\"publisher\":{\"@id\":\"https:\\\/\\\/eldigitaldeasturias.com\\\/magazine365\\\/#organization\"}}]}\n\t\t<\/script>\n\t\t<!-- All in One SEO Pro -->\r\n\t\t<title>El precio del taxi de Barcelona subir\u00e1 tres c\u00e9ntimos por kil\u00f3metro en horario diurno | El Digital de Asturias<\/title>\n\n","aioseo_head_json":{"title":"El precio del taxi de Barcelona subir\u00e1 tres c\u00e9ntimos por kil\u00f3metro en horario diurno | El Digital de Asturias","description":"El \u00c1rea Metropolitana de Barcelona (AMB) ha aprobado las tarifas del taxi para el a\u00f1o 2016 que prev\u00e9n un incremento de la tarifa diurna en los d\u00edas laborables, que pasar\u00e1 de 1,07 euros por kil\u00f3metro a 1,10 euros, mientras que el resto de tarifas se congelan. En un comunicado, el AMB ha calificado de \"continuistas\"","canonical_url":"https:\/\/eldigitaldeasturias.com\/magazine365\/el-precio-del-taxi-de-barcelona-subira-tres-centimos-por-kilometro-en-horario-diurno\/","robots":"max-image-preview:large","keywords":"noticias y actualidad","webmasterTools":{"google-site-verification":"UA-38556648-1","miscellaneous":""},"schema":{"@context":"https:\/\/schema.org","@graph":[{"@type":"Article","@id":"https:\/\/eldigitaldeasturias.com\/magazine365\/el-precio-del-taxi-de-barcelona-subira-tres-centimos-por-kilometro-en-horario-diurno\/#article","name":"El precio del taxi de Barcelona subir\u00e1 tres c\u00e9ntimos por kil\u00f3metro en horario diurno | El Digital de Asturias","headline":"El precio del taxi de Barcelona subir\u00e1 tres c\u00e9ntimos por kil\u00f3metro en horario diurno","author":{"@id":"https:\/\/eldigitaldeasturias.com\/magazine365\/author\/admin\/#author"},"publisher":{"@id":"https:\/\/eldigitaldeasturias.com\/magazine365\/#organization"},"image":{"@type":"ImageObject","url":"https:\/\/eldigitaldeasturias.com\/magazine365\/wp-content\/uploads\/2015\/11\/fotonoticia_20151124145610_800.jpg","width":800,"height":800},"datePublished":"2015-11-26T04:18:18+01:00","dateModified":"2015-11-26T04:18:18+01:00","inLanguage":"es-ES","mainEntityOfPage":{"@id":"https:\/\/eldigitaldeasturias.com\/magazine365\/el-precio-del-taxi-de-barcelona-subira-tres-centimos-por-kilometro-en-horario-diurno\/#webpage"},"isPartOf":{"@id":"https:\/\/eldigitaldeasturias.com\/magazine365\/el-precio-del-taxi-de-barcelona-subira-tres-centimos-por-kilometro-en-horario-diurno\/#webpage"},"articleSection":"Noticias y Actualidad"},{"@type":"BreadcrumbList","@id":"https:\/\/eldigitaldeasturias.com\/magazine365\/el-precio-del-taxi-de-barcelona-subira-tres-centimos-por-kilometro-en-horario-diurno\/#breadcrumblist","itemListElement":[{"@type":"ListItem","@id":"https:\/\/eldigitaldeasturias.com\/magazine365#listItem","position":1,"name":"Home","item":"https:\/\/eldigitaldeasturias.com\/magazine365","nextItem":{"@type":"ListItem","@id":"https:\/\/eldigitaldeasturias.com\/magazine365\/category\/noticias-actualidad\/#listItem","name":"Noticias y Actualidad"}},{"@type":"ListItem","@id":"https:\/\/eldigitaldeasturias.com\/magazine365\/category\/noticias-actualidad\/#listItem","position":2,"name":"Noticias y Actualidad","item":"https:\/\/eldigitaldeasturias.com\/magazine365\/category\/noticias-actualidad\/","nextItem":{"@type":"ListItem","@id":"https:\/\/eldigitaldeasturias.com\/magazine365\/el-precio-del-taxi-de-barcelona-subira-tres-centimos-por-kilometro-en-horario-diurno\/#listItem","name":"El precio del taxi de Barcelona subir\u00e1 tres c\u00e9ntimos por kil\u00f3metro en horario diurno"},"previousItem":{"@type":"ListItem","@id":"https:\/\/eldigitaldeasturias.com\/magazine365#listItem","name":"Home"}},{"@type":"ListItem","@id":"https:\/\/eldigitaldeasturias.com\/magazine365\/el-precio-del-taxi-de-barcelona-subira-tres-centimos-por-kilometro-en-horario-diurno\/#listItem","position":3,"name":"El precio del taxi de Barcelona subir\u00e1 tres c\u00e9ntimos por kil\u00f3metro en horario diurno","previousItem":{"@type":"ListItem","@id":"https:\/\/eldigitaldeasturias.com\/magazine365\/category\/noticias-actualidad\/#listItem","name":"Noticias y Actualidad"}}]},{"@type":"Organization","@id":"https:\/\/eldigitaldeasturias.com\/magazine365\/#organization","name":"El digital de Asturias","description":"Revista de ocio, turismo y estilo de vida","url":"https:\/\/eldigitaldeasturias.com\/magazine365\/","logo":{"@type":"ImageObject","url":"https:\/\/www.eldigitaldeasturias.com\/noticias\/wp-content\/uploads\/2020\/12\/EDA.jpg","@id":"https:\/\/eldigitaldeasturias.com\/magazine365\/el-precio-del-taxi-de-barcelona-subira-tres-centimos-por-kilometro-en-horario-diurno\/#organizationLogo"},"image":{"@id":"https:\/\/eldigitaldeasturias.com\/magazine365\/el-precio-del-taxi-de-barcelona-subira-tres-centimos-por-kilometro-en-horario-diurno\/#organizationLogo"}},{"@type":"Person","@id":"https:\/\/eldigitaldeasturias.com\/magazine365\/author\/admin\/#author","url":"https:\/\/eldigitaldeasturias.com\/magazine365\/author\/admin\/","name":"admin","image":{"@type":"ImageObject","@id":"https:\/\/eldigitaldeasturias.com\/magazine365\/el-precio-del-taxi-de-barcelona-subira-tres-centimos-por-kilometro-en-horario-diurno\/#authorImage","url":"https:\/\/eldigitaldeasturias.com\/magazine365\/wp-content\/litespeed\/avatar\/e571bcf59a0edd6fa6838245a470f2fe.jpg?ver=1777574230","width":96,"height":96,"caption":"admin"}},{"@type":"WebPage","@id":"https:\/\/eldigitaldeasturias.com\/magazine365\/el-precio-del-taxi-de-barcelona-subira-tres-centimos-por-kilometro-en-horario-diurno\/#webpage","url":"https:\/\/eldigitaldeasturias.com\/magazine365\/el-precio-del-taxi-de-barcelona-subira-tres-centimos-por-kilometro-en-horario-diurno\/","name":"El precio del taxi de Barcelona subir\u00e1 tres c\u00e9ntimos por kil\u00f3metro en horario diurno | El Digital de Asturias","description":"El \u00c1rea Metropolitana de Barcelona (AMB) ha aprobado las tarifas del taxi para el a\u00f1o 2016 que prev\u00e9n un incremento de la tarifa diurna en los d\u00edas laborables, que pasar\u00e1 de 1,07 euros por kil\u00f3metro a 1,10 euros, mientras que el resto de tarifas se congelan. En un comunicado, el AMB ha calificado de \"continuistas\"","inLanguage":"es-ES","isPartOf":{"@id":"https:\/\/eldigitaldeasturias.com\/magazine365\/#website"},"breadcrumb":{"@id":"https:\/\/eldigitaldeasturias.com\/magazine365\/el-precio-del-taxi-de-barcelona-subira-tres-centimos-por-kilometro-en-horario-diurno\/#breadcrumblist"},"author":{"@id":"https:\/\/eldigitaldeasturias.com\/magazine365\/author\/admin\/#author"},"creator":{"@id":"https:\/\/eldigitaldeasturias.com\/magazine365\/author\/admin\/#author"},"image":{"@type":"ImageObject","url":"https:\/\/eldigitaldeasturias.com\/magazine365\/wp-content\/uploads\/2015\/11\/fotonoticia_20151124145610_800.jpg","@id":"https:\/\/eldigitaldeasturias.com\/magazine365\/el-precio-del-taxi-de-barcelona-subira-tres-centimos-por-kilometro-en-horario-diurno\/#mainImage","width":800,"height":800},"primaryImageOfPage":{"@id":"https:\/\/eldigitaldeasturias.com\/magazine365\/el-precio-del-taxi-de-barcelona-subira-tres-centimos-por-kilometro-en-horario-diurno\/#mainImage"},"datePublished":"2015-11-26T04:18:18+01:00","dateModified":"2015-11-26T04:18:18+01:00"},{"@type":"WebSite","@id":"https:\/\/eldigitaldeasturias.com\/magazine365\/#website","url":"https:\/\/eldigitaldeasturias.com\/magazine365\/","name":"El Digital de Asturias","description":"Revista de ocio, turismo y estilo de vida","inLanguage":"es-ES","publisher":{"@id":"https:\/\/eldigitaldeasturias.com\/magazine365\/#organization"}}]},"og:locale":"es_ES","og:site_name":"El Digital de Asturias \u2013 Revista de ocio, turismo y estilo de vida","og:type":"article","og:title":"El precio del taxi de Barcelona subir\u00e1 tres c\u00e9ntimos por kil\u00f3metro en horario diurno | El Digital de Asturias","og:description":"El \u00c1rea Metropolitana de Barcelona (AMB) ha aprobado las tarifas del taxi para el a\u00f1o 2016 que prev\u00e9n un incremento de la tarifa diurna en los d\u00edas laborables, que pasar\u00e1 de 1,07 euros por kil\u00f3metro a 1,10 euros, mientras que el resto de tarifas se congelan. En un comunicado, el AMB ha calificado de &quot;continuistas&quot;","og:url":"https:\/\/eldigitaldeasturias.com\/magazine365\/el-precio-del-taxi-de-barcelona-subira-tres-centimos-por-kilometro-en-horario-diurno\/","og:image":"https:\/\/eldigitaldeasturias.com\/magazine365\/wp-content\/uploads\/2015\/11\/fotonoticia_20151124145610_800.jpg","og:image:secure_url":"https:\/\/eldigitaldeasturias.com\/magazine365\/wp-content\/uploads\/2015\/11\/fotonoticia_20151124145610_800.jpg","og:image:width":800,"og:image:height":800,"article:published_time":"2015-11-26T03:18:18+00:00","article:modified_time":"2015-11-26T03:18:18+00:00","twitter:card":"summary_large_image","twitter:title":"El precio del taxi de Barcelona subir\u00e1 tres c\u00e9ntimos por kil\u00f3metro en horario diurno | El Digital de Asturias","twitter:description":"El \u00c1rea Metropolitana de Barcelona (AMB) ha aprobado las tarifas del taxi para el a\u00f1o 2016 que prev\u00e9n un incremento de la tarifa diurna en los d\u00edas laborables, que pasar\u00e1 de 1,07 euros por kil\u00f3metro a 1,10 euros, mientras que el resto de tarifas se congelan. En un comunicado, el AMB ha calificado de &quot;continuistas&quot;","twitter:image":"https:\/\/eldigitaldeasturias.com\/magazine365\/wp-content\/uploads\/2015\/11\/fotonoticia_20151124145610_800.jpg"},"aioseo_meta_data":{"post_id":"56592","title":null,"description":null,"keywords":null,"keyphrases":null,"primary_term":null,"canonical_url":null,"og_title":null,"og_description":null,"og_object_type":"default","og_image_type":"default","og_image_url":null,"og_image_width":null,"og_image_height":null,"og_image_custom_url":null,"og_image_custom_fields":null,"og_video":null,"og_custom_url":null,"og_article_section":null,"og_article_tags":null,"twitter_use_og":false,"twitter_card":"default","twitter_image_type":"default","twitter_image_url":null,"twitter_image_custom_url":null,"twitter_image_custom_fields":null,"twitter_title":null,"twitter_description":null,"schema":{"blockGraphs":[],"customGraphs":[],"default":{"data":{"Article":[],"Course":[],"Dataset":[],"FAQPage":[],"Movie":[],"Person":[],"Product":[],"ProductReview":[],"Car":[],"Recipe":[],"Service":[],"SoftwareApplication":[],"WebPage":[]},"graphName":"","isEnabled":true},"graphs":[],"defaultGraph":"","defaultPostTypeGraph":""},"schema_type":null,"schema_type_options":null,"pillar_content":false,"robots_default":true,"robots_noindex":false,"robots_noarchive":false,"robots_nosnippet":false,"robots_nofollow":false,"robots_noimageindex":false,"robots_noodp":false,"robots_notranslate":false,"robots_max_snippet":null,"robots_max_videopreview":null,"robots_max_imagepreview":"large","priority":null,"frequency":null,"location":null,"local_seo":null,"seo_analyzer_scan_date":"2025-09-24 23:06:19","breadcrumb_settings":null,"limit_modified_date":false,"open_ai":null,"ai":null,"created":"2021-03-08 22:55:01","updated":"2025-09-24 23:06:19"},"aioseo_breadcrumb":"<div class=\"aioseo-breadcrumbs\"><span class=\"aioseo-breadcrumb\">\n\t<a href=\"https:\/\/eldigitaldeasturias.com\/magazine365\" title=\"Home\">Home<\/a>\n<\/span><span class=\"aioseo-breadcrumb-separator\">\u2013<\/span><span class=\"aioseo-breadcrumb\">\n\t<a href=\"https:\/\/eldigitaldeasturias.com\/magazine365\/category\/noticias-actualidad\/\" title=\"Noticias y Actualidad\">Noticias y Actualidad<\/a>\n<\/span><span class=\"aioseo-breadcrumb-separator\">\u2013<\/span><span class=\"aioseo-breadcrumb\">\n\t<a href=\"https:\/\/eldigitaldeasturias.com\/magazine365\/el-precio-del-taxi-de-barcelona-subira-tres-centimos-por-kilometro-en-horario-diurno\/\" title=\"El precio del taxi de Barcelona subir\u00e1 tres c\u00e9ntimos por kil\u00f3metro en horario diurno\">El precio del taxi de Barcelona subir\u00e1 tres c\u00e9ntimos por kil\u00f3metro en horario diurno<\/a>\n<\/span><\/div>","aioseo_breadcrumb_json":[{"label":"Home","link":"https:\/\/eldigitaldeasturias.com\/magazine365"},{"label":"Noticias y Actualidad","link":"https:\/\/eldigitaldeasturias.com\/magazine365\/category\/noticias-actualidad\/"},{"label":"El precio del taxi de Barcelona subir\u00e1 tres c\u00e9ntimos por kil\u00f3metro en horario diurno","link":"https:\/\/eldigitaldeasturias.com\/magazine365\/el-precio-del-taxi-de-barcelona-subira-tres-centimos-por-kilometro-en-horario-diurno\/"}],"_links":{"self":[{"href":"https:\/\/eldigitaldeasturias.com\/magazine365\/wp-json\/wp\/v2\/posts\/56592","targetHints":{"allow":["GET"]}}],"collection":[{"href":"https:\/\/eldigitaldeasturias.com\/magazine365\/wp-json\/wp\/v2\/posts"}],"about":[{"href":"https:\/\/eldigitaldeasturias.com\/magazine365\/wp-json\/wp\/v2\/types\/post"}],"author":[{"embeddable":true,"href":"https:\/\/eldigitaldeasturias.com\/magazine365\/wp-json\/wp\/v2\/users\/1"}],"replies":[{"embeddable":true,"href":"https:\/\/eldigitaldeasturias.com\/magazine365\/wp-json\/wp\/v2\/comments?post=56592"}],"version-history":[{"count":0,"href":"https:\/\/eldigitaldeasturias.com\/magazine365\/wp-json\/wp\/v2\/posts\/56592\/revisions"}],"wp:featuredmedia":[{"embeddable":true,"href":"https:\/\/eldigitaldeasturias.com\/magazine365\/wp-json\/wp\/v2\/media\/56593"}],"wp:attachment":[{"href":"https:\/\/eldigitaldeasturias.com\/magazine365\/wp-json\/wp\/v2\/media?parent=56592"}],"wp:term":[{"taxonomy":"category","embeddable":true,"href":"https:\/\/eldigitaldeasturias.com\/magazine365\/wp-json\/wp\/v2\/categories?post=56592"},{"taxonomy":"post_tag","embeddable":true,"href":"https:\/\/eldigitaldeasturias.com\/magazine365\/wp-json\/wp\/v2\/tags?post=56592"}],"curies":[{"name":"wp","href":"https:\/\/api.w.org\/{rel}","templated":true}]}}