{"id":56589,"date":"2015-11-26T04:17:19","date_gmt":"2015-11-26T03:17:19","guid":{"rendered":"http:\/\/eldigitaldeasturias.com\/magazine365\/?p=56589"},"modified":"2015-11-26T04:17:19","modified_gmt":"2015-11-26T03:17:19","slug":"valladolid-promocionara-en-intur-los-caminos-a-santiago","status":"publish","type":"post","link":"https:\/\/eldigitaldeasturias.com\/magazine365\/valladolid-promocionara-en-intur-los-caminos-a-santiago\/","title":{"rendered":"Valladolid promocionar\u00e1 en Intur los Caminos a Santiago"},"content":{"rendered":"<p><img fetchpriority=\"high\" decoding=\"async\" class=\"alignleft size-medium wp-image-56590\" src=\"https:\/\/eldigitaldeasturias.com\/magazine365\/wp-content\/uploads\/2015\/11\/fotonoticia_20151124145533_800-223x300.jpg\" alt=\"fotonoticia_20151124145533_800\" width=\"223\" height=\"300\" srcset=\"https:\/\/eldigitaldeasturias.com\/magazine365\/wp-content\/uploads\/2015\/11\/fotonoticia_20151124145533_800-223x300.jpg 223w, https:\/\/eldigitaldeasturias.com\/magazine365\/wp-content\/uploads\/2015\/11\/fotonoticia_20151124145533_800-476x640.jpg 476w, https:\/\/eldigitaldeasturias.com\/magazine365\/wp-content\/uploads\/2015\/11\/fotonoticia_20151124145533_800-768x1033.jpg 768w, https:\/\/eldigitaldeasturias.com\/magazine365\/wp-content\/uploads\/2015\/11\/fotonoticia_20151124145533_800-150x202.jpg 150w, https:\/\/eldigitaldeasturias.com\/magazine365\/wp-content\/uploads\/2015\/11\/fotonoticia_20151124145533_800-450x605.jpg 450w, https:\/\/eldigitaldeasturias.com\/magazine365\/wp-content\/uploads\/2015\/11\/fotonoticia_20151124145533_800-696x936.jpg 696w, https:\/\/eldigitaldeasturias.com\/magazine365\/wp-content\/uploads\/2015\/11\/fotonoticia_20151124145533_800-312x420.jpg 312w, https:\/\/eldigitaldeasturias.com\/magazine365\/wp-content\/uploads\/2015\/11\/fotonoticia_20151124145533_800.jpg 800w\" sizes=\"(max-width: 223px) 100vw, 223px\" \/>La Diputaci\u00f3n de Valladolid promocionar\u00e1, en la pr\u00f3xima edici\u00f3n de la Feria Internacional de Turismo de Interior (Intur), los Caminos a Santiago a su paso por la provincia, que se\u00f1alar\u00e1 con 61 nuevos hitos, y el turismo termal.<\/p>\n<p>As\u00ed lo ha anunciado este martes el presidente de la Instituci\u00f3n provincial, Jes\u00fas Julio Carnero, con motivo de la presentaci\u00f3n realizada en la localidad de Alcazar\u00e9n, primera de Valladolid en el recorrido del Camino a Santiago de Madrid, donde se ha referido a los tres pilares sobre los que se sustenta la oferta.<\/p>\n<p>Los Caminos a Santiago siguen siendo objeto de promoci\u00f3n y, en este \u00e1mbito, Carnero se ha referido a la nueva se\u00f1alizaci\u00f3n, un hito direccional firmada por un tubo de acero inoxidable con el escudo de la Diputaci\u00f3n, la concha del Camino y la flecha amarilla, que se ubicar\u00e1 en 61 localizaciones.<\/p>\n<p>A estos hitos, que se suman a los 84 mojones y doce se\u00f1ales de madera ya localizados en los Caminos de Madrid y Levante, se suma la creaci\u00f3n de dos zonas estacionales de descanso para peregrinos en Pe\u00f1aflor de Hornija y Valverde de Campos con zonas de arbolado y bancos.<\/p>\n<p>La Diputaci\u00f3n, que presentar\u00e1 ma\u00f1ana junto al Ayuntamiento el expositor que, de nuevo de manera conjunta, exhibir\u00e1n en Intur y que acoger\u00e1 once presentaciones, se ha referido tambi\u00e9n a &#8216;Elige el agua: balnearios y hoteles con spa en la provincia de Valladolid&#8217;, segundo producto con el que la Instituci\u00f3n acude a la feria.<\/p>\n<p>TRES BALNEARIOS Y SIETE HOTELES<\/p>\n<p>Se trata de una gu\u00eda que recoge los tres balnearios y los siete hoteles con spa de la provincia, de los que se ofrecen im\u00e1genes interiores y exteriores adem\u00e1s de informaci\u00f3n general y su vinculaci\u00f3n con otras propuestas como el turismo enol\u00f3gico y las rutas del vino Ribera de Duero y Rueda.<\/p>\n<p>De la gu\u00eda se han editado 2.000 ejemplares que se distribuir\u00e1n en ferias y oficinas de turismo.<\/p>\n<p>Por \u00faltimo Carnero, quien ha estado arropado en la presentaci\u00f3n por parte de la Corporaci\u00f3n, adem\u00e1s de por la alcaldesa de Alcazar\u00e9n, Ana Isabel Catalina L\u00f3pez, y el premio Cervantes Jos\u00e9 Jim\u00e9nez Lozano, ha presentado el nuevo v\u00eddeo promocional de Valladolid, que desde el amanecer \u00aby hasta el ocaso\u00bb, recorre 13 recursos de la provincia.<\/p>\n<p>La gastronom\u00eda, el enoturismo y los alojamientos rurales, adem\u00e1s de el propio Camino de Santiago, la iglesia de San Cebri\u00e1n de Mazote, la Santa Espina o las riberas de Castronu\u00f1o, forman parte del recorrido que propone la Diputaci\u00f3n y que, en forma de spot, comenzar\u00e1 a emitirse \u00abde manera inmediata\u00bb en la 7 de Castilla y Le\u00f3n Televisi\u00f3n y tambi\u00e9n en provincias y comunidades cercanas.<\/p>\n<p>\u00abHablar del turismo de interior es sin\u00f3nimo de hablar de Valladolid y de Castilla y Le\u00f3n\u00bb, ha aseverado Carnero, quien de manera previa hab\u00eda atendido la larga alocuci\u00f3n de Jim\u00e9nez Lozano y la intervenci\u00f3n de la alcaldesa de la localidad, quien ha destacado la \u00abhospitalidad\u00bb del pueblo pese a su peque\u00f1o tama\u00f1o y ha ensalzado algunos de sus bienes.<\/p>\n<p>La iglesia de Santiago, de la que est\u00e1n \u00aborgullosos\u00bb, su condici\u00f3n de escenario del divorcio de Enrique IV y Blanca de Navarra, la ermita del Humilladero o la figura del bandolero Luis Castelos han sido tambi\u00e9n recordadas por la alcaldesa, quien a continuaci\u00f3n, junto al resto de la comitiva, ha visitado el albergue de peregrinos de la localidad.<\/p>\n","protected":false},"excerpt":{"rendered":"<p>La Diputaci\u00f3n de Valladolid promocionar\u00e1, en la pr\u00f3xima edici\u00f3n de la Feria Internacional de Turismo de Interior (Intur), los Caminos a Santiago a su paso por la provincia, que se\u00f1alar\u00e1 con 61 nuevos hitos, y el turismo termal. As\u00ed lo ha anunciado este martes el presidente de la Instituci\u00f3n provincial, Jes\u00fas Julio Carnero, con motivo<\/p>\n","protected":false},"author":1,"featured_media":56590,"comment_status":"open","ping_status":"closed","sticky":false,"template":"","format":"standard","meta":{"footnotes":""},"categories":[224],"tags":[],"class_list":{"0":"post-56589","1":"post","2":"type-post","3":"status-publish","4":"format-standard","5":"has-post-thumbnail","7":"category-noticias-actualidad"},"aioseo_notices":[],"aioseo_head":"\n\t\t<!-- All in One SEO Pro 4.9.6.1 - aioseo.com -->\n\t<meta name=\"description\" content=\"La Diputaci\u00f3n de Valladolid promocionar\u00e1, en la pr\u00f3xima edici\u00f3n de la Feria Internacional de Turismo de Interior (Intur), los Caminos a Santiago a su paso por la provincia, que se\u00f1alar\u00e1 con 61 nuevos hitos, y el turismo termal. As\u00ed lo ha anunciado este martes el presidente de la Instituci\u00f3n provincial, Jes\u00fas Julio Carnero, con motivo\" \/>\n\t<meta name=\"robots\" content=\"max-image-preview:large\" \/>\n\t<meta name=\"author\" content=\"admin\"\/>\n\t<meta name=\"google-site-verification\" content=\"UA-38556648-1\" \/>\n\t<meta name=\"keywords\" content=\"noticias y actualidad\" \/>\n\t<link rel=\"canonical\" href=\"https:\/\/eldigitaldeasturias.com\/magazine365\/valladolid-promocionara-en-intur-los-caminos-a-santiago\/\" \/>\n\t<meta name=\"generator\" content=\"All in One SEO Pro (AIOSEO) 4.9.6.1\" \/>\n\t\t<meta property=\"og:locale\" content=\"es_ES\" \/>\n\t\t<meta property=\"og:site_name\" content=\"El Digital de Asturias \u2013 Revista de ocio, turismo y estilo de vida\" \/>\n\t\t<meta property=\"og:type\" content=\"article\" \/>\n\t\t<meta property=\"og:title\" content=\"Valladolid promocionar\u00e1 en Intur los Caminos a Santiago | El Digital de Asturias\" \/>\n\t\t<meta property=\"og:description\" content=\"La Diputaci\u00f3n de Valladolid promocionar\u00e1, en la pr\u00f3xima edici\u00f3n de la Feria Internacional de Turismo de Interior (Intur), los Caminos a Santiago a su paso por la provincia, que se\u00f1alar\u00e1 con 61 nuevos hitos, y el turismo termal. As\u00ed lo ha anunciado este martes el presidente de la Instituci\u00f3n provincial, Jes\u00fas Julio Carnero, con motivo\" \/>\n\t\t<meta property=\"og:url\" content=\"https:\/\/eldigitaldeasturias.com\/magazine365\/valladolid-promocionara-en-intur-los-caminos-a-santiago\/\" \/>\n\t\t<meta property=\"og:image\" content=\"https:\/\/eldigitaldeasturias.com\/magazine365\/wp-content\/uploads\/2015\/11\/fotonoticia_20151124145533_800.jpg\" \/>\n\t\t<meta property=\"og:image:secure_url\" content=\"https:\/\/eldigitaldeasturias.com\/magazine365\/wp-content\/uploads\/2015\/11\/fotonoticia_20151124145533_800.jpg\" \/>\n\t\t<meta property=\"og:image:width\" content=\"800\" \/>\n\t\t<meta property=\"og:image:height\" content=\"1076\" \/>\n\t\t<meta property=\"article:published_time\" content=\"2015-11-26T03:17:19+00:00\" \/>\n\t\t<meta property=\"article:modified_time\" content=\"2015-11-26T03:17:19+00:00\" \/>\n\t\t<meta name=\"twitter:card\" content=\"summary_large_image\" \/>\n\t\t<meta name=\"twitter:title\" content=\"Valladolid promocionar\u00e1 en Intur los Caminos a Santiago | El Digital de Asturias\" \/>\n\t\t<meta name=\"twitter:description\" content=\"La Diputaci\u00f3n de Valladolid promocionar\u00e1, en la pr\u00f3xima edici\u00f3n de la Feria Internacional de Turismo de Interior (Intur), los Caminos a Santiago a su paso por la provincia, que se\u00f1alar\u00e1 con 61 nuevos hitos, y el turismo termal. As\u00ed lo ha anunciado este martes el presidente de la Instituci\u00f3n provincial, Jes\u00fas Julio Carnero, con motivo\" \/>\n\t\t<meta name=\"twitter:image\" content=\"https:\/\/eldigitaldeasturias.com\/magazine365\/wp-content\/uploads\/2015\/11\/fotonoticia_20151124145533_800.jpg\" \/>\n\t\t<script type=\"application\/ld+json\" class=\"aioseo-schema\">\n\t\t\t{\"@context\":\"https:\\\/\\\/schema.org\",\"@graph\":[{\"@type\":\"Article\",\"@id\":\"https:\\\/\\\/eldigitaldeasturias.com\\\/magazine365\\\/valladolid-promocionara-en-intur-los-caminos-a-santiago\\\/#article\",\"name\":\"Valladolid promocionar\\u00e1 en Intur los Caminos a Santiago | El Digital de Asturias\",\"headline\":\"Valladolid promocionar\\u00e1 en Intur los Caminos a Santiago\",\"author\":{\"@id\":\"https:\\\/\\\/eldigitaldeasturias.com\\\/magazine365\\\/author\\\/admin\\\/#author\"},\"publisher\":{\"@id\":\"https:\\\/\\\/eldigitaldeasturias.com\\\/magazine365\\\/#organization\"},\"image\":{\"@type\":\"ImageObject\",\"url\":\"https:\\\/\\\/eldigitaldeasturias.com\\\/magazine365\\\/wp-content\\\/uploads\\\/2015\\\/11\\\/fotonoticia_20151124145533_800.jpg\",\"width\":800,\"height\":1076},\"datePublished\":\"2015-11-26T04:17:19+01:00\",\"dateModified\":\"2015-11-26T04:17:19+01:00\",\"inLanguage\":\"es-ES\",\"mainEntityOfPage\":{\"@id\":\"https:\\\/\\\/eldigitaldeasturias.com\\\/magazine365\\\/valladolid-promocionara-en-intur-los-caminos-a-santiago\\\/#webpage\"},\"isPartOf\":{\"@id\":\"https:\\\/\\\/eldigitaldeasturias.com\\\/magazine365\\\/valladolid-promocionara-en-intur-los-caminos-a-santiago\\\/#webpage\"},\"articleSection\":\"Noticias y Actualidad\"},{\"@type\":\"BreadcrumbList\",\"@id\":\"https:\\\/\\\/eldigitaldeasturias.com\\\/magazine365\\\/valladolid-promocionara-en-intur-los-caminos-a-santiago\\\/#breadcrumblist\",\"itemListElement\":[{\"@type\":\"ListItem\",\"@id\":\"https:\\\/\\\/eldigitaldeasturias.com\\\/magazine365#listItem\",\"position\":1,\"name\":\"Home\",\"item\":\"https:\\\/\\\/eldigitaldeasturias.com\\\/magazine365\",\"nextItem\":{\"@type\":\"ListItem\",\"@id\":\"https:\\\/\\\/eldigitaldeasturias.com\\\/magazine365\\\/category\\\/noticias-actualidad\\\/#listItem\",\"name\":\"Noticias y Actualidad\"}},{\"@type\":\"ListItem\",\"@id\":\"https:\\\/\\\/eldigitaldeasturias.com\\\/magazine365\\\/category\\\/noticias-actualidad\\\/#listItem\",\"position\":2,\"name\":\"Noticias y Actualidad\",\"item\":\"https:\\\/\\\/eldigitaldeasturias.com\\\/magazine365\\\/category\\\/noticias-actualidad\\\/\",\"nextItem\":{\"@type\":\"ListItem\",\"@id\":\"https:\\\/\\\/eldigitaldeasturias.com\\\/magazine365\\\/valladolid-promocionara-en-intur-los-caminos-a-santiago\\\/#listItem\",\"name\":\"Valladolid promocionar\\u00e1 en Intur los Caminos a Santiago\"},\"previousItem\":{\"@type\":\"ListItem\",\"@id\":\"https:\\\/\\\/eldigitaldeasturias.com\\\/magazine365#listItem\",\"name\":\"Home\"}},{\"@type\":\"ListItem\",\"@id\":\"https:\\\/\\\/eldigitaldeasturias.com\\\/magazine365\\\/valladolid-promocionara-en-intur-los-caminos-a-santiago\\\/#listItem\",\"position\":3,\"name\":\"Valladolid promocionar\\u00e1 en Intur los Caminos a Santiago\",\"previousItem\":{\"@type\":\"ListItem\",\"@id\":\"https:\\\/\\\/eldigitaldeasturias.com\\\/magazine365\\\/category\\\/noticias-actualidad\\\/#listItem\",\"name\":\"Noticias y Actualidad\"}}]},{\"@type\":\"Organization\",\"@id\":\"https:\\\/\\\/eldigitaldeasturias.com\\\/magazine365\\\/#organization\",\"name\":\"El digital de Asturias\",\"description\":\"Revista de ocio, turismo y estilo de vida\",\"url\":\"https:\\\/\\\/eldigitaldeasturias.com\\\/magazine365\\\/\",\"logo\":{\"@type\":\"ImageObject\",\"url\":\"https:\\\/\\\/www.eldigitaldeasturias.com\\\/noticias\\\/wp-content\\\/uploads\\\/2020\\\/12\\\/EDA.jpg\",\"@id\":\"https:\\\/\\\/eldigitaldeasturias.com\\\/magazine365\\\/valladolid-promocionara-en-intur-los-caminos-a-santiago\\\/#organizationLogo\"},\"image\":{\"@id\":\"https:\\\/\\\/eldigitaldeasturias.com\\\/magazine365\\\/valladolid-promocionara-en-intur-los-caminos-a-santiago\\\/#organizationLogo\"}},{\"@type\":\"Person\",\"@id\":\"https:\\\/\\\/eldigitaldeasturias.com\\\/magazine365\\\/author\\\/admin\\\/#author\",\"url\":\"https:\\\/\\\/eldigitaldeasturias.com\\\/magazine365\\\/author\\\/admin\\\/\",\"name\":\"admin\",\"image\":{\"@type\":\"ImageObject\",\"@id\":\"https:\\\/\\\/eldigitaldeasturias.com\\\/magazine365\\\/valladolid-promocionara-en-intur-los-caminos-a-santiago\\\/#authorImage\",\"url\":\"https:\\\/\\\/eldigitaldeasturias.com\\\/magazine365\\\/wp-content\\\/litespeed\\\/avatar\\\/e571bcf59a0edd6fa6838245a470f2fe.jpg?ver=1777574230\",\"width\":96,\"height\":96,\"caption\":\"admin\"}},{\"@type\":\"WebPage\",\"@id\":\"https:\\\/\\\/eldigitaldeasturias.com\\\/magazine365\\\/valladolid-promocionara-en-intur-los-caminos-a-santiago\\\/#webpage\",\"url\":\"https:\\\/\\\/eldigitaldeasturias.com\\\/magazine365\\\/valladolid-promocionara-en-intur-los-caminos-a-santiago\\\/\",\"name\":\"Valladolid promocionar\\u00e1 en Intur los Caminos a Santiago | El Digital de Asturias\",\"description\":\"La Diputaci\\u00f3n de Valladolid promocionar\\u00e1, en la pr\\u00f3xima edici\\u00f3n de la Feria Internacional de Turismo de Interior (Intur), los Caminos a Santiago a su paso por la provincia, que se\\u00f1alar\\u00e1 con 61 nuevos hitos, y el turismo termal. As\\u00ed lo ha anunciado este martes el presidente de la Instituci\\u00f3n provincial, Jes\\u00fas Julio Carnero, con motivo\",\"inLanguage\":\"es-ES\",\"isPartOf\":{\"@id\":\"https:\\\/\\\/eldigitaldeasturias.com\\\/magazine365\\\/#website\"},\"breadcrumb\":{\"@id\":\"https:\\\/\\\/eldigitaldeasturias.com\\\/magazine365\\\/valladolid-promocionara-en-intur-los-caminos-a-santiago\\\/#breadcrumblist\"},\"author\":{\"@id\":\"https:\\\/\\\/eldigitaldeasturias.com\\\/magazine365\\\/author\\\/admin\\\/#author\"},\"creator\":{\"@id\":\"https:\\\/\\\/eldigitaldeasturias.com\\\/magazine365\\\/author\\\/admin\\\/#author\"},\"image\":{\"@type\":\"ImageObject\",\"url\":\"https:\\\/\\\/eldigitaldeasturias.com\\\/magazine365\\\/wp-content\\\/uploads\\\/2015\\\/11\\\/fotonoticia_20151124145533_800.jpg\",\"@id\":\"https:\\\/\\\/eldigitaldeasturias.com\\\/magazine365\\\/valladolid-promocionara-en-intur-los-caminos-a-santiago\\\/#mainImage\",\"width\":800,\"height\":1076},\"primaryImageOfPage\":{\"@id\":\"https:\\\/\\\/eldigitaldeasturias.com\\\/magazine365\\\/valladolid-promocionara-en-intur-los-caminos-a-santiago\\\/#mainImage\"},\"datePublished\":\"2015-11-26T04:17:19+01:00\",\"dateModified\":\"2015-11-26T04:17:19+01:00\"},{\"@type\":\"WebSite\",\"@id\":\"https:\\\/\\\/eldigitaldeasturias.com\\\/magazine365\\\/#website\",\"url\":\"https:\\\/\\\/eldigitaldeasturias.com\\\/magazine365\\\/\",\"name\":\"El Digital de Asturias\",\"description\":\"Revista de ocio, turismo y estilo de vida\",\"inLanguage\":\"es-ES\",\"publisher\":{\"@id\":\"https:\\\/\\\/eldigitaldeasturias.com\\\/magazine365\\\/#organization\"}}]}\n\t\t<\/script>\n\t\t<!-- All in One SEO Pro -->\r\n\t\t<title>Valladolid promocionar\u00e1 en Intur los Caminos a Santiago | El Digital de Asturias<\/title>\n\n","aioseo_head_json":{"title":"Valladolid promocionar\u00e1 en Intur los Caminos a Santiago | El Digital de Asturias","description":"La Diputaci\u00f3n de Valladolid promocionar\u00e1, en la pr\u00f3xima edici\u00f3n de la Feria Internacional de Turismo de Interior (Intur), los Caminos a Santiago a su paso por la provincia, que se\u00f1alar\u00e1 con 61 nuevos hitos, y el turismo termal. As\u00ed lo ha anunciado este martes el presidente de la Instituci\u00f3n provincial, Jes\u00fas Julio Carnero, con motivo","canonical_url":"https:\/\/eldigitaldeasturias.com\/magazine365\/valladolid-promocionara-en-intur-los-caminos-a-santiago\/","robots":"max-image-preview:large","keywords":"noticias y actualidad","webmasterTools":{"google-site-verification":"UA-38556648-1","miscellaneous":""},"schema":{"@context":"https:\/\/schema.org","@graph":[{"@type":"Article","@id":"https:\/\/eldigitaldeasturias.com\/magazine365\/valladolid-promocionara-en-intur-los-caminos-a-santiago\/#article","name":"Valladolid promocionar\u00e1 en Intur los Caminos a Santiago | El Digital de Asturias","headline":"Valladolid promocionar\u00e1 en Intur los Caminos a Santiago","author":{"@id":"https:\/\/eldigitaldeasturias.com\/magazine365\/author\/admin\/#author"},"publisher":{"@id":"https:\/\/eldigitaldeasturias.com\/magazine365\/#organization"},"image":{"@type":"ImageObject","url":"https:\/\/eldigitaldeasturias.com\/magazine365\/wp-content\/uploads\/2015\/11\/fotonoticia_20151124145533_800.jpg","width":800,"height":1076},"datePublished":"2015-11-26T04:17:19+01:00","dateModified":"2015-11-26T04:17:19+01:00","inLanguage":"es-ES","mainEntityOfPage":{"@id":"https:\/\/eldigitaldeasturias.com\/magazine365\/valladolid-promocionara-en-intur-los-caminos-a-santiago\/#webpage"},"isPartOf":{"@id":"https:\/\/eldigitaldeasturias.com\/magazine365\/valladolid-promocionara-en-intur-los-caminos-a-santiago\/#webpage"},"articleSection":"Noticias y Actualidad"},{"@type":"BreadcrumbList","@id":"https:\/\/eldigitaldeasturias.com\/magazine365\/valladolid-promocionara-en-intur-los-caminos-a-santiago\/#breadcrumblist","itemListElement":[{"@type":"ListItem","@id":"https:\/\/eldigitaldeasturias.com\/magazine365#listItem","position":1,"name":"Home","item":"https:\/\/eldigitaldeasturias.com\/magazine365","nextItem":{"@type":"ListItem","@id":"https:\/\/eldigitaldeasturias.com\/magazine365\/category\/noticias-actualidad\/#listItem","name":"Noticias y Actualidad"}},{"@type":"ListItem","@id":"https:\/\/eldigitaldeasturias.com\/magazine365\/category\/noticias-actualidad\/#listItem","position":2,"name":"Noticias y Actualidad","item":"https:\/\/eldigitaldeasturias.com\/magazine365\/category\/noticias-actualidad\/","nextItem":{"@type":"ListItem","@id":"https:\/\/eldigitaldeasturias.com\/magazine365\/valladolid-promocionara-en-intur-los-caminos-a-santiago\/#listItem","name":"Valladolid promocionar\u00e1 en Intur los Caminos a Santiago"},"previousItem":{"@type":"ListItem","@id":"https:\/\/eldigitaldeasturias.com\/magazine365#listItem","name":"Home"}},{"@type":"ListItem","@id":"https:\/\/eldigitaldeasturias.com\/magazine365\/valladolid-promocionara-en-intur-los-caminos-a-santiago\/#listItem","position":3,"name":"Valladolid promocionar\u00e1 en Intur los Caminos a Santiago","previousItem":{"@type":"ListItem","@id":"https:\/\/eldigitaldeasturias.com\/magazine365\/category\/noticias-actualidad\/#listItem","name":"Noticias y Actualidad"}}]},{"@type":"Organization","@id":"https:\/\/eldigitaldeasturias.com\/magazine365\/#organization","name":"El digital de Asturias","description":"Revista de ocio, turismo y estilo de vida","url":"https:\/\/eldigitaldeasturias.com\/magazine365\/","logo":{"@type":"ImageObject","url":"https:\/\/www.eldigitaldeasturias.com\/noticias\/wp-content\/uploads\/2020\/12\/EDA.jpg","@id":"https:\/\/eldigitaldeasturias.com\/magazine365\/valladolid-promocionara-en-intur-los-caminos-a-santiago\/#organizationLogo"},"image":{"@id":"https:\/\/eldigitaldeasturias.com\/magazine365\/valladolid-promocionara-en-intur-los-caminos-a-santiago\/#organizationLogo"}},{"@type":"Person","@id":"https:\/\/eldigitaldeasturias.com\/magazine365\/author\/admin\/#author","url":"https:\/\/eldigitaldeasturias.com\/magazine365\/author\/admin\/","name":"admin","image":{"@type":"ImageObject","@id":"https:\/\/eldigitaldeasturias.com\/magazine365\/valladolid-promocionara-en-intur-los-caminos-a-santiago\/#authorImage","url":"https:\/\/eldigitaldeasturias.com\/magazine365\/wp-content\/litespeed\/avatar\/e571bcf59a0edd6fa6838245a470f2fe.jpg?ver=1777574230","width":96,"height":96,"caption":"admin"}},{"@type":"WebPage","@id":"https:\/\/eldigitaldeasturias.com\/magazine365\/valladolid-promocionara-en-intur-los-caminos-a-santiago\/#webpage","url":"https:\/\/eldigitaldeasturias.com\/magazine365\/valladolid-promocionara-en-intur-los-caminos-a-santiago\/","name":"Valladolid promocionar\u00e1 en Intur los Caminos a Santiago | El Digital de Asturias","description":"La Diputaci\u00f3n de Valladolid promocionar\u00e1, en la pr\u00f3xima edici\u00f3n de la Feria Internacional de Turismo de Interior (Intur), los Caminos a Santiago a su paso por la provincia, que se\u00f1alar\u00e1 con 61 nuevos hitos, y el turismo termal. As\u00ed lo ha anunciado este martes el presidente de la Instituci\u00f3n provincial, Jes\u00fas Julio Carnero, con motivo","inLanguage":"es-ES","isPartOf":{"@id":"https:\/\/eldigitaldeasturias.com\/magazine365\/#website"},"breadcrumb":{"@id":"https:\/\/eldigitaldeasturias.com\/magazine365\/valladolid-promocionara-en-intur-los-caminos-a-santiago\/#breadcrumblist"},"author":{"@id":"https:\/\/eldigitaldeasturias.com\/magazine365\/author\/admin\/#author"},"creator":{"@id":"https:\/\/eldigitaldeasturias.com\/magazine365\/author\/admin\/#author"},"image":{"@type":"ImageObject","url":"https:\/\/eldigitaldeasturias.com\/magazine365\/wp-content\/uploads\/2015\/11\/fotonoticia_20151124145533_800.jpg","@id":"https:\/\/eldigitaldeasturias.com\/magazine365\/valladolid-promocionara-en-intur-los-caminos-a-santiago\/#mainImage","width":800,"height":1076},"primaryImageOfPage":{"@id":"https:\/\/eldigitaldeasturias.com\/magazine365\/valladolid-promocionara-en-intur-los-caminos-a-santiago\/#mainImage"},"datePublished":"2015-11-26T04:17:19+01:00","dateModified":"2015-11-26T04:17:19+01:00"},{"@type":"WebSite","@id":"https:\/\/eldigitaldeasturias.com\/magazine365\/#website","url":"https:\/\/eldigitaldeasturias.com\/magazine365\/","name":"El Digital de Asturias","description":"Revista de ocio, turismo y estilo de vida","inLanguage":"es-ES","publisher":{"@id":"https:\/\/eldigitaldeasturias.com\/magazine365\/#organization"}}]},"og:locale":"es_ES","og:site_name":"El Digital de Asturias \u2013 Revista de ocio, turismo y estilo de vida","og:type":"article","og:title":"Valladolid promocionar\u00e1 en Intur los Caminos a Santiago | El Digital de Asturias","og:description":"La Diputaci\u00f3n de Valladolid promocionar\u00e1, en la pr\u00f3xima edici\u00f3n de la Feria Internacional de Turismo de Interior (Intur), los Caminos a Santiago a su paso por la provincia, que se\u00f1alar\u00e1 con 61 nuevos hitos, y el turismo termal. As\u00ed lo ha anunciado este martes el presidente de la Instituci\u00f3n provincial, Jes\u00fas Julio Carnero, con motivo","og:url":"https:\/\/eldigitaldeasturias.com\/magazine365\/valladolid-promocionara-en-intur-los-caminos-a-santiago\/","og:image":"https:\/\/eldigitaldeasturias.com\/magazine365\/wp-content\/uploads\/2015\/11\/fotonoticia_20151124145533_800.jpg","og:image:secure_url":"https:\/\/eldigitaldeasturias.com\/magazine365\/wp-content\/uploads\/2015\/11\/fotonoticia_20151124145533_800.jpg","og:image:width":800,"og:image:height":1076,"article:published_time":"2015-11-26T03:17:19+00:00","article:modified_time":"2015-11-26T03:17:19+00:00","twitter:card":"summary_large_image","twitter:title":"Valladolid promocionar\u00e1 en Intur los Caminos a Santiago | El Digital de Asturias","twitter:description":"La Diputaci\u00f3n de Valladolid promocionar\u00e1, en la pr\u00f3xima edici\u00f3n de la Feria Internacional de Turismo de Interior (Intur), los Caminos a Santiago a su paso por la provincia, que se\u00f1alar\u00e1 con 61 nuevos hitos, y el turismo termal. As\u00ed lo ha anunciado este martes el presidente de la Instituci\u00f3n provincial, Jes\u00fas Julio Carnero, con motivo","twitter:image":"https:\/\/eldigitaldeasturias.com\/magazine365\/wp-content\/uploads\/2015\/11\/fotonoticia_20151124145533_800.jpg"},"aioseo_meta_data":{"post_id":"56589","title":null,"description":null,"keywords":null,"keyphrases":null,"primary_term":null,"canonical_url":null,"og_title":null,"og_description":null,"og_object_type":"default","og_image_type":"default","og_image_url":null,"og_image_width":null,"og_image_height":null,"og_image_custom_url":null,"og_image_custom_fields":null,"og_video":null,"og_custom_url":null,"og_article_section":null,"og_article_tags":null,"twitter_use_og":false,"twitter_card":"default","twitter_image_type":"default","twitter_image_url":null,"twitter_image_custom_url":null,"twitter_image_custom_fields":null,"twitter_title":null,"twitter_description":null,"schema":{"blockGraphs":[],"customGraphs":[],"default":{"data":{"Article":[],"Course":[],"Dataset":[],"FAQPage":[],"Movie":[],"Person":[],"Product":[],"ProductReview":[],"Car":[],"Recipe":[],"Service":[],"SoftwareApplication":[],"WebPage":[]},"graphName":"","isEnabled":true},"graphs":[]},"schema_type":null,"schema_type_options":null,"pillar_content":false,"robots_default":true,"robots_noindex":false,"robots_noarchive":false,"robots_nosnippet":false,"robots_nofollow":false,"robots_noimageindex":false,"robots_noodp":false,"robots_notranslate":false,"robots_max_snippet":null,"robots_max_videopreview":null,"robots_max_imagepreview":"large","priority":null,"frequency":null,"location":null,"local_seo":null,"seo_analyzer_scan_date":"2025-09-24 23:06:18","breadcrumb_settings":null,"limit_modified_date":false,"open_ai":null,"ai":null,"created":"2021-03-08 22:55:01","updated":"2025-09-24 23:06:18"},"aioseo_breadcrumb":"<div class=\"aioseo-breadcrumbs\"><span class=\"aioseo-breadcrumb\">\n\t<a href=\"https:\/\/eldigitaldeasturias.com\/magazine365\" title=\"Home\">Home<\/a>\n<\/span><span class=\"aioseo-breadcrumb-separator\">\u2013<\/span><span class=\"aioseo-breadcrumb\">\n\t<a href=\"https:\/\/eldigitaldeasturias.com\/magazine365\/category\/noticias-actualidad\/\" title=\"Noticias y Actualidad\">Noticias y Actualidad<\/a>\n<\/span><span class=\"aioseo-breadcrumb-separator\">\u2013<\/span><span class=\"aioseo-breadcrumb\">\n\t<a href=\"https:\/\/eldigitaldeasturias.com\/magazine365\/valladolid-promocionara-en-intur-los-caminos-a-santiago\/\" title=\"Valladolid promocionar\u00e1 en Intur los Caminos a Santiago\">Valladolid promocionar\u00e1 en Intur los Caminos a Santiago<\/a>\n<\/span><\/div>","aioseo_breadcrumb_json":[{"label":"Home","link":"https:\/\/eldigitaldeasturias.com\/magazine365"},{"label":"Noticias y Actualidad","link":"https:\/\/eldigitaldeasturias.com\/magazine365\/category\/noticias-actualidad\/"},{"label":"Valladolid promocionar\u00e1 en Intur los Caminos a Santiago","link":"https:\/\/eldigitaldeasturias.com\/magazine365\/valladolid-promocionara-en-intur-los-caminos-a-santiago\/"}],"_links":{"self":[{"href":"https:\/\/eldigitaldeasturias.com\/magazine365\/wp-json\/wp\/v2\/posts\/56589","targetHints":{"allow":["GET"]}}],"collection":[{"href":"https:\/\/eldigitaldeasturias.com\/magazine365\/wp-json\/wp\/v2\/posts"}],"about":[{"href":"https:\/\/eldigitaldeasturias.com\/magazine365\/wp-json\/wp\/v2\/types\/post"}],"author":[{"embeddable":true,"href":"https:\/\/eldigitaldeasturias.com\/magazine365\/wp-json\/wp\/v2\/users\/1"}],"replies":[{"embeddable":true,"href":"https:\/\/eldigitaldeasturias.com\/magazine365\/wp-json\/wp\/v2\/comments?post=56589"}],"version-history":[{"count":0,"href":"https:\/\/eldigitaldeasturias.com\/magazine365\/wp-json\/wp\/v2\/posts\/56589\/revisions"}],"wp:featuredmedia":[{"embeddable":true,"href":"https:\/\/eldigitaldeasturias.com\/magazine365\/wp-json\/wp\/v2\/media\/56590"}],"wp:attachment":[{"href":"https:\/\/eldigitaldeasturias.com\/magazine365\/wp-json\/wp\/v2\/media?parent=56589"}],"wp:term":[{"taxonomy":"category","embeddable":true,"href":"https:\/\/eldigitaldeasturias.com\/magazine365\/wp-json\/wp\/v2\/categories?post=56589"},{"taxonomy":"post_tag","embeddable":true,"href":"https:\/\/eldigitaldeasturias.com\/magazine365\/wp-json\/wp\/v2\/tags?post=56589"}],"curies":[{"name":"wp","href":"https:\/\/api.w.org\/{rel}","templated":true}]}}