{"id":56472,"date":"2015-11-26T02:46:00","date_gmt":"2015-11-26T01:46:00","guid":{"rendered":"http:\/\/eldigitaldeasturias.com\/magazine365\/?p=56472"},"modified":"2015-11-26T02:46:00","modified_gmt":"2015-11-26T01:46:00","slug":"el-aeropuerto-tenerife-sur-vuelve-a-estar-operativo","status":"publish","type":"post","link":"https:\/\/eldigitaldeasturias.com\/magazine365\/el-aeropuerto-tenerife-sur-vuelve-a-estar-operativo\/","title":{"rendered":"El Aeropuerto Tenerife Sur vuelve a estar operativo"},"content":{"rendered":"<p><img fetchpriority=\"high\" decoding=\"async\" class=\"alignleft size-medium wp-image-56473\" src=\"https:\/\/eldigitaldeasturias.com\/magazine365\/wp-content\/uploads\/2015\/11\/fotonoticia_20151123184038_800-360x202.jpg\" alt=\"fotonoticia_20151123184038_800\" width=\"360\" height=\"202\" srcset=\"https:\/\/eldigitaldeasturias.com\/magazine365\/wp-content\/uploads\/2015\/11\/fotonoticia_20151123184038_800-360x202.jpg 360w, https:\/\/eldigitaldeasturias.com\/magazine365\/wp-content\/uploads\/2015\/11\/fotonoticia_20151123184038_800-650x365.jpg 650w, https:\/\/eldigitaldeasturias.com\/magazine365\/wp-content\/uploads\/2015\/11\/fotonoticia_20151123184038_800-768x431.jpg 768w, https:\/\/eldigitaldeasturias.com\/magazine365\/wp-content\/uploads\/2015\/11\/fotonoticia_20151123184038_800-150x84.jpg 150w, https:\/\/eldigitaldeasturias.com\/magazine365\/wp-content\/uploads\/2015\/11\/fotonoticia_20151123184038_800-450x253.jpg 450w, https:\/\/eldigitaldeasturias.com\/magazine365\/wp-content\/uploads\/2015\/11\/fotonoticia_20151123184038_800-696x391.jpg 696w, https:\/\/eldigitaldeasturias.com\/magazine365\/wp-content\/uploads\/2015\/11\/fotonoticia_20151123184038_800-748x420.jpg 748w, https:\/\/eldigitaldeasturias.com\/magazine365\/wp-content\/uploads\/2015\/11\/fotonoticia_20151123184038_800-499x280.jpg 499w, https:\/\/eldigitaldeasturias.com\/magazine365\/wp-content\/uploads\/2015\/11\/fotonoticia_20151123184038_800.jpg 800w\" sizes=\"(max-width: 360px) 100vw, 360px\" \/>El Aeropuerto Tenerife Sur ya ha vuelto a estar operativo despu\u00e9s de que los operarios hayan retirado de la pista el avi\u00f3n de la compa\u00f1\u00eda Norwegian que est\u00e1 ma\u00f1ana sufri\u00f3 la rotura de dos ruedas de su tren de aterrizaje durante el despegue, seg\u00fan han informado a Europa Press fuentes de Aena.<\/p>\n<p>La operaci\u00f3n para retirar el avi\u00f3n de la \u00fanica pista de Tenerife Sur ha supuesto vaciar 17.000 litros de los dep\u00f3sitos para luego poder sustituir los neum\u00e1ticos reventados, tal y como explican desde Controladores A\u00e9reos. Tras ser remolcado, se procedi\u00f3 a la limpieza y revisi\u00f3n de la pista.<\/p>\n<p>El incidente ha provocado que el Aeropuerto Tenerife Sur haya permanecido cerrado al tr\u00e1fico a\u00e9reo desde las 10.00 horas, provocando una treintena de desv\u00edos a Gran Canaria (15), Tenerife Norte (8), Fuerteventura (6) y Lanzarote (1), adem\u00e1s de cuatro cancelaciones y numerosos retrasos.<\/p>\n","protected":false},"excerpt":{"rendered":"<p>El Aeropuerto Tenerife Sur ya ha vuelto a estar operativo despu\u00e9s de que los operarios hayan retirado de la pista el avi\u00f3n de la compa\u00f1\u00eda Norwegian que est\u00e1 ma\u00f1ana sufri\u00f3 la rotura de dos ruedas de su tren de aterrizaje durante el despegue, seg\u00fan han informado a Europa Press fuentes de Aena. La operaci\u00f3n para<\/p>\n","protected":false},"author":1,"featured_media":56473,"comment_status":"open","ping_status":"closed","sticky":false,"template":"","format":"standard","meta":{"footnotes":""},"categories":[224],"tags":[],"class_list":{"0":"post-56472","1":"post","2":"type-post","3":"status-publish","4":"format-standard","5":"has-post-thumbnail","7":"category-noticias-actualidad"},"aioseo_notices":[],"aioseo_head":"\n\t\t<!-- All in One SEO Pro 4.9.6.1 - aioseo.com -->\n\t<meta name=\"description\" content=\"El Aeropuerto Tenerife Sur ya ha vuelto a estar operativo despu\u00e9s de que los operarios hayan retirado de la pista el avi\u00f3n de la compa\u00f1\u00eda Norwegian que est\u00e1 ma\u00f1ana sufri\u00f3 la rotura de dos ruedas de su tren de aterrizaje durante el despegue, seg\u00fan han informado a Europa Press fuentes de Aena. La operaci\u00f3n para\" \/>\n\t<meta name=\"robots\" content=\"max-image-preview:large\" \/>\n\t<meta name=\"author\" content=\"admin\"\/>\n\t<meta name=\"google-site-verification\" content=\"UA-38556648-1\" \/>\n\t<meta name=\"keywords\" content=\"noticias y actualidad\" \/>\n\t<link rel=\"canonical\" href=\"https:\/\/eldigitaldeasturias.com\/magazine365\/el-aeropuerto-tenerife-sur-vuelve-a-estar-operativo\/\" \/>\n\t<meta name=\"generator\" content=\"All in One SEO Pro (AIOSEO) 4.9.6.1\" \/>\n\t\t<meta property=\"og:locale\" content=\"es_ES\" \/>\n\t\t<meta property=\"og:site_name\" content=\"El Digital de Asturias \u2013 Revista de ocio, turismo y estilo de vida\" \/>\n\t\t<meta property=\"og:type\" content=\"article\" \/>\n\t\t<meta property=\"og:title\" content=\"El Aeropuerto Tenerife Sur vuelve a estar operativo | El Digital de Asturias\" \/>\n\t\t<meta property=\"og:description\" content=\"El Aeropuerto Tenerife Sur ya ha vuelto a estar operativo despu\u00e9s de que los operarios hayan retirado de la pista el avi\u00f3n de la compa\u00f1\u00eda Norwegian que est\u00e1 ma\u00f1ana sufri\u00f3 la rotura de dos ruedas de su tren de aterrizaje durante el despegue, seg\u00fan han informado a Europa Press fuentes de Aena. La operaci\u00f3n para\" \/>\n\t\t<meta property=\"og:url\" content=\"https:\/\/eldigitaldeasturias.com\/magazine365\/el-aeropuerto-tenerife-sur-vuelve-a-estar-operativo\/\" \/>\n\t\t<meta property=\"og:image\" content=\"https:\/\/eldigitaldeasturias.com\/magazine365\/wp-content\/uploads\/2015\/11\/fotonoticia_20151123184038_800.jpg\" \/>\n\t\t<meta property=\"og:image:secure_url\" content=\"https:\/\/eldigitaldeasturias.com\/magazine365\/wp-content\/uploads\/2015\/11\/fotonoticia_20151123184038_800.jpg\" \/>\n\t\t<meta property=\"og:image:width\" content=\"800\" \/>\n\t\t<meta property=\"og:image:height\" content=\"449\" \/>\n\t\t<meta property=\"article:published_time\" content=\"2015-11-26T01:46:00+00:00\" \/>\n\t\t<meta property=\"article:modified_time\" content=\"2015-11-26T01:46:00+00:00\" \/>\n\t\t<meta name=\"twitter:card\" content=\"summary_large_image\" \/>\n\t\t<meta name=\"twitter:title\" content=\"El Aeropuerto Tenerife Sur vuelve a estar operativo | El Digital de Asturias\" \/>\n\t\t<meta name=\"twitter:description\" content=\"El Aeropuerto Tenerife Sur ya ha vuelto a estar operativo despu\u00e9s de que los operarios hayan retirado de la pista el avi\u00f3n de la compa\u00f1\u00eda Norwegian que est\u00e1 ma\u00f1ana sufri\u00f3 la rotura de dos ruedas de su tren de aterrizaje durante el despegue, seg\u00fan han informado a Europa Press fuentes de Aena. La operaci\u00f3n para\" \/>\n\t\t<meta name=\"twitter:image\" content=\"https:\/\/eldigitaldeasturias.com\/magazine365\/wp-content\/uploads\/2015\/11\/fotonoticia_20151123184038_800.jpg\" \/>\n\t\t<script type=\"application\/ld+json\" class=\"aioseo-schema\">\n\t\t\t{\"@context\":\"https:\\\/\\\/schema.org\",\"@graph\":[{\"@type\":\"Article\",\"@id\":\"https:\\\/\\\/eldigitaldeasturias.com\\\/magazine365\\\/el-aeropuerto-tenerife-sur-vuelve-a-estar-operativo\\\/#article\",\"name\":\"El Aeropuerto Tenerife Sur vuelve a estar operativo | El Digital de Asturias\",\"headline\":\"El Aeropuerto Tenerife Sur vuelve a estar operativo\",\"author\":{\"@id\":\"https:\\\/\\\/eldigitaldeasturias.com\\\/magazine365\\\/author\\\/admin\\\/#author\"},\"publisher\":{\"@id\":\"https:\\\/\\\/eldigitaldeasturias.com\\\/magazine365\\\/#organization\"},\"image\":{\"@type\":\"ImageObject\",\"url\":\"https:\\\/\\\/eldigitaldeasturias.com\\\/magazine365\\\/wp-content\\\/uploads\\\/2015\\\/11\\\/fotonoticia_20151123184038_800.jpg\",\"width\":800,\"height\":449},\"datePublished\":\"2015-11-26T02:46:00+01:00\",\"dateModified\":\"2015-11-26T02:46:00+01:00\",\"inLanguage\":\"es-ES\",\"mainEntityOfPage\":{\"@id\":\"https:\\\/\\\/eldigitaldeasturias.com\\\/magazine365\\\/el-aeropuerto-tenerife-sur-vuelve-a-estar-operativo\\\/#webpage\"},\"isPartOf\":{\"@id\":\"https:\\\/\\\/eldigitaldeasturias.com\\\/magazine365\\\/el-aeropuerto-tenerife-sur-vuelve-a-estar-operativo\\\/#webpage\"},\"articleSection\":\"Noticias y Actualidad\"},{\"@type\":\"BreadcrumbList\",\"@id\":\"https:\\\/\\\/eldigitaldeasturias.com\\\/magazine365\\\/el-aeropuerto-tenerife-sur-vuelve-a-estar-operativo\\\/#breadcrumblist\",\"itemListElement\":[{\"@type\":\"ListItem\",\"@id\":\"https:\\\/\\\/eldigitaldeasturias.com\\\/magazine365#listItem\",\"position\":1,\"name\":\"Home\",\"item\":\"https:\\\/\\\/eldigitaldeasturias.com\\\/magazine365\",\"nextItem\":{\"@type\":\"ListItem\",\"@id\":\"https:\\\/\\\/eldigitaldeasturias.com\\\/magazine365\\\/category\\\/noticias-actualidad\\\/#listItem\",\"name\":\"Noticias y Actualidad\"}},{\"@type\":\"ListItem\",\"@id\":\"https:\\\/\\\/eldigitaldeasturias.com\\\/magazine365\\\/category\\\/noticias-actualidad\\\/#listItem\",\"position\":2,\"name\":\"Noticias y Actualidad\",\"item\":\"https:\\\/\\\/eldigitaldeasturias.com\\\/magazine365\\\/category\\\/noticias-actualidad\\\/\",\"nextItem\":{\"@type\":\"ListItem\",\"@id\":\"https:\\\/\\\/eldigitaldeasturias.com\\\/magazine365\\\/el-aeropuerto-tenerife-sur-vuelve-a-estar-operativo\\\/#listItem\",\"name\":\"El Aeropuerto Tenerife Sur vuelve a estar operativo\"},\"previousItem\":{\"@type\":\"ListItem\",\"@id\":\"https:\\\/\\\/eldigitaldeasturias.com\\\/magazine365#listItem\",\"name\":\"Home\"}},{\"@type\":\"ListItem\",\"@id\":\"https:\\\/\\\/eldigitaldeasturias.com\\\/magazine365\\\/el-aeropuerto-tenerife-sur-vuelve-a-estar-operativo\\\/#listItem\",\"position\":3,\"name\":\"El Aeropuerto Tenerife Sur vuelve a estar operativo\",\"previousItem\":{\"@type\":\"ListItem\",\"@id\":\"https:\\\/\\\/eldigitaldeasturias.com\\\/magazine365\\\/category\\\/noticias-actualidad\\\/#listItem\",\"name\":\"Noticias y Actualidad\"}}]},{\"@type\":\"Organization\",\"@id\":\"https:\\\/\\\/eldigitaldeasturias.com\\\/magazine365\\\/#organization\",\"name\":\"El digital de Asturias\",\"description\":\"Revista de ocio, turismo y estilo de vida\",\"url\":\"https:\\\/\\\/eldigitaldeasturias.com\\\/magazine365\\\/\",\"logo\":{\"@type\":\"ImageObject\",\"url\":\"https:\\\/\\\/www.eldigitaldeasturias.com\\\/noticias\\\/wp-content\\\/uploads\\\/2020\\\/12\\\/EDA.jpg\",\"@id\":\"https:\\\/\\\/eldigitaldeasturias.com\\\/magazine365\\\/el-aeropuerto-tenerife-sur-vuelve-a-estar-operativo\\\/#organizationLogo\"},\"image\":{\"@id\":\"https:\\\/\\\/eldigitaldeasturias.com\\\/magazine365\\\/el-aeropuerto-tenerife-sur-vuelve-a-estar-operativo\\\/#organizationLogo\"}},{\"@type\":\"Person\",\"@id\":\"https:\\\/\\\/eldigitaldeasturias.com\\\/magazine365\\\/author\\\/admin\\\/#author\",\"url\":\"https:\\\/\\\/eldigitaldeasturias.com\\\/magazine365\\\/author\\\/admin\\\/\",\"name\":\"admin\",\"image\":{\"@type\":\"ImageObject\",\"@id\":\"https:\\\/\\\/eldigitaldeasturias.com\\\/magazine365\\\/el-aeropuerto-tenerife-sur-vuelve-a-estar-operativo\\\/#authorImage\",\"url\":\"https:\\\/\\\/eldigitaldeasturias.com\\\/magazine365\\\/wp-content\\\/litespeed\\\/avatar\\\/e571bcf59a0edd6fa6838245a470f2fe.jpg?ver=1777574230\",\"width\":96,\"height\":96,\"caption\":\"admin\"}},{\"@type\":\"WebPage\",\"@id\":\"https:\\\/\\\/eldigitaldeasturias.com\\\/magazine365\\\/el-aeropuerto-tenerife-sur-vuelve-a-estar-operativo\\\/#webpage\",\"url\":\"https:\\\/\\\/eldigitaldeasturias.com\\\/magazine365\\\/el-aeropuerto-tenerife-sur-vuelve-a-estar-operativo\\\/\",\"name\":\"El Aeropuerto Tenerife Sur vuelve a estar operativo | El Digital de Asturias\",\"description\":\"El Aeropuerto Tenerife Sur ya ha vuelto a estar operativo despu\\u00e9s de que los operarios hayan retirado de la pista el avi\\u00f3n de la compa\\u00f1\\u00eda Norwegian que est\\u00e1 ma\\u00f1ana sufri\\u00f3 la rotura de dos ruedas de su tren de aterrizaje durante el despegue, seg\\u00fan han informado a Europa Press fuentes de Aena. La operaci\\u00f3n para\",\"inLanguage\":\"es-ES\",\"isPartOf\":{\"@id\":\"https:\\\/\\\/eldigitaldeasturias.com\\\/magazine365\\\/#website\"},\"breadcrumb\":{\"@id\":\"https:\\\/\\\/eldigitaldeasturias.com\\\/magazine365\\\/el-aeropuerto-tenerife-sur-vuelve-a-estar-operativo\\\/#breadcrumblist\"},\"author\":{\"@id\":\"https:\\\/\\\/eldigitaldeasturias.com\\\/magazine365\\\/author\\\/admin\\\/#author\"},\"creator\":{\"@id\":\"https:\\\/\\\/eldigitaldeasturias.com\\\/magazine365\\\/author\\\/admin\\\/#author\"},\"image\":{\"@type\":\"ImageObject\",\"url\":\"https:\\\/\\\/eldigitaldeasturias.com\\\/magazine365\\\/wp-content\\\/uploads\\\/2015\\\/11\\\/fotonoticia_20151123184038_800.jpg\",\"@id\":\"https:\\\/\\\/eldigitaldeasturias.com\\\/magazine365\\\/el-aeropuerto-tenerife-sur-vuelve-a-estar-operativo\\\/#mainImage\",\"width\":800,\"height\":449},\"primaryImageOfPage\":{\"@id\":\"https:\\\/\\\/eldigitaldeasturias.com\\\/magazine365\\\/el-aeropuerto-tenerife-sur-vuelve-a-estar-operativo\\\/#mainImage\"},\"datePublished\":\"2015-11-26T02:46:00+01:00\",\"dateModified\":\"2015-11-26T02:46:00+01:00\"},{\"@type\":\"WebSite\",\"@id\":\"https:\\\/\\\/eldigitaldeasturias.com\\\/magazine365\\\/#website\",\"url\":\"https:\\\/\\\/eldigitaldeasturias.com\\\/magazine365\\\/\",\"name\":\"El Digital de Asturias\",\"description\":\"Revista de ocio, turismo y estilo de vida\",\"inLanguage\":\"es-ES\",\"publisher\":{\"@id\":\"https:\\\/\\\/eldigitaldeasturias.com\\\/magazine365\\\/#organization\"}}]}\n\t\t<\/script>\n\t\t<!-- All in One SEO Pro -->\r\n\t\t<title>El Aeropuerto Tenerife Sur vuelve a estar operativo | El Digital de Asturias<\/title>\n\n","aioseo_head_json":{"title":"El Aeropuerto Tenerife Sur vuelve a estar operativo | El Digital de Asturias","description":"El Aeropuerto Tenerife Sur ya ha vuelto a estar operativo despu\u00e9s de que los operarios hayan retirado de la pista el avi\u00f3n de la compa\u00f1\u00eda Norwegian que est\u00e1 ma\u00f1ana sufri\u00f3 la rotura de dos ruedas de su tren de aterrizaje durante el despegue, seg\u00fan han informado a Europa Press fuentes de Aena. La operaci\u00f3n para","canonical_url":"https:\/\/eldigitaldeasturias.com\/magazine365\/el-aeropuerto-tenerife-sur-vuelve-a-estar-operativo\/","robots":"max-image-preview:large","keywords":"noticias y actualidad","webmasterTools":{"google-site-verification":"UA-38556648-1","miscellaneous":""},"schema":{"@context":"https:\/\/schema.org","@graph":[{"@type":"Article","@id":"https:\/\/eldigitaldeasturias.com\/magazine365\/el-aeropuerto-tenerife-sur-vuelve-a-estar-operativo\/#article","name":"El Aeropuerto Tenerife Sur vuelve a estar operativo | El Digital de Asturias","headline":"El Aeropuerto Tenerife Sur vuelve a estar operativo","author":{"@id":"https:\/\/eldigitaldeasturias.com\/magazine365\/author\/admin\/#author"},"publisher":{"@id":"https:\/\/eldigitaldeasturias.com\/magazine365\/#organization"},"image":{"@type":"ImageObject","url":"https:\/\/eldigitaldeasturias.com\/magazine365\/wp-content\/uploads\/2015\/11\/fotonoticia_20151123184038_800.jpg","width":800,"height":449},"datePublished":"2015-11-26T02:46:00+01:00","dateModified":"2015-11-26T02:46:00+01:00","inLanguage":"es-ES","mainEntityOfPage":{"@id":"https:\/\/eldigitaldeasturias.com\/magazine365\/el-aeropuerto-tenerife-sur-vuelve-a-estar-operativo\/#webpage"},"isPartOf":{"@id":"https:\/\/eldigitaldeasturias.com\/magazine365\/el-aeropuerto-tenerife-sur-vuelve-a-estar-operativo\/#webpage"},"articleSection":"Noticias y Actualidad"},{"@type":"BreadcrumbList","@id":"https:\/\/eldigitaldeasturias.com\/magazine365\/el-aeropuerto-tenerife-sur-vuelve-a-estar-operativo\/#breadcrumblist","itemListElement":[{"@type":"ListItem","@id":"https:\/\/eldigitaldeasturias.com\/magazine365#listItem","position":1,"name":"Home","item":"https:\/\/eldigitaldeasturias.com\/magazine365","nextItem":{"@type":"ListItem","@id":"https:\/\/eldigitaldeasturias.com\/magazine365\/category\/noticias-actualidad\/#listItem","name":"Noticias y Actualidad"}},{"@type":"ListItem","@id":"https:\/\/eldigitaldeasturias.com\/magazine365\/category\/noticias-actualidad\/#listItem","position":2,"name":"Noticias y Actualidad","item":"https:\/\/eldigitaldeasturias.com\/magazine365\/category\/noticias-actualidad\/","nextItem":{"@type":"ListItem","@id":"https:\/\/eldigitaldeasturias.com\/magazine365\/el-aeropuerto-tenerife-sur-vuelve-a-estar-operativo\/#listItem","name":"El Aeropuerto Tenerife Sur vuelve a estar operativo"},"previousItem":{"@type":"ListItem","@id":"https:\/\/eldigitaldeasturias.com\/magazine365#listItem","name":"Home"}},{"@type":"ListItem","@id":"https:\/\/eldigitaldeasturias.com\/magazine365\/el-aeropuerto-tenerife-sur-vuelve-a-estar-operativo\/#listItem","position":3,"name":"El Aeropuerto Tenerife Sur vuelve a estar operativo","previousItem":{"@type":"ListItem","@id":"https:\/\/eldigitaldeasturias.com\/magazine365\/category\/noticias-actualidad\/#listItem","name":"Noticias y Actualidad"}}]},{"@type":"Organization","@id":"https:\/\/eldigitaldeasturias.com\/magazine365\/#organization","name":"El digital de Asturias","description":"Revista de ocio, turismo y estilo de vida","url":"https:\/\/eldigitaldeasturias.com\/magazine365\/","logo":{"@type":"ImageObject","url":"https:\/\/www.eldigitaldeasturias.com\/noticias\/wp-content\/uploads\/2020\/12\/EDA.jpg","@id":"https:\/\/eldigitaldeasturias.com\/magazine365\/el-aeropuerto-tenerife-sur-vuelve-a-estar-operativo\/#organizationLogo"},"image":{"@id":"https:\/\/eldigitaldeasturias.com\/magazine365\/el-aeropuerto-tenerife-sur-vuelve-a-estar-operativo\/#organizationLogo"}},{"@type":"Person","@id":"https:\/\/eldigitaldeasturias.com\/magazine365\/author\/admin\/#author","url":"https:\/\/eldigitaldeasturias.com\/magazine365\/author\/admin\/","name":"admin","image":{"@type":"ImageObject","@id":"https:\/\/eldigitaldeasturias.com\/magazine365\/el-aeropuerto-tenerife-sur-vuelve-a-estar-operativo\/#authorImage","url":"https:\/\/eldigitaldeasturias.com\/magazine365\/wp-content\/litespeed\/avatar\/e571bcf59a0edd6fa6838245a470f2fe.jpg?ver=1777574230","width":96,"height":96,"caption":"admin"}},{"@type":"WebPage","@id":"https:\/\/eldigitaldeasturias.com\/magazine365\/el-aeropuerto-tenerife-sur-vuelve-a-estar-operativo\/#webpage","url":"https:\/\/eldigitaldeasturias.com\/magazine365\/el-aeropuerto-tenerife-sur-vuelve-a-estar-operativo\/","name":"El Aeropuerto Tenerife Sur vuelve a estar operativo | El Digital de Asturias","description":"El Aeropuerto Tenerife Sur ya ha vuelto a estar operativo despu\u00e9s de que los operarios hayan retirado de la pista el avi\u00f3n de la compa\u00f1\u00eda Norwegian que est\u00e1 ma\u00f1ana sufri\u00f3 la rotura de dos ruedas de su tren de aterrizaje durante el despegue, seg\u00fan han informado a Europa Press fuentes de Aena. La operaci\u00f3n para","inLanguage":"es-ES","isPartOf":{"@id":"https:\/\/eldigitaldeasturias.com\/magazine365\/#website"},"breadcrumb":{"@id":"https:\/\/eldigitaldeasturias.com\/magazine365\/el-aeropuerto-tenerife-sur-vuelve-a-estar-operativo\/#breadcrumblist"},"author":{"@id":"https:\/\/eldigitaldeasturias.com\/magazine365\/author\/admin\/#author"},"creator":{"@id":"https:\/\/eldigitaldeasturias.com\/magazine365\/author\/admin\/#author"},"image":{"@type":"ImageObject","url":"https:\/\/eldigitaldeasturias.com\/magazine365\/wp-content\/uploads\/2015\/11\/fotonoticia_20151123184038_800.jpg","@id":"https:\/\/eldigitaldeasturias.com\/magazine365\/el-aeropuerto-tenerife-sur-vuelve-a-estar-operativo\/#mainImage","width":800,"height":449},"primaryImageOfPage":{"@id":"https:\/\/eldigitaldeasturias.com\/magazine365\/el-aeropuerto-tenerife-sur-vuelve-a-estar-operativo\/#mainImage"},"datePublished":"2015-11-26T02:46:00+01:00","dateModified":"2015-11-26T02:46:00+01:00"},{"@type":"WebSite","@id":"https:\/\/eldigitaldeasturias.com\/magazine365\/#website","url":"https:\/\/eldigitaldeasturias.com\/magazine365\/","name":"El Digital de Asturias","description":"Revista de ocio, turismo y estilo de vida","inLanguage":"es-ES","publisher":{"@id":"https:\/\/eldigitaldeasturias.com\/magazine365\/#organization"}}]},"og:locale":"es_ES","og:site_name":"El Digital de Asturias \u2013 Revista de ocio, turismo y estilo de vida","og:type":"article","og:title":"El Aeropuerto Tenerife Sur vuelve a estar operativo | El Digital de Asturias","og:description":"El Aeropuerto Tenerife Sur ya ha vuelto a estar operativo despu\u00e9s de que los operarios hayan retirado de la pista el avi\u00f3n de la compa\u00f1\u00eda Norwegian que est\u00e1 ma\u00f1ana sufri\u00f3 la rotura de dos ruedas de su tren de aterrizaje durante el despegue, seg\u00fan han informado a Europa Press fuentes de Aena. La operaci\u00f3n para","og:url":"https:\/\/eldigitaldeasturias.com\/magazine365\/el-aeropuerto-tenerife-sur-vuelve-a-estar-operativo\/","og:image":"https:\/\/eldigitaldeasturias.com\/magazine365\/wp-content\/uploads\/2015\/11\/fotonoticia_20151123184038_800.jpg","og:image:secure_url":"https:\/\/eldigitaldeasturias.com\/magazine365\/wp-content\/uploads\/2015\/11\/fotonoticia_20151123184038_800.jpg","og:image:width":800,"og:image:height":449,"article:published_time":"2015-11-26T01:46:00+00:00","article:modified_time":"2015-11-26T01:46:00+00:00","twitter:card":"summary_large_image","twitter:title":"El Aeropuerto Tenerife Sur vuelve a estar operativo | El Digital de Asturias","twitter:description":"El Aeropuerto Tenerife Sur ya ha vuelto a estar operativo despu\u00e9s de que los operarios hayan retirado de la pista el avi\u00f3n de la compa\u00f1\u00eda Norwegian que est\u00e1 ma\u00f1ana sufri\u00f3 la rotura de dos ruedas de su tren de aterrizaje durante el despegue, seg\u00fan han informado a Europa Press fuentes de Aena. La operaci\u00f3n para","twitter:image":"https:\/\/eldigitaldeasturias.com\/magazine365\/wp-content\/uploads\/2015\/11\/fotonoticia_20151123184038_800.jpg"},"aioseo_meta_data":{"post_id":"56472","title":null,"description":null,"keywords":null,"keyphrases":null,"primary_term":null,"canonical_url":null,"og_title":null,"og_description":null,"og_object_type":"default","og_image_type":"default","og_image_url":null,"og_image_width":null,"og_image_height":null,"og_image_custom_url":null,"og_image_custom_fields":null,"og_video":null,"og_custom_url":null,"og_article_section":null,"og_article_tags":null,"twitter_use_og":false,"twitter_card":"default","twitter_image_type":"default","twitter_image_url":null,"twitter_image_custom_url":null,"twitter_image_custom_fields":null,"twitter_title":null,"twitter_description":null,"schema":{"blockGraphs":[],"customGraphs":[],"default":{"data":{"Article":[],"Course":[],"Dataset":[],"FAQPage":[],"Movie":[],"Person":[],"Product":[],"ProductReview":[],"Car":[],"Recipe":[],"Service":[],"SoftwareApplication":[],"WebPage":[]},"graphName":"","isEnabled":true},"graphs":[],"defaultGraph":"","defaultPostTypeGraph":""},"schema_type":null,"schema_type_options":null,"pillar_content":false,"robots_default":true,"robots_noindex":false,"robots_noarchive":false,"robots_nosnippet":false,"robots_nofollow":false,"robots_noimageindex":false,"robots_noodp":false,"robots_notranslate":false,"robots_max_snippet":null,"robots_max_videopreview":null,"robots_max_imagepreview":"large","priority":null,"frequency":null,"location":null,"local_seo":null,"seo_analyzer_scan_date":"2025-09-24 22:50:19","breadcrumb_settings":null,"limit_modified_date":false,"open_ai":null,"ai":null,"created":"2021-03-08 22:55:52","updated":"2025-09-24 22:50:19"},"aioseo_breadcrumb":"<div class=\"aioseo-breadcrumbs\"><span class=\"aioseo-breadcrumb\">\n\t<a href=\"https:\/\/eldigitaldeasturias.com\/magazine365\" title=\"Home\">Home<\/a>\n<\/span><span class=\"aioseo-breadcrumb-separator\">\u2013<\/span><span class=\"aioseo-breadcrumb\">\n\t<a href=\"https:\/\/eldigitaldeasturias.com\/magazine365\/category\/noticias-actualidad\/\" title=\"Noticias y Actualidad\">Noticias y Actualidad<\/a>\n<\/span><span class=\"aioseo-breadcrumb-separator\">\u2013<\/span><span class=\"aioseo-breadcrumb\">\n\t<a href=\"https:\/\/eldigitaldeasturias.com\/magazine365\/el-aeropuerto-tenerife-sur-vuelve-a-estar-operativo\/\" title=\"El Aeropuerto Tenerife Sur vuelve a estar operativo\">El Aeropuerto Tenerife Sur vuelve a estar operativo<\/a>\n<\/span><\/div>","aioseo_breadcrumb_json":[{"label":"Home","link":"https:\/\/eldigitaldeasturias.com\/magazine365"},{"label":"Noticias y Actualidad","link":"https:\/\/eldigitaldeasturias.com\/magazine365\/category\/noticias-actualidad\/"},{"label":"El Aeropuerto Tenerife Sur vuelve a estar operativo","link":"https:\/\/eldigitaldeasturias.com\/magazine365\/el-aeropuerto-tenerife-sur-vuelve-a-estar-operativo\/"}],"_links":{"self":[{"href":"https:\/\/eldigitaldeasturias.com\/magazine365\/wp-json\/wp\/v2\/posts\/56472","targetHints":{"allow":["GET"]}}],"collection":[{"href":"https:\/\/eldigitaldeasturias.com\/magazine365\/wp-json\/wp\/v2\/posts"}],"about":[{"href":"https:\/\/eldigitaldeasturias.com\/magazine365\/wp-json\/wp\/v2\/types\/post"}],"author":[{"embeddable":true,"href":"https:\/\/eldigitaldeasturias.com\/magazine365\/wp-json\/wp\/v2\/users\/1"}],"replies":[{"embeddable":true,"href":"https:\/\/eldigitaldeasturias.com\/magazine365\/wp-json\/wp\/v2\/comments?post=56472"}],"version-history":[{"count":0,"href":"https:\/\/eldigitaldeasturias.com\/magazine365\/wp-json\/wp\/v2\/posts\/56472\/revisions"}],"wp:featuredmedia":[{"embeddable":true,"href":"https:\/\/eldigitaldeasturias.com\/magazine365\/wp-json\/wp\/v2\/media\/56473"}],"wp:attachment":[{"href":"https:\/\/eldigitaldeasturias.com\/magazine365\/wp-json\/wp\/v2\/media?parent=56472"}],"wp:term":[{"taxonomy":"category","embeddable":true,"href":"https:\/\/eldigitaldeasturias.com\/magazine365\/wp-json\/wp\/v2\/categories?post=56472"},{"taxonomy":"post_tag","embeddable":true,"href":"https:\/\/eldigitaldeasturias.com\/magazine365\/wp-json\/wp\/v2\/tags?post=56472"}],"curies":[{"name":"wp","href":"https:\/\/api.w.org\/{rel}","templated":true}]}}