{"id":56442,"date":"2015-11-26T02:34:00","date_gmt":"2015-11-26T01:34:00","guid":{"rendered":"http:\/\/eldigitaldeasturias.com\/magazine365\/?p=56442"},"modified":"2015-11-26T02:34:00","modified_gmt":"2015-11-26T01:34:00","slug":"bruselas-sigue-paralizada-mientras-continua-la-operacion-policial-en-busca-de-posibles-terroristas","status":"publish","type":"post","link":"https:\/\/eldigitaldeasturias.com\/magazine365\/bruselas-sigue-paralizada-mientras-continua-la-operacion-policial-en-busca-de-posibles-terroristas\/","title":{"rendered":"Bruselas sigue paralizada mientras contin\u00faa la operaci\u00f3n policial en busca de posibles terroristas"},"content":{"rendered":"<p><img fetchpriority=\"high\" decoding=\"async\" class=\"alignleft size-medium wp-image-56443\" src=\"https:\/\/eldigitaldeasturias.com\/magazine365\/wp-content\/uploads\/2015\/11\/fotonoticia_20151123155148_800-360x233.jpg\" alt=\"fotonoticia_20151123155148_800\" width=\"360\" height=\"233\" srcset=\"https:\/\/eldigitaldeasturias.com\/magazine365\/wp-content\/uploads\/2015\/11\/fotonoticia_20151123155148_800-360x233.jpg 360w, https:\/\/eldigitaldeasturias.com\/magazine365\/wp-content\/uploads\/2015\/11\/fotonoticia_20151123155148_800-650x420.jpg 650w, https:\/\/eldigitaldeasturias.com\/magazine365\/wp-content\/uploads\/2015\/11\/fotonoticia_20151123155148_800-768x496.jpg 768w, https:\/\/eldigitaldeasturias.com\/magazine365\/wp-content\/uploads\/2015\/11\/fotonoticia_20151123155148_800-150x97.jpg 150w, https:\/\/eldigitaldeasturias.com\/magazine365\/wp-content\/uploads\/2015\/11\/fotonoticia_20151123155148_800-450x291.jpg 450w, https:\/\/eldigitaldeasturias.com\/magazine365\/wp-content\/uploads\/2015\/11\/fotonoticia_20151123155148_800-696x450.jpg 696w, https:\/\/eldigitaldeasturias.com\/magazine365\/wp-content\/uploads\/2015\/11\/fotonoticia_20151123155148_800-225x145.jpg 225w, https:\/\/eldigitaldeasturias.com\/magazine365\/wp-content\/uploads\/2015\/11\/fotonoticia_20151123155148_800-84x55.jpg 84w, https:\/\/eldigitaldeasturias.com\/magazine365\/wp-content\/uploads\/2015\/11\/fotonoticia_20151123155148_800.jpg 800w\" sizes=\"(max-width: 360px) 100vw, 360px\" \/>El cierre de los centros para todos los ciclos de ense\u00f1anza, desde las guarder\u00edas hasta la universidad, y de todas las l\u00edneas de metro han marcado el inicio del lunes en Bruselas, primer d\u00eda laborable bajo el nivel m\u00e1ximo de alerta (4) en la capital europea por el temor a una cadena de atentados similares a los del 13 de noviembre en Par\u00eds.<\/p>\n<p>En varias entrevistas a los medios locales, el ministro de Interior belga, Jan Jambon, ha avisado de que el operativo policial continuar\u00e1 \u00abdurante las pr\u00f3ximas horas y d\u00edas\u00bb, y que el nivel m\u00e1ximo de alerta terrorista se mantendr\u00e1 en Bruselas \u00abmientras sea necesario\u00bb.<\/p>\n<p>En la noche del domingo, las fuerzas de seguridad belgas llevaron a cabo una veintena de registros simult\u00e1neos en seis distritos bruselenses y en la localizad vecina de Charleroi, con el resultado de 16 detenidos.<\/p>\n<p>Sin embargo, el operativo no logr\u00f3 su objetivo principal, la detenci\u00f3n de Salah Abdeslam, el terrorista sobre el que pesa una orden de detenci\u00f3n internacional por su participaci\u00f3n en la matanza de Par\u00eds.<\/p>\n<p>Aunque la Fiscal\u00eda ha eludido dar detalles de las pesquisas del domingo m\u00e1s all\u00e1 del n\u00famero de detenidos y de la confirmaci\u00f3n de que no dieron con Abdeslam, ni hallaron armas ni explosivos en las redadas, varios medios han indicado que el terrorista a la fuga fue localizado en una carretera de Lieja, pero logr\u00f3 esquivar a la Polic\u00eda.<\/p>\n<p>\u00abTomamos las medidas necesarias para asegurar la protecci\u00f3n de las personas\u00bb, ha se\u00f1alado Jambon en declaraciones a la cadena p\u00fablica RTBF, para explicar las medidas de seguridad impuestas por la alerta terrorista.<\/p>\n<p>El organismo que eval\u00faa el riesgo (OCAM, por sus siglas en ingl\u00e9s) reevaluar\u00e1 la situaci\u00f3n pasado el mediod\u00eda y el Consejo Nacional de Seguridad decidir\u00e1 despu\u00e9s si es necesario ajustar las medidas de seguridad.<\/p>\n<p>El nivel 4 de riesgo se aplica \u00fanicamente a la regi\u00f3n de Bruselas, mientras que se sit\u00faa en nivel 3 en el resto del pa\u00eds, incluido para el aeropuerto internacional de Bruselas, por estar ubicado a las afueras de la capital, ya en la regi\u00f3n de Flandes.<\/p>\n<p>En cuanto al papel que debe jugar B\u00e9lgica en la ofensiva contra el Estado Isl\u00e1mico en Siria, el ministro del Interior no ha cerrado la puerta a una eventual participaci\u00f3n militar belga, si bien ha subrayado que si se produjera ser\u00eda en el marco de \u00abuna decisi\u00f3n internacional\u00bb y \u00abcon una coalici\u00f3n\u00bb.<\/p>\n<p>\u00abEl Consejo de Seguridad de la ONU tom\u00f3 una decisi\u00f3n hace d\u00edas, lo que quiere decir que una operaci\u00f3n militar ser\u00eda posible. Es algo que hay que ver en los pr\u00f3ximos d\u00edas\u00bb, ha indicad en una entrevista concedida a RTL.<\/p>\n<p>CIERRE DE COLEGIOS Y TRANSPORTE<\/p>\n<p>El refuerzo de la seguridad en Bruselas ha obligado al cierre de guarder\u00edas, colegios, escuelas superiores y universidades, adem\u00e1s de otros centros propicios a las aglomeraciones, como centros deportivos, bibliotecas y ejes comerciales.<\/p>\n<p>Las principales cadenas de supermercados de la capital &#8211;Carrefour y Delhaize&#8211; han informado de que sus tiendas abrir\u00e1n este lunes, mientras que grandes centros como Decathlon o Ikea han optado por el cierre de sus establecimientos.<\/p>\n<p>El sector p\u00fablico en general funciona con normalidad, seg\u00fan ha asegurado el ministro de Interior, si bien ha pedido a sus empleados que opten por el teletrabajo.<\/p>\n<p>Las oficinas de correos (Bpost) han abierto tambi\u00e9n, mientras que el sector de la banca mantiene cerradas parte de sus sucursales y tambi\u00e9n ha solicitado a sus trabajadores que en la medida de lo posible trabajen desde casa.<\/p>\n<p>INSTITUCIONES EUROPEAS Y OTAN<\/p>\n<p>La Comisi\u00f3n Europea, el Consejo y otras instituciones europeas con sede en Bruselas han reforzado sus medidas de seguridad, pero mantendr\u00e1n su actividad, si bien se han cancelado reuniones ordinarias que no se consideran esenciales. S\u00ed se celebran este lunes las reuniones de ministros de Educaci\u00f3n de la UE y del Eurogrupo previstas en la agenda.<\/p>\n<p>La OTAN, cuyo cuartel general se encuentra tambi\u00e9n en Bruselas, ha pedido a su personal que trabaje preferentemente desde casa y ha cancelado las visitas individuales o en grupo previstas para este lunes a su sede.<\/p>\n<p>En lo que al transporte p\u00fablico se refiere, el Gobierno orden\u00f3 el cierre del transporte subterr\u00e1neo, lo que afecta al servicio de metro y a las l\u00edneas de tranv\u00eda que circulan por el subsuelo.<\/p>\n<p>Aunque no hay una directriz concreta para los centros hospitalarios y cl\u00ednicas, algunos como el Hospital universitario de Saint-Luc han anulado muchas de sus consultas y limitado la atenci\u00f3n a lo esencial.<\/p>\n<p>La empresa de ferrocarriles SNCB mantiene su servicio, aunque los trenes no paran en la estaci\u00f3n de Schuman (situada bajo las instituciones europeas), ni en otras tres paradas de la capital por no poder garantizar la seguridad en ellas.<\/p>\n<p>La empresa de transporte p\u00fablico STIB hab\u00eda garantizado el servicio de las l\u00edneas de autobuses, pero un portavoz de la compa\u00f1\u00eda ha indicado que varias de las l\u00edneas no prestar\u00e1n servicio finalmente, por no encontrar conductores suficientes.<\/p>\n<p>El miedo o las dificultades para encontrar quien cuide de sus hijos en un d\u00eda en que las escuelas cierran ha sido una de las razones de los conductores para no acudir a su puesto este lunes, ha explicado.<\/p>\n<p>Adem\u00e1s, una huelga del servicio p\u00fablico en Valonia est\u00e1 afectando al transporte en ferrocarril y l\u00edneas de autobuses de esta regi\u00f3n, en donde no se hab\u00edan previsto medidas excepcionales de seguridad por estar en zona de nivel 3 de alerta.<\/p>\n","protected":false},"excerpt":{"rendered":"<p>El cierre de los centros para todos los ciclos de ense\u00f1anza, desde las guarder\u00edas hasta la universidad, y de todas las l\u00edneas de metro han marcado el inicio del lunes en Bruselas, primer d\u00eda laborable bajo el nivel m\u00e1ximo de alerta (4) en la capital europea por el temor a una cadena de atentados similares<\/p>\n","protected":false},"author":1,"featured_media":56443,"comment_status":"open","ping_status":"closed","sticky":false,"template":"","format":"standard","meta":{"footnotes":""},"categories":[224],"tags":[],"class_list":{"0":"post-56442","1":"post","2":"type-post","3":"status-publish","4":"format-standard","5":"has-post-thumbnail","7":"category-noticias-actualidad"},"aioseo_notices":[],"aioseo_head":"\n\t\t<!-- All in One SEO Pro 4.9.6.1 - aioseo.com -->\n\t<meta name=\"description\" content=\"El cierre de los centros para todos los ciclos de ense\u00f1anza, desde las guarder\u00edas hasta la universidad, y de todas las l\u00edneas de metro han marcado el inicio del lunes en Bruselas, primer d\u00eda laborable bajo el nivel m\u00e1ximo de alerta (4) en la capital europea por el temor a una cadena de atentados similares\" \/>\n\t<meta name=\"robots\" content=\"max-image-preview:large\" \/>\n\t<meta name=\"author\" content=\"admin\"\/>\n\t<meta name=\"google-site-verification\" content=\"UA-38556648-1\" \/>\n\t<meta name=\"keywords\" content=\"noticias y actualidad\" \/>\n\t<link rel=\"canonical\" href=\"https:\/\/eldigitaldeasturias.com\/magazine365\/bruselas-sigue-paralizada-mientras-continua-la-operacion-policial-en-busca-de-posibles-terroristas\/\" \/>\n\t<meta name=\"generator\" content=\"All in One SEO Pro (AIOSEO) 4.9.6.1\" \/>\n\t\t<meta property=\"og:locale\" content=\"es_ES\" \/>\n\t\t<meta property=\"og:site_name\" content=\"El Digital de Asturias \u2013 Revista de ocio, turismo y estilo de vida\" \/>\n\t\t<meta property=\"og:type\" content=\"article\" \/>\n\t\t<meta property=\"og:title\" content=\"Bruselas sigue paralizada mientras contin\u00faa la operaci\u00f3n policial en busca de posibles terroristas | El Digital de Asturias\" \/>\n\t\t<meta property=\"og:description\" content=\"El cierre de los centros para todos los ciclos de ense\u00f1anza, desde las guarder\u00edas hasta la universidad, y de todas las l\u00edneas de metro han marcado el inicio del lunes en Bruselas, primer d\u00eda laborable bajo el nivel m\u00e1ximo de alerta (4) en la capital europea por el temor a una cadena de atentados similares\" \/>\n\t\t<meta property=\"og:url\" content=\"https:\/\/eldigitaldeasturias.com\/magazine365\/bruselas-sigue-paralizada-mientras-continua-la-operacion-policial-en-busca-de-posibles-terroristas\/\" \/>\n\t\t<meta property=\"og:image\" content=\"https:\/\/eldigitaldeasturias.com\/magazine365\/wp-content\/uploads\/2015\/11\/fotonoticia_20151123155148_800.jpg\" \/>\n\t\t<meta property=\"og:image:secure_url\" content=\"https:\/\/eldigitaldeasturias.com\/magazine365\/wp-content\/uploads\/2015\/11\/fotonoticia_20151123155148_800.jpg\" \/>\n\t\t<meta property=\"og:image:width\" content=\"800\" \/>\n\t\t<meta property=\"og:image:height\" content=\"517\" \/>\n\t\t<meta property=\"article:published_time\" content=\"2015-11-26T01:34:00+00:00\" \/>\n\t\t<meta property=\"article:modified_time\" content=\"2015-11-26T01:34:00+00:00\" \/>\n\t\t<meta name=\"twitter:card\" content=\"summary_large_image\" \/>\n\t\t<meta name=\"twitter:title\" content=\"Bruselas sigue paralizada mientras contin\u00faa la operaci\u00f3n policial en busca de posibles terroristas | El Digital de Asturias\" \/>\n\t\t<meta name=\"twitter:description\" content=\"El cierre de los centros para todos los ciclos de ense\u00f1anza, desde las guarder\u00edas hasta la universidad, y de todas las l\u00edneas de metro han marcado el inicio del lunes en Bruselas, primer d\u00eda laborable bajo el nivel m\u00e1ximo de alerta (4) en la capital europea por el temor a una cadena de atentados similares\" \/>\n\t\t<meta name=\"twitter:image\" content=\"https:\/\/eldigitaldeasturias.com\/magazine365\/wp-content\/uploads\/2015\/11\/fotonoticia_20151123155148_800.jpg\" \/>\n\t\t<script type=\"application\/ld+json\" class=\"aioseo-schema\">\n\t\t\t{\"@context\":\"https:\\\/\\\/schema.org\",\"@graph\":[{\"@type\":\"Article\",\"@id\":\"https:\\\/\\\/eldigitaldeasturias.com\\\/magazine365\\\/bruselas-sigue-paralizada-mientras-continua-la-operacion-policial-en-busca-de-posibles-terroristas\\\/#article\",\"name\":\"Bruselas sigue paralizada mientras contin\\u00faa la operaci\\u00f3n policial en busca de posibles terroristas | El Digital de Asturias\",\"headline\":\"Bruselas sigue paralizada mientras contin\\u00faa la operaci\\u00f3n policial en busca de posibles terroristas\",\"author\":{\"@id\":\"https:\\\/\\\/eldigitaldeasturias.com\\\/magazine365\\\/author\\\/admin\\\/#author\"},\"publisher\":{\"@id\":\"https:\\\/\\\/eldigitaldeasturias.com\\\/magazine365\\\/#organization\"},\"image\":{\"@type\":\"ImageObject\",\"url\":\"https:\\\/\\\/eldigitaldeasturias.com\\\/magazine365\\\/wp-content\\\/uploads\\\/2015\\\/11\\\/fotonoticia_20151123155148_800.jpg\",\"width\":800,\"height\":517},\"datePublished\":\"2015-11-26T02:34:00+01:00\",\"dateModified\":\"2015-11-26T02:34:00+01:00\",\"inLanguage\":\"es-ES\",\"mainEntityOfPage\":{\"@id\":\"https:\\\/\\\/eldigitaldeasturias.com\\\/magazine365\\\/bruselas-sigue-paralizada-mientras-continua-la-operacion-policial-en-busca-de-posibles-terroristas\\\/#webpage\"},\"isPartOf\":{\"@id\":\"https:\\\/\\\/eldigitaldeasturias.com\\\/magazine365\\\/bruselas-sigue-paralizada-mientras-continua-la-operacion-policial-en-busca-de-posibles-terroristas\\\/#webpage\"},\"articleSection\":\"Noticias y Actualidad\"},{\"@type\":\"BreadcrumbList\",\"@id\":\"https:\\\/\\\/eldigitaldeasturias.com\\\/magazine365\\\/bruselas-sigue-paralizada-mientras-continua-la-operacion-policial-en-busca-de-posibles-terroristas\\\/#breadcrumblist\",\"itemListElement\":[{\"@type\":\"ListItem\",\"@id\":\"https:\\\/\\\/eldigitaldeasturias.com\\\/magazine365#listItem\",\"position\":1,\"name\":\"Home\",\"item\":\"https:\\\/\\\/eldigitaldeasturias.com\\\/magazine365\",\"nextItem\":{\"@type\":\"ListItem\",\"@id\":\"https:\\\/\\\/eldigitaldeasturias.com\\\/magazine365\\\/category\\\/noticias-actualidad\\\/#listItem\",\"name\":\"Noticias y Actualidad\"}},{\"@type\":\"ListItem\",\"@id\":\"https:\\\/\\\/eldigitaldeasturias.com\\\/magazine365\\\/category\\\/noticias-actualidad\\\/#listItem\",\"position\":2,\"name\":\"Noticias y Actualidad\",\"item\":\"https:\\\/\\\/eldigitaldeasturias.com\\\/magazine365\\\/category\\\/noticias-actualidad\\\/\",\"nextItem\":{\"@type\":\"ListItem\",\"@id\":\"https:\\\/\\\/eldigitaldeasturias.com\\\/magazine365\\\/bruselas-sigue-paralizada-mientras-continua-la-operacion-policial-en-busca-de-posibles-terroristas\\\/#listItem\",\"name\":\"Bruselas sigue paralizada mientras contin\\u00faa la operaci\\u00f3n policial en busca de posibles terroristas\"},\"previousItem\":{\"@type\":\"ListItem\",\"@id\":\"https:\\\/\\\/eldigitaldeasturias.com\\\/magazine365#listItem\",\"name\":\"Home\"}},{\"@type\":\"ListItem\",\"@id\":\"https:\\\/\\\/eldigitaldeasturias.com\\\/magazine365\\\/bruselas-sigue-paralizada-mientras-continua-la-operacion-policial-en-busca-de-posibles-terroristas\\\/#listItem\",\"position\":3,\"name\":\"Bruselas sigue paralizada mientras contin\\u00faa la operaci\\u00f3n policial en busca de posibles terroristas\",\"previousItem\":{\"@type\":\"ListItem\",\"@id\":\"https:\\\/\\\/eldigitaldeasturias.com\\\/magazine365\\\/category\\\/noticias-actualidad\\\/#listItem\",\"name\":\"Noticias y Actualidad\"}}]},{\"@type\":\"Organization\",\"@id\":\"https:\\\/\\\/eldigitaldeasturias.com\\\/magazine365\\\/#organization\",\"name\":\"El digital de Asturias\",\"description\":\"Revista de ocio, turismo y estilo de vida\",\"url\":\"https:\\\/\\\/eldigitaldeasturias.com\\\/magazine365\\\/\",\"logo\":{\"@type\":\"ImageObject\",\"url\":\"https:\\\/\\\/www.eldigitaldeasturias.com\\\/noticias\\\/wp-content\\\/uploads\\\/2020\\\/12\\\/EDA.jpg\",\"@id\":\"https:\\\/\\\/eldigitaldeasturias.com\\\/magazine365\\\/bruselas-sigue-paralizada-mientras-continua-la-operacion-policial-en-busca-de-posibles-terroristas\\\/#organizationLogo\"},\"image\":{\"@id\":\"https:\\\/\\\/eldigitaldeasturias.com\\\/magazine365\\\/bruselas-sigue-paralizada-mientras-continua-la-operacion-policial-en-busca-de-posibles-terroristas\\\/#organizationLogo\"}},{\"@type\":\"Person\",\"@id\":\"https:\\\/\\\/eldigitaldeasturias.com\\\/magazine365\\\/author\\\/admin\\\/#author\",\"url\":\"https:\\\/\\\/eldigitaldeasturias.com\\\/magazine365\\\/author\\\/admin\\\/\",\"name\":\"admin\",\"image\":{\"@type\":\"ImageObject\",\"@id\":\"https:\\\/\\\/eldigitaldeasturias.com\\\/magazine365\\\/bruselas-sigue-paralizada-mientras-continua-la-operacion-policial-en-busca-de-posibles-terroristas\\\/#authorImage\",\"url\":\"https:\\\/\\\/eldigitaldeasturias.com\\\/magazine365\\\/wp-content\\\/litespeed\\\/avatar\\\/e571bcf59a0edd6fa6838245a470f2fe.jpg?ver=1777574230\",\"width\":96,\"height\":96,\"caption\":\"admin\"}},{\"@type\":\"WebPage\",\"@id\":\"https:\\\/\\\/eldigitaldeasturias.com\\\/magazine365\\\/bruselas-sigue-paralizada-mientras-continua-la-operacion-policial-en-busca-de-posibles-terroristas\\\/#webpage\",\"url\":\"https:\\\/\\\/eldigitaldeasturias.com\\\/magazine365\\\/bruselas-sigue-paralizada-mientras-continua-la-operacion-policial-en-busca-de-posibles-terroristas\\\/\",\"name\":\"Bruselas sigue paralizada mientras contin\\u00faa la operaci\\u00f3n policial en busca de posibles terroristas | El Digital de Asturias\",\"description\":\"El cierre de los centros para todos los ciclos de ense\\u00f1anza, desde las guarder\\u00edas hasta la universidad, y de todas las l\\u00edneas de metro han marcado el inicio del lunes en Bruselas, primer d\\u00eda laborable bajo el nivel m\\u00e1ximo de alerta (4) en la capital europea por el temor a una cadena de atentados similares\",\"inLanguage\":\"es-ES\",\"isPartOf\":{\"@id\":\"https:\\\/\\\/eldigitaldeasturias.com\\\/magazine365\\\/#website\"},\"breadcrumb\":{\"@id\":\"https:\\\/\\\/eldigitaldeasturias.com\\\/magazine365\\\/bruselas-sigue-paralizada-mientras-continua-la-operacion-policial-en-busca-de-posibles-terroristas\\\/#breadcrumblist\"},\"author\":{\"@id\":\"https:\\\/\\\/eldigitaldeasturias.com\\\/magazine365\\\/author\\\/admin\\\/#author\"},\"creator\":{\"@id\":\"https:\\\/\\\/eldigitaldeasturias.com\\\/magazine365\\\/author\\\/admin\\\/#author\"},\"image\":{\"@type\":\"ImageObject\",\"url\":\"https:\\\/\\\/eldigitaldeasturias.com\\\/magazine365\\\/wp-content\\\/uploads\\\/2015\\\/11\\\/fotonoticia_20151123155148_800.jpg\",\"@id\":\"https:\\\/\\\/eldigitaldeasturias.com\\\/magazine365\\\/bruselas-sigue-paralizada-mientras-continua-la-operacion-policial-en-busca-de-posibles-terroristas\\\/#mainImage\",\"width\":800,\"height\":517},\"primaryImageOfPage\":{\"@id\":\"https:\\\/\\\/eldigitaldeasturias.com\\\/magazine365\\\/bruselas-sigue-paralizada-mientras-continua-la-operacion-policial-en-busca-de-posibles-terroristas\\\/#mainImage\"},\"datePublished\":\"2015-11-26T02:34:00+01:00\",\"dateModified\":\"2015-11-26T02:34:00+01:00\"},{\"@type\":\"WebSite\",\"@id\":\"https:\\\/\\\/eldigitaldeasturias.com\\\/magazine365\\\/#website\",\"url\":\"https:\\\/\\\/eldigitaldeasturias.com\\\/magazine365\\\/\",\"name\":\"El Digital de Asturias\",\"description\":\"Revista de ocio, turismo y estilo de vida\",\"inLanguage\":\"es-ES\",\"publisher\":{\"@id\":\"https:\\\/\\\/eldigitaldeasturias.com\\\/magazine365\\\/#organization\"}}]}\n\t\t<\/script>\n\t\t<!-- All in One SEO Pro -->\r\n\t\t<title>Bruselas sigue paralizada mientras contin\u00faa la operaci\u00f3n policial en busca de posibles terroristas | El Digital de Asturias<\/title>\n\n","aioseo_head_json":{"title":"Bruselas sigue paralizada mientras contin\u00faa la operaci\u00f3n policial en busca de posibles terroristas | El Digital de Asturias","description":"El cierre de los centros para todos los ciclos de ense\u00f1anza, desde las guarder\u00edas hasta la universidad, y de todas las l\u00edneas de metro han marcado el inicio del lunes en Bruselas, primer d\u00eda laborable bajo el nivel m\u00e1ximo de alerta (4) en la capital europea por el temor a una cadena de atentados similares","canonical_url":"https:\/\/eldigitaldeasturias.com\/magazine365\/bruselas-sigue-paralizada-mientras-continua-la-operacion-policial-en-busca-de-posibles-terroristas\/","robots":"max-image-preview:large","keywords":"noticias y actualidad","webmasterTools":{"google-site-verification":"UA-38556648-1","miscellaneous":""},"schema":{"@context":"https:\/\/schema.org","@graph":[{"@type":"Article","@id":"https:\/\/eldigitaldeasturias.com\/magazine365\/bruselas-sigue-paralizada-mientras-continua-la-operacion-policial-en-busca-de-posibles-terroristas\/#article","name":"Bruselas sigue paralizada mientras contin\u00faa la operaci\u00f3n policial en busca de posibles terroristas | El Digital de Asturias","headline":"Bruselas sigue paralizada mientras contin\u00faa la operaci\u00f3n policial en busca de posibles terroristas","author":{"@id":"https:\/\/eldigitaldeasturias.com\/magazine365\/author\/admin\/#author"},"publisher":{"@id":"https:\/\/eldigitaldeasturias.com\/magazine365\/#organization"},"image":{"@type":"ImageObject","url":"https:\/\/eldigitaldeasturias.com\/magazine365\/wp-content\/uploads\/2015\/11\/fotonoticia_20151123155148_800.jpg","width":800,"height":517},"datePublished":"2015-11-26T02:34:00+01:00","dateModified":"2015-11-26T02:34:00+01:00","inLanguage":"es-ES","mainEntityOfPage":{"@id":"https:\/\/eldigitaldeasturias.com\/magazine365\/bruselas-sigue-paralizada-mientras-continua-la-operacion-policial-en-busca-de-posibles-terroristas\/#webpage"},"isPartOf":{"@id":"https:\/\/eldigitaldeasturias.com\/magazine365\/bruselas-sigue-paralizada-mientras-continua-la-operacion-policial-en-busca-de-posibles-terroristas\/#webpage"},"articleSection":"Noticias y Actualidad"},{"@type":"BreadcrumbList","@id":"https:\/\/eldigitaldeasturias.com\/magazine365\/bruselas-sigue-paralizada-mientras-continua-la-operacion-policial-en-busca-de-posibles-terroristas\/#breadcrumblist","itemListElement":[{"@type":"ListItem","@id":"https:\/\/eldigitaldeasturias.com\/magazine365#listItem","position":1,"name":"Home","item":"https:\/\/eldigitaldeasturias.com\/magazine365","nextItem":{"@type":"ListItem","@id":"https:\/\/eldigitaldeasturias.com\/magazine365\/category\/noticias-actualidad\/#listItem","name":"Noticias y Actualidad"}},{"@type":"ListItem","@id":"https:\/\/eldigitaldeasturias.com\/magazine365\/category\/noticias-actualidad\/#listItem","position":2,"name":"Noticias y Actualidad","item":"https:\/\/eldigitaldeasturias.com\/magazine365\/category\/noticias-actualidad\/","nextItem":{"@type":"ListItem","@id":"https:\/\/eldigitaldeasturias.com\/magazine365\/bruselas-sigue-paralizada-mientras-continua-la-operacion-policial-en-busca-de-posibles-terroristas\/#listItem","name":"Bruselas sigue paralizada mientras contin\u00faa la operaci\u00f3n policial en busca de posibles terroristas"},"previousItem":{"@type":"ListItem","@id":"https:\/\/eldigitaldeasturias.com\/magazine365#listItem","name":"Home"}},{"@type":"ListItem","@id":"https:\/\/eldigitaldeasturias.com\/magazine365\/bruselas-sigue-paralizada-mientras-continua-la-operacion-policial-en-busca-de-posibles-terroristas\/#listItem","position":3,"name":"Bruselas sigue paralizada mientras contin\u00faa la operaci\u00f3n policial en busca de posibles terroristas","previousItem":{"@type":"ListItem","@id":"https:\/\/eldigitaldeasturias.com\/magazine365\/category\/noticias-actualidad\/#listItem","name":"Noticias y Actualidad"}}]},{"@type":"Organization","@id":"https:\/\/eldigitaldeasturias.com\/magazine365\/#organization","name":"El digital de Asturias","description":"Revista de ocio, turismo y estilo de vida","url":"https:\/\/eldigitaldeasturias.com\/magazine365\/","logo":{"@type":"ImageObject","url":"https:\/\/www.eldigitaldeasturias.com\/noticias\/wp-content\/uploads\/2020\/12\/EDA.jpg","@id":"https:\/\/eldigitaldeasturias.com\/magazine365\/bruselas-sigue-paralizada-mientras-continua-la-operacion-policial-en-busca-de-posibles-terroristas\/#organizationLogo"},"image":{"@id":"https:\/\/eldigitaldeasturias.com\/magazine365\/bruselas-sigue-paralizada-mientras-continua-la-operacion-policial-en-busca-de-posibles-terroristas\/#organizationLogo"}},{"@type":"Person","@id":"https:\/\/eldigitaldeasturias.com\/magazine365\/author\/admin\/#author","url":"https:\/\/eldigitaldeasturias.com\/magazine365\/author\/admin\/","name":"admin","image":{"@type":"ImageObject","@id":"https:\/\/eldigitaldeasturias.com\/magazine365\/bruselas-sigue-paralizada-mientras-continua-la-operacion-policial-en-busca-de-posibles-terroristas\/#authorImage","url":"https:\/\/eldigitaldeasturias.com\/magazine365\/wp-content\/litespeed\/avatar\/e571bcf59a0edd6fa6838245a470f2fe.jpg?ver=1777574230","width":96,"height":96,"caption":"admin"}},{"@type":"WebPage","@id":"https:\/\/eldigitaldeasturias.com\/magazine365\/bruselas-sigue-paralizada-mientras-continua-la-operacion-policial-en-busca-de-posibles-terroristas\/#webpage","url":"https:\/\/eldigitaldeasturias.com\/magazine365\/bruselas-sigue-paralizada-mientras-continua-la-operacion-policial-en-busca-de-posibles-terroristas\/","name":"Bruselas sigue paralizada mientras contin\u00faa la operaci\u00f3n policial en busca de posibles terroristas | El Digital de Asturias","description":"El cierre de los centros para todos los ciclos de ense\u00f1anza, desde las guarder\u00edas hasta la universidad, y de todas las l\u00edneas de metro han marcado el inicio del lunes en Bruselas, primer d\u00eda laborable bajo el nivel m\u00e1ximo de alerta (4) en la capital europea por el temor a una cadena de atentados similares","inLanguage":"es-ES","isPartOf":{"@id":"https:\/\/eldigitaldeasturias.com\/magazine365\/#website"},"breadcrumb":{"@id":"https:\/\/eldigitaldeasturias.com\/magazine365\/bruselas-sigue-paralizada-mientras-continua-la-operacion-policial-en-busca-de-posibles-terroristas\/#breadcrumblist"},"author":{"@id":"https:\/\/eldigitaldeasturias.com\/magazine365\/author\/admin\/#author"},"creator":{"@id":"https:\/\/eldigitaldeasturias.com\/magazine365\/author\/admin\/#author"},"image":{"@type":"ImageObject","url":"https:\/\/eldigitaldeasturias.com\/magazine365\/wp-content\/uploads\/2015\/11\/fotonoticia_20151123155148_800.jpg","@id":"https:\/\/eldigitaldeasturias.com\/magazine365\/bruselas-sigue-paralizada-mientras-continua-la-operacion-policial-en-busca-de-posibles-terroristas\/#mainImage","width":800,"height":517},"primaryImageOfPage":{"@id":"https:\/\/eldigitaldeasturias.com\/magazine365\/bruselas-sigue-paralizada-mientras-continua-la-operacion-policial-en-busca-de-posibles-terroristas\/#mainImage"},"datePublished":"2015-11-26T02:34:00+01:00","dateModified":"2015-11-26T02:34:00+01:00"},{"@type":"WebSite","@id":"https:\/\/eldigitaldeasturias.com\/magazine365\/#website","url":"https:\/\/eldigitaldeasturias.com\/magazine365\/","name":"El Digital de Asturias","description":"Revista de ocio, turismo y estilo de vida","inLanguage":"es-ES","publisher":{"@id":"https:\/\/eldigitaldeasturias.com\/magazine365\/#organization"}}]},"og:locale":"es_ES","og:site_name":"El Digital de Asturias \u2013 Revista de ocio, turismo y estilo de vida","og:type":"article","og:title":"Bruselas sigue paralizada mientras contin\u00faa la operaci\u00f3n policial en busca de posibles terroristas | El Digital de Asturias","og:description":"El cierre de los centros para todos los ciclos de ense\u00f1anza, desde las guarder\u00edas hasta la universidad, y de todas las l\u00edneas de metro han marcado el inicio del lunes en Bruselas, primer d\u00eda laborable bajo el nivel m\u00e1ximo de alerta (4) en la capital europea por el temor a una cadena de atentados similares","og:url":"https:\/\/eldigitaldeasturias.com\/magazine365\/bruselas-sigue-paralizada-mientras-continua-la-operacion-policial-en-busca-de-posibles-terroristas\/","og:image":"https:\/\/eldigitaldeasturias.com\/magazine365\/wp-content\/uploads\/2015\/11\/fotonoticia_20151123155148_800.jpg","og:image:secure_url":"https:\/\/eldigitaldeasturias.com\/magazine365\/wp-content\/uploads\/2015\/11\/fotonoticia_20151123155148_800.jpg","og:image:width":800,"og:image:height":517,"article:published_time":"2015-11-26T01:34:00+00:00","article:modified_time":"2015-11-26T01:34:00+00:00","twitter:card":"summary_large_image","twitter:title":"Bruselas sigue paralizada mientras contin\u00faa la operaci\u00f3n policial en busca de posibles terroristas | El Digital de Asturias","twitter:description":"El cierre de los centros para todos los ciclos de ense\u00f1anza, desde las guarder\u00edas hasta la universidad, y de todas las l\u00edneas de metro han marcado el inicio del lunes en Bruselas, primer d\u00eda laborable bajo el nivel m\u00e1ximo de alerta (4) en la capital europea por el temor a una cadena de atentados similares","twitter:image":"https:\/\/eldigitaldeasturias.com\/magazine365\/wp-content\/uploads\/2015\/11\/fotonoticia_20151123155148_800.jpg"},"aioseo_meta_data":{"post_id":"56442","title":null,"description":null,"keywords":null,"keyphrases":null,"primary_term":null,"canonical_url":null,"og_title":null,"og_description":null,"og_object_type":"default","og_image_type":"default","og_image_url":null,"og_image_width":null,"og_image_height":null,"og_image_custom_url":null,"og_image_custom_fields":null,"og_video":null,"og_custom_url":null,"og_article_section":null,"og_article_tags":null,"twitter_use_og":false,"twitter_card":"default","twitter_image_type":"default","twitter_image_url":null,"twitter_image_custom_url":null,"twitter_image_custom_fields":null,"twitter_title":null,"twitter_description":null,"schema":{"blockGraphs":[],"customGraphs":[],"default":{"data":{"Article":[],"Course":[],"Dataset":[],"FAQPage":[],"Movie":[],"Person":[],"Product":[],"ProductReview":[],"Car":[],"Recipe":[],"Service":[],"SoftwareApplication":[],"WebPage":[]},"graphName":"","isEnabled":true},"graphs":[],"defaultGraph":"","defaultPostTypeGraph":""},"schema_type":null,"schema_type_options":null,"pillar_content":false,"robots_default":true,"robots_noindex":false,"robots_noarchive":false,"robots_nosnippet":false,"robots_nofollow":false,"robots_noimageindex":false,"robots_noodp":false,"robots_notranslate":false,"robots_max_snippet":null,"robots_max_videopreview":null,"robots_max_imagepreview":"large","priority":null,"frequency":null,"location":null,"local_seo":null,"seo_analyzer_scan_date":"2025-09-24 22:45:58","breadcrumb_settings":null,"limit_modified_date":false,"open_ai":null,"ai":null,"created":"2021-03-08 22:57:58","updated":"2025-09-24 22:45:58"},"aioseo_breadcrumb":"<div class=\"aioseo-breadcrumbs\"><span class=\"aioseo-breadcrumb\">\n\t<a href=\"https:\/\/eldigitaldeasturias.com\/magazine365\" title=\"Home\">Home<\/a>\n<\/span><span class=\"aioseo-breadcrumb-separator\">\u2013<\/span><span class=\"aioseo-breadcrumb\">\n\t<a href=\"https:\/\/eldigitaldeasturias.com\/magazine365\/category\/noticias-actualidad\/\" title=\"Noticias y Actualidad\">Noticias y Actualidad<\/a>\n<\/span><span class=\"aioseo-breadcrumb-separator\">\u2013<\/span><span class=\"aioseo-breadcrumb\">\n\t<a href=\"https:\/\/eldigitaldeasturias.com\/magazine365\/bruselas-sigue-paralizada-mientras-continua-la-operacion-policial-en-busca-de-posibles-terroristas\/\" title=\"Bruselas sigue paralizada mientras contin\u00faa la operaci\u00f3n policial en busca de posibles terroristas\">Bruselas sigue paralizada mientras contin\u00faa la operaci\u00f3n policial en busca de posibles terroristas<\/a>\n<\/span><\/div>","aioseo_breadcrumb_json":[{"label":"Home","link":"https:\/\/eldigitaldeasturias.com\/magazine365"},{"label":"Noticias y Actualidad","link":"https:\/\/eldigitaldeasturias.com\/magazine365\/category\/noticias-actualidad\/"},{"label":"Bruselas sigue paralizada mientras contin\u00faa la operaci\u00f3n policial en busca de posibles terroristas","link":"https:\/\/eldigitaldeasturias.com\/magazine365\/bruselas-sigue-paralizada-mientras-continua-la-operacion-policial-en-busca-de-posibles-terroristas\/"}],"_links":{"self":[{"href":"https:\/\/eldigitaldeasturias.com\/magazine365\/wp-json\/wp\/v2\/posts\/56442","targetHints":{"allow":["GET"]}}],"collection":[{"href":"https:\/\/eldigitaldeasturias.com\/magazine365\/wp-json\/wp\/v2\/posts"}],"about":[{"href":"https:\/\/eldigitaldeasturias.com\/magazine365\/wp-json\/wp\/v2\/types\/post"}],"author":[{"embeddable":true,"href":"https:\/\/eldigitaldeasturias.com\/magazine365\/wp-json\/wp\/v2\/users\/1"}],"replies":[{"embeddable":true,"href":"https:\/\/eldigitaldeasturias.com\/magazine365\/wp-json\/wp\/v2\/comments?post=56442"}],"version-history":[{"count":0,"href":"https:\/\/eldigitaldeasturias.com\/magazine365\/wp-json\/wp\/v2\/posts\/56442\/revisions"}],"wp:featuredmedia":[{"embeddable":true,"href":"https:\/\/eldigitaldeasturias.com\/magazine365\/wp-json\/wp\/v2\/media\/56443"}],"wp:attachment":[{"href":"https:\/\/eldigitaldeasturias.com\/magazine365\/wp-json\/wp\/v2\/media?parent=56442"}],"wp:term":[{"taxonomy":"category","embeddable":true,"href":"https:\/\/eldigitaldeasturias.com\/magazine365\/wp-json\/wp\/v2\/categories?post=56442"},{"taxonomy":"post_tag","embeddable":true,"href":"https:\/\/eldigitaldeasturias.com\/magazine365\/wp-json\/wp\/v2\/tags?post=56442"}],"curies":[{"name":"wp","href":"https:\/\/api.w.org\/{rel}","templated":true}]}}