{"id":564,"date":"2014-01-10T05:35:14","date_gmt":"2014-01-10T06:35:14","guid":{"rendered":"http:\/\/eldigitaldeasturias.com\/magazine365\/?p=564"},"modified":"2014-01-10T05:35:14","modified_gmt":"2014-01-10T06:35:14","slug":"la-sastreria-clasica-despliega-su-poderio-en-pitti-uomo","status":"publish","type":"post","link":"https:\/\/eldigitaldeasturias.com\/magazine365\/la-sastreria-clasica-despliega-su-poderio-en-pitti-uomo\/","title":{"rendered":"La sastrer\u00eda cl\u00e1sica despliega su poder\u00edo en Pitti Uomo"},"content":{"rendered":"<p><img fetchpriority=\"high\" decoding=\"async\" class=\"alignleft size-medium wp-image-565\" alt=\"5838364w\" src=\"https:\/\/eldigitaldeasturias.com\/magazine365\/wp-content\/uploads\/2014\/01\/5838364w-360x229.jpg\" width=\"360\" height=\"229\" srcset=\"https:\/\/eldigitaldeasturias.com\/magazine365\/wp-content\/uploads\/2014\/01\/5838364w-360x229.jpg 360w, https:\/\/eldigitaldeasturias.com\/magazine365\/wp-content\/uploads\/2014\/01\/5838364w-650x414.jpg 650w, https:\/\/eldigitaldeasturias.com\/magazine365\/wp-content\/uploads\/2014\/01\/5838364w-768x489.jpg 768w, https:\/\/eldigitaldeasturias.com\/magazine365\/wp-content\/uploads\/2014\/01\/5838364w-150x95.jpg 150w, https:\/\/eldigitaldeasturias.com\/magazine365\/wp-content\/uploads\/2014\/01\/5838364w-450x286.jpg 450w, https:\/\/eldigitaldeasturias.com\/magazine365\/wp-content\/uploads\/2014\/01\/5838364w.jpg 800w\" sizes=\"(max-width: 360px) 100vw, 360px\" \/>Florencia, 9 ene (EFE).- Tras a\u00f1os vistiendo ropa \u00abcasual\u00bb y deportiva, se impone la sastrer\u00eda cl\u00e1sica en la que se mezclan prendas urbanas y cosmopolitas, una moda que el hombre adorna con complementos tan sofisticados como las pajaritas, los bolsos, los sombreros, los paraguas y los relojes de bolsillo.<\/p>\n<p>A la espera de los desfiles de moda masculina, que comenzar\u00e1n en tan solo unos d\u00edas en Mil\u00e1n, Florencia, concretamente en la 85 edici\u00f3n de Pitti Uomo, se ha convertido en un gran escaparate que mira el hombre para averiguar qu\u00e9 se pondr\u00e1 el pr\u00f3ximo oto\u00f1o-invierno 2014-2015.<\/p>\n<p>Despu\u00e9s de tantos a\u00f1os de pantal\u00f3n chino, camisas \u00aboxford\u00bb y l\u00edneas amplias, hoy se demanda sastrer\u00eda tradicional, elegancia, confort y vol\u00famenes contenidos, as\u00ed como pantalones ce\u00f1idos y americanas estalladas.<\/p>\n<p>Y a juzgar por lo presentado por m\u00e1s de mil marcas en la Fortezza da Basso, el hombre rompe con los repetitivos c\u00e1nones del estilo casual y se sube al carro de las l\u00edneas cl\u00e1sicas y ejecutivas confeccionadas con materiales ricos y nobles, como la lana, la franela o la cachemira.<\/p>\n<p>Impecables trajes de chaqueta, pantalones de pinzas, americanas de dos botones, chalecos, abrigos rectos, jers\u00e9is de pico y camisas con cuello de corbata son las prendas que necesita el hombre para configurar su nuevo armario urbano.<\/p>\n<p>Un armario que acoge prendas ligeras y de calidad que permiten al hombre vestir como un aut\u00e9ntico \u00abgentleman\u00bb. Siguiendo esta estela, la firma Lardini muestra una soberbia sastrer\u00eda cl\u00e1sica, pero con patrones renovados y m\u00e1s ce\u00f1idos, que perfilan y dibujan la anatom\u00eda masculina.<\/p>\n<p>Para el hombre que le guste mezclar la elegancia con un gui\u00f1o m\u00e1s trasgresor e ir\u00f3nico, la firma Piero Guidi propone un nuevo concepto en el que mezcla los estilos \u00abbusiness\u00bb, el \u00abboho\u00bb y el \u00abcountry\u00bb, una moda pensada para los m\u00e1s j\u00f3venes y modernos.<\/p>\n<p>M\u00e1s rom\u00e1nticas y envueltas en la atm\u00f3sfera de Sherlock Holmes son algunas piezas con acento brit\u00e1nico, entre ellas americanas y pantalones de cuadros en tonos verdes y azules o rojos y blancos, modelos que en ocasiones se conjuntan con c\u00e1lidos chalecos de lana estampados con rombos o formas geom\u00e9tricas.<\/p>\n<p>Tambi\u00e9n urbana es la firma Peuterey, que muestra su lado m\u00e1s c\u00e1lido con prendas de abrigo de corte m\u00e1s informal y juvenil, realzadas con apuntes de piel y c\u00f3modas cremalleras.<\/p>\n<p>Los complementos adquieren un papel secundario muy importante. \u00abSon el sello que marcan la diferencia\u00bb, explic\u00f3 el dise\u00f1ador de sombreros belga, Geoffroy Moreels, que present\u00f3 en la feria una colecci\u00f3n de sombreros fabricados en Sevilla (Espa\u00f1a).<\/p>\n<p>\u00abSon piezas muy especiales, realizadas artesanalmente con piel curtida de conejo o castor\u00bb, explic\u00f3 Moreels, quien adorna las piezas con divertidos \u00abpiercing\u00bb y bandas repletas de bolitas y abalorios de cientos de colores.<\/p>\n<p>Los cl\u00e1sicos paraguas se actualizan gracias a originales empu\u00f1aduras que recrean calaveras, linces, serpientes, caballos o panteras, realizadas en maderas tan exclusivas como el \u00e9bano. La afamada firma Pasotti Ombrelli recurre a los cristales y el marfil para tallar soberbios mangos.<\/p>\n<p>Aunque las corbatas contin\u00faan siendo el complemento b\u00e1sico del hombre, las pajaritas toman los mandos para adornar camisas. De cuadros, rayas o lisas adornadas con tachuelas, estas coquetas lazadas, de la mano de la firma Cor sine labe doli, dan un paso m\u00e1s y se fabrican en cer\u00e1mica para instalarse en el cuello del hombre a modo de collar.<\/p>\n<p>Junto a estos complementos, tambi\u00e9n llaman la atenci\u00f3n los calcetines, que adem\u00e1s de abrigar y evitar rozaduras en los pies, se convierten en una prenda imprescindible para realzar el estilismo, ya que se llevan los pantalones pitillos muy cortos.<\/p>\n<p>As\u00ed, mientras la firma Bresciani recrea el teclado de un piano o unas partituras de m\u00fasica, la empresa Gallo apuesta por medias personalizadas con luces \u00abled\u00bb que recorren la pierna desde la rodilla hasta el tobillo, un divertida forma de iluminar el camino.<\/p>\n<p>Los relojes de bolsillo, los \u00abfoulares\u00bb, los pa\u00f1uelos de americana, las boinas y los bolsos de mano son el broche de oro de un estilismo urbano y cosmopolita.<\/p>\n<p>Por Carmen Mart\u00edn.<\/p>\n","protected":false},"excerpt":{"rendered":"<p>Florencia, 9 ene (EFE).- Tras a\u00f1os vistiendo ropa \u00abcasual\u00bb y deportiva, se impone la sastrer\u00eda cl\u00e1sica en la que se mezclan prendas urbanas y cosmopolitas, una moda que el hombre adorna con complementos tan sofisticados como las pajaritas, los bolsos, los sombreros, los paraguas y los relojes de bolsillo. A la espera de los desfiles<\/p>\n","protected":false},"author":1,"featured_media":565,"comment_status":"open","ping_status":"open","sticky":false,"template":"","format":"standard","meta":{"footnotes":""},"categories":[225],"tags":[],"class_list":{"0":"post-564","1":"post","2":"type-post","3":"status-publish","4":"format-standard","5":"has-post-thumbnail","7":"category-moda"},"aioseo_notices":[],"aioseo_head":"\n\t\t<!-- All in One SEO Pro 4.9.6.1 - aioseo.com -->\n\t<meta name=\"description\" content=\"Florencia, 9 ene (EFE).- Tras a\u00f1os vistiendo ropa &quot;casual&quot; y deportiva, se impone la sastrer\u00eda cl\u00e1sica en la que se mezclan prendas urbanas y cosmopolitas, una moda que el hombre adorna con complementos tan sofisticados como las pajaritas, los bolsos, los sombreros, los paraguas y los relojes de bolsillo. A la espera de los desfiles\" \/>\n\t<meta name=\"robots\" content=\"max-image-preview:large\" \/>\n\t<meta name=\"author\" content=\"admin\"\/>\n\t<meta name=\"google-site-verification\" content=\"UA-38556648-1\" \/>\n\t<meta name=\"keywords\" content=\"moda\" \/>\n\t<link rel=\"canonical\" href=\"https:\/\/eldigitaldeasturias.com\/magazine365\/la-sastreria-clasica-despliega-su-poderio-en-pitti-uomo\/\" \/>\n\t<meta name=\"generator\" content=\"All in One SEO Pro (AIOSEO) 4.9.6.1\" \/>\n\t\t<meta property=\"og:locale\" content=\"es_ES\" \/>\n\t\t<meta property=\"og:site_name\" content=\"El Digital de Asturias \u2013 Revista de ocio, turismo y estilo de vida\" \/>\n\t\t<meta property=\"og:type\" content=\"article\" \/>\n\t\t<meta property=\"og:title\" content=\"La sastrer\u00eda cl\u00e1sica despliega su poder\u00edo en Pitti Uomo | El Digital de Asturias\" \/>\n\t\t<meta property=\"og:description\" content=\"Florencia, 9 ene (EFE).- Tras a\u00f1os vistiendo ropa &quot;casual&quot; y deportiva, se impone la sastrer\u00eda cl\u00e1sica en la que se mezclan prendas urbanas y cosmopolitas, una moda que el hombre adorna con complementos tan sofisticados como las pajaritas, los bolsos, los sombreros, los paraguas y los relojes de bolsillo. A la espera de los desfiles\" \/>\n\t\t<meta property=\"og:url\" content=\"https:\/\/eldigitaldeasturias.com\/magazine365\/la-sastreria-clasica-despliega-su-poderio-en-pitti-uomo\/\" \/>\n\t\t<meta property=\"og:image\" content=\"https:\/\/eldigitaldeasturias.com\/magazine365\/wp-content\/uploads\/2014\/01\/5838364w.jpg\" \/>\n\t\t<meta property=\"og:image:secure_url\" content=\"https:\/\/eldigitaldeasturias.com\/magazine365\/wp-content\/uploads\/2014\/01\/5838364w.jpg\" \/>\n\t\t<meta property=\"og:image:width\" content=\"800\" \/>\n\t\t<meta property=\"og:image:height\" content=\"509\" \/>\n\t\t<meta property=\"article:published_time\" content=\"2014-01-10T06:35:14+00:00\" \/>\n\t\t<meta property=\"article:modified_time\" content=\"2014-01-10T06:35:14+00:00\" \/>\n\t\t<meta name=\"twitter:card\" content=\"summary_large_image\" \/>\n\t\t<meta name=\"twitter:title\" content=\"La sastrer\u00eda cl\u00e1sica despliega su poder\u00edo en Pitti Uomo | El Digital de Asturias\" \/>\n\t\t<meta name=\"twitter:description\" content=\"Florencia, 9 ene (EFE).- Tras a\u00f1os vistiendo ropa &quot;casual&quot; y deportiva, se impone la sastrer\u00eda cl\u00e1sica en la que se mezclan prendas urbanas y cosmopolitas, una moda que el hombre adorna con complementos tan sofisticados como las pajaritas, los bolsos, los sombreros, los paraguas y los relojes de bolsillo. A la espera de los desfiles\" \/>\n\t\t<meta name=\"twitter:image\" content=\"https:\/\/eldigitaldeasturias.com\/magazine365\/wp-content\/uploads\/2014\/01\/5838364w.jpg\" \/>\n\t\t<script type=\"application\/ld+json\" class=\"aioseo-schema\">\n\t\t\t{\"@context\":\"https:\\\/\\\/schema.org\",\"@graph\":[{\"@type\":\"Article\",\"@id\":\"https:\\\/\\\/eldigitaldeasturias.com\\\/magazine365\\\/la-sastreria-clasica-despliega-su-poderio-en-pitti-uomo\\\/#article\",\"name\":\"La sastrer\\u00eda cl\\u00e1sica despliega su poder\\u00edo en Pitti Uomo | El Digital de Asturias\",\"headline\":\"La sastrer\\u00eda cl\\u00e1sica despliega su poder\\u00edo en Pitti Uomo\",\"author\":{\"@id\":\"https:\\\/\\\/eldigitaldeasturias.com\\\/magazine365\\\/author\\\/admin\\\/#author\"},\"publisher\":{\"@id\":\"https:\\\/\\\/eldigitaldeasturias.com\\\/magazine365\\\/#organization\"},\"image\":{\"@type\":\"ImageObject\",\"url\":\"https:\\\/\\\/eldigitaldeasturias.com\\\/magazine365\\\/wp-content\\\/uploads\\\/2014\\\/01\\\/5838364w.jpg\",\"width\":800,\"height\":509},\"datePublished\":\"2014-01-10T05:35:14+01:00\",\"dateModified\":\"2014-01-10T05:35:14+01:00\",\"inLanguage\":\"es-ES\",\"mainEntityOfPage\":{\"@id\":\"https:\\\/\\\/eldigitaldeasturias.com\\\/magazine365\\\/la-sastreria-clasica-despliega-su-poderio-en-pitti-uomo\\\/#webpage\"},\"isPartOf\":{\"@id\":\"https:\\\/\\\/eldigitaldeasturias.com\\\/magazine365\\\/la-sastreria-clasica-despliega-su-poderio-en-pitti-uomo\\\/#webpage\"},\"articleSection\":\"Moda\"},{\"@type\":\"BreadcrumbList\",\"@id\":\"https:\\\/\\\/eldigitaldeasturias.com\\\/magazine365\\\/la-sastreria-clasica-despliega-su-poderio-en-pitti-uomo\\\/#breadcrumblist\",\"itemListElement\":[{\"@type\":\"ListItem\",\"@id\":\"https:\\\/\\\/eldigitaldeasturias.com\\\/magazine365#listItem\",\"position\":1,\"name\":\"Home\",\"item\":\"https:\\\/\\\/eldigitaldeasturias.com\\\/magazine365\",\"nextItem\":{\"@type\":\"ListItem\",\"@id\":\"https:\\\/\\\/eldigitaldeasturias.com\\\/magazine365\\\/category\\\/moda\\\/#listItem\",\"name\":\"Moda\"}},{\"@type\":\"ListItem\",\"@id\":\"https:\\\/\\\/eldigitaldeasturias.com\\\/magazine365\\\/category\\\/moda\\\/#listItem\",\"position\":2,\"name\":\"Moda\",\"item\":\"https:\\\/\\\/eldigitaldeasturias.com\\\/magazine365\\\/category\\\/moda\\\/\",\"nextItem\":{\"@type\":\"ListItem\",\"@id\":\"https:\\\/\\\/eldigitaldeasturias.com\\\/magazine365\\\/la-sastreria-clasica-despliega-su-poderio-en-pitti-uomo\\\/#listItem\",\"name\":\"La sastrer\\u00eda cl\\u00e1sica despliega su poder\\u00edo en Pitti Uomo\"},\"previousItem\":{\"@type\":\"ListItem\",\"@id\":\"https:\\\/\\\/eldigitaldeasturias.com\\\/magazine365#listItem\",\"name\":\"Home\"}},{\"@type\":\"ListItem\",\"@id\":\"https:\\\/\\\/eldigitaldeasturias.com\\\/magazine365\\\/la-sastreria-clasica-despliega-su-poderio-en-pitti-uomo\\\/#listItem\",\"position\":3,\"name\":\"La sastrer\\u00eda cl\\u00e1sica despliega su poder\\u00edo en Pitti Uomo\",\"previousItem\":{\"@type\":\"ListItem\",\"@id\":\"https:\\\/\\\/eldigitaldeasturias.com\\\/magazine365\\\/category\\\/moda\\\/#listItem\",\"name\":\"Moda\"}}]},{\"@type\":\"Organization\",\"@id\":\"https:\\\/\\\/eldigitaldeasturias.com\\\/magazine365\\\/#organization\",\"name\":\"El digital de Asturias\",\"description\":\"Revista de ocio, turismo y estilo de vida\",\"url\":\"https:\\\/\\\/eldigitaldeasturias.com\\\/magazine365\\\/\",\"logo\":{\"@type\":\"ImageObject\",\"url\":\"https:\\\/\\\/www.eldigitaldeasturias.com\\\/noticias\\\/wp-content\\\/uploads\\\/2020\\\/12\\\/EDA.jpg\",\"@id\":\"https:\\\/\\\/eldigitaldeasturias.com\\\/magazine365\\\/la-sastreria-clasica-despliega-su-poderio-en-pitti-uomo\\\/#organizationLogo\"},\"image\":{\"@id\":\"https:\\\/\\\/eldigitaldeasturias.com\\\/magazine365\\\/la-sastreria-clasica-despliega-su-poderio-en-pitti-uomo\\\/#organizationLogo\"}},{\"@type\":\"Person\",\"@id\":\"https:\\\/\\\/eldigitaldeasturias.com\\\/magazine365\\\/author\\\/admin\\\/#author\",\"url\":\"https:\\\/\\\/eldigitaldeasturias.com\\\/magazine365\\\/author\\\/admin\\\/\",\"name\":\"admin\",\"image\":{\"@type\":\"ImageObject\",\"@id\":\"https:\\\/\\\/eldigitaldeasturias.com\\\/magazine365\\\/la-sastreria-clasica-despliega-su-poderio-en-pitti-uomo\\\/#authorImage\",\"url\":\"https:\\\/\\\/eldigitaldeasturias.com\\\/magazine365\\\/wp-content\\\/litespeed\\\/avatar\\\/e571bcf59a0edd6fa6838245a470f2fe.jpg?ver=1776969259\",\"width\":96,\"height\":96,\"caption\":\"admin\"}},{\"@type\":\"WebPage\",\"@id\":\"https:\\\/\\\/eldigitaldeasturias.com\\\/magazine365\\\/la-sastreria-clasica-despliega-su-poderio-en-pitti-uomo\\\/#webpage\",\"url\":\"https:\\\/\\\/eldigitaldeasturias.com\\\/magazine365\\\/la-sastreria-clasica-despliega-su-poderio-en-pitti-uomo\\\/\",\"name\":\"La sastrer\\u00eda cl\\u00e1sica despliega su poder\\u00edo en Pitti Uomo | El Digital de Asturias\",\"description\":\"Florencia, 9 ene (EFE).- Tras a\\u00f1os vistiendo ropa \\\"casual\\\" y deportiva, se impone la sastrer\\u00eda cl\\u00e1sica en la que se mezclan prendas urbanas y cosmopolitas, una moda que el hombre adorna con complementos tan sofisticados como las pajaritas, los bolsos, los sombreros, los paraguas y los relojes de bolsillo. A la espera de los desfiles\",\"inLanguage\":\"es-ES\",\"isPartOf\":{\"@id\":\"https:\\\/\\\/eldigitaldeasturias.com\\\/magazine365\\\/#website\"},\"breadcrumb\":{\"@id\":\"https:\\\/\\\/eldigitaldeasturias.com\\\/magazine365\\\/la-sastreria-clasica-despliega-su-poderio-en-pitti-uomo\\\/#breadcrumblist\"},\"author\":{\"@id\":\"https:\\\/\\\/eldigitaldeasturias.com\\\/magazine365\\\/author\\\/admin\\\/#author\"},\"creator\":{\"@id\":\"https:\\\/\\\/eldigitaldeasturias.com\\\/magazine365\\\/author\\\/admin\\\/#author\"},\"image\":{\"@type\":\"ImageObject\",\"url\":\"https:\\\/\\\/eldigitaldeasturias.com\\\/magazine365\\\/wp-content\\\/uploads\\\/2014\\\/01\\\/5838364w.jpg\",\"@id\":\"https:\\\/\\\/eldigitaldeasturias.com\\\/magazine365\\\/la-sastreria-clasica-despliega-su-poderio-en-pitti-uomo\\\/#mainImage\",\"width\":800,\"height\":509},\"primaryImageOfPage\":{\"@id\":\"https:\\\/\\\/eldigitaldeasturias.com\\\/magazine365\\\/la-sastreria-clasica-despliega-su-poderio-en-pitti-uomo\\\/#mainImage\"},\"datePublished\":\"2014-01-10T05:35:14+01:00\",\"dateModified\":\"2014-01-10T05:35:14+01:00\"},{\"@type\":\"WebSite\",\"@id\":\"https:\\\/\\\/eldigitaldeasturias.com\\\/magazine365\\\/#website\",\"url\":\"https:\\\/\\\/eldigitaldeasturias.com\\\/magazine365\\\/\",\"name\":\"El Digital de Asturias\",\"description\":\"Revista de ocio, turismo y estilo de vida\",\"inLanguage\":\"es-ES\",\"publisher\":{\"@id\":\"https:\\\/\\\/eldigitaldeasturias.com\\\/magazine365\\\/#organization\"}}]}\n\t\t<\/script>\n\t\t<!-- All in One SEO Pro -->\r\n\t\t<title>La sastrer\u00eda cl\u00e1sica despliega su poder\u00edo en Pitti Uomo | El Digital de Asturias<\/title>\n\n","aioseo_head_json":{"title":"La sastrer\u00eda cl\u00e1sica despliega su poder\u00edo en Pitti Uomo | El Digital de Asturias","description":"Florencia, 9 ene (EFE).- Tras a\u00f1os vistiendo ropa \"casual\" y deportiva, se impone la sastrer\u00eda cl\u00e1sica en la que se mezclan prendas urbanas y cosmopolitas, una moda que el hombre adorna con complementos tan sofisticados como las pajaritas, los bolsos, los sombreros, los paraguas y los relojes de bolsillo. A la espera de los desfiles","canonical_url":"https:\/\/eldigitaldeasturias.com\/magazine365\/la-sastreria-clasica-despliega-su-poderio-en-pitti-uomo\/","robots":"max-image-preview:large","keywords":"moda","webmasterTools":{"google-site-verification":"UA-38556648-1","miscellaneous":""},"schema":{"@context":"https:\/\/schema.org","@graph":[{"@type":"Article","@id":"https:\/\/eldigitaldeasturias.com\/magazine365\/la-sastreria-clasica-despliega-su-poderio-en-pitti-uomo\/#article","name":"La sastrer\u00eda cl\u00e1sica despliega su poder\u00edo en Pitti Uomo | El Digital de Asturias","headline":"La sastrer\u00eda cl\u00e1sica despliega su poder\u00edo en Pitti Uomo","author":{"@id":"https:\/\/eldigitaldeasturias.com\/magazine365\/author\/admin\/#author"},"publisher":{"@id":"https:\/\/eldigitaldeasturias.com\/magazine365\/#organization"},"image":{"@type":"ImageObject","url":"https:\/\/eldigitaldeasturias.com\/magazine365\/wp-content\/uploads\/2014\/01\/5838364w.jpg","width":800,"height":509},"datePublished":"2014-01-10T05:35:14+01:00","dateModified":"2014-01-10T05:35:14+01:00","inLanguage":"es-ES","mainEntityOfPage":{"@id":"https:\/\/eldigitaldeasturias.com\/magazine365\/la-sastreria-clasica-despliega-su-poderio-en-pitti-uomo\/#webpage"},"isPartOf":{"@id":"https:\/\/eldigitaldeasturias.com\/magazine365\/la-sastreria-clasica-despliega-su-poderio-en-pitti-uomo\/#webpage"},"articleSection":"Moda"},{"@type":"BreadcrumbList","@id":"https:\/\/eldigitaldeasturias.com\/magazine365\/la-sastreria-clasica-despliega-su-poderio-en-pitti-uomo\/#breadcrumblist","itemListElement":[{"@type":"ListItem","@id":"https:\/\/eldigitaldeasturias.com\/magazine365#listItem","position":1,"name":"Home","item":"https:\/\/eldigitaldeasturias.com\/magazine365","nextItem":{"@type":"ListItem","@id":"https:\/\/eldigitaldeasturias.com\/magazine365\/category\/moda\/#listItem","name":"Moda"}},{"@type":"ListItem","@id":"https:\/\/eldigitaldeasturias.com\/magazine365\/category\/moda\/#listItem","position":2,"name":"Moda","item":"https:\/\/eldigitaldeasturias.com\/magazine365\/category\/moda\/","nextItem":{"@type":"ListItem","@id":"https:\/\/eldigitaldeasturias.com\/magazine365\/la-sastreria-clasica-despliega-su-poderio-en-pitti-uomo\/#listItem","name":"La sastrer\u00eda cl\u00e1sica despliega su poder\u00edo en Pitti Uomo"},"previousItem":{"@type":"ListItem","@id":"https:\/\/eldigitaldeasturias.com\/magazine365#listItem","name":"Home"}},{"@type":"ListItem","@id":"https:\/\/eldigitaldeasturias.com\/magazine365\/la-sastreria-clasica-despliega-su-poderio-en-pitti-uomo\/#listItem","position":3,"name":"La sastrer\u00eda cl\u00e1sica despliega su poder\u00edo en Pitti Uomo","previousItem":{"@type":"ListItem","@id":"https:\/\/eldigitaldeasturias.com\/magazine365\/category\/moda\/#listItem","name":"Moda"}}]},{"@type":"Organization","@id":"https:\/\/eldigitaldeasturias.com\/magazine365\/#organization","name":"El digital de Asturias","description":"Revista de ocio, turismo y estilo de vida","url":"https:\/\/eldigitaldeasturias.com\/magazine365\/","logo":{"@type":"ImageObject","url":"https:\/\/www.eldigitaldeasturias.com\/noticias\/wp-content\/uploads\/2020\/12\/EDA.jpg","@id":"https:\/\/eldigitaldeasturias.com\/magazine365\/la-sastreria-clasica-despliega-su-poderio-en-pitti-uomo\/#organizationLogo"},"image":{"@id":"https:\/\/eldigitaldeasturias.com\/magazine365\/la-sastreria-clasica-despliega-su-poderio-en-pitti-uomo\/#organizationLogo"}},{"@type":"Person","@id":"https:\/\/eldigitaldeasturias.com\/magazine365\/author\/admin\/#author","url":"https:\/\/eldigitaldeasturias.com\/magazine365\/author\/admin\/","name":"admin","image":{"@type":"ImageObject","@id":"https:\/\/eldigitaldeasturias.com\/magazine365\/la-sastreria-clasica-despliega-su-poderio-en-pitti-uomo\/#authorImage","url":"https:\/\/eldigitaldeasturias.com\/magazine365\/wp-content\/litespeed\/avatar\/e571bcf59a0edd6fa6838245a470f2fe.jpg?ver=1776969259","width":96,"height":96,"caption":"admin"}},{"@type":"WebPage","@id":"https:\/\/eldigitaldeasturias.com\/magazine365\/la-sastreria-clasica-despliega-su-poderio-en-pitti-uomo\/#webpage","url":"https:\/\/eldigitaldeasturias.com\/magazine365\/la-sastreria-clasica-despliega-su-poderio-en-pitti-uomo\/","name":"La sastrer\u00eda cl\u00e1sica despliega su poder\u00edo en Pitti Uomo | El Digital de Asturias","description":"Florencia, 9 ene (EFE).- Tras a\u00f1os vistiendo ropa \"casual\" y deportiva, se impone la sastrer\u00eda cl\u00e1sica en la que se mezclan prendas urbanas y cosmopolitas, una moda que el hombre adorna con complementos tan sofisticados como las pajaritas, los bolsos, los sombreros, los paraguas y los relojes de bolsillo. A la espera de los desfiles","inLanguage":"es-ES","isPartOf":{"@id":"https:\/\/eldigitaldeasturias.com\/magazine365\/#website"},"breadcrumb":{"@id":"https:\/\/eldigitaldeasturias.com\/magazine365\/la-sastreria-clasica-despliega-su-poderio-en-pitti-uomo\/#breadcrumblist"},"author":{"@id":"https:\/\/eldigitaldeasturias.com\/magazine365\/author\/admin\/#author"},"creator":{"@id":"https:\/\/eldigitaldeasturias.com\/magazine365\/author\/admin\/#author"},"image":{"@type":"ImageObject","url":"https:\/\/eldigitaldeasturias.com\/magazine365\/wp-content\/uploads\/2014\/01\/5838364w.jpg","@id":"https:\/\/eldigitaldeasturias.com\/magazine365\/la-sastreria-clasica-despliega-su-poderio-en-pitti-uomo\/#mainImage","width":800,"height":509},"primaryImageOfPage":{"@id":"https:\/\/eldigitaldeasturias.com\/magazine365\/la-sastreria-clasica-despliega-su-poderio-en-pitti-uomo\/#mainImage"},"datePublished":"2014-01-10T05:35:14+01:00","dateModified":"2014-01-10T05:35:14+01:00"},{"@type":"WebSite","@id":"https:\/\/eldigitaldeasturias.com\/magazine365\/#website","url":"https:\/\/eldigitaldeasturias.com\/magazine365\/","name":"El Digital de Asturias","description":"Revista de ocio, turismo y estilo de vida","inLanguage":"es-ES","publisher":{"@id":"https:\/\/eldigitaldeasturias.com\/magazine365\/#organization"}}]},"og:locale":"es_ES","og:site_name":"El Digital de Asturias \u2013 Revista de ocio, turismo y estilo de vida","og:type":"article","og:title":"La sastrer\u00eda cl\u00e1sica despliega su poder\u00edo en Pitti Uomo | El Digital de Asturias","og:description":"Florencia, 9 ene (EFE).- Tras a\u00f1os vistiendo ropa &quot;casual&quot; y deportiva, se impone la sastrer\u00eda cl\u00e1sica en la que se mezclan prendas urbanas y cosmopolitas, una moda que el hombre adorna con complementos tan sofisticados como las pajaritas, los bolsos, los sombreros, los paraguas y los relojes de bolsillo. A la espera de los desfiles","og:url":"https:\/\/eldigitaldeasturias.com\/magazine365\/la-sastreria-clasica-despliega-su-poderio-en-pitti-uomo\/","og:image":"https:\/\/eldigitaldeasturias.com\/magazine365\/wp-content\/uploads\/2014\/01\/5838364w.jpg","og:image:secure_url":"https:\/\/eldigitaldeasturias.com\/magazine365\/wp-content\/uploads\/2014\/01\/5838364w.jpg","og:image:width":800,"og:image:height":509,"article:published_time":"2014-01-10T06:35:14+00:00","article:modified_time":"2014-01-10T06:35:14+00:00","twitter:card":"summary_large_image","twitter:title":"La sastrer\u00eda cl\u00e1sica despliega su poder\u00edo en Pitti Uomo | El Digital de Asturias","twitter:description":"Florencia, 9 ene (EFE).- Tras a\u00f1os vistiendo ropa &quot;casual&quot; y deportiva, se impone la sastrer\u00eda cl\u00e1sica en la que se mezclan prendas urbanas y cosmopolitas, una moda que el hombre adorna con complementos tan sofisticados como las pajaritas, los bolsos, los sombreros, los paraguas y los relojes de bolsillo. A la espera de los desfiles","twitter:image":"https:\/\/eldigitaldeasturias.com\/magazine365\/wp-content\/uploads\/2014\/01\/5838364w.jpg"},"aioseo_meta_data":{"post_id":"564","title":null,"description":null,"keywords":null,"keyphrases":null,"primary_term":null,"canonical_url":null,"og_title":null,"og_description":null,"og_object_type":"default","og_image_type":"default","og_image_url":null,"og_image_width":null,"og_image_height":null,"og_image_custom_url":null,"og_image_custom_fields":null,"og_video":null,"og_custom_url":null,"og_article_section":null,"og_article_tags":null,"twitter_use_og":false,"twitter_card":"default","twitter_image_type":"default","twitter_image_url":null,"twitter_image_custom_url":null,"twitter_image_custom_fields":null,"twitter_title":null,"twitter_description":null,"schema":{"blockGraphs":[],"customGraphs":[],"default":{"data":{"Article":[],"Course":[],"Dataset":[],"FAQPage":[],"Movie":[],"Person":[],"Product":[],"ProductReview":[],"Car":[],"Recipe":[],"Service":[],"SoftwareApplication":[],"WebPage":[]},"graphName":"","isEnabled":true},"graphs":[],"defaultGraph":"","defaultPostTypeGraph":""},"schema_type":null,"schema_type_options":null,"pillar_content":false,"robots_default":true,"robots_noindex":false,"robots_noarchive":false,"robots_nosnippet":false,"robots_nofollow":false,"robots_noimageindex":false,"robots_noodp":false,"robots_notranslate":false,"robots_max_snippet":null,"robots_max_videopreview":null,"robots_max_imagepreview":"large","priority":null,"frequency":null,"location":null,"local_seo":null,"seo_analyzer_scan_date":"2025-09-16 07:47:56","breadcrumb_settings":null,"limit_modified_date":false,"open_ai":null,"ai":null,"created":"2020-12-21 13:33:30","updated":"2025-09-16 07:47:56"},"aioseo_breadcrumb":"<div class=\"aioseo-breadcrumbs\"><span class=\"aioseo-breadcrumb\">\n\t<a href=\"https:\/\/eldigitaldeasturias.com\/magazine365\" title=\"Home\">Home<\/a>\n<\/span><span class=\"aioseo-breadcrumb-separator\">\u2013<\/span><span class=\"aioseo-breadcrumb\">\n\t<a href=\"https:\/\/eldigitaldeasturias.com\/magazine365\/category\/moda\/\" title=\"Moda\">Moda<\/a>\n<\/span><span class=\"aioseo-breadcrumb-separator\">\u2013<\/span><span class=\"aioseo-breadcrumb\">\n\t<a href=\"https:\/\/eldigitaldeasturias.com\/magazine365\/la-sastreria-clasica-despliega-su-poderio-en-pitti-uomo\/\" title=\"La sastrer\u00eda cl\u00e1sica despliega su poder\u00edo en Pitti Uomo\">La sastrer\u00eda cl\u00e1sica despliega su poder\u00edo en Pitti Uomo<\/a>\n<\/span><\/div>","aioseo_breadcrumb_json":[{"label":"Home","link":"https:\/\/eldigitaldeasturias.com\/magazine365"},{"label":"Moda","link":"https:\/\/eldigitaldeasturias.com\/magazine365\/category\/moda\/"},{"label":"La sastrer\u00eda cl\u00e1sica despliega su poder\u00edo en Pitti Uomo","link":"https:\/\/eldigitaldeasturias.com\/magazine365\/la-sastreria-clasica-despliega-su-poderio-en-pitti-uomo\/"}],"_links":{"self":[{"href":"https:\/\/eldigitaldeasturias.com\/magazine365\/wp-json\/wp\/v2\/posts\/564","targetHints":{"allow":["GET"]}}],"collection":[{"href":"https:\/\/eldigitaldeasturias.com\/magazine365\/wp-json\/wp\/v2\/posts"}],"about":[{"href":"https:\/\/eldigitaldeasturias.com\/magazine365\/wp-json\/wp\/v2\/types\/post"}],"author":[{"embeddable":true,"href":"https:\/\/eldigitaldeasturias.com\/magazine365\/wp-json\/wp\/v2\/users\/1"}],"replies":[{"embeddable":true,"href":"https:\/\/eldigitaldeasturias.com\/magazine365\/wp-json\/wp\/v2\/comments?post=564"}],"version-history":[{"count":0,"href":"https:\/\/eldigitaldeasturias.com\/magazine365\/wp-json\/wp\/v2\/posts\/564\/revisions"}],"wp:featuredmedia":[{"embeddable":true,"href":"https:\/\/eldigitaldeasturias.com\/magazine365\/wp-json\/wp\/v2\/media\/565"}],"wp:attachment":[{"href":"https:\/\/eldigitaldeasturias.com\/magazine365\/wp-json\/wp\/v2\/media?parent=564"}],"wp:term":[{"taxonomy":"category","embeddable":true,"href":"https:\/\/eldigitaldeasturias.com\/magazine365\/wp-json\/wp\/v2\/categories?post=564"},{"taxonomy":"post_tag","embeddable":true,"href":"https:\/\/eldigitaldeasturias.com\/magazine365\/wp-json\/wp\/v2\/tags?post=564"}],"curies":[{"name":"wp","href":"https:\/\/api.w.org\/{rel}","templated":true}]}}