{"id":56387,"date":"2015-11-25T01:09:31","date_gmt":"2015-11-25T00:09:31","guid":{"rendered":"http:\/\/eldigitaldeasturias.com\/magazine365\/?p=56387"},"modified":"2015-11-25T01:09:31","modified_gmt":"2015-11-25T00:09:31","slug":"la-audiencia-nacional-suspende-el-juicio-contra-diaz-ferran","status":"publish","type":"post","link":"https:\/\/eldigitaldeasturias.com\/magazine365\/la-audiencia-nacional-suspende-el-juicio-contra-diaz-ferran\/","title":{"rendered":"La Audiencia Nacional suspende el juicio contra D\u00edaz Ferr\u00e1n"},"content":{"rendered":"<p><img fetchpriority=\"high\" decoding=\"async\" class=\"alignleft size-medium wp-image-56388\" src=\"https:\/\/eldigitaldeasturias.com\/magazine365\/wp-content\/uploads\/2015\/11\/fotonoticia_20151123122039_800-360x240.jpg\" alt=\"fotonoticia_20151123122039_800\" width=\"360\" height=\"240\" srcset=\"https:\/\/eldigitaldeasturias.com\/magazine365\/wp-content\/uploads\/2015\/11\/fotonoticia_20151123122039_800-360x240.jpg 360w, https:\/\/eldigitaldeasturias.com\/magazine365\/wp-content\/uploads\/2015\/11\/fotonoticia_20151123122039_800-650x433.jpg 650w, https:\/\/eldigitaldeasturias.com\/magazine365\/wp-content\/uploads\/2015\/11\/fotonoticia_20151123122039_800-768x512.jpg 768w, https:\/\/eldigitaldeasturias.com\/magazine365\/wp-content\/uploads\/2015\/11\/fotonoticia_20151123122039_800-150x100.jpg 150w, https:\/\/eldigitaldeasturias.com\/magazine365\/wp-content\/uploads\/2015\/11\/fotonoticia_20151123122039_800-450x300.jpg 450w, https:\/\/eldigitaldeasturias.com\/magazine365\/wp-content\/uploads\/2015\/11\/fotonoticia_20151123122039_800-696x464.jpg 696w, https:\/\/eldigitaldeasturias.com\/magazine365\/wp-content\/uploads\/2015\/11\/fotonoticia_20151123122039_800-630x420.jpg 630w, https:\/\/eldigitaldeasturias.com\/magazine365\/wp-content\/uploads\/2015\/11\/fotonoticia_20151123122039_800-84x55.jpg 84w, https:\/\/eldigitaldeasturias.com\/magazine365\/wp-content\/uploads\/2015\/11\/fotonoticia_20151123122039_800.jpg 800w\" sizes=\"(max-width: 360px) 100vw, 360px\" \/>La Audiencia Nacional ha aplazado al 7 de enero el juicio que ten\u00eda previsto celebrar desde este lunes contra el expresidente de la CEOE Gerardo D\u00edaz Ferr\u00e1n por apropiarse de 4,4 millones de euros de clientes del Grupo Marsans, porque su aud\u00edfono no funciona y est\u00e1 a la espera de que un centro m\u00e9dico le repare o reemplace el dispositivo.<\/p>\n<p>La Secci\u00f3n Cuarta de la Sala de lo Penal ha adoptado esta decisi\u00f3n despu\u00e9s de que dos forenses hayan diagnosticado en calabozos al exjefe de la patronal, que ha sido trasladado desde la c\u00e1rcel madrile\u00f1a de Soto del Real y que ya advirti\u00f3 del mal estado de su sonotone el pasado 29 de octubre a la Audiencia Nacional.<\/p>\n<p>A pesar de que el Ministerio Fiscal inform\u00f3 a favor de que fuera trasladado a un centro especializado y los jueces autorizaron su salida de prisi\u00f3n, D\u00edaz Ferr\u00e1n no fue llevado a los centros de audici\u00f3n y ha sido conducido a la sede judicial pese a no poder o\u00edr las acusaciones y las declaraciones de la vista oral.<\/p>\n<p>En la vista, dos forenses han expuesto ante el tribunal, presidido por la magistrada Teresa Palacios, que el aud\u00edfono del acusado est\u00e1 \u00abroto\u00bb y que ser\u00eda \u00abincapaz de enterarse\u00bb del transcurso de la vista oral. \u00abOye muy poco, solo cuando est\u00e1 a corta distancia\u00bb, han a\u00f1adido.<\/p>\n<p>Por ello, el tribunal ha accedido a aplazar a los d\u00edas 7, 8, 28 y 29 de enero las sesiones del juicio, donde se enfrenta a cuatro a\u00f1os de prisi\u00f3n por un delito continuado de apropiaci\u00f3n indebida, al igual que el \u00faltimo director general de la empresa tur\u00edstica, Iv\u00e1n Losada.<\/p>\n<p>D\u00edaz Ferr\u00e1n ha intentado buscar una rebaja a la mitad de la pena en un acuerdo de conformidad con el fiscal Daniel Campos, que ha solicitado que con la \u00abm\u00e1xima urgencia\u00bb se solventen las deficiencias para celebrar el juicio, en el que tambi\u00e9n reclama que los acusados paguen sendas multas de 12.000 euros, seg\u00fan fuentes jur\u00eddicas.<\/p>\n<p>D\u00edaz Ferr\u00e1n, de 72 a\u00f1os y con problemas de audici\u00f3n desde hace m\u00e1s de 20, sufre sordera en ambos o\u00eddos y lleva un aud\u00edfono de cuatro a\u00f1os de antig\u00fcedad y deteriorado como consecuencias de los golpes de varias ca\u00eddas.<\/p>\n<p>El que fuera m\u00e1ximo responsable del empresariado espa\u00f1ol ya advirti\u00f3 el pasado verano de que no pod\u00eda escuchar bien el desarrollo del juicio del &#8216;caso Crucero&#8217;.<\/p>\n<p>En su escrito provisional de acusaci\u00f3n, el fiscal Daniel Campos defiende que ambos se apropiaron indebidamente de las cantidades entregadas por los clientes para la adquisici\u00f3n de billetes y que los usuarios de Viajes Marsans y sus filiales Tiempo Libre, Rural Tours y Viajes Crisol perdieron las cantidades depositadas por sus reservas de viajes cancelados.<\/p>\n<p>OPERATIVA DE MARSANS<\/p>\n<p>Seg\u00fan el fiscal, entre el 1 de marzo y el 31 de julio de 2010, el grupo Marsans formaliz\u00f3 reservas que dieron lugar a 7.560 dep\u00f3sitos de clientes, de los que 4.706 no han sido devueltos y se destinaron a fines ajenos a la actividad del grupo. Los consumidores pagaron cantidades que oscilan entre los 130 y los 5.834 euros.<\/p>\n<p>A finales de 2009, los proveedores tur\u00edsticos del grupo Marsans comenzaron a exigirles el pago anticipado de los productos comercializados, por ejemplo Pullmantur pidi\u00f3 el dinero durante los 30 d\u00edas anteriores al inicio de los viajes.<\/p>\n<p>\u00abLos responsables del Grupo Marsans, lejos de destinar los fondos depositados pro los clientes al pago de los servicios contratados, los destinaron a otros fines ajenos a la actividad del grupo\u00bb. La \u00abdesviaci\u00f3n\u00bb de fondos condujo a que los clientes perdieran el dinero entregado al hacer la reserva o el precio total del servicio contratado.<\/p>\n<p>El 20 de abril de 2010, la Asociaci\u00f3n Internacional del Transporte A\u00e9reo (IATA) les retir\u00f3 la licencia para vender billetes de avi\u00f3n por impagos. Un d\u00eda antes , el 19 de abril, los directivos de la empresa tur\u00edstica pidieron por correo electr\u00f3nico a sus oficinas que depositaran el dinero de las reservas en una cuenta de la sociedad Marsans Shooping. Esta cuenta acumul\u00f3 2,46 millones de euros, de los que 1,07 fueron traspasados a otras sociedades y 1,14 se retiraron mediante cheques al portador.<\/p>\n<p>Entre el 9 de junio de 2010 &#8211;el d\u00eda antes de la presentaci\u00f3n del concurso de acreedores&#8211; y el 30 de junio se libraron 13 cheques por valor de 1,14 millones de euros desde esa cuenta, de los que 344.481 euros fueron entregados a Naviera Grimaldi para que retiraran la solicitud de concurso, 100.000 a preparar el aval de IATA de Viajes Atenea, 300.000 retornaron a Viajes Marsans y 500.000 fueron cobraros por empresas ajenas al grupo.<\/p>\n<p>El 25 de junio de 2010, el Juzgado de lo Mercantil n\u00famero 12 de Madrid decret\u00f3 el concurso de acreedores del Grupo Marsans. La compa\u00f1\u00eda quebr\u00f3 dejando un d\u00e9ficit patrimonial de 271 millones de euros (373 millones si se tienen en cuenta sus filiales), ya que contaba con un pasivo de 552 millones, frente a un activo de 281 millones de euros y con 11.409 acreedores.<\/p>\n","protected":false},"excerpt":{"rendered":"<p>La Audiencia Nacional ha aplazado al 7 de enero el juicio que ten\u00eda previsto celebrar desde este lunes contra el expresidente de la CEOE Gerardo D\u00edaz Ferr\u00e1n por apropiarse de 4,4 millones de euros de clientes del Grupo Marsans, porque su aud\u00edfono no funciona y est\u00e1 a la espera de que un centro m\u00e9dico le<\/p>\n","protected":false},"author":1,"featured_media":56388,"comment_status":"open","ping_status":"closed","sticky":false,"template":"","format":"standard","meta":{"footnotes":""},"categories":[224],"tags":[],"class_list":{"0":"post-56387","1":"post","2":"type-post","3":"status-publish","4":"format-standard","5":"has-post-thumbnail","7":"category-noticias-actualidad"},"aioseo_notices":[],"aioseo_head":"\n\t\t<!-- All in One SEO Pro 4.9.6.1 - aioseo.com -->\n\t<meta name=\"description\" content=\"La Audiencia Nacional ha aplazado al 7 de enero el juicio que ten\u00eda previsto celebrar desde este lunes contra el expresidente de la CEOE Gerardo D\u00edaz Ferr\u00e1n por apropiarse de 4,4 millones de euros de clientes del Grupo Marsans, porque su aud\u00edfono no funciona y est\u00e1 a la espera de que un centro m\u00e9dico le\" \/>\n\t<meta name=\"robots\" content=\"max-image-preview:large\" \/>\n\t<meta name=\"author\" content=\"admin\"\/>\n\t<meta name=\"google-site-verification\" content=\"UA-38556648-1\" \/>\n\t<meta name=\"keywords\" content=\"noticias y actualidad\" \/>\n\t<link rel=\"canonical\" href=\"https:\/\/eldigitaldeasturias.com\/magazine365\/la-audiencia-nacional-suspende-el-juicio-contra-diaz-ferran\/\" \/>\n\t<meta name=\"generator\" content=\"All in One SEO Pro (AIOSEO) 4.9.6.1\" \/>\n\t\t<meta property=\"og:locale\" content=\"es_ES\" \/>\n\t\t<meta property=\"og:site_name\" content=\"El Digital de Asturias \u2013 Revista de ocio, turismo y estilo de vida\" \/>\n\t\t<meta property=\"og:type\" content=\"article\" \/>\n\t\t<meta property=\"og:title\" content=\"La Audiencia Nacional suspende el juicio contra D\u00edaz Ferr\u00e1n | El Digital de Asturias\" \/>\n\t\t<meta property=\"og:description\" content=\"La Audiencia Nacional ha aplazado al 7 de enero el juicio que ten\u00eda previsto celebrar desde este lunes contra el expresidente de la CEOE Gerardo D\u00edaz Ferr\u00e1n por apropiarse de 4,4 millones de euros de clientes del Grupo Marsans, porque su aud\u00edfono no funciona y est\u00e1 a la espera de que un centro m\u00e9dico le\" \/>\n\t\t<meta property=\"og:url\" content=\"https:\/\/eldigitaldeasturias.com\/magazine365\/la-audiencia-nacional-suspende-el-juicio-contra-diaz-ferran\/\" \/>\n\t\t<meta property=\"og:image\" content=\"https:\/\/eldigitaldeasturias.com\/magazine365\/wp-content\/uploads\/2015\/11\/fotonoticia_20151123122039_800.jpg\" \/>\n\t\t<meta property=\"og:image:secure_url\" content=\"https:\/\/eldigitaldeasturias.com\/magazine365\/wp-content\/uploads\/2015\/11\/fotonoticia_20151123122039_800.jpg\" \/>\n\t\t<meta property=\"og:image:width\" content=\"800\" \/>\n\t\t<meta property=\"og:image:height\" content=\"533\" \/>\n\t\t<meta property=\"article:published_time\" content=\"2015-11-25T00:09:31+00:00\" \/>\n\t\t<meta property=\"article:modified_time\" content=\"2015-11-25T00:09:31+00:00\" \/>\n\t\t<meta name=\"twitter:card\" content=\"summary_large_image\" \/>\n\t\t<meta name=\"twitter:title\" content=\"La Audiencia Nacional suspende el juicio contra D\u00edaz Ferr\u00e1n | El Digital de Asturias\" \/>\n\t\t<meta name=\"twitter:description\" content=\"La Audiencia Nacional ha aplazado al 7 de enero el juicio que ten\u00eda previsto celebrar desde este lunes contra el expresidente de la CEOE Gerardo D\u00edaz Ferr\u00e1n por apropiarse de 4,4 millones de euros de clientes del Grupo Marsans, porque su aud\u00edfono no funciona y est\u00e1 a la espera de que un centro m\u00e9dico le\" \/>\n\t\t<meta name=\"twitter:image\" content=\"https:\/\/eldigitaldeasturias.com\/magazine365\/wp-content\/uploads\/2015\/11\/fotonoticia_20151123122039_800.jpg\" \/>\n\t\t<script type=\"application\/ld+json\" class=\"aioseo-schema\">\n\t\t\t{\"@context\":\"https:\\\/\\\/schema.org\",\"@graph\":[{\"@type\":\"Article\",\"@id\":\"https:\\\/\\\/eldigitaldeasturias.com\\\/magazine365\\\/la-audiencia-nacional-suspende-el-juicio-contra-diaz-ferran\\\/#article\",\"name\":\"La Audiencia Nacional suspende el juicio contra D\\u00edaz Ferr\\u00e1n | El Digital de Asturias\",\"headline\":\"La Audiencia Nacional suspende el juicio contra D\\u00edaz Ferr\\u00e1n\",\"author\":{\"@id\":\"https:\\\/\\\/eldigitaldeasturias.com\\\/magazine365\\\/author\\\/admin\\\/#author\"},\"publisher\":{\"@id\":\"https:\\\/\\\/eldigitaldeasturias.com\\\/magazine365\\\/#organization\"},\"image\":{\"@type\":\"ImageObject\",\"url\":\"https:\\\/\\\/eldigitaldeasturias.com\\\/magazine365\\\/wp-content\\\/uploads\\\/2015\\\/11\\\/fotonoticia_20151123122039_800.jpg\",\"width\":800,\"height\":533},\"datePublished\":\"2015-11-25T01:09:31+01:00\",\"dateModified\":\"2015-11-25T01:09:31+01:00\",\"inLanguage\":\"es-ES\",\"mainEntityOfPage\":{\"@id\":\"https:\\\/\\\/eldigitaldeasturias.com\\\/magazine365\\\/la-audiencia-nacional-suspende-el-juicio-contra-diaz-ferran\\\/#webpage\"},\"isPartOf\":{\"@id\":\"https:\\\/\\\/eldigitaldeasturias.com\\\/magazine365\\\/la-audiencia-nacional-suspende-el-juicio-contra-diaz-ferran\\\/#webpage\"},\"articleSection\":\"Noticias y Actualidad\"},{\"@type\":\"BreadcrumbList\",\"@id\":\"https:\\\/\\\/eldigitaldeasturias.com\\\/magazine365\\\/la-audiencia-nacional-suspende-el-juicio-contra-diaz-ferran\\\/#breadcrumblist\",\"itemListElement\":[{\"@type\":\"ListItem\",\"@id\":\"https:\\\/\\\/eldigitaldeasturias.com\\\/magazine365#listItem\",\"position\":1,\"name\":\"Home\",\"item\":\"https:\\\/\\\/eldigitaldeasturias.com\\\/magazine365\",\"nextItem\":{\"@type\":\"ListItem\",\"@id\":\"https:\\\/\\\/eldigitaldeasturias.com\\\/magazine365\\\/category\\\/noticias-actualidad\\\/#listItem\",\"name\":\"Noticias y Actualidad\"}},{\"@type\":\"ListItem\",\"@id\":\"https:\\\/\\\/eldigitaldeasturias.com\\\/magazine365\\\/category\\\/noticias-actualidad\\\/#listItem\",\"position\":2,\"name\":\"Noticias y Actualidad\",\"item\":\"https:\\\/\\\/eldigitaldeasturias.com\\\/magazine365\\\/category\\\/noticias-actualidad\\\/\",\"nextItem\":{\"@type\":\"ListItem\",\"@id\":\"https:\\\/\\\/eldigitaldeasturias.com\\\/magazine365\\\/la-audiencia-nacional-suspende-el-juicio-contra-diaz-ferran\\\/#listItem\",\"name\":\"La Audiencia Nacional suspende el juicio contra D\\u00edaz Ferr\\u00e1n\"},\"previousItem\":{\"@type\":\"ListItem\",\"@id\":\"https:\\\/\\\/eldigitaldeasturias.com\\\/magazine365#listItem\",\"name\":\"Home\"}},{\"@type\":\"ListItem\",\"@id\":\"https:\\\/\\\/eldigitaldeasturias.com\\\/magazine365\\\/la-audiencia-nacional-suspende-el-juicio-contra-diaz-ferran\\\/#listItem\",\"position\":3,\"name\":\"La Audiencia Nacional suspende el juicio contra D\\u00edaz Ferr\\u00e1n\",\"previousItem\":{\"@type\":\"ListItem\",\"@id\":\"https:\\\/\\\/eldigitaldeasturias.com\\\/magazine365\\\/category\\\/noticias-actualidad\\\/#listItem\",\"name\":\"Noticias y Actualidad\"}}]},{\"@type\":\"Organization\",\"@id\":\"https:\\\/\\\/eldigitaldeasturias.com\\\/magazine365\\\/#organization\",\"name\":\"El digital de Asturias\",\"description\":\"Revista de ocio, turismo y estilo de vida\",\"url\":\"https:\\\/\\\/eldigitaldeasturias.com\\\/magazine365\\\/\",\"logo\":{\"@type\":\"ImageObject\",\"url\":\"https:\\\/\\\/www.eldigitaldeasturias.com\\\/noticias\\\/wp-content\\\/uploads\\\/2020\\\/12\\\/EDA.jpg\",\"@id\":\"https:\\\/\\\/eldigitaldeasturias.com\\\/magazine365\\\/la-audiencia-nacional-suspende-el-juicio-contra-diaz-ferran\\\/#organizationLogo\"},\"image\":{\"@id\":\"https:\\\/\\\/eldigitaldeasturias.com\\\/magazine365\\\/la-audiencia-nacional-suspende-el-juicio-contra-diaz-ferran\\\/#organizationLogo\"}},{\"@type\":\"Person\",\"@id\":\"https:\\\/\\\/eldigitaldeasturias.com\\\/magazine365\\\/author\\\/admin\\\/#author\",\"url\":\"https:\\\/\\\/eldigitaldeasturias.com\\\/magazine365\\\/author\\\/admin\\\/\",\"name\":\"admin\",\"image\":{\"@type\":\"ImageObject\",\"@id\":\"https:\\\/\\\/eldigitaldeasturias.com\\\/magazine365\\\/la-audiencia-nacional-suspende-el-juicio-contra-diaz-ferran\\\/#authorImage\",\"url\":\"https:\\\/\\\/eldigitaldeasturias.com\\\/magazine365\\\/wp-content\\\/litespeed\\\/avatar\\\/e571bcf59a0edd6fa6838245a470f2fe.jpg?ver=1777574230\",\"width\":96,\"height\":96,\"caption\":\"admin\"}},{\"@type\":\"WebPage\",\"@id\":\"https:\\\/\\\/eldigitaldeasturias.com\\\/magazine365\\\/la-audiencia-nacional-suspende-el-juicio-contra-diaz-ferran\\\/#webpage\",\"url\":\"https:\\\/\\\/eldigitaldeasturias.com\\\/magazine365\\\/la-audiencia-nacional-suspende-el-juicio-contra-diaz-ferran\\\/\",\"name\":\"La Audiencia Nacional suspende el juicio contra D\\u00edaz Ferr\\u00e1n | El Digital de Asturias\",\"description\":\"La Audiencia Nacional ha aplazado al 7 de enero el juicio que ten\\u00eda previsto celebrar desde este lunes contra el expresidente de la CEOE Gerardo D\\u00edaz Ferr\\u00e1n por apropiarse de 4,4 millones de euros de clientes del Grupo Marsans, porque su aud\\u00edfono no funciona y est\\u00e1 a la espera de que un centro m\\u00e9dico le\",\"inLanguage\":\"es-ES\",\"isPartOf\":{\"@id\":\"https:\\\/\\\/eldigitaldeasturias.com\\\/magazine365\\\/#website\"},\"breadcrumb\":{\"@id\":\"https:\\\/\\\/eldigitaldeasturias.com\\\/magazine365\\\/la-audiencia-nacional-suspende-el-juicio-contra-diaz-ferran\\\/#breadcrumblist\"},\"author\":{\"@id\":\"https:\\\/\\\/eldigitaldeasturias.com\\\/magazine365\\\/author\\\/admin\\\/#author\"},\"creator\":{\"@id\":\"https:\\\/\\\/eldigitaldeasturias.com\\\/magazine365\\\/author\\\/admin\\\/#author\"},\"image\":{\"@type\":\"ImageObject\",\"url\":\"https:\\\/\\\/eldigitaldeasturias.com\\\/magazine365\\\/wp-content\\\/uploads\\\/2015\\\/11\\\/fotonoticia_20151123122039_800.jpg\",\"@id\":\"https:\\\/\\\/eldigitaldeasturias.com\\\/magazine365\\\/la-audiencia-nacional-suspende-el-juicio-contra-diaz-ferran\\\/#mainImage\",\"width\":800,\"height\":533},\"primaryImageOfPage\":{\"@id\":\"https:\\\/\\\/eldigitaldeasturias.com\\\/magazine365\\\/la-audiencia-nacional-suspende-el-juicio-contra-diaz-ferran\\\/#mainImage\"},\"datePublished\":\"2015-11-25T01:09:31+01:00\",\"dateModified\":\"2015-11-25T01:09:31+01:00\"},{\"@type\":\"WebSite\",\"@id\":\"https:\\\/\\\/eldigitaldeasturias.com\\\/magazine365\\\/#website\",\"url\":\"https:\\\/\\\/eldigitaldeasturias.com\\\/magazine365\\\/\",\"name\":\"El Digital de Asturias\",\"description\":\"Revista de ocio, turismo y estilo de vida\",\"inLanguage\":\"es-ES\",\"publisher\":{\"@id\":\"https:\\\/\\\/eldigitaldeasturias.com\\\/magazine365\\\/#organization\"}}]}\n\t\t<\/script>\n\t\t<!-- All in One SEO Pro -->\r\n\t\t<title>La Audiencia Nacional suspende el juicio contra D\u00edaz Ferr\u00e1n | El Digital de Asturias<\/title>\n\n","aioseo_head_json":{"title":"La Audiencia Nacional suspende el juicio contra D\u00edaz Ferr\u00e1n | El Digital de Asturias","description":"La Audiencia Nacional ha aplazado al 7 de enero el juicio que ten\u00eda previsto celebrar desde este lunes contra el expresidente de la CEOE Gerardo D\u00edaz Ferr\u00e1n por apropiarse de 4,4 millones de euros de clientes del Grupo Marsans, porque su aud\u00edfono no funciona y est\u00e1 a la espera de que un centro m\u00e9dico le","canonical_url":"https:\/\/eldigitaldeasturias.com\/magazine365\/la-audiencia-nacional-suspende-el-juicio-contra-diaz-ferran\/","robots":"max-image-preview:large","keywords":"noticias y actualidad","webmasterTools":{"google-site-verification":"UA-38556648-1","miscellaneous":""},"schema":{"@context":"https:\/\/schema.org","@graph":[{"@type":"Article","@id":"https:\/\/eldigitaldeasturias.com\/magazine365\/la-audiencia-nacional-suspende-el-juicio-contra-diaz-ferran\/#article","name":"La Audiencia Nacional suspende el juicio contra D\u00edaz Ferr\u00e1n | El Digital de Asturias","headline":"La Audiencia Nacional suspende el juicio contra D\u00edaz Ferr\u00e1n","author":{"@id":"https:\/\/eldigitaldeasturias.com\/magazine365\/author\/admin\/#author"},"publisher":{"@id":"https:\/\/eldigitaldeasturias.com\/magazine365\/#organization"},"image":{"@type":"ImageObject","url":"https:\/\/eldigitaldeasturias.com\/magazine365\/wp-content\/uploads\/2015\/11\/fotonoticia_20151123122039_800.jpg","width":800,"height":533},"datePublished":"2015-11-25T01:09:31+01:00","dateModified":"2015-11-25T01:09:31+01:00","inLanguage":"es-ES","mainEntityOfPage":{"@id":"https:\/\/eldigitaldeasturias.com\/magazine365\/la-audiencia-nacional-suspende-el-juicio-contra-diaz-ferran\/#webpage"},"isPartOf":{"@id":"https:\/\/eldigitaldeasturias.com\/magazine365\/la-audiencia-nacional-suspende-el-juicio-contra-diaz-ferran\/#webpage"},"articleSection":"Noticias y Actualidad"},{"@type":"BreadcrumbList","@id":"https:\/\/eldigitaldeasturias.com\/magazine365\/la-audiencia-nacional-suspende-el-juicio-contra-diaz-ferran\/#breadcrumblist","itemListElement":[{"@type":"ListItem","@id":"https:\/\/eldigitaldeasturias.com\/magazine365#listItem","position":1,"name":"Home","item":"https:\/\/eldigitaldeasturias.com\/magazine365","nextItem":{"@type":"ListItem","@id":"https:\/\/eldigitaldeasturias.com\/magazine365\/category\/noticias-actualidad\/#listItem","name":"Noticias y Actualidad"}},{"@type":"ListItem","@id":"https:\/\/eldigitaldeasturias.com\/magazine365\/category\/noticias-actualidad\/#listItem","position":2,"name":"Noticias y Actualidad","item":"https:\/\/eldigitaldeasturias.com\/magazine365\/category\/noticias-actualidad\/","nextItem":{"@type":"ListItem","@id":"https:\/\/eldigitaldeasturias.com\/magazine365\/la-audiencia-nacional-suspende-el-juicio-contra-diaz-ferran\/#listItem","name":"La Audiencia Nacional suspende el juicio contra D\u00edaz Ferr\u00e1n"},"previousItem":{"@type":"ListItem","@id":"https:\/\/eldigitaldeasturias.com\/magazine365#listItem","name":"Home"}},{"@type":"ListItem","@id":"https:\/\/eldigitaldeasturias.com\/magazine365\/la-audiencia-nacional-suspende-el-juicio-contra-diaz-ferran\/#listItem","position":3,"name":"La Audiencia Nacional suspende el juicio contra D\u00edaz Ferr\u00e1n","previousItem":{"@type":"ListItem","@id":"https:\/\/eldigitaldeasturias.com\/magazine365\/category\/noticias-actualidad\/#listItem","name":"Noticias y Actualidad"}}]},{"@type":"Organization","@id":"https:\/\/eldigitaldeasturias.com\/magazine365\/#organization","name":"El digital de Asturias","description":"Revista de ocio, turismo y estilo de vida","url":"https:\/\/eldigitaldeasturias.com\/magazine365\/","logo":{"@type":"ImageObject","url":"https:\/\/www.eldigitaldeasturias.com\/noticias\/wp-content\/uploads\/2020\/12\/EDA.jpg","@id":"https:\/\/eldigitaldeasturias.com\/magazine365\/la-audiencia-nacional-suspende-el-juicio-contra-diaz-ferran\/#organizationLogo"},"image":{"@id":"https:\/\/eldigitaldeasturias.com\/magazine365\/la-audiencia-nacional-suspende-el-juicio-contra-diaz-ferran\/#organizationLogo"}},{"@type":"Person","@id":"https:\/\/eldigitaldeasturias.com\/magazine365\/author\/admin\/#author","url":"https:\/\/eldigitaldeasturias.com\/magazine365\/author\/admin\/","name":"admin","image":{"@type":"ImageObject","@id":"https:\/\/eldigitaldeasturias.com\/magazine365\/la-audiencia-nacional-suspende-el-juicio-contra-diaz-ferran\/#authorImage","url":"https:\/\/eldigitaldeasturias.com\/magazine365\/wp-content\/litespeed\/avatar\/e571bcf59a0edd6fa6838245a470f2fe.jpg?ver=1777574230","width":96,"height":96,"caption":"admin"}},{"@type":"WebPage","@id":"https:\/\/eldigitaldeasturias.com\/magazine365\/la-audiencia-nacional-suspende-el-juicio-contra-diaz-ferran\/#webpage","url":"https:\/\/eldigitaldeasturias.com\/magazine365\/la-audiencia-nacional-suspende-el-juicio-contra-diaz-ferran\/","name":"La Audiencia Nacional suspende el juicio contra D\u00edaz Ferr\u00e1n | El Digital de Asturias","description":"La Audiencia Nacional ha aplazado al 7 de enero el juicio que ten\u00eda previsto celebrar desde este lunes contra el expresidente de la CEOE Gerardo D\u00edaz Ferr\u00e1n por apropiarse de 4,4 millones de euros de clientes del Grupo Marsans, porque su aud\u00edfono no funciona y est\u00e1 a la espera de que un centro m\u00e9dico le","inLanguage":"es-ES","isPartOf":{"@id":"https:\/\/eldigitaldeasturias.com\/magazine365\/#website"},"breadcrumb":{"@id":"https:\/\/eldigitaldeasturias.com\/magazine365\/la-audiencia-nacional-suspende-el-juicio-contra-diaz-ferran\/#breadcrumblist"},"author":{"@id":"https:\/\/eldigitaldeasturias.com\/magazine365\/author\/admin\/#author"},"creator":{"@id":"https:\/\/eldigitaldeasturias.com\/magazine365\/author\/admin\/#author"},"image":{"@type":"ImageObject","url":"https:\/\/eldigitaldeasturias.com\/magazine365\/wp-content\/uploads\/2015\/11\/fotonoticia_20151123122039_800.jpg","@id":"https:\/\/eldigitaldeasturias.com\/magazine365\/la-audiencia-nacional-suspende-el-juicio-contra-diaz-ferran\/#mainImage","width":800,"height":533},"primaryImageOfPage":{"@id":"https:\/\/eldigitaldeasturias.com\/magazine365\/la-audiencia-nacional-suspende-el-juicio-contra-diaz-ferran\/#mainImage"},"datePublished":"2015-11-25T01:09:31+01:00","dateModified":"2015-11-25T01:09:31+01:00"},{"@type":"WebSite","@id":"https:\/\/eldigitaldeasturias.com\/magazine365\/#website","url":"https:\/\/eldigitaldeasturias.com\/magazine365\/","name":"El Digital de Asturias","description":"Revista de ocio, turismo y estilo de vida","inLanguage":"es-ES","publisher":{"@id":"https:\/\/eldigitaldeasturias.com\/magazine365\/#organization"}}]},"og:locale":"es_ES","og:site_name":"El Digital de Asturias \u2013 Revista de ocio, turismo y estilo de vida","og:type":"article","og:title":"La Audiencia Nacional suspende el juicio contra D\u00edaz Ferr\u00e1n | El Digital de Asturias","og:description":"La Audiencia Nacional ha aplazado al 7 de enero el juicio que ten\u00eda previsto celebrar desde este lunes contra el expresidente de la CEOE Gerardo D\u00edaz Ferr\u00e1n por apropiarse de 4,4 millones de euros de clientes del Grupo Marsans, porque su aud\u00edfono no funciona y est\u00e1 a la espera de que un centro m\u00e9dico le","og:url":"https:\/\/eldigitaldeasturias.com\/magazine365\/la-audiencia-nacional-suspende-el-juicio-contra-diaz-ferran\/","og:image":"https:\/\/eldigitaldeasturias.com\/magazine365\/wp-content\/uploads\/2015\/11\/fotonoticia_20151123122039_800.jpg","og:image:secure_url":"https:\/\/eldigitaldeasturias.com\/magazine365\/wp-content\/uploads\/2015\/11\/fotonoticia_20151123122039_800.jpg","og:image:width":800,"og:image:height":533,"article:published_time":"2015-11-25T00:09:31+00:00","article:modified_time":"2015-11-25T00:09:31+00:00","twitter:card":"summary_large_image","twitter:title":"La Audiencia Nacional suspende el juicio contra D\u00edaz Ferr\u00e1n | El Digital de Asturias","twitter:description":"La Audiencia Nacional ha aplazado al 7 de enero el juicio que ten\u00eda previsto celebrar desde este lunes contra el expresidente de la CEOE Gerardo D\u00edaz Ferr\u00e1n por apropiarse de 4,4 millones de euros de clientes del Grupo Marsans, porque su aud\u00edfono no funciona y est\u00e1 a la espera de que un centro m\u00e9dico le","twitter:image":"https:\/\/eldigitaldeasturias.com\/magazine365\/wp-content\/uploads\/2015\/11\/fotonoticia_20151123122039_800.jpg"},"aioseo_meta_data":{"post_id":"56387","title":null,"description":null,"keywords":null,"keyphrases":null,"primary_term":null,"canonical_url":null,"og_title":null,"og_description":null,"og_object_type":"default","og_image_type":"default","og_image_url":null,"og_image_width":null,"og_image_height":null,"og_image_custom_url":null,"og_image_custom_fields":null,"og_video":null,"og_custom_url":null,"og_article_section":null,"og_article_tags":null,"twitter_use_og":false,"twitter_card":"default","twitter_image_type":"default","twitter_image_url":null,"twitter_image_custom_url":null,"twitter_image_custom_fields":null,"twitter_title":null,"twitter_description":null,"schema":{"blockGraphs":[],"customGraphs":[],"default":{"data":{"Article":[],"Course":[],"Dataset":[],"FAQPage":[],"Movie":[],"Person":[],"Product":[],"ProductReview":[],"Car":[],"Recipe":[],"Service":[],"SoftwareApplication":[],"WebPage":[]},"graphName":"","isEnabled":true},"graphs":[],"defaultGraph":"","defaultPostTypeGraph":""},"schema_type":null,"schema_type_options":null,"pillar_content":false,"robots_default":true,"robots_noindex":false,"robots_noarchive":false,"robots_nosnippet":false,"robots_nofollow":false,"robots_noimageindex":false,"robots_noodp":false,"robots_notranslate":false,"robots_max_snippet":null,"robots_max_videopreview":null,"robots_max_imagepreview":"large","priority":null,"frequency":null,"location":null,"local_seo":null,"seo_analyzer_scan_date":"2025-09-24 22:40:12","breadcrumb_settings":null,"limit_modified_date":false,"open_ai":null,"ai":null,"created":"2021-03-08 22:57:58","updated":"2025-09-24 22:40:12"},"aioseo_breadcrumb":"<div class=\"aioseo-breadcrumbs\"><span class=\"aioseo-breadcrumb\">\n\t<a href=\"https:\/\/eldigitaldeasturias.com\/magazine365\" title=\"Home\">Home<\/a>\n<\/span><span class=\"aioseo-breadcrumb-separator\">\u2013<\/span><span class=\"aioseo-breadcrumb\">\n\t<a href=\"https:\/\/eldigitaldeasturias.com\/magazine365\/category\/noticias-actualidad\/\" title=\"Noticias y Actualidad\">Noticias y Actualidad<\/a>\n<\/span><span class=\"aioseo-breadcrumb-separator\">\u2013<\/span><span class=\"aioseo-breadcrumb\">\n\t<a href=\"https:\/\/eldigitaldeasturias.com\/magazine365\/la-audiencia-nacional-suspende-el-juicio-contra-diaz-ferran\/\" title=\"La Audiencia Nacional suspende el juicio contra D\u00edaz Ferr\u00e1n\">La Audiencia Nacional suspende el juicio contra D\u00edaz Ferr\u00e1n<\/a>\n<\/span><\/div>","aioseo_breadcrumb_json":[{"label":"Home","link":"https:\/\/eldigitaldeasturias.com\/magazine365"},{"label":"Noticias y Actualidad","link":"https:\/\/eldigitaldeasturias.com\/magazine365\/category\/noticias-actualidad\/"},{"label":"La Audiencia Nacional suspende el juicio contra D\u00edaz Ferr\u00e1n","link":"https:\/\/eldigitaldeasturias.com\/magazine365\/la-audiencia-nacional-suspende-el-juicio-contra-diaz-ferran\/"}],"_links":{"self":[{"href":"https:\/\/eldigitaldeasturias.com\/magazine365\/wp-json\/wp\/v2\/posts\/56387","targetHints":{"allow":["GET"]}}],"collection":[{"href":"https:\/\/eldigitaldeasturias.com\/magazine365\/wp-json\/wp\/v2\/posts"}],"about":[{"href":"https:\/\/eldigitaldeasturias.com\/magazine365\/wp-json\/wp\/v2\/types\/post"}],"author":[{"embeddable":true,"href":"https:\/\/eldigitaldeasturias.com\/magazine365\/wp-json\/wp\/v2\/users\/1"}],"replies":[{"embeddable":true,"href":"https:\/\/eldigitaldeasturias.com\/magazine365\/wp-json\/wp\/v2\/comments?post=56387"}],"version-history":[{"count":0,"href":"https:\/\/eldigitaldeasturias.com\/magazine365\/wp-json\/wp\/v2\/posts\/56387\/revisions"}],"wp:featuredmedia":[{"embeddable":true,"href":"https:\/\/eldigitaldeasturias.com\/magazine365\/wp-json\/wp\/v2\/media\/56388"}],"wp:attachment":[{"href":"https:\/\/eldigitaldeasturias.com\/magazine365\/wp-json\/wp\/v2\/media?parent=56387"}],"wp:term":[{"taxonomy":"category","embeddable":true,"href":"https:\/\/eldigitaldeasturias.com\/magazine365\/wp-json\/wp\/v2\/categories?post=56387"},{"taxonomy":"post_tag","embeddable":true,"href":"https:\/\/eldigitaldeasturias.com\/magazine365\/wp-json\/wp\/v2\/tags?post=56387"}],"curies":[{"name":"wp","href":"https:\/\/api.w.org\/{rel}","templated":true}]}}