{"id":56265,"date":"2015-11-24T02:27:48","date_gmt":"2015-11-24T01:27:48","guid":{"rendered":"http:\/\/eldigitaldeasturias.com\/magazine365\/?p=56265"},"modified":"2015-11-24T02:27:48","modified_gmt":"2015-11-24T01:27:48","slug":"bruselas-amplia-hasta-final-de-ano-el-plazo-de-volkswagen-para-aclarar-la-manipulacion-de-emisiones-de-co2","status":"publish","type":"post","link":"https:\/\/eldigitaldeasturias.com\/magazine365\/bruselas-amplia-hasta-final-de-ano-el-plazo-de-volkswagen-para-aclarar-la-manipulacion-de-emisiones-de-co2\/","title":{"rendered":"Bruselas ampl\u00eda hasta final de a\u00f1o el plazo de Volkswagen para aclarar la manipulaci\u00f3n de emisiones de CO2"},"content":{"rendered":"<p><img fetchpriority=\"high\" decoding=\"async\" class=\"alignleft size-medium wp-image-56266\" src=\"https:\/\/eldigitaldeasturias.com\/magazine365\/wp-content\/uploads\/2015\/11\/fotonoticia_20151120143505_800-360x240.jpg\" alt=\"fotonoticia_20151120143505_800\" width=\"360\" height=\"240\" srcset=\"https:\/\/eldigitaldeasturias.com\/magazine365\/wp-content\/uploads\/2015\/11\/fotonoticia_20151120143505_800-360x240.jpg 360w, https:\/\/eldigitaldeasturias.com\/magazine365\/wp-content\/uploads\/2015\/11\/fotonoticia_20151120143505_800-650x433.jpg 650w, https:\/\/eldigitaldeasturias.com\/magazine365\/wp-content\/uploads\/2015\/11\/fotonoticia_20151120143505_800-768x512.jpg 768w, https:\/\/eldigitaldeasturias.com\/magazine365\/wp-content\/uploads\/2015\/11\/fotonoticia_20151120143505_800-150x100.jpg 150w, https:\/\/eldigitaldeasturias.com\/magazine365\/wp-content\/uploads\/2015\/11\/fotonoticia_20151120143505_800-450x300.jpg 450w, https:\/\/eldigitaldeasturias.com\/magazine365\/wp-content\/uploads\/2015\/11\/fotonoticia_20151120143505_800-696x464.jpg 696w, https:\/\/eldigitaldeasturias.com\/magazine365\/wp-content\/uploads\/2015\/11\/fotonoticia_20151120143505_800-630x420.jpg 630w, https:\/\/eldigitaldeasturias.com\/magazine365\/wp-content\/uploads\/2015\/11\/fotonoticia_20151120143505_800-84x55.jpg 84w, https:\/\/eldigitaldeasturias.com\/magazine365\/wp-content\/uploads\/2015\/11\/fotonoticia_20151120143505_800.jpg 800w\" sizes=\"(max-width: 360px) 100vw, 360px\" \/>La Comisi\u00f3n Europea ha ampliado hasta finales de diciembre el plazo que hab\u00eda otorgado a Volkswagen para aclarar qu\u00e9 modelos y cu\u00e1ntos veh\u00edculos est\u00e1n afectados por la manipulaci\u00f3n de emisiones de CO2, despu\u00e9s de que el fabricante alem\u00e1n solicitase esta extensi\u00f3n en una carta remitida al comisario de Energ\u00eda y Acci\u00f3n Clim\u00e1tica, Miguel Arias Ca\u00f1ete, seg\u00fan han confirmado fuentes comunitarias.<\/p>\n<p>De esta forma, Bruselas incrementa el plazo de diez d\u00edas que hab\u00eda dado a Volkswagen inicialmente en una carta que envi\u00f3 el pasado 10 de noviembre al consejero delegado de la compa\u00f1\u00eda, Matthias M\u00fcller, despu\u00e9s de que el fabricante anunciara que 800.000 veh\u00edculos podr\u00edan estar afectados por nuevas irregularidades relacionadas con emisiones de di\u00f3xido de carbono (CO2).<\/p>\n<p>Hasta ese momento el esc\u00e1ndalo de la manipulaci\u00f3n de emisiones s\u00f3lo afectaba a casos de \u00f3xidos de nitr\u00f3geno (NOx). Con las nuevas informaciones se abr\u00eda un escenario en el que el Ejecutivo comunitario s\u00ed puede establecer sanciones en el caso de que excedan el l\u00edmite de emisiones.<\/p>\n<p>En relaci\u00f3n a estas nueva revelaciones, Arias Ca\u00f1ete y la comisaria de Mercado Interior e Industria, Elzbieta Bienkowska tambi\u00e9n solicitaron en una misiva conjunta a todos los Estados miembro que investigaran las causas e incidencia de las nuevas regularidades asumidas por el grupo. El Gobierno espa\u00f1ol ya comunic\u00f3 a la Comisi\u00f3n Europea que no ha detectado \u00abirregularidades\u00bb en este caso.<\/p>\n<p>La legislaci\u00f3n comunitaria establece un tope del valor medio de emisiones de CO2 para los coches registrados en la UE, que ha ido aumentando progresivamente en los \u00faltimos a\u00f1os hasta el m\u00e1ximo de 130 gramos de CO2 por kil\u00f3metro para los modelos registrados en 2015.<\/p>\n<p>En el caso de que la media de emisiones de CO2 de la flota de veh\u00edculos de un fabricante supere este valor, la multa ser\u00eda de cinco euros por el primer gramo de CO2 por encima del l\u00edmite, de 15 euros por el segundo gramo, de 25 euros por el tercer gramo y de 95 gramos por cada uno de los siguientes gramos de CO2 emitidos m\u00e1s all\u00e1 de los 130 gramos. Todo esto multiplicado por la cantidad de coches de la flota en cuesti\u00f3n.<\/p>\n","protected":false},"excerpt":{"rendered":"<p>La Comisi\u00f3n Europea ha ampliado hasta finales de diciembre el plazo que hab\u00eda otorgado a Volkswagen para aclarar qu\u00e9 modelos y cu\u00e1ntos veh\u00edculos est\u00e1n afectados por la manipulaci\u00f3n de emisiones de CO2, despu\u00e9s de que el fabricante alem\u00e1n solicitase esta extensi\u00f3n en una carta remitida al comisario de Energ\u00eda y Acci\u00f3n Clim\u00e1tica, Miguel Arias Ca\u00f1ete,<\/p>\n","protected":false},"author":1,"featured_media":56266,"comment_status":"open","ping_status":"closed","sticky":false,"template":"","format":"standard","meta":{"footnotes":""},"categories":[224],"tags":[],"class_list":{"0":"post-56265","1":"post","2":"type-post","3":"status-publish","4":"format-standard","5":"has-post-thumbnail","7":"category-noticias-actualidad"},"aioseo_notices":[],"aioseo_head":"\n\t\t<!-- All in One SEO Pro 4.9.6.1 - aioseo.com -->\n\t<meta name=\"description\" content=\"La Comisi\u00f3n Europea ha ampliado hasta finales de diciembre el plazo que hab\u00eda otorgado a Volkswagen para aclarar qu\u00e9 modelos y cu\u00e1ntos veh\u00edculos est\u00e1n afectados por la manipulaci\u00f3n de emisiones de CO2, despu\u00e9s de que el fabricante alem\u00e1n solicitase esta extensi\u00f3n en una carta remitida al comisario de Energ\u00eda y Acci\u00f3n Clim\u00e1tica, Miguel Arias Ca\u00f1ete,\" \/>\n\t<meta name=\"robots\" content=\"max-image-preview:large\" \/>\n\t<meta name=\"author\" content=\"admin\"\/>\n\t<meta name=\"google-site-verification\" content=\"UA-38556648-1\" \/>\n\t<meta name=\"keywords\" content=\"noticias y actualidad\" \/>\n\t<link rel=\"canonical\" href=\"https:\/\/eldigitaldeasturias.com\/magazine365\/bruselas-amplia-hasta-final-de-ano-el-plazo-de-volkswagen-para-aclarar-la-manipulacion-de-emisiones-de-co2\/\" \/>\n\t<meta name=\"generator\" content=\"All in One SEO Pro (AIOSEO) 4.9.6.1\" \/>\n\t\t<meta property=\"og:locale\" content=\"es_ES\" \/>\n\t\t<meta property=\"og:site_name\" content=\"El Digital de Asturias \u2013 Revista de ocio, turismo y estilo de vida\" \/>\n\t\t<meta property=\"og:type\" content=\"article\" \/>\n\t\t<meta property=\"og:title\" content=\"Bruselas ampl\u00eda hasta final de a\u00f1o el plazo de Volkswagen para aclarar la manipulaci\u00f3n de emisiones de CO2 | El Digital de Asturias\" \/>\n\t\t<meta property=\"og:description\" content=\"La Comisi\u00f3n Europea ha ampliado hasta finales de diciembre el plazo que hab\u00eda otorgado a Volkswagen para aclarar qu\u00e9 modelos y cu\u00e1ntos veh\u00edculos est\u00e1n afectados por la manipulaci\u00f3n de emisiones de CO2, despu\u00e9s de que el fabricante alem\u00e1n solicitase esta extensi\u00f3n en una carta remitida al comisario de Energ\u00eda y Acci\u00f3n Clim\u00e1tica, Miguel Arias Ca\u00f1ete,\" \/>\n\t\t<meta property=\"og:url\" content=\"https:\/\/eldigitaldeasturias.com\/magazine365\/bruselas-amplia-hasta-final-de-ano-el-plazo-de-volkswagen-para-aclarar-la-manipulacion-de-emisiones-de-co2\/\" \/>\n\t\t<meta property=\"og:image\" content=\"https:\/\/eldigitaldeasturias.com\/magazine365\/wp-content\/uploads\/2015\/11\/fotonoticia_20151120143505_800.jpg\" \/>\n\t\t<meta property=\"og:image:secure_url\" content=\"https:\/\/eldigitaldeasturias.com\/magazine365\/wp-content\/uploads\/2015\/11\/fotonoticia_20151120143505_800.jpg\" \/>\n\t\t<meta property=\"og:image:width\" content=\"800\" \/>\n\t\t<meta property=\"og:image:height\" content=\"533\" \/>\n\t\t<meta property=\"article:published_time\" content=\"2015-11-24T01:27:48+00:00\" \/>\n\t\t<meta property=\"article:modified_time\" content=\"2015-11-24T01:27:48+00:00\" \/>\n\t\t<meta name=\"twitter:card\" content=\"summary_large_image\" \/>\n\t\t<meta name=\"twitter:title\" content=\"Bruselas ampl\u00eda hasta final de a\u00f1o el plazo de Volkswagen para aclarar la manipulaci\u00f3n de emisiones de CO2 | El Digital de Asturias\" \/>\n\t\t<meta name=\"twitter:description\" content=\"La Comisi\u00f3n Europea ha ampliado hasta finales de diciembre el plazo que hab\u00eda otorgado a Volkswagen para aclarar qu\u00e9 modelos y cu\u00e1ntos veh\u00edculos est\u00e1n afectados por la manipulaci\u00f3n de emisiones de CO2, despu\u00e9s de que el fabricante alem\u00e1n solicitase esta extensi\u00f3n en una carta remitida al comisario de Energ\u00eda y Acci\u00f3n Clim\u00e1tica, Miguel Arias Ca\u00f1ete,\" \/>\n\t\t<meta name=\"twitter:image\" content=\"https:\/\/eldigitaldeasturias.com\/magazine365\/wp-content\/uploads\/2015\/11\/fotonoticia_20151120143505_800.jpg\" \/>\n\t\t<script type=\"application\/ld+json\" class=\"aioseo-schema\">\n\t\t\t{\"@context\":\"https:\\\/\\\/schema.org\",\"@graph\":[{\"@type\":\"Article\",\"@id\":\"https:\\\/\\\/eldigitaldeasturias.com\\\/magazine365\\\/bruselas-amplia-hasta-final-de-ano-el-plazo-de-volkswagen-para-aclarar-la-manipulacion-de-emisiones-de-co2\\\/#article\",\"name\":\"Bruselas ampl\\u00eda hasta final de a\\u00f1o el plazo de Volkswagen para aclarar la manipulaci\\u00f3n de emisiones de CO2 | El Digital de Asturias\",\"headline\":\"Bruselas ampl\\u00eda hasta final de a\\u00f1o el plazo de Volkswagen para aclarar la manipulaci\\u00f3n de emisiones de CO2\",\"author\":{\"@id\":\"https:\\\/\\\/eldigitaldeasturias.com\\\/magazine365\\\/author\\\/admin\\\/#author\"},\"publisher\":{\"@id\":\"https:\\\/\\\/eldigitaldeasturias.com\\\/magazine365\\\/#organization\"},\"image\":{\"@type\":\"ImageObject\",\"url\":\"https:\\\/\\\/eldigitaldeasturias.com\\\/magazine365\\\/wp-content\\\/uploads\\\/2015\\\/11\\\/fotonoticia_20151120143505_800.jpg\",\"width\":800,\"height\":533},\"datePublished\":\"2015-11-24T02:27:48+01:00\",\"dateModified\":\"2015-11-24T02:27:48+01:00\",\"inLanguage\":\"es-ES\",\"mainEntityOfPage\":{\"@id\":\"https:\\\/\\\/eldigitaldeasturias.com\\\/magazine365\\\/bruselas-amplia-hasta-final-de-ano-el-plazo-de-volkswagen-para-aclarar-la-manipulacion-de-emisiones-de-co2\\\/#webpage\"},\"isPartOf\":{\"@id\":\"https:\\\/\\\/eldigitaldeasturias.com\\\/magazine365\\\/bruselas-amplia-hasta-final-de-ano-el-plazo-de-volkswagen-para-aclarar-la-manipulacion-de-emisiones-de-co2\\\/#webpage\"},\"articleSection\":\"Noticias y Actualidad\"},{\"@type\":\"BreadcrumbList\",\"@id\":\"https:\\\/\\\/eldigitaldeasturias.com\\\/magazine365\\\/bruselas-amplia-hasta-final-de-ano-el-plazo-de-volkswagen-para-aclarar-la-manipulacion-de-emisiones-de-co2\\\/#breadcrumblist\",\"itemListElement\":[{\"@type\":\"ListItem\",\"@id\":\"https:\\\/\\\/eldigitaldeasturias.com\\\/magazine365#listItem\",\"position\":1,\"name\":\"Home\",\"item\":\"https:\\\/\\\/eldigitaldeasturias.com\\\/magazine365\",\"nextItem\":{\"@type\":\"ListItem\",\"@id\":\"https:\\\/\\\/eldigitaldeasturias.com\\\/magazine365\\\/category\\\/noticias-actualidad\\\/#listItem\",\"name\":\"Noticias y Actualidad\"}},{\"@type\":\"ListItem\",\"@id\":\"https:\\\/\\\/eldigitaldeasturias.com\\\/magazine365\\\/category\\\/noticias-actualidad\\\/#listItem\",\"position\":2,\"name\":\"Noticias y Actualidad\",\"item\":\"https:\\\/\\\/eldigitaldeasturias.com\\\/magazine365\\\/category\\\/noticias-actualidad\\\/\",\"nextItem\":{\"@type\":\"ListItem\",\"@id\":\"https:\\\/\\\/eldigitaldeasturias.com\\\/magazine365\\\/bruselas-amplia-hasta-final-de-ano-el-plazo-de-volkswagen-para-aclarar-la-manipulacion-de-emisiones-de-co2\\\/#listItem\",\"name\":\"Bruselas ampl\\u00eda hasta final de a\\u00f1o el plazo de Volkswagen para aclarar la manipulaci\\u00f3n de emisiones de CO2\"},\"previousItem\":{\"@type\":\"ListItem\",\"@id\":\"https:\\\/\\\/eldigitaldeasturias.com\\\/magazine365#listItem\",\"name\":\"Home\"}},{\"@type\":\"ListItem\",\"@id\":\"https:\\\/\\\/eldigitaldeasturias.com\\\/magazine365\\\/bruselas-amplia-hasta-final-de-ano-el-plazo-de-volkswagen-para-aclarar-la-manipulacion-de-emisiones-de-co2\\\/#listItem\",\"position\":3,\"name\":\"Bruselas ampl\\u00eda hasta final de a\\u00f1o el plazo de Volkswagen para aclarar la manipulaci\\u00f3n de emisiones de CO2\",\"previousItem\":{\"@type\":\"ListItem\",\"@id\":\"https:\\\/\\\/eldigitaldeasturias.com\\\/magazine365\\\/category\\\/noticias-actualidad\\\/#listItem\",\"name\":\"Noticias y Actualidad\"}}]},{\"@type\":\"Organization\",\"@id\":\"https:\\\/\\\/eldigitaldeasturias.com\\\/magazine365\\\/#organization\",\"name\":\"El digital de Asturias\",\"description\":\"Revista de ocio, turismo y estilo de vida\",\"url\":\"https:\\\/\\\/eldigitaldeasturias.com\\\/magazine365\\\/\",\"logo\":{\"@type\":\"ImageObject\",\"url\":\"https:\\\/\\\/www.eldigitaldeasturias.com\\\/noticias\\\/wp-content\\\/uploads\\\/2020\\\/12\\\/EDA.jpg\",\"@id\":\"https:\\\/\\\/eldigitaldeasturias.com\\\/magazine365\\\/bruselas-amplia-hasta-final-de-ano-el-plazo-de-volkswagen-para-aclarar-la-manipulacion-de-emisiones-de-co2\\\/#organizationLogo\"},\"image\":{\"@id\":\"https:\\\/\\\/eldigitaldeasturias.com\\\/magazine365\\\/bruselas-amplia-hasta-final-de-ano-el-plazo-de-volkswagen-para-aclarar-la-manipulacion-de-emisiones-de-co2\\\/#organizationLogo\"}},{\"@type\":\"Person\",\"@id\":\"https:\\\/\\\/eldigitaldeasturias.com\\\/magazine365\\\/author\\\/admin\\\/#author\",\"url\":\"https:\\\/\\\/eldigitaldeasturias.com\\\/magazine365\\\/author\\\/admin\\\/\",\"name\":\"admin\",\"image\":{\"@type\":\"ImageObject\",\"@id\":\"https:\\\/\\\/eldigitaldeasturias.com\\\/magazine365\\\/bruselas-amplia-hasta-final-de-ano-el-plazo-de-volkswagen-para-aclarar-la-manipulacion-de-emisiones-de-co2\\\/#authorImage\",\"url\":\"https:\\\/\\\/eldigitaldeasturias.com\\\/magazine365\\\/wp-content\\\/litespeed\\\/avatar\\\/e571bcf59a0edd6fa6838245a470f2fe.jpg?ver=1777574230\",\"width\":96,\"height\":96,\"caption\":\"admin\"}},{\"@type\":\"WebPage\",\"@id\":\"https:\\\/\\\/eldigitaldeasturias.com\\\/magazine365\\\/bruselas-amplia-hasta-final-de-ano-el-plazo-de-volkswagen-para-aclarar-la-manipulacion-de-emisiones-de-co2\\\/#webpage\",\"url\":\"https:\\\/\\\/eldigitaldeasturias.com\\\/magazine365\\\/bruselas-amplia-hasta-final-de-ano-el-plazo-de-volkswagen-para-aclarar-la-manipulacion-de-emisiones-de-co2\\\/\",\"name\":\"Bruselas ampl\\u00eda hasta final de a\\u00f1o el plazo de Volkswagen para aclarar la manipulaci\\u00f3n de emisiones de CO2 | El Digital de Asturias\",\"description\":\"La Comisi\\u00f3n Europea ha ampliado hasta finales de diciembre el plazo que hab\\u00eda otorgado a Volkswagen para aclarar qu\\u00e9 modelos y cu\\u00e1ntos veh\\u00edculos est\\u00e1n afectados por la manipulaci\\u00f3n de emisiones de CO2, despu\\u00e9s de que el fabricante alem\\u00e1n solicitase esta extensi\\u00f3n en una carta remitida al comisario de Energ\\u00eda y Acci\\u00f3n Clim\\u00e1tica, Miguel Arias Ca\\u00f1ete,\",\"inLanguage\":\"es-ES\",\"isPartOf\":{\"@id\":\"https:\\\/\\\/eldigitaldeasturias.com\\\/magazine365\\\/#website\"},\"breadcrumb\":{\"@id\":\"https:\\\/\\\/eldigitaldeasturias.com\\\/magazine365\\\/bruselas-amplia-hasta-final-de-ano-el-plazo-de-volkswagen-para-aclarar-la-manipulacion-de-emisiones-de-co2\\\/#breadcrumblist\"},\"author\":{\"@id\":\"https:\\\/\\\/eldigitaldeasturias.com\\\/magazine365\\\/author\\\/admin\\\/#author\"},\"creator\":{\"@id\":\"https:\\\/\\\/eldigitaldeasturias.com\\\/magazine365\\\/author\\\/admin\\\/#author\"},\"image\":{\"@type\":\"ImageObject\",\"url\":\"https:\\\/\\\/eldigitaldeasturias.com\\\/magazine365\\\/wp-content\\\/uploads\\\/2015\\\/11\\\/fotonoticia_20151120143505_800.jpg\",\"@id\":\"https:\\\/\\\/eldigitaldeasturias.com\\\/magazine365\\\/bruselas-amplia-hasta-final-de-ano-el-plazo-de-volkswagen-para-aclarar-la-manipulacion-de-emisiones-de-co2\\\/#mainImage\",\"width\":800,\"height\":533},\"primaryImageOfPage\":{\"@id\":\"https:\\\/\\\/eldigitaldeasturias.com\\\/magazine365\\\/bruselas-amplia-hasta-final-de-ano-el-plazo-de-volkswagen-para-aclarar-la-manipulacion-de-emisiones-de-co2\\\/#mainImage\"},\"datePublished\":\"2015-11-24T02:27:48+01:00\",\"dateModified\":\"2015-11-24T02:27:48+01:00\"},{\"@type\":\"WebSite\",\"@id\":\"https:\\\/\\\/eldigitaldeasturias.com\\\/magazine365\\\/#website\",\"url\":\"https:\\\/\\\/eldigitaldeasturias.com\\\/magazine365\\\/\",\"name\":\"El Digital de Asturias\",\"description\":\"Revista de ocio, turismo y estilo de vida\",\"inLanguage\":\"es-ES\",\"publisher\":{\"@id\":\"https:\\\/\\\/eldigitaldeasturias.com\\\/magazine365\\\/#organization\"}}]}\n\t\t<\/script>\n\t\t<!-- All in One SEO Pro -->\r\n\t\t<title>Bruselas ampl\u00eda hasta final de a\u00f1o el plazo de Volkswagen para aclarar la manipulaci\u00f3n de emisiones de CO2 | El Digital de Asturias<\/title>\n\n","aioseo_head_json":{"title":"Bruselas ampl\u00eda hasta final de a\u00f1o el plazo de Volkswagen para aclarar la manipulaci\u00f3n de emisiones de CO2 | El Digital de Asturias","description":"La Comisi\u00f3n Europea ha ampliado hasta finales de diciembre el plazo que hab\u00eda otorgado a Volkswagen para aclarar qu\u00e9 modelos y cu\u00e1ntos veh\u00edculos est\u00e1n afectados por la manipulaci\u00f3n de emisiones de CO2, despu\u00e9s de que el fabricante alem\u00e1n solicitase esta extensi\u00f3n en una carta remitida al comisario de Energ\u00eda y Acci\u00f3n Clim\u00e1tica, Miguel Arias Ca\u00f1ete,","canonical_url":"https:\/\/eldigitaldeasturias.com\/magazine365\/bruselas-amplia-hasta-final-de-ano-el-plazo-de-volkswagen-para-aclarar-la-manipulacion-de-emisiones-de-co2\/","robots":"max-image-preview:large","keywords":"noticias y actualidad","webmasterTools":{"google-site-verification":"UA-38556648-1","miscellaneous":""},"schema":{"@context":"https:\/\/schema.org","@graph":[{"@type":"Article","@id":"https:\/\/eldigitaldeasturias.com\/magazine365\/bruselas-amplia-hasta-final-de-ano-el-plazo-de-volkswagen-para-aclarar-la-manipulacion-de-emisiones-de-co2\/#article","name":"Bruselas ampl\u00eda hasta final de a\u00f1o el plazo de Volkswagen para aclarar la manipulaci\u00f3n de emisiones de CO2 | El Digital de Asturias","headline":"Bruselas ampl\u00eda hasta final de a\u00f1o el plazo de Volkswagen para aclarar la manipulaci\u00f3n de emisiones de CO2","author":{"@id":"https:\/\/eldigitaldeasturias.com\/magazine365\/author\/admin\/#author"},"publisher":{"@id":"https:\/\/eldigitaldeasturias.com\/magazine365\/#organization"},"image":{"@type":"ImageObject","url":"https:\/\/eldigitaldeasturias.com\/magazine365\/wp-content\/uploads\/2015\/11\/fotonoticia_20151120143505_800.jpg","width":800,"height":533},"datePublished":"2015-11-24T02:27:48+01:00","dateModified":"2015-11-24T02:27:48+01:00","inLanguage":"es-ES","mainEntityOfPage":{"@id":"https:\/\/eldigitaldeasturias.com\/magazine365\/bruselas-amplia-hasta-final-de-ano-el-plazo-de-volkswagen-para-aclarar-la-manipulacion-de-emisiones-de-co2\/#webpage"},"isPartOf":{"@id":"https:\/\/eldigitaldeasturias.com\/magazine365\/bruselas-amplia-hasta-final-de-ano-el-plazo-de-volkswagen-para-aclarar-la-manipulacion-de-emisiones-de-co2\/#webpage"},"articleSection":"Noticias y Actualidad"},{"@type":"BreadcrumbList","@id":"https:\/\/eldigitaldeasturias.com\/magazine365\/bruselas-amplia-hasta-final-de-ano-el-plazo-de-volkswagen-para-aclarar-la-manipulacion-de-emisiones-de-co2\/#breadcrumblist","itemListElement":[{"@type":"ListItem","@id":"https:\/\/eldigitaldeasturias.com\/magazine365#listItem","position":1,"name":"Home","item":"https:\/\/eldigitaldeasturias.com\/magazine365","nextItem":{"@type":"ListItem","@id":"https:\/\/eldigitaldeasturias.com\/magazine365\/category\/noticias-actualidad\/#listItem","name":"Noticias y Actualidad"}},{"@type":"ListItem","@id":"https:\/\/eldigitaldeasturias.com\/magazine365\/category\/noticias-actualidad\/#listItem","position":2,"name":"Noticias y Actualidad","item":"https:\/\/eldigitaldeasturias.com\/magazine365\/category\/noticias-actualidad\/","nextItem":{"@type":"ListItem","@id":"https:\/\/eldigitaldeasturias.com\/magazine365\/bruselas-amplia-hasta-final-de-ano-el-plazo-de-volkswagen-para-aclarar-la-manipulacion-de-emisiones-de-co2\/#listItem","name":"Bruselas ampl\u00eda hasta final de a\u00f1o el plazo de Volkswagen para aclarar la manipulaci\u00f3n de emisiones de CO2"},"previousItem":{"@type":"ListItem","@id":"https:\/\/eldigitaldeasturias.com\/magazine365#listItem","name":"Home"}},{"@type":"ListItem","@id":"https:\/\/eldigitaldeasturias.com\/magazine365\/bruselas-amplia-hasta-final-de-ano-el-plazo-de-volkswagen-para-aclarar-la-manipulacion-de-emisiones-de-co2\/#listItem","position":3,"name":"Bruselas ampl\u00eda hasta final de a\u00f1o el plazo de Volkswagen para aclarar la manipulaci\u00f3n de emisiones de CO2","previousItem":{"@type":"ListItem","@id":"https:\/\/eldigitaldeasturias.com\/magazine365\/category\/noticias-actualidad\/#listItem","name":"Noticias y Actualidad"}}]},{"@type":"Organization","@id":"https:\/\/eldigitaldeasturias.com\/magazine365\/#organization","name":"El digital de Asturias","description":"Revista de ocio, turismo y estilo de vida","url":"https:\/\/eldigitaldeasturias.com\/magazine365\/","logo":{"@type":"ImageObject","url":"https:\/\/www.eldigitaldeasturias.com\/noticias\/wp-content\/uploads\/2020\/12\/EDA.jpg","@id":"https:\/\/eldigitaldeasturias.com\/magazine365\/bruselas-amplia-hasta-final-de-ano-el-plazo-de-volkswagen-para-aclarar-la-manipulacion-de-emisiones-de-co2\/#organizationLogo"},"image":{"@id":"https:\/\/eldigitaldeasturias.com\/magazine365\/bruselas-amplia-hasta-final-de-ano-el-plazo-de-volkswagen-para-aclarar-la-manipulacion-de-emisiones-de-co2\/#organizationLogo"}},{"@type":"Person","@id":"https:\/\/eldigitaldeasturias.com\/magazine365\/author\/admin\/#author","url":"https:\/\/eldigitaldeasturias.com\/magazine365\/author\/admin\/","name":"admin","image":{"@type":"ImageObject","@id":"https:\/\/eldigitaldeasturias.com\/magazine365\/bruselas-amplia-hasta-final-de-ano-el-plazo-de-volkswagen-para-aclarar-la-manipulacion-de-emisiones-de-co2\/#authorImage","url":"https:\/\/eldigitaldeasturias.com\/magazine365\/wp-content\/litespeed\/avatar\/e571bcf59a0edd6fa6838245a470f2fe.jpg?ver=1777574230","width":96,"height":96,"caption":"admin"}},{"@type":"WebPage","@id":"https:\/\/eldigitaldeasturias.com\/magazine365\/bruselas-amplia-hasta-final-de-ano-el-plazo-de-volkswagen-para-aclarar-la-manipulacion-de-emisiones-de-co2\/#webpage","url":"https:\/\/eldigitaldeasturias.com\/magazine365\/bruselas-amplia-hasta-final-de-ano-el-plazo-de-volkswagen-para-aclarar-la-manipulacion-de-emisiones-de-co2\/","name":"Bruselas ampl\u00eda hasta final de a\u00f1o el plazo de Volkswagen para aclarar la manipulaci\u00f3n de emisiones de CO2 | El Digital de Asturias","description":"La Comisi\u00f3n Europea ha ampliado hasta finales de diciembre el plazo que hab\u00eda otorgado a Volkswagen para aclarar qu\u00e9 modelos y cu\u00e1ntos veh\u00edculos est\u00e1n afectados por la manipulaci\u00f3n de emisiones de CO2, despu\u00e9s de que el fabricante alem\u00e1n solicitase esta extensi\u00f3n en una carta remitida al comisario de Energ\u00eda y Acci\u00f3n Clim\u00e1tica, Miguel Arias Ca\u00f1ete,","inLanguage":"es-ES","isPartOf":{"@id":"https:\/\/eldigitaldeasturias.com\/magazine365\/#website"},"breadcrumb":{"@id":"https:\/\/eldigitaldeasturias.com\/magazine365\/bruselas-amplia-hasta-final-de-ano-el-plazo-de-volkswagen-para-aclarar-la-manipulacion-de-emisiones-de-co2\/#breadcrumblist"},"author":{"@id":"https:\/\/eldigitaldeasturias.com\/magazine365\/author\/admin\/#author"},"creator":{"@id":"https:\/\/eldigitaldeasturias.com\/magazine365\/author\/admin\/#author"},"image":{"@type":"ImageObject","url":"https:\/\/eldigitaldeasturias.com\/magazine365\/wp-content\/uploads\/2015\/11\/fotonoticia_20151120143505_800.jpg","@id":"https:\/\/eldigitaldeasturias.com\/magazine365\/bruselas-amplia-hasta-final-de-ano-el-plazo-de-volkswagen-para-aclarar-la-manipulacion-de-emisiones-de-co2\/#mainImage","width":800,"height":533},"primaryImageOfPage":{"@id":"https:\/\/eldigitaldeasturias.com\/magazine365\/bruselas-amplia-hasta-final-de-ano-el-plazo-de-volkswagen-para-aclarar-la-manipulacion-de-emisiones-de-co2\/#mainImage"},"datePublished":"2015-11-24T02:27:48+01:00","dateModified":"2015-11-24T02:27:48+01:00"},{"@type":"WebSite","@id":"https:\/\/eldigitaldeasturias.com\/magazine365\/#website","url":"https:\/\/eldigitaldeasturias.com\/magazine365\/","name":"El Digital de Asturias","description":"Revista de ocio, turismo y estilo de vida","inLanguage":"es-ES","publisher":{"@id":"https:\/\/eldigitaldeasturias.com\/magazine365\/#organization"}}]},"og:locale":"es_ES","og:site_name":"El Digital de Asturias \u2013 Revista de ocio, turismo y estilo de vida","og:type":"article","og:title":"Bruselas ampl\u00eda hasta final de a\u00f1o el plazo de Volkswagen para aclarar la manipulaci\u00f3n de emisiones de CO2 | El Digital de Asturias","og:description":"La Comisi\u00f3n Europea ha ampliado hasta finales de diciembre el plazo que hab\u00eda otorgado a Volkswagen para aclarar qu\u00e9 modelos y cu\u00e1ntos veh\u00edculos est\u00e1n afectados por la manipulaci\u00f3n de emisiones de CO2, despu\u00e9s de que el fabricante alem\u00e1n solicitase esta extensi\u00f3n en una carta remitida al comisario de Energ\u00eda y Acci\u00f3n Clim\u00e1tica, Miguel Arias Ca\u00f1ete,","og:url":"https:\/\/eldigitaldeasturias.com\/magazine365\/bruselas-amplia-hasta-final-de-ano-el-plazo-de-volkswagen-para-aclarar-la-manipulacion-de-emisiones-de-co2\/","og:image":"https:\/\/eldigitaldeasturias.com\/magazine365\/wp-content\/uploads\/2015\/11\/fotonoticia_20151120143505_800.jpg","og:image:secure_url":"https:\/\/eldigitaldeasturias.com\/magazine365\/wp-content\/uploads\/2015\/11\/fotonoticia_20151120143505_800.jpg","og:image:width":800,"og:image:height":533,"article:published_time":"2015-11-24T01:27:48+00:00","article:modified_time":"2015-11-24T01:27:48+00:00","twitter:card":"summary_large_image","twitter:title":"Bruselas ampl\u00eda hasta final de a\u00f1o el plazo de Volkswagen para aclarar la manipulaci\u00f3n de emisiones de CO2 | El Digital de Asturias","twitter:description":"La Comisi\u00f3n Europea ha ampliado hasta finales de diciembre el plazo que hab\u00eda otorgado a Volkswagen para aclarar qu\u00e9 modelos y cu\u00e1ntos veh\u00edculos est\u00e1n afectados por la manipulaci\u00f3n de emisiones de CO2, despu\u00e9s de que el fabricante alem\u00e1n solicitase esta extensi\u00f3n en una carta remitida al comisario de Energ\u00eda y Acci\u00f3n Clim\u00e1tica, Miguel Arias Ca\u00f1ete,","twitter:image":"https:\/\/eldigitaldeasturias.com\/magazine365\/wp-content\/uploads\/2015\/11\/fotonoticia_20151120143505_800.jpg"},"aioseo_meta_data":{"post_id":"56265","title":null,"description":null,"keywords":null,"keyphrases":null,"primary_term":null,"canonical_url":null,"og_title":null,"og_description":null,"og_object_type":"default","og_image_type":"default","og_image_url":null,"og_image_width":null,"og_image_height":null,"og_image_custom_url":null,"og_image_custom_fields":null,"og_video":null,"og_custom_url":null,"og_article_section":null,"og_article_tags":null,"twitter_use_og":false,"twitter_card":"default","twitter_image_type":"default","twitter_image_url":null,"twitter_image_custom_url":null,"twitter_image_custom_fields":null,"twitter_title":null,"twitter_description":null,"schema":{"blockGraphs":[],"customGraphs":[],"default":{"data":{"Article":[],"Course":[],"Dataset":[],"FAQPage":[],"Movie":[],"Person":[],"Product":[],"ProductReview":[],"Car":[],"Recipe":[],"Service":[],"SoftwareApplication":[],"WebPage":[]},"graphName":"","isEnabled":true},"graphs":[],"defaultGraph":"","defaultPostTypeGraph":""},"schema_type":null,"schema_type_options":null,"pillar_content":false,"robots_default":true,"robots_noindex":false,"robots_noarchive":false,"robots_nosnippet":false,"robots_nofollow":false,"robots_noimageindex":false,"robots_noodp":false,"robots_notranslate":false,"robots_max_snippet":null,"robots_max_videopreview":null,"robots_max_imagepreview":"large","priority":null,"frequency":null,"location":null,"local_seo":null,"seo_analyzer_scan_date":"2025-09-20 21:57:15","breadcrumb_settings":null,"limit_modified_date":false,"open_ai":null,"ai":null,"created":"2021-03-08 22:59:49","updated":"2025-09-20 21:57:15"},"aioseo_breadcrumb":"<div class=\"aioseo-breadcrumbs\"><span class=\"aioseo-breadcrumb\">\n\t<a href=\"https:\/\/eldigitaldeasturias.com\/magazine365\" title=\"Home\">Home<\/a>\n<\/span><span class=\"aioseo-breadcrumb-separator\">\u2013<\/span><span class=\"aioseo-breadcrumb\">\n\t<a href=\"https:\/\/eldigitaldeasturias.com\/magazine365\/category\/noticias-actualidad\/\" title=\"Noticias y Actualidad\">Noticias y Actualidad<\/a>\n<\/span><span class=\"aioseo-breadcrumb-separator\">\u2013<\/span><span class=\"aioseo-breadcrumb\">\n\t<a href=\"https:\/\/eldigitaldeasturias.com\/magazine365\/bruselas-amplia-hasta-final-de-ano-el-plazo-de-volkswagen-para-aclarar-la-manipulacion-de-emisiones-de-co2\/\" title=\"Bruselas ampl\u00eda hasta final de a\u00f1o el plazo de Volkswagen para aclarar la manipulaci\u00f3n de emisiones de CO2\">Bruselas ampl\u00eda hasta final de a\u00f1o el plazo de Volkswagen para aclarar la manipulaci\u00f3n de emisiones de CO2<\/a>\n<\/span><\/div>","aioseo_breadcrumb_json":[{"label":"Home","link":"https:\/\/eldigitaldeasturias.com\/magazine365"},{"label":"Noticias y Actualidad","link":"https:\/\/eldigitaldeasturias.com\/magazine365\/category\/noticias-actualidad\/"},{"label":"Bruselas ampl\u00eda hasta final de a\u00f1o el plazo de Volkswagen para aclarar la manipulaci\u00f3n de emisiones de CO2","link":"https:\/\/eldigitaldeasturias.com\/magazine365\/bruselas-amplia-hasta-final-de-ano-el-plazo-de-volkswagen-para-aclarar-la-manipulacion-de-emisiones-de-co2\/"}],"_links":{"self":[{"href":"https:\/\/eldigitaldeasturias.com\/magazine365\/wp-json\/wp\/v2\/posts\/56265","targetHints":{"allow":["GET"]}}],"collection":[{"href":"https:\/\/eldigitaldeasturias.com\/magazine365\/wp-json\/wp\/v2\/posts"}],"about":[{"href":"https:\/\/eldigitaldeasturias.com\/magazine365\/wp-json\/wp\/v2\/types\/post"}],"author":[{"embeddable":true,"href":"https:\/\/eldigitaldeasturias.com\/magazine365\/wp-json\/wp\/v2\/users\/1"}],"replies":[{"embeddable":true,"href":"https:\/\/eldigitaldeasturias.com\/magazine365\/wp-json\/wp\/v2\/comments?post=56265"}],"version-history":[{"count":0,"href":"https:\/\/eldigitaldeasturias.com\/magazine365\/wp-json\/wp\/v2\/posts\/56265\/revisions"}],"wp:featuredmedia":[{"embeddable":true,"href":"https:\/\/eldigitaldeasturias.com\/magazine365\/wp-json\/wp\/v2\/media\/56266"}],"wp:attachment":[{"href":"https:\/\/eldigitaldeasturias.com\/magazine365\/wp-json\/wp\/v2\/media?parent=56265"}],"wp:term":[{"taxonomy":"category","embeddable":true,"href":"https:\/\/eldigitaldeasturias.com\/magazine365\/wp-json\/wp\/v2\/categories?post=56265"},{"taxonomy":"post_tag","embeddable":true,"href":"https:\/\/eldigitaldeasturias.com\/magazine365\/wp-json\/wp\/v2\/tags?post=56265"}],"curies":[{"name":"wp","href":"https:\/\/api.w.org\/{rel}","templated":true}]}}