{"id":56233,"date":"2015-11-24T02:12:52","date_gmt":"2015-11-24T01:12:52","guid":{"rendered":"http:\/\/eldigitaldeasturias.com\/magazine365\/?p=56233"},"modified":"2015-11-24T02:12:52","modified_gmt":"2015-11-24T01:12:52","slug":"sierra-nevada-preve-alcanzar-el-millon-de-usuarios-esta-temporada","status":"publish","type":"post","link":"https:\/\/eldigitaldeasturias.com\/magazine365\/sierra-nevada-preve-alcanzar-el-millon-de-usuarios-esta-temporada\/","title":{"rendered":"Sierra Nevada prev\u00e9 alcanzar el mill\u00f3n de usuarios esta temporada"},"content":{"rendered":"<p><img fetchpriority=\"high\" decoding=\"async\" class=\"alignleft size-medium wp-image-56234\" src=\"https:\/\/eldigitaldeasturias.com\/magazine365\/wp-content\/uploads\/2015\/11\/fotonoticia_20151120130428_800-360x240.jpg\" alt=\"fotonoticia_20151120130428_800\" width=\"360\" height=\"240\" srcset=\"https:\/\/eldigitaldeasturias.com\/magazine365\/wp-content\/uploads\/2015\/11\/fotonoticia_20151120130428_800-360x240.jpg 360w, https:\/\/eldigitaldeasturias.com\/magazine365\/wp-content\/uploads\/2015\/11\/fotonoticia_20151120130428_800-650x433.jpg 650w, https:\/\/eldigitaldeasturias.com\/magazine365\/wp-content\/uploads\/2015\/11\/fotonoticia_20151120130428_800-768x512.jpg 768w, https:\/\/eldigitaldeasturias.com\/magazine365\/wp-content\/uploads\/2015\/11\/fotonoticia_20151120130428_800-150x100.jpg 150w, https:\/\/eldigitaldeasturias.com\/magazine365\/wp-content\/uploads\/2015\/11\/fotonoticia_20151120130428_800-450x300.jpg 450w, https:\/\/eldigitaldeasturias.com\/magazine365\/wp-content\/uploads\/2015\/11\/fotonoticia_20151120130428_800-696x464.jpg 696w, https:\/\/eldigitaldeasturias.com\/magazine365\/wp-content\/uploads\/2015\/11\/fotonoticia_20151120130428_800-630x420.jpg 630w, https:\/\/eldigitaldeasturias.com\/magazine365\/wp-content\/uploads\/2015\/11\/fotonoticia_20151120130428_800-84x55.jpg 84w, https:\/\/eldigitaldeasturias.com\/magazine365\/wp-content\/uploads\/2015\/11\/fotonoticia_20151120130428_800.jpg 800w\" sizes=\"(max-width: 360px) 100vw, 360px\" \/>La estaci\u00f3n de Sierra Nevada ha presentado en Madrid temporada 2015\/16 de la estaci\u00f3n de Sierra Nevada (Granada) con el objetivo de fidelizar al p\u00fablico madrile\u00f1o, en la que se han invertido m\u00e1s de 3 millones de euros y se espera alcanzar el mill\u00f3n de usuarios.<\/p>\n<p>El consejero de Turismo y Deportes de la Junta de Andaluc\u00eda, Francisco Javier Fern\u00e1ndez, y la consejera delegada de Cetursa, Mar\u00eda Jos\u00e9 L\u00f3pez, han explicado que el p\u00fablico madrile\u00f1o es su principal mercado tras el andaluz.<\/p>\n<p>Entra las novedades este a\u00f1o destaca la Copa del Mundo de Freestyle Ski que vuelve con una prueba de Aerials. Esta modalidad de saltos acrob\u00e1ticos se disputar\u00e1 en una sesi\u00f3n nocturna en la pala &#8216;Crescendo&#8217;, colindante con Pradollano, lo que le conferir\u00e1 a la competici\u00f3n un aire eminentemente urbano.<\/p>\n<p>Los Aerials, que incluyen triples mortales, suponen la \u00faltima prueba test de Sierra Nevada de cara a los Campeonatos del Mundo de Snowboard y Freestyle Ski de marzo de 2017.<\/p>\n<p>Seg\u00fan ha explicado Fern\u00e1ndez, este a\u00f1o se \u00abquiere redundar en la excelencia y en una mejor oferta de esqu\u00ed\u00bb. Concretamente las inversiones han ido a la revisi\u00f3n integral del telecabina Al-Andalus, que lleva 25 a\u00f1os en funcionamiento; o a mejorar la iluminaci\u00f3n de las pistas R\u00edo y Maribel para el esqu\u00ed nocturno.<\/p>\n<p>Asimismo, se ha invertido en un nuevo escenario deportivo en el snowpark Sulayr con una pista comercial de skicross. Antes, esta pista s\u00f3lo se constru\u00eda para competiciones oficiales mientras que ahora, en cuanto haya nieve, se habilitar\u00e1 para el p\u00fablico; y se ha reformado el edificio Borreguiles con nuevos ba\u00f1os y actuaciones de impermeabilizaci\u00f3n; tambi\u00e9n se ha construido un nuevo centro de transformaci\u00f3n del telesilla Monachil, entre otras mejoras.<\/p>\n<p>PREPARADOS PARA EL 28N.<\/p>\n<p>Fern\u00e1ndez y L\u00f3pez tambi\u00e9n se han referido a la apertura de la temporada: \u00abEstamos preparados para abrir el 28 de noviembre\u00bb. \u00abAhora todo depende de las condiciones meteorol\u00f3gicas\u00bb, han advertido ambos, que han confiado en que la llegada de dos frentes, la prevista bajada de las temperaturas y la producci\u00f3n de nieve artificial hagan que la estaci\u00f3n est\u00e9 en plenas condiciones para abrir ese domingo y \u00abhaber rodado algo\u00bb antes del puente de diciembre.<\/p>\n<p>Con respecto a las perspectivas de visitas, L\u00f3pez ha se\u00f1alado que la previsi\u00f3n es \u00abbuena\u00bb y que si en la pasada edici\u00f3n hubo 952.000 usuarios, sumando esquiadores y no esquiadores, se espera que este a\u00f1o se llegue a los 850.000 esquiadores y 150.000 visitantes.<\/p>\n<p>\u00abAventurarnos a decir c\u00f3mo va a ser la temporada es muy dif\u00edcil pero las reservas est\u00e1n siendo mucho m\u00e1s numerosas que a\u00f1o asado y perspectivas son positivas y buenas dentro de la moderaci\u00f3n\u00bb, ha dicho.<\/p>\n<p>Adem\u00e1s, la responsable de Cetursa se ha referido al mantenimiento de los precios y ha detallado que s\u00f3lo sube, un euro, el forfait de adulto diario en temporada alta, mientras que se congelan, por cuarto a\u00f1o consecutivo, el resto de los pases, en consonancia con la pol\u00edtica de la Estaci\u00f3n de mantener un \u00abprecio medio\u00bb.<\/p>\n<p>MUCHO M\u00c1S QUE UN CENTRO INVERNAL<\/p>\n<p>Ambos han coincidido en destacar que lo que las actuaciones se realizan porque \u00abSierra Nevada es mucho m\u00e1s que un centro invernal\u00bb. \u00abSomos m\u00fasica, cultura, turismo&#8230;\u00bb, ha dicho la responsble de Cetursa, que ha detallado que hay m\u00e1s de cien actividades programadas para la temporada, 55 de las cuales son competiciones oficiales de todas las disciplinas de deportes de invierno.<\/p>\n<p>La presentaci\u00f3n de este viernes en Madrid se ha concebido como un acto promocional ante el mercado madrile\u00f1o y tambi\u00e9n como \u00abhomenaje a nuestros principales clientes, que han acudido a Sierra Nevada con especial cari\u00f1o\u00bb, ha dicho Fern\u00e1ndez, que ha detallado que la estaci\u00f3n es \u00abmotor del desarrollo regional, con un impacto econ\u00f3mico de m\u00e1s de 411 millones de euros por temporada y que genera m\u00e1s de 8.500 puestos de trabajo directos e indirectos\u00bb.<\/p>\n<p>Para el mercado madrile\u00f1o estar\u00e1 disponible durante todo el fin de semana, en un amplio horario, un autob\u00fas informativo, que explicar\u00e1 a quienes se acerquen a \u00e9l el calendario de eventos, las novedades o los precios.<\/p>\n<p>Concretamente, este viernes est\u00e1 frente a la Facultad de Medicina de la Universidad Complutense y el s\u00e1bado y domingo se trasladar\u00e1 a la Cuesta de Mollano, en las inmediaciones de la Estaci\u00f3n de Atocha.<\/p>\n","protected":false},"excerpt":{"rendered":"<p>La estaci\u00f3n de Sierra Nevada ha presentado en Madrid temporada 2015\/16 de la estaci\u00f3n de Sierra Nevada (Granada) con el objetivo de fidelizar al p\u00fablico madrile\u00f1o, en la que se han invertido m\u00e1s de 3 millones de euros y se espera alcanzar el mill\u00f3n de usuarios. El consejero de Turismo y Deportes de la Junta<\/p>\n","protected":false},"author":1,"featured_media":56234,"comment_status":"open","ping_status":"closed","sticky":false,"template":"","format":"standard","meta":{"footnotes":""},"categories":[224],"tags":[],"class_list":{"0":"post-56233","1":"post","2":"type-post","3":"status-publish","4":"format-standard","5":"has-post-thumbnail","7":"category-noticias-actualidad"},"aioseo_notices":[],"aioseo_head":"\n\t\t<!-- All in One SEO Pro 4.9.6.1 - aioseo.com -->\n\t<meta name=\"description\" content=\"La estaci\u00f3n de Sierra Nevada ha presentado en Madrid temporada 2015\/16 de la estaci\u00f3n de Sierra Nevada (Granada) con el objetivo de fidelizar al p\u00fablico madrile\u00f1o, en la que se han invertido m\u00e1s de 3 millones de euros y se espera alcanzar el mill\u00f3n de usuarios. El consejero de Turismo y Deportes de la Junta\" \/>\n\t<meta name=\"robots\" content=\"max-image-preview:large\" \/>\n\t<meta name=\"author\" content=\"admin\"\/>\n\t<meta name=\"google-site-verification\" content=\"UA-38556648-1\" \/>\n\t<meta name=\"keywords\" content=\"noticias y actualidad\" \/>\n\t<link rel=\"canonical\" href=\"https:\/\/eldigitaldeasturias.com\/magazine365\/sierra-nevada-preve-alcanzar-el-millon-de-usuarios-esta-temporada\/\" \/>\n\t<meta name=\"generator\" content=\"All in One SEO Pro (AIOSEO) 4.9.6.1\" \/>\n\t\t<meta property=\"og:locale\" content=\"es_ES\" \/>\n\t\t<meta property=\"og:site_name\" content=\"El Digital de Asturias \u2013 Revista de ocio, turismo y estilo de vida\" \/>\n\t\t<meta property=\"og:type\" content=\"article\" \/>\n\t\t<meta property=\"og:title\" content=\"Sierra Nevada prev\u00e9 alcanzar el mill\u00f3n de usuarios esta temporada | El Digital de Asturias\" \/>\n\t\t<meta property=\"og:description\" content=\"La estaci\u00f3n de Sierra Nevada ha presentado en Madrid temporada 2015\/16 de la estaci\u00f3n de Sierra Nevada (Granada) con el objetivo de fidelizar al p\u00fablico madrile\u00f1o, en la que se han invertido m\u00e1s de 3 millones de euros y se espera alcanzar el mill\u00f3n de usuarios. El consejero de Turismo y Deportes de la Junta\" \/>\n\t\t<meta property=\"og:url\" content=\"https:\/\/eldigitaldeasturias.com\/magazine365\/sierra-nevada-preve-alcanzar-el-millon-de-usuarios-esta-temporada\/\" \/>\n\t\t<meta property=\"og:image\" content=\"https:\/\/eldigitaldeasturias.com\/magazine365\/wp-content\/uploads\/2015\/11\/fotonoticia_20151120130428_800.jpg\" \/>\n\t\t<meta property=\"og:image:secure_url\" content=\"https:\/\/eldigitaldeasturias.com\/magazine365\/wp-content\/uploads\/2015\/11\/fotonoticia_20151120130428_800.jpg\" \/>\n\t\t<meta property=\"og:image:width\" content=\"800\" \/>\n\t\t<meta property=\"og:image:height\" content=\"533\" \/>\n\t\t<meta property=\"article:published_time\" content=\"2015-11-24T01:12:52+00:00\" \/>\n\t\t<meta property=\"article:modified_time\" content=\"2015-11-24T01:12:52+00:00\" \/>\n\t\t<meta name=\"twitter:card\" content=\"summary_large_image\" \/>\n\t\t<meta name=\"twitter:title\" content=\"Sierra Nevada prev\u00e9 alcanzar el mill\u00f3n de usuarios esta temporada | El Digital de Asturias\" \/>\n\t\t<meta name=\"twitter:description\" content=\"La estaci\u00f3n de Sierra Nevada ha presentado en Madrid temporada 2015\/16 de la estaci\u00f3n de Sierra Nevada (Granada) con el objetivo de fidelizar al p\u00fablico madrile\u00f1o, en la que se han invertido m\u00e1s de 3 millones de euros y se espera alcanzar el mill\u00f3n de usuarios. El consejero de Turismo y Deportes de la Junta\" \/>\n\t\t<meta name=\"twitter:image\" content=\"https:\/\/eldigitaldeasturias.com\/magazine365\/wp-content\/uploads\/2015\/11\/fotonoticia_20151120130428_800.jpg\" \/>\n\t\t<script type=\"application\/ld+json\" class=\"aioseo-schema\">\n\t\t\t{\"@context\":\"https:\\\/\\\/schema.org\",\"@graph\":[{\"@type\":\"Article\",\"@id\":\"https:\\\/\\\/eldigitaldeasturias.com\\\/magazine365\\\/sierra-nevada-preve-alcanzar-el-millon-de-usuarios-esta-temporada\\\/#article\",\"name\":\"Sierra Nevada prev\\u00e9 alcanzar el mill\\u00f3n de usuarios esta temporada | El Digital de Asturias\",\"headline\":\"Sierra Nevada prev\\u00e9 alcanzar el mill\\u00f3n de usuarios esta temporada\",\"author\":{\"@id\":\"https:\\\/\\\/eldigitaldeasturias.com\\\/magazine365\\\/author\\\/admin\\\/#author\"},\"publisher\":{\"@id\":\"https:\\\/\\\/eldigitaldeasturias.com\\\/magazine365\\\/#organization\"},\"image\":{\"@type\":\"ImageObject\",\"url\":\"https:\\\/\\\/eldigitaldeasturias.com\\\/magazine365\\\/wp-content\\\/uploads\\\/2015\\\/11\\\/fotonoticia_20151120130428_800.jpg\",\"width\":800,\"height\":533},\"datePublished\":\"2015-11-24T02:12:52+01:00\",\"dateModified\":\"2015-11-24T02:12:52+01:00\",\"inLanguage\":\"es-ES\",\"mainEntityOfPage\":{\"@id\":\"https:\\\/\\\/eldigitaldeasturias.com\\\/magazine365\\\/sierra-nevada-preve-alcanzar-el-millon-de-usuarios-esta-temporada\\\/#webpage\"},\"isPartOf\":{\"@id\":\"https:\\\/\\\/eldigitaldeasturias.com\\\/magazine365\\\/sierra-nevada-preve-alcanzar-el-millon-de-usuarios-esta-temporada\\\/#webpage\"},\"articleSection\":\"Noticias y Actualidad\"},{\"@type\":\"BreadcrumbList\",\"@id\":\"https:\\\/\\\/eldigitaldeasturias.com\\\/magazine365\\\/sierra-nevada-preve-alcanzar-el-millon-de-usuarios-esta-temporada\\\/#breadcrumblist\",\"itemListElement\":[{\"@type\":\"ListItem\",\"@id\":\"https:\\\/\\\/eldigitaldeasturias.com\\\/magazine365#listItem\",\"position\":1,\"name\":\"Home\",\"item\":\"https:\\\/\\\/eldigitaldeasturias.com\\\/magazine365\",\"nextItem\":{\"@type\":\"ListItem\",\"@id\":\"https:\\\/\\\/eldigitaldeasturias.com\\\/magazine365\\\/category\\\/noticias-actualidad\\\/#listItem\",\"name\":\"Noticias y Actualidad\"}},{\"@type\":\"ListItem\",\"@id\":\"https:\\\/\\\/eldigitaldeasturias.com\\\/magazine365\\\/category\\\/noticias-actualidad\\\/#listItem\",\"position\":2,\"name\":\"Noticias y Actualidad\",\"item\":\"https:\\\/\\\/eldigitaldeasturias.com\\\/magazine365\\\/category\\\/noticias-actualidad\\\/\",\"nextItem\":{\"@type\":\"ListItem\",\"@id\":\"https:\\\/\\\/eldigitaldeasturias.com\\\/magazine365\\\/sierra-nevada-preve-alcanzar-el-millon-de-usuarios-esta-temporada\\\/#listItem\",\"name\":\"Sierra Nevada prev\\u00e9 alcanzar el mill\\u00f3n de usuarios esta temporada\"},\"previousItem\":{\"@type\":\"ListItem\",\"@id\":\"https:\\\/\\\/eldigitaldeasturias.com\\\/magazine365#listItem\",\"name\":\"Home\"}},{\"@type\":\"ListItem\",\"@id\":\"https:\\\/\\\/eldigitaldeasturias.com\\\/magazine365\\\/sierra-nevada-preve-alcanzar-el-millon-de-usuarios-esta-temporada\\\/#listItem\",\"position\":3,\"name\":\"Sierra Nevada prev\\u00e9 alcanzar el mill\\u00f3n de usuarios esta temporada\",\"previousItem\":{\"@type\":\"ListItem\",\"@id\":\"https:\\\/\\\/eldigitaldeasturias.com\\\/magazine365\\\/category\\\/noticias-actualidad\\\/#listItem\",\"name\":\"Noticias y Actualidad\"}}]},{\"@type\":\"Organization\",\"@id\":\"https:\\\/\\\/eldigitaldeasturias.com\\\/magazine365\\\/#organization\",\"name\":\"El digital de Asturias\",\"description\":\"Revista de ocio, turismo y estilo de vida\",\"url\":\"https:\\\/\\\/eldigitaldeasturias.com\\\/magazine365\\\/\",\"logo\":{\"@type\":\"ImageObject\",\"url\":\"https:\\\/\\\/www.eldigitaldeasturias.com\\\/noticias\\\/wp-content\\\/uploads\\\/2020\\\/12\\\/EDA.jpg\",\"@id\":\"https:\\\/\\\/eldigitaldeasturias.com\\\/magazine365\\\/sierra-nevada-preve-alcanzar-el-millon-de-usuarios-esta-temporada\\\/#organizationLogo\"},\"image\":{\"@id\":\"https:\\\/\\\/eldigitaldeasturias.com\\\/magazine365\\\/sierra-nevada-preve-alcanzar-el-millon-de-usuarios-esta-temporada\\\/#organizationLogo\"}},{\"@type\":\"Person\",\"@id\":\"https:\\\/\\\/eldigitaldeasturias.com\\\/magazine365\\\/author\\\/admin\\\/#author\",\"url\":\"https:\\\/\\\/eldigitaldeasturias.com\\\/magazine365\\\/author\\\/admin\\\/\",\"name\":\"admin\",\"image\":{\"@type\":\"ImageObject\",\"@id\":\"https:\\\/\\\/eldigitaldeasturias.com\\\/magazine365\\\/sierra-nevada-preve-alcanzar-el-millon-de-usuarios-esta-temporada\\\/#authorImage\",\"url\":\"https:\\\/\\\/eldigitaldeasturias.com\\\/magazine365\\\/wp-content\\\/litespeed\\\/avatar\\\/e571bcf59a0edd6fa6838245a470f2fe.jpg?ver=1777574230\",\"width\":96,\"height\":96,\"caption\":\"admin\"}},{\"@type\":\"WebPage\",\"@id\":\"https:\\\/\\\/eldigitaldeasturias.com\\\/magazine365\\\/sierra-nevada-preve-alcanzar-el-millon-de-usuarios-esta-temporada\\\/#webpage\",\"url\":\"https:\\\/\\\/eldigitaldeasturias.com\\\/magazine365\\\/sierra-nevada-preve-alcanzar-el-millon-de-usuarios-esta-temporada\\\/\",\"name\":\"Sierra Nevada prev\\u00e9 alcanzar el mill\\u00f3n de usuarios esta temporada | El Digital de Asturias\",\"description\":\"La estaci\\u00f3n de Sierra Nevada ha presentado en Madrid temporada 2015\\\/16 de la estaci\\u00f3n de Sierra Nevada (Granada) con el objetivo de fidelizar al p\\u00fablico madrile\\u00f1o, en la que se han invertido m\\u00e1s de 3 millones de euros y se espera alcanzar el mill\\u00f3n de usuarios. El consejero de Turismo y Deportes de la Junta\",\"inLanguage\":\"es-ES\",\"isPartOf\":{\"@id\":\"https:\\\/\\\/eldigitaldeasturias.com\\\/magazine365\\\/#website\"},\"breadcrumb\":{\"@id\":\"https:\\\/\\\/eldigitaldeasturias.com\\\/magazine365\\\/sierra-nevada-preve-alcanzar-el-millon-de-usuarios-esta-temporada\\\/#breadcrumblist\"},\"author\":{\"@id\":\"https:\\\/\\\/eldigitaldeasturias.com\\\/magazine365\\\/author\\\/admin\\\/#author\"},\"creator\":{\"@id\":\"https:\\\/\\\/eldigitaldeasturias.com\\\/magazine365\\\/author\\\/admin\\\/#author\"},\"image\":{\"@type\":\"ImageObject\",\"url\":\"https:\\\/\\\/eldigitaldeasturias.com\\\/magazine365\\\/wp-content\\\/uploads\\\/2015\\\/11\\\/fotonoticia_20151120130428_800.jpg\",\"@id\":\"https:\\\/\\\/eldigitaldeasturias.com\\\/magazine365\\\/sierra-nevada-preve-alcanzar-el-millon-de-usuarios-esta-temporada\\\/#mainImage\",\"width\":800,\"height\":533},\"primaryImageOfPage\":{\"@id\":\"https:\\\/\\\/eldigitaldeasturias.com\\\/magazine365\\\/sierra-nevada-preve-alcanzar-el-millon-de-usuarios-esta-temporada\\\/#mainImage\"},\"datePublished\":\"2015-11-24T02:12:52+01:00\",\"dateModified\":\"2015-11-24T02:12:52+01:00\"},{\"@type\":\"WebSite\",\"@id\":\"https:\\\/\\\/eldigitaldeasturias.com\\\/magazine365\\\/#website\",\"url\":\"https:\\\/\\\/eldigitaldeasturias.com\\\/magazine365\\\/\",\"name\":\"El Digital de Asturias\",\"description\":\"Revista de ocio, turismo y estilo de vida\",\"inLanguage\":\"es-ES\",\"publisher\":{\"@id\":\"https:\\\/\\\/eldigitaldeasturias.com\\\/magazine365\\\/#organization\"}}]}\n\t\t<\/script>\n\t\t<!-- All in One SEO Pro -->\r\n\t\t<title>Sierra Nevada prev\u00e9 alcanzar el mill\u00f3n de usuarios esta temporada | El Digital de Asturias<\/title>\n\n","aioseo_head_json":{"title":"Sierra Nevada prev\u00e9 alcanzar el mill\u00f3n de usuarios esta temporada | El Digital de Asturias","description":"La estaci\u00f3n de Sierra Nevada ha presentado en Madrid temporada 2015\/16 de la estaci\u00f3n de Sierra Nevada (Granada) con el objetivo de fidelizar al p\u00fablico madrile\u00f1o, en la que se han invertido m\u00e1s de 3 millones de euros y se espera alcanzar el mill\u00f3n de usuarios. El consejero de Turismo y Deportes de la Junta","canonical_url":"https:\/\/eldigitaldeasturias.com\/magazine365\/sierra-nevada-preve-alcanzar-el-millon-de-usuarios-esta-temporada\/","robots":"max-image-preview:large","keywords":"noticias y actualidad","webmasterTools":{"google-site-verification":"UA-38556648-1","miscellaneous":""},"schema":{"@context":"https:\/\/schema.org","@graph":[{"@type":"Article","@id":"https:\/\/eldigitaldeasturias.com\/magazine365\/sierra-nevada-preve-alcanzar-el-millon-de-usuarios-esta-temporada\/#article","name":"Sierra Nevada prev\u00e9 alcanzar el mill\u00f3n de usuarios esta temporada | El Digital de Asturias","headline":"Sierra Nevada prev\u00e9 alcanzar el mill\u00f3n de usuarios esta temporada","author":{"@id":"https:\/\/eldigitaldeasturias.com\/magazine365\/author\/admin\/#author"},"publisher":{"@id":"https:\/\/eldigitaldeasturias.com\/magazine365\/#organization"},"image":{"@type":"ImageObject","url":"https:\/\/eldigitaldeasturias.com\/magazine365\/wp-content\/uploads\/2015\/11\/fotonoticia_20151120130428_800.jpg","width":800,"height":533},"datePublished":"2015-11-24T02:12:52+01:00","dateModified":"2015-11-24T02:12:52+01:00","inLanguage":"es-ES","mainEntityOfPage":{"@id":"https:\/\/eldigitaldeasturias.com\/magazine365\/sierra-nevada-preve-alcanzar-el-millon-de-usuarios-esta-temporada\/#webpage"},"isPartOf":{"@id":"https:\/\/eldigitaldeasturias.com\/magazine365\/sierra-nevada-preve-alcanzar-el-millon-de-usuarios-esta-temporada\/#webpage"},"articleSection":"Noticias y Actualidad"},{"@type":"BreadcrumbList","@id":"https:\/\/eldigitaldeasturias.com\/magazine365\/sierra-nevada-preve-alcanzar-el-millon-de-usuarios-esta-temporada\/#breadcrumblist","itemListElement":[{"@type":"ListItem","@id":"https:\/\/eldigitaldeasturias.com\/magazine365#listItem","position":1,"name":"Home","item":"https:\/\/eldigitaldeasturias.com\/magazine365","nextItem":{"@type":"ListItem","@id":"https:\/\/eldigitaldeasturias.com\/magazine365\/category\/noticias-actualidad\/#listItem","name":"Noticias y Actualidad"}},{"@type":"ListItem","@id":"https:\/\/eldigitaldeasturias.com\/magazine365\/category\/noticias-actualidad\/#listItem","position":2,"name":"Noticias y Actualidad","item":"https:\/\/eldigitaldeasturias.com\/magazine365\/category\/noticias-actualidad\/","nextItem":{"@type":"ListItem","@id":"https:\/\/eldigitaldeasturias.com\/magazine365\/sierra-nevada-preve-alcanzar-el-millon-de-usuarios-esta-temporada\/#listItem","name":"Sierra Nevada prev\u00e9 alcanzar el mill\u00f3n de usuarios esta temporada"},"previousItem":{"@type":"ListItem","@id":"https:\/\/eldigitaldeasturias.com\/magazine365#listItem","name":"Home"}},{"@type":"ListItem","@id":"https:\/\/eldigitaldeasturias.com\/magazine365\/sierra-nevada-preve-alcanzar-el-millon-de-usuarios-esta-temporada\/#listItem","position":3,"name":"Sierra Nevada prev\u00e9 alcanzar el mill\u00f3n de usuarios esta temporada","previousItem":{"@type":"ListItem","@id":"https:\/\/eldigitaldeasturias.com\/magazine365\/category\/noticias-actualidad\/#listItem","name":"Noticias y Actualidad"}}]},{"@type":"Organization","@id":"https:\/\/eldigitaldeasturias.com\/magazine365\/#organization","name":"El digital de Asturias","description":"Revista de ocio, turismo y estilo de vida","url":"https:\/\/eldigitaldeasturias.com\/magazine365\/","logo":{"@type":"ImageObject","url":"https:\/\/www.eldigitaldeasturias.com\/noticias\/wp-content\/uploads\/2020\/12\/EDA.jpg","@id":"https:\/\/eldigitaldeasturias.com\/magazine365\/sierra-nevada-preve-alcanzar-el-millon-de-usuarios-esta-temporada\/#organizationLogo"},"image":{"@id":"https:\/\/eldigitaldeasturias.com\/magazine365\/sierra-nevada-preve-alcanzar-el-millon-de-usuarios-esta-temporada\/#organizationLogo"}},{"@type":"Person","@id":"https:\/\/eldigitaldeasturias.com\/magazine365\/author\/admin\/#author","url":"https:\/\/eldigitaldeasturias.com\/magazine365\/author\/admin\/","name":"admin","image":{"@type":"ImageObject","@id":"https:\/\/eldigitaldeasturias.com\/magazine365\/sierra-nevada-preve-alcanzar-el-millon-de-usuarios-esta-temporada\/#authorImage","url":"https:\/\/eldigitaldeasturias.com\/magazine365\/wp-content\/litespeed\/avatar\/e571bcf59a0edd6fa6838245a470f2fe.jpg?ver=1777574230","width":96,"height":96,"caption":"admin"}},{"@type":"WebPage","@id":"https:\/\/eldigitaldeasturias.com\/magazine365\/sierra-nevada-preve-alcanzar-el-millon-de-usuarios-esta-temporada\/#webpage","url":"https:\/\/eldigitaldeasturias.com\/magazine365\/sierra-nevada-preve-alcanzar-el-millon-de-usuarios-esta-temporada\/","name":"Sierra Nevada prev\u00e9 alcanzar el mill\u00f3n de usuarios esta temporada | El Digital de Asturias","description":"La estaci\u00f3n de Sierra Nevada ha presentado en Madrid temporada 2015\/16 de la estaci\u00f3n de Sierra Nevada (Granada) con el objetivo de fidelizar al p\u00fablico madrile\u00f1o, en la que se han invertido m\u00e1s de 3 millones de euros y se espera alcanzar el mill\u00f3n de usuarios. El consejero de Turismo y Deportes de la Junta","inLanguage":"es-ES","isPartOf":{"@id":"https:\/\/eldigitaldeasturias.com\/magazine365\/#website"},"breadcrumb":{"@id":"https:\/\/eldigitaldeasturias.com\/magazine365\/sierra-nevada-preve-alcanzar-el-millon-de-usuarios-esta-temporada\/#breadcrumblist"},"author":{"@id":"https:\/\/eldigitaldeasturias.com\/magazine365\/author\/admin\/#author"},"creator":{"@id":"https:\/\/eldigitaldeasturias.com\/magazine365\/author\/admin\/#author"},"image":{"@type":"ImageObject","url":"https:\/\/eldigitaldeasturias.com\/magazine365\/wp-content\/uploads\/2015\/11\/fotonoticia_20151120130428_800.jpg","@id":"https:\/\/eldigitaldeasturias.com\/magazine365\/sierra-nevada-preve-alcanzar-el-millon-de-usuarios-esta-temporada\/#mainImage","width":800,"height":533},"primaryImageOfPage":{"@id":"https:\/\/eldigitaldeasturias.com\/magazine365\/sierra-nevada-preve-alcanzar-el-millon-de-usuarios-esta-temporada\/#mainImage"},"datePublished":"2015-11-24T02:12:52+01:00","dateModified":"2015-11-24T02:12:52+01:00"},{"@type":"WebSite","@id":"https:\/\/eldigitaldeasturias.com\/magazine365\/#website","url":"https:\/\/eldigitaldeasturias.com\/magazine365\/","name":"El Digital de Asturias","description":"Revista de ocio, turismo y estilo de vida","inLanguage":"es-ES","publisher":{"@id":"https:\/\/eldigitaldeasturias.com\/magazine365\/#organization"}}]},"og:locale":"es_ES","og:site_name":"El Digital de Asturias \u2013 Revista de ocio, turismo y estilo de vida","og:type":"article","og:title":"Sierra Nevada prev\u00e9 alcanzar el mill\u00f3n de usuarios esta temporada | El Digital de Asturias","og:description":"La estaci\u00f3n de Sierra Nevada ha presentado en Madrid temporada 2015\/16 de la estaci\u00f3n de Sierra Nevada (Granada) con el objetivo de fidelizar al p\u00fablico madrile\u00f1o, en la que se han invertido m\u00e1s de 3 millones de euros y se espera alcanzar el mill\u00f3n de usuarios. El consejero de Turismo y Deportes de la Junta","og:url":"https:\/\/eldigitaldeasturias.com\/magazine365\/sierra-nevada-preve-alcanzar-el-millon-de-usuarios-esta-temporada\/","og:image":"https:\/\/eldigitaldeasturias.com\/magazine365\/wp-content\/uploads\/2015\/11\/fotonoticia_20151120130428_800.jpg","og:image:secure_url":"https:\/\/eldigitaldeasturias.com\/magazine365\/wp-content\/uploads\/2015\/11\/fotonoticia_20151120130428_800.jpg","og:image:width":800,"og:image:height":533,"article:published_time":"2015-11-24T01:12:52+00:00","article:modified_time":"2015-11-24T01:12:52+00:00","twitter:card":"summary_large_image","twitter:title":"Sierra Nevada prev\u00e9 alcanzar el mill\u00f3n de usuarios esta temporada | El Digital de Asturias","twitter:description":"La estaci\u00f3n de Sierra Nevada ha presentado en Madrid temporada 2015\/16 de la estaci\u00f3n de Sierra Nevada (Granada) con el objetivo de fidelizar al p\u00fablico madrile\u00f1o, en la que se han invertido m\u00e1s de 3 millones de euros y se espera alcanzar el mill\u00f3n de usuarios. El consejero de Turismo y Deportes de la Junta","twitter:image":"https:\/\/eldigitaldeasturias.com\/magazine365\/wp-content\/uploads\/2015\/11\/fotonoticia_20151120130428_800.jpg"},"aioseo_meta_data":{"post_id":"56233","title":null,"description":null,"keywords":null,"keyphrases":null,"primary_term":null,"canonical_url":null,"og_title":null,"og_description":null,"og_object_type":"default","og_image_type":"default","og_image_url":null,"og_image_width":null,"og_image_height":null,"og_image_custom_url":null,"og_image_custom_fields":null,"og_video":null,"og_custom_url":null,"og_article_section":null,"og_article_tags":null,"twitter_use_og":false,"twitter_card":"default","twitter_image_type":"default","twitter_image_url":null,"twitter_image_custom_url":null,"twitter_image_custom_fields":null,"twitter_title":null,"twitter_description":null,"schema":{"blockGraphs":[],"customGraphs":[],"default":{"data":{"Article":[],"Course":[],"Dataset":[],"FAQPage":[],"Movie":[],"Person":[],"Product":[],"ProductReview":[],"Car":[],"Recipe":[],"Service":[],"SoftwareApplication":[],"WebPage":[]},"graphName":"","isEnabled":true},"graphs":[],"defaultGraph":"","defaultPostTypeGraph":""},"schema_type":null,"schema_type_options":null,"pillar_content":false,"robots_default":true,"robots_noindex":false,"robots_noarchive":false,"robots_nosnippet":false,"robots_nofollow":false,"robots_noimageindex":false,"robots_noodp":false,"robots_notranslate":false,"robots_max_snippet":null,"robots_max_videopreview":null,"robots_max_imagepreview":"large","priority":null,"frequency":null,"location":null,"local_seo":null,"seo_analyzer_scan_date":"2025-09-20 21:54:22","breadcrumb_settings":null,"limit_modified_date":false,"open_ai":null,"ai":null,"created":"2021-03-08 22:59:49","updated":"2025-09-20 21:54:22"},"aioseo_breadcrumb":"<div class=\"aioseo-breadcrumbs\"><span class=\"aioseo-breadcrumb\">\n\t<a href=\"https:\/\/eldigitaldeasturias.com\/magazine365\" title=\"Home\">Home<\/a>\n<\/span><span class=\"aioseo-breadcrumb-separator\">\u2013<\/span><span class=\"aioseo-breadcrumb\">\n\t<a href=\"https:\/\/eldigitaldeasturias.com\/magazine365\/category\/noticias-actualidad\/\" title=\"Noticias y Actualidad\">Noticias y Actualidad<\/a>\n<\/span><span class=\"aioseo-breadcrumb-separator\">\u2013<\/span><span class=\"aioseo-breadcrumb\">\n\t<a href=\"https:\/\/eldigitaldeasturias.com\/magazine365\/sierra-nevada-preve-alcanzar-el-millon-de-usuarios-esta-temporada\/\" title=\"Sierra Nevada prev\u00e9 alcanzar el mill\u00f3n de usuarios esta temporada\">Sierra Nevada prev\u00e9 alcanzar el mill\u00f3n de usuarios esta temporada<\/a>\n<\/span><\/div>","aioseo_breadcrumb_json":[{"label":"Home","link":"https:\/\/eldigitaldeasturias.com\/magazine365"},{"label":"Noticias y Actualidad","link":"https:\/\/eldigitaldeasturias.com\/magazine365\/category\/noticias-actualidad\/"},{"label":"Sierra Nevada prev\u00e9 alcanzar el mill\u00f3n de usuarios esta temporada","link":"https:\/\/eldigitaldeasturias.com\/magazine365\/sierra-nevada-preve-alcanzar-el-millon-de-usuarios-esta-temporada\/"}],"_links":{"self":[{"href":"https:\/\/eldigitaldeasturias.com\/magazine365\/wp-json\/wp\/v2\/posts\/56233","targetHints":{"allow":["GET"]}}],"collection":[{"href":"https:\/\/eldigitaldeasturias.com\/magazine365\/wp-json\/wp\/v2\/posts"}],"about":[{"href":"https:\/\/eldigitaldeasturias.com\/magazine365\/wp-json\/wp\/v2\/types\/post"}],"author":[{"embeddable":true,"href":"https:\/\/eldigitaldeasturias.com\/magazine365\/wp-json\/wp\/v2\/users\/1"}],"replies":[{"embeddable":true,"href":"https:\/\/eldigitaldeasturias.com\/magazine365\/wp-json\/wp\/v2\/comments?post=56233"}],"version-history":[{"count":0,"href":"https:\/\/eldigitaldeasturias.com\/magazine365\/wp-json\/wp\/v2\/posts\/56233\/revisions"}],"wp:featuredmedia":[{"embeddable":true,"href":"https:\/\/eldigitaldeasturias.com\/magazine365\/wp-json\/wp\/v2\/media\/56234"}],"wp:attachment":[{"href":"https:\/\/eldigitaldeasturias.com\/magazine365\/wp-json\/wp\/v2\/media?parent=56233"}],"wp:term":[{"taxonomy":"category","embeddable":true,"href":"https:\/\/eldigitaldeasturias.com\/magazine365\/wp-json\/wp\/v2\/categories?post=56233"},{"taxonomy":"post_tag","embeddable":true,"href":"https:\/\/eldigitaldeasturias.com\/magazine365\/wp-json\/wp\/v2\/tags?post=56233"}],"curies":[{"name":"wp","href":"https:\/\/api.w.org\/{rel}","templated":true}]}}