{"id":56222,"date":"2015-11-24T02:03:19","date_gmt":"2015-11-24T01:03:19","guid":{"rendered":"http:\/\/eldigitaldeasturias.com\/magazine365\/?p=56222"},"modified":"2015-11-24T02:03:19","modified_gmt":"2015-11-24T01:03:19","slug":"aena-pone-en-marcha-el-plan-invierno","status":"publish","type":"post","link":"https:\/\/eldigitaldeasturias.com\/magazine365\/aena-pone-en-marcha-el-plan-invierno\/","title":{"rendered":"Aena pone en marcha el \u00abplan invierno\u00bb"},"content":{"rendered":"<p><img fetchpriority=\"high\" decoding=\"async\" class=\"alignleft size-medium wp-image-56223\" src=\"https:\/\/eldigitaldeasturias.com\/magazine365\/wp-content\/uploads\/2015\/11\/fotonoticia_20151120120558_800-360x270.jpg\" alt=\"fotonoticia_20151120120558_800\" width=\"360\" height=\"270\" srcset=\"https:\/\/eldigitaldeasturias.com\/magazine365\/wp-content\/uploads\/2015\/11\/fotonoticia_20151120120558_800-360x270.jpg 360w, https:\/\/eldigitaldeasturias.com\/magazine365\/wp-content\/uploads\/2015\/11\/fotonoticia_20151120120558_800-650x488.jpg 650w, https:\/\/eldigitaldeasturias.com\/magazine365\/wp-content\/uploads\/2015\/11\/fotonoticia_20151120120558_800-768x576.jpg 768w, https:\/\/eldigitaldeasturias.com\/magazine365\/wp-content\/uploads\/2015\/11\/fotonoticia_20151120120558_800-150x113.jpg 150w, https:\/\/eldigitaldeasturias.com\/magazine365\/wp-content\/uploads\/2015\/11\/fotonoticia_20151120120558_800-450x338.jpg 450w, https:\/\/eldigitaldeasturias.com\/magazine365\/wp-content\/uploads\/2015\/11\/fotonoticia_20151120120558_800-80x60.jpg 80w, https:\/\/eldigitaldeasturias.com\/magazine365\/wp-content\/uploads\/2015\/11\/fotonoticia_20151120120558_800-265x198.jpg 265w, https:\/\/eldigitaldeasturias.com\/magazine365\/wp-content\/uploads\/2015\/11\/fotonoticia_20151120120558_800-696x522.jpg 696w, https:\/\/eldigitaldeasturias.com\/magazine365\/wp-content\/uploads\/2015\/11\/fotonoticia_20151120120558_800-560x420.jpg 560w, https:\/\/eldigitaldeasturias.com\/magazine365\/wp-content\/uploads\/2015\/11\/fotonoticia_20151120120558_800-90x67.jpg 90w, https:\/\/eldigitaldeasturias.com\/magazine365\/wp-content\/uploads\/2015\/11\/fotonoticia_20151120120558_800-100x75.jpg 100w, https:\/\/eldigitaldeasturias.com\/magazine365\/wp-content\/uploads\/2015\/11\/fotonoticia_20151120120558_800.jpg 800w\" sizes=\"(max-width: 360px) 100vw, 360px\" \/>Aena ha puesto en marcha el &#8216;Plan de Actuaciones Invernales frente a contingencias de hielo y nieve&#8217;, m\u00e1s conocido como Plan Invierno, en los 19 aeropuertos de la red que durante los pr\u00f3ximos meses tienen riesgo de sufrir condiciones climatol\u00f3gicas adversas, dotado para esta campa\u00f1a con un presupuesto de 2,3 millones de euros.<\/p>\n<p>En este plan operacional participa tanto personal de Aena como de otros agentes implicados, entre los que est\u00e1n las compa\u00f1\u00edas a\u00e9reas y los agentes de &#8216;handling&#8217; de asistencia en tierra, inform\u00f3 Aena en un comunicado.<\/p>\n<p>Los aeropuertos incluidos son Albacete, Barcelona-El Prat, Bilbao, Burgos, Girona-Costa Brava, Federico Garc\u00eda Lorca Granada-Ja\u00e9n, Huesca-Pirineos, Le\u00f3n, Logro\u00f1o-Agoncillo, Adolfo Su\u00e1rez Madrid-Barajas, Madrid-Cuatro Vientos, Palma de Mallorca, Pamplona, Salamanca, San Sebasti\u00e1n, Santiago, Valladolid, Vitoria y Zaragoza.<\/p>\n<p>Para esta campa\u00f1a, Aena dispone de m\u00e1s de 100 veh\u00edculos propios destinados a la retirada de nieve y hielo, as\u00ed como de otros veh\u00edculos implementados con cuchillas y esparcidores de urea.<\/p>\n<p>Entre ellos destacan, por ejemplo, 22 veh\u00edculos medidores de coeficiente de rozamiento, 23 camiones con cuchilla quitanieves con esparcidor de fundente, 4 camiones esparcidores de fundente l\u00edquido y 17 barredoras (con cuchilla quitanieves o sopladoras), as\u00ed como camiones contra incendios, tractores y veh\u00edculos 4&#215;4 equipados con cuchillas quitanieves.<\/p>\n<p>EQUIPOS EN BARAJAS.<\/p>\n<p>A estos medios se suman los del aeropuerto Adolfo Su\u00e1rez Madrid-Barajas que cuenta con 9 camiones equipados con cuchilla y cepillo barredor y soplador, 3 esparcidores de fundente l\u00edquido y 9 camiones equipados con cuchilla y cepillo barredor y soplador.<\/p>\n<p>Tambi\u00e9n cuenta con 3 esparcidores de fundente l\u00edquido, 2 fresadoras, 6 palas cargadores, 14 mini-excavadoras, 5 camiones con caja, 2 veh\u00edculos todo terreno con cuchilla y 2 veh\u00edculos destinados a inspecci\u00f3n y control.<\/p>\n<p>Adem\u00e1s, Aena dispone de una capacidad de almacenamiento de fundentes propios de m\u00e1s de 450 toneladas.<\/p>\n<p>FORMACI\u00d3N DE PERSONAL.<\/p>\n<p>Dicho plan establece los procedimientos que deben seguir los aeropuertos para este tipo de contingencias con el objetivo de que el hielo y la nieve no afecten a las operaciones programadas o se minimice la influencia que las mismas puedan tener en el tr\u00e1fico a\u00e9reo.<\/p>\n<p>Desde 2003, se viene impartiendo formaci\u00f3n vinculada a este plan invernal a todos los colectivos implicados con un total de 4.700 personas preparadas desde entonces hasta hoy, sumando m\u00e1s de 87.500 horas de formaci\u00f3n.<\/p>\n<p>Concretamente, en las campa\u00f1as de 2014 y 2015 recibieron formaci\u00f3n un total de 438 trabajadores con cerca de 6.000 horas de preparaci\u00f3n y en el \u00faltimo a\u00f1o han recibido formaci\u00f3n espec\u00edfica 220 trabajadores.<\/p>\n<p>Las acciones formativas van destinadas principalmente al persona de Servicios de Extinci\u00f3n de Incendios de los aeropuertos, as\u00ed como al personal que participa en las actividades relativas a los equipos medidores del coeficiente de rozamiento en pistas.<\/p>\n<p>PROTOCOLO DE ACTUACI\u00d3N.<\/p>\n<p>Los procedimientos que contempla se actualizan regularmente, la maquinaria y medios t\u00e9cnicos se revisan peri\u00f3dicamente y el personal implicado reciben informaci\u00f3n continuada.<\/p>\n<p>En el caso de presencia de hielo o nieve, el fundente se emplea como descongelante para eliminarlo y se procede despu\u00e9s a limpiar con medios mec\u00e1nicos (cuchillas quitanieves o barredoras) los restos que queden en las zonas afectadas.<\/p>\n<p>Si las pistas y plataforma est\u00e1n cubiertas de nieve se limpian con veh\u00edculos que disponen de cuchillas quitanieves y esparcidores de fundente s\u00f3lido o bien fundente l\u00edquido. Tambi\u00e9n se usan barredoras de pista y ocasionalmente camiones del servicio de extinci\u00f3n de incendios fuera de l\u00ednea o en reserva en los que se instala una cuchilla quitanieves.<\/p>\n<p>Los veh\u00edculos medidores de fricci\u00f3n comprueban el coeficiente de rozamiento de las pistas para verificar que es el adecuado y si es positivo se comunica a los implicados.<\/p>\n<p>En las aceras y zonas de paso de los usuarios, si es necesario, se aplica urea o bien otro tipo de fundente similar.<\/p>\n<p>Puede ocurrir que las aeronaves necesiten acudir al servicio de deshielo o bien que las propias aerol\u00edneas lo contraten con un agente de asistencia en tierra.<\/p>\n","protected":false},"excerpt":{"rendered":"<p>Aena ha puesto en marcha el &#8216;Plan de Actuaciones Invernales frente a contingencias de hielo y nieve&#8217;, m\u00e1s conocido como Plan Invierno, en los 19 aeropuertos de la red que durante los pr\u00f3ximos meses tienen riesgo de sufrir condiciones climatol\u00f3gicas adversas, dotado para esta campa\u00f1a con un presupuesto de 2,3 millones de euros. En este<\/p>\n","protected":false},"author":1,"featured_media":56223,"comment_status":"open","ping_status":"closed","sticky":false,"template":"","format":"standard","meta":{"footnotes":""},"categories":[224],"tags":[],"class_list":{"0":"post-56222","1":"post","2":"type-post","3":"status-publish","4":"format-standard","5":"has-post-thumbnail","7":"category-noticias-actualidad"},"aioseo_notices":[],"aioseo_head":"\n\t\t<!-- All in One SEO Pro 4.9.6.1 - aioseo.com -->\n\t<meta name=\"description\" content=\"Aena ha puesto en marcha el &#039;Plan de Actuaciones Invernales frente a contingencias de hielo y nieve&#039;, m\u00e1s conocido como Plan Invierno, en los 19 aeropuertos de la red que durante los pr\u00f3ximos meses tienen riesgo de sufrir condiciones climatol\u00f3gicas adversas, dotado para esta campa\u00f1a con un presupuesto de 2,3 millones de euros. En este\" \/>\n\t<meta name=\"robots\" content=\"max-image-preview:large\" \/>\n\t<meta name=\"author\" content=\"admin\"\/>\n\t<meta name=\"google-site-verification\" content=\"UA-38556648-1\" \/>\n\t<meta name=\"keywords\" content=\"noticias y actualidad\" \/>\n\t<link rel=\"canonical\" href=\"https:\/\/eldigitaldeasturias.com\/magazine365\/aena-pone-en-marcha-el-plan-invierno\/\" \/>\n\t<meta name=\"generator\" content=\"All in One SEO Pro (AIOSEO) 4.9.6.1\" \/>\n\t\t<meta property=\"og:locale\" content=\"es_ES\" \/>\n\t\t<meta property=\"og:site_name\" content=\"El Digital de Asturias \u2013 Revista de ocio, turismo y estilo de vida\" \/>\n\t\t<meta property=\"og:type\" content=\"article\" \/>\n\t\t<meta property=\"og:title\" content=\"Aena pone en marcha el \u00abplan invierno\u00bb | El Digital de Asturias\" \/>\n\t\t<meta property=\"og:description\" content=\"Aena ha puesto en marcha el &#039;Plan de Actuaciones Invernales frente a contingencias de hielo y nieve&#039;, m\u00e1s conocido como Plan Invierno, en los 19 aeropuertos de la red que durante los pr\u00f3ximos meses tienen riesgo de sufrir condiciones climatol\u00f3gicas adversas, dotado para esta campa\u00f1a con un presupuesto de 2,3 millones de euros. En este\" \/>\n\t\t<meta property=\"og:url\" content=\"https:\/\/eldigitaldeasturias.com\/magazine365\/aena-pone-en-marcha-el-plan-invierno\/\" \/>\n\t\t<meta property=\"og:image\" content=\"https:\/\/eldigitaldeasturias.com\/magazine365\/wp-content\/uploads\/2015\/11\/fotonoticia_20151120120558_800.jpg\" \/>\n\t\t<meta property=\"og:image:secure_url\" content=\"https:\/\/eldigitaldeasturias.com\/magazine365\/wp-content\/uploads\/2015\/11\/fotonoticia_20151120120558_800.jpg\" \/>\n\t\t<meta property=\"og:image:width\" content=\"800\" \/>\n\t\t<meta property=\"og:image:height\" content=\"600\" \/>\n\t\t<meta property=\"article:published_time\" content=\"2015-11-24T01:03:19+00:00\" \/>\n\t\t<meta property=\"article:modified_time\" content=\"2015-11-24T01:03:19+00:00\" \/>\n\t\t<meta name=\"twitter:card\" content=\"summary_large_image\" \/>\n\t\t<meta name=\"twitter:title\" content=\"Aena pone en marcha el \u00abplan invierno\u00bb | El Digital de Asturias\" \/>\n\t\t<meta name=\"twitter:description\" content=\"Aena ha puesto en marcha el &#039;Plan de Actuaciones Invernales frente a contingencias de hielo y nieve&#039;, m\u00e1s conocido como Plan Invierno, en los 19 aeropuertos de la red que durante los pr\u00f3ximos meses tienen riesgo de sufrir condiciones climatol\u00f3gicas adversas, dotado para esta campa\u00f1a con un presupuesto de 2,3 millones de euros. En este\" \/>\n\t\t<meta name=\"twitter:image\" content=\"https:\/\/eldigitaldeasturias.com\/magazine365\/wp-content\/uploads\/2015\/11\/fotonoticia_20151120120558_800.jpg\" \/>\n\t\t<script type=\"application\/ld+json\" class=\"aioseo-schema\">\n\t\t\t{\"@context\":\"https:\\\/\\\/schema.org\",\"@graph\":[{\"@type\":\"Article\",\"@id\":\"https:\\\/\\\/eldigitaldeasturias.com\\\/magazine365\\\/aena-pone-en-marcha-el-plan-invierno\\\/#article\",\"name\":\"Aena pone en marcha el \\u00abplan invierno\\u00bb | El Digital de Asturias\",\"headline\":\"Aena pone en marcha el \\u00abplan invierno\\u00bb\",\"author\":{\"@id\":\"https:\\\/\\\/eldigitaldeasturias.com\\\/magazine365\\\/author\\\/admin\\\/#author\"},\"publisher\":{\"@id\":\"https:\\\/\\\/eldigitaldeasturias.com\\\/magazine365\\\/#organization\"},\"image\":{\"@type\":\"ImageObject\",\"url\":\"https:\\\/\\\/eldigitaldeasturias.com\\\/magazine365\\\/wp-content\\\/uploads\\\/2015\\\/11\\\/fotonoticia_20151120120558_800.jpg\",\"width\":800,\"height\":600},\"datePublished\":\"2015-11-24T02:03:19+01:00\",\"dateModified\":\"2015-11-24T02:03:19+01:00\",\"inLanguage\":\"es-ES\",\"mainEntityOfPage\":{\"@id\":\"https:\\\/\\\/eldigitaldeasturias.com\\\/magazine365\\\/aena-pone-en-marcha-el-plan-invierno\\\/#webpage\"},\"isPartOf\":{\"@id\":\"https:\\\/\\\/eldigitaldeasturias.com\\\/magazine365\\\/aena-pone-en-marcha-el-plan-invierno\\\/#webpage\"},\"articleSection\":\"Noticias y Actualidad\"},{\"@type\":\"BreadcrumbList\",\"@id\":\"https:\\\/\\\/eldigitaldeasturias.com\\\/magazine365\\\/aena-pone-en-marcha-el-plan-invierno\\\/#breadcrumblist\",\"itemListElement\":[{\"@type\":\"ListItem\",\"@id\":\"https:\\\/\\\/eldigitaldeasturias.com\\\/magazine365#listItem\",\"position\":1,\"name\":\"Home\",\"item\":\"https:\\\/\\\/eldigitaldeasturias.com\\\/magazine365\",\"nextItem\":{\"@type\":\"ListItem\",\"@id\":\"https:\\\/\\\/eldigitaldeasturias.com\\\/magazine365\\\/category\\\/noticias-actualidad\\\/#listItem\",\"name\":\"Noticias y Actualidad\"}},{\"@type\":\"ListItem\",\"@id\":\"https:\\\/\\\/eldigitaldeasturias.com\\\/magazine365\\\/category\\\/noticias-actualidad\\\/#listItem\",\"position\":2,\"name\":\"Noticias y Actualidad\",\"item\":\"https:\\\/\\\/eldigitaldeasturias.com\\\/magazine365\\\/category\\\/noticias-actualidad\\\/\",\"nextItem\":{\"@type\":\"ListItem\",\"@id\":\"https:\\\/\\\/eldigitaldeasturias.com\\\/magazine365\\\/aena-pone-en-marcha-el-plan-invierno\\\/#listItem\",\"name\":\"Aena pone en marcha el \\u00abplan invierno\\u00bb\"},\"previousItem\":{\"@type\":\"ListItem\",\"@id\":\"https:\\\/\\\/eldigitaldeasturias.com\\\/magazine365#listItem\",\"name\":\"Home\"}},{\"@type\":\"ListItem\",\"@id\":\"https:\\\/\\\/eldigitaldeasturias.com\\\/magazine365\\\/aena-pone-en-marcha-el-plan-invierno\\\/#listItem\",\"position\":3,\"name\":\"Aena pone en marcha el \\u00abplan invierno\\u00bb\",\"previousItem\":{\"@type\":\"ListItem\",\"@id\":\"https:\\\/\\\/eldigitaldeasturias.com\\\/magazine365\\\/category\\\/noticias-actualidad\\\/#listItem\",\"name\":\"Noticias y Actualidad\"}}]},{\"@type\":\"Organization\",\"@id\":\"https:\\\/\\\/eldigitaldeasturias.com\\\/magazine365\\\/#organization\",\"name\":\"El digital de Asturias\",\"description\":\"Revista de ocio, turismo y estilo de vida\",\"url\":\"https:\\\/\\\/eldigitaldeasturias.com\\\/magazine365\\\/\",\"logo\":{\"@type\":\"ImageObject\",\"url\":\"https:\\\/\\\/www.eldigitaldeasturias.com\\\/noticias\\\/wp-content\\\/uploads\\\/2020\\\/12\\\/EDA.jpg\",\"@id\":\"https:\\\/\\\/eldigitaldeasturias.com\\\/magazine365\\\/aena-pone-en-marcha-el-plan-invierno\\\/#organizationLogo\"},\"image\":{\"@id\":\"https:\\\/\\\/eldigitaldeasturias.com\\\/magazine365\\\/aena-pone-en-marcha-el-plan-invierno\\\/#organizationLogo\"}},{\"@type\":\"Person\",\"@id\":\"https:\\\/\\\/eldigitaldeasturias.com\\\/magazine365\\\/author\\\/admin\\\/#author\",\"url\":\"https:\\\/\\\/eldigitaldeasturias.com\\\/magazine365\\\/author\\\/admin\\\/\",\"name\":\"admin\",\"image\":{\"@type\":\"ImageObject\",\"@id\":\"https:\\\/\\\/eldigitaldeasturias.com\\\/magazine365\\\/aena-pone-en-marcha-el-plan-invierno\\\/#authorImage\",\"url\":\"https:\\\/\\\/eldigitaldeasturias.com\\\/magazine365\\\/wp-content\\\/litespeed\\\/avatar\\\/e571bcf59a0edd6fa6838245a470f2fe.jpg?ver=1777574230\",\"width\":96,\"height\":96,\"caption\":\"admin\"}},{\"@type\":\"WebPage\",\"@id\":\"https:\\\/\\\/eldigitaldeasturias.com\\\/magazine365\\\/aena-pone-en-marcha-el-plan-invierno\\\/#webpage\",\"url\":\"https:\\\/\\\/eldigitaldeasturias.com\\\/magazine365\\\/aena-pone-en-marcha-el-plan-invierno\\\/\",\"name\":\"Aena pone en marcha el \\u00abplan invierno\\u00bb | El Digital de Asturias\",\"description\":\"Aena ha puesto en marcha el 'Plan de Actuaciones Invernales frente a contingencias de hielo y nieve', m\\u00e1s conocido como Plan Invierno, en los 19 aeropuertos de la red que durante los pr\\u00f3ximos meses tienen riesgo de sufrir condiciones climatol\\u00f3gicas adversas, dotado para esta campa\\u00f1a con un presupuesto de 2,3 millones de euros. En este\",\"inLanguage\":\"es-ES\",\"isPartOf\":{\"@id\":\"https:\\\/\\\/eldigitaldeasturias.com\\\/magazine365\\\/#website\"},\"breadcrumb\":{\"@id\":\"https:\\\/\\\/eldigitaldeasturias.com\\\/magazine365\\\/aena-pone-en-marcha-el-plan-invierno\\\/#breadcrumblist\"},\"author\":{\"@id\":\"https:\\\/\\\/eldigitaldeasturias.com\\\/magazine365\\\/author\\\/admin\\\/#author\"},\"creator\":{\"@id\":\"https:\\\/\\\/eldigitaldeasturias.com\\\/magazine365\\\/author\\\/admin\\\/#author\"},\"image\":{\"@type\":\"ImageObject\",\"url\":\"https:\\\/\\\/eldigitaldeasturias.com\\\/magazine365\\\/wp-content\\\/uploads\\\/2015\\\/11\\\/fotonoticia_20151120120558_800.jpg\",\"@id\":\"https:\\\/\\\/eldigitaldeasturias.com\\\/magazine365\\\/aena-pone-en-marcha-el-plan-invierno\\\/#mainImage\",\"width\":800,\"height\":600},\"primaryImageOfPage\":{\"@id\":\"https:\\\/\\\/eldigitaldeasturias.com\\\/magazine365\\\/aena-pone-en-marcha-el-plan-invierno\\\/#mainImage\"},\"datePublished\":\"2015-11-24T02:03:19+01:00\",\"dateModified\":\"2015-11-24T02:03:19+01:00\"},{\"@type\":\"WebSite\",\"@id\":\"https:\\\/\\\/eldigitaldeasturias.com\\\/magazine365\\\/#website\",\"url\":\"https:\\\/\\\/eldigitaldeasturias.com\\\/magazine365\\\/\",\"name\":\"El Digital de Asturias\",\"description\":\"Revista de ocio, turismo y estilo de vida\",\"inLanguage\":\"es-ES\",\"publisher\":{\"@id\":\"https:\\\/\\\/eldigitaldeasturias.com\\\/magazine365\\\/#organization\"}}]}\n\t\t<\/script>\n\t\t<!-- All in One SEO Pro -->\r\n\t\t<title>Aena pone en marcha el \u00abplan invierno\u00bb | El Digital de Asturias<\/title>\n\n","aioseo_head_json":{"title":"Aena pone en marcha el \u00abplan invierno\u00bb | El Digital de Asturias","description":"Aena ha puesto en marcha el 'Plan de Actuaciones Invernales frente a contingencias de hielo y nieve', m\u00e1s conocido como Plan Invierno, en los 19 aeropuertos de la red que durante los pr\u00f3ximos meses tienen riesgo de sufrir condiciones climatol\u00f3gicas adversas, dotado para esta campa\u00f1a con un presupuesto de 2,3 millones de euros. En este","canonical_url":"https:\/\/eldigitaldeasturias.com\/magazine365\/aena-pone-en-marcha-el-plan-invierno\/","robots":"max-image-preview:large","keywords":"noticias y actualidad","webmasterTools":{"google-site-verification":"UA-38556648-1","miscellaneous":""},"schema":{"@context":"https:\/\/schema.org","@graph":[{"@type":"Article","@id":"https:\/\/eldigitaldeasturias.com\/magazine365\/aena-pone-en-marcha-el-plan-invierno\/#article","name":"Aena pone en marcha el \u00abplan invierno\u00bb | El Digital de Asturias","headline":"Aena pone en marcha el \u00abplan invierno\u00bb","author":{"@id":"https:\/\/eldigitaldeasturias.com\/magazine365\/author\/admin\/#author"},"publisher":{"@id":"https:\/\/eldigitaldeasturias.com\/magazine365\/#organization"},"image":{"@type":"ImageObject","url":"https:\/\/eldigitaldeasturias.com\/magazine365\/wp-content\/uploads\/2015\/11\/fotonoticia_20151120120558_800.jpg","width":800,"height":600},"datePublished":"2015-11-24T02:03:19+01:00","dateModified":"2015-11-24T02:03:19+01:00","inLanguage":"es-ES","mainEntityOfPage":{"@id":"https:\/\/eldigitaldeasturias.com\/magazine365\/aena-pone-en-marcha-el-plan-invierno\/#webpage"},"isPartOf":{"@id":"https:\/\/eldigitaldeasturias.com\/magazine365\/aena-pone-en-marcha-el-plan-invierno\/#webpage"},"articleSection":"Noticias y Actualidad"},{"@type":"BreadcrumbList","@id":"https:\/\/eldigitaldeasturias.com\/magazine365\/aena-pone-en-marcha-el-plan-invierno\/#breadcrumblist","itemListElement":[{"@type":"ListItem","@id":"https:\/\/eldigitaldeasturias.com\/magazine365#listItem","position":1,"name":"Home","item":"https:\/\/eldigitaldeasturias.com\/magazine365","nextItem":{"@type":"ListItem","@id":"https:\/\/eldigitaldeasturias.com\/magazine365\/category\/noticias-actualidad\/#listItem","name":"Noticias y Actualidad"}},{"@type":"ListItem","@id":"https:\/\/eldigitaldeasturias.com\/magazine365\/category\/noticias-actualidad\/#listItem","position":2,"name":"Noticias y Actualidad","item":"https:\/\/eldigitaldeasturias.com\/magazine365\/category\/noticias-actualidad\/","nextItem":{"@type":"ListItem","@id":"https:\/\/eldigitaldeasturias.com\/magazine365\/aena-pone-en-marcha-el-plan-invierno\/#listItem","name":"Aena pone en marcha el \u00abplan invierno\u00bb"},"previousItem":{"@type":"ListItem","@id":"https:\/\/eldigitaldeasturias.com\/magazine365#listItem","name":"Home"}},{"@type":"ListItem","@id":"https:\/\/eldigitaldeasturias.com\/magazine365\/aena-pone-en-marcha-el-plan-invierno\/#listItem","position":3,"name":"Aena pone en marcha el \u00abplan invierno\u00bb","previousItem":{"@type":"ListItem","@id":"https:\/\/eldigitaldeasturias.com\/magazine365\/category\/noticias-actualidad\/#listItem","name":"Noticias y Actualidad"}}]},{"@type":"Organization","@id":"https:\/\/eldigitaldeasturias.com\/magazine365\/#organization","name":"El digital de Asturias","description":"Revista de ocio, turismo y estilo de vida","url":"https:\/\/eldigitaldeasturias.com\/magazine365\/","logo":{"@type":"ImageObject","url":"https:\/\/www.eldigitaldeasturias.com\/noticias\/wp-content\/uploads\/2020\/12\/EDA.jpg","@id":"https:\/\/eldigitaldeasturias.com\/magazine365\/aena-pone-en-marcha-el-plan-invierno\/#organizationLogo"},"image":{"@id":"https:\/\/eldigitaldeasturias.com\/magazine365\/aena-pone-en-marcha-el-plan-invierno\/#organizationLogo"}},{"@type":"Person","@id":"https:\/\/eldigitaldeasturias.com\/magazine365\/author\/admin\/#author","url":"https:\/\/eldigitaldeasturias.com\/magazine365\/author\/admin\/","name":"admin","image":{"@type":"ImageObject","@id":"https:\/\/eldigitaldeasturias.com\/magazine365\/aena-pone-en-marcha-el-plan-invierno\/#authorImage","url":"https:\/\/eldigitaldeasturias.com\/magazine365\/wp-content\/litespeed\/avatar\/e571bcf59a0edd6fa6838245a470f2fe.jpg?ver=1777574230","width":96,"height":96,"caption":"admin"}},{"@type":"WebPage","@id":"https:\/\/eldigitaldeasturias.com\/magazine365\/aena-pone-en-marcha-el-plan-invierno\/#webpage","url":"https:\/\/eldigitaldeasturias.com\/magazine365\/aena-pone-en-marcha-el-plan-invierno\/","name":"Aena pone en marcha el \u00abplan invierno\u00bb | El Digital de Asturias","description":"Aena ha puesto en marcha el 'Plan de Actuaciones Invernales frente a contingencias de hielo y nieve', m\u00e1s conocido como Plan Invierno, en los 19 aeropuertos de la red que durante los pr\u00f3ximos meses tienen riesgo de sufrir condiciones climatol\u00f3gicas adversas, dotado para esta campa\u00f1a con un presupuesto de 2,3 millones de euros. En este","inLanguage":"es-ES","isPartOf":{"@id":"https:\/\/eldigitaldeasturias.com\/magazine365\/#website"},"breadcrumb":{"@id":"https:\/\/eldigitaldeasturias.com\/magazine365\/aena-pone-en-marcha-el-plan-invierno\/#breadcrumblist"},"author":{"@id":"https:\/\/eldigitaldeasturias.com\/magazine365\/author\/admin\/#author"},"creator":{"@id":"https:\/\/eldigitaldeasturias.com\/magazine365\/author\/admin\/#author"},"image":{"@type":"ImageObject","url":"https:\/\/eldigitaldeasturias.com\/magazine365\/wp-content\/uploads\/2015\/11\/fotonoticia_20151120120558_800.jpg","@id":"https:\/\/eldigitaldeasturias.com\/magazine365\/aena-pone-en-marcha-el-plan-invierno\/#mainImage","width":800,"height":600},"primaryImageOfPage":{"@id":"https:\/\/eldigitaldeasturias.com\/magazine365\/aena-pone-en-marcha-el-plan-invierno\/#mainImage"},"datePublished":"2015-11-24T02:03:19+01:00","dateModified":"2015-11-24T02:03:19+01:00"},{"@type":"WebSite","@id":"https:\/\/eldigitaldeasturias.com\/magazine365\/#website","url":"https:\/\/eldigitaldeasturias.com\/magazine365\/","name":"El Digital de Asturias","description":"Revista de ocio, turismo y estilo de vida","inLanguage":"es-ES","publisher":{"@id":"https:\/\/eldigitaldeasturias.com\/magazine365\/#organization"}}]},"og:locale":"es_ES","og:site_name":"El Digital de Asturias \u2013 Revista de ocio, turismo y estilo de vida","og:type":"article","og:title":"Aena pone en marcha el \u00abplan invierno\u00bb | El Digital de Asturias","og:description":"Aena ha puesto en marcha el 'Plan de Actuaciones Invernales frente a contingencias de hielo y nieve', m\u00e1s conocido como Plan Invierno, en los 19 aeropuertos de la red que durante los pr\u00f3ximos meses tienen riesgo de sufrir condiciones climatol\u00f3gicas adversas, dotado para esta campa\u00f1a con un presupuesto de 2,3 millones de euros. En este","og:url":"https:\/\/eldigitaldeasturias.com\/magazine365\/aena-pone-en-marcha-el-plan-invierno\/","og:image":"https:\/\/eldigitaldeasturias.com\/magazine365\/wp-content\/uploads\/2015\/11\/fotonoticia_20151120120558_800.jpg","og:image:secure_url":"https:\/\/eldigitaldeasturias.com\/magazine365\/wp-content\/uploads\/2015\/11\/fotonoticia_20151120120558_800.jpg","og:image:width":800,"og:image:height":600,"article:published_time":"2015-11-24T01:03:19+00:00","article:modified_time":"2015-11-24T01:03:19+00:00","twitter:card":"summary_large_image","twitter:title":"Aena pone en marcha el \u00abplan invierno\u00bb | El Digital de Asturias","twitter:description":"Aena ha puesto en marcha el 'Plan de Actuaciones Invernales frente a contingencias de hielo y nieve', m\u00e1s conocido como Plan Invierno, en los 19 aeropuertos de la red que durante los pr\u00f3ximos meses tienen riesgo de sufrir condiciones climatol\u00f3gicas adversas, dotado para esta campa\u00f1a con un presupuesto de 2,3 millones de euros. En este","twitter:image":"https:\/\/eldigitaldeasturias.com\/magazine365\/wp-content\/uploads\/2015\/11\/fotonoticia_20151120120558_800.jpg"},"aioseo_meta_data":{"post_id":"56222","title":null,"description":null,"keywords":null,"keyphrases":null,"primary_term":null,"canonical_url":null,"og_title":null,"og_description":null,"og_object_type":"default","og_image_type":"default","og_image_url":null,"og_image_width":null,"og_image_height":null,"og_image_custom_url":null,"og_image_custom_fields":null,"og_video":null,"og_custom_url":null,"og_article_section":null,"og_article_tags":null,"twitter_use_og":false,"twitter_card":"default","twitter_image_type":"default","twitter_image_url":null,"twitter_image_custom_url":null,"twitter_image_custom_fields":null,"twitter_title":null,"twitter_description":null,"schema":{"blockGraphs":[],"customGraphs":[],"default":{"data":{"Article":[],"Course":[],"Dataset":[],"FAQPage":[],"Movie":[],"Person":[],"Product":[],"ProductReview":[],"Car":[],"Recipe":[],"Service":[],"SoftwareApplication":[],"WebPage":[]},"graphName":"","isEnabled":true},"graphs":[],"defaultGraph":"","defaultPostTypeGraph":""},"schema_type":null,"schema_type_options":null,"pillar_content":false,"robots_default":true,"robots_noindex":false,"robots_noarchive":false,"robots_nosnippet":false,"robots_nofollow":false,"robots_noimageindex":false,"robots_noodp":false,"robots_notranslate":false,"robots_max_snippet":null,"robots_max_videopreview":null,"robots_max_imagepreview":"large","priority":null,"frequency":null,"location":null,"local_seo":null,"seo_analyzer_scan_date":"2025-09-20 21:53:15","breadcrumb_settings":null,"limit_modified_date":false,"open_ai":null,"ai":null,"created":"2021-03-08 22:59:49","updated":"2025-09-20 21:53:15"},"aioseo_breadcrumb":"<div class=\"aioseo-breadcrumbs\"><span class=\"aioseo-breadcrumb\">\n\t<a href=\"https:\/\/eldigitaldeasturias.com\/magazine365\" title=\"Home\">Home<\/a>\n<\/span><span class=\"aioseo-breadcrumb-separator\">\u2013<\/span><span class=\"aioseo-breadcrumb\">\n\t<a href=\"https:\/\/eldigitaldeasturias.com\/magazine365\/category\/noticias-actualidad\/\" title=\"Noticias y Actualidad\">Noticias y Actualidad<\/a>\n<\/span><span class=\"aioseo-breadcrumb-separator\">\u2013<\/span><span class=\"aioseo-breadcrumb\">\n\t<a href=\"https:\/\/eldigitaldeasturias.com\/magazine365\/aena-pone-en-marcha-el-plan-invierno\/\" title=\"Aena pone en marcha el \u00abplan invierno\u00bb\">Aena pone en marcha el \u00abplan invierno\u00bb<\/a>\n<\/span><\/div>","aioseo_breadcrumb_json":[{"label":"Home","link":"https:\/\/eldigitaldeasturias.com\/magazine365"},{"label":"Noticias y Actualidad","link":"https:\/\/eldigitaldeasturias.com\/magazine365\/category\/noticias-actualidad\/"},{"label":"Aena pone en marcha el \u00abplan invierno\u00bb","link":"https:\/\/eldigitaldeasturias.com\/magazine365\/aena-pone-en-marcha-el-plan-invierno\/"}],"_links":{"self":[{"href":"https:\/\/eldigitaldeasturias.com\/magazine365\/wp-json\/wp\/v2\/posts\/56222","targetHints":{"allow":["GET"]}}],"collection":[{"href":"https:\/\/eldigitaldeasturias.com\/magazine365\/wp-json\/wp\/v2\/posts"}],"about":[{"href":"https:\/\/eldigitaldeasturias.com\/magazine365\/wp-json\/wp\/v2\/types\/post"}],"author":[{"embeddable":true,"href":"https:\/\/eldigitaldeasturias.com\/magazine365\/wp-json\/wp\/v2\/users\/1"}],"replies":[{"embeddable":true,"href":"https:\/\/eldigitaldeasturias.com\/magazine365\/wp-json\/wp\/v2\/comments?post=56222"}],"version-history":[{"count":0,"href":"https:\/\/eldigitaldeasturias.com\/magazine365\/wp-json\/wp\/v2\/posts\/56222\/revisions"}],"wp:featuredmedia":[{"embeddable":true,"href":"https:\/\/eldigitaldeasturias.com\/magazine365\/wp-json\/wp\/v2\/media\/56223"}],"wp:attachment":[{"href":"https:\/\/eldigitaldeasturias.com\/magazine365\/wp-json\/wp\/v2\/media?parent=56222"}],"wp:term":[{"taxonomy":"category","embeddable":true,"href":"https:\/\/eldigitaldeasturias.com\/magazine365\/wp-json\/wp\/v2\/categories?post=56222"},{"taxonomy":"post_tag","embeddable":true,"href":"https:\/\/eldigitaldeasturias.com\/magazine365\/wp-json\/wp\/v2\/tags?post=56222"}],"curies":[{"name":"wp","href":"https:\/\/api.w.org\/{rel}","templated":true}]}}