{"id":56208,"date":"2015-11-23T17:42:57","date_gmt":"2015-11-23T16:42:57","guid":{"rendered":"http:\/\/eldigitaldeasturias.com\/magazine365\/?p=56208"},"modified":"2015-11-23T17:42:57","modified_gmt":"2015-11-23T16:42:57","slug":"la-ce-se-plantea-intensificar-su-presencia-en-los-test-de-homologacion-de-coches-en-los-estados-miembro","status":"publish","type":"post","link":"https:\/\/eldigitaldeasturias.com\/magazine365\/la-ce-se-plantea-intensificar-su-presencia-en-los-test-de-homologacion-de-coches-en-los-estados-miembro\/","title":{"rendered":"La CE se plantea intensificar su presencia en los test de homologaci\u00f3n de coches en los Estados miembro"},"content":{"rendered":"<p><img fetchpriority=\"high\" decoding=\"async\" class=\"alignleft size-medium wp-image-56209\" src=\"https:\/\/eldigitaldeasturias.com\/magazine365\/wp-content\/uploads\/2015\/11\/fotonoticia_20151120111408_800-360x240.jpg\" alt=\"fotonoticia_20151120111408_800\" width=\"360\" height=\"240\" srcset=\"https:\/\/eldigitaldeasturias.com\/magazine365\/wp-content\/uploads\/2015\/11\/fotonoticia_20151120111408_800-360x240.jpg 360w, https:\/\/eldigitaldeasturias.com\/magazine365\/wp-content\/uploads\/2015\/11\/fotonoticia_20151120111408_800-650x433.jpg 650w, https:\/\/eldigitaldeasturias.com\/magazine365\/wp-content\/uploads\/2015\/11\/fotonoticia_20151120111408_800-768x512.jpg 768w, https:\/\/eldigitaldeasturias.com\/magazine365\/wp-content\/uploads\/2015\/11\/fotonoticia_20151120111408_800-150x100.jpg 150w, https:\/\/eldigitaldeasturias.com\/magazine365\/wp-content\/uploads\/2015\/11\/fotonoticia_20151120111408_800-450x300.jpg 450w, https:\/\/eldigitaldeasturias.com\/magazine365\/wp-content\/uploads\/2015\/11\/fotonoticia_20151120111408_800-696x464.jpg 696w, https:\/\/eldigitaldeasturias.com\/magazine365\/wp-content\/uploads\/2015\/11\/fotonoticia_20151120111408_800-630x420.jpg 630w, https:\/\/eldigitaldeasturias.com\/magazine365\/wp-content\/uploads\/2015\/11\/fotonoticia_20151120111408_800-84x55.jpg 84w, https:\/\/eldigitaldeasturias.com\/magazine365\/wp-content\/uploads\/2015\/11\/fotonoticia_20151120111408_800.jpg 800w\" sizes=\"(max-width: 360px) 100vw, 360px\" \/>El comisario europeo de Acci\u00f3n por el Clima y Energ\u00eda, Miguel Arias Ca\u00f1ete, ha asegurado que en el seno de la Comisi\u00f3n Europea se est\u00e1 reflexionando si intensificar la presencia de la Uni\u00f3n Europea en los procesos de homologaci\u00f3n de los veh\u00edculos que llevan a cabo los Estados miembro.<\/p>\n<p>En declaraciones a RNE recogidas por Europa Press, Arias Ca\u00f1ete explic\u00f3 que esta posible medida se produce a ra\u00edz del reconocimiento por parte de Volkswagen de que utilizaba un software para alterar las emisiones de algunos veh\u00edculos di\u00e9sel y tambi\u00e9n por las irregularidades registradas en las emisiones de di\u00f3xido de carbono (CO2) de otros modelos.<\/p>\n<p>En este sentido, indic\u00f3 que los Estados miembro son los que tienen las competencias sobre el caso de Volkswagen y son los que tendr\u00e1n que tomar las disposiciones necesarias. As\u00ed, apunt\u00f3 que desde la CE se ha pedido una actuaci\u00f3n urgente de los 28 miembros en este sentido.<\/p>\n<p>\u00abParalelamente estamos reflexionando si debemos intensificar la capacidad de la UE de estar presente en estos procesos de homologaci\u00f3n para verificar que todos tienen los mismos niveles de exigencia y que no puedan repetirse fen\u00f3menos de esta naturaleza\u00bb, a\u00f1adi\u00f3.<\/p>\n<p>No obstante, explic\u00f3 que se est\u00e1 trabajando, dentro de los organismos comunitarios, en un nuevo sistema de pruebas de homologaci\u00f3n de los veh\u00edculos en condiciones reales de utilizaci\u00f3n, en lugar de los test en laboratorio actuales.<\/p>\n<p>En relaci\u00f3n con la actuaci\u00f3n ante el caso del software de Volkswagen, Arias Ca\u00f1ete que no se ha sido \u00abni blando ni duro, sino que se aplica la legislaci\u00f3n comunitaria\u00bb y apunt\u00f3 que se ha pedido a todos los Estados miembro que verifiquen lo que ha sucedido con los organismos de valoraci\u00f3n.<\/p>\n<p>Respecto a las emisiones err\u00f3neas de di\u00f3xido de carbono (CO2) de algunos modelos de la corporaci\u00f3n germana, el comisario subray\u00f3 que se sancionar\u00e1 o no al grupo en funci\u00f3n de si sobrepasa los l\u00edmites a nivel de flota, \u00abque es un proceso de evaluaci\u00f3n en el que estamos en este momento\u00bb.<\/p>\n","protected":false},"excerpt":{"rendered":"<p>El comisario europeo de Acci\u00f3n por el Clima y Energ\u00eda, Miguel Arias Ca\u00f1ete, ha asegurado que en el seno de la Comisi\u00f3n Europea se est\u00e1 reflexionando si intensificar la presencia de la Uni\u00f3n Europea en los procesos de homologaci\u00f3n de los veh\u00edculos que llevan a cabo los Estados miembro. En declaraciones a RNE recogidas por<\/p>\n","protected":false},"author":1,"featured_media":56209,"comment_status":"open","ping_status":"closed","sticky":false,"template":"","format":"standard","meta":{"footnotes":""},"categories":[224],"tags":[],"class_list":{"0":"post-56208","1":"post","2":"type-post","3":"status-publish","4":"format-standard","5":"has-post-thumbnail","7":"category-noticias-actualidad"},"aioseo_notices":[],"aioseo_head":"\n\t\t<!-- All in One SEO Pro 4.9.6.1 - aioseo.com -->\n\t<meta name=\"description\" content=\"El comisario europeo de Acci\u00f3n por el Clima y Energ\u00eda, Miguel Arias Ca\u00f1ete, ha asegurado que en el seno de la Comisi\u00f3n Europea se est\u00e1 reflexionando si intensificar la presencia de la Uni\u00f3n Europea en los procesos de homologaci\u00f3n de los veh\u00edculos que llevan a cabo los Estados miembro. En declaraciones a RNE recogidas por\" \/>\n\t<meta name=\"robots\" content=\"max-image-preview:large\" \/>\n\t<meta name=\"author\" content=\"admin\"\/>\n\t<meta name=\"google-site-verification\" content=\"UA-38556648-1\" \/>\n\t<meta name=\"keywords\" content=\"noticias y actualidad\" \/>\n\t<link rel=\"canonical\" href=\"https:\/\/eldigitaldeasturias.com\/magazine365\/la-ce-se-plantea-intensificar-su-presencia-en-los-test-de-homologacion-de-coches-en-los-estados-miembro\/\" \/>\n\t<meta name=\"generator\" content=\"All in One SEO Pro (AIOSEO) 4.9.6.1\" \/>\n\t\t<meta property=\"og:locale\" content=\"es_ES\" \/>\n\t\t<meta property=\"og:site_name\" content=\"El Digital de Asturias \u2013 Revista de ocio, turismo y estilo de vida\" \/>\n\t\t<meta property=\"og:type\" content=\"article\" \/>\n\t\t<meta property=\"og:title\" content=\"La CE se plantea intensificar su presencia en los test de homologaci\u00f3n de coches en los Estados miembro | El Digital de Asturias\" \/>\n\t\t<meta property=\"og:description\" content=\"El comisario europeo de Acci\u00f3n por el Clima y Energ\u00eda, Miguel Arias Ca\u00f1ete, ha asegurado que en el seno de la Comisi\u00f3n Europea se est\u00e1 reflexionando si intensificar la presencia de la Uni\u00f3n Europea en los procesos de homologaci\u00f3n de los veh\u00edculos que llevan a cabo los Estados miembro. En declaraciones a RNE recogidas por\" \/>\n\t\t<meta property=\"og:url\" content=\"https:\/\/eldigitaldeasturias.com\/magazine365\/la-ce-se-plantea-intensificar-su-presencia-en-los-test-de-homologacion-de-coches-en-los-estados-miembro\/\" \/>\n\t\t<meta property=\"og:image\" content=\"https:\/\/eldigitaldeasturias.com\/magazine365\/wp-content\/uploads\/2015\/11\/fotonoticia_20151120111408_800.jpg\" \/>\n\t\t<meta property=\"og:image:secure_url\" content=\"https:\/\/eldigitaldeasturias.com\/magazine365\/wp-content\/uploads\/2015\/11\/fotonoticia_20151120111408_800.jpg\" \/>\n\t\t<meta property=\"og:image:width\" content=\"800\" \/>\n\t\t<meta property=\"og:image:height\" content=\"533\" \/>\n\t\t<meta property=\"article:published_time\" content=\"2015-11-23T16:42:57+00:00\" \/>\n\t\t<meta property=\"article:modified_time\" content=\"2015-11-23T16:42:57+00:00\" \/>\n\t\t<meta name=\"twitter:card\" content=\"summary_large_image\" \/>\n\t\t<meta name=\"twitter:title\" content=\"La CE se plantea intensificar su presencia en los test de homologaci\u00f3n de coches en los Estados miembro | El Digital de Asturias\" \/>\n\t\t<meta name=\"twitter:description\" content=\"El comisario europeo de Acci\u00f3n por el Clima y Energ\u00eda, Miguel Arias Ca\u00f1ete, ha asegurado que en el seno de la Comisi\u00f3n Europea se est\u00e1 reflexionando si intensificar la presencia de la Uni\u00f3n Europea en los procesos de homologaci\u00f3n de los veh\u00edculos que llevan a cabo los Estados miembro. En declaraciones a RNE recogidas por\" \/>\n\t\t<meta name=\"twitter:image\" content=\"https:\/\/eldigitaldeasturias.com\/magazine365\/wp-content\/uploads\/2015\/11\/fotonoticia_20151120111408_800.jpg\" \/>\n\t\t<script type=\"application\/ld+json\" class=\"aioseo-schema\">\n\t\t\t{\"@context\":\"https:\\\/\\\/schema.org\",\"@graph\":[{\"@type\":\"Article\",\"@id\":\"https:\\\/\\\/eldigitaldeasturias.com\\\/magazine365\\\/la-ce-se-plantea-intensificar-su-presencia-en-los-test-de-homologacion-de-coches-en-los-estados-miembro\\\/#article\",\"name\":\"La CE se plantea intensificar su presencia en los test de homologaci\\u00f3n de coches en los Estados miembro | El Digital de Asturias\",\"headline\":\"La CE se plantea intensificar su presencia en los test de homologaci\\u00f3n de coches en los Estados miembro\",\"author\":{\"@id\":\"https:\\\/\\\/eldigitaldeasturias.com\\\/magazine365\\\/author\\\/admin\\\/#author\"},\"publisher\":{\"@id\":\"https:\\\/\\\/eldigitaldeasturias.com\\\/magazine365\\\/#organization\"},\"image\":{\"@type\":\"ImageObject\",\"url\":\"https:\\\/\\\/eldigitaldeasturias.com\\\/magazine365\\\/wp-content\\\/uploads\\\/2015\\\/11\\\/fotonoticia_20151120111408_800.jpg\",\"width\":800,\"height\":533},\"datePublished\":\"2015-11-23T17:42:57+01:00\",\"dateModified\":\"2015-11-23T17:42:57+01:00\",\"inLanguage\":\"es-ES\",\"mainEntityOfPage\":{\"@id\":\"https:\\\/\\\/eldigitaldeasturias.com\\\/magazine365\\\/la-ce-se-plantea-intensificar-su-presencia-en-los-test-de-homologacion-de-coches-en-los-estados-miembro\\\/#webpage\"},\"isPartOf\":{\"@id\":\"https:\\\/\\\/eldigitaldeasturias.com\\\/magazine365\\\/la-ce-se-plantea-intensificar-su-presencia-en-los-test-de-homologacion-de-coches-en-los-estados-miembro\\\/#webpage\"},\"articleSection\":\"Noticias y Actualidad\"},{\"@type\":\"BreadcrumbList\",\"@id\":\"https:\\\/\\\/eldigitaldeasturias.com\\\/magazine365\\\/la-ce-se-plantea-intensificar-su-presencia-en-los-test-de-homologacion-de-coches-en-los-estados-miembro\\\/#breadcrumblist\",\"itemListElement\":[{\"@type\":\"ListItem\",\"@id\":\"https:\\\/\\\/eldigitaldeasturias.com\\\/magazine365#listItem\",\"position\":1,\"name\":\"Home\",\"item\":\"https:\\\/\\\/eldigitaldeasturias.com\\\/magazine365\",\"nextItem\":{\"@type\":\"ListItem\",\"@id\":\"https:\\\/\\\/eldigitaldeasturias.com\\\/magazine365\\\/category\\\/noticias-actualidad\\\/#listItem\",\"name\":\"Noticias y Actualidad\"}},{\"@type\":\"ListItem\",\"@id\":\"https:\\\/\\\/eldigitaldeasturias.com\\\/magazine365\\\/category\\\/noticias-actualidad\\\/#listItem\",\"position\":2,\"name\":\"Noticias y Actualidad\",\"item\":\"https:\\\/\\\/eldigitaldeasturias.com\\\/magazine365\\\/category\\\/noticias-actualidad\\\/\",\"nextItem\":{\"@type\":\"ListItem\",\"@id\":\"https:\\\/\\\/eldigitaldeasturias.com\\\/magazine365\\\/la-ce-se-plantea-intensificar-su-presencia-en-los-test-de-homologacion-de-coches-en-los-estados-miembro\\\/#listItem\",\"name\":\"La CE se plantea intensificar su presencia en los test de homologaci\\u00f3n de coches en los Estados miembro\"},\"previousItem\":{\"@type\":\"ListItem\",\"@id\":\"https:\\\/\\\/eldigitaldeasturias.com\\\/magazine365#listItem\",\"name\":\"Home\"}},{\"@type\":\"ListItem\",\"@id\":\"https:\\\/\\\/eldigitaldeasturias.com\\\/magazine365\\\/la-ce-se-plantea-intensificar-su-presencia-en-los-test-de-homologacion-de-coches-en-los-estados-miembro\\\/#listItem\",\"position\":3,\"name\":\"La CE se plantea intensificar su presencia en los test de homologaci\\u00f3n de coches en los Estados miembro\",\"previousItem\":{\"@type\":\"ListItem\",\"@id\":\"https:\\\/\\\/eldigitaldeasturias.com\\\/magazine365\\\/category\\\/noticias-actualidad\\\/#listItem\",\"name\":\"Noticias y Actualidad\"}}]},{\"@type\":\"Organization\",\"@id\":\"https:\\\/\\\/eldigitaldeasturias.com\\\/magazine365\\\/#organization\",\"name\":\"El digital de Asturias\",\"description\":\"Revista de ocio, turismo y estilo de vida\",\"url\":\"https:\\\/\\\/eldigitaldeasturias.com\\\/magazine365\\\/\",\"logo\":{\"@type\":\"ImageObject\",\"url\":\"https:\\\/\\\/www.eldigitaldeasturias.com\\\/noticias\\\/wp-content\\\/uploads\\\/2020\\\/12\\\/EDA.jpg\",\"@id\":\"https:\\\/\\\/eldigitaldeasturias.com\\\/magazine365\\\/la-ce-se-plantea-intensificar-su-presencia-en-los-test-de-homologacion-de-coches-en-los-estados-miembro\\\/#organizationLogo\"},\"image\":{\"@id\":\"https:\\\/\\\/eldigitaldeasturias.com\\\/magazine365\\\/la-ce-se-plantea-intensificar-su-presencia-en-los-test-de-homologacion-de-coches-en-los-estados-miembro\\\/#organizationLogo\"}},{\"@type\":\"Person\",\"@id\":\"https:\\\/\\\/eldigitaldeasturias.com\\\/magazine365\\\/author\\\/admin\\\/#author\",\"url\":\"https:\\\/\\\/eldigitaldeasturias.com\\\/magazine365\\\/author\\\/admin\\\/\",\"name\":\"admin\",\"image\":{\"@type\":\"ImageObject\",\"@id\":\"https:\\\/\\\/eldigitaldeasturias.com\\\/magazine365\\\/la-ce-se-plantea-intensificar-su-presencia-en-los-test-de-homologacion-de-coches-en-los-estados-miembro\\\/#authorImage\",\"url\":\"https:\\\/\\\/eldigitaldeasturias.com\\\/magazine365\\\/wp-content\\\/litespeed\\\/avatar\\\/e571bcf59a0edd6fa6838245a470f2fe.jpg?ver=1777574230\",\"width\":96,\"height\":96,\"caption\":\"admin\"}},{\"@type\":\"WebPage\",\"@id\":\"https:\\\/\\\/eldigitaldeasturias.com\\\/magazine365\\\/la-ce-se-plantea-intensificar-su-presencia-en-los-test-de-homologacion-de-coches-en-los-estados-miembro\\\/#webpage\",\"url\":\"https:\\\/\\\/eldigitaldeasturias.com\\\/magazine365\\\/la-ce-se-plantea-intensificar-su-presencia-en-los-test-de-homologacion-de-coches-en-los-estados-miembro\\\/\",\"name\":\"La CE se plantea intensificar su presencia en los test de homologaci\\u00f3n de coches en los Estados miembro | El Digital de Asturias\",\"description\":\"El comisario europeo de Acci\\u00f3n por el Clima y Energ\\u00eda, Miguel Arias Ca\\u00f1ete, ha asegurado que en el seno de la Comisi\\u00f3n Europea se est\\u00e1 reflexionando si intensificar la presencia de la Uni\\u00f3n Europea en los procesos de homologaci\\u00f3n de los veh\\u00edculos que llevan a cabo los Estados miembro. En declaraciones a RNE recogidas por\",\"inLanguage\":\"es-ES\",\"isPartOf\":{\"@id\":\"https:\\\/\\\/eldigitaldeasturias.com\\\/magazine365\\\/#website\"},\"breadcrumb\":{\"@id\":\"https:\\\/\\\/eldigitaldeasturias.com\\\/magazine365\\\/la-ce-se-plantea-intensificar-su-presencia-en-los-test-de-homologacion-de-coches-en-los-estados-miembro\\\/#breadcrumblist\"},\"author\":{\"@id\":\"https:\\\/\\\/eldigitaldeasturias.com\\\/magazine365\\\/author\\\/admin\\\/#author\"},\"creator\":{\"@id\":\"https:\\\/\\\/eldigitaldeasturias.com\\\/magazine365\\\/author\\\/admin\\\/#author\"},\"image\":{\"@type\":\"ImageObject\",\"url\":\"https:\\\/\\\/eldigitaldeasturias.com\\\/magazine365\\\/wp-content\\\/uploads\\\/2015\\\/11\\\/fotonoticia_20151120111408_800.jpg\",\"@id\":\"https:\\\/\\\/eldigitaldeasturias.com\\\/magazine365\\\/la-ce-se-plantea-intensificar-su-presencia-en-los-test-de-homologacion-de-coches-en-los-estados-miembro\\\/#mainImage\",\"width\":800,\"height\":533},\"primaryImageOfPage\":{\"@id\":\"https:\\\/\\\/eldigitaldeasturias.com\\\/magazine365\\\/la-ce-se-plantea-intensificar-su-presencia-en-los-test-de-homologacion-de-coches-en-los-estados-miembro\\\/#mainImage\"},\"datePublished\":\"2015-11-23T17:42:57+01:00\",\"dateModified\":\"2015-11-23T17:42:57+01:00\"},{\"@type\":\"WebSite\",\"@id\":\"https:\\\/\\\/eldigitaldeasturias.com\\\/magazine365\\\/#website\",\"url\":\"https:\\\/\\\/eldigitaldeasturias.com\\\/magazine365\\\/\",\"name\":\"El Digital de Asturias\",\"description\":\"Revista de ocio, turismo y estilo de vida\",\"inLanguage\":\"es-ES\",\"publisher\":{\"@id\":\"https:\\\/\\\/eldigitaldeasturias.com\\\/magazine365\\\/#organization\"}}]}\n\t\t<\/script>\n\t\t<!-- All in One SEO Pro -->\r\n\t\t<title>La CE se plantea intensificar su presencia en los test de homologaci\u00f3n de coches en los Estados miembro | El Digital de Asturias<\/title>\n\n","aioseo_head_json":{"title":"La CE se plantea intensificar su presencia en los test de homologaci\u00f3n de coches en los Estados miembro | El Digital de Asturias","description":"El comisario europeo de Acci\u00f3n por el Clima y Energ\u00eda, Miguel Arias Ca\u00f1ete, ha asegurado que en el seno de la Comisi\u00f3n Europea se est\u00e1 reflexionando si intensificar la presencia de la Uni\u00f3n Europea en los procesos de homologaci\u00f3n de los veh\u00edculos que llevan a cabo los Estados miembro. En declaraciones a RNE recogidas por","canonical_url":"https:\/\/eldigitaldeasturias.com\/magazine365\/la-ce-se-plantea-intensificar-su-presencia-en-los-test-de-homologacion-de-coches-en-los-estados-miembro\/","robots":"max-image-preview:large","keywords":"noticias y actualidad","webmasterTools":{"google-site-verification":"UA-38556648-1","miscellaneous":""},"schema":{"@context":"https:\/\/schema.org","@graph":[{"@type":"Article","@id":"https:\/\/eldigitaldeasturias.com\/magazine365\/la-ce-se-plantea-intensificar-su-presencia-en-los-test-de-homologacion-de-coches-en-los-estados-miembro\/#article","name":"La CE se plantea intensificar su presencia en los test de homologaci\u00f3n de coches en los Estados miembro | El Digital de Asturias","headline":"La CE se plantea intensificar su presencia en los test de homologaci\u00f3n de coches en los Estados miembro","author":{"@id":"https:\/\/eldigitaldeasturias.com\/magazine365\/author\/admin\/#author"},"publisher":{"@id":"https:\/\/eldigitaldeasturias.com\/magazine365\/#organization"},"image":{"@type":"ImageObject","url":"https:\/\/eldigitaldeasturias.com\/magazine365\/wp-content\/uploads\/2015\/11\/fotonoticia_20151120111408_800.jpg","width":800,"height":533},"datePublished":"2015-11-23T17:42:57+01:00","dateModified":"2015-11-23T17:42:57+01:00","inLanguage":"es-ES","mainEntityOfPage":{"@id":"https:\/\/eldigitaldeasturias.com\/magazine365\/la-ce-se-plantea-intensificar-su-presencia-en-los-test-de-homologacion-de-coches-en-los-estados-miembro\/#webpage"},"isPartOf":{"@id":"https:\/\/eldigitaldeasturias.com\/magazine365\/la-ce-se-plantea-intensificar-su-presencia-en-los-test-de-homologacion-de-coches-en-los-estados-miembro\/#webpage"},"articleSection":"Noticias y Actualidad"},{"@type":"BreadcrumbList","@id":"https:\/\/eldigitaldeasturias.com\/magazine365\/la-ce-se-plantea-intensificar-su-presencia-en-los-test-de-homologacion-de-coches-en-los-estados-miembro\/#breadcrumblist","itemListElement":[{"@type":"ListItem","@id":"https:\/\/eldigitaldeasturias.com\/magazine365#listItem","position":1,"name":"Home","item":"https:\/\/eldigitaldeasturias.com\/magazine365","nextItem":{"@type":"ListItem","@id":"https:\/\/eldigitaldeasturias.com\/magazine365\/category\/noticias-actualidad\/#listItem","name":"Noticias y Actualidad"}},{"@type":"ListItem","@id":"https:\/\/eldigitaldeasturias.com\/magazine365\/category\/noticias-actualidad\/#listItem","position":2,"name":"Noticias y Actualidad","item":"https:\/\/eldigitaldeasturias.com\/magazine365\/category\/noticias-actualidad\/","nextItem":{"@type":"ListItem","@id":"https:\/\/eldigitaldeasturias.com\/magazine365\/la-ce-se-plantea-intensificar-su-presencia-en-los-test-de-homologacion-de-coches-en-los-estados-miembro\/#listItem","name":"La CE se plantea intensificar su presencia en los test de homologaci\u00f3n de coches en los Estados miembro"},"previousItem":{"@type":"ListItem","@id":"https:\/\/eldigitaldeasturias.com\/magazine365#listItem","name":"Home"}},{"@type":"ListItem","@id":"https:\/\/eldigitaldeasturias.com\/magazine365\/la-ce-se-plantea-intensificar-su-presencia-en-los-test-de-homologacion-de-coches-en-los-estados-miembro\/#listItem","position":3,"name":"La CE se plantea intensificar su presencia en los test de homologaci\u00f3n de coches en los Estados miembro","previousItem":{"@type":"ListItem","@id":"https:\/\/eldigitaldeasturias.com\/magazine365\/category\/noticias-actualidad\/#listItem","name":"Noticias y Actualidad"}}]},{"@type":"Organization","@id":"https:\/\/eldigitaldeasturias.com\/magazine365\/#organization","name":"El digital de Asturias","description":"Revista de ocio, turismo y estilo de vida","url":"https:\/\/eldigitaldeasturias.com\/magazine365\/","logo":{"@type":"ImageObject","url":"https:\/\/www.eldigitaldeasturias.com\/noticias\/wp-content\/uploads\/2020\/12\/EDA.jpg","@id":"https:\/\/eldigitaldeasturias.com\/magazine365\/la-ce-se-plantea-intensificar-su-presencia-en-los-test-de-homologacion-de-coches-en-los-estados-miembro\/#organizationLogo"},"image":{"@id":"https:\/\/eldigitaldeasturias.com\/magazine365\/la-ce-se-plantea-intensificar-su-presencia-en-los-test-de-homologacion-de-coches-en-los-estados-miembro\/#organizationLogo"}},{"@type":"Person","@id":"https:\/\/eldigitaldeasturias.com\/magazine365\/author\/admin\/#author","url":"https:\/\/eldigitaldeasturias.com\/magazine365\/author\/admin\/","name":"admin","image":{"@type":"ImageObject","@id":"https:\/\/eldigitaldeasturias.com\/magazine365\/la-ce-se-plantea-intensificar-su-presencia-en-los-test-de-homologacion-de-coches-en-los-estados-miembro\/#authorImage","url":"https:\/\/eldigitaldeasturias.com\/magazine365\/wp-content\/litespeed\/avatar\/e571bcf59a0edd6fa6838245a470f2fe.jpg?ver=1777574230","width":96,"height":96,"caption":"admin"}},{"@type":"WebPage","@id":"https:\/\/eldigitaldeasturias.com\/magazine365\/la-ce-se-plantea-intensificar-su-presencia-en-los-test-de-homologacion-de-coches-en-los-estados-miembro\/#webpage","url":"https:\/\/eldigitaldeasturias.com\/magazine365\/la-ce-se-plantea-intensificar-su-presencia-en-los-test-de-homologacion-de-coches-en-los-estados-miembro\/","name":"La CE se plantea intensificar su presencia en los test de homologaci\u00f3n de coches en los Estados miembro | El Digital de Asturias","description":"El comisario europeo de Acci\u00f3n por el Clima y Energ\u00eda, Miguel Arias Ca\u00f1ete, ha asegurado que en el seno de la Comisi\u00f3n Europea se est\u00e1 reflexionando si intensificar la presencia de la Uni\u00f3n Europea en los procesos de homologaci\u00f3n de los veh\u00edculos que llevan a cabo los Estados miembro. En declaraciones a RNE recogidas por","inLanguage":"es-ES","isPartOf":{"@id":"https:\/\/eldigitaldeasturias.com\/magazine365\/#website"},"breadcrumb":{"@id":"https:\/\/eldigitaldeasturias.com\/magazine365\/la-ce-se-plantea-intensificar-su-presencia-en-los-test-de-homologacion-de-coches-en-los-estados-miembro\/#breadcrumblist"},"author":{"@id":"https:\/\/eldigitaldeasturias.com\/magazine365\/author\/admin\/#author"},"creator":{"@id":"https:\/\/eldigitaldeasturias.com\/magazine365\/author\/admin\/#author"},"image":{"@type":"ImageObject","url":"https:\/\/eldigitaldeasturias.com\/magazine365\/wp-content\/uploads\/2015\/11\/fotonoticia_20151120111408_800.jpg","@id":"https:\/\/eldigitaldeasturias.com\/magazine365\/la-ce-se-plantea-intensificar-su-presencia-en-los-test-de-homologacion-de-coches-en-los-estados-miembro\/#mainImage","width":800,"height":533},"primaryImageOfPage":{"@id":"https:\/\/eldigitaldeasturias.com\/magazine365\/la-ce-se-plantea-intensificar-su-presencia-en-los-test-de-homologacion-de-coches-en-los-estados-miembro\/#mainImage"},"datePublished":"2015-11-23T17:42:57+01:00","dateModified":"2015-11-23T17:42:57+01:00"},{"@type":"WebSite","@id":"https:\/\/eldigitaldeasturias.com\/magazine365\/#website","url":"https:\/\/eldigitaldeasturias.com\/magazine365\/","name":"El Digital de Asturias","description":"Revista de ocio, turismo y estilo de vida","inLanguage":"es-ES","publisher":{"@id":"https:\/\/eldigitaldeasturias.com\/magazine365\/#organization"}}]},"og:locale":"es_ES","og:site_name":"El Digital de Asturias \u2013 Revista de ocio, turismo y estilo de vida","og:type":"article","og:title":"La CE se plantea intensificar su presencia en los test de homologaci\u00f3n de coches en los Estados miembro | El Digital de Asturias","og:description":"El comisario europeo de Acci\u00f3n por el Clima y Energ\u00eda, Miguel Arias Ca\u00f1ete, ha asegurado que en el seno de la Comisi\u00f3n Europea se est\u00e1 reflexionando si intensificar la presencia de la Uni\u00f3n Europea en los procesos de homologaci\u00f3n de los veh\u00edculos que llevan a cabo los Estados miembro. En declaraciones a RNE recogidas por","og:url":"https:\/\/eldigitaldeasturias.com\/magazine365\/la-ce-se-plantea-intensificar-su-presencia-en-los-test-de-homologacion-de-coches-en-los-estados-miembro\/","og:image":"https:\/\/eldigitaldeasturias.com\/magazine365\/wp-content\/uploads\/2015\/11\/fotonoticia_20151120111408_800.jpg","og:image:secure_url":"https:\/\/eldigitaldeasturias.com\/magazine365\/wp-content\/uploads\/2015\/11\/fotonoticia_20151120111408_800.jpg","og:image:width":800,"og:image:height":533,"article:published_time":"2015-11-23T16:42:57+00:00","article:modified_time":"2015-11-23T16:42:57+00:00","twitter:card":"summary_large_image","twitter:title":"La CE se plantea intensificar su presencia en los test de homologaci\u00f3n de coches en los Estados miembro | El Digital de Asturias","twitter:description":"El comisario europeo de Acci\u00f3n por el Clima y Energ\u00eda, Miguel Arias Ca\u00f1ete, ha asegurado que en el seno de la Comisi\u00f3n Europea se est\u00e1 reflexionando si intensificar la presencia de la Uni\u00f3n Europea en los procesos de homologaci\u00f3n de los veh\u00edculos que llevan a cabo los Estados miembro. En declaraciones a RNE recogidas por","twitter:image":"https:\/\/eldigitaldeasturias.com\/magazine365\/wp-content\/uploads\/2015\/11\/fotonoticia_20151120111408_800.jpg"},"aioseo_meta_data":{"post_id":"56208","title":null,"description":null,"keywords":null,"keyphrases":null,"primary_term":null,"canonical_url":null,"og_title":null,"og_description":null,"og_object_type":"default","og_image_type":"default","og_image_url":null,"og_image_width":null,"og_image_height":null,"og_image_custom_url":null,"og_image_custom_fields":null,"og_video":null,"og_custom_url":null,"og_article_section":null,"og_article_tags":null,"twitter_use_og":false,"twitter_card":"default","twitter_image_type":"default","twitter_image_url":null,"twitter_image_custom_url":null,"twitter_image_custom_fields":null,"twitter_title":null,"twitter_description":null,"schema":{"blockGraphs":[],"customGraphs":[],"default":{"data":{"Article":[],"Course":[],"Dataset":[],"FAQPage":[],"Movie":[],"Person":[],"Product":[],"ProductReview":[],"Car":[],"Recipe":[],"Service":[],"SoftwareApplication":[],"WebPage":[]},"graphName":"","isEnabled":true},"graphs":[],"defaultGraph":"","defaultPostTypeGraph":""},"schema_type":null,"schema_type_options":null,"pillar_content":false,"robots_default":true,"robots_noindex":false,"robots_noarchive":false,"robots_nosnippet":false,"robots_nofollow":false,"robots_noimageindex":false,"robots_noodp":false,"robots_notranslate":false,"robots_max_snippet":null,"robots_max_videopreview":null,"robots_max_imagepreview":"large","priority":null,"frequency":null,"location":null,"local_seo":null,"seo_analyzer_scan_date":"2025-09-20 21:50:59","breadcrumb_settings":null,"limit_modified_date":false,"open_ai":null,"ai":null,"created":"2021-03-08 23:00:40","updated":"2025-09-20 21:50:59"},"aioseo_breadcrumb":"<div class=\"aioseo-breadcrumbs\"><span class=\"aioseo-breadcrumb\">\n\t<a href=\"https:\/\/eldigitaldeasturias.com\/magazine365\" title=\"Home\">Home<\/a>\n<\/span><span class=\"aioseo-breadcrumb-separator\">\u2013<\/span><span class=\"aioseo-breadcrumb\">\n\t<a href=\"https:\/\/eldigitaldeasturias.com\/magazine365\/category\/noticias-actualidad\/\" title=\"Noticias y Actualidad\">Noticias y Actualidad<\/a>\n<\/span><span class=\"aioseo-breadcrumb-separator\">\u2013<\/span><span class=\"aioseo-breadcrumb\">\n\t<a href=\"https:\/\/eldigitaldeasturias.com\/magazine365\/la-ce-se-plantea-intensificar-su-presencia-en-los-test-de-homologacion-de-coches-en-los-estados-miembro\/\" title=\"La CE se plantea intensificar su presencia en los test de homologaci\u00f3n de coches en los Estados miembro\">La CE se plantea intensificar su presencia en los test de homologaci\u00f3n de coches en los Estados miembro<\/a>\n<\/span><\/div>","aioseo_breadcrumb_json":[{"label":"Home","link":"https:\/\/eldigitaldeasturias.com\/magazine365"},{"label":"Noticias y Actualidad","link":"https:\/\/eldigitaldeasturias.com\/magazine365\/category\/noticias-actualidad\/"},{"label":"La CE se plantea intensificar su presencia en los test de homologaci\u00f3n de coches en los Estados miembro","link":"https:\/\/eldigitaldeasturias.com\/magazine365\/la-ce-se-plantea-intensificar-su-presencia-en-los-test-de-homologacion-de-coches-en-los-estados-miembro\/"}],"_links":{"self":[{"href":"https:\/\/eldigitaldeasturias.com\/magazine365\/wp-json\/wp\/v2\/posts\/56208","targetHints":{"allow":["GET"]}}],"collection":[{"href":"https:\/\/eldigitaldeasturias.com\/magazine365\/wp-json\/wp\/v2\/posts"}],"about":[{"href":"https:\/\/eldigitaldeasturias.com\/magazine365\/wp-json\/wp\/v2\/types\/post"}],"author":[{"embeddable":true,"href":"https:\/\/eldigitaldeasturias.com\/magazine365\/wp-json\/wp\/v2\/users\/1"}],"replies":[{"embeddable":true,"href":"https:\/\/eldigitaldeasturias.com\/magazine365\/wp-json\/wp\/v2\/comments?post=56208"}],"version-history":[{"count":0,"href":"https:\/\/eldigitaldeasturias.com\/magazine365\/wp-json\/wp\/v2\/posts\/56208\/revisions"}],"wp:featuredmedia":[{"embeddable":true,"href":"https:\/\/eldigitaldeasturias.com\/magazine365\/wp-json\/wp\/v2\/media\/56209"}],"wp:attachment":[{"href":"https:\/\/eldigitaldeasturias.com\/magazine365\/wp-json\/wp\/v2\/media?parent=56208"}],"wp:term":[{"taxonomy":"category","embeddable":true,"href":"https:\/\/eldigitaldeasturias.com\/magazine365\/wp-json\/wp\/v2\/categories?post=56208"},{"taxonomy":"post_tag","embeddable":true,"href":"https:\/\/eldigitaldeasturias.com\/magazine365\/wp-json\/wp\/v2\/tags?post=56208"}],"curies":[{"name":"wp","href":"https:\/\/api.w.org\/{rel}","templated":true}]}}