{"id":56202,"date":"2015-11-23T17:41:11","date_gmt":"2015-11-23T16:41:11","guid":{"rendered":"http:\/\/eldigitaldeasturias.com\/magazine365\/?p=56202"},"modified":"2015-11-23T17:41:11","modified_gmt":"2015-11-23T16:41:11","slug":"aena-licita-la-ampliacion-del-circuito-cerrado-de-television-en-barajas-por-950-000-euros","status":"publish","type":"post","link":"https:\/\/eldigitaldeasturias.com\/magazine365\/aena-licita-la-ampliacion-del-circuito-cerrado-de-television-en-barajas-por-950-000-euros\/","title":{"rendered":"Aena licita la ampliaci\u00f3n del circuito cerrado de televisi\u00f3n en Barajas por 950.000 euros"},"content":{"rendered":"<p><img fetchpriority=\"high\" decoding=\"async\" class=\"alignleft size-medium wp-image-56203\" src=\"https:\/\/eldigitaldeasturias.com\/magazine365\/wp-content\/uploads\/2015\/11\/fotonoticia_20151120105522_800-360x240.jpg\" alt=\"fotonoticia_20151120105522_800\" width=\"360\" height=\"240\" srcset=\"https:\/\/eldigitaldeasturias.com\/magazine365\/wp-content\/uploads\/2015\/11\/fotonoticia_20151120105522_800-360x240.jpg 360w, https:\/\/eldigitaldeasturias.com\/magazine365\/wp-content\/uploads\/2015\/11\/fotonoticia_20151120105522_800-650x433.jpg 650w, https:\/\/eldigitaldeasturias.com\/magazine365\/wp-content\/uploads\/2015\/11\/fotonoticia_20151120105522_800-768x512.jpg 768w, https:\/\/eldigitaldeasturias.com\/magazine365\/wp-content\/uploads\/2015\/11\/fotonoticia_20151120105522_800-150x100.jpg 150w, https:\/\/eldigitaldeasturias.com\/magazine365\/wp-content\/uploads\/2015\/11\/fotonoticia_20151120105522_800-450x300.jpg 450w, https:\/\/eldigitaldeasturias.com\/magazine365\/wp-content\/uploads\/2015\/11\/fotonoticia_20151120105522_800-696x464.jpg 696w, https:\/\/eldigitaldeasturias.com\/magazine365\/wp-content\/uploads\/2015\/11\/fotonoticia_20151120105522_800-630x420.jpg 630w, https:\/\/eldigitaldeasturias.com\/magazine365\/wp-content\/uploads\/2015\/11\/fotonoticia_20151120105522_800-84x55.jpg 84w, https:\/\/eldigitaldeasturias.com\/magazine365\/wp-content\/uploads\/2015\/11\/fotonoticia_20151120105522_800.jpg 800w\" sizes=\"(max-width: 360px) 100vw, 360px\" \/>Aena licita la ampliaci\u00f3n del sistema de circuito cerrado de televisi\u00f3n del aeropuerto Adolfo Su\u00e1rez Madrid-Barajas en determinadas zonas para mejorar la vigilancia del recinto por un importe m\u00e1ximo de 950.000 euros.<\/p>\n<p>El plazo de ejecuci\u00f3n de dichas obras ser\u00e1 de 12 meses, seg\u00fan public\u00f3 este jueves el Bolet\u00edn Oficial del Estado (BOE).<\/p>\n<p>La fecha l\u00edmite para la presentaci\u00f3n de las ofertas finaliza el pr\u00f3ximo 14 de diciembre.<\/p>\n","protected":false},"excerpt":{"rendered":"<p>Aena licita la ampliaci\u00f3n del sistema de circuito cerrado de televisi\u00f3n del aeropuerto Adolfo Su\u00e1rez Madrid-Barajas en determinadas zonas para mejorar la vigilancia del recinto por un importe m\u00e1ximo de 950.000 euros. El plazo de ejecuci\u00f3n de dichas obras ser\u00e1 de 12 meses, seg\u00fan public\u00f3 este jueves el Bolet\u00edn Oficial del Estado (BOE). La fecha<\/p>\n","protected":false},"author":1,"featured_media":56203,"comment_status":"open","ping_status":"closed","sticky":false,"template":"","format":"standard","meta":{"footnotes":""},"categories":[224],"tags":[],"class_list":{"0":"post-56202","1":"post","2":"type-post","3":"status-publish","4":"format-standard","5":"has-post-thumbnail","7":"category-noticias-actualidad"},"aioseo_notices":[],"aioseo_head":"\n\t\t<!-- All in One SEO Pro 4.9.6.1 - aioseo.com -->\n\t<meta name=\"description\" content=\"Aena licita la ampliaci\u00f3n del sistema de circuito cerrado de televisi\u00f3n del aeropuerto Adolfo Su\u00e1rez Madrid-Barajas en determinadas zonas para mejorar la vigilancia del recinto por un importe m\u00e1ximo de 950.000 euros. El plazo de ejecuci\u00f3n de dichas obras ser\u00e1 de 12 meses, seg\u00fan public\u00f3 este jueves el Bolet\u00edn Oficial del Estado (BOE). La fecha\" \/>\n\t<meta name=\"robots\" content=\"max-image-preview:large\" \/>\n\t<meta name=\"author\" content=\"admin\"\/>\n\t<meta name=\"google-site-verification\" content=\"UA-38556648-1\" \/>\n\t<meta name=\"keywords\" content=\"noticias y actualidad\" \/>\n\t<link rel=\"canonical\" href=\"https:\/\/eldigitaldeasturias.com\/magazine365\/aena-licita-la-ampliacion-del-circuito-cerrado-de-television-en-barajas-por-950-000-euros\/\" \/>\n\t<meta name=\"generator\" content=\"All in One SEO Pro (AIOSEO) 4.9.6.1\" \/>\n\t\t<meta property=\"og:locale\" content=\"es_ES\" \/>\n\t\t<meta property=\"og:site_name\" content=\"El Digital de Asturias \u2013 Revista de ocio, turismo y estilo de vida\" \/>\n\t\t<meta property=\"og:type\" content=\"article\" \/>\n\t\t<meta property=\"og:title\" content=\"Aena licita la ampliaci\u00f3n del circuito cerrado de televisi\u00f3n en Barajas por 950.000 euros | El Digital de Asturias\" \/>\n\t\t<meta property=\"og:description\" content=\"Aena licita la ampliaci\u00f3n del sistema de circuito cerrado de televisi\u00f3n del aeropuerto Adolfo Su\u00e1rez Madrid-Barajas en determinadas zonas para mejorar la vigilancia del recinto por un importe m\u00e1ximo de 950.000 euros. El plazo de ejecuci\u00f3n de dichas obras ser\u00e1 de 12 meses, seg\u00fan public\u00f3 este jueves el Bolet\u00edn Oficial del Estado (BOE). La fecha\" \/>\n\t\t<meta property=\"og:url\" content=\"https:\/\/eldigitaldeasturias.com\/magazine365\/aena-licita-la-ampliacion-del-circuito-cerrado-de-television-en-barajas-por-950-000-euros\/\" \/>\n\t\t<meta property=\"og:image\" content=\"https:\/\/eldigitaldeasturias.com\/magazine365\/wp-content\/uploads\/2015\/11\/fotonoticia_20151120105522_800.jpg\" \/>\n\t\t<meta property=\"og:image:secure_url\" content=\"https:\/\/eldigitaldeasturias.com\/magazine365\/wp-content\/uploads\/2015\/11\/fotonoticia_20151120105522_800.jpg\" \/>\n\t\t<meta property=\"og:image:width\" content=\"800\" \/>\n\t\t<meta property=\"og:image:height\" content=\"533\" \/>\n\t\t<meta property=\"article:published_time\" content=\"2015-11-23T16:41:11+00:00\" \/>\n\t\t<meta property=\"article:modified_time\" content=\"2015-11-23T16:41:11+00:00\" \/>\n\t\t<meta name=\"twitter:card\" content=\"summary_large_image\" \/>\n\t\t<meta name=\"twitter:title\" content=\"Aena licita la ampliaci\u00f3n del circuito cerrado de televisi\u00f3n en Barajas por 950.000 euros | El Digital de Asturias\" \/>\n\t\t<meta name=\"twitter:description\" content=\"Aena licita la ampliaci\u00f3n del sistema de circuito cerrado de televisi\u00f3n del aeropuerto Adolfo Su\u00e1rez Madrid-Barajas en determinadas zonas para mejorar la vigilancia del recinto por un importe m\u00e1ximo de 950.000 euros. El plazo de ejecuci\u00f3n de dichas obras ser\u00e1 de 12 meses, seg\u00fan public\u00f3 este jueves el Bolet\u00edn Oficial del Estado (BOE). La fecha\" \/>\n\t\t<meta name=\"twitter:image\" content=\"https:\/\/eldigitaldeasturias.com\/magazine365\/wp-content\/uploads\/2015\/11\/fotonoticia_20151120105522_800.jpg\" \/>\n\t\t<script type=\"application\/ld+json\" class=\"aioseo-schema\">\n\t\t\t{\"@context\":\"https:\\\/\\\/schema.org\",\"@graph\":[{\"@type\":\"Article\",\"@id\":\"https:\\\/\\\/eldigitaldeasturias.com\\\/magazine365\\\/aena-licita-la-ampliacion-del-circuito-cerrado-de-television-en-barajas-por-950-000-euros\\\/#article\",\"name\":\"Aena licita la ampliaci\\u00f3n del circuito cerrado de televisi\\u00f3n en Barajas por 950.000 euros | El Digital de Asturias\",\"headline\":\"Aena licita la ampliaci\\u00f3n del circuito cerrado de televisi\\u00f3n en Barajas por 950.000 euros\",\"author\":{\"@id\":\"https:\\\/\\\/eldigitaldeasturias.com\\\/magazine365\\\/author\\\/admin\\\/#author\"},\"publisher\":{\"@id\":\"https:\\\/\\\/eldigitaldeasturias.com\\\/magazine365\\\/#organization\"},\"image\":{\"@type\":\"ImageObject\",\"url\":\"https:\\\/\\\/eldigitaldeasturias.com\\\/magazine365\\\/wp-content\\\/uploads\\\/2015\\\/11\\\/fotonoticia_20151120105522_800.jpg\",\"width\":800,\"height\":533},\"datePublished\":\"2015-11-23T17:41:11+01:00\",\"dateModified\":\"2015-11-23T17:41:11+01:00\",\"inLanguage\":\"es-ES\",\"mainEntityOfPage\":{\"@id\":\"https:\\\/\\\/eldigitaldeasturias.com\\\/magazine365\\\/aena-licita-la-ampliacion-del-circuito-cerrado-de-television-en-barajas-por-950-000-euros\\\/#webpage\"},\"isPartOf\":{\"@id\":\"https:\\\/\\\/eldigitaldeasturias.com\\\/magazine365\\\/aena-licita-la-ampliacion-del-circuito-cerrado-de-television-en-barajas-por-950-000-euros\\\/#webpage\"},\"articleSection\":\"Noticias y Actualidad\"},{\"@type\":\"BreadcrumbList\",\"@id\":\"https:\\\/\\\/eldigitaldeasturias.com\\\/magazine365\\\/aena-licita-la-ampliacion-del-circuito-cerrado-de-television-en-barajas-por-950-000-euros\\\/#breadcrumblist\",\"itemListElement\":[{\"@type\":\"ListItem\",\"@id\":\"https:\\\/\\\/eldigitaldeasturias.com\\\/magazine365#listItem\",\"position\":1,\"name\":\"Home\",\"item\":\"https:\\\/\\\/eldigitaldeasturias.com\\\/magazine365\",\"nextItem\":{\"@type\":\"ListItem\",\"@id\":\"https:\\\/\\\/eldigitaldeasturias.com\\\/magazine365\\\/category\\\/noticias-actualidad\\\/#listItem\",\"name\":\"Noticias y Actualidad\"}},{\"@type\":\"ListItem\",\"@id\":\"https:\\\/\\\/eldigitaldeasturias.com\\\/magazine365\\\/category\\\/noticias-actualidad\\\/#listItem\",\"position\":2,\"name\":\"Noticias y Actualidad\",\"item\":\"https:\\\/\\\/eldigitaldeasturias.com\\\/magazine365\\\/category\\\/noticias-actualidad\\\/\",\"nextItem\":{\"@type\":\"ListItem\",\"@id\":\"https:\\\/\\\/eldigitaldeasturias.com\\\/magazine365\\\/aena-licita-la-ampliacion-del-circuito-cerrado-de-television-en-barajas-por-950-000-euros\\\/#listItem\",\"name\":\"Aena licita la ampliaci\\u00f3n del circuito cerrado de televisi\\u00f3n en Barajas por 950.000 euros\"},\"previousItem\":{\"@type\":\"ListItem\",\"@id\":\"https:\\\/\\\/eldigitaldeasturias.com\\\/magazine365#listItem\",\"name\":\"Home\"}},{\"@type\":\"ListItem\",\"@id\":\"https:\\\/\\\/eldigitaldeasturias.com\\\/magazine365\\\/aena-licita-la-ampliacion-del-circuito-cerrado-de-television-en-barajas-por-950-000-euros\\\/#listItem\",\"position\":3,\"name\":\"Aena licita la ampliaci\\u00f3n del circuito cerrado de televisi\\u00f3n en Barajas por 950.000 euros\",\"previousItem\":{\"@type\":\"ListItem\",\"@id\":\"https:\\\/\\\/eldigitaldeasturias.com\\\/magazine365\\\/category\\\/noticias-actualidad\\\/#listItem\",\"name\":\"Noticias y Actualidad\"}}]},{\"@type\":\"Organization\",\"@id\":\"https:\\\/\\\/eldigitaldeasturias.com\\\/magazine365\\\/#organization\",\"name\":\"El digital de Asturias\",\"description\":\"Revista de ocio, turismo y estilo de vida\",\"url\":\"https:\\\/\\\/eldigitaldeasturias.com\\\/magazine365\\\/\",\"logo\":{\"@type\":\"ImageObject\",\"url\":\"https:\\\/\\\/www.eldigitaldeasturias.com\\\/noticias\\\/wp-content\\\/uploads\\\/2020\\\/12\\\/EDA.jpg\",\"@id\":\"https:\\\/\\\/eldigitaldeasturias.com\\\/magazine365\\\/aena-licita-la-ampliacion-del-circuito-cerrado-de-television-en-barajas-por-950-000-euros\\\/#organizationLogo\"},\"image\":{\"@id\":\"https:\\\/\\\/eldigitaldeasturias.com\\\/magazine365\\\/aena-licita-la-ampliacion-del-circuito-cerrado-de-television-en-barajas-por-950-000-euros\\\/#organizationLogo\"}},{\"@type\":\"Person\",\"@id\":\"https:\\\/\\\/eldigitaldeasturias.com\\\/magazine365\\\/author\\\/admin\\\/#author\",\"url\":\"https:\\\/\\\/eldigitaldeasturias.com\\\/magazine365\\\/author\\\/admin\\\/\",\"name\":\"admin\",\"image\":{\"@type\":\"ImageObject\",\"@id\":\"https:\\\/\\\/eldigitaldeasturias.com\\\/magazine365\\\/aena-licita-la-ampliacion-del-circuito-cerrado-de-television-en-barajas-por-950-000-euros\\\/#authorImage\",\"url\":\"https:\\\/\\\/eldigitaldeasturias.com\\\/magazine365\\\/wp-content\\\/litespeed\\\/avatar\\\/e571bcf59a0edd6fa6838245a470f2fe.jpg?ver=1777574230\",\"width\":96,\"height\":96,\"caption\":\"admin\"}},{\"@type\":\"WebPage\",\"@id\":\"https:\\\/\\\/eldigitaldeasturias.com\\\/magazine365\\\/aena-licita-la-ampliacion-del-circuito-cerrado-de-television-en-barajas-por-950-000-euros\\\/#webpage\",\"url\":\"https:\\\/\\\/eldigitaldeasturias.com\\\/magazine365\\\/aena-licita-la-ampliacion-del-circuito-cerrado-de-television-en-barajas-por-950-000-euros\\\/\",\"name\":\"Aena licita la ampliaci\\u00f3n del circuito cerrado de televisi\\u00f3n en Barajas por 950.000 euros | El Digital de Asturias\",\"description\":\"Aena licita la ampliaci\\u00f3n del sistema de circuito cerrado de televisi\\u00f3n del aeropuerto Adolfo Su\\u00e1rez Madrid-Barajas en determinadas zonas para mejorar la vigilancia del recinto por un importe m\\u00e1ximo de 950.000 euros. El plazo de ejecuci\\u00f3n de dichas obras ser\\u00e1 de 12 meses, seg\\u00fan public\\u00f3 este jueves el Bolet\\u00edn Oficial del Estado (BOE). La fecha\",\"inLanguage\":\"es-ES\",\"isPartOf\":{\"@id\":\"https:\\\/\\\/eldigitaldeasturias.com\\\/magazine365\\\/#website\"},\"breadcrumb\":{\"@id\":\"https:\\\/\\\/eldigitaldeasturias.com\\\/magazine365\\\/aena-licita-la-ampliacion-del-circuito-cerrado-de-television-en-barajas-por-950-000-euros\\\/#breadcrumblist\"},\"author\":{\"@id\":\"https:\\\/\\\/eldigitaldeasturias.com\\\/magazine365\\\/author\\\/admin\\\/#author\"},\"creator\":{\"@id\":\"https:\\\/\\\/eldigitaldeasturias.com\\\/magazine365\\\/author\\\/admin\\\/#author\"},\"image\":{\"@type\":\"ImageObject\",\"url\":\"https:\\\/\\\/eldigitaldeasturias.com\\\/magazine365\\\/wp-content\\\/uploads\\\/2015\\\/11\\\/fotonoticia_20151120105522_800.jpg\",\"@id\":\"https:\\\/\\\/eldigitaldeasturias.com\\\/magazine365\\\/aena-licita-la-ampliacion-del-circuito-cerrado-de-television-en-barajas-por-950-000-euros\\\/#mainImage\",\"width\":800,\"height\":533},\"primaryImageOfPage\":{\"@id\":\"https:\\\/\\\/eldigitaldeasturias.com\\\/magazine365\\\/aena-licita-la-ampliacion-del-circuito-cerrado-de-television-en-barajas-por-950-000-euros\\\/#mainImage\"},\"datePublished\":\"2015-11-23T17:41:11+01:00\",\"dateModified\":\"2015-11-23T17:41:11+01:00\"},{\"@type\":\"WebSite\",\"@id\":\"https:\\\/\\\/eldigitaldeasturias.com\\\/magazine365\\\/#website\",\"url\":\"https:\\\/\\\/eldigitaldeasturias.com\\\/magazine365\\\/\",\"name\":\"El Digital de Asturias\",\"description\":\"Revista de ocio, turismo y estilo de vida\",\"inLanguage\":\"es-ES\",\"publisher\":{\"@id\":\"https:\\\/\\\/eldigitaldeasturias.com\\\/magazine365\\\/#organization\"}}]}\n\t\t<\/script>\n\t\t<!-- All in One SEO Pro -->\r\n\t\t<title>Aena licita la ampliaci\u00f3n del circuito cerrado de televisi\u00f3n en Barajas por 950.000 euros | El Digital de Asturias<\/title>\n\n","aioseo_head_json":{"title":"Aena licita la ampliaci\u00f3n del circuito cerrado de televisi\u00f3n en Barajas por 950.000 euros | El Digital de Asturias","description":"Aena licita la ampliaci\u00f3n del sistema de circuito cerrado de televisi\u00f3n del aeropuerto Adolfo Su\u00e1rez Madrid-Barajas en determinadas zonas para mejorar la vigilancia del recinto por un importe m\u00e1ximo de 950.000 euros. El plazo de ejecuci\u00f3n de dichas obras ser\u00e1 de 12 meses, seg\u00fan public\u00f3 este jueves el Bolet\u00edn Oficial del Estado (BOE). La fecha","canonical_url":"https:\/\/eldigitaldeasturias.com\/magazine365\/aena-licita-la-ampliacion-del-circuito-cerrado-de-television-en-barajas-por-950-000-euros\/","robots":"max-image-preview:large","keywords":"noticias y actualidad","webmasterTools":{"google-site-verification":"UA-38556648-1","miscellaneous":""},"schema":{"@context":"https:\/\/schema.org","@graph":[{"@type":"Article","@id":"https:\/\/eldigitaldeasturias.com\/magazine365\/aena-licita-la-ampliacion-del-circuito-cerrado-de-television-en-barajas-por-950-000-euros\/#article","name":"Aena licita la ampliaci\u00f3n del circuito cerrado de televisi\u00f3n en Barajas por 950.000 euros | El Digital de Asturias","headline":"Aena licita la ampliaci\u00f3n del circuito cerrado de televisi\u00f3n en Barajas por 950.000 euros","author":{"@id":"https:\/\/eldigitaldeasturias.com\/magazine365\/author\/admin\/#author"},"publisher":{"@id":"https:\/\/eldigitaldeasturias.com\/magazine365\/#organization"},"image":{"@type":"ImageObject","url":"https:\/\/eldigitaldeasturias.com\/magazine365\/wp-content\/uploads\/2015\/11\/fotonoticia_20151120105522_800.jpg","width":800,"height":533},"datePublished":"2015-11-23T17:41:11+01:00","dateModified":"2015-11-23T17:41:11+01:00","inLanguage":"es-ES","mainEntityOfPage":{"@id":"https:\/\/eldigitaldeasturias.com\/magazine365\/aena-licita-la-ampliacion-del-circuito-cerrado-de-television-en-barajas-por-950-000-euros\/#webpage"},"isPartOf":{"@id":"https:\/\/eldigitaldeasturias.com\/magazine365\/aena-licita-la-ampliacion-del-circuito-cerrado-de-television-en-barajas-por-950-000-euros\/#webpage"},"articleSection":"Noticias y Actualidad"},{"@type":"BreadcrumbList","@id":"https:\/\/eldigitaldeasturias.com\/magazine365\/aena-licita-la-ampliacion-del-circuito-cerrado-de-television-en-barajas-por-950-000-euros\/#breadcrumblist","itemListElement":[{"@type":"ListItem","@id":"https:\/\/eldigitaldeasturias.com\/magazine365#listItem","position":1,"name":"Home","item":"https:\/\/eldigitaldeasturias.com\/magazine365","nextItem":{"@type":"ListItem","@id":"https:\/\/eldigitaldeasturias.com\/magazine365\/category\/noticias-actualidad\/#listItem","name":"Noticias y Actualidad"}},{"@type":"ListItem","@id":"https:\/\/eldigitaldeasturias.com\/magazine365\/category\/noticias-actualidad\/#listItem","position":2,"name":"Noticias y Actualidad","item":"https:\/\/eldigitaldeasturias.com\/magazine365\/category\/noticias-actualidad\/","nextItem":{"@type":"ListItem","@id":"https:\/\/eldigitaldeasturias.com\/magazine365\/aena-licita-la-ampliacion-del-circuito-cerrado-de-television-en-barajas-por-950-000-euros\/#listItem","name":"Aena licita la ampliaci\u00f3n del circuito cerrado de televisi\u00f3n en Barajas por 950.000 euros"},"previousItem":{"@type":"ListItem","@id":"https:\/\/eldigitaldeasturias.com\/magazine365#listItem","name":"Home"}},{"@type":"ListItem","@id":"https:\/\/eldigitaldeasturias.com\/magazine365\/aena-licita-la-ampliacion-del-circuito-cerrado-de-television-en-barajas-por-950-000-euros\/#listItem","position":3,"name":"Aena licita la ampliaci\u00f3n del circuito cerrado de televisi\u00f3n en Barajas por 950.000 euros","previousItem":{"@type":"ListItem","@id":"https:\/\/eldigitaldeasturias.com\/magazine365\/category\/noticias-actualidad\/#listItem","name":"Noticias y Actualidad"}}]},{"@type":"Organization","@id":"https:\/\/eldigitaldeasturias.com\/magazine365\/#organization","name":"El digital de Asturias","description":"Revista de ocio, turismo y estilo de vida","url":"https:\/\/eldigitaldeasturias.com\/magazine365\/","logo":{"@type":"ImageObject","url":"https:\/\/www.eldigitaldeasturias.com\/noticias\/wp-content\/uploads\/2020\/12\/EDA.jpg","@id":"https:\/\/eldigitaldeasturias.com\/magazine365\/aena-licita-la-ampliacion-del-circuito-cerrado-de-television-en-barajas-por-950-000-euros\/#organizationLogo"},"image":{"@id":"https:\/\/eldigitaldeasturias.com\/magazine365\/aena-licita-la-ampliacion-del-circuito-cerrado-de-television-en-barajas-por-950-000-euros\/#organizationLogo"}},{"@type":"Person","@id":"https:\/\/eldigitaldeasturias.com\/magazine365\/author\/admin\/#author","url":"https:\/\/eldigitaldeasturias.com\/magazine365\/author\/admin\/","name":"admin","image":{"@type":"ImageObject","@id":"https:\/\/eldigitaldeasturias.com\/magazine365\/aena-licita-la-ampliacion-del-circuito-cerrado-de-television-en-barajas-por-950-000-euros\/#authorImage","url":"https:\/\/eldigitaldeasturias.com\/magazine365\/wp-content\/litespeed\/avatar\/e571bcf59a0edd6fa6838245a470f2fe.jpg?ver=1777574230","width":96,"height":96,"caption":"admin"}},{"@type":"WebPage","@id":"https:\/\/eldigitaldeasturias.com\/magazine365\/aena-licita-la-ampliacion-del-circuito-cerrado-de-television-en-barajas-por-950-000-euros\/#webpage","url":"https:\/\/eldigitaldeasturias.com\/magazine365\/aena-licita-la-ampliacion-del-circuito-cerrado-de-television-en-barajas-por-950-000-euros\/","name":"Aena licita la ampliaci\u00f3n del circuito cerrado de televisi\u00f3n en Barajas por 950.000 euros | El Digital de Asturias","description":"Aena licita la ampliaci\u00f3n del sistema de circuito cerrado de televisi\u00f3n del aeropuerto Adolfo Su\u00e1rez Madrid-Barajas en determinadas zonas para mejorar la vigilancia del recinto por un importe m\u00e1ximo de 950.000 euros. El plazo de ejecuci\u00f3n de dichas obras ser\u00e1 de 12 meses, seg\u00fan public\u00f3 este jueves el Bolet\u00edn Oficial del Estado (BOE). La fecha","inLanguage":"es-ES","isPartOf":{"@id":"https:\/\/eldigitaldeasturias.com\/magazine365\/#website"},"breadcrumb":{"@id":"https:\/\/eldigitaldeasturias.com\/magazine365\/aena-licita-la-ampliacion-del-circuito-cerrado-de-television-en-barajas-por-950-000-euros\/#breadcrumblist"},"author":{"@id":"https:\/\/eldigitaldeasturias.com\/magazine365\/author\/admin\/#author"},"creator":{"@id":"https:\/\/eldigitaldeasturias.com\/magazine365\/author\/admin\/#author"},"image":{"@type":"ImageObject","url":"https:\/\/eldigitaldeasturias.com\/magazine365\/wp-content\/uploads\/2015\/11\/fotonoticia_20151120105522_800.jpg","@id":"https:\/\/eldigitaldeasturias.com\/magazine365\/aena-licita-la-ampliacion-del-circuito-cerrado-de-television-en-barajas-por-950-000-euros\/#mainImage","width":800,"height":533},"primaryImageOfPage":{"@id":"https:\/\/eldigitaldeasturias.com\/magazine365\/aena-licita-la-ampliacion-del-circuito-cerrado-de-television-en-barajas-por-950-000-euros\/#mainImage"},"datePublished":"2015-11-23T17:41:11+01:00","dateModified":"2015-11-23T17:41:11+01:00"},{"@type":"WebSite","@id":"https:\/\/eldigitaldeasturias.com\/magazine365\/#website","url":"https:\/\/eldigitaldeasturias.com\/magazine365\/","name":"El Digital de Asturias","description":"Revista de ocio, turismo y estilo de vida","inLanguage":"es-ES","publisher":{"@id":"https:\/\/eldigitaldeasturias.com\/magazine365\/#organization"}}]},"og:locale":"es_ES","og:site_name":"El Digital de Asturias \u2013 Revista de ocio, turismo y estilo de vida","og:type":"article","og:title":"Aena licita la ampliaci\u00f3n del circuito cerrado de televisi\u00f3n en Barajas por 950.000 euros | El Digital de Asturias","og:description":"Aena licita la ampliaci\u00f3n del sistema de circuito cerrado de televisi\u00f3n del aeropuerto Adolfo Su\u00e1rez Madrid-Barajas en determinadas zonas para mejorar la vigilancia del recinto por un importe m\u00e1ximo de 950.000 euros. El plazo de ejecuci\u00f3n de dichas obras ser\u00e1 de 12 meses, seg\u00fan public\u00f3 este jueves el Bolet\u00edn Oficial del Estado (BOE). La fecha","og:url":"https:\/\/eldigitaldeasturias.com\/magazine365\/aena-licita-la-ampliacion-del-circuito-cerrado-de-television-en-barajas-por-950-000-euros\/","og:image":"https:\/\/eldigitaldeasturias.com\/magazine365\/wp-content\/uploads\/2015\/11\/fotonoticia_20151120105522_800.jpg","og:image:secure_url":"https:\/\/eldigitaldeasturias.com\/magazine365\/wp-content\/uploads\/2015\/11\/fotonoticia_20151120105522_800.jpg","og:image:width":800,"og:image:height":533,"article:published_time":"2015-11-23T16:41:11+00:00","article:modified_time":"2015-11-23T16:41:11+00:00","twitter:card":"summary_large_image","twitter:title":"Aena licita la ampliaci\u00f3n del circuito cerrado de televisi\u00f3n en Barajas por 950.000 euros | El Digital de Asturias","twitter:description":"Aena licita la ampliaci\u00f3n del sistema de circuito cerrado de televisi\u00f3n del aeropuerto Adolfo Su\u00e1rez Madrid-Barajas en determinadas zonas para mejorar la vigilancia del recinto por un importe m\u00e1ximo de 950.000 euros. El plazo de ejecuci\u00f3n de dichas obras ser\u00e1 de 12 meses, seg\u00fan public\u00f3 este jueves el Bolet\u00edn Oficial del Estado (BOE). La fecha","twitter:image":"https:\/\/eldigitaldeasturias.com\/magazine365\/wp-content\/uploads\/2015\/11\/fotonoticia_20151120105522_800.jpg"},"aioseo_meta_data":{"post_id":"56202","title":null,"description":null,"keywords":null,"keyphrases":null,"primary_term":null,"canonical_url":null,"og_title":null,"og_description":null,"og_object_type":"default","og_image_type":"default","og_image_url":null,"og_image_width":null,"og_image_height":null,"og_image_custom_url":null,"og_image_custom_fields":null,"og_video":null,"og_custom_url":null,"og_article_section":null,"og_article_tags":null,"twitter_use_og":false,"twitter_card":"default","twitter_image_type":"default","twitter_image_url":null,"twitter_image_custom_url":null,"twitter_image_custom_fields":null,"twitter_title":null,"twitter_description":null,"schema":{"blockGraphs":[],"customGraphs":[],"default":{"data":{"Article":[],"Course":[],"Dataset":[],"FAQPage":[],"Movie":[],"Person":[],"Product":[],"ProductReview":[],"Car":[],"Recipe":[],"Service":[],"SoftwareApplication":[],"WebPage":[]},"graphName":"","isEnabled":true},"graphs":[],"defaultGraph":"","defaultPostTypeGraph":""},"schema_type":null,"schema_type_options":null,"pillar_content":false,"robots_default":true,"robots_noindex":false,"robots_noarchive":false,"robots_nosnippet":false,"robots_nofollow":false,"robots_noimageindex":false,"robots_noodp":false,"robots_notranslate":false,"robots_max_snippet":null,"robots_max_videopreview":null,"robots_max_imagepreview":"large","priority":null,"frequency":null,"location":null,"local_seo":null,"seo_analyzer_scan_date":"2025-09-20 21:50:57","breadcrumb_settings":null,"limit_modified_date":false,"open_ai":null,"ai":null,"created":"2021-03-08 23:00:40","updated":"2025-09-20 21:50:57"},"aioseo_breadcrumb":"<div class=\"aioseo-breadcrumbs\"><span class=\"aioseo-breadcrumb\">\n\t<a href=\"https:\/\/eldigitaldeasturias.com\/magazine365\" title=\"Home\">Home<\/a>\n<\/span><span class=\"aioseo-breadcrumb-separator\">\u2013<\/span><span class=\"aioseo-breadcrumb\">\n\t<a href=\"https:\/\/eldigitaldeasturias.com\/magazine365\/category\/noticias-actualidad\/\" title=\"Noticias y Actualidad\">Noticias y Actualidad<\/a>\n<\/span><span class=\"aioseo-breadcrumb-separator\">\u2013<\/span><span class=\"aioseo-breadcrumb\">\n\t<a href=\"https:\/\/eldigitaldeasturias.com\/magazine365\/aena-licita-la-ampliacion-del-circuito-cerrado-de-television-en-barajas-por-950-000-euros\/\" title=\"Aena licita la ampliaci\u00f3n del circuito cerrado de televisi\u00f3n en Barajas por 950.000 euros\">Aena licita la ampliaci\u00f3n del circuito cerrado de televisi\u00f3n en Barajas por 950.000 euros<\/a>\n<\/span><\/div>","aioseo_breadcrumb_json":[{"label":"Home","link":"https:\/\/eldigitaldeasturias.com\/magazine365"},{"label":"Noticias y Actualidad","link":"https:\/\/eldigitaldeasturias.com\/magazine365\/category\/noticias-actualidad\/"},{"label":"Aena licita la ampliaci\u00f3n del circuito cerrado de televisi\u00f3n en Barajas por 950.000 euros","link":"https:\/\/eldigitaldeasturias.com\/magazine365\/aena-licita-la-ampliacion-del-circuito-cerrado-de-television-en-barajas-por-950-000-euros\/"}],"_links":{"self":[{"href":"https:\/\/eldigitaldeasturias.com\/magazine365\/wp-json\/wp\/v2\/posts\/56202","targetHints":{"allow":["GET"]}}],"collection":[{"href":"https:\/\/eldigitaldeasturias.com\/magazine365\/wp-json\/wp\/v2\/posts"}],"about":[{"href":"https:\/\/eldigitaldeasturias.com\/magazine365\/wp-json\/wp\/v2\/types\/post"}],"author":[{"embeddable":true,"href":"https:\/\/eldigitaldeasturias.com\/magazine365\/wp-json\/wp\/v2\/users\/1"}],"replies":[{"embeddable":true,"href":"https:\/\/eldigitaldeasturias.com\/magazine365\/wp-json\/wp\/v2\/comments?post=56202"}],"version-history":[{"count":0,"href":"https:\/\/eldigitaldeasturias.com\/magazine365\/wp-json\/wp\/v2\/posts\/56202\/revisions"}],"wp:featuredmedia":[{"embeddable":true,"href":"https:\/\/eldigitaldeasturias.com\/magazine365\/wp-json\/wp\/v2\/media\/56203"}],"wp:attachment":[{"href":"https:\/\/eldigitaldeasturias.com\/magazine365\/wp-json\/wp\/v2\/media?parent=56202"}],"wp:term":[{"taxonomy":"category","embeddable":true,"href":"https:\/\/eldigitaldeasturias.com\/magazine365\/wp-json\/wp\/v2\/categories?post=56202"},{"taxonomy":"post_tag","embeddable":true,"href":"https:\/\/eldigitaldeasturias.com\/magazine365\/wp-json\/wp\/v2\/tags?post=56202"}],"curies":[{"name":"wp","href":"https:\/\/api.w.org\/{rel}","templated":true}]}}