{"id":56147,"date":"2015-11-23T17:08:25","date_gmt":"2015-11-23T16:08:25","guid":{"rendered":"http:\/\/eldigitaldeasturias.com\/magazine365\/?p=56147"},"modified":"2015-11-23T17:08:25","modified_gmt":"2015-11-23T16:08:25","slug":"el-secretario-de-turismo-de-la-generalitat-valenciana-dice-que-la-avt-trabaja-en-politicas-turisticas-transversales","status":"publish","type":"post","link":"https:\/\/eldigitaldeasturias.com\/magazine365\/el-secretario-de-turismo-de-la-generalitat-valenciana-dice-que-la-avt-trabaja-en-politicas-turisticas-transversales\/","title":{"rendered":".-El secretario de turismo de la Generalitat Valenciana dice que la AVT trabaja en \u00abpol\u00edticas tur\u00edsticas transversales\u00bb"},"content":{"rendered":"<p><img fetchpriority=\"high\" decoding=\"async\" class=\"alignleft size-medium wp-image-56148\" src=\"https:\/\/eldigitaldeasturias.com\/magazine365\/wp-content\/uploads\/2015\/11\/fotonoticia_20151119164114_800-360x288.jpg\" alt=\"fotonoticia_20151119164114_800\" width=\"360\" height=\"288\" srcset=\"https:\/\/eldigitaldeasturias.com\/magazine365\/wp-content\/uploads\/2015\/11\/fotonoticia_20151119164114_800-360x288.jpg 360w, https:\/\/eldigitaldeasturias.com\/magazine365\/wp-content\/uploads\/2015\/11\/fotonoticia_20151119164114_800-650x520.jpg 650w, https:\/\/eldigitaldeasturias.com\/magazine365\/wp-content\/uploads\/2015\/11\/fotonoticia_20151119164114_800-768x614.jpg 768w, https:\/\/eldigitaldeasturias.com\/magazine365\/wp-content\/uploads\/2015\/11\/fotonoticia_20151119164114_800-150x120.jpg 150w, https:\/\/eldigitaldeasturias.com\/magazine365\/wp-content\/uploads\/2015\/11\/fotonoticia_20151119164114_800-450x360.jpg 450w, https:\/\/eldigitaldeasturias.com\/magazine365\/wp-content\/uploads\/2015\/11\/fotonoticia_20151119164114_800-696x557.jpg 696w, https:\/\/eldigitaldeasturias.com\/magazine365\/wp-content\/uploads\/2015\/11\/fotonoticia_20151119164114_800-525x420.jpg 525w, https:\/\/eldigitaldeasturias.com\/magazine365\/wp-content\/uploads\/2015\/11\/fotonoticia_20151119164114_800.jpg 800w\" sizes=\"(max-width: 360px) 100vw, 360px\" \/>El secretario auton\u00f3mico de Turisme, Francesc Colomer, ha se\u00f1alado este jueves que la Ag\u00e8ncia Valenciana del Turisme est\u00e1 trabajando \u00abcon pol\u00edticas tur\u00edsticas transversales e integradoras, fruto de la suma de propuestas que desarrollan conjuntamente los distintos departamentos de la Generalitat\u00bb.<\/p>\n<p>Colomer se ha manifestado en estos t\u00e9rminos tras presidir la primera reuni\u00f3n de la Comisi\u00f3n Interdepartamental de Turismo de la Comunidad Valenciana en el CdT de Valencia. Un encuentro al que han asistido los Secretarios Auton\u00f3micos de todo el Consell y en el que se ha constituido la Comisi\u00f3n de acuerdo al anexo del Decreto 161\/2015, de 25 de septiembre, por el que se articula la composici\u00f3n de la misma, seg\u00fan ha informado la Generalitat en un comunicado.<\/p>\n<p>\u00abEsta mesa interdepartamental &#8211;ha dicho Colomer&#8211; quiere incluir, trasladar la mirada y el esp\u00edritu tur\u00edstico a todas las estructuras del Consell, con el objetivo de coordinarnos y para entender que el sector tur\u00edstico es central como relato socioecon\u00f3mico de la Comunidad Valenciana\u00bb. \u00abLa Ag\u00e8ncia Valenciana del Turisme es la sala de m\u00e1quinas pero todas las consellerias tienen que ver con el turismo\u00bb, ha destacado.<\/p>\n<p>Seg\u00fan ha indicado el presidente de la Agencia, \u00abla metodolog\u00eda va a ser transferir una serie de fichas a todas las consellerias para identificar todo aquello que en las estructuras del Consell colinde con la pol\u00edtica tur\u00edstica, con el objetivo de trasladar la mirada tur\u00edstica a todos los estratos de la Generalitat\u00bb.<\/p>\n<p>\u00abA partir de ah\u00ed &#8211;ha continuado&#8211;, pondremos en com\u00fan lo aportado por todas las consellerias para establecer un Plan de Trabajo Anual de la Mesa Interdepartamental, que ser\u00e1 constantemente valorado y chequeado para que sea productivo\u00bb.<\/p>\n<p>Para el Secretario Auton\u00f3mico de Turisme \u00ablo importante es ofrecer una pol\u00edtica coherente y cohesionada al servicio de la buena imagen y de la remontada reputacional, que como territorio y como sociedad en base al turismo, debemos y podemos conseguir\u00bb, ha subrayado.<\/p>\n<p>25 MILLONES DE TURISTAS EN LA COMUNITAT<\/p>\n<p>Uno de los temas tratados en esta Comisi\u00f3n Interdepartamental ha sido el de analizar la situaci\u00f3n actual y el balance del turismo en la Comunitat Valenciana. En este sentido, Colomer ha indicado que se ha hecho \u00abuna descripci\u00f3n de las grandes cifras de la afluencia de turistas, de la proyecci\u00f3n, de las tendencias, desde el punto de vista de las tipolog\u00edas de establecimientos, de la normativa, de los productos tur\u00edsticos, de los espacios tur\u00edsticos que tenemos, nuestro potencial, nuestra estrategia de comercializaci\u00f3n nacional e internacional, para compartirla con toda la Generalitat\u00bb.<\/p>\n<p>Para Colomer \u00abha sido un a\u00f1o positivo respecto a las cifras\u00bb, ya que la Comunidad cerrar\u00e1 el a\u00f1o con cerca de 25 millones de turistas, \u00ablo cual significa un crecimiento respecto al a\u00f1o anterior\u00bb. No obstante, al mismo tiempo ha incidido en que \u00abestas cifras lo que tienen es que motivarnos para no relajarnos y para intensificar nuestras pol\u00edticas de innovaci\u00f3n, de profesionalizaci\u00f3n, de inversi\u00f3n de capital humano, de mejora de nuestra competitividad y en la mejora tambi\u00e9n de dos cuestiones b\u00e1sicas, como son la desestacionalizaci\u00f3n del turismo y la mejora de la rentabilidad del negocio tur\u00edstico\u00bb.<\/p>\n<p>LA SEGURIDAD, VENTAJA COMPETITIVA DE LA COMUNIDAD<\/p>\n<p>El secretario auton\u00f3mico de Turisme ha confirmado adem\u00e1s que en su departamento contemplan los problemas de la actual situaci\u00f3n internacional y ha se\u00f1alado que \u00absomos muy conscientes de que la seguridad es un atributo, es una ventaja competitiva y debemos reivindicar que Espa\u00f1a y nuestra Comunidad es un destino seguro a los ojos de nuestros mercados emisores\u00bb.<\/p>\n<p>Asimismo, Colomer ha reconocido que las cifras de afluencia tur\u00edstica \u00abobedecen a la coyuntura del Mediterr\u00e1neo\u00bb, y ha recordado que \u00abla miseria, la pobreza o la guerra explican la llegada turistas internacionales a la Comunidad\u00bb. \u00abNuestro deseo es que la coyuntura internacional sea de paz y que todos los pueblos de la ribera mediterr\u00e1nea se desarrollen en torno al turismo\u00bb, ha incidido.<\/p>\n<p>El responsable de la pol\u00edtica tur\u00edstica del Consell ha explicado que esta situaci\u00f3n \u00abtiene que significar la voluntad de fidelizar, cambiar las cosas y seguir siendo competitivos\u00bb.<\/p>\n<p>REAJUSTE DE CALENDARIO Y PRESUPUESTO DEL IMSERSO<\/p>\n<p>Por otro lado, Colomer ha hecho referencia a la problem\u00e1tica generada en la Comunidad por el retraso del IMSERSO, y ha declarado que \u00abeste desconcierto, tan poco explicable, ha generado que el sector nos transmita unas perdidas y una falta de ritmo en los primeros compases de la puesta en marcha de la campa\u00f1a hist\u00f3rica del IMSERSO\u00bb.<\/p>\n<p>En esta l\u00ednea, ha apuntado que \u00abhemos trasladado al Ministerio que reajuste el calendario y el presupuesto para que en los momentos mas delicados y fr\u00e1giles de la campa\u00f1a, algunas semanas de diciembre y de enero, pueda redireccionar aquello que perdimos por los inicios tan torpes que tuvo el Gobierno Central\u00bb.<\/p>\n","protected":false},"excerpt":{"rendered":"<p>El secretario auton\u00f3mico de Turisme, Francesc Colomer, ha se\u00f1alado este jueves que la Ag\u00e8ncia Valenciana del Turisme est\u00e1 trabajando \u00abcon pol\u00edticas tur\u00edsticas transversales e integradoras, fruto de la suma de propuestas que desarrollan conjuntamente los distintos departamentos de la Generalitat\u00bb. Colomer se ha manifestado en estos t\u00e9rminos tras presidir la primera reuni\u00f3n de la Comisi\u00f3n<\/p>\n","protected":false},"author":1,"featured_media":56148,"comment_status":"open","ping_status":"closed","sticky":false,"template":"","format":"standard","meta":{"footnotes":""},"categories":[224],"tags":[],"class_list":{"0":"post-56147","1":"post","2":"type-post","3":"status-publish","4":"format-standard","5":"has-post-thumbnail","7":"category-noticias-actualidad"},"aioseo_notices":[],"aioseo_head":"\n\t\t<!-- All in One SEO Pro 4.9.6.1 - aioseo.com -->\n\t<meta name=\"description\" content=\"El secretario auton\u00f3mico de Turisme, Francesc Colomer, ha se\u00f1alado este jueves que la Ag\u00e8ncia Valenciana del Turisme est\u00e1 trabajando &quot;con pol\u00edticas tur\u00edsticas transversales e integradoras, fruto de la suma de propuestas que desarrollan conjuntamente los distintos departamentos de la Generalitat&quot;. Colomer se ha manifestado en estos t\u00e9rminos tras presidir la primera reuni\u00f3n de la Comisi\u00f3n\" \/>\n\t<meta name=\"robots\" content=\"max-image-preview:large\" \/>\n\t<meta name=\"author\" content=\"admin\"\/>\n\t<meta name=\"google-site-verification\" content=\"UA-38556648-1\" \/>\n\t<meta name=\"keywords\" content=\"noticias y actualidad\" \/>\n\t<link rel=\"canonical\" href=\"https:\/\/eldigitaldeasturias.com\/magazine365\/el-secretario-de-turismo-de-la-generalitat-valenciana-dice-que-la-avt-trabaja-en-politicas-turisticas-transversales\/\" \/>\n\t<meta name=\"generator\" content=\"All in One SEO Pro (AIOSEO) 4.9.6.1\" \/>\n\t\t<meta property=\"og:locale\" content=\"es_ES\" \/>\n\t\t<meta property=\"og:site_name\" content=\"El Digital de Asturias \u2013 Revista de ocio, turismo y estilo de vida\" \/>\n\t\t<meta property=\"og:type\" content=\"article\" \/>\n\t\t<meta property=\"og:title\" content=\".-El secretario de turismo de la Generalitat Valenciana dice que la AVT trabaja en \u00abpol\u00edticas tur\u00edsticas transversales\u00bb | El Digital de Asturias\" \/>\n\t\t<meta property=\"og:description\" content=\"El secretario auton\u00f3mico de Turisme, Francesc Colomer, ha se\u00f1alado este jueves que la Ag\u00e8ncia Valenciana del Turisme est\u00e1 trabajando &quot;con pol\u00edticas tur\u00edsticas transversales e integradoras, fruto de la suma de propuestas que desarrollan conjuntamente los distintos departamentos de la Generalitat&quot;. Colomer se ha manifestado en estos t\u00e9rminos tras presidir la primera reuni\u00f3n de la Comisi\u00f3n\" \/>\n\t\t<meta property=\"og:url\" content=\"https:\/\/eldigitaldeasturias.com\/magazine365\/el-secretario-de-turismo-de-la-generalitat-valenciana-dice-que-la-avt-trabaja-en-politicas-turisticas-transversales\/\" \/>\n\t\t<meta property=\"og:image\" content=\"https:\/\/eldigitaldeasturias.com\/magazine365\/wp-content\/uploads\/2015\/11\/fotonoticia_20151119164114_800.jpg\" \/>\n\t\t<meta property=\"og:image:secure_url\" content=\"https:\/\/eldigitaldeasturias.com\/magazine365\/wp-content\/uploads\/2015\/11\/fotonoticia_20151119164114_800.jpg\" \/>\n\t\t<meta property=\"og:image:width\" content=\"800\" \/>\n\t\t<meta property=\"og:image:height\" content=\"640\" \/>\n\t\t<meta property=\"article:published_time\" content=\"2015-11-23T16:08:25+00:00\" \/>\n\t\t<meta property=\"article:modified_time\" content=\"2015-11-23T16:08:25+00:00\" \/>\n\t\t<meta name=\"twitter:card\" content=\"summary_large_image\" \/>\n\t\t<meta name=\"twitter:title\" content=\".-El secretario de turismo de la Generalitat Valenciana dice que la AVT trabaja en \u00abpol\u00edticas tur\u00edsticas transversales\u00bb | El Digital de Asturias\" \/>\n\t\t<meta name=\"twitter:description\" content=\"El secretario auton\u00f3mico de Turisme, Francesc Colomer, ha se\u00f1alado este jueves que la Ag\u00e8ncia Valenciana del Turisme est\u00e1 trabajando &quot;con pol\u00edticas tur\u00edsticas transversales e integradoras, fruto de la suma de propuestas que desarrollan conjuntamente los distintos departamentos de la Generalitat&quot;. Colomer se ha manifestado en estos t\u00e9rminos tras presidir la primera reuni\u00f3n de la Comisi\u00f3n\" \/>\n\t\t<meta name=\"twitter:image\" content=\"https:\/\/eldigitaldeasturias.com\/magazine365\/wp-content\/uploads\/2015\/11\/fotonoticia_20151119164114_800.jpg\" \/>\n\t\t<script type=\"application\/ld+json\" class=\"aioseo-schema\">\n\t\t\t{\"@context\":\"https:\\\/\\\/schema.org\",\"@graph\":[{\"@type\":\"Article\",\"@id\":\"https:\\\/\\\/eldigitaldeasturias.com\\\/magazine365\\\/el-secretario-de-turismo-de-la-generalitat-valenciana-dice-que-la-avt-trabaja-en-politicas-turisticas-transversales\\\/#article\",\"name\":\".-El secretario de turismo de la Generalitat Valenciana dice que la AVT trabaja en \\u00abpol\\u00edticas tur\\u00edsticas transversales\\u00bb | El Digital de Asturias\",\"headline\":\".-El secretario de turismo de la Generalitat Valenciana dice que la AVT trabaja en \\u00abpol\\u00edticas tur\\u00edsticas transversales\\u00bb\",\"author\":{\"@id\":\"https:\\\/\\\/eldigitaldeasturias.com\\\/magazine365\\\/author\\\/admin\\\/#author\"},\"publisher\":{\"@id\":\"https:\\\/\\\/eldigitaldeasturias.com\\\/magazine365\\\/#organization\"},\"image\":{\"@type\":\"ImageObject\",\"url\":\"https:\\\/\\\/eldigitaldeasturias.com\\\/magazine365\\\/wp-content\\\/uploads\\\/2015\\\/11\\\/fotonoticia_20151119164114_800.jpg\",\"width\":800,\"height\":640},\"datePublished\":\"2015-11-23T17:08:25+01:00\",\"dateModified\":\"2015-11-23T17:08:25+01:00\",\"inLanguage\":\"es-ES\",\"mainEntityOfPage\":{\"@id\":\"https:\\\/\\\/eldigitaldeasturias.com\\\/magazine365\\\/el-secretario-de-turismo-de-la-generalitat-valenciana-dice-que-la-avt-trabaja-en-politicas-turisticas-transversales\\\/#webpage\"},\"isPartOf\":{\"@id\":\"https:\\\/\\\/eldigitaldeasturias.com\\\/magazine365\\\/el-secretario-de-turismo-de-la-generalitat-valenciana-dice-que-la-avt-trabaja-en-politicas-turisticas-transversales\\\/#webpage\"},\"articleSection\":\"Noticias y Actualidad\"},{\"@type\":\"BreadcrumbList\",\"@id\":\"https:\\\/\\\/eldigitaldeasturias.com\\\/magazine365\\\/el-secretario-de-turismo-de-la-generalitat-valenciana-dice-que-la-avt-trabaja-en-politicas-turisticas-transversales\\\/#breadcrumblist\",\"itemListElement\":[{\"@type\":\"ListItem\",\"@id\":\"https:\\\/\\\/eldigitaldeasturias.com\\\/magazine365#listItem\",\"position\":1,\"name\":\"Home\",\"item\":\"https:\\\/\\\/eldigitaldeasturias.com\\\/magazine365\",\"nextItem\":{\"@type\":\"ListItem\",\"@id\":\"https:\\\/\\\/eldigitaldeasturias.com\\\/magazine365\\\/category\\\/noticias-actualidad\\\/#listItem\",\"name\":\"Noticias y Actualidad\"}},{\"@type\":\"ListItem\",\"@id\":\"https:\\\/\\\/eldigitaldeasturias.com\\\/magazine365\\\/category\\\/noticias-actualidad\\\/#listItem\",\"position\":2,\"name\":\"Noticias y Actualidad\",\"item\":\"https:\\\/\\\/eldigitaldeasturias.com\\\/magazine365\\\/category\\\/noticias-actualidad\\\/\",\"nextItem\":{\"@type\":\"ListItem\",\"@id\":\"https:\\\/\\\/eldigitaldeasturias.com\\\/magazine365\\\/el-secretario-de-turismo-de-la-generalitat-valenciana-dice-que-la-avt-trabaja-en-politicas-turisticas-transversales\\\/#listItem\",\"name\":\".-El secretario de turismo de la Generalitat Valenciana dice que la AVT trabaja en \\u00abpol\\u00edticas tur\\u00edsticas transversales\\u00bb\"},\"previousItem\":{\"@type\":\"ListItem\",\"@id\":\"https:\\\/\\\/eldigitaldeasturias.com\\\/magazine365#listItem\",\"name\":\"Home\"}},{\"@type\":\"ListItem\",\"@id\":\"https:\\\/\\\/eldigitaldeasturias.com\\\/magazine365\\\/el-secretario-de-turismo-de-la-generalitat-valenciana-dice-que-la-avt-trabaja-en-politicas-turisticas-transversales\\\/#listItem\",\"position\":3,\"name\":\".-El secretario de turismo de la Generalitat Valenciana dice que la AVT trabaja en \\u00abpol\\u00edticas tur\\u00edsticas transversales\\u00bb\",\"previousItem\":{\"@type\":\"ListItem\",\"@id\":\"https:\\\/\\\/eldigitaldeasturias.com\\\/magazine365\\\/category\\\/noticias-actualidad\\\/#listItem\",\"name\":\"Noticias y Actualidad\"}}]},{\"@type\":\"Organization\",\"@id\":\"https:\\\/\\\/eldigitaldeasturias.com\\\/magazine365\\\/#organization\",\"name\":\"El digital de Asturias\",\"description\":\"Revista de ocio, turismo y estilo de vida\",\"url\":\"https:\\\/\\\/eldigitaldeasturias.com\\\/magazine365\\\/\",\"logo\":{\"@type\":\"ImageObject\",\"url\":\"https:\\\/\\\/www.eldigitaldeasturias.com\\\/noticias\\\/wp-content\\\/uploads\\\/2020\\\/12\\\/EDA.jpg\",\"@id\":\"https:\\\/\\\/eldigitaldeasturias.com\\\/magazine365\\\/el-secretario-de-turismo-de-la-generalitat-valenciana-dice-que-la-avt-trabaja-en-politicas-turisticas-transversales\\\/#organizationLogo\"},\"image\":{\"@id\":\"https:\\\/\\\/eldigitaldeasturias.com\\\/magazine365\\\/el-secretario-de-turismo-de-la-generalitat-valenciana-dice-que-la-avt-trabaja-en-politicas-turisticas-transversales\\\/#organizationLogo\"}},{\"@type\":\"Person\",\"@id\":\"https:\\\/\\\/eldigitaldeasturias.com\\\/magazine365\\\/author\\\/admin\\\/#author\",\"url\":\"https:\\\/\\\/eldigitaldeasturias.com\\\/magazine365\\\/author\\\/admin\\\/\",\"name\":\"admin\",\"image\":{\"@type\":\"ImageObject\",\"@id\":\"https:\\\/\\\/eldigitaldeasturias.com\\\/magazine365\\\/el-secretario-de-turismo-de-la-generalitat-valenciana-dice-que-la-avt-trabaja-en-politicas-turisticas-transversales\\\/#authorImage\",\"url\":\"https:\\\/\\\/eldigitaldeasturias.com\\\/magazine365\\\/wp-content\\\/litespeed\\\/avatar\\\/e571bcf59a0edd6fa6838245a470f2fe.jpg?ver=1777574230\",\"width\":96,\"height\":96,\"caption\":\"admin\"}},{\"@type\":\"WebPage\",\"@id\":\"https:\\\/\\\/eldigitaldeasturias.com\\\/magazine365\\\/el-secretario-de-turismo-de-la-generalitat-valenciana-dice-que-la-avt-trabaja-en-politicas-turisticas-transversales\\\/#webpage\",\"url\":\"https:\\\/\\\/eldigitaldeasturias.com\\\/magazine365\\\/el-secretario-de-turismo-de-la-generalitat-valenciana-dice-que-la-avt-trabaja-en-politicas-turisticas-transversales\\\/\",\"name\":\".-El secretario de turismo de la Generalitat Valenciana dice que la AVT trabaja en \\u00abpol\\u00edticas tur\\u00edsticas transversales\\u00bb | El Digital de Asturias\",\"description\":\"El secretario auton\\u00f3mico de Turisme, Francesc Colomer, ha se\\u00f1alado este jueves que la Ag\\u00e8ncia Valenciana del Turisme est\\u00e1 trabajando \\\"con pol\\u00edticas tur\\u00edsticas transversales e integradoras, fruto de la suma de propuestas que desarrollan conjuntamente los distintos departamentos de la Generalitat\\\". Colomer se ha manifestado en estos t\\u00e9rminos tras presidir la primera reuni\\u00f3n de la Comisi\\u00f3n\",\"inLanguage\":\"es-ES\",\"isPartOf\":{\"@id\":\"https:\\\/\\\/eldigitaldeasturias.com\\\/magazine365\\\/#website\"},\"breadcrumb\":{\"@id\":\"https:\\\/\\\/eldigitaldeasturias.com\\\/magazine365\\\/el-secretario-de-turismo-de-la-generalitat-valenciana-dice-que-la-avt-trabaja-en-politicas-turisticas-transversales\\\/#breadcrumblist\"},\"author\":{\"@id\":\"https:\\\/\\\/eldigitaldeasturias.com\\\/magazine365\\\/author\\\/admin\\\/#author\"},\"creator\":{\"@id\":\"https:\\\/\\\/eldigitaldeasturias.com\\\/magazine365\\\/author\\\/admin\\\/#author\"},\"image\":{\"@type\":\"ImageObject\",\"url\":\"https:\\\/\\\/eldigitaldeasturias.com\\\/magazine365\\\/wp-content\\\/uploads\\\/2015\\\/11\\\/fotonoticia_20151119164114_800.jpg\",\"@id\":\"https:\\\/\\\/eldigitaldeasturias.com\\\/magazine365\\\/el-secretario-de-turismo-de-la-generalitat-valenciana-dice-que-la-avt-trabaja-en-politicas-turisticas-transversales\\\/#mainImage\",\"width\":800,\"height\":640},\"primaryImageOfPage\":{\"@id\":\"https:\\\/\\\/eldigitaldeasturias.com\\\/magazine365\\\/el-secretario-de-turismo-de-la-generalitat-valenciana-dice-que-la-avt-trabaja-en-politicas-turisticas-transversales\\\/#mainImage\"},\"datePublished\":\"2015-11-23T17:08:25+01:00\",\"dateModified\":\"2015-11-23T17:08:25+01:00\"},{\"@type\":\"WebSite\",\"@id\":\"https:\\\/\\\/eldigitaldeasturias.com\\\/magazine365\\\/#website\",\"url\":\"https:\\\/\\\/eldigitaldeasturias.com\\\/magazine365\\\/\",\"name\":\"El Digital de Asturias\",\"description\":\"Revista de ocio, turismo y estilo de vida\",\"inLanguage\":\"es-ES\",\"publisher\":{\"@id\":\"https:\\\/\\\/eldigitaldeasturias.com\\\/magazine365\\\/#organization\"}}]}\n\t\t<\/script>\n\t\t<!-- All in One SEO Pro -->\r\n\t\t<title>.-El secretario de turismo de la Generalitat Valenciana dice que la AVT trabaja en \u00abpol\u00edticas tur\u00edsticas transversales\u00bb | El Digital de Asturias<\/title>\n\n","aioseo_head_json":{"title":".-El secretario de turismo de la Generalitat Valenciana dice que la AVT trabaja en \u00abpol\u00edticas tur\u00edsticas transversales\u00bb | El Digital de Asturias","description":"El secretario auton\u00f3mico de Turisme, Francesc Colomer, ha se\u00f1alado este jueves que la Ag\u00e8ncia Valenciana del Turisme est\u00e1 trabajando \"con pol\u00edticas tur\u00edsticas transversales e integradoras, fruto de la suma de propuestas que desarrollan conjuntamente los distintos departamentos de la Generalitat\". Colomer se ha manifestado en estos t\u00e9rminos tras presidir la primera reuni\u00f3n de la Comisi\u00f3n","canonical_url":"https:\/\/eldigitaldeasturias.com\/magazine365\/el-secretario-de-turismo-de-la-generalitat-valenciana-dice-que-la-avt-trabaja-en-politicas-turisticas-transversales\/","robots":"max-image-preview:large","keywords":"noticias y actualidad","webmasterTools":{"google-site-verification":"UA-38556648-1","miscellaneous":""},"schema":{"@context":"https:\/\/schema.org","@graph":[{"@type":"Article","@id":"https:\/\/eldigitaldeasturias.com\/magazine365\/el-secretario-de-turismo-de-la-generalitat-valenciana-dice-que-la-avt-trabaja-en-politicas-turisticas-transversales\/#article","name":".-El secretario de turismo de la Generalitat Valenciana dice que la AVT trabaja en \u00abpol\u00edticas tur\u00edsticas transversales\u00bb | El Digital de Asturias","headline":".-El secretario de turismo de la Generalitat Valenciana dice que la AVT trabaja en \u00abpol\u00edticas tur\u00edsticas transversales\u00bb","author":{"@id":"https:\/\/eldigitaldeasturias.com\/magazine365\/author\/admin\/#author"},"publisher":{"@id":"https:\/\/eldigitaldeasturias.com\/magazine365\/#organization"},"image":{"@type":"ImageObject","url":"https:\/\/eldigitaldeasturias.com\/magazine365\/wp-content\/uploads\/2015\/11\/fotonoticia_20151119164114_800.jpg","width":800,"height":640},"datePublished":"2015-11-23T17:08:25+01:00","dateModified":"2015-11-23T17:08:25+01:00","inLanguage":"es-ES","mainEntityOfPage":{"@id":"https:\/\/eldigitaldeasturias.com\/magazine365\/el-secretario-de-turismo-de-la-generalitat-valenciana-dice-que-la-avt-trabaja-en-politicas-turisticas-transversales\/#webpage"},"isPartOf":{"@id":"https:\/\/eldigitaldeasturias.com\/magazine365\/el-secretario-de-turismo-de-la-generalitat-valenciana-dice-que-la-avt-trabaja-en-politicas-turisticas-transversales\/#webpage"},"articleSection":"Noticias y Actualidad"},{"@type":"BreadcrumbList","@id":"https:\/\/eldigitaldeasturias.com\/magazine365\/el-secretario-de-turismo-de-la-generalitat-valenciana-dice-que-la-avt-trabaja-en-politicas-turisticas-transversales\/#breadcrumblist","itemListElement":[{"@type":"ListItem","@id":"https:\/\/eldigitaldeasturias.com\/magazine365#listItem","position":1,"name":"Home","item":"https:\/\/eldigitaldeasturias.com\/magazine365","nextItem":{"@type":"ListItem","@id":"https:\/\/eldigitaldeasturias.com\/magazine365\/category\/noticias-actualidad\/#listItem","name":"Noticias y Actualidad"}},{"@type":"ListItem","@id":"https:\/\/eldigitaldeasturias.com\/magazine365\/category\/noticias-actualidad\/#listItem","position":2,"name":"Noticias y Actualidad","item":"https:\/\/eldigitaldeasturias.com\/magazine365\/category\/noticias-actualidad\/","nextItem":{"@type":"ListItem","@id":"https:\/\/eldigitaldeasturias.com\/magazine365\/el-secretario-de-turismo-de-la-generalitat-valenciana-dice-que-la-avt-trabaja-en-politicas-turisticas-transversales\/#listItem","name":".-El secretario de turismo de la Generalitat Valenciana dice que la AVT trabaja en \u00abpol\u00edticas tur\u00edsticas transversales\u00bb"},"previousItem":{"@type":"ListItem","@id":"https:\/\/eldigitaldeasturias.com\/magazine365#listItem","name":"Home"}},{"@type":"ListItem","@id":"https:\/\/eldigitaldeasturias.com\/magazine365\/el-secretario-de-turismo-de-la-generalitat-valenciana-dice-que-la-avt-trabaja-en-politicas-turisticas-transversales\/#listItem","position":3,"name":".-El secretario de turismo de la Generalitat Valenciana dice que la AVT trabaja en \u00abpol\u00edticas tur\u00edsticas transversales\u00bb","previousItem":{"@type":"ListItem","@id":"https:\/\/eldigitaldeasturias.com\/magazine365\/category\/noticias-actualidad\/#listItem","name":"Noticias y Actualidad"}}]},{"@type":"Organization","@id":"https:\/\/eldigitaldeasturias.com\/magazine365\/#organization","name":"El digital de Asturias","description":"Revista de ocio, turismo y estilo de vida","url":"https:\/\/eldigitaldeasturias.com\/magazine365\/","logo":{"@type":"ImageObject","url":"https:\/\/www.eldigitaldeasturias.com\/noticias\/wp-content\/uploads\/2020\/12\/EDA.jpg","@id":"https:\/\/eldigitaldeasturias.com\/magazine365\/el-secretario-de-turismo-de-la-generalitat-valenciana-dice-que-la-avt-trabaja-en-politicas-turisticas-transversales\/#organizationLogo"},"image":{"@id":"https:\/\/eldigitaldeasturias.com\/magazine365\/el-secretario-de-turismo-de-la-generalitat-valenciana-dice-que-la-avt-trabaja-en-politicas-turisticas-transversales\/#organizationLogo"}},{"@type":"Person","@id":"https:\/\/eldigitaldeasturias.com\/magazine365\/author\/admin\/#author","url":"https:\/\/eldigitaldeasturias.com\/magazine365\/author\/admin\/","name":"admin","image":{"@type":"ImageObject","@id":"https:\/\/eldigitaldeasturias.com\/magazine365\/el-secretario-de-turismo-de-la-generalitat-valenciana-dice-que-la-avt-trabaja-en-politicas-turisticas-transversales\/#authorImage","url":"https:\/\/eldigitaldeasturias.com\/magazine365\/wp-content\/litespeed\/avatar\/e571bcf59a0edd6fa6838245a470f2fe.jpg?ver=1777574230","width":96,"height":96,"caption":"admin"}},{"@type":"WebPage","@id":"https:\/\/eldigitaldeasturias.com\/magazine365\/el-secretario-de-turismo-de-la-generalitat-valenciana-dice-que-la-avt-trabaja-en-politicas-turisticas-transversales\/#webpage","url":"https:\/\/eldigitaldeasturias.com\/magazine365\/el-secretario-de-turismo-de-la-generalitat-valenciana-dice-que-la-avt-trabaja-en-politicas-turisticas-transversales\/","name":".-El secretario de turismo de la Generalitat Valenciana dice que la AVT trabaja en \u00abpol\u00edticas tur\u00edsticas transversales\u00bb | El Digital de Asturias","description":"El secretario auton\u00f3mico de Turisme, Francesc Colomer, ha se\u00f1alado este jueves que la Ag\u00e8ncia Valenciana del Turisme est\u00e1 trabajando \"con pol\u00edticas tur\u00edsticas transversales e integradoras, fruto de la suma de propuestas que desarrollan conjuntamente los distintos departamentos de la Generalitat\". Colomer se ha manifestado en estos t\u00e9rminos tras presidir la primera reuni\u00f3n de la Comisi\u00f3n","inLanguage":"es-ES","isPartOf":{"@id":"https:\/\/eldigitaldeasturias.com\/magazine365\/#website"},"breadcrumb":{"@id":"https:\/\/eldigitaldeasturias.com\/magazine365\/el-secretario-de-turismo-de-la-generalitat-valenciana-dice-que-la-avt-trabaja-en-politicas-turisticas-transversales\/#breadcrumblist"},"author":{"@id":"https:\/\/eldigitaldeasturias.com\/magazine365\/author\/admin\/#author"},"creator":{"@id":"https:\/\/eldigitaldeasturias.com\/magazine365\/author\/admin\/#author"},"image":{"@type":"ImageObject","url":"https:\/\/eldigitaldeasturias.com\/magazine365\/wp-content\/uploads\/2015\/11\/fotonoticia_20151119164114_800.jpg","@id":"https:\/\/eldigitaldeasturias.com\/magazine365\/el-secretario-de-turismo-de-la-generalitat-valenciana-dice-que-la-avt-trabaja-en-politicas-turisticas-transversales\/#mainImage","width":800,"height":640},"primaryImageOfPage":{"@id":"https:\/\/eldigitaldeasturias.com\/magazine365\/el-secretario-de-turismo-de-la-generalitat-valenciana-dice-que-la-avt-trabaja-en-politicas-turisticas-transversales\/#mainImage"},"datePublished":"2015-11-23T17:08:25+01:00","dateModified":"2015-11-23T17:08:25+01:00"},{"@type":"WebSite","@id":"https:\/\/eldigitaldeasturias.com\/magazine365\/#website","url":"https:\/\/eldigitaldeasturias.com\/magazine365\/","name":"El Digital de Asturias","description":"Revista de ocio, turismo y estilo de vida","inLanguage":"es-ES","publisher":{"@id":"https:\/\/eldigitaldeasturias.com\/magazine365\/#organization"}}]},"og:locale":"es_ES","og:site_name":"El Digital de Asturias \u2013 Revista de ocio, turismo y estilo de vida","og:type":"article","og:title":".-El secretario de turismo de la Generalitat Valenciana dice que la AVT trabaja en \u00abpol\u00edticas tur\u00edsticas transversales\u00bb | El Digital de Asturias","og:description":"El secretario auton\u00f3mico de Turisme, Francesc Colomer, ha se\u00f1alado este jueves que la Ag\u00e8ncia Valenciana del Turisme est\u00e1 trabajando &quot;con pol\u00edticas tur\u00edsticas transversales e integradoras, fruto de la suma de propuestas que desarrollan conjuntamente los distintos departamentos de la Generalitat&quot;. Colomer se ha manifestado en estos t\u00e9rminos tras presidir la primera reuni\u00f3n de la Comisi\u00f3n","og:url":"https:\/\/eldigitaldeasturias.com\/magazine365\/el-secretario-de-turismo-de-la-generalitat-valenciana-dice-que-la-avt-trabaja-en-politicas-turisticas-transversales\/","og:image":"https:\/\/eldigitaldeasturias.com\/magazine365\/wp-content\/uploads\/2015\/11\/fotonoticia_20151119164114_800.jpg","og:image:secure_url":"https:\/\/eldigitaldeasturias.com\/magazine365\/wp-content\/uploads\/2015\/11\/fotonoticia_20151119164114_800.jpg","og:image:width":800,"og:image:height":640,"article:published_time":"2015-11-23T16:08:25+00:00","article:modified_time":"2015-11-23T16:08:25+00:00","twitter:card":"summary_large_image","twitter:title":".-El secretario de turismo de la Generalitat Valenciana dice que la AVT trabaja en \u00abpol\u00edticas tur\u00edsticas transversales\u00bb | El Digital de Asturias","twitter:description":"El secretario auton\u00f3mico de Turisme, Francesc Colomer, ha se\u00f1alado este jueves que la Ag\u00e8ncia Valenciana del Turisme est\u00e1 trabajando &quot;con pol\u00edticas tur\u00edsticas transversales e integradoras, fruto de la suma de propuestas que desarrollan conjuntamente los distintos departamentos de la Generalitat&quot;. Colomer se ha manifestado en estos t\u00e9rminos tras presidir la primera reuni\u00f3n de la Comisi\u00f3n","twitter:image":"https:\/\/eldigitaldeasturias.com\/magazine365\/wp-content\/uploads\/2015\/11\/fotonoticia_20151119164114_800.jpg"},"aioseo_meta_data":{"post_id":"56147","title":null,"description":null,"keywords":null,"keyphrases":null,"primary_term":null,"canonical_url":null,"og_title":null,"og_description":null,"og_object_type":"default","og_image_type":"default","og_image_url":null,"og_image_width":null,"og_image_height":null,"og_image_custom_url":null,"og_image_custom_fields":null,"og_video":null,"og_custom_url":null,"og_article_section":null,"og_article_tags":null,"twitter_use_og":false,"twitter_card":"default","twitter_image_type":"default","twitter_image_url":null,"twitter_image_custom_url":null,"twitter_image_custom_fields":null,"twitter_title":null,"twitter_description":null,"schema":{"blockGraphs":[],"customGraphs":[],"default":{"data":{"Article":[],"Course":[],"Dataset":[],"FAQPage":[],"Movie":[],"Person":[],"Product":[],"ProductReview":[],"Car":[],"Recipe":[],"Service":[],"SoftwareApplication":[],"WebPage":[]},"graphName":"","isEnabled":true},"graphs":[],"defaultGraph":"","defaultPostTypeGraph":""},"schema_type":null,"schema_type_options":null,"pillar_content":false,"robots_default":true,"robots_noindex":false,"robots_noarchive":false,"robots_nosnippet":false,"robots_nofollow":false,"robots_noimageindex":false,"robots_noodp":false,"robots_notranslate":false,"robots_max_snippet":null,"robots_max_videopreview":null,"robots_max_imagepreview":"large","priority":null,"frequency":null,"location":null,"local_seo":null,"seo_analyzer_scan_date":"2025-09-20 21:42:58","breadcrumb_settings":null,"limit_modified_date":false,"open_ai":null,"ai":null,"created":"2021-03-08 23:00:40","updated":"2025-09-20 21:42:58"},"aioseo_breadcrumb":"<div class=\"aioseo-breadcrumbs\"><span class=\"aioseo-breadcrumb\">\n\t<a href=\"https:\/\/eldigitaldeasturias.com\/magazine365\" title=\"Home\">Home<\/a>\n<\/span><span class=\"aioseo-breadcrumb-separator\">\u2013<\/span><span class=\"aioseo-breadcrumb\">\n\t<a href=\"https:\/\/eldigitaldeasturias.com\/magazine365\/category\/noticias-actualidad\/\" title=\"Noticias y Actualidad\">Noticias y Actualidad<\/a>\n<\/span><span class=\"aioseo-breadcrumb-separator\">\u2013<\/span><span class=\"aioseo-breadcrumb\">\n\t<a href=\"https:\/\/eldigitaldeasturias.com\/magazine365\/el-secretario-de-turismo-de-la-generalitat-valenciana-dice-que-la-avt-trabaja-en-politicas-turisticas-transversales\/\" title=\".-El secretario de turismo de la Generalitat Valenciana dice que la AVT trabaja en \u00abpol\u00edticas tur\u00edsticas transversales\u00bb\">.-El secretario de turismo de la Generalitat Valenciana dice que la AVT trabaja en \u00abpol\u00edticas tur\u00edsticas transversales\u00bb<\/a>\n<\/span><\/div>","aioseo_breadcrumb_json":[{"label":"Home","link":"https:\/\/eldigitaldeasturias.com\/magazine365"},{"label":"Noticias y Actualidad","link":"https:\/\/eldigitaldeasturias.com\/magazine365\/category\/noticias-actualidad\/"},{"label":".-El secretario de turismo de la Generalitat Valenciana dice que la AVT trabaja en \u00abpol\u00edticas tur\u00edsticas transversales\u00bb","link":"https:\/\/eldigitaldeasturias.com\/magazine365\/el-secretario-de-turismo-de-la-generalitat-valenciana-dice-que-la-avt-trabaja-en-politicas-turisticas-transversales\/"}],"_links":{"self":[{"href":"https:\/\/eldigitaldeasturias.com\/magazine365\/wp-json\/wp\/v2\/posts\/56147","targetHints":{"allow":["GET"]}}],"collection":[{"href":"https:\/\/eldigitaldeasturias.com\/magazine365\/wp-json\/wp\/v2\/posts"}],"about":[{"href":"https:\/\/eldigitaldeasturias.com\/magazine365\/wp-json\/wp\/v2\/types\/post"}],"author":[{"embeddable":true,"href":"https:\/\/eldigitaldeasturias.com\/magazine365\/wp-json\/wp\/v2\/users\/1"}],"replies":[{"embeddable":true,"href":"https:\/\/eldigitaldeasturias.com\/magazine365\/wp-json\/wp\/v2\/comments?post=56147"}],"version-history":[{"count":0,"href":"https:\/\/eldigitaldeasturias.com\/magazine365\/wp-json\/wp\/v2\/posts\/56147\/revisions"}],"wp:featuredmedia":[{"embeddable":true,"href":"https:\/\/eldigitaldeasturias.com\/magazine365\/wp-json\/wp\/v2\/media\/56148"}],"wp:attachment":[{"href":"https:\/\/eldigitaldeasturias.com\/magazine365\/wp-json\/wp\/v2\/media?parent=56147"}],"wp:term":[{"taxonomy":"category","embeddable":true,"href":"https:\/\/eldigitaldeasturias.com\/magazine365\/wp-json\/wp\/v2\/categories?post=56147"},{"taxonomy":"post_tag","embeddable":true,"href":"https:\/\/eldigitaldeasturias.com\/magazine365\/wp-json\/wp\/v2\/tags?post=56147"}],"curies":[{"name":"wp","href":"https:\/\/api.w.org\/{rel}","templated":true}]}}