{"id":56042,"date":"2015-11-23T06:08:16","date_gmt":"2015-11-23T05:08:16","guid":{"rendered":"http:\/\/eldigitaldeasturias.com\/magazine365\/?p=56042"},"modified":"2015-11-23T06:08:16","modified_gmt":"2015-11-23T05:08:16","slug":"antonio-gala-nevadensis-y-el-cascamorras-reciben-este-jueves-el-premio-turismo-de-diputacion-de-granada","status":"publish","type":"post","link":"https:\/\/eldigitaldeasturias.com\/magazine365\/antonio-gala-nevadensis-y-el-cascamorras-reciben-este-jueves-el-premio-turismo-de-diputacion-de-granada\/","title":{"rendered":"Antonio Gala, Nevadensis y el Cascamorras reciben este jueves el Premio Turismo de Diputaci\u00f3n de Granada"},"content":{"rendered":"<p><img fetchpriority=\"high\" decoding=\"async\" class=\"alignleft size-medium wp-image-56043\" src=\"https:\/\/eldigitaldeasturias.com\/magazine365\/wp-content\/uploads\/2015\/11\/fotonoticia_20151118184346_800-183x300.jpg\" alt=\"fotonoticia_20151118184346_800\" width=\"183\" height=\"300\" srcset=\"https:\/\/eldigitaldeasturias.com\/magazine365\/wp-content\/uploads\/2015\/11\/fotonoticia_20151118184346_800-183x300.jpg 183w, https:\/\/eldigitaldeasturias.com\/magazine365\/wp-content\/uploads\/2015\/11\/fotonoticia_20151118184346_800-391x640.jpg 391w, https:\/\/eldigitaldeasturias.com\/magazine365\/wp-content\/uploads\/2015\/11\/fotonoticia_20151118184346_800-768x1258.jpg 768w, https:\/\/eldigitaldeasturias.com\/magazine365\/wp-content\/uploads\/2015\/11\/fotonoticia_20151118184346_800-150x246.jpg 150w, https:\/\/eldigitaldeasturias.com\/magazine365\/wp-content\/uploads\/2015\/11\/fotonoticia_20151118184346_800-450x737.jpg 450w, https:\/\/eldigitaldeasturias.com\/magazine365\/wp-content\/uploads\/2015\/11\/fotonoticia_20151118184346_800-696x1140.jpg 696w, https:\/\/eldigitaldeasturias.com\/magazine365\/wp-content\/uploads\/2015\/11\/fotonoticia_20151118184346_800-256x420.jpg 256w, https:\/\/eldigitaldeasturias.com\/magazine365\/wp-content\/uploads\/2015\/11\/fotonoticia_20151118184346_800.jpg 800w\" sizes=\"(max-width: 183px) 100vw, 183px\" \/>La Diputaci\u00f3n Provincial de Granada hace entrega este jueves, a partir de las 20,00 horas en el Centro Federico Garc\u00eda Lorca, de los Premios de Turismo de Granada que en su edici\u00f3n de 2015 han reca\u00eddo en el escritor Antonio Gala, en la fiesta del Cascamorras y en la empresa Nevadensis, pionera en la provincia en la prestaci\u00f3n de servicios de turismo activo, tal y como lo ha decidido el Consejo Rector del Patronato Provincial de Turismo en reuni\u00f3n extraordinaria.<\/p>\n<p>En cuanto a los m\u00e9ritos de los galardonados, sobre Antonio Gala, si bien naci\u00f3 en Brazatortas (Ciudad Real), se considera a s\u00ed mismo cordob\u00e9s de adopci\u00f3n y \u00abm\u00e1s andaluz que muchos andaluces\u00bb y \u00abuna parte de su coraz\u00f3n lo tiene atesorado en Granada, tierra de la que se ha declarado enamorado y cuya historia y belleza ha divulgado con su prosa exquisita en numerosas ocasiones\u00bb, seg\u00fan ha informado en un comunicado la Diputaci\u00f3n de Granada.<\/p>\n<p>Las dos m\u00e1s conocidas son las recogidas en sus libros &#8216;Granada de los Nazar\u00edes&#8217; y, sobre todo, &#8216;El manuscrito carmes\u00ed&#8217;, su primera novela, que le vali\u00f3 el Premio Planeta. En ambos revive la vida y la cultura de la \u00faltima Granada musulmana, los barrios y las casas, las tiendas, las mezquitas y palacios, los zocos y la Alhambra.<\/p>\n<p>Recrea en ellos una atm\u00f3sfera embriagadora, llena de romanticismo, que sigue convirtiendo a los lectores en visitantes, imaginarios y reales, de nuestra tierra. Dramaturgo, novelista, poeta, ensayista, articulista y extraordinario conversador, Gala ha cultivado todos los g\u00e9neros literarios y su labor ha sido reconocida con el Premio Nacional de Literatura, el Premio Nacional Calder\u00f3n de la Barca y el Quijote de Oro, entre otros galardones.<\/p>\n<p>En cuanto a la Fiesta del Cascamorras, cada mes de septiembre, Baza y Guadix se ti\u00f1en de color para celebrar una de las fiestas m\u00e1s singulares de Espa\u00f1a. Con m\u00e1s de cinco siglos de historia, el Cascamorras es una magn\u00edfica manifestaci\u00f3n de los valores culturales y la tradici\u00f3n popular de la zona norte de Granada.<\/p>\n<p>Atesora originalidad, antig\u00fcedad, continuidad en el tiempo, arraigo popular y una gran participaci\u00f3n ciudadana. Es una celebraci\u00f3n llena de fuerza y est\u00e9tica que conjuga fe y diversi\u00f3n. Fue declarada de Inter\u00e9s Tur\u00edstico Internacional en 2013 y atrae cada a\u00f1o a miles de visitantes hasta Baza y Guadix. Cada ciudad la vive en d\u00edas diferentes y la disfruta con sus propias particularidades y la misma intensidad.<\/p>\n<p>Los ayuntamientos de ambas localidades, junto con la Hermandad de la Virgen de la Piedad, han realizado en los \u00faltimos a\u00f1os un sobresaliente esfuerzo para divulgar el Cascamorras a nivel nacional e internacional y ofrecer un completo programa de actividades complementarias a la fiesta.<\/p>\n<p>Y, por \u00faltimo, Nevadensis fue la empresa pionera en ofrecer servicios de turismo activo en la provincia de Granada. Fue creada en 1990 por dos alpujarre\u00f1os Fernando Roca y Jes\u00fas Espinosa, ambos gu\u00edas de naturaleza y educadores ambientales que supieron apreciar el enorme potencial de Sierra Nevada para la pr\u00e1ctica de deportes y actividades al aire libre.<\/p>\n<p>La empresa cuenta hoy con una decena de gu\u00edas y t\u00e9cnicos especializados en diversas modalidades y ofrece un amplio cat\u00e1logo de experiencias, como senderismo en media y alta monta\u00f1a, escalada en hielo y roca, puenting, esqu\u00ed de traves\u00eda, descenso de barrancos, kayak, cursos de formaci\u00f3n e itinerarios guiados a pie o en veh\u00edculos 4&#215;4.<\/p>\n<p>Nevadensis tambi\u00e9n gestiona desde su creaci\u00f3n el Punto de Informaci\u00f3n del Espacio Natural de Sierra Nevada en Pampaneira, donde brinda consejo y documentaci\u00f3n para la visita a los parques. Asimismo, en los \u00faltimos a\u00f1os se ha hecho cargo del Albergue Universitario de Sierra Nevada, situado en la estaci\u00f3n de esqu\u00ed, a 2.550 metros de altitud. En reconocimiento a 25 a\u00f1os de trabajo, el Patronato le otorga el Premio Turismo de Granada 2015.<\/p>\n","protected":false},"excerpt":{"rendered":"<p>La Diputaci\u00f3n Provincial de Granada hace entrega este jueves, a partir de las 20,00 horas en el Centro Federico Garc\u00eda Lorca, de los Premios de Turismo de Granada que en su edici\u00f3n de 2015 han reca\u00eddo en el escritor Antonio Gala, en la fiesta del Cascamorras y en la empresa Nevadensis, pionera en la provincia<\/p>\n","protected":false},"author":1,"featured_media":56043,"comment_status":"open","ping_status":"closed","sticky":false,"template":"","format":"standard","meta":{"footnotes":""},"categories":[1],"tags":[],"class_list":{"0":"post-56042","1":"post","2":"type-post","3":"status-publish","4":"format-standard","5":"has-post-thumbnail","7":"category-la-agenda"},"aioseo_notices":[],"aioseo_head":"\n\t\t<!-- All in One SEO Pro 4.9.6.1 - aioseo.com -->\n\t<meta name=\"description\" content=\"La Diputaci\u00f3n Provincial de Granada hace entrega este jueves, a partir de las 20,00 horas en el Centro Federico Garc\u00eda Lorca, de los Premios de Turismo de Granada que en su edici\u00f3n de 2015 han reca\u00eddo en el escritor Antonio Gala, en la fiesta del Cascamorras y en la empresa Nevadensis, pionera en la provincia\" \/>\n\t<meta name=\"robots\" content=\"max-image-preview:large\" \/>\n\t<meta name=\"author\" content=\"admin\"\/>\n\t<meta name=\"google-site-verification\" content=\"UA-38556648-1\" \/>\n\t<meta name=\"keywords\" content=\"la agenda\" \/>\n\t<link rel=\"canonical\" href=\"https:\/\/eldigitaldeasturias.com\/magazine365\/antonio-gala-nevadensis-y-el-cascamorras-reciben-este-jueves-el-premio-turismo-de-diputacion-de-granada\/\" \/>\n\t<meta name=\"generator\" content=\"All in One SEO Pro (AIOSEO) 4.9.6.1\" \/>\n\t\t<meta property=\"og:locale\" content=\"es_ES\" \/>\n\t\t<meta property=\"og:site_name\" content=\"El Digital de Asturias \u2013 Revista de ocio, turismo y estilo de vida\" \/>\n\t\t<meta property=\"og:type\" content=\"article\" \/>\n\t\t<meta property=\"og:title\" content=\"Antonio Gala, Nevadensis y el Cascamorras reciben este jueves el Premio Turismo de Diputaci\u00f3n de Granada | El Digital de Asturias\" \/>\n\t\t<meta property=\"og:description\" content=\"La Diputaci\u00f3n Provincial de Granada hace entrega este jueves, a partir de las 20,00 horas en el Centro Federico Garc\u00eda Lorca, de los Premios de Turismo de Granada que en su edici\u00f3n de 2015 han reca\u00eddo en el escritor Antonio Gala, en la fiesta del Cascamorras y en la empresa Nevadensis, pionera en la provincia\" \/>\n\t\t<meta property=\"og:url\" content=\"https:\/\/eldigitaldeasturias.com\/magazine365\/antonio-gala-nevadensis-y-el-cascamorras-reciben-este-jueves-el-premio-turismo-de-diputacion-de-granada\/\" \/>\n\t\t<meta property=\"og:image\" content=\"https:\/\/eldigitaldeasturias.com\/magazine365\/wp-content\/uploads\/2015\/11\/fotonoticia_20151118184346_800.jpg\" \/>\n\t\t<meta property=\"og:image:secure_url\" content=\"https:\/\/eldigitaldeasturias.com\/magazine365\/wp-content\/uploads\/2015\/11\/fotonoticia_20151118184346_800.jpg\" \/>\n\t\t<meta property=\"og:image:width\" content=\"800\" \/>\n\t\t<meta property=\"og:image:height\" content=\"1310\" \/>\n\t\t<meta property=\"article:published_time\" content=\"2015-11-23T05:08:16+00:00\" \/>\n\t\t<meta property=\"article:modified_time\" content=\"2015-11-23T05:08:16+00:00\" \/>\n\t\t<meta name=\"twitter:card\" content=\"summary_large_image\" \/>\n\t\t<meta name=\"twitter:title\" content=\"Antonio Gala, Nevadensis y el Cascamorras reciben este jueves el Premio Turismo de Diputaci\u00f3n de Granada | El Digital de Asturias\" \/>\n\t\t<meta name=\"twitter:description\" content=\"La Diputaci\u00f3n Provincial de Granada hace entrega este jueves, a partir de las 20,00 horas en el Centro Federico Garc\u00eda Lorca, de los Premios de Turismo de Granada que en su edici\u00f3n de 2015 han reca\u00eddo en el escritor Antonio Gala, en la fiesta del Cascamorras y en la empresa Nevadensis, pionera en la provincia\" \/>\n\t\t<meta name=\"twitter:image\" content=\"https:\/\/eldigitaldeasturias.com\/magazine365\/wp-content\/uploads\/2015\/11\/fotonoticia_20151118184346_800.jpg\" \/>\n\t\t<script type=\"application\/ld+json\" class=\"aioseo-schema\">\n\t\t\t{\"@context\":\"https:\\\/\\\/schema.org\",\"@graph\":[{\"@type\":\"Article\",\"@id\":\"https:\\\/\\\/eldigitaldeasturias.com\\\/magazine365\\\/antonio-gala-nevadensis-y-el-cascamorras-reciben-este-jueves-el-premio-turismo-de-diputacion-de-granada\\\/#article\",\"name\":\"Antonio Gala, Nevadensis y el Cascamorras reciben este jueves el Premio Turismo de Diputaci\\u00f3n de Granada | El Digital de Asturias\",\"headline\":\"Antonio Gala, Nevadensis y el Cascamorras reciben este jueves el Premio Turismo de Diputaci\\u00f3n de Granada\",\"author\":{\"@id\":\"https:\\\/\\\/eldigitaldeasturias.com\\\/magazine365\\\/author\\\/admin\\\/#author\"},\"publisher\":{\"@id\":\"https:\\\/\\\/eldigitaldeasturias.com\\\/magazine365\\\/#organization\"},\"image\":{\"@type\":\"ImageObject\",\"url\":\"https:\\\/\\\/eldigitaldeasturias.com\\\/magazine365\\\/wp-content\\\/uploads\\\/2015\\\/11\\\/fotonoticia_20151118184346_800.jpg\",\"width\":800,\"height\":1310},\"datePublished\":\"2015-11-23T06:08:16+01:00\",\"dateModified\":\"2015-11-23T06:08:16+01:00\",\"inLanguage\":\"es-ES\",\"mainEntityOfPage\":{\"@id\":\"https:\\\/\\\/eldigitaldeasturias.com\\\/magazine365\\\/antonio-gala-nevadensis-y-el-cascamorras-reciben-este-jueves-el-premio-turismo-de-diputacion-de-granada\\\/#webpage\"},\"isPartOf\":{\"@id\":\"https:\\\/\\\/eldigitaldeasturias.com\\\/magazine365\\\/antonio-gala-nevadensis-y-el-cascamorras-reciben-este-jueves-el-premio-turismo-de-diputacion-de-granada\\\/#webpage\"},\"articleSection\":\"La Agenda\"},{\"@type\":\"BreadcrumbList\",\"@id\":\"https:\\\/\\\/eldigitaldeasturias.com\\\/magazine365\\\/antonio-gala-nevadensis-y-el-cascamorras-reciben-este-jueves-el-premio-turismo-de-diputacion-de-granada\\\/#breadcrumblist\",\"itemListElement\":[{\"@type\":\"ListItem\",\"@id\":\"https:\\\/\\\/eldigitaldeasturias.com\\\/magazine365#listItem\",\"position\":1,\"name\":\"Home\",\"item\":\"https:\\\/\\\/eldigitaldeasturias.com\\\/magazine365\",\"nextItem\":{\"@type\":\"ListItem\",\"@id\":\"https:\\\/\\\/eldigitaldeasturias.com\\\/magazine365\\\/category\\\/la-agenda\\\/#listItem\",\"name\":\"La Agenda\"}},{\"@type\":\"ListItem\",\"@id\":\"https:\\\/\\\/eldigitaldeasturias.com\\\/magazine365\\\/category\\\/la-agenda\\\/#listItem\",\"position\":2,\"name\":\"La Agenda\",\"item\":\"https:\\\/\\\/eldigitaldeasturias.com\\\/magazine365\\\/category\\\/la-agenda\\\/\",\"nextItem\":{\"@type\":\"ListItem\",\"@id\":\"https:\\\/\\\/eldigitaldeasturias.com\\\/magazine365\\\/antonio-gala-nevadensis-y-el-cascamorras-reciben-este-jueves-el-premio-turismo-de-diputacion-de-granada\\\/#listItem\",\"name\":\"Antonio Gala, Nevadensis y el Cascamorras reciben este jueves el Premio Turismo de Diputaci\\u00f3n de Granada\"},\"previousItem\":{\"@type\":\"ListItem\",\"@id\":\"https:\\\/\\\/eldigitaldeasturias.com\\\/magazine365#listItem\",\"name\":\"Home\"}},{\"@type\":\"ListItem\",\"@id\":\"https:\\\/\\\/eldigitaldeasturias.com\\\/magazine365\\\/antonio-gala-nevadensis-y-el-cascamorras-reciben-este-jueves-el-premio-turismo-de-diputacion-de-granada\\\/#listItem\",\"position\":3,\"name\":\"Antonio Gala, Nevadensis y el Cascamorras reciben este jueves el Premio Turismo de Diputaci\\u00f3n de Granada\",\"previousItem\":{\"@type\":\"ListItem\",\"@id\":\"https:\\\/\\\/eldigitaldeasturias.com\\\/magazine365\\\/category\\\/la-agenda\\\/#listItem\",\"name\":\"La Agenda\"}}]},{\"@type\":\"Organization\",\"@id\":\"https:\\\/\\\/eldigitaldeasturias.com\\\/magazine365\\\/#organization\",\"name\":\"El digital de Asturias\",\"description\":\"Revista de ocio, turismo y estilo de vida\",\"url\":\"https:\\\/\\\/eldigitaldeasturias.com\\\/magazine365\\\/\",\"logo\":{\"@type\":\"ImageObject\",\"url\":\"https:\\\/\\\/www.eldigitaldeasturias.com\\\/noticias\\\/wp-content\\\/uploads\\\/2020\\\/12\\\/EDA.jpg\",\"@id\":\"https:\\\/\\\/eldigitaldeasturias.com\\\/magazine365\\\/antonio-gala-nevadensis-y-el-cascamorras-reciben-este-jueves-el-premio-turismo-de-diputacion-de-granada\\\/#organizationLogo\"},\"image\":{\"@id\":\"https:\\\/\\\/eldigitaldeasturias.com\\\/magazine365\\\/antonio-gala-nevadensis-y-el-cascamorras-reciben-este-jueves-el-premio-turismo-de-diputacion-de-granada\\\/#organizationLogo\"}},{\"@type\":\"Person\",\"@id\":\"https:\\\/\\\/eldigitaldeasturias.com\\\/magazine365\\\/author\\\/admin\\\/#author\",\"url\":\"https:\\\/\\\/eldigitaldeasturias.com\\\/magazine365\\\/author\\\/admin\\\/\",\"name\":\"admin\",\"image\":{\"@type\":\"ImageObject\",\"@id\":\"https:\\\/\\\/eldigitaldeasturias.com\\\/magazine365\\\/antonio-gala-nevadensis-y-el-cascamorras-reciben-este-jueves-el-premio-turismo-de-diputacion-de-granada\\\/#authorImage\",\"url\":\"https:\\\/\\\/eldigitaldeasturias.com\\\/magazine365\\\/wp-content\\\/litespeed\\\/avatar\\\/e571bcf59a0edd6fa6838245a470f2fe.jpg?ver=1776969259\",\"width\":96,\"height\":96,\"caption\":\"admin\"}},{\"@type\":\"WebPage\",\"@id\":\"https:\\\/\\\/eldigitaldeasturias.com\\\/magazine365\\\/antonio-gala-nevadensis-y-el-cascamorras-reciben-este-jueves-el-premio-turismo-de-diputacion-de-granada\\\/#webpage\",\"url\":\"https:\\\/\\\/eldigitaldeasturias.com\\\/magazine365\\\/antonio-gala-nevadensis-y-el-cascamorras-reciben-este-jueves-el-premio-turismo-de-diputacion-de-granada\\\/\",\"name\":\"Antonio Gala, Nevadensis y el Cascamorras reciben este jueves el Premio Turismo de Diputaci\\u00f3n de Granada | El Digital de Asturias\",\"description\":\"La Diputaci\\u00f3n Provincial de Granada hace entrega este jueves, a partir de las 20,00 horas en el Centro Federico Garc\\u00eda Lorca, de los Premios de Turismo de Granada que en su edici\\u00f3n de 2015 han reca\\u00eddo en el escritor Antonio Gala, en la fiesta del Cascamorras y en la empresa Nevadensis, pionera en la provincia\",\"inLanguage\":\"es-ES\",\"isPartOf\":{\"@id\":\"https:\\\/\\\/eldigitaldeasturias.com\\\/magazine365\\\/#website\"},\"breadcrumb\":{\"@id\":\"https:\\\/\\\/eldigitaldeasturias.com\\\/magazine365\\\/antonio-gala-nevadensis-y-el-cascamorras-reciben-este-jueves-el-premio-turismo-de-diputacion-de-granada\\\/#breadcrumblist\"},\"author\":{\"@id\":\"https:\\\/\\\/eldigitaldeasturias.com\\\/magazine365\\\/author\\\/admin\\\/#author\"},\"creator\":{\"@id\":\"https:\\\/\\\/eldigitaldeasturias.com\\\/magazine365\\\/author\\\/admin\\\/#author\"},\"image\":{\"@type\":\"ImageObject\",\"url\":\"https:\\\/\\\/eldigitaldeasturias.com\\\/magazine365\\\/wp-content\\\/uploads\\\/2015\\\/11\\\/fotonoticia_20151118184346_800.jpg\",\"@id\":\"https:\\\/\\\/eldigitaldeasturias.com\\\/magazine365\\\/antonio-gala-nevadensis-y-el-cascamorras-reciben-este-jueves-el-premio-turismo-de-diputacion-de-granada\\\/#mainImage\",\"width\":800,\"height\":1310},\"primaryImageOfPage\":{\"@id\":\"https:\\\/\\\/eldigitaldeasturias.com\\\/magazine365\\\/antonio-gala-nevadensis-y-el-cascamorras-reciben-este-jueves-el-premio-turismo-de-diputacion-de-granada\\\/#mainImage\"},\"datePublished\":\"2015-11-23T06:08:16+01:00\",\"dateModified\":\"2015-11-23T06:08:16+01:00\"},{\"@type\":\"WebSite\",\"@id\":\"https:\\\/\\\/eldigitaldeasturias.com\\\/magazine365\\\/#website\",\"url\":\"https:\\\/\\\/eldigitaldeasturias.com\\\/magazine365\\\/\",\"name\":\"El Digital de Asturias\",\"description\":\"Revista de ocio, turismo y estilo de vida\",\"inLanguage\":\"es-ES\",\"publisher\":{\"@id\":\"https:\\\/\\\/eldigitaldeasturias.com\\\/magazine365\\\/#organization\"}}]}\n\t\t<\/script>\n\t\t<!-- All in One SEO Pro -->\r\n\t\t<title>Antonio Gala, Nevadensis y el Cascamorras reciben este jueves el Premio Turismo de Diputaci\u00f3n de Granada | El Digital de Asturias<\/title>\n\n","aioseo_head_json":{"title":"Antonio Gala, Nevadensis y el Cascamorras reciben este jueves el Premio Turismo de Diputaci\u00f3n de Granada | El Digital de Asturias","description":"La Diputaci\u00f3n Provincial de Granada hace entrega este jueves, a partir de las 20,00 horas en el Centro Federico Garc\u00eda Lorca, de los Premios de Turismo de Granada que en su edici\u00f3n de 2015 han reca\u00eddo en el escritor Antonio Gala, en la fiesta del Cascamorras y en la empresa Nevadensis, pionera en la provincia","canonical_url":"https:\/\/eldigitaldeasturias.com\/magazine365\/antonio-gala-nevadensis-y-el-cascamorras-reciben-este-jueves-el-premio-turismo-de-diputacion-de-granada\/","robots":"max-image-preview:large","keywords":"la agenda","webmasterTools":{"google-site-verification":"UA-38556648-1","miscellaneous":""},"schema":{"@context":"https:\/\/schema.org","@graph":[{"@type":"Article","@id":"https:\/\/eldigitaldeasturias.com\/magazine365\/antonio-gala-nevadensis-y-el-cascamorras-reciben-este-jueves-el-premio-turismo-de-diputacion-de-granada\/#article","name":"Antonio Gala, Nevadensis y el Cascamorras reciben este jueves el Premio Turismo de Diputaci\u00f3n de Granada | El Digital de Asturias","headline":"Antonio Gala, Nevadensis y el Cascamorras reciben este jueves el Premio Turismo de Diputaci\u00f3n de Granada","author":{"@id":"https:\/\/eldigitaldeasturias.com\/magazine365\/author\/admin\/#author"},"publisher":{"@id":"https:\/\/eldigitaldeasturias.com\/magazine365\/#organization"},"image":{"@type":"ImageObject","url":"https:\/\/eldigitaldeasturias.com\/magazine365\/wp-content\/uploads\/2015\/11\/fotonoticia_20151118184346_800.jpg","width":800,"height":1310},"datePublished":"2015-11-23T06:08:16+01:00","dateModified":"2015-11-23T06:08:16+01:00","inLanguage":"es-ES","mainEntityOfPage":{"@id":"https:\/\/eldigitaldeasturias.com\/magazine365\/antonio-gala-nevadensis-y-el-cascamorras-reciben-este-jueves-el-premio-turismo-de-diputacion-de-granada\/#webpage"},"isPartOf":{"@id":"https:\/\/eldigitaldeasturias.com\/magazine365\/antonio-gala-nevadensis-y-el-cascamorras-reciben-este-jueves-el-premio-turismo-de-diputacion-de-granada\/#webpage"},"articleSection":"La Agenda"},{"@type":"BreadcrumbList","@id":"https:\/\/eldigitaldeasturias.com\/magazine365\/antonio-gala-nevadensis-y-el-cascamorras-reciben-este-jueves-el-premio-turismo-de-diputacion-de-granada\/#breadcrumblist","itemListElement":[{"@type":"ListItem","@id":"https:\/\/eldigitaldeasturias.com\/magazine365#listItem","position":1,"name":"Home","item":"https:\/\/eldigitaldeasturias.com\/magazine365","nextItem":{"@type":"ListItem","@id":"https:\/\/eldigitaldeasturias.com\/magazine365\/category\/la-agenda\/#listItem","name":"La Agenda"}},{"@type":"ListItem","@id":"https:\/\/eldigitaldeasturias.com\/magazine365\/category\/la-agenda\/#listItem","position":2,"name":"La Agenda","item":"https:\/\/eldigitaldeasturias.com\/magazine365\/category\/la-agenda\/","nextItem":{"@type":"ListItem","@id":"https:\/\/eldigitaldeasturias.com\/magazine365\/antonio-gala-nevadensis-y-el-cascamorras-reciben-este-jueves-el-premio-turismo-de-diputacion-de-granada\/#listItem","name":"Antonio Gala, Nevadensis y el Cascamorras reciben este jueves el Premio Turismo de Diputaci\u00f3n de Granada"},"previousItem":{"@type":"ListItem","@id":"https:\/\/eldigitaldeasturias.com\/magazine365#listItem","name":"Home"}},{"@type":"ListItem","@id":"https:\/\/eldigitaldeasturias.com\/magazine365\/antonio-gala-nevadensis-y-el-cascamorras-reciben-este-jueves-el-premio-turismo-de-diputacion-de-granada\/#listItem","position":3,"name":"Antonio Gala, Nevadensis y el Cascamorras reciben este jueves el Premio Turismo de Diputaci\u00f3n de Granada","previousItem":{"@type":"ListItem","@id":"https:\/\/eldigitaldeasturias.com\/magazine365\/category\/la-agenda\/#listItem","name":"La Agenda"}}]},{"@type":"Organization","@id":"https:\/\/eldigitaldeasturias.com\/magazine365\/#organization","name":"El digital de Asturias","description":"Revista de ocio, turismo y estilo de vida","url":"https:\/\/eldigitaldeasturias.com\/magazine365\/","logo":{"@type":"ImageObject","url":"https:\/\/www.eldigitaldeasturias.com\/noticias\/wp-content\/uploads\/2020\/12\/EDA.jpg","@id":"https:\/\/eldigitaldeasturias.com\/magazine365\/antonio-gala-nevadensis-y-el-cascamorras-reciben-este-jueves-el-premio-turismo-de-diputacion-de-granada\/#organizationLogo"},"image":{"@id":"https:\/\/eldigitaldeasturias.com\/magazine365\/antonio-gala-nevadensis-y-el-cascamorras-reciben-este-jueves-el-premio-turismo-de-diputacion-de-granada\/#organizationLogo"}},{"@type":"Person","@id":"https:\/\/eldigitaldeasturias.com\/magazine365\/author\/admin\/#author","url":"https:\/\/eldigitaldeasturias.com\/magazine365\/author\/admin\/","name":"admin","image":{"@type":"ImageObject","@id":"https:\/\/eldigitaldeasturias.com\/magazine365\/antonio-gala-nevadensis-y-el-cascamorras-reciben-este-jueves-el-premio-turismo-de-diputacion-de-granada\/#authorImage","url":"https:\/\/eldigitaldeasturias.com\/magazine365\/wp-content\/litespeed\/avatar\/e571bcf59a0edd6fa6838245a470f2fe.jpg?ver=1776969259","width":96,"height":96,"caption":"admin"}},{"@type":"WebPage","@id":"https:\/\/eldigitaldeasturias.com\/magazine365\/antonio-gala-nevadensis-y-el-cascamorras-reciben-este-jueves-el-premio-turismo-de-diputacion-de-granada\/#webpage","url":"https:\/\/eldigitaldeasturias.com\/magazine365\/antonio-gala-nevadensis-y-el-cascamorras-reciben-este-jueves-el-premio-turismo-de-diputacion-de-granada\/","name":"Antonio Gala, Nevadensis y el Cascamorras reciben este jueves el Premio Turismo de Diputaci\u00f3n de Granada | El Digital de Asturias","description":"La Diputaci\u00f3n Provincial de Granada hace entrega este jueves, a partir de las 20,00 horas en el Centro Federico Garc\u00eda Lorca, de los Premios de Turismo de Granada que en su edici\u00f3n de 2015 han reca\u00eddo en el escritor Antonio Gala, en la fiesta del Cascamorras y en la empresa Nevadensis, pionera en la provincia","inLanguage":"es-ES","isPartOf":{"@id":"https:\/\/eldigitaldeasturias.com\/magazine365\/#website"},"breadcrumb":{"@id":"https:\/\/eldigitaldeasturias.com\/magazine365\/antonio-gala-nevadensis-y-el-cascamorras-reciben-este-jueves-el-premio-turismo-de-diputacion-de-granada\/#breadcrumblist"},"author":{"@id":"https:\/\/eldigitaldeasturias.com\/magazine365\/author\/admin\/#author"},"creator":{"@id":"https:\/\/eldigitaldeasturias.com\/magazine365\/author\/admin\/#author"},"image":{"@type":"ImageObject","url":"https:\/\/eldigitaldeasturias.com\/magazine365\/wp-content\/uploads\/2015\/11\/fotonoticia_20151118184346_800.jpg","@id":"https:\/\/eldigitaldeasturias.com\/magazine365\/antonio-gala-nevadensis-y-el-cascamorras-reciben-este-jueves-el-premio-turismo-de-diputacion-de-granada\/#mainImage","width":800,"height":1310},"primaryImageOfPage":{"@id":"https:\/\/eldigitaldeasturias.com\/magazine365\/antonio-gala-nevadensis-y-el-cascamorras-reciben-este-jueves-el-premio-turismo-de-diputacion-de-granada\/#mainImage"},"datePublished":"2015-11-23T06:08:16+01:00","dateModified":"2015-11-23T06:08:16+01:00"},{"@type":"WebSite","@id":"https:\/\/eldigitaldeasturias.com\/magazine365\/#website","url":"https:\/\/eldigitaldeasturias.com\/magazine365\/","name":"El Digital de Asturias","description":"Revista de ocio, turismo y estilo de vida","inLanguage":"es-ES","publisher":{"@id":"https:\/\/eldigitaldeasturias.com\/magazine365\/#organization"}}]},"og:locale":"es_ES","og:site_name":"El Digital de Asturias \u2013 Revista de ocio, turismo y estilo de vida","og:type":"article","og:title":"Antonio Gala, Nevadensis y el Cascamorras reciben este jueves el Premio Turismo de Diputaci\u00f3n de Granada | El Digital de Asturias","og:description":"La Diputaci\u00f3n Provincial de Granada hace entrega este jueves, a partir de las 20,00 horas en el Centro Federico Garc\u00eda Lorca, de los Premios de Turismo de Granada que en su edici\u00f3n de 2015 han reca\u00eddo en el escritor Antonio Gala, en la fiesta del Cascamorras y en la empresa Nevadensis, pionera en la provincia","og:url":"https:\/\/eldigitaldeasturias.com\/magazine365\/antonio-gala-nevadensis-y-el-cascamorras-reciben-este-jueves-el-premio-turismo-de-diputacion-de-granada\/","og:image":"https:\/\/eldigitaldeasturias.com\/magazine365\/wp-content\/uploads\/2015\/11\/fotonoticia_20151118184346_800.jpg","og:image:secure_url":"https:\/\/eldigitaldeasturias.com\/magazine365\/wp-content\/uploads\/2015\/11\/fotonoticia_20151118184346_800.jpg","og:image:width":800,"og:image:height":1310,"article:published_time":"2015-11-23T05:08:16+00:00","article:modified_time":"2015-11-23T05:08:16+00:00","twitter:card":"summary_large_image","twitter:title":"Antonio Gala, Nevadensis y el Cascamorras reciben este jueves el Premio Turismo de Diputaci\u00f3n de Granada | El Digital de Asturias","twitter:description":"La Diputaci\u00f3n Provincial de Granada hace entrega este jueves, a partir de las 20,00 horas en el Centro Federico Garc\u00eda Lorca, de los Premios de Turismo de Granada que en su edici\u00f3n de 2015 han reca\u00eddo en el escritor Antonio Gala, en la fiesta del Cascamorras y en la empresa Nevadensis, pionera en la provincia","twitter:image":"https:\/\/eldigitaldeasturias.com\/magazine365\/wp-content\/uploads\/2015\/11\/fotonoticia_20151118184346_800.jpg"},"aioseo_meta_data":{"post_id":"56042","title":null,"description":null,"keywords":null,"keyphrases":null,"primary_term":null,"canonical_url":null,"og_title":null,"og_description":null,"og_object_type":"default","og_image_type":"default","og_image_url":null,"og_image_width":null,"og_image_height":null,"og_image_custom_url":null,"og_image_custom_fields":null,"og_video":null,"og_custom_url":null,"og_article_section":null,"og_article_tags":null,"twitter_use_og":false,"twitter_card":"default","twitter_image_type":"default","twitter_image_url":null,"twitter_image_custom_url":null,"twitter_image_custom_fields":null,"twitter_title":null,"twitter_description":null,"schema":{"blockGraphs":[],"customGraphs":[],"default":{"data":{"Article":[],"Course":[],"Dataset":[],"FAQPage":[],"Movie":[],"Person":[],"Product":[],"ProductReview":[],"Car":[],"Recipe":[],"Service":[],"SoftwareApplication":[],"WebPage":[]},"graphName":"","isEnabled":true},"graphs":[],"defaultGraph":"","defaultPostTypeGraph":""},"schema_type":null,"schema_type_options":null,"pillar_content":false,"robots_default":true,"robots_noindex":false,"robots_noarchive":false,"robots_nosnippet":false,"robots_nofollow":false,"robots_noimageindex":false,"robots_noodp":false,"robots_notranslate":false,"robots_max_snippet":null,"robots_max_videopreview":null,"robots_max_imagepreview":"large","priority":null,"frequency":null,"location":null,"local_seo":null,"seo_analyzer_scan_date":"2025-09-20 21:30:08","breadcrumb_settings":null,"limit_modified_date":false,"open_ai":null,"ai":null,"created":"2021-03-08 23:02:52","updated":"2025-09-20 21:30:08"},"aioseo_breadcrumb":"<div class=\"aioseo-breadcrumbs\"><span class=\"aioseo-breadcrumb\">\n\t<a href=\"https:\/\/eldigitaldeasturias.com\/magazine365\" title=\"Home\">Home<\/a>\n<\/span><span class=\"aioseo-breadcrumb-separator\">\u2013<\/span><span class=\"aioseo-breadcrumb\">\n\t<a href=\"https:\/\/eldigitaldeasturias.com\/magazine365\/category\/la-agenda\/\" title=\"La Agenda\">La Agenda<\/a>\n<\/span><span class=\"aioseo-breadcrumb-separator\">\u2013<\/span><span class=\"aioseo-breadcrumb\">\n\t<a href=\"https:\/\/eldigitaldeasturias.com\/magazine365\/antonio-gala-nevadensis-y-el-cascamorras-reciben-este-jueves-el-premio-turismo-de-diputacion-de-granada\/\" title=\"Antonio Gala, Nevadensis y el Cascamorras reciben este jueves el Premio Turismo de Diputaci\u00f3n de Granada\">Antonio Gala, Nevadensis y el Cascamorras reciben este jueves el Premio Turismo de Diputaci\u00f3n de Granada<\/a>\n<\/span><\/div>","aioseo_breadcrumb_json":[{"label":"Home","link":"https:\/\/eldigitaldeasturias.com\/magazine365"},{"label":"La Agenda","link":"https:\/\/eldigitaldeasturias.com\/magazine365\/category\/la-agenda\/"},{"label":"Antonio Gala, Nevadensis y el Cascamorras reciben este jueves el Premio Turismo de Diputaci\u00f3n de Granada","link":"https:\/\/eldigitaldeasturias.com\/magazine365\/antonio-gala-nevadensis-y-el-cascamorras-reciben-este-jueves-el-premio-turismo-de-diputacion-de-granada\/"}],"_links":{"self":[{"href":"https:\/\/eldigitaldeasturias.com\/magazine365\/wp-json\/wp\/v2\/posts\/56042","targetHints":{"allow":["GET"]}}],"collection":[{"href":"https:\/\/eldigitaldeasturias.com\/magazine365\/wp-json\/wp\/v2\/posts"}],"about":[{"href":"https:\/\/eldigitaldeasturias.com\/magazine365\/wp-json\/wp\/v2\/types\/post"}],"author":[{"embeddable":true,"href":"https:\/\/eldigitaldeasturias.com\/magazine365\/wp-json\/wp\/v2\/users\/1"}],"replies":[{"embeddable":true,"href":"https:\/\/eldigitaldeasturias.com\/magazine365\/wp-json\/wp\/v2\/comments?post=56042"}],"version-history":[{"count":0,"href":"https:\/\/eldigitaldeasturias.com\/magazine365\/wp-json\/wp\/v2\/posts\/56042\/revisions"}],"wp:featuredmedia":[{"embeddable":true,"href":"https:\/\/eldigitaldeasturias.com\/magazine365\/wp-json\/wp\/v2\/media\/56043"}],"wp:attachment":[{"href":"https:\/\/eldigitaldeasturias.com\/magazine365\/wp-json\/wp\/v2\/media?parent=56042"}],"wp:term":[{"taxonomy":"category","embeddable":true,"href":"https:\/\/eldigitaldeasturias.com\/magazine365\/wp-json\/wp\/v2\/categories?post=56042"},{"taxonomy":"post_tag","embeddable":true,"href":"https:\/\/eldigitaldeasturias.com\/magazine365\/wp-json\/wp\/v2\/tags?post=56042"}],"curies":[{"name":"wp","href":"https:\/\/api.w.org\/{rel}","templated":true}]}}